{"id":185,"date":"2013-03-21T12:50:10","date_gmt":"2013-03-21T12:50:10","guid":{"rendered":""},"modified":"2020-04-06T22:05:49","modified_gmt":"2020-04-06T20:05:49","slug":"kremtim-festiv-i-dites-se-shen-anastas-persianit-dhe-i-emrit-te-kryepiskopit-anastas","status":"publish","type":"post","link":"https:\/\/orthodoxalbania.org\/2020\/2013\/03\/21\/kremtim-festiv-i-dites-se-shen-anastas-persianit-dhe-i-emrit-te-kryepiskopit-anastas\/","title":{"rendered":"Kremtim festiv i dit\u00ebs s\u00eb Sh\u00ebn Anastas persianit dhe i emrit t\u00eb Kryepiskopit Anastas. (22 Janar 2013)"},"content":{"rendered":"<div style=\"text-align: justify;\"><span style=\"font-size: 12pt; font-family: helvetica;\">&nbsp;&nbsp;<img class=\"lazyload\" decoding=\"async\" style=\"text-align: justify; border-width: 1px; border-style: solid; margin: 10px; float: left; width: 200px; height: 220px;\" alt=\"\" src=\"data:image\/gif;base64,R0lGODlhAQABAAAAACH5BAEKAAEALAAAAAABAAEAAAICTAEAOw==\" data-orig-src=\"https:\/\/lh5.googleusercontent.com\/-ehoKSQai3mc\/UP7PJRy1GAI\/AAAAAAAAB5Y\/GcixXItILJI\/s800\/DSC_0490.JPG\" \/><\/span><\/div>\n<div style=\"text-align: justify;\"><span style=\"color: #000000; font-family: helvetica; font-size: 12pt;\">&nbsp;&nbsp;&nbsp; 22 janari \u00ebsht\u00eb e kremtja e sh\u00ebn Anastas Persianit dhe besimtar\u00ebt orthodhoks\u00eb shqiptar\u00eb kremtojn\u00eb n\u00eb k\u00ebt\u00eb dit\u00eb t\u00eb sh\u00ebnuar edhe emrin e Kryebariut t\u00eb tyre, Kryepiskopit Anastas.<\/span><\/div>\n<div style=\"text-align: justify;\"><span style=\"font-family: helvetica; font-size: 12pt;\"><\/span><\/div>\n<div style=\"text-align: justify;\"><span style=\"color: #000000; font-family: helvetica; font-size: 12pt;\">&nbsp; &nbsp; Me k\u00ebt\u00eb rast, n\u00eb kish\u00ebn \u201cUngjill\u00ebzimi i Hyjlind\u00ebses\u201d, n\u00eb Tiran\u00eb, u krye Liturgjia Hyjnore, n\u00eb t\u00eb cil\u00ebn &nbsp; bashk\u00ebmeshuan me Fortlumturin\u00eb e Tij gjith\u00eb an\u00ebtar\u00ebt e Sinodit t\u00eb Shenjt\u00eb, Mitropoliti i Beratit, Hir\u00ebsia e Tij Ignati; &nbsp;Mitropoliti i Kor\u00e7\u00ebs, Hir\u00ebsia e Tij Joani; Mitropoliti i Gjirokastr\u00ebs, Hir\u00ebsia e Tij Dhimitri; episkop\u00ebt ndihm\u00ebs, Hir\u00ebsia e Tij Nikolla dhe Hir\u00ebsia e Tij Andoni, episkopi i Amantias Hir\u00ebsia e Tij Nathanaili, episkopi i Bylisit, Hir\u00ebsia e Tij Asti, Kryesekretari i Sinodit, Protopresviter Jani Trebicka etj. N\u00eb sh\u00ebrbes\u00eb mor\u00ebn pjes\u00eb p\u00ebrfaq\u00ebsues, klerik\u00eb dhe laik\u00eb, nga t\u00eb gjitha dioqezat, nga shkollat kishtare dhe Akademia Teologjike etj. N\u00eb fund, n\u00eb em\u00ebr t\u00eb Sinodit t\u00eb Shenjt\u00eb uroi Imzot Ignati.<\/span><\/div>\n<div style=\"text-align: justify;\"><span style=\"font-family: helvetica; font-size: 12pt;\"><\/span><\/div>\n<div style=\"text-align: justify;\"><span style=\"color: #000000; font-family: helvetica; font-size: 12pt;\">&nbsp; &nbsp; Gjat\u00eb k\u00ebsaj Liturgjie Kryepiskopi Anastas b\u00ebri edhe dor\u00ebzimin n\u00eb prift t\u00eb dhjakon Heliodor Demirit nga Elbasani, i cili sh\u00ebrbente prej disa vitesh si dhjakon n\u00eb Elbasan.&nbsp;<\/span><\/div>\n<div style=\"text-align: justify;\"><span style=\"font-family: helvetica; font-size: 12pt;\"><\/span><\/div>\n<div style=\"text-align: justify;\"><span style=\"color: #000000; font-family: helvetica; font-size: 12pt;\">&nbsp; &nbsp; Kisha ishte mbushur me besimtar\u00eb, q\u00eb kishin ardhur p\u00ebr t\u2019i uruar Fortlumturis\u00eb s\u00eb Tij jet\u00eb t\u00eb gjat\u00eb dhe q\u00eb ta kemi edhe p\u00ebr shum\u00eb vite t\u00eb tjera n\u00eb krye t\u00eb Kish\u00ebs son\u00eb. Ata mund\u00ebn ta b\u00ebjn\u00eb k\u00ebt\u00eb n\u00eb pritjen q\u00eb u b\u00eb n\u00eb sall\u00ebn p\u00ebrball\u00eb kish\u00ebs, e cila u mbush si rrall\u00ebher\u00eb. Po aty, Kryepiskopi priti p\u00ebrs\u00ebri urime pasdite nga personalitete, politikan\u00eb dhe shum\u00eb besimtar\u00eb.<\/span><\/div>\n<div style=\"text-align: justify;\"><span style=\"font-family: helvetica; font-size: 12pt;\"><\/span><\/div>\n<div style=\"text-align: justify;\"><span style=\"font-family: helvetica; font-size: 12pt;\"><\/span><\/div>\n<div style=\"text-align: center;\"><span style=\"font-size: 12pt; font-family: helvetica;\"><img class=\"lazyload\" decoding=\"async\" style=\"border-width: 1px; border-style: solid; margin: 10px;\" alt=\"\" src=\"data:image\/gif;base64,R0lGODlhAQABAAAAACH5BAEKAAEALAAAAAABAAEAAAICTAEAOw==\" data-orig-src=\"https:\/\/lh6.googleusercontent.com\/-lhNNTFk_m3g\/UP7QNadW2bI\/AAAAAAAAB50\/6lI39FhMMCg\/s512\/IMG_9363.JPG\" \/><\/span><\/div>\n<div style=\"text-align: justify;\"><span style=\"font-family: helvetica; font-size: 12pt;\"><\/span><\/div>\n<div style=\"text-align: justify;\"><span style=\"font-size: 12pt; font-family: helvetica;\"><img class=\"lazyload\" decoding=\"async\" style=\"border-width: 1px; border-style: solid; margin: 10px;\" alt=\"\" src=\"data:image\/gif;base64,R0lGODlhAQABAAAAACH5BAEKAAEALAAAAAABAAEAAAICTAEAOw==\" data-orig-src=\"https:\/\/lh5.googleusercontent.com\/-ehoKSQai3mc\/UP7PJRy1GAI\/AAAAAAAAB5Y\/GcixXItILJI\/s800\/DSC_0490.JPG\" \/><\/span><\/div>\n<div style=\"text-align: justify;\"><span style=\"font-size: 12pt; font-family: helvetica;\"><img class=\"lazyload\" decoding=\"async\" style=\"border-width: 1px; border-style: solid; margin: 10px;\" alt=\"\" src=\"data:image\/gif;base64,R0lGODlhAQABAAAAACH5BAEKAAEALAAAAAABAAEAAAICTAEAOw==\" data-orig-src=\"https:\/\/lh6.googleusercontent.com\/-iRBSPy66q28\/UP7PLjjJHnI\/AAAAAAAAB5g\/It_fTcPwTPo\/s800\/DSC_0501.JPG\" \/><\/span><\/div>\n<div style=\"text-align: justify;\"><span style=\"font-size: 12pt; font-family: helvetica;\"><img class=\"lazyload\" decoding=\"async\" style=\"border-width: 1px; border-style: solid; margin: 10px;\" alt=\"\" src=\"data:image\/gif;base64,R0lGODlhAQABAAAAACH5BAEKAAEALAAAAAABAAEAAAICTAEAOw==\" data-orig-src=\"https:\/\/lh3.googleusercontent.com\/-UQjjlofUwNE\/UP7O9EpMOiI\/AAAAAAAAB5U\/_q3TMWljlXo\/s800\/DSC_0590.JPG\" \/><\/span><\/div>\n<div style=\"text-align: justify;\"><span style=\"font-size: 12pt; font-family: helvetica;\"><img class=\"lazyload\" decoding=\"async\" style=\"border-width: 1px; border-style: solid; margin: 10px;\" alt=\"\" src=\"data:image\/gif;base64,R0lGODlhAQABAAAAACH5BAEKAAEALAAAAAABAAEAAAICTAEAOw==\" data-orig-src=\"https:\/\/lh6.googleusercontent.com\/-0xzPWxR5osE\/UP7QX7jQMkI\/AAAAAAAAB6E\/BSk9DD4RLY0\/s800\/IMG_9373.JPG\" \/><\/span><\/div>\n<div style=\"text-align: justify;\"><span style=\"font-size: 12pt; font-family: helvetica;\"><img class=\"lazyload\" decoding=\"async\" style=\"border-width: 1px; border-style: solid; width: 740px; height: 1111px; margin: 10px;\" alt=\"\" src=\"data:image\/gif;base64,R0lGODlhAQABAAAAACH5BAEKAAEALAAAAAABAAEAAAICTAEAOw==\" data-orig-src=\"https:\/\/lh3.googleusercontent.com\/-OEFqXe2SRtk\/UP7QasF27cI\/AAAAAAAAB6M\/U1nZLVzyNBw\/s512\/IMG_9395.JPG\" \/><\/span><\/div>\n<div style=\"text-align: justify;\"><span style=\"font-size: 12pt; font-family: helvetica;\"><img class=\"lazyload\" decoding=\"async\" style=\"border-width: 1px; border-style: solid; margin: 10px;\" alt=\"\" src=\"data:image\/gif;base64,R0lGODlhAQABAAAAACH5BAEKAAEALAAAAAABAAEAAAICTAEAOw==\" data-orig-src=\"https:\/\/lh4.googleusercontent.com\/-YDr8VkYKa0o\/UP7QvJE99nI\/AAAAAAAAB6U\/M12vmdKfAA8\/s800\/IMG_9480.JPG\" \/><\/span><\/div>\n<div style=\"text-align: justify;\"><span style=\"font-family: helvetica; font-size: 12pt;\"><\/span><\/div>\n","protected":false},"excerpt":{"rendered":"<p>&nbsp;&nbsp; &nbsp;&nbsp;&nbsp; 22 janari \u00ebsht\u00eb e kremtja e sh\u00ebn Anastas Persianit dhe besimtar\u00ebt orthodhoks\u00eb shqiptar\u00eb kremtojn\u00eb n\u00eb k\u00ebt\u00eb dit\u00eb t\u00eb sh\u00ebnuar edhe emrin e Kryebariut t\u00eb tyre, Kryepiskopit Anastas. &nbsp; &nbsp; Me k\u00ebt\u00eb rast, n\u00eb kish\u00ebn \u201cUngjill\u00ebzimi i Hyjlind\u00ebses\u201d, n\u00eb Tiran\u00eb, u krye Liturgjia Hyjnore, n\u00eb t\u00eb cil\u00ebn &nbsp; bashk\u00ebmeshuan me Fortlumturin\u00eb e Tij gjith\u00eb an\u00ebtar\u00ebt e Sinodit t\u00eb Shenjt\u00eb, Mitropoliti i Beratit, Hir\u00ebsia e<\/p>\n","protected":false},"author":1,"featured_media":0,"comment_status":"open","ping_status":"open","sticky":false,"template":"","format":"standard","meta":{"_acf_changed":false,"pagelayer_contact_templates":[],"_pagelayer_content":"","inline_featured_image":false,"fifu_image_url":"","fifu_image_alt":"","footnotes":""},"categories":[108],"tags":[141,157,196,201,212],"class_list":["post-185","post","type-post","status-publish","format-standard","hentry","category-lajme","tag-141","tag-kremtime","tag-tirane","tag-kryepiskopi-anastas","tag-lajme-d27"],"acf":[],"yoast_head":"<!-- This site is optimized with the Yoast SEO plugin v27.2 - https:\/\/yoast.com\/product\/yoast-seo-wordpress\/ -->\n<title>Kremtim festiv i dit\u00ebs s\u00eb Sh\u00ebn Anastas persianit dhe i emrit t\u00eb Kryepiskopit Anastas. (22 Janar 2013) - Kisha Orthodh\u03bfkse Autoqefale e Shqip\u00ebris\u00eb<\/title>\n<meta name=\"robots\" content=\"index, follow, max-snippet:-1, max-image-preview:large, max-video-preview:-1\" \/>\n<link rel=\"canonical\" href=\"https:\/\/orthodoxalbania.org\/2020\/2013\/03\/21\/kremtim-festiv-i-dites-se-shen-anastas-persianit-dhe-i-emrit-te-kryepiskopit-anastas\/\" \/>\n<meta property=\"og:locale\" content=\"en_US\" \/>\n<meta property=\"og:type\" content=\"article\" \/>\n<meta property=\"og:title\" content=\"Kremtim festiv i dit\u00ebs s\u00eb Sh\u00ebn Anastas persianit dhe i emrit t\u00eb Kryepiskopit Anastas. (22 Janar 2013) - Kisha Orthodh\u03bfkse Autoqefale e Shqip\u00ebris\u00eb\" \/>\n<meta property=\"og:description\" content=\"&nbsp;&nbsp; &nbsp;&nbsp;&nbsp; 22 janari \u00ebsht\u00eb e kremtja e sh\u00ebn Anastas Persianit dhe besimtar\u00ebt orthodhoks\u00eb shqiptar\u00eb kremtojn\u00eb n\u00eb k\u00ebt\u00eb dit\u00eb t\u00eb sh\u00ebnuar edhe emrin e Kryebariut t\u00eb tyre, Kryepiskopit Anastas. &nbsp; &nbsp; Me k\u00ebt\u00eb rast, n\u00eb kish\u00ebn \u201cUngjill\u00ebzimi i Hyjlind\u00ebses\u201d, n\u00eb Tiran\u00eb, u krye Liturgjia Hyjnore, n\u00eb t\u00eb cil\u00ebn &nbsp; bashk\u00ebmeshuan me Fortlumturin\u00eb e Tij gjith\u00eb an\u00ebtar\u00ebt e Sinodit t\u00eb Shenjt\u00eb, Mitropoliti i Beratit, Hir\u00ebsia e\" \/>\n<meta property=\"og:url\" content=\"https:\/\/orthodoxalbania.org\/2020\/2013\/03\/21\/kremtim-festiv-i-dites-se-shen-anastas-persianit-dhe-i-emrit-te-kryepiskopit-anastas\/\" \/>\n<meta property=\"og:site_name\" content=\"Kisha Orthodh\u03bfkse Autoqefale e Shqip\u00ebris\u00eb\" \/>\n<meta property=\"article:publisher\" content=\"https:\/\/www.facebook.com\/koash1991\" \/>\n<meta property=\"article:published_time\" content=\"2013-03-21T12:50:10+00:00\" \/>\n<meta property=\"article:modified_time\" content=\"2020-04-06T20:05:49+00:00\" \/>\n<meta property=\"og:image\" content=\"https:\/\/lh5.googleusercontent.com\/-ehoKSQai3mc\/UP7PJRy1GAI\/AAAAAAAAB5Y\/GcixXItILJI\/s800\/DSC_0490.JPG\" \/>\n<meta name=\"author\" content=\"Kisha Orthodhokse\" \/>\n<meta name=\"twitter:card\" content=\"summary_large_image\" \/>\n<meta name=\"twitter:label1\" content=\"Written by\" \/>\n\t<meta name=\"twitter:data1\" content=\"Kisha Orthodhokse\" \/>\n\t<meta name=\"twitter:label2\" content=\"Est. reading time\" \/>\n\t<meta name=\"twitter:data2\" content=\"1 minute\" \/>\n<script type=\"application\/ld+json\" class=\"yoast-schema-graph\">{\"@context\":\"https:\/\/schema.org\",\"@graph\":[{\"@type\":\"Article\",\"@id\":\"https:\/\/orthodoxalbania.org\/2020\/2013\/03\/21\/kremtim-festiv-i-dites-se-shen-anastas-persianit-dhe-i-emrit-te-kryepiskopit-anastas\/#article\",\"isPartOf\":{\"@id\":\"https:\/\/orthodoxalbania.org\/2020\/2013\/03\/21\/kremtim-festiv-i-dites-se-shen-anastas-persianit-dhe-i-emrit-te-kryepiskopit-anastas\/\"},\"author\":{\"name\":\"Kisha Orthodhokse\",\"@id\":\"https:\/\/orthodoxalbania.org\/2020\/#\/schema\/person\/0c387634a7063ac612d7ed9ce71c7e86\"},\"headline\":\"Kremtim festiv i dit\u00ebs s\u00eb Sh\u00ebn Anastas persianit dhe i emrit t\u00eb Kryepiskopit Anastas. (22 Janar 2013)\",\"datePublished\":\"2013-03-21T12:50:10+00:00\",\"dateModified\":\"2020-04-06T20:05:49+00:00\",\"mainEntityOfPage\":{\"@id\":\"https:\/\/orthodoxalbania.org\/2020\/2013\/03\/21\/kremtim-festiv-i-dites-se-shen-anastas-persianit-dhe-i-emrit-te-kryepiskopit-anastas\/\"},\"wordCount\":304,\"commentCount\":0,\"publisher\":{\"@id\":\"https:\/\/orthodoxalbania.org\/2020\/#organization\"},\"image\":{\"@id\":\"https:\/\/orthodoxalbania.org\/2020\/2013\/03\/21\/kremtim-festiv-i-dites-se-shen-anastas-persianit-dhe-i-emrit-te-kryepiskopit-anastas\/#primaryimage\"},\"thumbnailUrl\":\"https:\/\/lh5.googleusercontent.com\/-ehoKSQai3mc\/UP7PJRy1GAI\/AAAAAAAAB5Y\/GcixXItILJI\/s800\/DSC_0490.JPG\",\"keywords\":[\"2013\",\"Kremtime\",\"Kryepiskopata Tiran\u00eb\",\"Kryepiskopi Anastas\",\"lajme\"],\"articleSection\":[\"Lajme\"],\"inLanguage\":\"en-US\"},{\"@type\":\"WebPage\",\"@id\":\"https:\/\/orthodoxalbania.org\/2020\/2013\/03\/21\/kremtim-festiv-i-dites-se-shen-anastas-persianit-dhe-i-emrit-te-kryepiskopit-anastas\/\",\"url\":\"https:\/\/orthodoxalbania.org\/2020\/2013\/03\/21\/kremtim-festiv-i-dites-se-shen-anastas-persianit-dhe-i-emrit-te-kryepiskopit-anastas\/\",\"name\":\"Kremtim festiv i dit\u00ebs s\u00eb Sh\u00ebn Anastas persianit dhe i emrit t\u00eb Kryepiskopit Anastas. (22 Janar 2013) - Kisha Orthodh\u03bfkse Autoqefale e Shqip\u00ebris\u00eb\",\"isPartOf\":{\"@id\":\"https:\/\/orthodoxalbania.org\/2020\/#website\"},\"primaryImageOfPage\":{\"@id\":\"https:\/\/orthodoxalbania.org\/2020\/2013\/03\/21\/kremtim-festiv-i-dites-se-shen-anastas-persianit-dhe-i-emrit-te-kryepiskopit-anastas\/#primaryimage\"},\"image\":{\"@id\":\"https:\/\/orthodoxalbania.org\/2020\/2013\/03\/21\/kremtim-festiv-i-dites-se-shen-anastas-persianit-dhe-i-emrit-te-kryepiskopit-anastas\/#primaryimage\"},\"thumbnailUrl\":\"https:\/\/lh5.googleusercontent.com\/-ehoKSQai3mc\/UP7PJRy1GAI\/AAAAAAAAB5Y\/GcixXItILJI\/s800\/DSC_0490.JPG\",\"datePublished\":\"2013-03-21T12:50:10+00:00\",\"dateModified\":\"2020-04-06T20:05:49+00:00\",\"breadcrumb\":{\"@id\":\"https:\/\/orthodoxalbania.org\/2020\/2013\/03\/21\/kremtim-festiv-i-dites-se-shen-anastas-persianit-dhe-i-emrit-te-kryepiskopit-anastas\/#breadcrumb\"},\"inLanguage\":\"en-US\",\"potentialAction\":[{\"@type\":\"ReadAction\",\"target\":[\"https:\/\/orthodoxalbania.org\/2020\/2013\/03\/21\/kremtim-festiv-i-dites-se-shen-anastas-persianit-dhe-i-emrit-te-kryepiskopit-anastas\/\"]}]},{\"@type\":\"ImageObject\",\"inLanguage\":\"en-US\",\"@id\":\"https:\/\/orthodoxalbania.org\/2020\/2013\/03\/21\/kremtim-festiv-i-dites-se-shen-anastas-persianit-dhe-i-emrit-te-kryepiskopit-anastas\/#primaryimage\",\"url\":\"https:\/\/lh5.googleusercontent.com\/-ehoKSQai3mc\/UP7PJRy1GAI\/AAAAAAAAB5Y\/GcixXItILJI\/s800\/DSC_0490.JPG\",\"contentUrl\":\"https:\/\/lh5.googleusercontent.com\/-ehoKSQai3mc\/UP7PJRy1GAI\/AAAAAAAAB5Y\/GcixXItILJI\/s800\/DSC_0490.JPG\"},{\"@type\":\"BreadcrumbList\",\"@id\":\"https:\/\/orthodoxalbania.org\/2020\/2013\/03\/21\/kremtim-festiv-i-dites-se-shen-anastas-persianit-dhe-i-emrit-te-kryepiskopit-anastas\/#breadcrumb\",\"itemListElement\":[{\"@type\":\"ListItem\",\"position\":1,\"name\":\"Home\",\"item\":\"https:\/\/orthodoxalbania.org\/2020\/\"},{\"@type\":\"ListItem\",\"position\":2,\"name\":\"Kremtim festiv i dit\u00ebs s\u00eb Sh\u00ebn Anastas persianit dhe i emrit t\u00eb Kryepiskopit Anastas. (22 Janar 2013)\"}]},{\"@type\":\"WebSite\",\"@id\":\"https:\/\/orthodoxalbania.org\/2020\/#website\",\"url\":\"https:\/\/orthodoxalbania.org\/2020\/\",\"name\":\"Kisha Orthodh\u03bfkse Autoqefale e Shqip\u00ebris\u00eb\",\"description\":\"Fqja Zyrtare e Kish\u00ebs Orthodhokse Autoqefale e Shqip\u00ebris\u00eb me lajmet edhe informacionet zyrtare p\u00ebr struktur\u00ebn edhe veprimtarin e saj.\",\"publisher\":{\"@id\":\"https:\/\/orthodoxalbania.org\/2020\/#organization\"},\"potentialAction\":[{\"@type\":\"SearchAction\",\"target\":{\"@type\":\"EntryPoint\",\"urlTemplate\":\"https:\/\/orthodoxalbania.org\/2020\/?s={search_term_string}\"},\"query-input\":{\"@type\":\"PropertyValueSpecification\",\"valueRequired\":true,\"valueName\":\"search_term_string\"}}],\"inLanguage\":\"en-US\"},{\"@type\":\"Organization\",\"@id\":\"https:\/\/orthodoxalbania.org\/2020\/#organization\",\"name\":\"Kisha Orthodhokse Autoqefale e Shqip\u00ebris\u00eb\",\"url\":\"https:\/\/orthodoxalbania.org\/2020\/\",\"logo\":{\"@type\":\"ImageObject\",\"inLanguage\":\"en-US\",\"@id\":\"https:\/\/orthodoxalbania.org\/2020\/#\/schema\/logo\/image\/\",\"url\":\"https:\/\/orthodoxalbania.org\/2020\/wp-content\/uploads\/2020\/05\/albania.jpeg\",\"contentUrl\":\"https:\/\/orthodoxalbania.org\/2020\/wp-content\/uploads\/2020\/05\/albania.jpeg\",\"width\":540,\"height\":540,\"caption\":\"Kisha Orthodhokse Autoqefale e Shqip\u00ebris\u00eb\"},\"image\":{\"@id\":\"https:\/\/orthodoxalbania.org\/2020\/#\/schema\/logo\/image\/\"},\"sameAs\":[\"https:\/\/www.facebook.com\/koash1991\"]},{\"@type\":\"Person\",\"@id\":\"https:\/\/orthodoxalbania.org\/2020\/#\/schema\/person\/0c387634a7063ac612d7ed9ce71c7e86\",\"name\":\"Kisha Orthodhokse\",\"image\":{\"@type\":\"ImageObject\",\"inLanguage\":\"en-US\",\"@id\":\"https:\/\/secure.gravatar.com\/avatar\/596e7c417251e30f2fbb9c00e026fce61a695a00e51c889caded71c96cbbdde5?s=96&d=mm&r=g\",\"url\":\"https:\/\/secure.gravatar.com\/avatar\/596e7c417251e30f2fbb9c00e026fce61a695a00e51c889caded71c96cbbdde5?s=96&d=mm&r=g\",\"contentUrl\":\"https:\/\/secure.gravatar.com\/avatar\/596e7c417251e30f2fbb9c00e026fce61a695a00e51c889caded71c96cbbdde5?s=96&d=mm&r=g\",\"caption\":\"Kisha Orthodhokse\"}}]}<\/script>\n<!-- \/ Yoast SEO plugin. -->","yoast_head_json":{"title":"Kremtim festiv i dit\u00ebs s\u00eb Sh\u00ebn Anastas persianit dhe i emrit t\u00eb Kryepiskopit Anastas. (22 Janar 2013) - Kisha Orthodh\u03bfkse Autoqefale e Shqip\u00ebris\u00eb","robots":{"index":"index","follow":"follow","max-snippet":"max-snippet:-1","max-image-preview":"max-image-preview:large","max-video-preview":"max-video-preview:-1"},"canonical":"https:\/\/orthodoxalbania.org\/2020\/2013\/03\/21\/kremtim-festiv-i-dites-se-shen-anastas-persianit-dhe-i-emrit-te-kryepiskopit-anastas\/","og_locale":"en_US","og_type":"article","og_title":"Kremtim festiv i dit\u00ebs s\u00eb Sh\u00ebn Anastas persianit dhe i emrit t\u00eb Kryepiskopit Anastas. (22 Janar 2013) - Kisha Orthodh\u03bfkse Autoqefale e Shqip\u00ebris\u00eb","og_description":"&nbsp;&nbsp; &nbsp;&nbsp;&nbsp; 22 janari \u00ebsht\u00eb e kremtja e sh\u00ebn Anastas Persianit dhe besimtar\u00ebt orthodhoks\u00eb shqiptar\u00eb kremtojn\u00eb n\u00eb k\u00ebt\u00eb dit\u00eb t\u00eb sh\u00ebnuar edhe emrin e Kryebariut t\u00eb tyre, Kryepiskopit Anastas. &nbsp; &nbsp; Me k\u00ebt\u00eb rast, n\u00eb kish\u00ebn \u201cUngjill\u00ebzimi i Hyjlind\u00ebses\u201d, n\u00eb Tiran\u00eb, u krye Liturgjia Hyjnore, n\u00eb t\u00eb cil\u00ebn &nbsp; bashk\u00ebmeshuan me Fortlumturin\u00eb e Tij gjith\u00eb an\u00ebtar\u00ebt e Sinodit t\u00eb Shenjt\u00eb, Mitropoliti i Beratit, Hir\u00ebsia e","og_url":"https:\/\/orthodoxalbania.org\/2020\/2013\/03\/21\/kremtim-festiv-i-dites-se-shen-anastas-persianit-dhe-i-emrit-te-kryepiskopit-anastas\/","og_site_name":"Kisha Orthodh\u03bfkse Autoqefale e Shqip\u00ebris\u00eb","article_publisher":"https:\/\/www.facebook.com\/koash1991","article_published_time":"2013-03-21T12:50:10+00:00","article_modified_time":"2020-04-06T20:05:49+00:00","og_image":[{"url":"https:\/\/lh5.googleusercontent.com\/-ehoKSQai3mc\/UP7PJRy1GAI\/AAAAAAAAB5Y\/GcixXItILJI\/s800\/DSC_0490.JPG","type":"","width":"","height":""}],"author":"Kisha Orthodhokse","twitter_card":"summary_large_image","twitter_misc":{"Written by":"Kisha Orthodhokse","Est. reading time":"1 minute"},"schema":{"@context":"https:\/\/schema.org","@graph":[{"@type":"Article","@id":"https:\/\/orthodoxalbania.org\/2020\/2013\/03\/21\/kremtim-festiv-i-dites-se-shen-anastas-persianit-dhe-i-emrit-te-kryepiskopit-anastas\/#article","isPartOf":{"@id":"https:\/\/orthodoxalbania.org\/2020\/2013\/03\/21\/kremtim-festiv-i-dites-se-shen-anastas-persianit-dhe-i-emrit-te-kryepiskopit-anastas\/"},"author":{"name":"Kisha Orthodhokse","@id":"https:\/\/orthodoxalbania.org\/2020\/#\/schema\/person\/0c387634a7063ac612d7ed9ce71c7e86"},"headline":"Kremtim festiv i dit\u00ebs s\u00eb Sh\u00ebn Anastas persianit dhe i emrit t\u00eb Kryepiskopit Anastas. (22 Janar 2013)","datePublished":"2013-03-21T12:50:10+00:00","dateModified":"2020-04-06T20:05:49+00:00","mainEntityOfPage":{"@id":"https:\/\/orthodoxalbania.org\/2020\/2013\/03\/21\/kremtim-festiv-i-dites-se-shen-anastas-persianit-dhe-i-emrit-te-kryepiskopit-anastas\/"},"wordCount":304,"commentCount":0,"publisher":{"@id":"https:\/\/orthodoxalbania.org\/2020\/#organization"},"image":{"@id":"https:\/\/orthodoxalbania.org\/2020\/2013\/03\/21\/kremtim-festiv-i-dites-se-shen-anastas-persianit-dhe-i-emrit-te-kryepiskopit-anastas\/#primaryimage"},"thumbnailUrl":"https:\/\/lh5.googleusercontent.com\/-ehoKSQai3mc\/UP7PJRy1GAI\/AAAAAAAAB5Y\/GcixXItILJI\/s800\/DSC_0490.JPG","keywords":["2013","Kremtime","Kryepiskopata Tiran\u00eb","Kryepiskopi Anastas","lajme"],"articleSection":["Lajme"],"inLanguage":"en-US"},{"@type":"WebPage","@id":"https:\/\/orthodoxalbania.org\/2020\/2013\/03\/21\/kremtim-festiv-i-dites-se-shen-anastas-persianit-dhe-i-emrit-te-kryepiskopit-anastas\/","url":"https:\/\/orthodoxalbania.org\/2020\/2013\/03\/21\/kremtim-festiv-i-dites-se-shen-anastas-persianit-dhe-i-emrit-te-kryepiskopit-anastas\/","name":"Kremtim festiv i dit\u00ebs s\u00eb Sh\u00ebn Anastas persianit dhe i emrit t\u00eb Kryepiskopit Anastas. (22 Janar 2013) - Kisha Orthodh\u03bfkse Autoqefale e Shqip\u00ebris\u00eb","isPartOf":{"@id":"https:\/\/orthodoxalbania.org\/2020\/#website"},"primaryImageOfPage":{"@id":"https:\/\/orthodoxalbania.org\/2020\/2013\/03\/21\/kremtim-festiv-i-dites-se-shen-anastas-persianit-dhe-i-emrit-te-kryepiskopit-anastas\/#primaryimage"},"image":{"@id":"https:\/\/orthodoxalbania.org\/2020\/2013\/03\/21\/kremtim-festiv-i-dites-se-shen-anastas-persianit-dhe-i-emrit-te-kryepiskopit-anastas\/#primaryimage"},"thumbnailUrl":"https:\/\/lh5.googleusercontent.com\/-ehoKSQai3mc\/UP7PJRy1GAI\/AAAAAAAAB5Y\/GcixXItILJI\/s800\/DSC_0490.JPG","datePublished":"2013-03-21T12:50:10+00:00","dateModified":"2020-04-06T20:05:49+00:00","breadcrumb":{"@id":"https:\/\/orthodoxalbania.org\/2020\/2013\/03\/21\/kremtim-festiv-i-dites-se-shen-anastas-persianit-dhe-i-emrit-te-kryepiskopit-anastas\/#breadcrumb"},"inLanguage":"en-US","potentialAction":[{"@type":"ReadAction","target":["https:\/\/orthodoxalbania.org\/2020\/2013\/03\/21\/kremtim-festiv-i-dites-se-shen-anastas-persianit-dhe-i-emrit-te-kryepiskopit-anastas\/"]}]},{"@type":"ImageObject","inLanguage":"en-US","@id":"https:\/\/orthodoxalbania.org\/2020\/2013\/03\/21\/kremtim-festiv-i-dites-se-shen-anastas-persianit-dhe-i-emrit-te-kryepiskopit-anastas\/#primaryimage","url":"https:\/\/lh5.googleusercontent.com\/-ehoKSQai3mc\/UP7PJRy1GAI\/AAAAAAAAB5Y\/GcixXItILJI\/s800\/DSC_0490.JPG","contentUrl":"https:\/\/lh5.googleusercontent.com\/-ehoKSQai3mc\/UP7PJRy1GAI\/AAAAAAAAB5Y\/GcixXItILJI\/s800\/DSC_0490.JPG"},{"@type":"BreadcrumbList","@id":"https:\/\/orthodoxalbania.org\/2020\/2013\/03\/21\/kremtim-festiv-i-dites-se-shen-anastas-persianit-dhe-i-emrit-te-kryepiskopit-anastas\/#breadcrumb","itemListElement":[{"@type":"ListItem","position":1,"name":"Home","item":"https:\/\/orthodoxalbania.org\/2020\/"},{"@type":"ListItem","position":2,"name":"Kremtim festiv i dit\u00ebs s\u00eb Sh\u00ebn Anastas persianit dhe i emrit t\u00eb Kryepiskopit Anastas. (22 Janar 2013)"}]},{"@type":"WebSite","@id":"https:\/\/orthodoxalbania.org\/2020\/#website","url":"https:\/\/orthodoxalbania.org\/2020\/","name":"Kisha Orthodh\u03bfkse Autoqefale e Shqip\u00ebris\u00eb","description":"Fqja Zyrtare e Kish\u00ebs Orthodhokse Autoqefale e Shqip\u00ebris\u00eb me lajmet edhe informacionet zyrtare p\u00ebr struktur\u00ebn edhe veprimtarin e saj.","publisher":{"@id":"https:\/\/orthodoxalbania.org\/2020\/#organization"},"potentialAction":[{"@type":"SearchAction","target":{"@type":"EntryPoint","urlTemplate":"https:\/\/orthodoxalbania.org\/2020\/?s={search_term_string}"},"query-input":{"@type":"PropertyValueSpecification","valueRequired":true,"valueName":"search_term_string"}}],"inLanguage":"en-US"},{"@type":"Organization","@id":"https:\/\/orthodoxalbania.org\/2020\/#organization","name":"Kisha Orthodhokse Autoqefale e Shqip\u00ebris\u00eb","url":"https:\/\/orthodoxalbania.org\/2020\/","logo":{"@type":"ImageObject","inLanguage":"en-US","@id":"https:\/\/orthodoxalbania.org\/2020\/#\/schema\/logo\/image\/","url":"https:\/\/orthodoxalbania.org\/2020\/wp-content\/uploads\/2020\/05\/albania.jpeg","contentUrl":"https:\/\/orthodoxalbania.org\/2020\/wp-content\/uploads\/2020\/05\/albania.jpeg","width":540,"height":540,"caption":"Kisha Orthodhokse Autoqefale e Shqip\u00ebris\u00eb"},"image":{"@id":"https:\/\/orthodoxalbania.org\/2020\/#\/schema\/logo\/image\/"},"sameAs":["https:\/\/www.facebook.com\/koash1991"]},{"@type":"Person","@id":"https:\/\/orthodoxalbania.org\/2020\/#\/schema\/person\/0c387634a7063ac612d7ed9ce71c7e86","name":"Kisha Orthodhokse","image":{"@type":"ImageObject","inLanguage":"en-US","@id":"https:\/\/secure.gravatar.com\/avatar\/596e7c417251e30f2fbb9c00e026fce61a695a00e51c889caded71c96cbbdde5?s=96&d=mm&r=g","url":"https:\/\/secure.gravatar.com\/avatar\/596e7c417251e30f2fbb9c00e026fce61a695a00e51c889caded71c96cbbdde5?s=96&d=mm&r=g","contentUrl":"https:\/\/secure.gravatar.com\/avatar\/596e7c417251e30f2fbb9c00e026fce61a695a00e51c889caded71c96cbbdde5?s=96&d=mm&r=g","caption":"Kisha Orthodhokse"}}]}},"_links":{"self":[{"href":"https:\/\/orthodoxalbania.org\/2020\/wp-json\/wp\/v2\/posts\/185","targetHints":{"allow":["GET"]}}],"collection":[{"href":"https:\/\/orthodoxalbania.org\/2020\/wp-json\/wp\/v2\/posts"}],"about":[{"href":"https:\/\/orthodoxalbania.org\/2020\/wp-json\/wp\/v2\/types\/post"}],"author":[{"embeddable":true,"href":"https:\/\/orthodoxalbania.org\/2020\/wp-json\/wp\/v2\/users\/1"}],"replies":[{"embeddable":true,"href":"https:\/\/orthodoxalbania.org\/2020\/wp-json\/wp\/v2\/comments?post=185"}],"version-history":[{"count":1,"href":"https:\/\/orthodoxalbania.org\/2020\/wp-json\/wp\/v2\/posts\/185\/revisions"}],"predecessor-version":[{"id":15254,"href":"https:\/\/orthodoxalbania.org\/2020\/wp-json\/wp\/v2\/posts\/185\/revisions\/15254"}],"wp:attachment":[{"href":"https:\/\/orthodoxalbania.org\/2020\/wp-json\/wp\/v2\/media?parent=185"}],"wp:term":[{"taxonomy":"category","embeddable":true,"href":"https:\/\/orthodoxalbania.org\/2020\/wp-json\/wp\/v2\/categories?post=185"},{"taxonomy":"post_tag","embeddable":true,"href":"https:\/\/orthodoxalbania.org\/2020\/wp-json\/wp\/v2\/tags?post=185"}],"curies":[{"name":"wp","href":"https:\/\/api.w.org\/{rel}","templated":true}]}}