{"id":184,"date":"2007-02-26T00:00:00","date_gmt":"2007-02-26T00:00:00","guid":{"rendered":""},"modified":"2020-04-06T22:35:42","modified_gmt":"2020-04-06T20:35:42","slug":"konference-e-rinise-orthodhokse-ne-dioqezen-e-korces-rruga-drejt-lirise-tetor-2007","status":"publish","type":"post","link":"https:\/\/orthodoxalbania.org\/2020\/2007\/02\/26\/konference-e-rinise-orthodhokse-ne-dioqezen-e-korces-rruga-drejt-lirise-tetor-2007\/","title":{"rendered":"Konferenc\u00eb e rinis\u00eb orthodhokse, n\u00eb dioqez\u00ebn e Kor\u00e7\u00ebs Rruga drejt Liris\u00eb. (Tetor 2007)"},"content":{"rendered":"<div style=\"text-align: justify;\"><span style=\"color: #000000; font-family: helvetica;\"><span style=\"font-size: 12px;\"><img decoding=\"async\" class=\"lazyload HAa Eha\" style=\"height: 162px; width: 200px; border-width: 1px; border-style: solid; margin: 10px; float: left;\" alt=\"\" src=\"data:image\/gif;base64,R0lGODlhAQABAAAAACH5BAEKAAEALAAAAAABAAEAAAICTAEAOw==\" data-orig-src=\"https:\/\/lh6.googleusercontent.com\/-8hLzwhaRiZ4\/VIrD3M-cg6I\/AAAAAAAAG6k\/lmGJZIjh828\/w400-h323-no\/pic1.jpg\" \/><span style=\"font-size: 12pt;\">&nbsp;&nbsp; <img decoding=\"async\" class=\"lazyload HAa Eha\" style=\"height: 150px; width: 200px; border-width: 1px; border-style: solid; margin: 10px; float: right;\" alt=\"\" src=\"data:image\/gif;base64,R0lGODlhAQABAAAAACH5BAEKAAEALAAAAAABAAEAAAICTAEAOw==\" data-orig-src=\"https:\/\/lh5.googleusercontent.com\/-eheI76vV-FQ\/VIrD3L0UjLI\/AAAAAAAAG6c\/eFczRIF91Os\/w400-h300-no\/pic2.jpg\" \/> \u201cRruga drejt liris\u00eb\u201d, ishte kjo tema dhe mesazhi i konferenc\u00ebs s\u00eb rinis\u00eb orthodhokse \u201cBij t\u00eb Drit\u00ebs\u201d, q\u00eb u zhvillua n\u00eb qytetin e Pogradecit, nga19 &#8211; 21 tetor. Veprimtaria u organizua nga Zyra e Rinis\u00eb pran\u00eb Mitropolis\u00eb s\u00eb Shenjt\u00eb t\u00eb Kor\u00e7\u00ebs, e mb\u00ebshtetur nga Zyra Komb\u00ebtare Rinore, pran\u00eb Kryepiskopat\u00ebs s\u00eb Shenjt\u00eb.<\/span><\/span><\/span><\/div>\n<div style=\"text-align: justify;\"><span style=\"color: #000000; font-family: helvetica; font-size: 12pt;\">&nbsp;&nbsp;&nbsp;&nbsp;&nbsp;&nbsp;&nbsp;&nbsp;&nbsp;&nbsp;&nbsp;&nbsp;&nbsp;&nbsp;&nbsp;<\/span><\/div>\n<div style=\"text-align: justify;\"><span style=\"color: #000000; font-family: helvetica; font-size: 12pt;\">&nbsp;&nbsp;&nbsp; Mor\u00ebn pjes\u00eb 85 p\u00ebrfaq\u00ebsues nga e gjith\u00eb dioqeza. Pas akomodimit t\u00eb t\u00eb rinjve, veprimtaria u \u00e7el me sh\u00ebrbes\u00ebn e Mbr\u00ebm\u00ebsores, q\u00eb u krye nga at Spiro Degremeni, i cili shoq\u00ebroi t\u00eb rinjt\u00eb gjat\u00eb gjith\u00eb konferenc\u00ebs.<\/span><\/div>\n<div style=\"text-align: justify;\"><span style=\"font-family: helvetica; font-size: 12pt;\"><\/span><\/div>\n<div style=\"text-align: justify;\"><span style=\"color: #000000; font-family: helvetica; font-size: 12pt;\">&nbsp;&nbsp;&nbsp; M\u00eb pas u b\u00eb prezantimi i aktivitetit, i q\u00ebllimit dhe i mesazhit q\u00eb ai p\u00ebrcillte: liria n\u00eb k\u00ebndv\u00ebshtrimin orthodhoks. N\u00eb vazhdim u b\u00eb ndarja n\u00eb kat\u00ebr grupe e t\u00eb rinjve. Ato u drejtuan nga koordinator\u00ebt e k\u00ebsaj konference: Vangjel Qazimllari, Vangjel Panolli, Anjeza Panolli dhe Vasil Jovan. Drejtuesit zhvilluan takim n\u00eb grupet e tyre, ku shpjeguan edhe nj\u00ebher\u00eb q\u00ebllimin dhe iden\u00eb e aktivitetit. M\u00eb pas p\u00ebr disa or\u00eb u zhvillua nj\u00eb program me loj\u00ebra t\u00eb ndryshme arg\u00ebtuese. Dita u mbyll me sh\u00ebrbes\u00ebn e Pasdark\u00ebs s\u00eb Vog\u00ebl dhe m\u00eb pas t\u00eb rinjt\u00eb kaluan nj\u00eb koh\u00eb arg\u00ebtimi, duke k\u00ebnduar s\u00eb bashku.<\/span><\/div>\n<div style=\"text-align: justify;\"><span style=\"color: #000000; font-family: helvetica; font-size: 12pt;\">&nbsp;&nbsp;&nbsp;&nbsp;&nbsp;&nbsp;&nbsp;&nbsp;&nbsp;&nbsp;&nbsp;&nbsp;&nbsp;&nbsp;&nbsp;<\/span><\/div>\n<div style=\"text-align: justify;\"><span style=\"color: #000000; font-family: helvetica; font-size: 12pt;\"><img decoding=\"async\" class=\"lazyload HAa Eha\" style=\"height: 150px; width: 200px; border-width: 1px; border-style: solid; margin: 10px; float: left;\" alt=\"\" src=\"data:image\/gif;base64,R0lGODlhAQABAAAAACH5BAEKAAEALAAAAAABAAEAAAICTAEAOw==\" data-orig-src=\"https:\/\/lh4.googleusercontent.com\/-SpXaCMkYoko\/VIrD3Z7yl_I\/AAAAAAAAG7Q\/bbhU_XqGHOU\/w400-h300-no\/pic3.jpg\" \/>&nbsp;&nbsp;&nbsp; <img decoding=\"async\" class=\"lazyload HAa Eha\" style=\"height: 175px; width: 200px; border-width: 1px; border-style: solid; margin: 10px; float: right;\" alt=\"\" src=\"data:image\/gif;base64,R0lGODlhAQABAAAAACH5BAEKAAEALAAAAAABAAEAAAICTAEAOw==\" data-orig-src=\"https:\/\/lh5.googleusercontent.com\/-JDnP5oz2S80\/VIrD3pdPC-I\/AAAAAAAAG6w\/uY1F7StIEo4\/w385-h336-no\/pic4.jpg\" \/>Dita e shtun\u00eb filloi me sh\u00ebrbes\u00ebn e M\u00ebngjesit dhe m\u00eb pas vazhdoi me zhvillimin e nj\u00eb blloku loj\u00ebrash, q\u00eb u zhvilluan n\u00eb baz\u00eb grupesh. N\u00eb mesdit\u00eb u mbajt kumtesa e par\u00eb, nga drejtori i Zyr\u00ebs Komb\u00ebtare t\u00eb Katekizmit, z. Miron \u00c7ako, i cili kishte p\u00ebrgatitur nj\u00eb tem\u00eb mbi th\u00ebnien e Zotit: \u201cMos kini frik\u00eb, Un\u00eb e munda bot\u00ebn\u201d.<\/span><\/div>\n<div style=\"text-align: justify;\"><span style=\"font-family: helvetica; font-size: 12pt;\"><\/span><\/div>\n<div style=\"text-align: justify;\"><span style=\"color: #000000; font-family: helvetica; font-size: 12pt;\">&nbsp;&nbsp;&nbsp; Tema ishte interesante dhe t\u00eb rinjve iu shpjegua n\u00ebn k\u00ebndv\u00ebshtrimin e krishter\u00eb, se frika vjen si pasoj\u00eb e natyr\u00ebs son\u00eb t\u00eb r\u00ebn\u00eb. Si rrjedhoj\u00eb, kjo frik\u00eb mund t\u00eb kap\u00ebrcehet vet\u00ebm duke qen\u00eb t\u00eb lir\u00eb m\u00eb Zotin. Kisha n\u00eb jet\u00ebn e saj shpirt\u00ebrore ndryshon njeriun e vjet\u00ebr dhe t\u00eb pushtuar nga m\u00ebkatet, pasionet dhe \u00e7do gj\u00eb tjet\u00ebr, q\u00eb p\u00ebrve\u00e7se e rob\u00ebron njeriun ngjall tek ai ndjenj\u00ebn e ankthit dhe t\u00eb frik\u00ebs.<\/span><\/div>\n<div style=\"text-align: justify;\"><span style=\"color: #000000; font-family: helvetica; font-size: 12pt;\">&nbsp;&nbsp;&nbsp;&nbsp;&nbsp;&nbsp;&nbsp;&nbsp;&nbsp;&nbsp;&nbsp;&nbsp;&nbsp;&nbsp;&nbsp;<\/span><\/div>\n<div style=\"text-align: justify;\"><span style=\"color: #000000; font-family: helvetica; font-size: 12pt;\">&nbsp;&nbsp;&nbsp; Pasditja e s\u00eb shtun\u00ebs do t\u00eb vijonte me nj\u00eb ekskursion n\u00eb Volorek, nj\u00eb vend i bukur dhe piktoresk. Pas k\u00ebsaj t\u00eb rinjt\u00eb shkuan n\u00eb kish\u00ebn e Pogradecit, e cila i kushtohet Ngjalljes s\u00eb Zotit, ku nga klerik\u00ebt at Todi Jovan dhe at Spiro Degremeni u krye sh\u00ebrbesa e Mbr\u00ebm\u00ebsores.<\/span><\/div>\n<div style=\"text-align: justify;\"><span style=\"font-family: helvetica; font-size: 12pt;\"><\/span><\/div>\n<div style=\"text-align: justify;\"><span style=\"color: #000000; font-family: helvetica; font-size: 12pt;\">&nbsp;&nbsp;&nbsp; <img decoding=\"async\" class=\"lazyload HAa Eha\" style=\"height: 150px; width: 200px; border-width: 1px; border-style: solid; margin: 10px; float: left;\" alt=\"\" src=\"data:image\/gif;base64,R0lGODlhAQABAAAAACH5BAEKAAEALAAAAAABAAEAAAICTAEAOw==\" data-orig-src=\"https:\/\/lh6.googleusercontent.com\/-sbi2xespFSQ\/VIrD39aifzI\/AAAAAAAAG7I\/vvQ5h6f6daU\/w400-h300-no\/pic5.jpg\" \/><img decoding=\"async\" class=\"lazyload HAa Eha\" style=\"height: 150px; width: 200px; border-width: 1px; border-style: solid; margin: 10px; float: right;\" alt=\"\" src=\"data:image\/gif;base64,R0lGODlhAQABAAAAACH5BAEKAAEALAAAAAABAAEAAAICTAEAOw==\" data-orig-src=\"https:\/\/lh6.googleusercontent.com\/-eOw4em1hTuU\/VIrD4eaoFzI\/AAAAAAAAG7A\/EqhbcVAUM_0\/w400-h300-no\/pic6.jpg\" \/>E diela q\u00eb ishte edhe dita p\u00ebrmbyll\u00ebse e konferenc\u00ebs, filloi me vajtjen n\u00eb kish\u00eb dhe pjes\u00ebmarrjen n\u00eb Liturgjin\u00eb Hyjnore, e cila u krye nga Mitropoliti i Kor\u00e7\u00ebs, Hir\u00ebsia e Tij Joani. Menj\u00ebher\u00eb mbas mbarimit t\u00eb Liturgjis\u00eb, Imzot Joani zhvilloi nj\u00eb takim me t\u00eb rinjt\u00eb dhe mbajti nj\u00eb fjal\u00eb mbi tem\u00ebn qendrore t\u00eb aktivitetit, ku nd\u00ebr t\u00eb tjera theksoi:<\/span><\/div>\n<div style=\"text-align: justify;\"><span style=\"color: #000000; font-family: helvetica; font-size: 12pt;\">&nbsp;&nbsp;&nbsp;&nbsp;&nbsp;&nbsp;&nbsp;&nbsp;&nbsp;&nbsp;&nbsp;&nbsp;&nbsp;&nbsp;&nbsp;<\/span><\/div>\n<div style=\"text-align: justify;\"><span style=\"color: #000000; font-family: helvetica; font-size: 12pt;\">&nbsp;&nbsp;&nbsp; \u201cLiria n\u00eb kuptimin m\u00eb t\u00eb thell\u00eb njer\u00ebzor ashtu si\u00e7 e shikon feja \u00ebsht\u00eb di\u00e7ka m\u00eb tep\u00ebr. Pika thelb\u00ebsore p\u00ebr Krishterimin \u00ebsht\u00eb pik\u00ebrisht se njeriu \u00ebsht\u00eb krijuar i lir\u00eb\u2026 K\u00ebrkesa e vazhdueshme q\u00eb ka pasur njeriu p\u00ebr t\u00eb qen\u00eb i lir\u00eb \u00ebsht\u00eb sepse brenda tij ka ndjer\u00eb se ka nj\u00eb lloj skllav\u00ebrimi, skllav\u00ebrim nga pasionet, nga an\u00ebt e jashtme, skllav\u00ebrim nga gj\u00ebrat e tjera t\u00eb brendshme. T\u00eb gjith\u00eb ne ndjejm\u00eb se kemi nj\u00eb penges\u00eb t\u00eb thell\u00eb.<\/span><\/div>\n<div style=\"text-align: justify;\"><span style=\"font-family: helvetica; font-size: 12pt;\"><\/span><\/div>\n<div style=\"text-align: justify;\"><span style=\"color: #000000; font-family: helvetica; font-size: 12pt;\">&nbsp;&nbsp;&nbsp; Askush nuk mund t\u00eb ket\u00eb nj\u00eb lloj lirie, n\u00ebse nuk do t\u00eb ket\u00eb nj\u00eb lloj kufizimi. Kufizimi i k\u00ebsaj bote <img decoding=\"async\" class=\"lazyload HAa Eha\" style=\"height: 150px; width: 200px; border-width: 1px; border-style: solid; margin: 10px; float: left;\" alt=\"\" src=\"data:image\/gif;base64,R0lGODlhAQABAAAAACH5BAEKAAEALAAAAAABAAEAAAICTAEAOw==\" data-orig-src=\"https:\/\/lh6.googleusercontent.com\/-kRPRL1mfA20\/VIrD44GatDI\/AAAAAAAAG68\/LkORUDl4dEE\/w400-h300-no\/pic7.jpg\" \/>shpeshher\u00eb ishte p\u00ebr t\u2019i dh\u00ebn\u00eb njeriut mund\u00ebsin\u00eb q\u00eb t\u00eb zhvillonte lirit\u00eb e tij, ashtu si\u00e7 \u201cjo\u201d-ja e par\u00eb q\u00eb Per\u00ebndia i dha Adamit ishte pik\u00ebrisht q\u00eb njeriu t\u00eb p\u00ebrmbushte vetveten e tij, n\u00eb kuptimin q\u00eb t\u00eb gjente p\u00ebrmbushjen e ekzistenc\u00ebs, duke kryer n\u00eb m\u00ebnyr\u00eb t\u00eb vullnetshme, vullnetin e Zotit. <img decoding=\"async\" class=\"lazyload HAa Eha\" style=\"height: 150px; width: 200px; border-width: 1px; border-style: solid; margin: 10px; float: right;\" alt=\"\" src=\"data:image\/gif;base64,R0lGODlhAQABAAAAACH5BAEKAAEALAAAAAABAAEAAAICTAEAOw==\" data-orig-src=\"https:\/\/lh4.googleusercontent.com\/-BaE25FWuWVE\/VIrD5H0bRHI\/AAAAAAAAG7E\/lzZyKUNFQYU\/w400-h300-no\/pic8.jpg\" \/>Disa kufizime, q\u00eb n\u00eb kuptimin fetar jan\u00eb vendosur nga verdikti hyjnor, jan\u00eb t\u00eb domosdoshme p\u00ebr t\u00eb gjetur lirin\u00eb e v\u00ebrtet\u00eb dhe historia e gjat\u00eb e spiritualitetit orthodhoks \u00ebsht\u00eb e mbushur me mij\u00ebra e mij\u00ebra raste kur njer\u00ebz, q\u00eb nuk kishin asnj\u00eb lloj pasurie, megjithat\u00eb kishin arritur n\u00eb majat m\u00eb t\u00eb larta t\u00eb liris\u00eb, sepse kishin p\u00ebrmbushur q\u00ebllimin e ekzistenc\u00ebs s\u00eb tyre. Praktika ka treguar se kufizimet p\u00ebr t\u00eb arritur lirin\u00eb e plot\u00eb kan\u00eb m\u00eb tep\u00ebr efekt gjat\u00eb periudh\u00ebs s\u00eb kreshm\u00ebs, kur kufizohet ngr\u00ebnia&#8230; Ndalimi \u00ebsht\u00eb p\u00ebr t\u2019i dh\u00ebn\u00eb trupit nj\u00eb lloj lirie m\u00eb t\u00eb madhe, p\u00ebr t\u2019i dh\u00ebn\u00eb trupit at\u00eb q\u00eb i mungon. Historia e gjat\u00eb e njer\u00ebzimit e ka provuar, ndon\u00ebse jo teorikisht, se jo \u00e7do plot\u00ebsim i k\u00ebnaq\u00ebsive trupore do t\u00eb thot\u00eb nj\u00eb gjendje lirie p\u00ebr trupin; ai jo vet\u00ebm q\u00eb nuk \u00ebsht\u00eb i lir\u00eb, por dal\u00ebngadal\u00eb fillon dhe skllav\u00ebrohet edhe m\u00eb shum\u00eb, si nga jasht\u00eb ashtu edhe nga brenda dhe kufizimet e ndryshme jan\u00eb ndihm\u00eb p\u00ebr njeriun q\u00eb t\u00eb arrij\u00eb lirin\u00eb e tij t\u00eb plot\u00eb&#8230;\u201d<\/span><\/div>\n<div style=\"text-align: justify;\"><span style=\"font-family: helvetica; font-size: 12pt;\"><\/span><\/div>\n<div style=\"text-align: justify;\"><span style=\"color: #000000; font-family: helvetica; font-size: 12pt;\">&nbsp;&nbsp;&nbsp; Mbas k\u00ebtij takimi n\u00eb katin e posht\u00ebm t\u00eb kish\u00ebs u shtrua edhe nj\u00eb drek\u00eb, n\u00eb t\u00eb cil\u00ebn mori pjes\u00eb edhe Hir\u00ebsia e Tij Joani. M\u00eb pas t\u00eb rinjt\u00eb u ndan\u00eb me nj\u00ebri &#8211; tjetrin duke fal\u00ebnderuar Zotin, sepse ky aktivitet iu dha t\u00eb rinjve nj\u00eb drit\u00eb tjet\u00ebr n\u00eb jet\u00ebn e tyre.<\/span><\/div>\n<div style=\"text-align: justify;\"><span style=\"font-family: helvetica; font-size: 12pt;\"><\/span><\/div>\n<div style=\"text-align: justify;\"><span style=\"font-family: helvetica; font-size: 12pt;\"><\/span><\/div>\n<div style=\"text-align: justify;\"><span style=\"font-family: helvetica; font-size: 12pt;\"><\/span><\/div>\n<div style=\"text-align: justify;\"><span style=\"font-family: helvetica; font-size: 12pt;\"><\/span><\/div>\n<div style=\"text-align: justify;\"><span style=\"font-family: helvetica; font-size: 12pt;\"><\/span><\/div>\n<div style=\"text-align: right;\"><span style=\"color: #000000; font-family: helvetica; font-size: 12pt;\"><strong>&nbsp;&nbsp;&nbsp;&nbsp; Mihal Sonellari<\/strong><\/span><\/div>\n","protected":false},"excerpt":{"rendered":"<p>&nbsp;&nbsp; \u201cRruga drejt liris\u00eb\u201d, ishte kjo tema dhe mesazhi i konferenc\u00ebs s\u00eb rinis\u00eb orthodhokse \u201cBij t\u00eb Drit\u00ebs\u201d, q\u00eb u zhvillua n\u00eb qytetin e Pogradecit, nga19 &#8211; 21 tetor. Veprimtaria u organizua nga Zyra e Rinis\u00eb pran\u00eb Mitropolis\u00eb s\u00eb Shenjt\u00eb t\u00eb Kor\u00e7\u00ebs, e mb\u00ebshtetur nga Zyra Komb\u00ebtare Rinore, pran\u00eb Kryepiskopat\u00ebs s\u00eb Shenjt\u00eb. &nbsp;&nbsp;&nbsp;&nbsp;&nbsp;&nbsp;&nbsp;&nbsp;&nbsp;&nbsp;&nbsp;&nbsp;&nbsp;&nbsp;&nbsp; &nbsp;&nbsp;&nbsp; Mor\u00ebn pjes\u00eb 85 p\u00ebrfaq\u00ebsues nga e gjith\u00eb dioqeza. Pas akomodimit t\u00eb t\u00eb<\/p>\n","protected":false},"author":1,"featured_media":0,"comment_status":"open","ping_status":"open","sticky":false,"template":"","format":"standard","meta":{"_acf_changed":false,"pagelayer_contact_templates":[],"_pagelayer_content":"","inline_featured_image":false,"fifu_image_url":"","fifu_image_alt":"","footnotes":""},"categories":[108],"tags":[147,212,181,176],"class_list":["post-184","post","type-post","status-publish","format-standard","hentry","category-lajme","tag-147","tag-lajme-d27","tag-korce","tag-rinia-orthodhokse"],"acf":[],"yoast_head":"<!-- This site is optimized with the Yoast SEO plugin v27.2 - https:\/\/yoast.com\/product\/yoast-seo-wordpress\/ -->\n<title>Konferenc\u00eb e rinis\u00eb orthodhokse, n\u00eb dioqez\u00ebn e Kor\u00e7\u00ebs Rruga drejt Liris\u00eb. (Tetor 2007) - Kisha Orthodh\u03bfkse Autoqefale e Shqip\u00ebris\u00eb<\/title>\n<meta name=\"robots\" content=\"index, follow, max-snippet:-1, max-image-preview:large, max-video-preview:-1\" \/>\n<link rel=\"canonical\" href=\"https:\/\/orthodoxalbania.org\/2020\/2007\/02\/26\/konference-e-rinise-orthodhokse-ne-dioqezen-e-korces-rruga-drejt-lirise-tetor-2007\/\" \/>\n<meta property=\"og:locale\" content=\"en_US\" \/>\n<meta property=\"og:type\" content=\"article\" \/>\n<meta property=\"og:title\" content=\"Konferenc\u00eb e rinis\u00eb orthodhokse, n\u00eb dioqez\u00ebn e Kor\u00e7\u00ebs Rruga drejt Liris\u00eb. (Tetor 2007) - Kisha Orthodh\u03bfkse Autoqefale e Shqip\u00ebris\u00eb\" \/>\n<meta property=\"og:description\" content=\"&nbsp;&nbsp; \u201cRruga drejt liris\u00eb\u201d, ishte kjo tema dhe mesazhi i konferenc\u00ebs s\u00eb rinis\u00eb orthodhokse \u201cBij t\u00eb Drit\u00ebs\u201d, q\u00eb u zhvillua n\u00eb qytetin e Pogradecit, nga19 &#8211; 21 tetor. Veprimtaria u organizua nga Zyra e Rinis\u00eb pran\u00eb Mitropolis\u00eb s\u00eb Shenjt\u00eb t\u00eb Kor\u00e7\u00ebs, e mb\u00ebshtetur nga Zyra Komb\u00ebtare Rinore, pran\u00eb Kryepiskopat\u00ebs s\u00eb Shenjt\u00eb. &nbsp;&nbsp;&nbsp;&nbsp;&nbsp;&nbsp;&nbsp;&nbsp;&nbsp;&nbsp;&nbsp;&nbsp;&nbsp;&nbsp;&nbsp; &nbsp;&nbsp;&nbsp; Mor\u00ebn pjes\u00eb 85 p\u00ebrfaq\u00ebsues nga e gjith\u00eb dioqeza. Pas akomodimit t\u00eb t\u00eb\" \/>\n<meta property=\"og:url\" content=\"https:\/\/orthodoxalbania.org\/2020\/2007\/02\/26\/konference-e-rinise-orthodhokse-ne-dioqezen-e-korces-rruga-drejt-lirise-tetor-2007\/\" \/>\n<meta property=\"og:site_name\" content=\"Kisha Orthodh\u03bfkse Autoqefale e Shqip\u00ebris\u00eb\" \/>\n<meta property=\"article:publisher\" content=\"https:\/\/www.facebook.com\/koash1991\" \/>\n<meta property=\"article:published_time\" content=\"2007-02-26T00:00:00+00:00\" \/>\n<meta property=\"article:modified_time\" content=\"2020-04-06T20:35:42+00:00\" \/>\n<meta property=\"og:image\" content=\"https:\/\/lh6.googleusercontent.com\/-8hLzwhaRiZ4\/VIrD3M-cg6I\/AAAAAAAAG6k\/lmGJZIjh828\/w400-h323-no\/pic1.jpg\" \/>\n<meta name=\"author\" content=\"Kisha Orthodhokse\" \/>\n<meta name=\"twitter:card\" content=\"summary_large_image\" \/>\n<meta name=\"twitter:label1\" content=\"Written by\" \/>\n\t<meta name=\"twitter:data1\" content=\"Kisha Orthodhokse\" \/>\n\t<meta name=\"twitter:label2\" content=\"Est. reading time\" \/>\n\t<meta name=\"twitter:data2\" content=\"5 minutes\" \/>\n<script type=\"application\/ld+json\" class=\"yoast-schema-graph\">{\"@context\":\"https:\/\/schema.org\",\"@graph\":[{\"@type\":\"Article\",\"@id\":\"https:\/\/orthodoxalbania.org\/2020\/2007\/02\/26\/konference-e-rinise-orthodhokse-ne-dioqezen-e-korces-rruga-drejt-lirise-tetor-2007\/#article\",\"isPartOf\":{\"@id\":\"https:\/\/orthodoxalbania.org\/2020\/2007\/02\/26\/konference-e-rinise-orthodhokse-ne-dioqezen-e-korces-rruga-drejt-lirise-tetor-2007\/\"},\"author\":{\"name\":\"Kisha Orthodhokse\",\"@id\":\"https:\/\/orthodoxalbania.org\/2020\/#\/schema\/person\/0c387634a7063ac612d7ed9ce71c7e86\"},\"headline\":\"Konferenc\u00eb e rinis\u00eb orthodhokse, n\u00eb dioqez\u00ebn e Kor\u00e7\u00ebs Rruga drejt Liris\u00eb. (Tetor 2007)\",\"datePublished\":\"2007-02-26T00:00:00+00:00\",\"dateModified\":\"2020-04-06T20:35:42+00:00\",\"mainEntityOfPage\":{\"@id\":\"https:\/\/orthodoxalbania.org\/2020\/2007\/02\/26\/konference-e-rinise-orthodhokse-ne-dioqezen-e-korces-rruga-drejt-lirise-tetor-2007\/\"},\"wordCount\":1028,\"commentCount\":0,\"publisher\":{\"@id\":\"https:\/\/orthodoxalbania.org\/2020\/#organization\"},\"image\":{\"@id\":\"https:\/\/orthodoxalbania.org\/2020\/2007\/02\/26\/konference-e-rinise-orthodhokse-ne-dioqezen-e-korces-rruga-drejt-lirise-tetor-2007\/#primaryimage\"},\"thumbnailUrl\":\"https:\/\/lh6.googleusercontent.com\/-8hLzwhaRiZ4\/VIrD3M-cg6I\/AAAAAAAAG6k\/lmGJZIjh828\/w400-h323-no\/pic1.jpg\",\"keywords\":[\"2007\",\"lajme\",\"Mitropolia Kor\u00e7\u00eb\",\"Rinia Orthodhokse\"],\"articleSection\":[\"Lajme\"],\"inLanguage\":\"en-US\"},{\"@type\":\"WebPage\",\"@id\":\"https:\/\/orthodoxalbania.org\/2020\/2007\/02\/26\/konference-e-rinise-orthodhokse-ne-dioqezen-e-korces-rruga-drejt-lirise-tetor-2007\/\",\"url\":\"https:\/\/orthodoxalbania.org\/2020\/2007\/02\/26\/konference-e-rinise-orthodhokse-ne-dioqezen-e-korces-rruga-drejt-lirise-tetor-2007\/\",\"name\":\"Konferenc\u00eb e rinis\u00eb orthodhokse, n\u00eb dioqez\u00ebn e Kor\u00e7\u00ebs Rruga drejt Liris\u00eb. (Tetor 2007) - Kisha Orthodh\u03bfkse Autoqefale e Shqip\u00ebris\u00eb\",\"isPartOf\":{\"@id\":\"https:\/\/orthodoxalbania.org\/2020\/#website\"},\"primaryImageOfPage\":{\"@id\":\"https:\/\/orthodoxalbania.org\/2020\/2007\/02\/26\/konference-e-rinise-orthodhokse-ne-dioqezen-e-korces-rruga-drejt-lirise-tetor-2007\/#primaryimage\"},\"image\":{\"@id\":\"https:\/\/orthodoxalbania.org\/2020\/2007\/02\/26\/konference-e-rinise-orthodhokse-ne-dioqezen-e-korces-rruga-drejt-lirise-tetor-2007\/#primaryimage\"},\"thumbnailUrl\":\"https:\/\/lh6.googleusercontent.com\/-8hLzwhaRiZ4\/VIrD3M-cg6I\/AAAAAAAAG6k\/lmGJZIjh828\/w400-h323-no\/pic1.jpg\",\"datePublished\":\"2007-02-26T00:00:00+00:00\",\"dateModified\":\"2020-04-06T20:35:42+00:00\",\"breadcrumb\":{\"@id\":\"https:\/\/orthodoxalbania.org\/2020\/2007\/02\/26\/konference-e-rinise-orthodhokse-ne-dioqezen-e-korces-rruga-drejt-lirise-tetor-2007\/#breadcrumb\"},\"inLanguage\":\"en-US\",\"potentialAction\":[{\"@type\":\"ReadAction\",\"target\":[\"https:\/\/orthodoxalbania.org\/2020\/2007\/02\/26\/konference-e-rinise-orthodhokse-ne-dioqezen-e-korces-rruga-drejt-lirise-tetor-2007\/\"]}]},{\"@type\":\"ImageObject\",\"inLanguage\":\"en-US\",\"@id\":\"https:\/\/orthodoxalbania.org\/2020\/2007\/02\/26\/konference-e-rinise-orthodhokse-ne-dioqezen-e-korces-rruga-drejt-lirise-tetor-2007\/#primaryimage\",\"url\":\"https:\/\/lh6.googleusercontent.com\/-8hLzwhaRiZ4\/VIrD3M-cg6I\/AAAAAAAAG6k\/lmGJZIjh828\/w400-h323-no\/pic1.jpg\",\"contentUrl\":\"https:\/\/lh6.googleusercontent.com\/-8hLzwhaRiZ4\/VIrD3M-cg6I\/AAAAAAAAG6k\/lmGJZIjh828\/w400-h323-no\/pic1.jpg\"},{\"@type\":\"BreadcrumbList\",\"@id\":\"https:\/\/orthodoxalbania.org\/2020\/2007\/02\/26\/konference-e-rinise-orthodhokse-ne-dioqezen-e-korces-rruga-drejt-lirise-tetor-2007\/#breadcrumb\",\"itemListElement\":[{\"@type\":\"ListItem\",\"position\":1,\"name\":\"Home\",\"item\":\"https:\/\/orthodoxalbania.org\/2020\/\"},{\"@type\":\"ListItem\",\"position\":2,\"name\":\"Konferenc\u00eb e rinis\u00eb orthodhokse, n\u00eb dioqez\u00ebn e Kor\u00e7\u00ebs Rruga drejt Liris\u00eb. (Tetor 2007)\"}]},{\"@type\":\"WebSite\",\"@id\":\"https:\/\/orthodoxalbania.org\/2020\/#website\",\"url\":\"https:\/\/orthodoxalbania.org\/2020\/\",\"name\":\"Kisha Orthodh\u03bfkse Autoqefale e Shqip\u00ebris\u00eb\",\"description\":\"Fqja Zyrtare e Kish\u00ebs Orthodhokse Autoqefale e Shqip\u00ebris\u00eb me lajmet edhe informacionet zyrtare p\u00ebr struktur\u00ebn edhe veprimtarin e saj.\",\"publisher\":{\"@id\":\"https:\/\/orthodoxalbania.org\/2020\/#organization\"},\"potentialAction\":[{\"@type\":\"SearchAction\",\"target\":{\"@type\":\"EntryPoint\",\"urlTemplate\":\"https:\/\/orthodoxalbania.org\/2020\/?s={search_term_string}\"},\"query-input\":{\"@type\":\"PropertyValueSpecification\",\"valueRequired\":true,\"valueName\":\"search_term_string\"}}],\"inLanguage\":\"en-US\"},{\"@type\":\"Organization\",\"@id\":\"https:\/\/orthodoxalbania.org\/2020\/#organization\",\"name\":\"Kisha Orthodhokse Autoqefale e Shqip\u00ebris\u00eb\",\"url\":\"https:\/\/orthodoxalbania.org\/2020\/\",\"logo\":{\"@type\":\"ImageObject\",\"inLanguage\":\"en-US\",\"@id\":\"https:\/\/orthodoxalbania.org\/2020\/#\/schema\/logo\/image\/\",\"url\":\"https:\/\/orthodoxalbania.org\/2020\/wp-content\/uploads\/2020\/05\/albania.jpeg\",\"contentUrl\":\"https:\/\/orthodoxalbania.org\/2020\/wp-content\/uploads\/2020\/05\/albania.jpeg\",\"width\":540,\"height\":540,\"caption\":\"Kisha Orthodhokse Autoqefale e Shqip\u00ebris\u00eb\"},\"image\":{\"@id\":\"https:\/\/orthodoxalbania.org\/2020\/#\/schema\/logo\/image\/\"},\"sameAs\":[\"https:\/\/www.facebook.com\/koash1991\"]},{\"@type\":\"Person\",\"@id\":\"https:\/\/orthodoxalbania.org\/2020\/#\/schema\/person\/0c387634a7063ac612d7ed9ce71c7e86\",\"name\":\"Kisha Orthodhokse\",\"image\":{\"@type\":\"ImageObject\",\"inLanguage\":\"en-US\",\"@id\":\"https:\/\/secure.gravatar.com\/avatar\/596e7c417251e30f2fbb9c00e026fce61a695a00e51c889caded71c96cbbdde5?s=96&d=mm&r=g\",\"url\":\"https:\/\/secure.gravatar.com\/avatar\/596e7c417251e30f2fbb9c00e026fce61a695a00e51c889caded71c96cbbdde5?s=96&d=mm&r=g\",\"contentUrl\":\"https:\/\/secure.gravatar.com\/avatar\/596e7c417251e30f2fbb9c00e026fce61a695a00e51c889caded71c96cbbdde5?s=96&d=mm&r=g\",\"caption\":\"Kisha Orthodhokse\"}}]}<\/script>\n<!-- \/ Yoast SEO plugin. -->","yoast_head_json":{"title":"Konferenc\u00eb e rinis\u00eb orthodhokse, n\u00eb dioqez\u00ebn e Kor\u00e7\u00ebs Rruga drejt Liris\u00eb. (Tetor 2007) - Kisha Orthodh\u03bfkse Autoqefale e Shqip\u00ebris\u00eb","robots":{"index":"index","follow":"follow","max-snippet":"max-snippet:-1","max-image-preview":"max-image-preview:large","max-video-preview":"max-video-preview:-1"},"canonical":"https:\/\/orthodoxalbania.org\/2020\/2007\/02\/26\/konference-e-rinise-orthodhokse-ne-dioqezen-e-korces-rruga-drejt-lirise-tetor-2007\/","og_locale":"en_US","og_type":"article","og_title":"Konferenc\u00eb e rinis\u00eb orthodhokse, n\u00eb dioqez\u00ebn e Kor\u00e7\u00ebs Rruga drejt Liris\u00eb. (Tetor 2007) - Kisha Orthodh\u03bfkse Autoqefale e Shqip\u00ebris\u00eb","og_description":"&nbsp;&nbsp; \u201cRruga drejt liris\u00eb\u201d, ishte kjo tema dhe mesazhi i konferenc\u00ebs s\u00eb rinis\u00eb orthodhokse \u201cBij t\u00eb Drit\u00ebs\u201d, q\u00eb u zhvillua n\u00eb qytetin e Pogradecit, nga19 &#8211; 21 tetor. Veprimtaria u organizua nga Zyra e Rinis\u00eb pran\u00eb Mitropolis\u00eb s\u00eb Shenjt\u00eb t\u00eb Kor\u00e7\u00ebs, e mb\u00ebshtetur nga Zyra Komb\u00ebtare Rinore, pran\u00eb Kryepiskopat\u00ebs s\u00eb Shenjt\u00eb. &nbsp;&nbsp;&nbsp;&nbsp;&nbsp;&nbsp;&nbsp;&nbsp;&nbsp;&nbsp;&nbsp;&nbsp;&nbsp;&nbsp;&nbsp; &nbsp;&nbsp;&nbsp; Mor\u00ebn pjes\u00eb 85 p\u00ebrfaq\u00ebsues nga e gjith\u00eb dioqeza. Pas akomodimit t\u00eb t\u00eb","og_url":"https:\/\/orthodoxalbania.org\/2020\/2007\/02\/26\/konference-e-rinise-orthodhokse-ne-dioqezen-e-korces-rruga-drejt-lirise-tetor-2007\/","og_site_name":"Kisha Orthodh\u03bfkse Autoqefale e Shqip\u00ebris\u00eb","article_publisher":"https:\/\/www.facebook.com\/koash1991","article_published_time":"2007-02-26T00:00:00+00:00","article_modified_time":"2020-04-06T20:35:42+00:00","og_image":[{"url":"https:\/\/lh6.googleusercontent.com\/-8hLzwhaRiZ4\/VIrD3M-cg6I\/AAAAAAAAG6k\/lmGJZIjh828\/w400-h323-no\/pic1.jpg","type":"","width":"","height":""}],"author":"Kisha Orthodhokse","twitter_card":"summary_large_image","twitter_misc":{"Written by":"Kisha Orthodhokse","Est. reading time":"5 minutes"},"schema":{"@context":"https:\/\/schema.org","@graph":[{"@type":"Article","@id":"https:\/\/orthodoxalbania.org\/2020\/2007\/02\/26\/konference-e-rinise-orthodhokse-ne-dioqezen-e-korces-rruga-drejt-lirise-tetor-2007\/#article","isPartOf":{"@id":"https:\/\/orthodoxalbania.org\/2020\/2007\/02\/26\/konference-e-rinise-orthodhokse-ne-dioqezen-e-korces-rruga-drejt-lirise-tetor-2007\/"},"author":{"name":"Kisha Orthodhokse","@id":"https:\/\/orthodoxalbania.org\/2020\/#\/schema\/person\/0c387634a7063ac612d7ed9ce71c7e86"},"headline":"Konferenc\u00eb e rinis\u00eb orthodhokse, n\u00eb dioqez\u00ebn e Kor\u00e7\u00ebs Rruga drejt Liris\u00eb. (Tetor 2007)","datePublished":"2007-02-26T00:00:00+00:00","dateModified":"2020-04-06T20:35:42+00:00","mainEntityOfPage":{"@id":"https:\/\/orthodoxalbania.org\/2020\/2007\/02\/26\/konference-e-rinise-orthodhokse-ne-dioqezen-e-korces-rruga-drejt-lirise-tetor-2007\/"},"wordCount":1028,"commentCount":0,"publisher":{"@id":"https:\/\/orthodoxalbania.org\/2020\/#organization"},"image":{"@id":"https:\/\/orthodoxalbania.org\/2020\/2007\/02\/26\/konference-e-rinise-orthodhokse-ne-dioqezen-e-korces-rruga-drejt-lirise-tetor-2007\/#primaryimage"},"thumbnailUrl":"https:\/\/lh6.googleusercontent.com\/-8hLzwhaRiZ4\/VIrD3M-cg6I\/AAAAAAAAG6k\/lmGJZIjh828\/w400-h323-no\/pic1.jpg","keywords":["2007","lajme","Mitropolia Kor\u00e7\u00eb","Rinia Orthodhokse"],"articleSection":["Lajme"],"inLanguage":"en-US"},{"@type":"WebPage","@id":"https:\/\/orthodoxalbania.org\/2020\/2007\/02\/26\/konference-e-rinise-orthodhokse-ne-dioqezen-e-korces-rruga-drejt-lirise-tetor-2007\/","url":"https:\/\/orthodoxalbania.org\/2020\/2007\/02\/26\/konference-e-rinise-orthodhokse-ne-dioqezen-e-korces-rruga-drejt-lirise-tetor-2007\/","name":"Konferenc\u00eb e rinis\u00eb orthodhokse, n\u00eb dioqez\u00ebn e Kor\u00e7\u00ebs Rruga drejt Liris\u00eb. (Tetor 2007) - Kisha Orthodh\u03bfkse Autoqefale e Shqip\u00ebris\u00eb","isPartOf":{"@id":"https:\/\/orthodoxalbania.org\/2020\/#website"},"primaryImageOfPage":{"@id":"https:\/\/orthodoxalbania.org\/2020\/2007\/02\/26\/konference-e-rinise-orthodhokse-ne-dioqezen-e-korces-rruga-drejt-lirise-tetor-2007\/#primaryimage"},"image":{"@id":"https:\/\/orthodoxalbania.org\/2020\/2007\/02\/26\/konference-e-rinise-orthodhokse-ne-dioqezen-e-korces-rruga-drejt-lirise-tetor-2007\/#primaryimage"},"thumbnailUrl":"https:\/\/lh6.googleusercontent.com\/-8hLzwhaRiZ4\/VIrD3M-cg6I\/AAAAAAAAG6k\/lmGJZIjh828\/w400-h323-no\/pic1.jpg","datePublished":"2007-02-26T00:00:00+00:00","dateModified":"2020-04-06T20:35:42+00:00","breadcrumb":{"@id":"https:\/\/orthodoxalbania.org\/2020\/2007\/02\/26\/konference-e-rinise-orthodhokse-ne-dioqezen-e-korces-rruga-drejt-lirise-tetor-2007\/#breadcrumb"},"inLanguage":"en-US","potentialAction":[{"@type":"ReadAction","target":["https:\/\/orthodoxalbania.org\/2020\/2007\/02\/26\/konference-e-rinise-orthodhokse-ne-dioqezen-e-korces-rruga-drejt-lirise-tetor-2007\/"]}]},{"@type":"ImageObject","inLanguage":"en-US","@id":"https:\/\/orthodoxalbania.org\/2020\/2007\/02\/26\/konference-e-rinise-orthodhokse-ne-dioqezen-e-korces-rruga-drejt-lirise-tetor-2007\/#primaryimage","url":"https:\/\/lh6.googleusercontent.com\/-8hLzwhaRiZ4\/VIrD3M-cg6I\/AAAAAAAAG6k\/lmGJZIjh828\/w400-h323-no\/pic1.jpg","contentUrl":"https:\/\/lh6.googleusercontent.com\/-8hLzwhaRiZ4\/VIrD3M-cg6I\/AAAAAAAAG6k\/lmGJZIjh828\/w400-h323-no\/pic1.jpg"},{"@type":"BreadcrumbList","@id":"https:\/\/orthodoxalbania.org\/2020\/2007\/02\/26\/konference-e-rinise-orthodhokse-ne-dioqezen-e-korces-rruga-drejt-lirise-tetor-2007\/#breadcrumb","itemListElement":[{"@type":"ListItem","position":1,"name":"Home","item":"https:\/\/orthodoxalbania.org\/2020\/"},{"@type":"ListItem","position":2,"name":"Konferenc\u00eb e rinis\u00eb orthodhokse, n\u00eb dioqez\u00ebn e Kor\u00e7\u00ebs Rruga drejt Liris\u00eb. (Tetor 2007)"}]},{"@type":"WebSite","@id":"https:\/\/orthodoxalbania.org\/2020\/#website","url":"https:\/\/orthodoxalbania.org\/2020\/","name":"Kisha Orthodh\u03bfkse Autoqefale e Shqip\u00ebris\u00eb","description":"Fqja Zyrtare e Kish\u00ebs Orthodhokse Autoqefale e Shqip\u00ebris\u00eb me lajmet edhe informacionet zyrtare p\u00ebr struktur\u00ebn edhe veprimtarin e saj.","publisher":{"@id":"https:\/\/orthodoxalbania.org\/2020\/#organization"},"potentialAction":[{"@type":"SearchAction","target":{"@type":"EntryPoint","urlTemplate":"https:\/\/orthodoxalbania.org\/2020\/?s={search_term_string}"},"query-input":{"@type":"PropertyValueSpecification","valueRequired":true,"valueName":"search_term_string"}}],"inLanguage":"en-US"},{"@type":"Organization","@id":"https:\/\/orthodoxalbania.org\/2020\/#organization","name":"Kisha Orthodhokse Autoqefale e Shqip\u00ebris\u00eb","url":"https:\/\/orthodoxalbania.org\/2020\/","logo":{"@type":"ImageObject","inLanguage":"en-US","@id":"https:\/\/orthodoxalbania.org\/2020\/#\/schema\/logo\/image\/","url":"https:\/\/orthodoxalbania.org\/2020\/wp-content\/uploads\/2020\/05\/albania.jpeg","contentUrl":"https:\/\/orthodoxalbania.org\/2020\/wp-content\/uploads\/2020\/05\/albania.jpeg","width":540,"height":540,"caption":"Kisha Orthodhokse Autoqefale e Shqip\u00ebris\u00eb"},"image":{"@id":"https:\/\/orthodoxalbania.org\/2020\/#\/schema\/logo\/image\/"},"sameAs":["https:\/\/www.facebook.com\/koash1991"]},{"@type":"Person","@id":"https:\/\/orthodoxalbania.org\/2020\/#\/schema\/person\/0c387634a7063ac612d7ed9ce71c7e86","name":"Kisha Orthodhokse","image":{"@type":"ImageObject","inLanguage":"en-US","@id":"https:\/\/secure.gravatar.com\/avatar\/596e7c417251e30f2fbb9c00e026fce61a695a00e51c889caded71c96cbbdde5?s=96&d=mm&r=g","url":"https:\/\/secure.gravatar.com\/avatar\/596e7c417251e30f2fbb9c00e026fce61a695a00e51c889caded71c96cbbdde5?s=96&d=mm&r=g","contentUrl":"https:\/\/secure.gravatar.com\/avatar\/596e7c417251e30f2fbb9c00e026fce61a695a00e51c889caded71c96cbbdde5?s=96&d=mm&r=g","caption":"Kisha Orthodhokse"}}]}},"_links":{"self":[{"href":"https:\/\/orthodoxalbania.org\/2020\/wp-json\/wp\/v2\/posts\/184","targetHints":{"allow":["GET"]}}],"collection":[{"href":"https:\/\/orthodoxalbania.org\/2020\/wp-json\/wp\/v2\/posts"}],"about":[{"href":"https:\/\/orthodoxalbania.org\/2020\/wp-json\/wp\/v2\/types\/post"}],"author":[{"embeddable":true,"href":"https:\/\/orthodoxalbania.org\/2020\/wp-json\/wp\/v2\/users\/1"}],"replies":[{"embeddable":true,"href":"https:\/\/orthodoxalbania.org\/2020\/wp-json\/wp\/v2\/comments?post=184"}],"version-history":[{"count":1,"href":"https:\/\/orthodoxalbania.org\/2020\/wp-json\/wp\/v2\/posts\/184\/revisions"}],"predecessor-version":[{"id":15743,"href":"https:\/\/orthodoxalbania.org\/2020\/wp-json\/wp\/v2\/posts\/184\/revisions\/15743"}],"wp:attachment":[{"href":"https:\/\/orthodoxalbania.org\/2020\/wp-json\/wp\/v2\/media?parent=184"}],"wp:term":[{"taxonomy":"category","embeddable":true,"href":"https:\/\/orthodoxalbania.org\/2020\/wp-json\/wp\/v2\/categories?post=184"},{"taxonomy":"post_tag","embeddable":true,"href":"https:\/\/orthodoxalbania.org\/2020\/wp-json\/wp\/v2\/tags?post=184"}],"curies":[{"name":"wp","href":"https:\/\/api.w.org\/{rel}","templated":true}]}}