{"id":183,"date":"2007-02-26T00:00:00","date_gmt":"2007-02-26T00:00:00","guid":{"rendered":""},"modified":"2020-04-06T22:35:40","modified_gmt":"2020-04-06T20:35:40","slug":"konferenca-e-dyte-boterore-e-rinise-orthodhokse-konstandinopoje-2007-anetare-te-kishes-qytetare-te-botes-korrik-2007","status":"publish","type":"post","link":"https:\/\/orthodoxalbania.org\/2020\/2007\/02\/26\/konferenca-e-dyte-boterore-e-rinise-orthodhokse-konstandinopoje-2007-anetare-te-kishes-qytetare-te-botes-korrik-2007\/","title":{"rendered":"Konferenca e Dyt\u00eb Bot\u00ebrore e Rinis\u00eb Orthodhokse, Konstandinopoj\u00eb 2007 \u201cAn\u00ebtar\u00eb t\u00eb Kish\u00ebs \u2013 Qytetar\u00eb t\u00eb Bot\u00ebs\u201d. (Korrik 2007)"},"content":{"rendered":"<div style=\"text-align: justify;\"><span style=\"color: #000000; font-family: helvetica;\"><span style=\"font-size: 12px;\"><img decoding=\"async\" class=\"lazyload HAa Eha\" style=\"height: 167px; width: 250px; border-width: 1px; border-style: solid; margin: 10px; float: left;\" alt=\"\" src=\"data:image\/gif;base64,R0lGODlhAQABAAAAACH5BAEKAAEALAAAAAABAAEAAAICTAEAOw==\" data-orig-src=\"https:\/\/lh6.googleusercontent.com\/-HCEr5yKZ0W4\/VIqj7X0YXaI\/AAAAAAAAGrU\/37wLJOz8xcg\/w400-h267-no\/pic1.jpg\" \/><span style=\"font-size: 12pt;\">&nbsp;&nbsp;&nbsp; Rreth n\u00ebnt\u00ebqind t\u00eb rinj nga e gjith\u00eb bota u mblodh\u00ebn me ftes\u00eb t\u00eb Patriarkut Ekumenik, Vartholomeut t\u00eb I n\u00eb Konferenc\u00ebn e dyt\u00eb t\u00eb Rinis\u00eb Orthodhokse, q\u00eb u mbajt n\u00eb Kostandinopoj\u00eb nga datat 11-16 Korrik 2007. Tema kryesore e Konferenc\u00ebs ishte \u201cAn\u00ebtar\u00eb t\u00eb Kish\u00ebs \u2013 Qytetar\u00eb t\u00eb Bot\u00ebs\u201d. Konferenca e par\u00eb ishte thirrur p\u00ebrs\u00ebri n\u00eb Kostandinopoj\u00eb n\u00eb muajin Korrik t\u00eb vitit 2000. T\u00eb rinjt\u00eb orthodhoks\u00eb ishin p\u00ebrfaq\u00ebsues t\u00eb Kishave Orthodhokse q\u00eb jan\u00eb n\u00ebn juridiksionin e Patriarkan\u00ebs Ekumenike anemban\u00eb globit, si edhe p\u00ebrfaq\u00ebsues t\u00eb Kishave Orthodhokse Autoqefale simotra, nga V\u00ebllaz\u00ebri Murgj\u00ebrore, nga Kisha t\u00eb tjera t\u00eb Krishtera dhe Konfesione, nga Fakultete Theologjike Orthodhokse, Akademi, Institute dhe Seminare, Organizma Nd\u00ebrkomb\u00ebtar\u00eb Kishtar\u00eb, Lidhje Nd\u00ebrkomb\u00ebtare Rinore, Fondacione Kulturor\u00eb, si edhe nga Kisha t\u00eb Krishtera t\u00eb Qytetit. Me bekim t\u00eb Kryepiskopit Anastas, Kish\u00ebn Orthodhokse Autoqefale t\u00eb Shqip\u00ebris\u00eb, e p\u00ebrfaq\u00ebsoi nj\u00eb grup prej pes\u00eb t\u00eb rinjsh, q\u00eb aktualisht ndjekin studimet teologjike n\u00eb Athin\u00eb.<\/span><\/span><\/span><\/div>\n<div style=\"text-align: justify;\"><span style=\"font-family: helvetica; font-size: 12pt;\"><\/span><\/div>\n<div style=\"text-align: justify;\"><span style=\"color: #000000; font-family: helvetica; font-size: 12pt;\">&nbsp;&nbsp;&nbsp; Konferenca ishte konceptuar nga organizator\u00ebt si nj\u00eb Forum njohjeje t\u00eb nj\u00ebri \u2013 tjetrit, komunikimi dhe dialogu, mund\u00ebsie njohjeje me Kish\u00ebn M\u00ebm\u00eb dhe personalisht me T\u00ebr\u00ebshenjt\u00ebrine e Tij, Patriarkun Ekumenik, Vartholomeun I. Kjo gj\u00eb u arrit edhe n\u00ebp\u00ebrmjet vizitave t\u00eb ndryshme Selin\u00eb e Patriarkan\u00ebs Ekumenike, n\u00eb Katedralen e Sh\u00ebn Sofis\u00eb, n\u00eb Fakultetin Theologjik t\u00eb Halkit si dhe n\u00eb monumente t\u00eb tjera t\u00eb Qytetit. T\u00eb gjith\u00eb t\u00eb rinjt\u00eb pat\u00ebn mund\u00ebsi t\u00eb p\u00ebrjetonin realitetin, t\u00eb cilin jeton Patriarkana Ekumenike, e cila nuk \u00ebsht\u00eb thjesht nj\u00eb Kish\u00eb komb\u00ebtare, por mish\u00ebron shpirtin ekumenik dhe dimensionet mbar\u00ebbot\u00ebrore t\u00eb Ungjillit t\u00eb krishter\u00eb, ku shprehja etnike, gjuh\u00ebsore dhe kulturore e an\u00ebtar\u00ebve, jo vet\u00ebm q\u00eb nuk n\u00ebnvler\u00ebsohen, por pasurohen dhe shpallen si instrumente komunioni.<\/span><\/div>\n<div style=\"text-align: justify;\"><span style=\"font-family: helvetica; font-size: 12pt;\"><\/span><\/div>\n<div style=\"text-align: justify;\"><span style=\"color: #000000; font-family: helvetica; font-size: 12pt;\">&nbsp;&nbsp;&nbsp; Konfereca e dyt\u00eb rinore u mbajt n\u00eb sall\u00ebn luksoze t\u00eb konferencave (Convention Center) t\u00eb Hotel Hilton Instanbul, nd\u00ebrsa t\u00eb rinjt\u00eb ishin akomoduar n\u00eb hotele n\u00eb af\u00ebrsi, gj\u00eb q\u00eb b\u00ebnte q\u00eb sh\u00ebtitjet e shkurtra m\u00eb k\u00ebmb\u00eb p\u00ebrgjat\u00eb sheshit Taksim t\u00eb ishin shum\u00eb t\u00eb k\u00ebndshme, si nj\u00eb aktivitet fizik para fillimit t\u00eb sesionet. Ushqimin e p\u00ebrditsh\u00ebm t\u00eb rinjt\u00eb do ta merrnin n\u00ebn bekimin dhe shoq\u00ebrin\u00eb e Patriarkut po n\u00eb sall\u00ebn e madhe t\u00eb ngr\u00ebnies s\u00eb Hotel Hilton, ku do t\u00eb kishin mund\u00ebsin\u00eb t\u00eb shijonin edhe ushqime tradicional\u00eb turke, si dhe \u00ebmb\u00eblsirat me n\u00eb qend\u00ebr llojet e ndryshme t\u00eb bakllavave t\u00eb famshme. Organizimi i p\u00ebrkryer, mikpritja n\u00ebp\u00ebr hotele dhe koordinimi i sesioneve dhe ekskursioneve do t\u00eb merrte vler\u00ebsimin maksimal t\u00eb t\u00eb gjith\u00eb t\u00eb rinjve.<\/span><\/div>\n<div style=\"text-align: justify;\"><span style=\"font-family: helvetica; font-size: 12pt;\"><\/span><\/div>\n<div style=\"text-align: justify;\"><span style=\"color: #000000; font-family: helvetica; font-size: 12pt;\"><img decoding=\"async\" class=\"lazyload HAa Eha\" style=\"border-width: 1px; border-style: solid; margin: 10px; float: right; height: 375px; width: 250px;\" alt=\"\" src=\"data:image\/gif;base64,R0lGODlhAQABAAAAACH5BAEKAAEALAAAAAABAAEAAAICTAEAOw==\" data-orig-src=\"https:\/\/lh3.googleusercontent.com\/-khYaJJiLeKo\/VIqj7BUIFXI\/AAAAAAAAGrc\/LzNwk53jfCg\/w267-h400-no\/pic2.jpg\" \/>&nbsp;&nbsp;&nbsp; Hapjen e Konferenc\u00ebs e bekoi T\u00ebr\u00ebshenjt\u00ebria e Tij, Patriarku Ekumenik, Vartholomeu, i cili u kujtoi t\u00eb rinjve se kan\u00eb nj\u00eb vend dhe rol personal brenda trupit per\u00ebndinjer\u00ebzor t\u00eb Kish\u00ebs, sipas dhurat\u00ebs q\u00eb u ka besuar Per\u00ebndia. T\u00ebr\u00ebshenjt\u00ebria e Tij theksoi se secili prej t\u00eb rinjve duhej t\u00eb nd\u00ebrgjegj\u00ebsohej n\u00eb koh\u00ebn e duhur p\u00ebr talentin e tij t\u00eb ve\u00e7ant\u00eb dhe me gatishm\u00ebri t\u2019i p\u00ebrgjigjej thirrjes s\u00eb Zotit. Si qytetar\u00eb t\u00eb Mbret\u00ebris\u00eb dhe nj\u00ebkoh\u00ebsisht qytetar\u00eb t\u00eb bot\u00ebs, nuk duhet t\u00eb indentifikohemi me bot\u00ebn, por as edhe ta refuzojm\u00eb at\u00eb, por t\u00eb kemi nj\u00eb \u201cq\u00ebndrim kritik\u201d kundrejt bot\u00ebs me mendimin se atdheu yn\u00eb \u201cndodhet n\u00eb qiejt\u00eb\u201d (Fil. 3, 20)<\/span><\/div>\n<div style=\"text-align: justify;\"><span style=\"font-family: helvetica; font-size: 12pt;\"><\/span><\/div>\n<div style=\"text-align: justify;\"><span style=\"color: #000000; font-family: helvetica; font-size: 12pt;\">&nbsp;&nbsp;&nbsp; Gjat\u00eb prezantimit t\u00eb grupeve t\u00eb t\u00eb rinjve pjes\u00ebmarr\u00ebs, do t\u00eb na b\u00ebnte shum\u00eb p\u00ebrshtypje fakti, kur n\u00eb koh\u00ebn q\u00eb u p\u00ebrmend emri i Kish\u00ebs s\u00eb Shqip\u00ebris\u00eb dhe Kryepiskopit Anastas, n\u00eb sall\u00eb shp\u00ebrthyen duartrokitje t\u00eb fuqishme, gj\u00eb q\u00eb na b\u00ebri t\u00eb gjith\u00ebve t\u00eb ndjenim vler\u00ebsimin e madh t\u00eb t\u00eb gjith\u00eb t\u00eb rinjve, t\u00eb cil\u00ebt ishin t\u00eb mir\u00ebinformar p\u00ebr historin\u00eb e Kish\u00ebs son\u00eb dhe p\u00ebr vepr\u00ebn me p\u00ebrmasa titanike t\u00eb rind\u00ebrtimit dhe ringritjes s\u00eb Kish\u00ebs, n\u00ebn drejtimin e frym\u00ebzuar t\u00eb Kryepiskopit Anastas. Gjithashtu do t\u00eb ndjeheshim tep\u00ebr t\u00eb ve\u00e7ant\u00eb, gjat\u00eb t\u00eb gjitha momenteve t\u00eb konferenc\u00ebs, ku referuesit do t\u00eb ndaleshin dhe do t\u00eb citonin th\u00ebnie t\u00eb shk\u00ebputura nga artikujt dhe librat q\u00eb ka shkruar Kryepiskopi yn\u00eb. Sa her\u00eb q\u00eb fjala do t\u00eb binte mbi \u00e7\u00ebshtje t\u00eb misionarizmit orthodhoks apo globalizmit, studiuesit do t\u00eb referonin me shum\u00eb respekt edhe q\u00ebndrimet e Kryepiskopit t\u00eb Shqip\u00ebris\u00eb. N\u00eb referatin e tij, \u201cKisha dhe Globalizmi\u201d, Profesori i Filozofis\u00eb, z. Kostandinos Dhelikostandis, do t\u00eb ndalej gjer\u00ebsisht n\u00eb librin e Kryepiskopit Anastas, \u201cGlobalizmi dhe Orthodhoksia\u201d dhe do t\u2019ua rekomandonte t\u00eb gjith\u00eb t\u00eb rinjve pjes\u00ebmarr\u00ebs leximin e k\u00ebtij libri, me vler\u00ebsimin se aty do t\u00eb gjenin tekste t\u00eb mrekullueshme.<\/span><\/div>\n<div style=\"text-align: justify;\"><span style=\"font-family: helvetica; font-size: 12pt;\"><\/span><\/div>\n<div style=\"text-align: justify;\"><span style=\"color: #000000; font-family: helvetica; font-size: 12pt;\">&nbsp;&nbsp;&nbsp; Konferenca, gjat\u00eb t\u00eb gjitha dit\u00ebve, do t\u00eb zbulonte di\u00e7ka t\u00eb re p\u00ebr t\u00eb rinjt\u00eb pjes\u00ebmarr\u00ebs. Referatet e ndryshme dhe bashk\u00ebbisedimet pas tyre, do ta b\u00ebnin pjes\u00ebmarrjen e t\u00eb rinjve m\u00eb t\u00eb drejtp\u00ebrdrejt\u00eb. T\u00eb rinjt\u00eb zbuluan intensitetin kreativ dhe dialektik\u00ebn midis cil\u00ebsis\u00eb s\u00eb t\u00eb q\u00ebnit An\u00ebtar\u00eb t\u00eb Kish\u00ebs dhe Qytetar\u00eb t\u00eb Bot\u00ebs. K\u00ebshtu ata do t\u00eb d\u00ebgjonin referate t\u00eb ndryshme, midis t\u00eb cilave edhe temat: \u201cT\u00eb rinjt\u00eb dhe pjes\u00ebmarrja e tyre n\u00eb jet\u00ebn misteriale dhe adhuruese t\u00eb Kish\u00ebs\u201d, \u201cFormimi i moralit hierapostolik n\u00eb Kish\u00eb\u201d, \u201cArsimimi orthodhoks i t\u00eb rinjve n\u00eb Europ\u00ebn Per\u00ebndimore\u201d, \u201cKisha dhe Globalizmi\u201d, \u201cKisha dhe Sekularizmi\u201d, \u201cT\u00eb rinjt\u00eb dhe institucioni i familjes\u201d, \u201cT\u00eb rinjt\u00eb dhe vetmia\u201d, si dhe tema q\u00eb kishin lidhje me \u00e7\u00ebshtje aktuale q\u00eb shqet\u00ebsojn\u00eb t\u00eb rinjt\u00eb n\u00eb lidhje me marr\u00ebdh\u00ebniet gjinore apo shoq\u00ebrore mes tyre. K\u00ebto referate u ndoq\u00ebn me interes t\u00eb ve\u00e7ant\u00eb edhe p\u00ebr arsyen se vet\u00eb referuesit, q\u00eb ishin personalitete me em\u00ebr n\u00eb fushat q\u00eb mbulonin, do t\u2019i b\u00ebnin me shembuj konkret\u00eb dhe me ndihm\u00ebn e mjeteve optiko \u2013 akustike, m\u00eb t\u00eb prekshme p\u00ebr k\u00ebt\u00eb mosh\u00eb.<\/span><\/div>\n<div style=\"text-align: justify;\"><span style=\"font-family: helvetica; font-size: 12pt;\"><\/span><\/div>\n<div style=\"text-align: justify;\"><span style=\"font-family: helvetica; font-size: 12pt;\"><span style=\"color: #000000;\"><img decoding=\"async\" class=\"lazyload HAa Eha\" style=\"height: 167px; width: 250px; border-width: 1px; border-style: solid; margin: 10px; float: left;\" alt=\"\" src=\"data:image\/gif;base64,R0lGODlhAQABAAAAACH5BAEKAAEALAAAAAABAAEAAAICTAEAOw==\" data-orig-src=\"https:\/\/lh5.googleusercontent.com\/-pDmt8806OBg\/VIqj7Olg3iI\/AAAAAAAAGrQ\/CPvFKrNugkY\/w400-h267-no\/pic3.jpg\" \/>&nbsp;&nbsp;&nbsp; Nj\u00eb aspekt tjet\u00ebr i r\u00ebnd\u00ebsish\u00ebm i k\u00ebsaj konference ishte edhe organizimi i ekskursioneve. K\u00ebshtu, t\u00eb rinjt\u00eb pat\u00ebn mund\u00ebsi t\u00eb vizitonin Katedralen e Sh\u00ebn Sofis\u00eb q\u00eb sot \u00ebsht\u00eb shpallur muze, Fakultetin Theologjik t\u00eb Halkit, Manastirin e Vendit (Moni tis Xoras) etj. Ishte e trishtueshme t\u00eb shikoje kish\u00ebn q\u00eb dikur sh\u00ebrbente me madh\u00ebshti n\u00eb adhurimin e Zotit, t\u00eb ishte n\u00eb nj\u00eb status heshtjeje dhe t\u00eb vizitohej vet\u00ebm si nj\u00eb monument i s\u00eb kaluar\u00ebs. Lutjet e t\u00eb rinjve i k\u00ebrkuan Zotit q\u00eb t\u00eb b\u00ebj\u00eb t\u00eb mundur p\u00ebrs\u00ebri kthimin e asaj katedraleje n\u00eb shk\u00eblqimin e saj t\u00eb dikursh\u00ebm. Gjithashtu, t\u00eb rinjt\u00eb vizituan edhe Fakultetin Theologjik t\u00eb ishullit t\u00eb Halkit. Ky fakultet ishte nd\u00ebrtuar mbi nj\u00eb nga kodrat k\u00ebtij ishulli. Shpresa e Patriarkan\u00ebs p\u00ebr t\u2019u hapur p\u00ebrs\u00ebri kjo shkoll\u00eb e famshme, q\u00eb ka nxjerre breza e breza teolog\u00ebsh e madje edhe patriark\u00ebsh, ishte e madhe. Hapja e k\u00ebsaj shkolle \u00ebsht\u00eb p\u00ebrfshir\u00eb edhe n\u00eb k\u00ebrkesat q\u00eb Bashkimi Europian i ka k\u00ebrkuar Turqis\u00eb n\u00eb kuad\u00ebr t\u00eb negociatave p\u00ebr integrimin europian t\u00eb saj. Qet\u00ebsia dhe bukuria natyrore q\u00eb t\u00eb ofronte ky ishull do t\u00eb na linte ndjesin\u00eb se ora aty kishte ngelur pik\u00ebrisht n\u00eb vitin 1971, kur Fakulteti Theologjik i Halkit u mbyll me an\u00eb t\u00eb nj\u00eb ligji q\u00eb ndalonte aktivitetin e universiteteve private. P\u00ebr t\u00eb ruajtur pik\u00ebrisht k\u00ebto vlera natyrore t\u00eb ishullit ishte e ndaluar t\u00eb qarkulloje me automjete, k\u00ebshtu q\u00eb ne p\u00ebrdor\u00ebm paiton\u00ebt me kuaj p\u00ebr t\u00eb ngjitur kodr\u00ebn ku ishte shkolla. Gjith\u00e7ka kishte ngelur si at\u00ebher\u00eb; klasat, bankat e vjetra me kapak\u00eb, fjetinat e student\u00ebve dhe ambientet e tjera. Por aty \u00e7do gj\u00eb ishte gati dhe n\u00ebse leja p\u00ebr rihapjen e saj do t\u00eb jepej, m\u00ebsimi do t\u00eb rifillonte menj\u00ebher\u00eb. N\u00ebse lexuesit do t\u00eb donin t\u00eb merrnin m\u00eb shum\u00eb informacion mbi konferenc\u00ebn, organizator\u00ebt kan\u00eb hapur nj\u00eb site: <\/span><a href=\"http:\/\/youth.ecupatriarchate.org\/\"><span style=\"color: #000000;\">http:\/\/youth.ecupatriarchate.org<\/span><\/a><span style=\"color: #000000;\"> ku do t\u00eb gjeni tekstet e referateve dhe material t\u00eb pasur fotografik.<\/span><\/span><\/div>\n<div style=\"text-align: justify;\"><span style=\"font-family: helvetica; font-size: 12pt;\"><\/span><\/div>\n<div style=\"text-align: justify;\"><span style=\"color: #000000; font-family: helvetica; font-size: 12pt;\"><img decoding=\"async\" class=\"lazyload HAa Eha\" style=\"border-width: 1px; border-style: solid; margin: 10px; float: right;\" alt=\"\" src=\"data:image\/svg+xml,%3Csvg%20xmlns%3D%27http%3A%2F%2Fwww.w3.org%2F2000%2Fsvg%27%20width%3D%27322%27%20height%3D%27136%27%20viewBox%3D%270%200%20322%20136%27%3E%3Crect%20width%3D%27322%27%20height%3D%27136%27%20fill-opacity%3D%220%22%2F%3E%3C%2Fsvg%3E\" data-orig-src=\"https:\/\/lh6.googleusercontent.com\/-yWy0-OW-qgU\/VIqj7qyaXOI\/AAAAAAAAGrM\/Xf4FMtCCKiU\/w400-h143-no\/pic4.jpg\" height=\"136\" width=\"322\" \/>&nbsp;&nbsp;&nbsp; Nj\u00eb moment tjet\u00ebr i paharruesh\u00ebm i vizit\u00ebs son\u00eb n\u00eb Turqi do t\u00eb ishte edhe dita kur pat\u00ebm nj\u00eb audienc\u00eb me Patriarkun Ekumenik, Vartholomeun. Ai do t\u00eb priste n\u00eb takim disa grupe p\u00ebrfaq\u00ebsuese t\u00eb rinjsh, midis t\u00eb cil\u00ebve do t\u00eb ishim edhe ne. Gjat\u00eb takimit, Patriarku u interesua n\u00eb m\u00ebnyr\u00eb t\u00eb ve\u00e7ant\u00eb p\u00ebr gjithsecilin prej nesh. Ai na pyeti duke u interesuar p\u00ebr sh\u00ebndetin, p\u00ebr studimet tona, p\u00ebr ecurin\u00eb e Kish\u00ebs n\u00eb Shqip\u00ebri. Duke u ndalur n\u00eb historin\u00eb e Kish\u00ebs n\u00eb Shqip\u00ebri, Patriarku shprehu vler\u00ebsimet maksimale p\u00ebr Kryepiskopin Anastas, duke n\u00ebnvizuar se zgjedhja e Primatit t\u00eb Shqip\u00ebris\u00eb tregoi se ishte zgjidhja m\u00eb e mir\u00eb p\u00ebr realitetin e v\u00ebshtir\u00eb kishtar n\u00eb Shqip\u00ebri. Dit\u00ebn e fundit t\u00eb Konferenc\u00ebs, Patriarku u shp\u00ebrndau t\u00eb gjith\u00eb t\u00eb rinjve pjes\u00ebmarr\u00ebs, si dhurat\u00eb, nj\u00eb or\u00eb dore, si p\u00ebr t\u00eb na kujtuar se koha duhet shfryt\u00ebzuar me kujdes.<\/span><\/div>\n<div style=\"text-align: justify;\"><span style=\"font-family: helvetica; font-size: 12pt;\"><\/span><\/div>\n<div style=\"text-align: justify;\"><span style=\"color: #000000; font-family: helvetica; font-size: 12pt;\"><img decoding=\"async\" class=\"lazyload HAa Eha\" style=\"height: 200px; width: 250px; border-width: 1px; border-style: solid; margin: 10px; float: left;\" alt=\"\" src=\"data:image\/gif;base64,R0lGODlhAQABAAAAACH5BAEKAAEALAAAAAABAAEAAAICTAEAOw==\" data-orig-src=\"https:\/\/lh3.googleusercontent.com\/-2zsqr3F3qB4\/VIqj716hTMI\/AAAAAAAAGrY\/eOwPh-tDRwY\/w400-h320-no\/pic5.jpg\" \/>&nbsp;&nbsp;&nbsp; T\u00eb rinjt\u00eb shpreh\u00ebn nj\u00ebz\u00ebri n\u00eb k\u00ebt\u00eb konferenc\u00eb se ne duam ta shprehim d\u00ebshmin\u00eb e krishter\u00eb me m\u00ebnyr\u00ebn dhe dinamizmin ton\u00eb. Ne d\u00ebshirojm\u00eb t\u00eb marrim pjes\u00eb energjikisht n\u00eb jet\u00ebn pimantike, komunitare dhe liturgjike t\u00eb Kish\u00ebs. Ne jemi t\u00eb bindur se secili prej nesh posedon dhurata t\u00eb \u00e7muara, q\u00eb n\u00ebp\u00ebrmjet Hirit Hyjnor mund t\u00eb shum\u00ebfishohen n\u00eb Kish\u00eb, p\u00ebr t\u00eb mir\u00ebn e p\u00ebrbashk\u00ebt.<\/span><\/div>\n<div style=\"text-align: justify;\"><span style=\"font-family: helvetica; font-size: 12pt;\"><\/span><\/div>\n<div style=\"text-align: justify;\"><span style=\"color: #000000; font-family: helvetica; font-size: 12pt;\">&nbsp;&nbsp;&nbsp; T\u00eb gjith\u00eb shpreh\u00ebm mir\u00ebnjohjen p\u00ebr Kreun e Orthodhoksis\u00eb, Patriarkun Ekumenik, i cili na tregoi se kishte nj\u00eb shpirt rinor autentik, p\u00ebr mund\u00ebsin\u00eb q\u00eb na dha si dhe p\u00ebr organizimin e p\u00ebrsosur t\u00eb Konferenc\u00ebs dhe p\u00ebr mikpritjen Abrahamiane q\u00eb ne p\u00ebrjetuam ato dit\u00eb n\u00eb Mbret\u00ebresh\u00ebn e Qyteteve, n\u00eb Kostandinopoj\u00eb. Nj\u00ebkoh\u00ebsisht fal\u00ebnderojm\u00eb nxeht\u00ebsisht edhe Kryepiskopin Anastas q\u00eb na dha mund\u00ebsin\u00eb p\u00ebr t\u00eb p\u00ebrfaq\u00ebsuar Kish\u00ebn ton\u00eb, duke na dh\u00ebn\u00eb dhurat\u00ebn e p\u00ebrjetimit t\u00eb eksperiencave mjaft t\u00eb ve\u00e7anta, nga t\u00eb cilat pat\u00ebm shum\u00eb p\u00ebrfitime shpirt\u00ebrore.<\/span><\/div>\n<div style=\"text-align: justify;\"><span style=\"font-family: helvetica; font-size: 12pt;\"><\/span><\/div>\n<div style=\"text-align: right;\"><span style=\"color: #000000; font-family: helvetica; font-size: 12pt;\"><strong>Aleks \u00c7uri<\/strong><\/span><\/div>\n","protected":false},"excerpt":{"rendered":"<p>&nbsp;&nbsp;&nbsp; Rreth n\u00ebnt\u00ebqind t\u00eb rinj nga e gjith\u00eb bota u mblodh\u00ebn me ftes\u00eb t\u00eb Patriarkut Ekumenik, Vartholomeut t\u00eb I n\u00eb Konferenc\u00ebn e dyt\u00eb t\u00eb Rinis\u00eb Orthodhokse, q\u00eb u mbajt n\u00eb Kostandinopoj\u00eb nga datat 11-16 Korrik 2007. Tema kryesore e Konferenc\u00ebs ishte \u201cAn\u00ebtar\u00eb t\u00eb Kish\u00ebs \u2013 Qytetar\u00eb t\u00eb Bot\u00ebs\u201d. Konferenca e par\u00eb ishte thirrur p\u00ebrs\u00ebri n\u00eb Kostandinopoj\u00eb n\u00eb muajin Korrik t\u00eb vitit 2000. T\u00eb rinjt\u00eb orthodhoks\u00eb<\/p>\n","protected":false},"author":1,"featured_media":0,"comment_status":"open","ping_status":"open","sticky":false,"template":"","format":"standard","meta":{"_acf_changed":false,"pagelayer_contact_templates":[],"_pagelayer_content":"","inline_featured_image":false,"fifu_image_url":"","fifu_image_alt":"","footnotes":""},"categories":[108],"tags":[147,153,196,212,176],"class_list":["post-183","post","type-post","status-publish","format-standard","hentry","category-lajme","tag-147","tag-deklarata-njoftime-zyrtare-d75","tag-tirane","tag-lajme-d27","tag-rinia-orthodhokse"],"acf":[],"yoast_head":"<!-- This site is optimized with the Yoast SEO plugin v27.2 - https:\/\/yoast.com\/product\/yoast-seo-wordpress\/ -->\n<title>Konferenca e Dyt\u00eb Bot\u00ebrore e Rinis\u00eb Orthodhokse, Konstandinopoj\u00eb 2007 \u201cAn\u00ebtar\u00eb t\u00eb Kish\u00ebs \u2013 Qytetar\u00eb t\u00eb Bot\u00ebs\u201d. (Korrik 2007) - Kisha Orthodh\u03bfkse Autoqefale e Shqip\u00ebris\u00eb<\/title>\n<meta name=\"robots\" content=\"index, follow, max-snippet:-1, max-image-preview:large, max-video-preview:-1\" \/>\n<link rel=\"canonical\" href=\"https:\/\/orthodoxalbania.org\/2020\/2007\/02\/26\/konferenca-e-dyte-boterore-e-rinise-orthodhokse-konstandinopoje-2007-anetare-te-kishes-qytetare-te-botes-korrik-2007\/\" \/>\n<meta property=\"og:locale\" content=\"en_US\" \/>\n<meta property=\"og:type\" content=\"article\" \/>\n<meta property=\"og:title\" content=\"Konferenca e Dyt\u00eb Bot\u00ebrore e Rinis\u00eb Orthodhokse, Konstandinopoj\u00eb 2007 \u201cAn\u00ebtar\u00eb t\u00eb Kish\u00ebs \u2013 Qytetar\u00eb t\u00eb Bot\u00ebs\u201d. (Korrik 2007) - Kisha Orthodh\u03bfkse Autoqefale e Shqip\u00ebris\u00eb\" \/>\n<meta property=\"og:description\" content=\"&nbsp;&nbsp;&nbsp; Rreth n\u00ebnt\u00ebqind t\u00eb rinj nga e gjith\u00eb bota u mblodh\u00ebn me ftes\u00eb t\u00eb Patriarkut Ekumenik, Vartholomeut t\u00eb I n\u00eb Konferenc\u00ebn e dyt\u00eb t\u00eb Rinis\u00eb Orthodhokse, q\u00eb u mbajt n\u00eb Kostandinopoj\u00eb nga datat 11-16 Korrik 2007. Tema kryesore e Konferenc\u00ebs ishte \u201cAn\u00ebtar\u00eb t\u00eb Kish\u00ebs \u2013 Qytetar\u00eb t\u00eb Bot\u00ebs\u201d. Konferenca e par\u00eb ishte thirrur p\u00ebrs\u00ebri n\u00eb Kostandinopoj\u00eb n\u00eb muajin Korrik t\u00eb vitit 2000. T\u00eb rinjt\u00eb orthodhoks\u00eb\" \/>\n<meta property=\"og:url\" content=\"https:\/\/orthodoxalbania.org\/2020\/2007\/02\/26\/konferenca-e-dyte-boterore-e-rinise-orthodhokse-konstandinopoje-2007-anetare-te-kishes-qytetare-te-botes-korrik-2007\/\" \/>\n<meta property=\"og:site_name\" content=\"Kisha Orthodh\u03bfkse Autoqefale e Shqip\u00ebris\u00eb\" \/>\n<meta property=\"article:publisher\" content=\"https:\/\/www.facebook.com\/koash1991\" \/>\n<meta property=\"article:published_time\" content=\"2007-02-26T00:00:00+00:00\" \/>\n<meta property=\"article:modified_time\" content=\"2020-04-06T20:35:40+00:00\" \/>\n<meta property=\"og:image\" content=\"https:\/\/lh6.googleusercontent.com\/-HCEr5yKZ0W4\/VIqj7X0YXaI\/AAAAAAAAGrU\/37wLJOz8xcg\/w400-h267-no\/pic1.jpg\" \/>\n<meta name=\"author\" content=\"Kisha Orthodhokse\" \/>\n<meta name=\"twitter:card\" content=\"summary_large_image\" \/>\n<meta name=\"twitter:label1\" content=\"Written by\" \/>\n\t<meta name=\"twitter:data1\" content=\"Kisha Orthodhokse\" \/>\n\t<meta name=\"twitter:label2\" content=\"Est. reading time\" \/>\n\t<meta name=\"twitter:data2\" content=\"9 minutes\" \/>\n<script type=\"application\/ld+json\" class=\"yoast-schema-graph\">{\"@context\":\"https:\/\/schema.org\",\"@graph\":[{\"@type\":\"Article\",\"@id\":\"https:\/\/orthodoxalbania.org\/2020\/2007\/02\/26\/konferenca-e-dyte-boterore-e-rinise-orthodhokse-konstandinopoje-2007-anetare-te-kishes-qytetare-te-botes-korrik-2007\/#article\",\"isPartOf\":{\"@id\":\"https:\/\/orthodoxalbania.org\/2020\/2007\/02\/26\/konferenca-e-dyte-boterore-e-rinise-orthodhokse-konstandinopoje-2007-anetare-te-kishes-qytetare-te-botes-korrik-2007\/\"},\"author\":{\"name\":\"Kisha Orthodhokse\",\"@id\":\"https:\/\/orthodoxalbania.org\/2020\/#\/schema\/person\/0c387634a7063ac612d7ed9ce71c7e86\"},\"headline\":\"Konferenca e Dyt\u00eb Bot\u00ebrore e Rinis\u00eb Orthodhokse, Konstandinopoj\u00eb 2007 \u201cAn\u00ebtar\u00eb t\u00eb Kish\u00ebs \u2013 Qytetar\u00eb t\u00eb Bot\u00ebs\u201d. (Korrik 2007)\",\"datePublished\":\"2007-02-26T00:00:00+00:00\",\"dateModified\":\"2020-04-06T20:35:40+00:00\",\"mainEntityOfPage\":{\"@id\":\"https:\/\/orthodoxalbania.org\/2020\/2007\/02\/26\/konferenca-e-dyte-boterore-e-rinise-orthodhokse-konstandinopoje-2007-anetare-te-kishes-qytetare-te-botes-korrik-2007\/\"},\"wordCount\":1785,\"commentCount\":0,\"publisher\":{\"@id\":\"https:\/\/orthodoxalbania.org\/2020\/#organization\"},\"image\":{\"@id\":\"https:\/\/orthodoxalbania.org\/2020\/2007\/02\/26\/konferenca-e-dyte-boterore-e-rinise-orthodhokse-konstandinopoje-2007-anetare-te-kishes-qytetare-te-botes-korrik-2007\/#primaryimage\"},\"thumbnailUrl\":\"https:\/\/lh6.googleusercontent.com\/-HCEr5yKZ0W4\/VIqj7X0YXaI\/AAAAAAAAGrU\/37wLJOz8xcg\/w400-h267-no\/pic1.jpg\",\"keywords\":[\"2007\",\"Deklarata - Njoftime Zyrtare\",\"Kryepiskopata Tiran\u00eb\",\"lajme\",\"Rinia Orthodhokse\"],\"articleSection\":[\"Lajme\"],\"inLanguage\":\"en-US\"},{\"@type\":\"WebPage\",\"@id\":\"https:\/\/orthodoxalbania.org\/2020\/2007\/02\/26\/konferenca-e-dyte-boterore-e-rinise-orthodhokse-konstandinopoje-2007-anetare-te-kishes-qytetare-te-botes-korrik-2007\/\",\"url\":\"https:\/\/orthodoxalbania.org\/2020\/2007\/02\/26\/konferenca-e-dyte-boterore-e-rinise-orthodhokse-konstandinopoje-2007-anetare-te-kishes-qytetare-te-botes-korrik-2007\/\",\"name\":\"Konferenca e Dyt\u00eb Bot\u00ebrore e Rinis\u00eb Orthodhokse, Konstandinopoj\u00eb 2007 \u201cAn\u00ebtar\u00eb t\u00eb Kish\u00ebs \u2013 Qytetar\u00eb t\u00eb Bot\u00ebs\u201d. (Korrik 2007) - Kisha Orthodh\u03bfkse Autoqefale e Shqip\u00ebris\u00eb\",\"isPartOf\":{\"@id\":\"https:\/\/orthodoxalbania.org\/2020\/#website\"},\"primaryImageOfPage\":{\"@id\":\"https:\/\/orthodoxalbania.org\/2020\/2007\/02\/26\/konferenca-e-dyte-boterore-e-rinise-orthodhokse-konstandinopoje-2007-anetare-te-kishes-qytetare-te-botes-korrik-2007\/#primaryimage\"},\"image\":{\"@id\":\"https:\/\/orthodoxalbania.org\/2020\/2007\/02\/26\/konferenca-e-dyte-boterore-e-rinise-orthodhokse-konstandinopoje-2007-anetare-te-kishes-qytetare-te-botes-korrik-2007\/#primaryimage\"},\"thumbnailUrl\":\"https:\/\/lh6.googleusercontent.com\/-HCEr5yKZ0W4\/VIqj7X0YXaI\/AAAAAAAAGrU\/37wLJOz8xcg\/w400-h267-no\/pic1.jpg\",\"datePublished\":\"2007-02-26T00:00:00+00:00\",\"dateModified\":\"2020-04-06T20:35:40+00:00\",\"breadcrumb\":{\"@id\":\"https:\/\/orthodoxalbania.org\/2020\/2007\/02\/26\/konferenca-e-dyte-boterore-e-rinise-orthodhokse-konstandinopoje-2007-anetare-te-kishes-qytetare-te-botes-korrik-2007\/#breadcrumb\"},\"inLanguage\":\"en-US\",\"potentialAction\":[{\"@type\":\"ReadAction\",\"target\":[\"https:\/\/orthodoxalbania.org\/2020\/2007\/02\/26\/konferenca-e-dyte-boterore-e-rinise-orthodhokse-konstandinopoje-2007-anetare-te-kishes-qytetare-te-botes-korrik-2007\/\"]}]},{\"@type\":\"ImageObject\",\"inLanguage\":\"en-US\",\"@id\":\"https:\/\/orthodoxalbania.org\/2020\/2007\/02\/26\/konferenca-e-dyte-boterore-e-rinise-orthodhokse-konstandinopoje-2007-anetare-te-kishes-qytetare-te-botes-korrik-2007\/#primaryimage\",\"url\":\"https:\/\/lh6.googleusercontent.com\/-HCEr5yKZ0W4\/VIqj7X0YXaI\/AAAAAAAAGrU\/37wLJOz8xcg\/w400-h267-no\/pic1.jpg\",\"contentUrl\":\"https:\/\/lh6.googleusercontent.com\/-HCEr5yKZ0W4\/VIqj7X0YXaI\/AAAAAAAAGrU\/37wLJOz8xcg\/w400-h267-no\/pic1.jpg\"},{\"@type\":\"BreadcrumbList\",\"@id\":\"https:\/\/orthodoxalbania.org\/2020\/2007\/02\/26\/konferenca-e-dyte-boterore-e-rinise-orthodhokse-konstandinopoje-2007-anetare-te-kishes-qytetare-te-botes-korrik-2007\/#breadcrumb\",\"itemListElement\":[{\"@type\":\"ListItem\",\"position\":1,\"name\":\"Home\",\"item\":\"https:\/\/orthodoxalbania.org\/2020\/\"},{\"@type\":\"ListItem\",\"position\":2,\"name\":\"Konferenca e Dyt\u00eb Bot\u00ebrore e Rinis\u00eb Orthodhokse, Konstandinopoj\u00eb 2007 \u201cAn\u00ebtar\u00eb t\u00eb Kish\u00ebs \u2013 Qytetar\u00eb t\u00eb Bot\u00ebs\u201d. (Korrik 2007)\"}]},{\"@type\":\"WebSite\",\"@id\":\"https:\/\/orthodoxalbania.org\/2020\/#website\",\"url\":\"https:\/\/orthodoxalbania.org\/2020\/\",\"name\":\"Kisha Orthodh\u03bfkse Autoqefale e Shqip\u00ebris\u00eb\",\"description\":\"Fqja Zyrtare e Kish\u00ebs Orthodhokse Autoqefale e Shqip\u00ebris\u00eb me lajmet edhe informacionet zyrtare p\u00ebr struktur\u00ebn edhe veprimtarin e saj.\",\"publisher\":{\"@id\":\"https:\/\/orthodoxalbania.org\/2020\/#organization\"},\"potentialAction\":[{\"@type\":\"SearchAction\",\"target\":{\"@type\":\"EntryPoint\",\"urlTemplate\":\"https:\/\/orthodoxalbania.org\/2020\/?s={search_term_string}\"},\"query-input\":{\"@type\":\"PropertyValueSpecification\",\"valueRequired\":true,\"valueName\":\"search_term_string\"}}],\"inLanguage\":\"en-US\"},{\"@type\":\"Organization\",\"@id\":\"https:\/\/orthodoxalbania.org\/2020\/#organization\",\"name\":\"Kisha Orthodhokse Autoqefale e Shqip\u00ebris\u00eb\",\"url\":\"https:\/\/orthodoxalbania.org\/2020\/\",\"logo\":{\"@type\":\"ImageObject\",\"inLanguage\":\"en-US\",\"@id\":\"https:\/\/orthodoxalbania.org\/2020\/#\/schema\/logo\/image\/\",\"url\":\"https:\/\/orthodoxalbania.org\/2020\/wp-content\/uploads\/2020\/05\/albania.jpeg\",\"contentUrl\":\"https:\/\/orthodoxalbania.org\/2020\/wp-content\/uploads\/2020\/05\/albania.jpeg\",\"width\":540,\"height\":540,\"caption\":\"Kisha Orthodhokse Autoqefale e Shqip\u00ebris\u00eb\"},\"image\":{\"@id\":\"https:\/\/orthodoxalbania.org\/2020\/#\/schema\/logo\/image\/\"},\"sameAs\":[\"https:\/\/www.facebook.com\/koash1991\"]},{\"@type\":\"Person\",\"@id\":\"https:\/\/orthodoxalbania.org\/2020\/#\/schema\/person\/0c387634a7063ac612d7ed9ce71c7e86\",\"name\":\"Kisha Orthodhokse\",\"image\":{\"@type\":\"ImageObject\",\"inLanguage\":\"en-US\",\"@id\":\"https:\/\/secure.gravatar.com\/avatar\/596e7c417251e30f2fbb9c00e026fce61a695a00e51c889caded71c96cbbdde5?s=96&d=mm&r=g\",\"url\":\"https:\/\/secure.gravatar.com\/avatar\/596e7c417251e30f2fbb9c00e026fce61a695a00e51c889caded71c96cbbdde5?s=96&d=mm&r=g\",\"contentUrl\":\"https:\/\/secure.gravatar.com\/avatar\/596e7c417251e30f2fbb9c00e026fce61a695a00e51c889caded71c96cbbdde5?s=96&d=mm&r=g\",\"caption\":\"Kisha Orthodhokse\"}}]}<\/script>\n<!-- \/ Yoast SEO plugin. -->","yoast_head_json":{"title":"Konferenca e Dyt\u00eb Bot\u00ebrore e Rinis\u00eb Orthodhokse, Konstandinopoj\u00eb 2007 \u201cAn\u00ebtar\u00eb t\u00eb Kish\u00ebs \u2013 Qytetar\u00eb t\u00eb Bot\u00ebs\u201d. (Korrik 2007) - Kisha Orthodh\u03bfkse Autoqefale e Shqip\u00ebris\u00eb","robots":{"index":"index","follow":"follow","max-snippet":"max-snippet:-1","max-image-preview":"max-image-preview:large","max-video-preview":"max-video-preview:-1"},"canonical":"https:\/\/orthodoxalbania.org\/2020\/2007\/02\/26\/konferenca-e-dyte-boterore-e-rinise-orthodhokse-konstandinopoje-2007-anetare-te-kishes-qytetare-te-botes-korrik-2007\/","og_locale":"en_US","og_type":"article","og_title":"Konferenca e Dyt\u00eb Bot\u00ebrore e Rinis\u00eb Orthodhokse, Konstandinopoj\u00eb 2007 \u201cAn\u00ebtar\u00eb t\u00eb Kish\u00ebs \u2013 Qytetar\u00eb t\u00eb Bot\u00ebs\u201d. (Korrik 2007) - Kisha Orthodh\u03bfkse Autoqefale e Shqip\u00ebris\u00eb","og_description":"&nbsp;&nbsp;&nbsp; Rreth n\u00ebnt\u00ebqind t\u00eb rinj nga e gjith\u00eb bota u mblodh\u00ebn me ftes\u00eb t\u00eb Patriarkut Ekumenik, Vartholomeut t\u00eb I n\u00eb Konferenc\u00ebn e dyt\u00eb t\u00eb Rinis\u00eb Orthodhokse, q\u00eb u mbajt n\u00eb Kostandinopoj\u00eb nga datat 11-16 Korrik 2007. Tema kryesore e Konferenc\u00ebs ishte \u201cAn\u00ebtar\u00eb t\u00eb Kish\u00ebs \u2013 Qytetar\u00eb t\u00eb Bot\u00ebs\u201d. Konferenca e par\u00eb ishte thirrur p\u00ebrs\u00ebri n\u00eb Kostandinopoj\u00eb n\u00eb muajin Korrik t\u00eb vitit 2000. T\u00eb rinjt\u00eb orthodhoks\u00eb","og_url":"https:\/\/orthodoxalbania.org\/2020\/2007\/02\/26\/konferenca-e-dyte-boterore-e-rinise-orthodhokse-konstandinopoje-2007-anetare-te-kishes-qytetare-te-botes-korrik-2007\/","og_site_name":"Kisha Orthodh\u03bfkse Autoqefale e Shqip\u00ebris\u00eb","article_publisher":"https:\/\/www.facebook.com\/koash1991","article_published_time":"2007-02-26T00:00:00+00:00","article_modified_time":"2020-04-06T20:35:40+00:00","og_image":[{"url":"https:\/\/lh6.googleusercontent.com\/-HCEr5yKZ0W4\/VIqj7X0YXaI\/AAAAAAAAGrU\/37wLJOz8xcg\/w400-h267-no\/pic1.jpg","type":"","width":"","height":""}],"author":"Kisha Orthodhokse","twitter_card":"summary_large_image","twitter_misc":{"Written by":"Kisha Orthodhokse","Est. reading time":"9 minutes"},"schema":{"@context":"https:\/\/schema.org","@graph":[{"@type":"Article","@id":"https:\/\/orthodoxalbania.org\/2020\/2007\/02\/26\/konferenca-e-dyte-boterore-e-rinise-orthodhokse-konstandinopoje-2007-anetare-te-kishes-qytetare-te-botes-korrik-2007\/#article","isPartOf":{"@id":"https:\/\/orthodoxalbania.org\/2020\/2007\/02\/26\/konferenca-e-dyte-boterore-e-rinise-orthodhokse-konstandinopoje-2007-anetare-te-kishes-qytetare-te-botes-korrik-2007\/"},"author":{"name":"Kisha Orthodhokse","@id":"https:\/\/orthodoxalbania.org\/2020\/#\/schema\/person\/0c387634a7063ac612d7ed9ce71c7e86"},"headline":"Konferenca e Dyt\u00eb Bot\u00ebrore e Rinis\u00eb Orthodhokse, Konstandinopoj\u00eb 2007 \u201cAn\u00ebtar\u00eb t\u00eb Kish\u00ebs \u2013 Qytetar\u00eb t\u00eb Bot\u00ebs\u201d. (Korrik 2007)","datePublished":"2007-02-26T00:00:00+00:00","dateModified":"2020-04-06T20:35:40+00:00","mainEntityOfPage":{"@id":"https:\/\/orthodoxalbania.org\/2020\/2007\/02\/26\/konferenca-e-dyte-boterore-e-rinise-orthodhokse-konstandinopoje-2007-anetare-te-kishes-qytetare-te-botes-korrik-2007\/"},"wordCount":1785,"commentCount":0,"publisher":{"@id":"https:\/\/orthodoxalbania.org\/2020\/#organization"},"image":{"@id":"https:\/\/orthodoxalbania.org\/2020\/2007\/02\/26\/konferenca-e-dyte-boterore-e-rinise-orthodhokse-konstandinopoje-2007-anetare-te-kishes-qytetare-te-botes-korrik-2007\/#primaryimage"},"thumbnailUrl":"https:\/\/lh6.googleusercontent.com\/-HCEr5yKZ0W4\/VIqj7X0YXaI\/AAAAAAAAGrU\/37wLJOz8xcg\/w400-h267-no\/pic1.jpg","keywords":["2007","Deklarata - Njoftime Zyrtare","Kryepiskopata Tiran\u00eb","lajme","Rinia Orthodhokse"],"articleSection":["Lajme"],"inLanguage":"en-US"},{"@type":"WebPage","@id":"https:\/\/orthodoxalbania.org\/2020\/2007\/02\/26\/konferenca-e-dyte-boterore-e-rinise-orthodhokse-konstandinopoje-2007-anetare-te-kishes-qytetare-te-botes-korrik-2007\/","url":"https:\/\/orthodoxalbania.org\/2020\/2007\/02\/26\/konferenca-e-dyte-boterore-e-rinise-orthodhokse-konstandinopoje-2007-anetare-te-kishes-qytetare-te-botes-korrik-2007\/","name":"Konferenca e Dyt\u00eb Bot\u00ebrore e Rinis\u00eb Orthodhokse, Konstandinopoj\u00eb 2007 \u201cAn\u00ebtar\u00eb t\u00eb Kish\u00ebs \u2013 Qytetar\u00eb t\u00eb Bot\u00ebs\u201d. (Korrik 2007) - Kisha Orthodh\u03bfkse Autoqefale e Shqip\u00ebris\u00eb","isPartOf":{"@id":"https:\/\/orthodoxalbania.org\/2020\/#website"},"primaryImageOfPage":{"@id":"https:\/\/orthodoxalbania.org\/2020\/2007\/02\/26\/konferenca-e-dyte-boterore-e-rinise-orthodhokse-konstandinopoje-2007-anetare-te-kishes-qytetare-te-botes-korrik-2007\/#primaryimage"},"image":{"@id":"https:\/\/orthodoxalbania.org\/2020\/2007\/02\/26\/konferenca-e-dyte-boterore-e-rinise-orthodhokse-konstandinopoje-2007-anetare-te-kishes-qytetare-te-botes-korrik-2007\/#primaryimage"},"thumbnailUrl":"https:\/\/lh6.googleusercontent.com\/-HCEr5yKZ0W4\/VIqj7X0YXaI\/AAAAAAAAGrU\/37wLJOz8xcg\/w400-h267-no\/pic1.jpg","datePublished":"2007-02-26T00:00:00+00:00","dateModified":"2020-04-06T20:35:40+00:00","breadcrumb":{"@id":"https:\/\/orthodoxalbania.org\/2020\/2007\/02\/26\/konferenca-e-dyte-boterore-e-rinise-orthodhokse-konstandinopoje-2007-anetare-te-kishes-qytetare-te-botes-korrik-2007\/#breadcrumb"},"inLanguage":"en-US","potentialAction":[{"@type":"ReadAction","target":["https:\/\/orthodoxalbania.org\/2020\/2007\/02\/26\/konferenca-e-dyte-boterore-e-rinise-orthodhokse-konstandinopoje-2007-anetare-te-kishes-qytetare-te-botes-korrik-2007\/"]}]},{"@type":"ImageObject","inLanguage":"en-US","@id":"https:\/\/orthodoxalbania.org\/2020\/2007\/02\/26\/konferenca-e-dyte-boterore-e-rinise-orthodhokse-konstandinopoje-2007-anetare-te-kishes-qytetare-te-botes-korrik-2007\/#primaryimage","url":"https:\/\/lh6.googleusercontent.com\/-HCEr5yKZ0W4\/VIqj7X0YXaI\/AAAAAAAAGrU\/37wLJOz8xcg\/w400-h267-no\/pic1.jpg","contentUrl":"https:\/\/lh6.googleusercontent.com\/-HCEr5yKZ0W4\/VIqj7X0YXaI\/AAAAAAAAGrU\/37wLJOz8xcg\/w400-h267-no\/pic1.jpg"},{"@type":"BreadcrumbList","@id":"https:\/\/orthodoxalbania.org\/2020\/2007\/02\/26\/konferenca-e-dyte-boterore-e-rinise-orthodhokse-konstandinopoje-2007-anetare-te-kishes-qytetare-te-botes-korrik-2007\/#breadcrumb","itemListElement":[{"@type":"ListItem","position":1,"name":"Home","item":"https:\/\/orthodoxalbania.org\/2020\/"},{"@type":"ListItem","position":2,"name":"Konferenca e Dyt\u00eb Bot\u00ebrore e Rinis\u00eb Orthodhokse, Konstandinopoj\u00eb 2007 \u201cAn\u00ebtar\u00eb t\u00eb Kish\u00ebs \u2013 Qytetar\u00eb t\u00eb Bot\u00ebs\u201d. (Korrik 2007)"}]},{"@type":"WebSite","@id":"https:\/\/orthodoxalbania.org\/2020\/#website","url":"https:\/\/orthodoxalbania.org\/2020\/","name":"Kisha Orthodh\u03bfkse Autoqefale e Shqip\u00ebris\u00eb","description":"Fqja Zyrtare e Kish\u00ebs Orthodhokse Autoqefale e Shqip\u00ebris\u00eb me lajmet edhe informacionet zyrtare p\u00ebr struktur\u00ebn edhe veprimtarin e saj.","publisher":{"@id":"https:\/\/orthodoxalbania.org\/2020\/#organization"},"potentialAction":[{"@type":"SearchAction","target":{"@type":"EntryPoint","urlTemplate":"https:\/\/orthodoxalbania.org\/2020\/?s={search_term_string}"},"query-input":{"@type":"PropertyValueSpecification","valueRequired":true,"valueName":"search_term_string"}}],"inLanguage":"en-US"},{"@type":"Organization","@id":"https:\/\/orthodoxalbania.org\/2020\/#organization","name":"Kisha Orthodhokse Autoqefale e Shqip\u00ebris\u00eb","url":"https:\/\/orthodoxalbania.org\/2020\/","logo":{"@type":"ImageObject","inLanguage":"en-US","@id":"https:\/\/orthodoxalbania.org\/2020\/#\/schema\/logo\/image\/","url":"https:\/\/orthodoxalbania.org\/2020\/wp-content\/uploads\/2020\/05\/albania.jpeg","contentUrl":"https:\/\/orthodoxalbania.org\/2020\/wp-content\/uploads\/2020\/05\/albania.jpeg","width":540,"height":540,"caption":"Kisha Orthodhokse Autoqefale e Shqip\u00ebris\u00eb"},"image":{"@id":"https:\/\/orthodoxalbania.org\/2020\/#\/schema\/logo\/image\/"},"sameAs":["https:\/\/www.facebook.com\/koash1991"]},{"@type":"Person","@id":"https:\/\/orthodoxalbania.org\/2020\/#\/schema\/person\/0c387634a7063ac612d7ed9ce71c7e86","name":"Kisha Orthodhokse","image":{"@type":"ImageObject","inLanguage":"en-US","@id":"https:\/\/secure.gravatar.com\/avatar\/596e7c417251e30f2fbb9c00e026fce61a695a00e51c889caded71c96cbbdde5?s=96&d=mm&r=g","url":"https:\/\/secure.gravatar.com\/avatar\/596e7c417251e30f2fbb9c00e026fce61a695a00e51c889caded71c96cbbdde5?s=96&d=mm&r=g","contentUrl":"https:\/\/secure.gravatar.com\/avatar\/596e7c417251e30f2fbb9c00e026fce61a695a00e51c889caded71c96cbbdde5?s=96&d=mm&r=g","caption":"Kisha Orthodhokse"}}]}},"_links":{"self":[{"href":"https:\/\/orthodoxalbania.org\/2020\/wp-json\/wp\/v2\/posts\/183","targetHints":{"allow":["GET"]}}],"collection":[{"href":"https:\/\/orthodoxalbania.org\/2020\/wp-json\/wp\/v2\/posts"}],"about":[{"href":"https:\/\/orthodoxalbania.org\/2020\/wp-json\/wp\/v2\/types\/post"}],"author":[{"embeddable":true,"href":"https:\/\/orthodoxalbania.org\/2020\/wp-json\/wp\/v2\/users\/1"}],"replies":[{"embeddable":true,"href":"https:\/\/orthodoxalbania.org\/2020\/wp-json\/wp\/v2\/comments?post=183"}],"version-history":[{"count":1,"href":"https:\/\/orthodoxalbania.org\/2020\/wp-json\/wp\/v2\/posts\/183\/revisions"}],"predecessor-version":[{"id":15738,"href":"https:\/\/orthodoxalbania.org\/2020\/wp-json\/wp\/v2\/posts\/183\/revisions\/15738"}],"wp:attachment":[{"href":"https:\/\/orthodoxalbania.org\/2020\/wp-json\/wp\/v2\/media?parent=183"}],"wp:term":[{"taxonomy":"category","embeddable":true,"href":"https:\/\/orthodoxalbania.org\/2020\/wp-json\/wp\/v2\/categories?post=183"},{"taxonomy":"post_tag","embeddable":true,"href":"https:\/\/orthodoxalbania.org\/2020\/wp-json\/wp\/v2\/tags?post=183"}],"curies":[{"name":"wp","href":"https:\/\/api.w.org\/{rel}","templated":true}]}}