{"id":180,"date":"2006-02-26T00:00:00","date_gmt":"2006-02-26T00:00:00","guid":{"rendered":""},"modified":"2020-04-06T22:35:59","modified_gmt":"2020-04-06T20:35:59","slug":"kampi-i-trete-i-vajzave-bariu-i-mire-ne-shen-joan-vladimir-gusht-06","status":"publish","type":"post","link":"https:\/\/orthodoxalbania.org\/2020\/2006\/02\/26\/kampi-i-trete-i-vajzave-bariu-i-mire-ne-shen-joan-vladimir-gusht-06\/","title":{"rendered":"Kampi i tret\u00eb i vajzave \u201cBariu i Mir\u00eb\u201d n\u00eb Sh\u00ebn Joan Vladimir. (7 &#8211; 18 Gusht 2006)"},"content":{"rendered":"<div style=\"text-align: justify;\"><span style=\"color: #000000; font-family: helvetica; font-size: 12pt;\">&nbsp;&nbsp;&nbsp; Dit\u00ebt pasojn\u00eb nj\u00ebra &#8211; tjetr\u00ebn, nd\u00ebrsa mrekullia e nj\u00eb jete t\u00eb bekuar n\u00eb nj\u00eb familje t\u00eb madhe vazhdon edhe p\u00ebr 12 dit\u00eb t\u00eb tjera n\u00eb manastirin e bukur dhe t\u00eb qet\u00eb t\u00eb Sh\u00ebn Joan Vladimirit. N\u00eb k\u00ebt\u00eb manastir, nga datat 7 &#8211; 18 gusht 2006 u zhvillua kampi i tret\u00eb i vajzave, n\u00eb t\u00eb cilin merrnin pjes\u00eb rreth 55 vajza nga zona t\u00eb ndryshme si Tirana, Elbasani, Kor\u00e7a, Prespa, Fieri, Berati, Lushnja, Vlora etj.<br \/> <\/span><\/div>\n<div style=\"text-align: justify;\"><span style=\"font-family: helvetica; font-size: 12pt;\"><\/span><\/div>\n<div style=\"text-align: justify;\"><span style=\"color: #000000; font-family: helvetica; font-size: 12pt;\">&nbsp;&nbsp;&nbsp; Ky kamp u organizua dhe u drejtua nga Markela Karaj, katekiste e Kish\u00ebs son\u00eb dhe m\u00ebsuese n\u00eb kopshtin e Elbasanit si dhe nga Varvara Bo\u00e7o, nga Kor\u00e7a, e diplomuar n\u00eb Akademin\u00eb Teologjike n\u00eb Sh\u00ebn Vlash dhe tani studente e deg\u00ebs filologjike n\u00eb Greqi. Drejtuese grupesh ishin Mikea Marku, Eleni Krakulli vajza t\u00eb sapodiplomuara nga Akademia Teologjike, Klaudja Karaj m\u00ebsuese p\u00ebr ciklin e ul\u00ebt Elbasan, Sofia Bregu studente n\u00eb Akademin\u00eb Teologjike, Irini Davidhi e diplomuar n\u00eb Akademin\u00eb Teologjike dhe studente n\u00eb fakultetin e Mjek\u00ebsis\u00eb, Dafina Davidhi studente p\u00ebr informatik\u00eb dhe p\u00ebrgjegj\u00ebse p\u00ebr aktivitetet e ve\u00e7anta ishin Lindita Lushka, koordinatore p\u00ebr Qytetin Studenti si edhe Marjeta Gorreja punonj\u00ebse n\u00eb Zyr\u00ebn e Kopshteve.<br \/> <\/span><\/div>\n<div style=\"text-align: justify;\"><span style=\"font-family: helvetica; font-size: 12pt;\"><\/span><\/div>\n<div style=\"text-align: justify;\"><span style=\"color: #000000; font-family: helvetica; font-size: 12pt;\">&nbsp;&nbsp;&nbsp; Programi i dit\u00ebve t\u00eb kampit u dha mund\u00ebsi t\u00eb gjitha vajzave t\u00eb m\u00ebsojn\u00eb sa m\u00eb shum\u00eb p\u00ebr jet\u00ebn e krishter\u00eb dhe t\u00eb fillojn\u00eb t\u00eb jetojn\u00eb nj\u00eb jet\u00eb t\u00eb till\u00eb n\u00eb ambjentet familjare, n\u00eb sht\u00ebpit\u00eb e tyre.<br \/> <\/span><\/div>\n<div style=\"text-align: justify;\"><span style=\"font-family: helvetica; font-size: 12pt;\"><\/span><\/div>\n<div style=\"text-align: justify;\"><span style=\"color: #000000; font-family: helvetica; font-size: 12pt;\">&nbsp;&nbsp;&nbsp; \u00c7do dit\u00eb n\u00eb kamp fillonte dhe mbaronte me lutje. Koha e qet\u00eb \u00e7do dit\u00eb pas lutjes s\u00eb m\u00ebngjesit ishte momenti m\u00eb personal me Per\u00ebndin\u00eb p\u00ebr secil\u00ebn nga vajzat pjes\u00ebmarr\u00ebse. Gjat\u00eb koh\u00ebs s\u00eb studimit biblik drejtueset e grupeve u m\u00ebsonin vajzave parimet themelore t\u00eb jet\u00ebs s\u00eb krishter\u00eb si: t\u00eb jemi aktiv\u00eb n\u00eb jet\u00ebn misteriale t\u00eb Kish\u00ebs, t\u00eb lutemi dhe t\u00eb kreshmojm\u00eb, t\u00eb studjojm\u00eb Shkrimin e Shenjt\u00eb, t\u00eb d\u00ebshmojm\u00eb dhe t\u00eb ndajm\u00eb besimin me t\u00eb tjer\u00eb dhe t\u2019i bindemi vullnetit t\u00eb Per\u00ebndis\u00eb.<br \/> <\/span><\/div>\n<div style=\"text-align: justify;\"><span style=\"font-family: helvetica; font-size: 12pt;\"><\/span><\/div>\n<div style=\"text-align: justify;\"><span style=\"color: #000000; font-family: helvetica; font-size: 12pt;\">&nbsp;&nbsp;&nbsp; Gjithashtu gjat\u00eb dit\u00ebve t\u00eb kampit vajzat pat\u00ebn mund\u00ebsin\u00eb t\u00eb d\u00ebgjonin dhe t\u00eb ishin pjes\u00ebmarr\u00ebse aktive n\u00eb referatet dhe diskutimet e mbajtura n\u00eb grup t\u00eb madh, temat e t\u00eb cilave u shk\u00ebput\u00ebn nga letra e apostull Pavlit drejtuar Romak\u00ebve kapitulli 12:9-21. Referuesit e k\u00ebtyre temave ishin Arkimandrit Andon Merdani, z. Nathan Hoppe, imzot Ignati dhe znj. Lynette Hoppe.<br \/> <\/span><\/div>\n<div style=\"text-align: justify;\"><span style=\"font-family: helvetica; font-size: 12pt;\"><\/span><\/div>\n<div style=\"text-align: justify;\"><span style=\"color: #000000; font-family: helvetica; font-size: 12pt;\">&nbsp;&nbsp;&nbsp; Referatet e tjera mbi Familjen e Krishter\u00eb dhe P\u00ebrgatitja p\u00ebr fundin e jet\u00ebs ishin mjaft interesante dhe shum\u00eb t\u00eb dobishme p\u00ebr t\u00eb gjitha vajzat. Prifti i kampit at\u00eb Viktor B\u00ebrdufi shpjegoi p\u00ebr vajzat Liturgjin\u00eb Hyjnore dhe t\u00eb gjitha sh\u00ebrbesat kishtare, q\u00eb u kryen n\u00eb kamp.<br \/> <\/span><\/div>\n<div style=\"text-align: justify;\"><span style=\"font-family: helvetica; font-size: 12pt;\"><\/span><\/div>\n<div style=\"text-align: justify;\"><span style=\"color: #000000; font-family: helvetica; font-size: 12pt;\">&nbsp;&nbsp;&nbsp; Aktivitetet e tjera si puna e dor\u00ebs, konkursi sportiv, konkursi i veshjes m\u00eb t\u00eb bukur, nata e ve\u00e7ant\u00eb, sh\u00ebtitjet n\u00eb mal i b\u00ebn\u00eb edhe m\u00eb t\u00eb larmishme dit\u00ebt e kampit. 9 vajza u bashkuan me Krishtin dhe filluan udh\u00ebtimin e tyre drejt shenjt\u00ebrimit me an\u00eb t\u00eb misterit t\u00eb Pag\u00ebzimit t\u00eb Shenjt\u00eb.<br \/> <\/span><\/div>\n<div style=\"text-align: justify;\"><span style=\"font-family: helvetica; font-size: 12pt;\"><\/span><\/div>\n<div style=\"text-align: justify;\"><span style=\"color: #000000; font-family: helvetica; font-size: 12pt;\">&nbsp;&nbsp;&nbsp; N\u00eb k\u00ebt\u00eb kamp vajzat u bekuan edhe nga vizita e ngroht\u00eb e Fortlumturis\u00eb s\u00eb Tij Kryepiskopit Anastas. Gjat\u00eb k\u00ebsaj vizite vajzat diskutuan me Bariun e Kish\u00ebs, me at\u00eb, i cili b\u00ebn t\u00eb mundur \u00e7do vit realizimin e k\u00ebtij aktiviteti me kujdesin e tij t\u00eb ve\u00e7ant\u00eb dhe mb\u00ebshtetjen financiare, p\u00ebr tema t\u00eb ndryshme. Gjithashtu ato diskutuan edhe p\u00ebr p\u00ebrvoj\u00ebn e tyre gjat\u00eb dit\u00ebve t\u00eb kampit si edhe p\u00ebr fillimin e jet\u00ebs s\u00eb re me Krishtin.<br \/> <\/span><\/div>\n<div style=\"text-align: justify;\"><span style=\"font-family: helvetica; font-size: 12pt;\"><\/span><\/div>\n<div style=\"text-align: justify;\"><span style=\"color: #000000; font-family: helvetica; font-size: 12pt;\">&nbsp;&nbsp;&nbsp; Me falenderim dhe mir\u00ebnjohje p\u00ebr t\u00eb gjith\u00eb ata q\u00eb punuan p\u00ebr k\u00ebt\u00eb aktivitet, vajzat u larguan nga kampi me urimin: Mir\u00eb u takofshim n\u00eb kampin dim\u00ebror!<\/p>\n<p> <strong>Ana Baba<br \/> P\u00ebrgjegj\u00ebse e kampeve t\u00eb vajzave n\u00eb Sh\u00ebn Joan Vladimir<\/strong><\/span><\/div>\n","protected":false},"excerpt":{"rendered":"<p>&nbsp;&nbsp;&nbsp; Dit\u00ebt pasojn\u00eb nj\u00ebra &#8211; tjetr\u00ebn, nd\u00ebrsa mrekullia e nj\u00eb jete t\u00eb bekuar n\u00eb nj\u00eb familje t\u00eb madhe vazhdon edhe p\u00ebr 12 dit\u00eb t\u00eb tjera n\u00eb manastirin e bukur dhe t\u00eb qet\u00eb t\u00eb Sh\u00ebn Joan Vladimirit. N\u00eb k\u00ebt\u00eb manastir, nga datat 7 &#8211; 18 gusht 2006 u zhvillua kampi i tret\u00eb i vajzave, n\u00eb t\u00eb cilin merrnin pjes\u00eb rreth 55 vajza nga zona t\u00eb ndryshme<\/p>\n","protected":false},"author":1,"featured_media":0,"comment_status":"open","ping_status":"open","sticky":false,"template":"","format":"standard","meta":{"_acf_changed":false,"pagelayer_contact_templates":[],"_pagelayer_content":"","inline_featured_image":false,"fifu_image_url":"","fifu_image_alt":"","footnotes":""},"categories":[108],"tags":[148,200,196,212,176],"class_list":["post-180","post","type-post","status-publish","format-standard","hentry","category-lajme","tag-148","tag-kampe-verore","tag-tirane","tag-lajme-d27","tag-rinia-orthodhokse"],"acf":[],"yoast_head":"<!-- This site is optimized with the Yoast SEO plugin v27.2 - https:\/\/yoast.com\/product\/yoast-seo-wordpress\/ -->\n<title>Kampi i tret\u00eb i vajzave \u201cBariu i Mir\u00eb\u201d n\u00eb Sh\u00ebn Joan Vladimir. (7 - 18 Gusht 2006) - Kisha Orthodh\u03bfkse Autoqefale e Shqip\u00ebris\u00eb<\/title>\n<meta name=\"robots\" content=\"index, follow, max-snippet:-1, max-image-preview:large, max-video-preview:-1\" \/>\n<link rel=\"canonical\" href=\"https:\/\/orthodoxalbania.org\/2020\/2006\/02\/26\/kampi-i-trete-i-vajzave-bariu-i-mire-ne-shen-joan-vladimir-gusht-06\/\" \/>\n<meta property=\"og:locale\" content=\"en_US\" \/>\n<meta property=\"og:type\" content=\"article\" \/>\n<meta property=\"og:title\" content=\"Kampi i tret\u00eb i vajzave \u201cBariu i Mir\u00eb\u201d n\u00eb Sh\u00ebn Joan Vladimir. (7 - 18 Gusht 2006) - Kisha Orthodh\u03bfkse Autoqefale e Shqip\u00ebris\u00eb\" \/>\n<meta property=\"og:description\" content=\"&nbsp;&nbsp;&nbsp; Dit\u00ebt pasojn\u00eb nj\u00ebra &#8211; tjetr\u00ebn, nd\u00ebrsa mrekullia e nj\u00eb jete t\u00eb bekuar n\u00eb nj\u00eb familje t\u00eb madhe vazhdon edhe p\u00ebr 12 dit\u00eb t\u00eb tjera n\u00eb manastirin e bukur dhe t\u00eb qet\u00eb t\u00eb Sh\u00ebn Joan Vladimirit. N\u00eb k\u00ebt\u00eb manastir, nga datat 7 &#8211; 18 gusht 2006 u zhvillua kampi i tret\u00eb i vajzave, n\u00eb t\u00eb cilin merrnin pjes\u00eb rreth 55 vajza nga zona t\u00eb ndryshme\" \/>\n<meta property=\"og:url\" content=\"https:\/\/orthodoxalbania.org\/2020\/2006\/02\/26\/kampi-i-trete-i-vajzave-bariu-i-mire-ne-shen-joan-vladimir-gusht-06\/\" \/>\n<meta property=\"og:site_name\" content=\"Kisha Orthodh\u03bfkse Autoqefale e Shqip\u00ebris\u00eb\" \/>\n<meta property=\"article:publisher\" content=\"https:\/\/www.facebook.com\/koash1991\" \/>\n<meta property=\"article:published_time\" content=\"2006-02-26T00:00:00+00:00\" \/>\n<meta property=\"article:modified_time\" content=\"2020-04-06T20:35:59+00:00\" \/>\n<meta property=\"og:image\" content=\"https:\/\/orthodoxalbania.org\/2020\/wp-content\/uploads\/2021\/02\/LogoLastALb-200.png\" \/>\n\t<meta property=\"og:image:width\" content=\"200\" \/>\n\t<meta property=\"og:image:height\" content=\"172\" \/>\n\t<meta property=\"og:image:type\" content=\"image\/png\" \/>\n<meta name=\"author\" content=\"Kisha Orthodhokse\" \/>\n<meta name=\"twitter:card\" content=\"summary_large_image\" \/>\n<meta name=\"twitter:label1\" content=\"Written by\" \/>\n\t<meta name=\"twitter:data1\" content=\"Kisha Orthodhokse\" \/>\n\t<meta name=\"twitter:label2\" content=\"Est. reading time\" \/>\n\t<meta name=\"twitter:data2\" content=\"3 minutes\" \/>\n<script type=\"application\/ld+json\" class=\"yoast-schema-graph\">{\"@context\":\"https:\/\/schema.org\",\"@graph\":[{\"@type\":\"Article\",\"@id\":\"https:\/\/orthodoxalbania.org\/2020\/2006\/02\/26\/kampi-i-trete-i-vajzave-bariu-i-mire-ne-shen-joan-vladimir-gusht-06\/#article\",\"isPartOf\":{\"@id\":\"https:\/\/orthodoxalbania.org\/2020\/2006\/02\/26\/kampi-i-trete-i-vajzave-bariu-i-mire-ne-shen-joan-vladimir-gusht-06\/\"},\"author\":{\"name\":\"Kisha Orthodhokse\",\"@id\":\"https:\/\/orthodoxalbania.org\/2020\/#\/schema\/person\/0c387634a7063ac612d7ed9ce71c7e86\"},\"headline\":\"Kampi i tret\u00eb i vajzave \u201cBariu i Mir\u00eb\u201d n\u00eb Sh\u00ebn Joan Vladimir. (7 &#8211; 18 Gusht 2006)\",\"datePublished\":\"2006-02-26T00:00:00+00:00\",\"dateModified\":\"2020-04-06T20:35:59+00:00\",\"mainEntityOfPage\":{\"@id\":\"https:\/\/orthodoxalbania.org\/2020\/2006\/02\/26\/kampi-i-trete-i-vajzave-bariu-i-mire-ne-shen-joan-vladimir-gusht-06\/\"},\"wordCount\":693,\"commentCount\":0,\"publisher\":{\"@id\":\"https:\/\/orthodoxalbania.org\/2020\/#organization\"},\"keywords\":[\"2006\",\"Kampe verore\",\"Kryepiskopata Tiran\u00eb\",\"lajme\",\"Rinia Orthodhokse\"],\"articleSection\":[\"Lajme\"],\"inLanguage\":\"en-US\"},{\"@type\":\"WebPage\",\"@id\":\"https:\/\/orthodoxalbania.org\/2020\/2006\/02\/26\/kampi-i-trete-i-vajzave-bariu-i-mire-ne-shen-joan-vladimir-gusht-06\/\",\"url\":\"https:\/\/orthodoxalbania.org\/2020\/2006\/02\/26\/kampi-i-trete-i-vajzave-bariu-i-mire-ne-shen-joan-vladimir-gusht-06\/\",\"name\":\"Kampi i tret\u00eb i vajzave \u201cBariu i Mir\u00eb\u201d n\u00eb Sh\u00ebn Joan Vladimir. (7 - 18 Gusht 2006) - Kisha Orthodh\u03bfkse Autoqefale e Shqip\u00ebris\u00eb\",\"isPartOf\":{\"@id\":\"https:\/\/orthodoxalbania.org\/2020\/#website\"},\"datePublished\":\"2006-02-26T00:00:00+00:00\",\"dateModified\":\"2020-04-06T20:35:59+00:00\",\"breadcrumb\":{\"@id\":\"https:\/\/orthodoxalbania.org\/2020\/2006\/02\/26\/kampi-i-trete-i-vajzave-bariu-i-mire-ne-shen-joan-vladimir-gusht-06\/#breadcrumb\"},\"inLanguage\":\"en-US\",\"potentialAction\":[{\"@type\":\"ReadAction\",\"target\":[\"https:\/\/orthodoxalbania.org\/2020\/2006\/02\/26\/kampi-i-trete-i-vajzave-bariu-i-mire-ne-shen-joan-vladimir-gusht-06\/\"]}]},{\"@type\":\"BreadcrumbList\",\"@id\":\"https:\/\/orthodoxalbania.org\/2020\/2006\/02\/26\/kampi-i-trete-i-vajzave-bariu-i-mire-ne-shen-joan-vladimir-gusht-06\/#breadcrumb\",\"itemListElement\":[{\"@type\":\"ListItem\",\"position\":1,\"name\":\"Home\",\"item\":\"https:\/\/orthodoxalbania.org\/2020\/\"},{\"@type\":\"ListItem\",\"position\":2,\"name\":\"Kampi i tret\u00eb i vajzave \u201cBariu i Mir\u00eb\u201d n\u00eb Sh\u00ebn Joan Vladimir. (7 &#8211; 18 Gusht 2006)\"}]},{\"@type\":\"WebSite\",\"@id\":\"https:\/\/orthodoxalbania.org\/2020\/#website\",\"url\":\"https:\/\/orthodoxalbania.org\/2020\/\",\"name\":\"Kisha Orthodh\u03bfkse Autoqefale e Shqip\u00ebris\u00eb\",\"description\":\"Fqja Zyrtare e Kish\u00ebs Orthodhokse Autoqefale e Shqip\u00ebris\u00eb me lajmet edhe informacionet zyrtare p\u00ebr struktur\u00ebn edhe veprimtarin e saj.\",\"publisher\":{\"@id\":\"https:\/\/orthodoxalbania.org\/2020\/#organization\"},\"potentialAction\":[{\"@type\":\"SearchAction\",\"target\":{\"@type\":\"EntryPoint\",\"urlTemplate\":\"https:\/\/orthodoxalbania.org\/2020\/?s={search_term_string}\"},\"query-input\":{\"@type\":\"PropertyValueSpecification\",\"valueRequired\":true,\"valueName\":\"search_term_string\"}}],\"inLanguage\":\"en-US\"},{\"@type\":\"Organization\",\"@id\":\"https:\/\/orthodoxalbania.org\/2020\/#organization\",\"name\":\"Kisha Orthodhokse Autoqefale e Shqip\u00ebris\u00eb\",\"url\":\"https:\/\/orthodoxalbania.org\/2020\/\",\"logo\":{\"@type\":\"ImageObject\",\"inLanguage\":\"en-US\",\"@id\":\"https:\/\/orthodoxalbania.org\/2020\/#\/schema\/logo\/image\/\",\"url\":\"https:\/\/orthodoxalbania.org\/2020\/wp-content\/uploads\/2020\/05\/albania.jpeg\",\"contentUrl\":\"https:\/\/orthodoxalbania.org\/2020\/wp-content\/uploads\/2020\/05\/albania.jpeg\",\"width\":540,\"height\":540,\"caption\":\"Kisha Orthodhokse Autoqefale e Shqip\u00ebris\u00eb\"},\"image\":{\"@id\":\"https:\/\/orthodoxalbania.org\/2020\/#\/schema\/logo\/image\/\"},\"sameAs\":[\"https:\/\/www.facebook.com\/koash1991\"]},{\"@type\":\"Person\",\"@id\":\"https:\/\/orthodoxalbania.org\/2020\/#\/schema\/person\/0c387634a7063ac612d7ed9ce71c7e86\",\"name\":\"Kisha Orthodhokse\",\"image\":{\"@type\":\"ImageObject\",\"inLanguage\":\"en-US\",\"@id\":\"https:\/\/secure.gravatar.com\/avatar\/596e7c417251e30f2fbb9c00e026fce61a695a00e51c889caded71c96cbbdde5?s=96&d=mm&r=g\",\"url\":\"https:\/\/secure.gravatar.com\/avatar\/596e7c417251e30f2fbb9c00e026fce61a695a00e51c889caded71c96cbbdde5?s=96&d=mm&r=g\",\"contentUrl\":\"https:\/\/secure.gravatar.com\/avatar\/596e7c417251e30f2fbb9c00e026fce61a695a00e51c889caded71c96cbbdde5?s=96&d=mm&r=g\",\"caption\":\"Kisha Orthodhokse\"}}]}<\/script>\n<!-- \/ Yoast SEO plugin. -->","yoast_head_json":{"title":"Kampi i tret\u00eb i vajzave \u201cBariu i Mir\u00eb\u201d n\u00eb Sh\u00ebn Joan Vladimir. (7 - 18 Gusht 2006) - Kisha Orthodh\u03bfkse Autoqefale e Shqip\u00ebris\u00eb","robots":{"index":"index","follow":"follow","max-snippet":"max-snippet:-1","max-image-preview":"max-image-preview:large","max-video-preview":"max-video-preview:-1"},"canonical":"https:\/\/orthodoxalbania.org\/2020\/2006\/02\/26\/kampi-i-trete-i-vajzave-bariu-i-mire-ne-shen-joan-vladimir-gusht-06\/","og_locale":"en_US","og_type":"article","og_title":"Kampi i tret\u00eb i vajzave \u201cBariu i Mir\u00eb\u201d n\u00eb Sh\u00ebn Joan Vladimir. (7 - 18 Gusht 2006) - Kisha Orthodh\u03bfkse Autoqefale e Shqip\u00ebris\u00eb","og_description":"&nbsp;&nbsp;&nbsp; Dit\u00ebt pasojn\u00eb nj\u00ebra &#8211; tjetr\u00ebn, nd\u00ebrsa mrekullia e nj\u00eb jete t\u00eb bekuar n\u00eb nj\u00eb familje t\u00eb madhe vazhdon edhe p\u00ebr 12 dit\u00eb t\u00eb tjera n\u00eb manastirin e bukur dhe t\u00eb qet\u00eb t\u00eb Sh\u00ebn Joan Vladimirit. N\u00eb k\u00ebt\u00eb manastir, nga datat 7 &#8211; 18 gusht 2006 u zhvillua kampi i tret\u00eb i vajzave, n\u00eb t\u00eb cilin merrnin pjes\u00eb rreth 55 vajza nga zona t\u00eb ndryshme","og_url":"https:\/\/orthodoxalbania.org\/2020\/2006\/02\/26\/kampi-i-trete-i-vajzave-bariu-i-mire-ne-shen-joan-vladimir-gusht-06\/","og_site_name":"Kisha Orthodh\u03bfkse Autoqefale e Shqip\u00ebris\u00eb","article_publisher":"https:\/\/www.facebook.com\/koash1991","article_published_time":"2006-02-26T00:00:00+00:00","article_modified_time":"2020-04-06T20:35:59+00:00","og_image":[{"width":200,"height":172,"url":"https:\/\/orthodoxalbania.org\/2020\/wp-content\/uploads\/2021\/02\/LogoLastALb-200.png","type":"image\/png"}],"author":"Kisha Orthodhokse","twitter_card":"summary_large_image","twitter_misc":{"Written by":"Kisha Orthodhokse","Est. reading time":"3 minutes"},"schema":{"@context":"https:\/\/schema.org","@graph":[{"@type":"Article","@id":"https:\/\/orthodoxalbania.org\/2020\/2006\/02\/26\/kampi-i-trete-i-vajzave-bariu-i-mire-ne-shen-joan-vladimir-gusht-06\/#article","isPartOf":{"@id":"https:\/\/orthodoxalbania.org\/2020\/2006\/02\/26\/kampi-i-trete-i-vajzave-bariu-i-mire-ne-shen-joan-vladimir-gusht-06\/"},"author":{"name":"Kisha Orthodhokse","@id":"https:\/\/orthodoxalbania.org\/2020\/#\/schema\/person\/0c387634a7063ac612d7ed9ce71c7e86"},"headline":"Kampi i tret\u00eb i vajzave \u201cBariu i Mir\u00eb\u201d n\u00eb Sh\u00ebn Joan Vladimir. (7 &#8211; 18 Gusht 2006)","datePublished":"2006-02-26T00:00:00+00:00","dateModified":"2020-04-06T20:35:59+00:00","mainEntityOfPage":{"@id":"https:\/\/orthodoxalbania.org\/2020\/2006\/02\/26\/kampi-i-trete-i-vajzave-bariu-i-mire-ne-shen-joan-vladimir-gusht-06\/"},"wordCount":693,"commentCount":0,"publisher":{"@id":"https:\/\/orthodoxalbania.org\/2020\/#organization"},"keywords":["2006","Kampe verore","Kryepiskopata Tiran\u00eb","lajme","Rinia Orthodhokse"],"articleSection":["Lajme"],"inLanguage":"en-US"},{"@type":"WebPage","@id":"https:\/\/orthodoxalbania.org\/2020\/2006\/02\/26\/kampi-i-trete-i-vajzave-bariu-i-mire-ne-shen-joan-vladimir-gusht-06\/","url":"https:\/\/orthodoxalbania.org\/2020\/2006\/02\/26\/kampi-i-trete-i-vajzave-bariu-i-mire-ne-shen-joan-vladimir-gusht-06\/","name":"Kampi i tret\u00eb i vajzave \u201cBariu i Mir\u00eb\u201d n\u00eb Sh\u00ebn Joan Vladimir. (7 - 18 Gusht 2006) - Kisha Orthodh\u03bfkse Autoqefale e Shqip\u00ebris\u00eb","isPartOf":{"@id":"https:\/\/orthodoxalbania.org\/2020\/#website"},"datePublished":"2006-02-26T00:00:00+00:00","dateModified":"2020-04-06T20:35:59+00:00","breadcrumb":{"@id":"https:\/\/orthodoxalbania.org\/2020\/2006\/02\/26\/kampi-i-trete-i-vajzave-bariu-i-mire-ne-shen-joan-vladimir-gusht-06\/#breadcrumb"},"inLanguage":"en-US","potentialAction":[{"@type":"ReadAction","target":["https:\/\/orthodoxalbania.org\/2020\/2006\/02\/26\/kampi-i-trete-i-vajzave-bariu-i-mire-ne-shen-joan-vladimir-gusht-06\/"]}]},{"@type":"BreadcrumbList","@id":"https:\/\/orthodoxalbania.org\/2020\/2006\/02\/26\/kampi-i-trete-i-vajzave-bariu-i-mire-ne-shen-joan-vladimir-gusht-06\/#breadcrumb","itemListElement":[{"@type":"ListItem","position":1,"name":"Home","item":"https:\/\/orthodoxalbania.org\/2020\/"},{"@type":"ListItem","position":2,"name":"Kampi i tret\u00eb i vajzave \u201cBariu i Mir\u00eb\u201d n\u00eb Sh\u00ebn Joan Vladimir. (7 &#8211; 18 Gusht 2006)"}]},{"@type":"WebSite","@id":"https:\/\/orthodoxalbania.org\/2020\/#website","url":"https:\/\/orthodoxalbania.org\/2020\/","name":"Kisha Orthodh\u03bfkse Autoqefale e Shqip\u00ebris\u00eb","description":"Fqja Zyrtare e Kish\u00ebs Orthodhokse Autoqefale e Shqip\u00ebris\u00eb me lajmet edhe informacionet zyrtare p\u00ebr struktur\u00ebn edhe veprimtarin e saj.","publisher":{"@id":"https:\/\/orthodoxalbania.org\/2020\/#organization"},"potentialAction":[{"@type":"SearchAction","target":{"@type":"EntryPoint","urlTemplate":"https:\/\/orthodoxalbania.org\/2020\/?s={search_term_string}"},"query-input":{"@type":"PropertyValueSpecification","valueRequired":true,"valueName":"search_term_string"}}],"inLanguage":"en-US"},{"@type":"Organization","@id":"https:\/\/orthodoxalbania.org\/2020\/#organization","name":"Kisha Orthodhokse Autoqefale e Shqip\u00ebris\u00eb","url":"https:\/\/orthodoxalbania.org\/2020\/","logo":{"@type":"ImageObject","inLanguage":"en-US","@id":"https:\/\/orthodoxalbania.org\/2020\/#\/schema\/logo\/image\/","url":"https:\/\/orthodoxalbania.org\/2020\/wp-content\/uploads\/2020\/05\/albania.jpeg","contentUrl":"https:\/\/orthodoxalbania.org\/2020\/wp-content\/uploads\/2020\/05\/albania.jpeg","width":540,"height":540,"caption":"Kisha Orthodhokse Autoqefale e Shqip\u00ebris\u00eb"},"image":{"@id":"https:\/\/orthodoxalbania.org\/2020\/#\/schema\/logo\/image\/"},"sameAs":["https:\/\/www.facebook.com\/koash1991"]},{"@type":"Person","@id":"https:\/\/orthodoxalbania.org\/2020\/#\/schema\/person\/0c387634a7063ac612d7ed9ce71c7e86","name":"Kisha Orthodhokse","image":{"@type":"ImageObject","inLanguage":"en-US","@id":"https:\/\/secure.gravatar.com\/avatar\/596e7c417251e30f2fbb9c00e026fce61a695a00e51c889caded71c96cbbdde5?s=96&d=mm&r=g","url":"https:\/\/secure.gravatar.com\/avatar\/596e7c417251e30f2fbb9c00e026fce61a695a00e51c889caded71c96cbbdde5?s=96&d=mm&r=g","contentUrl":"https:\/\/secure.gravatar.com\/avatar\/596e7c417251e30f2fbb9c00e026fce61a695a00e51c889caded71c96cbbdde5?s=96&d=mm&r=g","caption":"Kisha Orthodhokse"}}]}},"_links":{"self":[{"href":"https:\/\/orthodoxalbania.org\/2020\/wp-json\/wp\/v2\/posts\/180","targetHints":{"allow":["GET"]}}],"collection":[{"href":"https:\/\/orthodoxalbania.org\/2020\/wp-json\/wp\/v2\/posts"}],"about":[{"href":"https:\/\/orthodoxalbania.org\/2020\/wp-json\/wp\/v2\/types\/post"}],"author":[{"embeddable":true,"href":"https:\/\/orthodoxalbania.org\/2020\/wp-json\/wp\/v2\/users\/1"}],"replies":[{"embeddable":true,"href":"https:\/\/orthodoxalbania.org\/2020\/wp-json\/wp\/v2\/comments?post=180"}],"version-history":[{"count":1,"href":"https:\/\/orthodoxalbania.org\/2020\/wp-json\/wp\/v2\/posts\/180\/revisions"}],"predecessor-version":[{"id":15816,"href":"https:\/\/orthodoxalbania.org\/2020\/wp-json\/wp\/v2\/posts\/180\/revisions\/15816"}],"wp:attachment":[{"href":"https:\/\/orthodoxalbania.org\/2020\/wp-json\/wp\/v2\/media?parent=180"}],"wp:term":[{"taxonomy":"category","embeddable":true,"href":"https:\/\/orthodoxalbania.org\/2020\/wp-json\/wp\/v2\/categories?post=180"},{"taxonomy":"post_tag","embeddable":true,"href":"https:\/\/orthodoxalbania.org\/2020\/wp-json\/wp\/v2\/tags?post=180"}],"curies":[{"name":"wp","href":"https:\/\/api.w.org\/{rel}","templated":true}]}}