{"id":179,"date":"2007-02-26T00:00:00","date_gmt":"2007-02-26T00:00:00","guid":{"rendered":""},"modified":"2020-04-06T22:35:36","modified_gmt":"2020-04-06T20:35:36","slug":"kampi-i-trete-i-vajzave-bariu-i-mire-ne-shen-joan-vladimir-zell-dhe-krijimtari-gusht-2007","status":"publish","type":"post","link":"https:\/\/orthodoxalbania.org\/2020\/2007\/02\/26\/kampi-i-trete-i-vajzave-bariu-i-mire-ne-shen-joan-vladimir-zell-dhe-krijimtari-gusht-2007\/","title":{"rendered":"Kampi i tret\u00eb i vajzave &#8220;Bariu i Mir\u00eb&#8221; n\u00eb Sh\u00ebn Joan Vladimir Zell dhe krijimtari. (Gusht 2007)"},"content":{"rendered":"<div style=\"text-align: justify;\"><span style=\"color: #000000; font-family: helvetica; font-size: 12pt;\">&nbsp;&nbsp;&nbsp;&nbsp; Kampi i tret\u00eb n\u00eb Manastirin e Sh\u00ebn Joan Vladimirit u p\u00ebrjetua me g\u00ebzim nga t\u00eb rejat orthodhokse. Nga datat 10 -20 gusht 2007 u zhvillua kampi i fundit p\u00ebr k\u00ebt\u00eb ver\u00eb me vajza t\u00eb mosh\u00ebs 17 &#8211; 25 vje\u00e7.<\/span><\/div>\n<table id=\"AutoNumber3\" style=\"width: 665px; height: 2381px; margin-right: auto; margin-left: auto;\">\n<tbody>\n<tr>\n<td>\n<div dir=\"ltr\" style=\"text-align: justify;\"><span style=\"color: #000000; font-family: helvetica; font-size: 12pt;\">&nbsp;&nbsp;&nbsp;&nbsp; N\u00eb k\u00ebt\u00eb kamp mor\u00ebn pjes\u00eb 70 vajza nga qytete dhe fshatra t\u00eb ndryshme t\u00eb Shqip\u00ebris\u00eb si: Tirana, Durr\u00ebsi, Lushnja, Berati, Fieri, Vlora, Elbasani etj. Tema e kampit ishte e nj\u00ebjt\u00eb me dy kampet e para: \u201cKrishti u Ngjall, g\u00ebzimi im\u201d.<\/span><\/div>\n<\/td>\n<td>\n<div><span style=\"color: #000000; font-family: helvetica; font-size: 12pt;\"><img decoding=\"async\" class=\"lazyload HAa Eha\" style=\"border-width: 1px; border-style: solid; margin: 10px auto; display: block;\" alt=\"\" src=\"data:image\/svg+xml,%3Csvg%20xmlns%3D%27http%3A%2F%2Fwww.w3.org%2F2000%2Fsvg%27%20width%3D%27304%27%20height%3D%27228%27%20viewBox%3D%270%200%20304%20228%27%3E%3Crect%20width%3D%27304%27%20height%3D%27228%27%20fill-opacity%3D%220%22%2F%3E%3C%2Fsvg%3E\" data-orig-src=\"https:\/\/lh6.googleusercontent.com\/--7ZJ1PvfiWg\/VIqXJclsuvI\/AAAAAAAAGl8\/SKzV7wAixtI\/w400-h300-no\/pic1.jpg\" height=\"228\" width=\"304\" \/><\/span><\/div>\n<\/td>\n<\/tr>\n<tr>\n<td>\n<div><span style=\"color: #000000; font-family: helvetica; font-size: 12pt;\"><img decoding=\"async\" class=\"lazyload HAa Eha\" style=\"border-width: 1px; border-style: solid; margin: 10px auto; display: block;\" alt=\"\" src=\"data:image\/svg+xml,%3Csvg%20xmlns%3D%27http%3A%2F%2Fwww.w3.org%2F2000%2Fsvg%27%20width%3D%27268%27%20height%3D%27201%27%20viewBox%3D%270%200%20268%20201%27%3E%3Crect%20width%3D%27268%27%20height%3D%27201%27%20fill-opacity%3D%220%22%2F%3E%3C%2Fsvg%3E\" data-orig-src=\"https:\/\/lh4.googleusercontent.com\/-Fn-OPAgCPuI\/VIqXJlZRdvI\/AAAAAAAAGmA\/88HuKqw3U84\/w400-h300-no\/pic2.jpg\" height=\"201\" width=\"268\" \/><\/span><\/div>\n<\/td>\n<td>\n<div style=\"text-align: justify;\"><span style=\"color: #000000; font-family: helvetica; font-size: 12pt;\">&nbsp;&nbsp;&nbsp;&nbsp; Programi i kampit, por p\u00ebr m\u00eb tep\u00ebr ana shpirt\u00ebrore e kampit, ishte e lidhur me fest\u00ebn e Ngjalljes s\u00eb Zotit, e cila \u00ebsht\u00eb edhe qendra&nbsp; e besimit ton\u00eb.<\/span><\/div>\n<\/td>\n<\/tr>\n<tr>\n<td colspan=\"2\">\n<div style=\"text-align: justify;\"><span style=\"color: #000000; font-family: helvetica; font-size: 12pt;\">&nbsp;&nbsp;&nbsp;&nbsp; Dita p\u00ebrmbante aktivitete mjaft t\u00eb larmishme. Lutja e m\u00ebngjesit, pun\u00ebt rreth kampit, studimet biblike, referatet nga fol\u00ebs t\u00eb ndrysh\u00ebm si: Hir\u00ebsi Andoni, Hir\u00ebsi Nikolla, Kryedhjakon Asti, Sonila Dedja dhe Nathan Hoppe.<\/span><\/div>\n<\/td>\n<\/tr>\n<tr>\n<td>\n<div style=\"text-align: justify;\"><span style=\"color: #000000; font-family: helvetica; font-size: 12pt;\">&nbsp;&nbsp;&nbsp;&nbsp; Gjithashtu n\u00eb dit\u00ebt e zakonshme mbasditja ishte e mbushur me loj\u00ebra dhe aktivitete t\u00eb tjera. \u00c7do dit\u00eb niste dhe mbyllej me lutje drejtuar Per\u00ebndis\u00eb.<\/span><\/div>\n<\/td>\n<td>\n<div><span style=\"color: #000000; font-family: helvetica; font-size: 12pt;\"><img decoding=\"async\" class=\"lazyload HAa Eha\" style=\"border-width: 1px; border-style: solid; margin: 10px auto; display: block;\" alt=\"\" src=\"data:image\/svg+xml,%3Csvg%20xmlns%3D%27http%3A%2F%2Fwww.w3.org%2F2000%2Fsvg%27%20width%3D%27291%27%20height%3D%27218%27%20viewBox%3D%270%200%20291%20218%27%3E%3Crect%20width%3D%27291%27%20height%3D%27218%27%20fill-opacity%3D%220%22%2F%3E%3C%2Fsvg%3E\" data-orig-src=\"https:\/\/lh5.googleusercontent.com\/-otcMB28kTwg\/VIqXJixKqvI\/AAAAAAAAGmU\/YoJ8-JUse44\/w400-h300-no\/pic4.jpg\" height=\"218\" width=\"291\" \/><\/span><\/div>\n<\/td>\n<\/tr>\n<tr>\n<td>\n<div><span style=\"color: #000000; font-family: helvetica; font-size: 12pt;\"><img decoding=\"async\" class=\"lazyload HAa Eha\" style=\"border-width: 1px; border-style: solid; margin: 10px auto; display: block;\" alt=\"\" src=\"data:image\/svg+xml,%3Csvg%20xmlns%3D%27http%3A%2F%2Fwww.w3.org%2F2000%2Fsvg%27%20width%3D%27319%27%20height%3D%27240%27%20viewBox%3D%270%200%20319%20240%27%3E%3Crect%20width%3D%27319%27%20height%3D%27240%27%20fill-opacity%3D%220%22%2F%3E%3C%2Fsvg%3E\" data-orig-src=\"https:\/\/lh4.googleusercontent.com\/-tMfI4awqHd8\/VIqXJ5jcKRI\/AAAAAAAAGmc\/0EBRt4FGQCk\/w400-h300-no\/pic5.jpg\" height=\"240\" width=\"319\" \/><\/span><\/div>\n<\/td>\n<td>\n<div style=\"text-align: justify;\"><span style=\"color: #000000; font-family: helvetica; font-size: 12pt;\">&nbsp;&nbsp;&nbsp;&nbsp; Por kampit nuk i mungonin aktivitetet e ve\u00e7anta si ekskursioni n\u00eb mal, nata nd\u00ebrkomb\u00ebtare ku \u00e7do grup prezantoi nj\u00eb kontinent ose shtet, prezantimi i rretheve nga ku vinin vajzat, loj\u00ebrat olimpike, nata e zjarrit, konkursi biblik etj. &nbsp;&nbsp;&nbsp;&nbsp;<\/span><\/div>\n<\/td>\n<\/tr>\n<tr>\n<td>\n<div style=\"text-align: justify;\"><span style=\"color: #000000; font-family: helvetica; font-size: 12pt;\">&nbsp;&nbsp;&nbsp;&nbsp; N\u00eb k\u00ebt\u00eb kamp nj\u00eb bekim i ve\u00e7ant\u00eb ishte vizita e Kryepiskopit Anastas, i cili i shtoi g\u00ebzimin me prezenc\u00ebn e tij kampit. Vajzat pat\u00ebn rastin t\u00eb zhvillonin nj\u00eb bised\u00eb t\u00eb frytshme me Kryepiskopin. &nbsp;&nbsp;&nbsp;&nbsp;<\/span><\/div>\n<\/td>\n<td>\n<div><span style=\"color: #000000; font-family: helvetica; font-size: 12pt;\"><img decoding=\"async\" class=\"lazyload HAa Eha\" style=\"border-width: 1px; border-style: solid; margin: 10px auto; display: block;\" alt=\"\" src=\"data:image\/svg+xml,%3Csvg%20xmlns%3D%27http%3A%2F%2Fwww.w3.org%2F2000%2Fsvg%27%20width%3D%27316%27%20height%3D%27237%27%20viewBox%3D%270%200%20316%20237%27%3E%3Crect%20width%3D%27316%27%20height%3D%27237%27%20fill-opacity%3D%220%22%2F%3E%3C%2Fsvg%3E\" data-orig-src=\"https:\/\/lh3.googleusercontent.com\/-auPeSi_56rs\/VIqXKHpW9vI\/AAAAAAAAGmk\/4i5f4feazrU\/w400-h300-no\/pic6.jpg\" height=\"237\" width=\"316\" \/><\/span><\/div>\n<\/td>\n<\/tr>\n<tr>\n<td>\n<div><span style=\"color: #000000; font-family: helvetica; font-size: 12pt;\"><img decoding=\"async\" class=\"lazyload HAa Eha\" style=\"border-width: 1px; border-style: solid; margin: 10px auto; display: block;\" alt=\"\" src=\"data:image\/svg+xml,%3Csvg%20xmlns%3D%27http%3A%2F%2Fwww.w3.org%2F2000%2Fsvg%27%20width%3D%27299%27%20height%3D%27225%27%20viewBox%3D%270%200%20299%20225%27%3E%3Crect%20width%3D%27299%27%20height%3D%27225%27%20fill-opacity%3D%220%22%2F%3E%3C%2Fsvg%3E\" data-orig-src=\"https:\/\/lh5.googleusercontent.com\/-YJlsZHmEREw\/VIqXLHtU9AI\/AAAAAAAAGmY\/Aol5cL2utE4\/w400-h300-no\/pic7.jpg\" height=\"225\" width=\"299\" \/><\/span><\/div>\n<\/td>\n<td>\n<div style=\"text-align: justify;\"><span style=\"color: #000000; font-family: helvetica; font-size: 12pt;\">&nbsp;&nbsp;&nbsp;&nbsp; Vajzat e kampit t\u00eb drejtuara nga kryetaret e tyre t\u00eb grupeve kishin p\u00ebrgatitur drama, ske\u00e7e, k\u00ebng\u00eb t\u00eb ndryshme p\u00ebr ta mir\u00ebpritur Kryepiskopin. &nbsp;&nbsp;&nbsp;&nbsp;<\/span><\/div>\n<\/td>\n<\/tr>\n<tr>\n<td>\n<div style=\"text-align: justify;\"><span style=\"color: #000000; font-family: helvetica; font-size: 12pt;\">&nbsp;&nbsp;&nbsp;&nbsp;&nbsp; Zelli i vajzave dhe krijimtaria e tyre p\u00ebr t\u00eb marr\u00eb pjes\u00eb me gjith\u00eb mendje dhe zem\u00ebr n\u00eb programin e kampit ishte karakteristik\u00eb e k\u00ebtij aktiviteti.<\/span><\/div>\n<\/td>\n<td>\n<div><span style=\"color: #000000; font-family: helvetica; font-size: 12pt;\"><img decoding=\"async\" class=\"lazyload HAa Eha\" style=\"border-width: 1px; border-style: solid; margin: 10px auto; display: block;\" alt=\"\" src=\"data:image\/svg+xml,%3Csvg%20xmlns%3D%27http%3A%2F%2Fwww.w3.org%2F2000%2Fsvg%27%20width%3D%27319%27%20height%3D%27239%27%20viewBox%3D%270%200%20319%20239%27%3E%3Crect%20width%3D%27319%27%20height%3D%27239%27%20fill-opacity%3D%220%22%2F%3E%3C%2Fsvg%3E\" data-orig-src=\"https:\/\/lh4.googleusercontent.com\/-_-1gFBmy95k\/VIqXLcF6kbI\/AAAAAAAAGmo\/ILbryxu5gtY\/w400-h300-no\/pic8.jpg\" height=\"239\" width=\"319\" \/><\/span><\/div>\n<\/td>\n<\/tr>\n<tr>\n<td colspan=\"2\">\n<div style=\"text-align: justify;\"><span style=\"color: #000000; font-family: helvetica; font-size: 12pt;\"> &nbsp;&nbsp;&nbsp;&nbsp; N\u00eb k\u00ebt\u00eb kamp ofruan sh\u00ebrbimin e tyre af\u00ebrsisht 10 vajza ku t\u00eb gjitha kan\u00eb mbaruar ose vazhdojn\u00eb Akademin\u00eb Teologjike. Ky kamp kishte nj\u00eb koordinatore t\u00eb p\u00ebrgjithshme t\u00eb kampeve Znj. Ana Baba, drejtuesen e kampit znj. Ana K\u00ebr\u00e7yku, 6 drejtuese grupesh dhe dy drejtuese t\u00eb aktivitete t\u00eb ve\u00e7anta. Fal\u00ebnderime t\u00eb shumta i drejtohen Per\u00ebndis\u00eb p\u00ebr k\u00ebt\u00eb bekim t\u00eb madh, Kryepiskopit Anastas p\u00ebr mb\u00ebshtetjen shpirt\u00ebrore dhe financiare, vajzave q\u00eb ofruan ndihm\u00ebn e tyre n\u00eb k\u00ebto kampe dhe shum\u00eb njer\u00ebzve t\u00eb tjer\u00eb q\u00eb kan\u00eb punuar shum\u00eb p\u00ebr zhvillimin e k\u00ebtyre kampeve. Kampistet u larguan nga ambientet e bukura t\u00eb Manastirit me urimin p\u00ebr t\u2019u takuar p\u00ebrs\u00ebri vitin e ardhsh\u00ebm.<\/span><br \/><span style=\"font-family: helvetica; font-size: 12pt;\"> &nbsp;<\/span><\/div>\n<div><span style=\"font-family: helvetica; font-size: 12pt;\"><\/span><\/div>\n<div><span style=\"font-family: helvetica; font-size: 12pt;\"><\/span><\/div>\n<\/td>\n<\/tr>\n<tr>\n<td colspan=\"2\">\n<div><span style=\"color: #000000; font-family: helvetica; font-size: 12pt;\">&nbsp;&nbsp;&nbsp;&nbsp; <strong>Ana K\u00ebr\u00e7yku<\/strong><\/span><\/div>\n<\/td>\n<\/tr>\n<\/tbody>\n<\/table>\n<p>&nbsp;<\/p>\n","protected":false},"excerpt":{"rendered":"<p>&nbsp;&nbsp;&nbsp;&nbsp; Kampi i tret\u00eb n\u00eb Manastirin e Sh\u00ebn Joan Vladimirit u p\u00ebrjetua me g\u00ebzim nga t\u00eb rejat orthodhokse. Nga datat 10 -20 gusht 2007 u zhvillua kampi i fundit p\u00ebr k\u00ebt\u00eb ver\u00eb me vajza t\u00eb mosh\u00ebs 17 &#8211; 25 vje\u00e7. &nbsp;&nbsp;&nbsp;&nbsp; N\u00eb k\u00ebt\u00eb kamp mor\u00ebn pjes\u00eb 70 vajza nga qytete dhe fshatra t\u00eb ndryshme t\u00eb Shqip\u00ebris\u00eb si: Tirana, Durr\u00ebsi, Lushnja, Berati, Fieri, Vlora, Elbasani etj.<\/p>\n","protected":false},"author":1,"featured_media":0,"comment_status":"open","ping_status":"open","sticky":false,"template":"","format":"standard","meta":{"_acf_changed":false,"pagelayer_contact_templates":[],"_pagelayer_content":"","inline_featured_image":false,"fifu_image_url":"","fifu_image_alt":"","footnotes":""},"categories":[108],"tags":[147,200,196,212,176],"class_list":["post-179","post","type-post","status-publish","format-standard","hentry","category-lajme","tag-147","tag-kampe-verore","tag-tirane","tag-lajme-d27","tag-rinia-orthodhokse"],"acf":[],"yoast_head":"<!-- This site is optimized with the Yoast SEO plugin v27.2 - https:\/\/yoast.com\/product\/yoast-seo-wordpress\/ -->\n<title>Kampi i tret\u00eb i vajzave &quot;Bariu i Mir\u00eb&quot; n\u00eb Sh\u00ebn Joan Vladimir Zell dhe krijimtari. (Gusht 2007) - Kisha Orthodh\u03bfkse Autoqefale e Shqip\u00ebris\u00eb<\/title>\n<meta name=\"robots\" content=\"index, follow, max-snippet:-1, max-image-preview:large, max-video-preview:-1\" \/>\n<link rel=\"canonical\" href=\"https:\/\/orthodoxalbania.org\/2020\/2007\/02\/26\/kampi-i-trete-i-vajzave-bariu-i-mire-ne-shen-joan-vladimir-zell-dhe-krijimtari-gusht-2007\/\" \/>\n<meta property=\"og:locale\" content=\"en_US\" \/>\n<meta property=\"og:type\" content=\"article\" \/>\n<meta property=\"og:title\" content=\"Kampi i tret\u00eb i vajzave &quot;Bariu i Mir\u00eb&quot; n\u00eb Sh\u00ebn Joan Vladimir Zell dhe krijimtari. (Gusht 2007) - Kisha Orthodh\u03bfkse Autoqefale e Shqip\u00ebris\u00eb\" \/>\n<meta property=\"og:description\" content=\"&nbsp;&nbsp;&nbsp;&nbsp; Kampi i tret\u00eb n\u00eb Manastirin e Sh\u00ebn Joan Vladimirit u p\u00ebrjetua me g\u00ebzim nga t\u00eb rejat orthodhokse. Nga datat 10 -20 gusht 2007 u zhvillua kampi i fundit p\u00ebr k\u00ebt\u00eb ver\u00eb me vajza t\u00eb mosh\u00ebs 17 &#8211; 25 vje\u00e7. &nbsp;&nbsp;&nbsp;&nbsp; N\u00eb k\u00ebt\u00eb kamp mor\u00ebn pjes\u00eb 70 vajza nga qytete dhe fshatra t\u00eb ndryshme t\u00eb Shqip\u00ebris\u00eb si: Tirana, Durr\u00ebsi, Lushnja, Berati, Fieri, Vlora, Elbasani etj.\" \/>\n<meta property=\"og:url\" content=\"https:\/\/orthodoxalbania.org\/2020\/2007\/02\/26\/kampi-i-trete-i-vajzave-bariu-i-mire-ne-shen-joan-vladimir-zell-dhe-krijimtari-gusht-2007\/\" \/>\n<meta property=\"og:site_name\" content=\"Kisha Orthodh\u03bfkse Autoqefale e Shqip\u00ebris\u00eb\" \/>\n<meta property=\"article:publisher\" content=\"https:\/\/www.facebook.com\/koash1991\" \/>\n<meta property=\"article:published_time\" content=\"2007-02-26T00:00:00+00:00\" \/>\n<meta property=\"article:modified_time\" content=\"2020-04-06T20:35:36+00:00\" \/>\n<meta property=\"og:image\" content=\"https:\/\/lh6.googleusercontent.com\/--7ZJ1PvfiWg\/VIqXJclsuvI\/AAAAAAAAGl8\/SKzV7wAixtI\/w400-h300-no\/pic1.jpg\" \/>\n<meta name=\"author\" content=\"Kisha Orthodhokse\" \/>\n<meta name=\"twitter:card\" content=\"summary_large_image\" \/>\n<meta name=\"twitter:label1\" content=\"Written by\" \/>\n\t<meta name=\"twitter:data1\" content=\"Kisha Orthodhokse\" \/>\n\t<meta name=\"twitter:label2\" content=\"Est. reading time\" \/>\n\t<meta name=\"twitter:data2\" content=\"3 minutes\" \/>\n<script type=\"application\/ld+json\" class=\"yoast-schema-graph\">{\"@context\":\"https:\/\/schema.org\",\"@graph\":[{\"@type\":\"Article\",\"@id\":\"https:\/\/orthodoxalbania.org\/2020\/2007\/02\/26\/kampi-i-trete-i-vajzave-bariu-i-mire-ne-shen-joan-vladimir-zell-dhe-krijimtari-gusht-2007\/#article\",\"isPartOf\":{\"@id\":\"https:\/\/orthodoxalbania.org\/2020\/2007\/02\/26\/kampi-i-trete-i-vajzave-bariu-i-mire-ne-shen-joan-vladimir-zell-dhe-krijimtari-gusht-2007\/\"},\"author\":{\"name\":\"Kisha Orthodhokse\",\"@id\":\"https:\/\/orthodoxalbania.org\/2020\/#\/schema\/person\/0c387634a7063ac612d7ed9ce71c7e86\"},\"headline\":\"Kampi i tret\u00eb i vajzave &#8220;Bariu i Mir\u00eb&#8221; n\u00eb Sh\u00ebn Joan Vladimir Zell dhe krijimtari. (Gusht 2007)\",\"datePublished\":\"2007-02-26T00:00:00+00:00\",\"dateModified\":\"2020-04-06T20:35:36+00:00\",\"mainEntityOfPage\":{\"@id\":\"https:\/\/orthodoxalbania.org\/2020\/2007\/02\/26\/kampi-i-trete-i-vajzave-bariu-i-mire-ne-shen-joan-vladimir-zell-dhe-krijimtari-gusht-2007\/\"},\"wordCount\":526,\"commentCount\":0,\"publisher\":{\"@id\":\"https:\/\/orthodoxalbania.org\/2020\/#organization\"},\"image\":{\"@id\":\"https:\/\/orthodoxalbania.org\/2020\/2007\/02\/26\/kampi-i-trete-i-vajzave-bariu-i-mire-ne-shen-joan-vladimir-zell-dhe-krijimtari-gusht-2007\/#primaryimage\"},\"thumbnailUrl\":\"https:\/\/lh6.googleusercontent.com\/--7ZJ1PvfiWg\/VIqXJclsuvI\/AAAAAAAAGl8\/SKzV7wAixtI\/w400-h300-no\/pic1.jpg\",\"keywords\":[\"2007\",\"Kampe verore\",\"Kryepiskopata Tiran\u00eb\",\"lajme\",\"Rinia Orthodhokse\"],\"articleSection\":[\"Lajme\"],\"inLanguage\":\"en-US\"},{\"@type\":\"WebPage\",\"@id\":\"https:\/\/orthodoxalbania.org\/2020\/2007\/02\/26\/kampi-i-trete-i-vajzave-bariu-i-mire-ne-shen-joan-vladimir-zell-dhe-krijimtari-gusht-2007\/\",\"url\":\"https:\/\/orthodoxalbania.org\/2020\/2007\/02\/26\/kampi-i-trete-i-vajzave-bariu-i-mire-ne-shen-joan-vladimir-zell-dhe-krijimtari-gusht-2007\/\",\"name\":\"Kampi i tret\u00eb i vajzave \\\"Bariu i Mir\u00eb\\\" n\u00eb Sh\u00ebn Joan Vladimir Zell dhe krijimtari. (Gusht 2007) - Kisha Orthodh\u03bfkse Autoqefale e Shqip\u00ebris\u00eb\",\"isPartOf\":{\"@id\":\"https:\/\/orthodoxalbania.org\/2020\/#website\"},\"primaryImageOfPage\":{\"@id\":\"https:\/\/orthodoxalbania.org\/2020\/2007\/02\/26\/kampi-i-trete-i-vajzave-bariu-i-mire-ne-shen-joan-vladimir-zell-dhe-krijimtari-gusht-2007\/#primaryimage\"},\"image\":{\"@id\":\"https:\/\/orthodoxalbania.org\/2020\/2007\/02\/26\/kampi-i-trete-i-vajzave-bariu-i-mire-ne-shen-joan-vladimir-zell-dhe-krijimtari-gusht-2007\/#primaryimage\"},\"thumbnailUrl\":\"https:\/\/lh6.googleusercontent.com\/--7ZJ1PvfiWg\/VIqXJclsuvI\/AAAAAAAAGl8\/SKzV7wAixtI\/w400-h300-no\/pic1.jpg\",\"datePublished\":\"2007-02-26T00:00:00+00:00\",\"dateModified\":\"2020-04-06T20:35:36+00:00\",\"breadcrumb\":{\"@id\":\"https:\/\/orthodoxalbania.org\/2020\/2007\/02\/26\/kampi-i-trete-i-vajzave-bariu-i-mire-ne-shen-joan-vladimir-zell-dhe-krijimtari-gusht-2007\/#breadcrumb\"},\"inLanguage\":\"en-US\",\"potentialAction\":[{\"@type\":\"ReadAction\",\"target\":[\"https:\/\/orthodoxalbania.org\/2020\/2007\/02\/26\/kampi-i-trete-i-vajzave-bariu-i-mire-ne-shen-joan-vladimir-zell-dhe-krijimtari-gusht-2007\/\"]}]},{\"@type\":\"ImageObject\",\"inLanguage\":\"en-US\",\"@id\":\"https:\/\/orthodoxalbania.org\/2020\/2007\/02\/26\/kampi-i-trete-i-vajzave-bariu-i-mire-ne-shen-joan-vladimir-zell-dhe-krijimtari-gusht-2007\/#primaryimage\",\"url\":\"https:\/\/lh6.googleusercontent.com\/--7ZJ1PvfiWg\/VIqXJclsuvI\/AAAAAAAAGl8\/SKzV7wAixtI\/w400-h300-no\/pic1.jpg\",\"contentUrl\":\"https:\/\/lh6.googleusercontent.com\/--7ZJ1PvfiWg\/VIqXJclsuvI\/AAAAAAAAGl8\/SKzV7wAixtI\/w400-h300-no\/pic1.jpg\"},{\"@type\":\"BreadcrumbList\",\"@id\":\"https:\/\/orthodoxalbania.org\/2020\/2007\/02\/26\/kampi-i-trete-i-vajzave-bariu-i-mire-ne-shen-joan-vladimir-zell-dhe-krijimtari-gusht-2007\/#breadcrumb\",\"itemListElement\":[{\"@type\":\"ListItem\",\"position\":1,\"name\":\"Home\",\"item\":\"https:\/\/orthodoxalbania.org\/2020\/\"},{\"@type\":\"ListItem\",\"position\":2,\"name\":\"Kampi i tret\u00eb i vajzave &#8220;Bariu i Mir\u00eb&#8221; n\u00eb Sh\u00ebn Joan Vladimir Zell dhe krijimtari. (Gusht 2007)\"}]},{\"@type\":\"WebSite\",\"@id\":\"https:\/\/orthodoxalbania.org\/2020\/#website\",\"url\":\"https:\/\/orthodoxalbania.org\/2020\/\",\"name\":\"Kisha Orthodh\u03bfkse Autoqefale e Shqip\u00ebris\u00eb\",\"description\":\"Fqja Zyrtare e Kish\u00ebs Orthodhokse Autoqefale e Shqip\u00ebris\u00eb me lajmet edhe informacionet zyrtare p\u00ebr struktur\u00ebn edhe veprimtarin e saj.\",\"publisher\":{\"@id\":\"https:\/\/orthodoxalbania.org\/2020\/#organization\"},\"potentialAction\":[{\"@type\":\"SearchAction\",\"target\":{\"@type\":\"EntryPoint\",\"urlTemplate\":\"https:\/\/orthodoxalbania.org\/2020\/?s={search_term_string}\"},\"query-input\":{\"@type\":\"PropertyValueSpecification\",\"valueRequired\":true,\"valueName\":\"search_term_string\"}}],\"inLanguage\":\"en-US\"},{\"@type\":\"Organization\",\"@id\":\"https:\/\/orthodoxalbania.org\/2020\/#organization\",\"name\":\"Kisha Orthodhokse Autoqefale e Shqip\u00ebris\u00eb\",\"url\":\"https:\/\/orthodoxalbania.org\/2020\/\",\"logo\":{\"@type\":\"ImageObject\",\"inLanguage\":\"en-US\",\"@id\":\"https:\/\/orthodoxalbania.org\/2020\/#\/schema\/logo\/image\/\",\"url\":\"https:\/\/orthodoxalbania.org\/2020\/wp-content\/uploads\/2020\/05\/albania.jpeg\",\"contentUrl\":\"https:\/\/orthodoxalbania.org\/2020\/wp-content\/uploads\/2020\/05\/albania.jpeg\",\"width\":540,\"height\":540,\"caption\":\"Kisha Orthodhokse Autoqefale e Shqip\u00ebris\u00eb\"},\"image\":{\"@id\":\"https:\/\/orthodoxalbania.org\/2020\/#\/schema\/logo\/image\/\"},\"sameAs\":[\"https:\/\/www.facebook.com\/koash1991\"]},{\"@type\":\"Person\",\"@id\":\"https:\/\/orthodoxalbania.org\/2020\/#\/schema\/person\/0c387634a7063ac612d7ed9ce71c7e86\",\"name\":\"Kisha Orthodhokse\",\"image\":{\"@type\":\"ImageObject\",\"inLanguage\":\"en-US\",\"@id\":\"https:\/\/secure.gravatar.com\/avatar\/596e7c417251e30f2fbb9c00e026fce61a695a00e51c889caded71c96cbbdde5?s=96&d=mm&r=g\",\"url\":\"https:\/\/secure.gravatar.com\/avatar\/596e7c417251e30f2fbb9c00e026fce61a695a00e51c889caded71c96cbbdde5?s=96&d=mm&r=g\",\"contentUrl\":\"https:\/\/secure.gravatar.com\/avatar\/596e7c417251e30f2fbb9c00e026fce61a695a00e51c889caded71c96cbbdde5?s=96&d=mm&r=g\",\"caption\":\"Kisha Orthodhokse\"}}]}<\/script>\n<!-- \/ Yoast SEO plugin. -->","yoast_head_json":{"title":"Kampi i tret\u00eb i vajzave \"Bariu i Mir\u00eb\" n\u00eb Sh\u00ebn Joan Vladimir Zell dhe krijimtari. (Gusht 2007) - Kisha Orthodh\u03bfkse Autoqefale e Shqip\u00ebris\u00eb","robots":{"index":"index","follow":"follow","max-snippet":"max-snippet:-1","max-image-preview":"max-image-preview:large","max-video-preview":"max-video-preview:-1"},"canonical":"https:\/\/orthodoxalbania.org\/2020\/2007\/02\/26\/kampi-i-trete-i-vajzave-bariu-i-mire-ne-shen-joan-vladimir-zell-dhe-krijimtari-gusht-2007\/","og_locale":"en_US","og_type":"article","og_title":"Kampi i tret\u00eb i vajzave \"Bariu i Mir\u00eb\" n\u00eb Sh\u00ebn Joan Vladimir Zell dhe krijimtari. (Gusht 2007) - Kisha Orthodh\u03bfkse Autoqefale e Shqip\u00ebris\u00eb","og_description":"&nbsp;&nbsp;&nbsp;&nbsp; Kampi i tret\u00eb n\u00eb Manastirin e Sh\u00ebn Joan Vladimirit u p\u00ebrjetua me g\u00ebzim nga t\u00eb rejat orthodhokse. Nga datat 10 -20 gusht 2007 u zhvillua kampi i fundit p\u00ebr k\u00ebt\u00eb ver\u00eb me vajza t\u00eb mosh\u00ebs 17 &#8211; 25 vje\u00e7. &nbsp;&nbsp;&nbsp;&nbsp; N\u00eb k\u00ebt\u00eb kamp mor\u00ebn pjes\u00eb 70 vajza nga qytete dhe fshatra t\u00eb ndryshme t\u00eb Shqip\u00ebris\u00eb si: Tirana, Durr\u00ebsi, Lushnja, Berati, Fieri, Vlora, Elbasani etj.","og_url":"https:\/\/orthodoxalbania.org\/2020\/2007\/02\/26\/kampi-i-trete-i-vajzave-bariu-i-mire-ne-shen-joan-vladimir-zell-dhe-krijimtari-gusht-2007\/","og_site_name":"Kisha Orthodh\u03bfkse Autoqefale e Shqip\u00ebris\u00eb","article_publisher":"https:\/\/www.facebook.com\/koash1991","article_published_time":"2007-02-26T00:00:00+00:00","article_modified_time":"2020-04-06T20:35:36+00:00","og_image":[{"url":"https:\/\/lh6.googleusercontent.com\/--7ZJ1PvfiWg\/VIqXJclsuvI\/AAAAAAAAGl8\/SKzV7wAixtI\/w400-h300-no\/pic1.jpg","type":"","width":"","height":""}],"author":"Kisha Orthodhokse","twitter_card":"summary_large_image","twitter_misc":{"Written by":"Kisha Orthodhokse","Est. reading time":"3 minutes"},"schema":{"@context":"https:\/\/schema.org","@graph":[{"@type":"Article","@id":"https:\/\/orthodoxalbania.org\/2020\/2007\/02\/26\/kampi-i-trete-i-vajzave-bariu-i-mire-ne-shen-joan-vladimir-zell-dhe-krijimtari-gusht-2007\/#article","isPartOf":{"@id":"https:\/\/orthodoxalbania.org\/2020\/2007\/02\/26\/kampi-i-trete-i-vajzave-bariu-i-mire-ne-shen-joan-vladimir-zell-dhe-krijimtari-gusht-2007\/"},"author":{"name":"Kisha Orthodhokse","@id":"https:\/\/orthodoxalbania.org\/2020\/#\/schema\/person\/0c387634a7063ac612d7ed9ce71c7e86"},"headline":"Kampi i tret\u00eb i vajzave &#8220;Bariu i Mir\u00eb&#8221; n\u00eb Sh\u00ebn Joan Vladimir Zell dhe krijimtari. (Gusht 2007)","datePublished":"2007-02-26T00:00:00+00:00","dateModified":"2020-04-06T20:35:36+00:00","mainEntityOfPage":{"@id":"https:\/\/orthodoxalbania.org\/2020\/2007\/02\/26\/kampi-i-trete-i-vajzave-bariu-i-mire-ne-shen-joan-vladimir-zell-dhe-krijimtari-gusht-2007\/"},"wordCount":526,"commentCount":0,"publisher":{"@id":"https:\/\/orthodoxalbania.org\/2020\/#organization"},"image":{"@id":"https:\/\/orthodoxalbania.org\/2020\/2007\/02\/26\/kampi-i-trete-i-vajzave-bariu-i-mire-ne-shen-joan-vladimir-zell-dhe-krijimtari-gusht-2007\/#primaryimage"},"thumbnailUrl":"https:\/\/lh6.googleusercontent.com\/--7ZJ1PvfiWg\/VIqXJclsuvI\/AAAAAAAAGl8\/SKzV7wAixtI\/w400-h300-no\/pic1.jpg","keywords":["2007","Kampe verore","Kryepiskopata Tiran\u00eb","lajme","Rinia Orthodhokse"],"articleSection":["Lajme"],"inLanguage":"en-US"},{"@type":"WebPage","@id":"https:\/\/orthodoxalbania.org\/2020\/2007\/02\/26\/kampi-i-trete-i-vajzave-bariu-i-mire-ne-shen-joan-vladimir-zell-dhe-krijimtari-gusht-2007\/","url":"https:\/\/orthodoxalbania.org\/2020\/2007\/02\/26\/kampi-i-trete-i-vajzave-bariu-i-mire-ne-shen-joan-vladimir-zell-dhe-krijimtari-gusht-2007\/","name":"Kampi i tret\u00eb i vajzave \"Bariu i Mir\u00eb\" n\u00eb Sh\u00ebn Joan Vladimir Zell dhe krijimtari. (Gusht 2007) - Kisha Orthodh\u03bfkse Autoqefale e Shqip\u00ebris\u00eb","isPartOf":{"@id":"https:\/\/orthodoxalbania.org\/2020\/#website"},"primaryImageOfPage":{"@id":"https:\/\/orthodoxalbania.org\/2020\/2007\/02\/26\/kampi-i-trete-i-vajzave-bariu-i-mire-ne-shen-joan-vladimir-zell-dhe-krijimtari-gusht-2007\/#primaryimage"},"image":{"@id":"https:\/\/orthodoxalbania.org\/2020\/2007\/02\/26\/kampi-i-trete-i-vajzave-bariu-i-mire-ne-shen-joan-vladimir-zell-dhe-krijimtari-gusht-2007\/#primaryimage"},"thumbnailUrl":"https:\/\/lh6.googleusercontent.com\/--7ZJ1PvfiWg\/VIqXJclsuvI\/AAAAAAAAGl8\/SKzV7wAixtI\/w400-h300-no\/pic1.jpg","datePublished":"2007-02-26T00:00:00+00:00","dateModified":"2020-04-06T20:35:36+00:00","breadcrumb":{"@id":"https:\/\/orthodoxalbania.org\/2020\/2007\/02\/26\/kampi-i-trete-i-vajzave-bariu-i-mire-ne-shen-joan-vladimir-zell-dhe-krijimtari-gusht-2007\/#breadcrumb"},"inLanguage":"en-US","potentialAction":[{"@type":"ReadAction","target":["https:\/\/orthodoxalbania.org\/2020\/2007\/02\/26\/kampi-i-trete-i-vajzave-bariu-i-mire-ne-shen-joan-vladimir-zell-dhe-krijimtari-gusht-2007\/"]}]},{"@type":"ImageObject","inLanguage":"en-US","@id":"https:\/\/orthodoxalbania.org\/2020\/2007\/02\/26\/kampi-i-trete-i-vajzave-bariu-i-mire-ne-shen-joan-vladimir-zell-dhe-krijimtari-gusht-2007\/#primaryimage","url":"https:\/\/lh6.googleusercontent.com\/--7ZJ1PvfiWg\/VIqXJclsuvI\/AAAAAAAAGl8\/SKzV7wAixtI\/w400-h300-no\/pic1.jpg","contentUrl":"https:\/\/lh6.googleusercontent.com\/--7ZJ1PvfiWg\/VIqXJclsuvI\/AAAAAAAAGl8\/SKzV7wAixtI\/w400-h300-no\/pic1.jpg"},{"@type":"BreadcrumbList","@id":"https:\/\/orthodoxalbania.org\/2020\/2007\/02\/26\/kampi-i-trete-i-vajzave-bariu-i-mire-ne-shen-joan-vladimir-zell-dhe-krijimtari-gusht-2007\/#breadcrumb","itemListElement":[{"@type":"ListItem","position":1,"name":"Home","item":"https:\/\/orthodoxalbania.org\/2020\/"},{"@type":"ListItem","position":2,"name":"Kampi i tret\u00eb i vajzave &#8220;Bariu i Mir\u00eb&#8221; n\u00eb Sh\u00ebn Joan Vladimir Zell dhe krijimtari. (Gusht 2007)"}]},{"@type":"WebSite","@id":"https:\/\/orthodoxalbania.org\/2020\/#website","url":"https:\/\/orthodoxalbania.org\/2020\/","name":"Kisha Orthodh\u03bfkse Autoqefale e Shqip\u00ebris\u00eb","description":"Fqja Zyrtare e Kish\u00ebs Orthodhokse Autoqefale e Shqip\u00ebris\u00eb me lajmet edhe informacionet zyrtare p\u00ebr struktur\u00ebn edhe veprimtarin e saj.","publisher":{"@id":"https:\/\/orthodoxalbania.org\/2020\/#organization"},"potentialAction":[{"@type":"SearchAction","target":{"@type":"EntryPoint","urlTemplate":"https:\/\/orthodoxalbania.org\/2020\/?s={search_term_string}"},"query-input":{"@type":"PropertyValueSpecification","valueRequired":true,"valueName":"search_term_string"}}],"inLanguage":"en-US"},{"@type":"Organization","@id":"https:\/\/orthodoxalbania.org\/2020\/#organization","name":"Kisha Orthodhokse Autoqefale e Shqip\u00ebris\u00eb","url":"https:\/\/orthodoxalbania.org\/2020\/","logo":{"@type":"ImageObject","inLanguage":"en-US","@id":"https:\/\/orthodoxalbania.org\/2020\/#\/schema\/logo\/image\/","url":"https:\/\/orthodoxalbania.org\/2020\/wp-content\/uploads\/2020\/05\/albania.jpeg","contentUrl":"https:\/\/orthodoxalbania.org\/2020\/wp-content\/uploads\/2020\/05\/albania.jpeg","width":540,"height":540,"caption":"Kisha Orthodhokse Autoqefale e Shqip\u00ebris\u00eb"},"image":{"@id":"https:\/\/orthodoxalbania.org\/2020\/#\/schema\/logo\/image\/"},"sameAs":["https:\/\/www.facebook.com\/koash1991"]},{"@type":"Person","@id":"https:\/\/orthodoxalbania.org\/2020\/#\/schema\/person\/0c387634a7063ac612d7ed9ce71c7e86","name":"Kisha Orthodhokse","image":{"@type":"ImageObject","inLanguage":"en-US","@id":"https:\/\/secure.gravatar.com\/avatar\/596e7c417251e30f2fbb9c00e026fce61a695a00e51c889caded71c96cbbdde5?s=96&d=mm&r=g","url":"https:\/\/secure.gravatar.com\/avatar\/596e7c417251e30f2fbb9c00e026fce61a695a00e51c889caded71c96cbbdde5?s=96&d=mm&r=g","contentUrl":"https:\/\/secure.gravatar.com\/avatar\/596e7c417251e30f2fbb9c00e026fce61a695a00e51c889caded71c96cbbdde5?s=96&d=mm&r=g","caption":"Kisha Orthodhokse"}}]}},"_links":{"self":[{"href":"https:\/\/orthodoxalbania.org\/2020\/wp-json\/wp\/v2\/posts\/179","targetHints":{"allow":["GET"]}}],"collection":[{"href":"https:\/\/orthodoxalbania.org\/2020\/wp-json\/wp\/v2\/posts"}],"about":[{"href":"https:\/\/orthodoxalbania.org\/2020\/wp-json\/wp\/v2\/types\/post"}],"author":[{"embeddable":true,"href":"https:\/\/orthodoxalbania.org\/2020\/wp-json\/wp\/v2\/users\/1"}],"replies":[{"embeddable":true,"href":"https:\/\/orthodoxalbania.org\/2020\/wp-json\/wp\/v2\/comments?post=179"}],"version-history":[{"count":1,"href":"https:\/\/orthodoxalbania.org\/2020\/wp-json\/wp\/v2\/posts\/179\/revisions"}],"predecessor-version":[{"id":15720,"href":"https:\/\/orthodoxalbania.org\/2020\/wp-json\/wp\/v2\/posts\/179\/revisions\/15720"}],"wp:attachment":[{"href":"https:\/\/orthodoxalbania.org\/2020\/wp-json\/wp\/v2\/media?parent=179"}],"wp:term":[{"taxonomy":"category","embeddable":true,"href":"https:\/\/orthodoxalbania.org\/2020\/wp-json\/wp\/v2\/categories?post=179"},{"taxonomy":"post_tag","embeddable":true,"href":"https:\/\/orthodoxalbania.org\/2020\/wp-json\/wp\/v2\/tags?post=179"}],"curies":[{"name":"wp","href":"https:\/\/api.w.org\/{rel}","templated":true}]}}