{"id":178,"date":"2007-02-26T00:00:00","date_gmt":"2007-02-26T00:00:00","guid":{"rendered":""},"modified":"2020-04-06T22:35:34","modified_gmt":"2020-04-06T20:35:34","slug":"kampi-i-trete-i-djemve-rilindja-ne-zvernec-dite-plot-drite-dhe-bekim-gusht-2007","status":"publish","type":"post","link":"https:\/\/orthodoxalbania.org\/2020\/2007\/02\/26\/kampi-i-trete-i-djemve-rilindja-ne-zvernec-dite-plot-drite-dhe-bekim-gusht-2007\/","title":{"rendered":"Kampi i tret\u00eb i djemve &#8220;Rilindja&#8221; n\u00eb Zv\u00ebrnec  Dit\u00eb plot drit\u00eb dhe bekim. (Gusht 2007)"},"content":{"rendered":"<div style=\"text-align: justify;\"><span style=\"color: #000000; font-family: helvetica; font-size: 12pt;\">&nbsp;&nbsp;&nbsp; Ishulli i bukur i Zv\u00ebrnecit priti edhe k\u00ebt\u00eb sezon veror t\u00eb rinjt\u00eb orthodhoks\u00eb n\u00eb kampin e tret\u00eb dhe t\u00eb fundit p\u00ebr k\u00ebt\u00eb vit. Kampi i konceptuar p\u00ebr djemt\u00eb e mosh\u00ebs 18 \u2013 30 vje\u00e7 filloi n\u00eb dat\u00ebn 25 korrik dhe p\u00ebrfundoi m\u00eb 6 gusht. Tema qendrore ishte \u201cT\u00eb gjitha u mbush\u00ebn me Drit\u00eb\u201d, e nj\u00ebjt\u00eb si ajo e t\u00eb gjith\u00eb kampingjeve t\u00eb tjer\u00eb p\u00ebr djem, q\u00eb u organizuan k\u00ebt\u00eb vit n\u00eb Kish\u00ebn ton\u00eb.<\/span><\/div>\n<table id=\"AutoNumber3\" style=\"width: 743px; height: 2220px; margin-right: auto; margin-left: auto;\">\n<tbody>\n<tr>\n<td>\n<div style=\"text-align: justify;\"><span style=\"color: #000000; font-family: helvetica; font-size: 12pt;\">&nbsp;&nbsp;&nbsp; N\u00eb veprimtari mor\u00ebn pjes\u00eb rreth 95 t\u00eb rinj nga t\u00eb kat\u00ebr dioqezat e Shqip\u00ebris\u00eb. Ndarja n\u00eb grupe solli harmoni n\u00eb kamp, duke krijuar miq\u00ebsi t\u00eb reja me njeri-tjetrin. N\u00eb kampin e tret\u00eb u formuan grupe me emrat e festave kryesore q\u00eb kremtohen n\u00eb Kish\u00ebn ton\u00eb Orthodhokse, t\u00eb cilat ishin: Ungjill\u00ebzimi, Krishtlindja, Theofania, Metamorfoza, Pashka, Analipsi dhe Pentikostia.<\/span><\/div>\n<\/td>\n<td>\n<div><span style=\"color: #000000; font-family: helvetica; font-size: 12pt;\"><img decoding=\"async\" class=\"lazyload HAa Eha\" style=\"border-width: 1px; border-style: solid; margin: 10px auto; display: block;\" alt=\"\" src=\"data:image\/gif;base64,R0lGODlhAQABAAAAACH5BAEKAAEALAAAAAABAAEAAAICTAEAOw==\" data-orig-src=\"https:\/\/lh6.googleusercontent.com\/-VnyNA2I5vDY\/VIqVSds8AQI\/AAAAAAAAGlA\/p1g-LG9lQ3w\/w400-h300-no\/pic1.jpg\" \/><\/span><\/div>\n<\/td>\n<\/tr>\n<tr>\n<td>\n<div><span style=\"color: #000000; font-family: helvetica; font-size: 12pt;\"><img decoding=\"async\" class=\"lazyload HAa Eha\" style=\"border-width: 1px; border-style: solid; margin: 10px auto; display: block;\" alt=\"\" src=\"data:image\/gif;base64,R0lGODlhAQABAAAAACH5BAEKAAEALAAAAAABAAEAAAICTAEAOw==\" data-orig-src=\"https:\/\/lh3.googleusercontent.com\/-02T_mV7M5nI\/VIqVSXgpjaI\/AAAAAAAAGlo\/LKK29OQXoY4\/w400-h300-no\/pic2.jpg\" \/><\/span><\/div>\n<\/td>\n<td>\n<div style=\"text-align: justify;\"><span style=\"color: #000000; font-family: helvetica; font-size: 12pt;\">&nbsp;&nbsp;&nbsp; Programi i nj\u00eb dite ishte i pasur me aktivitete shpirt\u00ebrore dhe arg\u00ebtuese. Zgjimi ishte n\u00eb or\u00ebn 7:00, p\u00ebr t\u00eb vazhduar n\u00eb or\u00ebn 7:20 me ngritjen e flamurit. N\u00eb or\u00ebn 7:30 kryhej Sh\u00ebrbesa e M\u00ebngjesores, n\u00eb or\u00ebn 8:30 hahej m\u00ebngjesi, nd\u00ebrsa n\u00eb or\u00ebn 9:30 nisja p\u00ebr n\u00eb plazh.<\/span><\/div>\n<\/td>\n<\/tr>\n<tr>\n<td colspan=\"2\">\n<div style=\"text-align: justify;\"><span style=\"color: #000000; font-family: helvetica; font-size: 12pt;\">&nbsp;&nbsp;&nbsp; Pas kthimit nga plazhi dhe ngr\u00ebnies s\u00eb drek\u00ebs, deri n\u00eb or\u00ebn 14:30 pjes\u00ebmarr\u00ebsit kishin koh\u00eb t\u00eb lir\u00eb. Gjat\u00eb pasdites organizoheshin aktivitete sportive, me nj\u00eb nd\u00ebrprerje t\u00eb shkurt\u00ebr n\u00eb or\u00ebn 18:30 ku b\u00ebhej \u201cndarja e zemr\u00ebs\u201d (ushqimit t\u00eb mbasdites).<\/span><\/div>\n<\/td>\n<\/tr>\n<tr>\n<td>\n<div style=\"text-align: justify;\"><span style=\"color: #000000; font-family: helvetica; font-size: 12pt;\">&nbsp; &nbsp; Nj\u00eb nga momentet kryesore t\u00eb nj\u00eb dite kampi ishte tema shpirt\u00ebrore ku nj\u00eb klerik, teolog ose katekist fliste rreth \u00e7\u00ebshtjeve q\u00eb trajtohen n\u00eb librin e Kryepiskopit Anastas \u201cT\u00eb gjitha u mbush\u00ebn me drit\u00eb\u201d.<\/span><\/div>\n<\/td>\n<td>\n<div><span style=\"color: #000000; font-family: helvetica; font-size: 12pt;\"><img decoding=\"async\" class=\"lazyload HAa Eha\" style=\"border-width: 1px; border-style: solid; margin: 10px auto; display: block;\" alt=\"\" src=\"data:image\/gif;base64,R0lGODlhAQABAAAAACH5BAEKAAEALAAAAAABAAEAAAICTAEAOw==\" data-orig-src=\"https:\/\/lh3.googleusercontent.com\/-ZOk7ohm93QI\/VIqVSO61tII\/AAAAAAAAGk8\/Whp-n33FLXg\/w400-h253-no\/pic3.jpg\" \/><\/span><\/div>\n<\/td>\n<\/tr>\n<tr>\n<td>\n<div><span style=\"color: #000000; font-family: helvetica; font-size: 12pt;\"><img decoding=\"async\" class=\"lazyload HAa Eha\" style=\"border-width: 1px; border-style: solid; margin: 10px auto; display: block;\" alt=\"\" src=\"data:image\/gif;base64,R0lGODlhAQABAAAAACH5BAEKAAEALAAAAAABAAEAAAICTAEAOw==\" data-orig-src=\"https:\/\/lh6.googleusercontent.com\/-g42-Sfpqcq0\/VIqVSmubkiI\/AAAAAAAAGlc\/E6oxJ96krTs\/w389-h252-no\/pic4.jpg\" \/><\/span><\/div>\n<\/td>\n<td>\n<div style=\"text-align: justify;\"><span style=\"color: #000000; font-family: helvetica; font-size: 12pt;\">&nbsp;&nbsp;&nbsp;&nbsp;N\u00eb or\u00ebn 20:00 kryhej Sh\u00ebrbesa e Mbr\u00ebm\u00ebsore, n\u00eb 20:30 ishte koha e ngr\u00ebnies s\u00eb dark\u00ebs, nd\u00ebrsa n\u00eb 21:30 aktiviteti arg\u00ebtues deri n\u00eb or\u00ebn 23:00 kur ishte edhe mbyllja e programit ditor. P\u00ebrve\u00e7 larmishm\u00ebris\u00eb s\u00eb k\u00ebtij programi kishte dhe dit\u00eb n\u00eb t\u00eb cilat zbatohej nj\u00eb program tjet\u00ebr, kryesisht n\u00eb dit\u00eb festash.<\/span><\/div>\n<\/td>\n<\/tr>\n<tr>\n<td>\n<div style=\"text-align: justify;\"><span style=\"color: #000000; font-family: helvetica; font-size: 12pt;\">&nbsp;&nbsp;&nbsp; N\u00eb 2 gusht kampist\u00ebt shkuan n\u00eb Tiran\u00eb ku mor\u00ebn pjes\u00eb t\u00eb gjith\u00eb n\u00eb Liturgjin\u00eb Hyjnore q\u00eb u mbajt n\u00eb kish\u00ebn \u201cUngjill\u00ebzimi i Per\u00ebndilind\u00ebses Mari\u201d me rastin e 15-vjetorit t\u00eb Fron\u00ebzimit t\u00eb Kryepiskopit Anastas. Kampist\u00ebt i dhan\u00eb Kryepiskopit dy dhurata simbolike t\u00eb krijuar nga vet\u00eb ata; nj\u00eb vark\u00eb e punuar me guaska dhe nj\u00eb piktur\u00eb t\u00eb ishullit t\u00eb Zv\u00ebrnecit t\u00eb pikturuar n\u00eb nj\u00eb pllak\u00eb guri.<\/span><\/div>\n<\/td>\n<td>\n<div><span style=\"color: #000000; font-family: helvetica; font-size: 12pt;\"><img decoding=\"async\" class=\"lazyload HAa Eha\" style=\"border-width: 1px; border-style: solid; margin: 10px auto; display: block;\" alt=\"\" src=\"data:image\/gif;base64,R0lGODlhAQABAAAAACH5BAEKAAEALAAAAAABAAEAAAICTAEAOw==\" data-orig-src=\"https:\/\/lh3.googleusercontent.com\/-4yHM99rUr_8\/VIqVTH1ycgI\/AAAAAAAAGlg\/dD_qiuCgKDE\/w400-h300-no\/pic5.jpg\" \/><\/span><\/div>\n<\/td>\n<\/tr>\n<tr>\n<td>\n<div><span style=\"color: #000000; font-family: helvetica; font-size: 12pt;\"><img decoding=\"async\" class=\"lazyload HAa Eha\" style=\"border-width: 1px; border-style: solid; margin: 10px auto; display: block;\" alt=\"\" src=\"data:image\/gif;base64,R0lGODlhAQABAAAAACH5BAEKAAEALAAAAAABAAEAAAICTAEAOw==\" data-orig-src=\"https:\/\/lh3.googleusercontent.com\/-jioTZRQYCGo\/VIqVTyMT9KI\/AAAAAAAAGlU\/HLqYEC23Ws4\/w400-h300-no\/pic6.jpg\" \/><\/span><\/div>\n<\/td>\n<td>\n<div style=\"text-align: justify;\"><span style=\"color: #000000; font-family: helvetica; font-size: 12pt;\">&nbsp;&nbsp;&nbsp; Dhurata e par\u00eb simbolizon vazhdim\u00ebsin\u00eb e Kish\u00ebs son\u00eb, duke lundruar p\u00ebrmes dallg\u00ebve t\u00eb fuqishme n\u00eb drejtimin e Kryepiskopit Anastas, kurse dhurata e dyt\u00eb nga pamund\u00ebsia q\u00eb Kryepiskopi t\u00eb vinte n\u00eb kampin e Zv\u00ebrnecit, \u201cia soll\u00ebn t\u00eb rinjt\u00eb kampin\u201d n\u00eb m\u00ebnyr\u00eb simbolike, t\u00eb p\u00ebrshkruar me an\u00eb t\u00eb nj\u00eb pikture n\u00eb pllak\u00eb guri.<\/span><\/div>\n<\/td>\n<\/tr>\n<tr>\n<td>\n<div style=\"text-align: justify;\"><span style=\"color: #000000; font-family: helvetica; font-size: 12pt;\">&nbsp;&nbsp;&nbsp; N\u00eb k\u00ebt\u00eb kamp u pag\u00ebzuan 9 t\u00eb rinj. Tashm\u00eb ata jan\u00eb an\u00ebtar\u00ebt m\u00eb t\u00eb rinj n\u00eb Kish\u00ebn ton\u00eb. Sh\u00ebrbesa e pag\u00ebzimit u krye n\u00eb det dhe ishte nj\u00eb nga pjes\u00ebt m\u00eb t\u00eb p\u00eblqyera t\u00eb kampit. Vizita e Mitropolitit t\u00eb Beratit, Hir\u00ebsi Ignatit, ishte nj\u00eb nga momentet m\u00eb t\u00eb spikatura. Ai solli bekimet e tij dhe mbajti nj\u00eb nga temat shpirt\u00ebrore.<\/span><\/div>\n<\/td>\n<td>\n<div><span style=\"color: #000000; font-family: helvetica; font-size: 12pt;\"><img decoding=\"async\" class=\"lazyload HAa Eha\" style=\"border-width: 1px; border-style: solid; margin: 10px auto; display: block;\" alt=\"\" src=\"data:image\/gif;base64,R0lGODlhAQABAAAAACH5BAEKAAEALAAAAAABAAEAAAICTAEAOw==\" data-orig-src=\"https:\/\/lh4.googleusercontent.com\/-TuL0-rKvw3I\/VIqVUAhDIYI\/AAAAAAAAGlY\/jdYBgVHord8\/w400-h319-no\/pic7.jpg\" \/><\/span><\/div>\n<\/td>\n<\/tr>\n<tr>\n<td colspan=\"2\">\n<div dir=\"ltr\" style=\"text-align: justify;\"><span style=\"color: #000000; font-family: helvetica; font-size: 12pt;\"> &nbsp;&nbsp;&nbsp; Gjithashtu pjes\u00eb e programit ishin edhe aktivitete arg\u00ebtuese si: ndeshjet e futbollit, volejbollit, loj\u00ebrat olimpike etj. q\u00eb u organizuan nd\u00ebrmjet grupeve dhe n\u00eb fund shpalleshin fituesit, duke marr\u00eb edhe nj\u00eb dhurat\u00eb si shp\u00ebrblim. Festivali i kampit, q\u00eb tashm\u00eb nuk mund t\u00eb shk\u00ebputet nga tradita e kampingjeve, solli nj\u00eb koh\u00eb festive n\u00eb nat\u00ebn e fundit. Nd\u00ebrthurja e k\u00ebng\u00ebve t\u00eb krijuara nga vet\u00eb grupet me ske\u00e7et e p\u00ebrgatitura nga vet\u00eb t\u00eb rinjt\u00eb, krijuan nj\u00eb ambient t\u00eb k\u00ebndsh\u00ebm. Juria shpalli &nbsp;fitues grupin e Pentikostis\u00eb me k\u00ebng\u00ebn: \u201cJemi t\u00eb Krishter\u00eb\u201d. Dit\u00ebt e kampit ishin plot drit\u00eb dhe t\u00eb bekuara nga Per\u00ebndia. Kampist\u00ebt u larguan duke marr\u00eb k\u00ebt\u00eb drit\u00eb p\u00ebr ta p\u00ebrcjell\u00eb n\u00eb familje dhe n\u00eb shoq\u00ebrin\u00eb e tyre.<\/span><\/div>\n<\/td>\n<\/tr>\n<\/tbody>\n<\/table>\n<div><span style=\"font-family: helvetica; font-size: 12pt;\"><\/span><\/div>\n<div style=\"text-align: right;\"><span style=\"color: #000000; font-family: helvetica; font-size: 12pt;\"><strong>Emanuel Pupi <\/strong> dhe<strong> Anesti Kepi<\/strong><\/span><\/div>\n","protected":false},"excerpt":{"rendered":"<p>&nbsp;&nbsp;&nbsp; Ishulli i bukur i Zv\u00ebrnecit priti edhe k\u00ebt\u00eb sezon veror t\u00eb rinjt\u00eb orthodhoks\u00eb n\u00eb kampin e tret\u00eb dhe t\u00eb fundit p\u00ebr k\u00ebt\u00eb vit. Kampi i konceptuar p\u00ebr djemt\u00eb e mosh\u00ebs 18 \u2013 30 vje\u00e7 filloi n\u00eb dat\u00ebn 25 korrik dhe p\u00ebrfundoi m\u00eb 6 gusht. Tema qendrore ishte \u201cT\u00eb gjitha u mbush\u00ebn me Drit\u00eb\u201d, e nj\u00ebjt\u00eb si ajo e t\u00eb gjith\u00eb kampingjeve t\u00eb tjer\u00eb p\u00ebr<\/p>\n","protected":false},"author":1,"featured_media":0,"comment_status":"open","ping_status":"open","sticky":false,"template":"","format":"standard","meta":{"_acf_changed":false,"pagelayer_contact_templates":[],"_pagelayer_content":"","inline_featured_image":false,"fifu_image_url":"","fifu_image_alt":"","footnotes":""},"categories":[108],"tags":[147,200,196,212,176],"class_list":["post-178","post","type-post","status-publish","format-standard","hentry","category-lajme","tag-147","tag-kampe-verore","tag-tirane","tag-lajme-d27","tag-rinia-orthodhokse"],"acf":[],"yoast_head":"<!-- This site is optimized with the Yoast SEO plugin v27.2 - https:\/\/yoast.com\/product\/yoast-seo-wordpress\/ -->\n<title>Kampi i tret\u00eb i djemve &quot;Rilindja&quot; n\u00eb Zv\u00ebrnec Dit\u00eb plot drit\u00eb dhe bekim. (Gusht 2007) - Kisha Orthodh\u03bfkse Autoqefale e Shqip\u00ebris\u00eb<\/title>\n<meta name=\"robots\" content=\"index, follow, max-snippet:-1, max-image-preview:large, max-video-preview:-1\" \/>\n<link rel=\"canonical\" href=\"https:\/\/orthodoxalbania.org\/2020\/2007\/02\/26\/kampi-i-trete-i-djemve-rilindja-ne-zvernec-dite-plot-drite-dhe-bekim-gusht-2007\/\" \/>\n<meta property=\"og:locale\" content=\"en_US\" \/>\n<meta property=\"og:type\" content=\"article\" \/>\n<meta property=\"og:title\" content=\"Kampi i tret\u00eb i djemve &quot;Rilindja&quot; n\u00eb Zv\u00ebrnec Dit\u00eb plot drit\u00eb dhe bekim. (Gusht 2007) - Kisha Orthodh\u03bfkse Autoqefale e Shqip\u00ebris\u00eb\" \/>\n<meta property=\"og:description\" content=\"&nbsp;&nbsp;&nbsp; Ishulli i bukur i Zv\u00ebrnecit priti edhe k\u00ebt\u00eb sezon veror t\u00eb rinjt\u00eb orthodhoks\u00eb n\u00eb kampin e tret\u00eb dhe t\u00eb fundit p\u00ebr k\u00ebt\u00eb vit. Kampi i konceptuar p\u00ebr djemt\u00eb e mosh\u00ebs 18 \u2013 30 vje\u00e7 filloi n\u00eb dat\u00ebn 25 korrik dhe p\u00ebrfundoi m\u00eb 6 gusht. Tema qendrore ishte \u201cT\u00eb gjitha u mbush\u00ebn me Drit\u00eb\u201d, e nj\u00ebjt\u00eb si ajo e t\u00eb gjith\u00eb kampingjeve t\u00eb tjer\u00eb p\u00ebr\" \/>\n<meta property=\"og:url\" content=\"https:\/\/orthodoxalbania.org\/2020\/2007\/02\/26\/kampi-i-trete-i-djemve-rilindja-ne-zvernec-dite-plot-drite-dhe-bekim-gusht-2007\/\" \/>\n<meta property=\"og:site_name\" content=\"Kisha Orthodh\u03bfkse Autoqefale e Shqip\u00ebris\u00eb\" \/>\n<meta property=\"article:publisher\" content=\"https:\/\/www.facebook.com\/koash1991\" \/>\n<meta property=\"article:published_time\" content=\"2007-02-26T00:00:00+00:00\" \/>\n<meta property=\"article:modified_time\" content=\"2020-04-06T20:35:34+00:00\" \/>\n<meta property=\"og:image\" content=\"https:\/\/lh6.googleusercontent.com\/-VnyNA2I5vDY\/VIqVSds8AQI\/AAAAAAAAGlA\/p1g-LG9lQ3w\/w400-h300-no\/pic1.jpg\" \/>\n<meta name=\"author\" content=\"Kisha Orthodhokse\" \/>\n<meta name=\"twitter:card\" content=\"summary_large_image\" \/>\n<meta name=\"twitter:label1\" content=\"Written by\" \/>\n\t<meta name=\"twitter:data1\" content=\"Kisha Orthodhokse\" \/>\n\t<meta name=\"twitter:label2\" content=\"Est. reading time\" \/>\n\t<meta name=\"twitter:data2\" content=\"4 minutes\" \/>\n<script type=\"application\/ld+json\" class=\"yoast-schema-graph\">{\"@context\":\"https:\/\/schema.org\",\"@graph\":[{\"@type\":\"Article\",\"@id\":\"https:\/\/orthodoxalbania.org\/2020\/2007\/02\/26\/kampi-i-trete-i-djemve-rilindja-ne-zvernec-dite-plot-drite-dhe-bekim-gusht-2007\/#article\",\"isPartOf\":{\"@id\":\"https:\/\/orthodoxalbania.org\/2020\/2007\/02\/26\/kampi-i-trete-i-djemve-rilindja-ne-zvernec-dite-plot-drite-dhe-bekim-gusht-2007\/\"},\"author\":{\"name\":\"Kisha Orthodhokse\",\"@id\":\"https:\/\/orthodoxalbania.org\/2020\/#\/schema\/person\/0c387634a7063ac612d7ed9ce71c7e86\"},\"headline\":\"Kampi i tret\u00eb i djemve &#8220;Rilindja&#8221; n\u00eb Zv\u00ebrnec Dit\u00eb plot drit\u00eb dhe bekim. (Gusht 2007)\",\"datePublished\":\"2007-02-26T00:00:00+00:00\",\"dateModified\":\"2020-04-06T20:35:34+00:00\",\"mainEntityOfPage\":{\"@id\":\"https:\/\/orthodoxalbania.org\/2020\/2007\/02\/26\/kampi-i-trete-i-djemve-rilindja-ne-zvernec-dite-plot-drite-dhe-bekim-gusht-2007\/\"},\"wordCount\":727,\"commentCount\":0,\"publisher\":{\"@id\":\"https:\/\/orthodoxalbania.org\/2020\/#organization\"},\"image\":{\"@id\":\"https:\/\/orthodoxalbania.org\/2020\/2007\/02\/26\/kampi-i-trete-i-djemve-rilindja-ne-zvernec-dite-plot-drite-dhe-bekim-gusht-2007\/#primaryimage\"},\"thumbnailUrl\":\"https:\/\/lh6.googleusercontent.com\/-VnyNA2I5vDY\/VIqVSds8AQI\/AAAAAAAAGlA\/p1g-LG9lQ3w\/w400-h300-no\/pic1.jpg\",\"keywords\":[\"2007\",\"Kampe verore\",\"Kryepiskopata Tiran\u00eb\",\"lajme\",\"Rinia Orthodhokse\"],\"articleSection\":[\"Lajme\"],\"inLanguage\":\"en-US\"},{\"@type\":\"WebPage\",\"@id\":\"https:\/\/orthodoxalbania.org\/2020\/2007\/02\/26\/kampi-i-trete-i-djemve-rilindja-ne-zvernec-dite-plot-drite-dhe-bekim-gusht-2007\/\",\"url\":\"https:\/\/orthodoxalbania.org\/2020\/2007\/02\/26\/kampi-i-trete-i-djemve-rilindja-ne-zvernec-dite-plot-drite-dhe-bekim-gusht-2007\/\",\"name\":\"Kampi i tret\u00eb i djemve \\\"Rilindja\\\" n\u00eb Zv\u00ebrnec Dit\u00eb plot drit\u00eb dhe bekim. (Gusht 2007) - Kisha Orthodh\u03bfkse Autoqefale e Shqip\u00ebris\u00eb\",\"isPartOf\":{\"@id\":\"https:\/\/orthodoxalbania.org\/2020\/#website\"},\"primaryImageOfPage\":{\"@id\":\"https:\/\/orthodoxalbania.org\/2020\/2007\/02\/26\/kampi-i-trete-i-djemve-rilindja-ne-zvernec-dite-plot-drite-dhe-bekim-gusht-2007\/#primaryimage\"},\"image\":{\"@id\":\"https:\/\/orthodoxalbania.org\/2020\/2007\/02\/26\/kampi-i-trete-i-djemve-rilindja-ne-zvernec-dite-plot-drite-dhe-bekim-gusht-2007\/#primaryimage\"},\"thumbnailUrl\":\"https:\/\/lh6.googleusercontent.com\/-VnyNA2I5vDY\/VIqVSds8AQI\/AAAAAAAAGlA\/p1g-LG9lQ3w\/w400-h300-no\/pic1.jpg\",\"datePublished\":\"2007-02-26T00:00:00+00:00\",\"dateModified\":\"2020-04-06T20:35:34+00:00\",\"breadcrumb\":{\"@id\":\"https:\/\/orthodoxalbania.org\/2020\/2007\/02\/26\/kampi-i-trete-i-djemve-rilindja-ne-zvernec-dite-plot-drite-dhe-bekim-gusht-2007\/#breadcrumb\"},\"inLanguage\":\"en-US\",\"potentialAction\":[{\"@type\":\"ReadAction\",\"target\":[\"https:\/\/orthodoxalbania.org\/2020\/2007\/02\/26\/kampi-i-trete-i-djemve-rilindja-ne-zvernec-dite-plot-drite-dhe-bekim-gusht-2007\/\"]}]},{\"@type\":\"ImageObject\",\"inLanguage\":\"en-US\",\"@id\":\"https:\/\/orthodoxalbania.org\/2020\/2007\/02\/26\/kampi-i-trete-i-djemve-rilindja-ne-zvernec-dite-plot-drite-dhe-bekim-gusht-2007\/#primaryimage\",\"url\":\"https:\/\/lh6.googleusercontent.com\/-VnyNA2I5vDY\/VIqVSds8AQI\/AAAAAAAAGlA\/p1g-LG9lQ3w\/w400-h300-no\/pic1.jpg\",\"contentUrl\":\"https:\/\/lh6.googleusercontent.com\/-VnyNA2I5vDY\/VIqVSds8AQI\/AAAAAAAAGlA\/p1g-LG9lQ3w\/w400-h300-no\/pic1.jpg\"},{\"@type\":\"BreadcrumbList\",\"@id\":\"https:\/\/orthodoxalbania.org\/2020\/2007\/02\/26\/kampi-i-trete-i-djemve-rilindja-ne-zvernec-dite-plot-drite-dhe-bekim-gusht-2007\/#breadcrumb\",\"itemListElement\":[{\"@type\":\"ListItem\",\"position\":1,\"name\":\"Home\",\"item\":\"https:\/\/orthodoxalbania.org\/2020\/\"},{\"@type\":\"ListItem\",\"position\":2,\"name\":\"Kampi i tret\u00eb i djemve &#8220;Rilindja&#8221; n\u00eb Zv\u00ebrnec Dit\u00eb plot drit\u00eb dhe bekim. (Gusht 2007)\"}]},{\"@type\":\"WebSite\",\"@id\":\"https:\/\/orthodoxalbania.org\/2020\/#website\",\"url\":\"https:\/\/orthodoxalbania.org\/2020\/\",\"name\":\"Kisha Orthodh\u03bfkse Autoqefale e Shqip\u00ebris\u00eb\",\"description\":\"Fqja Zyrtare e Kish\u00ebs Orthodhokse Autoqefale e Shqip\u00ebris\u00eb me lajmet edhe informacionet zyrtare p\u00ebr struktur\u00ebn edhe veprimtarin e saj.\",\"publisher\":{\"@id\":\"https:\/\/orthodoxalbania.org\/2020\/#organization\"},\"potentialAction\":[{\"@type\":\"SearchAction\",\"target\":{\"@type\":\"EntryPoint\",\"urlTemplate\":\"https:\/\/orthodoxalbania.org\/2020\/?s={search_term_string}\"},\"query-input\":{\"@type\":\"PropertyValueSpecification\",\"valueRequired\":true,\"valueName\":\"search_term_string\"}}],\"inLanguage\":\"en-US\"},{\"@type\":\"Organization\",\"@id\":\"https:\/\/orthodoxalbania.org\/2020\/#organization\",\"name\":\"Kisha Orthodhokse Autoqefale e Shqip\u00ebris\u00eb\",\"url\":\"https:\/\/orthodoxalbania.org\/2020\/\",\"logo\":{\"@type\":\"ImageObject\",\"inLanguage\":\"en-US\",\"@id\":\"https:\/\/orthodoxalbania.org\/2020\/#\/schema\/logo\/image\/\",\"url\":\"https:\/\/orthodoxalbania.org\/2020\/wp-content\/uploads\/2020\/05\/albania.jpeg\",\"contentUrl\":\"https:\/\/orthodoxalbania.org\/2020\/wp-content\/uploads\/2020\/05\/albania.jpeg\",\"width\":540,\"height\":540,\"caption\":\"Kisha Orthodhokse Autoqefale e Shqip\u00ebris\u00eb\"},\"image\":{\"@id\":\"https:\/\/orthodoxalbania.org\/2020\/#\/schema\/logo\/image\/\"},\"sameAs\":[\"https:\/\/www.facebook.com\/koash1991\"]},{\"@type\":\"Person\",\"@id\":\"https:\/\/orthodoxalbania.org\/2020\/#\/schema\/person\/0c387634a7063ac612d7ed9ce71c7e86\",\"name\":\"Kisha Orthodhokse\",\"image\":{\"@type\":\"ImageObject\",\"inLanguage\":\"en-US\",\"@id\":\"https:\/\/secure.gravatar.com\/avatar\/596e7c417251e30f2fbb9c00e026fce61a695a00e51c889caded71c96cbbdde5?s=96&d=mm&r=g\",\"url\":\"https:\/\/secure.gravatar.com\/avatar\/596e7c417251e30f2fbb9c00e026fce61a695a00e51c889caded71c96cbbdde5?s=96&d=mm&r=g\",\"contentUrl\":\"https:\/\/secure.gravatar.com\/avatar\/596e7c417251e30f2fbb9c00e026fce61a695a00e51c889caded71c96cbbdde5?s=96&d=mm&r=g\",\"caption\":\"Kisha Orthodhokse\"}}]}<\/script>\n<!-- \/ Yoast SEO plugin. -->","yoast_head_json":{"title":"Kampi i tret\u00eb i djemve \"Rilindja\" n\u00eb Zv\u00ebrnec Dit\u00eb plot drit\u00eb dhe bekim. (Gusht 2007) - Kisha Orthodh\u03bfkse Autoqefale e Shqip\u00ebris\u00eb","robots":{"index":"index","follow":"follow","max-snippet":"max-snippet:-1","max-image-preview":"max-image-preview:large","max-video-preview":"max-video-preview:-1"},"canonical":"https:\/\/orthodoxalbania.org\/2020\/2007\/02\/26\/kampi-i-trete-i-djemve-rilindja-ne-zvernec-dite-plot-drite-dhe-bekim-gusht-2007\/","og_locale":"en_US","og_type":"article","og_title":"Kampi i tret\u00eb i djemve \"Rilindja\" n\u00eb Zv\u00ebrnec Dit\u00eb plot drit\u00eb dhe bekim. (Gusht 2007) - Kisha Orthodh\u03bfkse Autoqefale e Shqip\u00ebris\u00eb","og_description":"&nbsp;&nbsp;&nbsp; Ishulli i bukur i Zv\u00ebrnecit priti edhe k\u00ebt\u00eb sezon veror t\u00eb rinjt\u00eb orthodhoks\u00eb n\u00eb kampin e tret\u00eb dhe t\u00eb fundit p\u00ebr k\u00ebt\u00eb vit. Kampi i konceptuar p\u00ebr djemt\u00eb e mosh\u00ebs 18 \u2013 30 vje\u00e7 filloi n\u00eb dat\u00ebn 25 korrik dhe p\u00ebrfundoi m\u00eb 6 gusht. Tema qendrore ishte \u201cT\u00eb gjitha u mbush\u00ebn me Drit\u00eb\u201d, e nj\u00ebjt\u00eb si ajo e t\u00eb gjith\u00eb kampingjeve t\u00eb tjer\u00eb p\u00ebr","og_url":"https:\/\/orthodoxalbania.org\/2020\/2007\/02\/26\/kampi-i-trete-i-djemve-rilindja-ne-zvernec-dite-plot-drite-dhe-bekim-gusht-2007\/","og_site_name":"Kisha Orthodh\u03bfkse Autoqefale e Shqip\u00ebris\u00eb","article_publisher":"https:\/\/www.facebook.com\/koash1991","article_published_time":"2007-02-26T00:00:00+00:00","article_modified_time":"2020-04-06T20:35:34+00:00","og_image":[{"url":"https:\/\/lh6.googleusercontent.com\/-VnyNA2I5vDY\/VIqVSds8AQI\/AAAAAAAAGlA\/p1g-LG9lQ3w\/w400-h300-no\/pic1.jpg","type":"","width":"","height":""}],"author":"Kisha Orthodhokse","twitter_card":"summary_large_image","twitter_misc":{"Written by":"Kisha Orthodhokse","Est. reading time":"4 minutes"},"schema":{"@context":"https:\/\/schema.org","@graph":[{"@type":"Article","@id":"https:\/\/orthodoxalbania.org\/2020\/2007\/02\/26\/kampi-i-trete-i-djemve-rilindja-ne-zvernec-dite-plot-drite-dhe-bekim-gusht-2007\/#article","isPartOf":{"@id":"https:\/\/orthodoxalbania.org\/2020\/2007\/02\/26\/kampi-i-trete-i-djemve-rilindja-ne-zvernec-dite-plot-drite-dhe-bekim-gusht-2007\/"},"author":{"name":"Kisha Orthodhokse","@id":"https:\/\/orthodoxalbania.org\/2020\/#\/schema\/person\/0c387634a7063ac612d7ed9ce71c7e86"},"headline":"Kampi i tret\u00eb i djemve &#8220;Rilindja&#8221; n\u00eb Zv\u00ebrnec Dit\u00eb plot drit\u00eb dhe bekim. (Gusht 2007)","datePublished":"2007-02-26T00:00:00+00:00","dateModified":"2020-04-06T20:35:34+00:00","mainEntityOfPage":{"@id":"https:\/\/orthodoxalbania.org\/2020\/2007\/02\/26\/kampi-i-trete-i-djemve-rilindja-ne-zvernec-dite-plot-drite-dhe-bekim-gusht-2007\/"},"wordCount":727,"commentCount":0,"publisher":{"@id":"https:\/\/orthodoxalbania.org\/2020\/#organization"},"image":{"@id":"https:\/\/orthodoxalbania.org\/2020\/2007\/02\/26\/kampi-i-trete-i-djemve-rilindja-ne-zvernec-dite-plot-drite-dhe-bekim-gusht-2007\/#primaryimage"},"thumbnailUrl":"https:\/\/lh6.googleusercontent.com\/-VnyNA2I5vDY\/VIqVSds8AQI\/AAAAAAAAGlA\/p1g-LG9lQ3w\/w400-h300-no\/pic1.jpg","keywords":["2007","Kampe verore","Kryepiskopata Tiran\u00eb","lajme","Rinia Orthodhokse"],"articleSection":["Lajme"],"inLanguage":"en-US"},{"@type":"WebPage","@id":"https:\/\/orthodoxalbania.org\/2020\/2007\/02\/26\/kampi-i-trete-i-djemve-rilindja-ne-zvernec-dite-plot-drite-dhe-bekim-gusht-2007\/","url":"https:\/\/orthodoxalbania.org\/2020\/2007\/02\/26\/kampi-i-trete-i-djemve-rilindja-ne-zvernec-dite-plot-drite-dhe-bekim-gusht-2007\/","name":"Kampi i tret\u00eb i djemve \"Rilindja\" n\u00eb Zv\u00ebrnec Dit\u00eb plot drit\u00eb dhe bekim. (Gusht 2007) - Kisha Orthodh\u03bfkse Autoqefale e Shqip\u00ebris\u00eb","isPartOf":{"@id":"https:\/\/orthodoxalbania.org\/2020\/#website"},"primaryImageOfPage":{"@id":"https:\/\/orthodoxalbania.org\/2020\/2007\/02\/26\/kampi-i-trete-i-djemve-rilindja-ne-zvernec-dite-plot-drite-dhe-bekim-gusht-2007\/#primaryimage"},"image":{"@id":"https:\/\/orthodoxalbania.org\/2020\/2007\/02\/26\/kampi-i-trete-i-djemve-rilindja-ne-zvernec-dite-plot-drite-dhe-bekim-gusht-2007\/#primaryimage"},"thumbnailUrl":"https:\/\/lh6.googleusercontent.com\/-VnyNA2I5vDY\/VIqVSds8AQI\/AAAAAAAAGlA\/p1g-LG9lQ3w\/w400-h300-no\/pic1.jpg","datePublished":"2007-02-26T00:00:00+00:00","dateModified":"2020-04-06T20:35:34+00:00","breadcrumb":{"@id":"https:\/\/orthodoxalbania.org\/2020\/2007\/02\/26\/kampi-i-trete-i-djemve-rilindja-ne-zvernec-dite-plot-drite-dhe-bekim-gusht-2007\/#breadcrumb"},"inLanguage":"en-US","potentialAction":[{"@type":"ReadAction","target":["https:\/\/orthodoxalbania.org\/2020\/2007\/02\/26\/kampi-i-trete-i-djemve-rilindja-ne-zvernec-dite-plot-drite-dhe-bekim-gusht-2007\/"]}]},{"@type":"ImageObject","inLanguage":"en-US","@id":"https:\/\/orthodoxalbania.org\/2020\/2007\/02\/26\/kampi-i-trete-i-djemve-rilindja-ne-zvernec-dite-plot-drite-dhe-bekim-gusht-2007\/#primaryimage","url":"https:\/\/lh6.googleusercontent.com\/-VnyNA2I5vDY\/VIqVSds8AQI\/AAAAAAAAGlA\/p1g-LG9lQ3w\/w400-h300-no\/pic1.jpg","contentUrl":"https:\/\/lh6.googleusercontent.com\/-VnyNA2I5vDY\/VIqVSds8AQI\/AAAAAAAAGlA\/p1g-LG9lQ3w\/w400-h300-no\/pic1.jpg"},{"@type":"BreadcrumbList","@id":"https:\/\/orthodoxalbania.org\/2020\/2007\/02\/26\/kampi-i-trete-i-djemve-rilindja-ne-zvernec-dite-plot-drite-dhe-bekim-gusht-2007\/#breadcrumb","itemListElement":[{"@type":"ListItem","position":1,"name":"Home","item":"https:\/\/orthodoxalbania.org\/2020\/"},{"@type":"ListItem","position":2,"name":"Kampi i tret\u00eb i djemve &#8220;Rilindja&#8221; n\u00eb Zv\u00ebrnec Dit\u00eb plot drit\u00eb dhe bekim. (Gusht 2007)"}]},{"@type":"WebSite","@id":"https:\/\/orthodoxalbania.org\/2020\/#website","url":"https:\/\/orthodoxalbania.org\/2020\/","name":"Kisha Orthodh\u03bfkse Autoqefale e Shqip\u00ebris\u00eb","description":"Fqja Zyrtare e Kish\u00ebs Orthodhokse Autoqefale e Shqip\u00ebris\u00eb me lajmet edhe informacionet zyrtare p\u00ebr struktur\u00ebn edhe veprimtarin e saj.","publisher":{"@id":"https:\/\/orthodoxalbania.org\/2020\/#organization"},"potentialAction":[{"@type":"SearchAction","target":{"@type":"EntryPoint","urlTemplate":"https:\/\/orthodoxalbania.org\/2020\/?s={search_term_string}"},"query-input":{"@type":"PropertyValueSpecification","valueRequired":true,"valueName":"search_term_string"}}],"inLanguage":"en-US"},{"@type":"Organization","@id":"https:\/\/orthodoxalbania.org\/2020\/#organization","name":"Kisha Orthodhokse Autoqefale e Shqip\u00ebris\u00eb","url":"https:\/\/orthodoxalbania.org\/2020\/","logo":{"@type":"ImageObject","inLanguage":"en-US","@id":"https:\/\/orthodoxalbania.org\/2020\/#\/schema\/logo\/image\/","url":"https:\/\/orthodoxalbania.org\/2020\/wp-content\/uploads\/2020\/05\/albania.jpeg","contentUrl":"https:\/\/orthodoxalbania.org\/2020\/wp-content\/uploads\/2020\/05\/albania.jpeg","width":540,"height":540,"caption":"Kisha Orthodhokse Autoqefale e Shqip\u00ebris\u00eb"},"image":{"@id":"https:\/\/orthodoxalbania.org\/2020\/#\/schema\/logo\/image\/"},"sameAs":["https:\/\/www.facebook.com\/koash1991"]},{"@type":"Person","@id":"https:\/\/orthodoxalbania.org\/2020\/#\/schema\/person\/0c387634a7063ac612d7ed9ce71c7e86","name":"Kisha Orthodhokse","image":{"@type":"ImageObject","inLanguage":"en-US","@id":"https:\/\/secure.gravatar.com\/avatar\/596e7c417251e30f2fbb9c00e026fce61a695a00e51c889caded71c96cbbdde5?s=96&d=mm&r=g","url":"https:\/\/secure.gravatar.com\/avatar\/596e7c417251e30f2fbb9c00e026fce61a695a00e51c889caded71c96cbbdde5?s=96&d=mm&r=g","contentUrl":"https:\/\/secure.gravatar.com\/avatar\/596e7c417251e30f2fbb9c00e026fce61a695a00e51c889caded71c96cbbdde5?s=96&d=mm&r=g","caption":"Kisha Orthodhokse"}}]}},"_links":{"self":[{"href":"https:\/\/orthodoxalbania.org\/2020\/wp-json\/wp\/v2\/posts\/178","targetHints":{"allow":["GET"]}}],"collection":[{"href":"https:\/\/orthodoxalbania.org\/2020\/wp-json\/wp\/v2\/posts"}],"about":[{"href":"https:\/\/orthodoxalbania.org\/2020\/wp-json\/wp\/v2\/types\/post"}],"author":[{"embeddable":true,"href":"https:\/\/orthodoxalbania.org\/2020\/wp-json\/wp\/v2\/users\/1"}],"replies":[{"embeddable":true,"href":"https:\/\/orthodoxalbania.org\/2020\/wp-json\/wp\/v2\/comments?post=178"}],"version-history":[{"count":1,"href":"https:\/\/orthodoxalbania.org\/2020\/wp-json\/wp\/v2\/posts\/178\/revisions"}],"predecessor-version":[{"id":15713,"href":"https:\/\/orthodoxalbania.org\/2020\/wp-json\/wp\/v2\/posts\/178\/revisions\/15713"}],"wp:attachment":[{"href":"https:\/\/orthodoxalbania.org\/2020\/wp-json\/wp\/v2\/media?parent=178"}],"wp:term":[{"taxonomy":"category","embeddable":true,"href":"https:\/\/orthodoxalbania.org\/2020\/wp-json\/wp\/v2\/categories?post=178"},{"taxonomy":"post_tag","embeddable":true,"href":"https:\/\/orthodoxalbania.org\/2020\/wp-json\/wp\/v2\/tags?post=178"}],"curies":[{"name":"wp","href":"https:\/\/api.w.org\/{rel}","templated":true}]}}