{"id":1772,"date":"2013-04-06T13:28:56","date_gmt":"2013-04-06T13:28:56","guid":{"rendered":""},"modified":"2020-04-06T00:59:13","modified_gmt":"2020-04-06T00:59:13","slug":"dera-per-ne-mbreterine-e-perendise","status":"publish","type":"post","link":"https:\/\/orthodoxalbania.org\/2020\/2013\/04\/06\/dera-per-ne-mbreterine-e-perendise\/","title":{"rendered":"Dera p\u00ebr n\u00eb mbret\u00ebrin\u00eb e Per\u00ebndis\u00eb"},"content":{"rendered":"<p style=\"text-align: justify;\"><span style=\"color: #000000; font-size: 12pt;\"><span style=\"font-family: verdana,geneva,sans-serif; line-height: 1.5;\">&nbsp;&nbsp;&nbsp; Shumica e njer\u00ebzve, kurdoher\u00eb, nisin t\u00eb pyesin p\u00ebr kuptimin e jet\u00ebs &#8211; duan t\u00eb din\u00eb n\u00ebse jeta ka nj\u00eb plan t\u00eb fsheht\u00eb a nj\u00eb q\u00ebllim n\u00eb vetvete. P\u00ebr mua, ky k\u00ebrkim p\u00ebr kuptimin dhe q\u00ebllimin e jet\u00ebs zuri fill n\u00eb Universitet. Aty nga fundi i vitit t\u00eb par\u00eb, isha i gatsh\u00ebm t\u00eb ndryshoja rr\u00ebnj\u00ebsisht. E dija se Krishti kishte t\u00eb drejta t\u00eb ligjshme mbi jet\u00ebn time. Dhe kisha filluar t\u00eb kuptoja se jeta larg Tij &#8211; madje edhe \u00e7astet m\u00eb t\u00eb lumtura dhe m\u00eb t\u00eb suksesshme t\u00eb saj &#8211; ishin t\u00eb zbrazura nga dometh\u00ebnia dhe k\u00ebnaq\u00ebsia. Shikoja brenda vetes, k\u00ebrkoja jasht\u00eb vetes, por gjithnj\u00eb i gatsh\u00ebm p\u00ebr t&#8217;ia filluar nga e para. At\u00eb pranver\u00eb, me vet\u00ebdije t\u00eb plot\u00eb ia p\u00ebrkushtova jet\u00ebn time Krishtit. Pranova q\u00eb e kisha nxjerr\u00eb jasht\u00eb jet\u00ebs sime dhe se m\u00eb vinte v\u00ebrtet keq q\u00eb nuk e kisha ndjekur dhe se d\u00ebshiroja q\u00eb Ai t\u00eb merrte n\u00eb dor\u00eb drejtimin e jet\u00ebs sime.<\/span><\/span><\/p>\n<p> <\/p>\n<p style=\"text-align: justify;\"><span style=\"color: #000000; font-size: 12pt;\"><span style=\"font-family: verdana,geneva,sans-serif; line-height: 1.5;\"> Pa e kuptuar shum\u00eb mir\u00eb se \u00e7far\u00eb po merrja p\u00ebrsip\u00ebr, i thash\u00eb &#8220;Q\u00eb tani e tutje, jam i Yti&#8221;.<\/span><\/span><\/p>\n<p style=\"text-align: justify;\"><span style=\"color: #000000; font-size: 12pt;\"><span style=\"font-family: verdana,geneva,sans-serif; line-height: 1.5;\">&nbsp; &nbsp; E kam t\u00eb v\u00ebshtir\u00eb t&#8217;i p\u00ebrshkruaj rrjedhojat e brendshme t\u00eb mendimit tim fillestar dhe besimin n\u00eb Krisht. Disa njer\u00ebz p\u00ebrjetojn\u00eb ndryshime rr\u00ebnj\u00ebsore dhe dramatike, t\u00eb tjer\u00eb p\u00ebrjetojn\u00eb pak ose aspak ndjenja shpirt\u00ebrore. N\u00eb rastin tim, nuk pati as vet\u00ebtima e as dallg\u00eb t\u00eb fuqishme, por ajo q\u00eb ndjeja ishte vet\u00ebdija e qart\u00eb e pranis\u00eb s\u00eb Zotit, dhe nj\u00eb paqe e p\u00ebrhershme n\u00eb zemr\u00ebn dhe jet\u00ebn time. Dashuria p\u00ebr Zotin dhe d\u00ebshira p\u00ebr ta k\u00ebnaqur At\u00eb &#8211; p\u00ebrvoja t\u00eb harruara q\u00eb n\u00eb f\u00ebmij\u00ebri &#8211; u rindez\u00ebn. Q\u00eb nga ai \u00e7ast kisha shum\u00eb d\u00ebshir\u00eb p\u00ebr t\u00eb njohur Per\u00ebndin\u00eb, t\u00eb jetoja vet\u00ebm p\u00ebr t\u00eb dhe t\u00eb arrija tek Mbret\u00ebria e Tij Qiellore.&nbsp;&nbsp;&nbsp; <\/span><\/span><\/p>\n<p style=\"text-align: justify;\"><span style=\"color: #000000; font-size: 12pt;\"><span style=\"font-family: verdana,geneva,sans-serif; line-height: 1.5;\">&nbsp;&nbsp;&nbsp; Sigurisht q\u00eb kthimi tek Krishti nuk \u00ebsht\u00eb di\u00e7ka e re, as p\u00ebr njer\u00ebzit e koh\u00ebs son\u00eb e as p\u00ebr ata t\u00eb shekujve t\u00eb kaluar. E v\u00ebrteta \u00ebsht\u00eb se Jisu Krishti ka ndryshuar jet\u00eb t\u00eb panum\u00ebrta burrash e grash gjat\u00eb k\u00ebtyre dy mij\u00eb vjet\u00ebve. Njer\u00ebzit njihen me Krishtin dhe jeta e tyre nuk \u00ebsht\u00eb m\u00eb ajo e para. Jet\u00ebt e tyre shnd\u00ebrrohen. Kaq i thell\u00eb ka qen\u00eb ndikimi i Krishtit n\u00eb pasuesit e tij, saq\u00eb miliona prej tyre kan\u00eb dh\u00ebn\u00eb jet\u00ebn p\u00ebr T\u00eb &#8211; dhe e kan\u00eb quajtur nder. P\u00ebrse? Kush \u00ebsht\u00eb ky njeri, q\u00eb erdhi n\u00eb bot\u00eb kaq p\u00ebrul\u00ebsisht e megjithat\u00eb arrin t\u00eb na ndryshoj\u00eb kaq rr\u00ebnj\u00ebsisht? Kush \u00ebsht\u00eb ky, q\u00eb largon vetmin\u00eb ton\u00eb, fal fajet tona, rregullon dhe qet\u00ebson mendjet dhe zemrat tona, madje na \u00e7on n\u00eb Mbret\u00ebrin\u00eb e Per\u00ebndis\u00eb?<\/span><\/span><\/p>\n<p style=\"text-align: justify;\"><span style=\"color: #800000; font-size: 12pt;\"><span style=\"font-family: verdana,geneva,sans-serif; line-height: 1.5;\"><em>&nbsp;&nbsp;&nbsp; Nj\u00eb jet\u00eb e pashoqe<\/em><\/span><\/span><\/p>\n<p style=\"text-align: justify;\"><span style=\"color: #000000; font-size: 12pt;\"><span style=\"font-family: verdana,geneva,sans-serif; line-height: 1.5;\">&nbsp;&nbsp;&nbsp; Shesh her\u00eb kur mendojm\u00eb p\u00ebr jet\u00ebn e Krishtit, fillojm\u00eb t\u00eb p\u00ebrfytyrojm\u00eb: dy mij\u00eb vjet m\u00eb par\u00eb, nj\u00eb grazhd n\u00eb Lindjen e Mesme, F\u00ebmij\u00ebn, Dijetar\u00ebt, yllin. K\u00ebto kan\u00eb t\u00eb b\u00ebjn\u00eb me lindjen e tij tok\u00ebsore, nd\u00ebrsa historia e Tij e v\u00ebrtet\u00eb nis me P\u00ebrjet\u00ebsin\u00eb. Sepse para se t\u00eb kishte koh\u00eb, para se t\u00eb b\u00ebhej bota, p\u00ebrpara fillimit, Krishti ishte! Sepse nuk ka pasur kurr\u00eb nj\u00eb koh\u00eb q\u00eb Ai nuk ka qen\u00eb. Fjal\u00ebt e para n\u00eb Bib\u00ebl thon\u00eb, <em>&#8220;N\u00eb fillim Per\u00ebndia&#8230;&#8221;<\/em> (Zanafilla 1:1). Per\u00ebndia ishte q\u00eb n\u00eb fillim, gjithmon\u00eb i Trepersonsh\u00ebm: Ati, Biri dhe Shpirti i Shenjt\u00eb. Nga Per\u00ebndia At\u00eb, para gjith\u00eb koh\u00ebrave u lind Per\u00ebndia Bir. Dhe p\u00ebrjet\u00ebsisht nga Per\u00ebndia At\u00eb buron Per\u00ebndia Shpirti i Shenjt\u00eb.<\/span><\/span><\/p>\n<p style=\"text-align: justify;\"><span style=\"color: #000000; font-size: 12pt;\"><span style=\"font-family: verdana,geneva,sans-serif; line-height: 1.5;\">&nbsp;&nbsp;&nbsp; Nd\u00ebrsa b\u00ebhet krijimi i sojit njer\u00ebzor, shohim Per\u00ebndin\u00eb q\u00eb thot\u00eb <em>\u201cLe ta b\u00ebjm\u00eb njeriun n\u00eb sh\u00ebmb\u00eblltyr\u00ebn Ton\u00eb, sipas ngjashm\u00ebris\u00eb Ton\u00eb&#8221;<\/em> (Zanafilla 1:26). Vini re shum\u00ebsin e p\u00ebrdorur p\u00ebr t\u00eb treguar personat Per\u00ebndi. K\u00ebshtu, q\u00eb p\u00ebrpara gjith\u00eb koh\u00ebrave, Per\u00ebndia Bir &#8211; i quajtur n\u00eb Shkrimet e Shenjta Fjala e Zotit, &#8211; s\u00eb bashku me Atin dhe me Shpirtin e Shenjt\u00eb sundonin mbi gjith\u00e7ka. Kjo na qart\u00ebson edhe p\u00ebr at\u00eb q\u00eb thon\u00eb Ungjijt\u00eb se Per\u00ebndia Bir, Jisu Krishti, erdhi nd\u00ebr ne p\u00ebr t\u00eb na e zbuluar Atin dhe p\u00ebr t\u00eb na d\u00ebrguar Shpirtin e Shenjt\u00eb, Ngush\u00ebllimtarin.<\/span><\/span><\/p>\n<p style=\"text-align: justify;\"><span style=\"color: #000000; font-size: 12pt;\"><span style=\"font-family: verdana,geneva,sans-serif; line-height: 1.5;\">&nbsp;&nbsp;&nbsp; Gjat\u00eb gjith\u00eb historis\u00eb s\u00eb Izraelit t\u00eb lasht\u00eb, Profet\u00ebt kishin parath\u00ebn\u00eb ardhjen e Atij, q\u00eb do t\u00eb ishte Mesia e Izraelit, i Zgjedhuri. Ata parathan\u00eb lindjen e tij n\u00eb Betlehem (Mikea 5:2), parathan\u00eb se si shenj\u00eb e Ardhjes s\u00eb Tij do t\u00eb ishte lindja prej nj\u00eb virgj\u00ebreshe (Isaia 7:14) dhe se do t\u00eb vuante dhe do t\u00eb vdiste p\u00ebr m\u00ebkatet e gjith\u00eb njer\u00ebzve (Isaia 53:5, 6). N\u00eb Dhiat\u00ebn e Vjet\u00ebr gjejm\u00eb rreth 300 vende, ku flitet p\u00ebr ardhjen e Tij, t\u00eb gjitha t\u00eb shkruara qindra vjet para se Ai t\u00eb vinte realisht n\u00eb tok\u00eb. M\u00eb pas, pik\u00ebrisht si\u00e7 ishte premtuar, n\u00eb koh\u00ebn e duhur, engj\u00eblli iu shfaq nj\u00eb virgj\u00ebreshe t\u00eb per\u00ebndishme hebre, t\u00eb quajtur Mari dhe i tha se ajo do t\u00eb lindte nj\u00eb djal\u00eb. <em>\u201cDo ta quash Jisu&#8221;<\/em> i thot\u00eb engj\u00eblli <em>\u201csepse Ai do t\u00eb shp\u00ebtoj\u00eb popullin e tij nga m\u00ebkatet&#8221;<\/em> (Mattheu 1:21). K\u00ebshtu n\u00eb mitr\u00ebn e virgj\u00ebresh\u00ebs Mari, u formua njerishm\u00ebria e Krishtit. Biri i Per\u00ebndis\u00eb u b\u00eb si ne me p\u00ebrjashtim t\u00eb m\u00ebkatit, me q\u00ebllim q\u00eb ne t\u00eb mund t\u00eb merrnim gjith\u00e7ka q\u00eb kishte Ai vet\u00eb. Si\u00e7 shkruan edhe Sh\u00ebn Joani <em>\u201cFjala mori trup dhe banoi nd\u00ebr ne&#8221;<\/em> (Joani 1:14). Per\u00ebndia u b\u00eb njeri, q\u00eb t\u00eb na vet\u00ebzbulohej. <\/span><\/span><\/p>\n<p style=\"text-align: justify;\"><span style=\"color: #000000; font-size: 12pt;\"><span style=\"font-family: verdana,geneva,sans-serif; line-height: 1.5;\">&nbsp;&nbsp;&nbsp; Shumica prej nesh, her\u00ebt a von\u00eb pyesim veten \u201cA ka nj\u00eb njeri n\u00eb bot\u00eb q\u00eb mund t\u00eb m\u00eb kuptoj\u00eb mua?&#8221; Mish\u00ebrimi i Birit t\u00eb Per\u00ebndis\u00eb i p\u00ebrgjigjet k\u00ebsaj pyetje, nj\u00eb her\u00eb e mir\u00eb, me nj\u00eb po t\u00eb fuqishme!! Sepse Jisu Krishti \u00ebsht\u00eb Per\u00ebndi i v\u00ebrtet\u00eb dhe Ai di gjith\u00e7ka, madje edhe numrin e fijeve t\u00eb flokut n\u00eb kokat tona (Lluka 12:7). Ai na ka krijuar. Dhe sepse \u00ebsht\u00eb njeri i v\u00ebrtet\u00eb, i di dob\u00ebsit\u00eb tona, zhg\u00ebnjimet tona, vuajtjet tona. Ai e di \u00e7&#8217;\u00ebsht\u00eb mohimi, vetmia, uria dhe vdekja, sepse i ka p\u00ebrjetuar vet\u00eb. Profeti Isaia shkruan <em>\u201cAi ka mbartur dhimbjet tona dhe ka marr\u00eb mbi vete brengat tona&#8221;<\/em> (Isaia 53:4).<\/span><\/span><\/p>\n<p style=\"text-align: justify;\"><span style=\"color: #000000; font-size: 12pt;\"><span style=\"font-family: verdana,geneva,sans-serif; line-height: 1.5;\">&nbsp;&nbsp;&nbsp; Duke qen\u00eb se mori trup nga e shenjta n\u00ebn\u00eb e Tij Maria, Jisui p\u00ebrjetoi lindjen dhe rritjen si t\u00eb gjith\u00eb ne. Gjat\u00eb viteve t\u00eb tij t\u00eb para, provoi t\u00eb sh\u00ebrbyerit dhe \u00e7irak\u00ebrin\u00eb, kur punonte me atin e tij tok\u00ebsor Josifin, si zdrukth\u00ebtar. P\u00ebrpar\u00ebsi kishte bindjen dhe n\u00ebnshtrimin e plot\u00eb ndaj Atit t\u00eb tij qiellor, ndaj edhe n\u00eb nj\u00eb rast na thuhet se ndenji n\u00eb Tempull duke u marr\u00eb me pun\u00ebt e Atit t\u00eb tij, n\u00eb vend q\u00eb t\u00eb vazhdonte rrug\u00ebtimin me Marin\u00eb dhe Josifin, q\u00eb po ktheheshin nga Jerusalemi.<\/span><\/span><\/p>\n<p style=\"text-align: justify;\"><span style=\"color: #000000; font-size: 12pt;\"><span style=\"font-family: verdana,geneva,sans-serif; line-height: 1.5;\">&nbsp;&nbsp;&nbsp; Ai i jetoi gjith\u00eb vitet e adoleshenc\u00ebs &#8211; e di \u00e7do t\u00eb thot\u00eb t\u00eb jesh tremb\u00ebdhjet\u00eb, kat\u00ebrmb\u00ebdhjet\u00eb &#8211; dhe u p\u00ebrball me rastet e nervozizmit, kompromiset morale, pandershm\u00ebrin\u00eb, dhe kryengritjet e koh\u00ebs s\u00eb at\u00ebhershme. Ai e njeh dob\u00ebsin\u00eb njer\u00ebzore, sepse ai u tundua n\u00eb gjith\u00eb m\u00ebnyrat, q\u00eb tundohemi edhe ne, por asnj\u00ebher\u00eb nuk iu n\u00ebnshtrua m\u00ebkatit. N\u00eb mosh\u00ebn tridhjet\u00ebvje\u00e7are u pag\u00ebzua n\u00eb lumin Jordan nga Sh\u00ebn Joan Pag\u00ebzori. K\u00ebshtu, ai jo vet\u00ebm filloi misionin e tij, por e caktoi ujin nj\u00eb her\u00eb e mir\u00eb si mjet p\u00ebr t\u00eb filluar nj\u00eb jet\u00eb t\u00eb re me Krishtin, p\u00ebrmes Shpirtit t\u00eb Shenjt\u00eb. Ja p\u00ebrse edhe Kisha, pasuesit e Tij n\u00eb tok\u00eb, i pag\u00ebzon besimtar\u00ebt e rinj me &#8220;uj\u00eb dhe Shpirt&#8221; (Joani 3:5). Pag\u00ebzimi \u00ebsht\u00eb ai rit i dh\u00ebn\u00eb nga Per\u00ebndia, q\u00eb hap dyert p\u00ebr n\u00eb Mbret\u00ebrin\u00eb e Per\u00ebndis\u00eb, pushteti mistik i t\u00eb cilit ndryshon jet\u00ebt tona, aq sa mendja njer\u00ebzore nuk arrin ta kuptoj\u00eb.<\/span><\/span><\/p>\n<p style=\"text-align: justify;\"><span style=\"color: #000000; font-size: 12pt;\"><span style=\"font-family: verdana,geneva,sans-serif; line-height: 1.5;\">&nbsp;&nbsp;&nbsp; Gjat\u00eb gjith\u00eb sh\u00ebrbimit t\u00eb Tij mbar\u00ebpopullor, trevje\u00e7ar, Krishti kreu mrekulli t\u00eb panum\u00ebrta. Sh\u00ebroi t\u00eb s\u00ebmur\u00ebt, iu dha drit\u00eb t\u00eb pasyve, vesh\u00eb t\u00eb shurdh\u00ebrve, dhe ndihm\u00eb t\u00eb pashpres\u00ebve. Ai qet\u00ebsoi stuhin\u00eb, d\u00ebboi djajt\u00eb, dhe ngjalli t\u00eb vdekurit. T\u00eb gjitha k\u00ebto mrekulli shpall\u00ebn Mbret\u00ebrin\u00eb e Per\u00ebndis\u00eb dhe d\u00ebftuan se Krishti ishte Per\u00ebndi. Ata q\u00eb kishin vet\u00ebm pak koh\u00eb q\u00eb e njihnin than\u00eb \u201cAi \u00e7do gj\u00eb e ka b\u00ebr\u00eb mir\u00eb&#8221; (Marku 7:37). Madje edhe armiqt\u00eb e Tij nuk arrinin t\u00eb gjenin ndonj\u00eb faj tek Ai (Joani 19:4,6). Jeta e zakonshme e qyteteve apo fshatrave, ndryshonte krejt\u00ebsisht, sa koh\u00eb Ai ishte vizitor i tyre. Ishte e qart\u00eb se gjith\u00e7ka varej prej Tij. <\/span><\/span><\/p>\n<p style=\"text-align: justify;\"><span style=\"color: #000000; font-size: 12pt;\"><span style=\"font-family: verdana,geneva,sans-serif; line-height: 1.5;\">&nbsp;&nbsp;&nbsp; Pasi kishin kaluar tre vjet nga koha kur Ai filloi sh\u00ebrbimin e tij, prij\u00ebsit fetar\u00eb judaik nuk mund t\u00eb duronin m\u00eb. Ai ishte Per\u00ebndi dhe thoshte se ishte i till\u00eb, ndaj edhe thirrjet p\u00ebr ta vrar\u00eb u shtuan shum\u00eb. Disa nga pasuesit e Tij, duke par\u00eb rreziqet q\u00eb u kanoseshin, e braktis\u00ebn. Vet\u00eb dishepujt e Tij, q\u00eb i kishte zgjedhur me dor\u00ebn e vet, i kthyen shpin\u00ebn, madje nj\u00ebri prej tyre e mohoi tre her\u00eb. P\u00ebrfundimisht, autoritetet fetare dhe ato shtet\u00ebrore u b\u00ebn\u00eb bashk\u00eb, organizuan nj\u00eb gjyq t\u00eb rrem\u00eb dhe e kryq\u00ebzuan si nj\u00eb kriminel t\u00eb r\u00ebndomt\u00eb, n\u00eb mes t\u00eb dy kusar\u00ebve. Pas pak or\u00ebsh kishte dh\u00ebn\u00eb shpirt. Askush nuk e kishte kuptuar se Ai kishte vdekur p\u00ebr gjith\u00eb bot\u00ebn, duke mbartur n\u00eb varr gjith\u00eb m\u00ebkatet dhe paudh\u00ebsit\u00eb tona. <\/span><\/span><\/p>\n<p style=\"text-align: justify;\"><span style=\"color: #000000; font-size: 12pt;\"><span style=\"font-family: verdana,geneva,sans-serif; line-height: 1.5;\">&nbsp;&nbsp;&nbsp; M\u00eb pas vjen pika m\u00eb kulminante, ngjarja m\u00eb e madh\u00ebrishme dhe m\u00eb e mbinatyrshme n\u00eb gjith\u00eb historin\u00eb e njer\u00ebzimit. Tre dit\u00eb pas vdekjes, Jisu Krishti kthehet s\u00ebrish n\u00eb jet\u00eb. Ai u ngrit nga varri, ngadh\u00ebnjimtar mbi vdekjen. Vdekja nuk do t\u00eb mund ta cenonte m\u00eb kurr\u00eb, sepse Ai kishte shfuqizuar pushtetin e saj. Dhe p\u00ebr t\u00eb gjith\u00eb ata q\u00eb bashkohen me Krishtin, Ai premton <em>&#8220;Sepse un\u00eb jetoj, edhe ju do t\u00eb jetoni\u201d<\/em> (Joani 14:19). Ai e kishte mundur p\u00ebrgjithmon\u00eb armikun ton\u00eb m\u00eb t\u00eb madh, vdekjen dhe k\u00ebt\u00eb e kishte b\u00ebr\u00eb me an\u00eb t\u00eb vdekjes s\u00eb Tij. Ndaj me ngjalljen e Tij, Ai u fal jet\u00eb jo vet\u00ebm t\u00eb gjall\u00ebve, por edhe t\u00eb vdekurve. <\/span><\/span><\/p>\n<p style=\"text-align: justify;\"><span style=\"color: #000000; font-size: 12pt;\"><span style=\"font-family: verdana,geneva,sans-serif; line-height: 1.5;\">&nbsp;&nbsp;&nbsp; Dyzet dit\u00eb pas Ngjalljes s\u00eb Tij, u hap syt\u00eb dishepujve p\u00ebr ta kuptuar Shkrimin, u flet p\u00ebr Mbret\u00ebrin\u00eb e P\u00ebrjetshme dhe i porosit q\u00eb ta p\u00ebrhapin Ungjillin n\u00eb mbar\u00eb bot\u00ebn. I udh\u00ebzoi q\u00eb t\u00eb nd\u00ebrtojn\u00eb Kish\u00ebn e Tij, shprehjen e Mbret\u00ebris\u00eb s\u00eb Tij n\u00eb tok\u00eb dhe p\u00ebrmbush premtimin q\u00eb u kishte b\u00ebr\u00eb, d\u00ebrgon Shpirtin e Shenjt\u00eb mbi tok\u00eb, q\u00eb t&#8217;i ndihmonte n\u00eb p\u00ebrmbushjen e detyr\u00ebs. <\/span><\/span><\/p>\n<p style=\"text-align: justify;\"><span style=\"color: #000000; font-size: 12pt;\"><span style=\"font-family: verdana,geneva,sans-serif; line-height: 1.5;\">&nbsp;&nbsp;&nbsp; V\u00ebrtet\u00ebsisht ajo, q\u00eb Krishti la pas n\u00eb k\u00ebt\u00eb bot\u00eb, \u00ebsht\u00eb Kisha e Tij. Shkrimet e p\u00ebrshkruajn\u00eb Kish\u00ebn si grumbullimin e popullit t\u00eb Tij, nj\u00eb komb i ri, nj\u00eb kler mbret\u00ebror, banes\u00ebn e Per\u00ebndis\u00eb n\u00eb Frym\u00eb. Meqen\u00ebse ata q\u00eb jan\u00eb pjes\u00ebtar\u00eb t\u00eb Kish\u00ebs s\u00eb Tij jan\u00eb bashk\u00ebpjes\u00ebtar\u00eb t\u00eb Ngjalljes s\u00eb Tij, quhen Trupi i Krishtit, nd\u00ebrsa Ai vet\u00eb \u00ebsht\u00eb Kreu. Nga fundi i dyzet dit\u00ebve predikuese, dishepujt ishin bashk\u00eb me t\u00eb dhe u b\u00ebn\u00eb d\u00ebshmitar\u00eb t\u00eb lart\u00ebsimit t\u00eb trupit t\u00eb Tij t\u00eb lavd\u00ebruar n\u00eb qiell. Ai mbret\u00ebron n\u00eb t\u00eb djatht\u00eb t\u00eb Atit t\u00eb tij. Duke qen\u00eb episkopi yn\u00eb qiellor, Ai \u00ebsht\u00eb edhe Zot i Kish\u00ebs. Sh\u00ebn Pavli shkruan <em>&#8220;Gjith\u00eb gj\u00ebrat mbahen prej Tij\u201d<\/em> (Kolosian\u00ebve 1:17). <\/span><\/span><\/p>\n<p style=\"text-align: justify;\"><span style=\"color: #000000; font-size: 12pt;\"><span style=\"font-family: verdana,geneva,sans-serif; line-height: 1.5;\">&nbsp;&nbsp;&nbsp; Nj\u00eb dit\u00eb Krishti do t\u00eb kthehet n\u00eb tok\u00eb dhe do t\u00eb p\u00ebrballet me t\u00eb gjall\u00ebt dhe t\u00eb vdekurit. T\u00ebr\u00eb njer\u00ebzimi do t\u00eb vij\u00eb p\u00ebrpara gjykatores s\u00eb Tij t\u00eb frikshme. T\u00eb drejt\u00ebt do t\u00eb trash\u00ebgojn\u00eb jet\u00eb t\u00eb p\u00ebrjetshme, t\u00eb ligjt\u00eb terr t\u00eb pasosur. Mbret\u00ebria e Per\u00ebndis\u00eb do t\u00eb vendoset kudo dhe Krishti do t\u00eb sundoj\u00eb p\u00ebrjet\u00ebsisht me Atin dhe Shpirtin e Shenjt\u00eb.<\/span><\/span><\/p>\n<p style=\"text-align: justify;\"><span style=\"color: #000000; font-size: 12pt;\"><span style=\"font-family: verdana,geneva,sans-serif; line-height: 1.5;\">&nbsp;&nbsp;&nbsp; T\u00eb njoh\u00ebsh Per\u00ebndin\u00eb Disa vite m\u00eb par\u00eb po flisja p\u00ebr r\u00ebnd\u00ebsin\u00eb e besimit n\u00eb Universitetin e Uashingtonit. Nj\u00eb student m\u00eb drejtoi nj\u00eb pyetje t\u00eb r\u00ebnd\u00ebsishme. &#8220;\u00c7far\u00eb k\u00ebrkohet p\u00ebr t&#8217;u b\u00ebr\u00eb nj\u00eb i krishter\u00eb i v\u00ebrtet\u00eb &#8211; cili \u00ebsht\u00eb \u00e7mimi q\u00eb duhet paguar ?\u201d<\/span><\/span><\/p>\n<p style=\"text-align: justify;\"><span style=\"color: #000000; font-size: 12pt;\"><span style=\"font-family: verdana,geneva,sans-serif; line-height: 1.5;\">&nbsp;&nbsp;&nbsp; I thash\u00eb se kishte dy p\u00ebrgjigje p\u00ebr pyetjen e tij. Nga nj\u00ebra an\u00eb, shp\u00ebtimi \u00ebsht\u00eb nj\u00eb dhurat\u00eb dhe jepet falas. \u00c7far\u00eb do q\u00eb t\u00eb b\u00ebjm\u00eb, nuk do t\u00eb arrijm\u00eb deri atje, sa t\u00eb meritojm\u00eb nj\u00eb marr\u00ebdh\u00ebnie me Atin p\u00ebrmes Jisu Krishtit. Pik\u00ebrisht k\u00ebt\u00eb gj\u00eb na e thot\u00eb kryqi. Sepse kur Jisu Krishti vdiq p\u00ebr ne, Ai ngadh\u00ebnjeu mbi pasoj\u00ebn e m\u00ebkatit, q\u00eb \u00ebsht\u00eb vdekja. Ai vdiq q\u00eb t\u00eb jetonim ne prej m\u00ebshir\u00ebs s\u00eb Per\u00ebndis\u00eb, na thon\u00eb Shkrimet, t\u00eb gjith\u00eb ata q\u00eb bashkohen me Krishtin marrin dhurat\u00ebn e shp\u00ebtimit.<\/span><\/span><\/p>\n<p style=\"text-align: justify;\"><span style=\"color: #000000; font-size: 12pt;\"><span style=\"font-family: verdana,geneva,sans-serif; line-height: 1.5;\">&nbsp;&nbsp;&nbsp; Sh\u00ebn Joani e p\u00ebrmbledh shum\u00eb bukur, kur shkruan <em>\u201cSepse Zoti aq e deshi bot\u00ebn, saq\u00eb dha Birin e tij t\u00eb vet\u00ebmlindur, dhe kushdo q\u00eb beson te Ai t\u00eb mos vdes\u00eb, por t\u00eb ket\u00eb jet\u00eb t\u00eb P\u00ebrjetshme&#8221;<\/em> (Joani 3:16). Sh\u00ebn Pavli kujton <em>\u201cDhurata e Per\u00ebndis\u00eb \u00ebsht\u00eb jeta e p\u00ebrjetshme n\u00eb Krishtin, Zotin ton\u00eb&#8221;<\/em> (Romak\u00ebve 6:23). P\u00ebrmes Krishtit me pag\u00ebzimin hyjm\u00eb n\u00eb nj\u00eb jet\u00eb t\u00eb re. Na jepet nj\u00eb fillim i ri i jet\u00ebs &#8211; falje e gjith\u00eb m\u00ebkateve, \u00e7lirim nga rob\u00ebria e t\u00eb ligut mbi ne, dhe mbushje me Shpirtin e Per\u00ebndis\u00eb, p\u00ebr t\u00eb ndjekur nj\u00eb proces pjekurie n\u00eb Krishtin, Zot. Mir\u00ebsia e Tij \u00ebsht\u00eb nj\u00eb dhurat\u00eb.<\/span><\/span><\/p>\n<p style=\"text-align: justify;\"><span style=\"color: #000000; font-size: 12pt;\"><span style=\"font-family: verdana,geneva,sans-serif; line-height: 1.5;\">&nbsp;&nbsp;&nbsp; Por, i thash\u00eb studentit, \u00ebsht\u00eb edhe nj\u00eb p\u00ebrgjigje tjet\u00ebr. \u201cDo ta them sa m\u00eb tro\u00e7 q\u00eb t\u00eb mundem&#8221; i thash\u00eb. \u201cArdhja tek Krishti do t\u00eb t\u00eb kushtoj\u00ebgjith\u00e7ka q\u00eb ke. E t\u00ebr\u00eb jeta jote duhet t\u00eb ndryshoj\u00eb dhe t\u00eb jet\u00eb n\u00eb ndryshim t\u00eb p\u00ebrhersh\u00ebm, derisa t\u00eb b\u00ebhesh ashtu si\u00e7 d\u00ebshiron Ai. N\u00ebse b\u00ebn jet\u00eb t\u00eb shthurur, do t\u00eb duhet t\u00eb heq\u00ebsh dor\u00eb. N\u00ebse mashtron, duhet t\u00eb ndalosh. Drog\u00eb dhe alkool &#8211; duhet t\u00eb largohesh prej tyre. Dhe n\u00ebse je nj\u00eb njeri q\u00eb parap\u00eblqen t\u00eb b\u00ebsh p\u00ebr t\u00eb t\u00ebrhequr dhe nuk do t&#8217;ia dij\u00eb shum\u00eb p\u00ebr t\u00eb tjer\u00ebt &#8211; duhet t\u00eb ndryshosh.&#8221; <\/span><\/span><\/p>\n<p style=\"text-align: justify;\"><span style=\"color: #000000; font-size: 12pt;\"><span style=\"font-family: verdana,geneva,sans-serif; line-height: 1.5;\">&nbsp;&nbsp;&nbsp; Jisu Krishti predikoi nj\u00eb mesazh thelb\u00ebsor. Quhet Ungjill, lajmi i mir\u00eb dhe \u00ebsht\u00eb ky: <em>\u201cPendohuni se mbret\u00ebria e Per\u00ebndis\u00ebpo afron&#8221;<\/em> (Mattheu 3:2). T\u00eb pendohesh do t\u00eb thot\u00eb t\u00eb kthehesh mbrapa, t&#8217;ia p\u00ebrkushtosh plot\u00ebsisht jet\u00ebn Krishtit, t&#8217;i thuash &#8220;PO&#8221; Zotit dhe ta thuash me t\u00ebr\u00eb mend. P\u00ebrse na b\u00ebhet thirrje p\u00ebr t\u00eb jetuar n\u00eb pendes\u00eb? Sepse p\u00ebr t&#8217;u futur n\u00eb Mbret\u00ebrin\u00eb e Per\u00ebndis\u00eb duhet t\u00eb plot\u00ebsojm\u00eb nj\u00eb kusht. Duhet t\u00eb jemi t\u00eb drejt\u00eb. Ne pendohemi sepse jemi m\u00ebkatar\u00eb &#8211; nuk arrijm\u00eb t\u00eb b\u00ebjm\u00eb jet\u00eb t\u00eb till\u00eb, q\u00eb t\u00eb lavd\u00ebroj\u00eb Per\u00ebndin\u00eb. <\/span><\/span><\/p>\n<p style=\"text-align: justify;\"><span style=\"color: #000000; font-size: 12pt;\"><span style=\"font-family: verdana,geneva,sans-serif; line-height: 1.5;\">&nbsp;&nbsp;&nbsp; A nuk ndodh q\u00eb kur shohim jet\u00ebt tona, t\u00eb na vij\u00eb turp para Zotit p\u00ebr veprimet e kryera? Ne kemi zgjedhur vet\u00eb rrug\u00ebn ton\u00eb, nuk kemi dashur t&#8217;ia dim\u00eb p\u00ebr vullnetin e tij dhe as p\u00ebr urdh\u00ebresat e tij, kemi kryer veprime q\u00eb kan\u00eb d\u00ebmtuar t\u00eb tjer\u00ebt, madje n\u00eb m\u00ebnyr\u00eb t\u00eb vazhdueshme. Ndonj\u00ebher\u00eb n\u00eb v\u00ebshtir\u00ebsi kthehemi tek Zoti, por sapo gj\u00ebrat rregullohen, rikthehemi tek vullneti yn\u00eb dhe &#8230; e dim\u00eb k\u00ebt\u00eb gj\u00eb. Kur pendohemi p\u00ebr her\u00eb t\u00eb par\u00eb, kthehemi tek Zoti Jisu Krisht dhe i themi se na vjen keq nga zemra p\u00ebr m\u00ebnyr\u00ebn ton\u00eb t\u00eb jetes\u00ebs. Si m\u00ebkatar\u00eb t\u00eb padenj\u00eb q\u00eb jemi, i k\u00ebrkojm\u00eb m\u00ebshir\u00eb dhe falje dhe e l\u00ebm\u00eb veten ton\u00eb n\u00eb duart e p\u00ebrkujdesjes s\u00eb Tij p\u00ebr sa koh\u00eb kemi jet\u00eb.<\/span><\/span><\/p>\n<p style=\"text-align: justify;\"><span style=\"color: #000000; font-size: 12pt;\"><span style=\"font-family: verdana,geneva,sans-serif; line-height: 1.5;\">&nbsp;&nbsp;&nbsp; Le t\u00eb mendojm\u00eb k\u00ebshtu. N\u00ebse Mbret\u00ebria e Per\u00ebndis\u00eb vlen sado pak, ajo vlen gjith\u00e7ka. Ne na th\u00ebrret vet\u00eb Krishti q\u00eb t\u00eb l\u00ebm\u00eb m\u00ebnjan\u00eb gjith\u00e7ka, q\u00eb mund t\u00eb na mbaj\u00eb larg mbret\u00ebris\u00eb s\u00eb Tij. Ja p\u00ebrse Krishti e krahason Mbret\u00ebrin\u00eb e Per\u00ebndis\u00eb me nj\u00eb thesar t\u00eb fshehur n\u00eb nj\u00eb fush\u00eb. Sapo t\u00eb kemi kuptuar vler\u00ebn e pabesueshme t\u00eb asaj toke t\u00eb \u00e7muar, do t\u00eb shesim gjith\u00e7ka p\u00ebr ta bler\u00eb. Pik\u00ebrisht kjo \u00ebsht\u00eb pendesa: zhveshja e plot\u00eb nga \u00e7do lloj prone tjet\u00ebr. Heqim dor\u00eb nga ato q\u00eb nuk mund t&#8217;i mbajm\u00eb, p\u00ebr t\u00eb pasur pasurit\u00eb e pashoqe t\u00eb Jisu Krishtit. Kjo \u00ebsht\u00eb blerja m\u00eb e mir\u00eb q\u00eb mund t\u00eb b\u00ebjm\u00eb ndonj\u00ebher\u00eb. Kur kthehemi k\u00ebshtu tek Zoti, at\u00ebher\u00eb fillojm\u00eb procesin e gjat\u00eb t\u00eb njohjes s\u00eb Per\u00ebndis\u00eb.<\/span><\/span><\/p>\n<p style=\"text-align: justify;\"><span style=\"color: #000000; font-size: 12pt;\"><span style=\"font-family: verdana,geneva,sans-serif; line-height: 1.5;\">&nbsp;&nbsp;&nbsp; Kujtoni Saulin e Tarsit, i cili jetoi n\u00eb shekullin e par\u00eb. E njohim m\u00eb mir\u00eb me emrin Sh\u00ebn Pavli, apostulli i Jisu Krishtit. I mir\u00ebarsimuar nga rabit\u00eb (m\u00ebsuesit) m\u00eb t\u00eb njohur judenj, Sauli i ri i vuri detyr\u00eb vetes q\u00eb t\u00eb p\u00ebrndiqte t\u00eb krishter\u00ebt e hersh\u00ebm n\u00eb t\u00eb gjitha m\u00ebnyrat. Nj\u00eb dit\u00eb nd\u00ebrsa ecte drejt qytetit t\u00eb Damaskut, verbohet nga nj\u00eb drit\u00eb tejet e fuqishme. Jisu Krishti iu shfaq nga qiejt, duke i th\u00ebn\u00eb:<em> \u201cSaul, Saul p\u00ebrse m\u00eb p\u00ebrndjek?&#8221;<\/em>. Sauli bie p\u00ebrmbys dhe thot\u00eb lutjen e tij pendestare, sigurisht duke u dridhur: <em>\u201cZot \u00e7far\u00eb k\u00ebrkon prej meje?&#8221;<\/em> Krishti e udh\u00ebzon q\u00eb t\u00eb shkoj\u00eb n\u00eb Damask dhe atje do t&#8217;i tregohej se \u00e7far\u00eb duhej t\u00eb thoshte. Profeti Anania e takon Saulin dhe atje ai pohon besimin dhe pendes\u00ebn e tij. Sauli mbushet me Shpirtin e Shenjt\u00eb, i rikthehet drita e syve dhe pag\u00ebzohet (Veprat e Apostujve 9:1-19). Prej k\u00ebtej, ai vazhdoi t\u00eb \u00e7oj\u00eb fjal\u00ebn e Per\u00ebndis\u00eb tek nj\u00eb num\u00ebr i pafund njer\u00ebzish.<\/span><\/span><\/p>\n<p style=\"text-align: justify;\"><span style=\"color: #000000; font-size: 12pt;\"><span style=\"font-family: verdana,geneva,sans-serif; line-height: 1.5;\">&nbsp;&nbsp;&nbsp; Ose kujtoni Polikarpin e dob\u00ebt, i cili duhet t\u00eb jet\u00eb pag\u00ebzuar f\u00ebmij\u00eb, rreth vitit 70 pas Krishtit, ende n\u00eb koh\u00ebn e Dhiat\u00ebs s\u00eb Re. Ai u rrit me frym\u00ebn e sh\u00ebrbimit dhe dashuris\u00eb p\u00ebr Krishtin dhe u b\u00eb episkop i Smirn\u00ebs n\u00eb Azin\u00eb e Vog\u00ebl, n\u00eb fillim t\u00eb shekullit t\u00eb dyt\u00eb. Nd\u00ebrsa p\u00ebrndjekjet ndaj t\u00eb krishter\u00ebve rriten aty nga mesi i shekullit t\u00eb dyt\u00eb, Polikarpi, tashm\u00eb nj\u00eb burr\u00eb i moshuar, vihet p\u00ebrpara dy mund\u00ebsive, ose t\u00eb mohonte Krishtin ose t\u00eb digjej i gjall\u00eb. <em>\u201cI kam sh\u00ebrbyer Krishtit p\u00ebr tet\u00ebdhjet\u00eb e gjasht\u00eb vjet&#8221;<\/em> thot\u00eb shenjtori <em>\u201cdhe asnj\u00ebher\u00eb nuk m\u00eb ka keqtrajtuar. Si mundem t\u00eb blasfemoj emrin e Mbretit, q\u00eb m\u00eb ka shp\u00ebtuar?&#8221;<\/em> (Martirizimi i Polikarpit, kreu 9). I djegur, p\u00ebr shkak t\u00eb besimit t\u00eb tij, Polikarpi nuk \u00ebsht\u00eb shembull i nj\u00eb ndryshimi dramatik dhe t\u00eb vonuar i nj\u00eb besimtari, por shembull i nj\u00eb t\u00eb krishteri t\u00eb nderuar, q\u00eb ka kaluar gjith\u00eb jet\u00ebn e tij n\u00eb paqe dhe pendim.<\/span><\/span><\/p>\n<p style=\"text-align: justify;\"><span style=\"color: #000000; font-size: 12pt;\"><span style=\"font-family: verdana,geneva,sans-serif; line-height: 1.5;\">&nbsp;&nbsp;&nbsp; Un\u00eb jetoj n\u00eb qytetin Santa Barbara n\u00eb Kaliforni, nj\u00eb qytet q\u00eb mban emrin e Sh\u00ebn Barbar\u00ebs (Varvar\u00ebs), e cila jetoi n\u00eb Nikomedi n\u00eb shekullin e tret\u00eb. I ati ishte nj\u00eb pagan i flakt\u00eb, nj\u00eb adhurues fanatik i idhujve dhe e mbante t\u00eb bij\u00ebn t\u00eb mbyllur brenda kat\u00ebr mureve, me q\u00ebllim q\u00eb ajo t\u00eb mos kishte kurrfar\u00eb lidhje me t\u00eb krishter\u00ebt. Por pavar\u00ebsisht nga e gjith\u00eb kjo, Barbara d\u00ebgjoi p\u00ebr Ungjillin e Krishtit dhe u bashkua me T\u00eb, p\u00ebrmes pag\u00ebzimit t\u00eb shenjt\u00eb. Kur i ati m\u00ebsoi p\u00ebr kthimin e saj n\u00eb Krishterim, e \u00e7oi tek xhelati, i cili i preu kryet, ndoshta n\u00eb sy t\u00eb t\u00eb atit. Jeta e saj e kulluar dhe e per\u00ebndishme, si edhe gatishm\u00ebria e saj p\u00ebr t\u00eb vdekur p\u00ebr Krishtin, i kan\u00eb dh\u00ebn\u00eb lavdi Krishtit gjat\u00eb gjith\u00eb historis\u00eb.<\/span><\/span><\/p>\n<p style=\"text-align: justify;\"><span style=\"color: #000000; font-size: 12pt;\"><span style=\"font-family: verdana,geneva,sans-serif; line-height: 1.5;\">&nbsp;&nbsp;&nbsp; Nj\u00eb shekull m\u00eb von\u00eb n\u00eb Afrik\u00ebn e Veriut, nj\u00eb e krishter\u00eb e quajtur Monika, lind nj\u00eb djal\u00eb, q\u00eb e quan Agustin. Megjith\u00ebse rritet n\u00eb nj\u00eb sht\u00ebpi t\u00eb krishter\u00eb, Agustini si shum\u00eb prej nesh vendos t\u00eb harroj\u00eb Per\u00ebndin\u00eb dhe t\u00eb b\u00ebj\u00eb jet\u00ebn e tij. Ky djalosh i talentuar b\u00ebri nj\u00eb jet\u00eb imorale, pati edhe arritje mbres\u00ebl\u00ebn\u00ebse akademike, por rreth mosh\u00ebs nj\u00ebzet e pes\u00eb vje\u00e7are ndihej i zbraz\u00ebt dhe i d\u00ebshp\u00ebruar. N\u00eb jet\u00ebshkrimin e tij klasik &#8220;Rr\u00ebfimet&#8221; na tregon p\u00ebr kthimin e tij tek Krishti. <em>&#8220;Na ke b\u00ebr\u00eb p\u00ebr veten t\u00ebnde o Zot&#8221;<\/em> shkruan ai <em>&#8220;dhe zemrat tona nuk do t\u00eb gjejn\u00eb prehje ve\u00e7se tek Ti&#8221;<\/em>. Atij iu desh t\u00eb kalonte nj\u00eb proces asgj\u00ebsimi p\u00ebr t&#8217;u kthyer tek Krishti. Asgj\u00eb tjet\u00ebr nuk ecte. N\u00ebn p\u00ebrkujdesjen e atit t\u00eb tij shpirt\u00ebror, Ambrozit, besimtari i ri rritej n\u00eb hirin e Per\u00ebndis\u00eb. M\u00eb von\u00eb Sh\u00ebn Agustini b\u00ebhet episkop dhe nj\u00eb nd\u00ebr shkrimtar\u00ebt dhe mendimtar\u00ebt m\u00eb t\u00eb shquar t\u00eb gjith\u00eb koh\u00ebrave. P\u00ebr munges\u00eb vendi nuk do t\u00eb flasim p\u00ebr Sh\u00ebn Ekaterin\u00ebn e Aleksandris\u00eb, Sh\u00ebn Joanin e Damaskut, Sh\u00ebn Maksim Pohuesin, Sh\u00ebn Kirillin dhe Metodin, Sh\u00ebn Grigorin e Pallamait, Sh\u00ebn Serafimin e Sarovit dhe mij\u00ebra e mij\u00ebra t\u00eb tjer\u00eb, q\u00eb u udh\u00ebhoq\u00ebn nga Krishti dhe jetuan si bashk\u00ebtrash\u00ebgimtar\u00eb t\u00eb Mbret\u00ebris\u00eb s\u00eb Tij.<\/span><\/span><\/p>\n<p style=\"text-align: justify;\"><span style=\"color: #000000; font-size: 12pt;\"><span style=\"font-family: verdana,geneva,sans-serif; line-height: 1.5;\">&nbsp;&nbsp;&nbsp; P\u00ebrve\u00e7 dashuris\u00eb p\u00ebr Krishtin, k\u00ebta njer\u00ebz kan\u00eb t\u00eb pakt\u00ebn edhe nj\u00eb karakteristik\u00eb t\u00eb p\u00ebrbashk\u00ebt. T\u00eb gjith\u00eb e njoh\u00ebn dhe i sh\u00ebrbyen Krishtit brenda n\u00eb Kish\u00eb. Kjo bie n\u00eb kund\u00ebrshtim t\u00eb plot\u00eb me at\u00eb, q\u00eb u m\u00ebsohet shum\u00eb njer\u00ebzve n\u00ebn mask\u00ebn e Krishterimit. P\u00ebr fat t\u00eb keq, disa q\u00eb ende mbajn\u00eb emrin e Tij, jan\u00eb larguar aq shum\u00eb nga rruga q\u00eb na la Krishti, saq\u00eb e kan\u00eb b\u00ebr\u00eb gati t\u00eb pamundur njohjen e Per\u00ebndis\u00eb.<\/span><\/span><\/p>\n<p style=\"text-align: justify;\"><span style=\"color: #000000; font-size: 12pt;\"><span style=\"font-family: verdana,geneva,sans-serif; line-height: 1.5;\">&nbsp;&nbsp;&nbsp; Lejom\u00ebni t&#8217;ju jap nj\u00eb shembull. E z\u00ebm\u00eb se jeni me pushime n\u00eb Egjipt. Jeni ulur n\u00eb nj\u00eb kafene dhe po pini qet\u00ebsisht nj\u00eb kafe. Nj\u00eb djalosh, me theks disi t\u00eb \u00e7uditsh\u00ebm, ju pyet n\u00ebse mund t\u00eb ulet n\u00eb tryez\u00ebn tuaj. Pak i hutuar, e ftoni t\u00eb ulet. M\u00ebson se quhet Uong Li dhe se \u00ebsht\u00eb nj\u00eb komunist i thekur nga Kina, i cili gjendet n\u00eb Kajro p\u00ebr pushimet verore. Uong Li ju pyet p\u00ebr jet\u00ebn n\u00eb Amerik\u00eb, si \u00ebsht\u00eb jeta n\u00eb nj\u00eb shtet demokratik. Nis e i tregon p\u00ebr mund\u00ebsit\u00eb e shumta n\u00eb fush\u00ebn e biznesit bot\u00ebror, mund\u00ebsit\u00eb p\u00ebr t\u00eb pasur gj\u00ebra etj. Pastaj vazhdon me politik\u00ebn, votimet dhe procesin zgjedhor. I tregon p\u00ebr baraspesh\u00ebn pushtetare mes deg\u00ebs ekzekutive, legjislative; p\u00ebr qeverisjen federale dhe m\u00ebnyr\u00ebn sesi bashk\u00ebpunon shteti me udh\u00ebheqjet vendore. Tregohesh i \u00e7ilt\u00ebr edhe p\u00ebr sa i p\u00ebrket t\u00eb metave t\u00eb sistemit dhe b\u00ebn nj\u00eb paraqitje p\u00ebrmbledh\u00ebse t\u00eb lirive thelb\u00ebsore t\u00eb individit n\u00eb nj\u00eb shoq\u00ebri demokratike.<\/span><\/span><\/p>\n<p style=\"text-align: justify;\"><span style=\"color: #000000; font-size: 12pt;\"><span style=\"font-family: verdana,geneva,sans-serif; line-height: 1.5;\">&nbsp;&nbsp;&nbsp; Por para se t\u00eb mbarosh, ai t\u00eb nd\u00ebrpret dhe th\u00ebrret: &#8220;Kjo po! Kjo \u00ebsht\u00eb pik\u00ebrisht ajo q\u00eb dua un\u00eb!&#8221; &#8220;\u00c7do t\u00eb thuash?&#8221; e pyet i \u00e7uditur. &#8220;Dua t\u00eb them se kam nd\u00ebrmend t\u00eb p\u00ebrkrah demokracin\u00eb. \u00cbsht\u00eb shum\u00eb her\u00eb m\u00eb e mir\u00eb se komunizmi. Pik\u00ebrisht tani, po t\u00eb them se q\u00eb tani e tutje, un\u00eb i p\u00ebrkushtohem demokracis\u00eb&#8221;. Ti ke shqyer syt\u00eb. \u00cbsht\u00eb hera e par\u00eb q\u00eb sheh dhe d\u00ebgjon di\u00e7ka t\u00eb till\u00eb. Para nj\u00eb ore ti as nuk e kishe iden\u00eb se kush ishte ky njeri. Tashm\u00eb para teje ke nj\u00eb t\u00eb sapokthyer demokrat. Mendohesh p\u00ebr nj\u00eb minut\u00eb dhe nis e i jep ca ide. &#8220;Kjo do t\u00eb thot\u00eb q\u00eb duhet t\u00eb mendojm\u00eb se si t\u00eb t\u00eb t\u00ebrheqim n\u00eb Amerik\u00eb dhe t\u00eb t\u00eb b\u00ebjm\u00eb shtetas amerikan.&#8221; \u201c\u00c7do t\u00eb thuash?&#8221; pyet Li. \u201cE p\u00ebrse duhet t\u00eb vij n\u00eb Amerik\u00eb?&#8221; \u201cN\u00eb m\u00ebnyr\u00eb q\u00eb t\u00eb jetosh n\u00eb demokraci, q\u00eb t\u00eb shijosh lirit\u00eb dhe mund\u00ebsit\u00eb q\u00eb t\u00eb jep ajo&#8221; shpjegon ti. \u201cSht\u00ebpia ime \u00ebsht\u00eb n\u00eb Pekin dhe nuk kam nd\u00ebrmend t\u00eb largohem q\u00eb andej. Do ta studioj demokracin\u00eb dhe do t\u00eb m\u00ebsoj vet\u00eb. Do t\u00eb m\u00ebsoj p\u00ebrmend\u00ebsh Kushtetut\u00ebn dhe Kart\u00ebn e t\u00eb Drejtave. Dhe do t\u00eb pajtohem tek Sh\u00ebnime t\u00eb Kongresit&#8221;.<\/span><\/span><\/p>\n<p style=\"text-align: justify;\"><span style=\"color: #000000; font-size: 12pt;\"><span style=\"font-family: verdana,geneva,sans-serif; line-height: 1.5;\">&nbsp;&nbsp;&nbsp; S&#8217;di \u00e7&#8217;t\u00eb thuash. Ajo q\u00eb thot\u00eb nuk ka p\u00ebr t\u00eb ecur kurr\u00eb dhe je i bindur p\u00ebr k\u00ebt\u00eb. Si mund t&#8217;i p\u00ebrkushtohesh demokracis\u00eb dhe t\u00eb vazhdosh t\u00eb jesh krejt\u00ebsisht i lumtur me faktin se jeton n\u00eb nj\u00eb vend komunist? \u00cbsht\u00eb e pamundur. Por, po aq e pamundur \u00ebsht\u00eb t\u00eb bind\u00ebsh Lin\u00eb p\u00ebr k\u00ebt\u00eb. Ai e beson demokracin\u00eb vet\u00ebm n\u00eb planin mendor dhe kjo nuk ka p\u00ebr t&#8217;i sjell\u00eb atij asnj\u00eb t\u00eb mir\u00eb. E till\u00eb dhe m\u00eb fatkeqe \u00ebsht\u00eb gjendja e atyre, q\u00eb rreken t\u00eb ndjekin Krishtin, madje me zell t\u00eb madh, por t\u00eb shk\u00ebputur nga Kisha e Tij. Ka shum\u00eb mund\u00ebsi q\u00eb t\u00eb jen\u00eb t\u00eb sinqert\u00eb, por kan\u00eb shum\u00eb pak mund\u00ebsi, q\u00eb ta njohin me t\u00eb v\u00ebrtet\u00eb Krishtin. Sepse duhet t\u00eb jetosh brenda Trupit t\u00eb Krishtit, t\u00eb ushqehesh me t\u00eb shenjtat e Saj, t\u00eb m\u00ebsosh besimin e Saj t\u00eb v\u00ebrtet\u00eb dhe t\u00eb p\u00ebrl\u00ebvdosh Per\u00ebndin\u00eb tek altari i Saj, p\u00ebr t\u00eb arritur shenjt\u00ebrin\u00eb dhe drejt\u00ebsin\u00eb, q\u00eb t\u00eb \u00e7ojn\u00eb tek portat e \u00e7elura t\u00eb Mbret\u00ebris\u00eb.<\/span><\/span><\/p>\n<p style=\"text-align: justify;\"><span style=\"color: #800000; font-size: 12pt;\"><span style=\"font-family: verdana,geneva,sans-serif; line-height: 1.5;\"><em>&nbsp;&nbsp;&nbsp; Ardhja tek Krishti dhe Kisha e Tij<\/em><\/span><\/span><\/p>\n<p style=\"text-align: justify;\"><span style=\"color: #000000; font-size: 12pt;\"><span style=\"font-family: verdana,geneva,sans-serif; line-height: 1.5;\">&nbsp;&nbsp;&nbsp; P\u00ebr dymij\u00eb vjet Kisha e Krishter\u00eb Orthodhokse ka ruajtur t\u00eb pac\u00ebnuar plot\u00ebsin\u00eb e Krishtit, p\u00ebr t\u00eb cil\u00ebn kemi folur m\u00eb lart. Ajo ka ruajtur t\u00eb paprekur k\u00ebt\u00eb besim pavar\u00ebsisht nga p\u00ebrndjekjet dhe vuajtjet e patregueshme. Brenda portave t\u00eb Krisht\u00ebrimit Orthodhoks mund t\u00eb gjesh Besimin e pac\u00ebnuar t\u00eb Dhiat\u00ebs s\u00eb Re, Kish\u00ebn Apostolike. Hiri i Per\u00ebndis\u00eb ka b\u00ebr\u00eb q\u00eb Besimi i Saj t\u00eb mbetet i nj\u00ebjt\u00eb dhe i pandryshuar. Nuk \u00ebsht\u00eb shtuar, as hequr asgj\u00eb. Kisha Orthodhokse \u00ebsht\u00eb ai vend, ajo zon\u00eb sigurie, ku n\u00ebse doni, keni mund\u00ebsin\u00eb t\u00eb njihni, doni dhe adhuroni Per\u00ebndin\u00eb e Shkrimeve, Atin, Birin dhe Shpirtin e Shenjt\u00eb. Nj\u00eb nd\u00ebr et\u00ebrit e shquar t\u00eb Orthodhoksis\u00eb \u00ebsht\u00eb Sh\u00ebn Joan Gojarti, m\u00ebsues dhe predikues i Bibl\u00ebs, i shekullit t\u00eb kat\u00ebrt, shkrimet e t\u00eb cilit kan\u00eb b\u00ebr\u00eb q\u00eb mij\u00ebra e mij\u00ebra njer\u00ebz t\u00eb arrijn\u00eb tek njohja shp\u00ebtimtare e Krishtit. Sa her\u00eb q\u00eb dikush takohej me shenjtorin dhe d\u00ebshironte t&#8217;i kushtonte jet\u00ebn Krishtit dhe t\u00eb m\u00ebsonte m\u00eb shum\u00eb p\u00ebr T\u00eb, shenjti i tregonte p\u00ebr Besimin Orthodhoks, e pag\u00ebzonte dhe m\u00eb pas e vajoste p\u00ebr t\u00eb marr\u00eb dhurat\u00ebn e Shpirtit t\u00eb Shenjt\u00eb. <\/span><\/span><\/p>\n<p style=\"text-align: justify;\"><span style=\"color: #000000; font-size: 12pt;\"><span style=\"font-family: verdana,geneva,sans-serif; line-height: 1.5;\">&nbsp;&nbsp;&nbsp; Por p\u00ebrpara se t&#8217;ia niste m\u00ebsimeve, bariu i shenjt\u00eb b\u00ebnte nj\u00eb lutje dhe ia besonte Krishtit personin n\u00eb fjal\u00eb. Kjo lutje p\u00ebrdoret edhe sot e k\u00ebsaj dite, n\u00eb fillim t\u00eb sh\u00ebrbes\u00ebs orthodhokse t\u00eb pag\u00ebzimit. V\u00ebreni fillimin e saj: <em>&#8220;N\u00eb emrin t\u00ebnd, o Zot, Per\u00ebndi i s\u00eb v\u00ebrtet\u00ebs, dhe n\u00eb emrin e Birit t\u00ebnd t\u00eb vet\u00ebmlindur dhe t\u00eb Shpirtit t\u00eb Shenjt\u00eb, un\u00eb v\u00eb duart mbi sh\u00ebrb\u00ebtorin t\u00ebnd, q\u00eb \u00ebsht\u00eb par\u00eb i denj\u00eb, p\u00ebr t\u00eb ardhur tek Emri yt i Shenjt\u00eb dhe p\u00ebr t&#8217;u strehuar n\u00ebn mbrojtjen eflatrave t\u00eb tua&#8221;.<\/em> Lejom\u00ebni t&#8217;ju b\u00ebj nj\u00eb pyetje t\u00eb hapur. A jeni i gatsh\u00ebm t\u00eb fluturoni drejt Jisu Krishtit p\u00ebr t\u00eb pasur mbrojtjen e Kish\u00ebs s\u00eb Tij t\u00eb Shenjt\u00eb, p\u00ebr ta njohur, p\u00ebr t&#8217;u lar\u00eb nga m\u00ebkatet dhe p\u00ebr t\u00eb ndryshuar? N\u00ebse po, nj\u00eb jet\u00eb e re m\u00eb Krishtin shtrihet para jush. Ajo q\u00eb duhet t\u00eb b\u00ebsh \u00ebsht\u00eb t\u00eb takosh nj\u00eb prift orthodhoks n\u00eb zon\u00ebn t\u00ebnde, i cili mund t\u00eb t\u00eb ndihmoj\u00eb t\u00eb p\u00ebrgatitesh dhe t\u00eb m\u00ebsosh p\u00ebr besimin e krishter\u00eb, dhe m\u00eb pas t\u00eb pret bashkimi me Krishtin n\u00eb Pag\u00ebzimin e Shenjt\u00eb.<\/span><\/span><\/p>\n<p style=\"text-align: justify;\"><span style=\"color: #000000; font-size: 12pt;\"><span style=\"font-family: verdana,geneva,sans-serif; line-height: 1.5;\">&nbsp;&nbsp;&nbsp; K\u00ebrkoji personit, q\u00eb t\u00eb ka dh\u00ebn\u00eb k\u00ebt\u00eb librushk\u00eb t\u00eb t\u00eb njoh\u00eb me nj\u00eb prift orthodhoks. Krishti tha: <em>&#8220;Un\u00eb jam rruga, e v\u00ebrteta dhe jeta. Askush nuk shkon tek Ati, ve\u00e7se n\u00ebp\u00ebrmjet meje&#8221;<\/em> (Joani 14:6). Vendos t\u00eb ndjek\u00ebsh Krishtin dhe m\u00ebso t\u00eb ec\u00ebsh me T\u00eb n\u00eb rrug\u00ebn, q\u00eb t\u00eb \u00e7on drejt njohjes s\u00eb Per\u00ebndis\u00eb. Sepse Krishti ka premtuar: <em>&#8220;Ai q\u00eb vjen tek Un\u00eb, nuk do ta flak tutje&#8221;<\/em> (Joani 6:37). Dera ju \u00ebsht\u00eb hapur dhe Krishti po ju pret si nj\u00eb nd\u00ebr dishepujt (nx\u00ebn\u00ebsit) e Tij.<\/span><\/span><\/p>\n<p style=\"text-align: justify;\"><span style=\"font-size: 12pt;\"><\/span><\/p>\n<p style=\"text-align: right;\"><span style=\"color: #ff8c00; font-size: 12pt;\"><span style=\"font-family: verdana,geneva,sans-serif;\"><span style=\"line-height: 1.5;\">P\u00ebrgatiti At\u00eb Peter Gillquist, Botim i Kish\u00ebs Orthodhokse Autoqefale t\u00eb Shqip\u00ebris\u00eb, Tiran\u00eb, 2001.<\/span><\/span><\/span><\/p>\n","protected":false},"excerpt":{"rendered":"<p>&nbsp;&nbsp;&nbsp; Shumica e njer\u00ebzve, kurdoher\u00eb, nisin t\u00eb pyesin p\u00ebr kuptimin e jet\u00ebs &#8211; duan t\u00eb din\u00eb n\u00ebse jeta ka nj\u00eb plan t\u00eb fsheht\u00eb a nj\u00eb q\u00ebllim n\u00eb vetvete. P\u00ebr mua, ky k\u00ebrkim p\u00ebr kuptimin dhe q\u00ebllimin e jet\u00ebs zuri fill n\u00eb Universitet. Aty nga fundi i vitit t\u00eb par\u00eb, isha i gatsh\u00ebm t\u00eb ndryshoja rr\u00ebnj\u00ebsisht. E dija se Krishti kishte t\u00eb drejta t\u00eb ligjshme mbi<\/p>\n","protected":false},"author":1,"featured_media":0,"comment_status":"open","ping_status":"open","sticky":false,"template":"","format":"standard","meta":{"_acf_changed":false,"pagelayer_contact_templates":[],"_pagelayer_content":"","inline_featured_image":false,"fifu_image_url":"","fifu_image_alt":"","footnotes":""},"categories":[112],"tags":[609,612],"class_list":["post-1772","post","type-post","status-publish","format-standard","hentry","category-materiale-shpirterore-d72","tag-materiale-shpirterore","tag-shpirterore-te-ndryshme"],"acf":[],"yoast_head":"<!-- This site is optimized with the Yoast SEO plugin v27.2 - https:\/\/yoast.com\/product\/yoast-seo-wordpress\/ -->\n<title>Dera p\u00ebr n\u00eb mbret\u00ebrin\u00eb e Per\u00ebndis\u00eb - Kisha Orthodh\u03bfkse Autoqefale e Shqip\u00ebris\u00eb<\/title>\n<meta name=\"robots\" content=\"index, follow, max-snippet:-1, max-image-preview:large, max-video-preview:-1\" \/>\n<link rel=\"canonical\" href=\"https:\/\/orthodoxalbania.org\/2020\/2013\/04\/06\/dera-per-ne-mbreterine-e-perendise\/\" \/>\n<meta property=\"og:locale\" content=\"en_US\" \/>\n<meta property=\"og:type\" content=\"article\" \/>\n<meta property=\"og:title\" content=\"Dera p\u00ebr n\u00eb mbret\u00ebrin\u00eb e Per\u00ebndis\u00eb - Kisha Orthodh\u03bfkse Autoqefale e Shqip\u00ebris\u00eb\" \/>\n<meta property=\"og:description\" content=\"&nbsp;&nbsp;&nbsp; Shumica e njer\u00ebzve, kurdoher\u00eb, nisin t\u00eb pyesin p\u00ebr kuptimin e jet\u00ebs &#8211; duan t\u00eb din\u00eb n\u00ebse jeta ka nj\u00eb plan t\u00eb fsheht\u00eb a nj\u00eb q\u00ebllim n\u00eb vetvete. P\u00ebr mua, ky k\u00ebrkim p\u00ebr kuptimin dhe q\u00ebllimin e jet\u00ebs zuri fill n\u00eb Universitet. Aty nga fundi i vitit t\u00eb par\u00eb, isha i gatsh\u00ebm t\u00eb ndryshoja rr\u00ebnj\u00ebsisht. E dija se Krishti kishte t\u00eb drejta t\u00eb ligjshme mbi\" \/>\n<meta property=\"og:url\" content=\"https:\/\/orthodoxalbania.org\/2020\/2013\/04\/06\/dera-per-ne-mbreterine-e-perendise\/\" \/>\n<meta property=\"og:site_name\" content=\"Kisha Orthodh\u03bfkse Autoqefale e Shqip\u00ebris\u00eb\" \/>\n<meta property=\"article:publisher\" content=\"https:\/\/www.facebook.com\/koash1991\" \/>\n<meta property=\"article:published_time\" content=\"2013-04-06T13:28:56+00:00\" \/>\n<meta property=\"article:modified_time\" content=\"2020-04-06T00:59:13+00:00\" \/>\n<meta property=\"og:image\" content=\"https:\/\/orthodoxalbania.org\/2020\/wp-content\/uploads\/2021\/02\/LogoLastALb-200.png\" \/>\n\t<meta property=\"og:image:width\" content=\"200\" \/>\n\t<meta property=\"og:image:height\" content=\"172\" \/>\n\t<meta property=\"og:image:type\" content=\"image\/png\" \/>\n<meta name=\"author\" content=\"Kisha Orthodhokse\" \/>\n<meta name=\"twitter:card\" content=\"summary_large_image\" \/>\n<meta name=\"twitter:label1\" content=\"Written by\" \/>\n\t<meta name=\"twitter:data1\" content=\"Kisha Orthodhokse\" \/>\n\t<meta name=\"twitter:label2\" content=\"Est. reading time\" \/>\n\t<meta name=\"twitter:data2\" content=\"25 minutes\" \/>\n<script type=\"application\/ld+json\" class=\"yoast-schema-graph\">{\"@context\":\"https:\/\/schema.org\",\"@graph\":[{\"@type\":\"Article\",\"@id\":\"https:\/\/orthodoxalbania.org\/2020\/2013\/04\/06\/dera-per-ne-mbreterine-e-perendise\/#article\",\"isPartOf\":{\"@id\":\"https:\/\/orthodoxalbania.org\/2020\/2013\/04\/06\/dera-per-ne-mbreterine-e-perendise\/\"},\"author\":{\"name\":\"Kisha Orthodhokse\",\"@id\":\"https:\/\/orthodoxalbania.org\/2020\/#\/schema\/person\/0c387634a7063ac612d7ed9ce71c7e86\"},\"headline\":\"Dera p\u00ebr n\u00eb mbret\u00ebrin\u00eb e Per\u00ebndis\u00eb\",\"datePublished\":\"2013-04-06T13:28:56+00:00\",\"dateModified\":\"2020-04-06T00:59:13+00:00\",\"mainEntityOfPage\":{\"@id\":\"https:\/\/orthodoxalbania.org\/2020\/2013\/04\/06\/dera-per-ne-mbreterine-e-perendise\/\"},\"wordCount\":5002,\"commentCount\":0,\"publisher\":{\"@id\":\"https:\/\/orthodoxalbania.org\/2020\/#organization\"},\"keywords\":[\"Materiale Shpirterore\",\"Shpirterore t\u00eb ndryshme\"],\"articleSection\":[\"Materiale Shpirt\u00ebrore\"],\"inLanguage\":\"en-US\"},{\"@type\":\"WebPage\",\"@id\":\"https:\/\/orthodoxalbania.org\/2020\/2013\/04\/06\/dera-per-ne-mbreterine-e-perendise\/\",\"url\":\"https:\/\/orthodoxalbania.org\/2020\/2013\/04\/06\/dera-per-ne-mbreterine-e-perendise\/\",\"name\":\"Dera p\u00ebr n\u00eb mbret\u00ebrin\u00eb e Per\u00ebndis\u00eb - Kisha Orthodh\u03bfkse Autoqefale e Shqip\u00ebris\u00eb\",\"isPartOf\":{\"@id\":\"https:\/\/orthodoxalbania.org\/2020\/#website\"},\"datePublished\":\"2013-04-06T13:28:56+00:00\",\"dateModified\":\"2020-04-06T00:59:13+00:00\",\"breadcrumb\":{\"@id\":\"https:\/\/orthodoxalbania.org\/2020\/2013\/04\/06\/dera-per-ne-mbreterine-e-perendise\/#breadcrumb\"},\"inLanguage\":\"en-US\",\"potentialAction\":[{\"@type\":\"ReadAction\",\"target\":[\"https:\/\/orthodoxalbania.org\/2020\/2013\/04\/06\/dera-per-ne-mbreterine-e-perendise\/\"]}]},{\"@type\":\"BreadcrumbList\",\"@id\":\"https:\/\/orthodoxalbania.org\/2020\/2013\/04\/06\/dera-per-ne-mbreterine-e-perendise\/#breadcrumb\",\"itemListElement\":[{\"@type\":\"ListItem\",\"position\":1,\"name\":\"Home\",\"item\":\"https:\/\/orthodoxalbania.org\/2020\/\"},{\"@type\":\"ListItem\",\"position\":2,\"name\":\"Dera p\u00ebr n\u00eb mbret\u00ebrin\u00eb e Per\u00ebndis\u00eb\"}]},{\"@type\":\"WebSite\",\"@id\":\"https:\/\/orthodoxalbania.org\/2020\/#website\",\"url\":\"https:\/\/orthodoxalbania.org\/2020\/\",\"name\":\"Kisha Orthodh\u03bfkse Autoqefale e Shqip\u00ebris\u00eb\",\"description\":\"Fqja Zyrtare e Kish\u00ebs Orthodhokse Autoqefale e Shqip\u00ebris\u00eb me lajmet edhe informacionet zyrtare p\u00ebr struktur\u00ebn edhe veprimtarin e saj.\",\"publisher\":{\"@id\":\"https:\/\/orthodoxalbania.org\/2020\/#organization\"},\"potentialAction\":[{\"@type\":\"SearchAction\",\"target\":{\"@type\":\"EntryPoint\",\"urlTemplate\":\"https:\/\/orthodoxalbania.org\/2020\/?s={search_term_string}\"},\"query-input\":{\"@type\":\"PropertyValueSpecification\",\"valueRequired\":true,\"valueName\":\"search_term_string\"}}],\"inLanguage\":\"en-US\"},{\"@type\":\"Organization\",\"@id\":\"https:\/\/orthodoxalbania.org\/2020\/#organization\",\"name\":\"Kisha Orthodhokse Autoqefale e Shqip\u00ebris\u00eb\",\"url\":\"https:\/\/orthodoxalbania.org\/2020\/\",\"logo\":{\"@type\":\"ImageObject\",\"inLanguage\":\"en-US\",\"@id\":\"https:\/\/orthodoxalbania.org\/2020\/#\/schema\/logo\/image\/\",\"url\":\"https:\/\/orthodoxalbania.org\/2020\/wp-content\/uploads\/2020\/05\/albania.jpeg\",\"contentUrl\":\"https:\/\/orthodoxalbania.org\/2020\/wp-content\/uploads\/2020\/05\/albania.jpeg\",\"width\":540,\"height\":540,\"caption\":\"Kisha Orthodhokse Autoqefale e Shqip\u00ebris\u00eb\"},\"image\":{\"@id\":\"https:\/\/orthodoxalbania.org\/2020\/#\/schema\/logo\/image\/\"},\"sameAs\":[\"https:\/\/www.facebook.com\/koash1991\"]},{\"@type\":\"Person\",\"@id\":\"https:\/\/orthodoxalbania.org\/2020\/#\/schema\/person\/0c387634a7063ac612d7ed9ce71c7e86\",\"name\":\"Kisha Orthodhokse\",\"image\":{\"@type\":\"ImageObject\",\"inLanguage\":\"en-US\",\"@id\":\"https:\/\/secure.gravatar.com\/avatar\/596e7c417251e30f2fbb9c00e026fce61a695a00e51c889caded71c96cbbdde5?s=96&d=mm&r=g\",\"url\":\"https:\/\/secure.gravatar.com\/avatar\/596e7c417251e30f2fbb9c00e026fce61a695a00e51c889caded71c96cbbdde5?s=96&d=mm&r=g\",\"contentUrl\":\"https:\/\/secure.gravatar.com\/avatar\/596e7c417251e30f2fbb9c00e026fce61a695a00e51c889caded71c96cbbdde5?s=96&d=mm&r=g\",\"caption\":\"Kisha Orthodhokse\"}}]}<\/script>\n<!-- \/ Yoast SEO plugin. -->","yoast_head_json":{"title":"Dera p\u00ebr n\u00eb mbret\u00ebrin\u00eb e Per\u00ebndis\u00eb - Kisha Orthodh\u03bfkse Autoqefale e Shqip\u00ebris\u00eb","robots":{"index":"index","follow":"follow","max-snippet":"max-snippet:-1","max-image-preview":"max-image-preview:large","max-video-preview":"max-video-preview:-1"},"canonical":"https:\/\/orthodoxalbania.org\/2020\/2013\/04\/06\/dera-per-ne-mbreterine-e-perendise\/","og_locale":"en_US","og_type":"article","og_title":"Dera p\u00ebr n\u00eb mbret\u00ebrin\u00eb e Per\u00ebndis\u00eb - Kisha Orthodh\u03bfkse Autoqefale e Shqip\u00ebris\u00eb","og_description":"&nbsp;&nbsp;&nbsp; Shumica e njer\u00ebzve, kurdoher\u00eb, nisin t\u00eb pyesin p\u00ebr kuptimin e jet\u00ebs &#8211; duan t\u00eb din\u00eb n\u00ebse jeta ka nj\u00eb plan t\u00eb fsheht\u00eb a nj\u00eb q\u00ebllim n\u00eb vetvete. P\u00ebr mua, ky k\u00ebrkim p\u00ebr kuptimin dhe q\u00ebllimin e jet\u00ebs zuri fill n\u00eb Universitet. Aty nga fundi i vitit t\u00eb par\u00eb, isha i gatsh\u00ebm t\u00eb ndryshoja rr\u00ebnj\u00ebsisht. E dija se Krishti kishte t\u00eb drejta t\u00eb ligjshme mbi","og_url":"https:\/\/orthodoxalbania.org\/2020\/2013\/04\/06\/dera-per-ne-mbreterine-e-perendise\/","og_site_name":"Kisha Orthodh\u03bfkse Autoqefale e Shqip\u00ebris\u00eb","article_publisher":"https:\/\/www.facebook.com\/koash1991","article_published_time":"2013-04-06T13:28:56+00:00","article_modified_time":"2020-04-06T00:59:13+00:00","og_image":[{"width":200,"height":172,"url":"https:\/\/orthodoxalbania.org\/2020\/wp-content\/uploads\/2021\/02\/LogoLastALb-200.png","type":"image\/png"}],"author":"Kisha Orthodhokse","twitter_card":"summary_large_image","twitter_misc":{"Written by":"Kisha Orthodhokse","Est. reading time":"25 minutes"},"schema":{"@context":"https:\/\/schema.org","@graph":[{"@type":"Article","@id":"https:\/\/orthodoxalbania.org\/2020\/2013\/04\/06\/dera-per-ne-mbreterine-e-perendise\/#article","isPartOf":{"@id":"https:\/\/orthodoxalbania.org\/2020\/2013\/04\/06\/dera-per-ne-mbreterine-e-perendise\/"},"author":{"name":"Kisha Orthodhokse","@id":"https:\/\/orthodoxalbania.org\/2020\/#\/schema\/person\/0c387634a7063ac612d7ed9ce71c7e86"},"headline":"Dera p\u00ebr n\u00eb mbret\u00ebrin\u00eb e Per\u00ebndis\u00eb","datePublished":"2013-04-06T13:28:56+00:00","dateModified":"2020-04-06T00:59:13+00:00","mainEntityOfPage":{"@id":"https:\/\/orthodoxalbania.org\/2020\/2013\/04\/06\/dera-per-ne-mbreterine-e-perendise\/"},"wordCount":5002,"commentCount":0,"publisher":{"@id":"https:\/\/orthodoxalbania.org\/2020\/#organization"},"keywords":["Materiale Shpirterore","Shpirterore t\u00eb ndryshme"],"articleSection":["Materiale Shpirt\u00ebrore"],"inLanguage":"en-US"},{"@type":"WebPage","@id":"https:\/\/orthodoxalbania.org\/2020\/2013\/04\/06\/dera-per-ne-mbreterine-e-perendise\/","url":"https:\/\/orthodoxalbania.org\/2020\/2013\/04\/06\/dera-per-ne-mbreterine-e-perendise\/","name":"Dera p\u00ebr n\u00eb mbret\u00ebrin\u00eb e Per\u00ebndis\u00eb - Kisha Orthodh\u03bfkse Autoqefale e Shqip\u00ebris\u00eb","isPartOf":{"@id":"https:\/\/orthodoxalbania.org\/2020\/#website"},"datePublished":"2013-04-06T13:28:56+00:00","dateModified":"2020-04-06T00:59:13+00:00","breadcrumb":{"@id":"https:\/\/orthodoxalbania.org\/2020\/2013\/04\/06\/dera-per-ne-mbreterine-e-perendise\/#breadcrumb"},"inLanguage":"en-US","potentialAction":[{"@type":"ReadAction","target":["https:\/\/orthodoxalbania.org\/2020\/2013\/04\/06\/dera-per-ne-mbreterine-e-perendise\/"]}]},{"@type":"BreadcrumbList","@id":"https:\/\/orthodoxalbania.org\/2020\/2013\/04\/06\/dera-per-ne-mbreterine-e-perendise\/#breadcrumb","itemListElement":[{"@type":"ListItem","position":1,"name":"Home","item":"https:\/\/orthodoxalbania.org\/2020\/"},{"@type":"ListItem","position":2,"name":"Dera p\u00ebr n\u00eb mbret\u00ebrin\u00eb e Per\u00ebndis\u00eb"}]},{"@type":"WebSite","@id":"https:\/\/orthodoxalbania.org\/2020\/#website","url":"https:\/\/orthodoxalbania.org\/2020\/","name":"Kisha Orthodh\u03bfkse Autoqefale e Shqip\u00ebris\u00eb","description":"Fqja Zyrtare e Kish\u00ebs Orthodhokse Autoqefale e Shqip\u00ebris\u00eb me lajmet edhe informacionet zyrtare p\u00ebr struktur\u00ebn edhe veprimtarin e saj.","publisher":{"@id":"https:\/\/orthodoxalbania.org\/2020\/#organization"},"potentialAction":[{"@type":"SearchAction","target":{"@type":"EntryPoint","urlTemplate":"https:\/\/orthodoxalbania.org\/2020\/?s={search_term_string}"},"query-input":{"@type":"PropertyValueSpecification","valueRequired":true,"valueName":"search_term_string"}}],"inLanguage":"en-US"},{"@type":"Organization","@id":"https:\/\/orthodoxalbania.org\/2020\/#organization","name":"Kisha Orthodhokse Autoqefale e Shqip\u00ebris\u00eb","url":"https:\/\/orthodoxalbania.org\/2020\/","logo":{"@type":"ImageObject","inLanguage":"en-US","@id":"https:\/\/orthodoxalbania.org\/2020\/#\/schema\/logo\/image\/","url":"https:\/\/orthodoxalbania.org\/2020\/wp-content\/uploads\/2020\/05\/albania.jpeg","contentUrl":"https:\/\/orthodoxalbania.org\/2020\/wp-content\/uploads\/2020\/05\/albania.jpeg","width":540,"height":540,"caption":"Kisha Orthodhokse Autoqefale e Shqip\u00ebris\u00eb"},"image":{"@id":"https:\/\/orthodoxalbania.org\/2020\/#\/schema\/logo\/image\/"},"sameAs":["https:\/\/www.facebook.com\/koash1991"]},{"@type":"Person","@id":"https:\/\/orthodoxalbania.org\/2020\/#\/schema\/person\/0c387634a7063ac612d7ed9ce71c7e86","name":"Kisha Orthodhokse","image":{"@type":"ImageObject","inLanguage":"en-US","@id":"https:\/\/secure.gravatar.com\/avatar\/596e7c417251e30f2fbb9c00e026fce61a695a00e51c889caded71c96cbbdde5?s=96&d=mm&r=g","url":"https:\/\/secure.gravatar.com\/avatar\/596e7c417251e30f2fbb9c00e026fce61a695a00e51c889caded71c96cbbdde5?s=96&d=mm&r=g","contentUrl":"https:\/\/secure.gravatar.com\/avatar\/596e7c417251e30f2fbb9c00e026fce61a695a00e51c889caded71c96cbbdde5?s=96&d=mm&r=g","caption":"Kisha Orthodhokse"}}]}},"_links":{"self":[{"href":"https:\/\/orthodoxalbania.org\/2020\/wp-json\/wp\/v2\/posts\/1772","targetHints":{"allow":["GET"]}}],"collection":[{"href":"https:\/\/orthodoxalbania.org\/2020\/wp-json\/wp\/v2\/posts"}],"about":[{"href":"https:\/\/orthodoxalbania.org\/2020\/wp-json\/wp\/v2\/types\/post"}],"author":[{"embeddable":true,"href":"https:\/\/orthodoxalbania.org\/2020\/wp-json\/wp\/v2\/users\/1"}],"replies":[{"embeddable":true,"href":"https:\/\/orthodoxalbania.org\/2020\/wp-json\/wp\/v2\/comments?post=1772"}],"version-history":[{"count":1,"href":"https:\/\/orthodoxalbania.org\/2020\/wp-json\/wp\/v2\/posts\/1772\/revisions"}],"predecessor-version":[{"id":14480,"href":"https:\/\/orthodoxalbania.org\/2020\/wp-json\/wp\/v2\/posts\/1772\/revisions\/14480"}],"wp:attachment":[{"href":"https:\/\/orthodoxalbania.org\/2020\/wp-json\/wp\/v2\/media?parent=1772"}],"wp:term":[{"taxonomy":"category","embeddable":true,"href":"https:\/\/orthodoxalbania.org\/2020\/wp-json\/wp\/v2\/categories?post=1772"},{"taxonomy":"post_tag","embeddable":true,"href":"https:\/\/orthodoxalbania.org\/2020\/wp-json\/wp\/v2\/tags?post=1772"}],"curies":[{"name":"wp","href":"https:\/\/api.w.org\/{rel}","templated":true}]}}