{"id":177,"date":"2006-02-26T00:00:00","date_gmt":"2006-02-26T00:00:00","guid":{"rendered":""},"modified":"2020-04-06T22:41:53","modified_gmt":"2020-04-06T20:41:53","slug":"kampi-i-trete-i-djemve-rilindja-ne-qendren-thavor-tirane-gusht-06","status":"publish","type":"post","link":"https:\/\/orthodoxalbania.org\/2020\/2006\/02\/26\/kampi-i-trete-i-djemve-rilindja-ne-qendren-thavor-tirane-gusht-06\/","title":{"rendered":"Kampi i Tret\u00eb i djemve &#8220;Rilindja&#8221; n\u00eb qendr\u00ebn Thavor, Tiran\u00eb. (7 Gusht 2006)"},"content":{"rendered":"<p style=\"text-align: justify;\"><span style=\"color: #000000; font-family: helvetica;\"><span style=\"font-size: 12px;\"><img decoding=\"async\" class=\"lazyload HAa Eha\" style=\"height: 172px; width: 250px; border-width: 1px; border-style: solid; margin: 10px; float: left;\" alt=\"\" src=\"data:image\/gif;base64,R0lGODlhAQABAAAAACH5BAEKAAEALAAAAAABAAEAAAICTAEAOw==\" data-orig-src=\"https:\/\/lh3.googleusercontent.com\/-JKXoVQmxJCY\/VIgGEzFI9QI\/AAAAAAAAFr8\/t7VlZHwzilA\/w370-h255-no\/1text.jpg\" \/><span style=\"font-size: 12pt;\">&nbsp;&nbsp;&nbsp; P\u00ebr her\u00eb t\u00eb par\u00eb kampi \u201cRilindja\u201d me student\u00ebt orthodhoks\u00eb u zhvillua n\u00eb qendr\u00ebn e re \u201cThavor\u201d, n\u00eb Tiran\u00eb. Rreth 60 t\u00eb rinj kishin ardhur nga t\u00eb gjitha dioqezat e vendit p\u00ebr t\u00eb p\u00ebrjetuar nj\u00eb eksperienc\u00eb t\u00eb re n\u00eb koh\u00ebn e pushimeve, me q\u00ebllimin unik p\u00ebr rritje shpirt\u00ebrore n\u00eb nj\u00eb shoq\u00ebri t\u00eb krishter\u00eb. Sigurisht, nuk do t\u00eb mungonin edhe aktivitetet e tjera kulturore e edukative, ekskursionet dhe vizitat n\u00eb qendra shpirt\u00ebrore.<\/span><\/span><\/span><\/p>\n<p style=\"text-align: justify;\"><span style=\"color: #000000; font-family: helvetica; font-size: 12pt;\"><img decoding=\"async\" class=\"lazyload HAa Eha\" style=\"height: 166px; width: 250px; border-width: 1px; border-style: solid; margin: 10px; float: right;\" alt=\"\" src=\"data:image\/gif;base64,R0lGODlhAQABAAAAACH5BAEKAAEALAAAAAABAAEAAAICTAEAOw==\" data-orig-src=\"https:\/\/lh4.googleusercontent.com\/-aelKABw0xbc\/VIgGE02bttI\/AAAAAAAAFtA\/NdVtFr2uN9I\/w350-h233-no\/2text.jpg\" \/>&nbsp;&nbsp;&nbsp; \u00c7do dit\u00eb e kampit niste dhe p\u00ebrfundonte me lutje e koh\u00eb meditimi, me Sh\u00ebrbes\u00ebn e M\u00ebngjesit, Mbr\u00ebm\u00ebsoren, Pasdark\u00ebn dhe n\u00eb dit\u00eb t\u00eb ve\u00e7anta me Liturgji Hyjnore. Gjat\u00eb koh\u00ebs s\u00eb kreshm\u00ebve t\u00eb gushtit, q\u00eb p\u00ebrkon edhe me t\u00eb kremten e Fjetjes e s\u00eb T\u00ebr\u00ebshenjt\u00ebs Mari, \u00e7do dit\u00eb kampist\u00ebt kryenin sh\u00ebrbes\u00ebn e Paraklisit n\u00eb nderim t\u00eb T\u00ebr\u00ebshenjt\u00ebs.<\/span><\/p>\n<p style=\"text-align: justify;\"><span style=\"color: #000000; font-family: helvetica; font-size: 12pt;\">&nbsp;&nbsp;&nbsp; M\u00ebngjesi vijonte me koh\u00ebn e studimit biblik. T\u00eb ndar\u00eb n\u00eb grupe t\u00eb ve\u00e7anta, kampist\u00ebt diskutonin rreth apostullit dhe Ungjillit t\u00eb dit\u00ebs. Biseda shpirt\u00ebrore fokusohej n\u00eb tem\u00ebn e kampit \u201cLum\u00ebrimet\u201d, gjat\u00eb s\u00eb cil\u00ebs katekist\u00ebt, teolog\u00ebt dhe klerik\u00ebt e ftuar p\u00ebr t\u00eb referuar diskutonin me t\u00eb rinjt\u00eb rreth predikimit t\u00eb Krishtit n\u00eb mal. Kjo bised\u00eb zhvillohej pasditeve dhe shum\u00eb t\u00eb rinj u interesuan p\u00ebrmes pyetjeve rreth \u00e7\u00ebshtjeve t\u00eb ndryshme t\u00eb besimit. Por jeta shpirt\u00ebrore e kampit zbukurohej edhe me k\u00ebng\u00ebt e krishtera q\u00eb i k\u00ebndonin t\u00eb gjith\u00eb me shum\u00eb harmoni n\u00eb koh\u00ebn e ngr\u00ebnies s\u00eb ushqimit.<\/span><\/p>\n<p style=\"text-align: justify;\"><span style=\"color: #000000; font-family: helvetica; font-size: 12pt;\"><img decoding=\"async\" class=\"lazyload HAa Eha\" style=\"height: 166px; width: 250px; border-width: 1px; border-style: solid; margin: 10px; float: left;\" alt=\"\" src=\"data:image\/gif;base64,R0lGODlhAQABAAAAACH5BAEKAAEALAAAAAABAAEAAAICTAEAOw==\" data-orig-src=\"https:\/\/lh4.googleusercontent.com\/-Jv3D7ioyfes\/VIgGE5AjNlI\/AAAAAAAAFsI\/s_RHo-AoHIw\/w350-h233-no\/3text.jpg\" \/><img decoding=\"async\" class=\"lazyload HAa Eha\" style=\"height: 166px; width: 250px; border-width: 1px; border-style: solid; margin: 10px; float: right;\" alt=\"\" src=\"data:image\/gif;base64,R0lGODlhAQABAAAAACH5BAEKAAEALAAAAAABAAEAAAICTAEAOw==\" data-orig-src=\"https:\/\/lh5.googleusercontent.com\/-7k7sSx9AfDo\/VIgGFbepIcI\/AAAAAAAAFss\/cK6R-wxN_dU\/w350-h232-no\/t6.jpg\" \/>&nbsp;&nbsp;&nbsp; Si\u00e7 \u00ebsht\u00eb b\u00ebr\u00eb tradit\u00eb, edhe k\u00ebt\u00eb vit u zhvilluan kampionatet e tavll\u00ebs, dominos\u00eb dhe loj\u00ebra t\u00eb tjera arg\u00ebtuese, t\u00eb cilat e b\u00ebn\u00eb edhe m\u00eb bukur koh\u00ebn e pushimit. Nj\u00eb vizit\u00eb n\u00eb katedralen e re q\u00eb po nd\u00ebrtohet n\u00eb qend\u00ebr t\u00eb kryeqytetit dhe ekskursioni n\u00eb malin e Dajtit, ishin mbresa t\u00eb paharruara p\u00ebr t\u00eb gjith\u00eb pjes\u00ebmarr\u00ebsit. Dit\u00ebn e fundit t\u00eb kampit ishte rezervuar edhe nj\u00eb surpriz\u00eb e quajtur \u201cFest Tabor 2006\u201d, nj\u00eb festival q\u00eb do t\u00eb improvizohej n\u00eb nj\u00eb sken\u00eb t\u00eb thjesht\u00eb, n\u00eb t\u00eb cil\u00ebn t\u00eb gjith\u00eb kampist\u00ebt t\u00eb p\u00ebrfaq\u00ebsuar n\u00eb grupet e tyre, konkurruan me k\u00ebng\u00eb e ske\u00e7e t\u00eb krijuara vet\u00eb. Jo pak t\u00eb talentuar ishin edhe drejtuesit e grupeve, t\u00eb cil\u00ebt p\u00ebrmes nj\u00eb k\u00ebng\u00eb brilante p\u00ebrcoll\u00ebn atmosfer\u00ebn e g\u00ebzuar t\u00eb kampit. \u00c7mimin e par\u00eb t\u00eb festivalit e fitoi grupi \u201cPaqeb\u00ebr\u00ebsit\u201d, duke marr\u00eb n\u00eb shenj\u00eb kujtimi nga ky kamp ikon\u00ebn e t\u00eb T\u00ebr\u00ebshenjt\u00ebs.<\/span><\/p>\n<p style=\"text-align: justify;\"><span style=\"color: #000000; font-family: helvetica; font-size: 12pt;\"><img decoding=\"async\" class=\"lazyload HAa Eha\" style=\"height: 187px; width: 250px; border-width: 1px; border-style: solid; margin: 10px; float: left;\" alt=\"\" src=\"data:image\/gif;base64,R0lGODlhAQABAAAAACH5BAEKAAEALAAAAAABAAEAAAICTAEAOw==\" data-orig-src=\"https:\/\/lh4.googleusercontent.com\/-ZeaQ4pfc0rY\/VIgGFGpQ4rI\/AAAAAAAAFs4\/wNBMr9zt21k\/w350-h262-no\/5text.jpg\" \/>&nbsp;&nbsp;&nbsp; Pik\u00ebrisht at\u00eb mbr\u00ebmje &nbsp;i ftuar n\u00eb kamp ishte edhe Kryepiskopi Anastas, i cili ndau me t\u00eb rinjt\u00eb nj\u00eb koh\u00eb t\u00eb ve\u00e7ant\u00eb, duke iu rikthyer edhe nj\u00ebher\u00eb viteve t\u00eb tij t\u00eb rinis\u00eb, kur me shum\u00eb zell e p\u00ebrkushtim merrte pjes\u00eb n\u00eb kampet e Kish\u00ebs. Por k\u00ebt\u00eb her\u00eb n\u00eb rolin e nj\u00eb hierarku t\u00eb lart\u00eb, ai p\u00ebrcolli tek t\u00eb rinjt\u00eb frym\u00ebn e dashuris\u00eb dhe t\u00eb besimit t\u00eb krishter\u00eb orthodhoks. Kryepiskopi u tregoi t\u00eb rinjve histori t\u00eb ve\u00e7anta gjat\u00eb koh\u00ebs kur mori vendimin p\u00ebr t\u2019i sh\u00ebrbyer Kish\u00ebs si klerik dhe misionar. Gjithashtu ai shprehu besimin se Kisha Orthodhokse Autoqefale e Shqip\u00ebris\u00eb do t\u00eb vazhdoj\u00eb t\u00eb nxjerr\u00eb nj\u00eb brez t\u00eb ri klerik\u00ebsh, t\u00eb denj\u00eb p\u00ebr t\u2019i sh\u00ebrbyer Zotit dhe popullit t\u00eb Tij.<\/span><\/p>\n<p style=\"text-align: justify;\"><span style=\"color: #000000; font-family: helvetica; font-size: 12pt;\">&nbsp;&nbsp;&nbsp; N\u00eb 7 gusht, n\u00eb ambientet e qendr\u00ebs \u201cThavor\u201d u krye edhe Liturgjia Hyjnore, pik\u00ebrisht dit\u00ebn kur 46 vjet m\u00eb par\u00eb kryepiskopi u dor\u00ebzua n\u00eb shkall\u00ebn klerikale t\u00ebdhjakonit. Shum\u00eb t\u00eb rinj para se t\u00eb largoheshin, i shpreh\u00ebn fal\u00ebnderime Kryepiskopit p\u00ebr kontributin e tij n\u00eb mbar\u00ebvajtjen e k\u00ebtij kampi duke u larguar me p\u00ebrshtypjet m\u00eb t\u00eb mira nga kampi.<\/span><\/p>\n<p style=\"text-align: justify;\"><span style=\"font-family: helvetica; font-size: 12pt;\"><\/span><\/p>\n<p style=\"text-align: justify;\"><span style=\"font-family: helvetica; font-size: 12pt;\"><\/span><\/p>\n<p style=\"text-align: right;\"><span style=\"color: #000000; font-family: helvetica; font-size: 12pt;\"><strong>Isidor Koti <\/strong><\/span><\/p>\n<p style=\"text-align: justify;\"><span style=\"font-family: helvetica; font-size: 12pt;\"><\/span><\/p>\n<p style=\"text-align: center;\"><span style=\"color: #000000; font-family: helvetica; font-size: 12pt;\"><img decoding=\"async\" class=\"lazyload HAa Eha\" style=\"height: 200px; width: 300px; border-width: 1px; border-style: solid; margin: 10px;\" alt=\"\" src=\"data:image\/gif;base64,R0lGODlhAQABAAAAACH5BAEKAAEALAAAAAABAAEAAAICTAEAOw==\" data-orig-src=\"https:\/\/lh4.googleusercontent.com\/-C1kfCKLUbHA\/VIgGF2-TmcI\/AAAAAAAAFsY\/IcL5LS_0szE\/w600-h400-no\/untitled1.jpg\" \/><\/span><\/p>\n<p style=\"text-align: center;\"><span style=\"color: #000000; font-family: helvetica; font-size: 12pt;\"><img decoding=\"async\" class=\"lazyload HAa Eha\" style=\"height: 225px; width: 300px; border-width: 1px; border-style: solid; margin: 10px;\" alt=\"\" src=\"data:image\/gif;base64,R0lGODlhAQABAAAAACH5BAEKAAEALAAAAAABAAEAAAICTAEAOw==\" data-orig-src=\"https:\/\/lh6.googleusercontent.com\/-tuthoA_jF7E\/VIgGGHD3HYI\/AAAAAAAAFsc\/-OErpvACMrM\/w600-h450-no\/untitled2.jpg\" \/><\/span><\/p>\n<p style=\"text-align: center;\"><span style=\"color: #000000; font-family: helvetica; font-size: 12pt;\"><img decoding=\"async\" class=\"lazyload HAa Eha\" style=\"height: 200px; width: 300px; border-width: 1px; border-style: solid; margin: 10px;\" alt=\"\" src=\"data:image\/gif;base64,R0lGODlhAQABAAAAACH5BAEKAAEALAAAAAABAAEAAAICTAEAOw==\" data-orig-src=\"https:\/\/lh4.googleusercontent.com\/pljmxJ7EHAS-_WaizPhQ5_25N2cPfgMttsqK4OvNeEo=w600-h400-no\" \/><\/span><\/p>\n<p style=\"text-align: center;\"><span style=\"color: #000000; font-family: helvetica; font-size: 12pt;\"><img decoding=\"async\" class=\"lazyload HAa Eha\" style=\"height: 225px; width: 300px; border-width: 1px; border-style: solid; margin: 10px;\" alt=\"\" src=\"data:image\/gif;base64,R0lGODlhAQABAAAAACH5BAEKAAEALAAAAAABAAEAAAICTAEAOw==\" data-orig-src=\"https:\/\/lh6.googleusercontent.com\/-CPPl3dGLNbQ\/VIgGG4Xqk0I\/AAAAAAAAFs0\/JkJNYMldt-o\/w600-h450-no\/untitled4.jpg\" \/><\/span><\/p>\n<p style=\"text-align: center;\"><span style=\"color: #000000; font-family: helvetica; font-size: 12pt;\"><img decoding=\"async\" class=\"lazyload HAa Eha\" style=\"height: 200px; width: 300px; border-width: 1px; border-style: solid; margin: 10px;\" alt=\"\" src=\"data:image\/gif;base64,R0lGODlhAQABAAAAACH5BAEKAAEALAAAAAABAAEAAAICTAEAOw==\" data-orig-src=\"https:\/\/lh5.googleusercontent.com\/-73-m1kx7BTE\/VIgGG1kgj-I\/AAAAAAAAFsw\/8KCTMpilDEc\/w600-h400-no\/untitled5.jpg\" \/><\/span><\/p>\n<p style=\"text-align: center;\"><span style=\"font-family: helvetica; font-size: 12pt;\"><\/span><\/p>\n","protected":false},"excerpt":{"rendered":"<p>&nbsp;&nbsp;&nbsp; P\u00ebr her\u00eb t\u00eb par\u00eb kampi \u201cRilindja\u201d me student\u00ebt orthodhoks\u00eb u zhvillua n\u00eb qendr\u00ebn e re \u201cThavor\u201d, n\u00eb Tiran\u00eb. Rreth 60 t\u00eb rinj kishin ardhur nga t\u00eb gjitha dioqezat e vendit p\u00ebr t\u00eb p\u00ebrjetuar nj\u00eb eksperienc\u00eb t\u00eb re n\u00eb koh\u00ebn e pushimeve, me q\u00ebllimin unik p\u00ebr rritje shpirt\u00ebrore n\u00eb nj\u00eb shoq\u00ebri t\u00eb krishter\u00eb. Sigurisht, nuk do t\u00eb mungonin edhe aktivitetet e tjera kulturore e edukative,<\/p>\n","protected":false},"author":1,"featured_media":0,"comment_status":"open","ping_status":"open","sticky":false,"template":"","format":"standard","meta":{"_acf_changed":false,"pagelayer_contact_templates":[],"_pagelayer_content":"","inline_featured_image":false,"fifu_image_url":"","fifu_image_alt":"","footnotes":""},"categories":[108],"tags":[148,200,196,212,176],"class_list":["post-177","post","type-post","status-publish","format-standard","hentry","category-lajme","tag-148","tag-kampe-verore","tag-tirane","tag-lajme-d27","tag-rinia-orthodhokse"],"acf":[],"yoast_head":"<!-- This site is optimized with the Yoast SEO plugin v27.2 - https:\/\/yoast.com\/product\/yoast-seo-wordpress\/ -->\n<title>Kampi i Tret\u00eb i djemve &quot;Rilindja&quot; n\u00eb qendr\u00ebn Thavor, Tiran\u00eb. (7 Gusht 2006) - Kisha Orthodh\u03bfkse Autoqefale e Shqip\u00ebris\u00eb<\/title>\n<meta name=\"robots\" content=\"index, follow, max-snippet:-1, max-image-preview:large, max-video-preview:-1\" \/>\n<link rel=\"canonical\" href=\"https:\/\/orthodoxalbania.org\/2020\/2006\/02\/26\/kampi-i-trete-i-djemve-rilindja-ne-qendren-thavor-tirane-gusht-06\/\" \/>\n<meta property=\"og:locale\" content=\"en_US\" \/>\n<meta property=\"og:type\" content=\"article\" \/>\n<meta property=\"og:title\" content=\"Kampi i Tret\u00eb i djemve &quot;Rilindja&quot; n\u00eb qendr\u00ebn Thavor, Tiran\u00eb. (7 Gusht 2006) - Kisha Orthodh\u03bfkse Autoqefale e Shqip\u00ebris\u00eb\" \/>\n<meta property=\"og:description\" content=\"&nbsp;&nbsp;&nbsp; P\u00ebr her\u00eb t\u00eb par\u00eb kampi \u201cRilindja\u201d me student\u00ebt orthodhoks\u00eb u zhvillua n\u00eb qendr\u00ebn e re \u201cThavor\u201d, n\u00eb Tiran\u00eb. Rreth 60 t\u00eb rinj kishin ardhur nga t\u00eb gjitha dioqezat e vendit p\u00ebr t\u00eb p\u00ebrjetuar nj\u00eb eksperienc\u00eb t\u00eb re n\u00eb koh\u00ebn e pushimeve, me q\u00ebllimin unik p\u00ebr rritje shpirt\u00ebrore n\u00eb nj\u00eb shoq\u00ebri t\u00eb krishter\u00eb. Sigurisht, nuk do t\u00eb mungonin edhe aktivitetet e tjera kulturore e edukative,\" \/>\n<meta property=\"og:url\" content=\"https:\/\/orthodoxalbania.org\/2020\/2006\/02\/26\/kampi-i-trete-i-djemve-rilindja-ne-qendren-thavor-tirane-gusht-06\/\" \/>\n<meta property=\"og:site_name\" content=\"Kisha Orthodh\u03bfkse Autoqefale e Shqip\u00ebris\u00eb\" \/>\n<meta property=\"article:publisher\" content=\"https:\/\/www.facebook.com\/koash1991\" \/>\n<meta property=\"article:published_time\" content=\"2006-02-26T00:00:00+00:00\" \/>\n<meta property=\"article:modified_time\" content=\"2020-04-06T20:41:53+00:00\" \/>\n<meta property=\"og:image\" content=\"https:\/\/lh3.googleusercontent.com\/-JKXoVQmxJCY\/VIgGEzFI9QI\/AAAAAAAAFr8\/t7VlZHwzilA\/w370-h255-no\/1text.jpg\" \/>\n<meta name=\"author\" content=\"Kisha Orthodhokse\" \/>\n<meta name=\"twitter:card\" content=\"summary_large_image\" \/>\n<meta name=\"twitter:label1\" content=\"Written by\" \/>\n\t<meta name=\"twitter:data1\" content=\"Kisha Orthodhokse\" \/>\n\t<meta name=\"twitter:label2\" content=\"Est. reading time\" \/>\n\t<meta name=\"twitter:data2\" content=\"3 minutes\" \/>\n<script type=\"application\/ld+json\" class=\"yoast-schema-graph\">{\"@context\":\"https:\/\/schema.org\",\"@graph\":[{\"@type\":\"Article\",\"@id\":\"https:\/\/orthodoxalbania.org\/2020\/2006\/02\/26\/kampi-i-trete-i-djemve-rilindja-ne-qendren-thavor-tirane-gusht-06\/#article\",\"isPartOf\":{\"@id\":\"https:\/\/orthodoxalbania.org\/2020\/2006\/02\/26\/kampi-i-trete-i-djemve-rilindja-ne-qendren-thavor-tirane-gusht-06\/\"},\"author\":{\"name\":\"Kisha Orthodhokse\",\"@id\":\"https:\/\/orthodoxalbania.org\/2020\/#\/schema\/person\/0c387634a7063ac612d7ed9ce71c7e86\"},\"headline\":\"Kampi i Tret\u00eb i djemve &#8220;Rilindja&#8221; n\u00eb qendr\u00ebn Thavor, Tiran\u00eb. (7 Gusht 2006)\",\"datePublished\":\"2006-02-26T00:00:00+00:00\",\"dateModified\":\"2020-04-06T20:41:53+00:00\",\"mainEntityOfPage\":{\"@id\":\"https:\/\/orthodoxalbania.org\/2020\/2006\/02\/26\/kampi-i-trete-i-djemve-rilindja-ne-qendren-thavor-tirane-gusht-06\/\"},\"wordCount\":681,\"commentCount\":0,\"publisher\":{\"@id\":\"https:\/\/orthodoxalbania.org\/2020\/#organization\"},\"image\":{\"@id\":\"https:\/\/orthodoxalbania.org\/2020\/2006\/02\/26\/kampi-i-trete-i-djemve-rilindja-ne-qendren-thavor-tirane-gusht-06\/#primaryimage\"},\"thumbnailUrl\":\"https:\/\/lh3.googleusercontent.com\/-JKXoVQmxJCY\/VIgGEzFI9QI\/AAAAAAAAFr8\/t7VlZHwzilA\/w370-h255-no\/1text.jpg\",\"keywords\":[\"2006\",\"Kampe verore\",\"Kryepiskopata Tiran\u00eb\",\"lajme\",\"Rinia Orthodhokse\"],\"articleSection\":[\"Lajme\"],\"inLanguage\":\"en-US\"},{\"@type\":\"WebPage\",\"@id\":\"https:\/\/orthodoxalbania.org\/2020\/2006\/02\/26\/kampi-i-trete-i-djemve-rilindja-ne-qendren-thavor-tirane-gusht-06\/\",\"url\":\"https:\/\/orthodoxalbania.org\/2020\/2006\/02\/26\/kampi-i-trete-i-djemve-rilindja-ne-qendren-thavor-tirane-gusht-06\/\",\"name\":\"Kampi i Tret\u00eb i djemve \\\"Rilindja\\\" n\u00eb qendr\u00ebn Thavor, Tiran\u00eb. (7 Gusht 2006) - Kisha Orthodh\u03bfkse Autoqefale e Shqip\u00ebris\u00eb\",\"isPartOf\":{\"@id\":\"https:\/\/orthodoxalbania.org\/2020\/#website\"},\"primaryImageOfPage\":{\"@id\":\"https:\/\/orthodoxalbania.org\/2020\/2006\/02\/26\/kampi-i-trete-i-djemve-rilindja-ne-qendren-thavor-tirane-gusht-06\/#primaryimage\"},\"image\":{\"@id\":\"https:\/\/orthodoxalbania.org\/2020\/2006\/02\/26\/kampi-i-trete-i-djemve-rilindja-ne-qendren-thavor-tirane-gusht-06\/#primaryimage\"},\"thumbnailUrl\":\"https:\/\/lh3.googleusercontent.com\/-JKXoVQmxJCY\/VIgGEzFI9QI\/AAAAAAAAFr8\/t7VlZHwzilA\/w370-h255-no\/1text.jpg\",\"datePublished\":\"2006-02-26T00:00:00+00:00\",\"dateModified\":\"2020-04-06T20:41:53+00:00\",\"breadcrumb\":{\"@id\":\"https:\/\/orthodoxalbania.org\/2020\/2006\/02\/26\/kampi-i-trete-i-djemve-rilindja-ne-qendren-thavor-tirane-gusht-06\/#breadcrumb\"},\"inLanguage\":\"en-US\",\"potentialAction\":[{\"@type\":\"ReadAction\",\"target\":[\"https:\/\/orthodoxalbania.org\/2020\/2006\/02\/26\/kampi-i-trete-i-djemve-rilindja-ne-qendren-thavor-tirane-gusht-06\/\"]}]},{\"@type\":\"ImageObject\",\"inLanguage\":\"en-US\",\"@id\":\"https:\/\/orthodoxalbania.org\/2020\/2006\/02\/26\/kampi-i-trete-i-djemve-rilindja-ne-qendren-thavor-tirane-gusht-06\/#primaryimage\",\"url\":\"https:\/\/lh3.googleusercontent.com\/-JKXoVQmxJCY\/VIgGEzFI9QI\/AAAAAAAAFr8\/t7VlZHwzilA\/w370-h255-no\/1text.jpg\",\"contentUrl\":\"https:\/\/lh3.googleusercontent.com\/-JKXoVQmxJCY\/VIgGEzFI9QI\/AAAAAAAAFr8\/t7VlZHwzilA\/w370-h255-no\/1text.jpg\"},{\"@type\":\"BreadcrumbList\",\"@id\":\"https:\/\/orthodoxalbania.org\/2020\/2006\/02\/26\/kampi-i-trete-i-djemve-rilindja-ne-qendren-thavor-tirane-gusht-06\/#breadcrumb\",\"itemListElement\":[{\"@type\":\"ListItem\",\"position\":1,\"name\":\"Home\",\"item\":\"https:\/\/orthodoxalbania.org\/2020\/\"},{\"@type\":\"ListItem\",\"position\":2,\"name\":\"Kampi i Tret\u00eb i djemve &#8220;Rilindja&#8221; n\u00eb qendr\u00ebn Thavor, Tiran\u00eb. (7 Gusht 2006)\"}]},{\"@type\":\"WebSite\",\"@id\":\"https:\/\/orthodoxalbania.org\/2020\/#website\",\"url\":\"https:\/\/orthodoxalbania.org\/2020\/\",\"name\":\"Kisha Orthodh\u03bfkse Autoqefale e Shqip\u00ebris\u00eb\",\"description\":\"Fqja Zyrtare e Kish\u00ebs Orthodhokse Autoqefale e Shqip\u00ebris\u00eb me lajmet edhe informacionet zyrtare p\u00ebr struktur\u00ebn edhe veprimtarin e saj.\",\"publisher\":{\"@id\":\"https:\/\/orthodoxalbania.org\/2020\/#organization\"},\"potentialAction\":[{\"@type\":\"SearchAction\",\"target\":{\"@type\":\"EntryPoint\",\"urlTemplate\":\"https:\/\/orthodoxalbania.org\/2020\/?s={search_term_string}\"},\"query-input\":{\"@type\":\"PropertyValueSpecification\",\"valueRequired\":true,\"valueName\":\"search_term_string\"}}],\"inLanguage\":\"en-US\"},{\"@type\":\"Organization\",\"@id\":\"https:\/\/orthodoxalbania.org\/2020\/#organization\",\"name\":\"Kisha Orthodhokse Autoqefale e Shqip\u00ebris\u00eb\",\"url\":\"https:\/\/orthodoxalbania.org\/2020\/\",\"logo\":{\"@type\":\"ImageObject\",\"inLanguage\":\"en-US\",\"@id\":\"https:\/\/orthodoxalbania.org\/2020\/#\/schema\/logo\/image\/\",\"url\":\"https:\/\/orthodoxalbania.org\/2020\/wp-content\/uploads\/2020\/05\/albania.jpeg\",\"contentUrl\":\"https:\/\/orthodoxalbania.org\/2020\/wp-content\/uploads\/2020\/05\/albania.jpeg\",\"width\":540,\"height\":540,\"caption\":\"Kisha Orthodhokse Autoqefale e Shqip\u00ebris\u00eb\"},\"image\":{\"@id\":\"https:\/\/orthodoxalbania.org\/2020\/#\/schema\/logo\/image\/\"},\"sameAs\":[\"https:\/\/www.facebook.com\/koash1991\"]},{\"@type\":\"Person\",\"@id\":\"https:\/\/orthodoxalbania.org\/2020\/#\/schema\/person\/0c387634a7063ac612d7ed9ce71c7e86\",\"name\":\"Kisha Orthodhokse\",\"image\":{\"@type\":\"ImageObject\",\"inLanguage\":\"en-US\",\"@id\":\"https:\/\/secure.gravatar.com\/avatar\/596e7c417251e30f2fbb9c00e026fce61a695a00e51c889caded71c96cbbdde5?s=96&d=mm&r=g\",\"url\":\"https:\/\/secure.gravatar.com\/avatar\/596e7c417251e30f2fbb9c00e026fce61a695a00e51c889caded71c96cbbdde5?s=96&d=mm&r=g\",\"contentUrl\":\"https:\/\/secure.gravatar.com\/avatar\/596e7c417251e30f2fbb9c00e026fce61a695a00e51c889caded71c96cbbdde5?s=96&d=mm&r=g\",\"caption\":\"Kisha Orthodhokse\"}}]}<\/script>\n<!-- \/ Yoast SEO plugin. -->","yoast_head_json":{"title":"Kampi i Tret\u00eb i djemve \"Rilindja\" n\u00eb qendr\u00ebn Thavor, Tiran\u00eb. (7 Gusht 2006) - Kisha Orthodh\u03bfkse Autoqefale e Shqip\u00ebris\u00eb","robots":{"index":"index","follow":"follow","max-snippet":"max-snippet:-1","max-image-preview":"max-image-preview:large","max-video-preview":"max-video-preview:-1"},"canonical":"https:\/\/orthodoxalbania.org\/2020\/2006\/02\/26\/kampi-i-trete-i-djemve-rilindja-ne-qendren-thavor-tirane-gusht-06\/","og_locale":"en_US","og_type":"article","og_title":"Kampi i Tret\u00eb i djemve \"Rilindja\" n\u00eb qendr\u00ebn Thavor, Tiran\u00eb. (7 Gusht 2006) - Kisha Orthodh\u03bfkse Autoqefale e Shqip\u00ebris\u00eb","og_description":"&nbsp;&nbsp;&nbsp; P\u00ebr her\u00eb t\u00eb par\u00eb kampi \u201cRilindja\u201d me student\u00ebt orthodhoks\u00eb u zhvillua n\u00eb qendr\u00ebn e re \u201cThavor\u201d, n\u00eb Tiran\u00eb. Rreth 60 t\u00eb rinj kishin ardhur nga t\u00eb gjitha dioqezat e vendit p\u00ebr t\u00eb p\u00ebrjetuar nj\u00eb eksperienc\u00eb t\u00eb re n\u00eb koh\u00ebn e pushimeve, me q\u00ebllimin unik p\u00ebr rritje shpirt\u00ebrore n\u00eb nj\u00eb shoq\u00ebri t\u00eb krishter\u00eb. Sigurisht, nuk do t\u00eb mungonin edhe aktivitetet e tjera kulturore e edukative,","og_url":"https:\/\/orthodoxalbania.org\/2020\/2006\/02\/26\/kampi-i-trete-i-djemve-rilindja-ne-qendren-thavor-tirane-gusht-06\/","og_site_name":"Kisha Orthodh\u03bfkse Autoqefale e Shqip\u00ebris\u00eb","article_publisher":"https:\/\/www.facebook.com\/koash1991","article_published_time":"2006-02-26T00:00:00+00:00","article_modified_time":"2020-04-06T20:41:53+00:00","og_image":[{"url":"https:\/\/lh3.googleusercontent.com\/-JKXoVQmxJCY\/VIgGEzFI9QI\/AAAAAAAAFr8\/t7VlZHwzilA\/w370-h255-no\/1text.jpg","type":"","width":"","height":""}],"author":"Kisha Orthodhokse","twitter_card":"summary_large_image","twitter_misc":{"Written by":"Kisha Orthodhokse","Est. reading time":"3 minutes"},"schema":{"@context":"https:\/\/schema.org","@graph":[{"@type":"Article","@id":"https:\/\/orthodoxalbania.org\/2020\/2006\/02\/26\/kampi-i-trete-i-djemve-rilindja-ne-qendren-thavor-tirane-gusht-06\/#article","isPartOf":{"@id":"https:\/\/orthodoxalbania.org\/2020\/2006\/02\/26\/kampi-i-trete-i-djemve-rilindja-ne-qendren-thavor-tirane-gusht-06\/"},"author":{"name":"Kisha Orthodhokse","@id":"https:\/\/orthodoxalbania.org\/2020\/#\/schema\/person\/0c387634a7063ac612d7ed9ce71c7e86"},"headline":"Kampi i Tret\u00eb i djemve &#8220;Rilindja&#8221; n\u00eb qendr\u00ebn Thavor, Tiran\u00eb. (7 Gusht 2006)","datePublished":"2006-02-26T00:00:00+00:00","dateModified":"2020-04-06T20:41:53+00:00","mainEntityOfPage":{"@id":"https:\/\/orthodoxalbania.org\/2020\/2006\/02\/26\/kampi-i-trete-i-djemve-rilindja-ne-qendren-thavor-tirane-gusht-06\/"},"wordCount":681,"commentCount":0,"publisher":{"@id":"https:\/\/orthodoxalbania.org\/2020\/#organization"},"image":{"@id":"https:\/\/orthodoxalbania.org\/2020\/2006\/02\/26\/kampi-i-trete-i-djemve-rilindja-ne-qendren-thavor-tirane-gusht-06\/#primaryimage"},"thumbnailUrl":"https:\/\/lh3.googleusercontent.com\/-JKXoVQmxJCY\/VIgGEzFI9QI\/AAAAAAAAFr8\/t7VlZHwzilA\/w370-h255-no\/1text.jpg","keywords":["2006","Kampe verore","Kryepiskopata Tiran\u00eb","lajme","Rinia Orthodhokse"],"articleSection":["Lajme"],"inLanguage":"en-US"},{"@type":"WebPage","@id":"https:\/\/orthodoxalbania.org\/2020\/2006\/02\/26\/kampi-i-trete-i-djemve-rilindja-ne-qendren-thavor-tirane-gusht-06\/","url":"https:\/\/orthodoxalbania.org\/2020\/2006\/02\/26\/kampi-i-trete-i-djemve-rilindja-ne-qendren-thavor-tirane-gusht-06\/","name":"Kampi i Tret\u00eb i djemve \"Rilindja\" n\u00eb qendr\u00ebn Thavor, Tiran\u00eb. (7 Gusht 2006) - Kisha Orthodh\u03bfkse Autoqefale e Shqip\u00ebris\u00eb","isPartOf":{"@id":"https:\/\/orthodoxalbania.org\/2020\/#website"},"primaryImageOfPage":{"@id":"https:\/\/orthodoxalbania.org\/2020\/2006\/02\/26\/kampi-i-trete-i-djemve-rilindja-ne-qendren-thavor-tirane-gusht-06\/#primaryimage"},"image":{"@id":"https:\/\/orthodoxalbania.org\/2020\/2006\/02\/26\/kampi-i-trete-i-djemve-rilindja-ne-qendren-thavor-tirane-gusht-06\/#primaryimage"},"thumbnailUrl":"https:\/\/lh3.googleusercontent.com\/-JKXoVQmxJCY\/VIgGEzFI9QI\/AAAAAAAAFr8\/t7VlZHwzilA\/w370-h255-no\/1text.jpg","datePublished":"2006-02-26T00:00:00+00:00","dateModified":"2020-04-06T20:41:53+00:00","breadcrumb":{"@id":"https:\/\/orthodoxalbania.org\/2020\/2006\/02\/26\/kampi-i-trete-i-djemve-rilindja-ne-qendren-thavor-tirane-gusht-06\/#breadcrumb"},"inLanguage":"en-US","potentialAction":[{"@type":"ReadAction","target":["https:\/\/orthodoxalbania.org\/2020\/2006\/02\/26\/kampi-i-trete-i-djemve-rilindja-ne-qendren-thavor-tirane-gusht-06\/"]}]},{"@type":"ImageObject","inLanguage":"en-US","@id":"https:\/\/orthodoxalbania.org\/2020\/2006\/02\/26\/kampi-i-trete-i-djemve-rilindja-ne-qendren-thavor-tirane-gusht-06\/#primaryimage","url":"https:\/\/lh3.googleusercontent.com\/-JKXoVQmxJCY\/VIgGEzFI9QI\/AAAAAAAAFr8\/t7VlZHwzilA\/w370-h255-no\/1text.jpg","contentUrl":"https:\/\/lh3.googleusercontent.com\/-JKXoVQmxJCY\/VIgGEzFI9QI\/AAAAAAAAFr8\/t7VlZHwzilA\/w370-h255-no\/1text.jpg"},{"@type":"BreadcrumbList","@id":"https:\/\/orthodoxalbania.org\/2020\/2006\/02\/26\/kampi-i-trete-i-djemve-rilindja-ne-qendren-thavor-tirane-gusht-06\/#breadcrumb","itemListElement":[{"@type":"ListItem","position":1,"name":"Home","item":"https:\/\/orthodoxalbania.org\/2020\/"},{"@type":"ListItem","position":2,"name":"Kampi i Tret\u00eb i djemve &#8220;Rilindja&#8221; n\u00eb qendr\u00ebn Thavor, Tiran\u00eb. (7 Gusht 2006)"}]},{"@type":"WebSite","@id":"https:\/\/orthodoxalbania.org\/2020\/#website","url":"https:\/\/orthodoxalbania.org\/2020\/","name":"Kisha Orthodh\u03bfkse Autoqefale e Shqip\u00ebris\u00eb","description":"Fqja Zyrtare e Kish\u00ebs Orthodhokse Autoqefale e Shqip\u00ebris\u00eb me lajmet edhe informacionet zyrtare p\u00ebr struktur\u00ebn edhe veprimtarin e saj.","publisher":{"@id":"https:\/\/orthodoxalbania.org\/2020\/#organization"},"potentialAction":[{"@type":"SearchAction","target":{"@type":"EntryPoint","urlTemplate":"https:\/\/orthodoxalbania.org\/2020\/?s={search_term_string}"},"query-input":{"@type":"PropertyValueSpecification","valueRequired":true,"valueName":"search_term_string"}}],"inLanguage":"en-US"},{"@type":"Organization","@id":"https:\/\/orthodoxalbania.org\/2020\/#organization","name":"Kisha Orthodhokse Autoqefale e Shqip\u00ebris\u00eb","url":"https:\/\/orthodoxalbania.org\/2020\/","logo":{"@type":"ImageObject","inLanguage":"en-US","@id":"https:\/\/orthodoxalbania.org\/2020\/#\/schema\/logo\/image\/","url":"https:\/\/orthodoxalbania.org\/2020\/wp-content\/uploads\/2020\/05\/albania.jpeg","contentUrl":"https:\/\/orthodoxalbania.org\/2020\/wp-content\/uploads\/2020\/05\/albania.jpeg","width":540,"height":540,"caption":"Kisha Orthodhokse Autoqefale e Shqip\u00ebris\u00eb"},"image":{"@id":"https:\/\/orthodoxalbania.org\/2020\/#\/schema\/logo\/image\/"},"sameAs":["https:\/\/www.facebook.com\/koash1991"]},{"@type":"Person","@id":"https:\/\/orthodoxalbania.org\/2020\/#\/schema\/person\/0c387634a7063ac612d7ed9ce71c7e86","name":"Kisha Orthodhokse","image":{"@type":"ImageObject","inLanguage":"en-US","@id":"https:\/\/secure.gravatar.com\/avatar\/596e7c417251e30f2fbb9c00e026fce61a695a00e51c889caded71c96cbbdde5?s=96&d=mm&r=g","url":"https:\/\/secure.gravatar.com\/avatar\/596e7c417251e30f2fbb9c00e026fce61a695a00e51c889caded71c96cbbdde5?s=96&d=mm&r=g","contentUrl":"https:\/\/secure.gravatar.com\/avatar\/596e7c417251e30f2fbb9c00e026fce61a695a00e51c889caded71c96cbbdde5?s=96&d=mm&r=g","caption":"Kisha Orthodhokse"}}]}},"_links":{"self":[{"href":"https:\/\/orthodoxalbania.org\/2020\/wp-json\/wp\/v2\/posts\/177","targetHints":{"allow":["GET"]}}],"collection":[{"href":"https:\/\/orthodoxalbania.org\/2020\/wp-json\/wp\/v2\/posts"}],"about":[{"href":"https:\/\/orthodoxalbania.org\/2020\/wp-json\/wp\/v2\/types\/post"}],"author":[{"embeddable":true,"href":"https:\/\/orthodoxalbania.org\/2020\/wp-json\/wp\/v2\/users\/1"}],"replies":[{"embeddable":true,"href":"https:\/\/orthodoxalbania.org\/2020\/wp-json\/wp\/v2\/comments?post=177"}],"version-history":[{"count":1,"href":"https:\/\/orthodoxalbania.org\/2020\/wp-json\/wp\/v2\/posts\/177\/revisions"}],"predecessor-version":[{"id":15853,"href":"https:\/\/orthodoxalbania.org\/2020\/wp-json\/wp\/v2\/posts\/177\/revisions\/15853"}],"wp:attachment":[{"href":"https:\/\/orthodoxalbania.org\/2020\/wp-json\/wp\/v2\/media?parent=177"}],"wp:term":[{"taxonomy":"category","embeddable":true,"href":"https:\/\/orthodoxalbania.org\/2020\/wp-json\/wp\/v2\/categories?post=177"},{"taxonomy":"post_tag","embeddable":true,"href":"https:\/\/orthodoxalbania.org\/2020\/wp-json\/wp\/v2\/tags?post=177"}],"curies":[{"name":"wp","href":"https:\/\/api.w.org\/{rel}","templated":true}]}}