{"id":176,"date":"2007-02-26T00:00:00","date_gmt":"2007-02-26T00:00:00","guid":{"rendered":""},"modified":"2020-04-06T22:35:52","modified_gmt":"2020-04-06T20:35:52","slug":"kampi-i-pare-i-vajzave-bariu-i-mire-ne-shen-joan-vladimir-perjetimi-i-gezimit-te-ngjalljes-se-krishtit-korrik-2007","status":"publish","type":"post","link":"https:\/\/orthodoxalbania.org\/2020\/2007\/02\/26\/kampi-i-pare-i-vajzave-bariu-i-mire-ne-shen-joan-vladimir-perjetimi-i-gezimit-te-ngjalljes-se-krishtit-korrik-2007\/","title":{"rendered":"Kampi i par\u00eb i vajzave &#8220;Bariu i Mir\u00eb&#8221; n\u00eb Sh\u00ebn Joan Vladimir P\u00ebrjetimi i g\u00ebzimit t\u00eb Ngjalljes s\u00eb Krishtit. (Korrik 2007)"},"content":{"rendered":"<div style=\"text-align: justify;\"><span style=\"color: #000000; font-family: helvetica;\"><span style=\"font-size: 12px;\"><img decoding=\"async\" class=\"lazyload HAa Eha\" style=\"height: 150px; width: 200px; border-width: 1px; border-style: solid; margin: 10px; float: left;\" alt=\"\" src=\"data:image\/gif;base64,R0lGODlhAQABAAAAACH5BAEKAAEALAAAAAABAAEAAAICTAEAOw==\" data-orig-src=\"https:\/\/lh3.googleusercontent.com\/-xc5F-1M4ask\/VIqpdrXE_aI\/AAAAAAAAGvo\/1262YTmqwDk\/w400-h300-no\/pic1.jpg\" \/><span style=\"font-size: 12pt;\">&nbsp;&nbsp;&nbsp;&nbsp; <img decoding=\"async\" class=\"lazyload HAa Eha\" style=\"height: 150px; width: 200px; border-width: 1px; border-style: solid; margin: 10px; float: right;\" alt=\"\" src=\"data:image\/gif;base64,R0lGODlhAQABAAAAACH5BAEKAAEALAAAAAABAAEAAAICTAEAOw==\" data-orig-src=\"https:\/\/lh5.googleusercontent.com\/-FoWIRO8bC0E\/VIqpd1KFMDI\/AAAAAAAAGvk\/x0tRHBBgyC8\/w400-h300-no\/pic2.jpg\" \/>T\u00eb gjitha p\u00ebrgatitjet ishin b\u00ebr\u00eb p\u00ebr t\u00eb pritur rreth 90 vajza, por n\u00eb vreshtin e Zotit ka bekime q\u00eb zbresin s\u00eb lartazi dhe ne njer\u00ebzit jemi t\u00eb thirrur p\u00ebr t\u2019i pritur me g\u00ebzim. Ky vit do t\u00eb mbahet mend gjat\u00eb nga drejtueset e kampit dhe f\u00ebmij\u00ebt p\u00ebr numrin e lart\u00eb t\u00eb pjes\u00ebmarr\u00ebseve n\u00eb kampin e vajzave t\u00eb mosh\u00ebs 10 \u2013 13 vje\u00e7 n\u00eb Sh\u00ebn Joan Vladimir, pran\u00eb Elbasanit.<\/span><\/span><\/span><\/div>\n<div style=\"text-align: justify;\"><span style=\"font-family: helvetica; font-size: 12pt;\"><\/span><\/div>\n<div style=\"text-align: justify;\"><span style=\"color: #000000; font-family: helvetica; font-size: 12pt;\">&nbsp;&nbsp;&nbsp;&nbsp; Mes ambientit t\u00eb bukur dhe gjelb\u00ebrimit, hijeshis\u00eb dhe qet\u00ebsis\u00eb s\u00eb Manastirit shum\u00ebvje\u00e7ar, n\u00eb datat 16-25 korrik, 140 pjes\u00ebmarr\u00ebse kishin ardhur nga shum\u00eb qytete t\u00eb Shqip\u00ebris\u00eb p\u00ebr t\u00eb marr\u00eb pjes\u00eb n\u00eb veprimtarin\u00eb e p\u00ebrvitshme t\u00eb kampeve q\u00eb mbetet nj\u00eb nd\u00ebr m\u00eb kryesoret dhe m\u00eb t\u00eb spikaturat t\u00eb sezonit t\u00eb ver\u00ebs.<\/span><\/div>\n<div style=\"text-align: justify;\"><span style=\"color: #000000; font-family: helvetica; font-size: 12pt;\">&nbsp;&nbsp;&nbsp;&nbsp;&nbsp;&nbsp;&nbsp;&nbsp;&nbsp;&nbsp;&nbsp;&nbsp;&nbsp;&nbsp;&nbsp;<\/span><\/div>\n<div style=\"text-align: justify;\"><span style=\"color: #000000; font-family: helvetica; font-size: 12pt;\">&nbsp;&nbsp;&nbsp;&nbsp; Edhe k\u00ebt\u00eb vit kampi do t\u00eb kishte nj\u00eb tem\u00eb qendrore p\u00ebr t\u00eb cil\u00ebn vajzat do t\u00eb m\u00ebsonin rreth Krishtit, besimit t\u00eb krishter\u00eb orthodhoks, por mbi t\u00eb gjitha rreth ngjarjes m\u00eb t\u00eb madhe n\u00eb historin\u00eb e njer\u00ebzimit. \u201cKrishti u Ngjall, g\u00ebzimi im\u201d.<\/span><\/div>\n<div style=\"text-align: justify;\"><span style=\"font-family: helvetica; font-size: 12pt;\"><\/span><\/div>\n<div style=\"text-align: justify;\"><span style=\"color: #000000; font-family: helvetica; font-size: 12pt;\"><img decoding=\"async\" class=\"lazyload HAa Eha\" style=\"height: 150px; width: 200px; border-width: 1px; border-style: solid; margin: 10px; float: left;\" alt=\"\" src=\"data:image\/gif;base64,R0lGODlhAQABAAAAACH5BAEKAAEALAAAAAABAAEAAAICTAEAOw==\" data-orig-src=\"https:\/\/lh5.googleusercontent.com\/-N7-JNkB4GoM\/VIqpeUlnyZI\/AAAAAAAAGvg\/zrMvr-sYMLs\/w400-h300-no\/pic3.jpg\" \/>&nbsp;&nbsp;&nbsp;&nbsp; <img decoding=\"async\" class=\"lazyload HAa Eha\" style=\"height: 150px; width: 200px; border-width: 1px; border-style: solid; margin: 10px; float: right;\" alt=\"\" src=\"data:image\/gif;base64,R0lGODlhAQABAAAAACH5BAEKAAEALAAAAAABAAEAAAICTAEAOw==\" data-orig-src=\"https:\/\/lh4.googleusercontent.com\/-UGC4xZO9JDA\/VIqpev4t3II\/AAAAAAAAGvc\/fNZDV1Xl_mM\/w400-h300-no\/pic4.jpg\" \/>Kjo shprehje e Sh\u00ebn Serafimit t\u00eb Sarovit solli n\u00eb v\u00ebmendjen e kampisteve Kreshm\u00ebn e Madhe, Jav\u00ebn e Madhe e t\u00eb Shenjt\u00eb, dit\u00ebn m\u00eb t\u00eb ndritshme: Ngjalljen e Krishtit, Ngjitjen n\u00eb Qiej deri n\u00eb Pentikosti. Vajzat p\u00ebrjetuan k\u00ebt\u00eb g\u00ebzim n\u00eb aktivitetet e larmishme t\u00eb kampit, aq sa nuk mund ta mendonin dit\u00ebn e largimit nga Manastiri q\u00eb iu fali nj\u00eb koh\u00eb t\u00eb ve\u00e7ant\u00eb n\u00eb \u201ckopshtin e Zotit\u201d.<\/span><\/div>\n<div style=\"text-align: justify;\"><span style=\"color: #000000; font-family: helvetica; font-size: 12pt;\">&nbsp;&nbsp;&nbsp;&nbsp;&nbsp;&nbsp;&nbsp;&nbsp;&nbsp;&nbsp;&nbsp;&nbsp;&nbsp;&nbsp;&nbsp;<\/span><\/div>\n<div style=\"text-align: justify;\"><span style=\"color: #000000; font-family: helvetica; font-size: 12pt;\">&nbsp;&nbsp;&nbsp;&nbsp; Vajzat mor\u00ebn pjes\u00eb n\u00eb t\u00eb gjitha sh\u00ebrbesat kishtare, n\u00eb studimet biblike, aktivitetet kulturore dhe loj\u00ebrat sportive. Asnj\u00eb dit\u00eb nuk pati monotoni, p\u00ebrkundrazi vet\u00ebm aktivitet, njohje me shoqe t\u00eb reja q\u00eb vinin nga qytete t\u00eb ndryshme. Nj\u00eb rol t\u00eb ve\u00e7ant\u00eb p\u00ebr mbar\u00ebvajtjen e kampit kishin edhe drejtueset, t\u00eb cilat japin gjithmon\u00eb ndihm\u00ebn e tyre vullnetare me q\u00ebllim q\u00eb kampi t\u00eb jet\u00eb i suksessh\u00ebm.<\/span><\/div>\n<div style=\"text-align: justify;\"><span style=\"font-family: helvetica; font-size: 12pt;\"><\/span><\/div>\n<div style=\"text-align: justify;\"><span style=\"color: #000000; font-family: helvetica; font-size: 12pt;\">&nbsp;&nbsp;&nbsp;&nbsp; Sh\u00ebrbesat u drejtuan nga At\u00eb Viktor B\u00ebrdufi, i cili dha nj\u00eb ndihm\u00eb t\u00eb vlefshme p\u00ebr rritjen shpirt\u00ebrore t\u00eb vajzave. Programi kishte nj\u00eb larmishm\u00ebri aktivitetesh ku spikat\u00ebn loj\u00ebrat sportive dhe aktivitete t\u00eb ve\u00e7anta si: nata nd\u00ebrkomb\u00ebtare, festivali, loj\u00ebrat olimpike etj. N\u00eb k\u00ebto programe, ato konkuruan me dinjitet me aft\u00ebsit\u00eb e tyre, duke marr\u00eb n\u00eb shenj\u00eb fal\u00ebnderimi nj\u00eb \u00e7ertifikat\u00eb nderi.<\/span><\/div>\n<div style=\"text-align: justify;\"><span style=\"color: #000000; font-family: helvetica; font-size: 12pt;\">&nbsp;&nbsp;&nbsp;&nbsp;&nbsp;&nbsp;&nbsp;&nbsp;&nbsp;&nbsp;&nbsp;&nbsp;&nbsp;&nbsp;&nbsp;<\/span><\/div>\n<div style=\"text-align: justify;\"><span style=\"color: #000000; font-family: helvetica; font-size: 12pt;\">&nbsp;&nbsp;&nbsp; <img decoding=\"async\" class=\"lazyload HAa Eha\" style=\"height: 150px; width: 200px; border-width: 1px; border-style: solid; margin: 10px; float: right;\" alt=\"\" src=\"data:image\/gif;base64,R0lGODlhAQABAAAAACH5BAEKAAEALAAAAAABAAEAAAICTAEAOw==\" data-orig-src=\"https:\/\/lh6.googleusercontent.com\/-Fztjqc47FDw\/VIqpfMCZt-I\/AAAAAAAAGvY\/ByBEdDzTD24\/w400-h300-no\/pic6.jpg\" \/><img decoding=\"async\" class=\"lazyload HAa Eha\" style=\"height: 150px; width: 200px; border-width: 1px; border-style: solid; margin: 10px; float: left;\" alt=\"\" src=\"data:image\/gif;base64,R0lGODlhAQABAAAAACH5BAEKAAEALAAAAAABAAEAAAICTAEAOw==\" data-orig-src=\"https:\/\/lh5.googleusercontent.com\/-_WC1MrIxfw0\/VIqpe3vVJuI\/AAAAAAAAGu8\/R_voR0uYMUY\/w400-h300-no\/pic5.jpg\" \/>P\u00ebr k\u00ebto momente t\u00eb bukura q\u00eb vajzat kaluan p\u00ebr 10 dit\u00eb, ato p\u00ebrcoll\u00ebn nj\u00eb fal\u00ebnderim t\u00eb ve\u00e7ant\u00eb p\u00ebr Fortlumturin\u00eb e Tij, Kryepiskopin Anastas, i cili mb\u00ebshteti shpirt\u00ebrisht dhe financiarisht k\u00ebto dit\u00eb t\u00eb bukura n\u00eb kamp.<\/span><\/div>\n<div style=\"text-align: justify;\"><span style=\"font-family: helvetica; font-size: 12pt;\"><\/span><\/div>\n<div style=\"text-align: justify;\"><span style=\"color: #000000; font-family: helvetica; font-size: 12pt;\">&nbsp;&nbsp;&nbsp;&nbsp; N\u00ebp\u00ebrmjet referetave dhe studimeve biblike, vajzat m\u00ebsuan disa element\u00eb t\u00eb r\u00ebnd\u00ebsish\u00ebm t\u00eb besimit. Nj\u00eb bekim i ve\u00e7ant\u00eb q\u00eb u p\u00ebrjetua me shum\u00eb emocione nga kampistet ishte edhe pag\u00ebzimi i 18 vajzave katikumene, t\u00eb cilat u bashkuan me Kish\u00ebn e Krishtit dhe u b\u00ebn\u00eb pjes\u00eb e familjes s\u00eb madhe t\u00eb krishter\u00eb.<\/span><\/div>\n<div style=\"text-align: justify;\"><span style=\"color: #000000; font-family: helvetica; font-size: 12pt;\">&nbsp;&nbsp;&nbsp;&nbsp;&nbsp;&nbsp;&nbsp;&nbsp;&nbsp;&nbsp;&nbsp;&nbsp;&nbsp;&nbsp;&nbsp;<\/span><\/div>\n<div style=\"text-align: justify;\"><span style=\"color: #000000; font-family: helvetica; font-size: 12pt;\">&nbsp;&nbsp;&nbsp;&nbsp; \u00c7do dit\u00eb kishte t\u00eb ve\u00e7ant\u00ebn e vet dhe p\u00ebr drejtueset e kampit dhe ky vit do t\u00eb mbetet i paharruar n\u00eb p\u00ebrjetimet q\u00eb kaluan me aq shum\u00eb t\u00eb papritura dhe g\u00ebzime. Nd\u00ebrsa f\u00ebmij\u00ebt shpreh\u00ebn fal\u00ebnderimet e tyre edhe n\u00ebp\u00ebrmjet prind\u00ebrve, t\u00eb cil\u00ebt disa dit\u00eb pas p\u00ebrfundimit t\u00eb kampit takonin si edhe telefonuan drejtueset, duke iu shprehur atyre mir\u00ebnjohjen e thell\u00eb p\u00ebr dit\u00ebt e g\u00ebzuara q\u00eb f\u00ebmij\u00ebt e tyre kishin kaluar gjat\u00eb 10 dit\u00ebve t\u00eb bekuara t\u00eb kampit.<\/span><\/div>\n<div style=\"text-align: justify;\"><span style=\"font-family: helvetica; font-size: 12pt;\"><\/span><\/div>\n<div style=\"text-align: justify;\"><span style=\"color: #000000; font-family: helvetica; font-size: 12pt;\">&nbsp;&nbsp;&nbsp;&nbsp; G\u00ebzimi i Ngjalljes s\u00eb Krishtit p\u00ebrjetohej \u00e7do dit\u00eb n\u00eb kamp edhe n\u00ebp\u00ebrmjet k\u00ebndimit t\u00eb himnit: \u201cKrishti u Ngjall s\u00eb vdekurish, me vdekje vdekjen shkeli, edhe t\u00eb varrosurve jet\u00ebn u fali\u201d.<\/span><\/div>\n<div style=\"text-align: justify;\"><span style=\"color: #000000; font-family: helvetica; font-size: 12pt;\">&nbsp;&nbsp;&nbsp;&nbsp;&nbsp;&nbsp;&nbsp;&nbsp;&nbsp;&nbsp;&nbsp;&nbsp;&nbsp; <\/span><\/div>\n<div style=\"text-align: justify;\"><span style=\"font-family: helvetica; font-size: 12pt;\"><\/span><\/div>\n<div style=\"text-align: justify;\"><span style=\"color: #000000; font-family: helvetica; font-size: 12pt;\">&nbsp;&nbsp;&nbsp;&nbsp; Sofia Bregu<\/span><\/div>\n<div style=\"text-align: justify;\"><span style=\"font-family: helvetica; font-size: 12pt;\"><\/span><\/div>\n<div style=\"text-align: center;\"><span style=\"color: #000000; font-family: helvetica; font-size: 12pt;\"><img decoding=\"async\" class=\"lazyload HAa Eha\" style=\"border-width: 1px; border-style: solid; margin: 10px;\" alt=\"\" src=\"data:image\/gif;base64,R0lGODlhAQABAAAAACH5BAEKAAEALAAAAAABAAEAAAICTAEAOw==\" data-orig-src=\"https:\/\/lh6.googleusercontent.com\/-JiegYbmYEzc\/VIqpfTzUQXI\/AAAAAAAAGvQ\/O_hXc0Gfr08\/w400-h300-no\/pic7.jpg\" \/><\/span><\/div>\n<div style=\"text-align: center;\"><span style=\"font-family: helvetica; font-size: 12pt;\"><\/span><\/div>\n<div style=\"text-align: center;\"><span style=\"color: #000000; font-family: helvetica; font-size: 12pt;\"><img decoding=\"async\" class=\"lazyload HAa Eha\" style=\"border-width: 1px; border-style: solid; margin: 10px;\" alt=\"\" src=\"data:image\/gif;base64,R0lGODlhAQABAAAAACH5BAEKAAEALAAAAAABAAEAAAICTAEAOw==\" data-orig-src=\"https:\/\/lh4.googleusercontent.com\/-RYTundxRa1I\/VIqpfoN7USI\/AAAAAAAAGvM\/Lp0vHBKVNeY\/w300-h400-no\/pic8.jpg\" \/><\/span><\/div>\n<div style=\"text-align: center;\"><span style=\"font-family: helvetica; font-size: 12pt;\"><\/span><\/div>\n<div style=\"text-align: center;\"><span style=\"color: #000000; font-family: helvetica; font-size: 12pt;\"><img decoding=\"async\" class=\"lazyload HAa Eha\" style=\"border-width: 1px; border-style: solid; margin: 10px;\" alt=\"\" src=\"data:image\/gif;base64,R0lGODlhAQABAAAAACH5BAEKAAEALAAAAAABAAEAAAICTAEAOw==\" data-orig-src=\"https:\/\/lh5.googleusercontent.com\/-T0aaNiMNqaE\/VIqpgBYocrI\/AAAAAAAAGvU\/RfNXbew1gI0\/w400-h300-no\/pic9.jpg\" \/><\/span><\/div>\n<div style=\"text-align: center;\"><span style=\"font-family: helvetica; font-size: 12pt;\"><\/span><\/div>\n<div style=\"text-align: center;\"><span style=\"color: #000000; font-family: helvetica; font-size: 12pt;\"><img decoding=\"async\" class=\"lazyload HAa Eha\" style=\"border-width: 1px; border-style: solid; margin: 10px;\" alt=\"\" src=\"data:image\/gif;base64,R0lGODlhAQABAAAAACH5BAEKAAEALAAAAAABAAEAAAICTAEAOw==\" data-orig-src=\"https:\/\/lh3.googleusercontent.com\/-U7MvQp5bG9c\/VIqpd6ThHcI\/AAAAAAAAGvw\/48HNwW5_0gA\/w400-h300-no\/pic10.jpg\" \/><\/span><\/div>\n","protected":false},"excerpt":{"rendered":"<p>&nbsp;&nbsp;&nbsp;&nbsp; T\u00eb gjitha p\u00ebrgatitjet ishin b\u00ebr\u00eb p\u00ebr t\u00eb pritur rreth 90 vajza, por n\u00eb vreshtin e Zotit ka bekime q\u00eb zbresin s\u00eb lartazi dhe ne njer\u00ebzit jemi t\u00eb thirrur p\u00ebr t\u2019i pritur me g\u00ebzim. Ky vit do t\u00eb mbahet mend gjat\u00eb nga drejtueset e kampit dhe f\u00ebmij\u00ebt p\u00ebr numrin e lart\u00eb t\u00eb pjes\u00ebmarr\u00ebseve n\u00eb kampin e vajzave t\u00eb mosh\u00ebs 10 \u2013 13 vje\u00e7 n\u00eb Sh\u00ebn<\/p>\n","protected":false},"author":1,"featured_media":0,"comment_status":"open","ping_status":"open","sticky":false,"template":"","format":"standard","meta":{"_acf_changed":false,"pagelayer_contact_templates":[],"_pagelayer_content":"","inline_featured_image":false,"fifu_image_url":"","fifu_image_alt":"","footnotes":""},"categories":[108],"tags":[147,200,196,212,176],"class_list":["post-176","post","type-post","status-publish","format-standard","hentry","category-lajme","tag-147","tag-kampe-verore","tag-tirane","tag-lajme-d27","tag-rinia-orthodhokse"],"acf":[],"yoast_head":"<!-- This site is optimized with the Yoast SEO plugin v27.2 - https:\/\/yoast.com\/product\/yoast-seo-wordpress\/ -->\n<title>Kampi i par\u00eb i vajzave &quot;Bariu i Mir\u00eb&quot; n\u00eb Sh\u00ebn Joan Vladimir P\u00ebrjetimi i g\u00ebzimit t\u00eb Ngjalljes s\u00eb Krishtit. (Korrik 2007) - Kisha Orthodh\u03bfkse Autoqefale e Shqip\u00ebris\u00eb<\/title>\n<meta name=\"robots\" content=\"index, follow, max-snippet:-1, max-image-preview:large, max-video-preview:-1\" \/>\n<link rel=\"canonical\" href=\"https:\/\/orthodoxalbania.org\/2020\/2007\/02\/26\/kampi-i-pare-i-vajzave-bariu-i-mire-ne-shen-joan-vladimir-perjetimi-i-gezimit-te-ngjalljes-se-krishtit-korrik-2007\/\" \/>\n<meta property=\"og:locale\" content=\"en_US\" \/>\n<meta property=\"og:type\" content=\"article\" \/>\n<meta property=\"og:title\" content=\"Kampi i par\u00eb i vajzave &quot;Bariu i Mir\u00eb&quot; n\u00eb Sh\u00ebn Joan Vladimir P\u00ebrjetimi i g\u00ebzimit t\u00eb Ngjalljes s\u00eb Krishtit. (Korrik 2007) - Kisha Orthodh\u03bfkse Autoqefale e Shqip\u00ebris\u00eb\" \/>\n<meta property=\"og:description\" content=\"&nbsp;&nbsp;&nbsp;&nbsp; T\u00eb gjitha p\u00ebrgatitjet ishin b\u00ebr\u00eb p\u00ebr t\u00eb pritur rreth 90 vajza, por n\u00eb vreshtin e Zotit ka bekime q\u00eb zbresin s\u00eb lartazi dhe ne njer\u00ebzit jemi t\u00eb thirrur p\u00ebr t\u2019i pritur me g\u00ebzim. Ky vit do t\u00eb mbahet mend gjat\u00eb nga drejtueset e kampit dhe f\u00ebmij\u00ebt p\u00ebr numrin e lart\u00eb t\u00eb pjes\u00ebmarr\u00ebseve n\u00eb kampin e vajzave t\u00eb mosh\u00ebs 10 \u2013 13 vje\u00e7 n\u00eb Sh\u00ebn\" \/>\n<meta property=\"og:url\" content=\"https:\/\/orthodoxalbania.org\/2020\/2007\/02\/26\/kampi-i-pare-i-vajzave-bariu-i-mire-ne-shen-joan-vladimir-perjetimi-i-gezimit-te-ngjalljes-se-krishtit-korrik-2007\/\" \/>\n<meta property=\"og:site_name\" content=\"Kisha Orthodh\u03bfkse Autoqefale e Shqip\u00ebris\u00eb\" \/>\n<meta property=\"article:publisher\" content=\"https:\/\/www.facebook.com\/koash1991\" \/>\n<meta property=\"article:published_time\" content=\"2007-02-26T00:00:00+00:00\" \/>\n<meta property=\"article:modified_time\" content=\"2020-04-06T20:35:52+00:00\" \/>\n<meta property=\"og:image\" content=\"https:\/\/lh3.googleusercontent.com\/-xc5F-1M4ask\/VIqpdrXE_aI\/AAAAAAAAGvo\/1262YTmqwDk\/w400-h300-no\/pic1.jpg\" \/>\n<meta name=\"author\" content=\"Kisha Orthodhokse\" \/>\n<meta name=\"twitter:card\" content=\"summary_large_image\" \/>\n<meta name=\"twitter:label1\" content=\"Written by\" \/>\n\t<meta name=\"twitter:data1\" content=\"Kisha Orthodhokse\" \/>\n\t<meta name=\"twitter:label2\" content=\"Est. reading time\" \/>\n\t<meta name=\"twitter:data2\" content=\"4 minutes\" \/>\n<script type=\"application\/ld+json\" class=\"yoast-schema-graph\">{\"@context\":\"https:\/\/schema.org\",\"@graph\":[{\"@type\":\"Article\",\"@id\":\"https:\/\/orthodoxalbania.org\/2020\/2007\/02\/26\/kampi-i-pare-i-vajzave-bariu-i-mire-ne-shen-joan-vladimir-perjetimi-i-gezimit-te-ngjalljes-se-krishtit-korrik-2007\/#article\",\"isPartOf\":{\"@id\":\"https:\/\/orthodoxalbania.org\/2020\/2007\/02\/26\/kampi-i-pare-i-vajzave-bariu-i-mire-ne-shen-joan-vladimir-perjetimi-i-gezimit-te-ngjalljes-se-krishtit-korrik-2007\/\"},\"author\":{\"name\":\"Kisha Orthodhokse\",\"@id\":\"https:\/\/orthodoxalbania.org\/2020\/#\/schema\/person\/0c387634a7063ac612d7ed9ce71c7e86\"},\"headline\":\"Kampi i par\u00eb i vajzave &#8220;Bariu i Mir\u00eb&#8221; n\u00eb Sh\u00ebn Joan Vladimir P\u00ebrjetimi i g\u00ebzimit t\u00eb Ngjalljes s\u00eb Krishtit. (Korrik 2007)\",\"datePublished\":\"2007-02-26T00:00:00+00:00\",\"dateModified\":\"2020-04-06T20:35:52+00:00\",\"mainEntityOfPage\":{\"@id\":\"https:\/\/orthodoxalbania.org\/2020\/2007\/02\/26\/kampi-i-pare-i-vajzave-bariu-i-mire-ne-shen-joan-vladimir-perjetimi-i-gezimit-te-ngjalljes-se-krishtit-korrik-2007\/\"},\"wordCount\":785,\"commentCount\":0,\"publisher\":{\"@id\":\"https:\/\/orthodoxalbania.org\/2020\/#organization\"},\"image\":{\"@id\":\"https:\/\/orthodoxalbania.org\/2020\/2007\/02\/26\/kampi-i-pare-i-vajzave-bariu-i-mire-ne-shen-joan-vladimir-perjetimi-i-gezimit-te-ngjalljes-se-krishtit-korrik-2007\/#primaryimage\"},\"thumbnailUrl\":\"https:\/\/lh3.googleusercontent.com\/-xc5F-1M4ask\/VIqpdrXE_aI\/AAAAAAAAGvo\/1262YTmqwDk\/w400-h300-no\/pic1.jpg\",\"keywords\":[\"2007\",\"Kampe verore\",\"Kryepiskopata Tiran\u00eb\",\"lajme\",\"Rinia Orthodhokse\"],\"articleSection\":[\"Lajme\"],\"inLanguage\":\"en-US\"},{\"@type\":\"WebPage\",\"@id\":\"https:\/\/orthodoxalbania.org\/2020\/2007\/02\/26\/kampi-i-pare-i-vajzave-bariu-i-mire-ne-shen-joan-vladimir-perjetimi-i-gezimit-te-ngjalljes-se-krishtit-korrik-2007\/\",\"url\":\"https:\/\/orthodoxalbania.org\/2020\/2007\/02\/26\/kampi-i-pare-i-vajzave-bariu-i-mire-ne-shen-joan-vladimir-perjetimi-i-gezimit-te-ngjalljes-se-krishtit-korrik-2007\/\",\"name\":\"Kampi i par\u00eb i vajzave \\\"Bariu i Mir\u00eb\\\" n\u00eb Sh\u00ebn Joan Vladimir P\u00ebrjetimi i g\u00ebzimit t\u00eb Ngjalljes s\u00eb Krishtit. (Korrik 2007) - Kisha Orthodh\u03bfkse Autoqefale e Shqip\u00ebris\u00eb\",\"isPartOf\":{\"@id\":\"https:\/\/orthodoxalbania.org\/2020\/#website\"},\"primaryImageOfPage\":{\"@id\":\"https:\/\/orthodoxalbania.org\/2020\/2007\/02\/26\/kampi-i-pare-i-vajzave-bariu-i-mire-ne-shen-joan-vladimir-perjetimi-i-gezimit-te-ngjalljes-se-krishtit-korrik-2007\/#primaryimage\"},\"image\":{\"@id\":\"https:\/\/orthodoxalbania.org\/2020\/2007\/02\/26\/kampi-i-pare-i-vajzave-bariu-i-mire-ne-shen-joan-vladimir-perjetimi-i-gezimit-te-ngjalljes-se-krishtit-korrik-2007\/#primaryimage\"},\"thumbnailUrl\":\"https:\/\/lh3.googleusercontent.com\/-xc5F-1M4ask\/VIqpdrXE_aI\/AAAAAAAAGvo\/1262YTmqwDk\/w400-h300-no\/pic1.jpg\",\"datePublished\":\"2007-02-26T00:00:00+00:00\",\"dateModified\":\"2020-04-06T20:35:52+00:00\",\"breadcrumb\":{\"@id\":\"https:\/\/orthodoxalbania.org\/2020\/2007\/02\/26\/kampi-i-pare-i-vajzave-bariu-i-mire-ne-shen-joan-vladimir-perjetimi-i-gezimit-te-ngjalljes-se-krishtit-korrik-2007\/#breadcrumb\"},\"inLanguage\":\"en-US\",\"potentialAction\":[{\"@type\":\"ReadAction\",\"target\":[\"https:\/\/orthodoxalbania.org\/2020\/2007\/02\/26\/kampi-i-pare-i-vajzave-bariu-i-mire-ne-shen-joan-vladimir-perjetimi-i-gezimit-te-ngjalljes-se-krishtit-korrik-2007\/\"]}]},{\"@type\":\"ImageObject\",\"inLanguage\":\"en-US\",\"@id\":\"https:\/\/orthodoxalbania.org\/2020\/2007\/02\/26\/kampi-i-pare-i-vajzave-bariu-i-mire-ne-shen-joan-vladimir-perjetimi-i-gezimit-te-ngjalljes-se-krishtit-korrik-2007\/#primaryimage\",\"url\":\"https:\/\/lh3.googleusercontent.com\/-xc5F-1M4ask\/VIqpdrXE_aI\/AAAAAAAAGvo\/1262YTmqwDk\/w400-h300-no\/pic1.jpg\",\"contentUrl\":\"https:\/\/lh3.googleusercontent.com\/-xc5F-1M4ask\/VIqpdrXE_aI\/AAAAAAAAGvo\/1262YTmqwDk\/w400-h300-no\/pic1.jpg\"},{\"@type\":\"BreadcrumbList\",\"@id\":\"https:\/\/orthodoxalbania.org\/2020\/2007\/02\/26\/kampi-i-pare-i-vajzave-bariu-i-mire-ne-shen-joan-vladimir-perjetimi-i-gezimit-te-ngjalljes-se-krishtit-korrik-2007\/#breadcrumb\",\"itemListElement\":[{\"@type\":\"ListItem\",\"position\":1,\"name\":\"Home\",\"item\":\"https:\/\/orthodoxalbania.org\/2020\/\"},{\"@type\":\"ListItem\",\"position\":2,\"name\":\"Kampi i par\u00eb i vajzave &#8220;Bariu i Mir\u00eb&#8221; n\u00eb Sh\u00ebn Joan Vladimir P\u00ebrjetimi i g\u00ebzimit t\u00eb Ngjalljes s\u00eb Krishtit. (Korrik 2007)\"}]},{\"@type\":\"WebSite\",\"@id\":\"https:\/\/orthodoxalbania.org\/2020\/#website\",\"url\":\"https:\/\/orthodoxalbania.org\/2020\/\",\"name\":\"Kisha Orthodh\u03bfkse Autoqefale e Shqip\u00ebris\u00eb\",\"description\":\"Fqja Zyrtare e Kish\u00ebs Orthodhokse Autoqefale e Shqip\u00ebris\u00eb me lajmet edhe informacionet zyrtare p\u00ebr struktur\u00ebn edhe veprimtarin e saj.\",\"publisher\":{\"@id\":\"https:\/\/orthodoxalbania.org\/2020\/#organization\"},\"potentialAction\":[{\"@type\":\"SearchAction\",\"target\":{\"@type\":\"EntryPoint\",\"urlTemplate\":\"https:\/\/orthodoxalbania.org\/2020\/?s={search_term_string}\"},\"query-input\":{\"@type\":\"PropertyValueSpecification\",\"valueRequired\":true,\"valueName\":\"search_term_string\"}}],\"inLanguage\":\"en-US\"},{\"@type\":\"Organization\",\"@id\":\"https:\/\/orthodoxalbania.org\/2020\/#organization\",\"name\":\"Kisha Orthodhokse Autoqefale e Shqip\u00ebris\u00eb\",\"url\":\"https:\/\/orthodoxalbania.org\/2020\/\",\"logo\":{\"@type\":\"ImageObject\",\"inLanguage\":\"en-US\",\"@id\":\"https:\/\/orthodoxalbania.org\/2020\/#\/schema\/logo\/image\/\",\"url\":\"https:\/\/orthodoxalbania.org\/2020\/wp-content\/uploads\/2020\/05\/albania.jpeg\",\"contentUrl\":\"https:\/\/orthodoxalbania.org\/2020\/wp-content\/uploads\/2020\/05\/albania.jpeg\",\"width\":540,\"height\":540,\"caption\":\"Kisha Orthodhokse Autoqefale e Shqip\u00ebris\u00eb\"},\"image\":{\"@id\":\"https:\/\/orthodoxalbania.org\/2020\/#\/schema\/logo\/image\/\"},\"sameAs\":[\"https:\/\/www.facebook.com\/koash1991\"]},{\"@type\":\"Person\",\"@id\":\"https:\/\/orthodoxalbania.org\/2020\/#\/schema\/person\/0c387634a7063ac612d7ed9ce71c7e86\",\"name\":\"Kisha Orthodhokse\",\"image\":{\"@type\":\"ImageObject\",\"inLanguage\":\"en-US\",\"@id\":\"https:\/\/secure.gravatar.com\/avatar\/596e7c417251e30f2fbb9c00e026fce61a695a00e51c889caded71c96cbbdde5?s=96&d=mm&r=g\",\"url\":\"https:\/\/secure.gravatar.com\/avatar\/596e7c417251e30f2fbb9c00e026fce61a695a00e51c889caded71c96cbbdde5?s=96&d=mm&r=g\",\"contentUrl\":\"https:\/\/secure.gravatar.com\/avatar\/596e7c417251e30f2fbb9c00e026fce61a695a00e51c889caded71c96cbbdde5?s=96&d=mm&r=g\",\"caption\":\"Kisha Orthodhokse\"}}]}<\/script>\n<!-- \/ Yoast SEO plugin. -->","yoast_head_json":{"title":"Kampi i par\u00eb i vajzave \"Bariu i Mir\u00eb\" n\u00eb Sh\u00ebn Joan Vladimir P\u00ebrjetimi i g\u00ebzimit t\u00eb Ngjalljes s\u00eb Krishtit. (Korrik 2007) - Kisha Orthodh\u03bfkse Autoqefale e Shqip\u00ebris\u00eb","robots":{"index":"index","follow":"follow","max-snippet":"max-snippet:-1","max-image-preview":"max-image-preview:large","max-video-preview":"max-video-preview:-1"},"canonical":"https:\/\/orthodoxalbania.org\/2020\/2007\/02\/26\/kampi-i-pare-i-vajzave-bariu-i-mire-ne-shen-joan-vladimir-perjetimi-i-gezimit-te-ngjalljes-se-krishtit-korrik-2007\/","og_locale":"en_US","og_type":"article","og_title":"Kampi i par\u00eb i vajzave \"Bariu i Mir\u00eb\" n\u00eb Sh\u00ebn Joan Vladimir P\u00ebrjetimi i g\u00ebzimit t\u00eb Ngjalljes s\u00eb Krishtit. (Korrik 2007) - Kisha Orthodh\u03bfkse Autoqefale e Shqip\u00ebris\u00eb","og_description":"&nbsp;&nbsp;&nbsp;&nbsp; T\u00eb gjitha p\u00ebrgatitjet ishin b\u00ebr\u00eb p\u00ebr t\u00eb pritur rreth 90 vajza, por n\u00eb vreshtin e Zotit ka bekime q\u00eb zbresin s\u00eb lartazi dhe ne njer\u00ebzit jemi t\u00eb thirrur p\u00ebr t\u2019i pritur me g\u00ebzim. Ky vit do t\u00eb mbahet mend gjat\u00eb nga drejtueset e kampit dhe f\u00ebmij\u00ebt p\u00ebr numrin e lart\u00eb t\u00eb pjes\u00ebmarr\u00ebseve n\u00eb kampin e vajzave t\u00eb mosh\u00ebs 10 \u2013 13 vje\u00e7 n\u00eb Sh\u00ebn","og_url":"https:\/\/orthodoxalbania.org\/2020\/2007\/02\/26\/kampi-i-pare-i-vajzave-bariu-i-mire-ne-shen-joan-vladimir-perjetimi-i-gezimit-te-ngjalljes-se-krishtit-korrik-2007\/","og_site_name":"Kisha Orthodh\u03bfkse Autoqefale e Shqip\u00ebris\u00eb","article_publisher":"https:\/\/www.facebook.com\/koash1991","article_published_time":"2007-02-26T00:00:00+00:00","article_modified_time":"2020-04-06T20:35:52+00:00","og_image":[{"url":"https:\/\/lh3.googleusercontent.com\/-xc5F-1M4ask\/VIqpdrXE_aI\/AAAAAAAAGvo\/1262YTmqwDk\/w400-h300-no\/pic1.jpg","type":"","width":"","height":""}],"author":"Kisha Orthodhokse","twitter_card":"summary_large_image","twitter_misc":{"Written by":"Kisha Orthodhokse","Est. reading time":"4 minutes"},"schema":{"@context":"https:\/\/schema.org","@graph":[{"@type":"Article","@id":"https:\/\/orthodoxalbania.org\/2020\/2007\/02\/26\/kampi-i-pare-i-vajzave-bariu-i-mire-ne-shen-joan-vladimir-perjetimi-i-gezimit-te-ngjalljes-se-krishtit-korrik-2007\/#article","isPartOf":{"@id":"https:\/\/orthodoxalbania.org\/2020\/2007\/02\/26\/kampi-i-pare-i-vajzave-bariu-i-mire-ne-shen-joan-vladimir-perjetimi-i-gezimit-te-ngjalljes-se-krishtit-korrik-2007\/"},"author":{"name":"Kisha Orthodhokse","@id":"https:\/\/orthodoxalbania.org\/2020\/#\/schema\/person\/0c387634a7063ac612d7ed9ce71c7e86"},"headline":"Kampi i par\u00eb i vajzave &#8220;Bariu i Mir\u00eb&#8221; n\u00eb Sh\u00ebn Joan Vladimir P\u00ebrjetimi i g\u00ebzimit t\u00eb Ngjalljes s\u00eb Krishtit. (Korrik 2007)","datePublished":"2007-02-26T00:00:00+00:00","dateModified":"2020-04-06T20:35:52+00:00","mainEntityOfPage":{"@id":"https:\/\/orthodoxalbania.org\/2020\/2007\/02\/26\/kampi-i-pare-i-vajzave-bariu-i-mire-ne-shen-joan-vladimir-perjetimi-i-gezimit-te-ngjalljes-se-krishtit-korrik-2007\/"},"wordCount":785,"commentCount":0,"publisher":{"@id":"https:\/\/orthodoxalbania.org\/2020\/#organization"},"image":{"@id":"https:\/\/orthodoxalbania.org\/2020\/2007\/02\/26\/kampi-i-pare-i-vajzave-bariu-i-mire-ne-shen-joan-vladimir-perjetimi-i-gezimit-te-ngjalljes-se-krishtit-korrik-2007\/#primaryimage"},"thumbnailUrl":"https:\/\/lh3.googleusercontent.com\/-xc5F-1M4ask\/VIqpdrXE_aI\/AAAAAAAAGvo\/1262YTmqwDk\/w400-h300-no\/pic1.jpg","keywords":["2007","Kampe verore","Kryepiskopata Tiran\u00eb","lajme","Rinia Orthodhokse"],"articleSection":["Lajme"],"inLanguage":"en-US"},{"@type":"WebPage","@id":"https:\/\/orthodoxalbania.org\/2020\/2007\/02\/26\/kampi-i-pare-i-vajzave-bariu-i-mire-ne-shen-joan-vladimir-perjetimi-i-gezimit-te-ngjalljes-se-krishtit-korrik-2007\/","url":"https:\/\/orthodoxalbania.org\/2020\/2007\/02\/26\/kampi-i-pare-i-vajzave-bariu-i-mire-ne-shen-joan-vladimir-perjetimi-i-gezimit-te-ngjalljes-se-krishtit-korrik-2007\/","name":"Kampi i par\u00eb i vajzave \"Bariu i Mir\u00eb\" n\u00eb Sh\u00ebn Joan Vladimir P\u00ebrjetimi i g\u00ebzimit t\u00eb Ngjalljes s\u00eb Krishtit. (Korrik 2007) - Kisha Orthodh\u03bfkse Autoqefale e Shqip\u00ebris\u00eb","isPartOf":{"@id":"https:\/\/orthodoxalbania.org\/2020\/#website"},"primaryImageOfPage":{"@id":"https:\/\/orthodoxalbania.org\/2020\/2007\/02\/26\/kampi-i-pare-i-vajzave-bariu-i-mire-ne-shen-joan-vladimir-perjetimi-i-gezimit-te-ngjalljes-se-krishtit-korrik-2007\/#primaryimage"},"image":{"@id":"https:\/\/orthodoxalbania.org\/2020\/2007\/02\/26\/kampi-i-pare-i-vajzave-bariu-i-mire-ne-shen-joan-vladimir-perjetimi-i-gezimit-te-ngjalljes-se-krishtit-korrik-2007\/#primaryimage"},"thumbnailUrl":"https:\/\/lh3.googleusercontent.com\/-xc5F-1M4ask\/VIqpdrXE_aI\/AAAAAAAAGvo\/1262YTmqwDk\/w400-h300-no\/pic1.jpg","datePublished":"2007-02-26T00:00:00+00:00","dateModified":"2020-04-06T20:35:52+00:00","breadcrumb":{"@id":"https:\/\/orthodoxalbania.org\/2020\/2007\/02\/26\/kampi-i-pare-i-vajzave-bariu-i-mire-ne-shen-joan-vladimir-perjetimi-i-gezimit-te-ngjalljes-se-krishtit-korrik-2007\/#breadcrumb"},"inLanguage":"en-US","potentialAction":[{"@type":"ReadAction","target":["https:\/\/orthodoxalbania.org\/2020\/2007\/02\/26\/kampi-i-pare-i-vajzave-bariu-i-mire-ne-shen-joan-vladimir-perjetimi-i-gezimit-te-ngjalljes-se-krishtit-korrik-2007\/"]}]},{"@type":"ImageObject","inLanguage":"en-US","@id":"https:\/\/orthodoxalbania.org\/2020\/2007\/02\/26\/kampi-i-pare-i-vajzave-bariu-i-mire-ne-shen-joan-vladimir-perjetimi-i-gezimit-te-ngjalljes-se-krishtit-korrik-2007\/#primaryimage","url":"https:\/\/lh3.googleusercontent.com\/-xc5F-1M4ask\/VIqpdrXE_aI\/AAAAAAAAGvo\/1262YTmqwDk\/w400-h300-no\/pic1.jpg","contentUrl":"https:\/\/lh3.googleusercontent.com\/-xc5F-1M4ask\/VIqpdrXE_aI\/AAAAAAAAGvo\/1262YTmqwDk\/w400-h300-no\/pic1.jpg"},{"@type":"BreadcrumbList","@id":"https:\/\/orthodoxalbania.org\/2020\/2007\/02\/26\/kampi-i-pare-i-vajzave-bariu-i-mire-ne-shen-joan-vladimir-perjetimi-i-gezimit-te-ngjalljes-se-krishtit-korrik-2007\/#breadcrumb","itemListElement":[{"@type":"ListItem","position":1,"name":"Home","item":"https:\/\/orthodoxalbania.org\/2020\/"},{"@type":"ListItem","position":2,"name":"Kampi i par\u00eb i vajzave &#8220;Bariu i Mir\u00eb&#8221; n\u00eb Sh\u00ebn Joan Vladimir P\u00ebrjetimi i g\u00ebzimit t\u00eb Ngjalljes s\u00eb Krishtit. (Korrik 2007)"}]},{"@type":"WebSite","@id":"https:\/\/orthodoxalbania.org\/2020\/#website","url":"https:\/\/orthodoxalbania.org\/2020\/","name":"Kisha Orthodh\u03bfkse Autoqefale e Shqip\u00ebris\u00eb","description":"Fqja Zyrtare e Kish\u00ebs Orthodhokse Autoqefale e Shqip\u00ebris\u00eb me lajmet edhe informacionet zyrtare p\u00ebr struktur\u00ebn edhe veprimtarin e saj.","publisher":{"@id":"https:\/\/orthodoxalbania.org\/2020\/#organization"},"potentialAction":[{"@type":"SearchAction","target":{"@type":"EntryPoint","urlTemplate":"https:\/\/orthodoxalbania.org\/2020\/?s={search_term_string}"},"query-input":{"@type":"PropertyValueSpecification","valueRequired":true,"valueName":"search_term_string"}}],"inLanguage":"en-US"},{"@type":"Organization","@id":"https:\/\/orthodoxalbania.org\/2020\/#organization","name":"Kisha Orthodhokse Autoqefale e Shqip\u00ebris\u00eb","url":"https:\/\/orthodoxalbania.org\/2020\/","logo":{"@type":"ImageObject","inLanguage":"en-US","@id":"https:\/\/orthodoxalbania.org\/2020\/#\/schema\/logo\/image\/","url":"https:\/\/orthodoxalbania.org\/2020\/wp-content\/uploads\/2020\/05\/albania.jpeg","contentUrl":"https:\/\/orthodoxalbania.org\/2020\/wp-content\/uploads\/2020\/05\/albania.jpeg","width":540,"height":540,"caption":"Kisha Orthodhokse Autoqefale e Shqip\u00ebris\u00eb"},"image":{"@id":"https:\/\/orthodoxalbania.org\/2020\/#\/schema\/logo\/image\/"},"sameAs":["https:\/\/www.facebook.com\/koash1991"]},{"@type":"Person","@id":"https:\/\/orthodoxalbania.org\/2020\/#\/schema\/person\/0c387634a7063ac612d7ed9ce71c7e86","name":"Kisha Orthodhokse","image":{"@type":"ImageObject","inLanguage":"en-US","@id":"https:\/\/secure.gravatar.com\/avatar\/596e7c417251e30f2fbb9c00e026fce61a695a00e51c889caded71c96cbbdde5?s=96&d=mm&r=g","url":"https:\/\/secure.gravatar.com\/avatar\/596e7c417251e30f2fbb9c00e026fce61a695a00e51c889caded71c96cbbdde5?s=96&d=mm&r=g","contentUrl":"https:\/\/secure.gravatar.com\/avatar\/596e7c417251e30f2fbb9c00e026fce61a695a00e51c889caded71c96cbbdde5?s=96&d=mm&r=g","caption":"Kisha Orthodhokse"}}]}},"_links":{"self":[{"href":"https:\/\/orthodoxalbania.org\/2020\/wp-json\/wp\/v2\/posts\/176","targetHints":{"allow":["GET"]}}],"collection":[{"href":"https:\/\/orthodoxalbania.org\/2020\/wp-json\/wp\/v2\/posts"}],"about":[{"href":"https:\/\/orthodoxalbania.org\/2020\/wp-json\/wp\/v2\/types\/post"}],"author":[{"embeddable":true,"href":"https:\/\/orthodoxalbania.org\/2020\/wp-json\/wp\/v2\/users\/1"}],"replies":[{"embeddable":true,"href":"https:\/\/orthodoxalbania.org\/2020\/wp-json\/wp\/v2\/comments?post=176"}],"version-history":[{"count":1,"href":"https:\/\/orthodoxalbania.org\/2020\/wp-json\/wp\/v2\/posts\/176\/revisions"}],"predecessor-version":[{"id":15786,"href":"https:\/\/orthodoxalbania.org\/2020\/wp-json\/wp\/v2\/posts\/176\/revisions\/15786"}],"wp:attachment":[{"href":"https:\/\/orthodoxalbania.org\/2020\/wp-json\/wp\/v2\/media?parent=176"}],"wp:term":[{"taxonomy":"category","embeddable":true,"href":"https:\/\/orthodoxalbania.org\/2020\/wp-json\/wp\/v2\/categories?post=176"},{"taxonomy":"post_tag","embeddable":true,"href":"https:\/\/orthodoxalbania.org\/2020\/wp-json\/wp\/v2\/tags?post=176"}],"curies":[{"name":"wp","href":"https:\/\/api.w.org\/{rel}","templated":true}]}}