{"id":175,"date":"2007-02-26T00:00:00","date_gmt":"2007-02-26T00:00:00","guid":{"rendered":""},"modified":"2020-04-06T22:35:51","modified_gmt":"2020-04-06T20:35:51","slug":"kampi-i-dyte-i-vajzave-bariu-i-mire-ne-shen-joan-vladimir-te-gjitha-se-bashku-me-gezimin-e-ngjalljes-gusht-2007","status":"publish","type":"post","link":"https:\/\/orthodoxalbania.org\/2020\/2007\/02\/26\/kampi-i-dyte-i-vajzave-bariu-i-mire-ne-shen-joan-vladimir-te-gjitha-se-bashku-me-gezimin-e-ngjalljes-gusht-2007\/","title":{"rendered":"Kampi i dyt\u00eb i vajzave &#8220;Bariu i Mir\u00eb&#8221; n\u00eb Sh\u00ebn Joan Vladimir T\u00eb gjitha s\u00eb bashku, me g\u00ebzimin e Ngjalljes. (Gusht 2007)"},"content":{"rendered":"<div style=\"text-align: justify;\"><span style=\"color: #000000; font-family: helvetica; font-size: 12pt;\">Periudha e kampit t\u00eb dyt\u00eb p\u00ebr vajza, organizuar edhe k\u00ebt\u00eb vit n\u00eb manastirin e Sh\u00ebn Joan Vladimirit, pran\u00eb qytetit t\u00eb Elbasanit, solli 67 vajza nga e gjith\u00eb Shqip\u00ebria n\u00eb datat 28 korrik deri n\u00eb 7 gusht.<\/span><\/div>\n<table id=\"AutoNumber3\" style=\"width: 649px; height: 4276px; margin-right: auto; margin-left: auto;\">\n<tbody>\n<tr>\n<td>\n<div dir=\"ltr\" style=\"text-align: justify;\"><span style=\"color: #000000; font-family: helvetica; font-size: 12pt;\">&nbsp;&nbsp;&nbsp; Ky \u00ebsht\u00eb nj\u00eb nga aktivitetet m\u00eb t\u00eb dashura p\u00ebr vajzat, t\u00eb cilat kan\u00eb nevoj\u00eb p\u00ebr shoq\u00ebri t\u00eb reja t\u00eb krishtera si edhe t\u00eb forcojn\u00eb komunikimin e tyre me Per\u00ebndin\u00eb, prandaj \u00e7do vit ambienti &nbsp;i manastirit kthehet n\u00eb sht\u00ebpi mikprit\u00ebse p\u00ebr k\u00ebto vajza.<\/span><\/div>\n<\/td>\n<td>\n<div><span style=\"color: #000000; font-family: helvetica; font-size: 12pt;\"><img decoding=\"async\" class=\"lazyload HAa Eha\" style=\"border-width: 1px; border-style: solid; margin: 10px auto; display: block;\" alt=\"\" src=\"data:image\/svg+xml,%3Csvg%20xmlns%3D%27http%3A%2F%2Fwww.w3.org%2F2000%2Fsvg%27%20width%3D%27297%27%20height%3D%27223%27%20viewBox%3D%270%200%20297%20223%27%3E%3Crect%20width%3D%27297%27%20height%3D%27223%27%20fill-opacity%3D%220%22%2F%3E%3C%2Fsvg%3E\" data-orig-src=\"https:\/\/lh5.googleusercontent.com\/-ZizjWGfLB8A\/VIqcvxQhl7I\/AAAAAAAAGoU\/xCJjuOYL_FQ\/w400-h300-no\/pic1.jpg\" height=\"223\" width=\"297\" \/><\/span><\/div>\n<\/td>\n<\/tr>\n<tr>\n<td>\n<div><span style=\"color: #000000; font-family: helvetica; font-size: 12pt;\"><img decoding=\"async\" class=\"lazyload HAa Eha\" style=\"border-width: 1px; border-style: solid; margin: 10px auto; display: block;\" alt=\"\" src=\"data:image\/svg+xml,%3Csvg%20xmlns%3D%27http%3A%2F%2Fwww.w3.org%2F2000%2Fsvg%27%20width%3D%27312%27%20height%3D%27220%27%20viewBox%3D%270%200%20312%20220%27%3E%3Crect%20width%3D%27312%27%20height%3D%27220%27%20fill-opacity%3D%220%22%2F%3E%3C%2Fsvg%3E\" data-orig-src=\"https:\/\/lh4.googleusercontent.com\/-wizTNdr3yuY\/VIqcwxSTNFI\/AAAAAAAAGnU\/DiSylJQzv1U\/w400-h282-no\/pic3.1.jpg\" height=\"220\" width=\"312\" \/><\/span><\/div>\n<\/td>\n<td>\n<div style=\"text-align: justify;\"><span style=\"color: #000000; font-family: helvetica; font-size: 12pt;\">&nbsp;&nbsp;&nbsp; Prej m\u00eb tep\u00ebr se 8 vitesh, ambientet e manastirit jan\u00eb rregulluar m\u00eb s\u00eb miri, duke i ofruar \u00e7do kampisteje kushte shum\u00eb t\u00eb mira q\u00ebndrimi, ushqimi, arg\u00ebtimi dhe qet\u00ebsie, t\u00eb gjitha k\u00ebto n\u00ebn kujdesin e ve\u00e7ant\u00eb t\u00eb Fortlumturis\u00eb s\u00eb Tij Kryepiskopit Anastas.<\/span><\/div>\n<\/td>\n<\/tr>\n<tr>\n<td colspan=\"2\">\n<div style=\"text-align: justify;\"><span style=\"color: #000000; font-family: helvetica; font-size: 12pt;\">&nbsp;&nbsp;&nbsp; Tema kryesore e kampit p\u00ebr k\u00ebt\u00eb vit ishte: <strong><em>\u201cKrishti u ngjall, g\u00ebzimi im!\u201d<\/em><\/strong>. Stafi organizues &nbsp;i k\u00ebtij aktiviteti u p\u00ebrpoq q\u00eb me pun\u00ebn e tyre parap\u00ebrgatitore t\u00eb jepnin tek t\u00eb gjitha kampistet mesazhin shum\u00eb dometh\u00ebn\u00ebs t\u00eb k\u00ebsaj shprehjeje.<\/span><\/div>\n<\/td>\n<\/tr>\n<tr>\n<td>\n<div style=\"text-align: justify;\"><span style=\"color: #000000; font-family: helvetica; font-size: 12pt;\">&nbsp; &nbsp; Programi ishte i ndar\u00eb n\u00eb shpirt\u00ebror dhe arg\u00ebtues. U formuan 8 grupe me vajza, p\u00ebrkat\u00ebsisht me emrat e Fryteve t\u00eb Shpirtit t\u00eb Shenjt\u00eb. Vajzat drejtuese t\u00eb grupeve dhe ato p\u00ebrgjegj\u00ebse p\u00ebr aktivitetet e ve\u00e7anta ishin studente t\u00eb diplomuara dhe aktualisht studente t\u00eb Akademis\u00eb Teologjike \u201cNgjallja e Krishtit\u201d.<\/span><\/div>\n<\/td>\n<td>\n<div style=\"text-align: justify;\"><span style=\"font-family: helvetica; font-size: 12pt;\"><\/span><\/div>\n<p><span style=\"color: #000000; font-family: helvetica; font-size: 12pt;\"><img decoding=\"async\" class=\"lazyload HAa Eha\" style=\"border-width: 1px; border-style: solid; margin: 10px auto; display: block;\" alt=\"\" src=\"data:image\/svg+xml,%3Csvg%20xmlns%3D%27http%3A%2F%2Fwww.w3.org%2F2000%2Fsvg%27%20width%3D%27286%27%20height%3D%27215%27%20viewBox%3D%270%200%20286%20215%27%3E%3Crect%20width%3D%27286%27%20height%3D%27215%27%20fill-opacity%3D%220%22%2F%3E%3C%2Fsvg%3E\" data-orig-src=\"https:\/\/lh5.googleusercontent.com\/-CIrRxpB6rc8\/VIqcxP5gvxI\/AAAAAAAAGoI\/aEGb3ENTo5M\/w400-h300-no\/pic3.jpg\" height=\"215\" width=\"286\" \/><\/span><\/p>\n<\/td>\n<\/tr>\n<tr>\n<td>\n<div><span style=\"color: #000000; font-family: helvetica; font-size: 12pt;\"><img decoding=\"async\" class=\"lazyload HAa Eha\" style=\"border-width: 1px; border-style: solid; margin: 10px auto; display: block;\" alt=\"\" src=\"data:image\/svg+xml,%3Csvg%20xmlns%3D%27http%3A%2F%2Fwww.w3.org%2F2000%2Fsvg%27%20width%3D%27309%27%20height%3D%27232%27%20viewBox%3D%270%200%20309%20232%27%3E%3Crect%20width%3D%27309%27%20height%3D%27232%27%20fill-opacity%3D%220%22%2F%3E%3C%2Fsvg%3E\" data-orig-src=\"https:\/\/lh3.googleusercontent.com\/-_4Qg4BZ_XI8\/VIqcxVMx71I\/AAAAAAAAGoE\/__MG1X6Jbsg\/w400-h300-no\/pic4.jpg\" height=\"232\" width=\"309\" \/><\/span><\/div>\n<\/td>\n<td>\n<div style=\"text-align: justify;\"><span style=\"color: #000000; font-family: helvetica; font-size: 12pt;\">&nbsp;&nbsp;&nbsp;&nbsp;P\u00ebr drejtimin e pun\u00ebve, ndihmes\u00eb u dha edhe nga vajza t\u00eb Qytetit Studenti n\u00eb Tiran\u00eb, si edhe t\u00eb rinis\u00eb s\u00eb Kish\u00ebs s\u00eb Kavaj\u00ebs. Dita fillonte me lutje drejtuar Per\u00ebndis\u00eb, ku vajzat mblidheshin t\u00eb gjitha n\u00eb kish\u00eb p\u00ebr sh\u00ebrbes\u00ebn e m\u00ebngjesores. Vajzat pat\u00ebn mund\u00ebsin\u00eb t\u00eb m\u00ebsojn\u00eb Kanonin e Pashk\u00ebs dhe shum\u00eb lutje t\u00eb tjera t\u00eb Kish\u00ebs Orthodhokse.<\/span><\/div>\n<\/td>\n<\/tr>\n<tr>\n<td>\n<div style=\"text-align: justify;\"><span style=\"color: #000000; font-family: helvetica; font-size: 12pt;\">&nbsp;&nbsp;&nbsp; Gjat\u00eb Sh\u00ebrbes\u00ebs s\u00eb M\u00ebngjesit, nj\u00eb nga drejtueset e grupeve prezantonte p\u00ebr t\u00eb gjitha vajzat nj\u00eb material shpirt\u00ebror p\u00ebrgatitur rreth tem\u00ebs s\u00eb apostullit ose ungjillit t\u00eb asaj dite. Sh\u00ebrbesa pasonte me koh\u00ebn e qet\u00eb rreth 15 minuta dhe m\u00eb pas me m\u00ebngjesin dhe pastrimin rreth kampit. Studimet biblike ishin shum\u00eb t\u00eb r\u00ebnd\u00ebsishme p\u00ebr ngritjen shpirt\u00ebrore t\u00eb vajzave kampiste.<\/span><\/div>\n<\/td>\n<td>\n<div><span style=\"color: #000000; font-family: helvetica; font-size: 12pt;\"><img decoding=\"async\" class=\"lazyload HAa Eha\" style=\"border-width: 1px; border-style: solid; margin: 10px auto; display: block;\" alt=\"\" src=\"data:image\/svg+xml,%3Csvg%20xmlns%3D%27http%3A%2F%2Fwww.w3.org%2F2000%2Fsvg%27%20width%3D%27301%27%20height%3D%27226%27%20viewBox%3D%270%200%20301%20226%27%3E%3Crect%20width%3D%27301%27%20height%3D%27226%27%20fill-opacity%3D%220%22%2F%3E%3C%2Fsvg%3E\" data-orig-src=\"https:\/\/lh4.googleusercontent.com\/-R8-FY0MEl3c\/VIqcxtKxOTI\/AAAAAAAAGoA\/2PUxWD5Cmjs\/w400-h300-no\/pic5.jpg\" height=\"226\" width=\"301\" \/><\/span><\/div>\n<\/td>\n<\/tr>\n<tr>\n<td>\n<div><span style=\"color: #000000; font-family: helvetica; font-size: 12pt;\"><img decoding=\"async\" class=\"lazyload HAa Eha\" style=\"border-width: 1px; border-style: solid; margin: 10px auto; display: block;\" alt=\"\" src=\"data:image\/svg+xml,%3Csvg%20xmlns%3D%27http%3A%2F%2Fwww.w3.org%2F2000%2Fsvg%27%20width%3D%27327%27%20height%3D%27245%27%20viewBox%3D%270%200%20327%20245%27%3E%3Crect%20width%3D%27327%27%20height%3D%27245%27%20fill-opacity%3D%220%22%2F%3E%3C%2Fsvg%3E\" data-orig-src=\"https:\/\/lh5.googleusercontent.com\/-XSZQ_7huhbc\/VIqcyLywtqI\/AAAAAAAAGn8\/AJ1P642FAVc\/w400-h300-no\/pic6.jpg\" height=\"245\" width=\"327\" \/><\/span><\/div>\n<\/td>\n<td>\n<div style=\"text-align: justify;\"><span style=\"color: #000000; font-family: helvetica; font-size: 12pt;\">&nbsp;&nbsp;&nbsp; Temat e zgjedhura p\u00ebr k\u00ebt\u00eb vit ishin mbi Kish\u00ebn, Misteret, Lutjen, Adhurimin etj. Atmosfer\u00eb t\u00eb ve\u00e7ant\u00eb soll\u00ebn n\u00eb kamp edhe referuesit, t\u00eb cil\u00ebt pat\u00ebn mund\u00ebsin\u00eb t\u00eb ndanin me vajzat mendimet, idet\u00eb dhe p\u00ebrjetimet e tyre mbi temat si <em>Ngjallja e Krishtit, P\u00ebrmes kryqit vjen g\u00ebzimi, Si jetojm\u00eb me g\u00ebzimin e Ngjalljes \u00e7do dit\u00eb, Himnologjia e Ngjalljes, si dhe Krishti u ngjall, g\u00ebzimi im!<\/em><\/span><\/div>\n<\/td>\n<\/tr>\n<tr>\n<td>\n<div style=\"text-align: justify;\"><span style=\"color: #000000; font-family: helvetica; font-size: 12pt;\">&nbsp;&nbsp;&nbsp; Referuesit me referatet e tyre ndihmuan n\u00eb kuptimin dhe p\u00ebrjetimin e tem\u00ebs kryesore t\u00eb kampit. Shum\u00eb vajza pat\u00ebn mund\u00ebsi t\u00eb merrnin pjes\u00eb n\u00eb misterin e shenjt\u00eb t\u00eb Rr\u00ebfimit, kryer nga at\u00eb Jani Trebicka. Nd\u00ebrkoh\u00eb q\u00eb n\u00eb dit\u00ebt e fundit t\u00eb kampit, 7 vajza vendos\u00ebn t\u00eb b\u00ebheshin an\u00ebtaret m\u00eb t\u00eb reja t\u00eb Kish\u00ebs Orthodhokse, duke u pag\u00ebzuar n\u00eb em\u00ebr t\u00eb Atit, t\u00eb Birit dhe Shpirtit t\u00eb Shenjt\u00eb.<\/span><\/div>\n<\/td>\n<td>\n<div style=\"text-align: justify;\"><span style=\"font-family: helvetica; font-size: 12pt;\"><\/span><\/div>\n<p><span style=\"color: #000000; font-family: helvetica; font-size: 12pt;\"><img decoding=\"async\" class=\"lazyload HAa Eha\" style=\"border-width: 1px; border-style: solid; margin: 10px auto; display: block;\" alt=\"\" src=\"data:image\/svg+xml,%3Csvg%20xmlns%3D%27http%3A%2F%2Fwww.w3.org%2F2000%2Fsvg%27%20width%3D%27274%27%20height%3D%27194%27%20viewBox%3D%270%200%20274%20194%27%3E%3Crect%20width%3D%27274%27%20height%3D%27194%27%20fill-opacity%3D%220%22%2F%3E%3C%2Fsvg%3E\" data-orig-src=\"https:\/\/lh6.googleusercontent.com\/-GaEBJ_zAFQc\/VIqcyI7Xg8I\/AAAAAAAAGn4\/VlfBEzgL6-8\/w400-h283-no\/pic7.jpg\" height=\"194\" width=\"274\" \/><\/span><\/p>\n<\/td>\n<\/tr>\n<tr>\n<td>\n<div dir=\"ltr\"><span style=\"color: #000000; font-family: helvetica; font-size: 12pt;\"><img decoding=\"async\" class=\"lazyload HAa Eha\" style=\"border-width: 1px; border-style: solid; margin: 10px auto; display: block;\" alt=\"\" src=\"data:image\/svg+xml,%3Csvg%20xmlns%3D%27http%3A%2F%2Fwww.w3.org%2F2000%2Fsvg%27%20width%3D%27289%27%20height%3D%27217%27%20viewBox%3D%270%200%20289%20217%27%3E%3Crect%20width%3D%27289%27%20height%3D%27217%27%20fill-opacity%3D%220%22%2F%3E%3C%2Fsvg%3E\" data-orig-src=\"https:\/\/lh5.googleusercontent.com\/--heoip5AwJI\/VIqcyTXzvmI\/AAAAAAAAGnw\/WHQDDmHNWTI\/w400-h300-no\/pic8.jpg\" height=\"217\" width=\"289\" \/><\/span><\/div>\n<\/td>\n<td>\n<div style=\"text-align: justify;\"><span style=\"color: #000000; font-family: helvetica; font-size: 12pt;\">&nbsp;&nbsp;&nbsp; Gjat\u00eb periudh\u00ebs s\u00eb kampit vajzat mor\u00ebn pjes\u00eb n\u00eb kat\u00ebr Liturgji Hyjnore, duke m\u00ebsuar k\u00ebshtu m\u00eb tep\u00ebr mbi r\u00ebnd\u00ebsin\u00eb dhe m\u00ebnyr\u00ebn se si b\u00ebhej dhe se si duhej t\u00eb p\u00ebrjetohej kjo sh\u00ebrbes\u00eb. T\u00eb gjitha sh\u00ebrbesat fetare u kryen nga prifti i kampit, at\u00eb Viktor B\u00ebrdufi. Gjithashtu u organizua edhe nj\u00eb konkurs mbi njohurit\u00eb e p\u00ebrgjithshme rreth besimit ton\u00eb orthodhoks, si edhe mbi materialin e prezantuar n\u00eb referate dhe studime biblike.<\/span><\/div>\n<\/td>\n<\/tr>\n<tr>\n<td>\n<div style=\"text-align: justify;\"><span style=\"color: #000000; font-family: helvetica; font-size: 12pt;\">&nbsp;&nbsp;&nbsp; Dit\u00ebn e fundit t\u00eb kampit u shp\u00ebrndan\u00eb \u00e7mimet p\u00ebr grupet fituese t\u00eb loj\u00ebs s\u00eb volejbollit dhe t\u00eb konkursit biblik. Prezantimit t\u00eb Akademis\u00eb iu dedikua nj\u00eb pasdite e ve\u00e7ant\u00eb. Vajzat studente ndan\u00eb me t\u00eb gjitha vajzat e kampit me d\u00ebshmin\u00eb e tyre p\u00ebrjetimet dhe jet\u00ebn e tyre n\u00eb Akademi.<\/span><\/div>\n<\/td>\n<td>\n<div><span style=\"color: #000000; font-family: helvetica; font-size: 12pt;\"><img decoding=\"async\" class=\"lazyload HAa Eha\" style=\"border-width: 1px; border-style: solid; margin: 10px auto; display: block;\" alt=\"\" src=\"data:image\/svg+xml,%3Csvg%20xmlns%3D%27http%3A%2F%2Fwww.w3.org%2F2000%2Fsvg%27%20width%3D%27295%27%20height%3D%27222%27%20viewBox%3D%270%200%20295%20222%27%3E%3Crect%20width%3D%27295%27%20height%3D%27222%27%20fill-opacity%3D%220%22%2F%3E%3C%2Fsvg%3E\" data-orig-src=\"https:\/\/lh6.googleusercontent.com\/-Wpz2U2ecIwo\/VIqcy8UuIEI\/AAAAAAAAGn0\/uEzjo6LB0U4\/w400-h300-no\/pic9.jpg\" height=\"222\" width=\"295\" \/><\/span><\/div>\n<\/td>\n<\/tr>\n<tr>\n<td>\n<div style=\"text-align: justify;\"><span style=\"font-family: helvetica; font-size: 12pt;\"><\/span><\/div>\n<p><span style=\"color: #000000; font-family: helvetica; font-size: 12pt;\"><img decoding=\"async\" class=\"lazyload HAa Eha\" style=\"border-width: 1px; border-style: solid; margin: 10px auto; display: block;\" alt=\"\" src=\"data:image\/svg+xml,%3Csvg%20xmlns%3D%27http%3A%2F%2Fwww.w3.org%2F2000%2Fsvg%27%20width%3D%27317%27%20height%3D%27238%27%20viewBox%3D%270%200%20317%20238%27%3E%3Crect%20width%3D%27317%27%20height%3D%27238%27%20fill-opacity%3D%220%22%2F%3E%3C%2Fsvg%3E\" data-orig-src=\"https:\/\/lh3.googleusercontent.com\/-sNi735qCSeA\/VIqcv7KJPYI\/AAAAAAAAGoY\/ps7q8Nbje9M\/w400-h300-no\/pic10.jpg\" height=\"238\" width=\"317\" \/><\/span><\/p>\n<\/td>\n<td>\n<div style=\"text-align: justify;\"><span style=\"color: #000000; font-family: helvetica; font-size: 12pt;\">&nbsp;&nbsp;&nbsp; Festa e 2 gushtit, 15 vjetori i Fron\u00ebzimit t\u00eb Kryepiskopit Anastas ishte nj\u00eb nga dit\u00ebt m\u00eb t\u00eb ve\u00e7anta p\u00ebr shumic\u00ebn e vajzave, mendime k\u00ebto t\u00eb shprehura n\u00eb vler\u00ebsimet e fundit. Shum\u00eb nga to merrnin pjes\u00eb p\u00ebr her\u00eb t\u00eb par\u00eb n\u00eb nj\u00eb Liturgji Sinodike, si edhe takuan nga af\u00ebr Fortlumturin\u00eb e Tij, Kryepiskopin Anastas. Fotoja me t\u00eb do t\u00eb jet\u00eb p\u00ebr t\u00eb gjitha vajzat kujtimi m\u00eb i bukur i k\u00ebtyre dit\u00ebve.<\/span><\/div>\n<\/td>\n<\/tr>\n<tr>\n<td>\n<div style=\"text-align: justify;\"><span style=\"color: #000000; font-family: helvetica; font-size: 12pt;\">&nbsp;&nbsp;&nbsp; Programi arg\u00ebtues kishte nj\u00eb larmishm\u00ebri aktivitetesh, ku vlen t\u00eb p\u00ebrmenden loja e motr\u00ebs misterioze, loj\u00eb kjo shum\u00eb e dashur p\u00ebr t\u00eb gjitha vajzat kampiste dhe drejtuese, kampionati i volejbollit, projekti i pun\u00ebs s\u00eb dor\u00ebs, q\u00eb p\u00ebr k\u00ebt\u00eb vit ishte punimi me shtiza i nj\u00eb \u00e7ante, p\u00ebrgatitja nga ana e grupeve, t\u00eb k\u00ebng\u00ebve, ske\u00e7eve ose pjes\u00ebve t\u00eb tjera artistike dhe prezantimi i tyre gjat\u00eb programit t\u00eb mbr\u00ebmjes p\u00ebr t\u00eb gjith\u00eb kampin.<\/span><\/div>\n<\/td>\n<td>\n<div><span style=\"color: #000000; font-family: helvetica; font-size: 12pt;\"><img decoding=\"async\" class=\"lazyload HAa Eha\" style=\"border-width: 1px; border-style: solid; margin: 10px auto; display: block;\" alt=\"\" src=\"data:image\/svg+xml,%3Csvg%20xmlns%3D%27http%3A%2F%2Fwww.w3.org%2F2000%2Fsvg%27%20width%3D%27295%27%20height%3D%27222%27%20viewBox%3D%270%200%20295%20222%27%3E%3Crect%20width%3D%27295%27%20height%3D%27222%27%20fill-opacity%3D%220%22%2F%3E%3C%2Fsvg%3E\" data-orig-src=\"https:\/\/lh4.googleusercontent.com\/-PRqcq4M2VWo\/VIqcwEpLKKI\/AAAAAAAAGog\/UxbGLyL96XM\/w400-h300-no\/pic11.jpg\" height=\"222\" width=\"295\" \/><\/span><\/div>\n<\/td>\n<\/tr>\n<tr>\n<td>\n<div><span style=\"color: #000000; font-family: helvetica; font-size: 12pt;\"><img decoding=\"async\" class=\"lazyload HAa Eha\" style=\"border-width: 1px; border-style: solid; margin: 10px auto; display: block;\" alt=\"\" src=\"data:image\/svg+xml,%3Csvg%20xmlns%3D%27http%3A%2F%2Fwww.w3.org%2F2000%2Fsvg%27%20width%3D%27312%27%20height%3D%27234%27%20viewBox%3D%270%200%20312%20234%27%3E%3Crect%20width%3D%27312%27%20height%3D%27234%27%20fill-opacity%3D%220%22%2F%3E%3C%2Fsvg%3E\" data-orig-src=\"https:\/\/lh3.googleusercontent.com\/-4ShQbQdcaHA\/VIqcwbITxGI\/AAAAAAAAGoQ\/QRJH5AKKb4E\/w400-h300-no\/pic12.jpg\" height=\"234\" width=\"312\" \/><\/span><\/div>\n<\/td>\n<td>\n<div style=\"text-align: justify;\"><span style=\"color: #000000; font-family: helvetica; font-size: 12pt;\">&nbsp;&nbsp;&nbsp; Ndryshe nga vitet e tjera, k\u00ebt\u00eb vit u mendua t\u00eb organizohej nj\u00eb nat\u00eb shqiptare, e cila konsistonte n\u00eb paraqitjen e materialeve nga vet\u00eb vajzat pjes\u00ebmarr\u00ebse, t\u00eb qyteteve nga ato vinin. Me k\u00ebt\u00eb organizim u arrit edhe forcimi i njohjes me nj\u00ebra &#8211; tjetr\u00ebn i vajzave t\u00eb cilat vinin nga i nj\u00ebjti qytet ose mitropoli. P\u00ebrve\u00e7 informacionit karakteristik mbi qytetin e tyre, ato prezantuan edhe aktivitetet e jet\u00ebs fetare t\u00eb atij grupi. P\u00ebrsh\u00ebndetjet me k\u00ebng\u00eb dhe valle tradicionale t\u00eb qyteteve ia shtuan edhe m\u00eb tep\u00ebr bukurin\u00eb k\u00ebsaj mbr\u00ebmjeje.<\/span><\/div>\n<\/td>\n<\/tr>\n<tr>\n<td>\n<div style=\"text-align: justify;\"><span style=\"color: #000000; font-family: helvetica; font-size: 12pt;\">&nbsp;&nbsp;&nbsp; Nj\u00eb pasdite u organizua sh\u00ebtitje n\u00eb mal. P\u00ebr shum\u00eb vajza kjo ishte nj\u00eb eksperienc\u00eb e panjohur dhe n\u00eb t\u00eb nj\u00ebjt\u00ebn koh\u00eb shum\u00eb e ve\u00e7ant\u00eb. T\u00eb s\u00eb nj\u00ebjt\u00ebs r\u00ebnd\u00ebsi ishin bisedat n\u00eb grup dhe loj\u00ebrat, q\u00eb kryheshin gjat\u00eb dit\u00ebs n\u00eb sall\u00ebn e p\u00ebrgatitur posa\u00e7\u00ebrisht p\u00ebr k\u00ebt\u00eb aktivitet. Gjat\u00eb periudh\u00ebs s\u00eb kampit, vajzat pat\u00ebn mund\u00ebsin\u00eb t\u00eb d\u00ebgjonin leksione mbi <em>Ndihm\u00ebn e Par\u00eb<\/em> dhe mbi <em>tema t\u00eb<\/em> <em>ndryshme sociale<\/em> nga dy pjes\u00ebtare t\u00eb stafit t\u00eb zyr\u00ebs \u201cDiakonia Agapes\u201d (Sh\u00ebrbimi i Dashuris\u00eb), zyr\u00eb kjo, e cila q\u00eb prej tre vjet\u00ebsh ofron sh\u00ebrbimin e saj edhe p\u00ebr vajzat e kampit \u201cBariu i Mir\u00eb\u201d n\u00eb Sh\u00ebn Joan Vladimir.<\/span><\/div>\n<\/td>\n<td>\n<div><span style=\"color: #000000; font-family: helvetica; font-size: 12pt;\"><img decoding=\"async\" class=\"lazyload HAa Eha\" style=\"border-width: 1px; border-style: solid; margin: 10px auto; display: block;\" alt=\"\" src=\"data:image\/svg+xml,%3Csvg%20xmlns%3D%27http%3A%2F%2Fwww.w3.org%2F2000%2Fsvg%27%20width%3D%27291%27%20height%3D%27219%27%20viewBox%3D%270%200%20291%20219%27%3E%3Crect%20width%3D%27291%27%20height%3D%27219%27%20fill-opacity%3D%220%22%2F%3E%3C%2Fsvg%3E\" data-orig-src=\"https:\/\/lh6.googleusercontent.com\/-EFWPZEQ4UbI\/VIqcwvelkDI\/AAAAAAAAGoM\/2u0F19yEZz0\/w400-h300-no\/pic13.jpg\" height=\"219\" width=\"291\" \/><\/span><\/div>\n<\/td>\n<\/tr>\n<tr>\n<td colspan=\"2\">\n<div style=\"text-align: justify;\"><span style=\"color: #000000; font-family: helvetica; font-size: 12pt;\">&nbsp;&nbsp;&nbsp; Gjat\u00eb q\u00ebndrimit n\u00eb kamp, t\u00eb gjitha vajzat u p\u00ebrpoq\u00ebn t\u00eb njihnin sa m\u00eb tep\u00ebr shoqe dhe t\u00eb krijonin k\u00ebshtu nj\u00eb shoq\u00ebri t\u00eb mir\u00eb t\u00eb krishter\u00eb, e cila do t\u00eb vazhdonte edhe pas p\u00ebrfundimit t\u00eb kampit. Opinionet mbi kampin dhe organizimin e tij, vajzat pat\u00ebn mund\u00ebsin\u00eb t\u2019i p\u00ebrcillnin edhe p\u00ebr moshatar\u00ebt e tyre kudo n\u00eb Shqip\u00ebri, n\u00ebp\u00ebrmjet korrespondent\u00ebve t\u00eb Radios \u201cNgjallja\u201d, t\u00eb cil\u00ebt p\u00ebrgatit\u00ebn n\u00eb vazhdim edhe nj\u00eb emision mbi k\u00ebt\u00eb aktivitet.<\/span><\/div>\n<\/td>\n<\/tr>\n<\/tbody>\n<\/table>\n<div style=\"text-align: justify;\"><span style=\"font-family: helvetica; font-size: 12pt;\"><\/span><\/div>\n<div style=\"text-align: justify;\"><span style=\"color: #000000; font-family: helvetica; font-size: 12pt;\">&nbsp;&nbsp;&nbsp; Aktivitete shtes\u00eb gjat\u00eb q\u00ebndrimit n\u00eb kamp ishte edhe m\u00ebsimi q\u00eb prift\u00ebresha Julita Sharko dhe nj\u00ebkoh\u00ebsisht kuzhinierja e kampit dha p\u00ebr t\u00eb gjitha vajzat mbi m\u00ebnyr\u00ebn e gatimit t\u00eb buk\u00ebs s\u00eb mesh\u00ebs. Pati shum\u00eb interes p\u00ebr shum\u00eb vajza, disa prej t\u00eb cilave mor\u00ebn kuraj\u00ebn t\u00eb gatuanin vet\u00eb buk\u00ebn e mesh\u00ebs p\u00ebr liturgjit\u00eb q\u00eb do t\u00eb zhvilloheshin n\u00eb kamp. Me shum\u00eb interes u pan\u00eb nga vajzat edhe m\u00ebsimi i b\u00ebrjes s\u00eb kryqit me rruaza dhe i komboskinit.<\/span><\/div>\n<div style=\"text-align: justify;\"><span style=\"font-family: helvetica; font-size: 12pt;\"><\/span><\/div>\n<div style=\"text-align: justify;\"><span style=\"color: #000000; font-family: helvetica; font-size: 12pt;\">&nbsp;&nbsp;&nbsp; T\u00eb gjitha vajzat pat\u00ebn mund\u00ebsin\u00eb t\u00eb pajiseshin me dosjen e tyre me shum\u00eb materiale t\u00eb dobishme p\u00ebr jet\u00ebn e tyre shpirt\u00ebrore, duke p\u00ebrmendur k\u00ebtu broshur\u00ebn me Kanonin e Pashk\u00ebs, librin me autor Fortlumturin\u00eb e Tij Kryepiskopin Anastas \u201cTani t\u00eb gjitha u mbush\u00ebn me drit\u00eb &#8230; \u201d me t\u00eb gjitha mesazhet e Pashk\u00ebs drejtuar besimtar\u00ebve orthodhoks\u00eb gjat\u00eb k\u00ebtyre 15 vjet\u00ebve, botimin \u201cJet\u00eb shenjtor\u00ebsh\u201d nr. 4, si edhe shum\u00eb mesazhe t\u00eb tjera shpirt\u00ebrore. D\u00ebshira e t\u00eb gjitha vajzave, t\u00eb cilat u larguan t\u00eb p\u00ebrlotura nga kampi dhe shoqet e tyre t\u00eb reja ishte: <em>M\u00eb tep\u00ebr dit\u00eb kampi! <\/em><\/span><\/div>\n<div style=\"text-align: justify;\"><span style=\"font-family: helvetica; font-size: 12pt;\"><\/span><\/div>\n<div style=\"text-align: justify;\"><span style=\"color: #000000; font-family: helvetica; font-size: 12pt;\">&nbsp;&nbsp;&nbsp; Duke fal\u00ebnderuar stafin organizues t\u00eb k\u00ebtij aktiviteti dhe t\u00eb gjith\u00eb ato q\u00eb ndihmuan gjat\u00eb gjith\u00eb k\u00ebsaj periudhe, shpresojm\u00eb t\u00eb kemi edhe vitin tjet\u00ebr po k\u00ebt\u00eb gjall\u00ebri dhe atmosfer\u00eb, pse jo <em>edhe<\/em> <em>me m\u00eb tep\u00ebr dit\u00eb kampi!<\/em><\/span><\/div>\n<div style=\"text-align: justify;\"><span style=\"font-family: helvetica; font-size: 12pt;\"><\/span><\/div>\n<div style=\"text-align: justify;\"><span style=\"font-family: helvetica; font-size: 12pt;\"><\/span><\/div>\n<div style=\"text-align: justify;\"><span style=\"color: #000000; font-family: helvetica; font-size: 12pt;\"><strong>Krishti u ngjall, g\u00ebzimi im!<\/strong><\/span><\/div>\n<div style=\"text-align: justify;\"><span style=\"font-family: helvetica; font-size: 12pt;\"><\/span><\/div>\n<div style=\"text-align: justify;\"><span style=\"color: #000000; font-family: helvetica; font-size: 12pt;\"><strong>Sonila Dedja<\/strong><\/span><\/div>\n","protected":false},"excerpt":{"rendered":"<p>Periudha e kampit t\u00eb dyt\u00eb p\u00ebr vajza, organizuar edhe k\u00ebt\u00eb vit n\u00eb manastirin e Sh\u00ebn Joan Vladimirit, pran\u00eb qytetit t\u00eb Elbasanit, solli 67 vajza nga e gjith\u00eb Shqip\u00ebria n\u00eb datat 28 korrik deri n\u00eb 7 gusht. &nbsp;&nbsp;&nbsp; Ky \u00ebsht\u00eb nj\u00eb nga aktivitetet m\u00eb t\u00eb dashura p\u00ebr vajzat, t\u00eb cilat kan\u00eb nevoj\u00eb p\u00ebr shoq\u00ebri t\u00eb reja t\u00eb krishtera si edhe t\u00eb forcojn\u00eb komunikimin e tyre me<\/p>\n","protected":false},"author":1,"featured_media":0,"comment_status":"open","ping_status":"open","sticky":false,"template":"","format":"standard","meta":{"_acf_changed":false,"pagelayer_contact_templates":[],"_pagelayer_content":"","inline_featured_image":false,"fifu_image_url":"","fifu_image_alt":"","footnotes":""},"categories":[108],"tags":[147,200,196,212,176],"class_list":["post-175","post","type-post","status-publish","format-standard","hentry","category-lajme","tag-147","tag-kampe-verore","tag-tirane","tag-lajme-d27","tag-rinia-orthodhokse"],"acf":[],"yoast_head":"<!-- This site is optimized with the Yoast SEO plugin v27.2 - https:\/\/yoast.com\/product\/yoast-seo-wordpress\/ -->\n<title>Kampi i dyt\u00eb i vajzave &quot;Bariu i Mir\u00eb&quot; n\u00eb Sh\u00ebn Joan Vladimir T\u00eb gjitha s\u00eb bashku, me g\u00ebzimin e Ngjalljes. (Gusht 2007) - Kisha Orthodh\u03bfkse Autoqefale e Shqip\u00ebris\u00eb<\/title>\n<meta name=\"robots\" content=\"index, follow, max-snippet:-1, max-image-preview:large, max-video-preview:-1\" \/>\n<link rel=\"canonical\" href=\"https:\/\/orthodoxalbania.org\/2020\/2007\/02\/26\/kampi-i-dyte-i-vajzave-bariu-i-mire-ne-shen-joan-vladimir-te-gjitha-se-bashku-me-gezimin-e-ngjalljes-gusht-2007\/\" \/>\n<meta property=\"og:locale\" content=\"en_US\" \/>\n<meta property=\"og:type\" content=\"article\" \/>\n<meta property=\"og:title\" content=\"Kampi i dyt\u00eb i vajzave &quot;Bariu i Mir\u00eb&quot; n\u00eb Sh\u00ebn Joan Vladimir T\u00eb gjitha s\u00eb bashku, me g\u00ebzimin e Ngjalljes. (Gusht 2007) - Kisha Orthodh\u03bfkse Autoqefale e Shqip\u00ebris\u00eb\" \/>\n<meta property=\"og:description\" content=\"Periudha e kampit t\u00eb dyt\u00eb p\u00ebr vajza, organizuar edhe k\u00ebt\u00eb vit n\u00eb manastirin e Sh\u00ebn Joan Vladimirit, pran\u00eb qytetit t\u00eb Elbasanit, solli 67 vajza nga e gjith\u00eb Shqip\u00ebria n\u00eb datat 28 korrik deri n\u00eb 7 gusht. &nbsp;&nbsp;&nbsp; Ky \u00ebsht\u00eb nj\u00eb nga aktivitetet m\u00eb t\u00eb dashura p\u00ebr vajzat, t\u00eb cilat kan\u00eb nevoj\u00eb p\u00ebr shoq\u00ebri t\u00eb reja t\u00eb krishtera si edhe t\u00eb forcojn\u00eb komunikimin e tyre me\" \/>\n<meta property=\"og:url\" content=\"https:\/\/orthodoxalbania.org\/2020\/2007\/02\/26\/kampi-i-dyte-i-vajzave-bariu-i-mire-ne-shen-joan-vladimir-te-gjitha-se-bashku-me-gezimin-e-ngjalljes-gusht-2007\/\" \/>\n<meta property=\"og:site_name\" content=\"Kisha Orthodh\u03bfkse Autoqefale e Shqip\u00ebris\u00eb\" \/>\n<meta property=\"article:publisher\" content=\"https:\/\/www.facebook.com\/koash1991\" \/>\n<meta property=\"article:published_time\" content=\"2007-02-26T00:00:00+00:00\" \/>\n<meta property=\"article:modified_time\" content=\"2020-04-06T20:35:51+00:00\" \/>\n<meta property=\"og:image\" content=\"https:\/\/lh5.googleusercontent.com\/-ZizjWGfLB8A\/VIqcvxQhl7I\/AAAAAAAAGoU\/xCJjuOYL_FQ\/w400-h300-no\/pic1.jpg\" \/>\n<meta name=\"author\" content=\"Kisha Orthodhokse\" \/>\n<meta name=\"twitter:card\" content=\"summary_large_image\" \/>\n<meta name=\"twitter:label1\" content=\"Written by\" \/>\n\t<meta name=\"twitter:data1\" content=\"Kisha Orthodhokse\" \/>\n\t<meta name=\"twitter:label2\" content=\"Est. reading time\" \/>\n\t<meta name=\"twitter:data2\" content=\"7 minutes\" \/>\n<script type=\"application\/ld+json\" class=\"yoast-schema-graph\">{\"@context\":\"https:\/\/schema.org\",\"@graph\":[{\"@type\":\"Article\",\"@id\":\"https:\/\/orthodoxalbania.org\/2020\/2007\/02\/26\/kampi-i-dyte-i-vajzave-bariu-i-mire-ne-shen-joan-vladimir-te-gjitha-se-bashku-me-gezimin-e-ngjalljes-gusht-2007\/#article\",\"isPartOf\":{\"@id\":\"https:\/\/orthodoxalbania.org\/2020\/2007\/02\/26\/kampi-i-dyte-i-vajzave-bariu-i-mire-ne-shen-joan-vladimir-te-gjitha-se-bashku-me-gezimin-e-ngjalljes-gusht-2007\/\"},\"author\":{\"name\":\"Kisha Orthodhokse\",\"@id\":\"https:\/\/orthodoxalbania.org\/2020\/#\/schema\/person\/0c387634a7063ac612d7ed9ce71c7e86\"},\"headline\":\"Kampi i dyt\u00eb i vajzave &#8220;Bariu i Mir\u00eb&#8221; n\u00eb Sh\u00ebn Joan Vladimir T\u00eb gjitha s\u00eb bashku, me g\u00ebzimin e Ngjalljes. (Gusht 2007)\",\"datePublished\":\"2007-02-26T00:00:00+00:00\",\"dateModified\":\"2020-04-06T20:35:51+00:00\",\"mainEntityOfPage\":{\"@id\":\"https:\/\/orthodoxalbania.org\/2020\/2007\/02\/26\/kampi-i-dyte-i-vajzave-bariu-i-mire-ne-shen-joan-vladimir-te-gjitha-se-bashku-me-gezimin-e-ngjalljes-gusht-2007\/\"},\"wordCount\":1494,\"commentCount\":0,\"publisher\":{\"@id\":\"https:\/\/orthodoxalbania.org\/2020\/#organization\"},\"image\":{\"@id\":\"https:\/\/orthodoxalbania.org\/2020\/2007\/02\/26\/kampi-i-dyte-i-vajzave-bariu-i-mire-ne-shen-joan-vladimir-te-gjitha-se-bashku-me-gezimin-e-ngjalljes-gusht-2007\/#primaryimage\"},\"thumbnailUrl\":\"https:\/\/lh5.googleusercontent.com\/-ZizjWGfLB8A\/VIqcvxQhl7I\/AAAAAAAAGoU\/xCJjuOYL_FQ\/w400-h300-no\/pic1.jpg\",\"keywords\":[\"2007\",\"Kampe verore\",\"Kryepiskopata Tiran\u00eb\",\"lajme\",\"Rinia Orthodhokse\"],\"articleSection\":[\"Lajme\"],\"inLanguage\":\"en-US\"},{\"@type\":\"WebPage\",\"@id\":\"https:\/\/orthodoxalbania.org\/2020\/2007\/02\/26\/kampi-i-dyte-i-vajzave-bariu-i-mire-ne-shen-joan-vladimir-te-gjitha-se-bashku-me-gezimin-e-ngjalljes-gusht-2007\/\",\"url\":\"https:\/\/orthodoxalbania.org\/2020\/2007\/02\/26\/kampi-i-dyte-i-vajzave-bariu-i-mire-ne-shen-joan-vladimir-te-gjitha-se-bashku-me-gezimin-e-ngjalljes-gusht-2007\/\",\"name\":\"Kampi i dyt\u00eb i vajzave \\\"Bariu i Mir\u00eb\\\" n\u00eb Sh\u00ebn Joan Vladimir T\u00eb gjitha s\u00eb bashku, me g\u00ebzimin e Ngjalljes. (Gusht 2007) - Kisha Orthodh\u03bfkse Autoqefale e Shqip\u00ebris\u00eb\",\"isPartOf\":{\"@id\":\"https:\/\/orthodoxalbania.org\/2020\/#website\"},\"primaryImageOfPage\":{\"@id\":\"https:\/\/orthodoxalbania.org\/2020\/2007\/02\/26\/kampi-i-dyte-i-vajzave-bariu-i-mire-ne-shen-joan-vladimir-te-gjitha-se-bashku-me-gezimin-e-ngjalljes-gusht-2007\/#primaryimage\"},\"image\":{\"@id\":\"https:\/\/orthodoxalbania.org\/2020\/2007\/02\/26\/kampi-i-dyte-i-vajzave-bariu-i-mire-ne-shen-joan-vladimir-te-gjitha-se-bashku-me-gezimin-e-ngjalljes-gusht-2007\/#primaryimage\"},\"thumbnailUrl\":\"https:\/\/lh5.googleusercontent.com\/-ZizjWGfLB8A\/VIqcvxQhl7I\/AAAAAAAAGoU\/xCJjuOYL_FQ\/w400-h300-no\/pic1.jpg\",\"datePublished\":\"2007-02-26T00:00:00+00:00\",\"dateModified\":\"2020-04-06T20:35:51+00:00\",\"breadcrumb\":{\"@id\":\"https:\/\/orthodoxalbania.org\/2020\/2007\/02\/26\/kampi-i-dyte-i-vajzave-bariu-i-mire-ne-shen-joan-vladimir-te-gjitha-se-bashku-me-gezimin-e-ngjalljes-gusht-2007\/#breadcrumb\"},\"inLanguage\":\"en-US\",\"potentialAction\":[{\"@type\":\"ReadAction\",\"target\":[\"https:\/\/orthodoxalbania.org\/2020\/2007\/02\/26\/kampi-i-dyte-i-vajzave-bariu-i-mire-ne-shen-joan-vladimir-te-gjitha-se-bashku-me-gezimin-e-ngjalljes-gusht-2007\/\"]}]},{\"@type\":\"ImageObject\",\"inLanguage\":\"en-US\",\"@id\":\"https:\/\/orthodoxalbania.org\/2020\/2007\/02\/26\/kampi-i-dyte-i-vajzave-bariu-i-mire-ne-shen-joan-vladimir-te-gjitha-se-bashku-me-gezimin-e-ngjalljes-gusht-2007\/#primaryimage\",\"url\":\"https:\/\/lh5.googleusercontent.com\/-ZizjWGfLB8A\/VIqcvxQhl7I\/AAAAAAAAGoU\/xCJjuOYL_FQ\/w400-h300-no\/pic1.jpg\",\"contentUrl\":\"https:\/\/lh5.googleusercontent.com\/-ZizjWGfLB8A\/VIqcvxQhl7I\/AAAAAAAAGoU\/xCJjuOYL_FQ\/w400-h300-no\/pic1.jpg\"},{\"@type\":\"BreadcrumbList\",\"@id\":\"https:\/\/orthodoxalbania.org\/2020\/2007\/02\/26\/kampi-i-dyte-i-vajzave-bariu-i-mire-ne-shen-joan-vladimir-te-gjitha-se-bashku-me-gezimin-e-ngjalljes-gusht-2007\/#breadcrumb\",\"itemListElement\":[{\"@type\":\"ListItem\",\"position\":1,\"name\":\"Home\",\"item\":\"https:\/\/orthodoxalbania.org\/2020\/\"},{\"@type\":\"ListItem\",\"position\":2,\"name\":\"Kampi i dyt\u00eb i vajzave &#8220;Bariu i Mir\u00eb&#8221; n\u00eb Sh\u00ebn Joan Vladimir T\u00eb gjitha s\u00eb bashku, me g\u00ebzimin e Ngjalljes. (Gusht 2007)\"}]},{\"@type\":\"WebSite\",\"@id\":\"https:\/\/orthodoxalbania.org\/2020\/#website\",\"url\":\"https:\/\/orthodoxalbania.org\/2020\/\",\"name\":\"Kisha Orthodh\u03bfkse Autoqefale e Shqip\u00ebris\u00eb\",\"description\":\"Fqja Zyrtare e Kish\u00ebs Orthodhokse Autoqefale e Shqip\u00ebris\u00eb me lajmet edhe informacionet zyrtare p\u00ebr struktur\u00ebn edhe veprimtarin e saj.\",\"publisher\":{\"@id\":\"https:\/\/orthodoxalbania.org\/2020\/#organization\"},\"potentialAction\":[{\"@type\":\"SearchAction\",\"target\":{\"@type\":\"EntryPoint\",\"urlTemplate\":\"https:\/\/orthodoxalbania.org\/2020\/?s={search_term_string}\"},\"query-input\":{\"@type\":\"PropertyValueSpecification\",\"valueRequired\":true,\"valueName\":\"search_term_string\"}}],\"inLanguage\":\"en-US\"},{\"@type\":\"Organization\",\"@id\":\"https:\/\/orthodoxalbania.org\/2020\/#organization\",\"name\":\"Kisha Orthodhokse Autoqefale e Shqip\u00ebris\u00eb\",\"url\":\"https:\/\/orthodoxalbania.org\/2020\/\",\"logo\":{\"@type\":\"ImageObject\",\"inLanguage\":\"en-US\",\"@id\":\"https:\/\/orthodoxalbania.org\/2020\/#\/schema\/logo\/image\/\",\"url\":\"https:\/\/orthodoxalbania.org\/2020\/wp-content\/uploads\/2020\/05\/albania.jpeg\",\"contentUrl\":\"https:\/\/orthodoxalbania.org\/2020\/wp-content\/uploads\/2020\/05\/albania.jpeg\",\"width\":540,\"height\":540,\"caption\":\"Kisha Orthodhokse Autoqefale e Shqip\u00ebris\u00eb\"},\"image\":{\"@id\":\"https:\/\/orthodoxalbania.org\/2020\/#\/schema\/logo\/image\/\"},\"sameAs\":[\"https:\/\/www.facebook.com\/koash1991\"]},{\"@type\":\"Person\",\"@id\":\"https:\/\/orthodoxalbania.org\/2020\/#\/schema\/person\/0c387634a7063ac612d7ed9ce71c7e86\",\"name\":\"Kisha Orthodhokse\",\"image\":{\"@type\":\"ImageObject\",\"inLanguage\":\"en-US\",\"@id\":\"https:\/\/secure.gravatar.com\/avatar\/596e7c417251e30f2fbb9c00e026fce61a695a00e51c889caded71c96cbbdde5?s=96&d=mm&r=g\",\"url\":\"https:\/\/secure.gravatar.com\/avatar\/596e7c417251e30f2fbb9c00e026fce61a695a00e51c889caded71c96cbbdde5?s=96&d=mm&r=g\",\"contentUrl\":\"https:\/\/secure.gravatar.com\/avatar\/596e7c417251e30f2fbb9c00e026fce61a695a00e51c889caded71c96cbbdde5?s=96&d=mm&r=g\",\"caption\":\"Kisha Orthodhokse\"}}]}<\/script>\n<!-- \/ Yoast SEO plugin. -->","yoast_head_json":{"title":"Kampi i dyt\u00eb i vajzave \"Bariu i Mir\u00eb\" n\u00eb Sh\u00ebn Joan Vladimir T\u00eb gjitha s\u00eb bashku, me g\u00ebzimin e Ngjalljes. (Gusht 2007) - Kisha Orthodh\u03bfkse Autoqefale e Shqip\u00ebris\u00eb","robots":{"index":"index","follow":"follow","max-snippet":"max-snippet:-1","max-image-preview":"max-image-preview:large","max-video-preview":"max-video-preview:-1"},"canonical":"https:\/\/orthodoxalbania.org\/2020\/2007\/02\/26\/kampi-i-dyte-i-vajzave-bariu-i-mire-ne-shen-joan-vladimir-te-gjitha-se-bashku-me-gezimin-e-ngjalljes-gusht-2007\/","og_locale":"en_US","og_type":"article","og_title":"Kampi i dyt\u00eb i vajzave \"Bariu i Mir\u00eb\" n\u00eb Sh\u00ebn Joan Vladimir T\u00eb gjitha s\u00eb bashku, me g\u00ebzimin e Ngjalljes. (Gusht 2007) - Kisha Orthodh\u03bfkse Autoqefale e Shqip\u00ebris\u00eb","og_description":"Periudha e kampit t\u00eb dyt\u00eb p\u00ebr vajza, organizuar edhe k\u00ebt\u00eb vit n\u00eb manastirin e Sh\u00ebn Joan Vladimirit, pran\u00eb qytetit t\u00eb Elbasanit, solli 67 vajza nga e gjith\u00eb Shqip\u00ebria n\u00eb datat 28 korrik deri n\u00eb 7 gusht. &nbsp;&nbsp;&nbsp; Ky \u00ebsht\u00eb nj\u00eb nga aktivitetet m\u00eb t\u00eb dashura p\u00ebr vajzat, t\u00eb cilat kan\u00eb nevoj\u00eb p\u00ebr shoq\u00ebri t\u00eb reja t\u00eb krishtera si edhe t\u00eb forcojn\u00eb komunikimin e tyre me","og_url":"https:\/\/orthodoxalbania.org\/2020\/2007\/02\/26\/kampi-i-dyte-i-vajzave-bariu-i-mire-ne-shen-joan-vladimir-te-gjitha-se-bashku-me-gezimin-e-ngjalljes-gusht-2007\/","og_site_name":"Kisha Orthodh\u03bfkse Autoqefale e Shqip\u00ebris\u00eb","article_publisher":"https:\/\/www.facebook.com\/koash1991","article_published_time":"2007-02-26T00:00:00+00:00","article_modified_time":"2020-04-06T20:35:51+00:00","og_image":[{"url":"https:\/\/lh5.googleusercontent.com\/-ZizjWGfLB8A\/VIqcvxQhl7I\/AAAAAAAAGoU\/xCJjuOYL_FQ\/w400-h300-no\/pic1.jpg","type":"","width":"","height":""}],"author":"Kisha Orthodhokse","twitter_card":"summary_large_image","twitter_misc":{"Written by":"Kisha Orthodhokse","Est. reading time":"7 minutes"},"schema":{"@context":"https:\/\/schema.org","@graph":[{"@type":"Article","@id":"https:\/\/orthodoxalbania.org\/2020\/2007\/02\/26\/kampi-i-dyte-i-vajzave-bariu-i-mire-ne-shen-joan-vladimir-te-gjitha-se-bashku-me-gezimin-e-ngjalljes-gusht-2007\/#article","isPartOf":{"@id":"https:\/\/orthodoxalbania.org\/2020\/2007\/02\/26\/kampi-i-dyte-i-vajzave-bariu-i-mire-ne-shen-joan-vladimir-te-gjitha-se-bashku-me-gezimin-e-ngjalljes-gusht-2007\/"},"author":{"name":"Kisha Orthodhokse","@id":"https:\/\/orthodoxalbania.org\/2020\/#\/schema\/person\/0c387634a7063ac612d7ed9ce71c7e86"},"headline":"Kampi i dyt\u00eb i vajzave &#8220;Bariu i Mir\u00eb&#8221; n\u00eb Sh\u00ebn Joan Vladimir T\u00eb gjitha s\u00eb bashku, me g\u00ebzimin e Ngjalljes. (Gusht 2007)","datePublished":"2007-02-26T00:00:00+00:00","dateModified":"2020-04-06T20:35:51+00:00","mainEntityOfPage":{"@id":"https:\/\/orthodoxalbania.org\/2020\/2007\/02\/26\/kampi-i-dyte-i-vajzave-bariu-i-mire-ne-shen-joan-vladimir-te-gjitha-se-bashku-me-gezimin-e-ngjalljes-gusht-2007\/"},"wordCount":1494,"commentCount":0,"publisher":{"@id":"https:\/\/orthodoxalbania.org\/2020\/#organization"},"image":{"@id":"https:\/\/orthodoxalbania.org\/2020\/2007\/02\/26\/kampi-i-dyte-i-vajzave-bariu-i-mire-ne-shen-joan-vladimir-te-gjitha-se-bashku-me-gezimin-e-ngjalljes-gusht-2007\/#primaryimage"},"thumbnailUrl":"https:\/\/lh5.googleusercontent.com\/-ZizjWGfLB8A\/VIqcvxQhl7I\/AAAAAAAAGoU\/xCJjuOYL_FQ\/w400-h300-no\/pic1.jpg","keywords":["2007","Kampe verore","Kryepiskopata Tiran\u00eb","lajme","Rinia Orthodhokse"],"articleSection":["Lajme"],"inLanguage":"en-US"},{"@type":"WebPage","@id":"https:\/\/orthodoxalbania.org\/2020\/2007\/02\/26\/kampi-i-dyte-i-vajzave-bariu-i-mire-ne-shen-joan-vladimir-te-gjitha-se-bashku-me-gezimin-e-ngjalljes-gusht-2007\/","url":"https:\/\/orthodoxalbania.org\/2020\/2007\/02\/26\/kampi-i-dyte-i-vajzave-bariu-i-mire-ne-shen-joan-vladimir-te-gjitha-se-bashku-me-gezimin-e-ngjalljes-gusht-2007\/","name":"Kampi i dyt\u00eb i vajzave \"Bariu i Mir\u00eb\" n\u00eb Sh\u00ebn Joan Vladimir T\u00eb gjitha s\u00eb bashku, me g\u00ebzimin e Ngjalljes. (Gusht 2007) - Kisha Orthodh\u03bfkse Autoqefale e Shqip\u00ebris\u00eb","isPartOf":{"@id":"https:\/\/orthodoxalbania.org\/2020\/#website"},"primaryImageOfPage":{"@id":"https:\/\/orthodoxalbania.org\/2020\/2007\/02\/26\/kampi-i-dyte-i-vajzave-bariu-i-mire-ne-shen-joan-vladimir-te-gjitha-se-bashku-me-gezimin-e-ngjalljes-gusht-2007\/#primaryimage"},"image":{"@id":"https:\/\/orthodoxalbania.org\/2020\/2007\/02\/26\/kampi-i-dyte-i-vajzave-bariu-i-mire-ne-shen-joan-vladimir-te-gjitha-se-bashku-me-gezimin-e-ngjalljes-gusht-2007\/#primaryimage"},"thumbnailUrl":"https:\/\/lh5.googleusercontent.com\/-ZizjWGfLB8A\/VIqcvxQhl7I\/AAAAAAAAGoU\/xCJjuOYL_FQ\/w400-h300-no\/pic1.jpg","datePublished":"2007-02-26T00:00:00+00:00","dateModified":"2020-04-06T20:35:51+00:00","breadcrumb":{"@id":"https:\/\/orthodoxalbania.org\/2020\/2007\/02\/26\/kampi-i-dyte-i-vajzave-bariu-i-mire-ne-shen-joan-vladimir-te-gjitha-se-bashku-me-gezimin-e-ngjalljes-gusht-2007\/#breadcrumb"},"inLanguage":"en-US","potentialAction":[{"@type":"ReadAction","target":["https:\/\/orthodoxalbania.org\/2020\/2007\/02\/26\/kampi-i-dyte-i-vajzave-bariu-i-mire-ne-shen-joan-vladimir-te-gjitha-se-bashku-me-gezimin-e-ngjalljes-gusht-2007\/"]}]},{"@type":"ImageObject","inLanguage":"en-US","@id":"https:\/\/orthodoxalbania.org\/2020\/2007\/02\/26\/kampi-i-dyte-i-vajzave-bariu-i-mire-ne-shen-joan-vladimir-te-gjitha-se-bashku-me-gezimin-e-ngjalljes-gusht-2007\/#primaryimage","url":"https:\/\/lh5.googleusercontent.com\/-ZizjWGfLB8A\/VIqcvxQhl7I\/AAAAAAAAGoU\/xCJjuOYL_FQ\/w400-h300-no\/pic1.jpg","contentUrl":"https:\/\/lh5.googleusercontent.com\/-ZizjWGfLB8A\/VIqcvxQhl7I\/AAAAAAAAGoU\/xCJjuOYL_FQ\/w400-h300-no\/pic1.jpg"},{"@type":"BreadcrumbList","@id":"https:\/\/orthodoxalbania.org\/2020\/2007\/02\/26\/kampi-i-dyte-i-vajzave-bariu-i-mire-ne-shen-joan-vladimir-te-gjitha-se-bashku-me-gezimin-e-ngjalljes-gusht-2007\/#breadcrumb","itemListElement":[{"@type":"ListItem","position":1,"name":"Home","item":"https:\/\/orthodoxalbania.org\/2020\/"},{"@type":"ListItem","position":2,"name":"Kampi i dyt\u00eb i vajzave &#8220;Bariu i Mir\u00eb&#8221; n\u00eb Sh\u00ebn Joan Vladimir T\u00eb gjitha s\u00eb bashku, me g\u00ebzimin e Ngjalljes. (Gusht 2007)"}]},{"@type":"WebSite","@id":"https:\/\/orthodoxalbania.org\/2020\/#website","url":"https:\/\/orthodoxalbania.org\/2020\/","name":"Kisha Orthodh\u03bfkse Autoqefale e Shqip\u00ebris\u00eb","description":"Fqja Zyrtare e Kish\u00ebs Orthodhokse Autoqefale e Shqip\u00ebris\u00eb me lajmet edhe informacionet zyrtare p\u00ebr struktur\u00ebn edhe veprimtarin e saj.","publisher":{"@id":"https:\/\/orthodoxalbania.org\/2020\/#organization"},"potentialAction":[{"@type":"SearchAction","target":{"@type":"EntryPoint","urlTemplate":"https:\/\/orthodoxalbania.org\/2020\/?s={search_term_string}"},"query-input":{"@type":"PropertyValueSpecification","valueRequired":true,"valueName":"search_term_string"}}],"inLanguage":"en-US"},{"@type":"Organization","@id":"https:\/\/orthodoxalbania.org\/2020\/#organization","name":"Kisha Orthodhokse Autoqefale e Shqip\u00ebris\u00eb","url":"https:\/\/orthodoxalbania.org\/2020\/","logo":{"@type":"ImageObject","inLanguage":"en-US","@id":"https:\/\/orthodoxalbania.org\/2020\/#\/schema\/logo\/image\/","url":"https:\/\/orthodoxalbania.org\/2020\/wp-content\/uploads\/2020\/05\/albania.jpeg","contentUrl":"https:\/\/orthodoxalbania.org\/2020\/wp-content\/uploads\/2020\/05\/albania.jpeg","width":540,"height":540,"caption":"Kisha Orthodhokse Autoqefale e Shqip\u00ebris\u00eb"},"image":{"@id":"https:\/\/orthodoxalbania.org\/2020\/#\/schema\/logo\/image\/"},"sameAs":["https:\/\/www.facebook.com\/koash1991"]},{"@type":"Person","@id":"https:\/\/orthodoxalbania.org\/2020\/#\/schema\/person\/0c387634a7063ac612d7ed9ce71c7e86","name":"Kisha Orthodhokse","image":{"@type":"ImageObject","inLanguage":"en-US","@id":"https:\/\/secure.gravatar.com\/avatar\/596e7c417251e30f2fbb9c00e026fce61a695a00e51c889caded71c96cbbdde5?s=96&d=mm&r=g","url":"https:\/\/secure.gravatar.com\/avatar\/596e7c417251e30f2fbb9c00e026fce61a695a00e51c889caded71c96cbbdde5?s=96&d=mm&r=g","contentUrl":"https:\/\/secure.gravatar.com\/avatar\/596e7c417251e30f2fbb9c00e026fce61a695a00e51c889caded71c96cbbdde5?s=96&d=mm&r=g","caption":"Kisha Orthodhokse"}}]}},"_links":{"self":[{"href":"https:\/\/orthodoxalbania.org\/2020\/wp-json\/wp\/v2\/posts\/175","targetHints":{"allow":["GET"]}}],"collection":[{"href":"https:\/\/orthodoxalbania.org\/2020\/wp-json\/wp\/v2\/posts"}],"about":[{"href":"https:\/\/orthodoxalbania.org\/2020\/wp-json\/wp\/v2\/types\/post"}],"author":[{"embeddable":true,"href":"https:\/\/orthodoxalbania.org\/2020\/wp-json\/wp\/v2\/users\/1"}],"replies":[{"embeddable":true,"href":"https:\/\/orthodoxalbania.org\/2020\/wp-json\/wp\/v2\/comments?post=175"}],"version-history":[{"count":1,"href":"https:\/\/orthodoxalbania.org\/2020\/wp-json\/wp\/v2\/posts\/175\/revisions"}],"predecessor-version":[{"id":15782,"href":"https:\/\/orthodoxalbania.org\/2020\/wp-json\/wp\/v2\/posts\/175\/revisions\/15782"}],"wp:attachment":[{"href":"https:\/\/orthodoxalbania.org\/2020\/wp-json\/wp\/v2\/media?parent=175"}],"wp:term":[{"taxonomy":"category","embeddable":true,"href":"https:\/\/orthodoxalbania.org\/2020\/wp-json\/wp\/v2\/categories?post=175"},{"taxonomy":"post_tag","embeddable":true,"href":"https:\/\/orthodoxalbania.org\/2020\/wp-json\/wp\/v2\/tags?post=175"}],"curies":[{"name":"wp","href":"https:\/\/api.w.org\/{rel}","templated":true}]}}