{"id":1748,"date":"2013-04-09T13:40:54","date_gmt":"2013-04-09T13:40:54","guid":{"rendered":""},"modified":"2020-04-06T00:59:13","modified_gmt":"2020-04-06T00:59:13","slug":"10-porosite-e-perendise","status":"publish","type":"post","link":"https:\/\/orthodoxalbania.org\/2020\/2013\/04\/09\/10-porosite-e-perendise\/","title":{"rendered":"10 Porosit\u00eb e Per\u00ebndis\u00eb"},"content":{"rendered":"<p style=\"text-align: justify;\">\n\t<span style=\"color: #000000; font-size: 12pt;\"><span style=\"font-family: verdana,geneva,sans-serif; line-height: 1.5;\">&nbsp;&nbsp;&nbsp; N\u00eb bot\u00ebn e mrekullueshme q\u00eb na rrethon, n\u00eb bot\u00ebn ujore, bimore, shtazore dhe njer\u00ebzore, ka nj\u00eb plan t\u00eb urt\u00eb, ku t\u00eb gjitha l\u00ebvizin n\u00eb m\u00ebnyr\u00eb harmonike, n\u00eb p\u00ebrputhje me ligjet e natyr\u00ebs, q\u00eb ka caktuar Per\u00ebndia. <\/span><\/span><\/p>\n<p style=\"text-align: justify;\">\n\t<span style=\"color: #000000; font-size: 12pt;\"><span style=\"font-family: verdana,geneva,sans-serif; line-height: 1.5;\">&nbsp;&nbsp;&nbsp; E mendoni vall\u00eb se \u00e7far\u00eb do t\u00eb ndodhte n\u00ebse disa nga k\u00ebto ligje do t\u00eb reshtnin s\u00eb ekzistuari? P.sh. \u00e7far\u00eb do t\u00eb ndodhte n\u00ebse ligji i gravitacionit nuk do t\u00eb funksiononte m\u00eb? Njer\u00ebzit nuk do t\u00eb mund t\u00eb ecnin, as t\u00eb punonin dhe madje as t\u00eb merrnin frym\u00eb, sepse atmosfera do t\u00eb shp\u00ebrndahej tej n\u00eb hap\u00ebsirat qiellore. Jeta n\u00eb planetin ton\u00eb do t\u00eb ishte e pamundur.<\/span><\/span><\/p>\n<p style=\"text-align: justify;\">\n\t<span style=\"color: #000000; font-size: 12pt;\"><span style=\"font-family: verdana,geneva,sans-serif; line-height: 1.5;\">Edhe sikur ai t\u00eb mos funksiononte vet\u00ebm p\u00ebr disa minuta (disa mendojn\u00eb se ky ligj na pengon t\u00eb fluturojm\u00eb!!!), do t\u00eb shkonim me siguri drejt nj\u00eb katastrofe.<\/span><\/span><\/p>\n<p> <\/p>\n<p style=\"text-align: justify;\">\n\t<span style=\"color: #000000; font-size: 12pt;\"><span style=\"font-family: verdana,geneva,sans-serif; line-height: 1.5;\">&nbsp; &nbsp; Harmonia q\u00eb shikojm\u00eb n\u00eb qiell, bukuria, jeta q\u00eb mbret\u00ebron n\u00eb bot\u00ebn bimore dhe at\u00eb shtazore bazohet pik\u00ebrisht n\u00eb faktin se t\u00eb gjitha l\u00ebvizin dhe zhvillohen duke iu bindur ligjeve q\u00eb ka vendosur Krijuesi.<\/span><\/span><\/p>\n<p style=\"text-align: justify;\">\n\t<span style=\"color: #000000; font-size: 12pt;\"><span style=\"font-family: verdana,geneva,sans-serif; line-height: 1.5;\">&nbsp; &nbsp; P\u00ebrve\u00e7 ligjeve t\u00eb natyr\u00ebs, Per\u00ebndia caktoi p\u00ebr krijesat e Tij t\u00eb lira, njer\u00ebzit, edhe disa ligje t\u00eb tjera, ligjet morale. Edhe k\u00ebto jan\u00eb ligje, q\u00eb nuk na japin thjesht disa udh\u00ebzime apo k\u00ebshilla. <\/span><\/span><\/p>\n<p style=\"text-align: justify;\">\n\t<span style=\"color: #000000; font-size: 12pt;\"><span style=\"font-family: verdana,geneva,sans-serif; line-height: 1.5;\">&nbsp;&nbsp;&nbsp; Nga ruajtja e tyre varet e gjith\u00eb jeta e njeriut. Moszbatimi i tyre e \u00e7on njeriun drejt nj\u00eb katastrofe t\u00eb tmerrshme. Nga \u00e7asti i par\u00eb q\u00eb Per\u00ebndia e krijoi njeriun, shkroi thell\u00eb k\u00ebto ligje n\u00eb nd\u00ebrgjegjen e tij. Por meq\u00eb djalli i turbulloi njeriut mendjen dhe zemr\u00ebn, shpesh Per\u00ebndia ua theksonte k\u00ebt\u00eb njer\u00ebzve brez pas brezi. Ai ia dha kodin e ligjit hyjnor nj\u00eb kombi, kombit t\u00eb Izraelit, q\u00eb e p\u00ebrzgjodhi p\u00ebr nj\u00eb plan t\u00eb madh, p\u00ebr t\u2019ia transmetuar n\u00eb vazhdim t\u00eb gjith\u00eb njer\u00ebzimit.<\/span><\/span><\/p>\n<p style=\"text-align: justify;\">\n\t<span style=\"color: #000000; font-size: 12pt;\"><span style=\"font-family: verdana,geneva,sans-serif; line-height: 1.5;\">&nbsp;&nbsp;&nbsp; K\u00ebshtu Per\u00ebndia caktoi Ligjin e Tij t\u00eb jet\u00ebs morale dhe fetare p\u00ebr njeriun.<\/span><\/span><\/p>\n<blockquote>\n<p style=\"text-align: justify;\">\n\t\t<span style=\"font-size: 12pt;\"><strong><span style=\"color: #800000;\"><span style=\"font-family: verdana,geneva,sans-serif; line-height: 1.5;\"><em>Dhjet\u00eb porosit\u00eb dhe shpjegimi i tyre<\/em><\/span><\/span><br \/>\n\t\t<span style=\"color: #000000;\"><span style=\"font-family: verdana,geneva,sans-serif; line-height: 1.5;\"> <\/span><\/span><\/strong><\/span><\/p>\n<ol>\n<li style=\"text-align: justify;\">\n\t\t\t<span style=\"font-family: verdana,geneva,sans-serif; font-size: 12pt;\"><span style=\"color: #800000;\">Un\u00eb jam Zoti, Per\u00ebndia yt&#8230; nuk do kesh per\u00ebndi t\u00eb tjera p\u00ebrve\u00e7 meje.<\/span><\/span><\/li>\n<li style=\"text-align: justify;\">\n\t\t\t<span style=\"font-family: verdana,geneva,sans-serif; font-size: 12pt;\"><span style=\"color: #800000;\"><span style=\"line-height: 1.5;\">Mos b\u00ebj p\u00ebr veten t\u00ebnde idhull, as ndonj\u00eb sh\u00ebmb\u00eblles\u00eb tjet\u00ebr nga ato q\u00eb jan\u00eb mbi qiell sip\u00ebr dhe n\u00eb tok\u00eb posht\u00eb, dhe sa jan\u00eb n\u00eb uj\u00eb n\u00ebn dh\u00e9. Nuk do t\u2019u falesh atyre, as do t\u2019u lutesh, sepse un\u00eb jam Zoti, Per\u00ebndia yt&#8230;<\/span><\/span><\/span><\/li>\n<li style=\"text-align: justify;\">\n\t\t\t<span style=\"font-family: verdana,geneva,sans-serif; font-size: 12pt;\"><span style=\"color: #800000;\"><span style=\"line-height: 1.5;\">Mos e p\u00ebrmend kot emrin e Zotit, Per\u00ebndis\u00eb t\u00ebnd&#8230;<\/span><\/span><\/span><\/li>\n<li style=\"text-align: justify;\">\n\t\t\t<span style=\"font-family: verdana,geneva,sans-serif; font-size: 12pt;\"><span style=\"color: #800000;\"><span style=\"line-height: 1.5;\">Kujto dit\u00ebn e Sabatit q\u00eb ta shenjt\u00ebrosh at\u00eb. Gjasht\u00eb dit\u00eb do t\u00eb punosh edhe do t\u00eb b\u00ebsh t\u00eb gjitha pun\u00ebt e tua. Po e shtata dit\u00eb \u00ebsht\u00eb sabat\u00eb n\u00eb Zotin, Per\u00ebndin\u00eb t\u00ebnd. N\u00eb at\u00eb dit\u00eb nuk do t\u00eb b\u00ebsh asnj\u00eb lloj pune&#8230;<\/span><\/span><\/span><\/li>\n<li style=\"text-align: justify;\">\n\t\t\t<span style=\"font-family: verdana,geneva,sans-serif; font-size: 12pt;\"><span style=\"color: #800000;\"><span style=\"line-height: 1.5;\">Ndero baban\u00eb dhe n\u00ebn\u00ebn t\u00ebnde, q\u00eb t\u00eb t\u00eb b\u00ebhet mir\u00eb dhe t\u00eb jesh jet\u00ebgjat\u00eb mbi dhen\u00eb, q\u00eb t\u00eb jep Zoti, Per\u00ebndia yt.<\/span><\/span><\/span><\/li>\n<li style=\"text-align: justify;\">\n\t\t\t<span style=\"font-family: verdana,geneva,sans-serif; font-size: 12pt;\"><span style=\"color: #800000;\"><span style=\"line-height: 1.5;\">Mos kurv\u00ebro.<\/span><\/span><\/span><\/li>\n<li style=\"text-align: justify;\">\n\t\t\t<span style=\"font-family: verdana,geneva,sans-serif; font-size: 12pt;\"><span style=\"color: #800000;\"><span style=\"line-height: 1.5;\">Mos vidh.<\/span><\/span><\/span><\/li>\n<li style=\"text-align: justify;\">\n\t\t\t<span style=\"font-family: verdana,geneva,sans-serif; font-size: 12pt;\"><span style=\"color: #800000;\"><span style=\"line-height: 1.5;\">Mos vrit.<\/span><\/span><\/span><\/li>\n<li style=\"text-align: justify;\">\n\t\t\t<span style=\"font-family: verdana,geneva,sans-serif; font-size: 12pt;\"><span style=\"color: #800000;\"><span style=\"line-height: 1.5;\">Mos jep d\u00ebshmi t\u00eb rreme kund\u00ebr t\u00eb af\u00ebrmit t\u00ebnd.<\/span><\/span><\/span><\/li>\n<li style=\"text-align: justify;\">\n\t\t\t<span style=\"font-family: verdana,geneva,sans-serif; font-size: 12pt;\"><span style=\"color: #800000;\"><span style=\"line-height: 1.5;\">Nuk do t\u00eb d\u00ebshirosh&#8230; asgj\u00eb q\u00eb \u00ebsht\u00eb e t\u00eb af\u00ebrmit t\u00ebnd.<\/span><\/span><\/span><br \/>\n\t\t\t<span style=\"font-size: 12pt;\"> &nbsp;<\/span><\/li>\n<\/ol>\n<\/blockquote>\n<ul style=\"list-style-type: disc;\">\n<li style=\"text-align: justify;\">\n\t\t<span style=\"font-size: 12pt;\"><span style=\"color: #800000;\"><span style=\"font-family: verdana,geneva,sans-serif; line-height: 1.5;\"><em>Urdh\u00ebrimi i par\u00eb <\/em><\/span><\/span><span style=\"color: #000000;\"><span style=\"font-family: verdana,geneva,sans-serif; line-height: 1.5;\"><em>dhe <\/em><\/span><\/span><span style=\"color: #800000;\"><span style=\"font-family: verdana,geneva,sans-serif; line-height: 1.5;\"><em>i dyt\u00eb<\/em><\/span><\/span><span style=\"color: #000000;\"><span style=\"font-family: verdana,geneva,sans-serif; line-height: 1.5;\"> caktojn\u00eb adhurimin e nj\u00eb Per\u00ebndie t\u00eb vet\u00ebm dhe t\u00eb v\u00ebrtet\u00eb. I mbrojn\u00eb njer\u00ebzit nga humbja e tyre n\u00eb idhujtari dhe n\u00eb ateiz\u00ebm.<\/span><\/span><\/span><\/li>\n<li style=\"text-align: justify;\">\n\t\t<span style=\"font-size: 12pt;\"><span style=\"color: #800000;\"><span style=\"font-family: verdana,geneva,sans-serif; line-height: 1.5;\"><em>Urdh\u00ebrimi i tret\u00eb<\/em><\/span><\/span><span style=\"color: #000000;\"><span style=\"font-family: verdana,geneva,sans-serif; line-height: 1.5;\"> n\u00ebnvizon shenjt\u00ebrin\u00eb e emrit t\u00eb Per\u00ebndis\u00eb, shenjt\u00ebrin\u00eb e betimit dhe i detyron njer\u00ebzit t\u00eb jen\u00eb t\u00eb drejt\u00eb dhe besnik\u00eb n\u00eb premtimet q\u00eb b\u00ebjn\u00eb.<\/span><\/span><\/span><\/li>\n<li style=\"text-align: justify;\">\n\t\t<span style=\"font-size: 12pt;\"><span style=\"color: #800000;\"><span style=\"font-family: verdana,geneva,sans-serif; line-height: 1.5;\"><em>Urdh\u00ebrimi i kat\u00ebrt<\/em><\/span><\/span><span style=\"color: #000000;\"><span style=\"font-family: verdana,geneva,sans-serif; line-height: 1.5;\"> vendos pushimin e Sabatit dhe p\u00ebrkushtimin e nj\u00eb dite p\u00ebr Per\u00ebndin\u00eb. P\u00ebr t\u00eb krishter\u00ebt dit\u00eb pushimi u b\u00eb dita e Diel, gjat\u00eb s\u00eb cil\u00ebs u ngjall Zoti Jisu Krisht. Sa shum\u00eb e dobishme q\u00eb \u00ebsht\u00eb kjo porosi p\u00ebr njeriun! Ai del p\u00ebr pak nga ankthi i p\u00ebrpjekjes p\u00ebr t\u00eb siguruar jet\u00ebn dhe fuqit\u00eb e tij shpirt\u00ebrore e trupore rip\u00ebrt\u00ebrihen.<\/span><\/span><\/span><\/li>\n<li style=\"text-align: justify;\">\n\t\t<span style=\"font-size: 12pt;\"><span style=\"color: #800000;\"><span style=\"font-family: verdana,geneva,sans-serif; line-height: 1.5;\"><em>Urdh\u00ebrimi i pest\u00eb<\/em><\/span><\/span><span style=\"color: #000000;\"><span style=\"font-family: verdana,geneva,sans-serif; line-height: 1.5;\"> thekson autoritetin e prind\u00ebrve, cakton respektin dhe nderimin ndaj tyre. \u00cbsht\u00eb themeli i jet\u00ebs familjare.<\/span><\/span><\/span><\/li>\n<li style=\"text-align: justify;\">\n\t\t<span style=\"font-size: 12pt;\"><span style=\"color: #800000;\"><span style=\"font-family: verdana,geneva,sans-serif; line-height: 1.5;\"><em>Urdh\u00ebrimi i gjasht\u00eb<\/em><\/span><\/span><span style=\"color: #000000;\"><span style=\"font-family: verdana,geneva,sans-serif; line-height: 1.5;\"> mbron jet\u00ebn morale t\u00eb njeriut nga vrullet e pakontrolluara t\u00eb instinkteve t\u00eb tij. Ata popuj q\u00eb i injoruan ato, shkuan drejt shthurjes dhe zhdukjes s\u00eb tyre.<\/span><\/span><\/span><\/li>\n<li style=\"text-align: justify;\">\n\t\t<span style=\"font-size: 12pt;\"><em><span style=\"color: #800000;\"><span style=\"font-family: verdana,geneva,sans-serif; line-height: 1.5;\">Urdh\u00ebrimi i tet\u00eb<\/span><\/span><\/em><span style=\"color: #000000;\"><span style=\"font-family: verdana,geneva,sans-serif; line-height: 1.5;\"> siguron jet\u00ebn njer\u00ebzore. Nuk e l\u00eb n\u00eb d\u00ebshir\u00ebn e nj\u00ebrit apo t\u00eb tjetrit.<\/span><\/span><\/span><\/li>\n<li style=\"text-align: justify;\">\n\t\t<span style=\"font-size: 12pt;\"><span style=\"color: #800000;\"><span style=\"font-family: verdana,geneva,sans-serif; line-height: 1.5;\"><em>Urdh\u00ebrimi i shtat\u00eb<\/em><\/span><\/span><span style=\"color: #000000;\"><span style=\"font-family: verdana,geneva,sans-serif; line-height: 1.5;\"> dhe <\/span><\/span><span style=\"color: #800000;\"><span style=\"font-family: verdana,geneva,sans-serif; line-height: 1.5;\"><em>i dhjet\u00eb<\/em><\/span><\/span><span style=\"color: #000000;\"><span style=\"font-family: verdana,geneva,sans-serif; line-height: 1.5;\"> mbrojn\u00eb pron\u00ebsin\u00eb e ligjshme dhe i v\u00eb fre gryk\u00ebsis\u00eb njer\u00ebzore.<\/span><\/span><\/span><\/li>\n<li style=\"text-align: justify;\">\n\t\t<span style=\"font-size: 12pt;\"><span style=\"color: #800000;\"><span style=\"font-family: verdana,geneva,sans-serif; line-height: 1.5;\"><em>Urdh\u00ebrimi i n\u00ebnt\u00eb<\/em><\/span><\/span><span style=\"color: #000000;\"><span style=\"font-family: verdana,geneva,sans-serif; line-height: 1.5;\"> siguron mund\u00ebsin\u00eb e mbar\u00ebvajtjes s\u00eb njer\u00ebzve midis tyre, besimin reciprok, bashk\u00ebpunimin e mir\u00eb, mbi t\u00eb cilat mb\u00ebshtetet shoq\u00ebria.<\/span><\/span><\/span><\/li>\n<\/ul>\n<p style=\"text-align: justify;\">\n\t<span style=\"color: #800000; font-size: 12pt;\">&nbsp;&nbsp;&nbsp;&nbsp; <span style=\"font-family: verdana,geneva,sans-serif; line-height: 1.5;\"><em>Pasojat e tmerrshme t\u00eb shkeljes s\u00eb tyre<\/em><\/span><\/span><\/p>\n<p style=\"text-align: justify;\">\n\t<span style=\"color: #000000; font-size: 12pt;\"><span style=\"font-family: verdana,geneva,sans-serif; line-height: 1.5;\">&nbsp;&nbsp;&nbsp; N\u00ebse k\u00ebto dhjet\u00eb porosi nuk kan\u00eb m\u00eb vler\u00eb dhe reshtin s\u00eb ekzistuari, nuk jan\u00eb m\u00eb themelet e legjislacionit t\u00eb popujve t\u00eb ndrysh\u00ebm, a mund t\u00eb imagjinoni se \u00e7far\u00eb gjendjeje do t\u00eb ekzistonte n\u00eb mbar\u00eb globin? Edhe fantazia m\u00eb e guximshme e ka t\u00eb v\u00ebshtir\u00eb p\u00ebr ta rrokur se \u00e7far\u00eb do t\u00eb thot\u00eb l\u00ebnia m\u00ebnjan\u00eb e k\u00ebtyre dhjet\u00eb urdh\u00ebrimeve. <\/span><\/span><\/p>\n<p style=\"text-align: justify;\">\n\t<span style=\"color: #000000; font-size: 12pt;\"><span style=\"font-family: verdana,geneva,sans-serif; line-height: 1.5;\">&nbsp;&nbsp;&nbsp; S\u00eb pari do t\u00eb zhyteshim n\u00eb nj\u00eb idhujtari t\u00eb tmerrshme. Kujtoni pak panteonin e Rom\u00ebs me 30.000 hyjnit\u00eb e tij. Sillni nd\u00ebr mend hyjnizimin e kafsh\u00ebve, t\u00eb bim\u00ebve e t\u00eb njer\u00ebzve&#8230; <\/span><\/span><\/p>\n<p style=\"text-align: justify;\">\n\t<span style=\"color: #000000; font-size: 12pt;\"><span style=\"font-family: verdana,geneva,sans-serif; line-height: 1.5;\">&nbsp;&nbsp;&nbsp; Nj\u00eb shoq\u00ebri e till\u00eb do t\u00eb jepte shpirt n\u00eb nj\u00eb koh\u00eb t\u00eb shkurt\u00ebr. N\u00eb nj\u00eb shoq\u00ebri t\u00eb till\u00eb dikush do t\u00eb vidhte, nj\u00eb tjet\u00ebr do t\u00eb \u00e7nderonte, nj\u00eb i tret\u00eb do t\u00eb vriste. Pra, jeta do t\u00eb ishte e pasigurt. Do t\u00eb ishte i pamundur \u00e7do lloj bashk\u00ebpunimi dhe planifikimi sa i takon zhvillimit t\u00eb shkenc\u00ebs, kultur\u00ebs, ekonomis\u00eb apo familjes. \u00c7do lloj bashk\u00ebpunimi q\u00eb kryhet parak\u00ebrkon marr\u00ebdh\u00ebnie t\u00eb mira midis njer\u00ebzve, mir\u00ebkuptim dhe besim reciprok. Pa k\u00ebto asgj\u00eb nuk mund t\u00eb ekzistoj\u00eb dhe \u00e7do gj\u00eb do t\u00eb shkat\u00ebrrohet.<\/span><\/span><\/p>\n<p style=\"text-align: justify;\">\n\t<span style=\"font-size: 12pt;\"><span style=\"color: #000000;\"><span style=\"font-family: verdana,geneva,sans-serif; line-height: 1.5;\">&nbsp;&nbsp;&nbsp; Pak dob\u00ebsohet ky Ligj Hyjnor n\u00eb nd\u00ebrgjegjen e disa njer\u00ebzve dhe krijohet nj\u00eb trazir\u00eb e frikshme. Ka me mij\u00ebra ligje n\u00ebp\u00ebr shtete t\u00eb ndryshme t\u00eb bot\u00ebs. E megjithat\u00eb krimet q\u00eb ndodhin n\u00eb to jan\u00eb me mij\u00ebra \u00e7do jav\u00eb. P\u00ebrse ndodh nj\u00eb gj\u00eb e till\u00eb? Sepse k\u00ebto dhjet\u00eb urdh\u00ebrime jan\u00eb zbehur n\u00eb shpirtrat e atyre njer\u00ebzve q\u00eb kryejn\u00eb krime. Kur Ligji i Per\u00ebndis\u00eb resht s\u00eb udh\u00ebhequri jet\u00ebn ton\u00eb, at\u00ebher\u00eb ne ecim n\u00eb terrin m\u00eb t\u00eb err\u00ebt dhe si p\u00ebrfundim, rr\u00ebzohemi n\u00eb humner\u00eb.<br \/>\n\t<\/span><\/span><\/span><\/p>\n<p style=\"text-align: justify;\">\n\t<span style=\"font-size: 12pt;\"><span style=\"color: #000000;\"><span style=\"font-family: verdana,geneva,sans-serif; line-height: 1.5;\">&nbsp;&nbsp;&nbsp;&nbsp; <\/span><\/span><span style=\"color: #800000;\"><span style=\"font-family: verdana,geneva,sans-serif; line-height: 1.5;\"><em>Kund\u00ebrshtimet p\u00ebr ruajtjen e porosive dhe p\u00ebrballimi i tyre<\/em><\/span><\/span><\/span><\/p>\n<p style=\"text-align: justify;\">\n\t<span style=\"color: #000000; font-size: 12pt;\"><span style=\"font-family: verdana,geneva,sans-serif; line-height: 1.5;\">&nbsp;&nbsp;&nbsp; Disa reagojn\u00eb kur d\u00ebgjojn\u00eb argumentet e m\u00ebsip\u00ebrme dhe thon\u00eb se k\u00ebto urdh\u00ebrime nuk mund t\u00eb zbatohen si\u00e7 jan\u00eb, fjal\u00eb p\u00ebr fjal\u00eb. Nxjerrin si shkak se k\u00ebto jan\u00eb th\u00ebn\u00eb para shum\u00eb shekujsh dhe se tani gj\u00ebrat kan\u00eb ndryshuar. Por a mund t\u00eb pohohet se, meq\u00eb shekujt kan\u00eb kaluar, \u00ebsht\u00eb e nevojshme q\u00eb t\u00eb ndryshohen edhe k\u00ebto urdh\u00ebrime? A mund q\u00eb \u00e7do njeri t\u00eb zgjedh\u00eb vet\u00eb porosin\u00eb q\u00eb i p\u00eblqen dhe t\u00eb mos zbatoj\u00eb at\u00eb q\u00eb ia b\u00ebn jet\u00ebn t\u00eb v\u00ebshtir\u00eb, duke e quajtur si t\u00eb pazbatueshme?<\/span><\/span><\/p>\n<p style=\"text-align: justify;\">\n\t<span style=\"color: #000000; font-size: 12pt;\"><span style=\"font-family: verdana,geneva,sans-serif; line-height: 1.5;\">&nbsp;&nbsp;&nbsp; a) Fakti se k\u00ebto urdh\u00ebrime jan\u00eb n\u00eb fuqi prej kaq shum\u00eb shekujsh, na nxjerr n\u00eb pah pik\u00ebrisht r\u00ebnd\u00ebsin\u00eb e tyre. Mos vall\u00eb forca e r\u00ebndes\u00ebs, q\u00eb \u00ebsht\u00eb zbuluar prej koh\u00ebsh nuk ka vler\u00eb ende sot? Vall\u00eb dielli nuk na ndri\u00e7on p\u00ebr kaq shum\u00eb mij\u00ebvje\u00e7ar\u00eb? Sigurisht, t\u00eb gjitha k\u00ebto nuk reshtin s\u00eb qenuri t\u00eb domosdoshme p\u00ebr jet\u00ebn njer\u00ebzore, edhe pse p\u00ebrdoren n\u00eb m\u00ebnyr\u00eb t\u00eb vazhdueshme. Do t\u00eb ishte marr\u00ebzi q\u00eb t\u2019i linim m\u00ebnjan\u00eb si t\u00eb vjetruara pra, t\u00eb dala jasht\u00eb mode. <\/span><\/span><\/p>\n<p style=\"text-align: justify;\">\n\t<span style=\"color: #000000; font-size: 12pt;\"><span style=\"font-family: verdana,geneva,sans-serif; line-height: 1.5;\">&nbsp;&nbsp;&nbsp; b) Mjer\u00eb kushdo, n\u00ebse do t\u00eb ndryshonte k\u00ebto dhjet\u00eb porosi sipas parap\u00eblqimeve dhe interesave t\u00eb tij. N\u00ebse themi se mund t\u00eb vjedhim ose t\u00eb themi g\u00ebnjeshtra kur \u00ebsht\u00eb e nevojshme&#8230; at\u00ebher\u00eb \u00e7do gj\u00eb shkat\u00ebrrohet. P\u00ebrse ti t\u00eb vjedh\u00ebsh dhe un\u00eb nuk kam t\u00eb drejt\u00eb t\u00eb b\u00ebj t\u00eb nj\u00ebjt\u00ebn gj\u00eb? Ose k\u00ebto urdh\u00ebrime kan\u00eb vler\u00eb t\u00eb nj\u00ebjt\u00eb p\u00ebr t\u00eb gjith\u00eb dhe n\u00eb \u00e7do koh\u00eb, ose nuk kan\u00eb dhe at\u00ebher\u00eb t\u00eb gjith\u00eb kan\u00eb t\u00eb drejt\u00eb t\u2019i shkelin ato si\u00e7 duan. Nuk ka nj\u00eb t\u00eb mesme. Ato jan\u00eb t\u00eb p\u00ebrjetshme dhe me vler\u00eb p\u00ebr t\u00eb gjith\u00eb nj\u00ebsoj.<\/span><\/span><\/p>\n<p style=\"text-align: justify;\">\n\t<span style=\"font-size: 12pt;\"><span style=\"color: #000000;\"><span style=\"font-family: verdana,geneva,sans-serif; line-height: 1.5;\">&nbsp;&nbsp;&nbsp; N\u00ebse dikush mendon se Per\u00ebndia na e kufizon lirin\u00eb duke dh\u00ebn\u00eb k\u00ebto urdh\u00ebrime-porosi, le t\u2019i themi se Ligji i Per\u00ebndis\u00eb ndihmon lirin\u00eb ton\u00eb dhe nuk e kufizon aspak at\u00eb. Ai q\u00eb m\u00ebson muzik\u00eb, a nuk duhet t\u00eb zbatoj\u00eb ligjet e harmonis\u00eb? Mos vall\u00eb duke i zbatuar ato, ai humbet lirin\u00eb e tij? Aspak, madje ndodh e kund\u00ebrta. N\u00ebse d\u00ebshiron, sigurisht q\u00eb ka t\u00eb drejt\u00ebn t\u00eb mos i ruaj\u00eb ato, por n\u00eb k\u00ebt\u00eb rast, n\u00eb vend t\u00eb kompozoj\u00eb nj\u00eb pjes\u00eb melodike, do t\u00eb b\u00ebj\u00eb nj\u00eb sh\u00ebmti q\u00eb asnj\u00eb vesh nuk do ta duroj\u00eb dot ta d\u00ebgjoj\u00eb. Sigurisht, dikush mund t\u00eb jetoj\u00eb n\u00eb kund\u00ebrshtim me ligjet hyjnore t\u00eb jet\u00ebs. Por, jeta e tij do t\u00eb jet\u00eb nj\u00eb sh\u00ebmti e tmerrshme dhe nuk do t\u00eb durohet si nga Per\u00ebndia, ashtu dhe nga njer\u00ebzit e tjer\u00eb. Por kush guxon t\u00eb propozoj\u00eb shfuqizimin e Dekalogut?<br \/>\n\t<\/span><\/span><\/span><\/p>\n<p style=\"text-align: justify;\">\n\t<span style=\"font-size: 12pt;\"><span style=\"color: #000000;\"><span style=\"font-family: verdana,geneva,sans-serif; line-height: 1.5;\">&nbsp;&nbsp;&nbsp;&nbsp; <\/span><\/span><span style=\"color: #800000;\"><span style=\"font-family: verdana,geneva,sans-serif; line-height: 1.5;\"><em>Vet\u00ebshqyrtim dhe p\u00ebrpjekje p\u00ebr t\u2019u p\u00ebrmir\u00ebsuar<\/em><\/span><\/span><\/span><\/p>\n<p style=\"text-align: justify;\">\n\t<span style=\"color: #000000; font-size: 12pt;\"><span style=\"font-family: verdana,geneva,sans-serif; line-height: 1.5;\">&nbsp;&nbsp;&nbsp; Le t\u00eb pyesim veten n\u00ebse i zbatojm\u00eb k\u00ebto porosi me besnik\u00ebri apo jo. Shpeshher\u00eb edhe ne i shkelim ato. Ky \u00ebsht\u00eb ndryshimi mes ligjeve morale dhe atyre fizike. E gjith\u00eb bota e pajet\u00eb l\u00ebviz me ashp\u00ebrsi t\u00eb madhe mbi ligjet fizike. Por njeriu nga ana e vet, \u00ebsht\u00eb i lir\u00eb t\u00eb zbatoj\u00eb ose jo ligjet morale, q\u00eb i ka caktuar Per\u00ebndia. Zoti i gjith\u00ebsis\u00eb i dha mund\u00ebsin\u00eb q\u00eb t\u00eb b\u00ebj\u00eb zgjedhje i lir\u00eb. Por edhe i ka b\u00ebr\u00eb t\u00eb ditur, se n\u00ebse shkel nj\u00eb nga k\u00ebto ligje, do t\u00eb shkoj\u00eb drejt humbjes.<\/span><\/span><\/p>\n<p style=\"text-align: justify;\">\n\t<span style=\"color: #000000; font-size: 12pt;\"><span style=\"font-family: verdana,geneva,sans-serif; line-height: 1.5;\">&nbsp;&nbsp;&nbsp; P\u00ebr t\u00eb pasur mund\u00ebsin\u00eb e korrigjimit t\u00eb sjelljes son\u00eb, le t\u00eb q\u00ebndrojm\u00eb t\u00eb qet\u00eb p\u00ebr nj\u00eb or\u00eb, n\u00eb nj\u00eb vend pa shum\u00eb zhurm\u00eb, p\u00ebr t\u00eb par\u00eb veten si n\u00eb pasqyr\u00eb dhe le t\u00eb analizojm\u00eb shpirtin ton\u00eb. P.sh. Per\u00ebndia na urdh\u00ebron t\u00eb mos b\u00ebjm\u00eb idhuj p\u00ebr veten. Mos vall\u00eb kam b\u00ebr\u00eb idhuj p\u00ebr veten time njer\u00ebz t\u00eb tjer\u00eb si politikan\u00eb, sportist\u00eb, artist\u00eb apo t\u00eb pasur dhe p\u00ebrpiqem t\u00eb imitoj sjelljen e tyre t\u00eb pamend? \u201cNdero atin dhe n\u00ebn\u00ebn t\u00ebnde\u201d. Vall\u00eb i nderoj njer\u00ebzit e mi apo i hidh\u00ebroj duke qen\u00eb inat\u00e7i dhe kok\u00ebfort\u00eb me ta? Ligji i Per\u00ebndis\u00eb na thot\u00eb: \u201cMos merr n\u00ebp\u00ebr goj\u00eb ose mos e p\u00ebrmend kot emrin e Zotit, Per\u00ebndis\u00eb t\u00ebnd\u201d. Mos vall\u00eb un\u00eb b\u00ebj betime, p\u00ebrdor sa p\u00ebr sy e faqe emrin e shenjt\u00eb t\u00eb Per\u00ebndis\u00eb? Mos ndoshta m\u00eb p\u00eblqen t\u00eb kem gj\u00ebra t\u00eb t\u00eb tjer\u00ebve dhe p\u00ebrpiqem t\u00eb pasurohem duke i vjedhur ata?<\/span><\/span><\/p>\n<p style=\"text-align: justify;\">\n\t<span style=\"color: #000000; font-size: 12pt;\"><span style=\"font-family: verdana,geneva,sans-serif; line-height: 1.5;\">&nbsp;&nbsp;&nbsp; Pasi t\u00eb kemi par\u00eb me past\u00ebrti se n\u00eb cilin nga urdh\u00ebrimet e Zotit kemi m\u00ebkatuar dhe kemi kryer shkelje, le t\u00eb b\u00ebjm\u00eb nj\u00eb p\u00ebrpjekje m\u00eb sistematike p\u00ebr t\u2019u korrigjuar.<\/span><\/span><\/p>\n<p style=\"text-align: center;\">\n\t<span style=\"color: #800000; font-size: 12pt;\"><span style=\"font-family: verdana,geneva,sans-serif; line-height: 1.5;\"><strong>* * *<\/strong><\/span><\/span><\/p>\n<p style=\"text-align: justify;\">\n\t<span style=\"color: #000000; font-size: 12pt;\"><span style=\"font-family: verdana,geneva,sans-serif; line-height: 1.5;\">&nbsp;&nbsp;&nbsp; Nj\u00eb shkrimtar, p\u00ebr t\u00eb treguar se ku shkon nj\u00eb shoq\u00ebri, q\u00eb nuk i zbaton t\u00eb dhjet\u00eb urdh\u00ebrimet, p\u00ebrdor alegorin\u00eb e m\u00ebposhtme: Nj\u00eb pronar i madh vreshtash, kishte n\u00eb qilarin e tij nj\u00eb fu\u00e7i t\u00eb madhe me ver\u00eb t\u00eb vjet\u00ebr e t\u00eb nj\u00eb cil\u00ebsie shum\u00eb t\u00eb mir\u00eb. Ai ishte kujdesur q\u00eb asnj\u00eb pik\u00eb pije t\u00eb mos rridhte jasht\u00eb fu\u00e7is\u00eb. Por vera nisi t\u00eb mendoj\u00eb me shum\u00eb egoiz\u00ebm: \u201cPa shiko se sa shum\u00eb vler\u00eb q\u00eb kam! Jap fuqi, g\u00ebzim, lumturi. Po p\u00ebrse m\u00eb mbajn\u00eb k\u00ebtu t\u00eb mbyllur me k\u00ebta rrath\u00eb hekuri, q\u00eb shtr\u00ebngojn\u00eb fu\u00e7in\u00eb?\u201d. P\u00ebrdit\u00eb ajo ndihej e shtr\u00ebnguar dhe e lodhur nga ajo gjendje q\u00eb p\u00ebr t\u00eb, ishte fare e padurueshme. Nj\u00eb dit\u00eb vendosi t\u00eb arratisej s\u00eb andejmi dhe t\u00eb \u00e7lirohej nga fu\u00e7ia q\u00eb e mbante t\u00eb lidhur. Nisi t\u00eb fryhej, t\u00eb fryhej pa pushim q\u00eb t\u00eb p\u00eblciste fu\u00e7in\u00eb e drunjt\u00eb. N\u00eb fillim nisi me droj\u00eb, por n\u00eb fund mori sill\u00eb dhe fuqi t\u00eb madhe. Rrath\u00ebt prej hekuri nis\u00ebn t\u00eb k\u00ebrcejn\u00eb nga trupi i fu\u00e7is\u00eb dhe pas pak u krijuan t\u00eb \u00e7arat e para. Rrath\u00ebt e fundit u rrokullis\u00ebn dhe n\u00eb at\u00eb \u00e7ast, kur po mendonte se tanim\u00eb liria ishte af\u00ebr, d\u00ebrrasat u shk\u00ebput\u00ebn nj\u00ebra nga tjetra dhe vera, krenare, p\u00ebr fuqin\u00eb dhe g\u00ebzimin q\u00eb jepte, u derdh e u b\u00eb nj\u00eb me dheun e lagur.\u201d<\/span><\/span><\/p>\n<p style=\"text-align: justify;\">\n\t<span style=\"color: #000000; font-size: 12pt;\"><span style=\"font-family: verdana,geneva,sans-serif; line-height: 1.5;\">&nbsp;&nbsp;&nbsp; Kjo histori simbolike ka nj\u00eb t\u00eb v\u00ebrtet\u00eb t\u00eb madhe n\u00eb vetvete. Njeriu i dehur nga p\u00ebrparimi i qytet\u00ebrimit, t\u00ebrhiqet n\u00eb egoizmin e tij dhe p\u00ebrpiqet t\u00eb \u00e7lirohet nga rrath\u00ebt, q\u00eb e rrethojn\u00eb dhe e mbrojn\u00eb, nga dhjet\u00eb porosit\u00eb e Per\u00ebndis\u00eb. K\u00ebt\u00eb e b\u00ebn sa her\u00eb q\u00eb p\u00ebrpiqet t\u2019i l\u00ebr\u00eb m\u00ebnjan\u00eb, sepse shqet\u00ebsojn\u00eb jet\u00ebn e tij individuale, sociale dhe familjare. N\u00eb k\u00ebt\u00eb rast nuk b\u00ebn asgj\u00eb tjet\u00ebr ve\u00e7se p\u00ebrgatit me dor\u00ebn e tij shkat\u00ebrrimin e vetes.<\/span><\/span><\/p>\n<p style=\"text-align: justify;\">\n\t<span style=\"color: #000000; font-size: 12pt;\"><span style=\"font-family: verdana,geneva,sans-serif; line-height: 1.5;\">&nbsp;&nbsp;&nbsp; Si ligjet fizike, ashtu edhe ato shpirt\u00ebrore, nuk u b\u00ebn\u00eb kurr\u00eb nga Per\u00ebndia p\u00ebr t\u00eb mbytur lirin\u00eb ton\u00eb, por p\u00ebr t\u00eb mbrojtur jet\u00ebn ton\u00eb nga shp\u00ebrb\u00ebrja dhe p\u00ebr ta rregulluar n\u00eb m\u00ebnyr\u00eb t\u00eb atill\u00eb, q\u00eb p\u00ebr njeriun t\u2019ia vlej\u00eb ta jetoj\u00eb.<\/span><\/span><br \/>\n\t<span style=\"font-size: 12pt;\"> &nbsp;<\/span><\/p>\n<p style=\"text-align: right;\">\n\t<span style=\"font-size: 12pt;\"><span style=\"color: #ff8c00;\"><span style=\"font-family: verdana,geneva,sans-serif; line-height: 1.5;\">Shk\u00ebputur nga libri \u201cUdh\u00ebtim shpirt\u00ebror\u201d i Kryepiskopit Anastas, Tiran\u00eb, 2011. <\/span><\/span><\/span><br style=\"text-align: justify;\" \/><br \/>\n\t<span style=\"font-size: 12pt;\"> <span style=\"color: #ff8c00;\"><span style=\"font-family: verdana,geneva,sans-serif; line-height: 1.5;\">Botuar n\u00eb Kalendarin Orthodhoks 2013, botim i Kish\u00ebs Orthodhokse Autoqefale e Shqip\u00ebris\u00eb.<\/span><\/span><\/span><\/p>\n<p>\t<span style=\"display: none; font-size: 12pt;\"> &nbsp;<\/span><\/p>\n","protected":false},"excerpt":{"rendered":"<p>&nbsp;&nbsp;&nbsp; N\u00eb bot\u00ebn e mrekullueshme q\u00eb na rrethon, n\u00eb bot\u00ebn ujore, bimore, shtazore dhe njer\u00ebzore, ka nj\u00eb plan t\u00eb urt\u00eb, ku t\u00eb gjitha l\u00ebvizin n\u00eb m\u00ebnyr\u00eb harmonike, n\u00eb p\u00ebrputhje me ligjet e natyr\u00ebs, q\u00eb ka caktuar Per\u00ebndia. &nbsp;&nbsp;&nbsp; E mendoni vall\u00eb se \u00e7far\u00eb do t\u00eb ndodhte n\u00ebse disa nga k\u00ebto ligje do t\u00eb reshtnin s\u00eb ekzistuari? P.sh. \u00e7far\u00eb do t\u00eb ndodhte n\u00ebse ligji i gravitacionit<\/p>\n","protected":false},"author":1,"featured_media":0,"comment_status":"open","ping_status":"open","sticky":false,"template":"","format":"standard","meta":{"_acf_changed":false,"pagelayer_contact_templates":[],"_pagelayer_content":"","inline_featured_image":false,"fifu_image_url":"","fifu_image_alt":"","footnotes":""},"categories":[112],"tags":[609,612],"class_list":["post-1748","post","type-post","status-publish","format-standard","hentry","category-materiale-shpirterore-d72","tag-materiale-shpirterore","tag-shpirterore-te-ndryshme"],"acf":[],"yoast_head":"<!-- This site is optimized with the Yoast SEO plugin v27.2 - https:\/\/yoast.com\/product\/yoast-seo-wordpress\/ -->\n<title>10 Porosit\u00eb e Per\u00ebndis\u00eb - Kisha Orthodh\u03bfkse Autoqefale e Shqip\u00ebris\u00eb<\/title>\n<meta name=\"robots\" content=\"index, follow, max-snippet:-1, max-image-preview:large, max-video-preview:-1\" \/>\n<link rel=\"canonical\" href=\"https:\/\/orthodoxalbania.org\/2020\/2013\/04\/09\/10-porosite-e-perendise\/\" \/>\n<meta property=\"og:locale\" content=\"en_US\" \/>\n<meta property=\"og:type\" content=\"article\" \/>\n<meta property=\"og:title\" content=\"10 Porosit\u00eb e Per\u00ebndis\u00eb - Kisha Orthodh\u03bfkse Autoqefale e Shqip\u00ebris\u00eb\" \/>\n<meta property=\"og:description\" content=\"&nbsp;&nbsp;&nbsp; N\u00eb bot\u00ebn e mrekullueshme q\u00eb na rrethon, n\u00eb bot\u00ebn ujore, bimore, shtazore dhe njer\u00ebzore, ka nj\u00eb plan t\u00eb urt\u00eb, ku t\u00eb gjitha l\u00ebvizin n\u00eb m\u00ebnyr\u00eb harmonike, n\u00eb p\u00ebrputhje me ligjet e natyr\u00ebs, q\u00eb ka caktuar Per\u00ebndia. &nbsp;&nbsp;&nbsp; E mendoni vall\u00eb se \u00e7far\u00eb do t\u00eb ndodhte n\u00ebse disa nga k\u00ebto ligje do t\u00eb reshtnin s\u00eb ekzistuari? P.sh. \u00e7far\u00eb do t\u00eb ndodhte n\u00ebse ligji i gravitacionit\" \/>\n<meta property=\"og:url\" content=\"https:\/\/orthodoxalbania.org\/2020\/2013\/04\/09\/10-porosite-e-perendise\/\" \/>\n<meta property=\"og:site_name\" content=\"Kisha Orthodh\u03bfkse Autoqefale e Shqip\u00ebris\u00eb\" \/>\n<meta property=\"article:publisher\" content=\"https:\/\/www.facebook.com\/koash1991\" \/>\n<meta property=\"article:published_time\" content=\"2013-04-09T13:40:54+00:00\" \/>\n<meta property=\"article:modified_time\" content=\"2020-04-06T00:59:13+00:00\" \/>\n<meta property=\"og:image\" content=\"https:\/\/orthodoxalbania.org\/2020\/wp-content\/uploads\/2021\/02\/LogoLastALb-200.png\" \/>\n\t<meta property=\"og:image:width\" content=\"200\" \/>\n\t<meta property=\"og:image:height\" content=\"172\" \/>\n\t<meta property=\"og:image:type\" content=\"image\/png\" \/>\n<meta name=\"author\" content=\"Kisha Orthodhokse\" \/>\n<meta name=\"twitter:card\" content=\"summary_large_image\" \/>\n<meta name=\"twitter:label1\" content=\"Written by\" \/>\n\t<meta name=\"twitter:data1\" content=\"Kisha Orthodhokse\" \/>\n\t<meta name=\"twitter:label2\" content=\"Est. reading time\" \/>\n\t<meta name=\"twitter:data2\" content=\"12 minutes\" \/>\n<script type=\"application\/ld+json\" class=\"yoast-schema-graph\">{\"@context\":\"https:\/\/schema.org\",\"@graph\":[{\"@type\":\"Article\",\"@id\":\"https:\/\/orthodoxalbania.org\/2020\/2013\/04\/09\/10-porosite-e-perendise\/#article\",\"isPartOf\":{\"@id\":\"https:\/\/orthodoxalbania.org\/2020\/2013\/04\/09\/10-porosite-e-perendise\/\"},\"author\":{\"name\":\"Kisha Orthodhokse\",\"@id\":\"https:\/\/orthodoxalbania.org\/2020\/#\/schema\/person\/0c387634a7063ac612d7ed9ce71c7e86\"},\"headline\":\"10 Porosit\u00eb e Per\u00ebndis\u00eb\",\"datePublished\":\"2013-04-09T13:40:54+00:00\",\"dateModified\":\"2020-04-06T00:59:13+00:00\",\"mainEntityOfPage\":{\"@id\":\"https:\/\/orthodoxalbania.org\/2020\/2013\/04\/09\/10-porosite-e-perendise\/\"},\"wordCount\":2441,\"commentCount\":0,\"publisher\":{\"@id\":\"https:\/\/orthodoxalbania.org\/2020\/#organization\"},\"keywords\":[\"Materiale Shpirterore\",\"Shpirterore t\u00eb ndryshme\"],\"articleSection\":[\"Materiale Shpirt\u00ebrore\"],\"inLanguage\":\"en-US\"},{\"@type\":\"WebPage\",\"@id\":\"https:\/\/orthodoxalbania.org\/2020\/2013\/04\/09\/10-porosite-e-perendise\/\",\"url\":\"https:\/\/orthodoxalbania.org\/2020\/2013\/04\/09\/10-porosite-e-perendise\/\",\"name\":\"10 Porosit\u00eb e Per\u00ebndis\u00eb - Kisha Orthodh\u03bfkse Autoqefale e Shqip\u00ebris\u00eb\",\"isPartOf\":{\"@id\":\"https:\/\/orthodoxalbania.org\/2020\/#website\"},\"datePublished\":\"2013-04-09T13:40:54+00:00\",\"dateModified\":\"2020-04-06T00:59:13+00:00\",\"breadcrumb\":{\"@id\":\"https:\/\/orthodoxalbania.org\/2020\/2013\/04\/09\/10-porosite-e-perendise\/#breadcrumb\"},\"inLanguage\":\"en-US\",\"potentialAction\":[{\"@type\":\"ReadAction\",\"target\":[\"https:\/\/orthodoxalbania.org\/2020\/2013\/04\/09\/10-porosite-e-perendise\/\"]}]},{\"@type\":\"BreadcrumbList\",\"@id\":\"https:\/\/orthodoxalbania.org\/2020\/2013\/04\/09\/10-porosite-e-perendise\/#breadcrumb\",\"itemListElement\":[{\"@type\":\"ListItem\",\"position\":1,\"name\":\"Home\",\"item\":\"https:\/\/orthodoxalbania.org\/2020\/\"},{\"@type\":\"ListItem\",\"position\":2,\"name\":\"10 Porosit\u00eb e Per\u00ebndis\u00eb\"}]},{\"@type\":\"WebSite\",\"@id\":\"https:\/\/orthodoxalbania.org\/2020\/#website\",\"url\":\"https:\/\/orthodoxalbania.org\/2020\/\",\"name\":\"Kisha Orthodh\u03bfkse Autoqefale e Shqip\u00ebris\u00eb\",\"description\":\"Fqja Zyrtare e Kish\u00ebs Orthodhokse Autoqefale e Shqip\u00ebris\u00eb me lajmet edhe informacionet zyrtare p\u00ebr struktur\u00ebn edhe veprimtarin e saj.\",\"publisher\":{\"@id\":\"https:\/\/orthodoxalbania.org\/2020\/#organization\"},\"potentialAction\":[{\"@type\":\"SearchAction\",\"target\":{\"@type\":\"EntryPoint\",\"urlTemplate\":\"https:\/\/orthodoxalbania.org\/2020\/?s={search_term_string}\"},\"query-input\":{\"@type\":\"PropertyValueSpecification\",\"valueRequired\":true,\"valueName\":\"search_term_string\"}}],\"inLanguage\":\"en-US\"},{\"@type\":\"Organization\",\"@id\":\"https:\/\/orthodoxalbania.org\/2020\/#organization\",\"name\":\"Kisha Orthodhokse Autoqefale e Shqip\u00ebris\u00eb\",\"url\":\"https:\/\/orthodoxalbania.org\/2020\/\",\"logo\":{\"@type\":\"ImageObject\",\"inLanguage\":\"en-US\",\"@id\":\"https:\/\/orthodoxalbania.org\/2020\/#\/schema\/logo\/image\/\",\"url\":\"https:\/\/orthodoxalbania.org\/2020\/wp-content\/uploads\/2020\/05\/albania.jpeg\",\"contentUrl\":\"https:\/\/orthodoxalbania.org\/2020\/wp-content\/uploads\/2020\/05\/albania.jpeg\",\"width\":540,\"height\":540,\"caption\":\"Kisha Orthodhokse Autoqefale e Shqip\u00ebris\u00eb\"},\"image\":{\"@id\":\"https:\/\/orthodoxalbania.org\/2020\/#\/schema\/logo\/image\/\"},\"sameAs\":[\"https:\/\/www.facebook.com\/koash1991\"]},{\"@type\":\"Person\",\"@id\":\"https:\/\/orthodoxalbania.org\/2020\/#\/schema\/person\/0c387634a7063ac612d7ed9ce71c7e86\",\"name\":\"Kisha Orthodhokse\",\"image\":{\"@type\":\"ImageObject\",\"inLanguage\":\"en-US\",\"@id\":\"https:\/\/secure.gravatar.com\/avatar\/596e7c417251e30f2fbb9c00e026fce61a695a00e51c889caded71c96cbbdde5?s=96&d=mm&r=g\",\"url\":\"https:\/\/secure.gravatar.com\/avatar\/596e7c417251e30f2fbb9c00e026fce61a695a00e51c889caded71c96cbbdde5?s=96&d=mm&r=g\",\"contentUrl\":\"https:\/\/secure.gravatar.com\/avatar\/596e7c417251e30f2fbb9c00e026fce61a695a00e51c889caded71c96cbbdde5?s=96&d=mm&r=g\",\"caption\":\"Kisha Orthodhokse\"}}]}<\/script>\n<!-- \/ Yoast SEO plugin. -->","yoast_head_json":{"title":"10 Porosit\u00eb e Per\u00ebndis\u00eb - Kisha Orthodh\u03bfkse Autoqefale e Shqip\u00ebris\u00eb","robots":{"index":"index","follow":"follow","max-snippet":"max-snippet:-1","max-image-preview":"max-image-preview:large","max-video-preview":"max-video-preview:-1"},"canonical":"https:\/\/orthodoxalbania.org\/2020\/2013\/04\/09\/10-porosite-e-perendise\/","og_locale":"en_US","og_type":"article","og_title":"10 Porosit\u00eb e Per\u00ebndis\u00eb - Kisha Orthodh\u03bfkse Autoqefale e Shqip\u00ebris\u00eb","og_description":"&nbsp;&nbsp;&nbsp; N\u00eb bot\u00ebn e mrekullueshme q\u00eb na rrethon, n\u00eb bot\u00ebn ujore, bimore, shtazore dhe njer\u00ebzore, ka nj\u00eb plan t\u00eb urt\u00eb, ku t\u00eb gjitha l\u00ebvizin n\u00eb m\u00ebnyr\u00eb harmonike, n\u00eb p\u00ebrputhje me ligjet e natyr\u00ebs, q\u00eb ka caktuar Per\u00ebndia. &nbsp;&nbsp;&nbsp; E mendoni vall\u00eb se \u00e7far\u00eb do t\u00eb ndodhte n\u00ebse disa nga k\u00ebto ligje do t\u00eb reshtnin s\u00eb ekzistuari? P.sh. \u00e7far\u00eb do t\u00eb ndodhte n\u00ebse ligji i gravitacionit","og_url":"https:\/\/orthodoxalbania.org\/2020\/2013\/04\/09\/10-porosite-e-perendise\/","og_site_name":"Kisha Orthodh\u03bfkse Autoqefale e Shqip\u00ebris\u00eb","article_publisher":"https:\/\/www.facebook.com\/koash1991","article_published_time":"2013-04-09T13:40:54+00:00","article_modified_time":"2020-04-06T00:59:13+00:00","og_image":[{"width":200,"height":172,"url":"https:\/\/orthodoxalbania.org\/2020\/wp-content\/uploads\/2021\/02\/LogoLastALb-200.png","type":"image\/png"}],"author":"Kisha Orthodhokse","twitter_card":"summary_large_image","twitter_misc":{"Written by":"Kisha Orthodhokse","Est. reading time":"12 minutes"},"schema":{"@context":"https:\/\/schema.org","@graph":[{"@type":"Article","@id":"https:\/\/orthodoxalbania.org\/2020\/2013\/04\/09\/10-porosite-e-perendise\/#article","isPartOf":{"@id":"https:\/\/orthodoxalbania.org\/2020\/2013\/04\/09\/10-porosite-e-perendise\/"},"author":{"name":"Kisha Orthodhokse","@id":"https:\/\/orthodoxalbania.org\/2020\/#\/schema\/person\/0c387634a7063ac612d7ed9ce71c7e86"},"headline":"10 Porosit\u00eb e Per\u00ebndis\u00eb","datePublished":"2013-04-09T13:40:54+00:00","dateModified":"2020-04-06T00:59:13+00:00","mainEntityOfPage":{"@id":"https:\/\/orthodoxalbania.org\/2020\/2013\/04\/09\/10-porosite-e-perendise\/"},"wordCount":2441,"commentCount":0,"publisher":{"@id":"https:\/\/orthodoxalbania.org\/2020\/#organization"},"keywords":["Materiale Shpirterore","Shpirterore t\u00eb ndryshme"],"articleSection":["Materiale Shpirt\u00ebrore"],"inLanguage":"en-US"},{"@type":"WebPage","@id":"https:\/\/orthodoxalbania.org\/2020\/2013\/04\/09\/10-porosite-e-perendise\/","url":"https:\/\/orthodoxalbania.org\/2020\/2013\/04\/09\/10-porosite-e-perendise\/","name":"10 Porosit\u00eb e Per\u00ebndis\u00eb - Kisha Orthodh\u03bfkse Autoqefale e Shqip\u00ebris\u00eb","isPartOf":{"@id":"https:\/\/orthodoxalbania.org\/2020\/#website"},"datePublished":"2013-04-09T13:40:54+00:00","dateModified":"2020-04-06T00:59:13+00:00","breadcrumb":{"@id":"https:\/\/orthodoxalbania.org\/2020\/2013\/04\/09\/10-porosite-e-perendise\/#breadcrumb"},"inLanguage":"en-US","potentialAction":[{"@type":"ReadAction","target":["https:\/\/orthodoxalbania.org\/2020\/2013\/04\/09\/10-porosite-e-perendise\/"]}]},{"@type":"BreadcrumbList","@id":"https:\/\/orthodoxalbania.org\/2020\/2013\/04\/09\/10-porosite-e-perendise\/#breadcrumb","itemListElement":[{"@type":"ListItem","position":1,"name":"Home","item":"https:\/\/orthodoxalbania.org\/2020\/"},{"@type":"ListItem","position":2,"name":"10 Porosit\u00eb e Per\u00ebndis\u00eb"}]},{"@type":"WebSite","@id":"https:\/\/orthodoxalbania.org\/2020\/#website","url":"https:\/\/orthodoxalbania.org\/2020\/","name":"Kisha Orthodh\u03bfkse Autoqefale e Shqip\u00ebris\u00eb","description":"Fqja Zyrtare e Kish\u00ebs Orthodhokse Autoqefale e Shqip\u00ebris\u00eb me lajmet edhe informacionet zyrtare p\u00ebr struktur\u00ebn edhe veprimtarin e saj.","publisher":{"@id":"https:\/\/orthodoxalbania.org\/2020\/#organization"},"potentialAction":[{"@type":"SearchAction","target":{"@type":"EntryPoint","urlTemplate":"https:\/\/orthodoxalbania.org\/2020\/?s={search_term_string}"},"query-input":{"@type":"PropertyValueSpecification","valueRequired":true,"valueName":"search_term_string"}}],"inLanguage":"en-US"},{"@type":"Organization","@id":"https:\/\/orthodoxalbania.org\/2020\/#organization","name":"Kisha Orthodhokse Autoqefale e Shqip\u00ebris\u00eb","url":"https:\/\/orthodoxalbania.org\/2020\/","logo":{"@type":"ImageObject","inLanguage":"en-US","@id":"https:\/\/orthodoxalbania.org\/2020\/#\/schema\/logo\/image\/","url":"https:\/\/orthodoxalbania.org\/2020\/wp-content\/uploads\/2020\/05\/albania.jpeg","contentUrl":"https:\/\/orthodoxalbania.org\/2020\/wp-content\/uploads\/2020\/05\/albania.jpeg","width":540,"height":540,"caption":"Kisha Orthodhokse Autoqefale e Shqip\u00ebris\u00eb"},"image":{"@id":"https:\/\/orthodoxalbania.org\/2020\/#\/schema\/logo\/image\/"},"sameAs":["https:\/\/www.facebook.com\/koash1991"]},{"@type":"Person","@id":"https:\/\/orthodoxalbania.org\/2020\/#\/schema\/person\/0c387634a7063ac612d7ed9ce71c7e86","name":"Kisha Orthodhokse","image":{"@type":"ImageObject","inLanguage":"en-US","@id":"https:\/\/secure.gravatar.com\/avatar\/596e7c417251e30f2fbb9c00e026fce61a695a00e51c889caded71c96cbbdde5?s=96&d=mm&r=g","url":"https:\/\/secure.gravatar.com\/avatar\/596e7c417251e30f2fbb9c00e026fce61a695a00e51c889caded71c96cbbdde5?s=96&d=mm&r=g","contentUrl":"https:\/\/secure.gravatar.com\/avatar\/596e7c417251e30f2fbb9c00e026fce61a695a00e51c889caded71c96cbbdde5?s=96&d=mm&r=g","caption":"Kisha Orthodhokse"}}]}},"_links":{"self":[{"href":"https:\/\/orthodoxalbania.org\/2020\/wp-json\/wp\/v2\/posts\/1748","targetHints":{"allow":["GET"]}}],"collection":[{"href":"https:\/\/orthodoxalbania.org\/2020\/wp-json\/wp\/v2\/posts"}],"about":[{"href":"https:\/\/orthodoxalbania.org\/2020\/wp-json\/wp\/v2\/types\/post"}],"author":[{"embeddable":true,"href":"https:\/\/orthodoxalbania.org\/2020\/wp-json\/wp\/v2\/users\/1"}],"replies":[{"embeddable":true,"href":"https:\/\/orthodoxalbania.org\/2020\/wp-json\/wp\/v2\/comments?post=1748"}],"version-history":[{"count":1,"href":"https:\/\/orthodoxalbania.org\/2020\/wp-json\/wp\/v2\/posts\/1748\/revisions"}],"predecessor-version":[{"id":14478,"href":"https:\/\/orthodoxalbania.org\/2020\/wp-json\/wp\/v2\/posts\/1748\/revisions\/14478"}],"wp:attachment":[{"href":"https:\/\/orthodoxalbania.org\/2020\/wp-json\/wp\/v2\/media?parent=1748"}],"wp:term":[{"taxonomy":"category","embeddable":true,"href":"https:\/\/orthodoxalbania.org\/2020\/wp-json\/wp\/v2\/categories?post=1748"},{"taxonomy":"post_tag","embeddable":true,"href":"https:\/\/orthodoxalbania.org\/2020\/wp-json\/wp\/v2\/tags?post=1748"}],"curies":[{"name":"wp","href":"https:\/\/api.w.org\/{rel}","templated":true}]}}