{"id":1744,"date":"2013-03-21T12:25:09","date_gmt":"2013-03-21T12:25:09","guid":{"rendered":""},"modified":"2020-04-13T00:30:56","modified_gmt":"2020-04-12T22:30:56","slug":"xiv-to-xx-century-iconographic-exhibit-opens-at-the-national-gallery-of-art","status":"publish","type":"post","link":"https:\/\/orthodoxalbania.org\/2020\/en\/2013\/03\/21\/xiv-to-xx-century-iconographic-exhibit-opens-at-the-national-gallery-of-art\/","title":{"rendered":"\u201cXIV to XX Century Iconographic Exhibit,&#8221; Opens at the National Gallery of Art. (13 October 2012)"},"content":{"rendered":"<div style=\"text-align: justify;\"><span style=\"color: #000000;\"><span style=\"font-family: tahoma,geneva,sans-serif;\"><span style=\"font-size: 12px;\"><img class=\"lazyload\" decoding=\"async\" style=\"width: 250px; border-width: 1px; border-style: solid; margin: 10px; float: left; height: 125px;\" alt=\"\" src=\"data:image\/gif;base64,R0lGODlhAQABAAAAACH5BAEKAAEALAAAAAABAAEAAAICTAEAOw==\" data-orig-src=\"https:\/\/lh4.googleusercontent.com\/-Pjy5Ctrz1cU\/UK9Hc5ph-VI\/AAAAAAAABL4\/UOkLJ2clNBU\/s200\/news_th_ekspozita_ikonave_1144_0.jpg\" \/>&nbsp;&nbsp;&nbsp; On Wednesday, October 13th, an &#8220;Iconographic Exhibition,&#8221; with icons found and authenticated to be from Albania during the XIV-XX centuries opened at the Gallery of Arts in Tirana. In conjunction with the 100th anniversary of Albanian Independence, the Ministry of Culture of the Republic of Albania, with the cooperation of the Historical Museums of Berat and Kor\u00e7a, supported fully this &#8220;XIV to XX Century Iconographic Exhibit\u201d.<\/span><\/span><\/span><\/div>\n<div style=\"text-align: justify;\"> <span style=\"color: #000000;\"><span style=\"font-family: tahoma,geneva,sans-serif;\"><span style=\"font-size: 12px;\">&nbsp;&nbsp;&nbsp; His Beatitude Anastasios Archbishop of Tirana, Durr\u00ebs and All Albania was present, as well as Archimandrite Justin Anthimiadhi, Archimandrite Cosmas, Deacon Anastas Bendo, and intellectuals and youth activists close to Orthodox Autocephalous Church of Albania. The exhibition was opened by the Director of GKA, Mr. Rubens Shima. The Minister of Culture, Mr. Aldo Bum\u00e7i, in his speech to the participants among other things emphasized: &#8220;Icons are a wonderful heritage, a great asset, which we use to introduce the values of Albania in exhibitions that are currently open in Rome and in Moscow.&#8221;<\/span><\/span><\/span><\/div>\n<div style=\"text-align: justify;\"> <span style=\"color: #000000;\"><span style=\"font-family: tahoma,geneva,sans-serif;\"><span style=\"font-size: 12px;\">&nbsp;&nbsp;&nbsp; The Minister of Culture Mr. Bum\u00e7i, also thanked the representatives of the Orthodox Church whom, together with, but also independent of the Ministry have helped in the restoration of ancient churches and icons. He expressed his gratitude to Archbishop Anastasios for this dynamic activity and great assistance. The XIV to XX century Iconographic Exhibition will remain open at GKA until the date of November 29th.<\/span><\/span><\/span><\/div>\n<div style=\"text-align: right;\">\n<p> <span style=\"color: #000000;\"><span style=\"font-family: tahoma,geneva,sans-serif;\"><span style=\"font-size: 12px;\"><strong>Julia Lila<\/strong><\/span><\/span><\/span><\/p>\n<p> &nbsp;<\/p><\/div>\n","protected":false},"excerpt":{"rendered":"<p>&nbsp;&nbsp;&nbsp; On Wednesday, October 13th, an &#8220;Iconographic Exhibition,&#8221; with icons found and authenticated to be from Albania during the XIV-XX centuries opened at the Gallery of Arts in Tirana. In conjunction with the 100th anniversary of Albanian Independence, the Ministry of Culture of the Republic of Albania, with the cooperation of the Historical Museums of Berat and Kor\u00e7a, supported fully this &#8220;XIV to XX Century<\/p>\n","protected":false},"author":7,"featured_media":0,"comment_status":"open","ping_status":"open","sticky":false,"template":"","format":"standard","meta":{"_acf_changed":false,"pagelayer_contact_templates":[],"_pagelayer_content":"","inline_featured_image":false,"fifu_image_url":"","fifu_image_alt":"","footnotes":""},"categories":[1455,311],"tags":[1137,1233],"class_list":["post-1744","post","type-post","status-publish","format-standard","hentry","category-news-en","category-news-d25","tag-2012-en","tag-declarations-official-announcements"],"acf":[],"yoast_head":"<!-- This site is optimized with the Yoast SEO plugin v27.2 - https:\/\/yoast.com\/product\/yoast-seo-wordpress\/ -->\n<title>\u201cXIV to XX Century Iconographic Exhibit,&quot; Opens at the National Gallery of Art. (13 October 2012) - Kisha Orthodh\u03bfkse Autoqefale e Shqip\u00ebris\u00eb<\/title>\n<meta name=\"robots\" content=\"index, follow, max-snippet:-1, max-image-preview:large, max-video-preview:-1\" \/>\n<link rel=\"canonical\" href=\"https:\/\/orthodoxalbania.org\/2020\/en\/2013\/03\/21\/xiv-to-xx-century-iconographic-exhibit-opens-at-the-national-gallery-of-art\/\" \/>\n<meta property=\"og:locale\" content=\"en_US\" \/>\n<meta property=\"og:type\" content=\"article\" \/>\n<meta property=\"og:title\" content=\"\u201cXIV to XX Century Iconographic Exhibit,&quot; Opens at the National Gallery of Art. (13 October 2012) - Kisha Orthodh\u03bfkse Autoqefale e Shqip\u00ebris\u00eb\" \/>\n<meta property=\"og:description\" content=\"&nbsp;&nbsp;&nbsp; On Wednesday, October 13th, an &#8220;Iconographic Exhibition,&#8221; with icons found and authenticated to be from Albania during the XIV-XX centuries opened at the Gallery of Arts in Tirana. In conjunction with the 100th anniversary of Albanian Independence, the Ministry of Culture of the Republic of Albania, with the cooperation of the Historical Museums of Berat and Kor\u00e7a, supported fully this &#8220;XIV to XX Century\" \/>\n<meta property=\"og:url\" content=\"https:\/\/orthodoxalbania.org\/2020\/en\/2013\/03\/21\/xiv-to-xx-century-iconographic-exhibit-opens-at-the-national-gallery-of-art\/\" \/>\n<meta property=\"og:site_name\" content=\"Kisha Orthodh\u03bfkse Autoqefale e Shqip\u00ebris\u00eb\" \/>\n<meta property=\"article:publisher\" content=\"https:\/\/www.facebook.com\/koash1991\" \/>\n<meta property=\"article:published_time\" content=\"2013-03-21T12:25:09+00:00\" \/>\n<meta property=\"article:modified_time\" content=\"2020-04-12T22:30:56+00:00\" \/>\n<meta property=\"og:image\" content=\"https:\/\/lh4.googleusercontent.com\/-Pjy5Ctrz1cU\/UK9Hc5ph-VI\/AAAAAAAABL4\/UOkLJ2clNBU\/s200\/news_th_ekspozita_ikonave_1144_0.jpg\" \/>\n<meta name=\"author\" content=\"Kisha Orthodhokse\" \/>\n<meta name=\"twitter:card\" content=\"summary_large_image\" \/>\n<meta name=\"twitter:label1\" content=\"Written by\" \/>\n\t<meta name=\"twitter:data1\" content=\"Kisha Orthodhokse\" \/>\n\t<meta name=\"twitter:label2\" content=\"Est. reading time\" \/>\n\t<meta name=\"twitter:data2\" content=\"1 minute\" \/>\n<script type=\"application\/ld+json\" class=\"yoast-schema-graph\">{\"@context\":\"https:\/\/schema.org\",\"@graph\":[{\"@type\":\"Article\",\"@id\":\"https:\/\/orthodoxalbania.org\/2020\/en\/2013\/03\/21\/xiv-to-xx-century-iconographic-exhibit-opens-at-the-national-gallery-of-art\/#article\",\"isPartOf\":{\"@id\":\"https:\/\/orthodoxalbania.org\/2020\/en\/2013\/03\/21\/xiv-to-xx-century-iconographic-exhibit-opens-at-the-national-gallery-of-art\/\"},\"author\":{\"name\":\"Kisha Orthodhokse\",\"@id\":\"https:\/\/orthodoxalbania.org\/2020\/#\/schema\/person\/df745f942b70e045b3dc05a30211f0de\"},\"headline\":\"\u201cXIV to XX Century Iconographic Exhibit,&#8221; Opens at the National Gallery of Art. (13 October 2012)\",\"datePublished\":\"2013-03-21T12:25:09+00:00\",\"dateModified\":\"2020-04-12T22:30:56+00:00\",\"mainEntityOfPage\":{\"@id\":\"https:\/\/orthodoxalbania.org\/2020\/en\/2013\/03\/21\/xiv-to-xx-century-iconographic-exhibit-opens-at-the-national-gallery-of-art\/\"},\"wordCount\":253,\"commentCount\":0,\"publisher\":{\"@id\":\"https:\/\/orthodoxalbania.org\/2020\/#organization\"},\"image\":{\"@id\":\"https:\/\/orthodoxalbania.org\/2020\/en\/2013\/03\/21\/xiv-to-xx-century-iconographic-exhibit-opens-at-the-national-gallery-of-art\/#primaryimage\"},\"thumbnailUrl\":\"https:\/\/lh4.googleusercontent.com\/-Pjy5Ctrz1cU\/UK9Hc5ph-VI\/AAAAAAAABL4\/UOkLJ2clNBU\/s200\/news_th_ekspozita_ikonave_1144_0.jpg\",\"keywords\":[\"2012\",\"Declarations - Official Announcements\"],\"articleSection\":[\"News - \u0395\u039d\",\"News old page\"],\"inLanguage\":\"en-US\"},{\"@type\":\"WebPage\",\"@id\":\"https:\/\/orthodoxalbania.org\/2020\/en\/2013\/03\/21\/xiv-to-xx-century-iconographic-exhibit-opens-at-the-national-gallery-of-art\/\",\"url\":\"https:\/\/orthodoxalbania.org\/2020\/en\/2013\/03\/21\/xiv-to-xx-century-iconographic-exhibit-opens-at-the-national-gallery-of-art\/\",\"name\":\"\u201cXIV to XX Century Iconographic Exhibit,\\\" Opens at the National Gallery of Art. (13 October 2012) - Kisha Orthodh\u03bfkse Autoqefale e Shqip\u00ebris\u00eb\",\"isPartOf\":{\"@id\":\"https:\/\/orthodoxalbania.org\/2020\/#website\"},\"primaryImageOfPage\":{\"@id\":\"https:\/\/orthodoxalbania.org\/2020\/en\/2013\/03\/21\/xiv-to-xx-century-iconographic-exhibit-opens-at-the-national-gallery-of-art\/#primaryimage\"},\"image\":{\"@id\":\"https:\/\/orthodoxalbania.org\/2020\/en\/2013\/03\/21\/xiv-to-xx-century-iconographic-exhibit-opens-at-the-national-gallery-of-art\/#primaryimage\"},\"thumbnailUrl\":\"https:\/\/lh4.googleusercontent.com\/-Pjy5Ctrz1cU\/UK9Hc5ph-VI\/AAAAAAAABL4\/UOkLJ2clNBU\/s200\/news_th_ekspozita_ikonave_1144_0.jpg\",\"datePublished\":\"2013-03-21T12:25:09+00:00\",\"dateModified\":\"2020-04-12T22:30:56+00:00\",\"breadcrumb\":{\"@id\":\"https:\/\/orthodoxalbania.org\/2020\/en\/2013\/03\/21\/xiv-to-xx-century-iconographic-exhibit-opens-at-the-national-gallery-of-art\/#breadcrumb\"},\"inLanguage\":\"en-US\",\"potentialAction\":[{\"@type\":\"ReadAction\",\"target\":[\"https:\/\/orthodoxalbania.org\/2020\/en\/2013\/03\/21\/xiv-to-xx-century-iconographic-exhibit-opens-at-the-national-gallery-of-art\/\"]}]},{\"@type\":\"ImageObject\",\"inLanguage\":\"en-US\",\"@id\":\"https:\/\/orthodoxalbania.org\/2020\/en\/2013\/03\/21\/xiv-to-xx-century-iconographic-exhibit-opens-at-the-national-gallery-of-art\/#primaryimage\",\"url\":\"https:\/\/lh4.googleusercontent.com\/-Pjy5Ctrz1cU\/UK9Hc5ph-VI\/AAAAAAAABL4\/UOkLJ2clNBU\/s200\/news_th_ekspozita_ikonave_1144_0.jpg\",\"contentUrl\":\"https:\/\/lh4.googleusercontent.com\/-Pjy5Ctrz1cU\/UK9Hc5ph-VI\/AAAAAAAABL4\/UOkLJ2clNBU\/s200\/news_th_ekspozita_ikonave_1144_0.jpg\"},{\"@type\":\"BreadcrumbList\",\"@id\":\"https:\/\/orthodoxalbania.org\/2020\/en\/2013\/03\/21\/xiv-to-xx-century-iconographic-exhibit-opens-at-the-national-gallery-of-art\/#breadcrumb\",\"itemListElement\":[{\"@type\":\"ListItem\",\"position\":1,\"name\":\"Home\",\"item\":\"https:\/\/orthodoxalbania.org\/2020\/\"},{\"@type\":\"ListItem\",\"position\":2,\"name\":\"\u201cXIV to XX Century Iconographic Exhibit,&#8221; Opens at the National Gallery of Art. (13 October 2012)\"}]},{\"@type\":\"WebSite\",\"@id\":\"https:\/\/orthodoxalbania.org\/2020\/#website\",\"url\":\"https:\/\/orthodoxalbania.org\/2020\/\",\"name\":\"Kisha Orthodh\u03bfkse Autoqefale e Shqip\u00ebris\u00eb\",\"description\":\"Fqja Zyrtare e Kish\u00ebs Orthodhokse Autoqefale e Shqip\u00ebris\u00eb me lajmet edhe informacionet zyrtare p\u00ebr struktur\u00ebn edhe veprimtarin e saj.\",\"publisher\":{\"@id\":\"https:\/\/orthodoxalbania.org\/2020\/#organization\"},\"potentialAction\":[{\"@type\":\"SearchAction\",\"target\":{\"@type\":\"EntryPoint\",\"urlTemplate\":\"https:\/\/orthodoxalbania.org\/2020\/?s={search_term_string}\"},\"query-input\":{\"@type\":\"PropertyValueSpecification\",\"valueRequired\":true,\"valueName\":\"search_term_string\"}}],\"inLanguage\":\"en-US\"},{\"@type\":\"Organization\",\"@id\":\"https:\/\/orthodoxalbania.org\/2020\/#organization\",\"name\":\"Kisha Orthodhokse Autoqefale e Shqip\u00ebris\u00eb\",\"url\":\"https:\/\/orthodoxalbania.org\/2020\/\",\"logo\":{\"@type\":\"ImageObject\",\"inLanguage\":\"en-US\",\"@id\":\"https:\/\/orthodoxalbania.org\/2020\/#\/schema\/logo\/image\/\",\"url\":\"https:\/\/orthodoxalbania.org\/2020\/wp-content\/uploads\/2020\/05\/albania.jpeg\",\"contentUrl\":\"https:\/\/orthodoxalbania.org\/2020\/wp-content\/uploads\/2020\/05\/albania.jpeg\",\"width\":540,\"height\":540,\"caption\":\"Kisha Orthodhokse Autoqefale e Shqip\u00ebris\u00eb\"},\"image\":{\"@id\":\"https:\/\/orthodoxalbania.org\/2020\/#\/schema\/logo\/image\/\"},\"sameAs\":[\"https:\/\/www.facebook.com\/koash1991\"]},{\"@type\":\"Person\",\"@id\":\"https:\/\/orthodoxalbania.org\/2020\/#\/schema\/person\/df745f942b70e045b3dc05a30211f0de\",\"name\":\"Kisha Orthodhokse\",\"image\":{\"@type\":\"ImageObject\",\"inLanguage\":\"en-US\",\"@id\":\"https:\/\/secure.gravatar.com\/avatar\/2676eb8d97178435c9f691a7871595a1da6c33542dec218bce40885573150e28?s=96&d=mm&r=g\",\"url\":\"https:\/\/secure.gravatar.com\/avatar\/2676eb8d97178435c9f691a7871595a1da6c33542dec218bce40885573150e28?s=96&d=mm&r=g\",\"contentUrl\":\"https:\/\/secure.gravatar.com\/avatar\/2676eb8d97178435c9f691a7871595a1da6c33542dec218bce40885573150e28?s=96&d=mm&r=g\",\"caption\":\"Kisha Orthodhokse\"}}]}<\/script>\n<!-- \/ Yoast SEO plugin. -->","yoast_head_json":{"title":"\u201cXIV to XX Century Iconographic Exhibit,\" Opens at the National Gallery of Art. (13 October 2012) - Kisha Orthodh\u03bfkse Autoqefale e Shqip\u00ebris\u00eb","robots":{"index":"index","follow":"follow","max-snippet":"max-snippet:-1","max-image-preview":"max-image-preview:large","max-video-preview":"max-video-preview:-1"},"canonical":"https:\/\/orthodoxalbania.org\/2020\/en\/2013\/03\/21\/xiv-to-xx-century-iconographic-exhibit-opens-at-the-national-gallery-of-art\/","og_locale":"en_US","og_type":"article","og_title":"\u201cXIV to XX Century Iconographic Exhibit,\" Opens at the National Gallery of Art. (13 October 2012) - Kisha Orthodh\u03bfkse Autoqefale e Shqip\u00ebris\u00eb","og_description":"&nbsp;&nbsp;&nbsp; On Wednesday, October 13th, an &#8220;Iconographic Exhibition,&#8221; with icons found and authenticated to be from Albania during the XIV-XX centuries opened at the Gallery of Arts in Tirana. In conjunction with the 100th anniversary of Albanian Independence, the Ministry of Culture of the Republic of Albania, with the cooperation of the Historical Museums of Berat and Kor\u00e7a, supported fully this &#8220;XIV to XX Century","og_url":"https:\/\/orthodoxalbania.org\/2020\/en\/2013\/03\/21\/xiv-to-xx-century-iconographic-exhibit-opens-at-the-national-gallery-of-art\/","og_site_name":"Kisha Orthodh\u03bfkse Autoqefale e Shqip\u00ebris\u00eb","article_publisher":"https:\/\/www.facebook.com\/koash1991","article_published_time":"2013-03-21T12:25:09+00:00","article_modified_time":"2020-04-12T22:30:56+00:00","og_image":[{"url":"https:\/\/lh4.googleusercontent.com\/-Pjy5Ctrz1cU\/UK9Hc5ph-VI\/AAAAAAAABL4\/UOkLJ2clNBU\/s200\/news_th_ekspozita_ikonave_1144_0.jpg","type":"","width":"","height":""}],"author":"Kisha Orthodhokse","twitter_card":"summary_large_image","twitter_misc":{"Written by":"Kisha Orthodhokse","Est. reading time":"1 minute"},"schema":{"@context":"https:\/\/schema.org","@graph":[{"@type":"Article","@id":"https:\/\/orthodoxalbania.org\/2020\/en\/2013\/03\/21\/xiv-to-xx-century-iconographic-exhibit-opens-at-the-national-gallery-of-art\/#article","isPartOf":{"@id":"https:\/\/orthodoxalbania.org\/2020\/en\/2013\/03\/21\/xiv-to-xx-century-iconographic-exhibit-opens-at-the-national-gallery-of-art\/"},"author":{"name":"Kisha Orthodhokse","@id":"https:\/\/orthodoxalbania.org\/2020\/#\/schema\/person\/df745f942b70e045b3dc05a30211f0de"},"headline":"\u201cXIV to XX Century Iconographic Exhibit,&#8221; Opens at the National Gallery of Art. (13 October 2012)","datePublished":"2013-03-21T12:25:09+00:00","dateModified":"2020-04-12T22:30:56+00:00","mainEntityOfPage":{"@id":"https:\/\/orthodoxalbania.org\/2020\/en\/2013\/03\/21\/xiv-to-xx-century-iconographic-exhibit-opens-at-the-national-gallery-of-art\/"},"wordCount":253,"commentCount":0,"publisher":{"@id":"https:\/\/orthodoxalbania.org\/2020\/#organization"},"image":{"@id":"https:\/\/orthodoxalbania.org\/2020\/en\/2013\/03\/21\/xiv-to-xx-century-iconographic-exhibit-opens-at-the-national-gallery-of-art\/#primaryimage"},"thumbnailUrl":"https:\/\/lh4.googleusercontent.com\/-Pjy5Ctrz1cU\/UK9Hc5ph-VI\/AAAAAAAABL4\/UOkLJ2clNBU\/s200\/news_th_ekspozita_ikonave_1144_0.jpg","keywords":["2012","Declarations - Official Announcements"],"articleSection":["News - \u0395\u039d","News old page"],"inLanguage":"en-US"},{"@type":"WebPage","@id":"https:\/\/orthodoxalbania.org\/2020\/en\/2013\/03\/21\/xiv-to-xx-century-iconographic-exhibit-opens-at-the-national-gallery-of-art\/","url":"https:\/\/orthodoxalbania.org\/2020\/en\/2013\/03\/21\/xiv-to-xx-century-iconographic-exhibit-opens-at-the-national-gallery-of-art\/","name":"\u201cXIV to XX Century Iconographic Exhibit,\" Opens at the National Gallery of Art. (13 October 2012) - Kisha Orthodh\u03bfkse Autoqefale e Shqip\u00ebris\u00eb","isPartOf":{"@id":"https:\/\/orthodoxalbania.org\/2020\/#website"},"primaryImageOfPage":{"@id":"https:\/\/orthodoxalbania.org\/2020\/en\/2013\/03\/21\/xiv-to-xx-century-iconographic-exhibit-opens-at-the-national-gallery-of-art\/#primaryimage"},"image":{"@id":"https:\/\/orthodoxalbania.org\/2020\/en\/2013\/03\/21\/xiv-to-xx-century-iconographic-exhibit-opens-at-the-national-gallery-of-art\/#primaryimage"},"thumbnailUrl":"https:\/\/lh4.googleusercontent.com\/-Pjy5Ctrz1cU\/UK9Hc5ph-VI\/AAAAAAAABL4\/UOkLJ2clNBU\/s200\/news_th_ekspozita_ikonave_1144_0.jpg","datePublished":"2013-03-21T12:25:09+00:00","dateModified":"2020-04-12T22:30:56+00:00","breadcrumb":{"@id":"https:\/\/orthodoxalbania.org\/2020\/en\/2013\/03\/21\/xiv-to-xx-century-iconographic-exhibit-opens-at-the-national-gallery-of-art\/#breadcrumb"},"inLanguage":"en-US","potentialAction":[{"@type":"ReadAction","target":["https:\/\/orthodoxalbania.org\/2020\/en\/2013\/03\/21\/xiv-to-xx-century-iconographic-exhibit-opens-at-the-national-gallery-of-art\/"]}]},{"@type":"ImageObject","inLanguage":"en-US","@id":"https:\/\/orthodoxalbania.org\/2020\/en\/2013\/03\/21\/xiv-to-xx-century-iconographic-exhibit-opens-at-the-national-gallery-of-art\/#primaryimage","url":"https:\/\/lh4.googleusercontent.com\/-Pjy5Ctrz1cU\/UK9Hc5ph-VI\/AAAAAAAABL4\/UOkLJ2clNBU\/s200\/news_th_ekspozita_ikonave_1144_0.jpg","contentUrl":"https:\/\/lh4.googleusercontent.com\/-Pjy5Ctrz1cU\/UK9Hc5ph-VI\/AAAAAAAABL4\/UOkLJ2clNBU\/s200\/news_th_ekspozita_ikonave_1144_0.jpg"},{"@type":"BreadcrumbList","@id":"https:\/\/orthodoxalbania.org\/2020\/en\/2013\/03\/21\/xiv-to-xx-century-iconographic-exhibit-opens-at-the-national-gallery-of-art\/#breadcrumb","itemListElement":[{"@type":"ListItem","position":1,"name":"Home","item":"https:\/\/orthodoxalbania.org\/2020\/"},{"@type":"ListItem","position":2,"name":"\u201cXIV to XX Century Iconographic Exhibit,&#8221; Opens at the National Gallery of Art. (13 October 2012)"}]},{"@type":"WebSite","@id":"https:\/\/orthodoxalbania.org\/2020\/#website","url":"https:\/\/orthodoxalbania.org\/2020\/","name":"Kisha Orthodh\u03bfkse Autoqefale e Shqip\u00ebris\u00eb","description":"Fqja Zyrtare e Kish\u00ebs Orthodhokse Autoqefale e Shqip\u00ebris\u00eb me lajmet edhe informacionet zyrtare p\u00ebr struktur\u00ebn edhe veprimtarin e saj.","publisher":{"@id":"https:\/\/orthodoxalbania.org\/2020\/#organization"},"potentialAction":[{"@type":"SearchAction","target":{"@type":"EntryPoint","urlTemplate":"https:\/\/orthodoxalbania.org\/2020\/?s={search_term_string}"},"query-input":{"@type":"PropertyValueSpecification","valueRequired":true,"valueName":"search_term_string"}}],"inLanguage":"en-US"},{"@type":"Organization","@id":"https:\/\/orthodoxalbania.org\/2020\/#organization","name":"Kisha Orthodhokse Autoqefale e Shqip\u00ebris\u00eb","url":"https:\/\/orthodoxalbania.org\/2020\/","logo":{"@type":"ImageObject","inLanguage":"en-US","@id":"https:\/\/orthodoxalbania.org\/2020\/#\/schema\/logo\/image\/","url":"https:\/\/orthodoxalbania.org\/2020\/wp-content\/uploads\/2020\/05\/albania.jpeg","contentUrl":"https:\/\/orthodoxalbania.org\/2020\/wp-content\/uploads\/2020\/05\/albania.jpeg","width":540,"height":540,"caption":"Kisha Orthodhokse Autoqefale e Shqip\u00ebris\u00eb"},"image":{"@id":"https:\/\/orthodoxalbania.org\/2020\/#\/schema\/logo\/image\/"},"sameAs":["https:\/\/www.facebook.com\/koash1991"]},{"@type":"Person","@id":"https:\/\/orthodoxalbania.org\/2020\/#\/schema\/person\/df745f942b70e045b3dc05a30211f0de","name":"Kisha Orthodhokse","image":{"@type":"ImageObject","inLanguage":"en-US","@id":"https:\/\/secure.gravatar.com\/avatar\/2676eb8d97178435c9f691a7871595a1da6c33542dec218bce40885573150e28?s=96&d=mm&r=g","url":"https:\/\/secure.gravatar.com\/avatar\/2676eb8d97178435c9f691a7871595a1da6c33542dec218bce40885573150e28?s=96&d=mm&r=g","contentUrl":"https:\/\/secure.gravatar.com\/avatar\/2676eb8d97178435c9f691a7871595a1da6c33542dec218bce40885573150e28?s=96&d=mm&r=g","caption":"Kisha Orthodhokse"}}]}},"_links":{"self":[{"href":"https:\/\/orthodoxalbania.org\/2020\/wp-json\/wp\/v2\/posts\/1744","targetHints":{"allow":["GET"]}}],"collection":[{"href":"https:\/\/orthodoxalbania.org\/2020\/wp-json\/wp\/v2\/posts"}],"about":[{"href":"https:\/\/orthodoxalbania.org\/2020\/wp-json\/wp\/v2\/types\/post"}],"author":[{"embeddable":true,"href":"https:\/\/orthodoxalbania.org\/2020\/wp-json\/wp\/v2\/users\/7"}],"replies":[{"embeddable":true,"href":"https:\/\/orthodoxalbania.org\/2020\/wp-json\/wp\/v2\/comments?post=1744"}],"version-history":[{"count":1,"href":"https:\/\/orthodoxalbania.org\/2020\/wp-json\/wp\/v2\/posts\/1744\/revisions"}],"predecessor-version":[{"id":17713,"href":"https:\/\/orthodoxalbania.org\/2020\/wp-json\/wp\/v2\/posts\/1744\/revisions\/17713"}],"wp:attachment":[{"href":"https:\/\/orthodoxalbania.org\/2020\/wp-json\/wp\/v2\/media?parent=1744"}],"wp:term":[{"taxonomy":"category","embeddable":true,"href":"https:\/\/orthodoxalbania.org\/2020\/wp-json\/wp\/v2\/categories?post=1744"},{"taxonomy":"post_tag","embeddable":true,"href":"https:\/\/orthodoxalbania.org\/2020\/wp-json\/wp\/v2\/tags?post=1744"}],"curies":[{"name":"wp","href":"https:\/\/api.w.org\/{rel}","templated":true}]}}