{"id":1740,"date":"2008-02-26T00:00:00","date_gmt":"2008-02-26T00:00:00","guid":{"rendered":""},"modified":"2020-04-06T22:35:27","modified_gmt":"2020-04-06T20:35:27","slug":"te-behemi-krijese-e-re-ne-krishtin-15-vjetori-i-krijimit-te-boya-s-2008","status":"publish","type":"post","link":"https:\/\/orthodoxalbania.org\/2020\/2008\/02\/26\/te-behemi-krijese-e-re-ne-krishtin-15-vjetori-i-krijimit-te-boya-s-2008\/","title":{"rendered":"\u201cT\u00eb b\u00ebhemi krijes\u00eb e re n\u00eb Krishtin\u201d, 15 vjetori i krijimit t\u00eb BOYA &#8211; s. (2008)"},"content":{"rendered":"<table style=\"width: 780px; height: 1752px;\" border=\"0\">\n<tbody>\n<tr>\n<td>\n<div><span style=\"color: #000000;\"><span style=\"font-family: tahoma,geneva,sans-serif;\"><span style=\"font-size: 12px;\"><img decoding=\"async\" class=\"lazyload HAa Eha\" style=\"border-width: 1px; border-style: solid; margin: 10px auto; display: block;\" alt=\"\" src=\"data:image\/svg+xml,%3Csvg%20xmlns%3D%27http%3A%2F%2Fwww.w3.org%2F2000%2Fsvg%27%20width%3D%27337%27%20height%3D%27253%27%20viewBox%3D%270%200%20337%20253%27%3E%3Crect%20width%3D%27337%27%20height%3D%27253%27%20fill-opacity%3D%220%22%2F%3E%3C%2Fsvg%3E\" data-orig-src=\"https:\/\/lh6.googleusercontent.com\/-T2L_KQbzxFE\/VJFgnizRPNI\/AAAAAAAAIBw\/E4Mu-jvuGJM\/w448-h336-no\/1.jpg\" height=\"253\" width=\"337\" \/><\/span><\/span><\/span><\/div>\n<\/td>\n<td>\n<div><span style=\"color: #000000;\"><span style=\"font-family: tahoma,geneva,sans-serif;\"><span style=\"font-size: 12px;\">&nbsp;&nbsp;&nbsp;<\/span><\/span><\/span><\/div>\n<div style=\"text-align: justify;\"><span style=\"color: #000000;\"><span style=\"font-family: tahoma,geneva,sans-serif;\"><span style=\"font-size: 12px;\">&nbsp;&nbsp;&nbsp; <span class=\"style10\">Nga datat 10 \u2013 14 shtator 2008 n\u00eb Varna t\u00eb Bullgaris\u00eb, BOYA (Organizata e t\u00eb rinjve orthodhoks\u00eb t\u00eb Ballkanit) organizoi aktivitetin me tem\u00eb <strong><em>\u201cT\u00eb b\u00ebhemi krijes\u00eb e re n\u00eb Krishtin\u201d<\/em><\/strong>, me rastin e 15 \u2013 vjetorit t\u00eb krijimit t\u00eb saj. Me bekimin e Fortlumuris\u00eb s\u00eb tij, Kryepiskopit Anastas, n\u00eb k\u00ebt\u00eb aktivitet mori pjes\u00eb edhe nj\u00eb grup p\u00ebrfaq\u00ebsues prej pes\u00eb an\u00ebtar\u00ebsh, nga Kisha Orthodhokse Autoqefale e Shqip\u00ebris\u00eb i drejtuar nga z. Jorgo Papadhopuli. Merrnin pjes\u00eb gjithashtu edhe p\u00ebrfaq\u00ebsues nga Kisha Orthodhokse e Rumanis\u00eb, Bullgaris\u00eb, Greqis\u00eb dhe Serbis\u00eb.<\/span><\/span><\/span><\/span><\/div>\n<\/td>\n<\/tr>\n<tr>\n<td>\n<div style=\"text-align: justify;\"><span style=\"color: #000000;\"><span style=\"font-family: tahoma,geneva,sans-serif;\"><span style=\"font-size: 12px;\">&nbsp;&nbsp;&nbsp; <span class=\"style10\">Fjal\u00ebn e mir\u00ebseardhjes e mbajti Hir\u00ebsia e Tij Mitropoliti i Varn\u00ebs dhe Velikit, Preslav Kiril, i cili nd\u00ebr t\u00eb tjera theksoi r\u00ebnd\u00ebsin\u00eb e t\u00eb mbledhurit s\u00eb bashku n\u00eb em\u00ebr t\u00eb Zotit. M\u00eb pas zv. presidenti i BOYA-s At\u00eb Sorin Zahiu prezantoi ecurin\u00eb dhe r\u00ebnd\u00ebsin\u00eb e BOYA-s p\u00ebr 15 vitet e saj t\u00eb formimit. Ai tha se BOYA ka qen\u00eb n\u00eb nga p\u00ebrvojat m\u00eb t\u00eb mira t\u00eb jet\u00ebs s\u00eb tij. Gjithashtu At\u00eb Sorini nxiti t\u00eb gjith\u00eb an\u00ebtar\u00ebt t\u00eb ruhen nga 3 rreziqe; <em>mungesa e komunitetit<\/em>, <em>mosnjohja e thesarit t\u00eb orthodhoksis\u00eb<\/em> dhe <em>pasiviteti<\/em>. \u201c\u00cbsht\u00eb shum\u00eb e r\u00ebnd\u00ebsishme &#8211; theksoi ai &#8211; fjala q\u00eb Kryepiskopi Anastas thekson, q\u00eb rinia \u00ebsht\u00eb jo vet\u00ebm e ardhmja, por edhe e tashmja e Kish\u00ebs\u201d.<\/span><\/span><\/span><\/span><\/div>\n<\/td>\n<td>\n<div><span style=\"color: #000000;\"><span style=\"font-family: tahoma,geneva,sans-serif;\"><span style=\"font-size: 12px;\"><img decoding=\"async\" class=\"lazyload HAa Eha\" style=\"border-width: 1px; border-style: solid; margin: 10px auto; display: block;\" alt=\"\" src=\"data:image\/svg+xml,%3Csvg%20xmlns%3D%27http%3A%2F%2Fwww.w3.org%2F2000%2Fsvg%27%20width%3D%27356%27%20height%3D%27224%27%20viewBox%3D%270%200%20356%20224%27%3E%3Crect%20width%3D%27356%27%20height%3D%27224%27%20fill-opacity%3D%220%22%2F%3E%3C%2Fsvg%3E\" data-orig-src=\"https:\/\/lh5.googleusercontent.com\/-MIdlquMVKsU\/VJFgnTxLchI\/AAAAAAAAICg\/tihttuZbQIs\/w448-h282-no\/2.jpg\" height=\"224\" width=\"356\" \/><\/span><\/span><\/span><\/div>\n<\/td>\n<\/tr>\n<tr>\n<td>\n<div><span style=\"color: #000000;\"><span style=\"font-family: tahoma,geneva,sans-serif;\"><span style=\"font-size: 12px;\"><img decoding=\"async\" class=\"lazyload HAa Eha\" style=\"border-width: 1px; border-style: solid; margin: 10px auto; display: block;\" alt=\"\" src=\"data:image\/svg+xml,%3Csvg%20xmlns%3D%27http%3A%2F%2Fwww.w3.org%2F2000%2Fsvg%27%20width%3D%27330%27%20height%3D%27241%27%20viewBox%3D%270%200%20330%20241%27%3E%3Crect%20width%3D%27330%27%20height%3D%27241%27%20fill-opacity%3D%220%22%2F%3E%3C%2Fsvg%3E\" data-orig-src=\"https:\/\/lh5.googleusercontent.com\/-dQzSr_3egqM\/VJFgngZOT2I\/AAAAAAAAIB0\/JkdjNmVHH4c\/w448-h327-no\/3.jpg\" height=\"241\" width=\"330\" \/><\/span><\/span><\/span><\/div>\n<\/td>\n<td>\n<div style=\"text-align: justify;\"><span style=\"color: #000000;\"><span style=\"font-family: tahoma,geneva,sans-serif;\"><span style=\"font-size: 12px;\">&nbsp;&nbsp; <span class=\"style10\">N\u00eb fjalimin e tij me tem\u00eb \u201cT\u00eb b\u00ebhemi krijes\u00eb e re n\u00eb Krishtin\u201d, Hir\u00ebsia e tij Mitropolititi i Varn\u00ebs dhe Velikit, Preslav Kiril theksoi <em>\u201c\u2026. q\u00eb t\u00eb gjith\u00eb ne duhet t\u00eb luftojm\u00eb luft\u00ebn e mir\u00eb t\u00eb besimit. Vendi i luft\u00ebs p\u00ebr t\u2019u b\u00ebr\u00eb krijes\u00eb e re n\u00eb Krishtin \u00ebsht\u00eb zemra. S\u00eb bashku n\u00eb Liturgjin\u00eb Hyjnore dhe n\u00eb t\u00eb gjitha misteret ne do t\u00eb rritemi n\u00eb Krishtin. Detyra jon\u00eb \u00ebsht\u00eb t\u00eb rritim dhe edukojm\u00eb nj\u00eb brez q\u00eb marshon drejt mbret\u00ebris\u00eb s\u00eb qiejve<\/em>.\u201d<\/span><\/span><\/span><\/span><\/div>\n<\/td>\n<\/tr>\n<tr>\n<td>\n<div><span style=\"color: #000000;\"><span style=\"font-family: tahoma,geneva,sans-serif;\"><span style=\"font-size: 12px;\">&nbsp;&nbsp;&nbsp;&nbsp;<\/span><\/span><\/span><\/div>\n<div style=\"text-align: justify;\"><span style=\"color: #000000;\"><span style=\"font-family: tahoma,geneva,sans-serif;\"><span style=\"font-size: 12px;\">&nbsp; <span class=\"style10\">Gjat\u00eb \u00e7do dite t\u00eb k\u00ebtij aktiviteti u prezantuan botimet e reja t\u00eb kishave pjes\u00ebmarr\u00ebse t\u00eb cilat ndihmojn\u00eb n\u00eb edukimin e f\u00ebmij\u00ebve dhe t\u00eb mbar\u00eb komunitetit n\u00eb njohjen dhe rritjen n\u00eb Zotin. Mitropolit i Sliven, Bullgari Ioaniki foli mbi r\u00ebnd\u00ebsin\u00eb e pun\u00ebs katekiste. Ai theksoi q\u00eb t\u00eb gjith\u00eb ata q\u00eb kan\u00eb pastruar mendjen dhe zemr\u00ebn nuk katekizojn\u00eb m\u00eb nga vetja, por flasin nga Fryma e Shenjt\u00eb. T\u00eb gjith\u00eb ne duhet t\u00eb mos k\u00ebrkojm\u00eb vet\u00ebm shp\u00ebtimin ton\u00eb, por edhe at\u00eb t\u00eb v\u00ebllait.<\/span><\/span><\/span><\/span><\/div>\n<\/td>\n<td style=\"text-align: center;\">\n<div><span style=\"color: #000000;\"><span style=\"font-family: tahoma,geneva,sans-serif;\"><span style=\"font-size: 12px;\"><img decoding=\"async\" class=\"lazyload HAa Eha\" style=\"border-width: 1px; border-style: solid; margin: 10px;\" alt=\"\" src=\"data:image\/svg+xml,%3Csvg%20xmlns%3D%27http%3A%2F%2Fwww.w3.org%2F2000%2Fsvg%27%20width%3D%27340%27%20height%3D%27255%27%20viewBox%3D%270%200%20340%20255%27%3E%3Crect%20width%3D%27340%27%20height%3D%27255%27%20fill-opacity%3D%220%22%2F%3E%3C%2Fsvg%3E\" data-orig-src=\"https:\/\/lh4.googleusercontent.com\/-DlSxeXDg2c4\/VJFgn0DO5rI\/AAAAAAAAICM\/sN9W347Aa4U\/w448-h336-no\/4.jpg\" height=\"255\" width=\"340\" \/><\/span><\/span><\/span><\/div>\n<\/td>\n<\/tr>\n<tr>\n<td style=\"text-align: center;\">\n<div><span style=\"color: #000000;\"><span style=\"font-family: tahoma,geneva,sans-serif;\"><span style=\"font-size: 12px;\"><img decoding=\"async\" class=\"lazyload HAa Eha\" style=\"margin: 10px auto; display: block; border: 1px solid;\" alt=\"\" src=\"data:image\/svg+xml,%3Csvg%20xmlns%3D%27http%3A%2F%2Fwww.w3.org%2F2000%2Fsvg%27%20width%3D%27334%27%20height%3D%27251%27%20viewBox%3D%270%200%20334%20251%27%3E%3Crect%20width%3D%27334%27%20height%3D%27251%27%20fill-opacity%3D%220%22%2F%3E%3C%2Fsvg%3E\" data-orig-src=\"https:\/\/lh4.googleusercontent.com\/-Kb56F5T7Skg\/VJFgodpM2oI\/AAAAAAAAICY\/EaiqGBQQepg\/w448-h336-no\/5.jpg\" height=\"251\" width=\"334\" \/><\/span><\/span><\/span><\/div>\n<\/td>\n<td>\n<div style=\"text-align: justify;\"><span style=\"color: #000000;\"><span style=\"font-family: tahoma,geneva,sans-serif;\"><span style=\"font-size: 12px;\">&nbsp;&nbsp;&nbsp; <span class=\"style10\">T\u00eb shtun\u00ebn m\u00eb 13 shtator u b\u00eb prezantimi i librit: \u201cGlobalizmi dhe Orthodhoksia\u201d i Kryepiskopit Anastas, i cili tashm\u00eb \u00ebsht\u00eb p\u00ebrkthyer edhe n\u00eb bullgarisht. Z. Jorgo Papadhopuli b\u00ebri nj\u00eb p\u00ebrmbledhje prezantuese t\u00eb k\u00ebtij libri dhe r\u00ebnd\u00ebsis\u00eb s\u00eb tij n\u00eb mbar\u00eb bot\u00ebn orthodhokse. Ai theksoi se p\u00ebr t\u00eb gjith\u00eb lexuesit e k\u00ebtij libri hapet nj\u00eb vizion i ri dhe madh\u00ebshtor i udh\u00ebtimit t\u00eb \u00e7donj\u00ebrit prej nesh drejt nj\u00eb shoq\u00ebrie t\u00eb dashuris\u00eb, n\u00eb kuptimin e nj\u00eb shoq\u00ebrie organike personash t\u00eb lidhur nga dashuria, dhe jo thjesht t\u00eb nj\u00eb forme bashkekzistenciale individ\u00ebsh.<span style=\"font-family: tahoma,geneva,sans-serif;\"><span style=\"font-size: 12px;\">&nbsp; <\/span><\/span><\/span><\/span><\/span><\/span><\/div>\n<\/td>\n<\/tr>\n<\/tbody>\n<\/table>\n<table style=\"width: 783px; height: 1058px;\" border=\"0\">\n<tbody>\n<tr>\n<th class=\"style10\" style=\"text-align: justify;\" scope=\"col\"><span style=\"color: #000000;\"><span style=\"font-family: tahoma,geneva,sans-serif;\"><span style=\"font-size: 12px;\"><span class=\"style10\"><span style=\"font-family: tahoma,geneva,sans-serif;\"><span style=\"font-size: 12px;\">&nbsp;&nbsp;&nbsp; N\u00eb k\u00ebt\u00eb lib\u00ebr, Kryepiskopi Anastas thekson se ekumenizmin orthodhoks\u00ebt e kan\u00eb n\u00eb gjak, i cili pastrohet vazhdimisht me gjakun e Krishtit, Shp\u00ebtimtarit t\u00eb bot\u00ebs. N\u00eb vend t\u00eb nj\u00eb globalizmi q\u00eb i shnd\u00ebrron popujt dhe njer\u00ebzit n\u00eb pelte, t\u00eb vlefsh\u00ebm p\u00ebr q\u00ebllimet ekonomike t\u00eb nj\u00eb oligarkie anonime, bioma dhe vizioni orthodhoks propozon dhe na fton n\u00eb nj\u00eb p\u00ebrpjekje p\u00ebr nj\u00eb shoq\u00ebri t\u00eb dashuris\u00eb&#8230;<\/span><\/span><\/span><\/span><\/span><\/span><\/th>\n<th class=\"style10\" scope=\"col\"><span style=\"color: #000000;\"><span style=\"font-family: tahoma,geneva,sans-serif;\"><span style=\"font-size: 12px;\"><img decoding=\"async\" class=\"lazyload HAa Eha\" style=\"border-width: 1px; border-style: solid; margin: 10px auto; display: block;\" alt=\"\" src=\"data:image\/svg+xml,%3Csvg%20xmlns%3D%27http%3A%2F%2Fwww.w3.org%2F2000%2Fsvg%27%20width%3D%27361%27%20height%3D%27271%27%20viewBox%3D%270%200%20361%20271%27%3E%3Crect%20width%3D%27361%27%20height%3D%27271%27%20fill-opacity%3D%220%22%2F%3E%3C%2Fsvg%3E\" data-orig-src=\"https:\/\/lh6.googleusercontent.com\/-VptgIAh5jW0\/VJFgoqSxKqI\/AAAAAAAAICc\/vG8OdS71R0I\/w448-h336-no\/6.jpg\" height=\"271\" width=\"361\" \/><\/span><\/span><\/span><\/th>\n<\/tr>\n<tr>\n<th class=\"style10\" scope=\"col\"><span style=\"color: #000000;\"><span style=\"font-family: tahoma,geneva,sans-serif;\"><span style=\"font-size: 12px;\"><img decoding=\"async\" class=\"lazyload HAa Eha\" style=\"border-width: 1px; border-style: solid; margin: 10px auto; display: block;\" alt=\"\" src=\"data:image\/svg+xml,%3Csvg%20xmlns%3D%27http%3A%2F%2Fwww.w3.org%2F2000%2Fsvg%27%20width%3D%27353%27%20height%3D%27265%27%20viewBox%3D%270%200%20353%20265%27%3E%3Crect%20width%3D%27353%27%20height%3D%27265%27%20fill-opacity%3D%220%22%2F%3E%3C%2Fsvg%3E\" data-orig-src=\"https:\/\/lh3.googleusercontent.com\/-F1pA1SXAhoo\/VJFgpMzGTeI\/AAAAAAAAICQ\/6WZ0tvfkg4c\/w448-h336-no\/7.jpg\" height=\"265\" width=\"353\" \/><\/span><\/span><\/span><\/th>\n<th class=\"style10\" style=\"text-align: justify;\" scope=\"col\"><span style=\"color: #000000;\"><span style=\"font-family: tahoma,geneva,sans-serif;\"><span style=\"font-size: 12px;\">&nbsp;&nbsp;&nbsp; Pas prezantimit t\u00eb librit, t\u00eb gjith\u00eb pjes\u00ebmarr\u00ebsit ndoq\u00ebn me interes t\u00eb ve\u00e7ant\u00eb prezantimin e ringritjes nga g\u00ebrmadhat t\u00eb Kish\u00ebs Orthodhokse t\u00eb Shqip\u00ebris\u00eb. Ngjallja dhe lul\u00ebzimi i Kish\u00ebs son\u00eb p\u00ebr 17 vitet e fundit ngjall interes dhe admirim t\u00eb ve\u00e7ant\u00eb te t\u00eb gjith\u00eb ata q\u00eb kan\u00eb mund\u00ebsi t\u00eb njohin dhe t\u00eb prekin nga af\u00ebr nj\u00eb mrekulli. T\u00eb gjith\u00eb ne jemi t\u00eb bekuar n\u00eb m\u00ebnyr\u00eb t\u00eb ve\u00e7ant\u00eb, q\u00eb jemi d\u00ebshmitar\u00eb t\u00eb k\u00ebsaj mrekullie.<\/span><\/span><\/span><br \/> <span style=\"color: #000000;\"><span style=\"font-family: tahoma,geneva,sans-serif;\"><span style=\"font-size: 12px;\">&nbsp;&nbsp;&nbsp; Pjes\u00eb e programit t\u00eb k\u00ebtij aktiviteti ishin edhe vizitat n\u00eb kishat dhe manastiret e Varn\u00ebs, si dhe t\u00eb monumenteve historike t\u00eb qytetit.<\/span><\/span><\/span><\/th>\n<\/tr>\n<tr>\n<td class=\"style10\">\n<div style=\"text-align: justify;\"><span style=\"color: #000000;\"><span style=\"font-family: tahoma,geneva,sans-serif;\"><span style=\"font-size: 12px;\">&nbsp;&nbsp;&nbsp; Kuror\u00ebzimi dhe mbyllja e k\u00ebtij aktiviteti ishte Liturgjia Hyjnore e mbajtur n\u00eb Katedralen e Varn\u00ebs, qytetit mikprit\u00ebs, p\u00ebr t\u00eb festuar t\u00eb kremten e Lart\u00ebsimit t\u00eb Kryqit. N\u00eb fund t\u00eb k\u00ebsaj Liturgjie mitropoliti i Varn\u00ebs p\u00ebrsh\u00ebndeti dhe fal\u00ebnderoi t\u00eb gjith\u00eb pjes\u00ebmarr\u00ebsit, duke theksuar dhe uruar q\u00eb shenja e kryqit le t\u00eb jet\u00eb simboli i unitetit dhe i fuqis\u00eb p\u00ebr n\u00eb udh\u00ebtimin e p\u00ebrbashk\u00ebt drejt Mbret\u00ebris\u00eb s\u00eb Qiejve.<br \/> <\/span><\/span><\/span><\/div>\n<div style=\"text-align: justify;\">&nbsp;<\/div>\n<div style=\"text-align: justify;\"><span style=\"color: #000000;\"><span style=\"font-family: tahoma,geneva,sans-serif;\"><span style=\"font-size: 12px;\">&nbsp;&nbsp;&nbsp; T\u00eb gjith\u00eb e lam\u00eb qytetin e bukur t\u00eb Varn\u00ebs me lutjen dhe shpres\u00ebn q\u00eb t\u00eb transmetojm\u00eb tek besimtar\u00ebt e kishave tona, paqen dhe frytet e k\u00ebtij takimi t\u00eb bukur.<\/span><\/span><\/span><\/div>\n<\/td>\n<th class=\"style10\" scope=\"col\"><span style=\"color: #000000;\"><span style=\"font-family: tahoma,geneva,sans-serif;\"><span style=\"font-size: 12px;\"><img decoding=\"async\" class=\"lazyload HAa Eha\" style=\"border-width: 1px; border-style: solid; margin: 10px auto; display: block;\" alt=\"\" src=\"data:image\/svg+xml,%3Csvg%20xmlns%3D%27http%3A%2F%2Fwww.w3.org%2F2000%2Fsvg%27%20width%3D%27363%27%20height%3D%27272%27%20viewBox%3D%270%200%20363%20272%27%3E%3Crect%20width%3D%27363%27%20height%3D%27272%27%20fill-opacity%3D%220%22%2F%3E%3C%2Fsvg%3E\" data-orig-src=\"https:\/\/lh6.googleusercontent.com\/-NpcfHDS0ZNk\/VJFgpuShc-I\/AAAAAAAAICU\/gWwAmXkewFc\/w448-h336-no\/8.jpg\" height=\"272\" width=\"363\" \/><\/span><\/span><\/span><\/th>\n<\/tr>\n<\/tbody>\n<\/table>\n<div>\n<div><span style=\"color: #000000;\"><span style=\"font-family: tahoma,geneva,sans-serif;\"><span style=\"font-size: 12px;\"><strong>&nbsp;&nbsp;&nbsp;&nbsp;&nbsp;<br \/> &nbsp;&nbsp;&nbsp;&nbsp; Ana Baba<\/strong><\/span><\/span><\/span><\/div>\n<\/div>\n","protected":false},"excerpt":{"rendered":"<p>&nbsp;&nbsp;&nbsp; &nbsp;&nbsp;&nbsp; Nga datat 10 \u2013 14 shtator 2008 n\u00eb Varna t\u00eb Bullgaris\u00eb, BOYA (Organizata e t\u00eb rinjve orthodhoks\u00eb t\u00eb Ballkanit) organizoi aktivitetin me tem\u00eb \u201cT\u00eb b\u00ebhemi krijes\u00eb e re n\u00eb Krishtin\u201d, me rastin e 15 \u2013 vjetorit t\u00eb krijimit t\u00eb saj. Me bekimin e Fortlumuris\u00eb s\u00eb tij, Kryepiskopit Anastas, n\u00eb k\u00ebt\u00eb aktivitet mori pjes\u00eb edhe nj\u00eb grup p\u00ebrfaq\u00ebsues prej pes\u00eb an\u00ebtar\u00ebsh, nga Kisha Orthodhokse<\/p>\n","protected":false},"author":1,"featured_media":0,"comment_status":"open","ping_status":"open","sticky":false,"template":"","format":"standard","meta":{"_acf_changed":false,"pagelayer_contact_templates":[],"_pagelayer_content":"","inline_featured_image":false,"fifu_image_url":"","fifu_image_alt":"","footnotes":""},"categories":[108],"tags":[146,153,196,212],"class_list":["post-1740","post","type-post","status-publish","format-standard","hentry","category-lajme","tag-146","tag-deklarata-njoftime-zyrtare-d75","tag-tirane","tag-lajme-d27"],"acf":[],"yoast_head":"<!-- This site is optimized with the Yoast SEO plugin v27.2 - https:\/\/yoast.com\/product\/yoast-seo-wordpress\/ -->\n<title>\u201cT\u00eb b\u00ebhemi krijes\u00eb e re n\u00eb Krishtin\u201d, 15 vjetori i krijimit t\u00eb BOYA - s. (2008) - Kisha Orthodh\u03bfkse Autoqefale e Shqip\u00ebris\u00eb<\/title>\n<meta name=\"robots\" content=\"index, follow, max-snippet:-1, max-image-preview:large, max-video-preview:-1\" \/>\n<link rel=\"canonical\" href=\"https:\/\/orthodoxalbania.org\/2020\/2008\/02\/26\/te-behemi-krijese-e-re-ne-krishtin-15-vjetori-i-krijimit-te-boya-s-2008\/\" \/>\n<meta property=\"og:locale\" content=\"en_US\" \/>\n<meta property=\"og:type\" content=\"article\" \/>\n<meta property=\"og:title\" content=\"\u201cT\u00eb b\u00ebhemi krijes\u00eb e re n\u00eb Krishtin\u201d, 15 vjetori i krijimit t\u00eb BOYA - s. (2008) - Kisha Orthodh\u03bfkse Autoqefale e Shqip\u00ebris\u00eb\" \/>\n<meta property=\"og:description\" content=\"&nbsp;&nbsp;&nbsp; &nbsp;&nbsp;&nbsp; Nga datat 10 \u2013 14 shtator 2008 n\u00eb Varna t\u00eb Bullgaris\u00eb, BOYA (Organizata e t\u00eb rinjve orthodhoks\u00eb t\u00eb Ballkanit) organizoi aktivitetin me tem\u00eb \u201cT\u00eb b\u00ebhemi krijes\u00eb e re n\u00eb Krishtin\u201d, me rastin e 15 \u2013 vjetorit t\u00eb krijimit t\u00eb saj. Me bekimin e Fortlumuris\u00eb s\u00eb tij, Kryepiskopit Anastas, n\u00eb k\u00ebt\u00eb aktivitet mori pjes\u00eb edhe nj\u00eb grup p\u00ebrfaq\u00ebsues prej pes\u00eb an\u00ebtar\u00ebsh, nga Kisha Orthodhokse\" \/>\n<meta property=\"og:url\" content=\"https:\/\/orthodoxalbania.org\/2020\/2008\/02\/26\/te-behemi-krijese-e-re-ne-krishtin-15-vjetori-i-krijimit-te-boya-s-2008\/\" \/>\n<meta property=\"og:site_name\" content=\"Kisha Orthodh\u03bfkse Autoqefale e Shqip\u00ebris\u00eb\" \/>\n<meta property=\"article:publisher\" content=\"https:\/\/www.facebook.com\/koash1991\" \/>\n<meta property=\"article:published_time\" content=\"2008-02-26T00:00:00+00:00\" \/>\n<meta property=\"article:modified_time\" content=\"2020-04-06T20:35:27+00:00\" \/>\n<meta property=\"og:image\" content=\"https:\/\/lh6.googleusercontent.com\/-T2L_KQbzxFE\/VJFgnizRPNI\/AAAAAAAAIBw\/E4Mu-jvuGJM\/w448-h336-no\/1.jpg\" \/>\n<meta name=\"author\" content=\"Kisha Orthodhokse\" \/>\n<meta name=\"twitter:card\" content=\"summary_large_image\" \/>\n<meta name=\"twitter:label1\" content=\"Written by\" \/>\n\t<meta name=\"twitter:data1\" content=\"Kisha Orthodhokse\" \/>\n\t<meta name=\"twitter:label2\" content=\"Est. reading time\" \/>\n\t<meta name=\"twitter:data2\" content=\"4 minutes\" \/>\n<script type=\"application\/ld+json\" class=\"yoast-schema-graph\">{\"@context\":\"https:\/\/schema.org\",\"@graph\":[{\"@type\":\"Article\",\"@id\":\"https:\/\/orthodoxalbania.org\/2020\/2008\/02\/26\/te-behemi-krijese-e-re-ne-krishtin-15-vjetori-i-krijimit-te-boya-s-2008\/#article\",\"isPartOf\":{\"@id\":\"https:\/\/orthodoxalbania.org\/2020\/2008\/02\/26\/te-behemi-krijese-e-re-ne-krishtin-15-vjetori-i-krijimit-te-boya-s-2008\/\"},\"author\":{\"name\":\"Kisha Orthodhokse\",\"@id\":\"https:\/\/orthodoxalbania.org\/2020\/#\/schema\/person\/0c387634a7063ac612d7ed9ce71c7e86\"},\"headline\":\"\u201cT\u00eb b\u00ebhemi krijes\u00eb e re n\u00eb Krishtin\u201d, 15 vjetori i krijimit t\u00eb BOYA &#8211; s. (2008)\",\"datePublished\":\"2008-02-26T00:00:00+00:00\",\"dateModified\":\"2020-04-06T20:35:27+00:00\",\"mainEntityOfPage\":{\"@id\":\"https:\/\/orthodoxalbania.org\/2020\/2008\/02\/26\/te-behemi-krijese-e-re-ne-krishtin-15-vjetori-i-krijimit-te-boya-s-2008\/\"},\"wordCount\":874,\"commentCount\":0,\"publisher\":{\"@id\":\"https:\/\/orthodoxalbania.org\/2020\/#organization\"},\"image\":{\"@id\":\"https:\/\/orthodoxalbania.org\/2020\/2008\/02\/26\/te-behemi-krijese-e-re-ne-krishtin-15-vjetori-i-krijimit-te-boya-s-2008\/#primaryimage\"},\"thumbnailUrl\":\"https:\/\/lh6.googleusercontent.com\/-T2L_KQbzxFE\/VJFgnizRPNI\/AAAAAAAAIBw\/E4Mu-jvuGJM\/w448-h336-no\/1.jpg\",\"keywords\":[\"2008\",\"Deklarata - Njoftime Zyrtare\",\"Kryepiskopata Tiran\u00eb\",\"lajme\"],\"articleSection\":[\"Lajme\"],\"inLanguage\":\"en-US\"},{\"@type\":\"WebPage\",\"@id\":\"https:\/\/orthodoxalbania.org\/2020\/2008\/02\/26\/te-behemi-krijese-e-re-ne-krishtin-15-vjetori-i-krijimit-te-boya-s-2008\/\",\"url\":\"https:\/\/orthodoxalbania.org\/2020\/2008\/02\/26\/te-behemi-krijese-e-re-ne-krishtin-15-vjetori-i-krijimit-te-boya-s-2008\/\",\"name\":\"\u201cT\u00eb b\u00ebhemi krijes\u00eb e re n\u00eb Krishtin\u201d, 15 vjetori i krijimit t\u00eb BOYA - s. (2008) - Kisha Orthodh\u03bfkse Autoqefale e Shqip\u00ebris\u00eb\",\"isPartOf\":{\"@id\":\"https:\/\/orthodoxalbania.org\/2020\/#website\"},\"primaryImageOfPage\":{\"@id\":\"https:\/\/orthodoxalbania.org\/2020\/2008\/02\/26\/te-behemi-krijese-e-re-ne-krishtin-15-vjetori-i-krijimit-te-boya-s-2008\/#primaryimage\"},\"image\":{\"@id\":\"https:\/\/orthodoxalbania.org\/2020\/2008\/02\/26\/te-behemi-krijese-e-re-ne-krishtin-15-vjetori-i-krijimit-te-boya-s-2008\/#primaryimage\"},\"thumbnailUrl\":\"https:\/\/lh6.googleusercontent.com\/-T2L_KQbzxFE\/VJFgnizRPNI\/AAAAAAAAIBw\/E4Mu-jvuGJM\/w448-h336-no\/1.jpg\",\"datePublished\":\"2008-02-26T00:00:00+00:00\",\"dateModified\":\"2020-04-06T20:35:27+00:00\",\"breadcrumb\":{\"@id\":\"https:\/\/orthodoxalbania.org\/2020\/2008\/02\/26\/te-behemi-krijese-e-re-ne-krishtin-15-vjetori-i-krijimit-te-boya-s-2008\/#breadcrumb\"},\"inLanguage\":\"en-US\",\"potentialAction\":[{\"@type\":\"ReadAction\",\"target\":[\"https:\/\/orthodoxalbania.org\/2020\/2008\/02\/26\/te-behemi-krijese-e-re-ne-krishtin-15-vjetori-i-krijimit-te-boya-s-2008\/\"]}]},{\"@type\":\"ImageObject\",\"inLanguage\":\"en-US\",\"@id\":\"https:\/\/orthodoxalbania.org\/2020\/2008\/02\/26\/te-behemi-krijese-e-re-ne-krishtin-15-vjetori-i-krijimit-te-boya-s-2008\/#primaryimage\",\"url\":\"https:\/\/lh6.googleusercontent.com\/-T2L_KQbzxFE\/VJFgnizRPNI\/AAAAAAAAIBw\/E4Mu-jvuGJM\/w448-h336-no\/1.jpg\",\"contentUrl\":\"https:\/\/lh6.googleusercontent.com\/-T2L_KQbzxFE\/VJFgnizRPNI\/AAAAAAAAIBw\/E4Mu-jvuGJM\/w448-h336-no\/1.jpg\"},{\"@type\":\"BreadcrumbList\",\"@id\":\"https:\/\/orthodoxalbania.org\/2020\/2008\/02\/26\/te-behemi-krijese-e-re-ne-krishtin-15-vjetori-i-krijimit-te-boya-s-2008\/#breadcrumb\",\"itemListElement\":[{\"@type\":\"ListItem\",\"position\":1,\"name\":\"Home\",\"item\":\"https:\/\/orthodoxalbania.org\/2020\/\"},{\"@type\":\"ListItem\",\"position\":2,\"name\":\"\u201cT\u00eb b\u00ebhemi krijes\u00eb e re n\u00eb Krishtin\u201d, 15 vjetori i krijimit t\u00eb BOYA &#8211; s. (2008)\"}]},{\"@type\":\"WebSite\",\"@id\":\"https:\/\/orthodoxalbania.org\/2020\/#website\",\"url\":\"https:\/\/orthodoxalbania.org\/2020\/\",\"name\":\"Kisha Orthodh\u03bfkse Autoqefale e Shqip\u00ebris\u00eb\",\"description\":\"Fqja Zyrtare e Kish\u00ebs Orthodhokse Autoqefale e Shqip\u00ebris\u00eb me lajmet edhe informacionet zyrtare p\u00ebr struktur\u00ebn edhe veprimtarin e saj.\",\"publisher\":{\"@id\":\"https:\/\/orthodoxalbania.org\/2020\/#organization\"},\"potentialAction\":[{\"@type\":\"SearchAction\",\"target\":{\"@type\":\"EntryPoint\",\"urlTemplate\":\"https:\/\/orthodoxalbania.org\/2020\/?s={search_term_string}\"},\"query-input\":{\"@type\":\"PropertyValueSpecification\",\"valueRequired\":true,\"valueName\":\"search_term_string\"}}],\"inLanguage\":\"en-US\"},{\"@type\":\"Organization\",\"@id\":\"https:\/\/orthodoxalbania.org\/2020\/#organization\",\"name\":\"Kisha Orthodhokse Autoqefale e Shqip\u00ebris\u00eb\",\"url\":\"https:\/\/orthodoxalbania.org\/2020\/\",\"logo\":{\"@type\":\"ImageObject\",\"inLanguage\":\"en-US\",\"@id\":\"https:\/\/orthodoxalbania.org\/2020\/#\/schema\/logo\/image\/\",\"url\":\"https:\/\/orthodoxalbania.org\/2020\/wp-content\/uploads\/2020\/05\/albania.jpeg\",\"contentUrl\":\"https:\/\/orthodoxalbania.org\/2020\/wp-content\/uploads\/2020\/05\/albania.jpeg\",\"width\":540,\"height\":540,\"caption\":\"Kisha Orthodhokse Autoqefale e Shqip\u00ebris\u00eb\"},\"image\":{\"@id\":\"https:\/\/orthodoxalbania.org\/2020\/#\/schema\/logo\/image\/\"},\"sameAs\":[\"https:\/\/www.facebook.com\/koash1991\"]},{\"@type\":\"Person\",\"@id\":\"https:\/\/orthodoxalbania.org\/2020\/#\/schema\/person\/0c387634a7063ac612d7ed9ce71c7e86\",\"name\":\"Kisha Orthodhokse\",\"image\":{\"@type\":\"ImageObject\",\"inLanguage\":\"en-US\",\"@id\":\"https:\/\/secure.gravatar.com\/avatar\/596e7c417251e30f2fbb9c00e026fce61a695a00e51c889caded71c96cbbdde5?s=96&d=mm&r=g\",\"url\":\"https:\/\/secure.gravatar.com\/avatar\/596e7c417251e30f2fbb9c00e026fce61a695a00e51c889caded71c96cbbdde5?s=96&d=mm&r=g\",\"contentUrl\":\"https:\/\/secure.gravatar.com\/avatar\/596e7c417251e30f2fbb9c00e026fce61a695a00e51c889caded71c96cbbdde5?s=96&d=mm&r=g\",\"caption\":\"Kisha Orthodhokse\"}}]}<\/script>\n<!-- \/ Yoast SEO plugin. -->","yoast_head_json":{"title":"\u201cT\u00eb b\u00ebhemi krijes\u00eb e re n\u00eb Krishtin\u201d, 15 vjetori i krijimit t\u00eb BOYA - s. (2008) - Kisha Orthodh\u03bfkse Autoqefale e Shqip\u00ebris\u00eb","robots":{"index":"index","follow":"follow","max-snippet":"max-snippet:-1","max-image-preview":"max-image-preview:large","max-video-preview":"max-video-preview:-1"},"canonical":"https:\/\/orthodoxalbania.org\/2020\/2008\/02\/26\/te-behemi-krijese-e-re-ne-krishtin-15-vjetori-i-krijimit-te-boya-s-2008\/","og_locale":"en_US","og_type":"article","og_title":"\u201cT\u00eb b\u00ebhemi krijes\u00eb e re n\u00eb Krishtin\u201d, 15 vjetori i krijimit t\u00eb BOYA - s. (2008) - Kisha Orthodh\u03bfkse Autoqefale e Shqip\u00ebris\u00eb","og_description":"&nbsp;&nbsp;&nbsp; &nbsp;&nbsp;&nbsp; Nga datat 10 \u2013 14 shtator 2008 n\u00eb Varna t\u00eb Bullgaris\u00eb, BOYA (Organizata e t\u00eb rinjve orthodhoks\u00eb t\u00eb Ballkanit) organizoi aktivitetin me tem\u00eb \u201cT\u00eb b\u00ebhemi krijes\u00eb e re n\u00eb Krishtin\u201d, me rastin e 15 \u2013 vjetorit t\u00eb krijimit t\u00eb saj. Me bekimin e Fortlumuris\u00eb s\u00eb tij, Kryepiskopit Anastas, n\u00eb k\u00ebt\u00eb aktivitet mori pjes\u00eb edhe nj\u00eb grup p\u00ebrfaq\u00ebsues prej pes\u00eb an\u00ebtar\u00ebsh, nga Kisha Orthodhokse","og_url":"https:\/\/orthodoxalbania.org\/2020\/2008\/02\/26\/te-behemi-krijese-e-re-ne-krishtin-15-vjetori-i-krijimit-te-boya-s-2008\/","og_site_name":"Kisha Orthodh\u03bfkse Autoqefale e Shqip\u00ebris\u00eb","article_publisher":"https:\/\/www.facebook.com\/koash1991","article_published_time":"2008-02-26T00:00:00+00:00","article_modified_time":"2020-04-06T20:35:27+00:00","og_image":[{"url":"https:\/\/lh6.googleusercontent.com\/-T2L_KQbzxFE\/VJFgnizRPNI\/AAAAAAAAIBw\/E4Mu-jvuGJM\/w448-h336-no\/1.jpg","type":"","width":"","height":""}],"author":"Kisha Orthodhokse","twitter_card":"summary_large_image","twitter_misc":{"Written by":"Kisha Orthodhokse","Est. reading time":"4 minutes"},"schema":{"@context":"https:\/\/schema.org","@graph":[{"@type":"Article","@id":"https:\/\/orthodoxalbania.org\/2020\/2008\/02\/26\/te-behemi-krijese-e-re-ne-krishtin-15-vjetori-i-krijimit-te-boya-s-2008\/#article","isPartOf":{"@id":"https:\/\/orthodoxalbania.org\/2020\/2008\/02\/26\/te-behemi-krijese-e-re-ne-krishtin-15-vjetori-i-krijimit-te-boya-s-2008\/"},"author":{"name":"Kisha Orthodhokse","@id":"https:\/\/orthodoxalbania.org\/2020\/#\/schema\/person\/0c387634a7063ac612d7ed9ce71c7e86"},"headline":"\u201cT\u00eb b\u00ebhemi krijes\u00eb e re n\u00eb Krishtin\u201d, 15 vjetori i krijimit t\u00eb BOYA &#8211; s. (2008)","datePublished":"2008-02-26T00:00:00+00:00","dateModified":"2020-04-06T20:35:27+00:00","mainEntityOfPage":{"@id":"https:\/\/orthodoxalbania.org\/2020\/2008\/02\/26\/te-behemi-krijese-e-re-ne-krishtin-15-vjetori-i-krijimit-te-boya-s-2008\/"},"wordCount":874,"commentCount":0,"publisher":{"@id":"https:\/\/orthodoxalbania.org\/2020\/#organization"},"image":{"@id":"https:\/\/orthodoxalbania.org\/2020\/2008\/02\/26\/te-behemi-krijese-e-re-ne-krishtin-15-vjetori-i-krijimit-te-boya-s-2008\/#primaryimage"},"thumbnailUrl":"https:\/\/lh6.googleusercontent.com\/-T2L_KQbzxFE\/VJFgnizRPNI\/AAAAAAAAIBw\/E4Mu-jvuGJM\/w448-h336-no\/1.jpg","keywords":["2008","Deklarata - Njoftime Zyrtare","Kryepiskopata Tiran\u00eb","lajme"],"articleSection":["Lajme"],"inLanguage":"en-US"},{"@type":"WebPage","@id":"https:\/\/orthodoxalbania.org\/2020\/2008\/02\/26\/te-behemi-krijese-e-re-ne-krishtin-15-vjetori-i-krijimit-te-boya-s-2008\/","url":"https:\/\/orthodoxalbania.org\/2020\/2008\/02\/26\/te-behemi-krijese-e-re-ne-krishtin-15-vjetori-i-krijimit-te-boya-s-2008\/","name":"\u201cT\u00eb b\u00ebhemi krijes\u00eb e re n\u00eb Krishtin\u201d, 15 vjetori i krijimit t\u00eb BOYA - s. (2008) - Kisha Orthodh\u03bfkse Autoqefale e Shqip\u00ebris\u00eb","isPartOf":{"@id":"https:\/\/orthodoxalbania.org\/2020\/#website"},"primaryImageOfPage":{"@id":"https:\/\/orthodoxalbania.org\/2020\/2008\/02\/26\/te-behemi-krijese-e-re-ne-krishtin-15-vjetori-i-krijimit-te-boya-s-2008\/#primaryimage"},"image":{"@id":"https:\/\/orthodoxalbania.org\/2020\/2008\/02\/26\/te-behemi-krijese-e-re-ne-krishtin-15-vjetori-i-krijimit-te-boya-s-2008\/#primaryimage"},"thumbnailUrl":"https:\/\/lh6.googleusercontent.com\/-T2L_KQbzxFE\/VJFgnizRPNI\/AAAAAAAAIBw\/E4Mu-jvuGJM\/w448-h336-no\/1.jpg","datePublished":"2008-02-26T00:00:00+00:00","dateModified":"2020-04-06T20:35:27+00:00","breadcrumb":{"@id":"https:\/\/orthodoxalbania.org\/2020\/2008\/02\/26\/te-behemi-krijese-e-re-ne-krishtin-15-vjetori-i-krijimit-te-boya-s-2008\/#breadcrumb"},"inLanguage":"en-US","potentialAction":[{"@type":"ReadAction","target":["https:\/\/orthodoxalbania.org\/2020\/2008\/02\/26\/te-behemi-krijese-e-re-ne-krishtin-15-vjetori-i-krijimit-te-boya-s-2008\/"]}]},{"@type":"ImageObject","inLanguage":"en-US","@id":"https:\/\/orthodoxalbania.org\/2020\/2008\/02\/26\/te-behemi-krijese-e-re-ne-krishtin-15-vjetori-i-krijimit-te-boya-s-2008\/#primaryimage","url":"https:\/\/lh6.googleusercontent.com\/-T2L_KQbzxFE\/VJFgnizRPNI\/AAAAAAAAIBw\/E4Mu-jvuGJM\/w448-h336-no\/1.jpg","contentUrl":"https:\/\/lh6.googleusercontent.com\/-T2L_KQbzxFE\/VJFgnizRPNI\/AAAAAAAAIBw\/E4Mu-jvuGJM\/w448-h336-no\/1.jpg"},{"@type":"BreadcrumbList","@id":"https:\/\/orthodoxalbania.org\/2020\/2008\/02\/26\/te-behemi-krijese-e-re-ne-krishtin-15-vjetori-i-krijimit-te-boya-s-2008\/#breadcrumb","itemListElement":[{"@type":"ListItem","position":1,"name":"Home","item":"https:\/\/orthodoxalbania.org\/2020\/"},{"@type":"ListItem","position":2,"name":"\u201cT\u00eb b\u00ebhemi krijes\u00eb e re n\u00eb Krishtin\u201d, 15 vjetori i krijimit t\u00eb BOYA &#8211; s. (2008)"}]},{"@type":"WebSite","@id":"https:\/\/orthodoxalbania.org\/2020\/#website","url":"https:\/\/orthodoxalbania.org\/2020\/","name":"Kisha Orthodh\u03bfkse Autoqefale e Shqip\u00ebris\u00eb","description":"Fqja Zyrtare e Kish\u00ebs Orthodhokse Autoqefale e Shqip\u00ebris\u00eb me lajmet edhe informacionet zyrtare p\u00ebr struktur\u00ebn edhe veprimtarin e saj.","publisher":{"@id":"https:\/\/orthodoxalbania.org\/2020\/#organization"},"potentialAction":[{"@type":"SearchAction","target":{"@type":"EntryPoint","urlTemplate":"https:\/\/orthodoxalbania.org\/2020\/?s={search_term_string}"},"query-input":{"@type":"PropertyValueSpecification","valueRequired":true,"valueName":"search_term_string"}}],"inLanguage":"en-US"},{"@type":"Organization","@id":"https:\/\/orthodoxalbania.org\/2020\/#organization","name":"Kisha Orthodhokse Autoqefale e Shqip\u00ebris\u00eb","url":"https:\/\/orthodoxalbania.org\/2020\/","logo":{"@type":"ImageObject","inLanguage":"en-US","@id":"https:\/\/orthodoxalbania.org\/2020\/#\/schema\/logo\/image\/","url":"https:\/\/orthodoxalbania.org\/2020\/wp-content\/uploads\/2020\/05\/albania.jpeg","contentUrl":"https:\/\/orthodoxalbania.org\/2020\/wp-content\/uploads\/2020\/05\/albania.jpeg","width":540,"height":540,"caption":"Kisha Orthodhokse Autoqefale e Shqip\u00ebris\u00eb"},"image":{"@id":"https:\/\/orthodoxalbania.org\/2020\/#\/schema\/logo\/image\/"},"sameAs":["https:\/\/www.facebook.com\/koash1991"]},{"@type":"Person","@id":"https:\/\/orthodoxalbania.org\/2020\/#\/schema\/person\/0c387634a7063ac612d7ed9ce71c7e86","name":"Kisha Orthodhokse","image":{"@type":"ImageObject","inLanguage":"en-US","@id":"https:\/\/secure.gravatar.com\/avatar\/596e7c417251e30f2fbb9c00e026fce61a695a00e51c889caded71c96cbbdde5?s=96&d=mm&r=g","url":"https:\/\/secure.gravatar.com\/avatar\/596e7c417251e30f2fbb9c00e026fce61a695a00e51c889caded71c96cbbdde5?s=96&d=mm&r=g","contentUrl":"https:\/\/secure.gravatar.com\/avatar\/596e7c417251e30f2fbb9c00e026fce61a695a00e51c889caded71c96cbbdde5?s=96&d=mm&r=g","caption":"Kisha Orthodhokse"}}]}},"_links":{"self":[{"href":"https:\/\/orthodoxalbania.org\/2020\/wp-json\/wp\/v2\/posts\/1740","targetHints":{"allow":["GET"]}}],"collection":[{"href":"https:\/\/orthodoxalbania.org\/2020\/wp-json\/wp\/v2\/posts"}],"about":[{"href":"https:\/\/orthodoxalbania.org\/2020\/wp-json\/wp\/v2\/types\/post"}],"author":[{"embeddable":true,"href":"https:\/\/orthodoxalbania.org\/2020\/wp-json\/wp\/v2\/users\/1"}],"replies":[{"embeddable":true,"href":"https:\/\/orthodoxalbania.org\/2020\/wp-json\/wp\/v2\/comments?post=1740"}],"version-history":[{"count":1,"href":"https:\/\/orthodoxalbania.org\/2020\/wp-json\/wp\/v2\/posts\/1740\/revisions"}],"predecessor-version":[{"id":15685,"href":"https:\/\/orthodoxalbania.org\/2020\/wp-json\/wp\/v2\/posts\/1740\/revisions\/15685"}],"wp:attachment":[{"href":"https:\/\/orthodoxalbania.org\/2020\/wp-json\/wp\/v2\/media?parent=1740"}],"wp:term":[{"taxonomy":"category","embeddable":true,"href":"https:\/\/orthodoxalbania.org\/2020\/wp-json\/wp\/v2\/categories?post=1740"},{"taxonomy":"post_tag","embeddable":true,"href":"https:\/\/orthodoxalbania.org\/2020\/wp-json\/wp\/v2\/tags?post=1740"}],"curies":[{"name":"wp","href":"https:\/\/api.w.org\/{rel}","templated":true}]}}