{"id":174,"date":"2006-02-26T00:00:00","date_gmt":"2006-02-26T00:00:00","guid":{"rendered":""},"modified":"2020-04-06T22:41:51","modified_gmt":"2020-04-06T20:41:51","slug":"kampi-i-dyte-i-djemve-rilindja-ne-shen-vlash-korrik-06","status":"publish","type":"post","link":"https:\/\/orthodoxalbania.org\/2020\/2006\/02\/26\/kampi-i-dyte-i-djemve-rilindja-ne-shen-vlash-korrik-06\/","title":{"rendered":"Kampi i Dyt\u00eb i djemve &#8220;Rilindja&#8221; n\u00eb Sh\u00ebn Vlash. (10 &#8211; 21 Korrik 2006)"},"content":{"rendered":"<div style=\"text-align: justify;\"><span style=\"color: #000000; font-family: helvetica;\"><span style=\"font-size: 12px;\"><img decoding=\"async\" class=\"lazyload HAa Eha\" style=\"height: 225px; width: 300px; border-width: 1px; border-style: solid; margin: 10px; float: left;\" alt=\"\" src=\"data:image\/gif;base64,R0lGODlhAQABAAAAACH5BAEKAAEALAAAAAABAAEAAAICTAEAOw==\" data-orig-src=\"https:\/\/lh6.googleusercontent.com\/-yl5NQZWuTY4\/VIf2K3R5ZUI\/AAAAAAAAFkw\/BBgfDmS90Vs\/w350-h263-no\/untitled1.jpg\" \/><span style=\"font-size: 12pt;\">&nbsp;&nbsp; N\u00eb stin\u00ebn e nxeht\u00eb t\u00eb ver\u00ebs, stin\u00eb n\u00eb t\u00eb cil\u00ebn mbaron viti shkollor dhe nisin pushimet verore, Kisha jon\u00eb Orthodhokse nisi t\u00eb zhvilloj\u00eb kampe arg\u00ebtuese dhe me tema shpirt\u00ebrore p\u00ebr f\u00ebmij\u00eb t\u00eb moshave 9-vje\u00e7are, gjimnazist\u00eb, si edhe p\u00ebr student\u00eb nga e gjith\u00eb Shqip\u00ebria. Kampet jan\u00eb zhvilluar n\u00eb dy vende: n\u00eb manastirin e \u201cSh\u00ebn Vlashit\u201d n\u00eb Durr\u00ebs p\u00ebr djemt\u00eb dhe kampi i vajzave n\u00eb manastirin e \u201cSh\u00ebn Joan Vladimirit\u201d n\u00eb Elbasan.<\/span><\/span><\/span><\/div>\n<div style=\"text-align: justify;\"><span style=\"font-family: helvetica; font-size: 12pt;\"><\/span><\/div>\n<div style=\"text-align: justify;\"><span style=\"color: #000000; font-family: helvetica; font-size: 12pt;\">&nbsp;&nbsp; Nj\u00eb nd\u00ebr kampet q\u00eb mbylli me sukses \u201cmaraton\u00ebn\u201d e tij ishte edhe kampi i gjimnazist\u00ebve n\u00eb manastirin e Sh\u00ebn Vlashit. Ky kamp nisi m\u00eb 10.07.2006 dhe p\u00ebrfundoi m\u00eb 21.07.2006. Tema kryesore ishte \u201cT\u00eb Lumurit\u201d dhe e merrte emrin nga lum\u00ebrimet e Zotit Krisht n\u00eb \u201cMalin e Ullinjve\u201d (Mattheu 5:2-17). Vet\u00eb emrat e grupeve bazoheshin n\u00eb lum\u00ebrimet e Zotit ton\u00eb Jisu Krisht. Ishin gjithsej 8 grupe dhe disa nd\u00ebr emrat e tyre ishin: G\u00ebzimi, Martir\u00ebt, Durimi, T\u00eb M\u00ebshirshmit, Zem\u00ebrpastrit, etj.<\/span><\/div>\n<div style=\"text-align: justify;\"><span style=\"font-family: helvetica; font-size: 12pt;\"><\/span><\/div>\n<div style=\"text-align: justify;\"><span style=\"color: #000000; font-family: helvetica; font-size: 12pt;\">&nbsp;&nbsp; Drejtues i kampit ishte z. Spiro Kostoli, pedagog i muzik\u00ebs bizantine n\u00eb Akademin\u00eb Teologjike \u201cNgjallja e Krishtit\u201d, n\u00eb Sh. Vlash, i cili ka patur edhe eksperienc\u00eb n\u00eb kampe t\u00eb m\u00ebparsh\u00ebm n\u00eb role t\u00eb ndryshme drejtuese. Nd\u00ebrsa drejtues grupesh ishin student\u00eb t\u00eb Akademis\u00eb Teologjike dhe t\u00eb sapodiplomuar n\u00eb k\u00ebt\u00eb Akademi.<\/span><\/div>\n<div style=\"text-align: justify;\"><span style=\"font-family: helvetica; font-size: 12pt;\"><\/span><\/div>\n<div style=\"text-align: justify;\"><span style=\"color: #000000; font-family: helvetica; font-size: 12pt;\">&nbsp;&nbsp; P\u00ebr sa i p\u00ebrket kuadrit shpirt\u00ebror, kampi niste me sh\u00ebrbes\u00ebn e M\u00ebngjesores, studimit biblik n\u00eb grupe, vazhdonte me referatin e mbr\u00ebmjes, i cili zhvillohej \u00e7do dit\u00eb me pjes\u00ebmarrjen e gjith\u00eb kampist\u00ebve dhe kryhej nga nj\u00eb drejtues grupi dhe \u00e7do referat bazohej n\u00eb nj\u00eb nga lum\u00ebrimet e Zoti n\u00eb mal. Gjithashtu \u00e7do mbr\u00ebmje kryhej sh\u00ebrbesa e Mbr\u00ebm\u00ebsores dhe pas dark\u00ebs sh\u00ebrbesa e Pasdark\u00ebs. N\u00eb kuadrin shpirt\u00ebror por jo t\u00eb p\u00ebrditsh\u00ebm, nuk l\u00ebm\u00eb pa p\u00ebrmendur edhe Liturgjin\u00eb Hyjnore t\u00eb s\u00eb diel\u00ebs dhe t\u00eb kremtes s\u00eb Profetit Ilia, si dhe dy dit\u00eb ku kampist\u00ebt pat\u00ebn mund\u00ebsin\u00eb p\u00ebr t\u2019u rr\u00ebfyer tek dy et\u00ebr shpirt\u00ebror\u00eb, t\u00eb cil\u00ebt erdh\u00ebn n\u00eb kamp p\u00ebr t\u00eb ndihmuar n\u00eb rritjen shpirt\u00ebrore t\u00eb gjimnazist\u00ebve pjes\u00ebmarr\u00ebs n\u00eb kamp. Por nuk mund t\u00eb lihen pa p\u00ebrmendur edhe bisedat spontane shpirt\u00ebrore nd\u00ebrmjet gjimnazist\u00ebve dhe drejtuesve t\u00eb kampit.<\/span><\/div>\n<div style=\"text-align: justify;\"><span style=\"font-family: helvetica; font-size: 12pt;\"><\/span><\/div>\n<div style=\"text-align: justify;\"><span style=\"color: #000000; font-family: helvetica; font-size: 12pt;\"><img decoding=\"async\" class=\"lazyload HAa Eha\" style=\"height: 225px; width: 300px; border-width: 1px; border-style: solid; margin: 10px; float: left;\" alt=\"\" src=\"data:image\/gif;base64,R0lGODlhAQABAAAAACH5BAEKAAEALAAAAAABAAEAAAICTAEAOw==\" data-orig-src=\"https:\/\/lh4.googleusercontent.com\/-SYssuMbgq1Y\/VIf2LMbQOVI\/AAAAAAAAFlE\/JZyMyehGRWE\/w350-h263-no\/untitled2.jpg\" \/>&nbsp;&nbsp; Gjat\u00eb paraditeve i gjith\u00eb kampi shkonte n\u00eb plazh dhe n\u00eb aspektin arg\u00ebtues nuk mungonin kampionatet e futbollit, volejbollit, tavll\u00ebs, shahut, ping-pongut dhe loj\u00ebrat olimpike. Ve\u00e7 aktiviteteve sportive u zhvilluan edhe disa mbr\u00ebmje me k\u00ebng\u00eb dhe valle popullore si edhe mbr\u00ebmja e fundit me ske\u00e7e dhe k\u00ebng\u00eb t\u00eb zhvilluar nga vet\u00eb kampist\u00ebt.<\/span><\/div>\n<div style=\"text-align: justify;\"><span style=\"font-family: helvetica; font-size: 12pt;\"><\/span><\/div>\n<div style=\"text-align: justify;\"><span style=\"color: #000000; font-family: helvetica; font-size: 12pt;\">&nbsp;&nbsp;&nbsp; Nj\u00eb hap\u00ebsir\u00eb t\u00eb ve\u00e7ant\u00eb vlen t\u2019i dedikojm\u00eb edhe vizit\u00ebs s\u00eb Mitropolitit t\u00eb Beratit, Hir\u00ebsi Ignatit. Prania e tij n\u00eb kamp ishte nj\u00eb bekim i madh nga Per\u00ebndia. Ai vler\u00ebsoi pun\u00ebn q\u00eb u b\u00eb me t\u00eb rinjt\u00eb dhe i inkurajoi ata q\u00eb t\u00eb kalojn\u00eb nj\u00eb koh\u00eb v\u00ebllaz\u00ebrisht dhe t\u00eb thellohen n\u00eb miq\u00ebsin\u00eb e krishter\u00eb. Ai i inkurajoi t\u00eb rinjt\u00eb q\u00eb t\u00eb shfryt\u00ebzonin sa m\u00eb mir\u00eb energjit\u00eb e tyre p\u00ebr Krishtin dhe p\u00ebr Kish\u00ebn. Mbasdite, Hir\u00ebsi Ignati kreu sh\u00ebrbes\u00ebn e Pag\u00ebzimit t\u00eb 19 katikumen\u00ebve t\u00eb cil\u00ebt ndodheshin n\u00eb kamp. Ai i vler\u00ebsoi ata si delet m\u00eb t\u00eb reja dhe t\u00eb qashtra t\u00eb grigj\u00ebs s\u00eb Zotit ton\u00eb Jisu Krishtit. Hir\u00ebsi Ignati gjithashtu b\u00ebri edhe nj\u00eb takim me kampist\u00ebt, t\u00eb cil\u00ebt ishin pjes\u00eb e Mitropolis\u00eb t\u00eb Beratit.<\/span><\/div>\n<div style=\"text-align: justify;\"><span style=\"font-family: helvetica; font-size: 12pt;\"><\/span><\/div>\n<div style=\"text-align: justify;\"><span style=\"color: #000000; font-family: helvetica; font-size: 12pt;\">&nbsp;&nbsp; Ajo q\u00eb duhet t\u00eb vler\u00ebsojm\u00eb nga ky kamp \u00ebsht\u00eb zelli me t\u00eb cil\u00ebn punoi stafi i tij, si dhe energjit\u00eb e pashtershme t\u00eb t\u00eb rinjve q\u00eb shfaqeshin n\u00eb \u00e7do \u00e7ast t\u00eb kampit, n\u00eb loj\u00ebra, n\u00eb k\u00ebng\u00ebt e ndryshme, n\u00eb temat shpirt\u00ebrore, n\u00eb miq\u00ebsit\u00eb q\u00eb krijuan gjimnazist\u00ebt nd\u00ebrmjet nj\u00ebri-tjetrit, por edhe rritja e tyre shpirt\u00ebrore dhe shija e nj\u00eb bashk\u00ebsie v\u00ebllaz\u00ebrore e krishter\u00eb q\u00eb ata mor\u00ebn p\u00ebr 10 dit\u00eb n\u00eb k\u00ebt\u00eb kamp dhe shpresojm\u00eb q\u00eb k\u00ebt\u00eb frym\u00eb ata ta vazhdojn\u00eb edhe n\u00eb enorit\u00eb e tyre.<\/span><\/div>\n<div style=\"text-align: justify;\"><span style=\"font-family: helvetica; font-size: 12pt;\"><\/span><\/div>\n<div style=\"text-align: justify;\"><span style=\"color: #000000; font-family: helvetica; font-size: 12pt;\">&nbsp;&nbsp; Data 21 korrik ishte dita e mbarimit t\u00eb kampit dhe e kthimit t\u00eb pjes\u00ebmarr\u00ebsve t\u00eb tij n\u00eb sht\u00ebpit\u00eb e tyre. Shpresojm\u00eb q\u00eb ajo q\u00eb i k\u00ebrkuam Per\u00ebndis\u00eb n\u00eb lutjet tona t\u00eb jet\u00eb realizuar. Iu lut\u00ebm Per\u00ebndis\u00eb q\u00eb ky kamp t\u00eb ishte nj\u00eb rritje n\u00eb p\u00ebrjetimin shpirt\u00ebror jo vet\u00ebm t\u00eb kampist\u00ebve, por edhe n\u00eb jet\u00ebn ton\u00eb shpirt\u00ebrore. K\u00ebrkuam n\u00eb lutjet tona q\u00eb kampist\u00ebt t\u00eb merrnin nj\u00eb mesazh p\u00ebr jet\u00ebn me Krishtin, por q\u00eb edhe ne t\u00eb thellohemi n\u00eb k\u00ebt\u00eb mesazh. Besojm\u00eb q\u00eb Per\u00ebndia ta ket\u00eb d\u00ebgjuar lutjen ton\u00eb dhe t\u00eb na thot\u00eb t\u00eb gjith\u00ebve: \u201cT\u00eb lumur jeni ju\u201d.<\/span><\/div>\n<div style=\"text-align: justify;\"><span style=\"font-family: helvetica; font-size: 12pt;\"><\/span><\/div>\n<div style=\"text-align: justify;\"><span style=\"font-family: helvetica; font-size: 12pt;\"><\/span><\/div>\n<div style=\"text-align: justify;\"><span style=\"font-family: helvetica; font-size: 12pt;\"><\/span><\/div>\n<div style=\"text-align: right;\"><span style=\"color: #000000; font-family: helvetica; font-size: 12pt;\"><strong>Glen Lla\u00e7i<\/strong><\/span><\/div>\n<div style=\"text-align: right;\"><span style=\"font-family: helvetica; font-size: 12pt;\"><\/span><\/div>\n<div style=\"text-align: center;\"><span style=\"font-family: helvetica; font-size: 12pt;\"><img decoding=\"async\" class=\"lazyload HAa Eha\" style=\"height: 263px; width: 350px; border-width: 1px; border-style: solid; margin: 10px;\" alt=\"\" src=\"data:image\/gif;base64,R0lGODlhAQABAAAAACH5BAEKAAEALAAAAAABAAEAAAICTAEAOw==\" data-orig-src=\"https:\/\/lh4.googleusercontent.com\/-MxxTgDMtXj4\/VIf2MOd86SI\/AAAAAAAAFlQ\/EyyZ-D54ZsQ\/w350-h263-no\/untitled3.jpg\" \/><\/span><\/div>\n<div style=\"text-align: center;\"><span style=\"font-family: helvetica; font-size: 12pt;\"><img decoding=\"async\" class=\"lazyload HAa Eha\" style=\"height: 263px; width: 350px; border-width: 1px; border-style: solid; margin: 10px;\" alt=\"\" src=\"data:image\/gif;base64,R0lGODlhAQABAAAAACH5BAEKAAEALAAAAAABAAEAAAICTAEAOw==\" data-orig-src=\"https:\/\/lh6.googleusercontent.com\/-30WAlFD0BQ8\/VIf2MVJ1_DI\/AAAAAAAAFlM\/hZRcC_4wbBE\/w350-h263-no\/untitled4.jpg\" \/><\/span><\/div>\n<div style=\"text-align: center;\"><span style=\"font-family: helvetica; font-size: 12pt;\"><img decoding=\"async\" class=\"lazyload HAa Eha\" style=\"height: 263px; width: 350px; border-width: 1px; border-style: solid; margin: 10px;\" alt=\"\" src=\"data:image\/gif;base64,R0lGODlhAQABAAAAACH5BAEKAAEALAAAAAABAAEAAAICTAEAOw==\" data-orig-src=\"https:\/\/lh4.googleusercontent.com\/-tVnMFQ15QAE\/VIf2KsqiAEI\/AAAAAAAAFko\/NLs5nwtLcYE\/w448-h336-no\/%3B.jpg\" \/><\/span><\/div>\n<div style=\"text-align: center;\"><span style=\"font-family: helvetica; font-size: 12pt;\"><img decoding=\"async\" class=\"lazyload HAa Eha\" style=\"height: 263px; width: 350px; border-width: 1px; border-style: solid; margin: 10px;\" alt=\"\" src=\"data:image\/gif;base64,R0lGODlhAQABAAAAACH5BAEKAAEALAAAAAABAAEAAAICTAEAOw==\" data-orig-src=\"https:\/\/lh5.googleusercontent.com\/-ob4JjVM6-KM\/VIf2LjTTeDI\/AAAAAAAAFk4\/bTj7vv43HkQ\/w600-h450-no\/untitled2i.jpg\" \/><\/span><\/div>\n<div style=\"text-align: center;\"><span style=\"font-family: helvetica; font-size: 12pt;\"><img decoding=\"async\" class=\"lazyload HAa Eha\" style=\"height: 263px; width: 350px; border-width: 1px; border-style: solid; margin: 10px;\" alt=\"\" src=\"data:image\/gif;base64,R0lGODlhAQABAAAAACH5BAEKAAEALAAAAAABAAEAAAICTAEAOw==\" data-orig-src=\"https:\/\/lh3.googleusercontent.com\/-bXERtkWpYHc\/VIf2Kq73YOI\/AAAAAAAAFlc\/wNTR5EhDnuM\/w600-h450-no\/d.jpg\" \/><\/span><\/div>\n<div style=\"text-align: center;\"><span style=\"font-family: helvetica; font-size: 12pt;\"><img decoding=\"async\" class=\"lazyload HAa Eha\" style=\"height: 249px; width: 350px; border-width: 1px; border-style: solid; margin: 10px;\" alt=\"\" src=\"data:image\/gif;base64,R0lGODlhAQABAAAAACH5BAEKAAEALAAAAAABAAEAAAICTAEAOw==\" data-orig-src=\"https:\/\/lh5.googleusercontent.com\/-7TXgFbfDI74\/VIf2NKLypGI\/AAAAAAAAFlU\/07jfFMbFKJE\/w600-h426-no\/untitled5%3B%3B%3B%3B.jpg\" \/><\/span><\/div>\n","protected":false},"excerpt":{"rendered":"<p>&nbsp;&nbsp; N\u00eb stin\u00ebn e nxeht\u00eb t\u00eb ver\u00ebs, stin\u00eb n\u00eb t\u00eb cil\u00ebn mbaron viti shkollor dhe nisin pushimet verore, Kisha jon\u00eb Orthodhokse nisi t\u00eb zhvilloj\u00eb kampe arg\u00ebtuese dhe me tema shpirt\u00ebrore p\u00ebr f\u00ebmij\u00eb t\u00eb moshave 9-vje\u00e7are, gjimnazist\u00eb, si edhe p\u00ebr student\u00eb nga e gjith\u00eb Shqip\u00ebria. Kampet jan\u00eb zhvilluar n\u00eb dy vende: n\u00eb manastirin e \u201cSh\u00ebn Vlashit\u201d n\u00eb Durr\u00ebs p\u00ebr djemt\u00eb dhe kampi i vajzave n\u00eb manastirin<\/p>\n","protected":false},"author":1,"featured_media":0,"comment_status":"open","ping_status":"open","sticky":false,"template":"","format":"standard","meta":{"_acf_changed":false,"pagelayer_contact_templates":[],"_pagelayer_content":"","inline_featured_image":false,"fifu_image_url":"","fifu_image_alt":"","footnotes":""},"categories":[108],"tags":[148,200,196,212,176],"class_list":["post-174","post","type-post","status-publish","format-standard","hentry","category-lajme","tag-148","tag-kampe-verore","tag-tirane","tag-lajme-d27","tag-rinia-orthodhokse"],"acf":[],"yoast_head":"<!-- This site is optimized with the Yoast SEO plugin v27.2 - https:\/\/yoast.com\/product\/yoast-seo-wordpress\/ -->\n<title>Kampi i Dyt\u00eb i djemve &quot;Rilindja&quot; n\u00eb Sh\u00ebn Vlash. (10 - 21 Korrik 2006) - Kisha Orthodh\u03bfkse Autoqefale e Shqip\u00ebris\u00eb<\/title>\n<meta name=\"robots\" content=\"index, follow, max-snippet:-1, max-image-preview:large, max-video-preview:-1\" \/>\n<link rel=\"canonical\" href=\"https:\/\/orthodoxalbania.org\/2020\/2006\/02\/26\/kampi-i-dyte-i-djemve-rilindja-ne-shen-vlash-korrik-06\/\" \/>\n<meta property=\"og:locale\" content=\"en_US\" \/>\n<meta property=\"og:type\" content=\"article\" \/>\n<meta property=\"og:title\" content=\"Kampi i Dyt\u00eb i djemve &quot;Rilindja&quot; n\u00eb Sh\u00ebn Vlash. (10 - 21 Korrik 2006) - Kisha Orthodh\u03bfkse Autoqefale e Shqip\u00ebris\u00eb\" \/>\n<meta property=\"og:description\" content=\"&nbsp;&nbsp; N\u00eb stin\u00ebn e nxeht\u00eb t\u00eb ver\u00ebs, stin\u00eb n\u00eb t\u00eb cil\u00ebn mbaron viti shkollor dhe nisin pushimet verore, Kisha jon\u00eb Orthodhokse nisi t\u00eb zhvilloj\u00eb kampe arg\u00ebtuese dhe me tema shpirt\u00ebrore p\u00ebr f\u00ebmij\u00eb t\u00eb moshave 9-vje\u00e7are, gjimnazist\u00eb, si edhe p\u00ebr student\u00eb nga e gjith\u00eb Shqip\u00ebria. Kampet jan\u00eb zhvilluar n\u00eb dy vende: n\u00eb manastirin e \u201cSh\u00ebn Vlashit\u201d n\u00eb Durr\u00ebs p\u00ebr djemt\u00eb dhe kampi i vajzave n\u00eb manastirin\" \/>\n<meta property=\"og:url\" content=\"https:\/\/orthodoxalbania.org\/2020\/2006\/02\/26\/kampi-i-dyte-i-djemve-rilindja-ne-shen-vlash-korrik-06\/\" \/>\n<meta property=\"og:site_name\" content=\"Kisha Orthodh\u03bfkse Autoqefale e Shqip\u00ebris\u00eb\" \/>\n<meta property=\"article:publisher\" content=\"https:\/\/www.facebook.com\/koash1991\" \/>\n<meta property=\"article:published_time\" content=\"2006-02-26T00:00:00+00:00\" \/>\n<meta property=\"article:modified_time\" content=\"2020-04-06T20:41:51+00:00\" \/>\n<meta property=\"og:image\" content=\"https:\/\/lh6.googleusercontent.com\/-yl5NQZWuTY4\/VIf2K3R5ZUI\/AAAAAAAAFkw\/BBgfDmS90Vs\/w350-h263-no\/untitled1.jpg\" \/>\n<meta name=\"author\" content=\"Kisha Orthodhokse\" \/>\n<meta name=\"twitter:card\" content=\"summary_large_image\" \/>\n<meta name=\"twitter:label1\" content=\"Written by\" \/>\n\t<meta name=\"twitter:data1\" content=\"Kisha Orthodhokse\" \/>\n\t<meta name=\"twitter:label2\" content=\"Est. reading time\" \/>\n\t<meta name=\"twitter:data2\" content=\"4 minutes\" \/>\n<script type=\"application\/ld+json\" class=\"yoast-schema-graph\">{\"@context\":\"https:\/\/schema.org\",\"@graph\":[{\"@type\":\"Article\",\"@id\":\"https:\/\/orthodoxalbania.org\/2020\/2006\/02\/26\/kampi-i-dyte-i-djemve-rilindja-ne-shen-vlash-korrik-06\/#article\",\"isPartOf\":{\"@id\":\"https:\/\/orthodoxalbania.org\/2020\/2006\/02\/26\/kampi-i-dyte-i-djemve-rilindja-ne-shen-vlash-korrik-06\/\"},\"author\":{\"name\":\"Kisha Orthodhokse\",\"@id\":\"https:\/\/orthodoxalbania.org\/2020\/#\/schema\/person\/0c387634a7063ac612d7ed9ce71c7e86\"},\"headline\":\"Kampi i Dyt\u00eb i djemve &#8220;Rilindja&#8221; n\u00eb Sh\u00ebn Vlash. (10 &#8211; 21 Korrik 2006)\",\"datePublished\":\"2006-02-26T00:00:00+00:00\",\"dateModified\":\"2020-04-06T20:41:51+00:00\",\"mainEntityOfPage\":{\"@id\":\"https:\/\/orthodoxalbania.org\/2020\/2006\/02\/26\/kampi-i-dyte-i-djemve-rilindja-ne-shen-vlash-korrik-06\/\"},\"wordCount\":860,\"commentCount\":0,\"publisher\":{\"@id\":\"https:\/\/orthodoxalbania.org\/2020\/#organization\"},\"image\":{\"@id\":\"https:\/\/orthodoxalbania.org\/2020\/2006\/02\/26\/kampi-i-dyte-i-djemve-rilindja-ne-shen-vlash-korrik-06\/#primaryimage\"},\"thumbnailUrl\":\"https:\/\/lh6.googleusercontent.com\/-yl5NQZWuTY4\/VIf2K3R5ZUI\/AAAAAAAAFkw\/BBgfDmS90Vs\/w350-h263-no\/untitled1.jpg\",\"keywords\":[\"2006\",\"Kampe verore\",\"Kryepiskopata Tiran\u00eb\",\"lajme\",\"Rinia Orthodhokse\"],\"articleSection\":[\"Lajme\"],\"inLanguage\":\"en-US\"},{\"@type\":\"WebPage\",\"@id\":\"https:\/\/orthodoxalbania.org\/2020\/2006\/02\/26\/kampi-i-dyte-i-djemve-rilindja-ne-shen-vlash-korrik-06\/\",\"url\":\"https:\/\/orthodoxalbania.org\/2020\/2006\/02\/26\/kampi-i-dyte-i-djemve-rilindja-ne-shen-vlash-korrik-06\/\",\"name\":\"Kampi i Dyt\u00eb i djemve \\\"Rilindja\\\" n\u00eb Sh\u00ebn Vlash. (10 - 21 Korrik 2006) - Kisha Orthodh\u03bfkse Autoqefale e Shqip\u00ebris\u00eb\",\"isPartOf\":{\"@id\":\"https:\/\/orthodoxalbania.org\/2020\/#website\"},\"primaryImageOfPage\":{\"@id\":\"https:\/\/orthodoxalbania.org\/2020\/2006\/02\/26\/kampi-i-dyte-i-djemve-rilindja-ne-shen-vlash-korrik-06\/#primaryimage\"},\"image\":{\"@id\":\"https:\/\/orthodoxalbania.org\/2020\/2006\/02\/26\/kampi-i-dyte-i-djemve-rilindja-ne-shen-vlash-korrik-06\/#primaryimage\"},\"thumbnailUrl\":\"https:\/\/lh6.googleusercontent.com\/-yl5NQZWuTY4\/VIf2K3R5ZUI\/AAAAAAAAFkw\/BBgfDmS90Vs\/w350-h263-no\/untitled1.jpg\",\"datePublished\":\"2006-02-26T00:00:00+00:00\",\"dateModified\":\"2020-04-06T20:41:51+00:00\",\"breadcrumb\":{\"@id\":\"https:\/\/orthodoxalbania.org\/2020\/2006\/02\/26\/kampi-i-dyte-i-djemve-rilindja-ne-shen-vlash-korrik-06\/#breadcrumb\"},\"inLanguage\":\"en-US\",\"potentialAction\":[{\"@type\":\"ReadAction\",\"target\":[\"https:\/\/orthodoxalbania.org\/2020\/2006\/02\/26\/kampi-i-dyte-i-djemve-rilindja-ne-shen-vlash-korrik-06\/\"]}]},{\"@type\":\"ImageObject\",\"inLanguage\":\"en-US\",\"@id\":\"https:\/\/orthodoxalbania.org\/2020\/2006\/02\/26\/kampi-i-dyte-i-djemve-rilindja-ne-shen-vlash-korrik-06\/#primaryimage\",\"url\":\"https:\/\/lh6.googleusercontent.com\/-yl5NQZWuTY4\/VIf2K3R5ZUI\/AAAAAAAAFkw\/BBgfDmS90Vs\/w350-h263-no\/untitled1.jpg\",\"contentUrl\":\"https:\/\/lh6.googleusercontent.com\/-yl5NQZWuTY4\/VIf2K3R5ZUI\/AAAAAAAAFkw\/BBgfDmS90Vs\/w350-h263-no\/untitled1.jpg\"},{\"@type\":\"BreadcrumbList\",\"@id\":\"https:\/\/orthodoxalbania.org\/2020\/2006\/02\/26\/kampi-i-dyte-i-djemve-rilindja-ne-shen-vlash-korrik-06\/#breadcrumb\",\"itemListElement\":[{\"@type\":\"ListItem\",\"position\":1,\"name\":\"Home\",\"item\":\"https:\/\/orthodoxalbania.org\/2020\/\"},{\"@type\":\"ListItem\",\"position\":2,\"name\":\"Kampi i Dyt\u00eb i djemve &#8220;Rilindja&#8221; n\u00eb Sh\u00ebn Vlash. (10 &#8211; 21 Korrik 2006)\"}]},{\"@type\":\"WebSite\",\"@id\":\"https:\/\/orthodoxalbania.org\/2020\/#website\",\"url\":\"https:\/\/orthodoxalbania.org\/2020\/\",\"name\":\"Kisha Orthodh\u03bfkse Autoqefale e Shqip\u00ebris\u00eb\",\"description\":\"Fqja Zyrtare e Kish\u00ebs Orthodhokse Autoqefale e Shqip\u00ebris\u00eb me lajmet edhe informacionet zyrtare p\u00ebr struktur\u00ebn edhe veprimtarin e saj.\",\"publisher\":{\"@id\":\"https:\/\/orthodoxalbania.org\/2020\/#organization\"},\"potentialAction\":[{\"@type\":\"SearchAction\",\"target\":{\"@type\":\"EntryPoint\",\"urlTemplate\":\"https:\/\/orthodoxalbania.org\/2020\/?s={search_term_string}\"},\"query-input\":{\"@type\":\"PropertyValueSpecification\",\"valueRequired\":true,\"valueName\":\"search_term_string\"}}],\"inLanguage\":\"en-US\"},{\"@type\":\"Organization\",\"@id\":\"https:\/\/orthodoxalbania.org\/2020\/#organization\",\"name\":\"Kisha Orthodhokse Autoqefale e Shqip\u00ebris\u00eb\",\"url\":\"https:\/\/orthodoxalbania.org\/2020\/\",\"logo\":{\"@type\":\"ImageObject\",\"inLanguage\":\"en-US\",\"@id\":\"https:\/\/orthodoxalbania.org\/2020\/#\/schema\/logo\/image\/\",\"url\":\"https:\/\/orthodoxalbania.org\/2020\/wp-content\/uploads\/2020\/05\/albania.jpeg\",\"contentUrl\":\"https:\/\/orthodoxalbania.org\/2020\/wp-content\/uploads\/2020\/05\/albania.jpeg\",\"width\":540,\"height\":540,\"caption\":\"Kisha Orthodhokse Autoqefale e Shqip\u00ebris\u00eb\"},\"image\":{\"@id\":\"https:\/\/orthodoxalbania.org\/2020\/#\/schema\/logo\/image\/\"},\"sameAs\":[\"https:\/\/www.facebook.com\/koash1991\"]},{\"@type\":\"Person\",\"@id\":\"https:\/\/orthodoxalbania.org\/2020\/#\/schema\/person\/0c387634a7063ac612d7ed9ce71c7e86\",\"name\":\"Kisha Orthodhokse\",\"image\":{\"@type\":\"ImageObject\",\"inLanguage\":\"en-US\",\"@id\":\"https:\/\/secure.gravatar.com\/avatar\/596e7c417251e30f2fbb9c00e026fce61a695a00e51c889caded71c96cbbdde5?s=96&d=mm&r=g\",\"url\":\"https:\/\/secure.gravatar.com\/avatar\/596e7c417251e30f2fbb9c00e026fce61a695a00e51c889caded71c96cbbdde5?s=96&d=mm&r=g\",\"contentUrl\":\"https:\/\/secure.gravatar.com\/avatar\/596e7c417251e30f2fbb9c00e026fce61a695a00e51c889caded71c96cbbdde5?s=96&d=mm&r=g\",\"caption\":\"Kisha Orthodhokse\"}}]}<\/script>\n<!-- \/ Yoast SEO plugin. -->","yoast_head_json":{"title":"Kampi i Dyt\u00eb i djemve \"Rilindja\" n\u00eb Sh\u00ebn Vlash. (10 - 21 Korrik 2006) - Kisha Orthodh\u03bfkse Autoqefale e Shqip\u00ebris\u00eb","robots":{"index":"index","follow":"follow","max-snippet":"max-snippet:-1","max-image-preview":"max-image-preview:large","max-video-preview":"max-video-preview:-1"},"canonical":"https:\/\/orthodoxalbania.org\/2020\/2006\/02\/26\/kampi-i-dyte-i-djemve-rilindja-ne-shen-vlash-korrik-06\/","og_locale":"en_US","og_type":"article","og_title":"Kampi i Dyt\u00eb i djemve \"Rilindja\" n\u00eb Sh\u00ebn Vlash. (10 - 21 Korrik 2006) - Kisha Orthodh\u03bfkse Autoqefale e Shqip\u00ebris\u00eb","og_description":"&nbsp;&nbsp; N\u00eb stin\u00ebn e nxeht\u00eb t\u00eb ver\u00ebs, stin\u00eb n\u00eb t\u00eb cil\u00ebn mbaron viti shkollor dhe nisin pushimet verore, Kisha jon\u00eb Orthodhokse nisi t\u00eb zhvilloj\u00eb kampe arg\u00ebtuese dhe me tema shpirt\u00ebrore p\u00ebr f\u00ebmij\u00eb t\u00eb moshave 9-vje\u00e7are, gjimnazist\u00eb, si edhe p\u00ebr student\u00eb nga e gjith\u00eb Shqip\u00ebria. Kampet jan\u00eb zhvilluar n\u00eb dy vende: n\u00eb manastirin e \u201cSh\u00ebn Vlashit\u201d n\u00eb Durr\u00ebs p\u00ebr djemt\u00eb dhe kampi i vajzave n\u00eb manastirin","og_url":"https:\/\/orthodoxalbania.org\/2020\/2006\/02\/26\/kampi-i-dyte-i-djemve-rilindja-ne-shen-vlash-korrik-06\/","og_site_name":"Kisha Orthodh\u03bfkse Autoqefale e Shqip\u00ebris\u00eb","article_publisher":"https:\/\/www.facebook.com\/koash1991","article_published_time":"2006-02-26T00:00:00+00:00","article_modified_time":"2020-04-06T20:41:51+00:00","og_image":[{"url":"https:\/\/lh6.googleusercontent.com\/-yl5NQZWuTY4\/VIf2K3R5ZUI\/AAAAAAAAFkw\/BBgfDmS90Vs\/w350-h263-no\/untitled1.jpg","type":"","width":"","height":""}],"author":"Kisha Orthodhokse","twitter_card":"summary_large_image","twitter_misc":{"Written by":"Kisha Orthodhokse","Est. reading time":"4 minutes"},"schema":{"@context":"https:\/\/schema.org","@graph":[{"@type":"Article","@id":"https:\/\/orthodoxalbania.org\/2020\/2006\/02\/26\/kampi-i-dyte-i-djemve-rilindja-ne-shen-vlash-korrik-06\/#article","isPartOf":{"@id":"https:\/\/orthodoxalbania.org\/2020\/2006\/02\/26\/kampi-i-dyte-i-djemve-rilindja-ne-shen-vlash-korrik-06\/"},"author":{"name":"Kisha Orthodhokse","@id":"https:\/\/orthodoxalbania.org\/2020\/#\/schema\/person\/0c387634a7063ac612d7ed9ce71c7e86"},"headline":"Kampi i Dyt\u00eb i djemve &#8220;Rilindja&#8221; n\u00eb Sh\u00ebn Vlash. (10 &#8211; 21 Korrik 2006)","datePublished":"2006-02-26T00:00:00+00:00","dateModified":"2020-04-06T20:41:51+00:00","mainEntityOfPage":{"@id":"https:\/\/orthodoxalbania.org\/2020\/2006\/02\/26\/kampi-i-dyte-i-djemve-rilindja-ne-shen-vlash-korrik-06\/"},"wordCount":860,"commentCount":0,"publisher":{"@id":"https:\/\/orthodoxalbania.org\/2020\/#organization"},"image":{"@id":"https:\/\/orthodoxalbania.org\/2020\/2006\/02\/26\/kampi-i-dyte-i-djemve-rilindja-ne-shen-vlash-korrik-06\/#primaryimage"},"thumbnailUrl":"https:\/\/lh6.googleusercontent.com\/-yl5NQZWuTY4\/VIf2K3R5ZUI\/AAAAAAAAFkw\/BBgfDmS90Vs\/w350-h263-no\/untitled1.jpg","keywords":["2006","Kampe verore","Kryepiskopata Tiran\u00eb","lajme","Rinia Orthodhokse"],"articleSection":["Lajme"],"inLanguage":"en-US"},{"@type":"WebPage","@id":"https:\/\/orthodoxalbania.org\/2020\/2006\/02\/26\/kampi-i-dyte-i-djemve-rilindja-ne-shen-vlash-korrik-06\/","url":"https:\/\/orthodoxalbania.org\/2020\/2006\/02\/26\/kampi-i-dyte-i-djemve-rilindja-ne-shen-vlash-korrik-06\/","name":"Kampi i Dyt\u00eb i djemve \"Rilindja\" n\u00eb Sh\u00ebn Vlash. (10 - 21 Korrik 2006) - Kisha Orthodh\u03bfkse Autoqefale e Shqip\u00ebris\u00eb","isPartOf":{"@id":"https:\/\/orthodoxalbania.org\/2020\/#website"},"primaryImageOfPage":{"@id":"https:\/\/orthodoxalbania.org\/2020\/2006\/02\/26\/kampi-i-dyte-i-djemve-rilindja-ne-shen-vlash-korrik-06\/#primaryimage"},"image":{"@id":"https:\/\/orthodoxalbania.org\/2020\/2006\/02\/26\/kampi-i-dyte-i-djemve-rilindja-ne-shen-vlash-korrik-06\/#primaryimage"},"thumbnailUrl":"https:\/\/lh6.googleusercontent.com\/-yl5NQZWuTY4\/VIf2K3R5ZUI\/AAAAAAAAFkw\/BBgfDmS90Vs\/w350-h263-no\/untitled1.jpg","datePublished":"2006-02-26T00:00:00+00:00","dateModified":"2020-04-06T20:41:51+00:00","breadcrumb":{"@id":"https:\/\/orthodoxalbania.org\/2020\/2006\/02\/26\/kampi-i-dyte-i-djemve-rilindja-ne-shen-vlash-korrik-06\/#breadcrumb"},"inLanguage":"en-US","potentialAction":[{"@type":"ReadAction","target":["https:\/\/orthodoxalbania.org\/2020\/2006\/02\/26\/kampi-i-dyte-i-djemve-rilindja-ne-shen-vlash-korrik-06\/"]}]},{"@type":"ImageObject","inLanguage":"en-US","@id":"https:\/\/orthodoxalbania.org\/2020\/2006\/02\/26\/kampi-i-dyte-i-djemve-rilindja-ne-shen-vlash-korrik-06\/#primaryimage","url":"https:\/\/lh6.googleusercontent.com\/-yl5NQZWuTY4\/VIf2K3R5ZUI\/AAAAAAAAFkw\/BBgfDmS90Vs\/w350-h263-no\/untitled1.jpg","contentUrl":"https:\/\/lh6.googleusercontent.com\/-yl5NQZWuTY4\/VIf2K3R5ZUI\/AAAAAAAAFkw\/BBgfDmS90Vs\/w350-h263-no\/untitled1.jpg"},{"@type":"BreadcrumbList","@id":"https:\/\/orthodoxalbania.org\/2020\/2006\/02\/26\/kampi-i-dyte-i-djemve-rilindja-ne-shen-vlash-korrik-06\/#breadcrumb","itemListElement":[{"@type":"ListItem","position":1,"name":"Home","item":"https:\/\/orthodoxalbania.org\/2020\/"},{"@type":"ListItem","position":2,"name":"Kampi i Dyt\u00eb i djemve &#8220;Rilindja&#8221; n\u00eb Sh\u00ebn Vlash. (10 &#8211; 21 Korrik 2006)"}]},{"@type":"WebSite","@id":"https:\/\/orthodoxalbania.org\/2020\/#website","url":"https:\/\/orthodoxalbania.org\/2020\/","name":"Kisha Orthodh\u03bfkse Autoqefale e Shqip\u00ebris\u00eb","description":"Fqja Zyrtare e Kish\u00ebs Orthodhokse Autoqefale e Shqip\u00ebris\u00eb me lajmet edhe informacionet zyrtare p\u00ebr struktur\u00ebn edhe veprimtarin e saj.","publisher":{"@id":"https:\/\/orthodoxalbania.org\/2020\/#organization"},"potentialAction":[{"@type":"SearchAction","target":{"@type":"EntryPoint","urlTemplate":"https:\/\/orthodoxalbania.org\/2020\/?s={search_term_string}"},"query-input":{"@type":"PropertyValueSpecification","valueRequired":true,"valueName":"search_term_string"}}],"inLanguage":"en-US"},{"@type":"Organization","@id":"https:\/\/orthodoxalbania.org\/2020\/#organization","name":"Kisha Orthodhokse Autoqefale e Shqip\u00ebris\u00eb","url":"https:\/\/orthodoxalbania.org\/2020\/","logo":{"@type":"ImageObject","inLanguage":"en-US","@id":"https:\/\/orthodoxalbania.org\/2020\/#\/schema\/logo\/image\/","url":"https:\/\/orthodoxalbania.org\/2020\/wp-content\/uploads\/2020\/05\/albania.jpeg","contentUrl":"https:\/\/orthodoxalbania.org\/2020\/wp-content\/uploads\/2020\/05\/albania.jpeg","width":540,"height":540,"caption":"Kisha Orthodhokse Autoqefale e Shqip\u00ebris\u00eb"},"image":{"@id":"https:\/\/orthodoxalbania.org\/2020\/#\/schema\/logo\/image\/"},"sameAs":["https:\/\/www.facebook.com\/koash1991"]},{"@type":"Person","@id":"https:\/\/orthodoxalbania.org\/2020\/#\/schema\/person\/0c387634a7063ac612d7ed9ce71c7e86","name":"Kisha Orthodhokse","image":{"@type":"ImageObject","inLanguage":"en-US","@id":"https:\/\/secure.gravatar.com\/avatar\/596e7c417251e30f2fbb9c00e026fce61a695a00e51c889caded71c96cbbdde5?s=96&d=mm&r=g","url":"https:\/\/secure.gravatar.com\/avatar\/596e7c417251e30f2fbb9c00e026fce61a695a00e51c889caded71c96cbbdde5?s=96&d=mm&r=g","contentUrl":"https:\/\/secure.gravatar.com\/avatar\/596e7c417251e30f2fbb9c00e026fce61a695a00e51c889caded71c96cbbdde5?s=96&d=mm&r=g","caption":"Kisha Orthodhokse"}}]}},"_links":{"self":[{"href":"https:\/\/orthodoxalbania.org\/2020\/wp-json\/wp\/v2\/posts\/174","targetHints":{"allow":["GET"]}}],"collection":[{"href":"https:\/\/orthodoxalbania.org\/2020\/wp-json\/wp\/v2\/posts"}],"about":[{"href":"https:\/\/orthodoxalbania.org\/2020\/wp-json\/wp\/v2\/types\/post"}],"author":[{"embeddable":true,"href":"https:\/\/orthodoxalbania.org\/2020\/wp-json\/wp\/v2\/users\/1"}],"replies":[{"embeddable":true,"href":"https:\/\/orthodoxalbania.org\/2020\/wp-json\/wp\/v2\/comments?post=174"}],"version-history":[{"count":1,"href":"https:\/\/orthodoxalbania.org\/2020\/wp-json\/wp\/v2\/posts\/174\/revisions"}],"predecessor-version":[{"id":15846,"href":"https:\/\/orthodoxalbania.org\/2020\/wp-json\/wp\/v2\/posts\/174\/revisions\/15846"}],"wp:attachment":[{"href":"https:\/\/orthodoxalbania.org\/2020\/wp-json\/wp\/v2\/media?parent=174"}],"wp:term":[{"taxonomy":"category","embeddable":true,"href":"https:\/\/orthodoxalbania.org\/2020\/wp-json\/wp\/v2\/categories?post=174"},{"taxonomy":"post_tag","embeddable":true,"href":"https:\/\/orthodoxalbania.org\/2020\/wp-json\/wp\/v2\/tags?post=174"}],"curies":[{"name":"wp","href":"https:\/\/api.w.org\/{rel}","templated":true}]}}