{"id":1739,"date":"2013-03-21T11:55:01","date_gmt":"2013-03-21T11:55:01","guid":{"rendered":""},"modified":"2020-04-06T22:06:05","modified_gmt":"2020-04-06T20:06:05","slug":"se-bashku-per-evropen","status":"publish","type":"post","link":"https:\/\/orthodoxalbania.org\/2020\/2013\/03\/21\/se-bashku-per-evropen\/","title":{"rendered":"\u201cS\u00eb bashku p\u00ebr Evrop\u00ebn\u201d. (12 Maj 2012)"},"content":{"rendered":"<div style=\"text-align: justify;\">\n\t<span style=\"color:#000000;\"><span style=\"font-family: tahoma,geneva,sans-serif;\"><span style=\"font-size: 12px;\"><img decoding=\"async\" class=\"lazyload HAa Eha\" src=\"data:image\/gif;base64,R0lGODlhAQABAAAAACH5BAEKAAEALAAAAAABAAEAAAICTAEAOw==\" data-orig-src=\"https:\/\/lh5.googleusercontent.com\/-_oHXjf4DBPc\/VAbkfDO7MQI\/AAAAAAAACyE\/5nG7-SSIwbA\/w259-h194-no\/index.jpg\" style=\"float: left; height: 187px; width: 250px; border-width: 1px; border-style: solid; margin: 10px;\" \/> &nbsp; &nbsp; Oborri i Kish\u00ebs s\u00eb Sh\u00ebn Prokopit, tek kodrat e Liqenit t\u00eb Tiran\u00ebs, t\u00eb shtun\u00ebn, m\u00eb 12 maj ishte i mbushur me mbi 200 t\u00eb rinj dhe te reja, an\u00ebtar\u00eb te kishave Orthodhokse, Katolike dhe t\u00eb V\u00ebllaz\u00ebris\u00eb Ungjillore, pjes\u00ebmarr\u00ebs n\u00eb takimin nd\u00ebrevropian \u201cS\u00eb bashku p\u00ebr Evrop\u00ebn\u201d. Ishte hera e tret\u00eb q\u00eb organizohet ky takim, dy t\u00eb m\u00ebparshmit jan\u00eb zhvilluar ne vitet 2004 dhe 2007.&nbsp; E ve\u00e7anta e k\u00ebtij&nbsp; takimi ishte se nj\u00ebkoh\u00ebsisht, n\u00eb 150 qytete t\u00eb Evrop\u00ebs, u zhvilluan aktivitete paralele, t\u00eb cilat rreth or\u00ebs 17:00 u b\u00eb nj\u00eb lidhje satelitore me Brukselin, n\u00eb nj\u00eb takim qendror. N\u00eb gjith\u00eb Evrop\u00ebn mor\u00ebn pjes\u00eb mbi 300 l\u00ebvizje Orthodhokse, Katolike dhe Ungjillore.&nbsp; T\u00eb rinjt\u00eb e mbledhur \u201cS\u00eb bashku p\u00ebr Evrop\u00ebn\u201d p\u00ebrs\u00ebrit\u00ebn n\u00eb k\u00ebt\u00eb veprimtari shtat\u00eb \u201cPo\u201d: Po, p\u00ebr jet\u00ebn, p\u00ebr martes\u00ebn dhe familjen, p\u00ebr natyr\u00ebn, p\u00ebr nj\u00eb ekonomi te drejt\u00eb, p\u00ebr solidaritet me t\u00eb varfrit dhe nevojtar\u00ebt, p\u00ebr paqen, p\u00ebr p\u00ebrgjegj\u00ebsin\u00eb ton\u00eb n\u00eb shoq\u00ebri. \u00c7do qytet evropian kishte zgjedhur nj\u00eb tem\u00eb. Tirana zgjodhi \u201cPo, p\u00ebr natyr\u00ebn\u201d. N\u00eb k\u00ebt\u00eb kuad\u00ebr organizator\u00ebt n\u00eb bashk\u00ebpunim me Bashkin\u00eb e Tiran\u00ebs vendos\u00ebn q\u00eb t\u00eb rinjt\u00eb pjes\u00ebmarr\u00ebs t\u00eb lyejn\u00eb nj\u00eb pjes\u00eb t\u00eb koshave t\u00eb vendosur an\u00ebs rrugicave t\u00eb parkut t\u00eb Liqenit. Ata drekuan se bashku dhe n\u00eb or\u00ebn 15:00, zhvilluan nj\u00eb marshim,&nbsp; me pankarta n\u00eb duar ku ishin shkruar shtat\u00eb Po-t\u00eb. Ai u zhvillua nga sheshi \u201cN\u00ebn\u00eb Tereza\u201d deri n\u00eb qendr\u00ebn e V\u00ebllaz\u00ebris\u00eb Ungjillore, ku edhe u krye takimi qendror i dit\u00ebs.<\/span><\/span><\/span><\/div>\n<div style=\"text-align: justify;\">\n\t<br \/>\n\t<span style=\"color:#000000;\"><span style=\"font-family: tahoma,geneva,sans-serif;\"><span style=\"font-size: 12px;\">&nbsp; &nbsp; N\u00eb k\u00ebt\u00eb takim u mund\u00ebsua lidhja satelitore me takimin analog n\u00eb Bruksel, prejt t\u00eb cilit u p\u00ebrcoll\u00ebn disa mesazhe nga autoritete t\u00eb ndryshme t\u00eb krishter\u00ebsh, nd\u00ebr t\u00eb tjer\u00eb edhe atyre politik\u00eb si e ish-presidentit t\u00eb Komisionit Evropian Romano Prodi, nd\u00ebrsa Presidenti i Komisionit Evropian Herman Fon Rompui p\u00ebrsh\u00ebndeti n\u00ebp\u00ebrmjet nj\u00eb videoje etj. N\u00eb vazhdim u shfaq nj\u00eb album fotografik p\u00ebr aktivitetet e paradites q\u00eb u zhvilluan n\u00eb 150 qytetet pjes\u00ebmarr\u00ebse, n\u00eb fund nga t\u00eb gjith\u00eb l\u00ebvizjet e krishtera evropiane nj\u00eb mesazh i p\u00ebrbashk\u00ebt drejtuar Parlamentit Evropian. N\u00eb takimin e Tiran\u00ebs, ishin t\u00eb pranish\u00ebm edhe Kryepiskopi Anastas, Arqipeshkvi Rrok Mirdita dhe kryetari i V\u00ebllaz\u00ebris\u00eb Ungjillore z. Fitor Mu\u00e7aj, t\u00eb cil\u00ebt p\u00ebrsh\u00ebndet\u00ebn t\u00eb rinjt\u00eb dhe mbajt\u00ebn referate rreth tem\u00ebs.<\/span><\/span><\/span><\/div>\n<div style=\"text-align: justify;\">\n\t&nbsp;<\/div>\n<div style=\"text-align: right;\">\n\t<span style=\"color:#000000;\"><span style=\"font-family: tahoma,geneva,sans-serif;\"><span style=\"font-size: 12px;\"><strong>Luljeta Pjetri<\/strong><\/span><\/span><\/span><\/div>\n","protected":false},"excerpt":{"rendered":"<p>&nbsp; &nbsp; Oborri i Kish\u00ebs s\u00eb Sh\u00ebn Prokopit, tek kodrat e Liqenit t\u00eb Tiran\u00ebs, t\u00eb shtun\u00ebn, m\u00eb 12 maj ishte i mbushur me mbi 200 t\u00eb rinj dhe te reja, an\u00ebtar\u00eb te kishave Orthodhokse, Katolike dhe t\u00eb V\u00ebllaz\u00ebris\u00eb Ungjillore, pjes\u00ebmarr\u00ebs n\u00eb takimin nd\u00ebrevropian \u201cS\u00eb bashku p\u00ebr Evrop\u00ebn\u201d. Ishte hera e tret\u00eb q\u00eb organizohet ky takim, dy t\u00eb m\u00ebparshmit jan\u00eb zhvilluar ne vitet 2004 dhe 2007.&nbsp;<\/p>\n","protected":false},"author":1,"featured_media":0,"comment_status":"open","ping_status":"open","sticky":false,"template":"","format":"standard","meta":{"_acf_changed":false,"pagelayer_contact_templates":[],"_pagelayer_content":"","inline_featured_image":false,"fifu_image_url":"","fifu_image_alt":"","footnotes":""},"categories":[108],"tags":[142,154,196,212],"class_list":["post-1739","post","type-post","status-publish","format-standard","hentry","category-lajme","tag-142","tag-aktivitete","tag-tirane","tag-lajme-d27"],"acf":[],"yoast_head":"<!-- This site is optimized with the Yoast SEO plugin v27.2 - https:\/\/yoast.com\/product\/yoast-seo-wordpress\/ -->\n<title>\u201cS\u00eb bashku p\u00ebr Evrop\u00ebn\u201d. (12 Maj 2012) - Kisha Orthodh\u03bfkse Autoqefale e Shqip\u00ebris\u00eb<\/title>\n<meta name=\"robots\" content=\"index, follow, max-snippet:-1, max-image-preview:large, max-video-preview:-1\" \/>\n<link rel=\"canonical\" href=\"https:\/\/orthodoxalbania.org\/2020\/2013\/03\/21\/se-bashku-per-evropen\/\" \/>\n<meta property=\"og:locale\" content=\"en_US\" \/>\n<meta property=\"og:type\" content=\"article\" \/>\n<meta property=\"og:title\" content=\"\u201cS\u00eb bashku p\u00ebr Evrop\u00ebn\u201d. (12 Maj 2012) - Kisha Orthodh\u03bfkse Autoqefale e Shqip\u00ebris\u00eb\" \/>\n<meta property=\"og:description\" content=\"&nbsp; &nbsp; Oborri i Kish\u00ebs s\u00eb Sh\u00ebn Prokopit, tek kodrat e Liqenit t\u00eb Tiran\u00ebs, t\u00eb shtun\u00ebn, m\u00eb 12 maj ishte i mbushur me mbi 200 t\u00eb rinj dhe te reja, an\u00ebtar\u00eb te kishave Orthodhokse, Katolike dhe t\u00eb V\u00ebllaz\u00ebris\u00eb Ungjillore, pjes\u00ebmarr\u00ebs n\u00eb takimin nd\u00ebrevropian \u201cS\u00eb bashku p\u00ebr Evrop\u00ebn\u201d. Ishte hera e tret\u00eb q\u00eb organizohet ky takim, dy t\u00eb m\u00ebparshmit jan\u00eb zhvilluar ne vitet 2004 dhe 2007.&nbsp;\" \/>\n<meta property=\"og:url\" content=\"https:\/\/orthodoxalbania.org\/2020\/2013\/03\/21\/se-bashku-per-evropen\/\" \/>\n<meta property=\"og:site_name\" content=\"Kisha Orthodh\u03bfkse Autoqefale e Shqip\u00ebris\u00eb\" \/>\n<meta property=\"article:publisher\" content=\"https:\/\/www.facebook.com\/koash1991\" \/>\n<meta property=\"article:published_time\" content=\"2013-03-21T11:55:01+00:00\" \/>\n<meta property=\"article:modified_time\" content=\"2020-04-06T20:06:05+00:00\" \/>\n<meta property=\"og:image\" content=\"https:\/\/lh5.googleusercontent.com\/-_oHXjf4DBPc\/VAbkfDO7MQI\/AAAAAAAACyE\/5nG7-SSIwbA\/w259-h194-no\/index.jpg\" \/>\n<meta name=\"author\" content=\"Kisha Orthodhokse\" \/>\n<meta name=\"twitter:card\" content=\"summary_large_image\" \/>\n<meta name=\"twitter:label1\" content=\"Written by\" \/>\n\t<meta name=\"twitter:data1\" content=\"Kisha Orthodhokse\" \/>\n\t<meta name=\"twitter:label2\" content=\"Est. reading time\" \/>\n\t<meta name=\"twitter:data2\" content=\"2 minutes\" \/>\n<script type=\"application\/ld+json\" class=\"yoast-schema-graph\">{\"@context\":\"https:\/\/schema.org\",\"@graph\":[{\"@type\":\"Article\",\"@id\":\"https:\/\/orthodoxalbania.org\/2020\/2013\/03\/21\/se-bashku-per-evropen\/#article\",\"isPartOf\":{\"@id\":\"https:\/\/orthodoxalbania.org\/2020\/2013\/03\/21\/se-bashku-per-evropen\/\"},\"author\":{\"name\":\"Kisha Orthodhokse\",\"@id\":\"https:\/\/orthodoxalbania.org\/2020\/#\/schema\/person\/0c387634a7063ac612d7ed9ce71c7e86\"},\"headline\":\"\u201cS\u00eb bashku p\u00ebr Evrop\u00ebn\u201d. (12 Maj 2012)\",\"datePublished\":\"2013-03-21T11:55:01+00:00\",\"dateModified\":\"2020-04-06T20:06:05+00:00\",\"mainEntityOfPage\":{\"@id\":\"https:\/\/orthodoxalbania.org\/2020\/2013\/03\/21\/se-bashku-per-evropen\/\"},\"wordCount\":445,\"commentCount\":0,\"publisher\":{\"@id\":\"https:\/\/orthodoxalbania.org\/2020\/#organization\"},\"image\":{\"@id\":\"https:\/\/orthodoxalbania.org\/2020\/2013\/03\/21\/se-bashku-per-evropen\/#primaryimage\"},\"thumbnailUrl\":\"https:\/\/lh5.googleusercontent.com\/-_oHXjf4DBPc\/VAbkfDO7MQI\/AAAAAAAACyE\/5nG7-SSIwbA\/w259-h194-no\/index.jpg\",\"keywords\":[\"2012\",\"Aktivitete\",\"Kryepiskopata Tiran\u00eb\",\"lajme\"],\"articleSection\":[\"Lajme\"],\"inLanguage\":\"en-US\"},{\"@type\":\"WebPage\",\"@id\":\"https:\/\/orthodoxalbania.org\/2020\/2013\/03\/21\/se-bashku-per-evropen\/\",\"url\":\"https:\/\/orthodoxalbania.org\/2020\/2013\/03\/21\/se-bashku-per-evropen\/\",\"name\":\"\u201cS\u00eb bashku p\u00ebr Evrop\u00ebn\u201d. (12 Maj 2012) - Kisha Orthodh\u03bfkse Autoqefale e Shqip\u00ebris\u00eb\",\"isPartOf\":{\"@id\":\"https:\/\/orthodoxalbania.org\/2020\/#website\"},\"primaryImageOfPage\":{\"@id\":\"https:\/\/orthodoxalbania.org\/2020\/2013\/03\/21\/se-bashku-per-evropen\/#primaryimage\"},\"image\":{\"@id\":\"https:\/\/orthodoxalbania.org\/2020\/2013\/03\/21\/se-bashku-per-evropen\/#primaryimage\"},\"thumbnailUrl\":\"https:\/\/lh5.googleusercontent.com\/-_oHXjf4DBPc\/VAbkfDO7MQI\/AAAAAAAACyE\/5nG7-SSIwbA\/w259-h194-no\/index.jpg\",\"datePublished\":\"2013-03-21T11:55:01+00:00\",\"dateModified\":\"2020-04-06T20:06:05+00:00\",\"breadcrumb\":{\"@id\":\"https:\/\/orthodoxalbania.org\/2020\/2013\/03\/21\/se-bashku-per-evropen\/#breadcrumb\"},\"inLanguage\":\"en-US\",\"potentialAction\":[{\"@type\":\"ReadAction\",\"target\":[\"https:\/\/orthodoxalbania.org\/2020\/2013\/03\/21\/se-bashku-per-evropen\/\"]}]},{\"@type\":\"ImageObject\",\"inLanguage\":\"en-US\",\"@id\":\"https:\/\/orthodoxalbania.org\/2020\/2013\/03\/21\/se-bashku-per-evropen\/#primaryimage\",\"url\":\"https:\/\/lh5.googleusercontent.com\/-_oHXjf4DBPc\/VAbkfDO7MQI\/AAAAAAAACyE\/5nG7-SSIwbA\/w259-h194-no\/index.jpg\",\"contentUrl\":\"https:\/\/lh5.googleusercontent.com\/-_oHXjf4DBPc\/VAbkfDO7MQI\/AAAAAAAACyE\/5nG7-SSIwbA\/w259-h194-no\/index.jpg\"},{\"@type\":\"BreadcrumbList\",\"@id\":\"https:\/\/orthodoxalbania.org\/2020\/2013\/03\/21\/se-bashku-per-evropen\/#breadcrumb\",\"itemListElement\":[{\"@type\":\"ListItem\",\"position\":1,\"name\":\"Home\",\"item\":\"https:\/\/orthodoxalbania.org\/2020\/\"},{\"@type\":\"ListItem\",\"position\":2,\"name\":\"\u201cS\u00eb bashku p\u00ebr Evrop\u00ebn\u201d. (12 Maj 2012)\"}]},{\"@type\":\"WebSite\",\"@id\":\"https:\/\/orthodoxalbania.org\/2020\/#website\",\"url\":\"https:\/\/orthodoxalbania.org\/2020\/\",\"name\":\"Kisha Orthodh\u03bfkse Autoqefale e Shqip\u00ebris\u00eb\",\"description\":\"Fqja Zyrtare e Kish\u00ebs Orthodhokse Autoqefale e Shqip\u00ebris\u00eb me lajmet edhe informacionet zyrtare p\u00ebr struktur\u00ebn edhe veprimtarin e saj.\",\"publisher\":{\"@id\":\"https:\/\/orthodoxalbania.org\/2020\/#organization\"},\"potentialAction\":[{\"@type\":\"SearchAction\",\"target\":{\"@type\":\"EntryPoint\",\"urlTemplate\":\"https:\/\/orthodoxalbania.org\/2020\/?s={search_term_string}\"},\"query-input\":{\"@type\":\"PropertyValueSpecification\",\"valueRequired\":true,\"valueName\":\"search_term_string\"}}],\"inLanguage\":\"en-US\"},{\"@type\":\"Organization\",\"@id\":\"https:\/\/orthodoxalbania.org\/2020\/#organization\",\"name\":\"Kisha Orthodhokse Autoqefale e Shqip\u00ebris\u00eb\",\"url\":\"https:\/\/orthodoxalbania.org\/2020\/\",\"logo\":{\"@type\":\"ImageObject\",\"inLanguage\":\"en-US\",\"@id\":\"https:\/\/orthodoxalbania.org\/2020\/#\/schema\/logo\/image\/\",\"url\":\"https:\/\/orthodoxalbania.org\/2020\/wp-content\/uploads\/2020\/05\/albania.jpeg\",\"contentUrl\":\"https:\/\/orthodoxalbania.org\/2020\/wp-content\/uploads\/2020\/05\/albania.jpeg\",\"width\":540,\"height\":540,\"caption\":\"Kisha Orthodhokse Autoqefale e Shqip\u00ebris\u00eb\"},\"image\":{\"@id\":\"https:\/\/orthodoxalbania.org\/2020\/#\/schema\/logo\/image\/\"},\"sameAs\":[\"https:\/\/www.facebook.com\/koash1991\"]},{\"@type\":\"Person\",\"@id\":\"https:\/\/orthodoxalbania.org\/2020\/#\/schema\/person\/0c387634a7063ac612d7ed9ce71c7e86\",\"name\":\"Kisha Orthodhokse\",\"image\":{\"@type\":\"ImageObject\",\"inLanguage\":\"en-US\",\"@id\":\"https:\/\/secure.gravatar.com\/avatar\/596e7c417251e30f2fbb9c00e026fce61a695a00e51c889caded71c96cbbdde5?s=96&d=mm&r=g\",\"url\":\"https:\/\/secure.gravatar.com\/avatar\/596e7c417251e30f2fbb9c00e026fce61a695a00e51c889caded71c96cbbdde5?s=96&d=mm&r=g\",\"contentUrl\":\"https:\/\/secure.gravatar.com\/avatar\/596e7c417251e30f2fbb9c00e026fce61a695a00e51c889caded71c96cbbdde5?s=96&d=mm&r=g\",\"caption\":\"Kisha Orthodhokse\"}}]}<\/script>\n<!-- \/ Yoast SEO plugin. -->","yoast_head_json":{"title":"\u201cS\u00eb bashku p\u00ebr Evrop\u00ebn\u201d. (12 Maj 2012) - Kisha Orthodh\u03bfkse Autoqefale e Shqip\u00ebris\u00eb","robots":{"index":"index","follow":"follow","max-snippet":"max-snippet:-1","max-image-preview":"max-image-preview:large","max-video-preview":"max-video-preview:-1"},"canonical":"https:\/\/orthodoxalbania.org\/2020\/2013\/03\/21\/se-bashku-per-evropen\/","og_locale":"en_US","og_type":"article","og_title":"\u201cS\u00eb bashku p\u00ebr Evrop\u00ebn\u201d. (12 Maj 2012) - Kisha Orthodh\u03bfkse Autoqefale e Shqip\u00ebris\u00eb","og_description":"&nbsp; &nbsp; Oborri i Kish\u00ebs s\u00eb Sh\u00ebn Prokopit, tek kodrat e Liqenit t\u00eb Tiran\u00ebs, t\u00eb shtun\u00ebn, m\u00eb 12 maj ishte i mbushur me mbi 200 t\u00eb rinj dhe te reja, an\u00ebtar\u00eb te kishave Orthodhokse, Katolike dhe t\u00eb V\u00ebllaz\u00ebris\u00eb Ungjillore, pjes\u00ebmarr\u00ebs n\u00eb takimin nd\u00ebrevropian \u201cS\u00eb bashku p\u00ebr Evrop\u00ebn\u201d. Ishte hera e tret\u00eb q\u00eb organizohet ky takim, dy t\u00eb m\u00ebparshmit jan\u00eb zhvilluar ne vitet 2004 dhe 2007.&nbsp;","og_url":"https:\/\/orthodoxalbania.org\/2020\/2013\/03\/21\/se-bashku-per-evropen\/","og_site_name":"Kisha Orthodh\u03bfkse Autoqefale e Shqip\u00ebris\u00eb","article_publisher":"https:\/\/www.facebook.com\/koash1991","article_published_time":"2013-03-21T11:55:01+00:00","article_modified_time":"2020-04-06T20:06:05+00:00","og_image":[{"url":"https:\/\/lh5.googleusercontent.com\/-_oHXjf4DBPc\/VAbkfDO7MQI\/AAAAAAAACyE\/5nG7-SSIwbA\/w259-h194-no\/index.jpg","type":"","width":"","height":""}],"author":"Kisha Orthodhokse","twitter_card":"summary_large_image","twitter_misc":{"Written by":"Kisha Orthodhokse","Est. reading time":"2 minutes"},"schema":{"@context":"https:\/\/schema.org","@graph":[{"@type":"Article","@id":"https:\/\/orthodoxalbania.org\/2020\/2013\/03\/21\/se-bashku-per-evropen\/#article","isPartOf":{"@id":"https:\/\/orthodoxalbania.org\/2020\/2013\/03\/21\/se-bashku-per-evropen\/"},"author":{"name":"Kisha Orthodhokse","@id":"https:\/\/orthodoxalbania.org\/2020\/#\/schema\/person\/0c387634a7063ac612d7ed9ce71c7e86"},"headline":"\u201cS\u00eb bashku p\u00ebr Evrop\u00ebn\u201d. (12 Maj 2012)","datePublished":"2013-03-21T11:55:01+00:00","dateModified":"2020-04-06T20:06:05+00:00","mainEntityOfPage":{"@id":"https:\/\/orthodoxalbania.org\/2020\/2013\/03\/21\/se-bashku-per-evropen\/"},"wordCount":445,"commentCount":0,"publisher":{"@id":"https:\/\/orthodoxalbania.org\/2020\/#organization"},"image":{"@id":"https:\/\/orthodoxalbania.org\/2020\/2013\/03\/21\/se-bashku-per-evropen\/#primaryimage"},"thumbnailUrl":"https:\/\/lh5.googleusercontent.com\/-_oHXjf4DBPc\/VAbkfDO7MQI\/AAAAAAAACyE\/5nG7-SSIwbA\/w259-h194-no\/index.jpg","keywords":["2012","Aktivitete","Kryepiskopata Tiran\u00eb","lajme"],"articleSection":["Lajme"],"inLanguage":"en-US"},{"@type":"WebPage","@id":"https:\/\/orthodoxalbania.org\/2020\/2013\/03\/21\/se-bashku-per-evropen\/","url":"https:\/\/orthodoxalbania.org\/2020\/2013\/03\/21\/se-bashku-per-evropen\/","name":"\u201cS\u00eb bashku p\u00ebr Evrop\u00ebn\u201d. (12 Maj 2012) - Kisha Orthodh\u03bfkse Autoqefale e Shqip\u00ebris\u00eb","isPartOf":{"@id":"https:\/\/orthodoxalbania.org\/2020\/#website"},"primaryImageOfPage":{"@id":"https:\/\/orthodoxalbania.org\/2020\/2013\/03\/21\/se-bashku-per-evropen\/#primaryimage"},"image":{"@id":"https:\/\/orthodoxalbania.org\/2020\/2013\/03\/21\/se-bashku-per-evropen\/#primaryimage"},"thumbnailUrl":"https:\/\/lh5.googleusercontent.com\/-_oHXjf4DBPc\/VAbkfDO7MQI\/AAAAAAAACyE\/5nG7-SSIwbA\/w259-h194-no\/index.jpg","datePublished":"2013-03-21T11:55:01+00:00","dateModified":"2020-04-06T20:06:05+00:00","breadcrumb":{"@id":"https:\/\/orthodoxalbania.org\/2020\/2013\/03\/21\/se-bashku-per-evropen\/#breadcrumb"},"inLanguage":"en-US","potentialAction":[{"@type":"ReadAction","target":["https:\/\/orthodoxalbania.org\/2020\/2013\/03\/21\/se-bashku-per-evropen\/"]}]},{"@type":"ImageObject","inLanguage":"en-US","@id":"https:\/\/orthodoxalbania.org\/2020\/2013\/03\/21\/se-bashku-per-evropen\/#primaryimage","url":"https:\/\/lh5.googleusercontent.com\/-_oHXjf4DBPc\/VAbkfDO7MQI\/AAAAAAAACyE\/5nG7-SSIwbA\/w259-h194-no\/index.jpg","contentUrl":"https:\/\/lh5.googleusercontent.com\/-_oHXjf4DBPc\/VAbkfDO7MQI\/AAAAAAAACyE\/5nG7-SSIwbA\/w259-h194-no\/index.jpg"},{"@type":"BreadcrumbList","@id":"https:\/\/orthodoxalbania.org\/2020\/2013\/03\/21\/se-bashku-per-evropen\/#breadcrumb","itemListElement":[{"@type":"ListItem","position":1,"name":"Home","item":"https:\/\/orthodoxalbania.org\/2020\/"},{"@type":"ListItem","position":2,"name":"\u201cS\u00eb bashku p\u00ebr Evrop\u00ebn\u201d. (12 Maj 2012)"}]},{"@type":"WebSite","@id":"https:\/\/orthodoxalbania.org\/2020\/#website","url":"https:\/\/orthodoxalbania.org\/2020\/","name":"Kisha Orthodh\u03bfkse Autoqefale e Shqip\u00ebris\u00eb","description":"Fqja Zyrtare e Kish\u00ebs Orthodhokse Autoqefale e Shqip\u00ebris\u00eb me lajmet edhe informacionet zyrtare p\u00ebr struktur\u00ebn edhe veprimtarin e saj.","publisher":{"@id":"https:\/\/orthodoxalbania.org\/2020\/#organization"},"potentialAction":[{"@type":"SearchAction","target":{"@type":"EntryPoint","urlTemplate":"https:\/\/orthodoxalbania.org\/2020\/?s={search_term_string}"},"query-input":{"@type":"PropertyValueSpecification","valueRequired":true,"valueName":"search_term_string"}}],"inLanguage":"en-US"},{"@type":"Organization","@id":"https:\/\/orthodoxalbania.org\/2020\/#organization","name":"Kisha Orthodhokse Autoqefale e Shqip\u00ebris\u00eb","url":"https:\/\/orthodoxalbania.org\/2020\/","logo":{"@type":"ImageObject","inLanguage":"en-US","@id":"https:\/\/orthodoxalbania.org\/2020\/#\/schema\/logo\/image\/","url":"https:\/\/orthodoxalbania.org\/2020\/wp-content\/uploads\/2020\/05\/albania.jpeg","contentUrl":"https:\/\/orthodoxalbania.org\/2020\/wp-content\/uploads\/2020\/05\/albania.jpeg","width":540,"height":540,"caption":"Kisha Orthodhokse Autoqefale e Shqip\u00ebris\u00eb"},"image":{"@id":"https:\/\/orthodoxalbania.org\/2020\/#\/schema\/logo\/image\/"},"sameAs":["https:\/\/www.facebook.com\/koash1991"]},{"@type":"Person","@id":"https:\/\/orthodoxalbania.org\/2020\/#\/schema\/person\/0c387634a7063ac612d7ed9ce71c7e86","name":"Kisha Orthodhokse","image":{"@type":"ImageObject","inLanguage":"en-US","@id":"https:\/\/secure.gravatar.com\/avatar\/596e7c417251e30f2fbb9c00e026fce61a695a00e51c889caded71c96cbbdde5?s=96&d=mm&r=g","url":"https:\/\/secure.gravatar.com\/avatar\/596e7c417251e30f2fbb9c00e026fce61a695a00e51c889caded71c96cbbdde5?s=96&d=mm&r=g","contentUrl":"https:\/\/secure.gravatar.com\/avatar\/596e7c417251e30f2fbb9c00e026fce61a695a00e51c889caded71c96cbbdde5?s=96&d=mm&r=g","caption":"Kisha Orthodhokse"}}]}},"_links":{"self":[{"href":"https:\/\/orthodoxalbania.org\/2020\/wp-json\/wp\/v2\/posts\/1739","targetHints":{"allow":["GET"]}}],"collection":[{"href":"https:\/\/orthodoxalbania.org\/2020\/wp-json\/wp\/v2\/posts"}],"about":[{"href":"https:\/\/orthodoxalbania.org\/2020\/wp-json\/wp\/v2\/types\/post"}],"author":[{"embeddable":true,"href":"https:\/\/orthodoxalbania.org\/2020\/wp-json\/wp\/v2\/users\/1"}],"replies":[{"embeddable":true,"href":"https:\/\/orthodoxalbania.org\/2020\/wp-json\/wp\/v2\/comments?post=1739"}],"version-history":[{"count":1,"href":"https:\/\/orthodoxalbania.org\/2020\/wp-json\/wp\/v2\/posts\/1739\/revisions"}],"predecessor-version":[{"id":15326,"href":"https:\/\/orthodoxalbania.org\/2020\/wp-json\/wp\/v2\/posts\/1739\/revisions\/15326"}],"wp:attachment":[{"href":"https:\/\/orthodoxalbania.org\/2020\/wp-json\/wp\/v2\/media?parent=1739"}],"wp:term":[{"taxonomy":"category","embeddable":true,"href":"https:\/\/orthodoxalbania.org\/2020\/wp-json\/wp\/v2\/categories?post=1739"},{"taxonomy":"post_tag","embeddable":true,"href":"https:\/\/orthodoxalbania.org\/2020\/wp-json\/wp\/v2\/tags?post=1739"}],"curies":[{"name":"wp","href":"https:\/\/api.w.org\/{rel}","templated":true}]}}