{"id":1738,"date":"2013-03-21T12:30:30","date_gmt":"2013-03-21T12:30:30","guid":{"rendered":""},"modified":"2020-04-06T22:05:54","modified_gmt":"2020-04-06T20:05:54","slug":"protagonistet-koncert-festiv-me-rastin-e-100-vjetorit-te-pavarsise","status":"publish","type":"post","link":"https:\/\/orthodoxalbania.org\/2020\/2013\/03\/21\/protagonistet-koncert-festiv-me-rastin-e-100-vjetorit-te-pavarsise\/","title":{"rendered":"\u201cProtagonist\u00ebt\u201d, koncert festiv me rastin e 100 vjetorit t\u00eb Pavarsis\u00eb. (23 N\u00ebntor 2012)"},"content":{"rendered":"<div style=\"text-align: justify;\">\n\t<span style=\"color:#000000;\"><span style=\"font-family: tahoma,geneva,sans-serif;\"><span style=\"font-size: 12px;\"><img class=\"lazyload\" decoding=\"async\" alt=\"\" src=\"data:image\/gif;base64,R0lGODlhAQABAAAAACH5BAEKAAEALAAAAAABAAEAAAICTAEAOw==\" data-orig-src=\"https:\/\/lh3.googleusercontent.com\/-dvmmVXKUZXw\/ULS19tK06tI\/AAAAAAAABQA\/WfYrCOB1_20\/s640\/DSC_0023.JPG\" style=\"width: 200px; height: 200px; border-width: 1px; border-style: solid; margin: 10px; float: left;\" \/>&nbsp; &nbsp;&nbsp;&nbsp; \u201cTi Shqip\u00ebri me ep nder me ep emrin shqip\u00ebtar\u201d. Ishte kjo motoja e koncertit festiv t\u00eb organizuar nga Shkolla Protagonist\u00ebt, me rastin e 100 vjetorit t\u00eb Pavarsis\u00eb dhe 10 vjetorit t\u00eb hapjes s\u00eb k\u00ebsaj shkolle 9 vje\u00e7are n\u00eb Tiran\u00eb. Koncerti u organizua n\u00eb Amfiteat\u00ebr, n\u00eb Katedralen \u201cNgjallja e Krishtit\u201d, dit\u00ebn e premte, dt. 23. 11. 2012.&nbsp; Merrnin pjes\u00eb Kryepiskopi i Tiran\u00ebs, Durr\u00ebsit dhe i gjith\u00eb Shqip\u00ebris\u00eb Fortlumturia e Tij Imzot Anastasi, et\u00ebr t\u00eb Kish\u00ebs, prind\u00ebr t\u00eb f\u00ebmij\u00ebve, p\u00ebrfaq\u00ebsues nga institucione arsimore t\u00eb vendit dhe nga komuniteti orthodhoks.&nbsp; Koncerti&nbsp; festiv filloi me Himnin e flamurit. E gjith\u00eb salla u ngrit n\u00eb k\u00ebmb\u00eb.<\/span><\/span><\/span><\/div>\n<div style=\"text-align: justify;\">\n\t<br \/>\n\t<span style=\"color:#000000;\"><span style=\"font-family: tahoma,geneva,sans-serif;\"><span style=\"font-size: 12px;\">&nbsp;&nbsp;&nbsp; Nj\u00eb minidokumentar, i cili tregoi t\u00eb gjitha vizitat q\u00eb Kryebariu i KOASH-it Imzot Anastasi kishte kryer n\u00eb k\u00ebt\u00eb shkoll\u00eb n\u00eb k\u00ebto 10 vite t\u00eb jet\u00ebs s\u00eb saj. Komunikim i ngroht\u00eb, bashk\u00ebbisedim i sinqert\u00eb me m\u00ebsuesit dhe nx\u00ebn\u00ebsit. M\u00eb pas koncerti vazhdoi me k\u00ebng\u00eb patriotike, valle nga treva t\u00eb ndryshme t\u00eb vendit, poezi nga Rilindasit dhe falenderime. Sigurisht falenderime t\u00eb nx\u00ebn\u00ebsve p\u00ebr&nbsp; Kryepiskopin Anastas ideatorin dhe themeluesin e k\u00ebsaj shkolle dhe p\u00ebr t\u00eb gjith\u00eb ata q\u00eb ndihmojn\u00eb n\u00eb mir\u00ebrritjen e tyre. P\u00ebr rreth 1 or\u00eb e 30 minuta, f\u00ebmij\u00eb, m\u00ebsues, prind\u00ebr dhe t\u00eb ftuar g\u00ebzuan s\u00eb bashku kremtimin e 10 vjetorit t\u00eb shkoll\u00ebs, q\u00eb aq bukur p\u00ebrkoi edhe me 100 vjetorin e Pavarsis\u00eb.&nbsp; <\/span><\/span><\/span><\/div>\n<div style=\"text-align: right;\">\n\t<br \/>\n\t<span style=\"color:#000000;\"><span style=\"font-family: tahoma,geneva,sans-serif;\"><span style=\"font-size: 12px;\"><strong>Luljeta Pjetri<\/strong><\/span><\/span><\/span><br \/>\n\t&nbsp;<\/div>\n<div style=\"text-align: justify;\">\n\t&nbsp;<\/div>\n<div style=\"text-align: justify;\">\n\t<span style=\"color:#000000;\"><span style=\"font-family: tahoma,geneva,sans-serif;\"><span style=\"font-size: 12px;\"><img class=\"lazyload\" decoding=\"async\" alt=\"\" src=\"data:image\/gif;base64,R0lGODlhAQABAAAAACH5BAEKAAEALAAAAAABAAEAAAICTAEAOw==\" data-orig-src=\"https:\/\/lh3.googleusercontent.com\/-5VjfIPnAeu0\/ULS2wpWkKtI\/AAAAAAAABRc\/vFxI967xLGw\/s640\/DSC_0040.JPG\" style=\"width: 600px; height: 400px; border-width: 1px; border-style: solid; margin: 10px; float: left;\" \/><\/span><\/span><\/span><\/div>\n<div style=\"text-align: justify;\">\n\t<span style=\"color:#000000;\"><span style=\"font-family: tahoma,geneva,sans-serif;\"><span style=\"font-size: 12px;\"><img class=\"lazyload\" decoding=\"async\" alt=\"\" src=\"data:image\/gif;base64,R0lGODlhAQABAAAAACH5BAEKAAEALAAAAAABAAEAAAICTAEAOw==\" data-orig-src=\"https:\/\/lh6.googleusercontent.com\/-rZChNrsleNI\/ULS2bXdwo6I\/AAAAAAAABRE\/uwQNuVRbi2U\/s600\/DSC_0103.JPG\" style=\"width: 600px; height: 400px; border-width: 1px; border-style: solid; margin: 10px; float: left;\" \/><\/span><\/span><\/span><\/div>\n<div style=\"text-align: justify;\">\n\t<span style=\"color:#000000;\"><span style=\"font-family: tahoma,geneva,sans-serif;\"><span style=\"font-size: 12px;\"><img class=\"lazyload\" decoding=\"async\" alt=\"\" src=\"data:image\/gif;base64,R0lGODlhAQABAAAAACH5BAEKAAEALAAAAAABAAEAAAICTAEAOw==\" data-orig-src=\"https:\/\/lh4.googleusercontent.com\/-fwoxKK-osQI\/ULS22nzJK6I\/AAAAAAAABRs\/_PEqxr2XvE4\/s640\/DSC_0034.JPG\" style=\"width: 600px; height: 400px; border-width: 1px; border-style: solid; margin: 10px; float: left;\" \/><\/span><\/span><\/span><\/p>\n<p>\t&nbsp;<\/p><\/div>\n","protected":false},"excerpt":{"rendered":"<p>&nbsp; &nbsp;&nbsp;&nbsp; \u201cTi Shqip\u00ebri me ep nder me ep emrin shqip\u00ebtar\u201d. Ishte kjo motoja e koncertit festiv t\u00eb organizuar nga Shkolla Protagonist\u00ebt, me rastin e 100 vjetorit t\u00eb Pavarsis\u00eb dhe 10 vjetorit t\u00eb hapjes s\u00eb k\u00ebsaj shkolle 9 vje\u00e7are n\u00eb Tiran\u00eb. Koncerti u organizua n\u00eb Amfiteat\u00ebr, n\u00eb Katedralen \u201cNgjallja e Krishtit\u201d, dit\u00ebn e premte, dt. 23. 11. 2012.&nbsp; Merrnin pjes\u00eb Kryepiskopi i Tiran\u00ebs, Durr\u00ebsit dhe<\/p>\n","protected":false},"author":1,"featured_media":0,"comment_status":"open","ping_status":"open","sticky":false,"template":"","format":"standard","meta":{"_acf_changed":false,"pagelayer_contact_templates":[],"_pagelayer_content":"","inline_featured_image":false,"fifu_image_url":"","fifu_image_alt":"","footnotes":""},"categories":[108],"tags":[142,154,196,201,212],"class_list":["post-1738","post","type-post","status-publish","format-standard","hentry","category-lajme","tag-142","tag-aktivitete","tag-tirane","tag-kryepiskopi-anastas","tag-lajme-d27"],"acf":[],"yoast_head":"<!-- This site is optimized with the Yoast SEO plugin v27.2 - https:\/\/yoast.com\/product\/yoast-seo-wordpress\/ -->\n<title>\u201cProtagonist\u00ebt\u201d, koncert festiv me rastin e 100 vjetorit t\u00eb Pavarsis\u00eb. (23 N\u00ebntor 2012) - Kisha Orthodh\u03bfkse Autoqefale e Shqip\u00ebris\u00eb<\/title>\n<meta name=\"robots\" content=\"index, follow, max-snippet:-1, max-image-preview:large, max-video-preview:-1\" \/>\n<link rel=\"canonical\" href=\"https:\/\/orthodoxalbania.org\/2020\/2013\/03\/21\/protagonistet-koncert-festiv-me-rastin-e-100-vjetorit-te-pavarsise\/\" \/>\n<meta property=\"og:locale\" content=\"en_US\" \/>\n<meta property=\"og:type\" content=\"article\" \/>\n<meta property=\"og:title\" content=\"\u201cProtagonist\u00ebt\u201d, koncert festiv me rastin e 100 vjetorit t\u00eb Pavarsis\u00eb. (23 N\u00ebntor 2012) - Kisha Orthodh\u03bfkse Autoqefale e Shqip\u00ebris\u00eb\" \/>\n<meta property=\"og:description\" content=\"&nbsp; &nbsp;&nbsp;&nbsp; \u201cTi Shqip\u00ebri me ep nder me ep emrin shqip\u00ebtar\u201d. Ishte kjo motoja e koncertit festiv t\u00eb organizuar nga Shkolla Protagonist\u00ebt, me rastin e 100 vjetorit t\u00eb Pavarsis\u00eb dhe 10 vjetorit t\u00eb hapjes s\u00eb k\u00ebsaj shkolle 9 vje\u00e7are n\u00eb Tiran\u00eb. Koncerti u organizua n\u00eb Amfiteat\u00ebr, n\u00eb Katedralen \u201cNgjallja e Krishtit\u201d, dit\u00ebn e premte, dt. 23. 11. 2012.&nbsp; Merrnin pjes\u00eb Kryepiskopi i Tiran\u00ebs, Durr\u00ebsit dhe\" \/>\n<meta property=\"og:url\" content=\"https:\/\/orthodoxalbania.org\/2020\/2013\/03\/21\/protagonistet-koncert-festiv-me-rastin-e-100-vjetorit-te-pavarsise\/\" \/>\n<meta property=\"og:site_name\" content=\"Kisha Orthodh\u03bfkse Autoqefale e Shqip\u00ebris\u00eb\" \/>\n<meta property=\"article:publisher\" content=\"https:\/\/www.facebook.com\/koash1991\" \/>\n<meta property=\"article:published_time\" content=\"2013-03-21T12:30:30+00:00\" \/>\n<meta property=\"article:modified_time\" content=\"2020-04-06T20:05:54+00:00\" \/>\n<meta property=\"og:image\" content=\"https:\/\/lh3.googleusercontent.com\/-dvmmVXKUZXw\/ULS19tK06tI\/AAAAAAAABQA\/WfYrCOB1_20\/s640\/DSC_0023.JPG\" \/>\n<meta name=\"author\" content=\"Kisha Orthodhokse\" \/>\n<meta name=\"twitter:card\" content=\"summary_large_image\" \/>\n<meta name=\"twitter:label1\" content=\"Written by\" \/>\n\t<meta name=\"twitter:data1\" content=\"Kisha Orthodhokse\" \/>\n\t<meta name=\"twitter:label2\" content=\"Est. reading time\" \/>\n\t<meta name=\"twitter:data2\" content=\"1 minute\" \/>\n<script type=\"application\/ld+json\" class=\"yoast-schema-graph\">{\"@context\":\"https:\/\/schema.org\",\"@graph\":[{\"@type\":\"Article\",\"@id\":\"https:\/\/orthodoxalbania.org\/2020\/2013\/03\/21\/protagonistet-koncert-festiv-me-rastin-e-100-vjetorit-te-pavarsise\/#article\",\"isPartOf\":{\"@id\":\"https:\/\/orthodoxalbania.org\/2020\/2013\/03\/21\/protagonistet-koncert-festiv-me-rastin-e-100-vjetorit-te-pavarsise\/\"},\"author\":{\"name\":\"Kisha Orthodhokse\",\"@id\":\"https:\/\/orthodoxalbania.org\/2020\/#\/schema\/person\/0c387634a7063ac612d7ed9ce71c7e86\"},\"headline\":\"\u201cProtagonist\u00ebt\u201d, koncert festiv me rastin e 100 vjetorit t\u00eb Pavarsis\u00eb. (23 N\u00ebntor 2012)\",\"datePublished\":\"2013-03-21T12:30:30+00:00\",\"dateModified\":\"2020-04-06T20:05:54+00:00\",\"mainEntityOfPage\":{\"@id\":\"https:\/\/orthodoxalbania.org\/2020\/2013\/03\/21\/protagonistet-koncert-festiv-me-rastin-e-100-vjetorit-te-pavarsise\/\"},\"wordCount\":270,\"commentCount\":0,\"publisher\":{\"@id\":\"https:\/\/orthodoxalbania.org\/2020\/#organization\"},\"image\":{\"@id\":\"https:\/\/orthodoxalbania.org\/2020\/2013\/03\/21\/protagonistet-koncert-festiv-me-rastin-e-100-vjetorit-te-pavarsise\/#primaryimage\"},\"thumbnailUrl\":\"https:\/\/lh3.googleusercontent.com\/-dvmmVXKUZXw\/ULS19tK06tI\/AAAAAAAABQA\/WfYrCOB1_20\/s640\/DSC_0023.JPG\",\"keywords\":[\"2012\",\"Aktivitete\",\"Kryepiskopata Tiran\u00eb\",\"Kryepiskopi Anastas\",\"lajme\"],\"articleSection\":[\"Lajme\"],\"inLanguage\":\"en-US\"},{\"@type\":\"WebPage\",\"@id\":\"https:\/\/orthodoxalbania.org\/2020\/2013\/03\/21\/protagonistet-koncert-festiv-me-rastin-e-100-vjetorit-te-pavarsise\/\",\"url\":\"https:\/\/orthodoxalbania.org\/2020\/2013\/03\/21\/protagonistet-koncert-festiv-me-rastin-e-100-vjetorit-te-pavarsise\/\",\"name\":\"\u201cProtagonist\u00ebt\u201d, koncert festiv me rastin e 100 vjetorit t\u00eb Pavarsis\u00eb. (23 N\u00ebntor 2012) - Kisha Orthodh\u03bfkse Autoqefale e Shqip\u00ebris\u00eb\",\"isPartOf\":{\"@id\":\"https:\/\/orthodoxalbania.org\/2020\/#website\"},\"primaryImageOfPage\":{\"@id\":\"https:\/\/orthodoxalbania.org\/2020\/2013\/03\/21\/protagonistet-koncert-festiv-me-rastin-e-100-vjetorit-te-pavarsise\/#primaryimage\"},\"image\":{\"@id\":\"https:\/\/orthodoxalbania.org\/2020\/2013\/03\/21\/protagonistet-koncert-festiv-me-rastin-e-100-vjetorit-te-pavarsise\/#primaryimage\"},\"thumbnailUrl\":\"https:\/\/lh3.googleusercontent.com\/-dvmmVXKUZXw\/ULS19tK06tI\/AAAAAAAABQA\/WfYrCOB1_20\/s640\/DSC_0023.JPG\",\"datePublished\":\"2013-03-21T12:30:30+00:00\",\"dateModified\":\"2020-04-06T20:05:54+00:00\",\"breadcrumb\":{\"@id\":\"https:\/\/orthodoxalbania.org\/2020\/2013\/03\/21\/protagonistet-koncert-festiv-me-rastin-e-100-vjetorit-te-pavarsise\/#breadcrumb\"},\"inLanguage\":\"en-US\",\"potentialAction\":[{\"@type\":\"ReadAction\",\"target\":[\"https:\/\/orthodoxalbania.org\/2020\/2013\/03\/21\/protagonistet-koncert-festiv-me-rastin-e-100-vjetorit-te-pavarsise\/\"]}]},{\"@type\":\"ImageObject\",\"inLanguage\":\"en-US\",\"@id\":\"https:\/\/orthodoxalbania.org\/2020\/2013\/03\/21\/protagonistet-koncert-festiv-me-rastin-e-100-vjetorit-te-pavarsise\/#primaryimage\",\"url\":\"https:\/\/lh3.googleusercontent.com\/-dvmmVXKUZXw\/ULS19tK06tI\/AAAAAAAABQA\/WfYrCOB1_20\/s640\/DSC_0023.JPG\",\"contentUrl\":\"https:\/\/lh3.googleusercontent.com\/-dvmmVXKUZXw\/ULS19tK06tI\/AAAAAAAABQA\/WfYrCOB1_20\/s640\/DSC_0023.JPG\"},{\"@type\":\"BreadcrumbList\",\"@id\":\"https:\/\/orthodoxalbania.org\/2020\/2013\/03\/21\/protagonistet-koncert-festiv-me-rastin-e-100-vjetorit-te-pavarsise\/#breadcrumb\",\"itemListElement\":[{\"@type\":\"ListItem\",\"position\":1,\"name\":\"Home\",\"item\":\"https:\/\/orthodoxalbania.org\/2020\/\"},{\"@type\":\"ListItem\",\"position\":2,\"name\":\"\u201cProtagonist\u00ebt\u201d, koncert festiv me rastin e 100 vjetorit t\u00eb Pavarsis\u00eb. (23 N\u00ebntor 2012)\"}]},{\"@type\":\"WebSite\",\"@id\":\"https:\/\/orthodoxalbania.org\/2020\/#website\",\"url\":\"https:\/\/orthodoxalbania.org\/2020\/\",\"name\":\"Kisha Orthodh\u03bfkse Autoqefale e Shqip\u00ebris\u00eb\",\"description\":\"Fqja Zyrtare e Kish\u00ebs Orthodhokse Autoqefale e Shqip\u00ebris\u00eb me lajmet edhe informacionet zyrtare p\u00ebr struktur\u00ebn edhe veprimtarin e saj.\",\"publisher\":{\"@id\":\"https:\/\/orthodoxalbania.org\/2020\/#organization\"},\"potentialAction\":[{\"@type\":\"SearchAction\",\"target\":{\"@type\":\"EntryPoint\",\"urlTemplate\":\"https:\/\/orthodoxalbania.org\/2020\/?s={search_term_string}\"},\"query-input\":{\"@type\":\"PropertyValueSpecification\",\"valueRequired\":true,\"valueName\":\"search_term_string\"}}],\"inLanguage\":\"en-US\"},{\"@type\":\"Organization\",\"@id\":\"https:\/\/orthodoxalbania.org\/2020\/#organization\",\"name\":\"Kisha Orthodhokse Autoqefale e Shqip\u00ebris\u00eb\",\"url\":\"https:\/\/orthodoxalbania.org\/2020\/\",\"logo\":{\"@type\":\"ImageObject\",\"inLanguage\":\"en-US\",\"@id\":\"https:\/\/orthodoxalbania.org\/2020\/#\/schema\/logo\/image\/\",\"url\":\"https:\/\/orthodoxalbania.org\/2020\/wp-content\/uploads\/2020\/05\/albania.jpeg\",\"contentUrl\":\"https:\/\/orthodoxalbania.org\/2020\/wp-content\/uploads\/2020\/05\/albania.jpeg\",\"width\":540,\"height\":540,\"caption\":\"Kisha Orthodhokse Autoqefale e Shqip\u00ebris\u00eb\"},\"image\":{\"@id\":\"https:\/\/orthodoxalbania.org\/2020\/#\/schema\/logo\/image\/\"},\"sameAs\":[\"https:\/\/www.facebook.com\/koash1991\"]},{\"@type\":\"Person\",\"@id\":\"https:\/\/orthodoxalbania.org\/2020\/#\/schema\/person\/0c387634a7063ac612d7ed9ce71c7e86\",\"name\":\"Kisha Orthodhokse\",\"image\":{\"@type\":\"ImageObject\",\"inLanguage\":\"en-US\",\"@id\":\"https:\/\/secure.gravatar.com\/avatar\/596e7c417251e30f2fbb9c00e026fce61a695a00e51c889caded71c96cbbdde5?s=96&d=mm&r=g\",\"url\":\"https:\/\/secure.gravatar.com\/avatar\/596e7c417251e30f2fbb9c00e026fce61a695a00e51c889caded71c96cbbdde5?s=96&d=mm&r=g\",\"contentUrl\":\"https:\/\/secure.gravatar.com\/avatar\/596e7c417251e30f2fbb9c00e026fce61a695a00e51c889caded71c96cbbdde5?s=96&d=mm&r=g\",\"caption\":\"Kisha Orthodhokse\"}}]}<\/script>\n<!-- \/ Yoast SEO plugin. -->","yoast_head_json":{"title":"\u201cProtagonist\u00ebt\u201d, koncert festiv me rastin e 100 vjetorit t\u00eb Pavarsis\u00eb. (23 N\u00ebntor 2012) - Kisha Orthodh\u03bfkse Autoqefale e Shqip\u00ebris\u00eb","robots":{"index":"index","follow":"follow","max-snippet":"max-snippet:-1","max-image-preview":"max-image-preview:large","max-video-preview":"max-video-preview:-1"},"canonical":"https:\/\/orthodoxalbania.org\/2020\/2013\/03\/21\/protagonistet-koncert-festiv-me-rastin-e-100-vjetorit-te-pavarsise\/","og_locale":"en_US","og_type":"article","og_title":"\u201cProtagonist\u00ebt\u201d, koncert festiv me rastin e 100 vjetorit t\u00eb Pavarsis\u00eb. (23 N\u00ebntor 2012) - Kisha Orthodh\u03bfkse Autoqefale e Shqip\u00ebris\u00eb","og_description":"&nbsp; &nbsp;&nbsp;&nbsp; \u201cTi Shqip\u00ebri me ep nder me ep emrin shqip\u00ebtar\u201d. Ishte kjo motoja e koncertit festiv t\u00eb organizuar nga Shkolla Protagonist\u00ebt, me rastin e 100 vjetorit t\u00eb Pavarsis\u00eb dhe 10 vjetorit t\u00eb hapjes s\u00eb k\u00ebsaj shkolle 9 vje\u00e7are n\u00eb Tiran\u00eb. Koncerti u organizua n\u00eb Amfiteat\u00ebr, n\u00eb Katedralen \u201cNgjallja e Krishtit\u201d, dit\u00ebn e premte, dt. 23. 11. 2012.&nbsp; Merrnin pjes\u00eb Kryepiskopi i Tiran\u00ebs, Durr\u00ebsit dhe","og_url":"https:\/\/orthodoxalbania.org\/2020\/2013\/03\/21\/protagonistet-koncert-festiv-me-rastin-e-100-vjetorit-te-pavarsise\/","og_site_name":"Kisha Orthodh\u03bfkse Autoqefale e Shqip\u00ebris\u00eb","article_publisher":"https:\/\/www.facebook.com\/koash1991","article_published_time":"2013-03-21T12:30:30+00:00","article_modified_time":"2020-04-06T20:05:54+00:00","og_image":[{"url":"https:\/\/lh3.googleusercontent.com\/-dvmmVXKUZXw\/ULS19tK06tI\/AAAAAAAABQA\/WfYrCOB1_20\/s640\/DSC_0023.JPG","type":"","width":"","height":""}],"author":"Kisha Orthodhokse","twitter_card":"summary_large_image","twitter_misc":{"Written by":"Kisha Orthodhokse","Est. reading time":"1 minute"},"schema":{"@context":"https:\/\/schema.org","@graph":[{"@type":"Article","@id":"https:\/\/orthodoxalbania.org\/2020\/2013\/03\/21\/protagonistet-koncert-festiv-me-rastin-e-100-vjetorit-te-pavarsise\/#article","isPartOf":{"@id":"https:\/\/orthodoxalbania.org\/2020\/2013\/03\/21\/protagonistet-koncert-festiv-me-rastin-e-100-vjetorit-te-pavarsise\/"},"author":{"name":"Kisha Orthodhokse","@id":"https:\/\/orthodoxalbania.org\/2020\/#\/schema\/person\/0c387634a7063ac612d7ed9ce71c7e86"},"headline":"\u201cProtagonist\u00ebt\u201d, koncert festiv me rastin e 100 vjetorit t\u00eb Pavarsis\u00eb. (23 N\u00ebntor 2012)","datePublished":"2013-03-21T12:30:30+00:00","dateModified":"2020-04-06T20:05:54+00:00","mainEntityOfPage":{"@id":"https:\/\/orthodoxalbania.org\/2020\/2013\/03\/21\/protagonistet-koncert-festiv-me-rastin-e-100-vjetorit-te-pavarsise\/"},"wordCount":270,"commentCount":0,"publisher":{"@id":"https:\/\/orthodoxalbania.org\/2020\/#organization"},"image":{"@id":"https:\/\/orthodoxalbania.org\/2020\/2013\/03\/21\/protagonistet-koncert-festiv-me-rastin-e-100-vjetorit-te-pavarsise\/#primaryimage"},"thumbnailUrl":"https:\/\/lh3.googleusercontent.com\/-dvmmVXKUZXw\/ULS19tK06tI\/AAAAAAAABQA\/WfYrCOB1_20\/s640\/DSC_0023.JPG","keywords":["2012","Aktivitete","Kryepiskopata Tiran\u00eb","Kryepiskopi Anastas","lajme"],"articleSection":["Lajme"],"inLanguage":"en-US"},{"@type":"WebPage","@id":"https:\/\/orthodoxalbania.org\/2020\/2013\/03\/21\/protagonistet-koncert-festiv-me-rastin-e-100-vjetorit-te-pavarsise\/","url":"https:\/\/orthodoxalbania.org\/2020\/2013\/03\/21\/protagonistet-koncert-festiv-me-rastin-e-100-vjetorit-te-pavarsise\/","name":"\u201cProtagonist\u00ebt\u201d, koncert festiv me rastin e 100 vjetorit t\u00eb Pavarsis\u00eb. (23 N\u00ebntor 2012) - Kisha Orthodh\u03bfkse Autoqefale e Shqip\u00ebris\u00eb","isPartOf":{"@id":"https:\/\/orthodoxalbania.org\/2020\/#website"},"primaryImageOfPage":{"@id":"https:\/\/orthodoxalbania.org\/2020\/2013\/03\/21\/protagonistet-koncert-festiv-me-rastin-e-100-vjetorit-te-pavarsise\/#primaryimage"},"image":{"@id":"https:\/\/orthodoxalbania.org\/2020\/2013\/03\/21\/protagonistet-koncert-festiv-me-rastin-e-100-vjetorit-te-pavarsise\/#primaryimage"},"thumbnailUrl":"https:\/\/lh3.googleusercontent.com\/-dvmmVXKUZXw\/ULS19tK06tI\/AAAAAAAABQA\/WfYrCOB1_20\/s640\/DSC_0023.JPG","datePublished":"2013-03-21T12:30:30+00:00","dateModified":"2020-04-06T20:05:54+00:00","breadcrumb":{"@id":"https:\/\/orthodoxalbania.org\/2020\/2013\/03\/21\/protagonistet-koncert-festiv-me-rastin-e-100-vjetorit-te-pavarsise\/#breadcrumb"},"inLanguage":"en-US","potentialAction":[{"@type":"ReadAction","target":["https:\/\/orthodoxalbania.org\/2020\/2013\/03\/21\/protagonistet-koncert-festiv-me-rastin-e-100-vjetorit-te-pavarsise\/"]}]},{"@type":"ImageObject","inLanguage":"en-US","@id":"https:\/\/orthodoxalbania.org\/2020\/2013\/03\/21\/protagonistet-koncert-festiv-me-rastin-e-100-vjetorit-te-pavarsise\/#primaryimage","url":"https:\/\/lh3.googleusercontent.com\/-dvmmVXKUZXw\/ULS19tK06tI\/AAAAAAAABQA\/WfYrCOB1_20\/s640\/DSC_0023.JPG","contentUrl":"https:\/\/lh3.googleusercontent.com\/-dvmmVXKUZXw\/ULS19tK06tI\/AAAAAAAABQA\/WfYrCOB1_20\/s640\/DSC_0023.JPG"},{"@type":"BreadcrumbList","@id":"https:\/\/orthodoxalbania.org\/2020\/2013\/03\/21\/protagonistet-koncert-festiv-me-rastin-e-100-vjetorit-te-pavarsise\/#breadcrumb","itemListElement":[{"@type":"ListItem","position":1,"name":"Home","item":"https:\/\/orthodoxalbania.org\/2020\/"},{"@type":"ListItem","position":2,"name":"\u201cProtagonist\u00ebt\u201d, koncert festiv me rastin e 100 vjetorit t\u00eb Pavarsis\u00eb. (23 N\u00ebntor 2012)"}]},{"@type":"WebSite","@id":"https:\/\/orthodoxalbania.org\/2020\/#website","url":"https:\/\/orthodoxalbania.org\/2020\/","name":"Kisha Orthodh\u03bfkse Autoqefale e Shqip\u00ebris\u00eb","description":"Fqja Zyrtare e Kish\u00ebs Orthodhokse Autoqefale e Shqip\u00ebris\u00eb me lajmet edhe informacionet zyrtare p\u00ebr struktur\u00ebn edhe veprimtarin e saj.","publisher":{"@id":"https:\/\/orthodoxalbania.org\/2020\/#organization"},"potentialAction":[{"@type":"SearchAction","target":{"@type":"EntryPoint","urlTemplate":"https:\/\/orthodoxalbania.org\/2020\/?s={search_term_string}"},"query-input":{"@type":"PropertyValueSpecification","valueRequired":true,"valueName":"search_term_string"}}],"inLanguage":"en-US"},{"@type":"Organization","@id":"https:\/\/orthodoxalbania.org\/2020\/#organization","name":"Kisha Orthodhokse Autoqefale e Shqip\u00ebris\u00eb","url":"https:\/\/orthodoxalbania.org\/2020\/","logo":{"@type":"ImageObject","inLanguage":"en-US","@id":"https:\/\/orthodoxalbania.org\/2020\/#\/schema\/logo\/image\/","url":"https:\/\/orthodoxalbania.org\/2020\/wp-content\/uploads\/2020\/05\/albania.jpeg","contentUrl":"https:\/\/orthodoxalbania.org\/2020\/wp-content\/uploads\/2020\/05\/albania.jpeg","width":540,"height":540,"caption":"Kisha Orthodhokse Autoqefale e Shqip\u00ebris\u00eb"},"image":{"@id":"https:\/\/orthodoxalbania.org\/2020\/#\/schema\/logo\/image\/"},"sameAs":["https:\/\/www.facebook.com\/koash1991"]},{"@type":"Person","@id":"https:\/\/orthodoxalbania.org\/2020\/#\/schema\/person\/0c387634a7063ac612d7ed9ce71c7e86","name":"Kisha Orthodhokse","image":{"@type":"ImageObject","inLanguage":"en-US","@id":"https:\/\/secure.gravatar.com\/avatar\/596e7c417251e30f2fbb9c00e026fce61a695a00e51c889caded71c96cbbdde5?s=96&d=mm&r=g","url":"https:\/\/secure.gravatar.com\/avatar\/596e7c417251e30f2fbb9c00e026fce61a695a00e51c889caded71c96cbbdde5?s=96&d=mm&r=g","contentUrl":"https:\/\/secure.gravatar.com\/avatar\/596e7c417251e30f2fbb9c00e026fce61a695a00e51c889caded71c96cbbdde5?s=96&d=mm&r=g","caption":"Kisha Orthodhokse"}}]}},"_links":{"self":[{"href":"https:\/\/orthodoxalbania.org\/2020\/wp-json\/wp\/v2\/posts\/1738","targetHints":{"allow":["GET"]}}],"collection":[{"href":"https:\/\/orthodoxalbania.org\/2020\/wp-json\/wp\/v2\/posts"}],"about":[{"href":"https:\/\/orthodoxalbania.org\/2020\/wp-json\/wp\/v2\/types\/post"}],"author":[{"embeddable":true,"href":"https:\/\/orthodoxalbania.org\/2020\/wp-json\/wp\/v2\/users\/1"}],"replies":[{"embeddable":true,"href":"https:\/\/orthodoxalbania.org\/2020\/wp-json\/wp\/v2\/comments?post=1738"}],"version-history":[{"count":1,"href":"https:\/\/orthodoxalbania.org\/2020\/wp-json\/wp\/v2\/posts\/1738\/revisions"}],"predecessor-version":[{"id":15278,"href":"https:\/\/orthodoxalbania.org\/2020\/wp-json\/wp\/v2\/posts\/1738\/revisions\/15278"}],"wp:attachment":[{"href":"https:\/\/orthodoxalbania.org\/2020\/wp-json\/wp\/v2\/media?parent=1738"}],"wp:term":[{"taxonomy":"category","embeddable":true,"href":"https:\/\/orthodoxalbania.org\/2020\/wp-json\/wp\/v2\/categories?post=1738"},{"taxonomy":"post_tag","embeddable":true,"href":"https:\/\/orthodoxalbania.org\/2020\/wp-json\/wp\/v2\/tags?post=1738"}],"curies":[{"name":"wp","href":"https:\/\/api.w.org\/{rel}","templated":true}]}}