{"id":1737,"date":"2013-03-21T12:23:15","date_gmt":"2013-03-21T12:23:15","guid":{"rendered":""},"modified":"2020-04-06T22:05:57","modified_gmt":"2020-04-06T20:05:57","slug":"protagonistet-zgjerojne-aktivitetin-dhe-cilesine","status":"publish","type":"post","link":"https:\/\/orthodoxalbania.org\/2020\/2013\/03\/21\/protagonistet-zgjerojne-aktivitetin-dhe-cilesine\/","title":{"rendered":"\u201cProtagonist\u00ebt\u201d zgjerojn\u00eb aktivitetin dhe cil\u00ebsin\u00eb. (Tetor 2012)"},"content":{"rendered":"<div style=\"text-align: center;\">\n\t<span style=\"font-family:tahoma,geneva,sans-serif;\"><span style=\"color: rgb(0, 0, 0);\"><span style=\"font-size: 12px;\"><strong><img class=\"lazyload\" decoding=\"async\" src=\"data:image\/gif;base64,R0lGODlhAQABAAAAACH5BAEKAAEALAAAAAABAAEAAAICTAEAOw==\" data-orig-src=\"https:\/\/lh5.googleusercontent.com\/-wq7-7Pvf4A0\/UK9Hb1MGs3I\/AAAAAAAABLw\/lAIQrJ2zqVk\/s640\/faqja 7 shkolla.jpg\" style=\"width: 300px; height: 112px; margin: 10px; float: left; border-width: 1px; border-style: solid;\" \/><\/strong><\/span><\/span><span style=\"color:#b22222;\"><span style=\"font-size: 12px;\"><strong>Hapet p\u00ebr her\u00eb t\u00eb par\u00eb klasa e 10-t\u00eb, shkolla e mesme dhe grupi parashkollor <\/strong><\/span><\/span><\/span><\/div>\n<div style=\"text-align: justify;\">\n<p>\t<span style=\"color:#000000;\"><span style=\"font-family: tahoma,geneva,sans-serif;\"><span style=\"font-size: 12px;\">&nbsp;&nbsp; Shkolla \u201cProtagonist\u00ebt\u201d n\u00eb m\u00eb shum\u00eb se 10 vjet veprimtari ka ardhur duke e rritur gjithmon\u00eb m\u00eb shum\u00eb nivelin e m\u00ebsimdh\u00ebnies e t\u00eb pajisjeve m\u00ebsimore, por edhe ka ofruar mjaft risi. I till\u00eb \u00ebsht\u00eb edhe viti m\u00ebsimor q\u00eb sapo filloi. P\u00ebrve\u00e7 p\u00ebrmir\u00ebsimit t\u00eb baz\u00ebs materiale, n\u00eb ndihm\u00eb t\u00eb mbi 300 nx\u00ebn\u00ebsve t\u00eb saj, ai sh\u00ebnoi edhe hapjen e vitit t\u00eb par\u00eb t\u00eb shkoll\u00ebs s\u00eb mesme dhe p\u00ebrfshirjen e p\u00ebrkujdesjes ditore t\u00eb f\u00ebmij\u00ebve pran\u00eb tij, brenda struktur\u00ebs s\u00eb shkoll\u00ebs.<\/span><\/span><\/span><\/div>\n<div style=\"text-align: justify;\">\n\t<br \/>\n\t<span style=\"color:#000000;\"><span style=\"font-family: tahoma,geneva,sans-serif;\"><span style=\"font-size: 12px;\">&nbsp;&nbsp;&nbsp; N\u00eb maj t\u00eb k\u00ebtij viti u mor licenca nga Ministria e Arsimit p\u00ebr shkoll\u00ebn e mesme. Hapja e saj u vonua nj\u00eb vit, pik\u00ebrisht p\u00ebr t\u00eb qen\u00eb n\u00eb rregull me gjith\u00eb dokumentacionin dhe kushtet e k\u00ebrkuara. U hap p\u00ebr her\u00eb t\u00eb par\u00eb klasa e 10-t\u00eb dhe, si\u00e7 na thot\u00eb n\u00ebndrejtoresha, znj. Tatjana Dodbiba,&nbsp; numri i regjistrimeve \u00ebsht\u00eb i k\u00ebnaqsh\u00ebm. Ajo na thekson p\u00ebrzgjedhjen e kujdesshme t\u00eb stafit, i cili \u00ebsht\u00eb i p\u00ebrb\u00ebr\u00eb nga m\u00ebsues t\u00eb njohur me p\u00ebrvoj\u00eb t\u00eb gjat\u00eb n\u00eb shkollat e mesme publike, si dhe disa t\u00eb rinj q\u00eb kan\u00eb mbaruar me rezultate t\u00eb shk\u00eblqyera e me specializime pasuniversitare.<\/span><\/span><\/span><\/div>\n<div style=\"text-align: justify;\">\n\t<br \/>\n\t<span style=\"color:#000000;\"><span style=\"font-family: tahoma,geneva,sans-serif;\"><span style=\"font-size: 12px;\">&nbsp;&nbsp;&nbsp; Shkolla, ka si gjuh\u00eb t\u00eb par\u00eb t\u00eb huaj anglishten, dhe si gjuh\u00eb e dyt\u00eb \u00ebsht\u00eb greqishtja dhe gjermanishtja me p\u00ebrzgjedhje. Ajo \u00ebsht\u00eb e pajisur me laborator\u00ebt e nevojsh\u00ebm, ai i kimis\u00eb, fizik\u00ebs dhe biologjis\u00eb. Po p\u00ebrgatitet dhoma e ve\u00e7ant\u00eb e kompjuter\u00ebve. Gjithashtu, \u00e7do nx\u00ebn\u00ebs ka nj\u00eb dollap personal me \u00e7el\u00ebs. \u00cbsht\u00eb ngritur salla e m\u00ebsuesve etj.<\/span><\/span><\/span><\/div>\n<div style=\"text-align: justify;\">\n\t<br \/>\n\t<span style=\"color:#000000;\"><span style=\"font-family: tahoma,geneva,sans-serif;\"><span style=\"font-size: 12px;\">&nbsp;&nbsp;&nbsp; Nj\u00eb risi e bukur dhe q\u00eb pritet rritje e nivelit t\u00eb m\u00ebsimdh\u00ebnies n\u00eb vitet e ardhshme \u00ebsht\u00eb edhe p\u00ebrfshirja e p\u00ebrkujdesjes ditore t\u00eb f\u00ebmij\u00ebve brenda shkoll\u00ebs \u201cProtagonist\u00ebt\u201d, duke e b\u00ebr\u00eb at\u00eb me cik\u00ebl t\u00eb plot\u00eb p\u00ebr t\u00eb gjitha moshat. Kjo u b\u00eb mbi baz\u00eb t\u00eb programeve t\u00eb reja t\u00eb Ministris\u00eb s\u00eb Arsimit. Grupi i m\u00eb t\u00eb rriturve, parashkollori, \u00ebsht\u00eb vendosur n\u00eb katin e par\u00eb t\u00eb godin\u00ebs s\u00eb shkoll\u00ebs, n\u00eb nj\u00eb klas\u00eb t\u00eb bukur t\u00eb kompletuar me t\u00eb gjitha mjetet e nevojshme didaktike, p\u00ebr t\u00eb cil\u00ebn kujdeset nj\u00eb m\u00ebsuese me p\u00ebrvoj\u00eb.<\/span><\/span><\/span><\/div>\n<div style=\"text-align: justify;\">\n\t<br \/>\n\t<span style=\"color:#000000;\"><span style=\"font-family: tahoma,geneva,sans-serif;\"><span style=\"font-size: 12px;\">&nbsp;&nbsp;&nbsp; N\u00eb k\u00ebt\u00eb grup po zbatohet nj\u00eb program plot\u00ebsisht i ri, i cili synon q\u00eb nx\u00ebn\u00ebsit, para se t\u00eb nisin filloren, t\u00eb din\u00eb t\u00eb mbledhin numrat deri n\u00eb 10, t\u00eb njohin germat, t\u2019i shkruajn\u00eb e t\u2019i lexojn\u00eb. Gjithashtu, n\u00ebp\u00ebrmjet lodrave m\u00ebsohet edhe alfabeti i gjuh\u00ebs angleze, l\u00ebnd\u00eb q\u00eb do m\u00ebsojn\u00eb q\u00eb n\u00eb klas\u00ebn e par\u00eb etj.&nbsp; Sipas udh\u00ebzimeve t\u00eb MASH, kan\u00eb ndryshuar gjithashtu edhe programet e grupmoshave m\u00eb t\u00eb vogla.<\/span><\/span><\/span><br \/>\n\t&nbsp;<\/div>\n","protected":false},"excerpt":{"rendered":"<p>Hapet p\u00ebr her\u00eb t\u00eb par\u00eb klasa e 10-t\u00eb, shkolla e mesme dhe grupi parashkollor &nbsp;&nbsp; Shkolla \u201cProtagonist\u00ebt\u201d n\u00eb m\u00eb shum\u00eb se 10 vjet veprimtari ka ardhur duke e rritur gjithmon\u00eb m\u00eb shum\u00eb nivelin e m\u00ebsimdh\u00ebnies e t\u00eb pajisjeve m\u00ebsimore, por edhe ka ofruar mjaft risi. I till\u00eb \u00ebsht\u00eb edhe viti m\u00ebsimor q\u00eb sapo filloi. P\u00ebrve\u00e7 p\u00ebrmir\u00ebsimit t\u00eb baz\u00ebs materiale, n\u00eb ndihm\u00eb t\u00eb mbi 300 nx\u00ebn\u00ebsve<\/p>\n","protected":false},"author":1,"featured_media":0,"comment_status":"open","ping_status":"open","sticky":false,"template":"","format":"standard","meta":{"_acf_changed":false,"pagelayer_contact_templates":[],"_pagelayer_content":"","inline_featured_image":false,"fifu_image_url":"","fifu_image_alt":"","footnotes":""},"categories":[108],"tags":[142,175,196,212],"class_list":["post-1737","post","type-post","status-publish","format-standard","hentry","category-lajme","tag-142","tag-institucione-parashkollore-te-kishes-orthodhokse","tag-tirane","tag-lajme-d27"],"acf":[],"yoast_head":"<!-- This site is optimized with the Yoast SEO plugin v27.2 - https:\/\/yoast.com\/product\/yoast-seo-wordpress\/ -->\n<title>\u201cProtagonist\u00ebt\u201d zgjerojn\u00eb aktivitetin dhe cil\u00ebsin\u00eb. (Tetor 2012) - Kisha Orthodh\u03bfkse Autoqefale e Shqip\u00ebris\u00eb<\/title>\n<meta name=\"robots\" content=\"index, follow, max-snippet:-1, max-image-preview:large, max-video-preview:-1\" \/>\n<link rel=\"canonical\" href=\"https:\/\/orthodoxalbania.org\/2020\/2013\/03\/21\/protagonistet-zgjerojne-aktivitetin-dhe-cilesine\/\" \/>\n<meta property=\"og:locale\" content=\"en_US\" \/>\n<meta property=\"og:type\" content=\"article\" \/>\n<meta property=\"og:title\" content=\"\u201cProtagonist\u00ebt\u201d zgjerojn\u00eb aktivitetin dhe cil\u00ebsin\u00eb. (Tetor 2012) - Kisha Orthodh\u03bfkse Autoqefale e Shqip\u00ebris\u00eb\" \/>\n<meta property=\"og:description\" content=\"Hapet p\u00ebr her\u00eb t\u00eb par\u00eb klasa e 10-t\u00eb, shkolla e mesme dhe grupi parashkollor &nbsp;&nbsp; Shkolla \u201cProtagonist\u00ebt\u201d n\u00eb m\u00eb shum\u00eb se 10 vjet veprimtari ka ardhur duke e rritur gjithmon\u00eb m\u00eb shum\u00eb nivelin e m\u00ebsimdh\u00ebnies e t\u00eb pajisjeve m\u00ebsimore, por edhe ka ofruar mjaft risi. I till\u00eb \u00ebsht\u00eb edhe viti m\u00ebsimor q\u00eb sapo filloi. P\u00ebrve\u00e7 p\u00ebrmir\u00ebsimit t\u00eb baz\u00ebs materiale, n\u00eb ndihm\u00eb t\u00eb mbi 300 nx\u00ebn\u00ebsve\" \/>\n<meta property=\"og:url\" content=\"https:\/\/orthodoxalbania.org\/2020\/2013\/03\/21\/protagonistet-zgjerojne-aktivitetin-dhe-cilesine\/\" \/>\n<meta property=\"og:site_name\" content=\"Kisha Orthodh\u03bfkse Autoqefale e Shqip\u00ebris\u00eb\" \/>\n<meta property=\"article:publisher\" content=\"https:\/\/www.facebook.com\/koash1991\" \/>\n<meta property=\"article:published_time\" content=\"2013-03-21T12:23:15+00:00\" \/>\n<meta property=\"article:modified_time\" content=\"2020-04-06T20:05:57+00:00\" \/>\n<meta property=\"og:image\" content=\"https:\/\/lh5.googleusercontent.com\/-wq7-7Pvf4A0\/UK9Hb1MGs3I\/AAAAAAAABLw\/lAIQrJ2zqVk\/s640\/faqja%207%20shkolla.jpg\" \/>\n<meta name=\"author\" content=\"Kisha Orthodhokse\" \/>\n<meta name=\"twitter:card\" content=\"summary_large_image\" \/>\n<meta name=\"twitter:label1\" content=\"Written by\" \/>\n\t<meta name=\"twitter:data1\" content=\"Kisha Orthodhokse\" \/>\n\t<meta name=\"twitter:label2\" content=\"Est. reading time\" \/>\n\t<meta name=\"twitter:data2\" content=\"2 minutes\" \/>\n<script type=\"application\/ld+json\" class=\"yoast-schema-graph\">{\"@context\":\"https:\/\/schema.org\",\"@graph\":[{\"@type\":\"Article\",\"@id\":\"https:\/\/orthodoxalbania.org\/2020\/2013\/03\/21\/protagonistet-zgjerojne-aktivitetin-dhe-cilesine\/#article\",\"isPartOf\":{\"@id\":\"https:\/\/orthodoxalbania.org\/2020\/2013\/03\/21\/protagonistet-zgjerojne-aktivitetin-dhe-cilesine\/\"},\"author\":{\"name\":\"Kisha Orthodhokse\",\"@id\":\"https:\/\/orthodoxalbania.org\/2020\/#\/schema\/person\/0c387634a7063ac612d7ed9ce71c7e86\"},\"headline\":\"\u201cProtagonist\u00ebt\u201d zgjerojn\u00eb aktivitetin dhe cil\u00ebsin\u00eb. (Tetor 2012)\",\"datePublished\":\"2013-03-21T12:23:15+00:00\",\"dateModified\":\"2020-04-06T20:05:57+00:00\",\"mainEntityOfPage\":{\"@id\":\"https:\/\/orthodoxalbania.org\/2020\/2013\/03\/21\/protagonistet-zgjerojne-aktivitetin-dhe-cilesine\/\"},\"wordCount\":507,\"commentCount\":0,\"publisher\":{\"@id\":\"https:\/\/orthodoxalbania.org\/2020\/#organization\"},\"keywords\":[\"2012\",\"Institucione Parashkollore t\u00eb Kish\u00ebs Orthodhokse\",\"Kryepiskopata Tiran\u00eb\",\"lajme\"],\"articleSection\":[\"Lajme\"],\"inLanguage\":\"en-US\"},{\"@type\":\"WebPage\",\"@id\":\"https:\/\/orthodoxalbania.org\/2020\/2013\/03\/21\/protagonistet-zgjerojne-aktivitetin-dhe-cilesine\/\",\"url\":\"https:\/\/orthodoxalbania.org\/2020\/2013\/03\/21\/protagonistet-zgjerojne-aktivitetin-dhe-cilesine\/\",\"name\":\"\u201cProtagonist\u00ebt\u201d zgjerojn\u00eb aktivitetin dhe cil\u00ebsin\u00eb. (Tetor 2012) - Kisha Orthodh\u03bfkse Autoqefale e Shqip\u00ebris\u00eb\",\"isPartOf\":{\"@id\":\"https:\/\/orthodoxalbania.org\/2020\/#website\"},\"datePublished\":\"2013-03-21T12:23:15+00:00\",\"dateModified\":\"2020-04-06T20:05:57+00:00\",\"breadcrumb\":{\"@id\":\"https:\/\/orthodoxalbania.org\/2020\/2013\/03\/21\/protagonistet-zgjerojne-aktivitetin-dhe-cilesine\/#breadcrumb\"},\"inLanguage\":\"en-US\",\"potentialAction\":[{\"@type\":\"ReadAction\",\"target\":[\"https:\/\/orthodoxalbania.org\/2020\/2013\/03\/21\/protagonistet-zgjerojne-aktivitetin-dhe-cilesine\/\"]}]},{\"@type\":\"BreadcrumbList\",\"@id\":\"https:\/\/orthodoxalbania.org\/2020\/2013\/03\/21\/protagonistet-zgjerojne-aktivitetin-dhe-cilesine\/#breadcrumb\",\"itemListElement\":[{\"@type\":\"ListItem\",\"position\":1,\"name\":\"Home\",\"item\":\"https:\/\/orthodoxalbania.org\/2020\/\"},{\"@type\":\"ListItem\",\"position\":2,\"name\":\"\u201cProtagonist\u00ebt\u201d zgjerojn\u00eb aktivitetin dhe cil\u00ebsin\u00eb. (Tetor 2012)\"}]},{\"@type\":\"WebSite\",\"@id\":\"https:\/\/orthodoxalbania.org\/2020\/#website\",\"url\":\"https:\/\/orthodoxalbania.org\/2020\/\",\"name\":\"Kisha Orthodh\u03bfkse Autoqefale e Shqip\u00ebris\u00eb\",\"description\":\"Fqja Zyrtare e Kish\u00ebs Orthodhokse Autoqefale e Shqip\u00ebris\u00eb me lajmet edhe informacionet zyrtare p\u00ebr struktur\u00ebn edhe veprimtarin e saj.\",\"publisher\":{\"@id\":\"https:\/\/orthodoxalbania.org\/2020\/#organization\"},\"potentialAction\":[{\"@type\":\"SearchAction\",\"target\":{\"@type\":\"EntryPoint\",\"urlTemplate\":\"https:\/\/orthodoxalbania.org\/2020\/?s={search_term_string}\"},\"query-input\":{\"@type\":\"PropertyValueSpecification\",\"valueRequired\":true,\"valueName\":\"search_term_string\"}}],\"inLanguage\":\"en-US\"},{\"@type\":\"Organization\",\"@id\":\"https:\/\/orthodoxalbania.org\/2020\/#organization\",\"name\":\"Kisha Orthodhokse Autoqefale e Shqip\u00ebris\u00eb\",\"url\":\"https:\/\/orthodoxalbania.org\/2020\/\",\"logo\":{\"@type\":\"ImageObject\",\"inLanguage\":\"en-US\",\"@id\":\"https:\/\/orthodoxalbania.org\/2020\/#\/schema\/logo\/image\/\",\"url\":\"https:\/\/orthodoxalbania.org\/2020\/wp-content\/uploads\/2020\/05\/albania.jpeg\",\"contentUrl\":\"https:\/\/orthodoxalbania.org\/2020\/wp-content\/uploads\/2020\/05\/albania.jpeg\",\"width\":540,\"height\":540,\"caption\":\"Kisha Orthodhokse Autoqefale e Shqip\u00ebris\u00eb\"},\"image\":{\"@id\":\"https:\/\/orthodoxalbania.org\/2020\/#\/schema\/logo\/image\/\"},\"sameAs\":[\"https:\/\/www.facebook.com\/koash1991\"]},{\"@type\":\"Person\",\"@id\":\"https:\/\/orthodoxalbania.org\/2020\/#\/schema\/person\/0c387634a7063ac612d7ed9ce71c7e86\",\"name\":\"Kisha Orthodhokse\",\"image\":{\"@type\":\"ImageObject\",\"inLanguage\":\"en-US\",\"@id\":\"https:\/\/secure.gravatar.com\/avatar\/596e7c417251e30f2fbb9c00e026fce61a695a00e51c889caded71c96cbbdde5?s=96&d=mm&r=g\",\"url\":\"https:\/\/secure.gravatar.com\/avatar\/596e7c417251e30f2fbb9c00e026fce61a695a00e51c889caded71c96cbbdde5?s=96&d=mm&r=g\",\"contentUrl\":\"https:\/\/secure.gravatar.com\/avatar\/596e7c417251e30f2fbb9c00e026fce61a695a00e51c889caded71c96cbbdde5?s=96&d=mm&r=g\",\"caption\":\"Kisha Orthodhokse\"}}]}<\/script>\n<!-- \/ Yoast SEO plugin. -->","yoast_head_json":{"title":"\u201cProtagonist\u00ebt\u201d zgjerojn\u00eb aktivitetin dhe cil\u00ebsin\u00eb. (Tetor 2012) - Kisha Orthodh\u03bfkse Autoqefale e Shqip\u00ebris\u00eb","robots":{"index":"index","follow":"follow","max-snippet":"max-snippet:-1","max-image-preview":"max-image-preview:large","max-video-preview":"max-video-preview:-1"},"canonical":"https:\/\/orthodoxalbania.org\/2020\/2013\/03\/21\/protagonistet-zgjerojne-aktivitetin-dhe-cilesine\/","og_locale":"en_US","og_type":"article","og_title":"\u201cProtagonist\u00ebt\u201d zgjerojn\u00eb aktivitetin dhe cil\u00ebsin\u00eb. (Tetor 2012) - Kisha Orthodh\u03bfkse Autoqefale e Shqip\u00ebris\u00eb","og_description":"Hapet p\u00ebr her\u00eb t\u00eb par\u00eb klasa e 10-t\u00eb, shkolla e mesme dhe grupi parashkollor &nbsp;&nbsp; Shkolla \u201cProtagonist\u00ebt\u201d n\u00eb m\u00eb shum\u00eb se 10 vjet veprimtari ka ardhur duke e rritur gjithmon\u00eb m\u00eb shum\u00eb nivelin e m\u00ebsimdh\u00ebnies e t\u00eb pajisjeve m\u00ebsimore, por edhe ka ofruar mjaft risi. I till\u00eb \u00ebsht\u00eb edhe viti m\u00ebsimor q\u00eb sapo filloi. P\u00ebrve\u00e7 p\u00ebrmir\u00ebsimit t\u00eb baz\u00ebs materiale, n\u00eb ndihm\u00eb t\u00eb mbi 300 nx\u00ebn\u00ebsve","og_url":"https:\/\/orthodoxalbania.org\/2020\/2013\/03\/21\/protagonistet-zgjerojne-aktivitetin-dhe-cilesine\/","og_site_name":"Kisha Orthodh\u03bfkse Autoqefale e Shqip\u00ebris\u00eb","article_publisher":"https:\/\/www.facebook.com\/koash1991","article_published_time":"2013-03-21T12:23:15+00:00","article_modified_time":"2020-04-06T20:05:57+00:00","og_image":[{"url":"https:\/\/lh5.googleusercontent.com\/-wq7-7Pvf4A0\/UK9Hb1MGs3I\/AAAAAAAABLw\/lAIQrJ2zqVk\/s640\/faqja 7 shkolla.jpg","type":"","width":"","height":""}],"author":"Kisha Orthodhokse","twitter_card":"summary_large_image","twitter_misc":{"Written by":"Kisha Orthodhokse","Est. reading time":"2 minutes"},"schema":{"@context":"https:\/\/schema.org","@graph":[{"@type":"Article","@id":"https:\/\/orthodoxalbania.org\/2020\/2013\/03\/21\/protagonistet-zgjerojne-aktivitetin-dhe-cilesine\/#article","isPartOf":{"@id":"https:\/\/orthodoxalbania.org\/2020\/2013\/03\/21\/protagonistet-zgjerojne-aktivitetin-dhe-cilesine\/"},"author":{"name":"Kisha Orthodhokse","@id":"https:\/\/orthodoxalbania.org\/2020\/#\/schema\/person\/0c387634a7063ac612d7ed9ce71c7e86"},"headline":"\u201cProtagonist\u00ebt\u201d zgjerojn\u00eb aktivitetin dhe cil\u00ebsin\u00eb. (Tetor 2012)","datePublished":"2013-03-21T12:23:15+00:00","dateModified":"2020-04-06T20:05:57+00:00","mainEntityOfPage":{"@id":"https:\/\/orthodoxalbania.org\/2020\/2013\/03\/21\/protagonistet-zgjerojne-aktivitetin-dhe-cilesine\/"},"wordCount":507,"commentCount":0,"publisher":{"@id":"https:\/\/orthodoxalbania.org\/2020\/#organization"},"keywords":["2012","Institucione Parashkollore t\u00eb Kish\u00ebs Orthodhokse","Kryepiskopata Tiran\u00eb","lajme"],"articleSection":["Lajme"],"inLanguage":"en-US"},{"@type":"WebPage","@id":"https:\/\/orthodoxalbania.org\/2020\/2013\/03\/21\/protagonistet-zgjerojne-aktivitetin-dhe-cilesine\/","url":"https:\/\/orthodoxalbania.org\/2020\/2013\/03\/21\/protagonistet-zgjerojne-aktivitetin-dhe-cilesine\/","name":"\u201cProtagonist\u00ebt\u201d zgjerojn\u00eb aktivitetin dhe cil\u00ebsin\u00eb. (Tetor 2012) - Kisha Orthodh\u03bfkse Autoqefale e Shqip\u00ebris\u00eb","isPartOf":{"@id":"https:\/\/orthodoxalbania.org\/2020\/#website"},"datePublished":"2013-03-21T12:23:15+00:00","dateModified":"2020-04-06T20:05:57+00:00","breadcrumb":{"@id":"https:\/\/orthodoxalbania.org\/2020\/2013\/03\/21\/protagonistet-zgjerojne-aktivitetin-dhe-cilesine\/#breadcrumb"},"inLanguage":"en-US","potentialAction":[{"@type":"ReadAction","target":["https:\/\/orthodoxalbania.org\/2020\/2013\/03\/21\/protagonistet-zgjerojne-aktivitetin-dhe-cilesine\/"]}]},{"@type":"BreadcrumbList","@id":"https:\/\/orthodoxalbania.org\/2020\/2013\/03\/21\/protagonistet-zgjerojne-aktivitetin-dhe-cilesine\/#breadcrumb","itemListElement":[{"@type":"ListItem","position":1,"name":"Home","item":"https:\/\/orthodoxalbania.org\/2020\/"},{"@type":"ListItem","position":2,"name":"\u201cProtagonist\u00ebt\u201d zgjerojn\u00eb aktivitetin dhe cil\u00ebsin\u00eb. (Tetor 2012)"}]},{"@type":"WebSite","@id":"https:\/\/orthodoxalbania.org\/2020\/#website","url":"https:\/\/orthodoxalbania.org\/2020\/","name":"Kisha Orthodh\u03bfkse Autoqefale e Shqip\u00ebris\u00eb","description":"Fqja Zyrtare e Kish\u00ebs Orthodhokse Autoqefale e Shqip\u00ebris\u00eb me lajmet edhe informacionet zyrtare p\u00ebr struktur\u00ebn edhe veprimtarin e saj.","publisher":{"@id":"https:\/\/orthodoxalbania.org\/2020\/#organization"},"potentialAction":[{"@type":"SearchAction","target":{"@type":"EntryPoint","urlTemplate":"https:\/\/orthodoxalbania.org\/2020\/?s={search_term_string}"},"query-input":{"@type":"PropertyValueSpecification","valueRequired":true,"valueName":"search_term_string"}}],"inLanguage":"en-US"},{"@type":"Organization","@id":"https:\/\/orthodoxalbania.org\/2020\/#organization","name":"Kisha Orthodhokse Autoqefale e Shqip\u00ebris\u00eb","url":"https:\/\/orthodoxalbania.org\/2020\/","logo":{"@type":"ImageObject","inLanguage":"en-US","@id":"https:\/\/orthodoxalbania.org\/2020\/#\/schema\/logo\/image\/","url":"https:\/\/orthodoxalbania.org\/2020\/wp-content\/uploads\/2020\/05\/albania.jpeg","contentUrl":"https:\/\/orthodoxalbania.org\/2020\/wp-content\/uploads\/2020\/05\/albania.jpeg","width":540,"height":540,"caption":"Kisha Orthodhokse Autoqefale e Shqip\u00ebris\u00eb"},"image":{"@id":"https:\/\/orthodoxalbania.org\/2020\/#\/schema\/logo\/image\/"},"sameAs":["https:\/\/www.facebook.com\/koash1991"]},{"@type":"Person","@id":"https:\/\/orthodoxalbania.org\/2020\/#\/schema\/person\/0c387634a7063ac612d7ed9ce71c7e86","name":"Kisha Orthodhokse","image":{"@type":"ImageObject","inLanguage":"en-US","@id":"https:\/\/secure.gravatar.com\/avatar\/596e7c417251e30f2fbb9c00e026fce61a695a00e51c889caded71c96cbbdde5?s=96&d=mm&r=g","url":"https:\/\/secure.gravatar.com\/avatar\/596e7c417251e30f2fbb9c00e026fce61a695a00e51c889caded71c96cbbdde5?s=96&d=mm&r=g","contentUrl":"https:\/\/secure.gravatar.com\/avatar\/596e7c417251e30f2fbb9c00e026fce61a695a00e51c889caded71c96cbbdde5?s=96&d=mm&r=g","caption":"Kisha Orthodhokse"}}]}},"_links":{"self":[{"href":"https:\/\/orthodoxalbania.org\/2020\/wp-json\/wp\/v2\/posts\/1737","targetHints":{"allow":["GET"]}}],"collection":[{"href":"https:\/\/orthodoxalbania.org\/2020\/wp-json\/wp\/v2\/posts"}],"about":[{"href":"https:\/\/orthodoxalbania.org\/2020\/wp-json\/wp\/v2\/types\/post"}],"author":[{"embeddable":true,"href":"https:\/\/orthodoxalbania.org\/2020\/wp-json\/wp\/v2\/users\/1"}],"replies":[{"embeddable":true,"href":"https:\/\/orthodoxalbania.org\/2020\/wp-json\/wp\/v2\/comments?post=1737"}],"version-history":[{"count":1,"href":"https:\/\/orthodoxalbania.org\/2020\/wp-json\/wp\/v2\/posts\/1737\/revisions"}],"predecessor-version":[{"id":15289,"href":"https:\/\/orthodoxalbania.org\/2020\/wp-json\/wp\/v2\/posts\/1737\/revisions\/15289"}],"wp:attachment":[{"href":"https:\/\/orthodoxalbania.org\/2020\/wp-json\/wp\/v2\/media?parent=1737"}],"wp:term":[{"taxonomy":"category","embeddable":true,"href":"https:\/\/orthodoxalbania.org\/2020\/wp-json\/wp\/v2\/categories?post=1737"},{"taxonomy":"post_tag","embeddable":true,"href":"https:\/\/orthodoxalbania.org\/2020\/wp-json\/wp\/v2\/tags?post=1737"}],"curies":[{"name":"wp","href":"https:\/\/api.w.org\/{rel}","templated":true}]}}