{"id":1736,"date":"2006-02-26T00:00:00","date_gmt":"2006-02-26T00:00:00","guid":{"rendered":""},"modified":"2020-04-06T22:36:02","modified_gmt":"2020-04-06T20:36:02","slug":"protagonistet-presin-krishtlindjen-me-koncert-festiv-krishtlindje-06","status":"publish","type":"post","link":"https:\/\/orthodoxalbania.org\/2020\/2006\/02\/26\/protagonistet-presin-krishtlindjen-me-koncert-festiv-krishtlindje-06\/","title":{"rendered":"\u201cProtagonist\u00ebt\u201d presin Krishtlindjen me koncert festiv. (20 Dhjetor 2006)"},"content":{"rendered":"<div style=\"text-align: justify;\">&nbsp;<\/div>\n<div style=\"text-align: justify;\">\n<table id=\"AutoNumber3\" style=\"width: 859px; height: 2324px;\" border=\"0\">\n<tbody>\n<tr>\n<td>\n<table id=\"AutoNumber4\" border=\"0\">\n<tbody>\n<tr>\n<td>\n<p><span style=\"color: #000000;\"><span style=\"font-family: tahoma,geneva,sans-serif;\"><span style=\"font-size: 12px;\">&nbsp;&nbsp;&nbsp; N\u00eb qendr\u00ebn shpirt\u00ebrore-arsimore \u201cThavor\u201d t\u00eb Kish\u00ebs son\u00eb, q\u00eb ngrihet madh\u00ebshtore n\u00eb nj\u00eb pjes\u00eb periferike t\u00eb kryeqytetit, pran\u00eb Malit t\u00eb Dajtit, u zhvillua m\u00eb 20 dhjetor koncerti festiv me rastin e Krishtlindjes dhe Vitit t\u00eb Ri nga nx\u00ebn\u00ebsit e shkoll\u00ebs 9-vje\u00e7are shqiptaro-amerikane \u201cProtagonist\u00ebt\u201d. Prind\u00ebr, m\u00ebsues dhe t\u00eb ftuar mor\u00ebn pjes\u00eb n\u00eb programin q\u00eb zgjati rreth dy or\u00eb.<\/span><\/span><br \/> &nbsp;&nbsp;<\/span><\/p>\n<\/td>\n<td>\n<p><span style=\"color: #000000;\">&nbsp; <img decoding=\"async\" class=\"lazyload HAa Eha\" style=\"border-width: 1px; border-style: solid; margin: 10px auto; display: block;\" alt=\"\" src=\"data:image\/gif;base64,R0lGODlhAQABAAAAACH5BAEKAAEALAAAAAABAAEAAAICTAEAOw==\" data-orig-src=\"https:\/\/lh4.googleusercontent.com\/-lwwhBh75zDc\/VLZQ3349Y5I\/AAAAAAAAK1U\/E-blUk-uQro\/w370-h277-no\/untitled1.jpg\" \/>&nbsp; <\/span><\/p>\n<\/td>\n<\/tr>\n<tr>\n<td>\n<p><span style=\"color: #000000;\">&nbsp;&nbsp;&nbsp; <img decoding=\"async\" class=\"lazyload HAa Eha\" style=\"border-width: 1px; border-style: solid; margin: 10px auto; display: block;\" alt=\"\" src=\"data:image\/gif;base64,R0lGODlhAQABAAAAACH5BAEKAAEALAAAAAABAAEAAAICTAEAOw==\" data-orig-src=\"https:\/\/lh4.googleusercontent.com\/-58I_-EZGh-w\/VLZQ3jbqyRI\/AAAAAAAAK1c\/WefKSzwhlRI\/w370-h277-no\/untitled2.jpg\" \/> <\/span><\/p>\n<\/td>\n<td>\n<p><span style=\"color: #000000;\">&nbsp;<span style=\"font-family: tahoma,geneva,sans-serif;\"><span style=\"font-size: 12px;\">&nbsp;&nbsp; Skena e koncertit interpretonte n\u00eb m\u00ebnyr\u00eb figurative g\u00ebzimin e k\u00ebsaj feste. Ikona e Krishtlindjes me Krishtin n\u00eb qend\u00ebr, yjet dhe mag\u00ebt, barinjt\u00eb rreth grazhdit, shoq\u00ebroheshin nga fytyrat engj\u00ebllore t\u00eb f\u00ebmij\u00ebve. Mes tyre ishte i ftuar edhe Kryepiskopi Anastas, i cili ndoqi me dashuri k\u00ebng\u00ebt, recitimet dhe urimet e f\u00ebmij\u00ebve.<\/span><\/span><\/span><\/p>\n<\/td>\n<\/tr>\n<tr>\n<td>\n<div style=\"text-align: justify;\"><span style=\"color: #000000;\"><span style=\"font-family: tahoma,geneva,sans-serif;\"><span style=\"font-size: 12px;\">&nbsp;&nbsp;&nbsp; Nx\u00ebn\u00ebsit kishin p\u00ebrgatitur nga secila klas\u00eb nj\u00eb program t\u00eb ve\u00e7ant\u00eb, duke sjell\u00eb mes emocioneve para t\u00eb pranishm\u00ebve g\u00ebzim dhe shum\u00eb buz\u00ebqeshje.<\/span><\/span><\/span><\/div>\n<\/td>\n<td>\n<p><span style=\"color: #000000;\">&nbsp;&nbsp;&nbsp; <img decoding=\"async\" class=\"lazyload HAa Eha\" style=\"border-width: 1px; border-style: solid; margin: 10px auto; display: block;\" alt=\"\" src=\"data:image\/gif;base64,R0lGODlhAQABAAAAACH5BAEKAAEALAAAAAABAAEAAAICTAEAOw==\" data-orig-src=\"https:\/\/lh3.googleusercontent.com\/-FzGpRuY9XsA\/VLZQ4LH3VgI\/AAAAAAAAK1g\/m1OlCpgtm1w\/w370-h277-no\/untitled3.jpg\" \/><\/span><\/p>\n<\/td>\n<\/tr>\n<tr>\n<td>\n<p><span style=\"color: #000000;\">&nbsp; <img decoding=\"async\" class=\"lazyload HAa Eha\" style=\"border-width: 1px; border-style: solid; margin: 10px auto; display: block;\" alt=\"\" src=\"data:image\/gif;base64,R0lGODlhAQABAAAAACH5BAEKAAEALAAAAAABAAEAAAICTAEAOw==\" data-orig-src=\"https:\/\/lh3.googleusercontent.com\/-0xvMsexaAnY\/VLZQ4VruiPI\/AAAAAAAAK1M\/R4jgQHq_WQM\/w370-h277-no\/untitled4.jpg\" \/>&nbsp;&nbsp;&nbsp; <\/span><\/p>\n<\/td>\n<td>\n<p> <span style=\"color: #000000;\"><span style=\"font-family: tahoma,geneva,sans-serif;\"><span style=\"font-size: 12px;\">&nbsp;&nbsp; N\u00eb fund t\u00eb aktivitetit, Kryepiskopi Anastas i takoi f\u00ebmij\u00ebt dhe u shp\u00ebrndau lule, n\u00eb shenj\u00eb dashurie dhe p\u00ebrul\u00ebsie ndaj krijesave t\u00eb shum\u00ebdashura t\u00eb Per\u00ebndis\u00eb. Vet\u00eb Krishti iu tha dishepujve se p\u00ebr t\u00eb fituar Mbret\u00ebrin\u00eb e Per\u00ebndis\u00eb duhet t\u00eb imitojm\u00eb k\u00ebta f\u00ebmij\u00eb, n\u00eb shembullin e past\u00ebrtis\u00eb s\u00eb tyre dhe paqes q\u00eb ata rrezatojn\u00eb.<\/span><\/span><\/span><\/p>\n<p><span style=\"color: #000000;\"><span style=\"font-family: tahoma,geneva,sans-serif;\"><span style=\"font-size: 12px;\">&nbsp;&nbsp;&nbsp; N\u00eb fund t\u00eb koncertit festiv, p\u00ebr t\u00eb gjith\u00eb t\u00eb ftuarit ishte p\u00ebrgatitur nj\u00eb kokteil.<\/span><\/span><\/span><\/p>\n<\/td>\n<\/tr>\n<tr>\n<td>&nbsp;<\/td>\n<td>&nbsp;<\/td>\n<\/tr>\n<tr>\n<td>\n<p><span style=\"color: #000000;\"><img decoding=\"async\" class=\"lazyload HAa Eha\" style=\"border-width: 1px; border-style: solid; margin: 10px auto; display: block;\" alt=\"\" src=\"data:image\/gif;base64,R0lGODlhAQABAAAAACH5BAEKAAEALAAAAAABAAEAAAICTAEAOw==\" data-orig-src=\"https:\/\/lh6.googleusercontent.com\/-oYy7zXwFKuw\/VLZQ4s1Ga1I\/AAAAAAAAK1I\/6OngG3vQcz4\/w370-h277-no\/untitled5.jpg\" \/><\/span><\/p>\n<\/td>\n<td>\n<p><span style=\"color: #000000;\"><img decoding=\"async\" class=\"lazyload HAa Eha\" style=\"border-width: 1px; border-style: solid; margin: 10px auto; display: block;\" alt=\"\" src=\"data:image\/gif;base64,R0lGODlhAQABAAAAACH5BAEKAAEALAAAAAABAAEAAAICTAEAOw==\" data-orig-src=\"https:\/\/lh6.googleusercontent.com\/-7YkH53r546g\/VLZQ4wKNQVI\/AAAAAAAAK1E\/Wk0_ovDvlSA\/w370-h277-no\/untitled6.jpg\" \/> <\/span><\/p>\n<\/td>\n<\/tr>\n<tr>\n<td>\n<p><span style=\"color: #000000;\"><img decoding=\"async\" class=\"lazyload HAa Eha\" style=\"border-width: 1px; border-style: solid; margin: 10px auto; display: block;\" alt=\"\" src=\"data:image\/gif;base64,R0lGODlhAQABAAAAACH5BAEKAAEALAAAAAABAAEAAAICTAEAOw==\" data-orig-src=\"https:\/\/lh5.googleusercontent.com\/-qO9j-fxwV3Y\/VLZQ5GkHbHI\/AAAAAAAAK04\/yMlFNRLu6Qo\/w370-h277-no\/untitled7.jpg\" \/><\/span><\/p>\n<\/td>\n<td>\n<p><span style=\"color: #000000;\"><img decoding=\"async\" class=\"lazyload HAa Eha\" style=\"border-width: 1px; border-style: solid; margin: 10px auto; display: block;\" alt=\"\" src=\"data:image\/gif;base64,R0lGODlhAQABAAAAACH5BAEKAAEALAAAAAABAAEAAAICTAEAOw==\" data-orig-src=\"https:\/\/lh4.googleusercontent.com\/-wY5EFSyihLM\/VLZQ5dFd8yI\/AAAAAAAAK08\/MBATZbFaA_I\/w370-h277-no\/untitled8.jpg\" \/><\/span><\/p>\n<\/td>\n<\/tr>\n<tr>\n<td>\n<p><span style=\"color: #000000;\"><img decoding=\"async\" class=\"lazyload HAa Eha\" style=\"border-width: 1px; border-style: solid; margin: 10px auto; display: block;\" alt=\"\" src=\"data:image\/gif;base64,R0lGODlhAQABAAAAACH5BAEKAAEALAAAAAABAAEAAAICTAEAOw==\" data-orig-src=\"https:\/\/lh3.googleusercontent.com\/-5mpt0xir8eo\/VLZQ59LqRtI\/AAAAAAAAK1A\/DwTDU2oJAJM\/w370-h277-no\/untitled9.jpg\" \/><\/span><\/p>\n<\/td>\n<td>\n<p><span style=\"color: #000000;\"><img decoding=\"async\" class=\"lazyload HAa Eha\" style=\"border-width: 1px; border-style: solid; margin: 10px auto; display: block;\" alt=\"\" src=\"data:image\/gif;base64,R0lGODlhAQABAAAAACH5BAEKAAEALAAAAAABAAEAAAICTAEAOw==\" data-orig-src=\"https:\/\/lh5.googleusercontent.com\/-m1Nt0dPaUNE\/VLZQ32ma5SI\/AAAAAAAAK1Q\/GtEuRVcN8mU\/w370-h277-no\/untitled10.jpg\" \/><\/span><\/p>\n<\/td>\n<\/tr>\n<tr>\n<td colspan=\"2\">\n<p><span style=\"color: #000000;\">I. Koti<\/span><\/p>\n<\/td>\n<\/tr>\n<\/tbody>\n<\/table>\n<p dir=\"ltr\">&nbsp;<\/p>\n<\/td>\n<\/tr>\n<\/tbody>\n<\/table>\n<p><span style=\"color: #000000;\">&nbsp; &nbsp; &nbsp; &nbsp; &nbsp; &nbsp; &nbsp; &nbsp; &nbsp; &nbsp; &nbsp; &nbsp; &nbsp; &nbsp; &nbsp; &nbsp; &nbsp; &nbsp; &nbsp; &nbsp; &nbsp; &nbsp; &nbsp; &nbsp; &nbsp; &nbsp; &nbsp; &nbsp; &nbsp; &nbsp; &nbsp; &nbsp; &nbsp; &nbsp; &nbsp; &nbsp; &nbsp; &nbsp; &nbsp; &nbsp;<\/span><\/p>\n<\/div>\n","protected":false},"excerpt":{"rendered":"<p>&nbsp; &nbsp;&nbsp;&nbsp; N\u00eb qendr\u00ebn shpirt\u00ebrore-arsimore \u201cThavor\u201d t\u00eb Kish\u00ebs son\u00eb, q\u00eb ngrihet madh\u00ebshtore n\u00eb nj\u00eb pjes\u00eb periferike t\u00eb kryeqytetit, pran\u00eb Malit t\u00eb Dajtit, u zhvillua m\u00eb 20 dhjetor koncerti festiv me rastin e Krishtlindjes dhe Vitit t\u00eb Ri nga nx\u00ebn\u00ebsit e shkoll\u00ebs 9-vje\u00e7are shqiptaro-amerikane \u201cProtagonist\u00ebt\u201d. Prind\u00ebr, m\u00ebsues dhe t\u00eb ftuar mor\u00ebn pjes\u00eb n\u00eb programin q\u00eb zgjati rreth dy or\u00eb. &nbsp;&nbsp; &nbsp; &nbsp; &nbsp;&nbsp;&nbsp; &nbsp;&nbsp;&nbsp; Skena e<\/p>\n","protected":false},"author":1,"featured_media":0,"comment_status":"open","ping_status":"open","sticky":false,"template":"","format":"standard","meta":{"_acf_changed":false,"pagelayer_contact_templates":[],"_pagelayer_content":"","inline_featured_image":false,"fifu_image_url":"","fifu_image_alt":"","footnotes":""},"categories":[108],"tags":[148,175,192,196,201,212],"class_list":["post-1736","post","type-post","status-publish","format-standard","hentry","category-lajme","tag-148","tag-institucione-parashkollore-te-kishes-orthodhokse","tag-krishtlindje","tag-tirane","tag-kryepiskopi-anastas","tag-lajme-d27"],"acf":[],"yoast_head":"<!-- This site is optimized with the Yoast SEO plugin v27.2 - https:\/\/yoast.com\/product\/yoast-seo-wordpress\/ -->\n<title>\u201cProtagonist\u00ebt\u201d presin Krishtlindjen me koncert festiv. (20 Dhjetor 2006) - Kisha Orthodh\u03bfkse Autoqefale e Shqip\u00ebris\u00eb<\/title>\n<meta name=\"robots\" content=\"index, follow, max-snippet:-1, max-image-preview:large, max-video-preview:-1\" \/>\n<link rel=\"canonical\" href=\"https:\/\/orthodoxalbania.org\/2020\/2006\/02\/26\/protagonistet-presin-krishtlindjen-me-koncert-festiv-krishtlindje-06\/\" \/>\n<meta property=\"og:locale\" content=\"en_US\" \/>\n<meta property=\"og:type\" content=\"article\" \/>\n<meta property=\"og:title\" content=\"\u201cProtagonist\u00ebt\u201d presin Krishtlindjen me koncert festiv. (20 Dhjetor 2006) - Kisha Orthodh\u03bfkse Autoqefale e Shqip\u00ebris\u00eb\" \/>\n<meta property=\"og:description\" content=\"&nbsp; &nbsp;&nbsp;&nbsp; N\u00eb qendr\u00ebn shpirt\u00ebrore-arsimore \u201cThavor\u201d t\u00eb Kish\u00ebs son\u00eb, q\u00eb ngrihet madh\u00ebshtore n\u00eb nj\u00eb pjes\u00eb periferike t\u00eb kryeqytetit, pran\u00eb Malit t\u00eb Dajtit, u zhvillua m\u00eb 20 dhjetor koncerti festiv me rastin e Krishtlindjes dhe Vitit t\u00eb Ri nga nx\u00ebn\u00ebsit e shkoll\u00ebs 9-vje\u00e7are shqiptaro-amerikane \u201cProtagonist\u00ebt\u201d. Prind\u00ebr, m\u00ebsues dhe t\u00eb ftuar mor\u00ebn pjes\u00eb n\u00eb programin q\u00eb zgjati rreth dy or\u00eb. &nbsp;&nbsp; &nbsp; &nbsp; &nbsp;&nbsp;&nbsp; &nbsp;&nbsp;&nbsp; Skena e\" \/>\n<meta property=\"og:url\" content=\"https:\/\/orthodoxalbania.org\/2020\/2006\/02\/26\/protagonistet-presin-krishtlindjen-me-koncert-festiv-krishtlindje-06\/\" \/>\n<meta property=\"og:site_name\" content=\"Kisha Orthodh\u03bfkse Autoqefale e Shqip\u00ebris\u00eb\" \/>\n<meta property=\"article:publisher\" content=\"https:\/\/www.facebook.com\/koash1991\" \/>\n<meta property=\"article:published_time\" content=\"2006-02-26T00:00:00+00:00\" \/>\n<meta property=\"article:modified_time\" content=\"2020-04-06T20:36:02+00:00\" \/>\n<meta property=\"og:image\" content=\"https:\/\/lh4.googleusercontent.com\/-lwwhBh75zDc\/VLZQ3349Y5I\/AAAAAAAAK1U\/E-blUk-uQro\/w370-h277-no\/untitled1.jpg\" \/>\n<meta name=\"author\" content=\"Kisha Orthodhokse\" \/>\n<meta name=\"twitter:card\" content=\"summary_large_image\" \/>\n<meta name=\"twitter:label1\" content=\"Written by\" \/>\n\t<meta name=\"twitter:data1\" content=\"Kisha Orthodhokse\" \/>\n\t<meta name=\"twitter:label2\" content=\"Est. reading time\" \/>\n\t<meta name=\"twitter:data2\" content=\"2 minutes\" \/>\n<script type=\"application\/ld+json\" class=\"yoast-schema-graph\">{\"@context\":\"https:\/\/schema.org\",\"@graph\":[{\"@type\":\"Article\",\"@id\":\"https:\/\/orthodoxalbania.org\/2020\/2006\/02\/26\/protagonistet-presin-krishtlindjen-me-koncert-festiv-krishtlindje-06\/#article\",\"isPartOf\":{\"@id\":\"https:\/\/orthodoxalbania.org\/2020\/2006\/02\/26\/protagonistet-presin-krishtlindjen-me-koncert-festiv-krishtlindje-06\/\"},\"author\":{\"name\":\"Kisha Orthodhokse\",\"@id\":\"https:\/\/orthodoxalbania.org\/2020\/#\/schema\/person\/0c387634a7063ac612d7ed9ce71c7e86\"},\"headline\":\"\u201cProtagonist\u00ebt\u201d presin Krishtlindjen me koncert festiv. (20 Dhjetor 2006)\",\"datePublished\":\"2006-02-26T00:00:00+00:00\",\"dateModified\":\"2020-04-06T20:36:02+00:00\",\"mainEntityOfPage\":{\"@id\":\"https:\/\/orthodoxalbania.org\/2020\/2006\/02\/26\/protagonistet-presin-krishtlindjen-me-koncert-festiv-krishtlindje-06\/\"},\"wordCount\":320,\"commentCount\":0,\"publisher\":{\"@id\":\"https:\/\/orthodoxalbania.org\/2020\/#organization\"},\"image\":{\"@id\":\"https:\/\/orthodoxalbania.org\/2020\/2006\/02\/26\/protagonistet-presin-krishtlindjen-me-koncert-festiv-krishtlindje-06\/#primaryimage\"},\"thumbnailUrl\":\"https:\/\/lh4.googleusercontent.com\/-lwwhBh75zDc\/VLZQ3349Y5I\/AAAAAAAAK1U\/E-blUk-uQro\/w370-h277-no\/untitled1.jpg\",\"keywords\":[\"2006\",\"Institucione Parashkollore t\u00eb Kish\u00ebs Orthodhokse\",\"Krishtlindje\",\"Kryepiskopata Tiran\u00eb\",\"Kryepiskopi Anastas\",\"lajme\"],\"articleSection\":[\"Lajme\"],\"inLanguage\":\"en-US\"},{\"@type\":\"WebPage\",\"@id\":\"https:\/\/orthodoxalbania.org\/2020\/2006\/02\/26\/protagonistet-presin-krishtlindjen-me-koncert-festiv-krishtlindje-06\/\",\"url\":\"https:\/\/orthodoxalbania.org\/2020\/2006\/02\/26\/protagonistet-presin-krishtlindjen-me-koncert-festiv-krishtlindje-06\/\",\"name\":\"\u201cProtagonist\u00ebt\u201d presin Krishtlindjen me koncert festiv. (20 Dhjetor 2006) - Kisha Orthodh\u03bfkse Autoqefale e Shqip\u00ebris\u00eb\",\"isPartOf\":{\"@id\":\"https:\/\/orthodoxalbania.org\/2020\/#website\"},\"primaryImageOfPage\":{\"@id\":\"https:\/\/orthodoxalbania.org\/2020\/2006\/02\/26\/protagonistet-presin-krishtlindjen-me-koncert-festiv-krishtlindje-06\/#primaryimage\"},\"image\":{\"@id\":\"https:\/\/orthodoxalbania.org\/2020\/2006\/02\/26\/protagonistet-presin-krishtlindjen-me-koncert-festiv-krishtlindje-06\/#primaryimage\"},\"thumbnailUrl\":\"https:\/\/lh4.googleusercontent.com\/-lwwhBh75zDc\/VLZQ3349Y5I\/AAAAAAAAK1U\/E-blUk-uQro\/w370-h277-no\/untitled1.jpg\",\"datePublished\":\"2006-02-26T00:00:00+00:00\",\"dateModified\":\"2020-04-06T20:36:02+00:00\",\"breadcrumb\":{\"@id\":\"https:\/\/orthodoxalbania.org\/2020\/2006\/02\/26\/protagonistet-presin-krishtlindjen-me-koncert-festiv-krishtlindje-06\/#breadcrumb\"},\"inLanguage\":\"en-US\",\"potentialAction\":[{\"@type\":\"ReadAction\",\"target\":[\"https:\/\/orthodoxalbania.org\/2020\/2006\/02\/26\/protagonistet-presin-krishtlindjen-me-koncert-festiv-krishtlindje-06\/\"]}]},{\"@type\":\"ImageObject\",\"inLanguage\":\"en-US\",\"@id\":\"https:\/\/orthodoxalbania.org\/2020\/2006\/02\/26\/protagonistet-presin-krishtlindjen-me-koncert-festiv-krishtlindje-06\/#primaryimage\",\"url\":\"https:\/\/lh4.googleusercontent.com\/-lwwhBh75zDc\/VLZQ3349Y5I\/AAAAAAAAK1U\/E-blUk-uQro\/w370-h277-no\/untitled1.jpg\",\"contentUrl\":\"https:\/\/lh4.googleusercontent.com\/-lwwhBh75zDc\/VLZQ3349Y5I\/AAAAAAAAK1U\/E-blUk-uQro\/w370-h277-no\/untitled1.jpg\"},{\"@type\":\"BreadcrumbList\",\"@id\":\"https:\/\/orthodoxalbania.org\/2020\/2006\/02\/26\/protagonistet-presin-krishtlindjen-me-koncert-festiv-krishtlindje-06\/#breadcrumb\",\"itemListElement\":[{\"@type\":\"ListItem\",\"position\":1,\"name\":\"Home\",\"item\":\"https:\/\/orthodoxalbania.org\/2020\/\"},{\"@type\":\"ListItem\",\"position\":2,\"name\":\"\u201cProtagonist\u00ebt\u201d presin Krishtlindjen me koncert festiv. (20 Dhjetor 2006)\"}]},{\"@type\":\"WebSite\",\"@id\":\"https:\/\/orthodoxalbania.org\/2020\/#website\",\"url\":\"https:\/\/orthodoxalbania.org\/2020\/\",\"name\":\"Kisha Orthodh\u03bfkse Autoqefale e Shqip\u00ebris\u00eb\",\"description\":\"Fqja Zyrtare e Kish\u00ebs Orthodhokse Autoqefale e Shqip\u00ebris\u00eb me lajmet edhe informacionet zyrtare p\u00ebr struktur\u00ebn edhe veprimtarin e saj.\",\"publisher\":{\"@id\":\"https:\/\/orthodoxalbania.org\/2020\/#organization\"},\"potentialAction\":[{\"@type\":\"SearchAction\",\"target\":{\"@type\":\"EntryPoint\",\"urlTemplate\":\"https:\/\/orthodoxalbania.org\/2020\/?s={search_term_string}\"},\"query-input\":{\"@type\":\"PropertyValueSpecification\",\"valueRequired\":true,\"valueName\":\"search_term_string\"}}],\"inLanguage\":\"en-US\"},{\"@type\":\"Organization\",\"@id\":\"https:\/\/orthodoxalbania.org\/2020\/#organization\",\"name\":\"Kisha Orthodhokse Autoqefale e Shqip\u00ebris\u00eb\",\"url\":\"https:\/\/orthodoxalbania.org\/2020\/\",\"logo\":{\"@type\":\"ImageObject\",\"inLanguage\":\"en-US\",\"@id\":\"https:\/\/orthodoxalbania.org\/2020\/#\/schema\/logo\/image\/\",\"url\":\"https:\/\/orthodoxalbania.org\/2020\/wp-content\/uploads\/2020\/05\/albania.jpeg\",\"contentUrl\":\"https:\/\/orthodoxalbania.org\/2020\/wp-content\/uploads\/2020\/05\/albania.jpeg\",\"width\":540,\"height\":540,\"caption\":\"Kisha Orthodhokse Autoqefale e Shqip\u00ebris\u00eb\"},\"image\":{\"@id\":\"https:\/\/orthodoxalbania.org\/2020\/#\/schema\/logo\/image\/\"},\"sameAs\":[\"https:\/\/www.facebook.com\/koash1991\"]},{\"@type\":\"Person\",\"@id\":\"https:\/\/orthodoxalbania.org\/2020\/#\/schema\/person\/0c387634a7063ac612d7ed9ce71c7e86\",\"name\":\"Kisha Orthodhokse\",\"image\":{\"@type\":\"ImageObject\",\"inLanguage\":\"en-US\",\"@id\":\"https:\/\/secure.gravatar.com\/avatar\/596e7c417251e30f2fbb9c00e026fce61a695a00e51c889caded71c96cbbdde5?s=96&d=mm&r=g\",\"url\":\"https:\/\/secure.gravatar.com\/avatar\/596e7c417251e30f2fbb9c00e026fce61a695a00e51c889caded71c96cbbdde5?s=96&d=mm&r=g\",\"contentUrl\":\"https:\/\/secure.gravatar.com\/avatar\/596e7c417251e30f2fbb9c00e026fce61a695a00e51c889caded71c96cbbdde5?s=96&d=mm&r=g\",\"caption\":\"Kisha Orthodhokse\"}}]}<\/script>\n<!-- \/ Yoast SEO plugin. -->","yoast_head_json":{"title":"\u201cProtagonist\u00ebt\u201d presin Krishtlindjen me koncert festiv. (20 Dhjetor 2006) - Kisha Orthodh\u03bfkse Autoqefale e Shqip\u00ebris\u00eb","robots":{"index":"index","follow":"follow","max-snippet":"max-snippet:-1","max-image-preview":"max-image-preview:large","max-video-preview":"max-video-preview:-1"},"canonical":"https:\/\/orthodoxalbania.org\/2020\/2006\/02\/26\/protagonistet-presin-krishtlindjen-me-koncert-festiv-krishtlindje-06\/","og_locale":"en_US","og_type":"article","og_title":"\u201cProtagonist\u00ebt\u201d presin Krishtlindjen me koncert festiv. (20 Dhjetor 2006) - Kisha Orthodh\u03bfkse Autoqefale e Shqip\u00ebris\u00eb","og_description":"&nbsp; &nbsp;&nbsp;&nbsp; N\u00eb qendr\u00ebn shpirt\u00ebrore-arsimore \u201cThavor\u201d t\u00eb Kish\u00ebs son\u00eb, q\u00eb ngrihet madh\u00ebshtore n\u00eb nj\u00eb pjes\u00eb periferike t\u00eb kryeqytetit, pran\u00eb Malit t\u00eb Dajtit, u zhvillua m\u00eb 20 dhjetor koncerti festiv me rastin e Krishtlindjes dhe Vitit t\u00eb Ri nga nx\u00ebn\u00ebsit e shkoll\u00ebs 9-vje\u00e7are shqiptaro-amerikane \u201cProtagonist\u00ebt\u201d. Prind\u00ebr, m\u00ebsues dhe t\u00eb ftuar mor\u00ebn pjes\u00eb n\u00eb programin q\u00eb zgjati rreth dy or\u00eb. &nbsp;&nbsp; &nbsp; &nbsp; &nbsp;&nbsp;&nbsp; &nbsp;&nbsp;&nbsp; Skena e","og_url":"https:\/\/orthodoxalbania.org\/2020\/2006\/02\/26\/protagonistet-presin-krishtlindjen-me-koncert-festiv-krishtlindje-06\/","og_site_name":"Kisha Orthodh\u03bfkse Autoqefale e Shqip\u00ebris\u00eb","article_publisher":"https:\/\/www.facebook.com\/koash1991","article_published_time":"2006-02-26T00:00:00+00:00","article_modified_time":"2020-04-06T20:36:02+00:00","og_image":[{"url":"https:\/\/lh4.googleusercontent.com\/-lwwhBh75zDc\/VLZQ3349Y5I\/AAAAAAAAK1U\/E-blUk-uQro\/w370-h277-no\/untitled1.jpg","type":"","width":"","height":""}],"author":"Kisha Orthodhokse","twitter_card":"summary_large_image","twitter_misc":{"Written by":"Kisha Orthodhokse","Est. reading time":"2 minutes"},"schema":{"@context":"https:\/\/schema.org","@graph":[{"@type":"Article","@id":"https:\/\/orthodoxalbania.org\/2020\/2006\/02\/26\/protagonistet-presin-krishtlindjen-me-koncert-festiv-krishtlindje-06\/#article","isPartOf":{"@id":"https:\/\/orthodoxalbania.org\/2020\/2006\/02\/26\/protagonistet-presin-krishtlindjen-me-koncert-festiv-krishtlindje-06\/"},"author":{"name":"Kisha Orthodhokse","@id":"https:\/\/orthodoxalbania.org\/2020\/#\/schema\/person\/0c387634a7063ac612d7ed9ce71c7e86"},"headline":"\u201cProtagonist\u00ebt\u201d presin Krishtlindjen me koncert festiv. (20 Dhjetor 2006)","datePublished":"2006-02-26T00:00:00+00:00","dateModified":"2020-04-06T20:36:02+00:00","mainEntityOfPage":{"@id":"https:\/\/orthodoxalbania.org\/2020\/2006\/02\/26\/protagonistet-presin-krishtlindjen-me-koncert-festiv-krishtlindje-06\/"},"wordCount":320,"commentCount":0,"publisher":{"@id":"https:\/\/orthodoxalbania.org\/2020\/#organization"},"image":{"@id":"https:\/\/orthodoxalbania.org\/2020\/2006\/02\/26\/protagonistet-presin-krishtlindjen-me-koncert-festiv-krishtlindje-06\/#primaryimage"},"thumbnailUrl":"https:\/\/lh4.googleusercontent.com\/-lwwhBh75zDc\/VLZQ3349Y5I\/AAAAAAAAK1U\/E-blUk-uQro\/w370-h277-no\/untitled1.jpg","keywords":["2006","Institucione Parashkollore t\u00eb Kish\u00ebs Orthodhokse","Krishtlindje","Kryepiskopata Tiran\u00eb","Kryepiskopi Anastas","lajme"],"articleSection":["Lajme"],"inLanguage":"en-US"},{"@type":"WebPage","@id":"https:\/\/orthodoxalbania.org\/2020\/2006\/02\/26\/protagonistet-presin-krishtlindjen-me-koncert-festiv-krishtlindje-06\/","url":"https:\/\/orthodoxalbania.org\/2020\/2006\/02\/26\/protagonistet-presin-krishtlindjen-me-koncert-festiv-krishtlindje-06\/","name":"\u201cProtagonist\u00ebt\u201d presin Krishtlindjen me koncert festiv. (20 Dhjetor 2006) - Kisha Orthodh\u03bfkse Autoqefale e Shqip\u00ebris\u00eb","isPartOf":{"@id":"https:\/\/orthodoxalbania.org\/2020\/#website"},"primaryImageOfPage":{"@id":"https:\/\/orthodoxalbania.org\/2020\/2006\/02\/26\/protagonistet-presin-krishtlindjen-me-koncert-festiv-krishtlindje-06\/#primaryimage"},"image":{"@id":"https:\/\/orthodoxalbania.org\/2020\/2006\/02\/26\/protagonistet-presin-krishtlindjen-me-koncert-festiv-krishtlindje-06\/#primaryimage"},"thumbnailUrl":"https:\/\/lh4.googleusercontent.com\/-lwwhBh75zDc\/VLZQ3349Y5I\/AAAAAAAAK1U\/E-blUk-uQro\/w370-h277-no\/untitled1.jpg","datePublished":"2006-02-26T00:00:00+00:00","dateModified":"2020-04-06T20:36:02+00:00","breadcrumb":{"@id":"https:\/\/orthodoxalbania.org\/2020\/2006\/02\/26\/protagonistet-presin-krishtlindjen-me-koncert-festiv-krishtlindje-06\/#breadcrumb"},"inLanguage":"en-US","potentialAction":[{"@type":"ReadAction","target":["https:\/\/orthodoxalbania.org\/2020\/2006\/02\/26\/protagonistet-presin-krishtlindjen-me-koncert-festiv-krishtlindje-06\/"]}]},{"@type":"ImageObject","inLanguage":"en-US","@id":"https:\/\/orthodoxalbania.org\/2020\/2006\/02\/26\/protagonistet-presin-krishtlindjen-me-koncert-festiv-krishtlindje-06\/#primaryimage","url":"https:\/\/lh4.googleusercontent.com\/-lwwhBh75zDc\/VLZQ3349Y5I\/AAAAAAAAK1U\/E-blUk-uQro\/w370-h277-no\/untitled1.jpg","contentUrl":"https:\/\/lh4.googleusercontent.com\/-lwwhBh75zDc\/VLZQ3349Y5I\/AAAAAAAAK1U\/E-blUk-uQro\/w370-h277-no\/untitled1.jpg"},{"@type":"BreadcrumbList","@id":"https:\/\/orthodoxalbania.org\/2020\/2006\/02\/26\/protagonistet-presin-krishtlindjen-me-koncert-festiv-krishtlindje-06\/#breadcrumb","itemListElement":[{"@type":"ListItem","position":1,"name":"Home","item":"https:\/\/orthodoxalbania.org\/2020\/"},{"@type":"ListItem","position":2,"name":"\u201cProtagonist\u00ebt\u201d presin Krishtlindjen me koncert festiv. (20 Dhjetor 2006)"}]},{"@type":"WebSite","@id":"https:\/\/orthodoxalbania.org\/2020\/#website","url":"https:\/\/orthodoxalbania.org\/2020\/","name":"Kisha Orthodh\u03bfkse Autoqefale e Shqip\u00ebris\u00eb","description":"Fqja Zyrtare e Kish\u00ebs Orthodhokse Autoqefale e Shqip\u00ebris\u00eb me lajmet edhe informacionet zyrtare p\u00ebr struktur\u00ebn edhe veprimtarin e saj.","publisher":{"@id":"https:\/\/orthodoxalbania.org\/2020\/#organization"},"potentialAction":[{"@type":"SearchAction","target":{"@type":"EntryPoint","urlTemplate":"https:\/\/orthodoxalbania.org\/2020\/?s={search_term_string}"},"query-input":{"@type":"PropertyValueSpecification","valueRequired":true,"valueName":"search_term_string"}}],"inLanguage":"en-US"},{"@type":"Organization","@id":"https:\/\/orthodoxalbania.org\/2020\/#organization","name":"Kisha Orthodhokse Autoqefale e Shqip\u00ebris\u00eb","url":"https:\/\/orthodoxalbania.org\/2020\/","logo":{"@type":"ImageObject","inLanguage":"en-US","@id":"https:\/\/orthodoxalbania.org\/2020\/#\/schema\/logo\/image\/","url":"https:\/\/orthodoxalbania.org\/2020\/wp-content\/uploads\/2020\/05\/albania.jpeg","contentUrl":"https:\/\/orthodoxalbania.org\/2020\/wp-content\/uploads\/2020\/05\/albania.jpeg","width":540,"height":540,"caption":"Kisha Orthodhokse Autoqefale e Shqip\u00ebris\u00eb"},"image":{"@id":"https:\/\/orthodoxalbania.org\/2020\/#\/schema\/logo\/image\/"},"sameAs":["https:\/\/www.facebook.com\/koash1991"]},{"@type":"Person","@id":"https:\/\/orthodoxalbania.org\/2020\/#\/schema\/person\/0c387634a7063ac612d7ed9ce71c7e86","name":"Kisha Orthodhokse","image":{"@type":"ImageObject","inLanguage":"en-US","@id":"https:\/\/secure.gravatar.com\/avatar\/596e7c417251e30f2fbb9c00e026fce61a695a00e51c889caded71c96cbbdde5?s=96&d=mm&r=g","url":"https:\/\/secure.gravatar.com\/avatar\/596e7c417251e30f2fbb9c00e026fce61a695a00e51c889caded71c96cbbdde5?s=96&d=mm&r=g","contentUrl":"https:\/\/secure.gravatar.com\/avatar\/596e7c417251e30f2fbb9c00e026fce61a695a00e51c889caded71c96cbbdde5?s=96&d=mm&r=g","caption":"Kisha Orthodhokse"}}]}},"_links":{"self":[{"href":"https:\/\/orthodoxalbania.org\/2020\/wp-json\/wp\/v2\/posts\/1736","targetHints":{"allow":["GET"]}}],"collection":[{"href":"https:\/\/orthodoxalbania.org\/2020\/wp-json\/wp\/v2\/posts"}],"about":[{"href":"https:\/\/orthodoxalbania.org\/2020\/wp-json\/wp\/v2\/types\/post"}],"author":[{"embeddable":true,"href":"https:\/\/orthodoxalbania.org\/2020\/wp-json\/wp\/v2\/users\/1"}],"replies":[{"embeddable":true,"href":"https:\/\/orthodoxalbania.org\/2020\/wp-json\/wp\/v2\/comments?post=1736"}],"version-history":[{"count":1,"href":"https:\/\/orthodoxalbania.org\/2020\/wp-json\/wp\/v2\/posts\/1736\/revisions"}],"predecessor-version":[{"id":15829,"href":"https:\/\/orthodoxalbania.org\/2020\/wp-json\/wp\/v2\/posts\/1736\/revisions\/15829"}],"wp:attachment":[{"href":"https:\/\/orthodoxalbania.org\/2020\/wp-json\/wp\/v2\/media?parent=1736"}],"wp:term":[{"taxonomy":"category","embeddable":true,"href":"https:\/\/orthodoxalbania.org\/2020\/wp-json\/wp\/v2\/categories?post=1736"},{"taxonomy":"post_tag","embeddable":true,"href":"https:\/\/orthodoxalbania.org\/2020\/wp-json\/wp\/v2\/tags?post=1736"}],"curies":[{"name":"wp","href":"https:\/\/api.w.org\/{rel}","templated":true}]}}