{"id":1735,"date":"2013-03-21T10:20:07","date_gmt":"2013-03-21T10:20:07","guid":{"rendered":""},"modified":"2020-04-06T22:31:56","modified_gmt":"2020-04-06T20:31:56","slug":"po-lindet-krishti-koncert-me-muzike-bizantine-per-krishtlindje","status":"publish","type":"post","link":"https:\/\/orthodoxalbania.org\/2020\/2013\/03\/21\/po-lindet-krishti-koncert-me-muzike-bizantine-per-krishtlindje\/","title":{"rendered":"\u201cPo lindet Krishti\u201d, koncert me muzik\u00eb bizantine p\u00ebr Krishtlindje. (20 Dhjetor 2011)"},"content":{"rendered":"<div style=\"text-align: justify;\"><span style=\"color: #000000;\"><span class=\"style10\"><img decoding=\"async\" class=\"lazyload HAa Eha\" style=\"border-width: 1px; border-style: solid; margin: 10px; float: left;\" alt=\"\" src=\"data:image\/svg+xml,%3Csvg%20xmlns%3D%27http%3A%2F%2Fwww.w3.org%2F2000%2Fsvg%27%20width%3D%27165%27%20height%3D%27232%27%20viewBox%3D%270%200%20165%20232%27%3E%3Crect%20width%3D%27165%27%20height%3D%27232%27%20fill-opacity%3D%220%22%2F%3E%3C%2Fsvg%3E\" data-orig-src=\"https:\/\/lh6.googleusercontent.com\/--W7a_4XcGoI\/VAROoiaxGwI\/AAAAAAAACpI\/kEYuT9fHGfQ\/w317-h448-no\/210906_234064743333005_100001884436595_552045_1145480968_o.jpg\" height=\"232\" width=\"165\" \/>&nbsp;&nbsp;&nbsp; <span style=\"font-family: tahoma,geneva,sans-serif;\"><span style=\"font-size: 12px;\">Kori bizantin i Kish\u00ebs Orthodhokse Autoqefale t\u00eb Shqip\u00ebris\u00eb \u201cSh\u00ebn Joan Kukuzeli\u201d, me bekimin dhe p\u00ebrkujdesjen e ve\u00e7ant\u00eb t\u00eb Fortlumturis\u00eb s\u00eb Tij, Kryepiskopit Anastas, interpretoi himne e psalme p\u00ebr Krishtlindje, n\u00eb 20 dhjetor, n\u00eb Katedralen \u201cUngjill\u00ebzimi i Per\u00ebndilind\u00ebses\u201d, n\u00eb Tiran\u00eb. <strong>\u201cPo lindet Krishti\u201d, <\/strong>titullohej koncerti&nbsp; me muzik\u00ebn e bukur bizantine, muzik\u00ebn e engj\u00ebjve, muzik\u00ebn e sh\u00ebn Joan Kukuzelit dhe Krisanthit, ish- Kryepeshkopit t\u00eb Durr\u00ebsit, muzik\u00ebn e qytet\u00ebrimit t\u00eb krishter\u00eb, muzik\u00ebn q\u00eb bashkon tok\u00ebsoret me qielloret, muzik\u00ebn q\u00eb u kultivua pik\u00ebrisht n\u00eb Kish\u00eb.<\/span><\/span><\/span><\/span><\/div>\n<div style=\"text-align: justify;\"> <span style=\"color: #000000;\"><span class=\"style10\"><span style=\"font-family: tahoma,geneva,sans-serif;\"><span style=\"font-size: 12px;\">&nbsp; &nbsp; <\/span><\/span><\/span><span style=\"font-family: tahoma,geneva,sans-serif;\"><span style=\"font-size: 12px;\"><span class=\"style10\">Qindra besimtar\u00eb, nx\u00ebn\u00ebs e student\u00eb t\u00eb ardhur nga disa qytete t\u00eb Shqip\u00ebris\u00eb, mor\u00ebn pjes\u00eb n\u00eb k\u00ebt\u00eb eveniment t\u00eb shum\u00ebpritur. Repertori p\u00ebrfshinte 8 pjes\u00eb muzikore, t\u00eb krijuara nga&nbsp; kompozitor\u00eb t\u00eb periudh\u00ebs bizantine, pasbizantine dhe deri tek ata t\u00eb shek. XX, t\u00eb cilat u paraqit\u00ebn para besimtar\u00ebve p\u00ebr gati 60 minuta. Ve\u00e7antia e k\u00ebtyre pjes\u00ebve muzikore konsistonte n\u00eb faktin se pjes\u00ebt jan\u00eb sjell\u00eb p\u00ebr her\u00eb t\u00eb par\u00eb n\u00eb gjuh\u00ebn shqipe dhe u interpretuan brenda stilit autentik t\u00eb artit psaltik t\u00eb Bizantit. N\u00ebn drejtimin profesional t\u00eb z.Theodhor Peci, koncerti u paraqit me dinjitet dhe la shije pozitive te publiku i pranish\u00ebm, i cili pa me k\u00ebrsh\u00ebri t\u00eb ardhmen premtuese t\u00eb k\u00ebsaj muzike dhe kutlivuesve t\u00eb saj n\u00eb vendin ton\u00eb. Koncerti tregoi vazhdim\u00ebsin\u00eb e nj\u00eb pune serioze n\u00eb p\u00ebrputhje me normat dhe studimet shkencore muzikologjike bizantine si dhe shqip\u00ebrimin, plot\u00ebsimin dhe evidentimin e pasuris\u00eb s\u00eb muzik\u00ebs kishtare bizantine n\u00eb gjuh\u00ebn e bukur shqipe. Kori u themelua nga arkimandrit Justin Anthimiadhi dhe aktivitetet e tij nuk jan\u00eb p\u00ebrq\u00ebndruar vet\u00ebm n\u00eb realizimin e sh\u00ebrbesave fetare, por dhe n\u00eb koncerte e shfaqje n\u00eb gjith\u00eb Shqip\u00ebrin\u00eb. Sipas organizator\u00ebve t\u00eb koncertit, ky kor ka arritur t\u00eb b\u00ebj\u00eb t\u00eb mundur dhe in\u00e7izimin e shtat\u00eb kasetave dhe CD-ve me himne dhe sh\u00ebrbesa t\u00eb ndryshme fetare. N\u00eb fund t\u00eb koncertit, p\u00ebrsh\u00ebndeti edhe Kryepsikopi Anastas, i cili shfaqi entuziazmin e tij p\u00ebr pun\u00ebn e shk\u00eblqyer t\u00eb korit bizantin, duke premtuar se s\u00eb shpejti, n\u00eb projektet e Kish\u00ebs \u00ebsht\u00eb krijimi i nj\u00eb shkolle t\u00eb ve\u00e7ant\u00eb p\u00ebr m\u00ebsimin e muzik\u00ebs bizantine.<\/span><\/span><\/span><\/span><\/div>\n<div style=\"text-align: justify;\">&nbsp;<\/div>\n<div style=\"text-align: justify;\">&nbsp;<\/div>\n<div class=\"style10\" style=\"text-align: right;\"><span style=\"color: #000000;\"><span style=\"font-family: tahoma,geneva,sans-serif;\"><span style=\"font-size: 12px;\"><strong>Isidor Koti<\/strong><\/span><\/span><\/span><\/div>\n<div class=\"style10\" style=\"text-align: justify;\">&nbsp;<\/div>\n<table style=\"width: 725px; height: 851px; margin-right: auto; margin-left: auto;\">\n<tbody>\n<tr>\n<td><span style=\"color: #000000;\"><img decoding=\"async\" class=\"lazyload HAa Eha\" style=\"height: 255px; width: 340px; border-width: 1px; border-style: solid; margin: 10px auto; display: block;\" alt=\"\" src=\"data:image\/gif;base64,R0lGODlhAQABAAAAACH5BAEKAAEALAAAAAABAAEAAAICTAEAOw==\" data-orig-src=\"https:\/\/lh4.googleusercontent.com\/-XyTGVts-aZI\/VAROnfZVrVI\/AAAAAAAACpA\/-on2NU3xZZk\/w448-h336-no\/14%2Bshtator%2B2007%2B092.jpg\" \/><\/span><\/td>\n<td><span style=\"color: #000000;\"><img decoding=\"async\" class=\"lazyload HAa Eha\" style=\"height: 255px; width: 340px; border-width: 1px; border-style: solid; margin: 10px auto; display: block;\" alt=\"\" src=\"data:image\/gif;base64,R0lGODlhAQABAAAAACH5BAEKAAEALAAAAAABAAEAAAICTAEAOw==\" data-orig-src=\"https:\/\/lh5.googleusercontent.com\/-VMZUrlrZAg4\/VAROnNzB2mI\/AAAAAAAACo0\/aONgYrMiqlo\/w448-h336-no\/14%2Bshtator%2B2007%2B099.jpg\" \/><\/span><\/td>\n<\/tr>\n<tr>\n<td><span style=\"color: #000000;\"><img decoding=\"async\" class=\"lazyload HAa Eha\" style=\"height: 255px; width: 340px; border-width: 1px; border-style: solid; margin: 10px auto; display: block;\" alt=\"\" src=\"data:image\/gif;base64,R0lGODlhAQABAAAAACH5BAEKAAEALAAAAAABAAEAAAICTAEAOw==\" data-orig-src=\"https:\/\/lh4.googleusercontent.com\/-QqmrOiLV93E\/VAROnDtK5kI\/AAAAAAAACpQ\/Kg546Z4LKTg\/w448-h336-no\/14%2Bshtator%2B2007%2B112.jpg\" \/><\/span><\/td>\n<td><span style=\"color: #000000;\"><img decoding=\"async\" class=\"lazyload HAa Eha\" style=\"height: 255px; width: 340px; border-width: 1px; border-style: solid; margin: 10px auto; display: block;\" alt=\"\" src=\"data:image\/gif;base64,R0lGODlhAQABAAAAACH5BAEKAAEALAAAAAABAAEAAAICTAEAOw==\" data-orig-src=\"https:\/\/lh5.googleusercontent.com\/-UBj9A-YuIlk\/VAROoTOO95I\/AAAAAAAACpM\/CTQK6Uczv9s\/w448-h336-no\/14%2Bshtator%2B2007%2B118.jpg\" \/><\/span><\/td>\n<\/tr>\n<tr>\n<td><span style=\"color: #000000;\"><img decoding=\"async\" class=\"lazyload HAa Eha\" style=\"height: 255px; width: 340px; border-width: 1px; border-style: solid; margin: 10px auto; display: block;\" alt=\"\" src=\"data:image\/gif;base64,R0lGODlhAQABAAAAACH5BAEKAAEALAAAAAABAAEAAAICTAEAOw==\" data-orig-src=\"https:\/\/lh4.googleusercontent.com\/-0ZxRvI3eqz4\/VAROo9rf89I\/AAAAAAAACpU\/o5-hTJOHfDg\/w448-h336-no\/413656_262912220436639_100001535899852_792624_995776221_o.jpg\" \/><\/span><\/td>\n<td style=\"text-align: justify;\">&nbsp;<\/td>\n<\/tr>\n<\/tbody>\n<\/table>\n","protected":false},"excerpt":{"rendered":"<p>&nbsp;&nbsp;&nbsp; Kori bizantin i Kish\u00ebs Orthodhokse Autoqefale t\u00eb Shqip\u00ebris\u00eb \u201cSh\u00ebn Joan Kukuzeli\u201d, me bekimin dhe p\u00ebrkujdesjen e ve\u00e7ant\u00eb t\u00eb Fortlumturis\u00eb s\u00eb Tij, Kryepiskopit Anastas, interpretoi himne e psalme p\u00ebr Krishtlindje, n\u00eb 20 dhjetor, n\u00eb Katedralen \u201cUngjill\u00ebzimi i Per\u00ebndilind\u00ebses\u201d, n\u00eb Tiran\u00eb. \u201cPo lindet Krishti\u201d, titullohej koncerti&nbsp; me muzik\u00ebn e bukur bizantine, muzik\u00ebn e engj\u00ebjve, muzik\u00ebn e sh\u00ebn Joan Kukuzelit dhe Krisanthit, ish- Kryepeshkopit t\u00eb Durr\u00ebsit, muzik\u00ebn<\/p>\n","protected":false},"author":1,"featured_media":0,"comment_status":"open","ping_status":"open","sticky":false,"template":"","format":"standard","meta":{"_acf_changed":false,"pagelayer_contact_templates":[],"_pagelayer_content":"","inline_featured_image":false,"fifu_image_url":"","fifu_image_alt":"","footnotes":""},"categories":[108],"tags":[143,192,196,212],"class_list":["post-1735","post","type-post","status-publish","format-standard","hentry","category-lajme","tag-143","tag-krishtlindje","tag-tirane","tag-lajme-d27"],"acf":[],"yoast_head":"<!-- This site is optimized with the Yoast SEO plugin v27.2 - https:\/\/yoast.com\/product\/yoast-seo-wordpress\/ -->\n<title>\u201cPo lindet Krishti\u201d, koncert me muzik\u00eb bizantine p\u00ebr Krishtlindje. (20 Dhjetor 2011) - Kisha Orthodh\u03bfkse Autoqefale e Shqip\u00ebris\u00eb<\/title>\n<meta name=\"robots\" content=\"index, follow, max-snippet:-1, max-image-preview:large, max-video-preview:-1\" \/>\n<link rel=\"canonical\" href=\"https:\/\/orthodoxalbania.org\/2020\/2013\/03\/21\/po-lindet-krishti-koncert-me-muzike-bizantine-per-krishtlindje\/\" \/>\n<meta property=\"og:locale\" content=\"en_US\" \/>\n<meta property=\"og:type\" content=\"article\" \/>\n<meta property=\"og:title\" content=\"\u201cPo lindet Krishti\u201d, koncert me muzik\u00eb bizantine p\u00ebr Krishtlindje. (20 Dhjetor 2011) - Kisha Orthodh\u03bfkse Autoqefale e Shqip\u00ebris\u00eb\" \/>\n<meta property=\"og:description\" content=\"&nbsp;&nbsp;&nbsp; Kori bizantin i Kish\u00ebs Orthodhokse Autoqefale t\u00eb Shqip\u00ebris\u00eb \u201cSh\u00ebn Joan Kukuzeli\u201d, me bekimin dhe p\u00ebrkujdesjen e ve\u00e7ant\u00eb t\u00eb Fortlumturis\u00eb s\u00eb Tij, Kryepiskopit Anastas, interpretoi himne e psalme p\u00ebr Krishtlindje, n\u00eb 20 dhjetor, n\u00eb Katedralen \u201cUngjill\u00ebzimi i Per\u00ebndilind\u00ebses\u201d, n\u00eb Tiran\u00eb. \u201cPo lindet Krishti\u201d, titullohej koncerti&nbsp; me muzik\u00ebn e bukur bizantine, muzik\u00ebn e engj\u00ebjve, muzik\u00ebn e sh\u00ebn Joan Kukuzelit dhe Krisanthit, ish- Kryepeshkopit t\u00eb Durr\u00ebsit, muzik\u00ebn\" \/>\n<meta property=\"og:url\" content=\"https:\/\/orthodoxalbania.org\/2020\/2013\/03\/21\/po-lindet-krishti-koncert-me-muzike-bizantine-per-krishtlindje\/\" \/>\n<meta property=\"og:site_name\" content=\"Kisha Orthodh\u03bfkse Autoqefale e Shqip\u00ebris\u00eb\" \/>\n<meta property=\"article:publisher\" content=\"https:\/\/www.facebook.com\/koash1991\" \/>\n<meta property=\"article:published_time\" content=\"2013-03-21T10:20:07+00:00\" \/>\n<meta property=\"article:modified_time\" content=\"2020-04-06T20:31:56+00:00\" \/>\n<meta property=\"og:image\" content=\"https:\/\/lh6.googleusercontent.com\/--W7a_4XcGoI\/VAROoiaxGwI\/AAAAAAAACpI\/kEYuT9fHGfQ\/w317-h448-no\/210906_234064743333005_100001884436595_552045_1145480968_o.jpg\" \/>\n<meta name=\"author\" content=\"Kisha Orthodhokse\" \/>\n<meta name=\"twitter:card\" content=\"summary_large_image\" \/>\n<meta name=\"twitter:label1\" content=\"Written by\" \/>\n\t<meta name=\"twitter:data1\" content=\"Kisha Orthodhokse\" \/>\n\t<meta name=\"twitter:label2\" content=\"Est. reading time\" \/>\n\t<meta name=\"twitter:data2\" content=\"2 minutes\" \/>\n<script type=\"application\/ld+json\" class=\"yoast-schema-graph\">{\"@context\":\"https:\/\/schema.org\",\"@graph\":[{\"@type\":\"Article\",\"@id\":\"https:\/\/orthodoxalbania.org\/2020\/2013\/03\/21\/po-lindet-krishti-koncert-me-muzike-bizantine-per-krishtlindje\/#article\",\"isPartOf\":{\"@id\":\"https:\/\/orthodoxalbania.org\/2020\/2013\/03\/21\/po-lindet-krishti-koncert-me-muzike-bizantine-per-krishtlindje\/\"},\"author\":{\"name\":\"Kisha Orthodhokse\",\"@id\":\"https:\/\/orthodoxalbania.org\/2020\/#\/schema\/person\/0c387634a7063ac612d7ed9ce71c7e86\"},\"headline\":\"\u201cPo lindet Krishti\u201d, koncert me muzik\u00eb bizantine p\u00ebr Krishtlindje. (20 Dhjetor 2011)\",\"datePublished\":\"2013-03-21T10:20:07+00:00\",\"dateModified\":\"2020-04-06T20:31:56+00:00\",\"mainEntityOfPage\":{\"@id\":\"https:\/\/orthodoxalbania.org\/2020\/2013\/03\/21\/po-lindet-krishti-koncert-me-muzike-bizantine-per-krishtlindje\/\"},\"wordCount\":417,\"commentCount\":0,\"publisher\":{\"@id\":\"https:\/\/orthodoxalbania.org\/2020\/#organization\"},\"image\":{\"@id\":\"https:\/\/orthodoxalbania.org\/2020\/2013\/03\/21\/po-lindet-krishti-koncert-me-muzike-bizantine-per-krishtlindje\/#primaryimage\"},\"thumbnailUrl\":\"https:\/\/lh6.googleusercontent.com\/--W7a_4XcGoI\/VAROoiaxGwI\/AAAAAAAACpI\/kEYuT9fHGfQ\/w317-h448-no\/210906_234064743333005_100001884436595_552045_1145480968_o.jpg\",\"keywords\":[\"2011\",\"Krishtlindje\",\"Kryepiskopata Tiran\u00eb\",\"lajme\"],\"articleSection\":[\"Lajme\"],\"inLanguage\":\"en-US\"},{\"@type\":\"WebPage\",\"@id\":\"https:\/\/orthodoxalbania.org\/2020\/2013\/03\/21\/po-lindet-krishti-koncert-me-muzike-bizantine-per-krishtlindje\/\",\"url\":\"https:\/\/orthodoxalbania.org\/2020\/2013\/03\/21\/po-lindet-krishti-koncert-me-muzike-bizantine-per-krishtlindje\/\",\"name\":\"\u201cPo lindet Krishti\u201d, koncert me muzik\u00eb bizantine p\u00ebr Krishtlindje. (20 Dhjetor 2011) - Kisha Orthodh\u03bfkse Autoqefale e Shqip\u00ebris\u00eb\",\"isPartOf\":{\"@id\":\"https:\/\/orthodoxalbania.org\/2020\/#website\"},\"primaryImageOfPage\":{\"@id\":\"https:\/\/orthodoxalbania.org\/2020\/2013\/03\/21\/po-lindet-krishti-koncert-me-muzike-bizantine-per-krishtlindje\/#primaryimage\"},\"image\":{\"@id\":\"https:\/\/orthodoxalbania.org\/2020\/2013\/03\/21\/po-lindet-krishti-koncert-me-muzike-bizantine-per-krishtlindje\/#primaryimage\"},\"thumbnailUrl\":\"https:\/\/lh6.googleusercontent.com\/--W7a_4XcGoI\/VAROoiaxGwI\/AAAAAAAACpI\/kEYuT9fHGfQ\/w317-h448-no\/210906_234064743333005_100001884436595_552045_1145480968_o.jpg\",\"datePublished\":\"2013-03-21T10:20:07+00:00\",\"dateModified\":\"2020-04-06T20:31:56+00:00\",\"breadcrumb\":{\"@id\":\"https:\/\/orthodoxalbania.org\/2020\/2013\/03\/21\/po-lindet-krishti-koncert-me-muzike-bizantine-per-krishtlindje\/#breadcrumb\"},\"inLanguage\":\"en-US\",\"potentialAction\":[{\"@type\":\"ReadAction\",\"target\":[\"https:\/\/orthodoxalbania.org\/2020\/2013\/03\/21\/po-lindet-krishti-koncert-me-muzike-bizantine-per-krishtlindje\/\"]}]},{\"@type\":\"ImageObject\",\"inLanguage\":\"en-US\",\"@id\":\"https:\/\/orthodoxalbania.org\/2020\/2013\/03\/21\/po-lindet-krishti-koncert-me-muzike-bizantine-per-krishtlindje\/#primaryimage\",\"url\":\"https:\/\/lh6.googleusercontent.com\/--W7a_4XcGoI\/VAROoiaxGwI\/AAAAAAAACpI\/kEYuT9fHGfQ\/w317-h448-no\/210906_234064743333005_100001884436595_552045_1145480968_o.jpg\",\"contentUrl\":\"https:\/\/lh6.googleusercontent.com\/--W7a_4XcGoI\/VAROoiaxGwI\/AAAAAAAACpI\/kEYuT9fHGfQ\/w317-h448-no\/210906_234064743333005_100001884436595_552045_1145480968_o.jpg\"},{\"@type\":\"BreadcrumbList\",\"@id\":\"https:\/\/orthodoxalbania.org\/2020\/2013\/03\/21\/po-lindet-krishti-koncert-me-muzike-bizantine-per-krishtlindje\/#breadcrumb\",\"itemListElement\":[{\"@type\":\"ListItem\",\"position\":1,\"name\":\"Home\",\"item\":\"https:\/\/orthodoxalbania.org\/2020\/\"},{\"@type\":\"ListItem\",\"position\":2,\"name\":\"\u201cPo lindet Krishti\u201d, koncert me muzik\u00eb bizantine p\u00ebr Krishtlindje. (20 Dhjetor 2011)\"}]},{\"@type\":\"WebSite\",\"@id\":\"https:\/\/orthodoxalbania.org\/2020\/#website\",\"url\":\"https:\/\/orthodoxalbania.org\/2020\/\",\"name\":\"Kisha Orthodh\u03bfkse Autoqefale e Shqip\u00ebris\u00eb\",\"description\":\"Fqja Zyrtare e Kish\u00ebs Orthodhokse Autoqefale e Shqip\u00ebris\u00eb me lajmet edhe informacionet zyrtare p\u00ebr struktur\u00ebn edhe veprimtarin e saj.\",\"publisher\":{\"@id\":\"https:\/\/orthodoxalbania.org\/2020\/#organization\"},\"potentialAction\":[{\"@type\":\"SearchAction\",\"target\":{\"@type\":\"EntryPoint\",\"urlTemplate\":\"https:\/\/orthodoxalbania.org\/2020\/?s={search_term_string}\"},\"query-input\":{\"@type\":\"PropertyValueSpecification\",\"valueRequired\":true,\"valueName\":\"search_term_string\"}}],\"inLanguage\":\"en-US\"},{\"@type\":\"Organization\",\"@id\":\"https:\/\/orthodoxalbania.org\/2020\/#organization\",\"name\":\"Kisha Orthodhokse Autoqefale e Shqip\u00ebris\u00eb\",\"url\":\"https:\/\/orthodoxalbania.org\/2020\/\",\"logo\":{\"@type\":\"ImageObject\",\"inLanguage\":\"en-US\",\"@id\":\"https:\/\/orthodoxalbania.org\/2020\/#\/schema\/logo\/image\/\",\"url\":\"https:\/\/orthodoxalbania.org\/2020\/wp-content\/uploads\/2020\/05\/albania.jpeg\",\"contentUrl\":\"https:\/\/orthodoxalbania.org\/2020\/wp-content\/uploads\/2020\/05\/albania.jpeg\",\"width\":540,\"height\":540,\"caption\":\"Kisha Orthodhokse Autoqefale e Shqip\u00ebris\u00eb\"},\"image\":{\"@id\":\"https:\/\/orthodoxalbania.org\/2020\/#\/schema\/logo\/image\/\"},\"sameAs\":[\"https:\/\/www.facebook.com\/koash1991\"]},{\"@type\":\"Person\",\"@id\":\"https:\/\/orthodoxalbania.org\/2020\/#\/schema\/person\/0c387634a7063ac612d7ed9ce71c7e86\",\"name\":\"Kisha Orthodhokse\",\"image\":{\"@type\":\"ImageObject\",\"inLanguage\":\"en-US\",\"@id\":\"https:\/\/secure.gravatar.com\/avatar\/596e7c417251e30f2fbb9c00e026fce61a695a00e51c889caded71c96cbbdde5?s=96&d=mm&r=g\",\"url\":\"https:\/\/secure.gravatar.com\/avatar\/596e7c417251e30f2fbb9c00e026fce61a695a00e51c889caded71c96cbbdde5?s=96&d=mm&r=g\",\"contentUrl\":\"https:\/\/secure.gravatar.com\/avatar\/596e7c417251e30f2fbb9c00e026fce61a695a00e51c889caded71c96cbbdde5?s=96&d=mm&r=g\",\"caption\":\"Kisha Orthodhokse\"}}]}<\/script>\n<!-- \/ Yoast SEO plugin. -->","yoast_head_json":{"title":"\u201cPo lindet Krishti\u201d, koncert me muzik\u00eb bizantine p\u00ebr Krishtlindje. (20 Dhjetor 2011) - Kisha Orthodh\u03bfkse Autoqefale e Shqip\u00ebris\u00eb","robots":{"index":"index","follow":"follow","max-snippet":"max-snippet:-1","max-image-preview":"max-image-preview:large","max-video-preview":"max-video-preview:-1"},"canonical":"https:\/\/orthodoxalbania.org\/2020\/2013\/03\/21\/po-lindet-krishti-koncert-me-muzike-bizantine-per-krishtlindje\/","og_locale":"en_US","og_type":"article","og_title":"\u201cPo lindet Krishti\u201d, koncert me muzik\u00eb bizantine p\u00ebr Krishtlindje. (20 Dhjetor 2011) - Kisha Orthodh\u03bfkse Autoqefale e Shqip\u00ebris\u00eb","og_description":"&nbsp;&nbsp;&nbsp; Kori bizantin i Kish\u00ebs Orthodhokse Autoqefale t\u00eb Shqip\u00ebris\u00eb \u201cSh\u00ebn Joan Kukuzeli\u201d, me bekimin dhe p\u00ebrkujdesjen e ve\u00e7ant\u00eb t\u00eb Fortlumturis\u00eb s\u00eb Tij, Kryepiskopit Anastas, interpretoi himne e psalme p\u00ebr Krishtlindje, n\u00eb 20 dhjetor, n\u00eb Katedralen \u201cUngjill\u00ebzimi i Per\u00ebndilind\u00ebses\u201d, n\u00eb Tiran\u00eb. \u201cPo lindet Krishti\u201d, titullohej koncerti&nbsp; me muzik\u00ebn e bukur bizantine, muzik\u00ebn e engj\u00ebjve, muzik\u00ebn e sh\u00ebn Joan Kukuzelit dhe Krisanthit, ish- Kryepeshkopit t\u00eb Durr\u00ebsit, muzik\u00ebn","og_url":"https:\/\/orthodoxalbania.org\/2020\/2013\/03\/21\/po-lindet-krishti-koncert-me-muzike-bizantine-per-krishtlindje\/","og_site_name":"Kisha Orthodh\u03bfkse Autoqefale e Shqip\u00ebris\u00eb","article_publisher":"https:\/\/www.facebook.com\/koash1991","article_published_time":"2013-03-21T10:20:07+00:00","article_modified_time":"2020-04-06T20:31:56+00:00","og_image":[{"url":"https:\/\/lh6.googleusercontent.com\/--W7a_4XcGoI\/VAROoiaxGwI\/AAAAAAAACpI\/kEYuT9fHGfQ\/w317-h448-no\/210906_234064743333005_100001884436595_552045_1145480968_o.jpg","type":"","width":"","height":""}],"author":"Kisha Orthodhokse","twitter_card":"summary_large_image","twitter_misc":{"Written by":"Kisha Orthodhokse","Est. reading time":"2 minutes"},"schema":{"@context":"https:\/\/schema.org","@graph":[{"@type":"Article","@id":"https:\/\/orthodoxalbania.org\/2020\/2013\/03\/21\/po-lindet-krishti-koncert-me-muzike-bizantine-per-krishtlindje\/#article","isPartOf":{"@id":"https:\/\/orthodoxalbania.org\/2020\/2013\/03\/21\/po-lindet-krishti-koncert-me-muzike-bizantine-per-krishtlindje\/"},"author":{"name":"Kisha Orthodhokse","@id":"https:\/\/orthodoxalbania.org\/2020\/#\/schema\/person\/0c387634a7063ac612d7ed9ce71c7e86"},"headline":"\u201cPo lindet Krishti\u201d, koncert me muzik\u00eb bizantine p\u00ebr Krishtlindje. (20 Dhjetor 2011)","datePublished":"2013-03-21T10:20:07+00:00","dateModified":"2020-04-06T20:31:56+00:00","mainEntityOfPage":{"@id":"https:\/\/orthodoxalbania.org\/2020\/2013\/03\/21\/po-lindet-krishti-koncert-me-muzike-bizantine-per-krishtlindje\/"},"wordCount":417,"commentCount":0,"publisher":{"@id":"https:\/\/orthodoxalbania.org\/2020\/#organization"},"image":{"@id":"https:\/\/orthodoxalbania.org\/2020\/2013\/03\/21\/po-lindet-krishti-koncert-me-muzike-bizantine-per-krishtlindje\/#primaryimage"},"thumbnailUrl":"https:\/\/lh6.googleusercontent.com\/--W7a_4XcGoI\/VAROoiaxGwI\/AAAAAAAACpI\/kEYuT9fHGfQ\/w317-h448-no\/210906_234064743333005_100001884436595_552045_1145480968_o.jpg","keywords":["2011","Krishtlindje","Kryepiskopata Tiran\u00eb","lajme"],"articleSection":["Lajme"],"inLanguage":"en-US"},{"@type":"WebPage","@id":"https:\/\/orthodoxalbania.org\/2020\/2013\/03\/21\/po-lindet-krishti-koncert-me-muzike-bizantine-per-krishtlindje\/","url":"https:\/\/orthodoxalbania.org\/2020\/2013\/03\/21\/po-lindet-krishti-koncert-me-muzike-bizantine-per-krishtlindje\/","name":"\u201cPo lindet Krishti\u201d, koncert me muzik\u00eb bizantine p\u00ebr Krishtlindje. (20 Dhjetor 2011) - Kisha Orthodh\u03bfkse Autoqefale e Shqip\u00ebris\u00eb","isPartOf":{"@id":"https:\/\/orthodoxalbania.org\/2020\/#website"},"primaryImageOfPage":{"@id":"https:\/\/orthodoxalbania.org\/2020\/2013\/03\/21\/po-lindet-krishti-koncert-me-muzike-bizantine-per-krishtlindje\/#primaryimage"},"image":{"@id":"https:\/\/orthodoxalbania.org\/2020\/2013\/03\/21\/po-lindet-krishti-koncert-me-muzike-bizantine-per-krishtlindje\/#primaryimage"},"thumbnailUrl":"https:\/\/lh6.googleusercontent.com\/--W7a_4XcGoI\/VAROoiaxGwI\/AAAAAAAACpI\/kEYuT9fHGfQ\/w317-h448-no\/210906_234064743333005_100001884436595_552045_1145480968_o.jpg","datePublished":"2013-03-21T10:20:07+00:00","dateModified":"2020-04-06T20:31:56+00:00","breadcrumb":{"@id":"https:\/\/orthodoxalbania.org\/2020\/2013\/03\/21\/po-lindet-krishti-koncert-me-muzike-bizantine-per-krishtlindje\/#breadcrumb"},"inLanguage":"en-US","potentialAction":[{"@type":"ReadAction","target":["https:\/\/orthodoxalbania.org\/2020\/2013\/03\/21\/po-lindet-krishti-koncert-me-muzike-bizantine-per-krishtlindje\/"]}]},{"@type":"ImageObject","inLanguage":"en-US","@id":"https:\/\/orthodoxalbania.org\/2020\/2013\/03\/21\/po-lindet-krishti-koncert-me-muzike-bizantine-per-krishtlindje\/#primaryimage","url":"https:\/\/lh6.googleusercontent.com\/--W7a_4XcGoI\/VAROoiaxGwI\/AAAAAAAACpI\/kEYuT9fHGfQ\/w317-h448-no\/210906_234064743333005_100001884436595_552045_1145480968_o.jpg","contentUrl":"https:\/\/lh6.googleusercontent.com\/--W7a_4XcGoI\/VAROoiaxGwI\/AAAAAAAACpI\/kEYuT9fHGfQ\/w317-h448-no\/210906_234064743333005_100001884436595_552045_1145480968_o.jpg"},{"@type":"BreadcrumbList","@id":"https:\/\/orthodoxalbania.org\/2020\/2013\/03\/21\/po-lindet-krishti-koncert-me-muzike-bizantine-per-krishtlindje\/#breadcrumb","itemListElement":[{"@type":"ListItem","position":1,"name":"Home","item":"https:\/\/orthodoxalbania.org\/2020\/"},{"@type":"ListItem","position":2,"name":"\u201cPo lindet Krishti\u201d, koncert me muzik\u00eb bizantine p\u00ebr Krishtlindje. (20 Dhjetor 2011)"}]},{"@type":"WebSite","@id":"https:\/\/orthodoxalbania.org\/2020\/#website","url":"https:\/\/orthodoxalbania.org\/2020\/","name":"Kisha Orthodh\u03bfkse Autoqefale e Shqip\u00ebris\u00eb","description":"Fqja Zyrtare e Kish\u00ebs Orthodhokse Autoqefale e Shqip\u00ebris\u00eb me lajmet edhe informacionet zyrtare p\u00ebr struktur\u00ebn edhe veprimtarin e saj.","publisher":{"@id":"https:\/\/orthodoxalbania.org\/2020\/#organization"},"potentialAction":[{"@type":"SearchAction","target":{"@type":"EntryPoint","urlTemplate":"https:\/\/orthodoxalbania.org\/2020\/?s={search_term_string}"},"query-input":{"@type":"PropertyValueSpecification","valueRequired":true,"valueName":"search_term_string"}}],"inLanguage":"en-US"},{"@type":"Organization","@id":"https:\/\/orthodoxalbania.org\/2020\/#organization","name":"Kisha Orthodhokse Autoqefale e Shqip\u00ebris\u00eb","url":"https:\/\/orthodoxalbania.org\/2020\/","logo":{"@type":"ImageObject","inLanguage":"en-US","@id":"https:\/\/orthodoxalbania.org\/2020\/#\/schema\/logo\/image\/","url":"https:\/\/orthodoxalbania.org\/2020\/wp-content\/uploads\/2020\/05\/albania.jpeg","contentUrl":"https:\/\/orthodoxalbania.org\/2020\/wp-content\/uploads\/2020\/05\/albania.jpeg","width":540,"height":540,"caption":"Kisha Orthodhokse Autoqefale e Shqip\u00ebris\u00eb"},"image":{"@id":"https:\/\/orthodoxalbania.org\/2020\/#\/schema\/logo\/image\/"},"sameAs":["https:\/\/www.facebook.com\/koash1991"]},{"@type":"Person","@id":"https:\/\/orthodoxalbania.org\/2020\/#\/schema\/person\/0c387634a7063ac612d7ed9ce71c7e86","name":"Kisha Orthodhokse","image":{"@type":"ImageObject","inLanguage":"en-US","@id":"https:\/\/secure.gravatar.com\/avatar\/596e7c417251e30f2fbb9c00e026fce61a695a00e51c889caded71c96cbbdde5?s=96&d=mm&r=g","url":"https:\/\/secure.gravatar.com\/avatar\/596e7c417251e30f2fbb9c00e026fce61a695a00e51c889caded71c96cbbdde5?s=96&d=mm&r=g","contentUrl":"https:\/\/secure.gravatar.com\/avatar\/596e7c417251e30f2fbb9c00e026fce61a695a00e51c889caded71c96cbbdde5?s=96&d=mm&r=g","caption":"Kisha Orthodhokse"}}]}},"_links":{"self":[{"href":"https:\/\/orthodoxalbania.org\/2020\/wp-json\/wp\/v2\/posts\/1735","targetHints":{"allow":["GET"]}}],"collection":[{"href":"https:\/\/orthodoxalbania.org\/2020\/wp-json\/wp\/v2\/posts"}],"about":[{"href":"https:\/\/orthodoxalbania.org\/2020\/wp-json\/wp\/v2\/types\/post"}],"author":[{"embeddable":true,"href":"https:\/\/orthodoxalbania.org\/2020\/wp-json\/wp\/v2\/users\/1"}],"replies":[{"embeddable":true,"href":"https:\/\/orthodoxalbania.org\/2020\/wp-json\/wp\/v2\/comments?post=1735"}],"version-history":[{"count":1,"href":"https:\/\/orthodoxalbania.org\/2020\/wp-json\/wp\/v2\/posts\/1735\/revisions"}],"predecessor-version":[{"id":15352,"href":"https:\/\/orthodoxalbania.org\/2020\/wp-json\/wp\/v2\/posts\/1735\/revisions\/15352"}],"wp:attachment":[{"href":"https:\/\/orthodoxalbania.org\/2020\/wp-json\/wp\/v2\/media?parent=1735"}],"wp:term":[{"taxonomy":"category","embeddable":true,"href":"https:\/\/orthodoxalbania.org\/2020\/wp-json\/wp\/v2\/categories?post=1735"},{"taxonomy":"post_tag","embeddable":true,"href":"https:\/\/orthodoxalbania.org\/2020\/wp-json\/wp\/v2\/tags?post=1735"}],"curies":[{"name":"wp","href":"https:\/\/api.w.org\/{rel}","templated":true}]}}