{"id":1733,"date":"2013-03-22T10:40:01","date_gmt":"2013-03-22T10:40:01","guid":{"rendered":""},"modified":"2020-04-06T22:05:47","modified_gmt":"2020-04-06T20:05:47","slug":"java-e-marteses-nje-veprimtari-qe-perfshiu-edhe-kishen-tone","status":"publish","type":"post","link":"https:\/\/orthodoxalbania.org\/2020\/2013\/03\/22\/java-e-marteses-nje-veprimtari-qe-perfshiu-edhe-kishen-tone\/","title":{"rendered":"\u201cJava e Martes\u00ebs\u201d, nj\u00eb veprimtari q\u00eb p\u00ebrfshiu edhe Kish\u00ebn ton\u00eb. (Shkurt 2013)"},"content":{"rendered":"<div style=\"text-align: justify;\"><span style=\"font-size: 12px;\"><span style=\"font-family: tahoma,geneva,sans-serif;\"><img class=\"lazyload\" decoding=\"async\" style=\"width: 200px; height: 199px; border-width: 1px; border-style: solid; margin: 10px; float: left;\" alt=\"\" src=\"data:image\/gif;base64,R0lGODlhAQABAAAAACH5BAEKAAEALAAAAAABAAEAAAICTAEAOw==\" data-orig-src=\"https:\/\/lh5.googleusercontent.com\/-OH8bdM7P-no\/URtiuT-YKdI\/AAAAAAAAB9g\/_iXbCaihti4\/s640\/_DSC1091.JPG\" \/>&nbsp;<span style=\"color: #000000;\">&nbsp;&nbsp; \u201cJava e Martes\u00ebs\u201d \u00ebsht\u00eb nj\u00eb l\u00ebvizje nd\u00ebrkomb\u00ebtare e krishter\u00eb e p\u00ebrhapur n\u00eb 25 vende, duke p\u00ebrfshir\u00eb edhe vendin ton\u00eb. Rreth 2 milion njer\u00ebz, nga 20 vende t\u00eb kontinentit, mor\u00ebn pjes\u00eb n\u00eb aktivitetet e zhvilluara n\u00eb kuad\u00ebr t\u00eb saj. N\u00eb k\u00ebto veprimtari u p\u00ebrfshin\u00eb aktivisht edhe besimtar\u00ebt orthodhoks\u00eb, p\u00ebr t\u00eb afirmuar vlerat dhe r\u00ebnd\u00ebsin\u00eb e saj. N\u00eb Kish\u00ebn ton\u00eb martesa \u00ebsht\u00eb nj\u00eb nga shtat\u00eb misteret kryesore dhe vazhdimisht besimtar\u00ebt thirren q\u00eb t\u00eb ken\u00eb nj\u00eb martes\u00eb si\u00e7 Per\u00ebndia e ka themeluar q\u00eb ajo t\u00eb jet\u00eb.<\/span><\/span><\/span><\/div>\n<div style=\"text-align: justify;\"> <span style=\"font-size: 12px;\"><span style=\"font-family: tahoma,geneva,sans-serif;\"><span style=\"color: #000000;\">&nbsp;&nbsp;&nbsp; Gjat\u00eb fundjav\u00ebs q\u00eb kaloi (9-10 shkurt 2013), me bekimin e Kryepiskopit Anastas u zhvilluan disa veprimtari n\u00eb k\u00ebt\u00eb kuad\u00ebr. Nj\u00eb aktivitet i till\u00eb u b\u00eb n\u00eb Manastirin e ri t\u00eb Sh\u00ebn Vlashit, ku t\u00eb rinjt\u00eb nga Tirana, Durr\u00ebsi dhe student\u00ebt e Akademis\u00eb Theologjike mor\u00ebn pjes\u00eb n\u00eb nj\u00eb trajnim nj\u00ebditor. Programi ishte mjaft i larmish\u00ebm dhe t\u00eb gjith\u00eb mor\u00ebn t\u00eb qart\u00eb mesazhin se martesa duhet t\u00eb ket\u00eb n\u00eb qend\u00ebr t\u00eb saj Per\u00ebndin\u00eb dhe p\u00ebrkushtimin tek nj\u00ebri-tjetri.<\/span><\/span><\/span><\/div>\n<div style=\"text-align: justify;\"> <span style=\"font-size: 12px;\"><span style=\"font-family: tahoma,geneva,sans-serif;\"><span style=\"color: #000000;\">&nbsp;&nbsp;&nbsp; Aktivitet n\u00eb kuad\u00ebr t\u00eb \u201cJav\u00ebs s\u00eb Martes\u00ebs\u201d u zhvillua edhe n\u00eb Durr\u00ebs, t\u00eb diel\u00ebn, 10 shkurt, n\u00eb kish\u00ebn e Apostull Pavlit dhe Sh\u00ebn Astit, me \u00e7iftet e martuara, t\u00eb cilat pas Liturgjis\u00eb Hyjnore u mblodh\u00ebn dhe ndan\u00eb s\u00eb bashku r\u00ebnd\u00ebsin\u00eb dhe bukurin\u00eb e martes\u00ebs. Edhe predikimi n\u00eb Liturgjin\u00eb Hyjnore e s\u00eb diel\u00ebs u fokusua pik\u00ebrisht mbi r\u00ebnd\u00ebsin\u00eb e k\u00ebtij misteri t\u00eb madh. Hir\u00ebsi Nikolla theksoi para besimtar\u00ebve bukurin\u00eb dhe madh\u00ebshtin\u00eb e martes\u00ebs, si edhe p\u00ebrpjekjen dhe p\u00ebrkushtimin serioz q\u00eb ajo k\u00ebrkon.<\/span><\/span><\/span><\/div>\n<div style=\"text-align: justify;\"> <span style=\"font-size: 12px;\"><span style=\"font-family: tahoma,geneva,sans-serif;\"><span style=\"color: #000000;\">&nbsp;&nbsp;&nbsp; Po t\u00eb diel\u00ebn, 10 shkurt, pas Liturgjis\u00eb, edhe n\u00eb Tiran\u00eb&nbsp; u mblodh\u00ebn s\u00eb bashku shum\u00eb \u00e7ifte t\u00eb martuara, n\u00eb aktivitetin e organizuar te Qendra Kulturore e Katedrales \u201cNgjallja e Krishtit\u201d. At\u00eb Jani Trebicka u foli atyre p\u00ebr martes\u00ebn nga pik\u00ebpamja e krishter\u00eb orthodhokse, si edhe r\u00ebnd\u00ebsin\u00eb q\u00eb ajo ka p\u00ebr harmonin\u00eb e \u00e7iftit dhe rritjen e f\u00ebmij\u00ebve.<\/span><\/span><\/span><\/div>\n<div style=\"text-align: justify;\"> <span style=\"font-size: 12px;\"><span style=\"font-family: tahoma,geneva,sans-serif;\"><span style=\"color: #000000;\">&nbsp;&nbsp;&nbsp; N\u00eb veprimtari mori pjes\u00eb edhe Kryepiskopi Anastas, i cili tha se kjo jav\u00eb ka nj\u00eb r\u00ebnd\u00ebsi t\u00eb ve\u00e7ant\u00eb n\u00eb t\u00eb gjith\u00eb Evrop\u00ebn, ku aktivitete nga m\u00eb t\u00eb ndryshmet organizohen n\u00eb shum\u00eb vende, p\u00ebr t\u00eb theksuar r\u00ebnd\u00ebsin\u00eb e p\u00ebrkushtimit n\u00eb martes\u00ebs. Kryepiskopi theksoi gjithashtu r\u00ebnd\u00ebsin\u00eb e pjes\u00ebmarrjes s\u00eb familjes n\u00eb jet\u00ebn liturgjike, si nj\u00eb burim jet\u00ebdh\u00ebn\u00ebs n\u00eb martes\u00eb.<\/span><\/span><\/span><\/div>\n<div style=\"text-align: justify;\"> <span style=\"font-size: 12px;\"><span style=\"font-family: tahoma,geneva,sans-serif;\"><span style=\"color: #000000;\">\u00c7iftet pjes\u00ebmarr\u00ebs pat\u00ebn mund\u00ebsin\u00eb t\u00eb kalonin disa \u00e7aste t\u00eb bukura n\u00eb sall\u00ebn e zbukuruar t\u00eb Katedrales dhe gjith\u00e7ka q\u00eb n\u00eb k\u00ebt\u00eb veprimtari i nxiti t\u00eb reflektojn\u00eb dhe meditojn\u00eb edhe m\u00eb shum\u00eb mbi p\u00ebrkushtimin n\u00eb martes\u00eb.<\/span><\/span><\/span><\/div>\n<div style=\"text-align: justify;\"> <span style=\"font-size: 12px;\"><span style=\"font-family: tahoma,geneva,sans-serif;\"><span style=\"color: #000000;\">&nbsp;&nbsp; &nbsp;T\u00eb gjith\u00eb pjes\u00ebmarr\u00ebsit n\u00eb k\u00ebto aktivitete mor\u00ebn materialet e p\u00ebrgatitura mbi martes\u00ebn. Gjithashtu, p\u00ebr t\u00eb gjith\u00eb t\u00eb interesuarit, Radio \u201cNgjallja\u201d (FM. 88.5), ofroi dhe ofron gjat\u00eb gjith\u00eb k\u00ebsaj jave, deri m\u00eb 14 shkurt, emisione mbi k\u00ebt\u00eb tem\u00eb.<\/span><\/span><\/span><\/div>\n<div style=\"text-align: right;\">\n<p> <span style=\"font-size: 12px;\"><span style=\"font-family: tahoma,geneva,sans-serif;\"><span style=\"color: #000000;\"><strong>Ana Meni<\/strong><\/span><\/span><\/span><\/div>\n<p>&nbsp;<\/p>\n<p style=\"margin: 12px auto 6px auto; font-family: Helvetica,Arial,Sans-serif; font-style: normal; font-variant: normal; font-weight: normal; font-size: 14px; line-height: normal; font-size-adjust: none; font-stretch: normal; -x-system-font: none; display: block;\"><span style=\"font-size: 12px;\"><span style=\"font-family: tahoma,geneva,sans-serif;\"><a href=\"http:\/\/www.scribd.com\/doc\/125301703\/Biseda-mbi-martes-%CF%84n\" style=\"text-decoration: underline;\" title=\"View Biseda mbi martes \u03c4n on Scribd\">Biseda mbi martes \u03c4n<\/a> <span style=\"color: #000000;\">by<\/span> <a href=\"http:\/\/www.scribd.com\/KishaOrthodhokse\" style=\"text-decoration: underline;\" title=\"View KishaOrthodhokse's profile on Scribd\">KishaOrthodhokse<\/a><\/span><\/span><\/p>\n<p>&nbsp;<\/p>\n<p style=\"margin: 12px auto 6px auto; font-family: Helvetica,Arial,Sans-serif; font-style: normal; font-variant: normal; font-weight: normal; font-size: 14px; line-height: normal; font-size-adjust: none; font-stretch: normal; -x-system-font: none; display: block;\"><span style=\"font-size: 12px;\"><span style=\"font-family: tahoma,geneva,sans-serif;\"><a href=\"http:\/\/www.scribd.com\/doc\/125301700\/Shoq-%CF%84ri-dashurie\" style=\"text-decoration: underline;\" title=\"View Shoq \u03c4ri dashurie on Scribd\">Shoq \u03c4ri dashurie<\/a> <span style=\"color: #000000;\">by<\/span> <a href=\"http:\/\/www.scribd.com\/KishaOrthodhokse\" style=\"text-decoration: underline;\" title=\"View KishaOrthodhokse's profile on Scribd\">KishaOrthodhokse<\/a><\/span><\/span><\/p>\n<p>&nbsp;<\/p>\n<p style=\"margin: 12px auto 6px auto; font-family: Helvetica,Arial,Sans-serif; font-style: normal; font-variant: normal; font-weight: normal; font-size: 14px; line-height: normal; font-size-adjust: none; font-stretch: normal; -x-system-font: none; display: block;\"><span style=\"font-size: 12px;\"><span style=\"font-family: tahoma,geneva,sans-serif;\"><a href=\"http:\/\/www.scribd.com\/doc\/125301699\/MBI-MARTESEN\" style=\"text-decoration: underline;\" title=\"View MBI MARTESEN on Scribd\">MBI MARTESEN<\/a> <span style=\"color: #000000;\">by<\/span> <a href=\"http:\/\/www.scribd.com\/KishaOrthodhokse\" style=\"text-decoration: underline;\" title=\"View KishaOrthodhokse's profile on Scribd\">KishaOrthodhokse<\/a><\/span><\/span><\/p>\n<p>&nbsp;<\/p>\n<p><span style=\"font-size: 12px;\"><span style=\"font-family: tahoma,geneva,sans-serif;\"><img class=\"lazyload\" decoding=\"async\" style=\"width: 576px; height: 508px; border-width: 1px; border-style: solid; margin: 10px;\" alt=\"\" src=\"data:image\/gif;base64,R0lGODlhAQABAAAAACH5BAEKAAEALAAAAAABAAEAAAICTAEAOw==\" data-orig-src=\"https:\/\/lh5.googleusercontent.com\/-TJJegZHO_X0\/URtiKbzsNOI\/AAAAAAAAB9Q\/cVg6PzMLE1Y\/s576\/_DSC1100.JPG\" \/><\/span><\/span><\/p>\n<p><span style=\"font-size: 12px;\"><span style=\"font-family: tahoma,geneva,sans-serif;\"><img class=\"lazyload\" decoding=\"async\" style=\"width: 600px; height: 398px; border-width: 1px; border-style: solid; margin: 10px; float: left;\" alt=\"\" src=\"data:image\/gif;base64,R0lGODlhAQABAAAAACH5BAEKAAEALAAAAAABAAEAAAICTAEAOw==\" data-orig-src=\"https:\/\/lh4.googleusercontent.com\/-qXdUQJLfhaM\/URtiwW8jCJI\/AAAAAAAAB9o\/dUF1QPKAQA8\/s640\/_DSC1106.JPG\" \/><\/span><\/span><\/p>\n<p><span style=\"font-size: 12px;\"><span style=\"font-family: tahoma,geneva,sans-serif;\"><img class=\"lazyload\" decoding=\"async\" style=\"width: 600px; height: 398px; border-width: 1px; border-style: solid; margin: 10px; float: left;\" alt=\"\" src=\"data:image\/gif;base64,R0lGODlhAQABAAAAACH5BAEKAAEALAAAAAABAAEAAAICTAEAOw==\" data-orig-src=\"https:\/\/lh5.googleusercontent.com\/-OH8bdM7P-no\/URtiuT-YKdI\/AAAAAAAAB9g\/_iXbCaihti4\/s640\/_DSC1091.JPG\" \/><\/span><\/span><\/p>\n<p>&nbsp;<\/p>\n<p> &nbsp;<\/p>\n<p>&nbsp;<\/p>\n<p>&nbsp;<\/p>\n<p>&nbsp;<\/p>\n<p>&nbsp;<\/p>\n<p>&nbsp;<\/p>\n","protected":false},"excerpt":{"rendered":"<p>&nbsp;&nbsp;&nbsp; \u201cJava e Martes\u00ebs\u201d \u00ebsht\u00eb nj\u00eb l\u00ebvizje nd\u00ebrkomb\u00ebtare e krishter\u00eb e p\u00ebrhapur n\u00eb 25 vende, duke p\u00ebrfshir\u00eb edhe vendin ton\u00eb. Rreth 2 milion njer\u00ebz, nga 20 vende t\u00eb kontinentit, mor\u00ebn pjes\u00eb n\u00eb aktivitetet e zhvilluara n\u00eb kuad\u00ebr t\u00eb saj. N\u00eb k\u00ebto veprimtari u p\u00ebrfshin\u00eb aktivisht edhe besimtar\u00ebt orthodhoks\u00eb, p\u00ebr t\u00eb afirmuar vlerat dhe r\u00ebnd\u00ebsin\u00eb e saj. N\u00eb Kish\u00ebn ton\u00eb martesa \u00ebsht\u00eb nj\u00eb nga shtat\u00eb misteret<\/p>\n","protected":false},"author":1,"featured_media":0,"comment_status":"open","ping_status":"open","sticky":false,"template":"","format":"standard","meta":{"_acf_changed":false,"pagelayer_contact_templates":[],"_pagelayer_content":"","inline_featured_image":false,"fifu_image_url":"","fifu_image_alt":"","footnotes":""},"categories":[108],"tags":[141,154,196,201,212],"class_list":["post-1733","post","type-post","status-publish","format-standard","hentry","category-lajme","tag-141","tag-aktivitete","tag-tirane","tag-kryepiskopi-anastas","tag-lajme-d27"],"acf":[],"yoast_head":"<!-- This site is optimized with the Yoast SEO plugin v27.2 - https:\/\/yoast.com\/product\/yoast-seo-wordpress\/ -->\n<title>\u201cJava e Martes\u00ebs\u201d, nj\u00eb veprimtari q\u00eb p\u00ebrfshiu edhe Kish\u00ebn ton\u00eb. (Shkurt 2013) - Kisha Orthodh\u03bfkse Autoqefale e Shqip\u00ebris\u00eb<\/title>\n<meta name=\"robots\" content=\"index, follow, max-snippet:-1, max-image-preview:large, max-video-preview:-1\" \/>\n<link rel=\"canonical\" href=\"https:\/\/orthodoxalbania.org\/2020\/2013\/03\/22\/java-e-marteses-nje-veprimtari-qe-perfshiu-edhe-kishen-tone\/\" \/>\n<meta property=\"og:locale\" content=\"en_US\" \/>\n<meta property=\"og:type\" content=\"article\" \/>\n<meta property=\"og:title\" content=\"\u201cJava e Martes\u00ebs\u201d, nj\u00eb veprimtari q\u00eb p\u00ebrfshiu edhe Kish\u00ebn ton\u00eb. (Shkurt 2013) - Kisha Orthodh\u03bfkse Autoqefale e Shqip\u00ebris\u00eb\" \/>\n<meta property=\"og:description\" content=\"&nbsp;&nbsp;&nbsp; \u201cJava e Martes\u00ebs\u201d \u00ebsht\u00eb nj\u00eb l\u00ebvizje nd\u00ebrkomb\u00ebtare e krishter\u00eb e p\u00ebrhapur n\u00eb 25 vende, duke p\u00ebrfshir\u00eb edhe vendin ton\u00eb. Rreth 2 milion njer\u00ebz, nga 20 vende t\u00eb kontinentit, mor\u00ebn pjes\u00eb n\u00eb aktivitetet e zhvilluara n\u00eb kuad\u00ebr t\u00eb saj. N\u00eb k\u00ebto veprimtari u p\u00ebrfshin\u00eb aktivisht edhe besimtar\u00ebt orthodhoks\u00eb, p\u00ebr t\u00eb afirmuar vlerat dhe r\u00ebnd\u00ebsin\u00eb e saj. N\u00eb Kish\u00ebn ton\u00eb martesa \u00ebsht\u00eb nj\u00eb nga shtat\u00eb misteret\" \/>\n<meta property=\"og:url\" content=\"https:\/\/orthodoxalbania.org\/2020\/2013\/03\/22\/java-e-marteses-nje-veprimtari-qe-perfshiu-edhe-kishen-tone\/\" \/>\n<meta property=\"og:site_name\" content=\"Kisha Orthodh\u03bfkse Autoqefale e Shqip\u00ebris\u00eb\" \/>\n<meta property=\"article:publisher\" content=\"https:\/\/www.facebook.com\/koash1991\" \/>\n<meta property=\"article:published_time\" content=\"2013-03-22T10:40:01+00:00\" \/>\n<meta property=\"article:modified_time\" content=\"2020-04-06T20:05:47+00:00\" \/>\n<meta property=\"og:image\" content=\"https:\/\/lh5.googleusercontent.com\/-OH8bdM7P-no\/URtiuT-YKdI\/AAAAAAAAB9g\/_iXbCaihti4\/s640\/_DSC1091.JPG\" \/>\n<meta name=\"author\" content=\"Kisha Orthodhokse\" \/>\n<meta name=\"twitter:card\" content=\"summary_large_image\" \/>\n<meta name=\"twitter:label1\" content=\"Written by\" \/>\n\t<meta name=\"twitter:data1\" content=\"Kisha Orthodhokse\" \/>\n\t<meta name=\"twitter:label2\" content=\"Est. reading time\" \/>\n\t<meta name=\"twitter:data2\" content=\"3 minutes\" \/>\n<script type=\"application\/ld+json\" class=\"yoast-schema-graph\">{\"@context\":\"https:\/\/schema.org\",\"@graph\":[{\"@type\":\"Article\",\"@id\":\"https:\/\/orthodoxalbania.org\/2020\/2013\/03\/22\/java-e-marteses-nje-veprimtari-qe-perfshiu-edhe-kishen-tone\/#article\",\"isPartOf\":{\"@id\":\"https:\/\/orthodoxalbania.org\/2020\/2013\/03\/22\/java-e-marteses-nje-veprimtari-qe-perfshiu-edhe-kishen-tone\/\"},\"author\":{\"name\":\"Kisha Orthodhokse\",\"@id\":\"https:\/\/orthodoxalbania.org\/2020\/#\/schema\/person\/0c387634a7063ac612d7ed9ce71c7e86\"},\"headline\":\"\u201cJava e Martes\u00ebs\u201d, nj\u00eb veprimtari q\u00eb p\u00ebrfshiu edhe Kish\u00ebn ton\u00eb. (Shkurt 2013)\",\"datePublished\":\"2013-03-22T10:40:01+00:00\",\"dateModified\":\"2020-04-06T20:05:47+00:00\",\"mainEntityOfPage\":{\"@id\":\"https:\/\/orthodoxalbania.org\/2020\/2013\/03\/22\/java-e-marteses-nje-veprimtari-qe-perfshiu-edhe-kishen-tone\/\"},\"wordCount\":576,\"commentCount\":0,\"publisher\":{\"@id\":\"https:\/\/orthodoxalbania.org\/2020\/#organization\"},\"image\":{\"@id\":\"https:\/\/orthodoxalbania.org\/2020\/2013\/03\/22\/java-e-marteses-nje-veprimtari-qe-perfshiu-edhe-kishen-tone\/#primaryimage\"},\"thumbnailUrl\":\"https:\/\/lh5.googleusercontent.com\/-OH8bdM7P-no\/URtiuT-YKdI\/AAAAAAAAB9g\/_iXbCaihti4\/s640\/_DSC1091.JPG\",\"keywords\":[\"2013\",\"Aktivitete\",\"Kryepiskopata Tiran\u00eb\",\"Kryepiskopi Anastas\",\"lajme\"],\"articleSection\":[\"Lajme\"],\"inLanguage\":\"en-US\"},{\"@type\":\"WebPage\",\"@id\":\"https:\/\/orthodoxalbania.org\/2020\/2013\/03\/22\/java-e-marteses-nje-veprimtari-qe-perfshiu-edhe-kishen-tone\/\",\"url\":\"https:\/\/orthodoxalbania.org\/2020\/2013\/03\/22\/java-e-marteses-nje-veprimtari-qe-perfshiu-edhe-kishen-tone\/\",\"name\":\"\u201cJava e Martes\u00ebs\u201d, nj\u00eb veprimtari q\u00eb p\u00ebrfshiu edhe Kish\u00ebn ton\u00eb. (Shkurt 2013) - Kisha Orthodh\u03bfkse Autoqefale e Shqip\u00ebris\u00eb\",\"isPartOf\":{\"@id\":\"https:\/\/orthodoxalbania.org\/2020\/#website\"},\"primaryImageOfPage\":{\"@id\":\"https:\/\/orthodoxalbania.org\/2020\/2013\/03\/22\/java-e-marteses-nje-veprimtari-qe-perfshiu-edhe-kishen-tone\/#primaryimage\"},\"image\":{\"@id\":\"https:\/\/orthodoxalbania.org\/2020\/2013\/03\/22\/java-e-marteses-nje-veprimtari-qe-perfshiu-edhe-kishen-tone\/#primaryimage\"},\"thumbnailUrl\":\"https:\/\/lh5.googleusercontent.com\/-OH8bdM7P-no\/URtiuT-YKdI\/AAAAAAAAB9g\/_iXbCaihti4\/s640\/_DSC1091.JPG\",\"datePublished\":\"2013-03-22T10:40:01+00:00\",\"dateModified\":\"2020-04-06T20:05:47+00:00\",\"breadcrumb\":{\"@id\":\"https:\/\/orthodoxalbania.org\/2020\/2013\/03\/22\/java-e-marteses-nje-veprimtari-qe-perfshiu-edhe-kishen-tone\/#breadcrumb\"},\"inLanguage\":\"en-US\",\"potentialAction\":[{\"@type\":\"ReadAction\",\"target\":[\"https:\/\/orthodoxalbania.org\/2020\/2013\/03\/22\/java-e-marteses-nje-veprimtari-qe-perfshiu-edhe-kishen-tone\/\"]}]},{\"@type\":\"ImageObject\",\"inLanguage\":\"en-US\",\"@id\":\"https:\/\/orthodoxalbania.org\/2020\/2013\/03\/22\/java-e-marteses-nje-veprimtari-qe-perfshiu-edhe-kishen-tone\/#primaryimage\",\"url\":\"https:\/\/lh5.googleusercontent.com\/-OH8bdM7P-no\/URtiuT-YKdI\/AAAAAAAAB9g\/_iXbCaihti4\/s640\/_DSC1091.JPG\",\"contentUrl\":\"https:\/\/lh5.googleusercontent.com\/-OH8bdM7P-no\/URtiuT-YKdI\/AAAAAAAAB9g\/_iXbCaihti4\/s640\/_DSC1091.JPG\"},{\"@type\":\"BreadcrumbList\",\"@id\":\"https:\/\/orthodoxalbania.org\/2020\/2013\/03\/22\/java-e-marteses-nje-veprimtari-qe-perfshiu-edhe-kishen-tone\/#breadcrumb\",\"itemListElement\":[{\"@type\":\"ListItem\",\"position\":1,\"name\":\"Home\",\"item\":\"https:\/\/orthodoxalbania.org\/2020\/\"},{\"@type\":\"ListItem\",\"position\":2,\"name\":\"\u201cJava e Martes\u00ebs\u201d, nj\u00eb veprimtari q\u00eb p\u00ebrfshiu edhe Kish\u00ebn ton\u00eb. (Shkurt 2013)\"}]},{\"@type\":\"WebSite\",\"@id\":\"https:\/\/orthodoxalbania.org\/2020\/#website\",\"url\":\"https:\/\/orthodoxalbania.org\/2020\/\",\"name\":\"Kisha Orthodh\u03bfkse Autoqefale e Shqip\u00ebris\u00eb\",\"description\":\"Fqja Zyrtare e Kish\u00ebs Orthodhokse Autoqefale e Shqip\u00ebris\u00eb me lajmet edhe informacionet zyrtare p\u00ebr struktur\u00ebn edhe veprimtarin e saj.\",\"publisher\":{\"@id\":\"https:\/\/orthodoxalbania.org\/2020\/#organization\"},\"potentialAction\":[{\"@type\":\"SearchAction\",\"target\":{\"@type\":\"EntryPoint\",\"urlTemplate\":\"https:\/\/orthodoxalbania.org\/2020\/?s={search_term_string}\"},\"query-input\":{\"@type\":\"PropertyValueSpecification\",\"valueRequired\":true,\"valueName\":\"search_term_string\"}}],\"inLanguage\":\"en-US\"},{\"@type\":\"Organization\",\"@id\":\"https:\/\/orthodoxalbania.org\/2020\/#organization\",\"name\":\"Kisha Orthodhokse Autoqefale e Shqip\u00ebris\u00eb\",\"url\":\"https:\/\/orthodoxalbania.org\/2020\/\",\"logo\":{\"@type\":\"ImageObject\",\"inLanguage\":\"en-US\",\"@id\":\"https:\/\/orthodoxalbania.org\/2020\/#\/schema\/logo\/image\/\",\"url\":\"https:\/\/orthodoxalbania.org\/2020\/wp-content\/uploads\/2020\/05\/albania.jpeg\",\"contentUrl\":\"https:\/\/orthodoxalbania.org\/2020\/wp-content\/uploads\/2020\/05\/albania.jpeg\",\"width\":540,\"height\":540,\"caption\":\"Kisha Orthodhokse Autoqefale e Shqip\u00ebris\u00eb\"},\"image\":{\"@id\":\"https:\/\/orthodoxalbania.org\/2020\/#\/schema\/logo\/image\/\"},\"sameAs\":[\"https:\/\/www.facebook.com\/koash1991\"]},{\"@type\":\"Person\",\"@id\":\"https:\/\/orthodoxalbania.org\/2020\/#\/schema\/person\/0c387634a7063ac612d7ed9ce71c7e86\",\"name\":\"Kisha Orthodhokse\",\"image\":{\"@type\":\"ImageObject\",\"inLanguage\":\"en-US\",\"@id\":\"https:\/\/secure.gravatar.com\/avatar\/596e7c417251e30f2fbb9c00e026fce61a695a00e51c889caded71c96cbbdde5?s=96&d=mm&r=g\",\"url\":\"https:\/\/secure.gravatar.com\/avatar\/596e7c417251e30f2fbb9c00e026fce61a695a00e51c889caded71c96cbbdde5?s=96&d=mm&r=g\",\"contentUrl\":\"https:\/\/secure.gravatar.com\/avatar\/596e7c417251e30f2fbb9c00e026fce61a695a00e51c889caded71c96cbbdde5?s=96&d=mm&r=g\",\"caption\":\"Kisha Orthodhokse\"}}]}<\/script>\n<!-- \/ Yoast SEO plugin. -->","yoast_head_json":{"title":"\u201cJava e Martes\u00ebs\u201d, nj\u00eb veprimtari q\u00eb p\u00ebrfshiu edhe Kish\u00ebn ton\u00eb. (Shkurt 2013) - Kisha Orthodh\u03bfkse Autoqefale e Shqip\u00ebris\u00eb","robots":{"index":"index","follow":"follow","max-snippet":"max-snippet:-1","max-image-preview":"max-image-preview:large","max-video-preview":"max-video-preview:-1"},"canonical":"https:\/\/orthodoxalbania.org\/2020\/2013\/03\/22\/java-e-marteses-nje-veprimtari-qe-perfshiu-edhe-kishen-tone\/","og_locale":"en_US","og_type":"article","og_title":"\u201cJava e Martes\u00ebs\u201d, nj\u00eb veprimtari q\u00eb p\u00ebrfshiu edhe Kish\u00ebn ton\u00eb. (Shkurt 2013) - Kisha Orthodh\u03bfkse Autoqefale e Shqip\u00ebris\u00eb","og_description":"&nbsp;&nbsp;&nbsp; \u201cJava e Martes\u00ebs\u201d \u00ebsht\u00eb nj\u00eb l\u00ebvizje nd\u00ebrkomb\u00ebtare e krishter\u00eb e p\u00ebrhapur n\u00eb 25 vende, duke p\u00ebrfshir\u00eb edhe vendin ton\u00eb. Rreth 2 milion njer\u00ebz, nga 20 vende t\u00eb kontinentit, mor\u00ebn pjes\u00eb n\u00eb aktivitetet e zhvilluara n\u00eb kuad\u00ebr t\u00eb saj. N\u00eb k\u00ebto veprimtari u p\u00ebrfshin\u00eb aktivisht edhe besimtar\u00ebt orthodhoks\u00eb, p\u00ebr t\u00eb afirmuar vlerat dhe r\u00ebnd\u00ebsin\u00eb e saj. N\u00eb Kish\u00ebn ton\u00eb martesa \u00ebsht\u00eb nj\u00eb nga shtat\u00eb misteret","og_url":"https:\/\/orthodoxalbania.org\/2020\/2013\/03\/22\/java-e-marteses-nje-veprimtari-qe-perfshiu-edhe-kishen-tone\/","og_site_name":"Kisha Orthodh\u03bfkse Autoqefale e Shqip\u00ebris\u00eb","article_publisher":"https:\/\/www.facebook.com\/koash1991","article_published_time":"2013-03-22T10:40:01+00:00","article_modified_time":"2020-04-06T20:05:47+00:00","og_image":[{"url":"https:\/\/lh5.googleusercontent.com\/-OH8bdM7P-no\/URtiuT-YKdI\/AAAAAAAAB9g\/_iXbCaihti4\/s640\/_DSC1091.JPG","type":"","width":"","height":""}],"author":"Kisha Orthodhokse","twitter_card":"summary_large_image","twitter_misc":{"Written by":"Kisha Orthodhokse","Est. reading time":"3 minutes"},"schema":{"@context":"https:\/\/schema.org","@graph":[{"@type":"Article","@id":"https:\/\/orthodoxalbania.org\/2020\/2013\/03\/22\/java-e-marteses-nje-veprimtari-qe-perfshiu-edhe-kishen-tone\/#article","isPartOf":{"@id":"https:\/\/orthodoxalbania.org\/2020\/2013\/03\/22\/java-e-marteses-nje-veprimtari-qe-perfshiu-edhe-kishen-tone\/"},"author":{"name":"Kisha Orthodhokse","@id":"https:\/\/orthodoxalbania.org\/2020\/#\/schema\/person\/0c387634a7063ac612d7ed9ce71c7e86"},"headline":"\u201cJava e Martes\u00ebs\u201d, nj\u00eb veprimtari q\u00eb p\u00ebrfshiu edhe Kish\u00ebn ton\u00eb. (Shkurt 2013)","datePublished":"2013-03-22T10:40:01+00:00","dateModified":"2020-04-06T20:05:47+00:00","mainEntityOfPage":{"@id":"https:\/\/orthodoxalbania.org\/2020\/2013\/03\/22\/java-e-marteses-nje-veprimtari-qe-perfshiu-edhe-kishen-tone\/"},"wordCount":576,"commentCount":0,"publisher":{"@id":"https:\/\/orthodoxalbania.org\/2020\/#organization"},"image":{"@id":"https:\/\/orthodoxalbania.org\/2020\/2013\/03\/22\/java-e-marteses-nje-veprimtari-qe-perfshiu-edhe-kishen-tone\/#primaryimage"},"thumbnailUrl":"https:\/\/lh5.googleusercontent.com\/-OH8bdM7P-no\/URtiuT-YKdI\/AAAAAAAAB9g\/_iXbCaihti4\/s640\/_DSC1091.JPG","keywords":["2013","Aktivitete","Kryepiskopata Tiran\u00eb","Kryepiskopi Anastas","lajme"],"articleSection":["Lajme"],"inLanguage":"en-US"},{"@type":"WebPage","@id":"https:\/\/orthodoxalbania.org\/2020\/2013\/03\/22\/java-e-marteses-nje-veprimtari-qe-perfshiu-edhe-kishen-tone\/","url":"https:\/\/orthodoxalbania.org\/2020\/2013\/03\/22\/java-e-marteses-nje-veprimtari-qe-perfshiu-edhe-kishen-tone\/","name":"\u201cJava e Martes\u00ebs\u201d, nj\u00eb veprimtari q\u00eb p\u00ebrfshiu edhe Kish\u00ebn ton\u00eb. (Shkurt 2013) - Kisha Orthodh\u03bfkse Autoqefale e Shqip\u00ebris\u00eb","isPartOf":{"@id":"https:\/\/orthodoxalbania.org\/2020\/#website"},"primaryImageOfPage":{"@id":"https:\/\/orthodoxalbania.org\/2020\/2013\/03\/22\/java-e-marteses-nje-veprimtari-qe-perfshiu-edhe-kishen-tone\/#primaryimage"},"image":{"@id":"https:\/\/orthodoxalbania.org\/2020\/2013\/03\/22\/java-e-marteses-nje-veprimtari-qe-perfshiu-edhe-kishen-tone\/#primaryimage"},"thumbnailUrl":"https:\/\/lh5.googleusercontent.com\/-OH8bdM7P-no\/URtiuT-YKdI\/AAAAAAAAB9g\/_iXbCaihti4\/s640\/_DSC1091.JPG","datePublished":"2013-03-22T10:40:01+00:00","dateModified":"2020-04-06T20:05:47+00:00","breadcrumb":{"@id":"https:\/\/orthodoxalbania.org\/2020\/2013\/03\/22\/java-e-marteses-nje-veprimtari-qe-perfshiu-edhe-kishen-tone\/#breadcrumb"},"inLanguage":"en-US","potentialAction":[{"@type":"ReadAction","target":["https:\/\/orthodoxalbania.org\/2020\/2013\/03\/22\/java-e-marteses-nje-veprimtari-qe-perfshiu-edhe-kishen-tone\/"]}]},{"@type":"ImageObject","inLanguage":"en-US","@id":"https:\/\/orthodoxalbania.org\/2020\/2013\/03\/22\/java-e-marteses-nje-veprimtari-qe-perfshiu-edhe-kishen-tone\/#primaryimage","url":"https:\/\/lh5.googleusercontent.com\/-OH8bdM7P-no\/URtiuT-YKdI\/AAAAAAAAB9g\/_iXbCaihti4\/s640\/_DSC1091.JPG","contentUrl":"https:\/\/lh5.googleusercontent.com\/-OH8bdM7P-no\/URtiuT-YKdI\/AAAAAAAAB9g\/_iXbCaihti4\/s640\/_DSC1091.JPG"},{"@type":"BreadcrumbList","@id":"https:\/\/orthodoxalbania.org\/2020\/2013\/03\/22\/java-e-marteses-nje-veprimtari-qe-perfshiu-edhe-kishen-tone\/#breadcrumb","itemListElement":[{"@type":"ListItem","position":1,"name":"Home","item":"https:\/\/orthodoxalbania.org\/2020\/"},{"@type":"ListItem","position":2,"name":"\u201cJava e Martes\u00ebs\u201d, nj\u00eb veprimtari q\u00eb p\u00ebrfshiu edhe Kish\u00ebn ton\u00eb. (Shkurt 2013)"}]},{"@type":"WebSite","@id":"https:\/\/orthodoxalbania.org\/2020\/#website","url":"https:\/\/orthodoxalbania.org\/2020\/","name":"Kisha Orthodh\u03bfkse Autoqefale e Shqip\u00ebris\u00eb","description":"Fqja Zyrtare e Kish\u00ebs Orthodhokse Autoqefale e Shqip\u00ebris\u00eb me lajmet edhe informacionet zyrtare p\u00ebr struktur\u00ebn edhe veprimtarin e saj.","publisher":{"@id":"https:\/\/orthodoxalbania.org\/2020\/#organization"},"potentialAction":[{"@type":"SearchAction","target":{"@type":"EntryPoint","urlTemplate":"https:\/\/orthodoxalbania.org\/2020\/?s={search_term_string}"},"query-input":{"@type":"PropertyValueSpecification","valueRequired":true,"valueName":"search_term_string"}}],"inLanguage":"en-US"},{"@type":"Organization","@id":"https:\/\/orthodoxalbania.org\/2020\/#organization","name":"Kisha Orthodhokse Autoqefale e Shqip\u00ebris\u00eb","url":"https:\/\/orthodoxalbania.org\/2020\/","logo":{"@type":"ImageObject","inLanguage":"en-US","@id":"https:\/\/orthodoxalbania.org\/2020\/#\/schema\/logo\/image\/","url":"https:\/\/orthodoxalbania.org\/2020\/wp-content\/uploads\/2020\/05\/albania.jpeg","contentUrl":"https:\/\/orthodoxalbania.org\/2020\/wp-content\/uploads\/2020\/05\/albania.jpeg","width":540,"height":540,"caption":"Kisha Orthodhokse Autoqefale e Shqip\u00ebris\u00eb"},"image":{"@id":"https:\/\/orthodoxalbania.org\/2020\/#\/schema\/logo\/image\/"},"sameAs":["https:\/\/www.facebook.com\/koash1991"]},{"@type":"Person","@id":"https:\/\/orthodoxalbania.org\/2020\/#\/schema\/person\/0c387634a7063ac612d7ed9ce71c7e86","name":"Kisha Orthodhokse","image":{"@type":"ImageObject","inLanguage":"en-US","@id":"https:\/\/secure.gravatar.com\/avatar\/596e7c417251e30f2fbb9c00e026fce61a695a00e51c889caded71c96cbbdde5?s=96&d=mm&r=g","url":"https:\/\/secure.gravatar.com\/avatar\/596e7c417251e30f2fbb9c00e026fce61a695a00e51c889caded71c96cbbdde5?s=96&d=mm&r=g","contentUrl":"https:\/\/secure.gravatar.com\/avatar\/596e7c417251e30f2fbb9c00e026fce61a695a00e51c889caded71c96cbbdde5?s=96&d=mm&r=g","caption":"Kisha Orthodhokse"}}]}},"_links":{"self":[{"href":"https:\/\/orthodoxalbania.org\/2020\/wp-json\/wp\/v2\/posts\/1733","targetHints":{"allow":["GET"]}}],"collection":[{"href":"https:\/\/orthodoxalbania.org\/2020\/wp-json\/wp\/v2\/posts"}],"about":[{"href":"https:\/\/orthodoxalbania.org\/2020\/wp-json\/wp\/v2\/types\/post"}],"author":[{"embeddable":true,"href":"https:\/\/orthodoxalbania.org\/2020\/wp-json\/wp\/v2\/users\/1"}],"replies":[{"embeddable":true,"href":"https:\/\/orthodoxalbania.org\/2020\/wp-json\/wp\/v2\/comments?post=1733"}],"version-history":[{"count":1,"href":"https:\/\/orthodoxalbania.org\/2020\/wp-json\/wp\/v2\/posts\/1733\/revisions"}],"predecessor-version":[{"id":15243,"href":"https:\/\/orthodoxalbania.org\/2020\/wp-json\/wp\/v2\/posts\/1733\/revisions\/15243"}],"wp:attachment":[{"href":"https:\/\/orthodoxalbania.org\/2020\/wp-json\/wp\/v2\/media?parent=1733"}],"wp:term":[{"taxonomy":"category","embeddable":true,"href":"https:\/\/orthodoxalbania.org\/2020\/wp-json\/wp\/v2\/categories?post=1733"},{"taxonomy":"post_tag","embeddable":true,"href":"https:\/\/orthodoxalbania.org\/2020\/wp-json\/wp\/v2\/tags?post=1733"}],"curies":[{"name":"wp","href":"https:\/\/api.w.org\/{rel}","templated":true}]}}