{"id":1732,"date":"2013-03-21T08:58:47","date_gmt":"2013-03-21T08:58:47","guid":{"rendered":""},"modified":"2020-04-06T22:32:14","modified_gmt":"2020-04-06T20:32:14","slug":"ja-krishti-lind-lavderojeni-ja-krishti-qiellit-vjen-dilni-priteni-ja-krishti-mbi-dhene-ngrehuni-zotin-pra-e-kendoni-lart-e-mbi-dhe","status":"publish","type":"post","link":"https:\/\/orthodoxalbania.org\/2020\/2013\/03\/21\/ja-krishti-lind-lavderojeni-ja-krishti-qiellit-vjen-dilni-priteni-ja-krishti-mbi-dhene-ngrehuni-zotin-pra-e-kendoni-lart-e-mbi-dhe\/","title":{"rendered":"\u201cJa Krishti lind lavd\u00ebrojeni; ja Krishti Qiellit vjen dilni priteni;  ja Krishti mbi dhen\u00eb ngrehuni; Zotin pra e k\u00ebndoni lart e mbi dh\u00e9&#8230;\u201d (Dhjetor 2010)"},"content":{"rendered":"<div style=\"text-align: justify;\"><span style=\"color: #000000;\"><span style=\"font-family: tahoma,geneva,sans-serif;\"><span style=\"font-size: 12px;\"><em><img decoding=\"async\" class=\"lazyload HAa Eha\" style=\"height: 131px; width: 192px; border-width: 1px; border-style: solid; margin: 10px; float: left;\" alt=\"\" src=\"data:image\/gif;base64,R0lGODlhAQABAAAAACH5BAEKAAEALAAAAAABAAEAAAICTAEAOw==\" data-orig-src=\"https:\/\/lh4.googleusercontent.com\/-07FG7WlGGI8\/VAApevV9cpI\/AAAAAAAABxk\/d1R80hIt-3w\/w640-h438-no\/2.JPG\" \/> &nbsp; &nbsp; M<\/em><span><span><em>jafton vet\u00ebm t\u00eb lexojm\u00eb k\u00ebt\u00eb himn dhe kuptohet shume leht\u00eb g\u00ebzimi, madh\u00ebshtia dhe hareja me t\u00eb cilat karakterizohet Krishtlindja. <\/em><\/span><\/span><\/span><\/span><\/span><\/div>\n<div class=\"style7\">\n<div style=\"text-align: justify;\">&nbsp;<\/div>\n<div style=\"text-align: justify;\"><span style=\"color: #000000;\"><span style=\"font-family: tahoma,geneva,sans-serif;\"><span style=\"font-size: 12px;\">&nbsp;&nbsp;&nbsp; Kjo atmosfer\u00eb u p\u00ebrjetua dhe u ndje gjer\u00ebsisht n\u00eb Beratin e traditave t\u00eb shumta. Zbukurimet, gatimet tradicionale, grupet e shumta rinore me yllin e Betlehemit n\u00eb duar, t\u00eb cil\u00ebt shpallnin Lindjen e Shp\u00ebtimtarit, soll\u00ebn nj\u00eb atmosfer\u00eb ngaz\u00eblluese t\u00eb Krishtlindjes.<\/span><\/span><\/span><\/div>\n<div style=\"text-align: justify;\"> <span style=\"color: #000000;\"><span style=\"font-family: tahoma,geneva,sans-serif;\"><span style=\"font-size: 12px;\">&nbsp;&nbsp;&nbsp;&nbsp; Nuk mungoi n\u00eb k\u00ebto dit\u00eb t\u00eb Shenjta prania e besimtar\u00ebve n\u00eb sh\u00ebrbesat kishtare. Mij\u00ebra besimtar\u00eb ishin t\u00eb pranish\u00ebm n\u00eb Katedralen e Sh\u00ebn Dhimitrit si dhe n\u00eb Kish\u00ebn e Sh\u00ebn Spiridhonit p\u00ebr t\u00eb ndjekur Liturgjin\u00eb e Krishtlindjes si edhe p\u00ebr t\u2019u kunguar me Trupin dhe Gjakun e Zotit Krisht.<\/span><\/span><\/span><\/div>\n<div style=\"text-align: justify;\"> <span style=\"color: #000000;\"><span style=\"font-family: tahoma,geneva,sans-serif;\"><span style=\"font-size: 12px;\">&nbsp;&nbsp;&nbsp;&nbsp; D\u00ebgjuam n\u00eb k\u00ebt\u00eb dit\u00eb dhe mesazhin e p\u00ebrgatitur me shume kujdes nga Mitropoliti i Beratit, Vlor\u00ebs, Kanin\u00ebs dhe gjith\u00eb Myzeqes\u00eb Imzot Ignati. Mitropoliti n\u00eb mesazhin<img decoding=\"async\" class=\"lazyload HAa Eha\" style=\"height: 134px; width: 193px; border-width: 1px; border-style: solid; margin: 10px; float: right;\" alt=\"\" src=\"data:image\/gif;base64,R0lGODlhAQABAAAAACH5BAEKAAEALAAAAAABAAEAAAICTAEAOw==\" data-orig-src=\"https:\/\/lh6.googleusercontent.com\/-9XW7yS3AtxM\/VAApeqpSvjI\/AAAAAAAABxo\/5T8t_Keun-o\/w640-h444-no\/3.JPG\" \/> e tij p\u00ebr k\u00ebt\u00eb k\u00ebt\u00eb fest\u00eb, u p\u00ebrqendrua pik\u00ebrisht tek simboli i Krishtlindjes, tek oferta e mag\u00ebve, pra tek dhuratat.<\/span><\/span><\/span><\/div>\n<div style=\"text-align: justify;\"> <span style=\"color: #000000;\"><span style=\"font-family: tahoma,geneva,sans-serif;\"><span style=\"font-size: 12px;\">&nbsp;&nbsp;&nbsp;&nbsp; Ai nd\u00ebr t\u00eb tjera n\u00eb mesazhin drejtuar besimtar\u00ebve tha: \u201c<em>&#8211;<strong>\u201c\u00c7\u2019t\u00eb t\u00eb t\u00eb blatojm\u00eb o Krisht, q\u00eb u duke mbi dh\u00e9 si njeri p\u00ebr ne?\u201d.<\/strong><\/em>Para gjith\u00eb k\u00ebtyre dhuratave ne, \u00e7far\u00eb kemi p\u00ebr t\u2019i ofruar Per\u00ebndis\u00eb, q\u00eb vjen p\u00ebr ne midis nesh? Nuk kemi p\u00ebr t\u2019i dh\u00ebn\u00eb di\u00e7ka q\u00eb i mungon; por kemi tri dhurata, q\u00eb Ai i do, qoft\u00eb edhe n\u00ebse nuk ka nevoj\u00eb p\u00ebr to.<\/span><\/span><\/span><\/div>\n<div style=\"text-align: justify;\"> <span style=\"color: #000000;\"><span style=\"font-family: tahoma,geneva,sans-serif;\"><span style=\"font-size: 12px;\">&nbsp;&nbsp;&nbsp;&nbsp; <em>S\u00eb pari<\/em>, t\u2019i dhurojm\u00eb <strong><em>m\u00ebkatet<\/em><\/strong> tona. Jan\u00eb shum\u00eb, jan\u00eb t\u00eb r\u00ebnda, por Ai i do. Mund t\u2019i ngrej\u00eb, t\u2019i pastroj\u00eb, t\u2019i asgj\u00ebsoj\u00eb dhe t\u00eb na \u00e7liroj\u00eb nga fajet shpirt-vras\u00ebse.<\/span><\/span><\/span><\/div>\n<div style=\"text-align: justify;\"> <span style=\"color: #000000;\"><span style=\"font-family: tahoma,geneva,sans-serif;\"><span style=\"font-size: 12px;\"><em><img decoding=\"async\" class=\"lazyload HAa Eha\" style=\"height: 162px; width: 171px; border-width: 1px; border-style: solid; margin: 10px; float: left;\" alt=\"\" src=\"data:image\/gif;base64,R0lGODlhAQABAAAAACH5BAEKAAEALAAAAAABAAEAAAICTAEAOw==\" data-orig-src=\"https:\/\/lh5.googleusercontent.com\/-3al6H09FzvA\/VAAqcGZCHdI\/AAAAAAAAByE\/09YJu6TpiVE\/w506-h480-no\/1.JPG\" \/>&nbsp;&nbsp;&nbsp;&nbsp; Dhurata e dyt\u00eb<\/em>, t\u2019i dhurojm\u00eb <strong><em>dashurin\u00eb.<\/em><\/strong> Dashurin\u00eb, q\u00eb Ai na m\u00ebsoi sot, me k\u00ebrcimin q\u00eb b\u00ebri nga froni i Tij i ndritsh\u00ebm, n\u00eb llumin e realiteti ton\u00eb.<\/span><\/span><\/span><\/div>\n<div style=\"text-align: justify;\"> <span style=\"color: #000000;\"><span style=\"font-family: tahoma,geneva,sans-serif;\"><span style=\"font-size: 12px;\">&nbsp;&nbsp;&nbsp; <em>Dhe s\u00eb treti<\/em>, t\u2019i dhurojm\u00eb <strong><em>bashkimin ton\u00eb t\u00eb lir\u00eb me T\u00eb<\/em><\/strong>. Per\u00ebndia varf\u00ebrohet, &nbsp;q\u00eb t\u00eb bashkohet me ne. Mbulon urt\u00ebsin\u00eb e Tij me nj\u00eb cop\u00eb mish. Vishet me padijen e nj\u00eb foshnjeje t\u00eb pa z\u00eb. K\u00ebrkon nga ne q\u00eb ta zbulojm\u00eb.\u201d<\/span><\/span><\/span><\/div>\n<div style=\"text-align: justify;\"> <span style=\"color: #000000;\"><span style=\"font-family: tahoma,geneva,sans-serif;\"><span style=\"font-size: 12px;\">&nbsp;&nbsp;&nbsp;&nbsp; Kjo dit\u00eb e bukur, vazhdoi me vizitat e besimtar\u00ebve, t\u00eb krer\u00ebve t\u00eb komuniteteve fetare, t\u00eb pushtetar\u00ebve vendor si dhe t\u00eb p\u00ebrfaq\u00ebsuesve t\u00eb<img decoding=\"async\" class=\"lazyload HAa Eha\" style=\"height: 165px; width: 206px; border-width: 1px; border-style: solid; margin: 10px; float: right;\" alt=\"\" src=\"data:image\/gif;base64,R0lGODlhAQABAAAAACH5BAEKAAEALAAAAAABAAEAAAICTAEAOw==\" data-orig-src=\"https:\/\/lh3.googleusercontent.com\/-ilNhANWDN8E\/VAApfkUKA5I\/AAAAAAAABxs\/TjzLaKU2Jhw\/w601-h480-no\/4.JPG\" \/> partive politike n\u00eb ambientet e Mitropolis\u00eb s\u00eb Shenjt\u00eb.<\/span><\/span><\/span><\/div>\n<div style=\"text-align: justify;\"> <span style=\"color: #000000;\"><span style=\"font-family: tahoma,geneva,sans-serif;\"><span style=\"font-size: 12px;\">&nbsp;&nbsp;&nbsp;&nbsp; Urimet dhe festa e bekuar e Krishtlindjes u shp\u00ebrngul m\u00eb pas n\u00eb t\u00eb gjitha tryezat dhe sht\u00ebpit\u00eb e qytetar\u00ebve beratas, t\u00eb cil\u00ebt p\u00ebrgatiten gjat\u00eb p\u00ebr t\u00eb pritur sa m\u00eb mir\u00eb lindjen e Shp\u00ebtimtarit Krisht.<\/span><\/span><\/span><\/div>\n<div style=\"text-align: justify;\">&nbsp;<\/div>\n<div style=\"text-align: right;\">&nbsp;<\/div>\n<div style=\"text-align: right;\">&nbsp;<\/div>\n<div style=\"text-align: right;\">&nbsp;<\/div>\n<div style=\"text-align: right;\"><span style=\"color: #000000;\"><span style=\"font-family: tahoma,geneva,sans-serif;\"><span style=\"font-size: 12px;\"><strong><em>Nga Berati<\/em><\/strong><br \/> <strong><em>Z. Joan Qako<\/em><\/strong><\/span><\/span><\/span><\/div>\n<div style=\"text-align: justify;\"><span style=\"color: #000000;\"><span style=\"font-family: tahoma,geneva,sans-serif;\"><span style=\"font-size: 12px;\"><\/span><\/span><\/span><\/div>\n<\/div>\n<div style=\"text-align: justify;\">&nbsp;<\/div>\n","protected":false},"excerpt":{"rendered":"<p>&nbsp; &nbsp; Mjafton vet\u00ebm t\u00eb lexojm\u00eb k\u00ebt\u00eb himn dhe kuptohet shume leht\u00eb g\u00ebzimi, madh\u00ebshtia dhe hareja me t\u00eb cilat karakterizohet Krishtlindja. &nbsp; &nbsp;&nbsp;&nbsp; Kjo atmosfer\u00eb u p\u00ebrjetua dhe u ndje gjer\u00ebsisht n\u00eb Beratin e traditave t\u00eb shumta. Zbukurimet, gatimet tradicionale, grupet e shumta rinore me yllin e Betlehemit n\u00eb duar, t\u00eb cil\u00ebt shpallnin Lindjen e Shp\u00ebtimtarit, soll\u00ebn nj\u00eb atmosfer\u00eb ngaz\u00eblluese t\u00eb Krishtlindjes. &nbsp;&nbsp;&nbsp;&nbsp; Nuk mungoi<\/p>\n","protected":false},"author":1,"featured_media":0,"comment_status":"open","ping_status":"open","sticky":false,"template":"","format":"standard","meta":{"_acf_changed":false,"pagelayer_contact_templates":[],"_pagelayer_content":"","inline_featured_image":false,"fifu_image_url":"","fifu_image_alt":"","footnotes":""},"categories":[108],"tags":[144,192,212,197],"class_list":["post-1732","post","type-post","status-publish","format-standard","hentry","category-lajme","tag-144","tag-krishtlindje","tag-lajme-d27","tag-berat"],"acf":[],"yoast_head":"<!-- This site is optimized with the Yoast SEO plugin v27.2 - https:\/\/yoast.com\/product\/yoast-seo-wordpress\/ -->\n<title>\u201cJa Krishti lind lavd\u00ebrojeni; ja Krishti Qiellit vjen dilni priteni; ja Krishti mbi dhen\u00eb ngrehuni; Zotin pra e k\u00ebndoni lart e mbi dh\u00e9...\u201d (Dhjetor 2010) - Kisha Orthodh\u03bfkse Autoqefale e Shqip\u00ebris\u00eb<\/title>\n<meta name=\"robots\" content=\"index, follow, max-snippet:-1, max-image-preview:large, max-video-preview:-1\" \/>\n<link rel=\"canonical\" href=\"https:\/\/orthodoxalbania.org\/2020\/2013\/03\/21\/ja-krishti-lind-lavderojeni-ja-krishti-qiellit-vjen-dilni-priteni-ja-krishti-mbi-dhene-ngrehuni-zotin-pra-e-kendoni-lart-e-mbi-dhe\/\" \/>\n<meta property=\"og:locale\" content=\"en_US\" \/>\n<meta property=\"og:type\" content=\"article\" \/>\n<meta property=\"og:title\" content=\"\u201cJa Krishti lind lavd\u00ebrojeni; ja Krishti Qiellit vjen dilni priteni; ja Krishti mbi dhen\u00eb ngrehuni; Zotin pra e k\u00ebndoni lart e mbi dh\u00e9...\u201d (Dhjetor 2010) - Kisha Orthodh\u03bfkse Autoqefale e Shqip\u00ebris\u00eb\" \/>\n<meta property=\"og:description\" content=\"&nbsp; &nbsp; Mjafton vet\u00ebm t\u00eb lexojm\u00eb k\u00ebt\u00eb himn dhe kuptohet shume leht\u00eb g\u00ebzimi, madh\u00ebshtia dhe hareja me t\u00eb cilat karakterizohet Krishtlindja. &nbsp; &nbsp;&nbsp;&nbsp; Kjo atmosfer\u00eb u p\u00ebrjetua dhe u ndje gjer\u00ebsisht n\u00eb Beratin e traditave t\u00eb shumta. Zbukurimet, gatimet tradicionale, grupet e shumta rinore me yllin e Betlehemit n\u00eb duar, t\u00eb cil\u00ebt shpallnin Lindjen e Shp\u00ebtimtarit, soll\u00ebn nj\u00eb atmosfer\u00eb ngaz\u00eblluese t\u00eb Krishtlindjes. &nbsp;&nbsp;&nbsp;&nbsp; Nuk mungoi\" \/>\n<meta property=\"og:url\" content=\"https:\/\/orthodoxalbania.org\/2020\/2013\/03\/21\/ja-krishti-lind-lavderojeni-ja-krishti-qiellit-vjen-dilni-priteni-ja-krishti-mbi-dhene-ngrehuni-zotin-pra-e-kendoni-lart-e-mbi-dhe\/\" \/>\n<meta property=\"og:site_name\" content=\"Kisha Orthodh\u03bfkse Autoqefale e Shqip\u00ebris\u00eb\" \/>\n<meta property=\"article:publisher\" content=\"https:\/\/www.facebook.com\/koash1991\" \/>\n<meta property=\"article:published_time\" content=\"2013-03-21T08:58:47+00:00\" \/>\n<meta property=\"article:modified_time\" content=\"2020-04-06T20:32:14+00:00\" \/>\n<meta property=\"og:image\" content=\"https:\/\/lh4.googleusercontent.com\/-07FG7WlGGI8\/VAApevV9cpI\/AAAAAAAABxk\/d1R80hIt-3w\/w640-h438-no\/2.JPG\" \/>\n<meta name=\"author\" content=\"Kisha Orthodhokse\" \/>\n<meta name=\"twitter:card\" content=\"summary_large_image\" \/>\n<meta name=\"twitter:label1\" content=\"Written by\" \/>\n\t<meta name=\"twitter:data1\" content=\"Kisha Orthodhokse\" \/>\n\t<meta name=\"twitter:label2\" content=\"Est. reading time\" \/>\n\t<meta name=\"twitter:data2\" content=\"3 minutes\" \/>\n<script type=\"application\/ld+json\" class=\"yoast-schema-graph\">{\"@context\":\"https:\/\/schema.org\",\"@graph\":[{\"@type\":\"Article\",\"@id\":\"https:\/\/orthodoxalbania.org\/2020\/2013\/03\/21\/ja-krishti-lind-lavderojeni-ja-krishti-qiellit-vjen-dilni-priteni-ja-krishti-mbi-dhene-ngrehuni-zotin-pra-e-kendoni-lart-e-mbi-dhe\/#article\",\"isPartOf\":{\"@id\":\"https:\/\/orthodoxalbania.org\/2020\/2013\/03\/21\/ja-krishti-lind-lavderojeni-ja-krishti-qiellit-vjen-dilni-priteni-ja-krishti-mbi-dhene-ngrehuni-zotin-pra-e-kendoni-lart-e-mbi-dhe\/\"},\"author\":{\"name\":\"Kisha Orthodhokse\",\"@id\":\"https:\/\/orthodoxalbania.org\/2020\/#\/schema\/person\/0c387634a7063ac612d7ed9ce71c7e86\"},\"headline\":\"\u201cJa Krishti lind lavd\u00ebrojeni; ja Krishti Qiellit vjen dilni priteni; ja Krishti mbi dhen\u00eb ngrehuni; Zotin pra e k\u00ebndoni lart e mbi dh\u00e9&#8230;\u201d (Dhjetor 2010)\",\"datePublished\":\"2013-03-21T08:58:47+00:00\",\"dateModified\":\"2020-04-06T20:32:14+00:00\",\"mainEntityOfPage\":{\"@id\":\"https:\/\/orthodoxalbania.org\/2020\/2013\/03\/21\/ja-krishti-lind-lavderojeni-ja-krishti-qiellit-vjen-dilni-priteni-ja-krishti-mbi-dhene-ngrehuni-zotin-pra-e-kendoni-lart-e-mbi-dhe\/\"},\"wordCount\":530,\"commentCount\":0,\"publisher\":{\"@id\":\"https:\/\/orthodoxalbania.org\/2020\/#organization\"},\"image\":{\"@id\":\"https:\/\/orthodoxalbania.org\/2020\/2013\/03\/21\/ja-krishti-lind-lavderojeni-ja-krishti-qiellit-vjen-dilni-priteni-ja-krishti-mbi-dhene-ngrehuni-zotin-pra-e-kendoni-lart-e-mbi-dhe\/#primaryimage\"},\"thumbnailUrl\":\"https:\/\/lh4.googleusercontent.com\/-07FG7WlGGI8\/VAApevV9cpI\/AAAAAAAABxk\/d1R80hIt-3w\/w640-h438-no\/2.JPG\",\"keywords\":[\"2010\",\"Krishtlindje\",\"lajme\",\"Mitropolia Berat\"],\"articleSection\":[\"Lajme\"],\"inLanguage\":\"en-US\"},{\"@type\":\"WebPage\",\"@id\":\"https:\/\/orthodoxalbania.org\/2020\/2013\/03\/21\/ja-krishti-lind-lavderojeni-ja-krishti-qiellit-vjen-dilni-priteni-ja-krishti-mbi-dhene-ngrehuni-zotin-pra-e-kendoni-lart-e-mbi-dhe\/\",\"url\":\"https:\/\/orthodoxalbania.org\/2020\/2013\/03\/21\/ja-krishti-lind-lavderojeni-ja-krishti-qiellit-vjen-dilni-priteni-ja-krishti-mbi-dhene-ngrehuni-zotin-pra-e-kendoni-lart-e-mbi-dhe\/\",\"name\":\"\u201cJa Krishti lind lavd\u00ebrojeni; ja Krishti Qiellit vjen dilni priteni; ja Krishti mbi dhen\u00eb ngrehuni; Zotin pra e k\u00ebndoni lart e mbi dh\u00e9...\u201d (Dhjetor 2010) - Kisha Orthodh\u03bfkse Autoqefale e Shqip\u00ebris\u00eb\",\"isPartOf\":{\"@id\":\"https:\/\/orthodoxalbania.org\/2020\/#website\"},\"primaryImageOfPage\":{\"@id\":\"https:\/\/orthodoxalbania.org\/2020\/2013\/03\/21\/ja-krishti-lind-lavderojeni-ja-krishti-qiellit-vjen-dilni-priteni-ja-krishti-mbi-dhene-ngrehuni-zotin-pra-e-kendoni-lart-e-mbi-dhe\/#primaryimage\"},\"image\":{\"@id\":\"https:\/\/orthodoxalbania.org\/2020\/2013\/03\/21\/ja-krishti-lind-lavderojeni-ja-krishti-qiellit-vjen-dilni-priteni-ja-krishti-mbi-dhene-ngrehuni-zotin-pra-e-kendoni-lart-e-mbi-dhe\/#primaryimage\"},\"thumbnailUrl\":\"https:\/\/lh4.googleusercontent.com\/-07FG7WlGGI8\/VAApevV9cpI\/AAAAAAAABxk\/d1R80hIt-3w\/w640-h438-no\/2.JPG\",\"datePublished\":\"2013-03-21T08:58:47+00:00\",\"dateModified\":\"2020-04-06T20:32:14+00:00\",\"breadcrumb\":{\"@id\":\"https:\/\/orthodoxalbania.org\/2020\/2013\/03\/21\/ja-krishti-lind-lavderojeni-ja-krishti-qiellit-vjen-dilni-priteni-ja-krishti-mbi-dhene-ngrehuni-zotin-pra-e-kendoni-lart-e-mbi-dhe\/#breadcrumb\"},\"inLanguage\":\"en-US\",\"potentialAction\":[{\"@type\":\"ReadAction\",\"target\":[\"https:\/\/orthodoxalbania.org\/2020\/2013\/03\/21\/ja-krishti-lind-lavderojeni-ja-krishti-qiellit-vjen-dilni-priteni-ja-krishti-mbi-dhene-ngrehuni-zotin-pra-e-kendoni-lart-e-mbi-dhe\/\"]}]},{\"@type\":\"ImageObject\",\"inLanguage\":\"en-US\",\"@id\":\"https:\/\/orthodoxalbania.org\/2020\/2013\/03\/21\/ja-krishti-lind-lavderojeni-ja-krishti-qiellit-vjen-dilni-priteni-ja-krishti-mbi-dhene-ngrehuni-zotin-pra-e-kendoni-lart-e-mbi-dhe\/#primaryimage\",\"url\":\"https:\/\/lh4.googleusercontent.com\/-07FG7WlGGI8\/VAApevV9cpI\/AAAAAAAABxk\/d1R80hIt-3w\/w640-h438-no\/2.JPG\",\"contentUrl\":\"https:\/\/lh4.googleusercontent.com\/-07FG7WlGGI8\/VAApevV9cpI\/AAAAAAAABxk\/d1R80hIt-3w\/w640-h438-no\/2.JPG\"},{\"@type\":\"BreadcrumbList\",\"@id\":\"https:\/\/orthodoxalbania.org\/2020\/2013\/03\/21\/ja-krishti-lind-lavderojeni-ja-krishti-qiellit-vjen-dilni-priteni-ja-krishti-mbi-dhene-ngrehuni-zotin-pra-e-kendoni-lart-e-mbi-dhe\/#breadcrumb\",\"itemListElement\":[{\"@type\":\"ListItem\",\"position\":1,\"name\":\"Home\",\"item\":\"https:\/\/orthodoxalbania.org\/2020\/\"},{\"@type\":\"ListItem\",\"position\":2,\"name\":\"\u201cJa Krishti lind lavd\u00ebrojeni; ja Krishti Qiellit vjen dilni priteni; ja Krishti mbi dhen\u00eb ngrehuni; Zotin pra e k\u00ebndoni lart e mbi dh\u00e9&#8230;\u201d (Dhjetor 2010)\"}]},{\"@type\":\"WebSite\",\"@id\":\"https:\/\/orthodoxalbania.org\/2020\/#website\",\"url\":\"https:\/\/orthodoxalbania.org\/2020\/\",\"name\":\"Kisha Orthodh\u03bfkse Autoqefale e Shqip\u00ebris\u00eb\",\"description\":\"Fqja Zyrtare e Kish\u00ebs Orthodhokse Autoqefale e Shqip\u00ebris\u00eb me lajmet edhe informacionet zyrtare p\u00ebr struktur\u00ebn edhe veprimtarin e saj.\",\"publisher\":{\"@id\":\"https:\/\/orthodoxalbania.org\/2020\/#organization\"},\"potentialAction\":[{\"@type\":\"SearchAction\",\"target\":{\"@type\":\"EntryPoint\",\"urlTemplate\":\"https:\/\/orthodoxalbania.org\/2020\/?s={search_term_string}\"},\"query-input\":{\"@type\":\"PropertyValueSpecification\",\"valueRequired\":true,\"valueName\":\"search_term_string\"}}],\"inLanguage\":\"en-US\"},{\"@type\":\"Organization\",\"@id\":\"https:\/\/orthodoxalbania.org\/2020\/#organization\",\"name\":\"Kisha Orthodhokse Autoqefale e Shqip\u00ebris\u00eb\",\"url\":\"https:\/\/orthodoxalbania.org\/2020\/\",\"logo\":{\"@type\":\"ImageObject\",\"inLanguage\":\"en-US\",\"@id\":\"https:\/\/orthodoxalbania.org\/2020\/#\/schema\/logo\/image\/\",\"url\":\"https:\/\/orthodoxalbania.org\/2020\/wp-content\/uploads\/2020\/05\/albania.jpeg\",\"contentUrl\":\"https:\/\/orthodoxalbania.org\/2020\/wp-content\/uploads\/2020\/05\/albania.jpeg\",\"width\":540,\"height\":540,\"caption\":\"Kisha Orthodhokse Autoqefale e Shqip\u00ebris\u00eb\"},\"image\":{\"@id\":\"https:\/\/orthodoxalbania.org\/2020\/#\/schema\/logo\/image\/\"},\"sameAs\":[\"https:\/\/www.facebook.com\/koash1991\"]},{\"@type\":\"Person\",\"@id\":\"https:\/\/orthodoxalbania.org\/2020\/#\/schema\/person\/0c387634a7063ac612d7ed9ce71c7e86\",\"name\":\"Kisha Orthodhokse\",\"image\":{\"@type\":\"ImageObject\",\"inLanguage\":\"en-US\",\"@id\":\"https:\/\/secure.gravatar.com\/avatar\/596e7c417251e30f2fbb9c00e026fce61a695a00e51c889caded71c96cbbdde5?s=96&d=mm&r=g\",\"url\":\"https:\/\/secure.gravatar.com\/avatar\/596e7c417251e30f2fbb9c00e026fce61a695a00e51c889caded71c96cbbdde5?s=96&d=mm&r=g\",\"contentUrl\":\"https:\/\/secure.gravatar.com\/avatar\/596e7c417251e30f2fbb9c00e026fce61a695a00e51c889caded71c96cbbdde5?s=96&d=mm&r=g\",\"caption\":\"Kisha Orthodhokse\"}}]}<\/script>\n<!-- \/ Yoast SEO plugin. -->","yoast_head_json":{"title":"\u201cJa Krishti lind lavd\u00ebrojeni; ja Krishti Qiellit vjen dilni priteni; ja Krishti mbi dhen\u00eb ngrehuni; Zotin pra e k\u00ebndoni lart e mbi dh\u00e9...\u201d (Dhjetor 2010) - Kisha Orthodh\u03bfkse Autoqefale e Shqip\u00ebris\u00eb","robots":{"index":"index","follow":"follow","max-snippet":"max-snippet:-1","max-image-preview":"max-image-preview:large","max-video-preview":"max-video-preview:-1"},"canonical":"https:\/\/orthodoxalbania.org\/2020\/2013\/03\/21\/ja-krishti-lind-lavderojeni-ja-krishti-qiellit-vjen-dilni-priteni-ja-krishti-mbi-dhene-ngrehuni-zotin-pra-e-kendoni-lart-e-mbi-dhe\/","og_locale":"en_US","og_type":"article","og_title":"\u201cJa Krishti lind lavd\u00ebrojeni; ja Krishti Qiellit vjen dilni priteni; ja Krishti mbi dhen\u00eb ngrehuni; Zotin pra e k\u00ebndoni lart e mbi dh\u00e9...\u201d (Dhjetor 2010) - Kisha Orthodh\u03bfkse Autoqefale e Shqip\u00ebris\u00eb","og_description":"&nbsp; &nbsp; Mjafton vet\u00ebm t\u00eb lexojm\u00eb k\u00ebt\u00eb himn dhe kuptohet shume leht\u00eb g\u00ebzimi, madh\u00ebshtia dhe hareja me t\u00eb cilat karakterizohet Krishtlindja. &nbsp; &nbsp;&nbsp;&nbsp; Kjo atmosfer\u00eb u p\u00ebrjetua dhe u ndje gjer\u00ebsisht n\u00eb Beratin e traditave t\u00eb shumta. Zbukurimet, gatimet tradicionale, grupet e shumta rinore me yllin e Betlehemit n\u00eb duar, t\u00eb cil\u00ebt shpallnin Lindjen e Shp\u00ebtimtarit, soll\u00ebn nj\u00eb atmosfer\u00eb ngaz\u00eblluese t\u00eb Krishtlindjes. &nbsp;&nbsp;&nbsp;&nbsp; Nuk mungoi","og_url":"https:\/\/orthodoxalbania.org\/2020\/2013\/03\/21\/ja-krishti-lind-lavderojeni-ja-krishti-qiellit-vjen-dilni-priteni-ja-krishti-mbi-dhene-ngrehuni-zotin-pra-e-kendoni-lart-e-mbi-dhe\/","og_site_name":"Kisha Orthodh\u03bfkse Autoqefale e Shqip\u00ebris\u00eb","article_publisher":"https:\/\/www.facebook.com\/koash1991","article_published_time":"2013-03-21T08:58:47+00:00","article_modified_time":"2020-04-06T20:32:14+00:00","og_image":[{"url":"https:\/\/lh4.googleusercontent.com\/-07FG7WlGGI8\/VAApevV9cpI\/AAAAAAAABxk\/d1R80hIt-3w\/w640-h438-no\/2.JPG","type":"","width":"","height":""}],"author":"Kisha Orthodhokse","twitter_card":"summary_large_image","twitter_misc":{"Written by":"Kisha Orthodhokse","Est. reading time":"3 minutes"},"schema":{"@context":"https:\/\/schema.org","@graph":[{"@type":"Article","@id":"https:\/\/orthodoxalbania.org\/2020\/2013\/03\/21\/ja-krishti-lind-lavderojeni-ja-krishti-qiellit-vjen-dilni-priteni-ja-krishti-mbi-dhene-ngrehuni-zotin-pra-e-kendoni-lart-e-mbi-dhe\/#article","isPartOf":{"@id":"https:\/\/orthodoxalbania.org\/2020\/2013\/03\/21\/ja-krishti-lind-lavderojeni-ja-krishti-qiellit-vjen-dilni-priteni-ja-krishti-mbi-dhene-ngrehuni-zotin-pra-e-kendoni-lart-e-mbi-dhe\/"},"author":{"name":"Kisha Orthodhokse","@id":"https:\/\/orthodoxalbania.org\/2020\/#\/schema\/person\/0c387634a7063ac612d7ed9ce71c7e86"},"headline":"\u201cJa Krishti lind lavd\u00ebrojeni; ja Krishti Qiellit vjen dilni priteni; ja Krishti mbi dhen\u00eb ngrehuni; Zotin pra e k\u00ebndoni lart e mbi dh\u00e9&#8230;\u201d (Dhjetor 2010)","datePublished":"2013-03-21T08:58:47+00:00","dateModified":"2020-04-06T20:32:14+00:00","mainEntityOfPage":{"@id":"https:\/\/orthodoxalbania.org\/2020\/2013\/03\/21\/ja-krishti-lind-lavderojeni-ja-krishti-qiellit-vjen-dilni-priteni-ja-krishti-mbi-dhene-ngrehuni-zotin-pra-e-kendoni-lart-e-mbi-dhe\/"},"wordCount":530,"commentCount":0,"publisher":{"@id":"https:\/\/orthodoxalbania.org\/2020\/#organization"},"image":{"@id":"https:\/\/orthodoxalbania.org\/2020\/2013\/03\/21\/ja-krishti-lind-lavderojeni-ja-krishti-qiellit-vjen-dilni-priteni-ja-krishti-mbi-dhene-ngrehuni-zotin-pra-e-kendoni-lart-e-mbi-dhe\/#primaryimage"},"thumbnailUrl":"https:\/\/lh4.googleusercontent.com\/-07FG7WlGGI8\/VAApevV9cpI\/AAAAAAAABxk\/d1R80hIt-3w\/w640-h438-no\/2.JPG","keywords":["2010","Krishtlindje","lajme","Mitropolia Berat"],"articleSection":["Lajme"],"inLanguage":"en-US"},{"@type":"WebPage","@id":"https:\/\/orthodoxalbania.org\/2020\/2013\/03\/21\/ja-krishti-lind-lavderojeni-ja-krishti-qiellit-vjen-dilni-priteni-ja-krishti-mbi-dhene-ngrehuni-zotin-pra-e-kendoni-lart-e-mbi-dhe\/","url":"https:\/\/orthodoxalbania.org\/2020\/2013\/03\/21\/ja-krishti-lind-lavderojeni-ja-krishti-qiellit-vjen-dilni-priteni-ja-krishti-mbi-dhene-ngrehuni-zotin-pra-e-kendoni-lart-e-mbi-dhe\/","name":"\u201cJa Krishti lind lavd\u00ebrojeni; ja Krishti Qiellit vjen dilni priteni; ja Krishti mbi dhen\u00eb ngrehuni; Zotin pra e k\u00ebndoni lart e mbi dh\u00e9...\u201d (Dhjetor 2010) - Kisha Orthodh\u03bfkse Autoqefale e Shqip\u00ebris\u00eb","isPartOf":{"@id":"https:\/\/orthodoxalbania.org\/2020\/#website"},"primaryImageOfPage":{"@id":"https:\/\/orthodoxalbania.org\/2020\/2013\/03\/21\/ja-krishti-lind-lavderojeni-ja-krishti-qiellit-vjen-dilni-priteni-ja-krishti-mbi-dhene-ngrehuni-zotin-pra-e-kendoni-lart-e-mbi-dhe\/#primaryimage"},"image":{"@id":"https:\/\/orthodoxalbania.org\/2020\/2013\/03\/21\/ja-krishti-lind-lavderojeni-ja-krishti-qiellit-vjen-dilni-priteni-ja-krishti-mbi-dhene-ngrehuni-zotin-pra-e-kendoni-lart-e-mbi-dhe\/#primaryimage"},"thumbnailUrl":"https:\/\/lh4.googleusercontent.com\/-07FG7WlGGI8\/VAApevV9cpI\/AAAAAAAABxk\/d1R80hIt-3w\/w640-h438-no\/2.JPG","datePublished":"2013-03-21T08:58:47+00:00","dateModified":"2020-04-06T20:32:14+00:00","breadcrumb":{"@id":"https:\/\/orthodoxalbania.org\/2020\/2013\/03\/21\/ja-krishti-lind-lavderojeni-ja-krishti-qiellit-vjen-dilni-priteni-ja-krishti-mbi-dhene-ngrehuni-zotin-pra-e-kendoni-lart-e-mbi-dhe\/#breadcrumb"},"inLanguage":"en-US","potentialAction":[{"@type":"ReadAction","target":["https:\/\/orthodoxalbania.org\/2020\/2013\/03\/21\/ja-krishti-lind-lavderojeni-ja-krishti-qiellit-vjen-dilni-priteni-ja-krishti-mbi-dhene-ngrehuni-zotin-pra-e-kendoni-lart-e-mbi-dhe\/"]}]},{"@type":"ImageObject","inLanguage":"en-US","@id":"https:\/\/orthodoxalbania.org\/2020\/2013\/03\/21\/ja-krishti-lind-lavderojeni-ja-krishti-qiellit-vjen-dilni-priteni-ja-krishti-mbi-dhene-ngrehuni-zotin-pra-e-kendoni-lart-e-mbi-dhe\/#primaryimage","url":"https:\/\/lh4.googleusercontent.com\/-07FG7WlGGI8\/VAApevV9cpI\/AAAAAAAABxk\/d1R80hIt-3w\/w640-h438-no\/2.JPG","contentUrl":"https:\/\/lh4.googleusercontent.com\/-07FG7WlGGI8\/VAApevV9cpI\/AAAAAAAABxk\/d1R80hIt-3w\/w640-h438-no\/2.JPG"},{"@type":"BreadcrumbList","@id":"https:\/\/orthodoxalbania.org\/2020\/2013\/03\/21\/ja-krishti-lind-lavderojeni-ja-krishti-qiellit-vjen-dilni-priteni-ja-krishti-mbi-dhene-ngrehuni-zotin-pra-e-kendoni-lart-e-mbi-dhe\/#breadcrumb","itemListElement":[{"@type":"ListItem","position":1,"name":"Home","item":"https:\/\/orthodoxalbania.org\/2020\/"},{"@type":"ListItem","position":2,"name":"\u201cJa Krishti lind lavd\u00ebrojeni; ja Krishti Qiellit vjen dilni priteni; ja Krishti mbi dhen\u00eb ngrehuni; Zotin pra e k\u00ebndoni lart e mbi dh\u00e9&#8230;\u201d (Dhjetor 2010)"}]},{"@type":"WebSite","@id":"https:\/\/orthodoxalbania.org\/2020\/#website","url":"https:\/\/orthodoxalbania.org\/2020\/","name":"Kisha Orthodh\u03bfkse Autoqefale e Shqip\u00ebris\u00eb","description":"Fqja Zyrtare e Kish\u00ebs Orthodhokse Autoqefale e Shqip\u00ebris\u00eb me lajmet edhe informacionet zyrtare p\u00ebr struktur\u00ebn edhe veprimtarin e saj.","publisher":{"@id":"https:\/\/orthodoxalbania.org\/2020\/#organization"},"potentialAction":[{"@type":"SearchAction","target":{"@type":"EntryPoint","urlTemplate":"https:\/\/orthodoxalbania.org\/2020\/?s={search_term_string}"},"query-input":{"@type":"PropertyValueSpecification","valueRequired":true,"valueName":"search_term_string"}}],"inLanguage":"en-US"},{"@type":"Organization","@id":"https:\/\/orthodoxalbania.org\/2020\/#organization","name":"Kisha Orthodhokse Autoqefale e Shqip\u00ebris\u00eb","url":"https:\/\/orthodoxalbania.org\/2020\/","logo":{"@type":"ImageObject","inLanguage":"en-US","@id":"https:\/\/orthodoxalbania.org\/2020\/#\/schema\/logo\/image\/","url":"https:\/\/orthodoxalbania.org\/2020\/wp-content\/uploads\/2020\/05\/albania.jpeg","contentUrl":"https:\/\/orthodoxalbania.org\/2020\/wp-content\/uploads\/2020\/05\/albania.jpeg","width":540,"height":540,"caption":"Kisha Orthodhokse Autoqefale e Shqip\u00ebris\u00eb"},"image":{"@id":"https:\/\/orthodoxalbania.org\/2020\/#\/schema\/logo\/image\/"},"sameAs":["https:\/\/www.facebook.com\/koash1991"]},{"@type":"Person","@id":"https:\/\/orthodoxalbania.org\/2020\/#\/schema\/person\/0c387634a7063ac612d7ed9ce71c7e86","name":"Kisha Orthodhokse","image":{"@type":"ImageObject","inLanguage":"en-US","@id":"https:\/\/secure.gravatar.com\/avatar\/596e7c417251e30f2fbb9c00e026fce61a695a00e51c889caded71c96cbbdde5?s=96&d=mm&r=g","url":"https:\/\/secure.gravatar.com\/avatar\/596e7c417251e30f2fbb9c00e026fce61a695a00e51c889caded71c96cbbdde5?s=96&d=mm&r=g","contentUrl":"https:\/\/secure.gravatar.com\/avatar\/596e7c417251e30f2fbb9c00e026fce61a695a00e51c889caded71c96cbbdde5?s=96&d=mm&r=g","caption":"Kisha Orthodhokse"}}]}},"_links":{"self":[{"href":"https:\/\/orthodoxalbania.org\/2020\/wp-json\/wp\/v2\/posts\/1732","targetHints":{"allow":["GET"]}}],"collection":[{"href":"https:\/\/orthodoxalbania.org\/2020\/wp-json\/wp\/v2\/posts"}],"about":[{"href":"https:\/\/orthodoxalbania.org\/2020\/wp-json\/wp\/v2\/types\/post"}],"author":[{"embeddable":true,"href":"https:\/\/orthodoxalbania.org\/2020\/wp-json\/wp\/v2\/users\/1"}],"replies":[{"embeddable":true,"href":"https:\/\/orthodoxalbania.org\/2020\/wp-json\/wp\/v2\/comments?post=1732"}],"version-history":[{"count":1,"href":"https:\/\/orthodoxalbania.org\/2020\/wp-json\/wp\/v2\/posts\/1732\/revisions"}],"predecessor-version":[{"id":15436,"href":"https:\/\/orthodoxalbania.org\/2020\/wp-json\/wp\/v2\/posts\/1732\/revisions\/15436"}],"wp:attachment":[{"href":"https:\/\/orthodoxalbania.org\/2020\/wp-json\/wp\/v2\/media?parent=1732"}],"wp:term":[{"taxonomy":"category","embeddable":true,"href":"https:\/\/orthodoxalbania.org\/2020\/wp-json\/wp\/v2\/categories?post=1732"},{"taxonomy":"post_tag","embeddable":true,"href":"https:\/\/orthodoxalbania.org\/2020\/wp-json\/wp\/v2\/tags?post=1732"}],"curies":[{"name":"wp","href":"https:\/\/api.w.org\/{rel}","templated":true}]}}