{"id":1731,"date":"2013-03-20T12:40:21","date_gmt":"2013-03-20T12:40:21","guid":{"rendered":""},"modified":"2020-04-06T22:32:28","modified_gmt":"2020-04-06T20:32:28","slug":"gezuar-10-vjetorin-per-perkujdesjen-ditore-te-elbasanit","status":"publish","type":"post","link":"https:\/\/orthodoxalbania.org\/2020\/2013\/03\/20\/gezuar-10-vjetorin-per-perkujdesjen-ditore-te-elbasanit\/","title":{"rendered":"\u201cG\u00ebzuar 10-vjetorin!\u201d  p\u00ebr P\u00ebrkujdesjen Ditore t\u00eb Elbasanit. (2010)"},"content":{"rendered":"<div style=\"text-align: justify;\"><span class=\"Apple-style-span\" style=\"-webkit-border-horizontal-spacing: 2px; -webkit-border-vertical-spacing: 2px;\"><img decoding=\"async\" class=\"lazyload HAa Eha\" style=\"height: 225px; width: 300px; border-width: 1px; border-style: solid; margin: 10px; float: left;\" alt=\"\" src=\"data:image\/gif;base64,R0lGODlhAQABAAAAACH5BAEKAAEALAAAAAABAAEAAAICTAEAOw==\" data-orig-src=\"https:\/\/lh5.googleusercontent.com\/-lNt32MVY78c\/U_3LsjhiO6I\/AAAAAAAABcQ\/Dzu2QXEmC0o\/w448-h336-no\/2.jpg\" \/><span style=\"font-family: tahoma,geneva,sans-serif;\"><span style=\"font-size: 12px;\"><span style=\"color: #000000;\"> &nbsp; &nbsp; Pran\u00eb kish\u00ebs s\u00eb sh\u00ebn Nikoll\u00ebs n\u00eb Elbasan, 10 vjet m\u00eb par\u00eb ka filluar aktivitetin P\u00ebrkujdesja Ditore p\u00ebr f\u00ebmij\u00ebt, e cila u hap n\u00ebn kujdesin at\u00ebror t\u00eb Fortlumturis\u00eb s\u00eb Tij, Kryepiskopit Anastas. P\u00ebr t\u00eb kujtuar k\u00ebt\u00eb vit jubile, f\u00ebmij\u00ebt e k\u00ebtij kopshti, prind\u00ebrit e tyre s\u00eb bashku me edukatoret kishin p\u00ebrgatitur nj\u00eb fest\u00eb t\u00eb ve\u00e7ant\u00eb.<\/span><\/span><\/span><\/span><\/div>\n<div style=\"text-align: justify;\"><span style=\"font-family: tahoma,geneva,sans-serif;\"><span style=\"font-size: 12px;\"><span style=\"color: #000000;\"><span class=\"Apple-style-span\"><br \/> &nbsp; &nbsp; N\u00eb k\u00ebt\u00eb ceremoni emocionuese merrnin pjes\u00eb edhe t\u00eb ftuar nga Zyra e Koordinimit t\u00eb P\u00ebrkujdesjeve Ditore n\u00eb Tiran\u00eb si dhe edukatore e f\u00ebmij\u00eb t\u00eb kopshteve simotra nga qytetet e tjera.<\/span><\/span><\/span><\/span><\/div>\n<div style=\"text-align: justify;\"><span style=\"font-family: tahoma,geneva,sans-serif;\"><span style=\"font-size: 12px;\"><span style=\"color: #000000;\"><span class=\"Apple-style-span\"><br \/> &nbsp;&nbsp;&nbsp; Festa u organizua n\u00eb nj\u00eb ambient shum\u00eb t\u00eb bukur pran\u00eb kopshtit dhe u shoq\u00ebrua me nj\u00eb koncert t\u00eb madh festiv, n\u00eb t\u00eb cilin f\u00ebmij\u00ebt recituan, k\u00ebnduan, interpretuan dhe k\u00ebrcyen. M\u00eb e ve\u00e7anta e k\u00ebtij spektakli ishin edhe f\u00ebmij\u00ebt e brezave t\u00eb kaluar q\u00eb jan\u00eb edukuar n\u00eb k\u00ebt\u00eb kopsht. Jan\u00eb m\u00eb shum\u00eb se 250 f\u00ebmij\u00eb q\u00eb jan\u00eb p\u00ebrcjell\u00eb p\u00ebr n\u00eb klas\u00eb t\u00eb par\u00eb gjat\u00eb k\u00ebtyre viteve dhe sigurisht q\u00eb edhe ata ruajn\u00eb kujtimet m\u00eb t\u00eb bukura aty. K\u00ebto emocione i p\u00ebrs\u00ebrit\u00ebn kur pan\u00eb g\u00ebzimin n\u00eb fytyrat e f\u00ebmij\u00ebve aktual\u00eb, t\u00eb cil\u00ebt i p\u00ebrsh\u00ebndet\u00ebn me krijimet e tyre, nd\u00ebrsa prind\u00ebrit kishin p\u00ebrgatitur nj\u00eb tort\u00eb t\u00eb madhe me urimin \u201cG\u00ebzuar 10-vjetorin!\u201d<\/span><\/span><\/span><\/span><\/div>\n<div style=\"text-align: justify;\"> <span style=\"font-family: tahoma,geneva,sans-serif;\"><span style=\"font-size: 12px;\"><span style=\"color: #000000;\"><span class=\"Apple-style-span\">&nbsp; &nbsp; Festa u mbyll me kokteilin e shtruar me rastin e k\u00ebsaj ceremonie shum\u00eb t\u00eb r\u00ebnd\u00ebsishme p\u00ebr k\u00ebt\u00eb kopsht.<\/span><\/span><\/span><\/span><\/div>\n<div style=\"text-align: justify;\"> <span style=\"font-family: tahoma,geneva,sans-serif;\"><span style=\"font-size: 12px;\"><span style=\"color: #000000;\"><span class=\"Apple-style-span\">&nbsp;&nbsp;&nbsp;&nbsp; Ky aktivitet u organizua para pak koh\u00ebsh me p\u00ebrmasa madh\u00ebshtore edhe n\u00eb Pogradec. N\u00eb ambientet e Pallatit t\u00eb Kultur\u00ebs, 10-vjetori i k\u00ebtij kopshti u kthye n\u00eb ngjarjen kryesore t\u00eb qytetit. Veprimtaria pasoi edhe p\u00ebrvjetor\u00ebt e kopshteve t\u00eb tjera n\u00eb Durr\u00ebs, Kavaj\u00eb dhe Lushnje.<\/span><\/span><\/span><\/span><\/div>\n<div style=\"text-align: justify;\">&nbsp;<\/div>\n<div style=\"text-align: justify;\"><a href=\"..\/old\/index.php\/shq\/faqja-kryesore\/vepra-sociale\/111-arsimi-dhe-edukimi\/107-perkujdesjet-ditore-kopshtet\"><span style=\"font-family: tahoma,geneva,sans-serif;\"><span style=\"font-size: 12px;\"><span style=\"color: #000000;\"><em>&nbsp;&nbsp;&nbsp;&nbsp; P\u00ebr m\u00eb tep\u00ebr informacion rreth P\u00ebrkujdesjeve Ditore p\u00ebr f\u00ebmij\u00eb klikoni <\/em><\/span><\/span><\/span><\/a><br \/> &nbsp;<\/div>\n<div style=\"text-align: justify;\">&nbsp;<\/div>\n<div style=\"text-align: justify;\">\n<table style=\"width: 846px; height: 964px;\" border=\"0\">\n<tbody>\n<tr>\n<td><img decoding=\"async\" class=\"lazyload HAa Eha\" style=\"margin: 10px auto; display: block; border: 1px solid;\" alt=\"\" src=\"data:image\/svg+xml,%3Csvg%20xmlns%3D%27http%3A%2F%2Fwww.w3.org%2F2000%2Fsvg%27%20width%3D%27411%27%20height%3D%27308%27%20viewBox%3D%270%200%20411%20308%27%3E%3Crect%20width%3D%27411%27%20height%3D%27308%27%20fill-opacity%3D%220%22%2F%3E%3C%2Fsvg%3E\" data-orig-src=\"https:\/\/lh5.googleusercontent.com\/-Kmml8Ai2xmE\/U_3LshUWlcI\/AAAAAAAABbo\/oVRQWHKA-BU\/w448-h336-no\/3.jpg\" height=\"308\" width=\"411\" \/><\/td>\n<td><img decoding=\"async\" class=\"lazyload HAa Eha\" style=\"margin: 10px auto; display: block; border: 1px solid;\" alt=\"\" src=\"data:image\/svg+xml,%3Csvg%20xmlns%3D%27http%3A%2F%2Fwww.w3.org%2F2000%2Fsvg%27%20width%3D%27408%27%20height%3D%27306%27%20viewBox%3D%270%200%20408%20306%27%3E%3Crect%20width%3D%27408%27%20height%3D%27306%27%20fill-opacity%3D%220%22%2F%3E%3C%2Fsvg%3E\" data-orig-src=\"https:\/\/lh5.googleusercontent.com\/-gx4IUABdmPA\/U_3Lsrr8fhI\/AAAAAAAABcM\/0auNW0lqEps\/w448-h336-no\/4.jpg\" height=\"306\" width=\"408\" \/><\/td>\n<\/tr>\n<tr>\n<td><img decoding=\"async\" class=\"lazyload HAa Eha\" style=\"border-width: 1px; border-style: solid; margin: 10px auto; display: block;\" alt=\"\" src=\"data:image\/svg+xml,%3Csvg%20xmlns%3D%27http%3A%2F%2Fwww.w3.org%2F2000%2Fsvg%27%20width%3D%27410%27%20height%3D%27307%27%20viewBox%3D%270%200%20410%20307%27%3E%3Crect%20width%3D%27410%27%20height%3D%27307%27%20fill-opacity%3D%220%22%2F%3E%3C%2Fsvg%3E\" data-orig-src=\"https:\/\/lh4.googleusercontent.com\/-444QoMI_jdw\/U_3LtUS0MtI\/AAAAAAAABb0\/_u-0ZYsvDqg\/w448-h336-no\/5.jpg\" height=\"307\" width=\"410\" \/><\/td>\n<td><img decoding=\"async\" class=\"lazyload HAa Eha\" style=\"border-width: 1px; border-style: solid; margin: 10px auto; display: block;\" alt=\"\" src=\"data:image\/svg+xml,%3Csvg%20xmlns%3D%27http%3A%2F%2Fwww.w3.org%2F2000%2Fsvg%27%20width%3D%27398%27%20height%3D%27299%27%20viewBox%3D%270%200%20398%20299%27%3E%3Crect%20width%3D%27398%27%20height%3D%27299%27%20fill-opacity%3D%220%22%2F%3E%3C%2Fsvg%3E\" data-orig-src=\"https:\/\/lh3.googleusercontent.com\/-LB0VYwO3WYg\/U_3LtxoBsSI\/AAAAAAAABcI\/C8rK_76DYQI\/w448-h336-no\/6.jpg\" height=\"299\" width=\"398\" \/><\/td>\n<\/tr>\n<tr>\n<td><img decoding=\"async\" class=\"lazyload HAa Eha\" style=\"border-width: 1px; border-style: solid; margin: 10px auto; display: block;\" alt=\"\" src=\"data:image\/svg+xml,%3Csvg%20xmlns%3D%27http%3A%2F%2Fwww.w3.org%2F2000%2Fsvg%27%20width%3D%27399%27%20height%3D%27299%27%20viewBox%3D%270%200%20399%20299%27%3E%3Crect%20width%3D%27399%27%20height%3D%27299%27%20fill-opacity%3D%220%22%2F%3E%3C%2Fsvg%3E\" data-orig-src=\"https:\/\/lh3.googleusercontent.com\/-oKVym_2f3Hw\/U_3Luc_xuUI\/AAAAAAAABcA\/89lYrj62bVs\/w448-h336-no\/7.jpg\" height=\"299\" width=\"399\" \/><\/td>\n<td><img decoding=\"async\" class=\"lazyload HAa Eha\" style=\"width: 391px; height: 312px; margin: 10px auto; display: block; border: 1px solid;\" alt=\"\" src=\"data:image\/svg+xml,%3Csvg%20xmlns%3D%27http%3A%2F%2Fwww.w3.org%2F2000%2Fsvg%27%20width%3D%27446%27%20height%3D%27333%27%20viewBox%3D%270%200%20446%20333%27%3E%3Crect%20width%3D%27446%27%20height%3D%27333%27%20fill-opacity%3D%220%22%2F%3E%3C%2Fsvg%3E\" data-orig-src=\"https:\/\/lh3.googleusercontent.com\/-6vFANwGUUtk\/U_3Lu45747I\/AAAAAAAABcE\/zLSJaO0mLp0\/w385-h262-no\/8.jpg\" height=\"333px\" width=\"446px\" \/><\/td>\n<\/tr>\n<\/tbody>\n<\/table>\n<p>&nbsp;<\/p>\n<\/div>\n","protected":false},"excerpt":{"rendered":"<p>&nbsp; &nbsp; Pran\u00eb kish\u00ebs s\u00eb sh\u00ebn Nikoll\u00ebs n\u00eb Elbasan, 10 vjet m\u00eb par\u00eb ka filluar aktivitetin P\u00ebrkujdesja Ditore p\u00ebr f\u00ebmij\u00ebt, e cila u hap n\u00ebn kujdesin at\u00ebror t\u00eb Fortlumturis\u00eb s\u00eb Tij, Kryepiskopit Anastas. P\u00ebr t\u00eb kujtuar k\u00ebt\u00eb vit jubile, f\u00ebmij\u00ebt e k\u00ebtij kopshti, prind\u00ebrit e tyre s\u00eb bashku me edukatoret kishin p\u00ebrgatitur nj\u00eb fest\u00eb t\u00eb ve\u00e7ant\u00eb. &nbsp; &nbsp; N\u00eb k\u00ebt\u00eb ceremoni emocionuese merrnin pjes\u00eb edhe<\/p>\n","protected":false},"author":1,"featured_media":0,"comment_status":"open","ping_status":"open","sticky":false,"template":"","format":"standard","meta":{"_acf_changed":false,"pagelayer_contact_templates":[],"_pagelayer_content":"","inline_featured_image":false,"fifu_image_url":"","fifu_image_alt":"","footnotes":""},"categories":[108],"tags":[144,175,196,212],"class_list":["post-1731","post","type-post","status-publish","format-standard","hentry","category-lajme","tag-144","tag-institucione-parashkollore-te-kishes-orthodhokse","tag-tirane","tag-lajme-d27"],"acf":[],"yoast_head":"<!-- This site is optimized with the Yoast SEO plugin v27.2 - https:\/\/yoast.com\/product\/yoast-seo-wordpress\/ -->\n<title>\u201cG\u00ebzuar 10-vjetorin!\u201d p\u00ebr P\u00ebrkujdesjen Ditore t\u00eb Elbasanit. (2010) - Kisha Orthodh\u03bfkse Autoqefale e Shqip\u00ebris\u00eb<\/title>\n<meta name=\"robots\" content=\"index, follow, max-snippet:-1, max-image-preview:large, max-video-preview:-1\" \/>\n<link rel=\"canonical\" href=\"https:\/\/orthodoxalbania.org\/2020\/2013\/03\/20\/gezuar-10-vjetorin-per-perkujdesjen-ditore-te-elbasanit\/\" \/>\n<meta property=\"og:locale\" content=\"en_US\" \/>\n<meta property=\"og:type\" content=\"article\" \/>\n<meta property=\"og:title\" content=\"\u201cG\u00ebzuar 10-vjetorin!\u201d p\u00ebr P\u00ebrkujdesjen Ditore t\u00eb Elbasanit. (2010) - Kisha Orthodh\u03bfkse Autoqefale e Shqip\u00ebris\u00eb\" \/>\n<meta property=\"og:description\" content=\"&nbsp; &nbsp; Pran\u00eb kish\u00ebs s\u00eb sh\u00ebn Nikoll\u00ebs n\u00eb Elbasan, 10 vjet m\u00eb par\u00eb ka filluar aktivitetin P\u00ebrkujdesja Ditore p\u00ebr f\u00ebmij\u00ebt, e cila u hap n\u00ebn kujdesin at\u00ebror t\u00eb Fortlumturis\u00eb s\u00eb Tij, Kryepiskopit Anastas. P\u00ebr t\u00eb kujtuar k\u00ebt\u00eb vit jubile, f\u00ebmij\u00ebt e k\u00ebtij kopshti, prind\u00ebrit e tyre s\u00eb bashku me edukatoret kishin p\u00ebrgatitur nj\u00eb fest\u00eb t\u00eb ve\u00e7ant\u00eb. &nbsp; &nbsp; N\u00eb k\u00ebt\u00eb ceremoni emocionuese merrnin pjes\u00eb edhe\" \/>\n<meta property=\"og:url\" content=\"https:\/\/orthodoxalbania.org\/2020\/2013\/03\/20\/gezuar-10-vjetorin-per-perkujdesjen-ditore-te-elbasanit\/\" \/>\n<meta property=\"og:site_name\" content=\"Kisha Orthodh\u03bfkse Autoqefale e Shqip\u00ebris\u00eb\" \/>\n<meta property=\"article:publisher\" content=\"https:\/\/www.facebook.com\/koash1991\" \/>\n<meta property=\"article:published_time\" content=\"2013-03-20T12:40:21+00:00\" \/>\n<meta property=\"article:modified_time\" content=\"2020-04-06T20:32:28+00:00\" \/>\n<meta property=\"og:image\" content=\"https:\/\/lh5.googleusercontent.com\/-lNt32MVY78c\/U_3LsjhiO6I\/AAAAAAAABcQ\/Dzu2QXEmC0o\/w448-h336-no\/2.jpg\" \/>\n<meta name=\"author\" content=\"Kisha Orthodhokse\" \/>\n<meta name=\"twitter:card\" content=\"summary_large_image\" \/>\n<meta name=\"twitter:label1\" content=\"Written by\" \/>\n\t<meta name=\"twitter:data1\" content=\"Kisha Orthodhokse\" \/>\n\t<meta name=\"twitter:label2\" content=\"Est. reading time\" \/>\n\t<meta name=\"twitter:data2\" content=\"2 minutes\" \/>\n<script type=\"application\/ld+json\" class=\"yoast-schema-graph\">{\"@context\":\"https:\/\/schema.org\",\"@graph\":[{\"@type\":\"Article\",\"@id\":\"https:\/\/orthodoxalbania.org\/2020\/2013\/03\/20\/gezuar-10-vjetorin-per-perkujdesjen-ditore-te-elbasanit\/#article\",\"isPartOf\":{\"@id\":\"https:\/\/orthodoxalbania.org\/2020\/2013\/03\/20\/gezuar-10-vjetorin-per-perkujdesjen-ditore-te-elbasanit\/\"},\"author\":{\"name\":\"Kisha Orthodhokse\",\"@id\":\"https:\/\/orthodoxalbania.org\/2020\/#\/schema\/person\/0c387634a7063ac612d7ed9ce71c7e86\"},\"headline\":\"\u201cG\u00ebzuar 10-vjetorin!\u201d p\u00ebr P\u00ebrkujdesjen Ditore t\u00eb Elbasanit. (2010)\",\"datePublished\":\"2013-03-20T12:40:21+00:00\",\"dateModified\":\"2020-04-06T20:32:28+00:00\",\"mainEntityOfPage\":{\"@id\":\"https:\/\/orthodoxalbania.org\/2020\/2013\/03\/20\/gezuar-10-vjetorin-per-perkujdesjen-ditore-te-elbasanit\/\"},\"wordCount\":359,\"commentCount\":0,\"publisher\":{\"@id\":\"https:\/\/orthodoxalbania.org\/2020\/#organization\"},\"image\":{\"@id\":\"https:\/\/orthodoxalbania.org\/2020\/2013\/03\/20\/gezuar-10-vjetorin-per-perkujdesjen-ditore-te-elbasanit\/#primaryimage\"},\"thumbnailUrl\":\"https:\/\/lh5.googleusercontent.com\/-lNt32MVY78c\/U_3LsjhiO6I\/AAAAAAAABcQ\/Dzu2QXEmC0o\/w448-h336-no\/2.jpg\",\"keywords\":[\"2010\",\"Institucione Parashkollore t\u00eb Kish\u00ebs Orthodhokse\",\"Kryepiskopata Tiran\u00eb\",\"lajme\"],\"articleSection\":[\"Lajme\"],\"inLanguage\":\"en-US\"},{\"@type\":\"WebPage\",\"@id\":\"https:\/\/orthodoxalbania.org\/2020\/2013\/03\/20\/gezuar-10-vjetorin-per-perkujdesjen-ditore-te-elbasanit\/\",\"url\":\"https:\/\/orthodoxalbania.org\/2020\/2013\/03\/20\/gezuar-10-vjetorin-per-perkujdesjen-ditore-te-elbasanit\/\",\"name\":\"\u201cG\u00ebzuar 10-vjetorin!\u201d p\u00ebr P\u00ebrkujdesjen Ditore t\u00eb Elbasanit. (2010) - Kisha Orthodh\u03bfkse Autoqefale e Shqip\u00ebris\u00eb\",\"isPartOf\":{\"@id\":\"https:\/\/orthodoxalbania.org\/2020\/#website\"},\"primaryImageOfPage\":{\"@id\":\"https:\/\/orthodoxalbania.org\/2020\/2013\/03\/20\/gezuar-10-vjetorin-per-perkujdesjen-ditore-te-elbasanit\/#primaryimage\"},\"image\":{\"@id\":\"https:\/\/orthodoxalbania.org\/2020\/2013\/03\/20\/gezuar-10-vjetorin-per-perkujdesjen-ditore-te-elbasanit\/#primaryimage\"},\"thumbnailUrl\":\"https:\/\/lh5.googleusercontent.com\/-lNt32MVY78c\/U_3LsjhiO6I\/AAAAAAAABcQ\/Dzu2QXEmC0o\/w448-h336-no\/2.jpg\",\"datePublished\":\"2013-03-20T12:40:21+00:00\",\"dateModified\":\"2020-04-06T20:32:28+00:00\",\"breadcrumb\":{\"@id\":\"https:\/\/orthodoxalbania.org\/2020\/2013\/03\/20\/gezuar-10-vjetorin-per-perkujdesjen-ditore-te-elbasanit\/#breadcrumb\"},\"inLanguage\":\"en-US\",\"potentialAction\":[{\"@type\":\"ReadAction\",\"target\":[\"https:\/\/orthodoxalbania.org\/2020\/2013\/03\/20\/gezuar-10-vjetorin-per-perkujdesjen-ditore-te-elbasanit\/\"]}]},{\"@type\":\"ImageObject\",\"inLanguage\":\"en-US\",\"@id\":\"https:\/\/orthodoxalbania.org\/2020\/2013\/03\/20\/gezuar-10-vjetorin-per-perkujdesjen-ditore-te-elbasanit\/#primaryimage\",\"url\":\"https:\/\/lh5.googleusercontent.com\/-lNt32MVY78c\/U_3LsjhiO6I\/AAAAAAAABcQ\/Dzu2QXEmC0o\/w448-h336-no\/2.jpg\",\"contentUrl\":\"https:\/\/lh5.googleusercontent.com\/-lNt32MVY78c\/U_3LsjhiO6I\/AAAAAAAABcQ\/Dzu2QXEmC0o\/w448-h336-no\/2.jpg\"},{\"@type\":\"BreadcrumbList\",\"@id\":\"https:\/\/orthodoxalbania.org\/2020\/2013\/03\/20\/gezuar-10-vjetorin-per-perkujdesjen-ditore-te-elbasanit\/#breadcrumb\",\"itemListElement\":[{\"@type\":\"ListItem\",\"position\":1,\"name\":\"Home\",\"item\":\"https:\/\/orthodoxalbania.org\/2020\/\"},{\"@type\":\"ListItem\",\"position\":2,\"name\":\"\u201cG\u00ebzuar 10-vjetorin!\u201d p\u00ebr P\u00ebrkujdesjen Ditore t\u00eb Elbasanit. (2010)\"}]},{\"@type\":\"WebSite\",\"@id\":\"https:\/\/orthodoxalbania.org\/2020\/#website\",\"url\":\"https:\/\/orthodoxalbania.org\/2020\/\",\"name\":\"Kisha Orthodh\u03bfkse Autoqefale e Shqip\u00ebris\u00eb\",\"description\":\"Fqja Zyrtare e Kish\u00ebs Orthodhokse Autoqefale e Shqip\u00ebris\u00eb me lajmet edhe informacionet zyrtare p\u00ebr struktur\u00ebn edhe veprimtarin e saj.\",\"publisher\":{\"@id\":\"https:\/\/orthodoxalbania.org\/2020\/#organization\"},\"potentialAction\":[{\"@type\":\"SearchAction\",\"target\":{\"@type\":\"EntryPoint\",\"urlTemplate\":\"https:\/\/orthodoxalbania.org\/2020\/?s={search_term_string}\"},\"query-input\":{\"@type\":\"PropertyValueSpecification\",\"valueRequired\":true,\"valueName\":\"search_term_string\"}}],\"inLanguage\":\"en-US\"},{\"@type\":\"Organization\",\"@id\":\"https:\/\/orthodoxalbania.org\/2020\/#organization\",\"name\":\"Kisha Orthodhokse Autoqefale e Shqip\u00ebris\u00eb\",\"url\":\"https:\/\/orthodoxalbania.org\/2020\/\",\"logo\":{\"@type\":\"ImageObject\",\"inLanguage\":\"en-US\",\"@id\":\"https:\/\/orthodoxalbania.org\/2020\/#\/schema\/logo\/image\/\",\"url\":\"https:\/\/orthodoxalbania.org\/2020\/wp-content\/uploads\/2020\/05\/albania.jpeg\",\"contentUrl\":\"https:\/\/orthodoxalbania.org\/2020\/wp-content\/uploads\/2020\/05\/albania.jpeg\",\"width\":540,\"height\":540,\"caption\":\"Kisha Orthodhokse Autoqefale e Shqip\u00ebris\u00eb\"},\"image\":{\"@id\":\"https:\/\/orthodoxalbania.org\/2020\/#\/schema\/logo\/image\/\"},\"sameAs\":[\"https:\/\/www.facebook.com\/koash1991\"]},{\"@type\":\"Person\",\"@id\":\"https:\/\/orthodoxalbania.org\/2020\/#\/schema\/person\/0c387634a7063ac612d7ed9ce71c7e86\",\"name\":\"Kisha Orthodhokse\",\"image\":{\"@type\":\"ImageObject\",\"inLanguage\":\"en-US\",\"@id\":\"https:\/\/secure.gravatar.com\/avatar\/596e7c417251e30f2fbb9c00e026fce61a695a00e51c889caded71c96cbbdde5?s=96&d=mm&r=g\",\"url\":\"https:\/\/secure.gravatar.com\/avatar\/596e7c417251e30f2fbb9c00e026fce61a695a00e51c889caded71c96cbbdde5?s=96&d=mm&r=g\",\"contentUrl\":\"https:\/\/secure.gravatar.com\/avatar\/596e7c417251e30f2fbb9c00e026fce61a695a00e51c889caded71c96cbbdde5?s=96&d=mm&r=g\",\"caption\":\"Kisha Orthodhokse\"}}]}<\/script>\n<!-- \/ Yoast SEO plugin. -->","yoast_head_json":{"title":"\u201cG\u00ebzuar 10-vjetorin!\u201d p\u00ebr P\u00ebrkujdesjen Ditore t\u00eb Elbasanit. (2010) - Kisha Orthodh\u03bfkse Autoqefale e Shqip\u00ebris\u00eb","robots":{"index":"index","follow":"follow","max-snippet":"max-snippet:-1","max-image-preview":"max-image-preview:large","max-video-preview":"max-video-preview:-1"},"canonical":"https:\/\/orthodoxalbania.org\/2020\/2013\/03\/20\/gezuar-10-vjetorin-per-perkujdesjen-ditore-te-elbasanit\/","og_locale":"en_US","og_type":"article","og_title":"\u201cG\u00ebzuar 10-vjetorin!\u201d p\u00ebr P\u00ebrkujdesjen Ditore t\u00eb Elbasanit. (2010) - Kisha Orthodh\u03bfkse Autoqefale e Shqip\u00ebris\u00eb","og_description":"&nbsp; &nbsp; Pran\u00eb kish\u00ebs s\u00eb sh\u00ebn Nikoll\u00ebs n\u00eb Elbasan, 10 vjet m\u00eb par\u00eb ka filluar aktivitetin P\u00ebrkujdesja Ditore p\u00ebr f\u00ebmij\u00ebt, e cila u hap n\u00ebn kujdesin at\u00ebror t\u00eb Fortlumturis\u00eb s\u00eb Tij, Kryepiskopit Anastas. P\u00ebr t\u00eb kujtuar k\u00ebt\u00eb vit jubile, f\u00ebmij\u00ebt e k\u00ebtij kopshti, prind\u00ebrit e tyre s\u00eb bashku me edukatoret kishin p\u00ebrgatitur nj\u00eb fest\u00eb t\u00eb ve\u00e7ant\u00eb. &nbsp; &nbsp; N\u00eb k\u00ebt\u00eb ceremoni emocionuese merrnin pjes\u00eb edhe","og_url":"https:\/\/orthodoxalbania.org\/2020\/2013\/03\/20\/gezuar-10-vjetorin-per-perkujdesjen-ditore-te-elbasanit\/","og_site_name":"Kisha Orthodh\u03bfkse Autoqefale e Shqip\u00ebris\u00eb","article_publisher":"https:\/\/www.facebook.com\/koash1991","article_published_time":"2013-03-20T12:40:21+00:00","article_modified_time":"2020-04-06T20:32:28+00:00","og_image":[{"url":"https:\/\/lh5.googleusercontent.com\/-lNt32MVY78c\/U_3LsjhiO6I\/AAAAAAAABcQ\/Dzu2QXEmC0o\/w448-h336-no\/2.jpg","type":"","width":"","height":""}],"author":"Kisha Orthodhokse","twitter_card":"summary_large_image","twitter_misc":{"Written by":"Kisha Orthodhokse","Est. reading time":"2 minutes"},"schema":{"@context":"https:\/\/schema.org","@graph":[{"@type":"Article","@id":"https:\/\/orthodoxalbania.org\/2020\/2013\/03\/20\/gezuar-10-vjetorin-per-perkujdesjen-ditore-te-elbasanit\/#article","isPartOf":{"@id":"https:\/\/orthodoxalbania.org\/2020\/2013\/03\/20\/gezuar-10-vjetorin-per-perkujdesjen-ditore-te-elbasanit\/"},"author":{"name":"Kisha Orthodhokse","@id":"https:\/\/orthodoxalbania.org\/2020\/#\/schema\/person\/0c387634a7063ac612d7ed9ce71c7e86"},"headline":"\u201cG\u00ebzuar 10-vjetorin!\u201d p\u00ebr P\u00ebrkujdesjen Ditore t\u00eb Elbasanit. (2010)","datePublished":"2013-03-20T12:40:21+00:00","dateModified":"2020-04-06T20:32:28+00:00","mainEntityOfPage":{"@id":"https:\/\/orthodoxalbania.org\/2020\/2013\/03\/20\/gezuar-10-vjetorin-per-perkujdesjen-ditore-te-elbasanit\/"},"wordCount":359,"commentCount":0,"publisher":{"@id":"https:\/\/orthodoxalbania.org\/2020\/#organization"},"image":{"@id":"https:\/\/orthodoxalbania.org\/2020\/2013\/03\/20\/gezuar-10-vjetorin-per-perkujdesjen-ditore-te-elbasanit\/#primaryimage"},"thumbnailUrl":"https:\/\/lh5.googleusercontent.com\/-lNt32MVY78c\/U_3LsjhiO6I\/AAAAAAAABcQ\/Dzu2QXEmC0o\/w448-h336-no\/2.jpg","keywords":["2010","Institucione Parashkollore t\u00eb Kish\u00ebs Orthodhokse","Kryepiskopata Tiran\u00eb","lajme"],"articleSection":["Lajme"],"inLanguage":"en-US"},{"@type":"WebPage","@id":"https:\/\/orthodoxalbania.org\/2020\/2013\/03\/20\/gezuar-10-vjetorin-per-perkujdesjen-ditore-te-elbasanit\/","url":"https:\/\/orthodoxalbania.org\/2020\/2013\/03\/20\/gezuar-10-vjetorin-per-perkujdesjen-ditore-te-elbasanit\/","name":"\u201cG\u00ebzuar 10-vjetorin!\u201d p\u00ebr P\u00ebrkujdesjen Ditore t\u00eb Elbasanit. (2010) - Kisha Orthodh\u03bfkse Autoqefale e Shqip\u00ebris\u00eb","isPartOf":{"@id":"https:\/\/orthodoxalbania.org\/2020\/#website"},"primaryImageOfPage":{"@id":"https:\/\/orthodoxalbania.org\/2020\/2013\/03\/20\/gezuar-10-vjetorin-per-perkujdesjen-ditore-te-elbasanit\/#primaryimage"},"image":{"@id":"https:\/\/orthodoxalbania.org\/2020\/2013\/03\/20\/gezuar-10-vjetorin-per-perkujdesjen-ditore-te-elbasanit\/#primaryimage"},"thumbnailUrl":"https:\/\/lh5.googleusercontent.com\/-lNt32MVY78c\/U_3LsjhiO6I\/AAAAAAAABcQ\/Dzu2QXEmC0o\/w448-h336-no\/2.jpg","datePublished":"2013-03-20T12:40:21+00:00","dateModified":"2020-04-06T20:32:28+00:00","breadcrumb":{"@id":"https:\/\/orthodoxalbania.org\/2020\/2013\/03\/20\/gezuar-10-vjetorin-per-perkujdesjen-ditore-te-elbasanit\/#breadcrumb"},"inLanguage":"en-US","potentialAction":[{"@type":"ReadAction","target":["https:\/\/orthodoxalbania.org\/2020\/2013\/03\/20\/gezuar-10-vjetorin-per-perkujdesjen-ditore-te-elbasanit\/"]}]},{"@type":"ImageObject","inLanguage":"en-US","@id":"https:\/\/orthodoxalbania.org\/2020\/2013\/03\/20\/gezuar-10-vjetorin-per-perkujdesjen-ditore-te-elbasanit\/#primaryimage","url":"https:\/\/lh5.googleusercontent.com\/-lNt32MVY78c\/U_3LsjhiO6I\/AAAAAAAABcQ\/Dzu2QXEmC0o\/w448-h336-no\/2.jpg","contentUrl":"https:\/\/lh5.googleusercontent.com\/-lNt32MVY78c\/U_3LsjhiO6I\/AAAAAAAABcQ\/Dzu2QXEmC0o\/w448-h336-no\/2.jpg"},{"@type":"BreadcrumbList","@id":"https:\/\/orthodoxalbania.org\/2020\/2013\/03\/20\/gezuar-10-vjetorin-per-perkujdesjen-ditore-te-elbasanit\/#breadcrumb","itemListElement":[{"@type":"ListItem","position":1,"name":"Home","item":"https:\/\/orthodoxalbania.org\/2020\/"},{"@type":"ListItem","position":2,"name":"\u201cG\u00ebzuar 10-vjetorin!\u201d p\u00ebr P\u00ebrkujdesjen Ditore t\u00eb Elbasanit. (2010)"}]},{"@type":"WebSite","@id":"https:\/\/orthodoxalbania.org\/2020\/#website","url":"https:\/\/orthodoxalbania.org\/2020\/","name":"Kisha Orthodh\u03bfkse Autoqefale e Shqip\u00ebris\u00eb","description":"Fqja Zyrtare e Kish\u00ebs Orthodhokse Autoqefale e Shqip\u00ebris\u00eb me lajmet edhe informacionet zyrtare p\u00ebr struktur\u00ebn edhe veprimtarin e saj.","publisher":{"@id":"https:\/\/orthodoxalbania.org\/2020\/#organization"},"potentialAction":[{"@type":"SearchAction","target":{"@type":"EntryPoint","urlTemplate":"https:\/\/orthodoxalbania.org\/2020\/?s={search_term_string}"},"query-input":{"@type":"PropertyValueSpecification","valueRequired":true,"valueName":"search_term_string"}}],"inLanguage":"en-US"},{"@type":"Organization","@id":"https:\/\/orthodoxalbania.org\/2020\/#organization","name":"Kisha Orthodhokse Autoqefale e Shqip\u00ebris\u00eb","url":"https:\/\/orthodoxalbania.org\/2020\/","logo":{"@type":"ImageObject","inLanguage":"en-US","@id":"https:\/\/orthodoxalbania.org\/2020\/#\/schema\/logo\/image\/","url":"https:\/\/orthodoxalbania.org\/2020\/wp-content\/uploads\/2020\/05\/albania.jpeg","contentUrl":"https:\/\/orthodoxalbania.org\/2020\/wp-content\/uploads\/2020\/05\/albania.jpeg","width":540,"height":540,"caption":"Kisha Orthodhokse Autoqefale e Shqip\u00ebris\u00eb"},"image":{"@id":"https:\/\/orthodoxalbania.org\/2020\/#\/schema\/logo\/image\/"},"sameAs":["https:\/\/www.facebook.com\/koash1991"]},{"@type":"Person","@id":"https:\/\/orthodoxalbania.org\/2020\/#\/schema\/person\/0c387634a7063ac612d7ed9ce71c7e86","name":"Kisha Orthodhokse","image":{"@type":"ImageObject","inLanguage":"en-US","@id":"https:\/\/secure.gravatar.com\/avatar\/596e7c417251e30f2fbb9c00e026fce61a695a00e51c889caded71c96cbbdde5?s=96&d=mm&r=g","url":"https:\/\/secure.gravatar.com\/avatar\/596e7c417251e30f2fbb9c00e026fce61a695a00e51c889caded71c96cbbdde5?s=96&d=mm&r=g","contentUrl":"https:\/\/secure.gravatar.com\/avatar\/596e7c417251e30f2fbb9c00e026fce61a695a00e51c889caded71c96cbbdde5?s=96&d=mm&r=g","caption":"Kisha Orthodhokse"}}]}},"_links":{"self":[{"href":"https:\/\/orthodoxalbania.org\/2020\/wp-json\/wp\/v2\/posts\/1731","targetHints":{"allow":["GET"]}}],"collection":[{"href":"https:\/\/orthodoxalbania.org\/2020\/wp-json\/wp\/v2\/posts"}],"about":[{"href":"https:\/\/orthodoxalbania.org\/2020\/wp-json\/wp\/v2\/types\/post"}],"author":[{"embeddable":true,"href":"https:\/\/orthodoxalbania.org\/2020\/wp-json\/wp\/v2\/users\/1"}],"replies":[{"embeddable":true,"href":"https:\/\/orthodoxalbania.org\/2020\/wp-json\/wp\/v2\/comments?post=1731"}],"version-history":[{"count":1,"href":"https:\/\/orthodoxalbania.org\/2020\/wp-json\/wp\/v2\/posts\/1731\/revisions"}],"predecessor-version":[{"id":15509,"href":"https:\/\/orthodoxalbania.org\/2020\/wp-json\/wp\/v2\/posts\/1731\/revisions\/15509"}],"wp:attachment":[{"href":"https:\/\/orthodoxalbania.org\/2020\/wp-json\/wp\/v2\/media?parent=1731"}],"wp:term":[{"taxonomy":"category","embeddable":true,"href":"https:\/\/orthodoxalbania.org\/2020\/wp-json\/wp\/v2\/categories?post=1731"},{"taxonomy":"post_tag","embeddable":true,"href":"https:\/\/orthodoxalbania.org\/2020\/wp-json\/wp\/v2\/tags?post=1731"}],"curies":[{"name":"wp","href":"https:\/\/api.w.org\/{rel}","templated":true}]}}