{"id":1729,"date":"2009-03-13T10:21:35","date_gmt":"2009-03-13T10:21:35","guid":{"rendered":""},"modified":"2020-04-06T22:35:09","modified_gmt":"2020-04-06T20:35:09","slug":"15-vjet-me-dashuri-dhe-miresi-rrisim-filizat-e-se-ardhmes","status":"publish","type":"post","link":"https:\/\/orthodoxalbania.org\/2020\/2009\/03\/13\/15-vjet-me-dashuri-dhe-miresi-rrisim-filizat-e-se-ardhmes\/","title":{"rendered":"\u201c15 vjet \u2026 Me Dashuri dhe Mir\u00ebsi rrisim filizat e s\u00eb ardhmes\u201d. (5 Dhjetor 2009)"},"content":{"rendered":"<div class=\"style6\" style=\"text-align: justify;\">&nbsp;<\/div>\n<table style=\"width: 794px; height: 206px; margin-right: auto; margin-left: auto;\">\n<tbody>\n<tr>\n<td style=\"text-align: justify;\">\n<div><span style=\"color: #000000;\"><span style=\"font-family: tahoma,geneva,sans-serif;\"><span style=\"font-size: 12px;\"><img decoding=\"async\" class=\"lazyload HAa Eha\" style=\"height: 141px; width: 215px; border-width: 1px; border-style: solid; margin: 5px auto; display: block;\" alt=\"\" src=\"data:image\/gif;base64,R0lGODlhAQABAAAAACH5BAEKAAEALAAAAAABAAEAAAICTAEAOw==\" data-orig-src=\"https:\/\/lh5.googleusercontent.com\/-91xMo37KSCM\/U_2MCmy0GMI\/AAAAAAAABQU\/9BkZIDNCmO4\/w215-h141-no\/1.jpg\" \/><\/span><\/span><\/span><\/div>\n<\/td>\n<td style=\"text-align: justify;\">\n<div><span style=\"color: #000000;\"><span style=\"font-family: tahoma,geneva,sans-serif;\"><span style=\"font-size: 12px;\"><img decoding=\"async\" class=\"lazyload HAa Eha\" style=\"height: 145px; width: 215px; border-width: 1px; border-style: solid; margin: 5px auto; display: block;\" alt=\"\" src=\"data:image\/gif;base64,R0lGODlhAQABAAAAACH5BAEKAAEALAAAAAABAAEAAAICTAEAOw==\" data-orig-src=\"https:\/\/lh4.googleusercontent.com\/-WF3_w4fNijQ\/U_2MCtDtibI\/AAAAAAAABQY\/n-bCkPvz-38\/w215-h145-no\/2.jpg\" \/><\/span><\/span><\/span><\/div>\n<\/td>\n<td style=\"text-align: justify;\">\n<div><span style=\"color: #000000;\"><span style=\"font-family: tahoma,geneva,sans-serif;\"><span style=\"font-size: 12px;\"><img decoding=\"async\" class=\"lazyload HAa Eha\" style=\"height: 142px; width: 229px; border-width: 1px; border-style: solid; margin: 5px auto; display: block;\" alt=\"\" src=\"data:image\/gif;base64,R0lGODlhAQABAAAAACH5BAEKAAEALAAAAAABAAEAAAICTAEAOw==\" data-orig-src=\"https:\/\/lh3.googleusercontent.com\/-2BHdJUSX04o\/U_2MCpIZv4I\/AAAAAAAABQk\/D8SdLLU-q64\/w215-h133-no\/3.jpg\" \/><\/span><\/span><\/span><\/div>\n<\/td>\n<\/tr>\n<\/tbody>\n<\/table>\n<table style=\"margin-right: auto; margin-left: auto;\">\n<tbody>\n<tr>\n<td style=\"text-align: justify;\">\n<div><span style=\"color: #000000;\"><span style=\"font-family: tahoma,geneva,sans-serif;\"><span style=\"font-size: 12px;\"><img decoding=\"async\" class=\"lazyload HAa Eha\" style=\"height: 142px; width: 215px; border-width: 1px; border-style: solid; margin: 5px 10px;\" alt=\"\" src=\"data:image\/gif;base64,R0lGODlhAQABAAAAACH5BAEKAAEALAAAAAABAAEAAAICTAEAOw==\" data-orig-src=\"https:\/\/lh3.googleusercontent.com\/-6xdg1VRX2zo\/U_2MDP39MTI\/AAAAAAAABQo\/FYh4lH5wEp0\/w215-h142-no\/4.jpg\" \/><\/span><\/span><\/span><\/div>\n<\/td>\n<td style=\"text-align: justify;\">\n<div><span style=\"color: #000000;\"><span style=\"font-family: tahoma,geneva,sans-serif;\"><span style=\"font-size: 12px;\"><img decoding=\"async\" class=\"lazyload HAa Eha\" style=\"height: 147px; width: 215px; border-width: 1px; border-style: solid; margin: 5px 10px;\" alt=\"\" src=\"data:image\/gif;base64,R0lGODlhAQABAAAAACH5BAEKAAEALAAAAAABAAEAAAICTAEAOw==\" data-orig-src=\"https:\/\/lh6.googleusercontent.com\/-u6u5-aguriw\/U_2MDZBWJTI\/AAAAAAAABQc\/XhbLNUukuyo\/w215-h147-no\/5.jpg\" \/><\/span><\/span><\/span><\/div>\n<\/td>\n<\/tr>\n<\/tbody>\n<\/table>\n<div class=\"style8\" style=\"text-align: justify;\">&nbsp;<\/div>\n<div class=\"style8\" style=\"text-align: justify;\"><span style=\"color: #000000;\"><span style=\"font-family: tahoma,geneva,sans-serif;\"><span style=\"font-size: 12px;\">&nbsp;&nbsp;&nbsp; Dit\u00ebn e shtun\u00eb, dt. 5 dhjetor 2009, me rastin e 15 vjetorit t\u00eb krijimit t\u00eb P\u00ebrkujdesjes Ditore (kopshtit) \u201cFrym\u00eb Dashurie\u201d n\u00eb qytetin ton\u00eb t\u00eb Durr\u00ebsit, organizuam nj\u00eb aktivitet me tematik\u00eb.<\/span><\/span><\/span><\/div>\n<div class=\"style10\" style=\"text-align: justify;\"> <strong><span style=\"color: #b22222;\"><span style=\"font-family: tahoma,geneva,sans-serif;\"><span style=\"font-size: 12px;\"><span class=\"style11\">&nbsp;&nbsp;&nbsp; \u201c15 vjet \u2026 Me Dashuri dhe Mir\u00ebsi rrisim filizat e s\u00eb ardhmes\u201d<\/span><\/span><\/span><\/span><\/strong><\/div>\n<div class=\"style10\" style=\"text-align: justify;\"> <span style=\"color: #000000;\"><span style=\"font-family: tahoma,geneva,sans-serif;\"><span style=\"font-size: 12px;\"><img decoding=\"async\" class=\"lazyload HAa Eha\" style=\"border-width: 1px; border-style: solid; margin: 10px; float: left;\" alt=\"\" src=\"data:image\/svg+xml,%3Csvg%20xmlns%3D%27http%3A%2F%2Fwww.w3.org%2F2000%2Fsvg%27%20width%3D%27310%27%20height%3D%27237%27%20viewBox%3D%270%200%20310%20237%27%3E%3Crect%20width%3D%27310%27%20height%3D%27237%27%20fill-opacity%3D%220%22%2F%3E%3C%2Fsvg%3E\" data-orig-src=\"https:\/\/lh3.googleusercontent.com\/-HdX5NzxWiM4\/VJKx_C4F7YI\/AAAAAAAAIio\/clSkwSIjxi4\/w405-h308-no\/15vjetfilizat_clip_image001.jpg\" height=\"237\" width=\"310\" \/>&nbsp;&nbsp;&nbsp; Kjo P\u00ebrkujdesje Ditore p\u00ebr f\u00ebmij\u00eb u hap n\u00ebn kujdesin at\u00ebror t\u00eb Fortlumturis\u00eb s\u00eb Tij, Kryepiskopit Anastas, m\u00eb 5 dhjetor 1994, duke filluar funksionimin e saj n\u00eb at\u00eb koh\u00eb n\u00eb nj\u00eb nd\u00ebrtes\u00eb private me qira, nd\u00ebrsa sot ajo ka nd\u00ebrtes\u00ebn e saj, n\u00eb lagjen nr. 1, me kushte mjaft komode dhe bashk\u00ebkohore. &nbsp;<a href=\"..\/old\/index.php\/shq\/faqja-kryesore\/vepra-sociale\/111-arsimi-dhe-edukimi\/107-perkujdesjet-ditore-kopshtet\">(<em>P\u00ebr m\u00eb tep\u00ebr informacion rreth p\u00ebrkujdesjeve ditore p\u00ebr f\u00ebmij\u00eb. <\/em><\/a><\/span><\/span><\/span><\/div>\n<div class=\"style10\" style=\"text-align: justify;\"> <span style=\"color: #000000;\"><span style=\"font-family: tahoma,geneva,sans-serif;\"><span style=\"font-size: 12px;\">&nbsp;&nbsp;&nbsp; N\u00eb k\u00ebt\u00eb ceremoni t\u00eb r\u00ebnd\u00ebsishme dhe emocionuese p\u00ebr kopshtin ton\u00eb na nderuan me pranin\u00eb e tyre: i d\u00ebrguari i Kryepiskopit Anastas, Arkimandrit Kozma Sovjani, Drejtoresha e Zyr\u00ebs s\u00eb P\u00ebrkujdesjeve Ditore znj. Nafsika Melo, prift\u00ebrinjt\u00eb e kish\u00ebs son\u00eb, edukatore, prind\u00ebr, dhe shum\u00eb t\u00eb ftuar.<\/span><\/span><\/span><\/div>\n<div class=\"style10\" style=\"text-align: justify;\"> <span style=\"color: #000000;\"><span style=\"font-family: tahoma,geneva,sans-serif;\"><span style=\"font-size: 12px;\">&nbsp;&nbsp;&nbsp; Aktiviteti u shoq\u00ebrua me nj\u00eb koncert t\u00eb madh festiv, n\u00eb t\u00eb cilin f\u00ebmij\u00ebt recituan, k\u00ebnduan, interpretuan dhe k\u00ebrcyen, por m\u00eb e ve\u00e7anta e k\u00ebtij spektakli ishin t\u00eb ftuarit q\u00eb dikur kan\u00eb qen\u00eb filizat e para t\u00eb kopshtit ton\u00eb, nd\u00ebrsa sot jan\u00eb 15 vjet m\u00eb t\u00eb rritura. (prezantueset e shfaqjes Joana dhe Klara).<\/span><\/span><\/span><\/div>\n<div class=\"style10\" style=\"text-align: justify;\"> <span style=\"color: #000000;\"><span style=\"font-family: tahoma,geneva,sans-serif;\"><span style=\"font-size: 12px;\">&nbsp;&nbsp;&nbsp; N\u00eb fund t\u00eb programit t\u00eb ftuarit i p\u00ebrsh\u00ebndeti Arkimandrit Kozma Sovjani dhe Drejtoresha znj. Nafsika Melo. M\u00eb pas t\u00eb pranishmit ndoq\u00ebn me interes ekspozit\u00ebn \u201cDuart e arta\u201d me punimet m\u00eb t\u00eb bukura t\u00eb krijuara nga vet\u00eb f\u00ebmij\u00ebt. Mjaft interesante ishte k\u00ebndi \u201cKopshti yn\u00eb n\u00eb vite\u201d, n\u00eb t\u00eb cilin ishin vendosur fotografi q\u00eb pasqyronin aktivitetet e ndryshme t\u00eb zhvilluara n\u00eb kopshtin ton\u00eb gjat\u00eb k\u00ebtyre 15 viteve.<\/span><\/span><\/span><\/div>\n<div class=\"style10\" style=\"text-align: justify;\"> <span style=\"color: #000000;\"><span style=\"font-family: tahoma,geneva,sans-serif;\"><span style=\"font-size: 12px;\">&nbsp;&nbsp;&nbsp; Festa u mbyll me kokteilin e shtruar p\u00ebr k\u00ebt\u00eb ceremoni shum\u00eb t\u00eb r\u00ebnd\u00ebsishme p\u00ebr kopshtin ton\u00eb.<\/span><\/span><\/span><\/div>\n<div class=\"style10\" style=\"text-align: justify;\">&nbsp;<\/div>\n<div class=\"style10\" style=\"text-align: right;\"><span style=\"color: #000000;\"><span style=\"font-family: tahoma,geneva,sans-serif;\"><span style=\"font-size: 12px;\"><strong>&nbsp;Nga P\u00ebrkujdesja Ditore e qytetit t\u00eb Durr\u00ebsit<\/strong><\/span><\/span><\/span><\/div>\n<div class=\"style8\" style=\"text-align: justify;\">&nbsp;<\/div>\n","protected":false},"excerpt":{"rendered":"<p>&nbsp; &nbsp; &nbsp;&nbsp;&nbsp; Dit\u00ebn e shtun\u00eb, dt. 5 dhjetor 2009, me rastin e 15 vjetorit t\u00eb krijimit t\u00eb P\u00ebrkujdesjes Ditore (kopshtit) \u201cFrym\u00eb Dashurie\u201d n\u00eb qytetin ton\u00eb t\u00eb Durr\u00ebsit, organizuam nj\u00eb aktivitet me tematik\u00eb. &nbsp;&nbsp;&nbsp; \u201c15 vjet \u2026 Me Dashuri dhe Mir\u00ebsi rrisim filizat e s\u00eb ardhmes\u201d &nbsp;&nbsp;&nbsp; Kjo P\u00ebrkujdesje Ditore p\u00ebr f\u00ebmij\u00eb u hap n\u00ebn kujdesin at\u00ebror t\u00eb Fortlumturis\u00eb s\u00eb Tij, Kryepiskopit Anastas, m\u00eb 5<\/p>\n","protected":false},"author":1,"featured_media":0,"comment_status":"open","ping_status":"open","sticky":false,"template":"","format":"standard","meta":{"_acf_changed":false,"pagelayer_contact_templates":[],"_pagelayer_content":"","inline_featured_image":false,"fifu_image_url":"","fifu_image_alt":"","footnotes":""},"categories":[108],"tags":[145,175,196,212],"class_list":["post-1729","post","type-post","status-publish","format-standard","hentry","category-lajme","tag-145","tag-institucione-parashkollore-te-kishes-orthodhokse","tag-tirane","tag-lajme-d27"],"acf":[],"yoast_head":"<!-- This site is optimized with the Yoast SEO plugin v27.2 - https:\/\/yoast.com\/product\/yoast-seo-wordpress\/ -->\n<title>\u201c15 vjet \u2026 Me Dashuri dhe Mir\u00ebsi rrisim filizat e s\u00eb ardhmes\u201d. (5 Dhjetor 2009) - Kisha Orthodh\u03bfkse Autoqefale e Shqip\u00ebris\u00eb<\/title>\n<meta name=\"robots\" content=\"index, follow, max-snippet:-1, max-image-preview:large, max-video-preview:-1\" \/>\n<link rel=\"canonical\" href=\"https:\/\/orthodoxalbania.org\/2020\/2009\/03\/13\/15-vjet-me-dashuri-dhe-miresi-rrisim-filizat-e-se-ardhmes\/\" \/>\n<meta property=\"og:locale\" content=\"en_US\" \/>\n<meta property=\"og:type\" content=\"article\" \/>\n<meta property=\"og:title\" content=\"\u201c15 vjet \u2026 Me Dashuri dhe Mir\u00ebsi rrisim filizat e s\u00eb ardhmes\u201d. (5 Dhjetor 2009) - Kisha Orthodh\u03bfkse Autoqefale e Shqip\u00ebris\u00eb\" \/>\n<meta property=\"og:description\" content=\"&nbsp; &nbsp; &nbsp;&nbsp;&nbsp; Dit\u00ebn e shtun\u00eb, dt. 5 dhjetor 2009, me rastin e 15 vjetorit t\u00eb krijimit t\u00eb P\u00ebrkujdesjes Ditore (kopshtit) \u201cFrym\u00eb Dashurie\u201d n\u00eb qytetin ton\u00eb t\u00eb Durr\u00ebsit, organizuam nj\u00eb aktivitet me tematik\u00eb. &nbsp;&nbsp;&nbsp; \u201c15 vjet \u2026 Me Dashuri dhe Mir\u00ebsi rrisim filizat e s\u00eb ardhmes\u201d &nbsp;&nbsp;&nbsp; Kjo P\u00ebrkujdesje Ditore p\u00ebr f\u00ebmij\u00eb u hap n\u00ebn kujdesin at\u00ebror t\u00eb Fortlumturis\u00eb s\u00eb Tij, Kryepiskopit Anastas, m\u00eb 5\" \/>\n<meta property=\"og:url\" content=\"https:\/\/orthodoxalbania.org\/2020\/2009\/03\/13\/15-vjet-me-dashuri-dhe-miresi-rrisim-filizat-e-se-ardhmes\/\" \/>\n<meta property=\"og:site_name\" content=\"Kisha Orthodh\u03bfkse Autoqefale e Shqip\u00ebris\u00eb\" \/>\n<meta property=\"article:publisher\" content=\"https:\/\/www.facebook.com\/koash1991\" \/>\n<meta property=\"article:published_time\" content=\"2009-03-13T10:21:35+00:00\" \/>\n<meta property=\"article:modified_time\" content=\"2020-04-06T20:35:09+00:00\" \/>\n<meta property=\"og:image\" content=\"https:\/\/lh5.googleusercontent.com\/-91xMo37KSCM\/U_2MCmy0GMI\/AAAAAAAABQU\/9BkZIDNCmO4\/w215-h141-no\/1.jpg\" \/>\n<meta name=\"author\" content=\"Kisha Orthodhokse\" \/>\n<meta name=\"twitter:card\" content=\"summary_large_image\" \/>\n<meta name=\"twitter:label1\" content=\"Written by\" \/>\n\t<meta name=\"twitter:data1\" content=\"Kisha Orthodhokse\" \/>\n\t<meta name=\"twitter:label2\" content=\"Est. reading time\" \/>\n\t<meta name=\"twitter:data2\" content=\"2 minutes\" \/>\n<script type=\"application\/ld+json\" class=\"yoast-schema-graph\">{\"@context\":\"https:\/\/schema.org\",\"@graph\":[{\"@type\":\"Article\",\"@id\":\"https:\/\/orthodoxalbania.org\/2020\/2009\/03\/13\/15-vjet-me-dashuri-dhe-miresi-rrisim-filizat-e-se-ardhmes\/#article\",\"isPartOf\":{\"@id\":\"https:\/\/orthodoxalbania.org\/2020\/2009\/03\/13\/15-vjet-me-dashuri-dhe-miresi-rrisim-filizat-e-se-ardhmes\/\"},\"author\":{\"name\":\"Kisha Orthodhokse\",\"@id\":\"https:\/\/orthodoxalbania.org\/2020\/#\/schema\/person\/0c387634a7063ac612d7ed9ce71c7e86\"},\"headline\":\"\u201c15 vjet \u2026 Me Dashuri dhe Mir\u00ebsi rrisim filizat e s\u00eb ardhmes\u201d. (5 Dhjetor 2009)\",\"datePublished\":\"2009-03-13T10:21:35+00:00\",\"dateModified\":\"2020-04-06T20:35:09+00:00\",\"mainEntityOfPage\":{\"@id\":\"https:\/\/orthodoxalbania.org\/2020\/2009\/03\/13\/15-vjet-me-dashuri-dhe-miresi-rrisim-filizat-e-se-ardhmes\/\"},\"wordCount\":366,\"commentCount\":0,\"publisher\":{\"@id\":\"https:\/\/orthodoxalbania.org\/2020\/#organization\"},\"image\":{\"@id\":\"https:\/\/orthodoxalbania.org\/2020\/2009\/03\/13\/15-vjet-me-dashuri-dhe-miresi-rrisim-filizat-e-se-ardhmes\/#primaryimage\"},\"thumbnailUrl\":\"https:\/\/lh5.googleusercontent.com\/-91xMo37KSCM\/U_2MCmy0GMI\/AAAAAAAABQU\/9BkZIDNCmO4\/w215-h141-no\/1.jpg\",\"keywords\":[\"2009\",\"Institucione Parashkollore t\u00eb Kish\u00ebs Orthodhokse\",\"Kryepiskopata Tiran\u00eb\",\"lajme\"],\"articleSection\":[\"Lajme\"],\"inLanguage\":\"en-US\"},{\"@type\":\"WebPage\",\"@id\":\"https:\/\/orthodoxalbania.org\/2020\/2009\/03\/13\/15-vjet-me-dashuri-dhe-miresi-rrisim-filizat-e-se-ardhmes\/\",\"url\":\"https:\/\/orthodoxalbania.org\/2020\/2009\/03\/13\/15-vjet-me-dashuri-dhe-miresi-rrisim-filizat-e-se-ardhmes\/\",\"name\":\"\u201c15 vjet \u2026 Me Dashuri dhe Mir\u00ebsi rrisim filizat e s\u00eb ardhmes\u201d. (5 Dhjetor 2009) - Kisha Orthodh\u03bfkse Autoqefale e Shqip\u00ebris\u00eb\",\"isPartOf\":{\"@id\":\"https:\/\/orthodoxalbania.org\/2020\/#website\"},\"primaryImageOfPage\":{\"@id\":\"https:\/\/orthodoxalbania.org\/2020\/2009\/03\/13\/15-vjet-me-dashuri-dhe-miresi-rrisim-filizat-e-se-ardhmes\/#primaryimage\"},\"image\":{\"@id\":\"https:\/\/orthodoxalbania.org\/2020\/2009\/03\/13\/15-vjet-me-dashuri-dhe-miresi-rrisim-filizat-e-se-ardhmes\/#primaryimage\"},\"thumbnailUrl\":\"https:\/\/lh5.googleusercontent.com\/-91xMo37KSCM\/U_2MCmy0GMI\/AAAAAAAABQU\/9BkZIDNCmO4\/w215-h141-no\/1.jpg\",\"datePublished\":\"2009-03-13T10:21:35+00:00\",\"dateModified\":\"2020-04-06T20:35:09+00:00\",\"breadcrumb\":{\"@id\":\"https:\/\/orthodoxalbania.org\/2020\/2009\/03\/13\/15-vjet-me-dashuri-dhe-miresi-rrisim-filizat-e-se-ardhmes\/#breadcrumb\"},\"inLanguage\":\"en-US\",\"potentialAction\":[{\"@type\":\"ReadAction\",\"target\":[\"https:\/\/orthodoxalbania.org\/2020\/2009\/03\/13\/15-vjet-me-dashuri-dhe-miresi-rrisim-filizat-e-se-ardhmes\/\"]}]},{\"@type\":\"ImageObject\",\"inLanguage\":\"en-US\",\"@id\":\"https:\/\/orthodoxalbania.org\/2020\/2009\/03\/13\/15-vjet-me-dashuri-dhe-miresi-rrisim-filizat-e-se-ardhmes\/#primaryimage\",\"url\":\"https:\/\/lh5.googleusercontent.com\/-91xMo37KSCM\/U_2MCmy0GMI\/AAAAAAAABQU\/9BkZIDNCmO4\/w215-h141-no\/1.jpg\",\"contentUrl\":\"https:\/\/lh5.googleusercontent.com\/-91xMo37KSCM\/U_2MCmy0GMI\/AAAAAAAABQU\/9BkZIDNCmO4\/w215-h141-no\/1.jpg\"},{\"@type\":\"BreadcrumbList\",\"@id\":\"https:\/\/orthodoxalbania.org\/2020\/2009\/03\/13\/15-vjet-me-dashuri-dhe-miresi-rrisim-filizat-e-se-ardhmes\/#breadcrumb\",\"itemListElement\":[{\"@type\":\"ListItem\",\"position\":1,\"name\":\"Home\",\"item\":\"https:\/\/orthodoxalbania.org\/2020\/\"},{\"@type\":\"ListItem\",\"position\":2,\"name\":\"\u201c15 vjet \u2026 Me Dashuri dhe Mir\u00ebsi rrisim filizat e s\u00eb ardhmes\u201d. (5 Dhjetor 2009)\"}]},{\"@type\":\"WebSite\",\"@id\":\"https:\/\/orthodoxalbania.org\/2020\/#website\",\"url\":\"https:\/\/orthodoxalbania.org\/2020\/\",\"name\":\"Kisha Orthodh\u03bfkse Autoqefale e Shqip\u00ebris\u00eb\",\"description\":\"Fqja Zyrtare e Kish\u00ebs Orthodhokse Autoqefale e Shqip\u00ebris\u00eb me lajmet edhe informacionet zyrtare p\u00ebr struktur\u00ebn edhe veprimtarin e saj.\",\"publisher\":{\"@id\":\"https:\/\/orthodoxalbania.org\/2020\/#organization\"},\"potentialAction\":[{\"@type\":\"SearchAction\",\"target\":{\"@type\":\"EntryPoint\",\"urlTemplate\":\"https:\/\/orthodoxalbania.org\/2020\/?s={search_term_string}\"},\"query-input\":{\"@type\":\"PropertyValueSpecification\",\"valueRequired\":true,\"valueName\":\"search_term_string\"}}],\"inLanguage\":\"en-US\"},{\"@type\":\"Organization\",\"@id\":\"https:\/\/orthodoxalbania.org\/2020\/#organization\",\"name\":\"Kisha Orthodhokse Autoqefale e Shqip\u00ebris\u00eb\",\"url\":\"https:\/\/orthodoxalbania.org\/2020\/\",\"logo\":{\"@type\":\"ImageObject\",\"inLanguage\":\"en-US\",\"@id\":\"https:\/\/orthodoxalbania.org\/2020\/#\/schema\/logo\/image\/\",\"url\":\"https:\/\/orthodoxalbania.org\/2020\/wp-content\/uploads\/2020\/05\/albania.jpeg\",\"contentUrl\":\"https:\/\/orthodoxalbania.org\/2020\/wp-content\/uploads\/2020\/05\/albania.jpeg\",\"width\":540,\"height\":540,\"caption\":\"Kisha Orthodhokse Autoqefale e Shqip\u00ebris\u00eb\"},\"image\":{\"@id\":\"https:\/\/orthodoxalbania.org\/2020\/#\/schema\/logo\/image\/\"},\"sameAs\":[\"https:\/\/www.facebook.com\/koash1991\"]},{\"@type\":\"Person\",\"@id\":\"https:\/\/orthodoxalbania.org\/2020\/#\/schema\/person\/0c387634a7063ac612d7ed9ce71c7e86\",\"name\":\"Kisha Orthodhokse\",\"image\":{\"@type\":\"ImageObject\",\"inLanguage\":\"en-US\",\"@id\":\"https:\/\/secure.gravatar.com\/avatar\/596e7c417251e30f2fbb9c00e026fce61a695a00e51c889caded71c96cbbdde5?s=96&d=mm&r=g\",\"url\":\"https:\/\/secure.gravatar.com\/avatar\/596e7c417251e30f2fbb9c00e026fce61a695a00e51c889caded71c96cbbdde5?s=96&d=mm&r=g\",\"contentUrl\":\"https:\/\/secure.gravatar.com\/avatar\/596e7c417251e30f2fbb9c00e026fce61a695a00e51c889caded71c96cbbdde5?s=96&d=mm&r=g\",\"caption\":\"Kisha Orthodhokse\"}}]}<\/script>\n<!-- \/ Yoast SEO plugin. -->","yoast_head_json":{"title":"\u201c15 vjet \u2026 Me Dashuri dhe Mir\u00ebsi rrisim filizat e s\u00eb ardhmes\u201d. (5 Dhjetor 2009) - Kisha Orthodh\u03bfkse Autoqefale e Shqip\u00ebris\u00eb","robots":{"index":"index","follow":"follow","max-snippet":"max-snippet:-1","max-image-preview":"max-image-preview:large","max-video-preview":"max-video-preview:-1"},"canonical":"https:\/\/orthodoxalbania.org\/2020\/2009\/03\/13\/15-vjet-me-dashuri-dhe-miresi-rrisim-filizat-e-se-ardhmes\/","og_locale":"en_US","og_type":"article","og_title":"\u201c15 vjet \u2026 Me Dashuri dhe Mir\u00ebsi rrisim filizat e s\u00eb ardhmes\u201d. (5 Dhjetor 2009) - Kisha Orthodh\u03bfkse Autoqefale e Shqip\u00ebris\u00eb","og_description":"&nbsp; &nbsp; &nbsp;&nbsp;&nbsp; Dit\u00ebn e shtun\u00eb, dt. 5 dhjetor 2009, me rastin e 15 vjetorit t\u00eb krijimit t\u00eb P\u00ebrkujdesjes Ditore (kopshtit) \u201cFrym\u00eb Dashurie\u201d n\u00eb qytetin ton\u00eb t\u00eb Durr\u00ebsit, organizuam nj\u00eb aktivitet me tematik\u00eb. &nbsp;&nbsp;&nbsp; \u201c15 vjet \u2026 Me Dashuri dhe Mir\u00ebsi rrisim filizat e s\u00eb ardhmes\u201d &nbsp;&nbsp;&nbsp; Kjo P\u00ebrkujdesje Ditore p\u00ebr f\u00ebmij\u00eb u hap n\u00ebn kujdesin at\u00ebror t\u00eb Fortlumturis\u00eb s\u00eb Tij, Kryepiskopit Anastas, m\u00eb 5","og_url":"https:\/\/orthodoxalbania.org\/2020\/2009\/03\/13\/15-vjet-me-dashuri-dhe-miresi-rrisim-filizat-e-se-ardhmes\/","og_site_name":"Kisha Orthodh\u03bfkse Autoqefale e Shqip\u00ebris\u00eb","article_publisher":"https:\/\/www.facebook.com\/koash1991","article_published_time":"2009-03-13T10:21:35+00:00","article_modified_time":"2020-04-06T20:35:09+00:00","og_image":[{"url":"https:\/\/lh5.googleusercontent.com\/-91xMo37KSCM\/U_2MCmy0GMI\/AAAAAAAABQU\/9BkZIDNCmO4\/w215-h141-no\/1.jpg","type":"","width":"","height":""}],"author":"Kisha Orthodhokse","twitter_card":"summary_large_image","twitter_misc":{"Written by":"Kisha Orthodhokse","Est. reading time":"2 minutes"},"schema":{"@context":"https:\/\/schema.org","@graph":[{"@type":"Article","@id":"https:\/\/orthodoxalbania.org\/2020\/2009\/03\/13\/15-vjet-me-dashuri-dhe-miresi-rrisim-filizat-e-se-ardhmes\/#article","isPartOf":{"@id":"https:\/\/orthodoxalbania.org\/2020\/2009\/03\/13\/15-vjet-me-dashuri-dhe-miresi-rrisim-filizat-e-se-ardhmes\/"},"author":{"name":"Kisha Orthodhokse","@id":"https:\/\/orthodoxalbania.org\/2020\/#\/schema\/person\/0c387634a7063ac612d7ed9ce71c7e86"},"headline":"\u201c15 vjet \u2026 Me Dashuri dhe Mir\u00ebsi rrisim filizat e s\u00eb ardhmes\u201d. (5 Dhjetor 2009)","datePublished":"2009-03-13T10:21:35+00:00","dateModified":"2020-04-06T20:35:09+00:00","mainEntityOfPage":{"@id":"https:\/\/orthodoxalbania.org\/2020\/2009\/03\/13\/15-vjet-me-dashuri-dhe-miresi-rrisim-filizat-e-se-ardhmes\/"},"wordCount":366,"commentCount":0,"publisher":{"@id":"https:\/\/orthodoxalbania.org\/2020\/#organization"},"image":{"@id":"https:\/\/orthodoxalbania.org\/2020\/2009\/03\/13\/15-vjet-me-dashuri-dhe-miresi-rrisim-filizat-e-se-ardhmes\/#primaryimage"},"thumbnailUrl":"https:\/\/lh5.googleusercontent.com\/-91xMo37KSCM\/U_2MCmy0GMI\/AAAAAAAABQU\/9BkZIDNCmO4\/w215-h141-no\/1.jpg","keywords":["2009","Institucione Parashkollore t\u00eb Kish\u00ebs Orthodhokse","Kryepiskopata Tiran\u00eb","lajme"],"articleSection":["Lajme"],"inLanguage":"en-US"},{"@type":"WebPage","@id":"https:\/\/orthodoxalbania.org\/2020\/2009\/03\/13\/15-vjet-me-dashuri-dhe-miresi-rrisim-filizat-e-se-ardhmes\/","url":"https:\/\/orthodoxalbania.org\/2020\/2009\/03\/13\/15-vjet-me-dashuri-dhe-miresi-rrisim-filizat-e-se-ardhmes\/","name":"\u201c15 vjet \u2026 Me Dashuri dhe Mir\u00ebsi rrisim filizat e s\u00eb ardhmes\u201d. (5 Dhjetor 2009) - Kisha Orthodh\u03bfkse Autoqefale e Shqip\u00ebris\u00eb","isPartOf":{"@id":"https:\/\/orthodoxalbania.org\/2020\/#website"},"primaryImageOfPage":{"@id":"https:\/\/orthodoxalbania.org\/2020\/2009\/03\/13\/15-vjet-me-dashuri-dhe-miresi-rrisim-filizat-e-se-ardhmes\/#primaryimage"},"image":{"@id":"https:\/\/orthodoxalbania.org\/2020\/2009\/03\/13\/15-vjet-me-dashuri-dhe-miresi-rrisim-filizat-e-se-ardhmes\/#primaryimage"},"thumbnailUrl":"https:\/\/lh5.googleusercontent.com\/-91xMo37KSCM\/U_2MCmy0GMI\/AAAAAAAABQU\/9BkZIDNCmO4\/w215-h141-no\/1.jpg","datePublished":"2009-03-13T10:21:35+00:00","dateModified":"2020-04-06T20:35:09+00:00","breadcrumb":{"@id":"https:\/\/orthodoxalbania.org\/2020\/2009\/03\/13\/15-vjet-me-dashuri-dhe-miresi-rrisim-filizat-e-se-ardhmes\/#breadcrumb"},"inLanguage":"en-US","potentialAction":[{"@type":"ReadAction","target":["https:\/\/orthodoxalbania.org\/2020\/2009\/03\/13\/15-vjet-me-dashuri-dhe-miresi-rrisim-filizat-e-se-ardhmes\/"]}]},{"@type":"ImageObject","inLanguage":"en-US","@id":"https:\/\/orthodoxalbania.org\/2020\/2009\/03\/13\/15-vjet-me-dashuri-dhe-miresi-rrisim-filizat-e-se-ardhmes\/#primaryimage","url":"https:\/\/lh5.googleusercontent.com\/-91xMo37KSCM\/U_2MCmy0GMI\/AAAAAAAABQU\/9BkZIDNCmO4\/w215-h141-no\/1.jpg","contentUrl":"https:\/\/lh5.googleusercontent.com\/-91xMo37KSCM\/U_2MCmy0GMI\/AAAAAAAABQU\/9BkZIDNCmO4\/w215-h141-no\/1.jpg"},{"@type":"BreadcrumbList","@id":"https:\/\/orthodoxalbania.org\/2020\/2009\/03\/13\/15-vjet-me-dashuri-dhe-miresi-rrisim-filizat-e-se-ardhmes\/#breadcrumb","itemListElement":[{"@type":"ListItem","position":1,"name":"Home","item":"https:\/\/orthodoxalbania.org\/2020\/"},{"@type":"ListItem","position":2,"name":"\u201c15 vjet \u2026 Me Dashuri dhe Mir\u00ebsi rrisim filizat e s\u00eb ardhmes\u201d. (5 Dhjetor 2009)"}]},{"@type":"WebSite","@id":"https:\/\/orthodoxalbania.org\/2020\/#website","url":"https:\/\/orthodoxalbania.org\/2020\/","name":"Kisha Orthodh\u03bfkse Autoqefale e Shqip\u00ebris\u00eb","description":"Fqja Zyrtare e Kish\u00ebs Orthodhokse Autoqefale e Shqip\u00ebris\u00eb me lajmet edhe informacionet zyrtare p\u00ebr struktur\u00ebn edhe veprimtarin e saj.","publisher":{"@id":"https:\/\/orthodoxalbania.org\/2020\/#organization"},"potentialAction":[{"@type":"SearchAction","target":{"@type":"EntryPoint","urlTemplate":"https:\/\/orthodoxalbania.org\/2020\/?s={search_term_string}"},"query-input":{"@type":"PropertyValueSpecification","valueRequired":true,"valueName":"search_term_string"}}],"inLanguage":"en-US"},{"@type":"Organization","@id":"https:\/\/orthodoxalbania.org\/2020\/#organization","name":"Kisha Orthodhokse Autoqefale e Shqip\u00ebris\u00eb","url":"https:\/\/orthodoxalbania.org\/2020\/","logo":{"@type":"ImageObject","inLanguage":"en-US","@id":"https:\/\/orthodoxalbania.org\/2020\/#\/schema\/logo\/image\/","url":"https:\/\/orthodoxalbania.org\/2020\/wp-content\/uploads\/2020\/05\/albania.jpeg","contentUrl":"https:\/\/orthodoxalbania.org\/2020\/wp-content\/uploads\/2020\/05\/albania.jpeg","width":540,"height":540,"caption":"Kisha Orthodhokse Autoqefale e Shqip\u00ebris\u00eb"},"image":{"@id":"https:\/\/orthodoxalbania.org\/2020\/#\/schema\/logo\/image\/"},"sameAs":["https:\/\/www.facebook.com\/koash1991"]},{"@type":"Person","@id":"https:\/\/orthodoxalbania.org\/2020\/#\/schema\/person\/0c387634a7063ac612d7ed9ce71c7e86","name":"Kisha Orthodhokse","image":{"@type":"ImageObject","inLanguage":"en-US","@id":"https:\/\/secure.gravatar.com\/avatar\/596e7c417251e30f2fbb9c00e026fce61a695a00e51c889caded71c96cbbdde5?s=96&d=mm&r=g","url":"https:\/\/secure.gravatar.com\/avatar\/596e7c417251e30f2fbb9c00e026fce61a695a00e51c889caded71c96cbbdde5?s=96&d=mm&r=g","contentUrl":"https:\/\/secure.gravatar.com\/avatar\/596e7c417251e30f2fbb9c00e026fce61a695a00e51c889caded71c96cbbdde5?s=96&d=mm&r=g","caption":"Kisha Orthodhokse"}}]}},"_links":{"self":[{"href":"https:\/\/orthodoxalbania.org\/2020\/wp-json\/wp\/v2\/posts\/1729","targetHints":{"allow":["GET"]}}],"collection":[{"href":"https:\/\/orthodoxalbania.org\/2020\/wp-json\/wp\/v2\/posts"}],"about":[{"href":"https:\/\/orthodoxalbania.org\/2020\/wp-json\/wp\/v2\/types\/post"}],"author":[{"embeddable":true,"href":"https:\/\/orthodoxalbania.org\/2020\/wp-json\/wp\/v2\/users\/1"}],"replies":[{"embeddable":true,"href":"https:\/\/orthodoxalbania.org\/2020\/wp-json\/wp\/v2\/comments?post=1729"}],"version-history":[{"count":1,"href":"https:\/\/orthodoxalbania.org\/2020\/wp-json\/wp\/v2\/posts\/1729\/revisions"}],"predecessor-version":[{"id":15607,"href":"https:\/\/orthodoxalbania.org\/2020\/wp-json\/wp\/v2\/posts\/1729\/revisions\/15607"}],"wp:attachment":[{"href":"https:\/\/orthodoxalbania.org\/2020\/wp-json\/wp\/v2\/media?parent=1729"}],"wp:term":[{"taxonomy":"category","embeddable":true,"href":"https:\/\/orthodoxalbania.org\/2020\/wp-json\/wp\/v2\/categories?post=1729"},{"taxonomy":"post_tag","embeddable":true,"href":"https:\/\/orthodoxalbania.org\/2020\/wp-json\/wp\/v2\/tags?post=1729"}],"curies":[{"name":"wp","href":"https:\/\/api.w.org\/{rel}","templated":true}]}}