{"id":171,"date":"2007-02-26T00:00:00","date_gmt":"2007-02-26T00:00:00","guid":{"rendered":""},"modified":"2020-04-06T22:35:47","modified_gmt":"2020-04-06T20:35:47","slug":"jubile-i-madh-ne-kishen-orthodhokse-te-gjeorgjise-merr-pjese-edhe-nje-delegacion-i-kishes-orthodhokse-autoqefale-te-shqiperise-tetor-2007","status":"publish","type":"post","link":"https:\/\/orthodoxalbania.org\/2020\/2007\/02\/26\/jubile-i-madh-ne-kishen-orthodhokse-te-gjeorgjise-merr-pjese-edhe-nje-delegacion-i-kishes-orthodhokse-autoqefale-te-shqiperise-tetor-2007\/","title":{"rendered":"Jubile i madh n\u00eb Kish\u00ebn Orthodhokse t\u00eb Gjeorgjis\u00eb Merr pjes\u00eb edhe nj\u00eb delegacion i Kish\u00ebs Orthodhokse Autoqefale t\u00eb Shqip\u00ebris\u00eb. (Tetor 2007)"},"content":{"rendered":"<p style=\"text-align: justify;\"><span style=\"color: #000000; font-family: helvetica; font-size: 12pt;\"><\/span><\/p>\n<table id=\"AutoNumber2\" style=\"width: 797px; height: 2145px; margin-right: auto; margin-left: auto;\">\n<tbody>\n<tr>\n<td>\n<p><span style=\"color: #000000; font-family: helvetica; font-size: 12pt;\"><img decoding=\"async\" class=\"lazyload HAa Eha\" style=\"border-width: 1px; border-style: solid; margin: 10px auto; display: block;\" alt=\"\" src=\"data:image\/gif;base64,R0lGODlhAQABAAAAACH5BAEKAAEALAAAAAABAAEAAAICTAEAOw==\" data-orig-src=\"https:\/\/lh6.googleusercontent.com\/-fnCRxtIKfSc\/VIrIoF89WKI\/AAAAAAAAG9o\/LzQOkQnbZAg\/w400-h267-no\/pic1.jpg\" \/><\/span><\/p>\n<\/td>\n<td>\n<p style=\"text-align: justify;\"><span style=\"color: #000000; font-family: helvetica; font-size: 12pt;\">&nbsp;&nbsp;&nbsp; Nga datat 12 \u2013 16 tetor 2007, u kremtua n\u00eb Tbilis t\u00eb Gjeorgjis\u00eb 1400-vjetori i manastirit t\u00eb Ivarit (Kryqit t\u00eb Nderuar), si dhe 30-vjetori i Fron\u00ebzimit t\u00eb Fortlumturis\u00eb s\u00eb Tij, Patriarkut t\u00eb Kish\u00ebs s\u00eb Gjeorgjis\u00eb, Ilia II.<\/span><\/p>\n<\/td>\n<\/tr>\n<tr>\n<td>\n<p style=\"text-align: justify;\"><span style=\"color: #000000; font-family: helvetica; font-size: 12pt;\">&nbsp;&nbsp;&nbsp; N\u00eb k\u00ebt\u00eb jubile mor\u00ebn pjes\u00eb p\u00ebrfaq\u00ebsues nga t\u00eb gjitha Kishat Orthodhokse t\u00eb bot\u00ebs, si dhe T\u00ebr\u00ebshenjt\u00ebria e Tij, Patriarku Ekumenik Vartholomeu I. Delegacioni i Kish\u00ebs Orthodhokse Autoqefale t\u00eb Shqip\u00ebris\u00eb p\u00ebrfaq\u00ebsohej nga Mitropoliti i Beratit, Hir\u00ebsia e Tij Ignati, si dhe nga z. Jorgo Papadhopulli, pedagog n\u00eb Akademin\u00eb Teologjike n\u00eb sh\u00ebn Vlash.<\/span><\/p>\n<\/td>\n<td>\n<p><span style=\"color: #000000; font-family: helvetica; font-size: 12pt;\"><img decoding=\"async\" class=\"lazyload HAa Eha\" style=\"border-width: 1px; border-style: solid; margin: 10px auto; display: block;\" alt=\"\" src=\"data:image\/gif;base64,R0lGODlhAQABAAAAACH5BAEKAAEALAAAAAABAAEAAAICTAEAOw==\" data-orig-src=\"https:\/\/lh6.googleusercontent.com\/--7sPtxUhywE\/VIrIoAQZczI\/AAAAAAAAG9w\/JsPS82BLtU8\/w400-h267-no\/pic2.jpg\" \/><\/span><\/p>\n<\/td>\n<\/tr>\n<tr>\n<td>\n<p><span style=\"color: #000000; font-family: helvetica; font-size: 12pt;\"><img decoding=\"async\" class=\"lazyload HAa Eha\" style=\"border-width: 1px; border-style: solid; margin: 10px auto; display: block;\" alt=\"\" src=\"data:image\/gif;base64,R0lGODlhAQABAAAAACH5BAEKAAEALAAAAAABAAEAAAICTAEAOw==\" data-orig-src=\"https:\/\/lh6.googleusercontent.com\/-Rx36hgnS29I\/VIrIob8VqoI\/AAAAAAAAG9s\/48nXXCwCJ8I\/w400-h273-no\/pic3.jpg\" \/><\/span><\/p>\n<\/td>\n<td>\n<p style=\"text-align: justify;\"><span style=\"color: #000000; font-family: helvetica; font-size: 12pt;\">&nbsp;&nbsp;&nbsp; N\u00eb pritjen zyrtare t\u00eb b\u00ebr\u00eb nga Patriarku Ilia II, p\u00ebrsh\u00ebndeti Hir\u00ebsia e Tij Ignati, i cili tha nd\u00ebr t\u00eb tjera:<\/span><\/p>\n<p style=\"text-align: justify;\"><span style=\"color: #000000; font-family: helvetica; font-size: 12pt;\"><em>&nbsp; \u201cFortlumturi, ju fal\u00ebnderojm\u00eb p\u00ebrzem\u00ebrsisht p\u00ebr ftes\u00ebn e b\u00ebr\u00eb nga Shenjt\u00ebria Juaj p\u00ebr t\u00eb bashk\u00ebcelebruar n\u00eb Kish\u00ebn simot\u00ebr, t\u00eb shk\u00eblqyer e t\u00eb lasht\u00eb t\u00eb Gjeorgjis\u00eb, q\u00eb \u00ebsht\u00eb themeluar nga Apostulli i Shenjt\u00eb Andrea, i Par\u00ebthirruri q\u00eb n\u00eb shekullin e par\u00eb dhe e p\u00ebrforcuar m\u00eb pas, n\u00eb shekullin e kat\u00ebrt, nga shenjtorja Nina prej Kapadhokis\u00eb, e barabart\u00eb me apostujt. <\/em><\/span><\/p>\n<p style=\"text-align: justify;\"><span style=\"font-family: helvetica; font-size: 12pt;\"><\/span><\/p>\n<\/td>\n<\/tr>\n<tr>\n<td>\n<p style=\"text-align: justify;\"><span style=\"color: #000000; font-family: helvetica; font-size: 12pt;\"><em>&nbsp;&nbsp;&nbsp; N\u00eb k\u00ebt\u00eb dit\u00eb t\u00eb sh\u00ebnuar t\u00eb 1400-vjetorit t\u00eb Manastirit t\u00eb Ivarit, q\u00eb rrezaton p\u00ebr kaq e kaq shekuj drit\u00ebn e pashuar t\u00eb besimit ndaj Zotit Ton\u00eb, Jisu Krishtit, si nj\u00eb beden i lart\u00eb dhe si nj\u00eb fener shpirt\u00ebror i orthodhoksis\u00eb. Nga ky Manastir dol\u00ebn njer\u00ebz t\u00eb shk\u00eblqyer t\u00eb virtytit dhe arsimit, t\u00eb cil\u00ebt zhvilluan dhe kultivuan idealin murg\u00ebror e asketik n\u00eb popullin tuaj shpres\u00ebtar, duke marr\u00eb fuqi nga Kryqi Jet\u00ebdh\u00ebn\u00ebs i Zotit, simbol i fitores&#8230; <\/em><\/span><\/p>\n<\/td>\n<td>\n<p><span style=\"color: #000000; font-family: helvetica; font-size: 12pt;\"><img decoding=\"async\" class=\"lazyload HAa Eha\" style=\"border-width: 1px; border-style: solid; margin: 10px auto; display: block;\" alt=\"\" src=\"data:image\/gif;base64,R0lGODlhAQABAAAAACH5BAEKAAEALAAAAAABAAEAAAICTAEAOw==\" data-orig-src=\"https:\/\/lh3.googleusercontent.com\/-kLdJN3DGfEA\/VIrIowRDMaI\/AAAAAAAAG9k\/opYG7qzKcQI\/w351-h299-no\/pic4.jpg\" \/><\/span><\/p>\n<\/td>\n<\/tr>\n<tr>\n<td>\n<p><span style=\"color: #000000; font-family: helvetica; font-size: 12pt;\"><img decoding=\"async\" class=\"lazyload HAa Eha\" style=\"border-width: 1px; border-style: solid; margin: 10px auto; display: block;\" alt=\"\" src=\"data:image\/gif;base64,R0lGODlhAQABAAAAACH5BAEKAAEALAAAAAABAAEAAAICTAEAOw==\" data-orig-src=\"https:\/\/lh4.googleusercontent.com\/-sCWLANZyxo8\/VIrIo8RUyII\/AAAAAAAAG9c\/gqkwbw2KtSM\/w400-h267-no\/pic6.jpg\" \/><\/span><\/p>\n<\/td>\n<td>\n<p style=\"text-align: justify;\"><span style=\"color: #000000; font-family: helvetica; font-size: 12pt;\"><em>&nbsp;&nbsp;&nbsp; Ky vit p\u00ebrkon dhe me nj\u00eb dit\u00eb t\u00eb sh\u00ebnuar p\u00ebr Fortlumturin\u00eb Tuaj, pasi me Hirin e Zotit mbushen 30 vjet nga Fron\u00ebzimi Juaj si bari i k\u00ebtij populli t\u00eb zgjedhur prej Per\u00ebndis\u00eb&#8230; Ky post nuk \u00ebsht\u00eb vet\u00ebm \u201cfron i paraardh\u00ebsve\u201d, por \u201cvazhdim i vepr\u00ebs s\u00eb tyre\u201d, duke p\u00ebrdorur men\u00e7urin\u00eb q\u00eb Ju karakterizon dhe zellin apostolik, frym\u00ebn e sakrific\u00ebs dhe vet\u00ebmohimit, duke u b\u00ebr\u00eb, k\u00ebshtu, \u201ckanon i besimit dhe i but\u00ebsis\u00eb\u201d, si nj\u00eb pasardh\u00ebs dhe vazhdues i denj\u00eb i vepr\u00ebs s\u00eb Apostujve.<\/em><\/span><\/p>\n<\/td>\n<\/tr>\n<tr>\n<td>\n<p style=\"text-align: justify;\"><span style=\"color: #000000; font-family: helvetica; font-size: 12pt;\"><em>&nbsp;&nbsp;&nbsp; Duke shprehur urimet e Fortlumturis\u00eb s\u00eb Tij Anastasit, t\u00eb v\u00ebllez\u00ebrve t\u00eb shenjt\u00eb hierark\u00eb, t\u00eb klerit dhe popullit shpres\u00ebtar t\u00eb Shqip\u00ebris\u00eb, i lutemi Zotit t\u00eb T\u00ebr\u00ebfuqish\u00ebm t\u2019Ju jap\u00eb sh\u00ebndet dhe vite t\u00eb shumta p\u00ebr t\u00eb vazhduar pun\u00ebn Tuaj frytdh\u00ebn\u00ebse p\u00ebr thellimin e besimit t\u00eb popullit gjeorgjian dhe p\u00ebr t\u00eb ecur n\u00eb hapat e besimit t\u00eb kulluar orthodhoks, fryte t\u00eb t\u00eb cilit jan\u00eb: <\/em><\/span><\/p>\n<\/td>\n<td>\n<p><span style=\"color: #000000; font-family: helvetica; font-size: 12pt;\"><img decoding=\"async\" class=\"lazyload HAa Eha\" style=\"border-width: 1px; border-style: solid; margin: 10px auto; display: block;\" alt=\"\" src=\"data:image\/gif;base64,R0lGODlhAQABAAAAACH5BAEKAAEALAAAAAABAAEAAAICTAEAOw==\" data-orig-src=\"https:\/\/lh5.googleusercontent.com\/-YfpsGiQB-4M\/VIrIpGtMYbI\/AAAAAAAAG9Y\/IujnxmpAAao\/w385-h296-no\/pic7.jpg\" \/><\/span><\/p>\n<\/td>\n<\/tr>\n<tr>\n<td>\n<p><span style=\"color: #000000; font-family: helvetica; font-size: 12pt;\"><img decoding=\"async\" class=\"lazyload HAa Eha\" style=\"border-width: 1px; border-style: solid; margin: 10px auto; display: block;\" alt=\"\" src=\"data:image\/gif;base64,R0lGODlhAQABAAAAACH5BAEKAAEALAAAAAABAAEAAAICTAEAOw==\" data-orig-src=\"https:\/\/lh5.googleusercontent.com\/-TP671qJ99mA\/VIrIptoab-I\/AAAAAAAAG9g\/alosCOrdikc\/w400-h267-no\/pic8.jpg\" \/><\/span><\/p>\n<\/td>\n<td>\n<p style=\"text-align: justify;\"><span style=\"color: #000000; font-family: helvetica; font-size: 12pt;\"><em>&nbsp;&nbsp;&nbsp;&nbsp; lul\u00ebzimi i idealit murg\u00ebror, rim\u00ebk\u00ebmbja dhe stolisja e kishave t\u00eb shenjta, arsimimi i t\u00eb rinjve, kultivimi i prirjeve klerikale p\u00ebr t\u00eb pasur n\u00eb t\u00eb ardhmen barinj t\u00eb denj\u00eb, q\u00eb do t\u00eb vazhdojn\u00eb pun\u00ebn shpirt\u00ebrore t\u00eb Zotit Jisu Krisht p\u00ebr shk\u00eblqimin e Kish\u00ebs s\u00eb Shenjt\u00eb dhe p\u00ebr lavdin\u00eb e Per\u00ebndis\u00eb Trinitare.\u201d<\/em><\/span><\/p>\n<\/td>\n<\/tr>\n<\/tbody>\n<\/table>\n<p style=\"text-align: justify;\"><span style=\"color: #000000; font-family: helvetica; font-size: 12pt;\">&nbsp;&nbsp;&nbsp; T\u00eb shtun\u00ebn n\u00eb m\u00ebngjes, m\u00eb 13 tetor, popull i shumt\u00eb ishte mbledhur n\u00eb kish\u00ebn e shenjt\u00eb t\u00eb manastirit t\u00eb Ivarit, ku n\u00ebn drejtimin e T\u00ebr\u00ebshenjt\u00ebris\u00eb s\u00eb Tij, Patriarkut Ekumenik Vartholomeu dhe Patrikut t\u00eb Gjeorgjis\u00eb Ilia II, u krye nj\u00eb Dhoksologji, e cila sh\u00ebnoi fillimin e festimit t\u00eb 1400-vjetorit t\u00eb k\u00ebtij manastiri, si dhe t\u00eb 30-vjetorit t\u00eb Fron\u00ebzimit si Patriark i Kish\u00ebs Orthodhokse t\u00eb Gjeorgjis\u00eb.<\/span><\/p>\n<p style=\"text-align: justify;\"><span style=\"color: #000000; font-family: helvetica; font-size: 12pt;\">&nbsp;&nbsp;&nbsp; Po at\u00eb dit\u00eb u organizua edhe vizita n\u00eb Muzeun e Arteve Komb\u00ebtare, ku mysafir\u00ebt u njoh\u00ebn me historin\u00eb e lasht\u00eb t\u00eb popullit gjeorgjian, si edhe me rr\u00ebnj\u00ebt e hershme t\u00eb Krishterimit n\u00eb Gjeorgji.<\/span><\/p>\n<p style=\"text-align: justify;\"><span style=\"color: #000000; font-family: helvetica; font-size: 12pt;\">&nbsp;&nbsp;&nbsp; E paharruar do t\u00eb mbetet pasditja e s\u00eb shtun\u00ebs, n\u00eb Katedralen Orthodhokse t\u00eb Trinis\u00eb s\u00eb Shenjt\u00eb, n\u00eb Tbilis. Mij\u00ebra e mij\u00ebra njer\u00ebz ishin mbledhur brenda dhe jasht\u00eb asaj, q\u00eb mund t\u00eb jet\u00eb nj\u00eb nga Katedralet m\u00eb t\u00eb m\u00ebdha t\u00eb tradit\u00ebs orthodhokse t\u00eb nd\u00ebrtuara n\u00eb koh\u00ebt moderne. Koret e shumt\u00eb, t\u00eb p\u00ebrb\u00ebr\u00eb kryesisht nga djem t\u00eb Akademis\u00eb Teologjike t\u00eb Tbilisit, e b\u00ebn\u00eb edhe m\u00eb emocionuese atmosfer\u00ebn. T\u00eb binte n\u00eb sy shpres\u00ebtaria e njer\u00ebzve dhe pjes\u00ebmarrja e t\u00eb rinjve dhe f\u00ebmij\u00ebve n\u00eb kish\u00eb dhe, sidomos respekti i tyre ndaj klerit. Besimtar\u00ebt prisnin me or\u00eb t\u00eb t\u00ebra p\u00ebr t\u00eb marr\u00eb bekimin nga Patriarku ose nga hierark\u00ebt e tjer\u00eb t\u00eb Kish\u00ebs.<\/span><\/p>\n<p style=\"text-align: justify;\"><span style=\"color: #000000; font-family: helvetica; font-size: 12pt;\">&nbsp;&nbsp;&nbsp; M\u00eb 14 tetor Liturgjia Hyjnore, e drejtuar nga dy patriark\u00ebt, ku bashk\u00ebmeshuan t\u00eb gjith\u00eb prift\u00ebrinjt\u00eb e kishave t\u00eb tjera simotra, u zhvillua n\u00eb Katedralen Svetiskoveli, s\u00ebrish n\u00eb pranin\u00eb e mij\u00ebra besimtar\u00ebve. P\u00ebrshtypje t\u00eb madhe b\u00ebri pjes\u00ebmarrja dhe fjalimi i presidentit t\u00eb Gjeorgjis\u00eb n\u00eb sh\u00ebrbes\u00eb, si edhe prania e personaliteteve t\u00eb tjera shtet\u00ebrore, t\u00eb cil\u00ebt gjat\u00eb gjith\u00eb ceremonis\u00eb gjenin rastin p\u00ebr t\u00eb lavd\u00ebruar Patrikun e Gjeorgjis\u00eb lidhur me vepr\u00ebn e Tij baritore n\u00eb Kish\u00eb.<\/span><\/p>\n<p style=\"text-align: justify;\"><span style=\"color: #000000; font-family: helvetica; font-size: 12pt;\">&nbsp;&nbsp;&nbsp; M\u00eb 15 tetor mbres\u00ebl\u00ebn\u00ebse ishte vizita q\u00eb Patriku Ekumenik dhe delegat\u00ebt e kishave orthodhokse b\u00ebn\u00eb n\u00eb manastirin e sh\u00ebn Nin\u00ebs, t\u00eb nd\u00ebrtuar mbi nj\u00eb kod\u00ebr. Po n\u00eb k\u00ebt\u00eb, dit\u00eb t\u00eb gjith\u00eb p\u00ebrfaq\u00ebsuesit e kishave orthodhokse asistuan n\u00eb dh\u00ebnien e titullit \u201c\u00c7mimi i Nderit Akademik\u201d, akorduar Patriarkut Ekumenik Vartholomeut nga Akademia e Shkencave t\u00eb Gjeorgjis\u00eb.<\/span><\/p>\n<p style=\"text-align: justify;\"><span style=\"color: #000000; font-family: helvetica; font-size: 12pt;\">&nbsp;&nbsp;&nbsp; U larguam nga Gjeorgjia me mir\u00ebnjohjen m\u00eb t\u00eb thell\u00eb p\u00ebr mikpritjen, respektin dhe n\u00eb ve\u00e7anti p\u00ebr shpres\u00ebtarin\u00eb e Orthodhoksis\u00eb Gjeorgjiane.<\/span><\/p>\n<p style=\"text-align: justify;\"><span style=\"font-family: helvetica; font-size: 12pt;\"><\/span><\/p>\n<p style=\"text-align: justify;\"><span style=\"font-family: helvetica; font-size: 12pt;\"><\/span><\/p>\n<p style=\"text-align: justify;\"><span style=\"color: #000000; font-family: helvetica; font-size: 12pt;\"><strong>&nbsp;&nbsp;&nbsp;&nbsp; Nga p\u00ebrfaq\u00ebsuesit e K.O.A.Sh.<\/strong><\/span><\/p>\n<p style=\"text-align: justify;\"><span style=\"color: #000000; font-family: helvetica; font-size: 12pt;\"><strong>&nbsp;&nbsp;&nbsp;&nbsp; Mitropoliti i Beratit, Hir\u00ebsi Ignati dhe Jorgo Papadhopulli<\/strong><\/span><\/p>\n","protected":false},"excerpt":{"rendered":"<p>&nbsp;&nbsp;&nbsp; Nga datat 12 \u2013 16 tetor 2007, u kremtua n\u00eb Tbilis t\u00eb Gjeorgjis\u00eb 1400-vjetori i manastirit t\u00eb Ivarit (Kryqit t\u00eb Nderuar), si dhe 30-vjetori i Fron\u00ebzimit t\u00eb Fortlumturis\u00eb s\u00eb Tij, Patriarkut t\u00eb Kish\u00ebs s\u00eb Gjeorgjis\u00eb, Ilia II. &nbsp;&nbsp;&nbsp; N\u00eb k\u00ebt\u00eb jubile mor\u00ebn pjes\u00eb p\u00ebrfaq\u00ebsues nga t\u00eb gjitha Kishat Orthodhokse t\u00eb bot\u00ebs, si dhe T\u00ebr\u00ebshenjt\u00ebria e Tij, Patriarku Ekumenik Vartholomeu I. Delegacioni i Kish\u00ebs Orthodhokse<\/p>\n","protected":false},"author":1,"featured_media":0,"comment_status":"open","ping_status":"open","sticky":false,"template":"","format":"standard","meta":{"_acf_changed":false,"pagelayer_contact_templates":[],"_pagelayer_content":"","inline_featured_image":false,"fifu_image_url":"","fifu_image_alt":"","footnotes":""},"categories":[108],"tags":[147,153,196,212],"class_list":["post-171","post","type-post","status-publish","format-standard","hentry","category-lajme","tag-147","tag-deklarata-njoftime-zyrtare-d75","tag-tirane","tag-lajme-d27"],"acf":[],"yoast_head":"<!-- This site is optimized with the Yoast SEO plugin v27.2 - https:\/\/yoast.com\/product\/yoast-seo-wordpress\/ -->\n<title>Jubile i madh n\u00eb Kish\u00ebn Orthodhokse t\u00eb Gjeorgjis\u00eb Merr pjes\u00eb edhe nj\u00eb delegacion i Kish\u00ebs Orthodhokse Autoqefale t\u00eb Shqip\u00ebris\u00eb. (Tetor 2007) - Kisha Orthodh\u03bfkse Autoqefale e Shqip\u00ebris\u00eb<\/title>\n<meta name=\"robots\" content=\"index, follow, max-snippet:-1, max-image-preview:large, max-video-preview:-1\" \/>\n<link rel=\"canonical\" href=\"https:\/\/orthodoxalbania.org\/2020\/2007\/02\/26\/jubile-i-madh-ne-kishen-orthodhokse-te-gjeorgjise-merr-pjese-edhe-nje-delegacion-i-kishes-orthodhokse-autoqefale-te-shqiperise-tetor-2007\/\" \/>\n<meta property=\"og:locale\" content=\"en_US\" \/>\n<meta property=\"og:type\" content=\"article\" \/>\n<meta property=\"og:title\" content=\"Jubile i madh n\u00eb Kish\u00ebn Orthodhokse t\u00eb Gjeorgjis\u00eb Merr pjes\u00eb edhe nj\u00eb delegacion i Kish\u00ebs Orthodhokse Autoqefale t\u00eb Shqip\u00ebris\u00eb. (Tetor 2007) - Kisha Orthodh\u03bfkse Autoqefale e Shqip\u00ebris\u00eb\" \/>\n<meta property=\"og:description\" content=\"&nbsp;&nbsp;&nbsp; Nga datat 12 \u2013 16 tetor 2007, u kremtua n\u00eb Tbilis t\u00eb Gjeorgjis\u00eb 1400-vjetori i manastirit t\u00eb Ivarit (Kryqit t\u00eb Nderuar), si dhe 30-vjetori i Fron\u00ebzimit t\u00eb Fortlumturis\u00eb s\u00eb Tij, Patriarkut t\u00eb Kish\u00ebs s\u00eb Gjeorgjis\u00eb, Ilia II. &nbsp;&nbsp;&nbsp; N\u00eb k\u00ebt\u00eb jubile mor\u00ebn pjes\u00eb p\u00ebrfaq\u00ebsues nga t\u00eb gjitha Kishat Orthodhokse t\u00eb bot\u00ebs, si dhe T\u00ebr\u00ebshenjt\u00ebria e Tij, Patriarku Ekumenik Vartholomeu I. Delegacioni i Kish\u00ebs Orthodhokse\" \/>\n<meta property=\"og:url\" content=\"https:\/\/orthodoxalbania.org\/2020\/2007\/02\/26\/jubile-i-madh-ne-kishen-orthodhokse-te-gjeorgjise-merr-pjese-edhe-nje-delegacion-i-kishes-orthodhokse-autoqefale-te-shqiperise-tetor-2007\/\" \/>\n<meta property=\"og:site_name\" content=\"Kisha Orthodh\u03bfkse Autoqefale e Shqip\u00ebris\u00eb\" \/>\n<meta property=\"article:publisher\" content=\"https:\/\/www.facebook.com\/koash1991\" \/>\n<meta property=\"article:published_time\" content=\"2007-02-26T00:00:00+00:00\" \/>\n<meta property=\"article:modified_time\" content=\"2020-04-06T20:35:47+00:00\" \/>\n<meta property=\"og:image\" content=\"https:\/\/lh6.googleusercontent.com\/-fnCRxtIKfSc\/VIrIoF89WKI\/AAAAAAAAG9o\/LzQOkQnbZAg\/w400-h267-no\/pic1.jpg\" \/>\n<meta name=\"author\" content=\"Kisha Orthodhokse\" \/>\n<meta name=\"twitter:card\" content=\"summary_large_image\" \/>\n<meta name=\"twitter:label1\" content=\"Written by\" \/>\n\t<meta name=\"twitter:data1\" content=\"Kisha Orthodhokse\" \/>\n\t<meta name=\"twitter:label2\" content=\"Est. reading time\" \/>\n\t<meta name=\"twitter:data2\" content=\"5 minutes\" \/>\n<script type=\"application\/ld+json\" class=\"yoast-schema-graph\">{\"@context\":\"https:\/\/schema.org\",\"@graph\":[{\"@type\":\"Article\",\"@id\":\"https:\/\/orthodoxalbania.org\/2020\/2007\/02\/26\/jubile-i-madh-ne-kishen-orthodhokse-te-gjeorgjise-merr-pjese-edhe-nje-delegacion-i-kishes-orthodhokse-autoqefale-te-shqiperise-tetor-2007\/#article\",\"isPartOf\":{\"@id\":\"https:\/\/orthodoxalbania.org\/2020\/2007\/02\/26\/jubile-i-madh-ne-kishen-orthodhokse-te-gjeorgjise-merr-pjese-edhe-nje-delegacion-i-kishes-orthodhokse-autoqefale-te-shqiperise-tetor-2007\/\"},\"author\":{\"name\":\"Kisha Orthodhokse\",\"@id\":\"https:\/\/orthodoxalbania.org\/2020\/#\/schema\/person\/0c387634a7063ac612d7ed9ce71c7e86\"},\"headline\":\"Jubile i madh n\u00eb Kish\u00ebn Orthodhokse t\u00eb Gjeorgjis\u00eb Merr pjes\u00eb edhe nj\u00eb delegacion i Kish\u00ebs Orthodhokse Autoqefale t\u00eb Shqip\u00ebris\u00eb. (Tetor 2007)\",\"datePublished\":\"2007-02-26T00:00:00+00:00\",\"dateModified\":\"2020-04-06T20:35:47+00:00\",\"mainEntityOfPage\":{\"@id\":\"https:\/\/orthodoxalbania.org\/2020\/2007\/02\/26\/jubile-i-madh-ne-kishen-orthodhokse-te-gjeorgjise-merr-pjese-edhe-nje-delegacion-i-kishes-orthodhokse-autoqefale-te-shqiperise-tetor-2007\/\"},\"wordCount\":1032,\"commentCount\":0,\"publisher\":{\"@id\":\"https:\/\/orthodoxalbania.org\/2020\/#organization\"},\"image\":{\"@id\":\"https:\/\/orthodoxalbania.org\/2020\/2007\/02\/26\/jubile-i-madh-ne-kishen-orthodhokse-te-gjeorgjise-merr-pjese-edhe-nje-delegacion-i-kishes-orthodhokse-autoqefale-te-shqiperise-tetor-2007\/#primaryimage\"},\"thumbnailUrl\":\"https:\/\/lh6.googleusercontent.com\/-fnCRxtIKfSc\/VIrIoF89WKI\/AAAAAAAAG9o\/LzQOkQnbZAg\/w400-h267-no\/pic1.jpg\",\"keywords\":[\"2007\",\"Deklarata - Njoftime Zyrtare\",\"Kryepiskopata Tiran\u00eb\",\"lajme\"],\"articleSection\":[\"Lajme\"],\"inLanguage\":\"en-US\"},{\"@type\":\"WebPage\",\"@id\":\"https:\/\/orthodoxalbania.org\/2020\/2007\/02\/26\/jubile-i-madh-ne-kishen-orthodhokse-te-gjeorgjise-merr-pjese-edhe-nje-delegacion-i-kishes-orthodhokse-autoqefale-te-shqiperise-tetor-2007\/\",\"url\":\"https:\/\/orthodoxalbania.org\/2020\/2007\/02\/26\/jubile-i-madh-ne-kishen-orthodhokse-te-gjeorgjise-merr-pjese-edhe-nje-delegacion-i-kishes-orthodhokse-autoqefale-te-shqiperise-tetor-2007\/\",\"name\":\"Jubile i madh n\u00eb Kish\u00ebn Orthodhokse t\u00eb Gjeorgjis\u00eb Merr pjes\u00eb edhe nj\u00eb delegacion i Kish\u00ebs Orthodhokse Autoqefale t\u00eb Shqip\u00ebris\u00eb. (Tetor 2007) - Kisha Orthodh\u03bfkse Autoqefale e Shqip\u00ebris\u00eb\",\"isPartOf\":{\"@id\":\"https:\/\/orthodoxalbania.org\/2020\/#website\"},\"primaryImageOfPage\":{\"@id\":\"https:\/\/orthodoxalbania.org\/2020\/2007\/02\/26\/jubile-i-madh-ne-kishen-orthodhokse-te-gjeorgjise-merr-pjese-edhe-nje-delegacion-i-kishes-orthodhokse-autoqefale-te-shqiperise-tetor-2007\/#primaryimage\"},\"image\":{\"@id\":\"https:\/\/orthodoxalbania.org\/2020\/2007\/02\/26\/jubile-i-madh-ne-kishen-orthodhokse-te-gjeorgjise-merr-pjese-edhe-nje-delegacion-i-kishes-orthodhokse-autoqefale-te-shqiperise-tetor-2007\/#primaryimage\"},\"thumbnailUrl\":\"https:\/\/lh6.googleusercontent.com\/-fnCRxtIKfSc\/VIrIoF89WKI\/AAAAAAAAG9o\/LzQOkQnbZAg\/w400-h267-no\/pic1.jpg\",\"datePublished\":\"2007-02-26T00:00:00+00:00\",\"dateModified\":\"2020-04-06T20:35:47+00:00\",\"breadcrumb\":{\"@id\":\"https:\/\/orthodoxalbania.org\/2020\/2007\/02\/26\/jubile-i-madh-ne-kishen-orthodhokse-te-gjeorgjise-merr-pjese-edhe-nje-delegacion-i-kishes-orthodhokse-autoqefale-te-shqiperise-tetor-2007\/#breadcrumb\"},\"inLanguage\":\"en-US\",\"potentialAction\":[{\"@type\":\"ReadAction\",\"target\":[\"https:\/\/orthodoxalbania.org\/2020\/2007\/02\/26\/jubile-i-madh-ne-kishen-orthodhokse-te-gjeorgjise-merr-pjese-edhe-nje-delegacion-i-kishes-orthodhokse-autoqefale-te-shqiperise-tetor-2007\/\"]}]},{\"@type\":\"ImageObject\",\"inLanguage\":\"en-US\",\"@id\":\"https:\/\/orthodoxalbania.org\/2020\/2007\/02\/26\/jubile-i-madh-ne-kishen-orthodhokse-te-gjeorgjise-merr-pjese-edhe-nje-delegacion-i-kishes-orthodhokse-autoqefale-te-shqiperise-tetor-2007\/#primaryimage\",\"url\":\"https:\/\/lh6.googleusercontent.com\/-fnCRxtIKfSc\/VIrIoF89WKI\/AAAAAAAAG9o\/LzQOkQnbZAg\/w400-h267-no\/pic1.jpg\",\"contentUrl\":\"https:\/\/lh6.googleusercontent.com\/-fnCRxtIKfSc\/VIrIoF89WKI\/AAAAAAAAG9o\/LzQOkQnbZAg\/w400-h267-no\/pic1.jpg\"},{\"@type\":\"BreadcrumbList\",\"@id\":\"https:\/\/orthodoxalbania.org\/2020\/2007\/02\/26\/jubile-i-madh-ne-kishen-orthodhokse-te-gjeorgjise-merr-pjese-edhe-nje-delegacion-i-kishes-orthodhokse-autoqefale-te-shqiperise-tetor-2007\/#breadcrumb\",\"itemListElement\":[{\"@type\":\"ListItem\",\"position\":1,\"name\":\"Home\",\"item\":\"https:\/\/orthodoxalbania.org\/2020\/\"},{\"@type\":\"ListItem\",\"position\":2,\"name\":\"Jubile i madh n\u00eb Kish\u00ebn Orthodhokse t\u00eb Gjeorgjis\u00eb Merr pjes\u00eb edhe nj\u00eb delegacion i Kish\u00ebs Orthodhokse Autoqefale t\u00eb Shqip\u00ebris\u00eb. (Tetor 2007)\"}]},{\"@type\":\"WebSite\",\"@id\":\"https:\/\/orthodoxalbania.org\/2020\/#website\",\"url\":\"https:\/\/orthodoxalbania.org\/2020\/\",\"name\":\"Kisha Orthodh\u03bfkse Autoqefale e Shqip\u00ebris\u00eb\",\"description\":\"Fqja Zyrtare e Kish\u00ebs Orthodhokse Autoqefale e Shqip\u00ebris\u00eb me lajmet edhe informacionet zyrtare p\u00ebr struktur\u00ebn edhe veprimtarin e saj.\",\"publisher\":{\"@id\":\"https:\/\/orthodoxalbania.org\/2020\/#organization\"},\"potentialAction\":[{\"@type\":\"SearchAction\",\"target\":{\"@type\":\"EntryPoint\",\"urlTemplate\":\"https:\/\/orthodoxalbania.org\/2020\/?s={search_term_string}\"},\"query-input\":{\"@type\":\"PropertyValueSpecification\",\"valueRequired\":true,\"valueName\":\"search_term_string\"}}],\"inLanguage\":\"en-US\"},{\"@type\":\"Organization\",\"@id\":\"https:\/\/orthodoxalbania.org\/2020\/#organization\",\"name\":\"Kisha Orthodhokse Autoqefale e Shqip\u00ebris\u00eb\",\"url\":\"https:\/\/orthodoxalbania.org\/2020\/\",\"logo\":{\"@type\":\"ImageObject\",\"inLanguage\":\"en-US\",\"@id\":\"https:\/\/orthodoxalbania.org\/2020\/#\/schema\/logo\/image\/\",\"url\":\"https:\/\/orthodoxalbania.org\/2020\/wp-content\/uploads\/2020\/05\/albania.jpeg\",\"contentUrl\":\"https:\/\/orthodoxalbania.org\/2020\/wp-content\/uploads\/2020\/05\/albania.jpeg\",\"width\":540,\"height\":540,\"caption\":\"Kisha Orthodhokse Autoqefale e Shqip\u00ebris\u00eb\"},\"image\":{\"@id\":\"https:\/\/orthodoxalbania.org\/2020\/#\/schema\/logo\/image\/\"},\"sameAs\":[\"https:\/\/www.facebook.com\/koash1991\"]},{\"@type\":\"Person\",\"@id\":\"https:\/\/orthodoxalbania.org\/2020\/#\/schema\/person\/0c387634a7063ac612d7ed9ce71c7e86\",\"name\":\"Kisha Orthodhokse\",\"image\":{\"@type\":\"ImageObject\",\"inLanguage\":\"en-US\",\"@id\":\"https:\/\/secure.gravatar.com\/avatar\/596e7c417251e30f2fbb9c00e026fce61a695a00e51c889caded71c96cbbdde5?s=96&d=mm&r=g\",\"url\":\"https:\/\/secure.gravatar.com\/avatar\/596e7c417251e30f2fbb9c00e026fce61a695a00e51c889caded71c96cbbdde5?s=96&d=mm&r=g\",\"contentUrl\":\"https:\/\/secure.gravatar.com\/avatar\/596e7c417251e30f2fbb9c00e026fce61a695a00e51c889caded71c96cbbdde5?s=96&d=mm&r=g\",\"caption\":\"Kisha Orthodhokse\"}}]}<\/script>\n<!-- \/ Yoast SEO plugin. -->","yoast_head_json":{"title":"Jubile i madh n\u00eb Kish\u00ebn Orthodhokse t\u00eb Gjeorgjis\u00eb Merr pjes\u00eb edhe nj\u00eb delegacion i Kish\u00ebs Orthodhokse Autoqefale t\u00eb Shqip\u00ebris\u00eb. (Tetor 2007) - Kisha Orthodh\u03bfkse Autoqefale e Shqip\u00ebris\u00eb","robots":{"index":"index","follow":"follow","max-snippet":"max-snippet:-1","max-image-preview":"max-image-preview:large","max-video-preview":"max-video-preview:-1"},"canonical":"https:\/\/orthodoxalbania.org\/2020\/2007\/02\/26\/jubile-i-madh-ne-kishen-orthodhokse-te-gjeorgjise-merr-pjese-edhe-nje-delegacion-i-kishes-orthodhokse-autoqefale-te-shqiperise-tetor-2007\/","og_locale":"en_US","og_type":"article","og_title":"Jubile i madh n\u00eb Kish\u00ebn Orthodhokse t\u00eb Gjeorgjis\u00eb Merr pjes\u00eb edhe nj\u00eb delegacion i Kish\u00ebs Orthodhokse Autoqefale t\u00eb Shqip\u00ebris\u00eb. (Tetor 2007) - Kisha Orthodh\u03bfkse Autoqefale e Shqip\u00ebris\u00eb","og_description":"&nbsp;&nbsp;&nbsp; Nga datat 12 \u2013 16 tetor 2007, u kremtua n\u00eb Tbilis t\u00eb Gjeorgjis\u00eb 1400-vjetori i manastirit t\u00eb Ivarit (Kryqit t\u00eb Nderuar), si dhe 30-vjetori i Fron\u00ebzimit t\u00eb Fortlumturis\u00eb s\u00eb Tij, Patriarkut t\u00eb Kish\u00ebs s\u00eb Gjeorgjis\u00eb, Ilia II. &nbsp;&nbsp;&nbsp; N\u00eb k\u00ebt\u00eb jubile mor\u00ebn pjes\u00eb p\u00ebrfaq\u00ebsues nga t\u00eb gjitha Kishat Orthodhokse t\u00eb bot\u00ebs, si dhe T\u00ebr\u00ebshenjt\u00ebria e Tij, Patriarku Ekumenik Vartholomeu I. Delegacioni i Kish\u00ebs Orthodhokse","og_url":"https:\/\/orthodoxalbania.org\/2020\/2007\/02\/26\/jubile-i-madh-ne-kishen-orthodhokse-te-gjeorgjise-merr-pjese-edhe-nje-delegacion-i-kishes-orthodhokse-autoqefale-te-shqiperise-tetor-2007\/","og_site_name":"Kisha Orthodh\u03bfkse Autoqefale e Shqip\u00ebris\u00eb","article_publisher":"https:\/\/www.facebook.com\/koash1991","article_published_time":"2007-02-26T00:00:00+00:00","article_modified_time":"2020-04-06T20:35:47+00:00","og_image":[{"url":"https:\/\/lh6.googleusercontent.com\/-fnCRxtIKfSc\/VIrIoF89WKI\/AAAAAAAAG9o\/LzQOkQnbZAg\/w400-h267-no\/pic1.jpg","type":"","width":"","height":""}],"author":"Kisha Orthodhokse","twitter_card":"summary_large_image","twitter_misc":{"Written by":"Kisha Orthodhokse","Est. reading time":"5 minutes"},"schema":{"@context":"https:\/\/schema.org","@graph":[{"@type":"Article","@id":"https:\/\/orthodoxalbania.org\/2020\/2007\/02\/26\/jubile-i-madh-ne-kishen-orthodhokse-te-gjeorgjise-merr-pjese-edhe-nje-delegacion-i-kishes-orthodhokse-autoqefale-te-shqiperise-tetor-2007\/#article","isPartOf":{"@id":"https:\/\/orthodoxalbania.org\/2020\/2007\/02\/26\/jubile-i-madh-ne-kishen-orthodhokse-te-gjeorgjise-merr-pjese-edhe-nje-delegacion-i-kishes-orthodhokse-autoqefale-te-shqiperise-tetor-2007\/"},"author":{"name":"Kisha Orthodhokse","@id":"https:\/\/orthodoxalbania.org\/2020\/#\/schema\/person\/0c387634a7063ac612d7ed9ce71c7e86"},"headline":"Jubile i madh n\u00eb Kish\u00ebn Orthodhokse t\u00eb Gjeorgjis\u00eb Merr pjes\u00eb edhe nj\u00eb delegacion i Kish\u00ebs Orthodhokse Autoqefale t\u00eb Shqip\u00ebris\u00eb. (Tetor 2007)","datePublished":"2007-02-26T00:00:00+00:00","dateModified":"2020-04-06T20:35:47+00:00","mainEntityOfPage":{"@id":"https:\/\/orthodoxalbania.org\/2020\/2007\/02\/26\/jubile-i-madh-ne-kishen-orthodhokse-te-gjeorgjise-merr-pjese-edhe-nje-delegacion-i-kishes-orthodhokse-autoqefale-te-shqiperise-tetor-2007\/"},"wordCount":1032,"commentCount":0,"publisher":{"@id":"https:\/\/orthodoxalbania.org\/2020\/#organization"},"image":{"@id":"https:\/\/orthodoxalbania.org\/2020\/2007\/02\/26\/jubile-i-madh-ne-kishen-orthodhokse-te-gjeorgjise-merr-pjese-edhe-nje-delegacion-i-kishes-orthodhokse-autoqefale-te-shqiperise-tetor-2007\/#primaryimage"},"thumbnailUrl":"https:\/\/lh6.googleusercontent.com\/-fnCRxtIKfSc\/VIrIoF89WKI\/AAAAAAAAG9o\/LzQOkQnbZAg\/w400-h267-no\/pic1.jpg","keywords":["2007","Deklarata - Njoftime Zyrtare","Kryepiskopata Tiran\u00eb","lajme"],"articleSection":["Lajme"],"inLanguage":"en-US"},{"@type":"WebPage","@id":"https:\/\/orthodoxalbania.org\/2020\/2007\/02\/26\/jubile-i-madh-ne-kishen-orthodhokse-te-gjeorgjise-merr-pjese-edhe-nje-delegacion-i-kishes-orthodhokse-autoqefale-te-shqiperise-tetor-2007\/","url":"https:\/\/orthodoxalbania.org\/2020\/2007\/02\/26\/jubile-i-madh-ne-kishen-orthodhokse-te-gjeorgjise-merr-pjese-edhe-nje-delegacion-i-kishes-orthodhokse-autoqefale-te-shqiperise-tetor-2007\/","name":"Jubile i madh n\u00eb Kish\u00ebn Orthodhokse t\u00eb Gjeorgjis\u00eb Merr pjes\u00eb edhe nj\u00eb delegacion i Kish\u00ebs Orthodhokse Autoqefale t\u00eb Shqip\u00ebris\u00eb. (Tetor 2007) - Kisha Orthodh\u03bfkse Autoqefale e Shqip\u00ebris\u00eb","isPartOf":{"@id":"https:\/\/orthodoxalbania.org\/2020\/#website"},"primaryImageOfPage":{"@id":"https:\/\/orthodoxalbania.org\/2020\/2007\/02\/26\/jubile-i-madh-ne-kishen-orthodhokse-te-gjeorgjise-merr-pjese-edhe-nje-delegacion-i-kishes-orthodhokse-autoqefale-te-shqiperise-tetor-2007\/#primaryimage"},"image":{"@id":"https:\/\/orthodoxalbania.org\/2020\/2007\/02\/26\/jubile-i-madh-ne-kishen-orthodhokse-te-gjeorgjise-merr-pjese-edhe-nje-delegacion-i-kishes-orthodhokse-autoqefale-te-shqiperise-tetor-2007\/#primaryimage"},"thumbnailUrl":"https:\/\/lh6.googleusercontent.com\/-fnCRxtIKfSc\/VIrIoF89WKI\/AAAAAAAAG9o\/LzQOkQnbZAg\/w400-h267-no\/pic1.jpg","datePublished":"2007-02-26T00:00:00+00:00","dateModified":"2020-04-06T20:35:47+00:00","breadcrumb":{"@id":"https:\/\/orthodoxalbania.org\/2020\/2007\/02\/26\/jubile-i-madh-ne-kishen-orthodhokse-te-gjeorgjise-merr-pjese-edhe-nje-delegacion-i-kishes-orthodhokse-autoqefale-te-shqiperise-tetor-2007\/#breadcrumb"},"inLanguage":"en-US","potentialAction":[{"@type":"ReadAction","target":["https:\/\/orthodoxalbania.org\/2020\/2007\/02\/26\/jubile-i-madh-ne-kishen-orthodhokse-te-gjeorgjise-merr-pjese-edhe-nje-delegacion-i-kishes-orthodhokse-autoqefale-te-shqiperise-tetor-2007\/"]}]},{"@type":"ImageObject","inLanguage":"en-US","@id":"https:\/\/orthodoxalbania.org\/2020\/2007\/02\/26\/jubile-i-madh-ne-kishen-orthodhokse-te-gjeorgjise-merr-pjese-edhe-nje-delegacion-i-kishes-orthodhokse-autoqefale-te-shqiperise-tetor-2007\/#primaryimage","url":"https:\/\/lh6.googleusercontent.com\/-fnCRxtIKfSc\/VIrIoF89WKI\/AAAAAAAAG9o\/LzQOkQnbZAg\/w400-h267-no\/pic1.jpg","contentUrl":"https:\/\/lh6.googleusercontent.com\/-fnCRxtIKfSc\/VIrIoF89WKI\/AAAAAAAAG9o\/LzQOkQnbZAg\/w400-h267-no\/pic1.jpg"},{"@type":"BreadcrumbList","@id":"https:\/\/orthodoxalbania.org\/2020\/2007\/02\/26\/jubile-i-madh-ne-kishen-orthodhokse-te-gjeorgjise-merr-pjese-edhe-nje-delegacion-i-kishes-orthodhokse-autoqefale-te-shqiperise-tetor-2007\/#breadcrumb","itemListElement":[{"@type":"ListItem","position":1,"name":"Home","item":"https:\/\/orthodoxalbania.org\/2020\/"},{"@type":"ListItem","position":2,"name":"Jubile i madh n\u00eb Kish\u00ebn Orthodhokse t\u00eb Gjeorgjis\u00eb Merr pjes\u00eb edhe nj\u00eb delegacion i Kish\u00ebs Orthodhokse Autoqefale t\u00eb Shqip\u00ebris\u00eb. (Tetor 2007)"}]},{"@type":"WebSite","@id":"https:\/\/orthodoxalbania.org\/2020\/#website","url":"https:\/\/orthodoxalbania.org\/2020\/","name":"Kisha Orthodh\u03bfkse Autoqefale e Shqip\u00ebris\u00eb","description":"Fqja Zyrtare e Kish\u00ebs Orthodhokse Autoqefale e Shqip\u00ebris\u00eb me lajmet edhe informacionet zyrtare p\u00ebr struktur\u00ebn edhe veprimtarin e saj.","publisher":{"@id":"https:\/\/orthodoxalbania.org\/2020\/#organization"},"potentialAction":[{"@type":"SearchAction","target":{"@type":"EntryPoint","urlTemplate":"https:\/\/orthodoxalbania.org\/2020\/?s={search_term_string}"},"query-input":{"@type":"PropertyValueSpecification","valueRequired":true,"valueName":"search_term_string"}}],"inLanguage":"en-US"},{"@type":"Organization","@id":"https:\/\/orthodoxalbania.org\/2020\/#organization","name":"Kisha Orthodhokse Autoqefale e Shqip\u00ebris\u00eb","url":"https:\/\/orthodoxalbania.org\/2020\/","logo":{"@type":"ImageObject","inLanguage":"en-US","@id":"https:\/\/orthodoxalbania.org\/2020\/#\/schema\/logo\/image\/","url":"https:\/\/orthodoxalbania.org\/2020\/wp-content\/uploads\/2020\/05\/albania.jpeg","contentUrl":"https:\/\/orthodoxalbania.org\/2020\/wp-content\/uploads\/2020\/05\/albania.jpeg","width":540,"height":540,"caption":"Kisha Orthodhokse Autoqefale e Shqip\u00ebris\u00eb"},"image":{"@id":"https:\/\/orthodoxalbania.org\/2020\/#\/schema\/logo\/image\/"},"sameAs":["https:\/\/www.facebook.com\/koash1991"]},{"@type":"Person","@id":"https:\/\/orthodoxalbania.org\/2020\/#\/schema\/person\/0c387634a7063ac612d7ed9ce71c7e86","name":"Kisha Orthodhokse","image":{"@type":"ImageObject","inLanguage":"en-US","@id":"https:\/\/secure.gravatar.com\/avatar\/596e7c417251e30f2fbb9c00e026fce61a695a00e51c889caded71c96cbbdde5?s=96&d=mm&r=g","url":"https:\/\/secure.gravatar.com\/avatar\/596e7c417251e30f2fbb9c00e026fce61a695a00e51c889caded71c96cbbdde5?s=96&d=mm&r=g","contentUrl":"https:\/\/secure.gravatar.com\/avatar\/596e7c417251e30f2fbb9c00e026fce61a695a00e51c889caded71c96cbbdde5?s=96&d=mm&r=g","caption":"Kisha Orthodhokse"}}]}},"_links":{"self":[{"href":"https:\/\/orthodoxalbania.org\/2020\/wp-json\/wp\/v2\/posts\/171","targetHints":{"allow":["GET"]}}],"collection":[{"href":"https:\/\/orthodoxalbania.org\/2020\/wp-json\/wp\/v2\/posts"}],"about":[{"href":"https:\/\/orthodoxalbania.org\/2020\/wp-json\/wp\/v2\/types\/post"}],"author":[{"embeddable":true,"href":"https:\/\/orthodoxalbania.org\/2020\/wp-json\/wp\/v2\/users\/1"}],"replies":[{"embeddable":true,"href":"https:\/\/orthodoxalbania.org\/2020\/wp-json\/wp\/v2\/comments?post=171"}],"version-history":[{"count":1,"href":"https:\/\/orthodoxalbania.org\/2020\/wp-json\/wp\/v2\/posts\/171\/revisions"}],"predecessor-version":[{"id":15767,"href":"https:\/\/orthodoxalbania.org\/2020\/wp-json\/wp\/v2\/posts\/171\/revisions\/15767"}],"wp:attachment":[{"href":"https:\/\/orthodoxalbania.org\/2020\/wp-json\/wp\/v2\/media?parent=171"}],"wp:term":[{"taxonomy":"category","embeddable":true,"href":"https:\/\/orthodoxalbania.org\/2020\/wp-json\/wp\/v2\/categories?post=171"},{"taxonomy":"post_tag","embeddable":true,"href":"https:\/\/orthodoxalbania.org\/2020\/wp-json\/wp\/v2\/tags?post=171"}],"curies":[{"name":"wp","href":"https:\/\/api.w.org\/{rel}","templated":true}]}}