{"id":170,"date":"2013-03-21T12:39:54","date_gmt":"2013-03-21T12:39:54","guid":{"rendered":""},"modified":"2020-04-06T22:05:52","modified_gmt":"2020-04-06T20:05:52","slug":"intelektualet-korcare-i-pergjigjen-dashakeqesise-manipulimit-dhe-fyerjeve","status":"publish","type":"post","link":"https:\/\/orthodoxalbania.org\/2020\/2013\/03\/21\/intelektualet-korcare-i-pergjigjen-dashakeqesise-manipulimit-dhe-fyerjeve\/","title":{"rendered":"Intelektual\u00ebt kor\u00e7ar\u00eb i p\u00ebrgjigjen dashakeq\u00ebsis\u00eb, manipulimit dhe fyerjeve. (Dhjetor 2012)"},"content":{"rendered":"<div class=\"MsoNormal\" style=\"text-indent: 0.25in; text-align: justify;\"><span style=\"color: #000000; font-family: helvetica;\"> <span style=\"font-size: 12px;\"><img class=\"lazyload\" decoding=\"async\" style=\"border-width: 1px; border-style: solid; margin: 10px; float: left; width: 200px; height: 181px;\" alt=\"\" src=\"data:image\/gif;base64,R0lGODlhAQABAAAAACH5BAEKAAEALAAAAAABAAEAAAICTAEAOw==\" data-orig-src=\"http:\/\/1.bp.blogspot.com\/_Q4PujQ40gRs\/S-oxxbN3DoI\/AAAAAAAAAnY\/aFV_vbxMh5s\/s1600\/korca-hdr.jpg\" \/><span style=\"font-size: 12pt;\">&nbsp; &nbsp; Q\u00ebllimi i k\u00ebtij shkrimi, nuk ka t\u00eb b\u00ebj\u00eb me parashtrimin e argumenteve, se sa mjerisht qesharake jan\u00eb p\u00ebrfundimet e Censusit t\u00eb fundit, n\u00eb lidhje me p\u00ebrqindjen q\u00eb i korrespondon sipas tij komunitetit Orthodhoks n\u00eb Shqip\u00ebri sot n\u00eb vitin 2012; pasi thjesht e vet\u00ebm po t\u00eb kemi parasysh regjistrimet e viteve 30\u2019 dhe atyre t\u00eb viteve 50\u2019, t\u00eb shekulli t\u00eb kaluar, po t\u00eb kemi parasysh p\u00ebrqindjen e Orthodhoks\u00ebve sot qoft\u00eb dhe n\u00eb qarkun e Kor\u00e7\u00ebs, t\u00eb cil\u00ebt e kalojn\u00eb shifr\u00ebn e 130 mij\u00eb, dhe ky qark nuk ka numrin m\u00eb t\u00eb madh t\u00eb orthodhoks\u00ebve n\u00eb Shqip\u00ebri, kuptohet se sa pa baz\u00eb jan\u00eb t\u00eb dh\u00ebnat e nxjerra nga ky Census, p\u00ebr t\u00eb cilat prit\u00ebm kaq gjat\u00eb, dhe ata q\u00eb e organizuan u p\u00ebrpoq\u00ebn t\u00eb tregojn\u00eb \u201cse u angazhuan\u201d aq shum\u00eb, sa natyrsh\u00ebm t\u00eb vjen nd\u00ebrmend shprehja e goditur popullore n\u00eb k\u00ebt\u00eb rast \u201cU mbars mali dhe polli nj\u00eb mi, kur t\u00eb gjith\u00eb prisnin q\u00eb t\u00eb lindte nj\u00eb qytet\u201d.<\/span><\/span><\/span><\/div>\n<div class=\"MsoNormal\" style=\"text-indent: 0.25in; text-align: justify;\"><span style=\"color: #000000; font-family: helvetica; font-size: 12pt;\">&nbsp;<br \/> <span style=\"text-indent: 0.25in;\">&nbsp;&nbsp;&nbsp; Ajo q\u00eb ne k\u00ebt\u00eb her\u00eb duam t\u00eb b\u00ebjm\u00eb t\u00eb ditur n\u00ebp\u00ebrmjet k\u00ebtij shkrimi, \u00ebsht\u00eb t\u00eb denoncojm\u00eb k\u00ebt\u00eb fushat\u00eb t\u00eb re me maska t\u00eb vjetra, t\u00eb shpifjeve, denigrimeve, goditjeve dhe fyerjeve q\u00eb sot po i&nbsp; b\u00ebhen institucionit t\u00eb Kish\u00ebs son\u00eb Orthodhokse dhe p\u00ebrfaq\u00ebsuesit dhe simbolit t\u00eb saj sot n\u00eb Shqip\u00ebri Fortlumturis\u00eb s\u00eb Tij Kryepiskopit Anastas. N\u00eb thelb asgj\u00eb nuk ka ndryshuar, p\u00ebr k\u00ebt\u00eb mjafton ti hedh\u00ebsh nj\u00eb sy shtypit, hija e mekanizmit t\u00eb hersh\u00ebm, t\u00eb dikursh\u00ebm shfaqet p\u00ebrs\u00ebri dhe p\u00ebrpiqet t\u00eb irritoj\u00eb turmat dhe t\u00eb b\u00ebj\u00eb p\u00ebr vete nd\u00ebrgjegjet e tronditura. Shpesh ky mekaniz\u00ebm i till\u00eb, i ndryshkur ndihmohet nga aleat\u00ebt e hersh\u00ebm dhe nga aleat\u00ebt e rinj n\u00eb em\u00ebr t\u00eb \u00e7orb\u00ebs s\u00eb vjet\u00ebr. Gjith\u00e7ka \u00ebsht\u00eb e kuptueshme, gjith\u00e7ka dihet dhe bile ka qen\u00eb dhe e pritshme, t\u00eb pakt\u00ebn p\u00ebr intelektual\u00ebt orthodhoks\u00eb, t\u00eb cil\u00ebt m\u00eb shum\u00eb se kurr\u00eb jan\u00eb krenar\u00eb q\u00eb b\u00ebjn\u00eb pjes\u00eb n\u00eb nj\u00eb religjion q\u00eb n\u00eb shekuj ka ditur t\u00eb krijoj\u00eb dhe t\u00eb ruaj\u00eb pa i manipuluar vlerat m\u00eb t\u00eb mira shpirt\u00ebrore dhe materiale q\u00eb ka dhe paraqet sot kombi yn\u00eb, pa b\u00ebr\u00eb asnj\u00eb kompromis dhe pa bashk\u00ebpunuar asnj\u00ebher\u00eb historikisht me asnj\u00eb forc\u00eb pushtuese, administrative apo politike.<\/span><\/span><\/div>\n<div class=\"MsoNormal\" style=\"text-indent: 0.25in; text-align: justify;\"><span style=\"color: #000000; font-family: helvetica; font-size: 12pt;\"> &nbsp; &nbsp; N\u00eb k\u00ebt\u00eb kontekst edhe sot, ne q\u00ebndrojm\u00eb p\u00ebrkrah institucionit t\u00eb Sinodhit t\u00eb Shenjt\u00eb t\u00eb Kish\u00ebs Orthodhokse dhe Kryepiskopit Anastas, n\u00eb k\u00ebt\u00eb denoncim q\u00eb ata u b\u00ebjn\u00eb manipulimeve t\u00eb k\u00ebtij regjistrimi, t\u00eb cilat synojn\u00eb t\u00eb kthejn\u00eb n\u00eb minoritet, grupimin religjionar m\u00eb t\u00eb vjet\u00ebr dhe me m\u00eb shum\u00eb kontribute n\u00eb vend. \u00cbsht\u00eb detyra e kreut t\u00eb Kish\u00ebs son\u00eb q\u00eb n\u00eb emrin ton\u00eb, t\u00eb t\u00eb gjith\u00eb ne orthodhoks\u00ebve q\u00eb e duam dhe e p\u00ebrkrahim, dhe ne jemi t\u00eb pakt\u00ebn 1\\4 sot e popullat\u00ebs vendase, t\u00eb denoncoj\u00eb publikisht shtremb\u00ebrimet e q\u00ebllimshme, t\u00eb cilat shpesh b\u00ebhen shkaku kryesor i prishjeve t\u00eb ekuilibrave t\u00eb brendsh\u00ebm. E \u00e7uditshme dhe e d\u00ebnueshme do t\u00eb ishte p\u00ebr \u00e7do orthodhoks t\u00eb nd\u00ebrgjegjsh\u00ebm, sikur institucioni i Kish\u00ebs Orthodhokse do ta anashkalonte, dhe nuk do ta merrte seriozisht, qoft\u00eb edhe p\u00ebr trash\u00ebsin\u00eb e saj, k\u00ebt\u00eb shaka pa krip\u00eb t\u00eb politikave t\u00eb sforcuara, pasi Kisha e Krishter\u00eb parim t\u00eb p\u00ebrhersh\u00ebm t\u00eb saj ka t\u00eb v\u00ebrtet\u00ebn, trumbetimin dhe mbrojtjen e saj. Kjo \u00ebsht\u00eb arsyeja pse nj\u00eb episkopi orthodhoks i kujtohet gjithmon\u00eb gjat\u00eb gjith\u00eb koh\u00ebs, bile edhe n\u00eb momentin e \u201cMesh\u00ebs Hyjnore\u201d, se duhet t\u00eb jet\u00eb shpjegues i drejt\u00eb i s\u00eb v\u00ebrtet\u00ebs, dhe vet\u00ebm n\u00ebse \u00ebsht\u00eb i till\u00eb ai mbetet gjithmon\u00eb episkop orthodhoks, n\u00eb rastet e tjera mund t\u00eb jet\u00eb gjith\u00e7ka, nj\u00eb politikan i mir\u00eb, nj\u00eb diplomat i mir\u00eb, nj\u00eb punonj\u00ebs social, nj\u00eb bashk\u00ebpun\u00ebtor i mir\u00eb, por jo p\u00ebrfaq\u00ebsuesi i popullit para Zotit t\u00eb drejt\u00eb dhe t\u00eb plotfuqish\u00ebm. Dhe kryepiskopi yn\u00eb Anastas, \u00ebsht\u00eb nj\u00eb udh\u00ebheq\u00ebs shpirt\u00ebror i sprovuar, i men\u00e7ur dhe \u00e7ka \u00ebsht\u00eb m\u00eb e r\u00ebnd\u00ebsishmja, me shum\u00eb kontribute n\u00eb vendin ton\u00eb.<\/span><\/div>\n<div class=\"MsoNormal\" style=\"text-indent: 0.25in; text-align: justify;\"><span style=\"color: #000000; font-family: helvetica; font-size: 12pt;\"> <span style=\"text-indent: 0.25in;\">&nbsp;&nbsp;&nbsp; K\u00ebshtu e shohim ne intelektual\u00ebt kor\u00e7ar\u00eb orthodhoks\u00eb dhe jo vet\u00ebm orthodhoks\u00eb, k\u00ebt\u00eb figur\u00eb t\u00eb respektuar, i cili ka rritur duksh\u00ebm dinjitetin e orthodhoksit shqiptar jo vet\u00ebm n\u00eb Shqip\u00ebri, por edhe jasht\u00eb saj, por, kjo \u00ebsht\u00eb nj\u00eb tem\u00eb e gjat\u00eb, s\u00eb cil\u00ebs ne i jemi referuar p\u00ebr m\u00ebse nj\u00ebzet vjet, kur si rezultat i paragjykimit vet\u00ebm p\u00ebr shkak t\u00eb p\u00ebrkat\u00ebsis\u00eb etnike, personi i nderuar i Fortlumturis\u00eb s\u00eb tij p\u00ebrgojohej nga goj\u00eb t\u00eb pista dhe nd\u00ebrgjegje t\u00eb p\u00ebr\u00e7udnuara. Si rezultat i k\u00ebsaj lufte aspak t\u00eb \u201cshenjt\u00eb\u201d kund\u00ebr tij, pra kund\u00ebr Orthodhoksis\u00eb, Kryepiskopi Anastas \u00ebsht\u00eb figura m\u00eb e monitoruar, nga shtypi dashakeq dhe tendencioz, i cili \u00ebsht\u00eb i till\u00eb s\u00eb pari me at\u00eb q\u00eb ai p\u00ebrfaq\u00ebson, pra me besimin e past\u00ebr Orthodhoks. Por si \u00e7do e keqe q\u00eb e ka nj\u00eb t\u00eb mir\u00eb, dhe kjo gj\u00eb ka patur t\u00eb mir\u00ebn e vet, pasi nga e gjith\u00eb kjo, \u00ebsht\u00eb publikuar dhe \u00ebsht\u00eb b\u00ebr\u00eb bot\u00ebrisht i ditur i gjith\u00eb kontributi i tij, predispozicionet e tij, si dhe p\u00ebrkrahja q\u00eb ai ka prej t\u00eb gjitha forcave progresiste n\u00eb k\u00ebt\u00eb vend. Fatmir\u00ebsisht njer\u00ebzit dhe politikan\u00ebt e men\u00e7ur e kan\u00eb nderuar Kryepiskopin p\u00ebr at\u00eb q\u00eb ai mbart dhe p\u00ebrfaq\u00ebson; duke nderuar at\u00eb, ne si shqiptar\u00eb kemi nderuar veten ton\u00eb, pasi nderimi p\u00ebr vler\u00ebn dhe mir\u00ebb\u00ebrjen \u00ebsht\u00eb mir\u00ebnjohje, dhe mir\u00ebnjohja \u00ebsht\u00eb veti e qytet\u00ebrimit. Kur kjo mungon, ose m\u00eb keq akoma kur indiferenca i le vendin deformimit dhe shpifjes, at\u00ebher\u00eb ata q\u00eb e b\u00ebjn\u00eb k\u00ebt\u00eb, nuk b\u00ebjn\u00eb ndonj\u00eb gj\u00eb t\u00eb madhe vet\u00ebm se vet\u00ebdemaskohen dhe koha e ka treguar k\u00ebt\u00eb gj\u00eb.<\/span><\/span><\/div>\n<div class=\"MsoNormal\" style=\"text-indent: 0.25in; text-align: justify;\"><span style=\"color: #000000; font-family: helvetica; font-size: 12pt;\"> &nbsp; &nbsp; Shoq\u00ebria europiane ku ne shpresojm\u00eb t\u00eb aderojm\u00eb ka patur dhe ka dy shtylla kryesore, ku ka mb\u00ebshtetur tabanin, prej t\u00eb cilit n\u00eb shekuj ka krijuar vlerat e pakontestueshme q\u00eb mbart, qytet\u00ebrimin antik dhe Krisht\u00ebrimin. P\u00ebr t\u00eb ruajtur k\u00ebto vlera Europa ka luftuar n\u00eb shekuj, p\u00ebr k\u00ebto vlera luftuan dhe humanist\u00ebt shqiptar\u00eb, si pjes\u00eb integrale e Europ\u00ebs, p\u00ebr k\u00ebto vlera luftoi populli shqiptar dhe heroi yn\u00eb komb\u00ebtar Gjergj Kastrioti, b\u00ebmat e t\u00eb cilit, e k\u00ebtij atleti t\u00eb Krisht\u00ebrimit, u p\u00ebrkthyhen gjat\u00eb shekujve XV \u2013 XVI \u2013 pothuajse n\u00eb t\u00eb gjitha gjuh\u00ebt e Europ\u00ebs dhe frym\u00ebzuan luft\u00ebtar\u00ebt europian\u00eb, t\u00eb cil\u00ebt u sakrifikuan p\u00ebr mbrojtjen e themeleve t\u00eb Europ\u00ebs plak\u00eb nga agresioni i jasht\u00ebm, p\u00ebr mbrojtjen e k\u00ebtyre dy shtyllave. Pra edhe populli yn\u00eb pavar\u00ebsisht gjendjes s\u00eb sotme, \u00ebsht\u00eb krenar q\u00eb ka kontribuar n\u00eb mbrojtjen e k\u00ebtyre vlerave. Tharmi i k\u00ebtij kombi nuk mund t\u00eb ndryshoj\u00eb me nd\u00ebrhyrje t\u00eb jashtme aparetive, t\u00eb cilat inkursionet e huaja jan\u00eb p\u00ebrpjekur t\u2019ia len\u00eb si shenj\u00eb zhb\u00ebrjeje dhe tjet\u00ebrsimi. Edhe Kryepiskopi yn\u00eb Anastas, kryq\u00ebzohet n\u00eb m\u00ebnyr\u00eb t\u00eb vazhdueshme pasi e ngre z\u00ebrin dhe punon n\u00eb em\u00ebr t\u00eb k\u00ebtyre vlerave, prandaj edhe titullin e lart\u00eb t\u00eb akorduar nga shteti shqiptar q\u00eb lidhet me emrin e Gjergj Kastriotit, Sk\u00ebnderbeut, e meriton m\u00eb shum\u00eb se \u00e7do njeri tjet\u00ebr, qoft\u00eb edhe p\u00ebr faktin e asaj q\u00eb ai p\u00ebrfaq\u00ebson, p\u00ebrve\u00e7 sa ka b\u00ebr\u00eb. Gjith\u00e7ka dihet, gjith\u00e7ka kuptohet, pavar\u00ebsisht q\u00eb shpesh nuk ia vlen barra qiran\u00eb t\u00eb merresh me dashakeq\u00ebsin\u00eb, se humbet koh\u00ebn kot. Por n\u00eb momente t\u00eb caktuara \u00ebsht\u00eb e nevojshme q\u00eb gj\u00ebrat t\u00eb thuhen ashtu si\u00e7 jan\u00eb, pasi e drejta dhe e v\u00ebrteta jan\u00eb n\u00eb vetvete t\u00eb patjet\u00ebrsueshme dhe koha gjithmon\u00eb i evidenton.<\/span><\/div>\n<div class=\"MsoNormal\" style=\"text-indent: 0.25in; text-align: justify;\"><span style=\"color: #000000; font-family: helvetica; font-size: 12pt;\"> <span style=\"text-indent: 0.25in;\">&nbsp;&nbsp;&nbsp; Shpesh manipulimet, denigrimet dhe kund\u00ebrv\u00ebniet kan\u00eb qen\u00eb dhe jan\u00eb aq t\u00eb trasha sa fyejn\u00eb bile edhe inteligjenc\u00ebn m\u00eb mediokre, prandaj \u00ebsht\u00eb detyr\u00eb e \u00e7do institucioni, forumi, medie dhe \u00e7do intelektuali q\u00eb t\u2019i denoncoj\u00eb dhe t\u2019i publikoj\u00eb ato me forc\u00eb. Ja pse ne intelektual\u00ebt orthodhoks\u00eb kor\u00e7ar\u00eb gjejm\u00eb mund\u00ebsin\u00eb dhe fal\u00ebnderojm\u00eb institucionin e Kish\u00ebs dhe kreun e saj, p\u00ebr ngritjen e z\u00ebrit, kund\u00ebr nj\u00eb manipulimi kaq fyes p\u00ebr ne, p\u00ebr vet\u00eb q\u00ebllimet q\u00eb ai mbart n\u00eb vetvete.<\/span><\/span><\/div>\n<div class=\"MsoNormal\" style=\"text-indent: 0.25in; text-align: justify;\"><span style=\"color: #000000; font-family: helvetica; font-size: 12pt;\"><\/span><\/div>\n<div class=\"MsoNormal\" style=\"text-indent: 0.25in; text-align: justify;\"><span style=\"color: #000000; font-family: helvetica; font-size: 12pt;\"><strong>Vasil Tushi&nbsp;&nbsp;&nbsp; <\/strong>&nbsp;&nbsp;&nbsp;&nbsp;&nbsp; &nbsp;&nbsp;Pedagog&nbsp;&nbsp;&nbsp;&nbsp;&nbsp;&nbsp;&nbsp;&nbsp;&nbsp;&nbsp;&nbsp;&nbsp;&nbsp;&nbsp;&nbsp;&nbsp;<strong>&nbsp; Vasillaq Kolaci<\/strong> &nbsp; &nbsp; &nbsp; &nbsp; &nbsp; M\u00ebsues<\/span><\/div>\n<div class=\"MsoNormal\" style=\"text-indent: 0.25in; text-align: justify;\"><span style=\"color: #000000; font-family: helvetica; font-size: 12pt;\"><strong>Arben Gjata&nbsp;<\/strong>&nbsp; &nbsp;&nbsp;&nbsp;&nbsp;&nbsp; &nbsp;&nbsp;Pedagog&nbsp;&nbsp;&nbsp;&nbsp;&nbsp;&nbsp;&nbsp;&nbsp;&nbsp;&nbsp;&nbsp;&nbsp;&nbsp;&nbsp;&nbsp;&nbsp;<strong>&nbsp; Petrika Tanushi<\/strong>&nbsp;&nbsp;&nbsp;&nbsp;&nbsp;&nbsp;&nbsp; &nbsp; Ekonomist<\/span><\/div>\n<div class=\"MsoNormal\" style=\"text-indent: 0.25in; text-align: justify;\"><span style=\"color: #000000; font-family: helvetica; font-size: 12pt;\"><strong>Spiro Gjan\u00e7i<\/strong>&nbsp;&nbsp; &nbsp;&nbsp;&nbsp;&nbsp; &nbsp;&nbsp;Pedagog&nbsp;&nbsp;&nbsp;&nbsp;&nbsp;&nbsp;&nbsp;&nbsp;&nbsp;&nbsp;&nbsp;&nbsp;&nbsp;&nbsp;&nbsp;&nbsp;<strong>&nbsp; Dhimitri Kondak\u00e7i <\/strong>&nbsp; &nbsp; &nbsp; Inxhinier<\/span><\/div>\n<div class=\"MsoNormal\" style=\"text-indent: 0.25in; text-align: justify;\"><span style=\"color: #000000; font-family: helvetica; font-size: 12pt;\"><strong>Ylli Traj\u00e7e&nbsp;&nbsp;<\/strong>&nbsp;&nbsp;&nbsp;&nbsp; &nbsp;&nbsp;&nbsp;&nbsp; &nbsp;&nbsp;Aktor &nbsp; &nbsp; &nbsp; &nbsp; &nbsp; &nbsp; &nbsp; &nbsp; &nbsp; &nbsp; &nbsp; &nbsp;<strong> &nbsp; Vangjush Dishnica&nbsp;<\/strong>&nbsp; &nbsp; M\u00ebsues<\/span><\/div>\n<div class=\"MsoNormal\" style=\"text-indent: 0.25in; text-align: justify;\"><span style=\"color: #000000; font-family: helvetica; font-size: 12pt;\"><strong>Dhionis Kotmilo &nbsp;<\/strong> Ekonomist &nbsp; &nbsp; &nbsp; &nbsp; &nbsp; &nbsp; <strong>&nbsp; &nbsp;Vangjush Nikolicari &nbsp;<\/strong> &nbsp;M\u00ebsues<\/span><\/div>\n<div class=\"MsoNormal\" style=\"text-indent: 0.25in; text-align: justify;\"><span style=\"color: #000000; font-family: helvetica; font-size: 12pt;\"><strong>Niko Face &nbsp; <\/strong>&nbsp; &nbsp; &nbsp; &nbsp; &nbsp; &nbsp;M\u00ebsues &nbsp; &nbsp; &nbsp; &nbsp; &nbsp; &nbsp; &nbsp; &nbsp; &nbsp; &nbsp; <strong>Artan Loci &nbsp;<\/strong> &nbsp; &nbsp; &nbsp; &nbsp; &nbsp; &nbsp; &nbsp; &nbsp; &nbsp; &nbsp;Ekonomist<\/span><\/div>\n<div class=\"MsoNormal\" style=\"text-indent: 0.25in; text-align: justify;\"><span style=\"color: #000000; font-family: helvetica; font-size: 12pt;\"><strong>Thoma Piluri&nbsp;&nbsp;&nbsp;&nbsp;<\/strong>&nbsp; &nbsp; Mjek &nbsp; &nbsp; &nbsp; &nbsp; &nbsp; &nbsp; &nbsp; &nbsp; &nbsp; &nbsp; &nbsp; &nbsp; <strong>&nbsp; &nbsp;Vangjush Themeli <\/strong>&nbsp; &nbsp; &nbsp; M\u00ebsues<\/span><\/div>\n<div class=\"MsoNormal\" style=\"text-indent: 0.25in; text-align: justify;\"><span style=\"color: #000000; font-family: helvetica; font-size: 12pt;\"><strong>Grigor Mulla&nbsp;<\/strong>&nbsp;&nbsp;&nbsp;&nbsp;&nbsp; &nbsp; M\u00ebsues &nbsp; &nbsp; &nbsp; &nbsp; &nbsp; &nbsp; &nbsp; &nbsp; &nbsp; <strong>&nbsp; &nbsp;Reitano Galica <\/strong>&nbsp; &nbsp; &nbsp; &nbsp; &nbsp; &nbsp; Mjek<\/span><\/div>\n<div class=\"MsoNormal\" style=\"text-indent: 0.25in; text-align: justify;\"><span style=\"color: #000000; font-family: helvetica; font-size: 12pt;\"><strong>Migena Shamblli<\/strong>&nbsp; M\u00ebsues&nbsp;&nbsp;&nbsp;&nbsp;&nbsp;&nbsp;&nbsp;&nbsp;&nbsp;&nbsp;&nbsp;&nbsp;&nbsp;&nbsp;&nbsp;&nbsp;&nbsp;&nbsp;<strong>&nbsp; Vangjush Themeli <\/strong>&nbsp; &nbsp; &nbsp; M\u00ebsues<\/span><\/div>\n<div class=\"MsoNormal\" style=\"text-indent: 0.25in; text-align: justify;\"><span style=\"color: #000000; font-family: helvetica; font-size: 12pt;\"><strong>Vangjush Kotti<\/strong>&nbsp;&nbsp; &nbsp; Biznesmen&nbsp;&nbsp;&nbsp;&nbsp;&nbsp;&nbsp;&nbsp;&nbsp;&nbsp;&nbsp;&nbsp;&nbsp;&nbsp;&nbsp;<strong> Thimaq Lapi &nbsp;<\/strong> &nbsp; &nbsp; &nbsp; &nbsp; &nbsp; &nbsp; &nbsp; Ekonomist<\/span><\/div>\n<div class=\"MsoNormal\" style=\"text-indent: 0.25in; text-align: justify;\"><span style=\"color: #000000; font-family: helvetica; font-size: 12pt;\"><strong>Sotiraq Doj\u00e7e&nbsp;<\/strong>&nbsp;&nbsp;&nbsp;&nbsp;&nbsp; &nbsp; Inxhinier &nbsp; &nbsp; &nbsp; &nbsp; &nbsp; &nbsp; &nbsp; &nbsp; &nbsp; <strong>&nbsp;Sotiraq Simaku<\/strong> &nbsp; &nbsp; &nbsp; &nbsp; &nbsp; &nbsp;Biznesmen<\/span><\/div>\n<div class=\"MsoNormal\" style=\"text-indent: 0.25in; text-align: justify;\"><span style=\"color: #000000; font-family: helvetica; font-size: 12pt;\"><strong>Ernesti Golka&nbsp;&nbsp;<\/strong>&nbsp;&nbsp;&nbsp; &nbsp; Ekonomist &nbsp; &nbsp; &nbsp; &nbsp; &nbsp; &nbsp; &nbsp; &nbsp; <strong>Maksim Lubonja<\/strong> &nbsp; &nbsp; &nbsp; &nbsp; Mjek<\/span><\/div>\n<div class=\"MsoNormal\" style=\"text-indent: 0.25in; text-align: justify;\"><span style=\"color: #000000; font-family: helvetica; font-size: 12pt;\"><strong>Themistokli Bambulla<\/strong>&nbsp;&nbsp; Theolog &nbsp; &nbsp; &nbsp; &nbsp; &nbsp; <strong>Smaragda Kova\u00e7i<\/strong>&nbsp;&nbsp;&nbsp;&nbsp; &nbsp; M\u00ebsuese<\/span><\/div>\n<div class=\"MsoNormal\" style=\"text-indent: 0.25in; text-align: justify;\"><span style=\"color: #000000; font-family: helvetica; font-size: 12pt;\"><strong>Milla Lubonja<\/strong>&nbsp;&nbsp;&nbsp;&nbsp; &nbsp; Ekonomiste &nbsp; &nbsp; &nbsp; &nbsp; &nbsp; &nbsp; &nbsp; <strong>&nbsp;Aurora Simaku <\/strong>&nbsp; &nbsp; &nbsp; &nbsp; &nbsp; &nbsp; Juriste<\/span><\/div>\n<div class=\"MsoNormal\" style=\"text-indent: 0.25in; text-align: justify;\"><span style=\"color: #000000; font-family: helvetica; font-size: 12pt;\"><strong>Gjergji Trebicka<\/strong>&nbsp; &nbsp; Biznesmen &nbsp; &nbsp; &nbsp; &nbsp; &nbsp; &nbsp; &nbsp; &nbsp; <strong>Vangjush Simaku<\/strong> &nbsp; &nbsp; &nbsp; &nbsp;M\u00ebsues<span style=\"text-indent: 0.25in;\"><\/span><\/span><\/div>\n<div class=\"MsoNormal\" style=\"text-indent: 0.25in; text-align: justify;\"><span style=\"color: #000000; font-family: helvetica; font-size: 12pt;\"><\/span><\/div>\n<div class=\"MsoNormal\" style=\"text-indent: 0.25in; text-align: justify;\"><span style=\"color: #000000; font-family: helvetica; font-size: 12pt;\"><em>Dhe shum\u00eb t\u00eb tjer\u00eb q\u00eb p\u00ebr arsye vendi nuk i kemi shkruar emrat.<\/em><\/span><\/div>\n<div style=\"text-align: justify;\"><span style=\"font-family: helvetica; font-size: 12pt;\"><\/span><\/div>\n","protected":false},"excerpt":{"rendered":"<p>&nbsp; &nbsp; Q\u00ebllimi i k\u00ebtij shkrimi, nuk ka t\u00eb b\u00ebj\u00eb me parashtrimin e argumenteve, se sa mjerisht qesharake jan\u00eb p\u00ebrfundimet e Censusit t\u00eb fundit, n\u00eb lidhje me p\u00ebrqindjen q\u00eb i korrespondon sipas tij komunitetit Orthodhoks n\u00eb Shqip\u00ebri sot n\u00eb vitin 2012; pasi thjesht e vet\u00ebm po t\u00eb kemi parasysh regjistrimet e viteve 30\u2019 dhe atyre t\u00eb viteve 50\u2019, t\u00eb shekulli t\u00eb kaluar, po t\u00eb kemi<\/p>\n","protected":false},"author":1,"featured_media":0,"comment_status":"open","ping_status":"open","sticky":false,"template":"","format":"standard","meta":{"_acf_changed":false,"pagelayer_contact_templates":[],"_pagelayer_content":"","inline_featured_image":false,"fifu_image_url":"","fifu_image_alt":"","footnotes":""},"categories":[108],"tags":[142,606,153,212,181,203],"class_list":["post-170","post","type-post","status-publish","format-standard","hentry","category-lajme","tag-142","tag-census-artikuj","tag-deklarata-njoftime-zyrtare-d75","tag-lajme-d27","tag-korce","tag-pergjigje-ndaj-akuzave"],"acf":[],"yoast_head":"<!-- This site is optimized with the Yoast SEO plugin v27.2 - https:\/\/yoast.com\/product\/yoast-seo-wordpress\/ -->\n<title>Intelektual\u00ebt kor\u00e7ar\u00eb i p\u00ebrgjigjen dashakeq\u00ebsis\u00eb, manipulimit dhe fyerjeve. (Dhjetor 2012) - Kisha Orthodh\u03bfkse Autoqefale e Shqip\u00ebris\u00eb<\/title>\n<meta name=\"robots\" content=\"index, follow, max-snippet:-1, max-image-preview:large, max-video-preview:-1\" \/>\n<link rel=\"canonical\" href=\"https:\/\/orthodoxalbania.org\/2020\/2013\/03\/21\/intelektualet-korcare-i-pergjigjen-dashakeqesise-manipulimit-dhe-fyerjeve\/\" \/>\n<meta property=\"og:locale\" content=\"en_US\" \/>\n<meta property=\"og:type\" content=\"article\" \/>\n<meta property=\"og:title\" content=\"Intelektual\u00ebt kor\u00e7ar\u00eb i p\u00ebrgjigjen dashakeq\u00ebsis\u00eb, manipulimit dhe fyerjeve. (Dhjetor 2012) - Kisha Orthodh\u03bfkse Autoqefale e Shqip\u00ebris\u00eb\" \/>\n<meta property=\"og:description\" content=\"&nbsp; &nbsp; Q\u00ebllimi i k\u00ebtij shkrimi, nuk ka t\u00eb b\u00ebj\u00eb me parashtrimin e argumenteve, se sa mjerisht qesharake jan\u00eb p\u00ebrfundimet e Censusit t\u00eb fundit, n\u00eb lidhje me p\u00ebrqindjen q\u00eb i korrespondon sipas tij komunitetit Orthodhoks n\u00eb Shqip\u00ebri sot n\u00eb vitin 2012; pasi thjesht e vet\u00ebm po t\u00eb kemi parasysh regjistrimet e viteve 30\u2019 dhe atyre t\u00eb viteve 50\u2019, t\u00eb shekulli t\u00eb kaluar, po t\u00eb kemi\" \/>\n<meta property=\"og:url\" content=\"https:\/\/orthodoxalbania.org\/2020\/2013\/03\/21\/intelektualet-korcare-i-pergjigjen-dashakeqesise-manipulimit-dhe-fyerjeve\/\" \/>\n<meta property=\"og:site_name\" content=\"Kisha Orthodh\u03bfkse Autoqefale e Shqip\u00ebris\u00eb\" \/>\n<meta property=\"article:publisher\" content=\"https:\/\/www.facebook.com\/koash1991\" \/>\n<meta property=\"article:published_time\" content=\"2013-03-21T12:39:54+00:00\" \/>\n<meta property=\"article:modified_time\" content=\"2020-04-06T20:05:52+00:00\" \/>\n<meta property=\"og:image\" content=\"http:\/\/1.bp.blogspot.com\/_Q4PujQ40gRs\/S-oxxbN3DoI\/AAAAAAAAAnY\/aFV_vbxMh5s\/s1600\/korca-hdr.jpg\" \/>\n<meta name=\"author\" content=\"Kisha Orthodhokse\" \/>\n<meta name=\"twitter:card\" content=\"summary_large_image\" \/>\n<meta name=\"twitter:label1\" content=\"Written by\" \/>\n\t<meta name=\"twitter:data1\" content=\"Kisha Orthodhokse\" \/>\n\t<meta name=\"twitter:label2\" content=\"Est. reading time\" \/>\n\t<meta name=\"twitter:data2\" content=\"10 minutes\" \/>\n<script type=\"application\/ld+json\" class=\"yoast-schema-graph\">{\"@context\":\"https:\/\/schema.org\",\"@graph\":[{\"@type\":\"Article\",\"@id\":\"https:\/\/orthodoxalbania.org\/2020\/2013\/03\/21\/intelektualet-korcare-i-pergjigjen-dashakeqesise-manipulimit-dhe-fyerjeve\/#article\",\"isPartOf\":{\"@id\":\"https:\/\/orthodoxalbania.org\/2020\/2013\/03\/21\/intelektualet-korcare-i-pergjigjen-dashakeqesise-manipulimit-dhe-fyerjeve\/\"},\"author\":{\"name\":\"Kisha Orthodhokse\",\"@id\":\"https:\/\/orthodoxalbania.org\/2020\/#\/schema\/person\/0c387634a7063ac612d7ed9ce71c7e86\"},\"headline\":\"Intelektual\u00ebt kor\u00e7ar\u00eb i p\u00ebrgjigjen dashakeq\u00ebsis\u00eb, manipulimit dhe fyerjeve. (Dhjetor 2012)\",\"datePublished\":\"2013-03-21T12:39:54+00:00\",\"dateModified\":\"2020-04-06T20:05:52+00:00\",\"mainEntityOfPage\":{\"@id\":\"https:\/\/orthodoxalbania.org\/2020\/2013\/03\/21\/intelektualet-korcare-i-pergjigjen-dashakeqesise-manipulimit-dhe-fyerjeve\/\"},\"wordCount\":1918,\"commentCount\":0,\"publisher\":{\"@id\":\"https:\/\/orthodoxalbania.org\/2020\/#organization\"},\"image\":{\"@id\":\"https:\/\/orthodoxalbania.org\/2020\/2013\/03\/21\/intelektualet-korcare-i-pergjigjen-dashakeqesise-manipulimit-dhe-fyerjeve\/#primaryimage\"},\"thumbnailUrl\":\"http:\/\/1.bp.blogspot.com\/_Q4PujQ40gRs\/S-oxxbN3DoI\/AAAAAAAAAnY\/aFV_vbxMh5s\/s1600\/korca-hdr.jpg\",\"keywords\":[\"2012\",\"Census Artikuj\",\"Deklarata - Njoftime Zyrtare\",\"lajme\",\"Mitropolia Kor\u00e7\u00eb\",\"P\u00ebrgjigje ndaj akuzave\"],\"articleSection\":[\"Lajme\"],\"inLanguage\":\"en-US\"},{\"@type\":\"WebPage\",\"@id\":\"https:\/\/orthodoxalbania.org\/2020\/2013\/03\/21\/intelektualet-korcare-i-pergjigjen-dashakeqesise-manipulimit-dhe-fyerjeve\/\",\"url\":\"https:\/\/orthodoxalbania.org\/2020\/2013\/03\/21\/intelektualet-korcare-i-pergjigjen-dashakeqesise-manipulimit-dhe-fyerjeve\/\",\"name\":\"Intelektual\u00ebt kor\u00e7ar\u00eb i p\u00ebrgjigjen dashakeq\u00ebsis\u00eb, manipulimit dhe fyerjeve. (Dhjetor 2012) - Kisha Orthodh\u03bfkse Autoqefale e Shqip\u00ebris\u00eb\",\"isPartOf\":{\"@id\":\"https:\/\/orthodoxalbania.org\/2020\/#website\"},\"primaryImageOfPage\":{\"@id\":\"https:\/\/orthodoxalbania.org\/2020\/2013\/03\/21\/intelektualet-korcare-i-pergjigjen-dashakeqesise-manipulimit-dhe-fyerjeve\/#primaryimage\"},\"image\":{\"@id\":\"https:\/\/orthodoxalbania.org\/2020\/2013\/03\/21\/intelektualet-korcare-i-pergjigjen-dashakeqesise-manipulimit-dhe-fyerjeve\/#primaryimage\"},\"thumbnailUrl\":\"http:\/\/1.bp.blogspot.com\/_Q4PujQ40gRs\/S-oxxbN3DoI\/AAAAAAAAAnY\/aFV_vbxMh5s\/s1600\/korca-hdr.jpg\",\"datePublished\":\"2013-03-21T12:39:54+00:00\",\"dateModified\":\"2020-04-06T20:05:52+00:00\",\"breadcrumb\":{\"@id\":\"https:\/\/orthodoxalbania.org\/2020\/2013\/03\/21\/intelektualet-korcare-i-pergjigjen-dashakeqesise-manipulimit-dhe-fyerjeve\/#breadcrumb\"},\"inLanguage\":\"en-US\",\"potentialAction\":[{\"@type\":\"ReadAction\",\"target\":[\"https:\/\/orthodoxalbania.org\/2020\/2013\/03\/21\/intelektualet-korcare-i-pergjigjen-dashakeqesise-manipulimit-dhe-fyerjeve\/\"]}]},{\"@type\":\"ImageObject\",\"inLanguage\":\"en-US\",\"@id\":\"https:\/\/orthodoxalbania.org\/2020\/2013\/03\/21\/intelektualet-korcare-i-pergjigjen-dashakeqesise-manipulimit-dhe-fyerjeve\/#primaryimage\",\"url\":\"http:\/\/1.bp.blogspot.com\/_Q4PujQ40gRs\/S-oxxbN3DoI\/AAAAAAAAAnY\/aFV_vbxMh5s\/s1600\/korca-hdr.jpg\",\"contentUrl\":\"http:\/\/1.bp.blogspot.com\/_Q4PujQ40gRs\/S-oxxbN3DoI\/AAAAAAAAAnY\/aFV_vbxMh5s\/s1600\/korca-hdr.jpg\"},{\"@type\":\"BreadcrumbList\",\"@id\":\"https:\/\/orthodoxalbania.org\/2020\/2013\/03\/21\/intelektualet-korcare-i-pergjigjen-dashakeqesise-manipulimit-dhe-fyerjeve\/#breadcrumb\",\"itemListElement\":[{\"@type\":\"ListItem\",\"position\":1,\"name\":\"Home\",\"item\":\"https:\/\/orthodoxalbania.org\/2020\/\"},{\"@type\":\"ListItem\",\"position\":2,\"name\":\"Intelektual\u00ebt kor\u00e7ar\u00eb i p\u00ebrgjigjen dashakeq\u00ebsis\u00eb, manipulimit dhe fyerjeve. (Dhjetor 2012)\"}]},{\"@type\":\"WebSite\",\"@id\":\"https:\/\/orthodoxalbania.org\/2020\/#website\",\"url\":\"https:\/\/orthodoxalbania.org\/2020\/\",\"name\":\"Kisha Orthodh\u03bfkse Autoqefale e Shqip\u00ebris\u00eb\",\"description\":\"Fqja Zyrtare e Kish\u00ebs Orthodhokse Autoqefale e Shqip\u00ebris\u00eb me lajmet edhe informacionet zyrtare p\u00ebr struktur\u00ebn edhe veprimtarin e saj.\",\"publisher\":{\"@id\":\"https:\/\/orthodoxalbania.org\/2020\/#organization\"},\"potentialAction\":[{\"@type\":\"SearchAction\",\"target\":{\"@type\":\"EntryPoint\",\"urlTemplate\":\"https:\/\/orthodoxalbania.org\/2020\/?s={search_term_string}\"},\"query-input\":{\"@type\":\"PropertyValueSpecification\",\"valueRequired\":true,\"valueName\":\"search_term_string\"}}],\"inLanguage\":\"en-US\"},{\"@type\":\"Organization\",\"@id\":\"https:\/\/orthodoxalbania.org\/2020\/#organization\",\"name\":\"Kisha Orthodhokse Autoqefale e Shqip\u00ebris\u00eb\",\"url\":\"https:\/\/orthodoxalbania.org\/2020\/\",\"logo\":{\"@type\":\"ImageObject\",\"inLanguage\":\"en-US\",\"@id\":\"https:\/\/orthodoxalbania.org\/2020\/#\/schema\/logo\/image\/\",\"url\":\"https:\/\/orthodoxalbania.org\/2020\/wp-content\/uploads\/2020\/05\/albania.jpeg\",\"contentUrl\":\"https:\/\/orthodoxalbania.org\/2020\/wp-content\/uploads\/2020\/05\/albania.jpeg\",\"width\":540,\"height\":540,\"caption\":\"Kisha Orthodhokse Autoqefale e Shqip\u00ebris\u00eb\"},\"image\":{\"@id\":\"https:\/\/orthodoxalbania.org\/2020\/#\/schema\/logo\/image\/\"},\"sameAs\":[\"https:\/\/www.facebook.com\/koash1991\"]},{\"@type\":\"Person\",\"@id\":\"https:\/\/orthodoxalbania.org\/2020\/#\/schema\/person\/0c387634a7063ac612d7ed9ce71c7e86\",\"name\":\"Kisha Orthodhokse\",\"image\":{\"@type\":\"ImageObject\",\"inLanguage\":\"en-US\",\"@id\":\"https:\/\/secure.gravatar.com\/avatar\/596e7c417251e30f2fbb9c00e026fce61a695a00e51c889caded71c96cbbdde5?s=96&d=mm&r=g\",\"url\":\"https:\/\/secure.gravatar.com\/avatar\/596e7c417251e30f2fbb9c00e026fce61a695a00e51c889caded71c96cbbdde5?s=96&d=mm&r=g\",\"contentUrl\":\"https:\/\/secure.gravatar.com\/avatar\/596e7c417251e30f2fbb9c00e026fce61a695a00e51c889caded71c96cbbdde5?s=96&d=mm&r=g\",\"caption\":\"Kisha Orthodhokse\"}}]}<\/script>\n<!-- \/ Yoast SEO plugin. -->","yoast_head_json":{"title":"Intelektual\u00ebt kor\u00e7ar\u00eb i p\u00ebrgjigjen dashakeq\u00ebsis\u00eb, manipulimit dhe fyerjeve. (Dhjetor 2012) - Kisha Orthodh\u03bfkse Autoqefale e Shqip\u00ebris\u00eb","robots":{"index":"index","follow":"follow","max-snippet":"max-snippet:-1","max-image-preview":"max-image-preview:large","max-video-preview":"max-video-preview:-1"},"canonical":"https:\/\/orthodoxalbania.org\/2020\/2013\/03\/21\/intelektualet-korcare-i-pergjigjen-dashakeqesise-manipulimit-dhe-fyerjeve\/","og_locale":"en_US","og_type":"article","og_title":"Intelektual\u00ebt kor\u00e7ar\u00eb i p\u00ebrgjigjen dashakeq\u00ebsis\u00eb, manipulimit dhe fyerjeve. (Dhjetor 2012) - Kisha Orthodh\u03bfkse Autoqefale e Shqip\u00ebris\u00eb","og_description":"&nbsp; &nbsp; Q\u00ebllimi i k\u00ebtij shkrimi, nuk ka t\u00eb b\u00ebj\u00eb me parashtrimin e argumenteve, se sa mjerisht qesharake jan\u00eb p\u00ebrfundimet e Censusit t\u00eb fundit, n\u00eb lidhje me p\u00ebrqindjen q\u00eb i korrespondon sipas tij komunitetit Orthodhoks n\u00eb Shqip\u00ebri sot n\u00eb vitin 2012; pasi thjesht e vet\u00ebm po t\u00eb kemi parasysh regjistrimet e viteve 30\u2019 dhe atyre t\u00eb viteve 50\u2019, t\u00eb shekulli t\u00eb kaluar, po t\u00eb kemi","og_url":"https:\/\/orthodoxalbania.org\/2020\/2013\/03\/21\/intelektualet-korcare-i-pergjigjen-dashakeqesise-manipulimit-dhe-fyerjeve\/","og_site_name":"Kisha Orthodh\u03bfkse Autoqefale e Shqip\u00ebris\u00eb","article_publisher":"https:\/\/www.facebook.com\/koash1991","article_published_time":"2013-03-21T12:39:54+00:00","article_modified_time":"2020-04-06T20:05:52+00:00","og_image":[{"url":"http:\/\/1.bp.blogspot.com\/_Q4PujQ40gRs\/S-oxxbN3DoI\/AAAAAAAAAnY\/aFV_vbxMh5s\/s1600\/korca-hdr.jpg","type":"","width":"","height":""}],"author":"Kisha Orthodhokse","twitter_card":"summary_large_image","twitter_misc":{"Written by":"Kisha Orthodhokse","Est. reading time":"10 minutes"},"schema":{"@context":"https:\/\/schema.org","@graph":[{"@type":"Article","@id":"https:\/\/orthodoxalbania.org\/2020\/2013\/03\/21\/intelektualet-korcare-i-pergjigjen-dashakeqesise-manipulimit-dhe-fyerjeve\/#article","isPartOf":{"@id":"https:\/\/orthodoxalbania.org\/2020\/2013\/03\/21\/intelektualet-korcare-i-pergjigjen-dashakeqesise-manipulimit-dhe-fyerjeve\/"},"author":{"name":"Kisha Orthodhokse","@id":"https:\/\/orthodoxalbania.org\/2020\/#\/schema\/person\/0c387634a7063ac612d7ed9ce71c7e86"},"headline":"Intelektual\u00ebt kor\u00e7ar\u00eb i p\u00ebrgjigjen dashakeq\u00ebsis\u00eb, manipulimit dhe fyerjeve. (Dhjetor 2012)","datePublished":"2013-03-21T12:39:54+00:00","dateModified":"2020-04-06T20:05:52+00:00","mainEntityOfPage":{"@id":"https:\/\/orthodoxalbania.org\/2020\/2013\/03\/21\/intelektualet-korcare-i-pergjigjen-dashakeqesise-manipulimit-dhe-fyerjeve\/"},"wordCount":1918,"commentCount":0,"publisher":{"@id":"https:\/\/orthodoxalbania.org\/2020\/#organization"},"image":{"@id":"https:\/\/orthodoxalbania.org\/2020\/2013\/03\/21\/intelektualet-korcare-i-pergjigjen-dashakeqesise-manipulimit-dhe-fyerjeve\/#primaryimage"},"thumbnailUrl":"http:\/\/1.bp.blogspot.com\/_Q4PujQ40gRs\/S-oxxbN3DoI\/AAAAAAAAAnY\/aFV_vbxMh5s\/s1600\/korca-hdr.jpg","keywords":["2012","Census Artikuj","Deklarata - Njoftime Zyrtare","lajme","Mitropolia Kor\u00e7\u00eb","P\u00ebrgjigje ndaj akuzave"],"articleSection":["Lajme"],"inLanguage":"en-US"},{"@type":"WebPage","@id":"https:\/\/orthodoxalbania.org\/2020\/2013\/03\/21\/intelektualet-korcare-i-pergjigjen-dashakeqesise-manipulimit-dhe-fyerjeve\/","url":"https:\/\/orthodoxalbania.org\/2020\/2013\/03\/21\/intelektualet-korcare-i-pergjigjen-dashakeqesise-manipulimit-dhe-fyerjeve\/","name":"Intelektual\u00ebt kor\u00e7ar\u00eb i p\u00ebrgjigjen dashakeq\u00ebsis\u00eb, manipulimit dhe fyerjeve. (Dhjetor 2012) - Kisha Orthodh\u03bfkse Autoqefale e Shqip\u00ebris\u00eb","isPartOf":{"@id":"https:\/\/orthodoxalbania.org\/2020\/#website"},"primaryImageOfPage":{"@id":"https:\/\/orthodoxalbania.org\/2020\/2013\/03\/21\/intelektualet-korcare-i-pergjigjen-dashakeqesise-manipulimit-dhe-fyerjeve\/#primaryimage"},"image":{"@id":"https:\/\/orthodoxalbania.org\/2020\/2013\/03\/21\/intelektualet-korcare-i-pergjigjen-dashakeqesise-manipulimit-dhe-fyerjeve\/#primaryimage"},"thumbnailUrl":"http:\/\/1.bp.blogspot.com\/_Q4PujQ40gRs\/S-oxxbN3DoI\/AAAAAAAAAnY\/aFV_vbxMh5s\/s1600\/korca-hdr.jpg","datePublished":"2013-03-21T12:39:54+00:00","dateModified":"2020-04-06T20:05:52+00:00","breadcrumb":{"@id":"https:\/\/orthodoxalbania.org\/2020\/2013\/03\/21\/intelektualet-korcare-i-pergjigjen-dashakeqesise-manipulimit-dhe-fyerjeve\/#breadcrumb"},"inLanguage":"en-US","potentialAction":[{"@type":"ReadAction","target":["https:\/\/orthodoxalbania.org\/2020\/2013\/03\/21\/intelektualet-korcare-i-pergjigjen-dashakeqesise-manipulimit-dhe-fyerjeve\/"]}]},{"@type":"ImageObject","inLanguage":"en-US","@id":"https:\/\/orthodoxalbania.org\/2020\/2013\/03\/21\/intelektualet-korcare-i-pergjigjen-dashakeqesise-manipulimit-dhe-fyerjeve\/#primaryimage","url":"http:\/\/1.bp.blogspot.com\/_Q4PujQ40gRs\/S-oxxbN3DoI\/AAAAAAAAAnY\/aFV_vbxMh5s\/s1600\/korca-hdr.jpg","contentUrl":"http:\/\/1.bp.blogspot.com\/_Q4PujQ40gRs\/S-oxxbN3DoI\/AAAAAAAAAnY\/aFV_vbxMh5s\/s1600\/korca-hdr.jpg"},{"@type":"BreadcrumbList","@id":"https:\/\/orthodoxalbania.org\/2020\/2013\/03\/21\/intelektualet-korcare-i-pergjigjen-dashakeqesise-manipulimit-dhe-fyerjeve\/#breadcrumb","itemListElement":[{"@type":"ListItem","position":1,"name":"Home","item":"https:\/\/orthodoxalbania.org\/2020\/"},{"@type":"ListItem","position":2,"name":"Intelektual\u00ebt kor\u00e7ar\u00eb i p\u00ebrgjigjen dashakeq\u00ebsis\u00eb, manipulimit dhe fyerjeve. (Dhjetor 2012)"}]},{"@type":"WebSite","@id":"https:\/\/orthodoxalbania.org\/2020\/#website","url":"https:\/\/orthodoxalbania.org\/2020\/","name":"Kisha Orthodh\u03bfkse Autoqefale e Shqip\u00ebris\u00eb","description":"Fqja Zyrtare e Kish\u00ebs Orthodhokse Autoqefale e Shqip\u00ebris\u00eb me lajmet edhe informacionet zyrtare p\u00ebr struktur\u00ebn edhe veprimtarin e saj.","publisher":{"@id":"https:\/\/orthodoxalbania.org\/2020\/#organization"},"potentialAction":[{"@type":"SearchAction","target":{"@type":"EntryPoint","urlTemplate":"https:\/\/orthodoxalbania.org\/2020\/?s={search_term_string}"},"query-input":{"@type":"PropertyValueSpecification","valueRequired":true,"valueName":"search_term_string"}}],"inLanguage":"en-US"},{"@type":"Organization","@id":"https:\/\/orthodoxalbania.org\/2020\/#organization","name":"Kisha Orthodhokse Autoqefale e Shqip\u00ebris\u00eb","url":"https:\/\/orthodoxalbania.org\/2020\/","logo":{"@type":"ImageObject","inLanguage":"en-US","@id":"https:\/\/orthodoxalbania.org\/2020\/#\/schema\/logo\/image\/","url":"https:\/\/orthodoxalbania.org\/2020\/wp-content\/uploads\/2020\/05\/albania.jpeg","contentUrl":"https:\/\/orthodoxalbania.org\/2020\/wp-content\/uploads\/2020\/05\/albania.jpeg","width":540,"height":540,"caption":"Kisha Orthodhokse Autoqefale e Shqip\u00ebris\u00eb"},"image":{"@id":"https:\/\/orthodoxalbania.org\/2020\/#\/schema\/logo\/image\/"},"sameAs":["https:\/\/www.facebook.com\/koash1991"]},{"@type":"Person","@id":"https:\/\/orthodoxalbania.org\/2020\/#\/schema\/person\/0c387634a7063ac612d7ed9ce71c7e86","name":"Kisha Orthodhokse","image":{"@type":"ImageObject","inLanguage":"en-US","@id":"https:\/\/secure.gravatar.com\/avatar\/596e7c417251e30f2fbb9c00e026fce61a695a00e51c889caded71c96cbbdde5?s=96&d=mm&r=g","url":"https:\/\/secure.gravatar.com\/avatar\/596e7c417251e30f2fbb9c00e026fce61a695a00e51c889caded71c96cbbdde5?s=96&d=mm&r=g","contentUrl":"https:\/\/secure.gravatar.com\/avatar\/596e7c417251e30f2fbb9c00e026fce61a695a00e51c889caded71c96cbbdde5?s=96&d=mm&r=g","caption":"Kisha Orthodhokse"}}]}},"_links":{"self":[{"href":"https:\/\/orthodoxalbania.org\/2020\/wp-json\/wp\/v2\/posts\/170","targetHints":{"allow":["GET"]}}],"collection":[{"href":"https:\/\/orthodoxalbania.org\/2020\/wp-json\/wp\/v2\/posts"}],"about":[{"href":"https:\/\/orthodoxalbania.org\/2020\/wp-json\/wp\/v2\/types\/post"}],"author":[{"embeddable":true,"href":"https:\/\/orthodoxalbania.org\/2020\/wp-json\/wp\/v2\/users\/1"}],"replies":[{"embeddable":true,"href":"https:\/\/orthodoxalbania.org\/2020\/wp-json\/wp\/v2\/comments?post=170"}],"version-history":[{"count":1,"href":"https:\/\/orthodoxalbania.org\/2020\/wp-json\/wp\/v2\/posts\/170\/revisions"}],"predecessor-version":[{"id":14247,"href":"https:\/\/orthodoxalbania.org\/2020\/wp-json\/wp\/v2\/posts\/170\/revisions\/14247"}],"wp:attachment":[{"href":"https:\/\/orthodoxalbania.org\/2020\/wp-json\/wp\/v2\/media?parent=170"}],"wp:term":[{"taxonomy":"category","embeddable":true,"href":"https:\/\/orthodoxalbania.org\/2020\/wp-json\/wp\/v2\/categories?post=170"},{"taxonomy":"post_tag","embeddable":true,"href":"https:\/\/orthodoxalbania.org\/2020\/wp-json\/wp\/v2\/tags?post=170"}],"curies":[{"name":"wp","href":"https:\/\/api.w.org\/{rel}","templated":true}]}}