{"id":166,"date":"2013-03-21T10:37:20","date_gmt":"2013-03-21T10:37:20","guid":{"rendered":""},"modified":"2020-04-06T22:06:07","modified_gmt":"2020-04-06T20:06:07","slug":"e-diela-e-dafinave-ne-tirane","status":"publish","type":"post","link":"https:\/\/orthodoxalbania.org\/2020\/2013\/03\/21\/e-diela-e-dafinave-ne-tirane\/","title":{"rendered":"E diela e Dafinave n\u00eb Tiran\u00eb, Pashk\u00eb 2012."},"content":{"rendered":"<div style=\"text-align: justify;\"><span style=\"color: #000000; font-family: helvetica;\"><span style=\"font-size: 12px;\"><span style=\"text-align: justify;\"><img decoding=\"async\" class=\"lazyload HAa Eha\" style=\"border-width: 1px; border-style: solid; margin: 10px; float: left;\" alt=\"\" src=\"data:image\/svg+xml,%3Csvg%20xmlns%3D%27http%3A%2F%2Fwww.w3.org%2F2000%2Fsvg%27%20width%3D%27196%27%20height%3D%27147%27%20viewBox%3D%270%200%20196%20147%27%3E%3Crect%20width%3D%27196%27%20height%3D%27147%27%20fill-opacity%3D%220%22%2F%3E%3C%2Fsvg%3E\" data-orig-src=\"https:\/\/lh3.googleusercontent.com\/-A8qkzNhmk2g\/VLDiZojPjJI\/AAAAAAAAKno\/dsAd0g2uyJE\/w448-h336-no\/7058332517_82509b8ab1.jpg\" height=\"147\" width=\"196\" \/><span style=\"font-size: 12pt;\">&nbsp;&nbsp; E diela e dafinave u p\u00ebrjetua me solemnitet, duke nisur k\u00ebshtu edhe rrug\u00ebtimin e Jav\u00ebs s\u00eb Madhe deri n\u00eb kulmin e saj, Pashk\u00ebn e Madhe.&nbsp;<\/span><\/span><\/span><\/span><\/div>\n<div style=\"text-align: justify;\"><span style=\"font-family: helvetica; font-size: 12pt;\"><\/span><\/div>\n<div style=\"text-align: justify;\"><span style=\"color: #000000; font-family: helvetica; font-size: 12pt;\">&nbsp;&nbsp;&nbsp; Pas nj\u00eb periudhe t\u00eb gjat\u00eb kreshme dhe lutjesh, mij\u00ebra besimtar\u00eb mbush\u00ebn k\u00ebt\u00eb t\u00eb diel kish\u00ebn \u201cUngjill\u00ebzimi i Hyjlind\u00ebses\u201d, n\u00eb Tiran\u00eb, duke marr\u00eb pjes\u00eb me p\u00ebrkushtim t\u00eb thell\u00eb tek Per\u00ebndia n\u00eb sh\u00ebrbesat e k\u00ebsaj dite t\u00eb shenjt\u00eb. P\u00ebrve\u00e7 pjes\u00ebmarrjes s\u00eb lart\u00eb t\u00eb besimtar\u00ebve n\u00ebp\u00ebr sh\u00ebrbesa, kleri ftoi t\u00eb gjith\u00eb t\u00eb krishter\u00ebt orthodhoks\u00eb q\u00eb gjat\u00eb Jav\u00ebs s\u00eb Madhe t\u00eb marrin pjes\u00eb n\u00eb sh\u00ebrbesat e shumta gjat\u00eb \u00e7do dite, n\u00eb mengjes dhe pasdite.&nbsp;<\/span><\/div>\n<div style=\"text-align: justify;\"><br style=\"color: #454545;\" \/><span style=\"color: #000000; font-family: helvetica; font-size: 12pt;\"> &nbsp;&nbsp;&nbsp; Dh\u00ebnd\u00ebri qiellor vjen. Dhe p\u00ebrs\u00ebri, dit\u00ebt e shenjta t\u00eb Jav\u00ebs s\u00eb Madhe na e kujtojn\u00eb. Vjen dhe hyn n\u00eb nus\u00ebrore. Bashk\u00eb me t\u00eb duhet t\u00eb hyjm\u00eb edhe ne. Dh\u00ebnd\u00ebri, i vet\u00ebm, nuk ka kuptim. Duhet edhe nusja. Parajsa, vet\u00ebm me Krishtin, nuk ka kuptim. Bashk\u00eb me T\u00eb \u00ebsht\u00eb edhe Kisha. Bashk\u00eb me T\u00eb edhe nusja, shpirti. Shpirti yn\u00eb t\u00eb b\u00ebhet nuse e Krishtit. Bashk\u00eb me T\u00eb n\u00eb nus\u00ebroren hyjnore. Bashk\u00eb me T\u00eb n\u00eb panairin e qiellit. Bashk\u00eb me t\u00eb n\u00eb martes\u00ebn e Mbret\u00ebris\u00eb s\u00eb Qiejve.<\/span><\/div>\n<div style=\"text-align: justify;\"><span style=\"font-family: helvetica; font-size: 12pt;\"><\/span><\/div>\n<div style=\"text-align: justify;\"><span style=\"font-family: helvetica; font-size: 12pt;\"><\/span><\/div>\n<p><span style=\"font-family: helvetica; font-size: 12pt;\"><img decoding=\"async\" class=\"lazyload HAa Eha\" style=\"height: 300px; width: 400px; border-width: 1px; border-style: solid; margin: 10px;\" alt=\"\" src=\"data:image\/gif;base64,R0lGODlhAQABAAAAACH5BAEKAAEALAAAAAABAAEAAAICTAEAOw==\" data-orig-src=\"https:\/\/lh6.googleusercontent.com\/-XATcdiqFpm8\/VLDiYK36yII\/AAAAAAAAKnw\/BTMTKwV38Tg\/w448-h336-no\/6912248004_51d719360b.jpg\" \/><img decoding=\"async\" class=\"lazyload HAa Eha\" style=\"height: 300px; width: 400px; border-width: 1px; border-style: solid; margin: 10px;\" alt=\"\" src=\"data:image\/gif;base64,R0lGODlhAQABAAAAACH5BAEKAAEALAAAAAABAAEAAAICTAEAOw==\" data-orig-src=\"https:\/\/lh3.googleusercontent.com\/-v5-v4ueJQ5E\/VLDiYIGnhwI\/AAAAAAAAKnk\/zHOn6sWJmPc\/w448-h336-no\/6912247898_807ea3252f.jpg\" \/><img decoding=\"async\" class=\"lazyload HAa Eha\" style=\"height: 300px; width: 400px; border-width: 1px; border-style: solid; margin: 10px;\" alt=\"\" src=\"data:image\/gif;base64,R0lGODlhAQABAAAAACH5BAEKAAEALAAAAAABAAEAAAICTAEAOw==\" data-orig-src=\"https:\/\/lh3.googleusercontent.com\/-eje_JmflJuI\/VLDiYK33bcI\/AAAAAAAAKnM\/AEWQhFLfPRo\/w448-h336-no\/6912248114_5566daf9f3.jpg\" \/><img decoding=\"async\" class=\"lazyload HAa Eha\" style=\"height: 300px; width: 400px; border-width: 1px; border-style: solid; margin: 10px;\" alt=\"\" src=\"data:image\/gif;base64,R0lGODlhAQABAAAAACH5BAEKAAEALAAAAAABAAEAAAICTAEAOw==\" data-orig-src=\"https:\/\/lh6.googleusercontent.com\/-clvCT33cJQI\/VLDiYg6WnLI\/AAAAAAAAKnY\/tTNgaxcJ7gk\/w448-h336-no\/6912248432_a859c1e99a.jpg\" \/><img decoding=\"async\" class=\"lazyload HAa Eha\" style=\"height: 300px; width: 400px; border-width: 1px; border-style: solid; margin: 10px;\" alt=\"\" src=\"data:image\/gif;base64,R0lGODlhAQABAAAAACH5BAEKAAEALAAAAAABAAEAAAICTAEAOw==\" data-orig-src=\"https:\/\/lh4.googleusercontent.com\/-niLHhO5SxFo\/VLDiZHtY9GI\/AAAAAAAAKng\/z-W574UifKE\/w448-h336-no\/7058331909_fae93e3972.jpg\" \/><\/span><\/p>\n<div style=\"text-align: center;\"><span style=\"font-family: helvetica; font-size: 12pt;\"><\/span><\/div>\n<div style=\"text-align: center;\"><span style=\"font-family: helvetica; font-size: 12pt;\"><\/span><\/div>\n<div style=\"text-align: justify;\"><span style=\"font-family: helvetica; font-size: 12pt;\"><\/span><\/div>\n","protected":false},"excerpt":{"rendered":"<p>&nbsp;&nbsp; E diela e dafinave u p\u00ebrjetua me solemnitet, duke nisur k\u00ebshtu edhe rrug\u00ebtimin e Jav\u00ebs s\u00eb Madhe deri n\u00eb kulmin e saj, Pashk\u00ebn e Madhe.&nbsp; &nbsp;&nbsp;&nbsp; Pas nj\u00eb periudhe t\u00eb gjat\u00eb kreshme dhe lutjesh, mij\u00ebra besimtar\u00eb mbush\u00ebn k\u00ebt\u00eb t\u00eb diel kish\u00ebn \u201cUngjill\u00ebzimi i Hyjlind\u00ebses\u201d, n\u00eb Tiran\u00eb, duke marr\u00eb pjes\u00eb me p\u00ebrkushtim t\u00eb thell\u00eb tek Per\u00ebndia n\u00eb sh\u00ebrbesat e k\u00ebsaj dite t\u00eb shenjt\u00eb. P\u00ebrve\u00e7 pjes\u00ebmarrjes<\/p>\n","protected":false},"author":1,"featured_media":0,"comment_status":"open","ping_status":"open","sticky":false,"template":"","format":"standard","meta":{"_acf_changed":false,"pagelayer_contact_templates":[],"_pagelayer_content":"","inline_featured_image":false,"fifu_image_url":"","fifu_image_alt":"","footnotes":""},"categories":[108],"tags":[142,196,201,212,189],"class_list":["post-166","post","type-post","status-publish","format-standard","hentry","category-lajme","tag-142","tag-tirane","tag-kryepiskopi-anastas","tag-lajme-d27","tag-pashke-2014"],"acf":[],"yoast_head":"<!-- This site is optimized with the Yoast SEO plugin v27.2 - https:\/\/yoast.com\/product\/yoast-seo-wordpress\/ -->\n<title>E diela e Dafinave n\u00eb Tiran\u00eb, Pashk\u00eb 2012. - Kisha Orthodh\u03bfkse Autoqefale e Shqip\u00ebris\u00eb<\/title>\n<meta name=\"robots\" content=\"index, follow, max-snippet:-1, max-image-preview:large, max-video-preview:-1\" \/>\n<link rel=\"canonical\" href=\"https:\/\/orthodoxalbania.org\/2020\/2013\/03\/21\/e-diela-e-dafinave-ne-tirane\/\" \/>\n<meta property=\"og:locale\" content=\"en_US\" \/>\n<meta property=\"og:type\" content=\"article\" \/>\n<meta property=\"og:title\" content=\"E diela e Dafinave n\u00eb Tiran\u00eb, Pashk\u00eb 2012. - Kisha Orthodh\u03bfkse Autoqefale e Shqip\u00ebris\u00eb\" \/>\n<meta property=\"og:description\" content=\"&nbsp;&nbsp; E diela e dafinave u p\u00ebrjetua me solemnitet, duke nisur k\u00ebshtu edhe rrug\u00ebtimin e Jav\u00ebs s\u00eb Madhe deri n\u00eb kulmin e saj, Pashk\u00ebn e Madhe.&nbsp; &nbsp;&nbsp;&nbsp; Pas nj\u00eb periudhe t\u00eb gjat\u00eb kreshme dhe lutjesh, mij\u00ebra besimtar\u00eb mbush\u00ebn k\u00ebt\u00eb t\u00eb diel kish\u00ebn \u201cUngjill\u00ebzimi i Hyjlind\u00ebses\u201d, n\u00eb Tiran\u00eb, duke marr\u00eb pjes\u00eb me p\u00ebrkushtim t\u00eb thell\u00eb tek Per\u00ebndia n\u00eb sh\u00ebrbesat e k\u00ebsaj dite t\u00eb shenjt\u00eb. P\u00ebrve\u00e7 pjes\u00ebmarrjes\" \/>\n<meta property=\"og:url\" content=\"https:\/\/orthodoxalbania.org\/2020\/2013\/03\/21\/e-diela-e-dafinave-ne-tirane\/\" \/>\n<meta property=\"og:site_name\" content=\"Kisha Orthodh\u03bfkse Autoqefale e Shqip\u00ebris\u00eb\" \/>\n<meta property=\"article:publisher\" content=\"https:\/\/www.facebook.com\/koash1991\" \/>\n<meta property=\"article:published_time\" content=\"2013-03-21T10:37:20+00:00\" \/>\n<meta property=\"article:modified_time\" content=\"2020-04-06T20:06:07+00:00\" \/>\n<meta property=\"og:image\" content=\"https:\/\/lh3.googleusercontent.com\/-A8qkzNhmk2g\/VLDiZojPjJI\/AAAAAAAAKno\/dsAd0g2uyJE\/w448-h336-no\/7058332517_82509b8ab1.jpg\" \/>\n<meta name=\"author\" content=\"Kisha Orthodhokse\" \/>\n<meta name=\"twitter:card\" content=\"summary_large_image\" \/>\n<meta name=\"twitter:label1\" content=\"Written by\" \/>\n\t<meta name=\"twitter:data1\" content=\"Kisha Orthodhokse\" \/>\n\t<meta name=\"twitter:label2\" content=\"Est. reading time\" \/>\n\t<meta name=\"twitter:data2\" content=\"1 minute\" \/>\n<script type=\"application\/ld+json\" class=\"yoast-schema-graph\">{\"@context\":\"https:\/\/schema.org\",\"@graph\":[{\"@type\":\"Article\",\"@id\":\"https:\/\/orthodoxalbania.org\/2020\/2013\/03\/21\/e-diela-e-dafinave-ne-tirane\/#article\",\"isPartOf\":{\"@id\":\"https:\/\/orthodoxalbania.org\/2020\/2013\/03\/21\/e-diela-e-dafinave-ne-tirane\/\"},\"author\":{\"name\":\"Kisha Orthodhokse\",\"@id\":\"https:\/\/orthodoxalbania.org\/2020\/#\/schema\/person\/0c387634a7063ac612d7ed9ce71c7e86\"},\"headline\":\"E diela e Dafinave n\u00eb Tiran\u00eb, Pashk\u00eb 2012.\",\"datePublished\":\"2013-03-21T10:37:20+00:00\",\"dateModified\":\"2020-04-06T20:06:07+00:00\",\"mainEntityOfPage\":{\"@id\":\"https:\/\/orthodoxalbania.org\/2020\/2013\/03\/21\/e-diela-e-dafinave-ne-tirane\/\"},\"wordCount\":236,\"commentCount\":0,\"publisher\":{\"@id\":\"https:\/\/orthodoxalbania.org\/2020\/#organization\"},\"image\":{\"@id\":\"https:\/\/orthodoxalbania.org\/2020\/2013\/03\/21\/e-diela-e-dafinave-ne-tirane\/#primaryimage\"},\"thumbnailUrl\":\"https:\/\/lh3.googleusercontent.com\/-A8qkzNhmk2g\/VLDiZojPjJI\/AAAAAAAAKno\/dsAd0g2uyJE\/w448-h336-no\/7058332517_82509b8ab1.jpg\",\"keywords\":[\"2012\",\"Kryepiskopata Tiran\u00eb\",\"Kryepiskopi Anastas\",\"lajme\",\"Pashk\u00eb\"],\"articleSection\":[\"Lajme\"],\"inLanguage\":\"en-US\"},{\"@type\":\"WebPage\",\"@id\":\"https:\/\/orthodoxalbania.org\/2020\/2013\/03\/21\/e-diela-e-dafinave-ne-tirane\/\",\"url\":\"https:\/\/orthodoxalbania.org\/2020\/2013\/03\/21\/e-diela-e-dafinave-ne-tirane\/\",\"name\":\"E diela e Dafinave n\u00eb Tiran\u00eb, Pashk\u00eb 2012. - Kisha Orthodh\u03bfkse Autoqefale e Shqip\u00ebris\u00eb\",\"isPartOf\":{\"@id\":\"https:\/\/orthodoxalbania.org\/2020\/#website\"},\"primaryImageOfPage\":{\"@id\":\"https:\/\/orthodoxalbania.org\/2020\/2013\/03\/21\/e-diela-e-dafinave-ne-tirane\/#primaryimage\"},\"image\":{\"@id\":\"https:\/\/orthodoxalbania.org\/2020\/2013\/03\/21\/e-diela-e-dafinave-ne-tirane\/#primaryimage\"},\"thumbnailUrl\":\"https:\/\/lh3.googleusercontent.com\/-A8qkzNhmk2g\/VLDiZojPjJI\/AAAAAAAAKno\/dsAd0g2uyJE\/w448-h336-no\/7058332517_82509b8ab1.jpg\",\"datePublished\":\"2013-03-21T10:37:20+00:00\",\"dateModified\":\"2020-04-06T20:06:07+00:00\",\"breadcrumb\":{\"@id\":\"https:\/\/orthodoxalbania.org\/2020\/2013\/03\/21\/e-diela-e-dafinave-ne-tirane\/#breadcrumb\"},\"inLanguage\":\"en-US\",\"potentialAction\":[{\"@type\":\"ReadAction\",\"target\":[\"https:\/\/orthodoxalbania.org\/2020\/2013\/03\/21\/e-diela-e-dafinave-ne-tirane\/\"]}]},{\"@type\":\"ImageObject\",\"inLanguage\":\"en-US\",\"@id\":\"https:\/\/orthodoxalbania.org\/2020\/2013\/03\/21\/e-diela-e-dafinave-ne-tirane\/#primaryimage\",\"url\":\"https:\/\/lh3.googleusercontent.com\/-A8qkzNhmk2g\/VLDiZojPjJI\/AAAAAAAAKno\/dsAd0g2uyJE\/w448-h336-no\/7058332517_82509b8ab1.jpg\",\"contentUrl\":\"https:\/\/lh3.googleusercontent.com\/-A8qkzNhmk2g\/VLDiZojPjJI\/AAAAAAAAKno\/dsAd0g2uyJE\/w448-h336-no\/7058332517_82509b8ab1.jpg\"},{\"@type\":\"BreadcrumbList\",\"@id\":\"https:\/\/orthodoxalbania.org\/2020\/2013\/03\/21\/e-diela-e-dafinave-ne-tirane\/#breadcrumb\",\"itemListElement\":[{\"@type\":\"ListItem\",\"position\":1,\"name\":\"Home\",\"item\":\"https:\/\/orthodoxalbania.org\/2020\/\"},{\"@type\":\"ListItem\",\"position\":2,\"name\":\"E diela e Dafinave n\u00eb Tiran\u00eb, Pashk\u00eb 2012.\"}]},{\"@type\":\"WebSite\",\"@id\":\"https:\/\/orthodoxalbania.org\/2020\/#website\",\"url\":\"https:\/\/orthodoxalbania.org\/2020\/\",\"name\":\"Kisha Orthodh\u03bfkse Autoqefale e Shqip\u00ebris\u00eb\",\"description\":\"Fqja Zyrtare e Kish\u00ebs Orthodhokse Autoqefale e Shqip\u00ebris\u00eb me lajmet edhe informacionet zyrtare p\u00ebr struktur\u00ebn edhe veprimtarin e saj.\",\"publisher\":{\"@id\":\"https:\/\/orthodoxalbania.org\/2020\/#organization\"},\"potentialAction\":[{\"@type\":\"SearchAction\",\"target\":{\"@type\":\"EntryPoint\",\"urlTemplate\":\"https:\/\/orthodoxalbania.org\/2020\/?s={search_term_string}\"},\"query-input\":{\"@type\":\"PropertyValueSpecification\",\"valueRequired\":true,\"valueName\":\"search_term_string\"}}],\"inLanguage\":\"en-US\"},{\"@type\":\"Organization\",\"@id\":\"https:\/\/orthodoxalbania.org\/2020\/#organization\",\"name\":\"Kisha Orthodhokse Autoqefale e Shqip\u00ebris\u00eb\",\"url\":\"https:\/\/orthodoxalbania.org\/2020\/\",\"logo\":{\"@type\":\"ImageObject\",\"inLanguage\":\"en-US\",\"@id\":\"https:\/\/orthodoxalbania.org\/2020\/#\/schema\/logo\/image\/\",\"url\":\"https:\/\/orthodoxalbania.org\/2020\/wp-content\/uploads\/2020\/05\/albania.jpeg\",\"contentUrl\":\"https:\/\/orthodoxalbania.org\/2020\/wp-content\/uploads\/2020\/05\/albania.jpeg\",\"width\":540,\"height\":540,\"caption\":\"Kisha Orthodhokse Autoqefale e Shqip\u00ebris\u00eb\"},\"image\":{\"@id\":\"https:\/\/orthodoxalbania.org\/2020\/#\/schema\/logo\/image\/\"},\"sameAs\":[\"https:\/\/www.facebook.com\/koash1991\"]},{\"@type\":\"Person\",\"@id\":\"https:\/\/orthodoxalbania.org\/2020\/#\/schema\/person\/0c387634a7063ac612d7ed9ce71c7e86\",\"name\":\"Kisha Orthodhokse\",\"image\":{\"@type\":\"ImageObject\",\"inLanguage\":\"en-US\",\"@id\":\"https:\/\/secure.gravatar.com\/avatar\/596e7c417251e30f2fbb9c00e026fce61a695a00e51c889caded71c96cbbdde5?s=96&d=mm&r=g\",\"url\":\"https:\/\/secure.gravatar.com\/avatar\/596e7c417251e30f2fbb9c00e026fce61a695a00e51c889caded71c96cbbdde5?s=96&d=mm&r=g\",\"contentUrl\":\"https:\/\/secure.gravatar.com\/avatar\/596e7c417251e30f2fbb9c00e026fce61a695a00e51c889caded71c96cbbdde5?s=96&d=mm&r=g\",\"caption\":\"Kisha Orthodhokse\"}}]}<\/script>\n<!-- \/ Yoast SEO plugin. -->","yoast_head_json":{"title":"E diela e Dafinave n\u00eb Tiran\u00eb, Pashk\u00eb 2012. - Kisha Orthodh\u03bfkse Autoqefale e Shqip\u00ebris\u00eb","robots":{"index":"index","follow":"follow","max-snippet":"max-snippet:-1","max-image-preview":"max-image-preview:large","max-video-preview":"max-video-preview:-1"},"canonical":"https:\/\/orthodoxalbania.org\/2020\/2013\/03\/21\/e-diela-e-dafinave-ne-tirane\/","og_locale":"en_US","og_type":"article","og_title":"E diela e Dafinave n\u00eb Tiran\u00eb, Pashk\u00eb 2012. - Kisha Orthodh\u03bfkse Autoqefale e Shqip\u00ebris\u00eb","og_description":"&nbsp;&nbsp; E diela e dafinave u p\u00ebrjetua me solemnitet, duke nisur k\u00ebshtu edhe rrug\u00ebtimin e Jav\u00ebs s\u00eb Madhe deri n\u00eb kulmin e saj, Pashk\u00ebn e Madhe.&nbsp; &nbsp;&nbsp;&nbsp; Pas nj\u00eb periudhe t\u00eb gjat\u00eb kreshme dhe lutjesh, mij\u00ebra besimtar\u00eb mbush\u00ebn k\u00ebt\u00eb t\u00eb diel kish\u00ebn \u201cUngjill\u00ebzimi i Hyjlind\u00ebses\u201d, n\u00eb Tiran\u00eb, duke marr\u00eb pjes\u00eb me p\u00ebrkushtim t\u00eb thell\u00eb tek Per\u00ebndia n\u00eb sh\u00ebrbesat e k\u00ebsaj dite t\u00eb shenjt\u00eb. P\u00ebrve\u00e7 pjes\u00ebmarrjes","og_url":"https:\/\/orthodoxalbania.org\/2020\/2013\/03\/21\/e-diela-e-dafinave-ne-tirane\/","og_site_name":"Kisha Orthodh\u03bfkse Autoqefale e Shqip\u00ebris\u00eb","article_publisher":"https:\/\/www.facebook.com\/koash1991","article_published_time":"2013-03-21T10:37:20+00:00","article_modified_time":"2020-04-06T20:06:07+00:00","og_image":[{"url":"https:\/\/lh3.googleusercontent.com\/-A8qkzNhmk2g\/VLDiZojPjJI\/AAAAAAAAKno\/dsAd0g2uyJE\/w448-h336-no\/7058332517_82509b8ab1.jpg","type":"","width":"","height":""}],"author":"Kisha Orthodhokse","twitter_card":"summary_large_image","twitter_misc":{"Written by":"Kisha Orthodhokse","Est. reading time":"1 minute"},"schema":{"@context":"https:\/\/schema.org","@graph":[{"@type":"Article","@id":"https:\/\/orthodoxalbania.org\/2020\/2013\/03\/21\/e-diela-e-dafinave-ne-tirane\/#article","isPartOf":{"@id":"https:\/\/orthodoxalbania.org\/2020\/2013\/03\/21\/e-diela-e-dafinave-ne-tirane\/"},"author":{"name":"Kisha Orthodhokse","@id":"https:\/\/orthodoxalbania.org\/2020\/#\/schema\/person\/0c387634a7063ac612d7ed9ce71c7e86"},"headline":"E diela e Dafinave n\u00eb Tiran\u00eb, Pashk\u00eb 2012.","datePublished":"2013-03-21T10:37:20+00:00","dateModified":"2020-04-06T20:06:07+00:00","mainEntityOfPage":{"@id":"https:\/\/orthodoxalbania.org\/2020\/2013\/03\/21\/e-diela-e-dafinave-ne-tirane\/"},"wordCount":236,"commentCount":0,"publisher":{"@id":"https:\/\/orthodoxalbania.org\/2020\/#organization"},"image":{"@id":"https:\/\/orthodoxalbania.org\/2020\/2013\/03\/21\/e-diela-e-dafinave-ne-tirane\/#primaryimage"},"thumbnailUrl":"https:\/\/lh3.googleusercontent.com\/-A8qkzNhmk2g\/VLDiZojPjJI\/AAAAAAAAKno\/dsAd0g2uyJE\/w448-h336-no\/7058332517_82509b8ab1.jpg","keywords":["2012","Kryepiskopata Tiran\u00eb","Kryepiskopi Anastas","lajme","Pashk\u00eb"],"articleSection":["Lajme"],"inLanguage":"en-US"},{"@type":"WebPage","@id":"https:\/\/orthodoxalbania.org\/2020\/2013\/03\/21\/e-diela-e-dafinave-ne-tirane\/","url":"https:\/\/orthodoxalbania.org\/2020\/2013\/03\/21\/e-diela-e-dafinave-ne-tirane\/","name":"E diela e Dafinave n\u00eb Tiran\u00eb, Pashk\u00eb 2012. - Kisha Orthodh\u03bfkse Autoqefale e Shqip\u00ebris\u00eb","isPartOf":{"@id":"https:\/\/orthodoxalbania.org\/2020\/#website"},"primaryImageOfPage":{"@id":"https:\/\/orthodoxalbania.org\/2020\/2013\/03\/21\/e-diela-e-dafinave-ne-tirane\/#primaryimage"},"image":{"@id":"https:\/\/orthodoxalbania.org\/2020\/2013\/03\/21\/e-diela-e-dafinave-ne-tirane\/#primaryimage"},"thumbnailUrl":"https:\/\/lh3.googleusercontent.com\/-A8qkzNhmk2g\/VLDiZojPjJI\/AAAAAAAAKno\/dsAd0g2uyJE\/w448-h336-no\/7058332517_82509b8ab1.jpg","datePublished":"2013-03-21T10:37:20+00:00","dateModified":"2020-04-06T20:06:07+00:00","breadcrumb":{"@id":"https:\/\/orthodoxalbania.org\/2020\/2013\/03\/21\/e-diela-e-dafinave-ne-tirane\/#breadcrumb"},"inLanguage":"en-US","potentialAction":[{"@type":"ReadAction","target":["https:\/\/orthodoxalbania.org\/2020\/2013\/03\/21\/e-diela-e-dafinave-ne-tirane\/"]}]},{"@type":"ImageObject","inLanguage":"en-US","@id":"https:\/\/orthodoxalbania.org\/2020\/2013\/03\/21\/e-diela-e-dafinave-ne-tirane\/#primaryimage","url":"https:\/\/lh3.googleusercontent.com\/-A8qkzNhmk2g\/VLDiZojPjJI\/AAAAAAAAKno\/dsAd0g2uyJE\/w448-h336-no\/7058332517_82509b8ab1.jpg","contentUrl":"https:\/\/lh3.googleusercontent.com\/-A8qkzNhmk2g\/VLDiZojPjJI\/AAAAAAAAKno\/dsAd0g2uyJE\/w448-h336-no\/7058332517_82509b8ab1.jpg"},{"@type":"BreadcrumbList","@id":"https:\/\/orthodoxalbania.org\/2020\/2013\/03\/21\/e-diela-e-dafinave-ne-tirane\/#breadcrumb","itemListElement":[{"@type":"ListItem","position":1,"name":"Home","item":"https:\/\/orthodoxalbania.org\/2020\/"},{"@type":"ListItem","position":2,"name":"E diela e Dafinave n\u00eb Tiran\u00eb, Pashk\u00eb 2012."}]},{"@type":"WebSite","@id":"https:\/\/orthodoxalbania.org\/2020\/#website","url":"https:\/\/orthodoxalbania.org\/2020\/","name":"Kisha Orthodh\u03bfkse Autoqefale e Shqip\u00ebris\u00eb","description":"Fqja Zyrtare e Kish\u00ebs Orthodhokse Autoqefale e Shqip\u00ebris\u00eb me lajmet edhe informacionet zyrtare p\u00ebr struktur\u00ebn edhe veprimtarin e saj.","publisher":{"@id":"https:\/\/orthodoxalbania.org\/2020\/#organization"},"potentialAction":[{"@type":"SearchAction","target":{"@type":"EntryPoint","urlTemplate":"https:\/\/orthodoxalbania.org\/2020\/?s={search_term_string}"},"query-input":{"@type":"PropertyValueSpecification","valueRequired":true,"valueName":"search_term_string"}}],"inLanguage":"en-US"},{"@type":"Organization","@id":"https:\/\/orthodoxalbania.org\/2020\/#organization","name":"Kisha Orthodhokse Autoqefale e Shqip\u00ebris\u00eb","url":"https:\/\/orthodoxalbania.org\/2020\/","logo":{"@type":"ImageObject","inLanguage":"en-US","@id":"https:\/\/orthodoxalbania.org\/2020\/#\/schema\/logo\/image\/","url":"https:\/\/orthodoxalbania.org\/2020\/wp-content\/uploads\/2020\/05\/albania.jpeg","contentUrl":"https:\/\/orthodoxalbania.org\/2020\/wp-content\/uploads\/2020\/05\/albania.jpeg","width":540,"height":540,"caption":"Kisha Orthodhokse Autoqefale e Shqip\u00ebris\u00eb"},"image":{"@id":"https:\/\/orthodoxalbania.org\/2020\/#\/schema\/logo\/image\/"},"sameAs":["https:\/\/www.facebook.com\/koash1991"]},{"@type":"Person","@id":"https:\/\/orthodoxalbania.org\/2020\/#\/schema\/person\/0c387634a7063ac612d7ed9ce71c7e86","name":"Kisha Orthodhokse","image":{"@type":"ImageObject","inLanguage":"en-US","@id":"https:\/\/secure.gravatar.com\/avatar\/596e7c417251e30f2fbb9c00e026fce61a695a00e51c889caded71c96cbbdde5?s=96&d=mm&r=g","url":"https:\/\/secure.gravatar.com\/avatar\/596e7c417251e30f2fbb9c00e026fce61a695a00e51c889caded71c96cbbdde5?s=96&d=mm&r=g","contentUrl":"https:\/\/secure.gravatar.com\/avatar\/596e7c417251e30f2fbb9c00e026fce61a695a00e51c889caded71c96cbbdde5?s=96&d=mm&r=g","caption":"Kisha Orthodhokse"}}]}},"_links":{"self":[{"href":"https:\/\/orthodoxalbania.org\/2020\/wp-json\/wp\/v2\/posts\/166","targetHints":{"allow":["GET"]}}],"collection":[{"href":"https:\/\/orthodoxalbania.org\/2020\/wp-json\/wp\/v2\/posts"}],"about":[{"href":"https:\/\/orthodoxalbania.org\/2020\/wp-json\/wp\/v2\/types\/post"}],"author":[{"embeddable":true,"href":"https:\/\/orthodoxalbania.org\/2020\/wp-json\/wp\/v2\/users\/1"}],"replies":[{"embeddable":true,"href":"https:\/\/orthodoxalbania.org\/2020\/wp-json\/wp\/v2\/comments?post=166"}],"version-history":[{"count":1,"href":"https:\/\/orthodoxalbania.org\/2020\/wp-json\/wp\/v2\/posts\/166\/revisions"}],"predecessor-version":[{"id":15335,"href":"https:\/\/orthodoxalbania.org\/2020\/wp-json\/wp\/v2\/posts\/166\/revisions\/15335"}],"wp:attachment":[{"href":"https:\/\/orthodoxalbania.org\/2020\/wp-json\/wp\/v2\/media?parent=166"}],"wp:term":[{"taxonomy":"category","embeddable":true,"href":"https:\/\/orthodoxalbania.org\/2020\/wp-json\/wp\/v2\/categories?post=166"},{"taxonomy":"post_tag","embeddable":true,"href":"https:\/\/orthodoxalbania.org\/2020\/wp-json\/wp\/v2\/tags?post=166"}],"curies":[{"name":"wp","href":"https:\/\/api.w.org\/{rel}","templated":true}]}}