{"id":165,"date":"2007-02-26T00:00:00","date_gmt":"2007-02-26T00:00:00","guid":{"rendered":""},"modified":"2020-04-06T22:35:38","modified_gmt":"2020-04-06T20:35:38","slug":"durres-festohet-e-kremtja-e-theofanise-janar-07","status":"publish","type":"post","link":"https:\/\/orthodoxalbania.org\/2020\/2007\/02\/26\/durres-festohet-e-kremtja-e-theofanise-janar-07\/","title":{"rendered":"Durr\u00ebs &#8211; Festohet e kremtja e Theofanis\u00eb. (6 Janar 2007)"},"content":{"rendered":"<table id=\"AutoNumber4\" border=\"0\">\n<tbody>\n<tr>\n<td colspan=\"2\">\n<div style=\"text-align: justify;\"><span style=\"color: #000000; font-family: helvetica; font-size: 12pt;\">&nbsp;&nbsp;&nbsp; Kisha k\u00ebt\u00eb dit\u00eb kremtoi Shfaqjen e Per\u00ebndis\u00eb n\u00eb bot\u00eb si Trini (Ati, Biri e Shpirti i Shenjt\u00eb) n\u00eb momentin e Pag\u00ebzimit t\u00eb Jisu Krishtit: Ati me an\u00eb t\u00eb d\u00ebshmis\u00eb s\u00eb Tij s\u00eb lartazi: &#8220;Ky \u00ebsht\u00eb biri im i&nbsp;dashur, n\u00eb t\u00eb cilin jam i k\u00ebnaqur&#8221;, Biri i Per\u00ebndis\u00eb i b\u00ebr\u00eb njeri q\u00eb po pag\u00ebzohet dhe Shpirti i&nbsp;Shenjte, duke zbritur n\u00eb form\u00eb p\u00ebllumbi.<\/span><\/div>\n<\/td>\n<\/tr>\n<tr>\n<td>\n<div><span style=\"color: #000000; font-family: helvetica; font-size: 12pt;\"><img decoding=\"async\" class=\"lazyload HAa Eha\" style=\"border-width: 1px; border-style: solid; margin: 10px auto; display: block;\" alt=\"\" src=\"data:image\/gif;base64,R0lGODlhAQABAAAAACH5BAEKAAEALAAAAAABAAEAAAICTAEAOw==\" data-orig-src=\"https:\/\/lh6.googleusercontent.com\/-vgOAFJ6i0DM\/VIg5Td7OZCI\/AAAAAAAAGAI\/OUN1wTMNpqE\/w370-h278-no\/untitled1.jpg\" \/> <\/span><\/div>\n<\/td>\n<td>\n<div style=\"text-align: justify;\"><span style=\"color: #000000; font-family: helvetica; font-size: 12pt;\">&nbsp;&nbsp;&nbsp; Gjithashtu Pag\u00ebzimi i&nbsp; Krishtit hapi nj\u00eb faqe t\u00eb re n\u00eb historin\u00eb njer\u00ebzore. Me an\u00eb t\u00eb Pag\u00ebzimit t\u00eb Krishtit tregohet r\u00ebnd\u00ebsia dhe domosdoshm\u00ebria e&nbsp;pag\u00ebzimit p\u00ebr njer\u00ebzit, t\u00eb cil\u00ebt duhet t\u00eb pag\u00ebzohen si me an\u00eb t\u00eb ujit ashtu&nbsp;edhe me an\u00eb t\u00eb&nbsp;Shpirtit t\u00eb Shenjt\u00eb.<\/span><\/div>\n<\/td>\n<\/tr>\n<tr>\n<td>\n<div style=\"text-align: justify;\"><span style=\"color: #000000; font-family: helvetica; font-size: 12pt;\">&nbsp;&nbsp;&nbsp; Pag\u00ebzimi i Krishtit \u00ebsht\u00eb bekim dhe shenjt\u00ebri, pasi shenjt\u00ebrohen t\u00eb gjith\u00eb&nbsp;uj\u00ebrat. G\u00ebzon natyra, q\u00eb me an\u00eb&nbsp;t\u00eb shenjt\u00ebrimit t\u00eb ujit t\u00eb&nbsp;shenjt\u00ebrohet dhe ajo, pasi Krishti nuk u pag\u00ebzua&nbsp;vet\u00ebm p\u00ebr njer\u00ebzit, por p\u00ebr t\u00eb gjith\u00eb krijes\u00ebn, q\u00eb Ai vet\u00eb krijoi me Atin&nbsp;dhe Shpirtin e Shenjt\u00eb. Kjo dit\u00eb \u00ebsht\u00eb shkak pik\u00ebnisjeje p\u00ebr nj\u00eb jet\u00eb m\u00eb af\u00ebr&nbsp;Krishtit, p\u00ebr t\u00eb qen\u00eb t\u00eb mbushur me&nbsp;Shpirtin e Shenjt\u00eb.<\/span><\/div>\n<\/td>\n<td>\n<div><span style=\"color: #000000; font-family: helvetica; font-size: 12pt;\"><img decoding=\"async\" class=\"lazyload HAa Eha\" style=\"border-width: 1px; border-style: solid; margin: 10px auto; display: block;\" alt=\"\" src=\"data:image\/gif;base64,R0lGODlhAQABAAAAACH5BAEKAAEALAAAAAABAAEAAAICTAEAOw==\" data-orig-src=\"https:\/\/lh6.googleusercontent.com\/-5OrtwE-5V6M\/VIg5TtEHqtI\/AAAAAAAAF_8\/pnjvub9DFcU\/w370-h278-no\/untitled2.jpg\" \/><\/span><\/div>\n<\/td>\n<\/tr>\n<tr>\n<td>\n<div><span style=\"color: #000000; font-family: helvetica; font-size: 12pt;\"><img decoding=\"async\" class=\"lazyload HAa Eha\" style=\"border-width: 1px; border-style: solid; margin: 10px auto; display: block;\" alt=\"\" src=\"data:image\/gif;base64,R0lGODlhAQABAAAAACH5BAEKAAEALAAAAAABAAEAAAICTAEAOw==\" data-orig-src=\"https:\/\/lh3.googleusercontent.com\/-rIuVgsDyBIs\/VIg5Ts1iETI\/AAAAAAAAGAE\/V5Wn_nV1VMM\/w370-h263-no\/untitled3.jpg\" \/> <\/span><\/div>\n<\/td>\n<td>\n<div style=\"text-align: justify;\"><span style=\"color: #000000; font-family: helvetica; font-size: 12pt;\">&nbsp;&nbsp; N\u00eb k\u00ebt\u00eb kremtim solemn q\u00eb zhvillohet p\u00ebr k\u00ebt\u00eb ngjarje hyjnore, historike dhe bot\u00ebrore, n\u00eb kishat orthodhokse p\u00ebrve\u00e7 Liturgjis\u00eb Hyjnore zhvillohet edhe Sh\u00ebrbesa e Shenjt\u00ebrimit t\u00eb Ujit, ku edhe besimtar\u00ebt marrin prej k\u00ebtij uji p\u00ebr bekim, shenjt\u00ebrim, sh\u00ebrim s\u00ebmundjesh etj. \u00cbsht\u00eb b\u00ebr\u00eb tradit\u00eb q\u00eb n\u00eb vende ku ka lum, liqen ose det t\u00eb b\u00ebhet edhe bekimi i uj\u00ebrave t\u00eb tyre, duke hedhur kryqin n\u00eb to dhe t\u00eb kapet nga besimtar\u00eb q\u00eb hidhen n\u00eb uj\u00ebrat e ftohta t\u00eb tyre.<\/span><\/div>\n<\/td>\n<\/tr>\n<tr>\n<td>\n<div style=\"text-align: justify;\"><span style=\"color: #000000; font-family: helvetica; font-size: 12pt;\">&nbsp;&nbsp;&nbsp; Kjo fest\u00eb mblodhi, n\u00eb Durr\u00ebs, n\u00eb kish\u00ebn e Sh\u00ebn Pavlit dhe Sh\u00ebn Astit qindra besimtar\u00eb orthodhoks\u00eb durrsak\u00eb dhe qytetar\u00eb t\u00eb tjer\u00eb t\u00eb ardhur nga Tirana dhe zonat p\u00ebrreth si edhe student\u00ebt e Akademis\u00eb Teologjike n\u00eb Sh\u00ebn Vlash. Mes klerik\u00ebve dhe shum\u00eb besimtar\u00ebve ishte edhe Kryepiskopi Anastas, i cili kryesoi Liturgjin\u00eb Hyjnore si edhe Sh\u00ebrbes\u00ebn e Shenjt\u00ebrimit (Bekimit) Madh t\u00eb Ujit&nbsp; ose t\u00eb quajtur ndryshe Ajazm\u00ebs.<\/span><\/div>\n<\/td>\n<td>\n<div><span style=\"color: #000000; font-family: helvetica; font-size: 12pt;\"><img decoding=\"async\" class=\"lazyload HAa Eha\" style=\"border-width: 1px; border-style: solid; margin: 10px auto; display: block;\" alt=\"\" src=\"data:image\/gif;base64,R0lGODlhAQABAAAAACH5BAEKAAEALAAAAAABAAEAAAICTAEAOw==\" data-orig-src=\"https:\/\/lh6.googleusercontent.com\/-btlBIBhHCE8\/VIg5UlBPIkI\/AAAAAAAAF_4\/c91x5cvH5i0\/w370-h278-no\/untitled4.jpg\" \/><\/span><\/div>\n<\/td>\n<\/tr>\n<tr>\n<td>\n<div><span style=\"color: #000000; font-family: helvetica; font-size: 12pt;\"><img decoding=\"async\" class=\"lazyload HAa Eha\" style=\"border-width: 1px; border-style: solid; margin: 10px auto; display: block;\" alt=\"\" src=\"data:image\/gif;base64,R0lGODlhAQABAAAAACH5BAEKAAEALAAAAAABAAEAAAICTAEAOw==\" data-orig-src=\"https:\/\/lh4.googleusercontent.com\/-ww1sNO_QNuQ\/VIg5UB8gItI\/AAAAAAAAF_w\/CAdSv8eq-vk\/w370-h268-no\/untitled5.jpg\" \/><\/span><\/div>\n<\/td>\n<td>\n<div style=\"text-align: justify;\"><span style=\"color: #000000; font-family: helvetica; font-size: 12pt;\">&nbsp;&nbsp;&nbsp; N\u00eb k\u00ebt\u00eb kremtim merrnin pjes\u00eb Episkop Nikolla, Arkimandrit Kozma Prifti, At\u00eb Spiro Tola, At\u00eb Spiro Qosja, At\u00eb Asti Beshiri, kryedhjakon Asti Bakallbashi dhe dhjakon Hektor Firoglani. Pas bekimit t\u00eb ujit, klerik\u00ebt dhe besimtar\u00ebt u drejtuan me procesion madh\u00ebshtor t\u00eb shoq\u00ebruar edhe nga banda filarmonike e qytetit drejt Portit t\u00eb Durr\u00ebsit, ku u krye edhe rituali i hedhjes s\u00eb kryqit n\u00eb detin Adriatik. 15 vje\u00e7ari Sofokli Xhavara kapi i pari kryqin n\u00eb det, duke marr\u00eb edhe bekimin e ve\u00e7ant\u00eb p\u00ebr k\u00ebt\u00eb fillimvit.<\/span><\/div>\n<\/td>\n<\/tr>\n<tr>\n<td>\n<div><span style=\"font-family: helvetica; font-size: 12pt;\"><\/span><\/div>\n<\/td>\n<td>\n<div><span style=\"font-family: helvetica; font-size: 12pt;\"><\/span><\/div>\n<\/td>\n<\/tr>\n<tr>\n<td>\n<div style=\"text-align: justify;\"><span style=\"color: #000000; font-family: helvetica; font-size: 12pt;\">&nbsp;&nbsp; N\u00eb fund t\u00eb Ajazm\u00ebs dhe gjat\u00eb gjith\u00eb dit\u00ebs besimtar\u00ebt orthodhoks\u00eb dhe joorthodhoks\u00eb mor\u00ebn me vete uj\u00eb t\u00eb bekuar, si bekim dhe shpres\u00ebtari, duke pir\u00eb nga ky uj\u00eb, duke sp\u00ebrkatur me t\u00eb sht\u00ebpit\u00eb, dyqanet, arat etj. K\u00ebt\u00eb uj\u00eb ata e mbajn\u00eb gjat\u00eb gjith\u00eb vitit n\u00eb sht\u00ebpi p\u00ebr bekim dhe sh\u00ebrim. N\u00eb fund ata uruan nj\u00ebri-tjetrin edhe p\u00ebr nj\u00eb vit t\u00eb bekuar.&nbsp;&nbsp;&nbsp;&nbsp;<\/span><\/div>\n<\/td>\n<td>\n<div><span style=\"color: #000000; font-family: helvetica; font-size: 12pt;\"><img decoding=\"async\" class=\"lazyload HAa Eha\" style=\"border-width: 1px; border-style: solid; margin: 10px auto; display: block;\" alt=\"\" src=\"data:image\/gif;base64,R0lGODlhAQABAAAAACH5BAEKAAEALAAAAAABAAEAAAICTAEAOw==\" data-orig-src=\"https:\/\/lh4.googleusercontent.com\/-tD-PRwCbNUc\/VIg5Uq9DcMI\/AAAAAAAAGAA\/JRgOuR-CpW0\/w370-h278-no\/untitled6.jpg\" \/><\/span><\/div>\n<\/td>\n<\/tr>\n<tr>\n<td>\n<div><span style=\"font-family: helvetica; font-size: 12pt;\"><\/span><\/div>\n<div><span style=\"font-family: helvetica; font-size: 12pt;\"><\/span><\/div>\n<div><span style=\"color: #000000; font-family: helvetica; font-size: 12pt;\"><strong>Thoma \u00c7om\u00ebni<\/strong><\/span><\/div>\n<\/td>\n<\/tr>\n<\/tbody>\n<\/table>\n<p>&nbsp;<\/p>\n","protected":false},"excerpt":{"rendered":"<p>&nbsp;&nbsp;&nbsp; Kisha k\u00ebt\u00eb dit\u00eb kremtoi Shfaqjen e Per\u00ebndis\u00eb n\u00eb bot\u00eb si Trini (Ati, Biri e Shpirti i Shenjt\u00eb) n\u00eb momentin e Pag\u00ebzimit t\u00eb Jisu Krishtit: Ati me an\u00eb t\u00eb d\u00ebshmis\u00eb s\u00eb Tij s\u00eb lartazi: &#8220;Ky \u00ebsht\u00eb biri im i&nbsp;dashur, n\u00eb t\u00eb cilin jam i k\u00ebnaqur&#8221;, Biri i Per\u00ebndis\u00eb i b\u00ebr\u00eb njeri q\u00eb po pag\u00ebzohet dhe Shpirti i&nbsp;Shenjte, duke zbritur n\u00eb form\u00eb p\u00ebllumbi. &nbsp;&nbsp;&nbsp; Gjithashtu Pag\u00ebzimi<\/p>\n","protected":false},"author":1,"featured_media":0,"comment_status":"open","ping_status":"open","sticky":false,"template":"","format":"standard","meta":{"_acf_changed":false,"pagelayer_contact_templates":[],"_pagelayer_content":"","inline_featured_image":false,"fifu_image_url":"","fifu_image_alt":"","footnotes":""},"categories":[108],"tags":[147,157,196,212,193],"class_list":["post-165","post","type-post","status-publish","format-standard","hentry","category-lajme","tag-147","tag-kremtime","tag-tirane","tag-lajme-d27","tag-uji-i-bekuar"],"acf":[],"yoast_head":"<!-- This site is optimized with the Yoast SEO plugin v27.2 - https:\/\/yoast.com\/product\/yoast-seo-wordpress\/ -->\n<title>Durr\u00ebs - Festohet e kremtja e Theofanis\u00eb. (6 Janar 2007) - Kisha Orthodh\u03bfkse Autoqefale e Shqip\u00ebris\u00eb<\/title>\n<meta name=\"robots\" content=\"index, follow, max-snippet:-1, max-image-preview:large, max-video-preview:-1\" \/>\n<link rel=\"canonical\" href=\"https:\/\/orthodoxalbania.org\/2020\/2007\/02\/26\/durres-festohet-e-kremtja-e-theofanise-janar-07\/\" \/>\n<meta property=\"og:locale\" content=\"en_US\" \/>\n<meta property=\"og:type\" content=\"article\" \/>\n<meta property=\"og:title\" content=\"Durr\u00ebs - Festohet e kremtja e Theofanis\u00eb. (6 Janar 2007) - Kisha Orthodh\u03bfkse Autoqefale e Shqip\u00ebris\u00eb\" \/>\n<meta property=\"og:description\" content=\"&nbsp;&nbsp;&nbsp; Kisha k\u00ebt\u00eb dit\u00eb kremtoi Shfaqjen e Per\u00ebndis\u00eb n\u00eb bot\u00eb si Trini (Ati, Biri e Shpirti i Shenjt\u00eb) n\u00eb momentin e Pag\u00ebzimit t\u00eb Jisu Krishtit: Ati me an\u00eb t\u00eb d\u00ebshmis\u00eb s\u00eb Tij s\u00eb lartazi: &#8220;Ky \u00ebsht\u00eb biri im i&nbsp;dashur, n\u00eb t\u00eb cilin jam i k\u00ebnaqur&#8221;, Biri i Per\u00ebndis\u00eb i b\u00ebr\u00eb njeri q\u00eb po pag\u00ebzohet dhe Shpirti i&nbsp;Shenjte, duke zbritur n\u00eb form\u00eb p\u00ebllumbi. &nbsp;&nbsp;&nbsp; Gjithashtu Pag\u00ebzimi\" \/>\n<meta property=\"og:url\" content=\"https:\/\/orthodoxalbania.org\/2020\/2007\/02\/26\/durres-festohet-e-kremtja-e-theofanise-janar-07\/\" \/>\n<meta property=\"og:site_name\" content=\"Kisha Orthodh\u03bfkse Autoqefale e Shqip\u00ebris\u00eb\" \/>\n<meta property=\"article:publisher\" content=\"https:\/\/www.facebook.com\/koash1991\" \/>\n<meta property=\"article:published_time\" content=\"2007-02-26T00:00:00+00:00\" \/>\n<meta property=\"article:modified_time\" content=\"2020-04-06T20:35:38+00:00\" \/>\n<meta property=\"og:image\" content=\"https:\/\/lh6.googleusercontent.com\/-vgOAFJ6i0DM\/VIg5Td7OZCI\/AAAAAAAAGAI\/OUN1wTMNpqE\/w370-h278-no\/untitled1.jpg\" \/>\n<meta name=\"author\" content=\"Kisha Orthodhokse\" \/>\n<meta name=\"twitter:card\" content=\"summary_large_image\" \/>\n<meta name=\"twitter:label1\" content=\"Written by\" \/>\n\t<meta name=\"twitter:data1\" content=\"Kisha Orthodhokse\" \/>\n\t<meta name=\"twitter:label2\" content=\"Est. reading time\" \/>\n\t<meta name=\"twitter:data2\" content=\"3 minutes\" \/>\n<script type=\"application\/ld+json\" class=\"yoast-schema-graph\">{\"@context\":\"https:\/\/schema.org\",\"@graph\":[{\"@type\":\"Article\",\"@id\":\"https:\/\/orthodoxalbania.org\/2020\/2007\/02\/26\/durres-festohet-e-kremtja-e-theofanise-janar-07\/#article\",\"isPartOf\":{\"@id\":\"https:\/\/orthodoxalbania.org\/2020\/2007\/02\/26\/durres-festohet-e-kremtja-e-theofanise-janar-07\/\"},\"author\":{\"name\":\"Kisha Orthodhokse\",\"@id\":\"https:\/\/orthodoxalbania.org\/2020\/#\/schema\/person\/0c387634a7063ac612d7ed9ce71c7e86\"},\"headline\":\"Durr\u00ebs &#8211; Festohet e kremtja e Theofanis\u00eb. (6 Janar 2007)\",\"datePublished\":\"2007-02-26T00:00:00+00:00\",\"dateModified\":\"2020-04-06T20:35:38+00:00\",\"mainEntityOfPage\":{\"@id\":\"https:\/\/orthodoxalbania.org\/2020\/2007\/02\/26\/durres-festohet-e-kremtja-e-theofanise-janar-07\/\"},\"wordCount\":597,\"commentCount\":0,\"publisher\":{\"@id\":\"https:\/\/orthodoxalbania.org\/2020\/#organization\"},\"image\":{\"@id\":\"https:\/\/orthodoxalbania.org\/2020\/2007\/02\/26\/durres-festohet-e-kremtja-e-theofanise-janar-07\/#primaryimage\"},\"thumbnailUrl\":\"https:\/\/lh6.googleusercontent.com\/-vgOAFJ6i0DM\/VIg5Td7OZCI\/AAAAAAAAGAI\/OUN1wTMNpqE\/w370-h278-no\/untitled1.jpg\",\"keywords\":[\"2007\",\"Kremtime\",\"Kryepiskopata Tiran\u00eb\",\"lajme\",\"Uji i Bekuar\"],\"articleSection\":[\"Lajme\"],\"inLanguage\":\"en-US\"},{\"@type\":\"WebPage\",\"@id\":\"https:\/\/orthodoxalbania.org\/2020\/2007\/02\/26\/durres-festohet-e-kremtja-e-theofanise-janar-07\/\",\"url\":\"https:\/\/orthodoxalbania.org\/2020\/2007\/02\/26\/durres-festohet-e-kremtja-e-theofanise-janar-07\/\",\"name\":\"Durr\u00ebs - Festohet e kremtja e Theofanis\u00eb. (6 Janar 2007) - Kisha Orthodh\u03bfkse Autoqefale e Shqip\u00ebris\u00eb\",\"isPartOf\":{\"@id\":\"https:\/\/orthodoxalbania.org\/2020\/#website\"},\"primaryImageOfPage\":{\"@id\":\"https:\/\/orthodoxalbania.org\/2020\/2007\/02\/26\/durres-festohet-e-kremtja-e-theofanise-janar-07\/#primaryimage\"},\"image\":{\"@id\":\"https:\/\/orthodoxalbania.org\/2020\/2007\/02\/26\/durres-festohet-e-kremtja-e-theofanise-janar-07\/#primaryimage\"},\"thumbnailUrl\":\"https:\/\/lh6.googleusercontent.com\/-vgOAFJ6i0DM\/VIg5Td7OZCI\/AAAAAAAAGAI\/OUN1wTMNpqE\/w370-h278-no\/untitled1.jpg\",\"datePublished\":\"2007-02-26T00:00:00+00:00\",\"dateModified\":\"2020-04-06T20:35:38+00:00\",\"breadcrumb\":{\"@id\":\"https:\/\/orthodoxalbania.org\/2020\/2007\/02\/26\/durres-festohet-e-kremtja-e-theofanise-janar-07\/#breadcrumb\"},\"inLanguage\":\"en-US\",\"potentialAction\":[{\"@type\":\"ReadAction\",\"target\":[\"https:\/\/orthodoxalbania.org\/2020\/2007\/02\/26\/durres-festohet-e-kremtja-e-theofanise-janar-07\/\"]}]},{\"@type\":\"ImageObject\",\"inLanguage\":\"en-US\",\"@id\":\"https:\/\/orthodoxalbania.org\/2020\/2007\/02\/26\/durres-festohet-e-kremtja-e-theofanise-janar-07\/#primaryimage\",\"url\":\"https:\/\/lh6.googleusercontent.com\/-vgOAFJ6i0DM\/VIg5Td7OZCI\/AAAAAAAAGAI\/OUN1wTMNpqE\/w370-h278-no\/untitled1.jpg\",\"contentUrl\":\"https:\/\/lh6.googleusercontent.com\/-vgOAFJ6i0DM\/VIg5Td7OZCI\/AAAAAAAAGAI\/OUN1wTMNpqE\/w370-h278-no\/untitled1.jpg\"},{\"@type\":\"BreadcrumbList\",\"@id\":\"https:\/\/orthodoxalbania.org\/2020\/2007\/02\/26\/durres-festohet-e-kremtja-e-theofanise-janar-07\/#breadcrumb\",\"itemListElement\":[{\"@type\":\"ListItem\",\"position\":1,\"name\":\"Home\",\"item\":\"https:\/\/orthodoxalbania.org\/2020\/\"},{\"@type\":\"ListItem\",\"position\":2,\"name\":\"Durr\u00ebs &#8211; Festohet e kremtja e Theofanis\u00eb. (6 Janar 2007)\"}]},{\"@type\":\"WebSite\",\"@id\":\"https:\/\/orthodoxalbania.org\/2020\/#website\",\"url\":\"https:\/\/orthodoxalbania.org\/2020\/\",\"name\":\"Kisha Orthodh\u03bfkse Autoqefale e Shqip\u00ebris\u00eb\",\"description\":\"Fqja Zyrtare e Kish\u00ebs Orthodhokse Autoqefale e Shqip\u00ebris\u00eb me lajmet edhe informacionet zyrtare p\u00ebr struktur\u00ebn edhe veprimtarin e saj.\",\"publisher\":{\"@id\":\"https:\/\/orthodoxalbania.org\/2020\/#organization\"},\"potentialAction\":[{\"@type\":\"SearchAction\",\"target\":{\"@type\":\"EntryPoint\",\"urlTemplate\":\"https:\/\/orthodoxalbania.org\/2020\/?s={search_term_string}\"},\"query-input\":{\"@type\":\"PropertyValueSpecification\",\"valueRequired\":true,\"valueName\":\"search_term_string\"}}],\"inLanguage\":\"en-US\"},{\"@type\":\"Organization\",\"@id\":\"https:\/\/orthodoxalbania.org\/2020\/#organization\",\"name\":\"Kisha Orthodhokse Autoqefale e Shqip\u00ebris\u00eb\",\"url\":\"https:\/\/orthodoxalbania.org\/2020\/\",\"logo\":{\"@type\":\"ImageObject\",\"inLanguage\":\"en-US\",\"@id\":\"https:\/\/orthodoxalbania.org\/2020\/#\/schema\/logo\/image\/\",\"url\":\"https:\/\/orthodoxalbania.org\/2020\/wp-content\/uploads\/2020\/05\/albania.jpeg\",\"contentUrl\":\"https:\/\/orthodoxalbania.org\/2020\/wp-content\/uploads\/2020\/05\/albania.jpeg\",\"width\":540,\"height\":540,\"caption\":\"Kisha Orthodhokse Autoqefale e Shqip\u00ebris\u00eb\"},\"image\":{\"@id\":\"https:\/\/orthodoxalbania.org\/2020\/#\/schema\/logo\/image\/\"},\"sameAs\":[\"https:\/\/www.facebook.com\/koash1991\"]},{\"@type\":\"Person\",\"@id\":\"https:\/\/orthodoxalbania.org\/2020\/#\/schema\/person\/0c387634a7063ac612d7ed9ce71c7e86\",\"name\":\"Kisha Orthodhokse\",\"image\":{\"@type\":\"ImageObject\",\"inLanguage\":\"en-US\",\"@id\":\"https:\/\/secure.gravatar.com\/avatar\/596e7c417251e30f2fbb9c00e026fce61a695a00e51c889caded71c96cbbdde5?s=96&d=mm&r=g\",\"url\":\"https:\/\/secure.gravatar.com\/avatar\/596e7c417251e30f2fbb9c00e026fce61a695a00e51c889caded71c96cbbdde5?s=96&d=mm&r=g\",\"contentUrl\":\"https:\/\/secure.gravatar.com\/avatar\/596e7c417251e30f2fbb9c00e026fce61a695a00e51c889caded71c96cbbdde5?s=96&d=mm&r=g\",\"caption\":\"Kisha Orthodhokse\"}}]}<\/script>\n<!-- \/ Yoast SEO plugin. -->","yoast_head_json":{"title":"Durr\u00ebs - Festohet e kremtja e Theofanis\u00eb. (6 Janar 2007) - Kisha Orthodh\u03bfkse Autoqefale e Shqip\u00ebris\u00eb","robots":{"index":"index","follow":"follow","max-snippet":"max-snippet:-1","max-image-preview":"max-image-preview:large","max-video-preview":"max-video-preview:-1"},"canonical":"https:\/\/orthodoxalbania.org\/2020\/2007\/02\/26\/durres-festohet-e-kremtja-e-theofanise-janar-07\/","og_locale":"en_US","og_type":"article","og_title":"Durr\u00ebs - Festohet e kremtja e Theofanis\u00eb. (6 Janar 2007) - Kisha Orthodh\u03bfkse Autoqefale e Shqip\u00ebris\u00eb","og_description":"&nbsp;&nbsp;&nbsp; Kisha k\u00ebt\u00eb dit\u00eb kremtoi Shfaqjen e Per\u00ebndis\u00eb n\u00eb bot\u00eb si Trini (Ati, Biri e Shpirti i Shenjt\u00eb) n\u00eb momentin e Pag\u00ebzimit t\u00eb Jisu Krishtit: Ati me an\u00eb t\u00eb d\u00ebshmis\u00eb s\u00eb Tij s\u00eb lartazi: &#8220;Ky \u00ebsht\u00eb biri im i&nbsp;dashur, n\u00eb t\u00eb cilin jam i k\u00ebnaqur&#8221;, Biri i Per\u00ebndis\u00eb i b\u00ebr\u00eb njeri q\u00eb po pag\u00ebzohet dhe Shpirti i&nbsp;Shenjte, duke zbritur n\u00eb form\u00eb p\u00ebllumbi. &nbsp;&nbsp;&nbsp; Gjithashtu Pag\u00ebzimi","og_url":"https:\/\/orthodoxalbania.org\/2020\/2007\/02\/26\/durres-festohet-e-kremtja-e-theofanise-janar-07\/","og_site_name":"Kisha Orthodh\u03bfkse Autoqefale e Shqip\u00ebris\u00eb","article_publisher":"https:\/\/www.facebook.com\/koash1991","article_published_time":"2007-02-26T00:00:00+00:00","article_modified_time":"2020-04-06T20:35:38+00:00","og_image":[{"url":"https:\/\/lh6.googleusercontent.com\/-vgOAFJ6i0DM\/VIg5Td7OZCI\/AAAAAAAAGAI\/OUN1wTMNpqE\/w370-h278-no\/untitled1.jpg","type":"","width":"","height":""}],"author":"Kisha Orthodhokse","twitter_card":"summary_large_image","twitter_misc":{"Written by":"Kisha Orthodhokse","Est. reading time":"3 minutes"},"schema":{"@context":"https:\/\/schema.org","@graph":[{"@type":"Article","@id":"https:\/\/orthodoxalbania.org\/2020\/2007\/02\/26\/durres-festohet-e-kremtja-e-theofanise-janar-07\/#article","isPartOf":{"@id":"https:\/\/orthodoxalbania.org\/2020\/2007\/02\/26\/durres-festohet-e-kremtja-e-theofanise-janar-07\/"},"author":{"name":"Kisha Orthodhokse","@id":"https:\/\/orthodoxalbania.org\/2020\/#\/schema\/person\/0c387634a7063ac612d7ed9ce71c7e86"},"headline":"Durr\u00ebs &#8211; Festohet e kremtja e Theofanis\u00eb. (6 Janar 2007)","datePublished":"2007-02-26T00:00:00+00:00","dateModified":"2020-04-06T20:35:38+00:00","mainEntityOfPage":{"@id":"https:\/\/orthodoxalbania.org\/2020\/2007\/02\/26\/durres-festohet-e-kremtja-e-theofanise-janar-07\/"},"wordCount":597,"commentCount":0,"publisher":{"@id":"https:\/\/orthodoxalbania.org\/2020\/#organization"},"image":{"@id":"https:\/\/orthodoxalbania.org\/2020\/2007\/02\/26\/durres-festohet-e-kremtja-e-theofanise-janar-07\/#primaryimage"},"thumbnailUrl":"https:\/\/lh6.googleusercontent.com\/-vgOAFJ6i0DM\/VIg5Td7OZCI\/AAAAAAAAGAI\/OUN1wTMNpqE\/w370-h278-no\/untitled1.jpg","keywords":["2007","Kremtime","Kryepiskopata Tiran\u00eb","lajme","Uji i Bekuar"],"articleSection":["Lajme"],"inLanguage":"en-US"},{"@type":"WebPage","@id":"https:\/\/orthodoxalbania.org\/2020\/2007\/02\/26\/durres-festohet-e-kremtja-e-theofanise-janar-07\/","url":"https:\/\/orthodoxalbania.org\/2020\/2007\/02\/26\/durres-festohet-e-kremtja-e-theofanise-janar-07\/","name":"Durr\u00ebs - Festohet e kremtja e Theofanis\u00eb. (6 Janar 2007) - Kisha Orthodh\u03bfkse Autoqefale e Shqip\u00ebris\u00eb","isPartOf":{"@id":"https:\/\/orthodoxalbania.org\/2020\/#website"},"primaryImageOfPage":{"@id":"https:\/\/orthodoxalbania.org\/2020\/2007\/02\/26\/durres-festohet-e-kremtja-e-theofanise-janar-07\/#primaryimage"},"image":{"@id":"https:\/\/orthodoxalbania.org\/2020\/2007\/02\/26\/durres-festohet-e-kremtja-e-theofanise-janar-07\/#primaryimage"},"thumbnailUrl":"https:\/\/lh6.googleusercontent.com\/-vgOAFJ6i0DM\/VIg5Td7OZCI\/AAAAAAAAGAI\/OUN1wTMNpqE\/w370-h278-no\/untitled1.jpg","datePublished":"2007-02-26T00:00:00+00:00","dateModified":"2020-04-06T20:35:38+00:00","breadcrumb":{"@id":"https:\/\/orthodoxalbania.org\/2020\/2007\/02\/26\/durres-festohet-e-kremtja-e-theofanise-janar-07\/#breadcrumb"},"inLanguage":"en-US","potentialAction":[{"@type":"ReadAction","target":["https:\/\/orthodoxalbania.org\/2020\/2007\/02\/26\/durres-festohet-e-kremtja-e-theofanise-janar-07\/"]}]},{"@type":"ImageObject","inLanguage":"en-US","@id":"https:\/\/orthodoxalbania.org\/2020\/2007\/02\/26\/durres-festohet-e-kremtja-e-theofanise-janar-07\/#primaryimage","url":"https:\/\/lh6.googleusercontent.com\/-vgOAFJ6i0DM\/VIg5Td7OZCI\/AAAAAAAAGAI\/OUN1wTMNpqE\/w370-h278-no\/untitled1.jpg","contentUrl":"https:\/\/lh6.googleusercontent.com\/-vgOAFJ6i0DM\/VIg5Td7OZCI\/AAAAAAAAGAI\/OUN1wTMNpqE\/w370-h278-no\/untitled1.jpg"},{"@type":"BreadcrumbList","@id":"https:\/\/orthodoxalbania.org\/2020\/2007\/02\/26\/durres-festohet-e-kremtja-e-theofanise-janar-07\/#breadcrumb","itemListElement":[{"@type":"ListItem","position":1,"name":"Home","item":"https:\/\/orthodoxalbania.org\/2020\/"},{"@type":"ListItem","position":2,"name":"Durr\u00ebs &#8211; Festohet e kremtja e Theofanis\u00eb. (6 Janar 2007)"}]},{"@type":"WebSite","@id":"https:\/\/orthodoxalbania.org\/2020\/#website","url":"https:\/\/orthodoxalbania.org\/2020\/","name":"Kisha Orthodh\u03bfkse Autoqefale e Shqip\u00ebris\u00eb","description":"Fqja Zyrtare e Kish\u00ebs Orthodhokse Autoqefale e Shqip\u00ebris\u00eb me lajmet edhe informacionet zyrtare p\u00ebr struktur\u00ebn edhe veprimtarin e saj.","publisher":{"@id":"https:\/\/orthodoxalbania.org\/2020\/#organization"},"potentialAction":[{"@type":"SearchAction","target":{"@type":"EntryPoint","urlTemplate":"https:\/\/orthodoxalbania.org\/2020\/?s={search_term_string}"},"query-input":{"@type":"PropertyValueSpecification","valueRequired":true,"valueName":"search_term_string"}}],"inLanguage":"en-US"},{"@type":"Organization","@id":"https:\/\/orthodoxalbania.org\/2020\/#organization","name":"Kisha Orthodhokse Autoqefale e Shqip\u00ebris\u00eb","url":"https:\/\/orthodoxalbania.org\/2020\/","logo":{"@type":"ImageObject","inLanguage":"en-US","@id":"https:\/\/orthodoxalbania.org\/2020\/#\/schema\/logo\/image\/","url":"https:\/\/orthodoxalbania.org\/2020\/wp-content\/uploads\/2020\/05\/albania.jpeg","contentUrl":"https:\/\/orthodoxalbania.org\/2020\/wp-content\/uploads\/2020\/05\/albania.jpeg","width":540,"height":540,"caption":"Kisha Orthodhokse Autoqefale e Shqip\u00ebris\u00eb"},"image":{"@id":"https:\/\/orthodoxalbania.org\/2020\/#\/schema\/logo\/image\/"},"sameAs":["https:\/\/www.facebook.com\/koash1991"]},{"@type":"Person","@id":"https:\/\/orthodoxalbania.org\/2020\/#\/schema\/person\/0c387634a7063ac612d7ed9ce71c7e86","name":"Kisha Orthodhokse","image":{"@type":"ImageObject","inLanguage":"en-US","@id":"https:\/\/secure.gravatar.com\/avatar\/596e7c417251e30f2fbb9c00e026fce61a695a00e51c889caded71c96cbbdde5?s=96&d=mm&r=g","url":"https:\/\/secure.gravatar.com\/avatar\/596e7c417251e30f2fbb9c00e026fce61a695a00e51c889caded71c96cbbdde5?s=96&d=mm&r=g","contentUrl":"https:\/\/secure.gravatar.com\/avatar\/596e7c417251e30f2fbb9c00e026fce61a695a00e51c889caded71c96cbbdde5?s=96&d=mm&r=g","caption":"Kisha Orthodhokse"}}]}},"_links":{"self":[{"href":"https:\/\/orthodoxalbania.org\/2020\/wp-json\/wp\/v2\/posts\/165","targetHints":{"allow":["GET"]}}],"collection":[{"href":"https:\/\/orthodoxalbania.org\/2020\/wp-json\/wp\/v2\/posts"}],"about":[{"href":"https:\/\/orthodoxalbania.org\/2020\/wp-json\/wp\/v2\/types\/post"}],"author":[{"embeddable":true,"href":"https:\/\/orthodoxalbania.org\/2020\/wp-json\/wp\/v2\/users\/1"}],"replies":[{"embeddable":true,"href":"https:\/\/orthodoxalbania.org\/2020\/wp-json\/wp\/v2\/comments?post=165"}],"version-history":[{"count":1,"href":"https:\/\/orthodoxalbania.org\/2020\/wp-json\/wp\/v2\/posts\/165\/revisions"}],"predecessor-version":[{"id":15731,"href":"https:\/\/orthodoxalbania.org\/2020\/wp-json\/wp\/v2\/posts\/165\/revisions\/15731"}],"wp:attachment":[{"href":"https:\/\/orthodoxalbania.org\/2020\/wp-json\/wp\/v2\/media?parent=165"}],"wp:term":[{"taxonomy":"category","embeddable":true,"href":"https:\/\/orthodoxalbania.org\/2020\/wp-json\/wp\/v2\/categories?post=165"},{"taxonomy":"post_tag","embeddable":true,"href":"https:\/\/orthodoxalbania.org\/2020\/wp-json\/wp\/v2\/tags?post=165"}],"curies":[{"name":"wp","href":"https:\/\/api.w.org\/{rel}","templated":true}]}}