{"id":163,"date":"2015-01-26T09:48:59","date_gmt":"2015-01-26T09:48:59","guid":{"rendered":""},"modified":"2020-04-06T22:02:19","modified_gmt":"2020-04-06T20:02:19","slug":"doli-ne-qarkullim-gazeta-ngjallja-e-muajit-janar-2015","status":"publish","type":"post","link":"https:\/\/orthodoxalbania.org\/2020\/2015\/01\/26\/doli-ne-qarkullim-gazeta-ngjallja-e-muajit-janar-2015\/","title":{"rendered":"Doli n\u00eb qarkullim gazeta &#8220;Ngjallja&#8221; e muajit janar 2015."},"content":{"rendered":"<p style=\"text-align: center;\"><span style=\"color: #800000;\"><span style=\"font-family: helvetica; font-size: 12pt;\"><\/span><\/span><\/p>\n<p> <\/p>\n<p style=\"text-align: center;\"><span style=\"color: #800000;\"><span style=\"font-family: helvetica; font-size: 12pt;\"><strong>&nbsp;<\/strong><strong>Doli n\u00eb qarkullim gazeta &#8220;Ngjallja&#8221; e muajit janar 2015.<\/strong><\/span><\/span><\/p>\n<p style=\"text-align: center;\">&nbsp;<\/p>\n<p style=\"text-align: center;\"><span style=\"color: #800000;\"><span style=\"font-family: helvetica; font-size: 12pt;\"> <strong>N\u00eb k\u00ebt\u00eb num\u00ebr do t\u00eb lexoni:<\/strong><\/span><span style=\"font-size: 12pt; font-family: helvetica;\"><\/span><\/span><\/p>\n<p style=\"text-align: center;\">&nbsp;<\/p>\n<p style=\"text-align: justify;\"><span style=\"color: #000000; font-size: 12pt; font-family: helvetica;\">&#8211; T\u00eb mahnitshme jan\u00eb nd\u00ebrhyrjet e Per\u00ebndis\u00eb Kap\u00ebrcimi i s\u00eb pamundur\u00ebs &#8211; Mesazhi i Krishtlindjes i Kryepiskopit Anastas, Dhjetor 2014<\/span><\/p>\n<p style=\"text-align: justify;\"><span style=\"color: #000000; font-size: 12pt; font-family: helvetica;\">&#8211; Shkolla e Lart\u00eb \u201cLogos\u201d ndan diplomat<\/span><\/p>\n<p style=\"text-align: justify;\"><span style=\"color: #000000; font-size: 12pt; font-family: helvetica;\">&#8211; \u201c&#8230;U s\u00ebmura dhe erdh\u00ebt t\u00eb m\u00eb shihni&#8230;\u201d (Mtth. 25:32-40) &#8211; nga Armand Oga<\/span><\/p>\n<p style=\"text-align: justify;\"><span style=\"color: #000000; font-size: 12pt; font-family: helvetica;\">&#8211; Hirotoni n\u00eb t\u00eb kremten e Sh\u00ebn Anastas Persianit<\/span><\/p>\n<p style=\"text-align: justify;\"><span style=\"color: #000000; font-size: 12pt; font-family: helvetica;\">&#8211; Jet\u00eb e gjall\u00eb n\u00eb shkollat e Kish\u00ebs &#8211; nga Korrespondenti i \u201cNgjallja\u201d<\/span><\/p>\n<p style=\"text-align: justify;\"><span style=\"color: #000000; font-size: 12pt; font-family: helvetica;\">&#8211; Apostulli i shenjt\u00eb Timothe (22 janar)<\/span><\/p>\n<p style=\"text-align: justify;\"><span style=\"color: #000000; font-size: 12pt; font-family: helvetica;\">&#8211; Danaks Anagnosti, nga Vlora (16 janar)<\/span><\/p>\n<p style=\"text-align: justify;\"><span style=\"color: #000000; font-size: 12pt; font-family: helvetica;\">&#8211; Kremtim plot drit\u00eb i Ujit t\u00eb Bekuar pavar\u00ebsisht temperaturave t\u00eb ul\u00ebta<\/span><\/p>\n<p style=\"text-align: justify;\"><span style=\"color: #000000; font-size: 12pt; font-family: helvetica;\">&#8211; Nga Mesazhi i urimit i Papa Franceskut me rastin e Krishtlindjes<\/span><\/p>\n<p style=\"text-align: justify;\"><span style=\"color: #000000; font-size: 12pt; font-family: helvetica;\">&#8211; Nga Mesazhi i urimit i Patriarkut Ekumenik, Vartholomeu I, me rastin e Krishtlindjes<\/span><\/p>\n<p style=\"text-align: justify;\"><span style=\"color: #000000; font-size: 12pt; font-family: helvetica;\">&#8211; Krishtlindje plot lutje dhe dashuri &#8211; nga Korrespondenti i \u201cNgjallja\u201d<\/span><\/p>\n<p style=\"text-align: justify;\"><span style=\"color: #000000; font-size: 12pt; font-family: helvetica;\">&#8211; Atentat ndaj familjes dhe vlerave tradicionale komb\u00ebtare<\/span><\/p>\n<p style=\"text-align: justify;\"><span style=\"color: #000000; font-size: 12pt; font-family: helvetica;\">&#8211; Takim i p\u00ebrvitsh\u00ebm studentor n\u00eb Mitropolin\u00eb e Gjirokastr\u00ebs &#8211; nga Gabriela Dalipi<\/span><\/p>\n<p style=\"text-align: justify;\"><span style=\"color: #000000; font-size: 12pt; font-family: helvetica;\">&#8211; KONTRIBUTI I KRISHTERIMIT N\u00cb EVOLUIMIN E MENDIMIT HISTORIK DHE N\u00cb HISTORIOGRAFI &#8211; nga Thoma Shkira, pedagog<\/span><\/p>\n<p style=\"text-align: justify;\"><span style=\"color: #000000; font-size: 12pt; font-family: helvetica;\">&#8211; Kalendari i Liturgjive Hyjnore, SHKURT 2015<\/span><\/p>\n<p style=\"text-align: justify;\"><span style=\"color: #000000; font-size: 12pt; font-family: helvetica;\">&#8211; Masakra dhe djegie kishash n\u00eb Nigeri<\/span><\/p>\n<p style=\"text-align: justify;\"><span style=\"color: #000000; font-size: 12pt; font-family: helvetica;\">&#8211; T\u00eb promovojm\u00eb moralin e krishter\u00eb kund\u00ebr dhun\u00ebs<\/span><\/p>\n<p style=\"text-align: justify;\"><span style=\"color: #000000; font-size: 12pt; font-family: helvetica;\">&#8211; Th\u00ebnie nga m\u00ebsuesit e shk\u00eblqyer ekumenik\u00eb<\/span><\/p>\n<p style=\"text-align: justify;\"><span style=\"color: #000000; font-size: 12pt; font-family: helvetica;\">&#8211; Si u vendos e kremtja e Tre Hierark\u00ebve<\/span><\/p>\n<p style=\"text-align: justify;\"><span style=\"color: #000000; font-size: 12pt; font-family: helvetica;\">&#8211; Njoftim i Lidhjes s\u00eb Intelektual\u00ebve Orthodhoks\u00eb t\u00eb Shqip\u00ebris\u00eb<\/span><\/p>\n<p style=\"text-align: justify;\">&nbsp;<\/p>\n<p style=\"text-align: justify;\">&nbsp;<\/p>\n<p><span style=\"font-family: helvetica; font-size: 12pt;\"><span style=\"color: #000000;\"><strong><img decoding=\"async\" class=\"lazyload HAa Eha cke-resize\" style=\"border-width: 1px; border-style: solid; margin: 10px auto; display: block;\" alt=\"\" src=\"data:image\/svg+xml,%3Csvg%20xmlns%3D%27http%3A%2F%2Fwww.w3.org%2F2000%2Fsvg%27%20width%3D%27542%27%20height%3D%27758%27%20viewBox%3D%270%200%20542%20758%27%3E%3Crect%20width%3D%27542%27%20height%3D%27758%27%20fill-opacity%3D%220%22%2F%3E%3C%2Fsvg%3E\" data-orig-src=\"https:\/\/lh3.googleusercontent.com\/-BD5QbRzoKAI\/VMYMD-oWitI\/AAAAAAAALDg\/m0uF0-V6iKE\/w588-h823-no\/per%2Binternet.jpg\" height=\"758\" width=\"542\" \/><\/strong><\/span><\/span><\/p>\n<p id=\"ckimgrsz\" style=\"left: 18px; top: 18px;\">&nbsp;<\/p>\n<div class=\"preview\"><span style=\"font-size: 12pt; font-family: helvetica;\"><\/span><\/div>\n<p>&nbsp;<\/p>\n","protected":false},"excerpt":{"rendered":"<p>&nbsp;Doli n\u00eb qarkullim gazeta &#8220;Ngjallja&#8221; e muajit janar 2015. &nbsp; N\u00eb k\u00ebt\u00eb num\u00ebr do t\u00eb lexoni: &nbsp; &#8211; T\u00eb mahnitshme jan\u00eb nd\u00ebrhyrjet e Per\u00ebndis\u00eb Kap\u00ebrcimi i s\u00eb pamundur\u00ebs &#8211; Mesazhi i Krishtlindjes i Kryepiskopit Anastas, Dhjetor 2014 &#8211; Shkolla e Lart\u00eb \u201cLogos\u201d ndan diplomat &#8211; \u201c&#8230;U s\u00ebmura dhe erdh\u00ebt t\u00eb m\u00eb shihni&#8230;\u201d (Mtth. 25:32-40) &#8211; nga Armand Oga &#8211; Hirotoni n\u00eb t\u00eb kremten e Sh\u00ebn<\/p>\n","protected":false},"author":1,"featured_media":164,"comment_status":"open","ping_status":"open","sticky":false,"template":"","format":"standard","meta":{"_acf_changed":false,"pagelayer_contact_templates":[],"_pagelayer_content":"","inline_featured_image":false,"fifu_image_url":"","fifu_image_alt":"","footnotes":""},"categories":[108],"tags":[139,161,196,212,607],"class_list":["post-163","post","type-post","status-publish","format-standard","has-post-thumbnail","hentry","category-lajme","tag-139","tag-gazeta-ngjallja","tag-tirane","tag-lajme-d27","tag-promovimepublikime"],"acf":[],"yoast_head":"<!-- This site is optimized with the Yoast SEO plugin v27.2 - https:\/\/yoast.com\/product\/yoast-seo-wordpress\/ -->\n<title>Doli n\u00eb qarkullim gazeta &quot;Ngjallja&quot; e muajit janar 2015. - Kisha Orthodh\u03bfkse Autoqefale e Shqip\u00ebris\u00eb<\/title>\n<meta name=\"robots\" content=\"index, follow, max-snippet:-1, max-image-preview:large, max-video-preview:-1\" \/>\n<link rel=\"canonical\" href=\"https:\/\/orthodoxalbania.org\/2020\/2015\/01\/26\/doli-ne-qarkullim-gazeta-ngjallja-e-muajit-janar-2015\/\" \/>\n<meta property=\"og:locale\" content=\"en_US\" \/>\n<meta property=\"og:type\" content=\"article\" \/>\n<meta property=\"og:title\" content=\"Doli n\u00eb qarkullim gazeta &quot;Ngjallja&quot; e muajit janar 2015. - Kisha Orthodh\u03bfkse Autoqefale e Shqip\u00ebris\u00eb\" \/>\n<meta property=\"og:description\" content=\"&nbsp;Doli n\u00eb qarkullim gazeta &#8220;Ngjallja&#8221; e muajit janar 2015. &nbsp; N\u00eb k\u00ebt\u00eb num\u00ebr do t\u00eb lexoni: &nbsp; &#8211; T\u00eb mahnitshme jan\u00eb nd\u00ebrhyrjet e Per\u00ebndis\u00eb Kap\u00ebrcimi i s\u00eb pamundur\u00ebs &#8211; Mesazhi i Krishtlindjes i Kryepiskopit Anastas, Dhjetor 2014 &#8211; Shkolla e Lart\u00eb \u201cLogos\u201d ndan diplomat &#8211; \u201c&#8230;U s\u00ebmura dhe erdh\u00ebt t\u00eb m\u00eb shihni&#8230;\u201d (Mtth. 25:32-40) &#8211; nga Armand Oga &#8211; Hirotoni n\u00eb t\u00eb kremten e Sh\u00ebn\" \/>\n<meta property=\"og:url\" content=\"https:\/\/orthodoxalbania.org\/2020\/2015\/01\/26\/doli-ne-qarkullim-gazeta-ngjallja-e-muajit-janar-2015\/\" \/>\n<meta property=\"og:site_name\" content=\"Kisha Orthodh\u03bfkse Autoqefale e Shqip\u00ebris\u00eb\" \/>\n<meta property=\"article:publisher\" content=\"https:\/\/www.facebook.com\/koash1991\" \/>\n<meta property=\"article:published_time\" content=\"2015-01-26T09:48:59+00:00\" \/>\n<meta property=\"article:modified_time\" content=\"2020-04-06T20:02:19+00:00\" \/>\n<meta property=\"og:image\" content=\"https:\/\/orthodoxalbania.org\/2020\/wp-content\/uploads\/2020\/04\/per%2Binternet.jpg\" \/>\n\t<meta property=\"og:image:width\" content=\"150\" \/>\n\t<meta property=\"og:image:height\" content=\"150\" \/>\n\t<meta property=\"og:image:type\" content=\"image\/jpeg\" \/>\n<meta name=\"author\" content=\"Kisha Orthodhokse\" \/>\n<meta name=\"twitter:card\" content=\"summary_large_image\" \/>\n<meta name=\"twitter:label1\" content=\"Written by\" \/>\n\t<meta name=\"twitter:data1\" content=\"Kisha Orthodhokse\" \/>\n\t<meta name=\"twitter:label2\" content=\"Est. reading time\" \/>\n\t<meta name=\"twitter:data2\" content=\"1 minute\" \/>\n<script type=\"application\/ld+json\" class=\"yoast-schema-graph\">{\"@context\":\"https:\/\/schema.org\",\"@graph\":[{\"@type\":\"Article\",\"@id\":\"https:\/\/orthodoxalbania.org\/2020\/2015\/01\/26\/doli-ne-qarkullim-gazeta-ngjallja-e-muajit-janar-2015\/#article\",\"isPartOf\":{\"@id\":\"https:\/\/orthodoxalbania.org\/2020\/2015\/01\/26\/doli-ne-qarkullim-gazeta-ngjallja-e-muajit-janar-2015\/\"},\"author\":{\"name\":\"Kisha Orthodhokse\",\"@id\":\"https:\/\/orthodoxalbania.org\/2020\/#\/schema\/person\/0c387634a7063ac612d7ed9ce71c7e86\"},\"headline\":\"Doli n\u00eb qarkullim gazeta &#8220;Ngjallja&#8221; e muajit janar 2015.\",\"datePublished\":\"2015-01-26T09:48:59+00:00\",\"dateModified\":\"2020-04-06T20:02:19+00:00\",\"mainEntityOfPage\":{\"@id\":\"https:\/\/orthodoxalbania.org\/2020\/2015\/01\/26\/doli-ne-qarkullim-gazeta-ngjallja-e-muajit-janar-2015\/\"},\"wordCount\":260,\"commentCount\":0,\"publisher\":{\"@id\":\"https:\/\/orthodoxalbania.org\/2020\/#organization\"},\"image\":{\"@id\":\"https:\/\/orthodoxalbania.org\/2020\/2015\/01\/26\/doli-ne-qarkullim-gazeta-ngjallja-e-muajit-janar-2015\/#primaryimage\"},\"thumbnailUrl\":\"https:\/\/orthodoxalbania.org\/2020\/wp-content\/uploads\/2020\/04\/per%2Binternet.jpg\",\"keywords\":[\"2015\",\"Gazeta \\\"Ngjallja\\\"\",\"Kryepiskopata Tiran\u00eb\",\"lajme\",\"PromovimePublikime\"],\"articleSection\":[\"Lajme\"],\"inLanguage\":\"en-US\"},{\"@type\":\"WebPage\",\"@id\":\"https:\/\/orthodoxalbania.org\/2020\/2015\/01\/26\/doli-ne-qarkullim-gazeta-ngjallja-e-muajit-janar-2015\/\",\"url\":\"https:\/\/orthodoxalbania.org\/2020\/2015\/01\/26\/doli-ne-qarkullim-gazeta-ngjallja-e-muajit-janar-2015\/\",\"name\":\"Doli n\u00eb qarkullim gazeta \\\"Ngjallja\\\" e muajit janar 2015. - Kisha Orthodh\u03bfkse Autoqefale e Shqip\u00ebris\u00eb\",\"isPartOf\":{\"@id\":\"https:\/\/orthodoxalbania.org\/2020\/#website\"},\"primaryImageOfPage\":{\"@id\":\"https:\/\/orthodoxalbania.org\/2020\/2015\/01\/26\/doli-ne-qarkullim-gazeta-ngjallja-e-muajit-janar-2015\/#primaryimage\"},\"image\":{\"@id\":\"https:\/\/orthodoxalbania.org\/2020\/2015\/01\/26\/doli-ne-qarkullim-gazeta-ngjallja-e-muajit-janar-2015\/#primaryimage\"},\"thumbnailUrl\":\"https:\/\/orthodoxalbania.org\/2020\/wp-content\/uploads\/2020\/04\/per%2Binternet.jpg\",\"datePublished\":\"2015-01-26T09:48:59+00:00\",\"dateModified\":\"2020-04-06T20:02:19+00:00\",\"breadcrumb\":{\"@id\":\"https:\/\/orthodoxalbania.org\/2020\/2015\/01\/26\/doli-ne-qarkullim-gazeta-ngjallja-e-muajit-janar-2015\/#breadcrumb\"},\"inLanguage\":\"en-US\",\"potentialAction\":[{\"@type\":\"ReadAction\",\"target\":[\"https:\/\/orthodoxalbania.org\/2020\/2015\/01\/26\/doli-ne-qarkullim-gazeta-ngjallja-e-muajit-janar-2015\/\"]}]},{\"@type\":\"ImageObject\",\"inLanguage\":\"en-US\",\"@id\":\"https:\/\/orthodoxalbania.org\/2020\/2015\/01\/26\/doli-ne-qarkullim-gazeta-ngjallja-e-muajit-janar-2015\/#primaryimage\",\"url\":\"https:\/\/orthodoxalbania.org\/2020\/wp-content\/uploads\/2020\/04\/per%2Binternet.jpg\",\"contentUrl\":\"https:\/\/orthodoxalbania.org\/2020\/wp-content\/uploads\/2020\/04\/per%2Binternet.jpg\",\"width\":150,\"height\":150},{\"@type\":\"BreadcrumbList\",\"@id\":\"https:\/\/orthodoxalbania.org\/2020\/2015\/01\/26\/doli-ne-qarkullim-gazeta-ngjallja-e-muajit-janar-2015\/#breadcrumb\",\"itemListElement\":[{\"@type\":\"ListItem\",\"position\":1,\"name\":\"Home\",\"item\":\"https:\/\/orthodoxalbania.org\/2020\/\"},{\"@type\":\"ListItem\",\"position\":2,\"name\":\"Doli n\u00eb qarkullim gazeta &#8220;Ngjallja&#8221; e muajit janar 2015.\"}]},{\"@type\":\"WebSite\",\"@id\":\"https:\/\/orthodoxalbania.org\/2020\/#website\",\"url\":\"https:\/\/orthodoxalbania.org\/2020\/\",\"name\":\"Kisha Orthodh\u03bfkse Autoqefale e Shqip\u00ebris\u00eb\",\"description\":\"Fqja Zyrtare e Kish\u00ebs Orthodhokse Autoqefale e Shqip\u00ebris\u00eb me lajmet edhe informacionet zyrtare p\u00ebr struktur\u00ebn edhe veprimtarin e saj.\",\"publisher\":{\"@id\":\"https:\/\/orthodoxalbania.org\/2020\/#organization\"},\"potentialAction\":[{\"@type\":\"SearchAction\",\"target\":{\"@type\":\"EntryPoint\",\"urlTemplate\":\"https:\/\/orthodoxalbania.org\/2020\/?s={search_term_string}\"},\"query-input\":{\"@type\":\"PropertyValueSpecification\",\"valueRequired\":true,\"valueName\":\"search_term_string\"}}],\"inLanguage\":\"en-US\"},{\"@type\":\"Organization\",\"@id\":\"https:\/\/orthodoxalbania.org\/2020\/#organization\",\"name\":\"Kisha Orthodhokse Autoqefale e Shqip\u00ebris\u00eb\",\"url\":\"https:\/\/orthodoxalbania.org\/2020\/\",\"logo\":{\"@type\":\"ImageObject\",\"inLanguage\":\"en-US\",\"@id\":\"https:\/\/orthodoxalbania.org\/2020\/#\/schema\/logo\/image\/\",\"url\":\"https:\/\/orthodoxalbania.org\/2020\/wp-content\/uploads\/2020\/05\/albania.jpeg\",\"contentUrl\":\"https:\/\/orthodoxalbania.org\/2020\/wp-content\/uploads\/2020\/05\/albania.jpeg\",\"width\":540,\"height\":540,\"caption\":\"Kisha Orthodhokse Autoqefale e Shqip\u00ebris\u00eb\"},\"image\":{\"@id\":\"https:\/\/orthodoxalbania.org\/2020\/#\/schema\/logo\/image\/\"},\"sameAs\":[\"https:\/\/www.facebook.com\/koash1991\"]},{\"@type\":\"Person\",\"@id\":\"https:\/\/orthodoxalbania.org\/2020\/#\/schema\/person\/0c387634a7063ac612d7ed9ce71c7e86\",\"name\":\"Kisha Orthodhokse\",\"image\":{\"@type\":\"ImageObject\",\"inLanguage\":\"en-US\",\"@id\":\"https:\/\/secure.gravatar.com\/avatar\/596e7c417251e30f2fbb9c00e026fce61a695a00e51c889caded71c96cbbdde5?s=96&d=mm&r=g\",\"url\":\"https:\/\/secure.gravatar.com\/avatar\/596e7c417251e30f2fbb9c00e026fce61a695a00e51c889caded71c96cbbdde5?s=96&d=mm&r=g\",\"contentUrl\":\"https:\/\/secure.gravatar.com\/avatar\/596e7c417251e30f2fbb9c00e026fce61a695a00e51c889caded71c96cbbdde5?s=96&d=mm&r=g\",\"caption\":\"Kisha Orthodhokse\"}}]}<\/script>\n<!-- \/ Yoast SEO plugin. -->","yoast_head_json":{"title":"Doli n\u00eb qarkullim gazeta \"Ngjallja\" e muajit janar 2015. - Kisha Orthodh\u03bfkse Autoqefale e Shqip\u00ebris\u00eb","robots":{"index":"index","follow":"follow","max-snippet":"max-snippet:-1","max-image-preview":"max-image-preview:large","max-video-preview":"max-video-preview:-1"},"canonical":"https:\/\/orthodoxalbania.org\/2020\/2015\/01\/26\/doli-ne-qarkullim-gazeta-ngjallja-e-muajit-janar-2015\/","og_locale":"en_US","og_type":"article","og_title":"Doli n\u00eb qarkullim gazeta \"Ngjallja\" e muajit janar 2015. - Kisha Orthodh\u03bfkse Autoqefale e Shqip\u00ebris\u00eb","og_description":"&nbsp;Doli n\u00eb qarkullim gazeta &#8220;Ngjallja&#8221; e muajit janar 2015. &nbsp; N\u00eb k\u00ebt\u00eb num\u00ebr do t\u00eb lexoni: &nbsp; &#8211; T\u00eb mahnitshme jan\u00eb nd\u00ebrhyrjet e Per\u00ebndis\u00eb Kap\u00ebrcimi i s\u00eb pamundur\u00ebs &#8211; Mesazhi i Krishtlindjes i Kryepiskopit Anastas, Dhjetor 2014 &#8211; Shkolla e Lart\u00eb \u201cLogos\u201d ndan diplomat &#8211; \u201c&#8230;U s\u00ebmura dhe erdh\u00ebt t\u00eb m\u00eb shihni&#8230;\u201d (Mtth. 25:32-40) &#8211; nga Armand Oga &#8211; Hirotoni n\u00eb t\u00eb kremten e Sh\u00ebn","og_url":"https:\/\/orthodoxalbania.org\/2020\/2015\/01\/26\/doli-ne-qarkullim-gazeta-ngjallja-e-muajit-janar-2015\/","og_site_name":"Kisha Orthodh\u03bfkse Autoqefale e Shqip\u00ebris\u00eb","article_publisher":"https:\/\/www.facebook.com\/koash1991","article_published_time":"2015-01-26T09:48:59+00:00","article_modified_time":"2020-04-06T20:02:19+00:00","og_image":[{"width":150,"height":150,"url":"https:\/\/orthodoxalbania.org\/2020\/wp-content\/uploads\/2020\/04\/per%2Binternet.jpg","type":"image\/jpeg"}],"author":"Kisha Orthodhokse","twitter_card":"summary_large_image","twitter_misc":{"Written by":"Kisha Orthodhokse","Est. reading time":"1 minute"},"schema":{"@context":"https:\/\/schema.org","@graph":[{"@type":"Article","@id":"https:\/\/orthodoxalbania.org\/2020\/2015\/01\/26\/doli-ne-qarkullim-gazeta-ngjallja-e-muajit-janar-2015\/#article","isPartOf":{"@id":"https:\/\/orthodoxalbania.org\/2020\/2015\/01\/26\/doli-ne-qarkullim-gazeta-ngjallja-e-muajit-janar-2015\/"},"author":{"name":"Kisha Orthodhokse","@id":"https:\/\/orthodoxalbania.org\/2020\/#\/schema\/person\/0c387634a7063ac612d7ed9ce71c7e86"},"headline":"Doli n\u00eb qarkullim gazeta &#8220;Ngjallja&#8221; e muajit janar 2015.","datePublished":"2015-01-26T09:48:59+00:00","dateModified":"2020-04-06T20:02:19+00:00","mainEntityOfPage":{"@id":"https:\/\/orthodoxalbania.org\/2020\/2015\/01\/26\/doli-ne-qarkullim-gazeta-ngjallja-e-muajit-janar-2015\/"},"wordCount":260,"commentCount":0,"publisher":{"@id":"https:\/\/orthodoxalbania.org\/2020\/#organization"},"image":{"@id":"https:\/\/orthodoxalbania.org\/2020\/2015\/01\/26\/doli-ne-qarkullim-gazeta-ngjallja-e-muajit-janar-2015\/#primaryimage"},"thumbnailUrl":"https:\/\/orthodoxalbania.org\/2020\/wp-content\/uploads\/2020\/04\/per%2Binternet.jpg","keywords":["2015","Gazeta \"Ngjallja\"","Kryepiskopata Tiran\u00eb","lajme","PromovimePublikime"],"articleSection":["Lajme"],"inLanguage":"en-US"},{"@type":"WebPage","@id":"https:\/\/orthodoxalbania.org\/2020\/2015\/01\/26\/doli-ne-qarkullim-gazeta-ngjallja-e-muajit-janar-2015\/","url":"https:\/\/orthodoxalbania.org\/2020\/2015\/01\/26\/doli-ne-qarkullim-gazeta-ngjallja-e-muajit-janar-2015\/","name":"Doli n\u00eb qarkullim gazeta \"Ngjallja\" e muajit janar 2015. - Kisha Orthodh\u03bfkse Autoqefale e Shqip\u00ebris\u00eb","isPartOf":{"@id":"https:\/\/orthodoxalbania.org\/2020\/#website"},"primaryImageOfPage":{"@id":"https:\/\/orthodoxalbania.org\/2020\/2015\/01\/26\/doli-ne-qarkullim-gazeta-ngjallja-e-muajit-janar-2015\/#primaryimage"},"image":{"@id":"https:\/\/orthodoxalbania.org\/2020\/2015\/01\/26\/doli-ne-qarkullim-gazeta-ngjallja-e-muajit-janar-2015\/#primaryimage"},"thumbnailUrl":"https:\/\/orthodoxalbania.org\/2020\/wp-content\/uploads\/2020\/04\/per%2Binternet.jpg","datePublished":"2015-01-26T09:48:59+00:00","dateModified":"2020-04-06T20:02:19+00:00","breadcrumb":{"@id":"https:\/\/orthodoxalbania.org\/2020\/2015\/01\/26\/doli-ne-qarkullim-gazeta-ngjallja-e-muajit-janar-2015\/#breadcrumb"},"inLanguage":"en-US","potentialAction":[{"@type":"ReadAction","target":["https:\/\/orthodoxalbania.org\/2020\/2015\/01\/26\/doli-ne-qarkullim-gazeta-ngjallja-e-muajit-janar-2015\/"]}]},{"@type":"ImageObject","inLanguage":"en-US","@id":"https:\/\/orthodoxalbania.org\/2020\/2015\/01\/26\/doli-ne-qarkullim-gazeta-ngjallja-e-muajit-janar-2015\/#primaryimage","url":"https:\/\/orthodoxalbania.org\/2020\/wp-content\/uploads\/2020\/04\/per%2Binternet.jpg","contentUrl":"https:\/\/orthodoxalbania.org\/2020\/wp-content\/uploads\/2020\/04\/per%2Binternet.jpg","width":150,"height":150},{"@type":"BreadcrumbList","@id":"https:\/\/orthodoxalbania.org\/2020\/2015\/01\/26\/doli-ne-qarkullim-gazeta-ngjallja-e-muajit-janar-2015\/#breadcrumb","itemListElement":[{"@type":"ListItem","position":1,"name":"Home","item":"https:\/\/orthodoxalbania.org\/2020\/"},{"@type":"ListItem","position":2,"name":"Doli n\u00eb qarkullim gazeta &#8220;Ngjallja&#8221; e muajit janar 2015."}]},{"@type":"WebSite","@id":"https:\/\/orthodoxalbania.org\/2020\/#website","url":"https:\/\/orthodoxalbania.org\/2020\/","name":"Kisha Orthodh\u03bfkse Autoqefale e Shqip\u00ebris\u00eb","description":"Fqja Zyrtare e Kish\u00ebs Orthodhokse Autoqefale e Shqip\u00ebris\u00eb me lajmet edhe informacionet zyrtare p\u00ebr struktur\u00ebn edhe veprimtarin e saj.","publisher":{"@id":"https:\/\/orthodoxalbania.org\/2020\/#organization"},"potentialAction":[{"@type":"SearchAction","target":{"@type":"EntryPoint","urlTemplate":"https:\/\/orthodoxalbania.org\/2020\/?s={search_term_string}"},"query-input":{"@type":"PropertyValueSpecification","valueRequired":true,"valueName":"search_term_string"}}],"inLanguage":"en-US"},{"@type":"Organization","@id":"https:\/\/orthodoxalbania.org\/2020\/#organization","name":"Kisha Orthodhokse Autoqefale e Shqip\u00ebris\u00eb","url":"https:\/\/orthodoxalbania.org\/2020\/","logo":{"@type":"ImageObject","inLanguage":"en-US","@id":"https:\/\/orthodoxalbania.org\/2020\/#\/schema\/logo\/image\/","url":"https:\/\/orthodoxalbania.org\/2020\/wp-content\/uploads\/2020\/05\/albania.jpeg","contentUrl":"https:\/\/orthodoxalbania.org\/2020\/wp-content\/uploads\/2020\/05\/albania.jpeg","width":540,"height":540,"caption":"Kisha Orthodhokse Autoqefale e Shqip\u00ebris\u00eb"},"image":{"@id":"https:\/\/orthodoxalbania.org\/2020\/#\/schema\/logo\/image\/"},"sameAs":["https:\/\/www.facebook.com\/koash1991"]},{"@type":"Person","@id":"https:\/\/orthodoxalbania.org\/2020\/#\/schema\/person\/0c387634a7063ac612d7ed9ce71c7e86","name":"Kisha Orthodhokse","image":{"@type":"ImageObject","inLanguage":"en-US","@id":"https:\/\/secure.gravatar.com\/avatar\/596e7c417251e30f2fbb9c00e026fce61a695a00e51c889caded71c96cbbdde5?s=96&d=mm&r=g","url":"https:\/\/secure.gravatar.com\/avatar\/596e7c417251e30f2fbb9c00e026fce61a695a00e51c889caded71c96cbbdde5?s=96&d=mm&r=g","contentUrl":"https:\/\/secure.gravatar.com\/avatar\/596e7c417251e30f2fbb9c00e026fce61a695a00e51c889caded71c96cbbdde5?s=96&d=mm&r=g","caption":"Kisha Orthodhokse"}}]}},"_links":{"self":[{"href":"https:\/\/orthodoxalbania.org\/2020\/wp-json\/wp\/v2\/posts\/163","targetHints":{"allow":["GET"]}}],"collection":[{"href":"https:\/\/orthodoxalbania.org\/2020\/wp-json\/wp\/v2\/posts"}],"about":[{"href":"https:\/\/orthodoxalbania.org\/2020\/wp-json\/wp\/v2\/types\/post"}],"author":[{"embeddable":true,"href":"https:\/\/orthodoxalbania.org\/2020\/wp-json\/wp\/v2\/users\/1"}],"replies":[{"embeddable":true,"href":"https:\/\/orthodoxalbania.org\/2020\/wp-json\/wp\/v2\/comments?post=163"}],"version-history":[{"count":1,"href":"https:\/\/orthodoxalbania.org\/2020\/wp-json\/wp\/v2\/posts\/163\/revisions"}],"predecessor-version":[{"id":15034,"href":"https:\/\/orthodoxalbania.org\/2020\/wp-json\/wp\/v2\/posts\/163\/revisions\/15034"}],"wp:featuredmedia":[{"embeddable":true,"href":"https:\/\/orthodoxalbania.org\/2020\/wp-json\/wp\/v2\/media\/164"}],"wp:attachment":[{"href":"https:\/\/orthodoxalbania.org\/2020\/wp-json\/wp\/v2\/media?parent=163"}],"wp:term":[{"taxonomy":"category","embeddable":true,"href":"https:\/\/orthodoxalbania.org\/2020\/wp-json\/wp\/v2\/categories?post=163"},{"taxonomy":"post_tag","embeddable":true,"href":"https:\/\/orthodoxalbania.org\/2020\/wp-json\/wp\/v2\/tags?post=163"}],"curies":[{"name":"wp","href":"https:\/\/api.w.org\/{rel}","templated":true}]}}