{"id":162,"date":"2007-02-26T00:00:00","date_gmt":"2007-02-26T00:00:00","guid":{"rendered":""},"modified":"2020-04-06T22:35:36","modified_gmt":"2020-04-06T20:35:36","slug":"diplomohen-studentet-e-vitit-te-katert-2007-te-akademise-teologjike-ngjallja-e-krishtit-qershor-2007","status":"publish","type":"post","link":"https:\/\/orthodoxalbania.org\/2020\/2007\/02\/26\/diplomohen-studentet-e-vitit-te-katert-2007-te-akademise-teologjike-ngjallja-e-krishtit-qershor-2007\/","title":{"rendered":"Diplomohen student\u00ebt e vitit t\u00eb kat\u00ebrt  2007 t\u00eb Akademis\u00eb Teologjike \u201cNgjallja e Krishtit\u201d. (Qershor 2007)"},"content":{"rendered":"<p><span style=\"color: #000000; font-family: helvetica;\"><span style=\"font-size: 12px;\"><img decoding=\"async\" class=\"lazyload HAa Eha\" style=\"border-width: 1px; border-style: solid; margin: 10px auto; display: block;\" alt=\"\" src=\"data:image\/gif;base64,R0lGODlhAQABAAAAACH5BAEKAAEALAAAAAABAAEAAAICTAEAOw==\" data-orig-src=\"https:\/\/lh3.googleusercontent.com\/-ySCU6Gvom1k\/VIl7VuPWkjI\/AAAAAAAAGaU\/AtsgHpsbW7w\/w400-h266-no\/pic1.jpg\" \/><\/span><\/span><\/p>\n<p style=\"text-align: center;\"><span style=\"color: #000000; font-family: helvetica; font-size: 12pt;\">\u201cJeta juaj b\u00ebn pjes\u00eb n\u00eb planin e madh t\u00eb Per\u00ebndis\u00eb\u201d<\/span><br \/><span style=\"font-family: helvetica; font-size: 12pt;\"> &nbsp;<\/span><\/p>\n<table id=\"AutoNumber3\" style=\"width: 895px; height: 2010px; margin-right: auto; margin-left: auto;\">\n<tbody>\n<tr>\n<td>\n<p style=\"text-align: justify;\"><span style=\"color: #000000; font-family: helvetica; font-size: 12pt;\">&nbsp;&nbsp;&nbsp; Data 14 qershor ishte nj\u00eb dit\u00eb e ve\u00e7ant\u00eb p\u00ebr student\u00ebt e vitit IV t\u00eb Akademis\u00eb Teologjike \u201cNgjallja e Krishtit\u201d n\u00eb Manastirin e Sh\u00ebn Vlashit n\u00eb Durr\u00ebs. E filluan dit\u00ebn me Liturgjin\u00eb Hyjnore t\u00eb kryesuar nga Hir\u00ebsi Ilia Ketri, drejtor i Akademis\u00eb dhe bashk\u00ebmeshonin, Hir\u00ebsi Nikolla, At Kozmai, At Gjerasimi, At Emanueli, dhjakon Spiro, etj.<\/span><\/p>\n<\/td>\n<td><span style=\"color: #000000; font-family: helvetica; font-size: 12pt;\"><img decoding=\"async\" class=\"lazyload HAa Eha\" style=\"border-width: 1px; border-style: solid; margin: 10px auto; display: block;\" alt=\"\" src=\"data:image\/svg+xml,%3Csvg%20xmlns%3D%27http%3A%2F%2Fwww.w3.org%2F2000%2Fsvg%27%20width%3D%27291%27%20height%3D%27203%27%20viewBox%3D%270%200%20291%20203%27%3E%3Crect%20width%3D%27291%27%20height%3D%27203%27%20fill-opacity%3D%220%22%2F%3E%3C%2Fsvg%3E\" data-orig-src=\"https:\/\/lh4.googleusercontent.com\/-peegjpJi1Qo\/VIl7V8-IBtI\/AAAAAAAAGaE\/14IHOu8E32Q\/w400-h279-no\/pic2dj.jpg\" height=\"203\" width=\"291\" \/><\/span><\/td>\n<\/tr>\n<tr>\n<td>\n<p><span style=\"color: #000000; font-family: helvetica; font-size: 12pt;\"><img decoding=\"async\" class=\"lazyload HAa Eha\" style=\"border-width: 1px; border-style: solid; margin: 10px auto; display: block;\" alt=\"\" src=\"data:image\/gif;base64,R0lGODlhAQABAAAAACH5BAEKAAEALAAAAAABAAEAAAICTAEAOw==\" data-orig-src=\"https:\/\/lh5.googleusercontent.com\/-t45MGdAyils\/VIl7V9bXsEI\/AAAAAAAAGaI\/0LjwGO-E5vA\/w400-h266-no\/pic3mj.jpg\" \/><\/span><\/p>\n<\/td>\n<td>\n<p style=\"text-align: justify;\"><span style=\"color: #000000; font-family: helvetica; font-size: 12pt;\">&nbsp;&nbsp;&nbsp; Studentja e shk\u00eblqyer q\u00eb p\u00ebrfundoi sivjet vitin e kat\u00ebrt, Athina Agora, i shprehu k\u00ebshtu emocionet e saj n\u00eb nj\u00eb intervist\u00eb p\u00ebr radion \u201cNgjallja\u201d: \u201c\u2026 Gjat\u00eb k\u00ebtyre dit\u00ebve jam ndjer\u00eb shum\u00eb e emocionuar. \u00c7do provim q\u00eb jepja n\u00eb sezon, mendoja m\u00eb shum\u00eb largim nga shkolla. Kjo m\u00eb shtonte emocionet.<\/span><\/p>\n<\/td>\n<\/tr>\n<tr>\n<td>\n<p style=\"text-align: justify;\"><span style=\"color: #000000; font-family: helvetica; font-size: 12pt;\">&nbsp;&nbsp;&nbsp; P\u00ebr t\u00eb gjith\u00eb student\u00ebt q\u00eb jan\u00eb n\u00eb shkoll\u00eb dhe sidomos p\u00ebr ata q\u00eb do t\u00eb vijn\u00eb m\u00eb pas, do t\u00eb jepja nj\u00eb mesazh: nuk \u00ebsht\u00eb e r\u00ebnd\u00ebsishme vet\u00ebm q\u00eb do t\u00eb m\u00ebsojn\u00eb disa gj\u00ebra rreth Krishtit k\u00ebtu n\u00eb shkoll\u00eb. M\u00eb e r\u00ebnd\u00ebsishme \u00ebsht\u00eb q\u00eb t\u00eb m\u00ebsojn\u00eb t\u00eb jetojn\u00eb me Krishtin. K\u00ebt\u00eb ta kujtojn\u00eb gjat\u00eb gjith\u00eb jet\u00ebs s\u00eb tyre.\u201d<\/span><\/p>\n<\/td>\n<td>\n<p><span style=\"color: #000000; font-family: helvetica; font-size: 12pt;\"><img decoding=\"async\" class=\"lazyload HAa Eha\" style=\"border-width: 1px; border-style: solid; margin: 10px auto; display: block;\" alt=\"\" src=\"data:image\/svg+xml,%3Csvg%20xmlns%3D%27http%3A%2F%2Fwww.w3.org%2F2000%2Fsvg%27%20width%3D%27284%27%20height%3D%27207%27%20viewBox%3D%270%200%20284%20207%27%3E%3Crect%20width%3D%27284%27%20height%3D%27207%27%20fill-opacity%3D%220%22%2F%3E%3C%2Fsvg%3E\" data-orig-src=\"https:\/\/lh3.googleusercontent.com\/-CVyiKRuhWEw\/VIl7WLHYyAI\/AAAAAAAAGak\/7Z3MNJZnbzI\/w400-h291-no\/pic4dj.jpg\" height=\"207\" width=\"284\" \/><\/span><\/p>\n<\/td>\n<\/tr>\n<tr>\n<td>\n<p><span style=\"color: #000000; font-family: helvetica; font-size: 12pt;\"><img decoding=\"async\" class=\"lazyload HAa Eha\" style=\"border-width: 1px; border-style: solid; margin: 10px auto; display: block;\" alt=\"\" src=\"data:image\/gif;base64,R0lGODlhAQABAAAAACH5BAEKAAEALAAAAAABAAEAAAICTAEAOw==\" data-orig-src=\"https:\/\/lh3.googleusercontent.com\/-oQMlXts0O_Q\/VIl7WKSodoI\/AAAAAAAAGaQ\/tlRVuNidSTk\/w400-h266-no\/pic5mj.jpg\" \/><\/span><\/p>\n<\/td>\n<td>\n<p style=\"text-align: justify;\"><span style=\"color: #000000; font-family: helvetica; font-size: 12pt;\">&nbsp;&nbsp;&nbsp; N\u00eb or\u00ebt e mesdit\u00ebs, t\u00eb gjith\u00eb s\u00eb bashku; klerik\u00eb, pedagog\u00eb, student\u00eb, prind\u00ebr dhe t\u00eb ftuar t\u00eb tjer\u00eb, dol\u00ebn p\u00ebr t\u00eb pritur Kryepiskopin e Tiran\u00eb, Durr\u00ebsit dhe gjith\u00eb Shqip\u00ebris\u00eb, Fortlumturin\u00eb e Tij, Imzot Anastasin.<\/span><\/p>\n<\/td>\n<\/tr>\n<tr>\n<td>\n<p style=\"text-align: justify;\"><span style=\"color: #000000; font-family: helvetica; font-size: 12pt;\">&nbsp;&nbsp;&nbsp;&nbsp; N\u00eb koh\u00ebn kur ishin mbledhur n\u00eb sall\u00eb dhe po psalnin<br \/> \u201cI bekuar je o Krisht, Per\u00ebndia jon\u00eb, q\u00eb i tregove peshkatar\u00ebt t\u00eb gjith\u00eb urt\u00eb duke u d\u00ebrguar Shpirtin e Shenjt\u00eb\u2026\u201d hyri shum\u00eb thjesht dhe i qeshur Kryepiskopi Anastas dhe t\u00eb gjith\u00eb menj\u00ebher\u00eb psal\u00ebn himnin e Kryepiskopit. Momente t\u00eb bukura, t\u00eb mbushura me madh\u00ebshtin\u00eb q\u00eb rrezaton dashuria p\u00ebr Zotin dhe thjesht\u00ebsia q\u00eb transmeton kjo dashuri.<\/span><\/p>\n<\/td>\n<td>\n<p><span style=\"color: #000000; font-family: helvetica; font-size: 12pt;\"><img decoding=\"async\" class=\"lazyload HAa Eha\" style=\"border-width: 1px; border-style: solid; margin: 10px auto; display: block;\" alt=\"\" src=\"data:image\/svg+xml,%3Csvg%20xmlns%3D%27http%3A%2F%2Fwww.w3.org%2F2000%2Fsvg%27%20width%3D%27311%27%20height%3D%27207%27%20viewBox%3D%270%200%20311%20207%27%3E%3Crect%20width%3D%27311%27%20height%3D%27207%27%20fill-opacity%3D%220%22%2F%3E%3C%2Fsvg%3E\" data-orig-src=\"https:\/\/lh3.googleusercontent.com\/-3GDlfF0A58U\/VIl7WWLLfzI\/AAAAAAAAGao\/MZqYixWwHNA\/w400-h266-no\/pic6dj.jpg\" height=\"207\" width=\"311\" \/><\/span><\/p>\n<\/td>\n<\/tr>\n<tr>\n<td>\n<p><span style=\"color: #000000; font-family: helvetica; font-size: 12pt;\"><img decoding=\"async\" class=\"lazyload HAa Eha\" style=\"border-width: 1px; border-style: solid; margin: 10px auto; display: block;\" alt=\"\" src=\"data:image\/gif;base64,R0lGODlhAQABAAAAACH5BAEKAAEALAAAAAABAAEAAAICTAEAOw==\" data-orig-src=\"https:\/\/lh5.googleusercontent.com\/-Y_wrEUY-F_Y\/VIl7WvEgerI\/AAAAAAAAGaY\/l2XyRi1TiUc\/w400-h280-no\/pic7mj.jpg\" \/><\/span><\/p>\n<\/td>\n<td>\n<p style=\"text-align: justify;\"><span style=\"color: #000000; font-family: helvetica; font-size: 12pt;\">&nbsp;&nbsp;&nbsp; Hir\u00ebsi Ilia hapi ceremonin\u00eb me fjal\u00ebn e tij ku nd\u00ebr t\u00eb tjera tha: \u201c\u2026por mbi t\u00eb gjitha, me dashurin\u00eb at\u00ebrore, i cili me shembullin e tij t\u00eb ve\u00e7ant\u00eb na m\u00ebson si t\u00eb kemi dashuri p\u00ebr Per\u00ebndin\u00eb, si t\u00eb praktikojm\u00eb besimin ndaj Zotit Krisht, por edhe si t\u00eb veprojm\u00eb n\u00eb sh\u00ebrbim t\u00eb Kish\u00ebs dhe t\u00eb bashk\u00ebnjeriut. Kryepiskopi Anastas e ngriti k\u00ebt\u00eb Akademi me duart e tij t\u00eb djersira nga puna e r\u00ebnd\u00eb, t\u00eb gjakosur nga sakrificat e panum\u00ebrta. \u00cbsht\u00eb kujdesur p\u00ebr rritjen shpirt\u00ebrore t\u00eb student\u00ebve, p\u00ebr pjekurin\u00eb e tyre shoq\u00ebrore, p\u00ebr zgjerimin e horizonteve t\u00eb tyre mendore, p\u00ebr rehatin\u00eb e tyre fizike dhe interesohet p\u00ebr mir\u00ebndodhjen e \u00e7do personi q\u00eb ka lidhje me k\u00ebt\u00eb Akademi t\u00eb shenjt\u00eb.<\/span><\/p>\n<\/td>\n<\/tr>\n<tr>\n<td dir=\"ltr\" colspan=\"2\">\n<p style=\"text-align: justify;\"><span style=\"color: #000000; font-family: helvetica; font-size: 12pt;\"> &nbsp;&nbsp;&nbsp;&nbsp; E fal\u00ebnderojm\u00eb Per\u00ebndin\u00eb e gjith\u00ebpushtetsh\u00ebm n\u00eb k\u00ebt\u00eb dit\u00eb g\u00ebzimesh q\u00eb e ka bekuar Shqip\u00ebrin\u00eb dhe Kish\u00ebn ton\u00eb me k\u00ebt\u00eb kryebari t\u00eb shquar, t\u00eb duruar, t\u00eb provuar, t\u00eb dalluar. Me lutje t\u00eb p\u00ebrbashk\u00ebta themi: \u201c P\u00ebr shum\u00eb vjet o Kryezot\u201d\u2026 T\u00eb dashur pjes\u00ebtar\u00eb t\u00eb klas\u00ebs 2007, kam nderin t\u2019ju p\u00ebrg\u00ebzoj p\u00ebr diplomimin tuaj dhe i lutem Per\u00ebndis\u00eb q\u00eb t\u2019ju bekoj\u00eb n\u00eb gjith\u00eb p\u00ebrpjekjet tuaja n\u00eb sh\u00ebrbim t\u00eb Kish\u00ebs s\u00eb Krishtit. Mos u ngat\u00ebrroni me jet\u00ebn e bot\u00ebs si sekularist\u00ebt, por imitoni dishepujt e Krishtit q\u00eb lan\u00eb rrjetat e tyre dhe ndiqni Zotin q\u00eb t\u2019ju tregoj\u00eb peshkatar\u00eb njer\u00ebzish\u201d. Ishin tre student\u00eb, t\u00eb cil\u00ebt kan\u00eb arritur rezultatin \u201cShk\u00eblqyesh\u00ebm\u201d: Athina Agora, Sevastani Semini dhe Stefan Zhupa.<\/span><\/p>\n<p style=\"text-align: justify;\"><span style=\"color: #000000; font-family: helvetica; font-size: 12pt;\">&nbsp;&nbsp;&nbsp; N\u00eb p\u00ebrfundim t\u00eb k\u00ebtij udh\u00ebtimi kat\u00ebrvje\u00e7ar t\u00eb student\u00ebve t\u00eb sapodiplomuar, e mori fjal\u00ebn edhe Kryepiskopi Anastas, i cili tha:&nbsp; \u201cBijt\u00eb e mi, nuk \u00ebsht\u00eb thjesht q\u00eb ju keni marr\u00eb nj\u00eb diplom\u00eb, por me kat\u00ebr vitet q\u00eb keni kaluar k\u00ebtu, jeta juaj futet n\u00eb planin e madh q\u00eb ka Per\u00ebndia. \u00cbsht\u00eb shum\u00eb e r\u00ebnd\u00ebsishme q\u00eb ne ta sjellim nd\u00ebrmend k\u00ebt\u00eb fakt, edhe pse duket q\u00eb ne jemi nj\u00eb grup i vog\u00ebl, por jemi nj\u00eb grup q\u00eb b\u00ebjm\u00eb pjes\u00eb n\u00eb nj\u00eb Kish\u00eb t\u00eb Shenjt\u00eb, Katholike dhe Apostolike. Me seriozitetin e duhur, ne marrim pjes\u00eb n\u00eb rip\u00ebrt\u00ebritjen dhe transformimin e mbar\u00eb bot\u00ebs. Ka r\u00ebnd\u00ebsi q\u00eb ne ta mendojm\u00eb k\u00ebt\u00eb fakt q\u00eb ne t\u00eb g\u00ebzohemi p\u00ebr misionin ton\u00eb dhe q\u00eb t\u2019i rezistojm\u00eb v\u00ebshtir\u00ebsive dhe tundimeve q\u00eb na ka ruajtur jeta m\u00eb von\u00eb. T\u00eb gjith\u00eb jemi t\u00eb vyer p\u00ebr Kish\u00ebn. Dua t\u2019ju uroj me gjith\u00eb zem\u00ebr q\u00eb jeta juaj t\u00eb jet\u00eb gjithmon\u00eb plot me pranin\u00eb e Krishtit, plot me rrezatimin e Shpirtit t\u00eb Shenjt\u00eb, plot me aktivitet dhe me frytshm\u00ebri. Dua t\u00eb them at\u00eb q\u00eb shpesh e p\u00ebrs\u00ebris dhe q\u00eb p\u00ebrb\u00ebn dhe mb\u00ebshtetjen ton\u00eb.\u201d<\/span><\/p>\n<p style=\"text-align: justify;\"><span style=\"color: #000000; font-family: helvetica; font-size: 12pt;\">&nbsp;&nbsp;&nbsp; T\u00eb gjith\u00eb kaluan s\u00eb bashku drek\u00ebn n\u00eb sall\u00ebn e ngr\u00ebnies s\u00eb Akademis\u00eb, ku harmonia, k\u00ebng\u00ebt, kujtimet e student\u00ebve dhe prind\u00ebrve t\u00eb tyre e b\u00ebn\u00eb m\u00eb t\u00eb ngroht\u00eb k\u00ebt\u00eb dit\u00eb t\u00eb bukur jo vet\u00ebm p\u00ebr t\u00eb diplomuarit, por edhe p\u00ebr t\u00eb pranishmit e tjer\u00eb.<\/span><br \/><span style=\"font-family: helvetica; font-size: 12pt;\"> &nbsp;<\/span><\/p>\n<p><span style=\"font-family: helvetica; font-size: 12pt;\"><\/span><\/p>\n<p><span style=\"color: #000000; font-family: helvetica; font-size: 12pt;\"><strong>&nbsp;&nbsp; Julia Pjetri&nbsp; <\/strong><\/span><\/p>\n<\/td>\n<\/tr>\n<\/tbody>\n<\/table>\n<p>&nbsp;<\/p>\n","protected":false},"excerpt":{"rendered":"<p>\u201cJeta juaj b\u00ebn pjes\u00eb n\u00eb planin e madh t\u00eb Per\u00ebndis\u00eb\u201d &nbsp; &nbsp;&nbsp;&nbsp; Data 14 qershor ishte nj\u00eb dit\u00eb e ve\u00e7ant\u00eb p\u00ebr student\u00ebt e vitit IV t\u00eb Akademis\u00eb Teologjike \u201cNgjallja e Krishtit\u201d n\u00eb Manastirin e Sh\u00ebn Vlashit n\u00eb Durr\u00ebs. E filluan dit\u00ebn me Liturgjin\u00eb Hyjnore t\u00eb kryesuar nga Hir\u00ebsi Ilia Ketri, drejtor i Akademis\u00eb dhe bashk\u00ebmeshonin, Hir\u00ebsi Nikolla, At Kozmai, At Gjerasimi, At Emanueli, dhjakon Spiro,<\/p>\n","protected":false},"author":1,"featured_media":0,"comment_status":"open","ping_status":"open","sticky":false,"template":"","format":"standard","meta":{"_acf_changed":false,"pagelayer_contact_templates":[],"_pagelayer_content":"","inline_featured_image":false,"fifu_image_url":"","fifu_image_alt":"","footnotes":""},"categories":[108],"tags":[147,169,168,196,201,212],"class_list":["post-162","post","type-post","status-publish","format-standard","hentry","category-lajme","tag-147","tag-akademia-teologjike","tag-diplomime","tag-tirane","tag-kryepiskopi-anastas","tag-lajme-d27"],"acf":[],"yoast_head":"<!-- This site is optimized with the Yoast SEO plugin v27.2 - https:\/\/yoast.com\/product\/yoast-seo-wordpress\/ -->\n<title>Diplomohen student\u00ebt e vitit t\u00eb kat\u00ebrt 2007 t\u00eb Akademis\u00eb Teologjike \u201cNgjallja e Krishtit\u201d. (Qershor 2007) - Kisha Orthodh\u03bfkse Autoqefale e Shqip\u00ebris\u00eb<\/title>\n<meta name=\"robots\" content=\"index, follow, max-snippet:-1, max-image-preview:large, max-video-preview:-1\" \/>\n<link rel=\"canonical\" href=\"https:\/\/orthodoxalbania.org\/2020\/2007\/02\/26\/diplomohen-studentet-e-vitit-te-katert-2007-te-akademise-teologjike-ngjallja-e-krishtit-qershor-2007\/\" \/>\n<meta property=\"og:locale\" content=\"en_US\" \/>\n<meta property=\"og:type\" content=\"article\" \/>\n<meta property=\"og:title\" content=\"Diplomohen student\u00ebt e vitit t\u00eb kat\u00ebrt 2007 t\u00eb Akademis\u00eb Teologjike \u201cNgjallja e Krishtit\u201d. (Qershor 2007) - Kisha Orthodh\u03bfkse Autoqefale e Shqip\u00ebris\u00eb\" \/>\n<meta property=\"og:description\" content=\"\u201cJeta juaj b\u00ebn pjes\u00eb n\u00eb planin e madh t\u00eb Per\u00ebndis\u00eb\u201d &nbsp; &nbsp;&nbsp;&nbsp; Data 14 qershor ishte nj\u00eb dit\u00eb e ve\u00e7ant\u00eb p\u00ebr student\u00ebt e vitit IV t\u00eb Akademis\u00eb Teologjike \u201cNgjallja e Krishtit\u201d n\u00eb Manastirin e Sh\u00ebn Vlashit n\u00eb Durr\u00ebs. E filluan dit\u00ebn me Liturgjin\u00eb Hyjnore t\u00eb kryesuar nga Hir\u00ebsi Ilia Ketri, drejtor i Akademis\u00eb dhe bashk\u00ebmeshonin, Hir\u00ebsi Nikolla, At Kozmai, At Gjerasimi, At Emanueli, dhjakon Spiro,\" \/>\n<meta property=\"og:url\" content=\"https:\/\/orthodoxalbania.org\/2020\/2007\/02\/26\/diplomohen-studentet-e-vitit-te-katert-2007-te-akademise-teologjike-ngjallja-e-krishtit-qershor-2007\/\" \/>\n<meta property=\"og:site_name\" content=\"Kisha Orthodh\u03bfkse Autoqefale e Shqip\u00ebris\u00eb\" \/>\n<meta property=\"article:publisher\" content=\"https:\/\/www.facebook.com\/koash1991\" \/>\n<meta property=\"article:published_time\" content=\"2007-02-26T00:00:00+00:00\" \/>\n<meta property=\"article:modified_time\" content=\"2020-04-06T20:35:36+00:00\" \/>\n<meta property=\"og:image\" content=\"https:\/\/lh3.googleusercontent.com\/-ySCU6Gvom1k\/VIl7VuPWkjI\/AAAAAAAAGaU\/AtsgHpsbW7w\/w400-h266-no\/pic1.jpg\" \/>\n<meta name=\"author\" content=\"Kisha Orthodhokse\" \/>\n<meta name=\"twitter:card\" content=\"summary_large_image\" \/>\n<meta name=\"twitter:label1\" content=\"Written by\" \/>\n\t<meta name=\"twitter:data1\" content=\"Kisha Orthodhokse\" \/>\n\t<meta name=\"twitter:label2\" content=\"Est. reading time\" \/>\n\t<meta name=\"twitter:data2\" content=\"5 minutes\" \/>\n<script type=\"application\/ld+json\" class=\"yoast-schema-graph\">{\"@context\":\"https:\/\/schema.org\",\"@graph\":[{\"@type\":\"Article\",\"@id\":\"https:\/\/orthodoxalbania.org\/2020\/2007\/02\/26\/diplomohen-studentet-e-vitit-te-katert-2007-te-akademise-teologjike-ngjallja-e-krishtit-qershor-2007\/#article\",\"isPartOf\":{\"@id\":\"https:\/\/orthodoxalbania.org\/2020\/2007\/02\/26\/diplomohen-studentet-e-vitit-te-katert-2007-te-akademise-teologjike-ngjallja-e-krishtit-qershor-2007\/\"},\"author\":{\"name\":\"Kisha Orthodhokse\",\"@id\":\"https:\/\/orthodoxalbania.org\/2020\/#\/schema\/person\/0c387634a7063ac612d7ed9ce71c7e86\"},\"headline\":\"Diplomohen student\u00ebt e vitit t\u00eb kat\u00ebrt 2007 t\u00eb Akademis\u00eb Teologjike \u201cNgjallja e Krishtit\u201d. (Qershor 2007)\",\"datePublished\":\"2007-02-26T00:00:00+00:00\",\"dateModified\":\"2020-04-06T20:35:36+00:00\",\"mainEntityOfPage\":{\"@id\":\"https:\/\/orthodoxalbania.org\/2020\/2007\/02\/26\/diplomohen-studentet-e-vitit-te-katert-2007-te-akademise-teologjike-ngjallja-e-krishtit-qershor-2007\/\"},\"wordCount\":919,\"commentCount\":0,\"publisher\":{\"@id\":\"https:\/\/orthodoxalbania.org\/2020\/#organization\"},\"image\":{\"@id\":\"https:\/\/orthodoxalbania.org\/2020\/2007\/02\/26\/diplomohen-studentet-e-vitit-te-katert-2007-te-akademise-teologjike-ngjallja-e-krishtit-qershor-2007\/#primaryimage\"},\"thumbnailUrl\":\"https:\/\/lh3.googleusercontent.com\/-ySCU6Gvom1k\/VIl7VuPWkjI\/AAAAAAAAGaU\/AtsgHpsbW7w\/w400-h266-no\/pic1.jpg\",\"keywords\":[\"2007\",\"Akademia Teologjike\",\"Diplomime\",\"Kryepiskopata Tiran\u00eb\",\"Kryepiskopi Anastas\",\"lajme\"],\"articleSection\":[\"Lajme\"],\"inLanguage\":\"en-US\"},{\"@type\":\"WebPage\",\"@id\":\"https:\/\/orthodoxalbania.org\/2020\/2007\/02\/26\/diplomohen-studentet-e-vitit-te-katert-2007-te-akademise-teologjike-ngjallja-e-krishtit-qershor-2007\/\",\"url\":\"https:\/\/orthodoxalbania.org\/2020\/2007\/02\/26\/diplomohen-studentet-e-vitit-te-katert-2007-te-akademise-teologjike-ngjallja-e-krishtit-qershor-2007\/\",\"name\":\"Diplomohen student\u00ebt e vitit t\u00eb kat\u00ebrt 2007 t\u00eb Akademis\u00eb Teologjike \u201cNgjallja e Krishtit\u201d. (Qershor 2007) - Kisha Orthodh\u03bfkse Autoqefale e Shqip\u00ebris\u00eb\",\"isPartOf\":{\"@id\":\"https:\/\/orthodoxalbania.org\/2020\/#website\"},\"primaryImageOfPage\":{\"@id\":\"https:\/\/orthodoxalbania.org\/2020\/2007\/02\/26\/diplomohen-studentet-e-vitit-te-katert-2007-te-akademise-teologjike-ngjallja-e-krishtit-qershor-2007\/#primaryimage\"},\"image\":{\"@id\":\"https:\/\/orthodoxalbania.org\/2020\/2007\/02\/26\/diplomohen-studentet-e-vitit-te-katert-2007-te-akademise-teologjike-ngjallja-e-krishtit-qershor-2007\/#primaryimage\"},\"thumbnailUrl\":\"https:\/\/lh3.googleusercontent.com\/-ySCU6Gvom1k\/VIl7VuPWkjI\/AAAAAAAAGaU\/AtsgHpsbW7w\/w400-h266-no\/pic1.jpg\",\"datePublished\":\"2007-02-26T00:00:00+00:00\",\"dateModified\":\"2020-04-06T20:35:36+00:00\",\"breadcrumb\":{\"@id\":\"https:\/\/orthodoxalbania.org\/2020\/2007\/02\/26\/diplomohen-studentet-e-vitit-te-katert-2007-te-akademise-teologjike-ngjallja-e-krishtit-qershor-2007\/#breadcrumb\"},\"inLanguage\":\"en-US\",\"potentialAction\":[{\"@type\":\"ReadAction\",\"target\":[\"https:\/\/orthodoxalbania.org\/2020\/2007\/02\/26\/diplomohen-studentet-e-vitit-te-katert-2007-te-akademise-teologjike-ngjallja-e-krishtit-qershor-2007\/\"]}]},{\"@type\":\"ImageObject\",\"inLanguage\":\"en-US\",\"@id\":\"https:\/\/orthodoxalbania.org\/2020\/2007\/02\/26\/diplomohen-studentet-e-vitit-te-katert-2007-te-akademise-teologjike-ngjallja-e-krishtit-qershor-2007\/#primaryimage\",\"url\":\"https:\/\/lh3.googleusercontent.com\/-ySCU6Gvom1k\/VIl7VuPWkjI\/AAAAAAAAGaU\/AtsgHpsbW7w\/w400-h266-no\/pic1.jpg\",\"contentUrl\":\"https:\/\/lh3.googleusercontent.com\/-ySCU6Gvom1k\/VIl7VuPWkjI\/AAAAAAAAGaU\/AtsgHpsbW7w\/w400-h266-no\/pic1.jpg\"},{\"@type\":\"BreadcrumbList\",\"@id\":\"https:\/\/orthodoxalbania.org\/2020\/2007\/02\/26\/diplomohen-studentet-e-vitit-te-katert-2007-te-akademise-teologjike-ngjallja-e-krishtit-qershor-2007\/#breadcrumb\",\"itemListElement\":[{\"@type\":\"ListItem\",\"position\":1,\"name\":\"Home\",\"item\":\"https:\/\/orthodoxalbania.org\/2020\/\"},{\"@type\":\"ListItem\",\"position\":2,\"name\":\"Diplomohen student\u00ebt e vitit t\u00eb kat\u00ebrt 2007 t\u00eb Akademis\u00eb Teologjike \u201cNgjallja e Krishtit\u201d. (Qershor 2007)\"}]},{\"@type\":\"WebSite\",\"@id\":\"https:\/\/orthodoxalbania.org\/2020\/#website\",\"url\":\"https:\/\/orthodoxalbania.org\/2020\/\",\"name\":\"Kisha Orthodh\u03bfkse Autoqefale e Shqip\u00ebris\u00eb\",\"description\":\"Fqja Zyrtare e Kish\u00ebs Orthodhokse Autoqefale e Shqip\u00ebris\u00eb me lajmet edhe informacionet zyrtare p\u00ebr struktur\u00ebn edhe veprimtarin e saj.\",\"publisher\":{\"@id\":\"https:\/\/orthodoxalbania.org\/2020\/#organization\"},\"potentialAction\":[{\"@type\":\"SearchAction\",\"target\":{\"@type\":\"EntryPoint\",\"urlTemplate\":\"https:\/\/orthodoxalbania.org\/2020\/?s={search_term_string}\"},\"query-input\":{\"@type\":\"PropertyValueSpecification\",\"valueRequired\":true,\"valueName\":\"search_term_string\"}}],\"inLanguage\":\"en-US\"},{\"@type\":\"Organization\",\"@id\":\"https:\/\/orthodoxalbania.org\/2020\/#organization\",\"name\":\"Kisha Orthodhokse Autoqefale e Shqip\u00ebris\u00eb\",\"url\":\"https:\/\/orthodoxalbania.org\/2020\/\",\"logo\":{\"@type\":\"ImageObject\",\"inLanguage\":\"en-US\",\"@id\":\"https:\/\/orthodoxalbania.org\/2020\/#\/schema\/logo\/image\/\",\"url\":\"https:\/\/orthodoxalbania.org\/2020\/wp-content\/uploads\/2020\/05\/albania.jpeg\",\"contentUrl\":\"https:\/\/orthodoxalbania.org\/2020\/wp-content\/uploads\/2020\/05\/albania.jpeg\",\"width\":540,\"height\":540,\"caption\":\"Kisha Orthodhokse Autoqefale e Shqip\u00ebris\u00eb\"},\"image\":{\"@id\":\"https:\/\/orthodoxalbania.org\/2020\/#\/schema\/logo\/image\/\"},\"sameAs\":[\"https:\/\/www.facebook.com\/koash1991\"]},{\"@type\":\"Person\",\"@id\":\"https:\/\/orthodoxalbania.org\/2020\/#\/schema\/person\/0c387634a7063ac612d7ed9ce71c7e86\",\"name\":\"Kisha Orthodhokse\",\"image\":{\"@type\":\"ImageObject\",\"inLanguage\":\"en-US\",\"@id\":\"https:\/\/secure.gravatar.com\/avatar\/596e7c417251e30f2fbb9c00e026fce61a695a00e51c889caded71c96cbbdde5?s=96&d=mm&r=g\",\"url\":\"https:\/\/secure.gravatar.com\/avatar\/596e7c417251e30f2fbb9c00e026fce61a695a00e51c889caded71c96cbbdde5?s=96&d=mm&r=g\",\"contentUrl\":\"https:\/\/secure.gravatar.com\/avatar\/596e7c417251e30f2fbb9c00e026fce61a695a00e51c889caded71c96cbbdde5?s=96&d=mm&r=g\",\"caption\":\"Kisha Orthodhokse\"}}]}<\/script>\n<!-- \/ Yoast SEO plugin. -->","yoast_head_json":{"title":"Diplomohen student\u00ebt e vitit t\u00eb kat\u00ebrt 2007 t\u00eb Akademis\u00eb Teologjike \u201cNgjallja e Krishtit\u201d. (Qershor 2007) - Kisha Orthodh\u03bfkse Autoqefale e Shqip\u00ebris\u00eb","robots":{"index":"index","follow":"follow","max-snippet":"max-snippet:-1","max-image-preview":"max-image-preview:large","max-video-preview":"max-video-preview:-1"},"canonical":"https:\/\/orthodoxalbania.org\/2020\/2007\/02\/26\/diplomohen-studentet-e-vitit-te-katert-2007-te-akademise-teologjike-ngjallja-e-krishtit-qershor-2007\/","og_locale":"en_US","og_type":"article","og_title":"Diplomohen student\u00ebt e vitit t\u00eb kat\u00ebrt 2007 t\u00eb Akademis\u00eb Teologjike \u201cNgjallja e Krishtit\u201d. (Qershor 2007) - Kisha Orthodh\u03bfkse Autoqefale e Shqip\u00ebris\u00eb","og_description":"\u201cJeta juaj b\u00ebn pjes\u00eb n\u00eb planin e madh t\u00eb Per\u00ebndis\u00eb\u201d &nbsp; &nbsp;&nbsp;&nbsp; Data 14 qershor ishte nj\u00eb dit\u00eb e ve\u00e7ant\u00eb p\u00ebr student\u00ebt e vitit IV t\u00eb Akademis\u00eb Teologjike \u201cNgjallja e Krishtit\u201d n\u00eb Manastirin e Sh\u00ebn Vlashit n\u00eb Durr\u00ebs. E filluan dit\u00ebn me Liturgjin\u00eb Hyjnore t\u00eb kryesuar nga Hir\u00ebsi Ilia Ketri, drejtor i Akademis\u00eb dhe bashk\u00ebmeshonin, Hir\u00ebsi Nikolla, At Kozmai, At Gjerasimi, At Emanueli, dhjakon Spiro,","og_url":"https:\/\/orthodoxalbania.org\/2020\/2007\/02\/26\/diplomohen-studentet-e-vitit-te-katert-2007-te-akademise-teologjike-ngjallja-e-krishtit-qershor-2007\/","og_site_name":"Kisha Orthodh\u03bfkse Autoqefale e Shqip\u00ebris\u00eb","article_publisher":"https:\/\/www.facebook.com\/koash1991","article_published_time":"2007-02-26T00:00:00+00:00","article_modified_time":"2020-04-06T20:35:36+00:00","og_image":[{"url":"https:\/\/lh3.googleusercontent.com\/-ySCU6Gvom1k\/VIl7VuPWkjI\/AAAAAAAAGaU\/AtsgHpsbW7w\/w400-h266-no\/pic1.jpg","type":"","width":"","height":""}],"author":"Kisha Orthodhokse","twitter_card":"summary_large_image","twitter_misc":{"Written by":"Kisha Orthodhokse","Est. reading time":"5 minutes"},"schema":{"@context":"https:\/\/schema.org","@graph":[{"@type":"Article","@id":"https:\/\/orthodoxalbania.org\/2020\/2007\/02\/26\/diplomohen-studentet-e-vitit-te-katert-2007-te-akademise-teologjike-ngjallja-e-krishtit-qershor-2007\/#article","isPartOf":{"@id":"https:\/\/orthodoxalbania.org\/2020\/2007\/02\/26\/diplomohen-studentet-e-vitit-te-katert-2007-te-akademise-teologjike-ngjallja-e-krishtit-qershor-2007\/"},"author":{"name":"Kisha Orthodhokse","@id":"https:\/\/orthodoxalbania.org\/2020\/#\/schema\/person\/0c387634a7063ac612d7ed9ce71c7e86"},"headline":"Diplomohen student\u00ebt e vitit t\u00eb kat\u00ebrt 2007 t\u00eb Akademis\u00eb Teologjike \u201cNgjallja e Krishtit\u201d. (Qershor 2007)","datePublished":"2007-02-26T00:00:00+00:00","dateModified":"2020-04-06T20:35:36+00:00","mainEntityOfPage":{"@id":"https:\/\/orthodoxalbania.org\/2020\/2007\/02\/26\/diplomohen-studentet-e-vitit-te-katert-2007-te-akademise-teologjike-ngjallja-e-krishtit-qershor-2007\/"},"wordCount":919,"commentCount":0,"publisher":{"@id":"https:\/\/orthodoxalbania.org\/2020\/#organization"},"image":{"@id":"https:\/\/orthodoxalbania.org\/2020\/2007\/02\/26\/diplomohen-studentet-e-vitit-te-katert-2007-te-akademise-teologjike-ngjallja-e-krishtit-qershor-2007\/#primaryimage"},"thumbnailUrl":"https:\/\/lh3.googleusercontent.com\/-ySCU6Gvom1k\/VIl7VuPWkjI\/AAAAAAAAGaU\/AtsgHpsbW7w\/w400-h266-no\/pic1.jpg","keywords":["2007","Akademia Teologjike","Diplomime","Kryepiskopata Tiran\u00eb","Kryepiskopi Anastas","lajme"],"articleSection":["Lajme"],"inLanguage":"en-US"},{"@type":"WebPage","@id":"https:\/\/orthodoxalbania.org\/2020\/2007\/02\/26\/diplomohen-studentet-e-vitit-te-katert-2007-te-akademise-teologjike-ngjallja-e-krishtit-qershor-2007\/","url":"https:\/\/orthodoxalbania.org\/2020\/2007\/02\/26\/diplomohen-studentet-e-vitit-te-katert-2007-te-akademise-teologjike-ngjallja-e-krishtit-qershor-2007\/","name":"Diplomohen student\u00ebt e vitit t\u00eb kat\u00ebrt 2007 t\u00eb Akademis\u00eb Teologjike \u201cNgjallja e Krishtit\u201d. (Qershor 2007) - Kisha Orthodh\u03bfkse Autoqefale e Shqip\u00ebris\u00eb","isPartOf":{"@id":"https:\/\/orthodoxalbania.org\/2020\/#website"},"primaryImageOfPage":{"@id":"https:\/\/orthodoxalbania.org\/2020\/2007\/02\/26\/diplomohen-studentet-e-vitit-te-katert-2007-te-akademise-teologjike-ngjallja-e-krishtit-qershor-2007\/#primaryimage"},"image":{"@id":"https:\/\/orthodoxalbania.org\/2020\/2007\/02\/26\/diplomohen-studentet-e-vitit-te-katert-2007-te-akademise-teologjike-ngjallja-e-krishtit-qershor-2007\/#primaryimage"},"thumbnailUrl":"https:\/\/lh3.googleusercontent.com\/-ySCU6Gvom1k\/VIl7VuPWkjI\/AAAAAAAAGaU\/AtsgHpsbW7w\/w400-h266-no\/pic1.jpg","datePublished":"2007-02-26T00:00:00+00:00","dateModified":"2020-04-06T20:35:36+00:00","breadcrumb":{"@id":"https:\/\/orthodoxalbania.org\/2020\/2007\/02\/26\/diplomohen-studentet-e-vitit-te-katert-2007-te-akademise-teologjike-ngjallja-e-krishtit-qershor-2007\/#breadcrumb"},"inLanguage":"en-US","potentialAction":[{"@type":"ReadAction","target":["https:\/\/orthodoxalbania.org\/2020\/2007\/02\/26\/diplomohen-studentet-e-vitit-te-katert-2007-te-akademise-teologjike-ngjallja-e-krishtit-qershor-2007\/"]}]},{"@type":"ImageObject","inLanguage":"en-US","@id":"https:\/\/orthodoxalbania.org\/2020\/2007\/02\/26\/diplomohen-studentet-e-vitit-te-katert-2007-te-akademise-teologjike-ngjallja-e-krishtit-qershor-2007\/#primaryimage","url":"https:\/\/lh3.googleusercontent.com\/-ySCU6Gvom1k\/VIl7VuPWkjI\/AAAAAAAAGaU\/AtsgHpsbW7w\/w400-h266-no\/pic1.jpg","contentUrl":"https:\/\/lh3.googleusercontent.com\/-ySCU6Gvom1k\/VIl7VuPWkjI\/AAAAAAAAGaU\/AtsgHpsbW7w\/w400-h266-no\/pic1.jpg"},{"@type":"BreadcrumbList","@id":"https:\/\/orthodoxalbania.org\/2020\/2007\/02\/26\/diplomohen-studentet-e-vitit-te-katert-2007-te-akademise-teologjike-ngjallja-e-krishtit-qershor-2007\/#breadcrumb","itemListElement":[{"@type":"ListItem","position":1,"name":"Home","item":"https:\/\/orthodoxalbania.org\/2020\/"},{"@type":"ListItem","position":2,"name":"Diplomohen student\u00ebt e vitit t\u00eb kat\u00ebrt 2007 t\u00eb Akademis\u00eb Teologjike \u201cNgjallja e Krishtit\u201d. (Qershor 2007)"}]},{"@type":"WebSite","@id":"https:\/\/orthodoxalbania.org\/2020\/#website","url":"https:\/\/orthodoxalbania.org\/2020\/","name":"Kisha Orthodh\u03bfkse Autoqefale e Shqip\u00ebris\u00eb","description":"Fqja Zyrtare e Kish\u00ebs Orthodhokse Autoqefale e Shqip\u00ebris\u00eb me lajmet edhe informacionet zyrtare p\u00ebr struktur\u00ebn edhe veprimtarin e saj.","publisher":{"@id":"https:\/\/orthodoxalbania.org\/2020\/#organization"},"potentialAction":[{"@type":"SearchAction","target":{"@type":"EntryPoint","urlTemplate":"https:\/\/orthodoxalbania.org\/2020\/?s={search_term_string}"},"query-input":{"@type":"PropertyValueSpecification","valueRequired":true,"valueName":"search_term_string"}}],"inLanguage":"en-US"},{"@type":"Organization","@id":"https:\/\/orthodoxalbania.org\/2020\/#organization","name":"Kisha Orthodhokse Autoqefale e Shqip\u00ebris\u00eb","url":"https:\/\/orthodoxalbania.org\/2020\/","logo":{"@type":"ImageObject","inLanguage":"en-US","@id":"https:\/\/orthodoxalbania.org\/2020\/#\/schema\/logo\/image\/","url":"https:\/\/orthodoxalbania.org\/2020\/wp-content\/uploads\/2020\/05\/albania.jpeg","contentUrl":"https:\/\/orthodoxalbania.org\/2020\/wp-content\/uploads\/2020\/05\/albania.jpeg","width":540,"height":540,"caption":"Kisha Orthodhokse Autoqefale e Shqip\u00ebris\u00eb"},"image":{"@id":"https:\/\/orthodoxalbania.org\/2020\/#\/schema\/logo\/image\/"},"sameAs":["https:\/\/www.facebook.com\/koash1991"]},{"@type":"Person","@id":"https:\/\/orthodoxalbania.org\/2020\/#\/schema\/person\/0c387634a7063ac612d7ed9ce71c7e86","name":"Kisha Orthodhokse","image":{"@type":"ImageObject","inLanguage":"en-US","@id":"https:\/\/secure.gravatar.com\/avatar\/596e7c417251e30f2fbb9c00e026fce61a695a00e51c889caded71c96cbbdde5?s=96&d=mm&r=g","url":"https:\/\/secure.gravatar.com\/avatar\/596e7c417251e30f2fbb9c00e026fce61a695a00e51c889caded71c96cbbdde5?s=96&d=mm&r=g","contentUrl":"https:\/\/secure.gravatar.com\/avatar\/596e7c417251e30f2fbb9c00e026fce61a695a00e51c889caded71c96cbbdde5?s=96&d=mm&r=g","caption":"Kisha Orthodhokse"}}]}},"_links":{"self":[{"href":"https:\/\/orthodoxalbania.org\/2020\/wp-json\/wp\/v2\/posts\/162","targetHints":{"allow":["GET"]}}],"collection":[{"href":"https:\/\/orthodoxalbania.org\/2020\/wp-json\/wp\/v2\/posts"}],"about":[{"href":"https:\/\/orthodoxalbania.org\/2020\/wp-json\/wp\/v2\/types\/post"}],"author":[{"embeddable":true,"href":"https:\/\/orthodoxalbania.org\/2020\/wp-json\/wp\/v2\/users\/1"}],"replies":[{"embeddable":true,"href":"https:\/\/orthodoxalbania.org\/2020\/wp-json\/wp\/v2\/comments?post=162"}],"version-history":[{"count":1,"href":"https:\/\/orthodoxalbania.org\/2020\/wp-json\/wp\/v2\/posts\/162\/revisions"}],"predecessor-version":[{"id":15722,"href":"https:\/\/orthodoxalbania.org\/2020\/wp-json\/wp\/v2\/posts\/162\/revisions\/15722"}],"wp:attachment":[{"href":"https:\/\/orthodoxalbania.org\/2020\/wp-json\/wp\/v2\/media?parent=162"}],"wp:term":[{"taxonomy":"category","embeddable":true,"href":"https:\/\/orthodoxalbania.org\/2020\/wp-json\/wp\/v2\/categories?post=162"},{"taxonomy":"post_tag","embeddable":true,"href":"https:\/\/orthodoxalbania.org\/2020\/wp-json\/wp\/v2\/tags?post=162"}],"curies":[{"name":"wp","href":"https:\/\/api.w.org\/{rel}","templated":true}]}}