{"id":161,"date":"2007-02-26T00:00:00","date_gmt":"2007-02-26T00:00:00","guid":{"rendered":""},"modified":"2020-04-06T22:35:36","modified_gmt":"2020-04-06T20:35:36","slug":"diplomohen-studentet-e-institutit-profesional-fryme-dashurie-ne-tirane-nentor-2007","status":"publish","type":"post","link":"https:\/\/orthodoxalbania.org\/2020\/2007\/02\/26\/diplomohen-studentet-e-institutit-profesional-fryme-dashurie-ne-tirane-nentor-2007\/","title":{"rendered":"Diplomohen student\u00ebt e Institutit Profesional \u201cFrym\u00eb Dashurie\u201d n\u00eb Tiran\u00eb. (N\u00ebntor 2007)"},"content":{"rendered":"<p style=\"text-align: justify;\"><span style=\"color: #000000; font-family: helvetica; font-size: 12pt;\">&nbsp;&nbsp;&nbsp; \u201cMblidhemi p\u00ebr t\u00eb festuar kuror\u00ebzimin e mundimit t\u00eb p\u00ebrbashk\u00ebt dyvje\u00e7ar\u201d. Me k\u00ebto fjal\u00eb p\u00ebrsh\u00ebndet\u00ebse, Kryetari i Bordit t\u00eb Institutit Profesional \u201cFrym\u00eb Dashurie\u201d, Prof.Dr. Leandro Haxhi p\u00ebrsh\u00ebndeti 86 student\u00ebt e sapodiplomuar. Ata mbyll\u00ebn ciklin e studimeve n\u00eb nj\u00eb ceremoni t\u00eb ve\u00e7ant\u00eb t\u00eb organizuar m\u00eb 24 n\u00ebntor n\u00eb ambientet e k\u00ebtij Instituti.<\/span><\/p>\n<p style=\"text-align: justify;\"><span style=\"color: #000000; font-family: helvetica; font-size: 12pt;\">&nbsp;&nbsp;&nbsp; \u201cSot t\u00eb dashur koleg\u00eb, k\u00ebshtu meritoni t\u2019ju quaj, ju jepet nj\u00eb \u00e7el\u00ebs p\u00ebr njohurit\u00eb e profesionit. Ju duhet t\u00eb konkurroni me dinjitet sikurse edhe paraardh\u00ebsit tuaj. Mos i mbyllni librat, \u00e7do profesion k\u00ebrkon njohuri t\u00eb reja\u201d \u2013 i k\u00ebshilloi profesor Harxhi student\u00ebt e tij t\u00eb veshur me uniforma t\u00eb posa\u00e7me n\u00eb k\u00ebt\u00eb dit\u00eb festive. Ai theksoi se askush nuk e konkurron k\u00ebt\u00eb Institut me kushtet bashk\u00ebkohore dhe kjo fal\u00eb p\u00ebrkujdesjes s\u00eb pand\u00ebrprer\u00eb t\u00eb Kryepiskopit Anastas gjat\u00eb shtat\u00eb viteve t\u00eb funksionimit t\u00eb shkoll\u00ebs.<\/span><\/p>\n<table id=\"AutoNumber2\" border=\"0\">\n<tbody>\n<tr>\n<td>\n<p style=\"text-align: center;\"><span style=\"color: #000000; font-family: helvetica; font-size: 12pt;\"><img decoding=\"async\" class=\"lazyload HAa Eha\" style=\"border-width: 1px; border-style: solid; margin: 10px;\" alt=\"\" src=\"data:image\/gif;base64,R0lGODlhAQABAAAAACH5BAEKAAEALAAAAAABAAEAAAICTAEAOw==\" data-orig-src=\"https:\/\/lh3.googleusercontent.com\/-7ITwT__e32w\/VIrY94EGx7I\/AAAAAAAAHE4\/CQ2W9HG9_Pg\/w400-h239-no\/pic1.jpg\" \/><\/span><\/p>\n<\/td>\n<td>\n<p style=\"text-align: justify;\"><span style=\"color: #000000; font-family: helvetica; font-size: 12pt;\">&nbsp;&nbsp;&nbsp; Instituti i Formimit Profesional\u201cFrym\u00eb Dashurie\u201dn\u00eb Tiran\u00eb formon student\u00eb n\u00eb k\u00ebto profesione: Kuad\u00ebr Menaxher, Specialist n\u00eb Llogarit\u00eb e Kompjuterizuara, Informatik\u00eb, Specialist n\u00eb Laborator\u00ebt Mjek\u00ebsor\u00eb, Restaurim dhe Konservim veprash arti, si edhe Ikonografi Bizantine.<\/span><\/p>\n<\/td>\n<\/tr>\n<tr>\n<td>\n<p style=\"text-align: justify;\"><span style=\"color: #000000; font-family: helvetica; font-size: 12pt;\">&nbsp;&nbsp;&nbsp; Sistemi i studimeve n\u00eb Institut mb\u00ebshtetet n\u00eb programe m\u00ebsimore t\u00eb standardeve evropiane dhe \u00ebsht\u00eb i nj\u00ebjt\u00eb me programin e shkoll\u00ebs &#8220;Delta&#8221; n\u00eb Greqi dhe t\u00eb simotrave t\u00eb saj n\u00eb vende t\u00eb ndryshme t\u00eb Evrop\u00ebs. Studimet zgjatin 2 vjet dhe b\u00ebjn\u00eb t\u00eb mundur p\u00ebrgatitjen dhe afirmimin e nj\u00eb brezi t\u00eb ri profesionist\u00ebsh me njohuri bashk\u00ebkohore. Gjat\u00eb k\u00ebtyre viteve pjesa m\u00eb e madhe e tyre jan\u00eb angazhuar me sukses n\u00eb specialitetet e tyre n\u00eb sektor\u00eb t\u00eb ndrysh\u00ebm shtet\u00ebror\u00eb e privat\u00eb.<\/span><\/p>\n<\/td>\n<td>\n<p style=\"text-align: center;\"><span style=\"color: #000000; font-family: helvetica; font-size: 12pt;\"><img decoding=\"async\" class=\"lazyload HAa Eha\" style=\"border-width: 1px; border-style: solid; margin: 10px;\" alt=\"\" src=\"data:image\/gif;base64,R0lGODlhAQABAAAAACH5BAEKAAEALAAAAAABAAEAAAICTAEAOw==\" data-orig-src=\"https:\/\/lh5.googleusercontent.com\/-P4G2liOIWMQ\/VIrY-LOfmNI\/AAAAAAAAHFY\/1PcSnjGquWo\/w400-h224-no\/pic2.jpg\" \/><\/span><\/p>\n<\/td>\n<\/tr>\n<tr>\n<td>\n<p style=\"text-align: center;\"><span style=\"color: #000000; font-family: helvetica; font-size: 12pt;\"><img decoding=\"async\" class=\"lazyload HAa Eha\" style=\"border-width: 1px; border-style: solid; margin: 10px;\" alt=\"\" src=\"data:image\/gif;base64,R0lGODlhAQABAAAAACH5BAEKAAEALAAAAAABAAEAAAICTAEAOw==\" data-orig-src=\"https:\/\/lh5.googleusercontent.com\/-8Nm6w3hQfGQ\/VIrY9wm4ijI\/AAAAAAAAHFM\/ebDOFeWl4QA\/w400-h224-no\/pic3.jpg\" \/><\/span><\/p>\n<\/td>\n<td>\n<p style=\"text-align: justify;\"><span style=\"color: #000000; font-family: helvetica; font-size: 12pt;\">&nbsp;&nbsp;&nbsp; Tre nga student\u00ebt m\u00eb t\u00eb mir\u00eb t\u00eb k\u00ebtij viti: Nevila Musai (laborator mjek\u00ebsor), Meri Kozho (llogari t\u00eb kompjuterizuara) dhe Joan Sllavi (kuad\u00ebr menaxher) transmetuan emocionet e tyre t\u00eb akumuluara pas nj\u00eb pune intensive studimore, duke u shp\u00ebrblyer edhe me nj\u00eb burs\u00eb t\u00eb ve\u00e7ant\u00eb nga Kryepiskopi Anastas.<\/span><\/p>\n<\/td>\n<\/tr>\n<tr>\n<td>\n<p style=\"text-align: justify;\"><span style=\"color: #000000; font-family: helvetica; font-size: 12pt;\">&nbsp;&nbsp;&nbsp; Ata fol\u00ebn para t\u00eb pranishm\u00ebve p\u00ebr disa nga \u00e7astet m\u00eb t\u00eb bukura t\u00eb viteve studimore, duke fal\u00ebnderuar n\u00eb t\u00eb nj\u00ebjt\u00ebn koh\u00eb edhe stafin e Institutit, pedagog\u00ebt dhe prind\u00ebrit e tyre.<\/span><\/p>\n<\/td>\n<td>\n<p style=\"text-align: center;\"><span style=\"color: #000000; font-family: helvetica; font-size: 12pt;\"><img decoding=\"async\" class=\"lazyload HAa Eha\" style=\"border-width: 1px; border-style: solid; margin: 10px;\" alt=\"\" src=\"data:image\/gif;base64,R0lGODlhAQABAAAAACH5BAEKAAEALAAAAAABAAEAAAICTAEAOw==\" data-orig-src=\"https:\/\/lh6.googleusercontent.com\/-KqQl9lSpQI0\/VIrY-Th2CoI\/AAAAAAAAHFA\/6txEz4hjnqw\/w400-h229-no\/pic4.jpg\" \/><\/span><\/p>\n<\/td>\n<\/tr>\n<tr>\n<td>\n<p style=\"text-align: center;\"><span style=\"color: #000000; font-family: helvetica; font-size: 12pt;\"><img decoding=\"async\" class=\"lazyload HAa Eha\" style=\"border-width: 1px; border-style: solid; margin: 10px;\" alt=\"\" src=\"data:image\/gif;base64,R0lGODlhAQABAAAAACH5BAEKAAEALAAAAAABAAEAAAICTAEAOw==\" data-orig-src=\"https:\/\/lh5.googleusercontent.com\/-spqD6ml47XA\/VIrY-s7hLbI\/AAAAAAAAHFI\/Srr9hDmh9xE\/w400-h231-no\/pic5.jpg\" \/><\/span><\/p>\n<\/td>\n<td>\n<p style=\"text-align: justify;\"><span style=\"color: #000000; font-family: helvetica; font-size: 12pt;\">&nbsp;&nbsp;&nbsp; M\u00eb pas fjal\u00ebn e mori Episkopi i Kruj\u00ebs, Hir\u00ebsi Andoni, i ftuar i ve\u00e7ant\u00eb n\u00eb ceremonin\u00eb e diplomimit, duke theksuar se kjo diplom\u00eb \u00ebsht\u00eb e vlefshme p\u00ebr shum\u00eb koh\u00eb, por me p\u00ebrpjekje p\u00ebr ta pasuruar me njohuri t\u00eb reja. \u201cMundohuni q\u00eb n\u00eb jet\u00ebn tuaj t\u00eb jeni student\u00eb dhe dhjakon\u00eb. Student\u00eb sepse nuk mbarojn\u00eb kurr\u00eb njohurit\u00eb dhe dhjakon\u00eb sepse p\u00ebrher\u00eb duhet t\u00eb jeni n\u00eb sh\u00ebrbim.<\/span><\/p>\n<\/td>\n<\/tr>\n<tr>\n<td>\n<p style=\"text-align: justify;\"><span style=\"color: #000000; font-family: helvetica; font-size: 12pt;\">&nbsp;&nbsp;&nbsp; Ky \u00ebsht\u00eb nj\u00eb imazh p\u00ebr t\u00eb ardhmen\u201d. Ai i k\u00ebshilloi student\u00ebt e sapodiplomuar q\u00eb t\u00eb mbajn\u00eb mend dit\u00ebn e par\u00eb dhe t\u00eb fundit t\u00eb shkoll\u00ebs. \u201cMos u trembni n\u00eb dit\u00ebn e par\u00eb dhe mos u entuziazmoni nga dita e fundit. Kurdoher\u00eb duhet t\u00eb jeni t\u00eb aft\u00eb p\u00ebr t\u00eb p\u00ebrballuar sfidat e jet\u00ebs\u201d.<\/span><\/p>\n<\/td>\n<td>\n<p style=\"text-align: center;\"><span style=\"color: #000000; font-family: helvetica; font-size: 12pt;\"><img decoding=\"async\" class=\"lazyload HAa Eha\" style=\"border-width: 1px; border-style: solid; margin: 10px;\" alt=\"\" src=\"data:image\/gif;base64,R0lGODlhAQABAAAAACH5BAEKAAEALAAAAAABAAEAAAICTAEAOw==\" data-orig-src=\"https:\/\/lh5.googleusercontent.com\/-EsxZn-JophQ\/VIrY-9AFONI\/AAAAAAAAHFQ\/pQVp4eQwebY\/w400-h238-no\/pic6.jpg\" \/><\/span><\/p>\n<\/td>\n<\/tr>\n<tr>\n<td dir=\"ltr\" colspan=\"2\">\n<p style=\"text-align: justify;\"><span style=\"color: #000000; font-family: helvetica; font-size: 12pt;\">&nbsp;&nbsp;&nbsp;&nbsp;<br \/> &nbsp;&nbsp;&nbsp; N\u00eb fund t\u00eb ceremonis\u00eb p\u00ebr student\u00ebt u shp\u00ebrndan\u00eb diplomat nga Hir\u00ebsi Andoni dhe pedagog\u00ebt e Institutit, duke marr\u00eb me vete kujtimet m\u00eb t\u00eb bukura.<\/span><\/p>\n<\/td>\n<\/tr>\n<\/tbody>\n<\/table>\n<p style=\"text-align: justify;\"><span style=\"font-family: helvetica; font-size: 12pt;\"><\/span><\/p>\n<p style=\"text-align: justify;\"><span style=\"color: #000000; font-family: helvetica; font-size: 12pt;\"><strong>I. Koti<\/strong><\/span><\/p>\n","protected":false},"excerpt":{"rendered":"<p>&nbsp;&nbsp;&nbsp; \u201cMblidhemi p\u00ebr t\u00eb festuar kuror\u00ebzimin e mundimit t\u00eb p\u00ebrbashk\u00ebt dyvje\u00e7ar\u201d. Me k\u00ebto fjal\u00eb p\u00ebrsh\u00ebndet\u00ebse, Kryetari i Bordit t\u00eb Institutit Profesional \u201cFrym\u00eb Dashurie\u201d, Prof.Dr. Leandro Haxhi p\u00ebrsh\u00ebndeti 86 student\u00ebt e sapodiplomuar. Ata mbyll\u00ebn ciklin e studimeve n\u00eb nj\u00eb ceremoni t\u00eb ve\u00e7ant\u00eb t\u00eb organizuar m\u00eb 24 n\u00ebntor n\u00eb ambientet e k\u00ebtij Instituti. &nbsp;&nbsp;&nbsp; \u201cSot t\u00eb dashur koleg\u00eb, k\u00ebshtu meritoni t\u2019ju quaj, ju jepet nj\u00eb \u00e7el\u00ebs p\u00ebr<\/p>\n","protected":false},"author":1,"featured_media":0,"comment_status":"open","ping_status":"open","sticky":false,"template":"","format":"standard","meta":{"_acf_changed":false,"pagelayer_contact_templates":[],"_pagelayer_content":"","inline_featured_image":false,"fifu_image_url":"","fifu_image_alt":"","footnotes":""},"categories":[108],"tags":[147,168,196,212],"class_list":["post-161","post","type-post","status-publish","format-standard","hentry","category-lajme","tag-147","tag-diplomime","tag-tirane","tag-lajme-d27"],"acf":[],"yoast_head":"<!-- This site is optimized with the Yoast SEO plugin v27.2 - https:\/\/yoast.com\/product\/yoast-seo-wordpress\/ -->\n<title>Diplomohen student\u00ebt e Institutit Profesional \u201cFrym\u00eb Dashurie\u201d n\u00eb Tiran\u00eb. (N\u00ebntor 2007) - Kisha Orthodh\u03bfkse Autoqefale e Shqip\u00ebris\u00eb<\/title>\n<meta name=\"robots\" content=\"index, follow, max-snippet:-1, max-image-preview:large, max-video-preview:-1\" \/>\n<link rel=\"canonical\" href=\"https:\/\/orthodoxalbania.org\/2020\/2007\/02\/26\/diplomohen-studentet-e-institutit-profesional-fryme-dashurie-ne-tirane-nentor-2007\/\" \/>\n<meta property=\"og:locale\" content=\"en_US\" \/>\n<meta property=\"og:type\" content=\"article\" \/>\n<meta property=\"og:title\" content=\"Diplomohen student\u00ebt e Institutit Profesional \u201cFrym\u00eb Dashurie\u201d n\u00eb Tiran\u00eb. (N\u00ebntor 2007) - Kisha Orthodh\u03bfkse Autoqefale e Shqip\u00ebris\u00eb\" \/>\n<meta property=\"og:description\" content=\"&nbsp;&nbsp;&nbsp; \u201cMblidhemi p\u00ebr t\u00eb festuar kuror\u00ebzimin e mundimit t\u00eb p\u00ebrbashk\u00ebt dyvje\u00e7ar\u201d. Me k\u00ebto fjal\u00eb p\u00ebrsh\u00ebndet\u00ebse, Kryetari i Bordit t\u00eb Institutit Profesional \u201cFrym\u00eb Dashurie\u201d, Prof.Dr. Leandro Haxhi p\u00ebrsh\u00ebndeti 86 student\u00ebt e sapodiplomuar. Ata mbyll\u00ebn ciklin e studimeve n\u00eb nj\u00eb ceremoni t\u00eb ve\u00e7ant\u00eb t\u00eb organizuar m\u00eb 24 n\u00ebntor n\u00eb ambientet e k\u00ebtij Instituti. &nbsp;&nbsp;&nbsp; \u201cSot t\u00eb dashur koleg\u00eb, k\u00ebshtu meritoni t\u2019ju quaj, ju jepet nj\u00eb \u00e7el\u00ebs p\u00ebr\" \/>\n<meta property=\"og:url\" content=\"https:\/\/orthodoxalbania.org\/2020\/2007\/02\/26\/diplomohen-studentet-e-institutit-profesional-fryme-dashurie-ne-tirane-nentor-2007\/\" \/>\n<meta property=\"og:site_name\" content=\"Kisha Orthodh\u03bfkse Autoqefale e Shqip\u00ebris\u00eb\" \/>\n<meta property=\"article:publisher\" content=\"https:\/\/www.facebook.com\/koash1991\" \/>\n<meta property=\"article:published_time\" content=\"2007-02-26T00:00:00+00:00\" \/>\n<meta property=\"article:modified_time\" content=\"2020-04-06T20:35:36+00:00\" \/>\n<meta property=\"og:image\" content=\"https:\/\/lh3.googleusercontent.com\/-7ITwT__e32w\/VIrY94EGx7I\/AAAAAAAAHE4\/CQ2W9HG9_Pg\/w400-h239-no\/pic1.jpg\" \/>\n<meta name=\"author\" content=\"Kisha Orthodhokse\" \/>\n<meta name=\"twitter:card\" content=\"summary_large_image\" \/>\n<meta name=\"twitter:label1\" content=\"Written by\" \/>\n\t<meta name=\"twitter:data1\" content=\"Kisha Orthodhokse\" \/>\n\t<meta name=\"twitter:label2\" content=\"Est. reading time\" \/>\n\t<meta name=\"twitter:data2\" content=\"3 minutes\" \/>\n<script type=\"application\/ld+json\" class=\"yoast-schema-graph\">{\"@context\":\"https:\/\/schema.org\",\"@graph\":[{\"@type\":\"Article\",\"@id\":\"https:\/\/orthodoxalbania.org\/2020\/2007\/02\/26\/diplomohen-studentet-e-institutit-profesional-fryme-dashurie-ne-tirane-nentor-2007\/#article\",\"isPartOf\":{\"@id\":\"https:\/\/orthodoxalbania.org\/2020\/2007\/02\/26\/diplomohen-studentet-e-institutit-profesional-fryme-dashurie-ne-tirane-nentor-2007\/\"},\"author\":{\"name\":\"Kisha Orthodhokse\",\"@id\":\"https:\/\/orthodoxalbania.org\/2020\/#\/schema\/person\/0c387634a7063ac612d7ed9ce71c7e86\"},\"headline\":\"Diplomohen student\u00ebt e Institutit Profesional \u201cFrym\u00eb Dashurie\u201d n\u00eb Tiran\u00eb. (N\u00ebntor 2007)\",\"datePublished\":\"2007-02-26T00:00:00+00:00\",\"dateModified\":\"2020-04-06T20:35:36+00:00\",\"mainEntityOfPage\":{\"@id\":\"https:\/\/orthodoxalbania.org\/2020\/2007\/02\/26\/diplomohen-studentet-e-institutit-profesional-fryme-dashurie-ne-tirane-nentor-2007\/\"},\"wordCount\":587,\"commentCount\":0,\"publisher\":{\"@id\":\"https:\/\/orthodoxalbania.org\/2020\/#organization\"},\"image\":{\"@id\":\"https:\/\/orthodoxalbania.org\/2020\/2007\/02\/26\/diplomohen-studentet-e-institutit-profesional-fryme-dashurie-ne-tirane-nentor-2007\/#primaryimage\"},\"thumbnailUrl\":\"https:\/\/lh3.googleusercontent.com\/-7ITwT__e32w\/VIrY94EGx7I\/AAAAAAAAHE4\/CQ2W9HG9_Pg\/w400-h239-no\/pic1.jpg\",\"keywords\":[\"2007\",\"Diplomime\",\"Kryepiskopata Tiran\u00eb\",\"lajme\"],\"articleSection\":[\"Lajme\"],\"inLanguage\":\"en-US\"},{\"@type\":\"WebPage\",\"@id\":\"https:\/\/orthodoxalbania.org\/2020\/2007\/02\/26\/diplomohen-studentet-e-institutit-profesional-fryme-dashurie-ne-tirane-nentor-2007\/\",\"url\":\"https:\/\/orthodoxalbania.org\/2020\/2007\/02\/26\/diplomohen-studentet-e-institutit-profesional-fryme-dashurie-ne-tirane-nentor-2007\/\",\"name\":\"Diplomohen student\u00ebt e Institutit Profesional \u201cFrym\u00eb Dashurie\u201d n\u00eb Tiran\u00eb. (N\u00ebntor 2007) - Kisha Orthodh\u03bfkse Autoqefale e Shqip\u00ebris\u00eb\",\"isPartOf\":{\"@id\":\"https:\/\/orthodoxalbania.org\/2020\/#website\"},\"primaryImageOfPage\":{\"@id\":\"https:\/\/orthodoxalbania.org\/2020\/2007\/02\/26\/diplomohen-studentet-e-institutit-profesional-fryme-dashurie-ne-tirane-nentor-2007\/#primaryimage\"},\"image\":{\"@id\":\"https:\/\/orthodoxalbania.org\/2020\/2007\/02\/26\/diplomohen-studentet-e-institutit-profesional-fryme-dashurie-ne-tirane-nentor-2007\/#primaryimage\"},\"thumbnailUrl\":\"https:\/\/lh3.googleusercontent.com\/-7ITwT__e32w\/VIrY94EGx7I\/AAAAAAAAHE4\/CQ2W9HG9_Pg\/w400-h239-no\/pic1.jpg\",\"datePublished\":\"2007-02-26T00:00:00+00:00\",\"dateModified\":\"2020-04-06T20:35:36+00:00\",\"breadcrumb\":{\"@id\":\"https:\/\/orthodoxalbania.org\/2020\/2007\/02\/26\/diplomohen-studentet-e-institutit-profesional-fryme-dashurie-ne-tirane-nentor-2007\/#breadcrumb\"},\"inLanguage\":\"en-US\",\"potentialAction\":[{\"@type\":\"ReadAction\",\"target\":[\"https:\/\/orthodoxalbania.org\/2020\/2007\/02\/26\/diplomohen-studentet-e-institutit-profesional-fryme-dashurie-ne-tirane-nentor-2007\/\"]}]},{\"@type\":\"ImageObject\",\"inLanguage\":\"en-US\",\"@id\":\"https:\/\/orthodoxalbania.org\/2020\/2007\/02\/26\/diplomohen-studentet-e-institutit-profesional-fryme-dashurie-ne-tirane-nentor-2007\/#primaryimage\",\"url\":\"https:\/\/lh3.googleusercontent.com\/-7ITwT__e32w\/VIrY94EGx7I\/AAAAAAAAHE4\/CQ2W9HG9_Pg\/w400-h239-no\/pic1.jpg\",\"contentUrl\":\"https:\/\/lh3.googleusercontent.com\/-7ITwT__e32w\/VIrY94EGx7I\/AAAAAAAAHE4\/CQ2W9HG9_Pg\/w400-h239-no\/pic1.jpg\"},{\"@type\":\"BreadcrumbList\",\"@id\":\"https:\/\/orthodoxalbania.org\/2020\/2007\/02\/26\/diplomohen-studentet-e-institutit-profesional-fryme-dashurie-ne-tirane-nentor-2007\/#breadcrumb\",\"itemListElement\":[{\"@type\":\"ListItem\",\"position\":1,\"name\":\"Home\",\"item\":\"https:\/\/orthodoxalbania.org\/2020\/\"},{\"@type\":\"ListItem\",\"position\":2,\"name\":\"Diplomohen student\u00ebt e Institutit Profesional \u201cFrym\u00eb Dashurie\u201d n\u00eb Tiran\u00eb. (N\u00ebntor 2007)\"}]},{\"@type\":\"WebSite\",\"@id\":\"https:\/\/orthodoxalbania.org\/2020\/#website\",\"url\":\"https:\/\/orthodoxalbania.org\/2020\/\",\"name\":\"Kisha Orthodh\u03bfkse Autoqefale e Shqip\u00ebris\u00eb\",\"description\":\"Fqja Zyrtare e Kish\u00ebs Orthodhokse Autoqefale e Shqip\u00ebris\u00eb me lajmet edhe informacionet zyrtare p\u00ebr struktur\u00ebn edhe veprimtarin e saj.\",\"publisher\":{\"@id\":\"https:\/\/orthodoxalbania.org\/2020\/#organization\"},\"potentialAction\":[{\"@type\":\"SearchAction\",\"target\":{\"@type\":\"EntryPoint\",\"urlTemplate\":\"https:\/\/orthodoxalbania.org\/2020\/?s={search_term_string}\"},\"query-input\":{\"@type\":\"PropertyValueSpecification\",\"valueRequired\":true,\"valueName\":\"search_term_string\"}}],\"inLanguage\":\"en-US\"},{\"@type\":\"Organization\",\"@id\":\"https:\/\/orthodoxalbania.org\/2020\/#organization\",\"name\":\"Kisha Orthodhokse Autoqefale e Shqip\u00ebris\u00eb\",\"url\":\"https:\/\/orthodoxalbania.org\/2020\/\",\"logo\":{\"@type\":\"ImageObject\",\"inLanguage\":\"en-US\",\"@id\":\"https:\/\/orthodoxalbania.org\/2020\/#\/schema\/logo\/image\/\",\"url\":\"https:\/\/orthodoxalbania.org\/2020\/wp-content\/uploads\/2020\/05\/albania.jpeg\",\"contentUrl\":\"https:\/\/orthodoxalbania.org\/2020\/wp-content\/uploads\/2020\/05\/albania.jpeg\",\"width\":540,\"height\":540,\"caption\":\"Kisha Orthodhokse Autoqefale e Shqip\u00ebris\u00eb\"},\"image\":{\"@id\":\"https:\/\/orthodoxalbania.org\/2020\/#\/schema\/logo\/image\/\"},\"sameAs\":[\"https:\/\/www.facebook.com\/koash1991\"]},{\"@type\":\"Person\",\"@id\":\"https:\/\/orthodoxalbania.org\/2020\/#\/schema\/person\/0c387634a7063ac612d7ed9ce71c7e86\",\"name\":\"Kisha Orthodhokse\",\"image\":{\"@type\":\"ImageObject\",\"inLanguage\":\"en-US\",\"@id\":\"https:\/\/secure.gravatar.com\/avatar\/596e7c417251e30f2fbb9c00e026fce61a695a00e51c889caded71c96cbbdde5?s=96&d=mm&r=g\",\"url\":\"https:\/\/secure.gravatar.com\/avatar\/596e7c417251e30f2fbb9c00e026fce61a695a00e51c889caded71c96cbbdde5?s=96&d=mm&r=g\",\"contentUrl\":\"https:\/\/secure.gravatar.com\/avatar\/596e7c417251e30f2fbb9c00e026fce61a695a00e51c889caded71c96cbbdde5?s=96&d=mm&r=g\",\"caption\":\"Kisha Orthodhokse\"}}]}<\/script>\n<!-- \/ Yoast SEO plugin. -->","yoast_head_json":{"title":"Diplomohen student\u00ebt e Institutit Profesional \u201cFrym\u00eb Dashurie\u201d n\u00eb Tiran\u00eb. (N\u00ebntor 2007) - Kisha Orthodh\u03bfkse Autoqefale e Shqip\u00ebris\u00eb","robots":{"index":"index","follow":"follow","max-snippet":"max-snippet:-1","max-image-preview":"max-image-preview:large","max-video-preview":"max-video-preview:-1"},"canonical":"https:\/\/orthodoxalbania.org\/2020\/2007\/02\/26\/diplomohen-studentet-e-institutit-profesional-fryme-dashurie-ne-tirane-nentor-2007\/","og_locale":"en_US","og_type":"article","og_title":"Diplomohen student\u00ebt e Institutit Profesional \u201cFrym\u00eb Dashurie\u201d n\u00eb Tiran\u00eb. (N\u00ebntor 2007) - Kisha Orthodh\u03bfkse Autoqefale e Shqip\u00ebris\u00eb","og_description":"&nbsp;&nbsp;&nbsp; \u201cMblidhemi p\u00ebr t\u00eb festuar kuror\u00ebzimin e mundimit t\u00eb p\u00ebrbashk\u00ebt dyvje\u00e7ar\u201d. Me k\u00ebto fjal\u00eb p\u00ebrsh\u00ebndet\u00ebse, Kryetari i Bordit t\u00eb Institutit Profesional \u201cFrym\u00eb Dashurie\u201d, Prof.Dr. Leandro Haxhi p\u00ebrsh\u00ebndeti 86 student\u00ebt e sapodiplomuar. Ata mbyll\u00ebn ciklin e studimeve n\u00eb nj\u00eb ceremoni t\u00eb ve\u00e7ant\u00eb t\u00eb organizuar m\u00eb 24 n\u00ebntor n\u00eb ambientet e k\u00ebtij Instituti. &nbsp;&nbsp;&nbsp; \u201cSot t\u00eb dashur koleg\u00eb, k\u00ebshtu meritoni t\u2019ju quaj, ju jepet nj\u00eb \u00e7el\u00ebs p\u00ebr","og_url":"https:\/\/orthodoxalbania.org\/2020\/2007\/02\/26\/diplomohen-studentet-e-institutit-profesional-fryme-dashurie-ne-tirane-nentor-2007\/","og_site_name":"Kisha Orthodh\u03bfkse Autoqefale e Shqip\u00ebris\u00eb","article_publisher":"https:\/\/www.facebook.com\/koash1991","article_published_time":"2007-02-26T00:00:00+00:00","article_modified_time":"2020-04-06T20:35:36+00:00","og_image":[{"url":"https:\/\/lh3.googleusercontent.com\/-7ITwT__e32w\/VIrY94EGx7I\/AAAAAAAAHE4\/CQ2W9HG9_Pg\/w400-h239-no\/pic1.jpg","type":"","width":"","height":""}],"author":"Kisha Orthodhokse","twitter_card":"summary_large_image","twitter_misc":{"Written by":"Kisha Orthodhokse","Est. reading time":"3 minutes"},"schema":{"@context":"https:\/\/schema.org","@graph":[{"@type":"Article","@id":"https:\/\/orthodoxalbania.org\/2020\/2007\/02\/26\/diplomohen-studentet-e-institutit-profesional-fryme-dashurie-ne-tirane-nentor-2007\/#article","isPartOf":{"@id":"https:\/\/orthodoxalbania.org\/2020\/2007\/02\/26\/diplomohen-studentet-e-institutit-profesional-fryme-dashurie-ne-tirane-nentor-2007\/"},"author":{"name":"Kisha Orthodhokse","@id":"https:\/\/orthodoxalbania.org\/2020\/#\/schema\/person\/0c387634a7063ac612d7ed9ce71c7e86"},"headline":"Diplomohen student\u00ebt e Institutit Profesional \u201cFrym\u00eb Dashurie\u201d n\u00eb Tiran\u00eb. (N\u00ebntor 2007)","datePublished":"2007-02-26T00:00:00+00:00","dateModified":"2020-04-06T20:35:36+00:00","mainEntityOfPage":{"@id":"https:\/\/orthodoxalbania.org\/2020\/2007\/02\/26\/diplomohen-studentet-e-institutit-profesional-fryme-dashurie-ne-tirane-nentor-2007\/"},"wordCount":587,"commentCount":0,"publisher":{"@id":"https:\/\/orthodoxalbania.org\/2020\/#organization"},"image":{"@id":"https:\/\/orthodoxalbania.org\/2020\/2007\/02\/26\/diplomohen-studentet-e-institutit-profesional-fryme-dashurie-ne-tirane-nentor-2007\/#primaryimage"},"thumbnailUrl":"https:\/\/lh3.googleusercontent.com\/-7ITwT__e32w\/VIrY94EGx7I\/AAAAAAAAHE4\/CQ2W9HG9_Pg\/w400-h239-no\/pic1.jpg","keywords":["2007","Diplomime","Kryepiskopata Tiran\u00eb","lajme"],"articleSection":["Lajme"],"inLanguage":"en-US"},{"@type":"WebPage","@id":"https:\/\/orthodoxalbania.org\/2020\/2007\/02\/26\/diplomohen-studentet-e-institutit-profesional-fryme-dashurie-ne-tirane-nentor-2007\/","url":"https:\/\/orthodoxalbania.org\/2020\/2007\/02\/26\/diplomohen-studentet-e-institutit-profesional-fryme-dashurie-ne-tirane-nentor-2007\/","name":"Diplomohen student\u00ebt e Institutit Profesional \u201cFrym\u00eb Dashurie\u201d n\u00eb Tiran\u00eb. (N\u00ebntor 2007) - Kisha Orthodh\u03bfkse Autoqefale e Shqip\u00ebris\u00eb","isPartOf":{"@id":"https:\/\/orthodoxalbania.org\/2020\/#website"},"primaryImageOfPage":{"@id":"https:\/\/orthodoxalbania.org\/2020\/2007\/02\/26\/diplomohen-studentet-e-institutit-profesional-fryme-dashurie-ne-tirane-nentor-2007\/#primaryimage"},"image":{"@id":"https:\/\/orthodoxalbania.org\/2020\/2007\/02\/26\/diplomohen-studentet-e-institutit-profesional-fryme-dashurie-ne-tirane-nentor-2007\/#primaryimage"},"thumbnailUrl":"https:\/\/lh3.googleusercontent.com\/-7ITwT__e32w\/VIrY94EGx7I\/AAAAAAAAHE4\/CQ2W9HG9_Pg\/w400-h239-no\/pic1.jpg","datePublished":"2007-02-26T00:00:00+00:00","dateModified":"2020-04-06T20:35:36+00:00","breadcrumb":{"@id":"https:\/\/orthodoxalbania.org\/2020\/2007\/02\/26\/diplomohen-studentet-e-institutit-profesional-fryme-dashurie-ne-tirane-nentor-2007\/#breadcrumb"},"inLanguage":"en-US","potentialAction":[{"@type":"ReadAction","target":["https:\/\/orthodoxalbania.org\/2020\/2007\/02\/26\/diplomohen-studentet-e-institutit-profesional-fryme-dashurie-ne-tirane-nentor-2007\/"]}]},{"@type":"ImageObject","inLanguage":"en-US","@id":"https:\/\/orthodoxalbania.org\/2020\/2007\/02\/26\/diplomohen-studentet-e-institutit-profesional-fryme-dashurie-ne-tirane-nentor-2007\/#primaryimage","url":"https:\/\/lh3.googleusercontent.com\/-7ITwT__e32w\/VIrY94EGx7I\/AAAAAAAAHE4\/CQ2W9HG9_Pg\/w400-h239-no\/pic1.jpg","contentUrl":"https:\/\/lh3.googleusercontent.com\/-7ITwT__e32w\/VIrY94EGx7I\/AAAAAAAAHE4\/CQ2W9HG9_Pg\/w400-h239-no\/pic1.jpg"},{"@type":"BreadcrumbList","@id":"https:\/\/orthodoxalbania.org\/2020\/2007\/02\/26\/diplomohen-studentet-e-institutit-profesional-fryme-dashurie-ne-tirane-nentor-2007\/#breadcrumb","itemListElement":[{"@type":"ListItem","position":1,"name":"Home","item":"https:\/\/orthodoxalbania.org\/2020\/"},{"@type":"ListItem","position":2,"name":"Diplomohen student\u00ebt e Institutit Profesional \u201cFrym\u00eb Dashurie\u201d n\u00eb Tiran\u00eb. (N\u00ebntor 2007)"}]},{"@type":"WebSite","@id":"https:\/\/orthodoxalbania.org\/2020\/#website","url":"https:\/\/orthodoxalbania.org\/2020\/","name":"Kisha Orthodh\u03bfkse Autoqefale e Shqip\u00ebris\u00eb","description":"Fqja Zyrtare e Kish\u00ebs Orthodhokse Autoqefale e Shqip\u00ebris\u00eb me lajmet edhe informacionet zyrtare p\u00ebr struktur\u00ebn edhe veprimtarin e saj.","publisher":{"@id":"https:\/\/orthodoxalbania.org\/2020\/#organization"},"potentialAction":[{"@type":"SearchAction","target":{"@type":"EntryPoint","urlTemplate":"https:\/\/orthodoxalbania.org\/2020\/?s={search_term_string}"},"query-input":{"@type":"PropertyValueSpecification","valueRequired":true,"valueName":"search_term_string"}}],"inLanguage":"en-US"},{"@type":"Organization","@id":"https:\/\/orthodoxalbania.org\/2020\/#organization","name":"Kisha Orthodhokse Autoqefale e Shqip\u00ebris\u00eb","url":"https:\/\/orthodoxalbania.org\/2020\/","logo":{"@type":"ImageObject","inLanguage":"en-US","@id":"https:\/\/orthodoxalbania.org\/2020\/#\/schema\/logo\/image\/","url":"https:\/\/orthodoxalbania.org\/2020\/wp-content\/uploads\/2020\/05\/albania.jpeg","contentUrl":"https:\/\/orthodoxalbania.org\/2020\/wp-content\/uploads\/2020\/05\/albania.jpeg","width":540,"height":540,"caption":"Kisha Orthodhokse Autoqefale e Shqip\u00ebris\u00eb"},"image":{"@id":"https:\/\/orthodoxalbania.org\/2020\/#\/schema\/logo\/image\/"},"sameAs":["https:\/\/www.facebook.com\/koash1991"]},{"@type":"Person","@id":"https:\/\/orthodoxalbania.org\/2020\/#\/schema\/person\/0c387634a7063ac612d7ed9ce71c7e86","name":"Kisha Orthodhokse","image":{"@type":"ImageObject","inLanguage":"en-US","@id":"https:\/\/secure.gravatar.com\/avatar\/596e7c417251e30f2fbb9c00e026fce61a695a00e51c889caded71c96cbbdde5?s=96&d=mm&r=g","url":"https:\/\/secure.gravatar.com\/avatar\/596e7c417251e30f2fbb9c00e026fce61a695a00e51c889caded71c96cbbdde5?s=96&d=mm&r=g","contentUrl":"https:\/\/secure.gravatar.com\/avatar\/596e7c417251e30f2fbb9c00e026fce61a695a00e51c889caded71c96cbbdde5?s=96&d=mm&r=g","caption":"Kisha Orthodhokse"}}]}},"_links":{"self":[{"href":"https:\/\/orthodoxalbania.org\/2020\/wp-json\/wp\/v2\/posts\/161","targetHints":{"allow":["GET"]}}],"collection":[{"href":"https:\/\/orthodoxalbania.org\/2020\/wp-json\/wp\/v2\/posts"}],"about":[{"href":"https:\/\/orthodoxalbania.org\/2020\/wp-json\/wp\/v2\/types\/post"}],"author":[{"embeddable":true,"href":"https:\/\/orthodoxalbania.org\/2020\/wp-json\/wp\/v2\/users\/1"}],"replies":[{"embeddable":true,"href":"https:\/\/orthodoxalbania.org\/2020\/wp-json\/wp\/v2\/comments?post=161"}],"version-history":[{"count":1,"href":"https:\/\/orthodoxalbania.org\/2020\/wp-json\/wp\/v2\/posts\/161\/revisions"}],"predecessor-version":[{"id":15719,"href":"https:\/\/orthodoxalbania.org\/2020\/wp-json\/wp\/v2\/posts\/161\/revisions\/15719"}],"wp:attachment":[{"href":"https:\/\/orthodoxalbania.org\/2020\/wp-json\/wp\/v2\/media?parent=161"}],"wp:term":[{"taxonomy":"category","embeddable":true,"href":"https:\/\/orthodoxalbania.org\/2020\/wp-json\/wp\/v2\/categories?post=161"},{"taxonomy":"post_tag","embeddable":true,"href":"https:\/\/orthodoxalbania.org\/2020\/wp-json\/wp\/v2\/tags?post=161"}],"curies":[{"name":"wp","href":"https:\/\/api.w.org\/{rel}","templated":true}]}}