{"id":158,"date":"2013-03-20T13:08:02","date_gmt":"2013-03-20T13:08:02","guid":{"rendered":""},"modified":"2020-04-06T22:32:17","modified_gmt":"2020-04-06T20:32:17","slug":"deklarate-per-shtyp-per-ceshtjen-e-rrugices-ne-varrezen-e-manastirit-te-boboshtices-ate-jani-trebicka","status":"publish","type":"post","link":"https:\/\/orthodoxalbania.org\/2020\/2013\/03\/20\/deklarate-per-shtyp-per-ceshtjen-e-rrugices-ne-varrezen-e-manastirit-te-boboshtices-ate-jani-trebicka\/","title":{"rendered":"Deklarat\u00eb p\u00ebr shtyp p\u00ebr \u00e7\u00ebshtjen e rrugic\u00ebs n\u00eb varrez\u00ebn e manastirit t\u00eb Boboshtic\u00ebs  &#8211; At\u00eb Jani Trebicka &#8211; (29 Tetor 2010)"},"content":{"rendered":"<div class=\"style10\" style=\"font-size: 18px; text-align: justify;\"><span style=\"color: #000000; font-family: helvetica; font-size: 12pt;\">&nbsp;&nbsp;&nbsp; N\u00eb p\u00ebrgjigje t\u00eb artikullit t\u00eb z. Juljana Dhimitri, t\u00eb shkruar n\u00eb gazet\u00ebn \u201cShqip\u201d, t\u00eb dt. 25 tetor, deklaroj:<br \/> Q\u00eb nga viti 2004 jam p\u00ebrgjegj\u00ebs p\u00ebr Manastirin e \u201cFjetjes s\u00eb Hyjlind\u00ebses\u201d, n\u00eb fshatin Boboshtic\u00eb. P\u00ebrpara 14-15 vjet\u00ebsh nj\u00eb banor i k\u00ebtij fshati ngriti nj\u00eb kryq betoni n\u00eb hyrje t\u00eb manastirit, ku \u00ebsht\u00eb dhe nj\u00eb varrez\u00eb e vog\u00ebl e vjet\u00ebr, p\u00ebr nder t\u00eb dy ushtar\u00ebve grek\u00eb t\u00eb vrar\u00eb gjat\u00eb Luft\u00ebs s\u00eb dyt\u00eb bot\u00ebrore. Para pak kohe, kur u ktheva nga Tirana dhe shkova n\u00eb manastir gjeta tek kryqi dy persona q\u00eb punonin dhe pash\u00eb se kishin hedhur beton rreth kryqit dhe shtruar nj\u00eb rrugic\u00eb betoni n\u00eb mes t\u00eb varreve. I shqet\u00ebsuar k\u00ebrkova t\u00eb kontaktoja me ata q\u00eb kishin urdh\u00ebruar dhe paguar p\u00ebr k\u00ebt\u00eb pun\u00eb, si dhe me banor\u00ebt e fshatit, gjysh\u00ebrit e t\u00eb cil\u00ebve prehen atje.<\/span><\/div>\n<div class=\"style10\" style=\"font-size: 18px; text-align: justify;\"><span style=\"font-family: helvetica; font-size: 12pt;\"><\/span><\/div>\n<div class=\"style10\" style=\"font-size: 18px; text-align: justify;\"><span style=\"color: #000000; font-family: helvetica; font-size: 12pt;\">&nbsp;&nbsp;&nbsp; Kontaktova dhe me drejtues t\u00eb Omonias q\u00eb kishin investuar, t\u00eb cil\u00ebt u justifikuan se nuk kishin marr\u00eb lej\u00eb nga kisha, p\u00ebr arsye se ajo ishte varrez\u00eb e fshatit. Si p\u00ebrfundim, u vendos, q\u00eb rrugica n\u00eb mes t\u00eb varreve t\u00eb prishej. Meq\u00eb do largohesha disa dit\u00eb p\u00ebr n\u00eb Tiran\u00eb dhash\u00eb porosi q\u00eb t\u00eb mos lejohej asnj\u00eb pun\u00eb, deri sa t\u00eb prishej rrugica. Dhe, q\u00eb n\u00eb qoft\u00eb se kjo nuk b\u00ebhej, lash\u00eb porosi ta b\u00ebnin vet\u00eb disa nga banor\u00ebt.<\/span><\/div>\n<div class=\"style10\" style=\"font-size: 18px; text-align: justify;\"><span style=\"font-family: helvetica; font-size: 12pt;\"><\/span><\/div>\n<div class=\"style10\" style=\"font-size: 18px; text-align: justify;\"><span style=\"color: #000000; font-family: helvetica; font-size: 12pt;\">&nbsp;&nbsp;&nbsp; Por prishja e pjes\u00ebs q\u00eb kalon n\u00eb varre u zvarrit dhe dit\u00ebn q\u00eb po kthehesha p\u00ebrs\u00ebri n\u00eb Kor\u00e7\u00eb m\u00ebsova p\u00ebr artikullin krejt t\u00eb pabaz\u00eb e dashakeq q\u00eb ishte shkruar, ku mua me akuzonin n\u00eb m\u00ebnyr\u00eb plot\u00ebsisht t\u00eb pav\u00ebrtet\u00eb se kisha autorizuar k\u00ebt\u00eb nd\u00ebrtim t\u00eb paligjsh\u00ebm.<\/span><\/div>\n<div class=\"style10\" style=\"font-size: 18px; text-align: justify;\"><span style=\"font-family: helvetica; font-size: 12pt;\"><\/span><\/div>\n<div style=\"text-align: justify;\"><span style=\"color: #000000; font-family: helvetica; font-size: 12pt;\"><span class=\"style10\">&nbsp;&nbsp;&nbsp; U revoltova edhe p\u00ebr akuzat qesharake dhe p\u00ebrpjekjen qartazi tendencioze dhe pa asnj\u00eb lidhje p\u00ebr t\u00eb p\u00ebrzier n\u00eb k\u00ebt\u00eb \u00e7\u00ebshtje emrin e Kryepiskopit Anastas. \u00cbsht\u00eb b\u00ebr\u00eb rrug\u00eb tashm\u00eb q\u00eb nga disa qarqe dhe media her\u00eb pas here t\u00eb b\u00ebhen akuza t\u00eb sajuara t\u00eb pa asnj\u00eb baz\u00eb kund\u00ebr Kish\u00ebs Orthodhokse, Kryebariut t\u00eb saj dhe hierark\u00ebve t\u00eb tjer\u00eb. Njer\u00ebz t\u00eb pap\u00ebrgjegjsh\u00ebm dhe dashakeq\u00eb, p\u00ebr t\u00eb b\u00ebr\u00eb sensacion, mundohen t\u00eb argumentojn\u00eb se e bardha \u00ebsht\u00eb e zez\u00eb dhe e zeza e bardh\u00eb. Raste si Boboshtica, kur veprojn\u00eb t\u00eb tjer\u00eb, por n\u00eb vend t\u00eb tyre, n\u00eb media akuzohet Kisha, jan\u00eb t\u00eb p\u00ebrs\u00ebritura. P\u00ebr 4 m2 beton, me trash\u00ebsi 10 cm, q\u00eb mund t\u00eb thyhet p\u00ebr gjysm\u00eb ore nga nj\u00eb njeri i vet\u00ebm, thuren akuza ekstreme dhe t\u00eb shkruhen artikuj pa fund. Por p\u00ebrgjigjen e kemi gjithmon\u00eb nga Ungjilli dhe citojm\u00eb fjal\u00ebt e Zotit Krisht n\u00eb Kryq: \u201cNdjeji o At\u00eb se nuk din\u00eb se \u00e7\u2019b\u00ebjn\u00eb\u201d.<br \/> <\/span><\/span><\/div>\n<div style=\"text-align: justify;\"><span style=\"font-family: helvetica; font-size: 12pt;\"><\/span><\/div>\n<div style=\"text-align: justify;\"><span style=\"font-family: helvetica; font-size: 12pt;\"><\/span><\/div>\n<div style=\"text-align: right;\"><span style=\"color: #000000; font-family: helvetica; font-size: 12pt;\"><span class=\"style10\"><strong>At\u00eb Jani Trebicka<\/strong><br \/> Kor\u00e7\u00eb, 29 tetor 2010<\/span><\/span><\/div>\n","protected":false},"excerpt":{"rendered":"<p>&nbsp;&nbsp;&nbsp; N\u00eb p\u00ebrgjigje t\u00eb artikullit t\u00eb z. Juljana Dhimitri, t\u00eb shkruar n\u00eb gazet\u00ebn \u201cShqip\u201d, t\u00eb dt. 25 tetor, deklaroj: Q\u00eb nga viti 2004 jam p\u00ebrgjegj\u00ebs p\u00ebr Manastirin e \u201cFjetjes s\u00eb Hyjlind\u00ebses\u201d, n\u00eb fshatin Boboshtic\u00eb. P\u00ebrpara 14-15 vjet\u00ebsh nj\u00eb banor i k\u00ebtij fshati ngriti nj\u00eb kryq betoni n\u00eb hyrje t\u00eb manastirit, ku \u00ebsht\u00eb dhe nj\u00eb varrez\u00eb e vog\u00ebl e vjet\u00ebr, p\u00ebr nder t\u00eb dy ushtar\u00ebve grek\u00eb<\/p>\n","protected":false},"author":1,"featured_media":0,"comment_status":"open","ping_status":"open","sticky":false,"template":"","format":"standard","meta":{"_acf_changed":false,"pagelayer_contact_templates":[],"_pagelayer_content":"","inline_featured_image":false,"fifu_image_url":"","fifu_image_alt":"","footnotes":""},"categories":[108],"tags":[144,153,196,212,181,203],"class_list":["post-158","post","type-post","status-publish","format-standard","hentry","category-lajme","tag-144","tag-deklarata-njoftime-zyrtare-d75","tag-tirane","tag-lajme-d27","tag-korce","tag-pergjigje-ndaj-akuzave"],"acf":[],"yoast_head":"<!-- This site is optimized with the Yoast SEO plugin v27.2 - https:\/\/yoast.com\/product\/yoast-seo-wordpress\/ -->\n<title>Deklarat\u00eb p\u00ebr shtyp p\u00ebr \u00e7\u00ebshtjen e rrugic\u00ebs n\u00eb varrez\u00ebn e manastirit t\u00eb Boboshtic\u00ebs - At\u00eb Jani Trebicka - (29 Tetor 2010) - Kisha Orthodh\u03bfkse Autoqefale e Shqip\u00ebris\u00eb<\/title>\n<meta name=\"robots\" content=\"index, follow, max-snippet:-1, max-image-preview:large, max-video-preview:-1\" \/>\n<link rel=\"canonical\" href=\"https:\/\/orthodoxalbania.org\/2020\/2013\/03\/20\/deklarate-per-shtyp-per-ceshtjen-e-rrugices-ne-varrezen-e-manastirit-te-boboshtices-ate-jani-trebicka\/\" \/>\n<meta property=\"og:locale\" content=\"en_US\" \/>\n<meta property=\"og:type\" content=\"article\" \/>\n<meta property=\"og:title\" content=\"Deklarat\u00eb p\u00ebr shtyp p\u00ebr \u00e7\u00ebshtjen e rrugic\u00ebs n\u00eb varrez\u00ebn e manastirit t\u00eb Boboshtic\u00ebs - At\u00eb Jani Trebicka - (29 Tetor 2010) - Kisha Orthodh\u03bfkse Autoqefale e Shqip\u00ebris\u00eb\" \/>\n<meta property=\"og:description\" content=\"&nbsp;&nbsp;&nbsp; N\u00eb p\u00ebrgjigje t\u00eb artikullit t\u00eb z. Juljana Dhimitri, t\u00eb shkruar n\u00eb gazet\u00ebn \u201cShqip\u201d, t\u00eb dt. 25 tetor, deklaroj: Q\u00eb nga viti 2004 jam p\u00ebrgjegj\u00ebs p\u00ebr Manastirin e \u201cFjetjes s\u00eb Hyjlind\u00ebses\u201d, n\u00eb fshatin Boboshtic\u00eb. P\u00ebrpara 14-15 vjet\u00ebsh nj\u00eb banor i k\u00ebtij fshati ngriti nj\u00eb kryq betoni n\u00eb hyrje t\u00eb manastirit, ku \u00ebsht\u00eb dhe nj\u00eb varrez\u00eb e vog\u00ebl e vjet\u00ebr, p\u00ebr nder t\u00eb dy ushtar\u00ebve grek\u00eb\" \/>\n<meta property=\"og:url\" content=\"https:\/\/orthodoxalbania.org\/2020\/2013\/03\/20\/deklarate-per-shtyp-per-ceshtjen-e-rrugices-ne-varrezen-e-manastirit-te-boboshtices-ate-jani-trebicka\/\" \/>\n<meta property=\"og:site_name\" content=\"Kisha Orthodh\u03bfkse Autoqefale e Shqip\u00ebris\u00eb\" \/>\n<meta property=\"article:publisher\" content=\"https:\/\/www.facebook.com\/koash1991\" \/>\n<meta property=\"article:published_time\" content=\"2013-03-20T13:08:02+00:00\" \/>\n<meta property=\"article:modified_time\" content=\"2020-04-06T20:32:17+00:00\" \/>\n<meta property=\"og:image\" content=\"https:\/\/orthodoxalbania.org\/2020\/wp-content\/uploads\/2021\/02\/LogoLastALb-200.png\" \/>\n\t<meta property=\"og:image:width\" content=\"200\" \/>\n\t<meta property=\"og:image:height\" content=\"172\" \/>\n\t<meta property=\"og:image:type\" content=\"image\/png\" \/>\n<meta name=\"author\" content=\"Kisha Orthodhokse\" \/>\n<meta name=\"twitter:card\" content=\"summary_large_image\" \/>\n<meta name=\"twitter:label1\" content=\"Written by\" \/>\n\t<meta name=\"twitter:data1\" content=\"Kisha Orthodhokse\" \/>\n\t<meta name=\"twitter:label2\" content=\"Est. reading time\" \/>\n\t<meta name=\"twitter:data2\" content=\"2 minutes\" \/>\n<script type=\"application\/ld+json\" class=\"yoast-schema-graph\">{\"@context\":\"https:\/\/schema.org\",\"@graph\":[{\"@type\":\"Article\",\"@id\":\"https:\/\/orthodoxalbania.org\/2020\/2013\/03\/20\/deklarate-per-shtyp-per-ceshtjen-e-rrugices-ne-varrezen-e-manastirit-te-boboshtices-ate-jani-trebicka\/#article\",\"isPartOf\":{\"@id\":\"https:\/\/orthodoxalbania.org\/2020\/2013\/03\/20\/deklarate-per-shtyp-per-ceshtjen-e-rrugices-ne-varrezen-e-manastirit-te-boboshtices-ate-jani-trebicka\/\"},\"author\":{\"name\":\"Kisha Orthodhokse\",\"@id\":\"https:\/\/orthodoxalbania.org\/2020\/#\/schema\/person\/0c387634a7063ac612d7ed9ce71c7e86\"},\"headline\":\"Deklarat\u00eb p\u00ebr shtyp p\u00ebr \u00e7\u00ebshtjen e rrugic\u00ebs n\u00eb varrez\u00ebn e manastirit t\u00eb Boboshtic\u00ebs &#8211; At\u00eb Jani Trebicka &#8211; (29 Tetor 2010)\",\"datePublished\":\"2013-03-20T13:08:02+00:00\",\"dateModified\":\"2020-04-06T20:32:17+00:00\",\"mainEntityOfPage\":{\"@id\":\"https:\/\/orthodoxalbania.org\/2020\/2013\/03\/20\/deklarate-per-shtyp-per-ceshtjen-e-rrugices-ne-varrezen-e-manastirit-te-boboshtices-ate-jani-trebicka\/\"},\"wordCount\":509,\"commentCount\":0,\"publisher\":{\"@id\":\"https:\/\/orthodoxalbania.org\/2020\/#organization\"},\"keywords\":[\"2010\",\"Deklarata - Njoftime Zyrtare\",\"Kryepiskopata Tiran\u00eb\",\"lajme\",\"Mitropolia Kor\u00e7\u00eb\",\"P\u00ebrgjigje ndaj akuzave\"],\"articleSection\":[\"Lajme\"],\"inLanguage\":\"en-US\"},{\"@type\":\"WebPage\",\"@id\":\"https:\/\/orthodoxalbania.org\/2020\/2013\/03\/20\/deklarate-per-shtyp-per-ceshtjen-e-rrugices-ne-varrezen-e-manastirit-te-boboshtices-ate-jani-trebicka\/\",\"url\":\"https:\/\/orthodoxalbania.org\/2020\/2013\/03\/20\/deklarate-per-shtyp-per-ceshtjen-e-rrugices-ne-varrezen-e-manastirit-te-boboshtices-ate-jani-trebicka\/\",\"name\":\"Deklarat\u00eb p\u00ebr shtyp p\u00ebr \u00e7\u00ebshtjen e rrugic\u00ebs n\u00eb varrez\u00ebn e manastirit t\u00eb Boboshtic\u00ebs - At\u00eb Jani Trebicka - (29 Tetor 2010) - Kisha Orthodh\u03bfkse Autoqefale e Shqip\u00ebris\u00eb\",\"isPartOf\":{\"@id\":\"https:\/\/orthodoxalbania.org\/2020\/#website\"},\"datePublished\":\"2013-03-20T13:08:02+00:00\",\"dateModified\":\"2020-04-06T20:32:17+00:00\",\"breadcrumb\":{\"@id\":\"https:\/\/orthodoxalbania.org\/2020\/2013\/03\/20\/deklarate-per-shtyp-per-ceshtjen-e-rrugices-ne-varrezen-e-manastirit-te-boboshtices-ate-jani-trebicka\/#breadcrumb\"},\"inLanguage\":\"en-US\",\"potentialAction\":[{\"@type\":\"ReadAction\",\"target\":[\"https:\/\/orthodoxalbania.org\/2020\/2013\/03\/20\/deklarate-per-shtyp-per-ceshtjen-e-rrugices-ne-varrezen-e-manastirit-te-boboshtices-ate-jani-trebicka\/\"]}]},{\"@type\":\"BreadcrumbList\",\"@id\":\"https:\/\/orthodoxalbania.org\/2020\/2013\/03\/20\/deklarate-per-shtyp-per-ceshtjen-e-rrugices-ne-varrezen-e-manastirit-te-boboshtices-ate-jani-trebicka\/#breadcrumb\",\"itemListElement\":[{\"@type\":\"ListItem\",\"position\":1,\"name\":\"Home\",\"item\":\"https:\/\/orthodoxalbania.org\/2020\/\"},{\"@type\":\"ListItem\",\"position\":2,\"name\":\"Deklarat\u00eb p\u00ebr shtyp p\u00ebr \u00e7\u00ebshtjen e rrugic\u00ebs n\u00eb varrez\u00ebn e manastirit t\u00eb Boboshtic\u00ebs &#8211; At\u00eb Jani Trebicka &#8211; (29 Tetor 2010)\"}]},{\"@type\":\"WebSite\",\"@id\":\"https:\/\/orthodoxalbania.org\/2020\/#website\",\"url\":\"https:\/\/orthodoxalbania.org\/2020\/\",\"name\":\"Kisha Orthodh\u03bfkse Autoqefale e Shqip\u00ebris\u00eb\",\"description\":\"Fqja Zyrtare e Kish\u00ebs Orthodhokse Autoqefale e Shqip\u00ebris\u00eb me lajmet edhe informacionet zyrtare p\u00ebr struktur\u00ebn edhe veprimtarin e saj.\",\"publisher\":{\"@id\":\"https:\/\/orthodoxalbania.org\/2020\/#organization\"},\"potentialAction\":[{\"@type\":\"SearchAction\",\"target\":{\"@type\":\"EntryPoint\",\"urlTemplate\":\"https:\/\/orthodoxalbania.org\/2020\/?s={search_term_string}\"},\"query-input\":{\"@type\":\"PropertyValueSpecification\",\"valueRequired\":true,\"valueName\":\"search_term_string\"}}],\"inLanguage\":\"en-US\"},{\"@type\":\"Organization\",\"@id\":\"https:\/\/orthodoxalbania.org\/2020\/#organization\",\"name\":\"Kisha Orthodhokse Autoqefale e Shqip\u00ebris\u00eb\",\"url\":\"https:\/\/orthodoxalbania.org\/2020\/\",\"logo\":{\"@type\":\"ImageObject\",\"inLanguage\":\"en-US\",\"@id\":\"https:\/\/orthodoxalbania.org\/2020\/#\/schema\/logo\/image\/\",\"url\":\"https:\/\/orthodoxalbania.org\/2020\/wp-content\/uploads\/2020\/05\/albania.jpeg\",\"contentUrl\":\"https:\/\/orthodoxalbania.org\/2020\/wp-content\/uploads\/2020\/05\/albania.jpeg\",\"width\":540,\"height\":540,\"caption\":\"Kisha Orthodhokse Autoqefale e Shqip\u00ebris\u00eb\"},\"image\":{\"@id\":\"https:\/\/orthodoxalbania.org\/2020\/#\/schema\/logo\/image\/\"},\"sameAs\":[\"https:\/\/www.facebook.com\/koash1991\"]},{\"@type\":\"Person\",\"@id\":\"https:\/\/orthodoxalbania.org\/2020\/#\/schema\/person\/0c387634a7063ac612d7ed9ce71c7e86\",\"name\":\"Kisha Orthodhokse\",\"image\":{\"@type\":\"ImageObject\",\"inLanguage\":\"en-US\",\"@id\":\"https:\/\/secure.gravatar.com\/avatar\/596e7c417251e30f2fbb9c00e026fce61a695a00e51c889caded71c96cbbdde5?s=96&d=mm&r=g\",\"url\":\"https:\/\/secure.gravatar.com\/avatar\/596e7c417251e30f2fbb9c00e026fce61a695a00e51c889caded71c96cbbdde5?s=96&d=mm&r=g\",\"contentUrl\":\"https:\/\/secure.gravatar.com\/avatar\/596e7c417251e30f2fbb9c00e026fce61a695a00e51c889caded71c96cbbdde5?s=96&d=mm&r=g\",\"caption\":\"Kisha Orthodhokse\"}}]}<\/script>\n<!-- \/ Yoast SEO plugin. -->","yoast_head_json":{"title":"Deklarat\u00eb p\u00ebr shtyp p\u00ebr \u00e7\u00ebshtjen e rrugic\u00ebs n\u00eb varrez\u00ebn e manastirit t\u00eb Boboshtic\u00ebs - At\u00eb Jani Trebicka - (29 Tetor 2010) - Kisha Orthodh\u03bfkse Autoqefale e Shqip\u00ebris\u00eb","robots":{"index":"index","follow":"follow","max-snippet":"max-snippet:-1","max-image-preview":"max-image-preview:large","max-video-preview":"max-video-preview:-1"},"canonical":"https:\/\/orthodoxalbania.org\/2020\/2013\/03\/20\/deklarate-per-shtyp-per-ceshtjen-e-rrugices-ne-varrezen-e-manastirit-te-boboshtices-ate-jani-trebicka\/","og_locale":"en_US","og_type":"article","og_title":"Deklarat\u00eb p\u00ebr shtyp p\u00ebr \u00e7\u00ebshtjen e rrugic\u00ebs n\u00eb varrez\u00ebn e manastirit t\u00eb Boboshtic\u00ebs - At\u00eb Jani Trebicka - (29 Tetor 2010) - Kisha Orthodh\u03bfkse Autoqefale e Shqip\u00ebris\u00eb","og_description":"&nbsp;&nbsp;&nbsp; N\u00eb p\u00ebrgjigje t\u00eb artikullit t\u00eb z. Juljana Dhimitri, t\u00eb shkruar n\u00eb gazet\u00ebn \u201cShqip\u201d, t\u00eb dt. 25 tetor, deklaroj: Q\u00eb nga viti 2004 jam p\u00ebrgjegj\u00ebs p\u00ebr Manastirin e \u201cFjetjes s\u00eb Hyjlind\u00ebses\u201d, n\u00eb fshatin Boboshtic\u00eb. P\u00ebrpara 14-15 vjet\u00ebsh nj\u00eb banor i k\u00ebtij fshati ngriti nj\u00eb kryq betoni n\u00eb hyrje t\u00eb manastirit, ku \u00ebsht\u00eb dhe nj\u00eb varrez\u00eb e vog\u00ebl e vjet\u00ebr, p\u00ebr nder t\u00eb dy ushtar\u00ebve grek\u00eb","og_url":"https:\/\/orthodoxalbania.org\/2020\/2013\/03\/20\/deklarate-per-shtyp-per-ceshtjen-e-rrugices-ne-varrezen-e-manastirit-te-boboshtices-ate-jani-trebicka\/","og_site_name":"Kisha Orthodh\u03bfkse Autoqefale e Shqip\u00ebris\u00eb","article_publisher":"https:\/\/www.facebook.com\/koash1991","article_published_time":"2013-03-20T13:08:02+00:00","article_modified_time":"2020-04-06T20:32:17+00:00","og_image":[{"width":200,"height":172,"url":"https:\/\/orthodoxalbania.org\/2020\/wp-content\/uploads\/2021\/02\/LogoLastALb-200.png","type":"image\/png"}],"author":"Kisha Orthodhokse","twitter_card":"summary_large_image","twitter_misc":{"Written by":"Kisha Orthodhokse","Est. reading time":"2 minutes"},"schema":{"@context":"https:\/\/schema.org","@graph":[{"@type":"Article","@id":"https:\/\/orthodoxalbania.org\/2020\/2013\/03\/20\/deklarate-per-shtyp-per-ceshtjen-e-rrugices-ne-varrezen-e-manastirit-te-boboshtices-ate-jani-trebicka\/#article","isPartOf":{"@id":"https:\/\/orthodoxalbania.org\/2020\/2013\/03\/20\/deklarate-per-shtyp-per-ceshtjen-e-rrugices-ne-varrezen-e-manastirit-te-boboshtices-ate-jani-trebicka\/"},"author":{"name":"Kisha Orthodhokse","@id":"https:\/\/orthodoxalbania.org\/2020\/#\/schema\/person\/0c387634a7063ac612d7ed9ce71c7e86"},"headline":"Deklarat\u00eb p\u00ebr shtyp p\u00ebr \u00e7\u00ebshtjen e rrugic\u00ebs n\u00eb varrez\u00ebn e manastirit t\u00eb Boboshtic\u00ebs &#8211; At\u00eb Jani Trebicka &#8211; (29 Tetor 2010)","datePublished":"2013-03-20T13:08:02+00:00","dateModified":"2020-04-06T20:32:17+00:00","mainEntityOfPage":{"@id":"https:\/\/orthodoxalbania.org\/2020\/2013\/03\/20\/deklarate-per-shtyp-per-ceshtjen-e-rrugices-ne-varrezen-e-manastirit-te-boboshtices-ate-jani-trebicka\/"},"wordCount":509,"commentCount":0,"publisher":{"@id":"https:\/\/orthodoxalbania.org\/2020\/#organization"},"keywords":["2010","Deklarata - Njoftime Zyrtare","Kryepiskopata Tiran\u00eb","lajme","Mitropolia Kor\u00e7\u00eb","P\u00ebrgjigje ndaj akuzave"],"articleSection":["Lajme"],"inLanguage":"en-US"},{"@type":"WebPage","@id":"https:\/\/orthodoxalbania.org\/2020\/2013\/03\/20\/deklarate-per-shtyp-per-ceshtjen-e-rrugices-ne-varrezen-e-manastirit-te-boboshtices-ate-jani-trebicka\/","url":"https:\/\/orthodoxalbania.org\/2020\/2013\/03\/20\/deklarate-per-shtyp-per-ceshtjen-e-rrugices-ne-varrezen-e-manastirit-te-boboshtices-ate-jani-trebicka\/","name":"Deklarat\u00eb p\u00ebr shtyp p\u00ebr \u00e7\u00ebshtjen e rrugic\u00ebs n\u00eb varrez\u00ebn e manastirit t\u00eb Boboshtic\u00ebs - At\u00eb Jani Trebicka - (29 Tetor 2010) - Kisha Orthodh\u03bfkse Autoqefale e Shqip\u00ebris\u00eb","isPartOf":{"@id":"https:\/\/orthodoxalbania.org\/2020\/#website"},"datePublished":"2013-03-20T13:08:02+00:00","dateModified":"2020-04-06T20:32:17+00:00","breadcrumb":{"@id":"https:\/\/orthodoxalbania.org\/2020\/2013\/03\/20\/deklarate-per-shtyp-per-ceshtjen-e-rrugices-ne-varrezen-e-manastirit-te-boboshtices-ate-jani-trebicka\/#breadcrumb"},"inLanguage":"en-US","potentialAction":[{"@type":"ReadAction","target":["https:\/\/orthodoxalbania.org\/2020\/2013\/03\/20\/deklarate-per-shtyp-per-ceshtjen-e-rrugices-ne-varrezen-e-manastirit-te-boboshtices-ate-jani-trebicka\/"]}]},{"@type":"BreadcrumbList","@id":"https:\/\/orthodoxalbania.org\/2020\/2013\/03\/20\/deklarate-per-shtyp-per-ceshtjen-e-rrugices-ne-varrezen-e-manastirit-te-boboshtices-ate-jani-trebicka\/#breadcrumb","itemListElement":[{"@type":"ListItem","position":1,"name":"Home","item":"https:\/\/orthodoxalbania.org\/2020\/"},{"@type":"ListItem","position":2,"name":"Deklarat\u00eb p\u00ebr shtyp p\u00ebr \u00e7\u00ebshtjen e rrugic\u00ebs n\u00eb varrez\u00ebn e manastirit t\u00eb Boboshtic\u00ebs &#8211; At\u00eb Jani Trebicka &#8211; (29 Tetor 2010)"}]},{"@type":"WebSite","@id":"https:\/\/orthodoxalbania.org\/2020\/#website","url":"https:\/\/orthodoxalbania.org\/2020\/","name":"Kisha Orthodh\u03bfkse Autoqefale e Shqip\u00ebris\u00eb","description":"Fqja Zyrtare e Kish\u00ebs Orthodhokse Autoqefale e Shqip\u00ebris\u00eb me lajmet edhe informacionet zyrtare p\u00ebr struktur\u00ebn edhe veprimtarin e saj.","publisher":{"@id":"https:\/\/orthodoxalbania.org\/2020\/#organization"},"potentialAction":[{"@type":"SearchAction","target":{"@type":"EntryPoint","urlTemplate":"https:\/\/orthodoxalbania.org\/2020\/?s={search_term_string}"},"query-input":{"@type":"PropertyValueSpecification","valueRequired":true,"valueName":"search_term_string"}}],"inLanguage":"en-US"},{"@type":"Organization","@id":"https:\/\/orthodoxalbania.org\/2020\/#organization","name":"Kisha Orthodhokse Autoqefale e Shqip\u00ebris\u00eb","url":"https:\/\/orthodoxalbania.org\/2020\/","logo":{"@type":"ImageObject","inLanguage":"en-US","@id":"https:\/\/orthodoxalbania.org\/2020\/#\/schema\/logo\/image\/","url":"https:\/\/orthodoxalbania.org\/2020\/wp-content\/uploads\/2020\/05\/albania.jpeg","contentUrl":"https:\/\/orthodoxalbania.org\/2020\/wp-content\/uploads\/2020\/05\/albania.jpeg","width":540,"height":540,"caption":"Kisha Orthodhokse Autoqefale e Shqip\u00ebris\u00eb"},"image":{"@id":"https:\/\/orthodoxalbania.org\/2020\/#\/schema\/logo\/image\/"},"sameAs":["https:\/\/www.facebook.com\/koash1991"]},{"@type":"Person","@id":"https:\/\/orthodoxalbania.org\/2020\/#\/schema\/person\/0c387634a7063ac612d7ed9ce71c7e86","name":"Kisha Orthodhokse","image":{"@type":"ImageObject","inLanguage":"en-US","@id":"https:\/\/secure.gravatar.com\/avatar\/596e7c417251e30f2fbb9c00e026fce61a695a00e51c889caded71c96cbbdde5?s=96&d=mm&r=g","url":"https:\/\/secure.gravatar.com\/avatar\/596e7c417251e30f2fbb9c00e026fce61a695a00e51c889caded71c96cbbdde5?s=96&d=mm&r=g","contentUrl":"https:\/\/secure.gravatar.com\/avatar\/596e7c417251e30f2fbb9c00e026fce61a695a00e51c889caded71c96cbbdde5?s=96&d=mm&r=g","caption":"Kisha Orthodhokse"}}]}},"_links":{"self":[{"href":"https:\/\/orthodoxalbania.org\/2020\/wp-json\/wp\/v2\/posts\/158","targetHints":{"allow":["GET"]}}],"collection":[{"href":"https:\/\/orthodoxalbania.org\/2020\/wp-json\/wp\/v2\/posts"}],"about":[{"href":"https:\/\/orthodoxalbania.org\/2020\/wp-json\/wp\/v2\/types\/post"}],"author":[{"embeddable":true,"href":"https:\/\/orthodoxalbania.org\/2020\/wp-json\/wp\/v2\/users\/1"}],"replies":[{"embeddable":true,"href":"https:\/\/orthodoxalbania.org\/2020\/wp-json\/wp\/v2\/comments?post=158"}],"version-history":[{"count":1,"href":"https:\/\/orthodoxalbania.org\/2020\/wp-json\/wp\/v2\/posts\/158\/revisions"}],"predecessor-version":[{"id":15455,"href":"https:\/\/orthodoxalbania.org\/2020\/wp-json\/wp\/v2\/posts\/158\/revisions\/15455"}],"wp:attachment":[{"href":"https:\/\/orthodoxalbania.org\/2020\/wp-json\/wp\/v2\/media?parent=158"}],"wp:term":[{"taxonomy":"category","embeddable":true,"href":"https:\/\/orthodoxalbania.org\/2020\/wp-json\/wp\/v2\/categories?post=158"},{"taxonomy":"post_tag","embeddable":true,"href":"https:\/\/orthodoxalbania.org\/2020\/wp-json\/wp\/v2\/tags?post=158"}],"curies":[{"name":"wp","href":"https:\/\/api.w.org\/{rel}","templated":true}]}}