{"id":157,"date":"2013-03-20T12:40:22","date_gmt":"2013-03-20T12:40:22","guid":{"rendered":""},"modified":"2020-04-06T22:32:28","modified_gmt":"2020-04-06T20:32:28","slug":"deklarate-e-lidhjes-se-grave-orthodhokse-te-tiranes-2010","status":"publish","type":"post","link":"https:\/\/orthodoxalbania.org\/2020\/2013\/03\/20\/deklarate-e-lidhjes-se-grave-orthodhokse-te-tiranes-2010\/","title":{"rendered":"Deklarat\u00eb e Lidhjes s\u00eb Grave Orthodhokse t\u00eb Tiran\u00ebs. (2010)"},"content":{"rendered":"<div style=\"text-align: center;\"><span style=\"color: #b22222; font-family: helvetica; font-size: 12pt;\"><strong>L\u00ebreni diellin te shk\u00eblqej\u00eb<\/strong><\/span><\/div>\n<div style=\"text-align: center;\"><span style=\"font-family: helvetica; font-size: 12pt;\"><\/span><\/div>\n<div style=\"text-align: center;\"><span style=\"font-family: helvetica; font-size: 12pt;\"><\/span><\/div>\n<div style=\"text-align: justify;\"><span style=\"font-family: helvetica; font-size: 12pt;\"><span style=\"color: #000000;\">&nbsp;&nbsp;&nbsp; Me dhimbje t\u00eb thell\u00eb kemi lexuar koh\u00ebt e fundit n\u00eb gazeta, disa artikuj jo serioz dhe g\u00ebnjesht\u00ebr mbi figur\u00ebn e nderuar t\u00eb Fortlumturis\u00eb s\u00eb tij, Kryepiskopit Anastas nga njer\u00ebz q\u00eb nuk kan\u00eb fare dijeni p\u00ebr ato q\u00eb shkruajn\u00eb. Por e shohim t\u00eb arsyeshme t\u2019ju parashtrojm\u00eb disa fakte reale t\u00eb kontributit t\u00eb tij t\u00eb \u00e7muar shum\u00eb vje\u00e7ar n\u00eb aspektin shpirt\u00ebror e social n\u00eb ndihm\u00eb t\u00eb komunitetit besimtar dhe njer\u00ebzve n\u00eb nevoj\u00eb.<\/span><\/span><\/div>\n<div style=\"text-align: justify;\"><span style=\"font-family: helvetica; font-size: 12pt;\"><\/span><\/div>\n<div style=\"text-align: justify;\"><span style=\"font-family: helvetica; font-size: 12pt;\"><span style=\"color: #000000;\">&nbsp;&nbsp;&nbsp; 1. Ai ringjalli nga themelet besimin e krishter\u00eb n\u00eb zemrat e besimtar\u00ebve t\u00eb tronditur shum\u00eb r\u00ebnd\u00eb nga regjimi ateist.<br \/> K\u00ebt\u00eb ka b\u00ebr\u00eb n\u00eb radh\u00eb t\u00eb par\u00eb duke ofruar veten e tij n\u00eb frym\u00eb e n\u00eb trup me t\u00eb gjith\u00eb kapacitetin e tij intelektual,shpirt\u00ebror e fizik, duke ndjekur nj\u00eb udh\u00eb t\u00eb gjat\u00eb plot mundime e sakrifica dhe duke shfaqur k\u00ebshtu shembullin e gjall\u00eb t\u00eb nj\u00eb kryebariu q\u00eb e do dhe kujdeset p\u00ebr tuf\u00ebn e tij.<\/span><\/span><\/div>\n<div style=\"text-align: justify;\"><span style=\"font-family: helvetica; font-size: 12pt;\"><\/span><\/div>\n<div style=\"text-align: justify;\"><span style=\"font-family: helvetica; font-size: 12pt;\"><span style=\"color: #000000;\">&nbsp;&nbsp;&nbsp; 2. U restauruan dhe u ngrit\u00ebn nga fillimi dhjet\u00ebra e qindra kisha e disa manastire ku besimtar\u00ebt ushtrojn\u00eb jet\u00ebn e tyre shpirt\u00ebrore,b\u00ebjn\u00eb pelegrinazhe dhe m\u00ebsohen e aft\u00ebsohen t\u00eb vendosin marr\u00ebdh\u00ebnie t\u00eb drejta e mir\u00ebkuptimi n\u00eb familje dhe n\u00eb shoq\u00ebri.<\/span><\/span><\/div>\n<div style=\"text-align: justify;\"><span style=\"font-family: helvetica; font-size: 12pt;\"><\/span><\/div>\n<div style=\"text-align: justify;\"><span style=\"font-family: helvetica; font-size: 12pt;\"><span style=\"color: #000000;\">&nbsp;&nbsp;&nbsp; 3. U hap\u00ebn shkolla t\u00eb nivelit t\u00eb mes\u00ebm e t\u00eb lart\u00eb ne m\u00ebnyr\u00eb q\u00eb brenda vendit t\u00eb p\u00ebrgatit\u00ebn klerik\u00eb e theolog\u00eb pr t\u2019i sh\u00ebrbyer sa m\u00eb mir\u00eb komunitetit besimtar n\u00eb gjuh\u00ebn amtare.<\/span><\/span><\/div>\n<div style=\"text-align: justify;\"><span style=\"font-family: helvetica; font-size: 12pt;\"><\/span><\/div>\n<div style=\"text-align: justify;\"><span style=\"font-family: helvetica; font-size: 12pt;\"><span style=\"color: #000000;\">&nbsp;&nbsp;&nbsp; 4. U p\u00ebrgatit dhe vazhdon t\u00eb p\u00ebrgatitet nj\u00eb literatur\u00eb e pasur fetare si gazeta, revista e libra me t\u00eb cilat besimtar\u00ebt ushqejn\u00eb shpirtrat p\u00ebr t\u00eb mbajtur gjall\u00eb n\u00eb breza besimin e tyre t\u00eb shenjt\u00eb.<br \/> Pra nga sa u tha m\u00eb lart del se Kryepiskopi Anastas ka ndikuar dhe ndikon drejtp\u00ebrs\u00ebdrejti n\u00eb rritjen e emancipimit shpirt\u00ebror t\u00eb nj\u00eb pjese t\u00eb madhe t\u00eb shoq\u00ebris\u00eb shqiptare, e cila reflekton vlera t\u00eb larta morale e shpirt\u00ebrore n\u00eb mbar\u00eb ambientin rrethues.<\/span><\/span><\/div>\n<div style=\"text-align: justify;\"><span style=\"font-family: helvetica; font-size: 12pt;\"><\/span><\/div>\n<div style=\"text-align: justify;\"><span style=\"font-family: helvetica; font-size: 12pt;\"><span style=\"color: #000000;\">&nbsp;&nbsp;&nbsp; Gjithashtu nj\u00eb kontribut jasht\u00ebzakonisht i madh \u00ebsht\u00eb ndihma q\u00eb jep Kryepiskopi Anastas p\u00ebr njer\u00ebzit nevojtar\u00eb t\u00eb kryeqytetit dhe t\u00eb fshatrave p\u00ebrreth Tiran\u00ebs. Q\u00eb n\u00eb vitin 1992 me bekimin e tij,u krijua n\u00eb Kish\u00eb Grupi i Grave orthodhokse i cili prej fillimit ka zhvilluar nj\u00eb aktivitet t\u00eb madh n\u00eb njer\u00ebzit n\u00eb nevoj\u00eb duke shp\u00ebrndar\u00eb pako me ushqime e veshmbathje nga ndihmat e shumta q\u00eb vinin n\u00eb fillim nga vende t\u00eb tjera si Greqia e Qipro e n\u00eb vijim,nga vende t\u00eb tjera. Grupi ushtron veprimtari t\u00eb larmishme n\u00eb familje t\u00eb varfra, n\u00eb burgje dhe azile, n\u00eb f\u00ebmij\u00eb jetim e gra t\u00eb veja, t\u00eb pastreh\u00eb e persona t\u00eb braktisur, t\u00eb s\u00ebmur\u00eb n\u00eb spitale dhe n\u00eb sht\u00ebpi, t\u00eb moshuar dhe persona t\u00eb vetmuar, t\u00eb paaft\u00eb p\u00ebr pun\u00eb e t\u00eb depresuar, lypsa etj. K\u00ebto sh\u00ebrbime drejtohen nga nj\u00eb zyr\u00eb e cila shpeshher\u00eb kooperon me zyra sociale shtet\u00ebrore duke shk\u00ebmbyer p\u00ebrvoja n\u00eb dobi t\u00eb nevojtar\u00ebve. Ndihmat jan\u00eb t\u00eb llojeve t\u00eb ndryshme si ushqime, veshmbathje, ndihm\u00eb financiare etj. Vlen t\u00eb p\u00ebrmenden vizitat q\u00eb b\u00ebhen n\u00eb persona t\u00eb s\u00ebmur\u00eb q\u00eb l\u00ebngojn\u00eb n\u00eb shtrat, bisedat q\u00eb zhvillojm\u00eb me t\u00eb moshuar t\u00eb vetmuar q\u00eb kan\u00eb \u00ebndje p\u00ebr nj\u00eb fjal\u00eb t\u00eb ngroht\u00eb. T\u00eb burgosurit shijojn\u00eb lirin\u00eb kur marrin mesazhin e shpres\u00ebs dhe fjal\u00ebn e shp\u00ebtimit. Lyp\u00ebsit fitojn\u00eb dinjitet dhe provojn\u00eb barazin\u00eb kur dikush ndan buk\u00ebn me ta. \u00c7do jav\u00eb njer\u00ebz nevojtar\u00eb ndihmohen nga zyra e grave q\u00eb financohet n\u00eb mas\u00ebn 70% nga Kryepiskopi Anastas.<\/span><\/span><\/div>\n<div style=\"text-align: justify;\"><span style=\"font-family: helvetica; font-size: 12pt;\"><\/span><\/div>\n<div style=\"text-align: justify;\"><span style=\"font-family: helvetica; font-size: 12pt;\"><span style=\"color: #000000;\">&nbsp;&nbsp; P\u00ebr t\u00eb gjitha k\u00ebto q\u00eb parashtruam a mund ta quajm\u00eb t\u00eb huaj p\u00ebr Shqip\u00ebrin\u00eb k\u00ebt\u00eb personalitet q\u00eb ka kontribuar p\u00ebr 18 vjet radhazi p\u00ebr p\u00ebrparimin, qytet\u00ebrimin dhe transformimin shpirt\u00ebror,kulturor e social t\u00eb shoq\u00ebris\u00eb shqiptare? A nuk e meriton me t\u00eb v\u00ebrtet\u00eb titullin Qytetar nderi i Tiran\u00ebs, q\u00eb e g\u00ebzon prej disa vjet\u00ebsh, ky p\u00ebrhap\u00ebs i nj\u00eb paqeje t\u00eb v\u00ebrtet\u00eb mes flak\u00ebve t\u00eb zjarrit? Dihet se misionar\u00ebt fetar\u00eb zhvillojn\u00eb misionin e tyre apostolik, t\u00eb lir\u00eb n\u00eb t\u00eb gjith\u00eb bot\u00ebn sepse Krishterimi nuk njeh kufi territorial.<\/span><\/span><\/div>\n<div style=\"text-align: justify;\"><span style=\"font-family: helvetica; font-size: 12pt;\"><\/span><\/div>\n<div style=\"text-align: justify;\"><span style=\"font-family: helvetica; font-size: 12pt;\"><span style=\"color: #000000;\">&nbsp;&nbsp;&nbsp; N\u00eb mbyllje shprehim p\u00ebrkufizimin e fundit se p\u00ebr ne, Kryepiskopi Anastas mbetet nj\u00eb udh\u00ebheq\u00ebs i paz\u00ebvend\u00ebsuesh\u00ebm q\u00eb me hir Per\u00ebndie, men\u00e7uri dhe plot vizion drejton Kish\u00ebn Orthodhokse Autoqefale t\u00eb Shqip\u00ebris\u00eb me v\u00ebrtet\u00ebsi dhe pa u l\u00ebkundur nga furtuna e stuhit\u00eb sepse timonin e tij e l\u00ebviz dora e pagabueshme e Per\u00ebndis\u00eb.<\/span><\/span><\/div>\n<div style=\"text-align: justify;\"><span style=\"font-family: helvetica; font-size: 12pt;\"><\/span><\/div>\n<div style=\"text-align: justify;\"><span style=\"font-family: helvetica; font-size: 12pt;\"><\/span><\/div>\n<div style=\"text-align: right;\"><span style=\"font-family: helvetica; font-size: 12pt;\"><span style=\"color: #000000;\">Me respekt<br \/> <strong>Grat\u00eb e Lidhjes Orthodhokse t\u00eb Tiran\u00ebs<\/strong><\/span><\/span><\/div>\n<p style=\"text-align: center;\"><span style=\"font-family: helvetica; font-size: 12pt;\"><\/span><\/p>\n<p style=\"text-align: center;\"><span style=\"font-family: helvetica; font-size: 12pt;\"><img decoding=\"async\" class=\"lazyload HAa Eha\" style=\"border-width: 1px; border-style: solid; margin: 10px;\" alt=\"\" src=\"data:image\/gif;base64,R0lGODlhAQABAAAAACH5BAEKAAEALAAAAAABAAEAAAICTAEAOw==\" data-orig-src=\"https:\/\/lh4.googleusercontent.com\/-Ytm4n2NCmNg\/VKz8JS9wfPI\/AAAAAAAAKNM\/aRXRY-qebXo\/w804-h823-no\/IMG.jpg\" \/><\/span><\/p>\n<p style=\"text-align: justify;\"><span style=\"font-family: helvetica; font-size: 12pt;\"><\/span><\/p>\n","protected":false},"excerpt":{"rendered":"<p>L\u00ebreni diellin te shk\u00eblqej\u00eb &nbsp;&nbsp;&nbsp; Me dhimbje t\u00eb thell\u00eb kemi lexuar koh\u00ebt e fundit n\u00eb gazeta, disa artikuj jo serioz dhe g\u00ebnjesht\u00ebr mbi figur\u00ebn e nderuar t\u00eb Fortlumturis\u00eb s\u00eb tij, Kryepiskopit Anastas nga njer\u00ebz q\u00eb nuk kan\u00eb fare dijeni p\u00ebr ato q\u00eb shkruajn\u00eb. Por e shohim t\u00eb arsyeshme t\u2019ju parashtrojm\u00eb disa fakte reale t\u00eb kontributit t\u00eb tij t\u00eb \u00e7muar shum\u00eb vje\u00e7ar n\u00eb aspektin shpirt\u00ebror e<\/p>\n","protected":false},"author":1,"featured_media":0,"comment_status":"open","ping_status":"open","sticky":false,"template":"","format":"standard","meta":{"_acf_changed":false,"pagelayer_contact_templates":[],"_pagelayer_content":"","inline_featured_image":false,"fifu_image_url":"","fifu_image_alt":"","footnotes":""},"categories":[108],"tags":[144,153,196,212,187,203],"class_list":["post-157","post","type-post","status-publish","format-standard","hentry","category-lajme","tag-144","tag-deklarata-njoftime-zyrtare-d75","tag-tirane","tag-lajme-d27","tag-lidhja-e-grave-orthodhokse","tag-pergjigje-ndaj-akuzave"],"acf":[],"yoast_head":"<!-- This site is optimized with the Yoast SEO plugin v27.2 - https:\/\/yoast.com\/product\/yoast-seo-wordpress\/ -->\n<title>Deklarat\u00eb e Lidhjes s\u00eb Grave Orthodhokse t\u00eb Tiran\u00ebs. (2010) - Kisha Orthodh\u03bfkse Autoqefale e Shqip\u00ebris\u00eb<\/title>\n<meta name=\"robots\" content=\"index, follow, max-snippet:-1, max-image-preview:large, max-video-preview:-1\" \/>\n<link rel=\"canonical\" href=\"https:\/\/orthodoxalbania.org\/2020\/2013\/03\/20\/deklarate-e-lidhjes-se-grave-orthodhokse-te-tiranes-2010\/\" \/>\n<meta property=\"og:locale\" content=\"en_US\" \/>\n<meta property=\"og:type\" content=\"article\" \/>\n<meta property=\"og:title\" content=\"Deklarat\u00eb e Lidhjes s\u00eb Grave Orthodhokse t\u00eb Tiran\u00ebs. (2010) - Kisha Orthodh\u03bfkse Autoqefale e Shqip\u00ebris\u00eb\" \/>\n<meta property=\"og:description\" content=\"L\u00ebreni diellin te shk\u00eblqej\u00eb &nbsp;&nbsp;&nbsp; Me dhimbje t\u00eb thell\u00eb kemi lexuar koh\u00ebt e fundit n\u00eb gazeta, disa artikuj jo serioz dhe g\u00ebnjesht\u00ebr mbi figur\u00ebn e nderuar t\u00eb Fortlumturis\u00eb s\u00eb tij, Kryepiskopit Anastas nga njer\u00ebz q\u00eb nuk kan\u00eb fare dijeni p\u00ebr ato q\u00eb shkruajn\u00eb. Por e shohim t\u00eb arsyeshme t\u2019ju parashtrojm\u00eb disa fakte reale t\u00eb kontributit t\u00eb tij t\u00eb \u00e7muar shum\u00eb vje\u00e7ar n\u00eb aspektin shpirt\u00ebror e\" \/>\n<meta property=\"og:url\" content=\"https:\/\/orthodoxalbania.org\/2020\/2013\/03\/20\/deklarate-e-lidhjes-se-grave-orthodhokse-te-tiranes-2010\/\" \/>\n<meta property=\"og:site_name\" content=\"Kisha Orthodh\u03bfkse Autoqefale e Shqip\u00ebris\u00eb\" \/>\n<meta property=\"article:publisher\" content=\"https:\/\/www.facebook.com\/koash1991\" \/>\n<meta property=\"article:published_time\" content=\"2013-03-20T12:40:22+00:00\" \/>\n<meta property=\"article:modified_time\" content=\"2020-04-06T20:32:28+00:00\" \/>\n<meta property=\"og:image\" content=\"https:\/\/lh4.googleusercontent.com\/-Ytm4n2NCmNg\/VKz8JS9wfPI\/AAAAAAAAKNM\/aRXRY-qebXo\/w804-h823-no\/IMG.jpg\" \/>\n<meta name=\"author\" content=\"Kisha Orthodhokse\" \/>\n<meta name=\"twitter:card\" content=\"summary_large_image\" \/>\n<meta name=\"twitter:label1\" content=\"Written by\" \/>\n\t<meta name=\"twitter:data1\" content=\"Kisha Orthodhokse\" \/>\n\t<meta name=\"twitter:label2\" content=\"Est. reading time\" \/>\n\t<meta name=\"twitter:data2\" content=\"4 minutes\" \/>\n<script type=\"application\/ld+json\" class=\"yoast-schema-graph\">{\"@context\":\"https:\/\/schema.org\",\"@graph\":[{\"@type\":\"Article\",\"@id\":\"https:\/\/orthodoxalbania.org\/2020\/2013\/03\/20\/deklarate-e-lidhjes-se-grave-orthodhokse-te-tiranes-2010\/#article\",\"isPartOf\":{\"@id\":\"https:\/\/orthodoxalbania.org\/2020\/2013\/03\/20\/deklarate-e-lidhjes-se-grave-orthodhokse-te-tiranes-2010\/\"},\"author\":{\"name\":\"Kisha Orthodhokse\",\"@id\":\"https:\/\/orthodoxalbania.org\/2020\/#\/schema\/person\/0c387634a7063ac612d7ed9ce71c7e86\"},\"headline\":\"Deklarat\u00eb e Lidhjes s\u00eb Grave Orthodhokse t\u00eb Tiran\u00ebs. (2010)\",\"datePublished\":\"2013-03-20T12:40:22+00:00\",\"dateModified\":\"2020-04-06T20:32:28+00:00\",\"mainEntityOfPage\":{\"@id\":\"https:\/\/orthodoxalbania.org\/2020\/2013\/03\/20\/deklarate-e-lidhjes-se-grave-orthodhokse-te-tiranes-2010\/\"},\"wordCount\":817,\"commentCount\":0,\"publisher\":{\"@id\":\"https:\/\/orthodoxalbania.org\/2020\/#organization\"},\"image\":{\"@id\":\"https:\/\/orthodoxalbania.org\/2020\/2013\/03\/20\/deklarate-e-lidhjes-se-grave-orthodhokse-te-tiranes-2010\/#primaryimage\"},\"thumbnailUrl\":\"https:\/\/lh4.googleusercontent.com\/-Ytm4n2NCmNg\/VKz8JS9wfPI\/AAAAAAAAKNM\/aRXRY-qebXo\/w804-h823-no\/IMG.jpg\",\"keywords\":[\"2010\",\"Deklarata - Njoftime Zyrtare\",\"Kryepiskopata Tiran\u00eb\",\"lajme\",\"Lidhja e Grave Orthodhokse\",\"P\u00ebrgjigje ndaj akuzave\"],\"articleSection\":[\"Lajme\"],\"inLanguage\":\"en-US\"},{\"@type\":\"WebPage\",\"@id\":\"https:\/\/orthodoxalbania.org\/2020\/2013\/03\/20\/deklarate-e-lidhjes-se-grave-orthodhokse-te-tiranes-2010\/\",\"url\":\"https:\/\/orthodoxalbania.org\/2020\/2013\/03\/20\/deklarate-e-lidhjes-se-grave-orthodhokse-te-tiranes-2010\/\",\"name\":\"Deklarat\u00eb e Lidhjes s\u00eb Grave Orthodhokse t\u00eb Tiran\u00ebs. (2010) - Kisha Orthodh\u03bfkse Autoqefale e Shqip\u00ebris\u00eb\",\"isPartOf\":{\"@id\":\"https:\/\/orthodoxalbania.org\/2020\/#website\"},\"primaryImageOfPage\":{\"@id\":\"https:\/\/orthodoxalbania.org\/2020\/2013\/03\/20\/deklarate-e-lidhjes-se-grave-orthodhokse-te-tiranes-2010\/#primaryimage\"},\"image\":{\"@id\":\"https:\/\/orthodoxalbania.org\/2020\/2013\/03\/20\/deklarate-e-lidhjes-se-grave-orthodhokse-te-tiranes-2010\/#primaryimage\"},\"thumbnailUrl\":\"https:\/\/lh4.googleusercontent.com\/-Ytm4n2NCmNg\/VKz8JS9wfPI\/AAAAAAAAKNM\/aRXRY-qebXo\/w804-h823-no\/IMG.jpg\",\"datePublished\":\"2013-03-20T12:40:22+00:00\",\"dateModified\":\"2020-04-06T20:32:28+00:00\",\"breadcrumb\":{\"@id\":\"https:\/\/orthodoxalbania.org\/2020\/2013\/03\/20\/deklarate-e-lidhjes-se-grave-orthodhokse-te-tiranes-2010\/#breadcrumb\"},\"inLanguage\":\"en-US\",\"potentialAction\":[{\"@type\":\"ReadAction\",\"target\":[\"https:\/\/orthodoxalbania.org\/2020\/2013\/03\/20\/deklarate-e-lidhjes-se-grave-orthodhokse-te-tiranes-2010\/\"]}]},{\"@type\":\"ImageObject\",\"inLanguage\":\"en-US\",\"@id\":\"https:\/\/orthodoxalbania.org\/2020\/2013\/03\/20\/deklarate-e-lidhjes-se-grave-orthodhokse-te-tiranes-2010\/#primaryimage\",\"url\":\"https:\/\/lh4.googleusercontent.com\/-Ytm4n2NCmNg\/VKz8JS9wfPI\/AAAAAAAAKNM\/aRXRY-qebXo\/w804-h823-no\/IMG.jpg\",\"contentUrl\":\"https:\/\/lh4.googleusercontent.com\/-Ytm4n2NCmNg\/VKz8JS9wfPI\/AAAAAAAAKNM\/aRXRY-qebXo\/w804-h823-no\/IMG.jpg\"},{\"@type\":\"BreadcrumbList\",\"@id\":\"https:\/\/orthodoxalbania.org\/2020\/2013\/03\/20\/deklarate-e-lidhjes-se-grave-orthodhokse-te-tiranes-2010\/#breadcrumb\",\"itemListElement\":[{\"@type\":\"ListItem\",\"position\":1,\"name\":\"Home\",\"item\":\"https:\/\/orthodoxalbania.org\/2020\/\"},{\"@type\":\"ListItem\",\"position\":2,\"name\":\"Deklarat\u00eb e Lidhjes s\u00eb Grave Orthodhokse t\u00eb Tiran\u00ebs. (2010)\"}]},{\"@type\":\"WebSite\",\"@id\":\"https:\/\/orthodoxalbania.org\/2020\/#website\",\"url\":\"https:\/\/orthodoxalbania.org\/2020\/\",\"name\":\"Kisha Orthodh\u03bfkse Autoqefale e Shqip\u00ebris\u00eb\",\"description\":\"Fqja Zyrtare e Kish\u00ebs Orthodhokse Autoqefale e Shqip\u00ebris\u00eb me lajmet edhe informacionet zyrtare p\u00ebr struktur\u00ebn edhe veprimtarin e saj.\",\"publisher\":{\"@id\":\"https:\/\/orthodoxalbania.org\/2020\/#organization\"},\"potentialAction\":[{\"@type\":\"SearchAction\",\"target\":{\"@type\":\"EntryPoint\",\"urlTemplate\":\"https:\/\/orthodoxalbania.org\/2020\/?s={search_term_string}\"},\"query-input\":{\"@type\":\"PropertyValueSpecification\",\"valueRequired\":true,\"valueName\":\"search_term_string\"}}],\"inLanguage\":\"en-US\"},{\"@type\":\"Organization\",\"@id\":\"https:\/\/orthodoxalbania.org\/2020\/#organization\",\"name\":\"Kisha Orthodhokse Autoqefale e Shqip\u00ebris\u00eb\",\"url\":\"https:\/\/orthodoxalbania.org\/2020\/\",\"logo\":{\"@type\":\"ImageObject\",\"inLanguage\":\"en-US\",\"@id\":\"https:\/\/orthodoxalbania.org\/2020\/#\/schema\/logo\/image\/\",\"url\":\"https:\/\/orthodoxalbania.org\/2020\/wp-content\/uploads\/2020\/05\/albania.jpeg\",\"contentUrl\":\"https:\/\/orthodoxalbania.org\/2020\/wp-content\/uploads\/2020\/05\/albania.jpeg\",\"width\":540,\"height\":540,\"caption\":\"Kisha Orthodhokse Autoqefale e Shqip\u00ebris\u00eb\"},\"image\":{\"@id\":\"https:\/\/orthodoxalbania.org\/2020\/#\/schema\/logo\/image\/\"},\"sameAs\":[\"https:\/\/www.facebook.com\/koash1991\"]},{\"@type\":\"Person\",\"@id\":\"https:\/\/orthodoxalbania.org\/2020\/#\/schema\/person\/0c387634a7063ac612d7ed9ce71c7e86\",\"name\":\"Kisha Orthodhokse\",\"image\":{\"@type\":\"ImageObject\",\"inLanguage\":\"en-US\",\"@id\":\"https:\/\/secure.gravatar.com\/avatar\/596e7c417251e30f2fbb9c00e026fce61a695a00e51c889caded71c96cbbdde5?s=96&d=mm&r=g\",\"url\":\"https:\/\/secure.gravatar.com\/avatar\/596e7c417251e30f2fbb9c00e026fce61a695a00e51c889caded71c96cbbdde5?s=96&d=mm&r=g\",\"contentUrl\":\"https:\/\/secure.gravatar.com\/avatar\/596e7c417251e30f2fbb9c00e026fce61a695a00e51c889caded71c96cbbdde5?s=96&d=mm&r=g\",\"caption\":\"Kisha Orthodhokse\"}}]}<\/script>\n<!-- \/ Yoast SEO plugin. -->","yoast_head_json":{"title":"Deklarat\u00eb e Lidhjes s\u00eb Grave Orthodhokse t\u00eb Tiran\u00ebs. (2010) - Kisha Orthodh\u03bfkse Autoqefale e Shqip\u00ebris\u00eb","robots":{"index":"index","follow":"follow","max-snippet":"max-snippet:-1","max-image-preview":"max-image-preview:large","max-video-preview":"max-video-preview:-1"},"canonical":"https:\/\/orthodoxalbania.org\/2020\/2013\/03\/20\/deklarate-e-lidhjes-se-grave-orthodhokse-te-tiranes-2010\/","og_locale":"en_US","og_type":"article","og_title":"Deklarat\u00eb e Lidhjes s\u00eb Grave Orthodhokse t\u00eb Tiran\u00ebs. (2010) - Kisha Orthodh\u03bfkse Autoqefale e Shqip\u00ebris\u00eb","og_description":"L\u00ebreni diellin te shk\u00eblqej\u00eb &nbsp;&nbsp;&nbsp; Me dhimbje t\u00eb thell\u00eb kemi lexuar koh\u00ebt e fundit n\u00eb gazeta, disa artikuj jo serioz dhe g\u00ebnjesht\u00ebr mbi figur\u00ebn e nderuar t\u00eb Fortlumturis\u00eb s\u00eb tij, Kryepiskopit Anastas nga njer\u00ebz q\u00eb nuk kan\u00eb fare dijeni p\u00ebr ato q\u00eb shkruajn\u00eb. Por e shohim t\u00eb arsyeshme t\u2019ju parashtrojm\u00eb disa fakte reale t\u00eb kontributit t\u00eb tij t\u00eb \u00e7muar shum\u00eb vje\u00e7ar n\u00eb aspektin shpirt\u00ebror e","og_url":"https:\/\/orthodoxalbania.org\/2020\/2013\/03\/20\/deklarate-e-lidhjes-se-grave-orthodhokse-te-tiranes-2010\/","og_site_name":"Kisha Orthodh\u03bfkse Autoqefale e Shqip\u00ebris\u00eb","article_publisher":"https:\/\/www.facebook.com\/koash1991","article_published_time":"2013-03-20T12:40:22+00:00","article_modified_time":"2020-04-06T20:32:28+00:00","og_image":[{"url":"https:\/\/lh4.googleusercontent.com\/-Ytm4n2NCmNg\/VKz8JS9wfPI\/AAAAAAAAKNM\/aRXRY-qebXo\/w804-h823-no\/IMG.jpg","type":"","width":"","height":""}],"author":"Kisha Orthodhokse","twitter_card":"summary_large_image","twitter_misc":{"Written by":"Kisha Orthodhokse","Est. reading time":"4 minutes"},"schema":{"@context":"https:\/\/schema.org","@graph":[{"@type":"Article","@id":"https:\/\/orthodoxalbania.org\/2020\/2013\/03\/20\/deklarate-e-lidhjes-se-grave-orthodhokse-te-tiranes-2010\/#article","isPartOf":{"@id":"https:\/\/orthodoxalbania.org\/2020\/2013\/03\/20\/deklarate-e-lidhjes-se-grave-orthodhokse-te-tiranes-2010\/"},"author":{"name":"Kisha Orthodhokse","@id":"https:\/\/orthodoxalbania.org\/2020\/#\/schema\/person\/0c387634a7063ac612d7ed9ce71c7e86"},"headline":"Deklarat\u00eb e Lidhjes s\u00eb Grave Orthodhokse t\u00eb Tiran\u00ebs. (2010)","datePublished":"2013-03-20T12:40:22+00:00","dateModified":"2020-04-06T20:32:28+00:00","mainEntityOfPage":{"@id":"https:\/\/orthodoxalbania.org\/2020\/2013\/03\/20\/deklarate-e-lidhjes-se-grave-orthodhokse-te-tiranes-2010\/"},"wordCount":817,"commentCount":0,"publisher":{"@id":"https:\/\/orthodoxalbania.org\/2020\/#organization"},"image":{"@id":"https:\/\/orthodoxalbania.org\/2020\/2013\/03\/20\/deklarate-e-lidhjes-se-grave-orthodhokse-te-tiranes-2010\/#primaryimage"},"thumbnailUrl":"https:\/\/lh4.googleusercontent.com\/-Ytm4n2NCmNg\/VKz8JS9wfPI\/AAAAAAAAKNM\/aRXRY-qebXo\/w804-h823-no\/IMG.jpg","keywords":["2010","Deklarata - Njoftime Zyrtare","Kryepiskopata Tiran\u00eb","lajme","Lidhja e Grave Orthodhokse","P\u00ebrgjigje ndaj akuzave"],"articleSection":["Lajme"],"inLanguage":"en-US"},{"@type":"WebPage","@id":"https:\/\/orthodoxalbania.org\/2020\/2013\/03\/20\/deklarate-e-lidhjes-se-grave-orthodhokse-te-tiranes-2010\/","url":"https:\/\/orthodoxalbania.org\/2020\/2013\/03\/20\/deklarate-e-lidhjes-se-grave-orthodhokse-te-tiranes-2010\/","name":"Deklarat\u00eb e Lidhjes s\u00eb Grave Orthodhokse t\u00eb Tiran\u00ebs. (2010) - Kisha Orthodh\u03bfkse Autoqefale e Shqip\u00ebris\u00eb","isPartOf":{"@id":"https:\/\/orthodoxalbania.org\/2020\/#website"},"primaryImageOfPage":{"@id":"https:\/\/orthodoxalbania.org\/2020\/2013\/03\/20\/deklarate-e-lidhjes-se-grave-orthodhokse-te-tiranes-2010\/#primaryimage"},"image":{"@id":"https:\/\/orthodoxalbania.org\/2020\/2013\/03\/20\/deklarate-e-lidhjes-se-grave-orthodhokse-te-tiranes-2010\/#primaryimage"},"thumbnailUrl":"https:\/\/lh4.googleusercontent.com\/-Ytm4n2NCmNg\/VKz8JS9wfPI\/AAAAAAAAKNM\/aRXRY-qebXo\/w804-h823-no\/IMG.jpg","datePublished":"2013-03-20T12:40:22+00:00","dateModified":"2020-04-06T20:32:28+00:00","breadcrumb":{"@id":"https:\/\/orthodoxalbania.org\/2020\/2013\/03\/20\/deklarate-e-lidhjes-se-grave-orthodhokse-te-tiranes-2010\/#breadcrumb"},"inLanguage":"en-US","potentialAction":[{"@type":"ReadAction","target":["https:\/\/orthodoxalbania.org\/2020\/2013\/03\/20\/deklarate-e-lidhjes-se-grave-orthodhokse-te-tiranes-2010\/"]}]},{"@type":"ImageObject","inLanguage":"en-US","@id":"https:\/\/orthodoxalbania.org\/2020\/2013\/03\/20\/deklarate-e-lidhjes-se-grave-orthodhokse-te-tiranes-2010\/#primaryimage","url":"https:\/\/lh4.googleusercontent.com\/-Ytm4n2NCmNg\/VKz8JS9wfPI\/AAAAAAAAKNM\/aRXRY-qebXo\/w804-h823-no\/IMG.jpg","contentUrl":"https:\/\/lh4.googleusercontent.com\/-Ytm4n2NCmNg\/VKz8JS9wfPI\/AAAAAAAAKNM\/aRXRY-qebXo\/w804-h823-no\/IMG.jpg"},{"@type":"BreadcrumbList","@id":"https:\/\/orthodoxalbania.org\/2020\/2013\/03\/20\/deklarate-e-lidhjes-se-grave-orthodhokse-te-tiranes-2010\/#breadcrumb","itemListElement":[{"@type":"ListItem","position":1,"name":"Home","item":"https:\/\/orthodoxalbania.org\/2020\/"},{"@type":"ListItem","position":2,"name":"Deklarat\u00eb e Lidhjes s\u00eb Grave Orthodhokse t\u00eb Tiran\u00ebs. (2010)"}]},{"@type":"WebSite","@id":"https:\/\/orthodoxalbania.org\/2020\/#website","url":"https:\/\/orthodoxalbania.org\/2020\/","name":"Kisha Orthodh\u03bfkse Autoqefale e Shqip\u00ebris\u00eb","description":"Fqja Zyrtare e Kish\u00ebs Orthodhokse Autoqefale e Shqip\u00ebris\u00eb me lajmet edhe informacionet zyrtare p\u00ebr struktur\u00ebn edhe veprimtarin e saj.","publisher":{"@id":"https:\/\/orthodoxalbania.org\/2020\/#organization"},"potentialAction":[{"@type":"SearchAction","target":{"@type":"EntryPoint","urlTemplate":"https:\/\/orthodoxalbania.org\/2020\/?s={search_term_string}"},"query-input":{"@type":"PropertyValueSpecification","valueRequired":true,"valueName":"search_term_string"}}],"inLanguage":"en-US"},{"@type":"Organization","@id":"https:\/\/orthodoxalbania.org\/2020\/#organization","name":"Kisha Orthodhokse Autoqefale e Shqip\u00ebris\u00eb","url":"https:\/\/orthodoxalbania.org\/2020\/","logo":{"@type":"ImageObject","inLanguage":"en-US","@id":"https:\/\/orthodoxalbania.org\/2020\/#\/schema\/logo\/image\/","url":"https:\/\/orthodoxalbania.org\/2020\/wp-content\/uploads\/2020\/05\/albania.jpeg","contentUrl":"https:\/\/orthodoxalbania.org\/2020\/wp-content\/uploads\/2020\/05\/albania.jpeg","width":540,"height":540,"caption":"Kisha Orthodhokse Autoqefale e Shqip\u00ebris\u00eb"},"image":{"@id":"https:\/\/orthodoxalbania.org\/2020\/#\/schema\/logo\/image\/"},"sameAs":["https:\/\/www.facebook.com\/koash1991"]},{"@type":"Person","@id":"https:\/\/orthodoxalbania.org\/2020\/#\/schema\/person\/0c387634a7063ac612d7ed9ce71c7e86","name":"Kisha Orthodhokse","image":{"@type":"ImageObject","inLanguage":"en-US","@id":"https:\/\/secure.gravatar.com\/avatar\/596e7c417251e30f2fbb9c00e026fce61a695a00e51c889caded71c96cbbdde5?s=96&d=mm&r=g","url":"https:\/\/secure.gravatar.com\/avatar\/596e7c417251e30f2fbb9c00e026fce61a695a00e51c889caded71c96cbbdde5?s=96&d=mm&r=g","contentUrl":"https:\/\/secure.gravatar.com\/avatar\/596e7c417251e30f2fbb9c00e026fce61a695a00e51c889caded71c96cbbdde5?s=96&d=mm&r=g","caption":"Kisha Orthodhokse"}}]}},"_links":{"self":[{"href":"https:\/\/orthodoxalbania.org\/2020\/wp-json\/wp\/v2\/posts\/157","targetHints":{"allow":["GET"]}}],"collection":[{"href":"https:\/\/orthodoxalbania.org\/2020\/wp-json\/wp\/v2\/posts"}],"about":[{"href":"https:\/\/orthodoxalbania.org\/2020\/wp-json\/wp\/v2\/types\/post"}],"author":[{"embeddable":true,"href":"https:\/\/orthodoxalbania.org\/2020\/wp-json\/wp\/v2\/users\/1"}],"replies":[{"embeddable":true,"href":"https:\/\/orthodoxalbania.org\/2020\/wp-json\/wp\/v2\/comments?post=157"}],"version-history":[{"count":1,"href":"https:\/\/orthodoxalbania.org\/2020\/wp-json\/wp\/v2\/posts\/157\/revisions"}],"predecessor-version":[{"id":15508,"href":"https:\/\/orthodoxalbania.org\/2020\/wp-json\/wp\/v2\/posts\/157\/revisions\/15508"}],"wp:attachment":[{"href":"https:\/\/orthodoxalbania.org\/2020\/wp-json\/wp\/v2\/media?parent=157"}],"wp:term":[{"taxonomy":"category","embeddable":true,"href":"https:\/\/orthodoxalbania.org\/2020\/wp-json\/wp\/v2\/categories?post=157"},{"taxonomy":"post_tag","embeddable":true,"href":"https:\/\/orthodoxalbania.org\/2020\/wp-json\/wp\/v2\/tags?post=157"}],"curies":[{"name":"wp","href":"https:\/\/api.w.org\/{rel}","templated":true}]}}