{"id":1555,"date":"2009-03-13T10:27:43","date_gmt":"2009-03-13T10:27:43","guid":{"rendered":""},"modified":"2020-04-06T22:35:08","modified_gmt":"2020-04-06T20:35:08","slug":"zhvilloi-punimet-komisioni-nderorthodhoks-parapergatitor-i-sinodit-te-madh-te-shenjte","status":"publish","type":"post","link":"https:\/\/orthodoxalbania.org\/2020\/2009\/03\/13\/zhvilloi-punimet-komisioni-nderorthodhoks-parapergatitor-i-sinodit-te-madh-te-shenjte\/","title":{"rendered":"Zhvilloi punimet Komisioni Nd\u00ebrorthodhoks Parap\u00ebrgatitor i Sinodit t\u00eb Madh t\u00eb Shenjt\u00eb. (9 &#8211; 17 Dhjetor 2009)"},"content":{"rendered":"<div style=\"text-align: justify;\"><span style=\"color: #000000;\"><span style=\"font-family: tahoma,geneva,sans-serif;\"><span style=\"font-size: 12px;\">&nbsp;&nbsp;&nbsp; Nga 9 deri n\u00eb 17 dhjetor 2009 zhvilloi punimet n\u00eb Qendr\u00ebn Orthodhokse t\u00eb Patrikan\u00ebs Ekumenike n\u00eb Chamb\u00e9sy (Gjenev\u00eb) Komisioni Parap\u00ebrgatitor <img decoding=\"async\" class=\"lazyload HAa Eha\" style=\"border-width: 1px; border-style: solid; margin: 5px 10px; float: left;\" alt=\"\" src=\"data:image\/svg+xml,%3Csvg%20xmlns%3D%27http%3A%2F%2Fwww.w3.org%2F2000%2Fsvg%27%20width%3D%27305%27%20height%3D%27216%27%20viewBox%3D%270%200%20305%20216%27%3E%3Crect%20width%3D%27305%27%20height%3D%27216%27%20fill-opacity%3D%220%22%2F%3E%3C%2Fsvg%3E\" data-orig-src=\"https:\/\/lh4.googleusercontent.com\/-sOBlR9m1CKY\/U_2elBPcykI\/AAAAAAAABVU\/MX0lEPah13k\/w789-h557-no\/11.jpg\" height=\"216\" width=\"305\" \/>Nd\u00ebrorthodhoks i Sinodit t\u00eb Madh t\u00eb Shenjt\u00eb t\u00eb Kish\u00ebs Orthodhokse n\u00ebn drejtimin e Hir\u00ebsis\u00eb s\u00eb Tij Mitropolitit t\u00eb Pergamit z. Joan dhe sekretar Hir\u00ebsin\u00eb e Tij, Mitropolitin e Zvicr\u00ebs z. Jeremia. Kisha jon\u00eb u p\u00ebrfaq\u00ebsua nga Hir\u00ebsia e Tij Mitropoliti i Gjirokastr\u00ebs z. Dhimit\u00ebr (an\u00ebtar) dhe teologu z. Pirro Kondili (konsulent). Programi parashikonte diskutimin e tri \u00e7\u00ebshtjeve themelore p\u00ebr Kish\u00ebn Orthodhokse, si autoqefalia dhe dh\u00ebnia e saj, autonomia dhe dh\u00ebnia e saj dhe diptik\u00ebt. <\/span><\/span><\/span><\/div>\n<div style=\"text-align: justify;\">&nbsp;<\/div>\n<div style=\"text-align: justify;\"><span style=\"color: #000000;\"><span style=\"font-family: tahoma,geneva,sans-serif;\"><span style=\"font-size: 12px;\">&nbsp;&nbsp;&nbsp; P\u00ebr arsye kohe u diskutuan vet\u00ebm dy \u00e7\u00ebshtjet e para, nd\u00ebrsa ajo e diptik\u00ebve, s\u00eb bashku me detajet q\u00eb mund t\u00eb rezultojn\u00eb n\u00eb vazhdim prej dy t\u00eb parave, u p\u00ebrcoll\u00ebn p\u00ebr shqyrtim n\u00eb Komisionin e radh\u00ebs. Vlen t\u00eb theksohet se \u00e7do marr\u00ebveshje q\u00eb arrihet n\u00eb punimet e k\u00ebtij lloji k\u00ebrkojn\u00eb unanimitet t\u00eb plot\u00eb t\u00eb t\u00eb gjitha Kishave, prandaj dhe u konsiderua sukses miratimi i tekstit q\u00eb p\u00ebrshkruan m\u00ebnyr\u00ebn e shpalljes s\u00eb autoqefalis\u00eb s\u00eb nj\u00eb Kishe vendore, e cila p\u00ebrbush kriteret e nevojshme: <em>Duke shprehur miratimin e Kish\u00ebs \u2013 m\u00ebm\u00eb dhe konsensusin mbar\u00eborthodhoks, Patriku Ekumenik shpall zyrtarisht autoqefalin\u00eb e Kish\u00ebs q\u00eb e k\u00ebrkon at\u00eb n\u00ebp\u00ebrmjet l\u00ebshimit t\u00eb Tomosit t\u00eb Autoqefalis\u00eb. Tomosi n\u00ebnshkruhet prej Patrikut Ekumenik, me bashk\u00ebd\u00ebshmitar\u00eb n\u00ebp\u00ebrmjet n\u00ebnshkrimi t\u00eb tyre Fortlumturit\u00eb e Tyre Primat\u00ebt e Kishave fort t\u00eb shenjta Orthodhokse, t\u00eb cil\u00ebt ftohen p\u00ebr k\u00ebt\u00eb q\u00ebllim prej Patrikut Ekumenik<\/em>. Po ashtu u konsiderua p\u00ebrparim i duksh\u00ebm edhe hartimi dhe miratimi unanim i tekstit final t\u00eb autonomis\u00eb dhe m\u00ebnyr\u00ebs s\u00eb shpalljes s\u00eb saj.<\/span><\/span><\/span><\/div>\n<div style=\"text-align: justify;\"> <span style=\"color: #000000;\"><span style=\"font-family: tahoma,geneva,sans-serif;\"><span style=\"font-size: 12px;\">&nbsp;&nbsp;&nbsp; Me gjith\u00eb v\u00ebshtir\u00ebsit\u00eb q\u00eb karakterizojn\u00eb veprimtari t\u00eb tilla, ajo q\u00eb mbizot\u00ebroi ishte klima e mir\u00ebkuptimit dhe e d\u00ebshir\u00ebs s\u00eb mir\u00eb t\u00eb t\u00eb gjitha Kishave p\u00ebr t\u00eb shkuar sa m\u00eb par\u00eb drejt t\u00eb shum\u00ebpriturit Sinod t\u00eb Madh t\u00eb Shenjt\u00eb t\u00eb Orthodhoks\u00ebve, i cili do t\u00eb fuqizoj\u00eb unitetin e tyre e do t\u00eb hap\u00eb nj\u00eb faqe t\u00eb re n\u00eb historin\u00eb moderne t\u00eb orthodhoksis\u00eb s\u00eb p\u00ebrbotshme. &nbsp;&nbsp;&nbsp;<\/span><\/span><\/span><\/div>\n<div style=\"text-align: justify;\">&nbsp;<\/div>\n<div style=\"text-align: right;\"><span style=\"color: #000000;\"><span style=\"font-family: tahoma,geneva,sans-serif;\"><span style=\"font-size: 12px;\"><span class=\"style9\"><strong>Pirro Kondili<\/strong><\/span><\/span><\/span><\/span><\/div>\n","protected":false},"excerpt":{"rendered":"<p>&nbsp;&nbsp;&nbsp; Nga 9 deri n\u00eb 17 dhjetor 2009 zhvilloi punimet n\u00eb Qendr\u00ebn Orthodhokse t\u00eb Patrikan\u00ebs Ekumenike n\u00eb Chamb\u00e9sy (Gjenev\u00eb) Komisioni Parap\u00ebrgatitor Nd\u00ebrorthodhoks i Sinodit t\u00eb Madh t\u00eb Shenjt\u00eb t\u00eb Kish\u00ebs Orthodhokse n\u00ebn drejtimin e Hir\u00ebsis\u00eb s\u00eb Tij Mitropolitit t\u00eb Pergamit z. Joan dhe sekretar Hir\u00ebsin\u00eb e Tij, Mitropolitin e Zvicr\u00ebs z. Jeremia. Kisha jon\u00eb u p\u00ebrfaq\u00ebsua nga Hir\u00ebsia e Tij Mitropoliti i Gjirokastr\u00ebs z. Dhimit\u00ebr<\/p>\n","protected":false},"author":1,"featured_media":0,"comment_status":"open","ping_status":"open","sticky":false,"template":"","format":"standard","meta":{"_acf_changed":false,"pagelayer_contact_templates":[],"_pagelayer_content":"","inline_featured_image":false,"fifu_image_url":"","fifu_image_alt":"","footnotes":""},"categories":[108],"tags":[145,153,196,212],"class_list":["post-1555","post","type-post","status-publish","format-standard","hentry","category-lajme","tag-145","tag-deklarata-njoftime-zyrtare-d75","tag-tirane","tag-lajme-d27"],"acf":[],"yoast_head":"<!-- This site is optimized with the Yoast SEO plugin v27.2 - https:\/\/yoast.com\/product\/yoast-seo-wordpress\/ -->\n<title>Zhvilloi punimet Komisioni Nd\u00ebrorthodhoks Parap\u00ebrgatitor i Sinodit t\u00eb Madh t\u00eb Shenjt\u00eb. (9 - 17 Dhjetor 2009) - Kisha Orthodh\u03bfkse Autoqefale e Shqip\u00ebris\u00eb<\/title>\n<meta name=\"robots\" content=\"index, follow, max-snippet:-1, max-image-preview:large, max-video-preview:-1\" \/>\n<link rel=\"canonical\" href=\"https:\/\/orthodoxalbania.org\/2020\/2009\/03\/13\/zhvilloi-punimet-komisioni-nderorthodhoks-parapergatitor-i-sinodit-te-madh-te-shenjte\/\" \/>\n<meta property=\"og:locale\" content=\"en_US\" \/>\n<meta property=\"og:type\" content=\"article\" \/>\n<meta property=\"og:title\" content=\"Zhvilloi punimet Komisioni Nd\u00ebrorthodhoks Parap\u00ebrgatitor i Sinodit t\u00eb Madh t\u00eb Shenjt\u00eb. (9 - 17 Dhjetor 2009) - Kisha Orthodh\u03bfkse Autoqefale e Shqip\u00ebris\u00eb\" \/>\n<meta property=\"og:description\" content=\"&nbsp;&nbsp;&nbsp; Nga 9 deri n\u00eb 17 dhjetor 2009 zhvilloi punimet n\u00eb Qendr\u00ebn Orthodhokse t\u00eb Patrikan\u00ebs Ekumenike n\u00eb Chamb\u00e9sy (Gjenev\u00eb) Komisioni Parap\u00ebrgatitor Nd\u00ebrorthodhoks i Sinodit t\u00eb Madh t\u00eb Shenjt\u00eb t\u00eb Kish\u00ebs Orthodhokse n\u00ebn drejtimin e Hir\u00ebsis\u00eb s\u00eb Tij Mitropolitit t\u00eb Pergamit z. Joan dhe sekretar Hir\u00ebsin\u00eb e Tij, Mitropolitin e Zvicr\u00ebs z. Jeremia. Kisha jon\u00eb u p\u00ebrfaq\u00ebsua nga Hir\u00ebsia e Tij Mitropoliti i Gjirokastr\u00ebs z. Dhimit\u00ebr\" \/>\n<meta property=\"og:url\" content=\"https:\/\/orthodoxalbania.org\/2020\/2009\/03\/13\/zhvilloi-punimet-komisioni-nderorthodhoks-parapergatitor-i-sinodit-te-madh-te-shenjte\/\" \/>\n<meta property=\"og:site_name\" content=\"Kisha Orthodh\u03bfkse Autoqefale e Shqip\u00ebris\u00eb\" \/>\n<meta property=\"article:publisher\" content=\"https:\/\/www.facebook.com\/koash1991\" \/>\n<meta property=\"article:published_time\" content=\"2009-03-13T10:27:43+00:00\" \/>\n<meta property=\"article:modified_time\" content=\"2020-04-06T20:35:08+00:00\" \/>\n<meta property=\"og:image\" content=\"https:\/\/lh4.googleusercontent.com\/-sOBlR9m1CKY\/U_2elBPcykI\/AAAAAAAABVU\/MX0lEPah13k\/w789-h557-no\/11.jpg\" \/>\n<meta name=\"author\" content=\"Kisha Orthodhokse\" \/>\n<meta name=\"twitter:card\" content=\"summary_large_image\" \/>\n<meta name=\"twitter:label1\" content=\"Written by\" \/>\n\t<meta name=\"twitter:data1\" content=\"Kisha Orthodhokse\" \/>\n\t<meta name=\"twitter:label2\" content=\"Est. reading time\" \/>\n\t<meta name=\"twitter:data2\" content=\"2 minutes\" \/>\n<script type=\"application\/ld+json\" class=\"yoast-schema-graph\">{\"@context\":\"https:\/\/schema.org\",\"@graph\":[{\"@type\":\"Article\",\"@id\":\"https:\/\/orthodoxalbania.org\/2020\/2009\/03\/13\/zhvilloi-punimet-komisioni-nderorthodhoks-parapergatitor-i-sinodit-te-madh-te-shenjte\/#article\",\"isPartOf\":{\"@id\":\"https:\/\/orthodoxalbania.org\/2020\/2009\/03\/13\/zhvilloi-punimet-komisioni-nderorthodhoks-parapergatitor-i-sinodit-te-madh-te-shenjte\/\"},\"author\":{\"name\":\"Kisha Orthodhokse\",\"@id\":\"https:\/\/orthodoxalbania.org\/2020\/#\/schema\/person\/0c387634a7063ac612d7ed9ce71c7e86\"},\"headline\":\"Zhvilloi punimet Komisioni Nd\u00ebrorthodhoks Parap\u00ebrgatitor i Sinodit t\u00eb Madh t\u00eb Shenjt\u00eb. (9 &#8211; 17 Dhjetor 2009)\",\"datePublished\":\"2009-03-13T10:27:43+00:00\",\"dateModified\":\"2020-04-06T20:35:08+00:00\",\"mainEntityOfPage\":{\"@id\":\"https:\/\/orthodoxalbania.org\/2020\/2009\/03\/13\/zhvilloi-punimet-komisioni-nderorthodhoks-parapergatitor-i-sinodit-te-madh-te-shenjte\/\"},\"wordCount\":415,\"commentCount\":0,\"publisher\":{\"@id\":\"https:\/\/orthodoxalbania.org\/2020\/#organization\"},\"image\":{\"@id\":\"https:\/\/orthodoxalbania.org\/2020\/2009\/03\/13\/zhvilloi-punimet-komisioni-nderorthodhoks-parapergatitor-i-sinodit-te-madh-te-shenjte\/#primaryimage\"},\"thumbnailUrl\":\"https:\/\/lh4.googleusercontent.com\/-sOBlR9m1CKY\/U_2elBPcykI\/AAAAAAAABVU\/MX0lEPah13k\/w789-h557-no\/11.jpg\",\"keywords\":[\"2009\",\"Deklarata - Njoftime Zyrtare\",\"Kryepiskopata Tiran\u00eb\",\"lajme\"],\"articleSection\":[\"Lajme\"],\"inLanguage\":\"en-US\"},{\"@type\":\"WebPage\",\"@id\":\"https:\/\/orthodoxalbania.org\/2020\/2009\/03\/13\/zhvilloi-punimet-komisioni-nderorthodhoks-parapergatitor-i-sinodit-te-madh-te-shenjte\/\",\"url\":\"https:\/\/orthodoxalbania.org\/2020\/2009\/03\/13\/zhvilloi-punimet-komisioni-nderorthodhoks-parapergatitor-i-sinodit-te-madh-te-shenjte\/\",\"name\":\"Zhvilloi punimet Komisioni Nd\u00ebrorthodhoks Parap\u00ebrgatitor i Sinodit t\u00eb Madh t\u00eb Shenjt\u00eb. (9 - 17 Dhjetor 2009) - Kisha Orthodh\u03bfkse Autoqefale e Shqip\u00ebris\u00eb\",\"isPartOf\":{\"@id\":\"https:\/\/orthodoxalbania.org\/2020\/#website\"},\"primaryImageOfPage\":{\"@id\":\"https:\/\/orthodoxalbania.org\/2020\/2009\/03\/13\/zhvilloi-punimet-komisioni-nderorthodhoks-parapergatitor-i-sinodit-te-madh-te-shenjte\/#primaryimage\"},\"image\":{\"@id\":\"https:\/\/orthodoxalbania.org\/2020\/2009\/03\/13\/zhvilloi-punimet-komisioni-nderorthodhoks-parapergatitor-i-sinodit-te-madh-te-shenjte\/#primaryimage\"},\"thumbnailUrl\":\"https:\/\/lh4.googleusercontent.com\/-sOBlR9m1CKY\/U_2elBPcykI\/AAAAAAAABVU\/MX0lEPah13k\/w789-h557-no\/11.jpg\",\"datePublished\":\"2009-03-13T10:27:43+00:00\",\"dateModified\":\"2020-04-06T20:35:08+00:00\",\"breadcrumb\":{\"@id\":\"https:\/\/orthodoxalbania.org\/2020\/2009\/03\/13\/zhvilloi-punimet-komisioni-nderorthodhoks-parapergatitor-i-sinodit-te-madh-te-shenjte\/#breadcrumb\"},\"inLanguage\":\"en-US\",\"potentialAction\":[{\"@type\":\"ReadAction\",\"target\":[\"https:\/\/orthodoxalbania.org\/2020\/2009\/03\/13\/zhvilloi-punimet-komisioni-nderorthodhoks-parapergatitor-i-sinodit-te-madh-te-shenjte\/\"]}]},{\"@type\":\"ImageObject\",\"inLanguage\":\"en-US\",\"@id\":\"https:\/\/orthodoxalbania.org\/2020\/2009\/03\/13\/zhvilloi-punimet-komisioni-nderorthodhoks-parapergatitor-i-sinodit-te-madh-te-shenjte\/#primaryimage\",\"url\":\"https:\/\/lh4.googleusercontent.com\/-sOBlR9m1CKY\/U_2elBPcykI\/AAAAAAAABVU\/MX0lEPah13k\/w789-h557-no\/11.jpg\",\"contentUrl\":\"https:\/\/lh4.googleusercontent.com\/-sOBlR9m1CKY\/U_2elBPcykI\/AAAAAAAABVU\/MX0lEPah13k\/w789-h557-no\/11.jpg\"},{\"@type\":\"BreadcrumbList\",\"@id\":\"https:\/\/orthodoxalbania.org\/2020\/2009\/03\/13\/zhvilloi-punimet-komisioni-nderorthodhoks-parapergatitor-i-sinodit-te-madh-te-shenjte\/#breadcrumb\",\"itemListElement\":[{\"@type\":\"ListItem\",\"position\":1,\"name\":\"Home\",\"item\":\"https:\/\/orthodoxalbania.org\/2020\/\"},{\"@type\":\"ListItem\",\"position\":2,\"name\":\"Zhvilloi punimet Komisioni Nd\u00ebrorthodhoks Parap\u00ebrgatitor i Sinodit t\u00eb Madh t\u00eb Shenjt\u00eb. (9 &#8211; 17 Dhjetor 2009)\"}]},{\"@type\":\"WebSite\",\"@id\":\"https:\/\/orthodoxalbania.org\/2020\/#website\",\"url\":\"https:\/\/orthodoxalbania.org\/2020\/\",\"name\":\"Kisha Orthodh\u03bfkse Autoqefale e Shqip\u00ebris\u00eb\",\"description\":\"Fqja Zyrtare e Kish\u00ebs Orthodhokse Autoqefale e Shqip\u00ebris\u00eb me lajmet edhe informacionet zyrtare p\u00ebr struktur\u00ebn edhe veprimtarin e saj.\",\"publisher\":{\"@id\":\"https:\/\/orthodoxalbania.org\/2020\/#organization\"},\"potentialAction\":[{\"@type\":\"SearchAction\",\"target\":{\"@type\":\"EntryPoint\",\"urlTemplate\":\"https:\/\/orthodoxalbania.org\/2020\/?s={search_term_string}\"},\"query-input\":{\"@type\":\"PropertyValueSpecification\",\"valueRequired\":true,\"valueName\":\"search_term_string\"}}],\"inLanguage\":\"en-US\"},{\"@type\":\"Organization\",\"@id\":\"https:\/\/orthodoxalbania.org\/2020\/#organization\",\"name\":\"Kisha Orthodhokse Autoqefale e Shqip\u00ebris\u00eb\",\"url\":\"https:\/\/orthodoxalbania.org\/2020\/\",\"logo\":{\"@type\":\"ImageObject\",\"inLanguage\":\"en-US\",\"@id\":\"https:\/\/orthodoxalbania.org\/2020\/#\/schema\/logo\/image\/\",\"url\":\"https:\/\/orthodoxalbania.org\/2020\/wp-content\/uploads\/2020\/05\/albania.jpeg\",\"contentUrl\":\"https:\/\/orthodoxalbania.org\/2020\/wp-content\/uploads\/2020\/05\/albania.jpeg\",\"width\":540,\"height\":540,\"caption\":\"Kisha Orthodhokse Autoqefale e Shqip\u00ebris\u00eb\"},\"image\":{\"@id\":\"https:\/\/orthodoxalbania.org\/2020\/#\/schema\/logo\/image\/\"},\"sameAs\":[\"https:\/\/www.facebook.com\/koash1991\"]},{\"@type\":\"Person\",\"@id\":\"https:\/\/orthodoxalbania.org\/2020\/#\/schema\/person\/0c387634a7063ac612d7ed9ce71c7e86\",\"name\":\"Kisha Orthodhokse\",\"image\":{\"@type\":\"ImageObject\",\"inLanguage\":\"en-US\",\"@id\":\"https:\/\/secure.gravatar.com\/avatar\/596e7c417251e30f2fbb9c00e026fce61a695a00e51c889caded71c96cbbdde5?s=96&d=mm&r=g\",\"url\":\"https:\/\/secure.gravatar.com\/avatar\/596e7c417251e30f2fbb9c00e026fce61a695a00e51c889caded71c96cbbdde5?s=96&d=mm&r=g\",\"contentUrl\":\"https:\/\/secure.gravatar.com\/avatar\/596e7c417251e30f2fbb9c00e026fce61a695a00e51c889caded71c96cbbdde5?s=96&d=mm&r=g\",\"caption\":\"Kisha Orthodhokse\"}}]}<\/script>\n<!-- \/ Yoast SEO plugin. -->","yoast_head_json":{"title":"Zhvilloi punimet Komisioni Nd\u00ebrorthodhoks Parap\u00ebrgatitor i Sinodit t\u00eb Madh t\u00eb Shenjt\u00eb. (9 - 17 Dhjetor 2009) - Kisha Orthodh\u03bfkse Autoqefale e Shqip\u00ebris\u00eb","robots":{"index":"index","follow":"follow","max-snippet":"max-snippet:-1","max-image-preview":"max-image-preview:large","max-video-preview":"max-video-preview:-1"},"canonical":"https:\/\/orthodoxalbania.org\/2020\/2009\/03\/13\/zhvilloi-punimet-komisioni-nderorthodhoks-parapergatitor-i-sinodit-te-madh-te-shenjte\/","og_locale":"en_US","og_type":"article","og_title":"Zhvilloi punimet Komisioni Nd\u00ebrorthodhoks Parap\u00ebrgatitor i Sinodit t\u00eb Madh t\u00eb Shenjt\u00eb. (9 - 17 Dhjetor 2009) - Kisha Orthodh\u03bfkse Autoqefale e Shqip\u00ebris\u00eb","og_description":"&nbsp;&nbsp;&nbsp; Nga 9 deri n\u00eb 17 dhjetor 2009 zhvilloi punimet n\u00eb Qendr\u00ebn Orthodhokse t\u00eb Patrikan\u00ebs Ekumenike n\u00eb Chamb\u00e9sy (Gjenev\u00eb) Komisioni Parap\u00ebrgatitor Nd\u00ebrorthodhoks i Sinodit t\u00eb Madh t\u00eb Shenjt\u00eb t\u00eb Kish\u00ebs Orthodhokse n\u00ebn drejtimin e Hir\u00ebsis\u00eb s\u00eb Tij Mitropolitit t\u00eb Pergamit z. Joan dhe sekretar Hir\u00ebsin\u00eb e Tij, Mitropolitin e Zvicr\u00ebs z. Jeremia. Kisha jon\u00eb u p\u00ebrfaq\u00ebsua nga Hir\u00ebsia e Tij Mitropoliti i Gjirokastr\u00ebs z. Dhimit\u00ebr","og_url":"https:\/\/orthodoxalbania.org\/2020\/2009\/03\/13\/zhvilloi-punimet-komisioni-nderorthodhoks-parapergatitor-i-sinodit-te-madh-te-shenjte\/","og_site_name":"Kisha Orthodh\u03bfkse Autoqefale e Shqip\u00ebris\u00eb","article_publisher":"https:\/\/www.facebook.com\/koash1991","article_published_time":"2009-03-13T10:27:43+00:00","article_modified_time":"2020-04-06T20:35:08+00:00","og_image":[{"url":"https:\/\/lh4.googleusercontent.com\/-sOBlR9m1CKY\/U_2elBPcykI\/AAAAAAAABVU\/MX0lEPah13k\/w789-h557-no\/11.jpg","type":"","width":"","height":""}],"author":"Kisha Orthodhokse","twitter_card":"summary_large_image","twitter_misc":{"Written by":"Kisha Orthodhokse","Est. reading time":"2 minutes"},"schema":{"@context":"https:\/\/schema.org","@graph":[{"@type":"Article","@id":"https:\/\/orthodoxalbania.org\/2020\/2009\/03\/13\/zhvilloi-punimet-komisioni-nderorthodhoks-parapergatitor-i-sinodit-te-madh-te-shenjte\/#article","isPartOf":{"@id":"https:\/\/orthodoxalbania.org\/2020\/2009\/03\/13\/zhvilloi-punimet-komisioni-nderorthodhoks-parapergatitor-i-sinodit-te-madh-te-shenjte\/"},"author":{"name":"Kisha Orthodhokse","@id":"https:\/\/orthodoxalbania.org\/2020\/#\/schema\/person\/0c387634a7063ac612d7ed9ce71c7e86"},"headline":"Zhvilloi punimet Komisioni Nd\u00ebrorthodhoks Parap\u00ebrgatitor i Sinodit t\u00eb Madh t\u00eb Shenjt\u00eb. (9 &#8211; 17 Dhjetor 2009)","datePublished":"2009-03-13T10:27:43+00:00","dateModified":"2020-04-06T20:35:08+00:00","mainEntityOfPage":{"@id":"https:\/\/orthodoxalbania.org\/2020\/2009\/03\/13\/zhvilloi-punimet-komisioni-nderorthodhoks-parapergatitor-i-sinodit-te-madh-te-shenjte\/"},"wordCount":415,"commentCount":0,"publisher":{"@id":"https:\/\/orthodoxalbania.org\/2020\/#organization"},"image":{"@id":"https:\/\/orthodoxalbania.org\/2020\/2009\/03\/13\/zhvilloi-punimet-komisioni-nderorthodhoks-parapergatitor-i-sinodit-te-madh-te-shenjte\/#primaryimage"},"thumbnailUrl":"https:\/\/lh4.googleusercontent.com\/-sOBlR9m1CKY\/U_2elBPcykI\/AAAAAAAABVU\/MX0lEPah13k\/w789-h557-no\/11.jpg","keywords":["2009","Deklarata - Njoftime Zyrtare","Kryepiskopata Tiran\u00eb","lajme"],"articleSection":["Lajme"],"inLanguage":"en-US"},{"@type":"WebPage","@id":"https:\/\/orthodoxalbania.org\/2020\/2009\/03\/13\/zhvilloi-punimet-komisioni-nderorthodhoks-parapergatitor-i-sinodit-te-madh-te-shenjte\/","url":"https:\/\/orthodoxalbania.org\/2020\/2009\/03\/13\/zhvilloi-punimet-komisioni-nderorthodhoks-parapergatitor-i-sinodit-te-madh-te-shenjte\/","name":"Zhvilloi punimet Komisioni Nd\u00ebrorthodhoks Parap\u00ebrgatitor i Sinodit t\u00eb Madh t\u00eb Shenjt\u00eb. (9 - 17 Dhjetor 2009) - Kisha Orthodh\u03bfkse Autoqefale e Shqip\u00ebris\u00eb","isPartOf":{"@id":"https:\/\/orthodoxalbania.org\/2020\/#website"},"primaryImageOfPage":{"@id":"https:\/\/orthodoxalbania.org\/2020\/2009\/03\/13\/zhvilloi-punimet-komisioni-nderorthodhoks-parapergatitor-i-sinodit-te-madh-te-shenjte\/#primaryimage"},"image":{"@id":"https:\/\/orthodoxalbania.org\/2020\/2009\/03\/13\/zhvilloi-punimet-komisioni-nderorthodhoks-parapergatitor-i-sinodit-te-madh-te-shenjte\/#primaryimage"},"thumbnailUrl":"https:\/\/lh4.googleusercontent.com\/-sOBlR9m1CKY\/U_2elBPcykI\/AAAAAAAABVU\/MX0lEPah13k\/w789-h557-no\/11.jpg","datePublished":"2009-03-13T10:27:43+00:00","dateModified":"2020-04-06T20:35:08+00:00","breadcrumb":{"@id":"https:\/\/orthodoxalbania.org\/2020\/2009\/03\/13\/zhvilloi-punimet-komisioni-nderorthodhoks-parapergatitor-i-sinodit-te-madh-te-shenjte\/#breadcrumb"},"inLanguage":"en-US","potentialAction":[{"@type":"ReadAction","target":["https:\/\/orthodoxalbania.org\/2020\/2009\/03\/13\/zhvilloi-punimet-komisioni-nderorthodhoks-parapergatitor-i-sinodit-te-madh-te-shenjte\/"]}]},{"@type":"ImageObject","inLanguage":"en-US","@id":"https:\/\/orthodoxalbania.org\/2020\/2009\/03\/13\/zhvilloi-punimet-komisioni-nderorthodhoks-parapergatitor-i-sinodit-te-madh-te-shenjte\/#primaryimage","url":"https:\/\/lh4.googleusercontent.com\/-sOBlR9m1CKY\/U_2elBPcykI\/AAAAAAAABVU\/MX0lEPah13k\/w789-h557-no\/11.jpg","contentUrl":"https:\/\/lh4.googleusercontent.com\/-sOBlR9m1CKY\/U_2elBPcykI\/AAAAAAAABVU\/MX0lEPah13k\/w789-h557-no\/11.jpg"},{"@type":"BreadcrumbList","@id":"https:\/\/orthodoxalbania.org\/2020\/2009\/03\/13\/zhvilloi-punimet-komisioni-nderorthodhoks-parapergatitor-i-sinodit-te-madh-te-shenjte\/#breadcrumb","itemListElement":[{"@type":"ListItem","position":1,"name":"Home","item":"https:\/\/orthodoxalbania.org\/2020\/"},{"@type":"ListItem","position":2,"name":"Zhvilloi punimet Komisioni Nd\u00ebrorthodhoks Parap\u00ebrgatitor i Sinodit t\u00eb Madh t\u00eb Shenjt\u00eb. (9 &#8211; 17 Dhjetor 2009)"}]},{"@type":"WebSite","@id":"https:\/\/orthodoxalbania.org\/2020\/#website","url":"https:\/\/orthodoxalbania.org\/2020\/","name":"Kisha Orthodh\u03bfkse Autoqefale e Shqip\u00ebris\u00eb","description":"Fqja Zyrtare e Kish\u00ebs Orthodhokse Autoqefale e Shqip\u00ebris\u00eb me lajmet edhe informacionet zyrtare p\u00ebr struktur\u00ebn edhe veprimtarin e saj.","publisher":{"@id":"https:\/\/orthodoxalbania.org\/2020\/#organization"},"potentialAction":[{"@type":"SearchAction","target":{"@type":"EntryPoint","urlTemplate":"https:\/\/orthodoxalbania.org\/2020\/?s={search_term_string}"},"query-input":{"@type":"PropertyValueSpecification","valueRequired":true,"valueName":"search_term_string"}}],"inLanguage":"en-US"},{"@type":"Organization","@id":"https:\/\/orthodoxalbania.org\/2020\/#organization","name":"Kisha Orthodhokse Autoqefale e Shqip\u00ebris\u00eb","url":"https:\/\/orthodoxalbania.org\/2020\/","logo":{"@type":"ImageObject","inLanguage":"en-US","@id":"https:\/\/orthodoxalbania.org\/2020\/#\/schema\/logo\/image\/","url":"https:\/\/orthodoxalbania.org\/2020\/wp-content\/uploads\/2020\/05\/albania.jpeg","contentUrl":"https:\/\/orthodoxalbania.org\/2020\/wp-content\/uploads\/2020\/05\/albania.jpeg","width":540,"height":540,"caption":"Kisha Orthodhokse Autoqefale e Shqip\u00ebris\u00eb"},"image":{"@id":"https:\/\/orthodoxalbania.org\/2020\/#\/schema\/logo\/image\/"},"sameAs":["https:\/\/www.facebook.com\/koash1991"]},{"@type":"Person","@id":"https:\/\/orthodoxalbania.org\/2020\/#\/schema\/person\/0c387634a7063ac612d7ed9ce71c7e86","name":"Kisha Orthodhokse","image":{"@type":"ImageObject","inLanguage":"en-US","@id":"https:\/\/secure.gravatar.com\/avatar\/596e7c417251e30f2fbb9c00e026fce61a695a00e51c889caded71c96cbbdde5?s=96&d=mm&r=g","url":"https:\/\/secure.gravatar.com\/avatar\/596e7c417251e30f2fbb9c00e026fce61a695a00e51c889caded71c96cbbdde5?s=96&d=mm&r=g","contentUrl":"https:\/\/secure.gravatar.com\/avatar\/596e7c417251e30f2fbb9c00e026fce61a695a00e51c889caded71c96cbbdde5?s=96&d=mm&r=g","caption":"Kisha Orthodhokse"}}]}},"_links":{"self":[{"href":"https:\/\/orthodoxalbania.org\/2020\/wp-json\/wp\/v2\/posts\/1555","targetHints":{"allow":["GET"]}}],"collection":[{"href":"https:\/\/orthodoxalbania.org\/2020\/wp-json\/wp\/v2\/posts"}],"about":[{"href":"https:\/\/orthodoxalbania.org\/2020\/wp-json\/wp\/v2\/types\/post"}],"author":[{"embeddable":true,"href":"https:\/\/orthodoxalbania.org\/2020\/wp-json\/wp\/v2\/users\/1"}],"replies":[{"embeddable":true,"href":"https:\/\/orthodoxalbania.org\/2020\/wp-json\/wp\/v2\/comments?post=1555"}],"version-history":[{"count":1,"href":"https:\/\/orthodoxalbania.org\/2020\/wp-json\/wp\/v2\/posts\/1555\/revisions"}],"predecessor-version":[{"id":15601,"href":"https:\/\/orthodoxalbania.org\/2020\/wp-json\/wp\/v2\/posts\/1555\/revisions\/15601"}],"wp:attachment":[{"href":"https:\/\/orthodoxalbania.org\/2020\/wp-json\/wp\/v2\/media?parent=1555"}],"wp:term":[{"taxonomy":"category","embeddable":true,"href":"https:\/\/orthodoxalbania.org\/2020\/wp-json\/wp\/v2\/categories?post=1555"},{"taxonomy":"post_tag","embeddable":true,"href":"https:\/\/orthodoxalbania.org\/2020\/wp-json\/wp\/v2\/tags?post=1555"}],"curies":[{"name":"wp","href":"https:\/\/api.w.org\/{rel}","templated":true}]}}