{"id":1554,"date":"2008-02-26T00:00:00","date_gmt":"2008-02-26T00:00:00","guid":{"rendered":""},"modified":"2020-04-06T22:35:31","modified_gmt":"2020-04-06T20:35:31","slug":"zgjidhet-dhe-fronezohet-kryepiskopi-i-ri-i-kishes-orthodhokse-autoqefale-te-greqise-fortlumturia-e-tij-jeronimi-shkurt-2008","status":"publish","type":"post","link":"https:\/\/orthodoxalbania.org\/2020\/2008\/02\/26\/zgjidhet-dhe-fronezohet-kryepiskopi-i-ri-i-kishes-orthodhokse-autoqefale-te-greqise-fortlumturia-e-tij-jeronimi-shkurt-2008\/","title":{"rendered":"Zgjidhet dhe fron\u00ebzohet Kryepiskopi i ri i Kish\u00ebs Orthodhokse Autoqefale t\u00eb Greqis\u00eb, Fortlumturia e Tij Jeronimi. (Shkurt 2008)"},"content":{"rendered":"<table id=\"AutoNumber2\" border=\"0\">\n<tbody>\n<tr>\n<td>\n<p>&nbsp;<\/p>\n<\/td>\n<td>\n<p style=\"text-align: justify;\"><span style=\"color: #000000;\">&nbsp;&nbsp;&nbsp; <img decoding=\"async\" class=\"lazyload HAa Eha\" style=\"border-width: 1px; border-style: solid; margin: 10px; float: left;\" alt=\"\" src=\"data:image\/gif;base64,R0lGODlhAQABAAAAACH5BAEKAAEALAAAAAABAAEAAAICTAEAOw==\" data-orig-src=\"https:\/\/lh3.googleusercontent.com\/-88RzOxia24s\/VI6m5MYTazI\/AAAAAAAAHho\/iJwpl-zVd24\/w250-h315-no\/newkrygr.jpg\" \/><\/span><\/p>\n<p style=\"text-align: justify;\">&nbsp;<\/p>\n<p style=\"text-align: justify;\">&nbsp;<\/p>\n<p style=\"text-align: justify;\">&nbsp;<\/p>\n<p style=\"text-align: justify;\"><span style=\"color: #000000;\"><span style=\"font-family: tahoma,geneva,sans-serif;\"><span style=\"font-size: 12px;\">&nbsp; &nbsp; N\u00eb dat\u00ebn 7 shkurt u mblodh Sinodi i Shenjt\u00eb i Kish\u00ebs Orthodhokse Autoqefale t\u00eb Greqis\u00eb i p\u00ebrb\u00ebr\u00eb prej 78 mitropolit\u00ebsh, i cili zgjodhi Kryepiskop t\u00eb Athin\u00ebs dhe t\u00eb gjith\u00eb Greqis\u00eb Mitropolitin e Thiv\u00ebs dhe Livadhjas\u00eb, Jeronimin. Ai&nbsp; u zgjodh n\u00eb votimin e dyt\u00eb, duke marr\u00eb 45 vota kundrejt 27 q\u00eb mori kandidati kryesor Mitropoliti i Spart\u00ebs, Efstathi. &nbsp;Kryepiskopi i ri i Kish\u00ebs s\u00eb Greqis\u00eb lindi n\u00eb Inofita t\u00eb Viotis\u00eb, n\u00eb vitin 1938. Mbaroi Fakultetin e Filozofis\u00eb, deg\u00ebn e Arkeologjis\u00eb dhe Fakultetin e Teologjis\u00eb n\u00eb Universitetin e Athin\u00ebs. Vazhdoi studimet pasuniversitare n\u00eb Grac t\u00eb Austris\u00eb dhe Regensburg e Mynih t\u00eb Gjermanis\u00eb<\/span><\/span>.<\/span><\/p>\n<\/td>\n<\/tr>\n<tr>\n<td dir=\"ltr\" colspan=\"2\">\n<div dir=\"ltr\" style=\"text-align: justify;\"> <span style=\"color: #000000;\">&nbsp;&nbsp;&nbsp;<span style=\"font-family: tahoma,geneva,sans-serif;\"><span style=\"font-size: 12px;\"> Kreu i ri i Kish\u00ebs s\u00eb Greqis\u00eb, konfirmoi se do t\u00eb respektoj\u00eb sistemin e p\u00ebrgjithsh\u00ebm t\u00eb administrimit t\u00eb Kish\u00ebs dhe se do t\u00eb vazhdoj\u00eb vepr\u00ebn e Kryepiskopit Kristodhul.<\/span><\/span><\/span><\/div>\n<div dir=\"ltr\" style=\"text-align: justify;\">&nbsp;<\/div>\n<div dir=\"ltr\" style=\"text-align: justify;\"><span style=\"color: #000000;\"><span style=\"font-family: tahoma,geneva,sans-serif;\"><span style=\"font-size: 12px;\">&nbsp;&nbsp;&nbsp; Me g\u00ebzim dhe k\u00ebnaq\u00ebsi u prit lajmi i zgjedhjes s\u00eb Mitropolitit Jeronim n\u00eb postin e Kryepiskopit t\u00eb Athin\u00ebs edhe n\u00eb Patriarkan\u00ebn Ekumenike si edhe n\u00eb Patriarkanat dhe Kishat e tjera Autoqefale.<\/span><\/span><\/span><\/div>\n<div dir=\"ltr\" style=\"text-align: justify;\">&nbsp;<\/div>\n<div dir=\"ltr\" style=\"text-align: justify;\"><span style=\"color: #000000;\"><span style=\"font-family: tahoma,geneva,sans-serif;\"><span style=\"font-size: 12px;\">&nbsp;&nbsp;&nbsp; Mesazhe urimi p\u00ebr Kryepiskopin e Athin\u00ebs Jeronimin d\u00ebrguan udh\u00ebheqja shtet\u00ebrore dhe politike vendit, si dhe t\u00eb gjitha Kishat Orthodhokse dhe&nbsp; ato kryesore t\u00eb Krishtera t\u00eb bot\u00ebs.<\/span><\/span><\/span><\/div>\n<div dir=\"ltr\" style=\"text-align: justify;\">&nbsp;<\/div>\n<div dir=\"ltr\" style=\"text-align: justify;\"><span style=\"color: #000000;\"><span style=\"font-family: tahoma,geneva,sans-serif;\"><span style=\"font-size: 12px;\">&nbsp;&nbsp;&nbsp; N\u00eb nj\u00eb intervist\u00eb pas zgjedhjes, Kryepiskopi Jeronimi tha se \u201cNe jemi t\u00eb detyruar t\u00eb gjejm\u00eb mjetet q\u00eb s\u00eb bashku dhe n\u00eb harmoni t\u00eb vazhdojm\u00eb n\u00eb sh\u00ebndoshjen e t\u00eb gjitha problemeve q\u00eb prekin trupin e Kish\u00ebs\u2026 Kisha nuk ka asnj\u00eb arsye q\u00eb t\u00eb thot\u00eb slogane, por, n\u00eb t\u00eb kund\u00ebrt, duhet t\u00eb tregoj\u00eb, me fjal\u00ebt dhe veprat, mesazhin q\u00eb Krishti \u00ebsht\u00eb ngjallur dhe k\u00ebshtu shpresa mund t\u00eb mbush\u00eb edhe momentet m\u00eb t\u00eb v\u00ebshtira t\u00eb jet\u00ebve tona\u201d. Ai deklaroi se \u00ebsht\u00eb vet\u00ebm i pari midis t\u00eb barabart\u00ebve, Episkopi i Athin\u00ebs, dhe se do t\u00eb drejtoj\u00eb Kish\u00ebn s\u00eb bashku me Sinodin e Shenjt\u00eb, duke par\u00eb n\u00eb k\u00ebt\u00eb garancin\u00eb p\u00ebr t\u00eb pasur nj\u00eb drejtim sa m\u00eb shpirt\u00ebror dhe kolegjial. Gjithashtu deklaroi edhe se do t\u00eb punoj\u00eb vazhdimisht p\u00ebr forcimin&nbsp; e unitetit t\u00eb Kishave Orthodhokse n\u00eb mbar\u00eb bot\u00ebn.<\/span><\/span><\/span><\/div>\n<div dir=\"ltr\" style=\"text-align: justify;\">&nbsp;<\/div>\n<div dir=\"ltr\" style=\"text-align: justify;\"><span style=\"color: #000000;\"><span style=\"font-family: tahoma,geneva,sans-serif;\"><span style=\"font-size: 12px;\">&nbsp;&nbsp; Fron\u00ebzimi i Fortlumturis\u00eb s\u00eb Tij Jeronimi u b\u00eb t\u00eb shtun\u00ebn, 16 shkurt, n\u00eb or\u00ebn 11.00, n\u00eb Katedralen \u201cUngjill\u00ebzimi i Hyjlind\u00ebses Mari\u201d t\u00eb Athin\u00ebs, n\u00eb prani t\u00eb an\u00ebtar\u00ebve t\u00eb Sinodit t\u00eb Shenjt\u00eb dhe autoriteteve m\u00eb t\u00eb larta shtet\u00ebrore t\u00eb vendit, si edhe t\u00eb p\u00ebrfaq\u00ebsuesve t\u00eb t\u00eb gjitha Kishave Orthodhokse. Kisha Orthodhokse Autoqefale e Shqip\u00ebris\u00eb u p\u00ebrfaq\u00ebsua n\u00eb fron\u00ebzim nga Kryepiskopi i gjith\u00eb Shqip\u00ebris\u00eb Fortlumturia e Tij Anastas, Mitropoliti i Beratit Ignati dhe Episkopi i Apollonis\u00eb Nikolla. &nbsp;<\/span><\/span><\/span><\/div>\n<\/td>\n<\/tr>\n<tr>\n<td dir=\"ltr\" colspan=\"2\">\n<p>&nbsp;<\/p>\n<\/td>\n<\/tr>\n<\/tbody>\n<\/table>\n","protected":false},"excerpt":{"rendered":"<p>&nbsp; &nbsp;&nbsp;&nbsp; &nbsp; &nbsp; &nbsp; &nbsp; &nbsp; N\u00eb dat\u00ebn 7 shkurt u mblodh Sinodi i Shenjt\u00eb i Kish\u00ebs Orthodhokse Autoqefale t\u00eb Greqis\u00eb i p\u00ebrb\u00ebr\u00eb prej 78 mitropolit\u00ebsh, i cili zgjodhi Kryepiskop t\u00eb Athin\u00ebs dhe t\u00eb gjith\u00eb Greqis\u00eb Mitropolitin e Thiv\u00ebs dhe Livadhjas\u00eb, Jeronimin. Ai&nbsp; u zgjodh n\u00eb votimin e dyt\u00eb, duke marr\u00eb 45 vota kundrejt 27 q\u00eb mori kandidati kryesor Mitropoliti i Spart\u00ebs, Efstathi. &nbsp;Kryepiskopi<\/p>\n","protected":false},"author":1,"featured_media":0,"comment_status":"open","ping_status":"open","sticky":false,"template":"","format":"standard","meta":{"_acf_changed":false,"pagelayer_contact_templates":[],"_pagelayer_content":"","inline_featured_image":false,"fifu_image_url":"","fifu_image_alt":"","footnotes":""},"categories":[108],"tags":[146,196,212],"class_list":["post-1554","post","type-post","status-publish","format-standard","hentry","category-lajme","tag-146","tag-tirane","tag-lajme-d27"],"acf":[],"yoast_head":"<!-- This site is optimized with the Yoast SEO plugin v27.2 - https:\/\/yoast.com\/product\/yoast-seo-wordpress\/ -->\n<title>Zgjidhet dhe fron\u00ebzohet Kryepiskopi i ri i Kish\u00ebs Orthodhokse Autoqefale t\u00eb Greqis\u00eb, Fortlumturia e Tij Jeronimi. (Shkurt 2008) - Kisha Orthodh\u03bfkse Autoqefale e Shqip\u00ebris\u00eb<\/title>\n<meta name=\"robots\" content=\"index, follow, max-snippet:-1, max-image-preview:large, max-video-preview:-1\" \/>\n<link rel=\"canonical\" href=\"https:\/\/orthodoxalbania.org\/2020\/2008\/02\/26\/zgjidhet-dhe-fronezohet-kryepiskopi-i-ri-i-kishes-orthodhokse-autoqefale-te-greqise-fortlumturia-e-tij-jeronimi-shkurt-2008\/\" \/>\n<meta property=\"og:locale\" content=\"en_US\" \/>\n<meta property=\"og:type\" content=\"article\" \/>\n<meta property=\"og:title\" content=\"Zgjidhet dhe fron\u00ebzohet Kryepiskopi i ri i Kish\u00ebs Orthodhokse Autoqefale t\u00eb Greqis\u00eb, Fortlumturia e Tij Jeronimi. (Shkurt 2008) - Kisha Orthodh\u03bfkse Autoqefale e Shqip\u00ebris\u00eb\" \/>\n<meta property=\"og:description\" content=\"&nbsp; &nbsp;&nbsp;&nbsp; &nbsp; &nbsp; &nbsp; &nbsp; &nbsp; N\u00eb dat\u00ebn 7 shkurt u mblodh Sinodi i Shenjt\u00eb i Kish\u00ebs Orthodhokse Autoqefale t\u00eb Greqis\u00eb i p\u00ebrb\u00ebr\u00eb prej 78 mitropolit\u00ebsh, i cili zgjodhi Kryepiskop t\u00eb Athin\u00ebs dhe t\u00eb gjith\u00eb Greqis\u00eb Mitropolitin e Thiv\u00ebs dhe Livadhjas\u00eb, Jeronimin. Ai&nbsp; u zgjodh n\u00eb votimin e dyt\u00eb, duke marr\u00eb 45 vota kundrejt 27 q\u00eb mori kandidati kryesor Mitropoliti i Spart\u00ebs, Efstathi. &nbsp;Kryepiskopi\" \/>\n<meta property=\"og:url\" content=\"https:\/\/orthodoxalbania.org\/2020\/2008\/02\/26\/zgjidhet-dhe-fronezohet-kryepiskopi-i-ri-i-kishes-orthodhokse-autoqefale-te-greqise-fortlumturia-e-tij-jeronimi-shkurt-2008\/\" \/>\n<meta property=\"og:site_name\" content=\"Kisha Orthodh\u03bfkse Autoqefale e Shqip\u00ebris\u00eb\" \/>\n<meta property=\"article:publisher\" content=\"https:\/\/www.facebook.com\/koash1991\" \/>\n<meta property=\"article:published_time\" content=\"2008-02-26T00:00:00+00:00\" \/>\n<meta property=\"article:modified_time\" content=\"2020-04-06T20:35:31+00:00\" \/>\n<meta property=\"og:image\" content=\"https:\/\/lh3.googleusercontent.com\/-88RzOxia24s\/VI6m5MYTazI\/AAAAAAAAHho\/iJwpl-zVd24\/w250-h315-no\/newkrygr.jpg\" \/>\n<meta name=\"author\" content=\"Kisha Orthodhokse\" \/>\n<meta name=\"twitter:card\" content=\"summary_large_image\" \/>\n<meta name=\"twitter:label1\" content=\"Written by\" \/>\n\t<meta name=\"twitter:data1\" content=\"Kisha Orthodhokse\" \/>\n\t<meta name=\"twitter:label2\" content=\"Est. reading time\" \/>\n\t<meta name=\"twitter:data2\" content=\"2 minutes\" \/>\n<script type=\"application\/ld+json\" class=\"yoast-schema-graph\">{\"@context\":\"https:\/\/schema.org\",\"@graph\":[{\"@type\":\"Article\",\"@id\":\"https:\/\/orthodoxalbania.org\/2020\/2008\/02\/26\/zgjidhet-dhe-fronezohet-kryepiskopi-i-ri-i-kishes-orthodhokse-autoqefale-te-greqise-fortlumturia-e-tij-jeronimi-shkurt-2008\/#article\",\"isPartOf\":{\"@id\":\"https:\/\/orthodoxalbania.org\/2020\/2008\/02\/26\/zgjidhet-dhe-fronezohet-kryepiskopi-i-ri-i-kishes-orthodhokse-autoqefale-te-greqise-fortlumturia-e-tij-jeronimi-shkurt-2008\/\"},\"author\":{\"name\":\"Kisha Orthodhokse\",\"@id\":\"https:\/\/orthodoxalbania.org\/2020\/#\/schema\/person\/0c387634a7063ac612d7ed9ce71c7e86\"},\"headline\":\"Zgjidhet dhe fron\u00ebzohet Kryepiskopi i ri i Kish\u00ebs Orthodhokse Autoqefale t\u00eb Greqis\u00eb, Fortlumturia e Tij Jeronimi. (Shkurt 2008)\",\"datePublished\":\"2008-02-26T00:00:00+00:00\",\"dateModified\":\"2020-04-06T20:35:31+00:00\",\"mainEntityOfPage\":{\"@id\":\"https:\/\/orthodoxalbania.org\/2020\/2008\/02\/26\/zgjidhet-dhe-fronezohet-kryepiskopi-i-ri-i-kishes-orthodhokse-autoqefale-te-greqise-fortlumturia-e-tij-jeronimi-shkurt-2008\/\"},\"wordCount\":496,\"commentCount\":0,\"publisher\":{\"@id\":\"https:\/\/orthodoxalbania.org\/2020\/#organization\"},\"image\":{\"@id\":\"https:\/\/orthodoxalbania.org\/2020\/2008\/02\/26\/zgjidhet-dhe-fronezohet-kryepiskopi-i-ri-i-kishes-orthodhokse-autoqefale-te-greqise-fortlumturia-e-tij-jeronimi-shkurt-2008\/#primaryimage\"},\"thumbnailUrl\":\"https:\/\/lh3.googleusercontent.com\/-88RzOxia24s\/VI6m5MYTazI\/AAAAAAAAHho\/iJwpl-zVd24\/w250-h315-no\/newkrygr.jpg\",\"keywords\":[\"2008\",\"Kryepiskopata Tiran\u00eb\",\"lajme\"],\"articleSection\":[\"Lajme\"],\"inLanguage\":\"en-US\"},{\"@type\":\"WebPage\",\"@id\":\"https:\/\/orthodoxalbania.org\/2020\/2008\/02\/26\/zgjidhet-dhe-fronezohet-kryepiskopi-i-ri-i-kishes-orthodhokse-autoqefale-te-greqise-fortlumturia-e-tij-jeronimi-shkurt-2008\/\",\"url\":\"https:\/\/orthodoxalbania.org\/2020\/2008\/02\/26\/zgjidhet-dhe-fronezohet-kryepiskopi-i-ri-i-kishes-orthodhokse-autoqefale-te-greqise-fortlumturia-e-tij-jeronimi-shkurt-2008\/\",\"name\":\"Zgjidhet dhe fron\u00ebzohet Kryepiskopi i ri i Kish\u00ebs Orthodhokse Autoqefale t\u00eb Greqis\u00eb, Fortlumturia e Tij Jeronimi. (Shkurt 2008) - Kisha Orthodh\u03bfkse Autoqefale e Shqip\u00ebris\u00eb\",\"isPartOf\":{\"@id\":\"https:\/\/orthodoxalbania.org\/2020\/#website\"},\"primaryImageOfPage\":{\"@id\":\"https:\/\/orthodoxalbania.org\/2020\/2008\/02\/26\/zgjidhet-dhe-fronezohet-kryepiskopi-i-ri-i-kishes-orthodhokse-autoqefale-te-greqise-fortlumturia-e-tij-jeronimi-shkurt-2008\/#primaryimage\"},\"image\":{\"@id\":\"https:\/\/orthodoxalbania.org\/2020\/2008\/02\/26\/zgjidhet-dhe-fronezohet-kryepiskopi-i-ri-i-kishes-orthodhokse-autoqefale-te-greqise-fortlumturia-e-tij-jeronimi-shkurt-2008\/#primaryimage\"},\"thumbnailUrl\":\"https:\/\/lh3.googleusercontent.com\/-88RzOxia24s\/VI6m5MYTazI\/AAAAAAAAHho\/iJwpl-zVd24\/w250-h315-no\/newkrygr.jpg\",\"datePublished\":\"2008-02-26T00:00:00+00:00\",\"dateModified\":\"2020-04-06T20:35:31+00:00\",\"breadcrumb\":{\"@id\":\"https:\/\/orthodoxalbania.org\/2020\/2008\/02\/26\/zgjidhet-dhe-fronezohet-kryepiskopi-i-ri-i-kishes-orthodhokse-autoqefale-te-greqise-fortlumturia-e-tij-jeronimi-shkurt-2008\/#breadcrumb\"},\"inLanguage\":\"en-US\",\"potentialAction\":[{\"@type\":\"ReadAction\",\"target\":[\"https:\/\/orthodoxalbania.org\/2020\/2008\/02\/26\/zgjidhet-dhe-fronezohet-kryepiskopi-i-ri-i-kishes-orthodhokse-autoqefale-te-greqise-fortlumturia-e-tij-jeronimi-shkurt-2008\/\"]}]},{\"@type\":\"ImageObject\",\"inLanguage\":\"en-US\",\"@id\":\"https:\/\/orthodoxalbania.org\/2020\/2008\/02\/26\/zgjidhet-dhe-fronezohet-kryepiskopi-i-ri-i-kishes-orthodhokse-autoqefale-te-greqise-fortlumturia-e-tij-jeronimi-shkurt-2008\/#primaryimage\",\"url\":\"https:\/\/lh3.googleusercontent.com\/-88RzOxia24s\/VI6m5MYTazI\/AAAAAAAAHho\/iJwpl-zVd24\/w250-h315-no\/newkrygr.jpg\",\"contentUrl\":\"https:\/\/lh3.googleusercontent.com\/-88RzOxia24s\/VI6m5MYTazI\/AAAAAAAAHho\/iJwpl-zVd24\/w250-h315-no\/newkrygr.jpg\"},{\"@type\":\"BreadcrumbList\",\"@id\":\"https:\/\/orthodoxalbania.org\/2020\/2008\/02\/26\/zgjidhet-dhe-fronezohet-kryepiskopi-i-ri-i-kishes-orthodhokse-autoqefale-te-greqise-fortlumturia-e-tij-jeronimi-shkurt-2008\/#breadcrumb\",\"itemListElement\":[{\"@type\":\"ListItem\",\"position\":1,\"name\":\"Home\",\"item\":\"https:\/\/orthodoxalbania.org\/2020\/\"},{\"@type\":\"ListItem\",\"position\":2,\"name\":\"Zgjidhet dhe fron\u00ebzohet Kryepiskopi i ri i Kish\u00ebs Orthodhokse Autoqefale t\u00eb Greqis\u00eb, Fortlumturia e Tij Jeronimi. (Shkurt 2008)\"}]},{\"@type\":\"WebSite\",\"@id\":\"https:\/\/orthodoxalbania.org\/2020\/#website\",\"url\":\"https:\/\/orthodoxalbania.org\/2020\/\",\"name\":\"Kisha Orthodh\u03bfkse Autoqefale e Shqip\u00ebris\u00eb\",\"description\":\"Fqja Zyrtare e Kish\u00ebs Orthodhokse Autoqefale e Shqip\u00ebris\u00eb me lajmet edhe informacionet zyrtare p\u00ebr struktur\u00ebn edhe veprimtarin e saj.\",\"publisher\":{\"@id\":\"https:\/\/orthodoxalbania.org\/2020\/#organization\"},\"potentialAction\":[{\"@type\":\"SearchAction\",\"target\":{\"@type\":\"EntryPoint\",\"urlTemplate\":\"https:\/\/orthodoxalbania.org\/2020\/?s={search_term_string}\"},\"query-input\":{\"@type\":\"PropertyValueSpecification\",\"valueRequired\":true,\"valueName\":\"search_term_string\"}}],\"inLanguage\":\"en-US\"},{\"@type\":\"Organization\",\"@id\":\"https:\/\/orthodoxalbania.org\/2020\/#organization\",\"name\":\"Kisha Orthodhokse Autoqefale e Shqip\u00ebris\u00eb\",\"url\":\"https:\/\/orthodoxalbania.org\/2020\/\",\"logo\":{\"@type\":\"ImageObject\",\"inLanguage\":\"en-US\",\"@id\":\"https:\/\/orthodoxalbania.org\/2020\/#\/schema\/logo\/image\/\",\"url\":\"https:\/\/orthodoxalbania.org\/2020\/wp-content\/uploads\/2020\/05\/albania.jpeg\",\"contentUrl\":\"https:\/\/orthodoxalbania.org\/2020\/wp-content\/uploads\/2020\/05\/albania.jpeg\",\"width\":540,\"height\":540,\"caption\":\"Kisha Orthodhokse Autoqefale e Shqip\u00ebris\u00eb\"},\"image\":{\"@id\":\"https:\/\/orthodoxalbania.org\/2020\/#\/schema\/logo\/image\/\"},\"sameAs\":[\"https:\/\/www.facebook.com\/koash1991\"]},{\"@type\":\"Person\",\"@id\":\"https:\/\/orthodoxalbania.org\/2020\/#\/schema\/person\/0c387634a7063ac612d7ed9ce71c7e86\",\"name\":\"Kisha Orthodhokse\",\"image\":{\"@type\":\"ImageObject\",\"inLanguage\":\"en-US\",\"@id\":\"https:\/\/secure.gravatar.com\/avatar\/596e7c417251e30f2fbb9c00e026fce61a695a00e51c889caded71c96cbbdde5?s=96&d=mm&r=g\",\"url\":\"https:\/\/secure.gravatar.com\/avatar\/596e7c417251e30f2fbb9c00e026fce61a695a00e51c889caded71c96cbbdde5?s=96&d=mm&r=g\",\"contentUrl\":\"https:\/\/secure.gravatar.com\/avatar\/596e7c417251e30f2fbb9c00e026fce61a695a00e51c889caded71c96cbbdde5?s=96&d=mm&r=g\",\"caption\":\"Kisha Orthodhokse\"}}]}<\/script>\n<!-- \/ Yoast SEO plugin. -->","yoast_head_json":{"title":"Zgjidhet dhe fron\u00ebzohet Kryepiskopi i ri i Kish\u00ebs Orthodhokse Autoqefale t\u00eb Greqis\u00eb, Fortlumturia e Tij Jeronimi. (Shkurt 2008) - Kisha Orthodh\u03bfkse Autoqefale e Shqip\u00ebris\u00eb","robots":{"index":"index","follow":"follow","max-snippet":"max-snippet:-1","max-image-preview":"max-image-preview:large","max-video-preview":"max-video-preview:-1"},"canonical":"https:\/\/orthodoxalbania.org\/2020\/2008\/02\/26\/zgjidhet-dhe-fronezohet-kryepiskopi-i-ri-i-kishes-orthodhokse-autoqefale-te-greqise-fortlumturia-e-tij-jeronimi-shkurt-2008\/","og_locale":"en_US","og_type":"article","og_title":"Zgjidhet dhe fron\u00ebzohet Kryepiskopi i ri i Kish\u00ebs Orthodhokse Autoqefale t\u00eb Greqis\u00eb, Fortlumturia e Tij Jeronimi. (Shkurt 2008) - Kisha Orthodh\u03bfkse Autoqefale e Shqip\u00ebris\u00eb","og_description":"&nbsp; &nbsp;&nbsp;&nbsp; &nbsp; &nbsp; &nbsp; &nbsp; &nbsp; N\u00eb dat\u00ebn 7 shkurt u mblodh Sinodi i Shenjt\u00eb i Kish\u00ebs Orthodhokse Autoqefale t\u00eb Greqis\u00eb i p\u00ebrb\u00ebr\u00eb prej 78 mitropolit\u00ebsh, i cili zgjodhi Kryepiskop t\u00eb Athin\u00ebs dhe t\u00eb gjith\u00eb Greqis\u00eb Mitropolitin e Thiv\u00ebs dhe Livadhjas\u00eb, Jeronimin. Ai&nbsp; u zgjodh n\u00eb votimin e dyt\u00eb, duke marr\u00eb 45 vota kundrejt 27 q\u00eb mori kandidati kryesor Mitropoliti i Spart\u00ebs, Efstathi. &nbsp;Kryepiskopi","og_url":"https:\/\/orthodoxalbania.org\/2020\/2008\/02\/26\/zgjidhet-dhe-fronezohet-kryepiskopi-i-ri-i-kishes-orthodhokse-autoqefale-te-greqise-fortlumturia-e-tij-jeronimi-shkurt-2008\/","og_site_name":"Kisha Orthodh\u03bfkse Autoqefale e Shqip\u00ebris\u00eb","article_publisher":"https:\/\/www.facebook.com\/koash1991","article_published_time":"2008-02-26T00:00:00+00:00","article_modified_time":"2020-04-06T20:35:31+00:00","og_image":[{"url":"https:\/\/lh3.googleusercontent.com\/-88RzOxia24s\/VI6m5MYTazI\/AAAAAAAAHho\/iJwpl-zVd24\/w250-h315-no\/newkrygr.jpg","type":"","width":"","height":""}],"author":"Kisha Orthodhokse","twitter_card":"summary_large_image","twitter_misc":{"Written by":"Kisha Orthodhokse","Est. reading time":"2 minutes"},"schema":{"@context":"https:\/\/schema.org","@graph":[{"@type":"Article","@id":"https:\/\/orthodoxalbania.org\/2020\/2008\/02\/26\/zgjidhet-dhe-fronezohet-kryepiskopi-i-ri-i-kishes-orthodhokse-autoqefale-te-greqise-fortlumturia-e-tij-jeronimi-shkurt-2008\/#article","isPartOf":{"@id":"https:\/\/orthodoxalbania.org\/2020\/2008\/02\/26\/zgjidhet-dhe-fronezohet-kryepiskopi-i-ri-i-kishes-orthodhokse-autoqefale-te-greqise-fortlumturia-e-tij-jeronimi-shkurt-2008\/"},"author":{"name":"Kisha Orthodhokse","@id":"https:\/\/orthodoxalbania.org\/2020\/#\/schema\/person\/0c387634a7063ac612d7ed9ce71c7e86"},"headline":"Zgjidhet dhe fron\u00ebzohet Kryepiskopi i ri i Kish\u00ebs Orthodhokse Autoqefale t\u00eb Greqis\u00eb, Fortlumturia e Tij Jeronimi. (Shkurt 2008)","datePublished":"2008-02-26T00:00:00+00:00","dateModified":"2020-04-06T20:35:31+00:00","mainEntityOfPage":{"@id":"https:\/\/orthodoxalbania.org\/2020\/2008\/02\/26\/zgjidhet-dhe-fronezohet-kryepiskopi-i-ri-i-kishes-orthodhokse-autoqefale-te-greqise-fortlumturia-e-tij-jeronimi-shkurt-2008\/"},"wordCount":496,"commentCount":0,"publisher":{"@id":"https:\/\/orthodoxalbania.org\/2020\/#organization"},"image":{"@id":"https:\/\/orthodoxalbania.org\/2020\/2008\/02\/26\/zgjidhet-dhe-fronezohet-kryepiskopi-i-ri-i-kishes-orthodhokse-autoqefale-te-greqise-fortlumturia-e-tij-jeronimi-shkurt-2008\/#primaryimage"},"thumbnailUrl":"https:\/\/lh3.googleusercontent.com\/-88RzOxia24s\/VI6m5MYTazI\/AAAAAAAAHho\/iJwpl-zVd24\/w250-h315-no\/newkrygr.jpg","keywords":["2008","Kryepiskopata Tiran\u00eb","lajme"],"articleSection":["Lajme"],"inLanguage":"en-US"},{"@type":"WebPage","@id":"https:\/\/orthodoxalbania.org\/2020\/2008\/02\/26\/zgjidhet-dhe-fronezohet-kryepiskopi-i-ri-i-kishes-orthodhokse-autoqefale-te-greqise-fortlumturia-e-tij-jeronimi-shkurt-2008\/","url":"https:\/\/orthodoxalbania.org\/2020\/2008\/02\/26\/zgjidhet-dhe-fronezohet-kryepiskopi-i-ri-i-kishes-orthodhokse-autoqefale-te-greqise-fortlumturia-e-tij-jeronimi-shkurt-2008\/","name":"Zgjidhet dhe fron\u00ebzohet Kryepiskopi i ri i Kish\u00ebs Orthodhokse Autoqefale t\u00eb Greqis\u00eb, Fortlumturia e Tij Jeronimi. (Shkurt 2008) - Kisha Orthodh\u03bfkse Autoqefale e Shqip\u00ebris\u00eb","isPartOf":{"@id":"https:\/\/orthodoxalbania.org\/2020\/#website"},"primaryImageOfPage":{"@id":"https:\/\/orthodoxalbania.org\/2020\/2008\/02\/26\/zgjidhet-dhe-fronezohet-kryepiskopi-i-ri-i-kishes-orthodhokse-autoqefale-te-greqise-fortlumturia-e-tij-jeronimi-shkurt-2008\/#primaryimage"},"image":{"@id":"https:\/\/orthodoxalbania.org\/2020\/2008\/02\/26\/zgjidhet-dhe-fronezohet-kryepiskopi-i-ri-i-kishes-orthodhokse-autoqefale-te-greqise-fortlumturia-e-tij-jeronimi-shkurt-2008\/#primaryimage"},"thumbnailUrl":"https:\/\/lh3.googleusercontent.com\/-88RzOxia24s\/VI6m5MYTazI\/AAAAAAAAHho\/iJwpl-zVd24\/w250-h315-no\/newkrygr.jpg","datePublished":"2008-02-26T00:00:00+00:00","dateModified":"2020-04-06T20:35:31+00:00","breadcrumb":{"@id":"https:\/\/orthodoxalbania.org\/2020\/2008\/02\/26\/zgjidhet-dhe-fronezohet-kryepiskopi-i-ri-i-kishes-orthodhokse-autoqefale-te-greqise-fortlumturia-e-tij-jeronimi-shkurt-2008\/#breadcrumb"},"inLanguage":"en-US","potentialAction":[{"@type":"ReadAction","target":["https:\/\/orthodoxalbania.org\/2020\/2008\/02\/26\/zgjidhet-dhe-fronezohet-kryepiskopi-i-ri-i-kishes-orthodhokse-autoqefale-te-greqise-fortlumturia-e-tij-jeronimi-shkurt-2008\/"]}]},{"@type":"ImageObject","inLanguage":"en-US","@id":"https:\/\/orthodoxalbania.org\/2020\/2008\/02\/26\/zgjidhet-dhe-fronezohet-kryepiskopi-i-ri-i-kishes-orthodhokse-autoqefale-te-greqise-fortlumturia-e-tij-jeronimi-shkurt-2008\/#primaryimage","url":"https:\/\/lh3.googleusercontent.com\/-88RzOxia24s\/VI6m5MYTazI\/AAAAAAAAHho\/iJwpl-zVd24\/w250-h315-no\/newkrygr.jpg","contentUrl":"https:\/\/lh3.googleusercontent.com\/-88RzOxia24s\/VI6m5MYTazI\/AAAAAAAAHho\/iJwpl-zVd24\/w250-h315-no\/newkrygr.jpg"},{"@type":"BreadcrumbList","@id":"https:\/\/orthodoxalbania.org\/2020\/2008\/02\/26\/zgjidhet-dhe-fronezohet-kryepiskopi-i-ri-i-kishes-orthodhokse-autoqefale-te-greqise-fortlumturia-e-tij-jeronimi-shkurt-2008\/#breadcrumb","itemListElement":[{"@type":"ListItem","position":1,"name":"Home","item":"https:\/\/orthodoxalbania.org\/2020\/"},{"@type":"ListItem","position":2,"name":"Zgjidhet dhe fron\u00ebzohet Kryepiskopi i ri i Kish\u00ebs Orthodhokse Autoqefale t\u00eb Greqis\u00eb, Fortlumturia e Tij Jeronimi. (Shkurt 2008)"}]},{"@type":"WebSite","@id":"https:\/\/orthodoxalbania.org\/2020\/#website","url":"https:\/\/orthodoxalbania.org\/2020\/","name":"Kisha Orthodh\u03bfkse Autoqefale e Shqip\u00ebris\u00eb","description":"Fqja Zyrtare e Kish\u00ebs Orthodhokse Autoqefale e Shqip\u00ebris\u00eb me lajmet edhe informacionet zyrtare p\u00ebr struktur\u00ebn edhe veprimtarin e saj.","publisher":{"@id":"https:\/\/orthodoxalbania.org\/2020\/#organization"},"potentialAction":[{"@type":"SearchAction","target":{"@type":"EntryPoint","urlTemplate":"https:\/\/orthodoxalbania.org\/2020\/?s={search_term_string}"},"query-input":{"@type":"PropertyValueSpecification","valueRequired":true,"valueName":"search_term_string"}}],"inLanguage":"en-US"},{"@type":"Organization","@id":"https:\/\/orthodoxalbania.org\/2020\/#organization","name":"Kisha Orthodhokse Autoqefale e Shqip\u00ebris\u00eb","url":"https:\/\/orthodoxalbania.org\/2020\/","logo":{"@type":"ImageObject","inLanguage":"en-US","@id":"https:\/\/orthodoxalbania.org\/2020\/#\/schema\/logo\/image\/","url":"https:\/\/orthodoxalbania.org\/2020\/wp-content\/uploads\/2020\/05\/albania.jpeg","contentUrl":"https:\/\/orthodoxalbania.org\/2020\/wp-content\/uploads\/2020\/05\/albania.jpeg","width":540,"height":540,"caption":"Kisha Orthodhokse Autoqefale e Shqip\u00ebris\u00eb"},"image":{"@id":"https:\/\/orthodoxalbania.org\/2020\/#\/schema\/logo\/image\/"},"sameAs":["https:\/\/www.facebook.com\/koash1991"]},{"@type":"Person","@id":"https:\/\/orthodoxalbania.org\/2020\/#\/schema\/person\/0c387634a7063ac612d7ed9ce71c7e86","name":"Kisha Orthodhokse","image":{"@type":"ImageObject","inLanguage":"en-US","@id":"https:\/\/secure.gravatar.com\/avatar\/596e7c417251e30f2fbb9c00e026fce61a695a00e51c889caded71c96cbbdde5?s=96&d=mm&r=g","url":"https:\/\/secure.gravatar.com\/avatar\/596e7c417251e30f2fbb9c00e026fce61a695a00e51c889caded71c96cbbdde5?s=96&d=mm&r=g","contentUrl":"https:\/\/secure.gravatar.com\/avatar\/596e7c417251e30f2fbb9c00e026fce61a695a00e51c889caded71c96cbbdde5?s=96&d=mm&r=g","caption":"Kisha Orthodhokse"}}]}},"_links":{"self":[{"href":"https:\/\/orthodoxalbania.org\/2020\/wp-json\/wp\/v2\/posts\/1554","targetHints":{"allow":["GET"]}}],"collection":[{"href":"https:\/\/orthodoxalbania.org\/2020\/wp-json\/wp\/v2\/posts"}],"about":[{"href":"https:\/\/orthodoxalbania.org\/2020\/wp-json\/wp\/v2\/types\/post"}],"author":[{"embeddable":true,"href":"https:\/\/orthodoxalbania.org\/2020\/wp-json\/wp\/v2\/users\/1"}],"replies":[{"embeddable":true,"href":"https:\/\/orthodoxalbania.org\/2020\/wp-json\/wp\/v2\/comments?post=1554"}],"version-history":[{"count":1,"href":"https:\/\/orthodoxalbania.org\/2020\/wp-json\/wp\/v2\/posts\/1554\/revisions"}],"predecessor-version":[{"id":15701,"href":"https:\/\/orthodoxalbania.org\/2020\/wp-json\/wp\/v2\/posts\/1554\/revisions\/15701"}],"wp:attachment":[{"href":"https:\/\/orthodoxalbania.org\/2020\/wp-json\/wp\/v2\/media?parent=1554"}],"wp:term":[{"taxonomy":"category","embeddable":true,"href":"https:\/\/orthodoxalbania.org\/2020\/wp-json\/wp\/v2\/categories?post=1554"},{"taxonomy":"post_tag","embeddable":true,"href":"https:\/\/orthodoxalbania.org\/2020\/wp-json\/wp\/v2\/tags?post=1554"}],"curies":[{"name":"wp","href":"https:\/\/api.w.org\/{rel}","templated":true}]}}