{"id":1553,"date":"2008-02-26T00:00:15","date_gmt":"2008-02-26T00:00:15","guid":{"rendered":""},"modified":"2020-04-13T00:31:22","modified_gmt":"2020-04-12T22:31:22","slug":"youth-meetings-in-theological-academy-in-durres-and-the-tabor-center-in-tirana-2008","status":"publish","type":"post","link":"https:\/\/orthodoxalbania.org\/2020\/en\/2008\/02\/26\/youth-meetings-in-theological-academy-in-durres-and-the-tabor-center-in-tirana-2008\/","title":{"rendered":"Youth meetings in Theological Academy in Durr\u00ebs and the Tabor Center in Tirana. (May 2008)"},"content":{"rendered":"<table id=\"AutoNumber1\" style=\"width: 565px; height: 1903px;\" border=\"0\">\n<tbody>\n<tr>\n<td>\n<div>&nbsp;<\/div>\n<\/td>\n<td>\n<table id=\"AutoNumber2\" style=\"width: 588px; height: 1920px;\" border=\"0\">\n<tbody>\n<tr>\n<td>\n<div><span style=\"font-family: tahoma,geneva,sans-serif;\"><span style=\"font-size: 12px;\"><span style=\"color: #000000;\"><img decoding=\"async\" class=\"lazyload HAa Eha\" style=\"margin: 10px auto; display: block; border: 1px solid;\" alt=\"\" src=\"data:image\/svg+xml,%3Csvg%20xmlns%3D%27http%3A%2F%2Fwww.w3.org%2F2000%2Fsvg%27%20width%3D%27300%27%20height%3D%27169%27%20viewBox%3D%270%200%20300%20169%27%3E%3Crect%20width%3D%27300%27%20height%3D%27169%27%20fill-opacity%3D%220%22%2F%3E%3C%2Fsvg%3E\" data-orig-src=\"https:\/\/lh3.googleusercontent.com\/-Gog54Y9ZIvc\/VLoYeYVpZEI\/AAAAAAAAK-c\/YczzNqKuXKY\/w400-h225-no\/mat[1].jpg\" height=\"169\" width=\"300\" \/><\/span><\/span><\/span><\/div>\n<\/td>\n<td>\n<div style=\"text-align: justify;\"><span style=\"font-family: tahoma,geneva,sans-serif;\"><span style=\"font-size: 12px;\"><span style=\"color: #000000;\">&nbsp;&nbsp;&nbsp; The students of the Theological Academy the \u201cResurrection of Christ\u201d in St. Vlash of Durr\u00ebs organized an annual meeting for seniors from the different parishes in our Church to take part in Christian social interaction in a beautiful setting.<\/span><\/span><\/span><\/div>\n<\/td>\n<\/tr>\n<tr>\n<td>\n<div style=\"text-align: justify;\"><span style=\"font-family: tahoma,geneva,sans-serif;\"><span style=\"font-size: 12px;\"><span style=\"color: #000000;\">&nbsp;&nbsp;&nbsp; About 60 young people joined the students learning more about student life at the academy and why no everyone with the hope to be apart of her one day. The activities took place on May 16<sup>th<\/sup> through the 18<sup>th<\/sup> in the serene Monastery of Saint Vlash.<\/span><\/span><\/span><\/div>\n<\/td>\n<td>\n<div><span style=\"font-family: tahoma,geneva,sans-serif;\"><span style=\"font-size: 12px;\"><span style=\"color: #000000;\"><img decoding=\"async\" class=\"lazyload HAa Eha\" style=\"margin: 10px auto; display: block; border: 1px solid;\" alt=\"\" src=\"data:image\/svg+xml,%3Csvg%20xmlns%3D%27http%3A%2F%2Fwww.w3.org%2F2000%2Fsvg%27%20width%3D%27216%27%20height%3D%27122%27%20viewBox%3D%270%200%20216%20122%27%3E%3Crect%20width%3D%27216%27%20height%3D%27122%27%20fill-opacity%3D%220%22%2F%3E%3C%2Fsvg%3E\" data-orig-src=\"https:\/\/lh4.googleusercontent.com\/-883bMViwLyU\/VLoYmUQwJ7I\/AAAAAAAAK-s\/20wa7shw4TY\/w400-h225-no\/mat2.jpg\" height=\"122\" width=\"216\" \/><\/span><\/span><\/span><\/div>\n<\/td>\n<\/tr>\n<tr>\n<td>\n<div><span style=\"font-family: tahoma,geneva,sans-serif;\"><span style=\"font-size: 12px;\"><span style=\"color: #000000;\"><img decoding=\"async\" class=\"lazyload HAa Eha\" style=\"margin: 10px auto; display: block; border: 1px solid;\" alt=\"\" src=\"data:image\/svg+xml,%3Csvg%20xmlns%3D%27http%3A%2F%2Fwww.w3.org%2F2000%2Fsvg%27%20width%3D%27300%27%20height%3D%27169%27%20viewBox%3D%270%200%20300%20169%27%3E%3Crect%20width%3D%27300%27%20height%3D%27169%27%20fill-opacity%3D%220%22%2F%3E%3C%2Fsvg%3E\" data-orig-src=\"https:\/\/lh3.googleusercontent.com\/-DD5yWeR2hJ8\/VLoY-M7U3PI\/AAAAAAAAK_E\/p0GtuhuXOLY\/w400-h225-no\/mat4.jpg\" height=\"169\" width=\"300\" \/><\/span><\/span><\/span><\/div>\n<\/td>\n<td>\n<div style=\"text-align: justify;\"> <span style=\"font-family: tahoma,geneva,sans-serif;\"><span style=\"font-size: 12px;\"><span style=\"color: #000000;\">&nbsp;&nbsp;&nbsp; The students took part in different activities such as Church services, group discussions, games, dancing, and a trip in the beach. The theme of the meeting was, \u201cYouth, the Gift of Life\u201d, which Professor Dhimiter Qosja spoke of most eloquently.<\/span><\/span><\/span><\/div>\n<div style=\"text-align: justify;\">&nbsp;<\/div>\n<\/td>\n<\/tr>\n<tr>\n<td>\n<div style=\"text-align: justify;\"><span style=\"font-family: tahoma,geneva,sans-serif;\"><span style=\"font-size: 12px;\"><span style=\"color: #000000;\">&nbsp;&nbsp;&nbsp; A welcoming address was given by the assistant director of the academy, His Grace Nikolla, Bishop of Apolonia. He said, \u201cWhile staying in the beautiful surroundings of this monastery, you will feel the magnificence of a young person\u2019s life that God has given you. If you have considered it, let it grow stronger, if the problems and difficulties of age have weakened the bearings of your youth, let it regenerate here gaining power and life from God\u2019s grace, which continuously regenerates and rejuvenates us\u201d.<\/span><\/span><\/span><\/div>\n<\/td>\n<td>\n<div><span style=\"font-family: tahoma,geneva,sans-serif;\"><span style=\"font-size: 12px;\"><span style=\"color: #000000;\"><img decoding=\"async\" class=\"lazyload HAa Eha\" style=\"margin: 10px auto; display: block; border: 1px solid;\" alt=\"\" src=\"data:image\/svg+xml,%3Csvg%20xmlns%3D%27http%3A%2F%2Fwww.w3.org%2F2000%2Fsvg%27%20width%3D%27217%27%20height%3D%27122%27%20viewBox%3D%270%200%20217%20122%27%3E%3Crect%20width%3D%27217%27%20height%3D%27122%27%20fill-opacity%3D%220%22%2F%3E%3C%2Fsvg%3E\" data-orig-src=\"https:\/\/lh5.googleusercontent.com\/-43J8Fc98aYg\/VLoY-IWy_YI\/AAAAAAAAK_A\/q6hktef6zBc\/w400-h225-no\/mat5.jpg\" height=\"122\" width=\"217\" \/><\/span><\/span><\/span><\/div>\n<\/td>\n<\/tr>\n<tr>\n<td colspan=\"2\">\n<div style=\"text-align: justify;\"><span style=\"font-family: tahoma,geneva,sans-serif;\"><span style=\"font-size: 12px;\"><span style=\"color: #000000;\">&nbsp;&nbsp;&nbsp; Saturday, the second day of the meeting, was filled with many activities, such as time for collective prayer, group discussions, and enjoying the ambience of the academy. The seniors understood the important message of Professor Qosja and how they can prepare for life and face disappointing moments that are all a part of life.&nbsp; To appreciate lessons and school fellowship and to keep the energy that they must accumulate now, using it all through their lives.<\/span><\/span><\/span><\/div>\n<div style=\"text-align: center;\"> <span style=\"color: #b22222;\"><span style=\"font-family: tahoma,geneva,sans-serif;\"><span style=\"font-size: 12px;\">&nbsp;&nbsp;&nbsp;&nbsp;&nbsp;&nbsp;&nbsp;&nbsp;&nbsp;&nbsp;&nbsp;&nbsp;&nbsp;&nbsp;&nbsp;&nbsp;&nbsp;&nbsp;&nbsp;&nbsp;&nbsp;&nbsp;&nbsp;&nbsp;&nbsp;&nbsp;&nbsp;&nbsp;&nbsp;&nbsp;&nbsp;&nbsp;&nbsp;&nbsp;&nbsp;&nbsp;&nbsp;&nbsp;&nbsp;&nbsp;&nbsp;&nbsp;&nbsp;&nbsp;&nbsp;&nbsp;&nbsp;&nbsp;&nbsp;&nbsp;&nbsp;&nbsp;&nbsp;&nbsp;&nbsp;&nbsp;&nbsp;&nbsp;&nbsp;&nbsp;&nbsp;&nbsp;&nbsp;&nbsp;&nbsp;<br \/> *****&nbsp; &nbsp;&nbsp;<\/span><\/span><\/span><\/div>\n<div style=\"text-align: center;\">&nbsp;<\/div>\n<\/td>\n<\/tr>\n<tr>\n<td>\n<div><span style=\"font-family: tahoma,geneva,sans-serif;\"><span style=\"font-size: 12px;\"><span style=\"color: #000000;\"><img decoding=\"async\" class=\"lazyload HAa Eha\" style=\"margin: 10px auto; display: block; border: 1px solid;\" alt=\"\" src=\"data:image\/svg+xml,%3Csvg%20xmlns%3D%27http%3A%2F%2Fwww.w3.org%2F2000%2Fsvg%27%20width%3D%27300%27%20height%3D%27225%27%20viewBox%3D%270%200%20300%20225%27%3E%3Crect%20width%3D%27300%27%20height%3D%27225%27%20fill-opacity%3D%220%22%2F%3E%3C%2Fsvg%3E\" data-orig-src=\"https:\/\/lh3.googleusercontent.com\/-SQWczSyZCzs\/VI7EIrUep9I\/AAAAAAAAHq4\/C6vZITA8mt4\/w400-h300-no\/p[1].jpg\" height=\"225\" width=\"300\" \/><\/span><\/span><\/span><\/div>\n<\/td>\n<td>\n<div style=\"text-align: justify;\"><span style=\"font-family: tahoma,geneva,sans-serif;\"><span style=\"font-size: 12px;\"><span style=\"color: #000000;\">&nbsp;&nbsp;&nbsp; Another gathering took place at the Tabor Center for Spiritual Education as well. About 50 young people from youth groups in the Tirana diocese focused on \u201cyouthful activity\u201d and \u201cdiligence and active youth\u201d. The purpose was to train young people to learn handicrafts and to gain experience to share in their own youth centers.<\/span><\/span><\/span><\/div>\n<\/td>\n<\/tr>\n<tr>\n<td>\n<div style=\"text-align: justify;\"><span style=\"font-family: tahoma,geneva,sans-serif;\"><span style=\"font-size: 12px;\"><span style=\"color: #000000;\">&nbsp;&nbsp;&nbsp;&nbsp;<\/span><\/span><\/span><\/div>\n<div style=\"text-align: justify;\"><span style=\"font-family: tahoma,geneva,sans-serif;\"><span style=\"font-size: 12px;\"><span style=\"color: #000000;\">&nbsp;&nbsp;&nbsp; They learned how to make prayer ropes, braided crosses, wooden icons, and religious art made with gypsum. Five delegates from each youth group separated into smaller groups where they could learn a variety of activities. They are hopeful that the crafts they have learned can be used to earn an income to support other youth activities in their centers.<\/span><\/span><\/span><\/div>\n<div style=\"text-align: justify;\">&nbsp;<\/div>\n<\/td>\n<td>\n<div><span style=\"font-family: tahoma,geneva,sans-serif;\"><span style=\"font-size: 12px;\"><span style=\"color: #000000;\"><img decoding=\"async\" class=\"lazyload HAa Eha\" style=\"margin: 10px auto; display: block; border: 1px solid;\" alt=\"\" src=\"data:image\/svg+xml,%3Csvg%20xmlns%3D%27http%3A%2F%2Fwww.w3.org%2F2000%2Fsvg%27%20width%3D%27215%27%20height%3D%27161%27%20viewBox%3D%270%200%20215%20161%27%3E%3Crect%20width%3D%27215%27%20height%3D%27161%27%20fill-opacity%3D%220%22%2F%3E%3C%2Fsvg%3E\" data-orig-src=\"https:\/\/lh6.googleusercontent.com\/-LVpOn46kw_k\/VI7EIOx1VtI\/AAAAAAAAHqo\/uCJZG0SobX8\/w400-h300-no\/p2.jpg\" height=\"161\" width=\"215\" \/><\/span><\/span><\/span><\/div>\n<\/td>\n<\/tr>\n<tr>\n<td>\n<div><span style=\"font-family: tahoma,geneva,sans-serif;\"><span style=\"font-size: 12px;\"><span style=\"color: #000000;\"><img decoding=\"async\" class=\"lazyload HAa Eha\" style=\"margin: 10px auto; display: block; border: 1px solid;\" alt=\"\" src=\"data:image\/svg+xml,%3Csvg%20xmlns%3D%27http%3A%2F%2Fwww.w3.org%2F2000%2Fsvg%27%20width%3D%27300%27%20height%3D%27225%27%20viewBox%3D%270%200%20300%20225%27%3E%3Crect%20width%3D%27300%27%20height%3D%27225%27%20fill-opacity%3D%220%22%2F%3E%3C%2Fsvg%3E\" data-orig-src=\"https:\/\/lh6.googleusercontent.com\/-Pv5VwMTF7w4\/VI7EH91CduI\/AAAAAAAAHq0\/x-koa6iGTp8\/w400-h300-no\/p3.jpg\" height=\"225\" width=\"300\" \/><\/span><\/span><\/span><\/div>\n<\/td>\n<td>\n<div style=\"text-align: justify;\"><span style=\"font-family: tahoma,geneva,sans-serif;\"><span style=\"font-size: 12px;\"><span style=\"color: #000000;\">&nbsp;&nbsp;&nbsp; It wasn\u2019t all work, however, as they groups had spiritual, social-cultural and amusing program also. Archimandrite Kosma Prifti spoke of \u201cDiligent and Active Youth, and asserted that young people have great power in society, and with work and vision, they can make profound changes.<\/span><\/span><\/span><\/div>\n<\/td>\n<\/tr>\n<tr>\n<td dir=\"ltr\">\n<div> <span style=\"font-family: tahoma,geneva,sans-serif;\"><span style=\"font-size: 12px;\"><span style=\"color: #000000;\">&nbsp;&nbsp;&nbsp;&nbsp;<\/span><\/span><\/span><\/div>\n<div style=\"text-align: justify;\"><span style=\"font-family: tahoma,geneva,sans-serif;\"><span style=\"font-size: 12px;\"><span style=\"color: #000000;\">&nbsp;&nbsp;&nbsp; The funds used for these activities were donated by Madeleine Hirsch Jemma and Esther Osther Oettli, of Switzerland, and were gratefully received by everyone involved in the project.<\/span><\/span><\/span><\/div>\n<div> &nbsp;<\/div>\n<\/td>\n<td dir=\"ltr\">\n<div><span style=\"font-family: tahoma,geneva,sans-serif;\"><span style=\"font-size: 12px;\"><span style=\"color: #000000;\"><img decoding=\"async\" class=\"lazyload HAa Eha\" style=\"margin: 10px auto; display: block; border: 1px solid;\" alt=\"\" src=\"data:image\/svg+xml,%3Csvg%20xmlns%3D%27http%3A%2F%2Fwww.w3.org%2F2000%2Fsvg%27%20width%3D%27212%27%20height%3D%27159%27%20viewBox%3D%270%200%20212%20159%27%3E%3Crect%20width%3D%27212%27%20height%3D%27159%27%20fill-opacity%3D%220%22%2F%3E%3C%2Fsvg%3E\" data-orig-src=\"https:\/\/lh4.googleusercontent.com\/-eDY16vhJJ1U\/VI7EIEafFTI\/AAAAAAAAHrA\/bEJ8a3NN9uw\/w400-h300-no\/p4.jpg\" height=\"159\" width=\"212\" \/><\/span><\/span><\/span><\/div>\n<\/td>\n<\/tr>\n<tr>\n<td dir=\"ltr\" colspan=\"2\">\n<div><span style=\"font-family: tahoma,geneva,sans-serif;\"><span style=\"font-size: 12px;\"><span style=\"color: #000000;\">&nbsp;&nbsp;&nbsp;<\/span><\/span><\/span><\/div>\n<div style=\"text-align: right;\"><span style=\"font-family: tahoma,geneva,sans-serif;\"><span style=\"font-size: 12px;\"><span style=\"color: #000000;\"><strong>&nbsp;Nestilda Dangaj &amp; Emanuel Pupi<\/strong><\/span><\/span><\/span><\/div>\n<div style=\"text-align: right;\">&nbsp;<\/div>\n<div style=\"text-align: right;\"><span style=\"font-family: tahoma,geneva,sans-serif;\"><span style=\"font-size: 12px;\"><span style=\"color: #000000;\">&nbsp;Translated by<strong> Nikola Marku<\/strong><\/span><\/span><\/span><\/div>\n<div style=\"text-align: right;\">&nbsp;<\/div>\n<div style=\"text-align: right;\"><span style=\"font-family: tahoma,geneva,sans-serif;\"><span style=\"font-size: 12px;\"><span style=\"color: #000000;\">&nbsp;Edited by<strong> Melanie Linderman<\/strong><\/span><\/span><\/span><\/div>\n<\/td>\n<\/tr>\n<\/tbody>\n<\/table>\n<\/td>\n<\/tr>\n<\/tbody>\n<\/table>\n","protected":false},"excerpt":{"rendered":"<p>&nbsp; &nbsp;&nbsp;&nbsp; The students of the Theological Academy the \u201cResurrection of Christ\u201d in St. Vlash of Durr\u00ebs organized an annual meeting for seniors from the different parishes in our Church to take part in Christian social interaction in a beautiful setting. &nbsp;&nbsp;&nbsp; About 60 young people joined the students learning more about student life at the academy and why no everyone with the hope to<\/p>\n","protected":false},"author":7,"featured_media":0,"comment_status":"open","ping_status":"open","sticky":false,"template":"","format":"standard","meta":{"_acf_changed":false,"pagelayer_contact_templates":[],"_pagelayer_content":"","inline_featured_image":false,"fifu_image_url":"","fifu_image_alt":"","footnotes":""},"categories":[1455,311],"tags":[1121,1794],"class_list":["post-1553","post","type-post","status-publish","format-standard","hentry","category-news-en","category-news-d25","tag-2008-en","tag-rinia-orthodhokse-en"],"acf":[],"yoast_head":"<!-- This site is optimized with the Yoast SEO plugin v27.2 - https:\/\/yoast.com\/product\/yoast-seo-wordpress\/ -->\n<title>Youth meetings in Theological Academy in Durr\u00ebs and the Tabor Center in Tirana. (May 2008) - Kisha Orthodh\u03bfkse Autoqefale e Shqip\u00ebris\u00eb<\/title>\n<meta name=\"robots\" content=\"index, follow, max-snippet:-1, max-image-preview:large, max-video-preview:-1\" \/>\n<link rel=\"canonical\" href=\"https:\/\/orthodoxalbania.org\/2020\/en\/2008\/02\/26\/youth-meetings-in-theological-academy-in-durres-and-the-tabor-center-in-tirana-2008\/\" \/>\n<meta property=\"og:locale\" content=\"en_US\" \/>\n<meta property=\"og:type\" content=\"article\" \/>\n<meta property=\"og:title\" content=\"Youth meetings in Theological Academy in Durr\u00ebs and the Tabor Center in Tirana. (May 2008) - Kisha Orthodh\u03bfkse Autoqefale e Shqip\u00ebris\u00eb\" \/>\n<meta property=\"og:description\" content=\"&nbsp; &nbsp;&nbsp;&nbsp; The students of the Theological Academy the \u201cResurrection of Christ\u201d in St. Vlash of Durr\u00ebs organized an annual meeting for seniors from the different parishes in our Church to take part in Christian social interaction in a beautiful setting. &nbsp;&nbsp;&nbsp; About 60 young people joined the students learning more about student life at the academy and why no everyone with the hope to\" \/>\n<meta property=\"og:url\" content=\"https:\/\/orthodoxalbania.org\/2020\/en\/2008\/02\/26\/youth-meetings-in-theological-academy-in-durres-and-the-tabor-center-in-tirana-2008\/\" \/>\n<meta property=\"og:site_name\" content=\"Kisha Orthodh\u03bfkse Autoqefale e Shqip\u00ebris\u00eb\" \/>\n<meta property=\"article:publisher\" content=\"https:\/\/www.facebook.com\/koash1991\" \/>\n<meta property=\"article:published_time\" content=\"2008-02-26T00:00:15+00:00\" \/>\n<meta property=\"article:modified_time\" content=\"2020-04-12T22:31:22+00:00\" \/>\n<meta property=\"og:image\" content=\"https:\/\/lh3.googleusercontent.com\/-Gog54Y9ZIvc\/VLoYeYVpZEI\/AAAAAAAAK-c\/YczzNqKuXKY\/w400-h225-no\/mat%5B1%5D.jpg\" \/>\n<meta name=\"author\" content=\"Kisha Orthodhokse\" \/>\n<meta name=\"twitter:card\" content=\"summary_large_image\" \/>\n<meta name=\"twitter:label1\" content=\"Written by\" \/>\n\t<meta name=\"twitter:data1\" content=\"Kisha Orthodhokse\" \/>\n\t<meta name=\"twitter:label2\" content=\"Est. reading time\" \/>\n\t<meta name=\"twitter:data2\" content=\"3 minutes\" \/>\n<script type=\"application\/ld+json\" class=\"yoast-schema-graph\">{\"@context\":\"https:\/\/schema.org\",\"@graph\":[{\"@type\":\"Article\",\"@id\":\"https:\/\/orthodoxalbania.org\/2020\/en\/2008\/02\/26\/youth-meetings-in-theological-academy-in-durres-and-the-tabor-center-in-tirana-2008\/#article\",\"isPartOf\":{\"@id\":\"https:\/\/orthodoxalbania.org\/2020\/en\/2008\/02\/26\/youth-meetings-in-theological-academy-in-durres-and-the-tabor-center-in-tirana-2008\/\"},\"author\":{\"name\":\"Kisha Orthodhokse\",\"@id\":\"https:\/\/orthodoxalbania.org\/2020\/#\/schema\/person\/df745f942b70e045b3dc05a30211f0de\"},\"headline\":\"Youth meetings in Theological Academy in Durr\u00ebs and the Tabor Center in Tirana. (May 2008)\",\"datePublished\":\"2008-02-26T00:00:15+00:00\",\"dateModified\":\"2020-04-12T22:31:22+00:00\",\"mainEntityOfPage\":{\"@id\":\"https:\/\/orthodoxalbania.org\/2020\/en\/2008\/02\/26\/youth-meetings-in-theological-academy-in-durres-and-the-tabor-center-in-tirana-2008\/\"},\"wordCount\":617,\"commentCount\":0,\"publisher\":{\"@id\":\"https:\/\/orthodoxalbania.org\/2020\/#organization\"},\"image\":{\"@id\":\"https:\/\/orthodoxalbania.org\/2020\/en\/2008\/02\/26\/youth-meetings-in-theological-academy-in-durres-and-the-tabor-center-in-tirana-2008\/#primaryimage\"},\"thumbnailUrl\":\"https:\/\/lh3.googleusercontent.com\/-Gog54Y9ZIvc\/VLoYeYVpZEI\/AAAAAAAAK-c\/YczzNqKuXKY\/w400-h225-no\/mat[1].jpg\",\"keywords\":[\"2008\",\"Rinia Orthodhokse\"],\"articleSection\":[\"News - \u0395\u039d\",\"News old page\"],\"inLanguage\":\"en-US\"},{\"@type\":\"WebPage\",\"@id\":\"https:\/\/orthodoxalbania.org\/2020\/en\/2008\/02\/26\/youth-meetings-in-theological-academy-in-durres-and-the-tabor-center-in-tirana-2008\/\",\"url\":\"https:\/\/orthodoxalbania.org\/2020\/en\/2008\/02\/26\/youth-meetings-in-theological-academy-in-durres-and-the-tabor-center-in-tirana-2008\/\",\"name\":\"Youth meetings in Theological Academy in Durr\u00ebs and the Tabor Center in Tirana. (May 2008) - Kisha Orthodh\u03bfkse Autoqefale e Shqip\u00ebris\u00eb\",\"isPartOf\":{\"@id\":\"https:\/\/orthodoxalbania.org\/2020\/#website\"},\"primaryImageOfPage\":{\"@id\":\"https:\/\/orthodoxalbania.org\/2020\/en\/2008\/02\/26\/youth-meetings-in-theological-academy-in-durres-and-the-tabor-center-in-tirana-2008\/#primaryimage\"},\"image\":{\"@id\":\"https:\/\/orthodoxalbania.org\/2020\/en\/2008\/02\/26\/youth-meetings-in-theological-academy-in-durres-and-the-tabor-center-in-tirana-2008\/#primaryimage\"},\"thumbnailUrl\":\"https:\/\/lh3.googleusercontent.com\/-Gog54Y9ZIvc\/VLoYeYVpZEI\/AAAAAAAAK-c\/YczzNqKuXKY\/w400-h225-no\/mat[1].jpg\",\"datePublished\":\"2008-02-26T00:00:15+00:00\",\"dateModified\":\"2020-04-12T22:31:22+00:00\",\"breadcrumb\":{\"@id\":\"https:\/\/orthodoxalbania.org\/2020\/en\/2008\/02\/26\/youth-meetings-in-theological-academy-in-durres-and-the-tabor-center-in-tirana-2008\/#breadcrumb\"},\"inLanguage\":\"en-US\",\"potentialAction\":[{\"@type\":\"ReadAction\",\"target\":[\"https:\/\/orthodoxalbania.org\/2020\/en\/2008\/02\/26\/youth-meetings-in-theological-academy-in-durres-and-the-tabor-center-in-tirana-2008\/\"]}]},{\"@type\":\"ImageObject\",\"inLanguage\":\"en-US\",\"@id\":\"https:\/\/orthodoxalbania.org\/2020\/en\/2008\/02\/26\/youth-meetings-in-theological-academy-in-durres-and-the-tabor-center-in-tirana-2008\/#primaryimage\",\"url\":\"https:\/\/lh3.googleusercontent.com\/-Gog54Y9ZIvc\/VLoYeYVpZEI\/AAAAAAAAK-c\/YczzNqKuXKY\/w400-h225-no\/mat[1].jpg\",\"contentUrl\":\"https:\/\/lh3.googleusercontent.com\/-Gog54Y9ZIvc\/VLoYeYVpZEI\/AAAAAAAAK-c\/YczzNqKuXKY\/w400-h225-no\/mat[1].jpg\"},{\"@type\":\"BreadcrumbList\",\"@id\":\"https:\/\/orthodoxalbania.org\/2020\/en\/2008\/02\/26\/youth-meetings-in-theological-academy-in-durres-and-the-tabor-center-in-tirana-2008\/#breadcrumb\",\"itemListElement\":[{\"@type\":\"ListItem\",\"position\":1,\"name\":\"Home\",\"item\":\"https:\/\/orthodoxalbania.org\/2020\/\"},{\"@type\":\"ListItem\",\"position\":2,\"name\":\"Youth meetings in Theological Academy in Durr\u00ebs and the Tabor Center in Tirana. (May 2008)\"}]},{\"@type\":\"WebSite\",\"@id\":\"https:\/\/orthodoxalbania.org\/2020\/#website\",\"url\":\"https:\/\/orthodoxalbania.org\/2020\/\",\"name\":\"Kisha Orthodh\u03bfkse Autoqefale e Shqip\u00ebris\u00eb\",\"description\":\"Fqja Zyrtare e Kish\u00ebs Orthodhokse Autoqefale e Shqip\u00ebris\u00eb me lajmet edhe informacionet zyrtare p\u00ebr struktur\u00ebn edhe veprimtarin e saj.\",\"publisher\":{\"@id\":\"https:\/\/orthodoxalbania.org\/2020\/#organization\"},\"potentialAction\":[{\"@type\":\"SearchAction\",\"target\":{\"@type\":\"EntryPoint\",\"urlTemplate\":\"https:\/\/orthodoxalbania.org\/2020\/?s={search_term_string}\"},\"query-input\":{\"@type\":\"PropertyValueSpecification\",\"valueRequired\":true,\"valueName\":\"search_term_string\"}}],\"inLanguage\":\"en-US\"},{\"@type\":\"Organization\",\"@id\":\"https:\/\/orthodoxalbania.org\/2020\/#organization\",\"name\":\"Kisha Orthodhokse Autoqefale e Shqip\u00ebris\u00eb\",\"url\":\"https:\/\/orthodoxalbania.org\/2020\/\",\"logo\":{\"@type\":\"ImageObject\",\"inLanguage\":\"en-US\",\"@id\":\"https:\/\/orthodoxalbania.org\/2020\/#\/schema\/logo\/image\/\",\"url\":\"https:\/\/orthodoxalbania.org\/2020\/wp-content\/uploads\/2020\/05\/albania.jpeg\",\"contentUrl\":\"https:\/\/orthodoxalbania.org\/2020\/wp-content\/uploads\/2020\/05\/albania.jpeg\",\"width\":540,\"height\":540,\"caption\":\"Kisha Orthodhokse Autoqefale e Shqip\u00ebris\u00eb\"},\"image\":{\"@id\":\"https:\/\/orthodoxalbania.org\/2020\/#\/schema\/logo\/image\/\"},\"sameAs\":[\"https:\/\/www.facebook.com\/koash1991\"]},{\"@type\":\"Person\",\"@id\":\"https:\/\/orthodoxalbania.org\/2020\/#\/schema\/person\/df745f942b70e045b3dc05a30211f0de\",\"name\":\"Kisha Orthodhokse\",\"image\":{\"@type\":\"ImageObject\",\"inLanguage\":\"en-US\",\"@id\":\"https:\/\/secure.gravatar.com\/avatar\/2676eb8d97178435c9f691a7871595a1da6c33542dec218bce40885573150e28?s=96&d=mm&r=g\",\"url\":\"https:\/\/secure.gravatar.com\/avatar\/2676eb8d97178435c9f691a7871595a1da6c33542dec218bce40885573150e28?s=96&d=mm&r=g\",\"contentUrl\":\"https:\/\/secure.gravatar.com\/avatar\/2676eb8d97178435c9f691a7871595a1da6c33542dec218bce40885573150e28?s=96&d=mm&r=g\",\"caption\":\"Kisha Orthodhokse\"}}]}<\/script>\n<!-- \/ Yoast SEO plugin. -->","yoast_head_json":{"title":"Youth meetings in Theological Academy in Durr\u00ebs and the Tabor Center in Tirana. (May 2008) - Kisha Orthodh\u03bfkse Autoqefale e Shqip\u00ebris\u00eb","robots":{"index":"index","follow":"follow","max-snippet":"max-snippet:-1","max-image-preview":"max-image-preview:large","max-video-preview":"max-video-preview:-1"},"canonical":"https:\/\/orthodoxalbania.org\/2020\/en\/2008\/02\/26\/youth-meetings-in-theological-academy-in-durres-and-the-tabor-center-in-tirana-2008\/","og_locale":"en_US","og_type":"article","og_title":"Youth meetings in Theological Academy in Durr\u00ebs and the Tabor Center in Tirana. (May 2008) - Kisha Orthodh\u03bfkse Autoqefale e Shqip\u00ebris\u00eb","og_description":"&nbsp; &nbsp;&nbsp;&nbsp; The students of the Theological Academy the \u201cResurrection of Christ\u201d in St. Vlash of Durr\u00ebs organized an annual meeting for seniors from the different parishes in our Church to take part in Christian social interaction in a beautiful setting. &nbsp;&nbsp;&nbsp; About 60 young people joined the students learning more about student life at the academy and why no everyone with the hope to","og_url":"https:\/\/orthodoxalbania.org\/2020\/en\/2008\/02\/26\/youth-meetings-in-theological-academy-in-durres-and-the-tabor-center-in-tirana-2008\/","og_site_name":"Kisha Orthodh\u03bfkse Autoqefale e Shqip\u00ebris\u00eb","article_publisher":"https:\/\/www.facebook.com\/koash1991","article_published_time":"2008-02-26T00:00:15+00:00","article_modified_time":"2020-04-12T22:31:22+00:00","og_image":[{"url":"https:\/\/lh3.googleusercontent.com\/-Gog54Y9ZIvc\/VLoYeYVpZEI\/AAAAAAAAK-c\/YczzNqKuXKY\/w400-h225-no\/mat[1].jpg","type":"","width":"","height":""}],"author":"Kisha Orthodhokse","twitter_card":"summary_large_image","twitter_misc":{"Written by":"Kisha Orthodhokse","Est. reading time":"3 minutes"},"schema":{"@context":"https:\/\/schema.org","@graph":[{"@type":"Article","@id":"https:\/\/orthodoxalbania.org\/2020\/en\/2008\/02\/26\/youth-meetings-in-theological-academy-in-durres-and-the-tabor-center-in-tirana-2008\/#article","isPartOf":{"@id":"https:\/\/orthodoxalbania.org\/2020\/en\/2008\/02\/26\/youth-meetings-in-theological-academy-in-durres-and-the-tabor-center-in-tirana-2008\/"},"author":{"name":"Kisha Orthodhokse","@id":"https:\/\/orthodoxalbania.org\/2020\/#\/schema\/person\/df745f942b70e045b3dc05a30211f0de"},"headline":"Youth meetings in Theological Academy in Durr\u00ebs and the Tabor Center in Tirana. (May 2008)","datePublished":"2008-02-26T00:00:15+00:00","dateModified":"2020-04-12T22:31:22+00:00","mainEntityOfPage":{"@id":"https:\/\/orthodoxalbania.org\/2020\/en\/2008\/02\/26\/youth-meetings-in-theological-academy-in-durres-and-the-tabor-center-in-tirana-2008\/"},"wordCount":617,"commentCount":0,"publisher":{"@id":"https:\/\/orthodoxalbania.org\/2020\/#organization"},"image":{"@id":"https:\/\/orthodoxalbania.org\/2020\/en\/2008\/02\/26\/youth-meetings-in-theological-academy-in-durres-and-the-tabor-center-in-tirana-2008\/#primaryimage"},"thumbnailUrl":"https:\/\/lh3.googleusercontent.com\/-Gog54Y9ZIvc\/VLoYeYVpZEI\/AAAAAAAAK-c\/YczzNqKuXKY\/w400-h225-no\/mat[1].jpg","keywords":["2008","Rinia Orthodhokse"],"articleSection":["News - \u0395\u039d","News old page"],"inLanguage":"en-US"},{"@type":"WebPage","@id":"https:\/\/orthodoxalbania.org\/2020\/en\/2008\/02\/26\/youth-meetings-in-theological-academy-in-durres-and-the-tabor-center-in-tirana-2008\/","url":"https:\/\/orthodoxalbania.org\/2020\/en\/2008\/02\/26\/youth-meetings-in-theological-academy-in-durres-and-the-tabor-center-in-tirana-2008\/","name":"Youth meetings in Theological Academy in Durr\u00ebs and the Tabor Center in Tirana. (May 2008) - Kisha Orthodh\u03bfkse Autoqefale e Shqip\u00ebris\u00eb","isPartOf":{"@id":"https:\/\/orthodoxalbania.org\/2020\/#website"},"primaryImageOfPage":{"@id":"https:\/\/orthodoxalbania.org\/2020\/en\/2008\/02\/26\/youth-meetings-in-theological-academy-in-durres-and-the-tabor-center-in-tirana-2008\/#primaryimage"},"image":{"@id":"https:\/\/orthodoxalbania.org\/2020\/en\/2008\/02\/26\/youth-meetings-in-theological-academy-in-durres-and-the-tabor-center-in-tirana-2008\/#primaryimage"},"thumbnailUrl":"https:\/\/lh3.googleusercontent.com\/-Gog54Y9ZIvc\/VLoYeYVpZEI\/AAAAAAAAK-c\/YczzNqKuXKY\/w400-h225-no\/mat[1].jpg","datePublished":"2008-02-26T00:00:15+00:00","dateModified":"2020-04-12T22:31:22+00:00","breadcrumb":{"@id":"https:\/\/orthodoxalbania.org\/2020\/en\/2008\/02\/26\/youth-meetings-in-theological-academy-in-durres-and-the-tabor-center-in-tirana-2008\/#breadcrumb"},"inLanguage":"en-US","potentialAction":[{"@type":"ReadAction","target":["https:\/\/orthodoxalbania.org\/2020\/en\/2008\/02\/26\/youth-meetings-in-theological-academy-in-durres-and-the-tabor-center-in-tirana-2008\/"]}]},{"@type":"ImageObject","inLanguage":"en-US","@id":"https:\/\/orthodoxalbania.org\/2020\/en\/2008\/02\/26\/youth-meetings-in-theological-academy-in-durres-and-the-tabor-center-in-tirana-2008\/#primaryimage","url":"https:\/\/lh3.googleusercontent.com\/-Gog54Y9ZIvc\/VLoYeYVpZEI\/AAAAAAAAK-c\/YczzNqKuXKY\/w400-h225-no\/mat[1].jpg","contentUrl":"https:\/\/lh3.googleusercontent.com\/-Gog54Y9ZIvc\/VLoYeYVpZEI\/AAAAAAAAK-c\/YczzNqKuXKY\/w400-h225-no\/mat[1].jpg"},{"@type":"BreadcrumbList","@id":"https:\/\/orthodoxalbania.org\/2020\/en\/2008\/02\/26\/youth-meetings-in-theological-academy-in-durres-and-the-tabor-center-in-tirana-2008\/#breadcrumb","itemListElement":[{"@type":"ListItem","position":1,"name":"Home","item":"https:\/\/orthodoxalbania.org\/2020\/"},{"@type":"ListItem","position":2,"name":"Youth meetings in Theological Academy in Durr\u00ebs and the Tabor Center in Tirana. (May 2008)"}]},{"@type":"WebSite","@id":"https:\/\/orthodoxalbania.org\/2020\/#website","url":"https:\/\/orthodoxalbania.org\/2020\/","name":"Kisha Orthodh\u03bfkse Autoqefale e Shqip\u00ebris\u00eb","description":"Fqja Zyrtare e Kish\u00ebs Orthodhokse Autoqefale e Shqip\u00ebris\u00eb me lajmet edhe informacionet zyrtare p\u00ebr struktur\u00ebn edhe veprimtarin e saj.","publisher":{"@id":"https:\/\/orthodoxalbania.org\/2020\/#organization"},"potentialAction":[{"@type":"SearchAction","target":{"@type":"EntryPoint","urlTemplate":"https:\/\/orthodoxalbania.org\/2020\/?s={search_term_string}"},"query-input":{"@type":"PropertyValueSpecification","valueRequired":true,"valueName":"search_term_string"}}],"inLanguage":"en-US"},{"@type":"Organization","@id":"https:\/\/orthodoxalbania.org\/2020\/#organization","name":"Kisha Orthodhokse Autoqefale e Shqip\u00ebris\u00eb","url":"https:\/\/orthodoxalbania.org\/2020\/","logo":{"@type":"ImageObject","inLanguage":"en-US","@id":"https:\/\/orthodoxalbania.org\/2020\/#\/schema\/logo\/image\/","url":"https:\/\/orthodoxalbania.org\/2020\/wp-content\/uploads\/2020\/05\/albania.jpeg","contentUrl":"https:\/\/orthodoxalbania.org\/2020\/wp-content\/uploads\/2020\/05\/albania.jpeg","width":540,"height":540,"caption":"Kisha Orthodhokse Autoqefale e Shqip\u00ebris\u00eb"},"image":{"@id":"https:\/\/orthodoxalbania.org\/2020\/#\/schema\/logo\/image\/"},"sameAs":["https:\/\/www.facebook.com\/koash1991"]},{"@type":"Person","@id":"https:\/\/orthodoxalbania.org\/2020\/#\/schema\/person\/df745f942b70e045b3dc05a30211f0de","name":"Kisha Orthodhokse","image":{"@type":"ImageObject","inLanguage":"en-US","@id":"https:\/\/secure.gravatar.com\/avatar\/2676eb8d97178435c9f691a7871595a1da6c33542dec218bce40885573150e28?s=96&d=mm&r=g","url":"https:\/\/secure.gravatar.com\/avatar\/2676eb8d97178435c9f691a7871595a1da6c33542dec218bce40885573150e28?s=96&d=mm&r=g","contentUrl":"https:\/\/secure.gravatar.com\/avatar\/2676eb8d97178435c9f691a7871595a1da6c33542dec218bce40885573150e28?s=96&d=mm&r=g","caption":"Kisha Orthodhokse"}}]}},"_links":{"self":[{"href":"https:\/\/orthodoxalbania.org\/2020\/wp-json\/wp\/v2\/posts\/1553","targetHints":{"allow":["GET"]}}],"collection":[{"href":"https:\/\/orthodoxalbania.org\/2020\/wp-json\/wp\/v2\/posts"}],"about":[{"href":"https:\/\/orthodoxalbania.org\/2020\/wp-json\/wp\/v2\/types\/post"}],"author":[{"embeddable":true,"href":"https:\/\/orthodoxalbania.org\/2020\/wp-json\/wp\/v2\/users\/7"}],"replies":[{"embeddable":true,"href":"https:\/\/orthodoxalbania.org\/2020\/wp-json\/wp\/v2\/comments?post=1553"}],"version-history":[{"count":1,"href":"https:\/\/orthodoxalbania.org\/2020\/wp-json\/wp\/v2\/posts\/1553\/revisions"}],"predecessor-version":[{"id":18001,"href":"https:\/\/orthodoxalbania.org\/2020\/wp-json\/wp\/v2\/posts\/1553\/revisions\/18001"}],"wp:attachment":[{"href":"https:\/\/orthodoxalbania.org\/2020\/wp-json\/wp\/v2\/media?parent=1553"}],"wp:term":[{"taxonomy":"category","embeddable":true,"href":"https:\/\/orthodoxalbania.org\/2020\/wp-json\/wp\/v2\/categories?post=1553"},{"taxonomy":"post_tag","embeddable":true,"href":"https:\/\/orthodoxalbania.org\/2020\/wp-json\/wp\/v2\/tags?post=1553"}],"curies":[{"name":"wp","href":"https:\/\/api.w.org\/{rel}","templated":true}]}}