{"id":1552,"date":"2007-02-26T00:00:22","date_gmt":"2007-02-26T00:00:22","guid":{"rendered":""},"modified":"2020-04-13T00:31:25","modified_gmt":"2020-04-12T22:31:25","slug":"youth-and-the-liturgical-life-of-the-church-november-2007","status":"publish","type":"post","link":"https:\/\/orthodoxalbania.org\/2020\/en\/2007\/02\/26\/youth-and-the-liturgical-life-of-the-church-november-2007\/","title":{"rendered":"Youth and the liturgical life of the Church. (November 2007)"},"content":{"rendered":"<div style=\"text-align: center;\"><span style=\"color: #000000;\"><span style=\"font-family: tahoma,geneva,sans-serif;\"><span style=\"font-size: 12px;\"><strong>An encounter of orthodox youth from the Balkan countries of which there were five representatives from Albania<\/strong><\/span><\/span><\/span><\/div>\n<div style=\"text-align: center;\">&nbsp;<\/div>\n<div style=\"text-align: justify;\"><span style=\"color: #000000;\"><span style=\"font-family: tahoma,geneva,sans-serif;\"><span style=\"font-size: 12px;\">&nbsp;&nbsp;&nbsp; They came from different cultures and took part in the worship of God, together. It was apparent they were united in each Divine Liturgy.<\/span><\/span><\/span><\/div>\n<div style=\"text-align: justify;\">&nbsp;<\/div>\n<div style=\"text-align: justify;\"><span style=\"color: #000000;\"><span style=\"font-family: tahoma,geneva,sans-serif;\"><span style=\"font-size: 12px;\">&nbsp;&nbsp;&nbsp; A group of the our orthodox youth participated in the activities organized by the Balkan Orthodox Youth Association (BOYA) that took place in Serbia on 7<sup>th<\/sup> through 11<sup>th<\/sup> of November. The theme was <strong>\u201cYouth and the liturgical life of the Church\u201d<\/strong>.<\/span><\/span><\/span><\/div>\n<div style=\"text-align: justify;\">&nbsp;<\/div>\n<div style=\"text-align: justify;\"><span style=\"color: #000000;\"><span style=\"font-family: tahoma,geneva,sans-serif;\"><span style=\"font-size: 12px;\">&nbsp;&nbsp;&nbsp; The activities were entitled \u201cThe days of St. Dimitrios\u201d, in honor of his name\u2019s day <em>(according to the Julian calendar)<\/em>. The atmosphere was spiritual and the youth of the Balkans found themselves on common ground, \u2013 which is the Church of Christ, having a rich tradition with countless faithful throughout the world.<\/span><\/span><\/span><\/div>\n<table id=\"AutoNumber2\" style=\"width: 640px; height: 1884px; float: left;\">\n<tbody>\n<tr>\n<td>\n<div><span style=\"color: #000000;\"><span style=\"font-family: tahoma,geneva,sans-serif;\"><span style=\"font-size: 12px;\"><img decoding=\"async\" class=\"lazyload HAa Eha\" style=\"border-width: 1px; border-style: solid; margin: 10px auto; display: block;\" alt=\"\" src=\"data:image\/svg+xml,%3Csvg%20xmlns%3D%27http%3A%2F%2Fwww.w3.org%2F2000%2Fsvg%27%20width%3D%27262%27%20height%3D%27197%27%20viewBox%3D%270%200%20262%20197%27%3E%3Crect%20width%3D%27262%27%20height%3D%27197%27%20fill-opacity%3D%220%22%2F%3E%3C%2Fsvg%3E\" data-orig-src=\"https:\/\/lh5.googleusercontent.com\/-pKS9704LQ5c\/VIrSs0FFYYI\/AAAAAAAAHCw\/s0ouuRT31z8\/w400-h300-no\/1-1.jpg\" height=\"197\" width=\"262\" \/><\/span><\/span><\/span><\/div>\n<\/td>\n<td>\n<div style=\"text-align: justify;\"><span style=\"color: #000000;\"><span style=\"font-family: tahoma,geneva,sans-serif;\"><span style=\"font-size: 12px;\">&nbsp;&nbsp;&nbsp; The first day in Beograd was exceptional. They came from various Balkan countries like Serbia, Romania, Greece and Bulgaria, and gathered at the Orthodox Youth Center of Beograd and had a nice time getting to know each other. They visited some of the most interesting sites in the city. In the afternoon, they departed for the city of Novi-Sadi (part of the Sremi Diocese) where the first session took place. One could easily see in this diocese, a rich Christian life and a consolidation of several churches and monasteries which were found at almost every kilometer.<\/span><\/span><\/span><\/div>\n<\/td>\n<\/tr>\n<tr>\n<td>\n<div style=\"text-align: justify;\"><span style=\"color: #000000;\"><span style=\"font-family: tahoma,geneva,sans-serif;\"><span style=\"font-size: 12px;\">&nbsp;&nbsp;&nbsp; The next day, was the feast day of St. Dimitrios and the faithful of the community in Sremka celebrated the day with the Bishop of their Diocese, His Grace Vasili. Early in the morning, hundreds of faithful gathered at St. Dimitrios Church for the Divine Liturgy.&nbsp; Many dignitaries from the surroundings were there, as well as representatives of BOYA who were seated in a place of honor. They listened to the Divine Liturgy celebrated in their mother tongue.<\/span><\/span><\/span><\/div>\n<\/td>\n<td>\n<div>&nbsp;<\/div>\n<p style=\"text-align: center;\"><span style=\"color: #000000;\"><img decoding=\"async\" class=\"lazyload HAa Eha\" style=\"margin: 10px auto; display: block; border: 1px solid;\" alt=\"\" src=\"data:image\/svg+xml,%3Csvg%20xmlns%3D%27http%3A%2F%2Fwww.w3.org%2F2000%2Fsvg%27%20width%3D%27285%27%20height%3D%27214%27%20viewBox%3D%270%200%20285%20214%27%3E%3Crect%20width%3D%27285%27%20height%3D%27214%27%20fill-opacity%3D%220%22%2F%3E%3C%2Fsvg%3E\" data-orig-src=\"https:\/\/lh4.googleusercontent.com\/-EA4V0WeJu30\/VIrSsyvcfUI\/AAAAAAAAHCo\/dSki-U379zc\/w400-h300-no\/2-1.jpg\" height=\"214\" width=\"285\" \/><\/span><\/p>\n<\/td>\n<\/tr>\n<tr>\n<td>\n<div><span style=\"color: #000000;\"><span style=\"font-family: tahoma,geneva,sans-serif;\"><span style=\"font-size: 12px;\"><img decoding=\"async\" class=\"lazyload HAa Eha\" style=\"margin: 10px auto; display: block; border: 1px solid;\" alt=\"\" src=\"data:image\/svg+xml,%3Csvg%20xmlns%3D%27http%3A%2F%2Fwww.w3.org%2F2000%2Fsvg%27%20width%3D%27253%27%20height%3D%27190%27%20viewBox%3D%270%200%20253%20190%27%3E%3Crect%20width%3D%27253%27%20height%3D%27190%27%20fill-opacity%3D%220%22%2F%3E%3C%2Fsvg%3E\" data-orig-src=\"https:\/\/lh3.googleusercontent.com\/-ay5KIvxYuVE\/VIrStK4aOjI\/AAAAAAAAHCc\/2n0ZxjdnFNg\/w400-h300-no\/3-1.jpg\" height=\"190\" width=\"253\" \/><\/span><\/span><\/span><\/div>\n<p style=\"text-align: center;\">&nbsp;<\/p>\n<\/td>\n<td>\n<div style=\"text-align: justify;\"><span style=\"color: #000000;\"><span style=\"font-family: tahoma,geneva,sans-serif;\"><span style=\"font-size: 12px;\">&nbsp;&nbsp;&nbsp; The clergyman who represented our Church was Fr. Emanuel Lusha who read some prayers in Albanian, as did the co-celebrants from the various churches represented. After the Divine Liturgy there was a festive procession with people filling the streets beginning at the church and processed to a large municipal building.<\/span><\/span><\/span><\/div>\n<\/td>\n<\/tr>\n<tr>\n<td>\n<div style=\"text-align: justify;\"><span style=\"color: #000000;\"><span style=\"font-family: tahoma,geneva,sans-serif;\"><span style=\"font-size: 12px;\">&nbsp;&nbsp;&nbsp; Another festive ceremony was organized inside the building. An inter-cultural meeting took place here with joyful greetings and musical entertainment. At the end of the day, there were visits to the major museums of Sremka and the multi-century basilicas impressing everyone with their combination of medieval and modern elements.<\/span><\/span><\/span><\/div>\n<\/td>\n<td>\n<div>&nbsp;<\/div>\n<p style=\"text-align: center;\"><span style=\"color: #000000;\"><img decoding=\"async\" class=\"lazyload HAa Eha\" style=\"margin: 10px auto; display: block; border: 1px solid;\" alt=\"\" src=\"data:image\/svg+xml,%3Csvg%20xmlns%3D%27http%3A%2F%2Fwww.w3.org%2F2000%2Fsvg%27%20width%3D%27306%27%20height%3D%27230%27%20viewBox%3D%270%200%20306%20230%27%3E%3Crect%20width%3D%27306%27%20height%3D%27230%27%20fill-opacity%3D%220%22%2F%3E%3C%2Fsvg%3E\" data-orig-src=\"https:\/\/lh3.googleusercontent.com\/-MLaYxlC4GCE\/VIrStaVndBI\/AAAAAAAAHCg\/lzWe5ILNPas\/w400-h300-no\/4-1.jpg\" height=\"230\" width=\"306\" \/><\/span><\/p>\n<\/td>\n<\/tr>\n<tr>\n<td>\n<div><span style=\"color: #000000;\"><span style=\"font-family: tahoma,geneva,sans-serif;\"><span style=\"font-size: 12px;\"><img decoding=\"async\" class=\"lazyload HAa Eha\" style=\"margin: 10px auto; display: block; border: 1px solid;\" alt=\"\" src=\"data:image\/svg+xml,%3Csvg%20xmlns%3D%27http%3A%2F%2Fwww.w3.org%2F2000%2Fsvg%27%20width%3D%27244%27%20height%3D%27183%27%20viewBox%3D%270%200%20244%20183%27%3E%3Crect%20width%3D%27244%27%20height%3D%27183%27%20fill-opacity%3D%220%22%2F%3E%3C%2Fsvg%3E\" data-orig-src=\"https:\/\/lh5.googleusercontent.com\/-brinq6kfnDo\/VIrSts4wG3I\/AAAAAAAAHCk\/rjXgmTLR7IM\/w400-h300-no\/5.jpg\" height=\"183\" width=\"244\" \/><\/span><\/span><\/span><\/div>\n<\/td>\n<td>\n<div style=\"text-align: justify;\"><span style=\"color: #000000;\"><span style=\"font-family: tahoma,geneva,sans-serif;\"><span style=\"font-size: 12px;\">&nbsp;&nbsp;&nbsp; Friday was a busy day with many meetings and speeches made by each of the representatives of the Balkan Orthodox Youth Organizations. There was an excellent lecture by Father Jovan, of the Theological Seminary in Serbia, entitled \u201cThe Youth and Liturgical Life\u201d in which he emphasized that \u201c\u2026the Liturgy is an image of the future in the Kingdom of Heaven. Each liturgy is dedicated to God and we become part of His life through our transformation.\u201d<\/span><\/span><\/span><\/div>\n<\/td>\n<\/tr>\n<tr>\n<td dir=\"ltr\" colspan=\"2\">\n<div style=\"text-align: justify;\"> <span style=\"color: #000000;\"><span style=\"font-family: tahoma,geneva,sans-serif;\"><span style=\"font-size: 12px;\">&nbsp;&nbsp; Other speeches followed by representatives of the Orthodox youth of Greece, Romania, Bulgaria and Albania. Father Emanuel spoke of the development of our church in the last fifteen years and the contribution of the youth during this process. All the participants warmly greeted the Albanian representatives and marveled at the work done by Archbishop Anastasios and the orthodox youth. His Beatitude considers our young Albanian Orthodox to be critical for the current development of the Albanian Orthodox Church, as well as for the future.<\/span><\/span><\/span><\/div>\n<div style=\"text-align: justify;\">&nbsp;<\/div>\n<div style=\"text-align: justify;\"><span style=\"color: #000000;\"><span style=\"font-family: tahoma,geneva,sans-serif;\"><span style=\"font-size: 12px;\">&nbsp;&nbsp;&nbsp; A representative of the Romanian youth who was interviewed by the Albanian radio station \u201cResurrection\u201d said, \u201cThe orthodox youth group from Albania represented itself in a remarkable way, giving a bright, concise and complete presentation\u201d. Many Albanian chants and folk songs were heard during the week throughout the Sremi Diocese.<\/span><\/span><\/span><\/div>\n<div style=\"text-align: justify;\">&nbsp;<\/div>\n<div style=\"text-align: justify;\"><span style=\"color: #000000;\"><span style=\"font-family: tahoma,geneva,sans-serif;\"><span style=\"font-size: 12px;\">&nbsp;&nbsp;&nbsp; On Saturday, the youth visited several monasteries such as, Krusedol, Jazak and Hopovo. In Krusedol, the youth venerated the relics of St. Angelina who was Arian\u2019s daughter and sister of our national hero Gjergj Kastrioti\u2019s wife. In a special meeting with the Albanian orthodox youth, his Grace Vasili emphasized that St. Angelina, of Albanian origins, is deeply venerated in Serbia. In the Hopovo monastery, the youth had the blessing to venerate the relics of St. Theodor Tironi. They also met the monks and everyone had lunch together. In the afternoon the youth paid a special visit to the Episcopal Palace \u201cSremski Karlovci\u201d where vespers were said together. Afterwards, they visited \u201cVasilje Sremac\u201d Seminary.<\/span><\/span><\/span><\/div>\n<div style=\"text-align: justify;\">&nbsp;<\/div>\n<div style=\"text-align: justify;\"><span style=\"color: #000000;\"><span style=\"font-family: tahoma,geneva,sans-serif;\"><span style=\"font-size: 12px;\">&nbsp;&nbsp;&nbsp; On Sunday, the last day of the seminar, the Divine Liturgy was celebrated in Ruma. All the members of BOYA worshiped God in their mother tongue. In his sermon, His Grace Vasili, conveyed the message that the unity of orthodox Christians in the Balkans and beyond is a gift of the Holy Spirit. He gave thanks to the youth of BOYA who delivered the message of love for one another within the Church of Christ.<\/span><\/span><\/span><\/div>\n<div style=\"text-align: justify;\">&nbsp;<\/div>\n<\/td>\n<\/tr>\n<\/tbody>\n<\/table>\n<div>&nbsp;<\/div>\n<div>&nbsp;<\/div>\n<div>&nbsp;<\/div>\n<div>&nbsp;<\/div>\n<div>&nbsp;<\/div>\n<div>&nbsp;<\/div>\n<div>&nbsp;<\/div>\n<div>&nbsp;<\/div>\n<div>&nbsp;<\/div>\n<div>&nbsp;<\/div>\n<div>&nbsp;<\/div>\n<div>&nbsp;<\/div>\n<div>&nbsp;<\/div>\n<div>&nbsp;<\/div>\n<div>&nbsp;<\/div>\n<div>&nbsp;<\/div>\n<div>&nbsp;<\/div>\n<div>&nbsp;<\/div>\n<div>&nbsp;<\/div>\n<div>&nbsp;<\/div>\n<div>&nbsp;<\/div>\n<div>&nbsp;<\/div>\n<div>&nbsp;<\/div>\n<div>&nbsp;<\/div>\n<div>&nbsp;<\/div>\n<div>&nbsp;<\/div>\n<div>&nbsp;<\/div>\n<div>&nbsp;<\/div>\n<div>&nbsp;<\/div>\n<div>&nbsp;<\/div>\n<div>&nbsp;<\/div>\n<div>&nbsp;<\/div>\n<div>&nbsp;<\/div>\n<div>&nbsp;<\/div>\n<div>&nbsp;<\/div>\n<div>&nbsp;<\/div>\n<div>&nbsp;<\/div>\n<div>&nbsp;<\/div>\n<div>&nbsp;<\/div>\n<div>&nbsp;<\/div>\n<div>&nbsp;<\/div>\n<div>&nbsp;<\/div>\n<div>&nbsp;<\/div>\n<div>&nbsp;<\/div>\n<div>&nbsp;<\/div>\n<div>&nbsp;<\/div>\n<div>&nbsp;<\/div>\n<div>&nbsp;<\/div>\n<div>&nbsp;<\/div>\n<div>&nbsp;<\/div>\n<div>&nbsp;<\/div>\n<div>&nbsp;<\/div>\n<div>&nbsp;<\/div>\n<div>&nbsp;<\/div>\n<div>&nbsp;<\/div>\n<div>&nbsp;<\/div>\n<div>&nbsp;<\/div>\n<div>&nbsp;<\/div>\n<div>&nbsp;<\/div>\n<div>&nbsp;<\/div>\n<div>&nbsp;<\/div>\n<div>&nbsp;<\/div>\n<div>&nbsp;<\/div>\n<div>&nbsp;<\/div>\n<div>&nbsp;<\/div>\n<div>&nbsp;<\/div>\n<div>&nbsp;<\/div>\n<div>&nbsp;<\/div>\n<div>&nbsp;<\/div>\n<div>&nbsp;<\/div>\n<div>&nbsp;<\/div>\n<div>&nbsp;<\/div>\n<div>&nbsp;<\/div>\n<div>&nbsp;<\/div>\n<div>&nbsp;<\/div>\n<div>&nbsp;<\/div>\n<div>&nbsp;<\/div>\n<div>&nbsp;<\/div>\n<div>&nbsp;<\/div>\n<div>&nbsp;<\/div>\n<div><span style=\"color: #000000;\"><span style=\"font-family: tahoma,geneva,sans-serif;\"><span style=\"font-size: 12px;\"><strong>By Isidor Koti<\/strong><\/span><\/span><\/span><\/div>\n<div><span style=\"color: #000000;\"><span style=\"font-family: tahoma,geneva,sans-serif;\"><span style=\"font-size: 12px;\"><strong>Translated by Juliana Pici<\/strong><\/span><\/span><\/span><\/div>\n<div><span style=\"color: #000000;\"><span style=\"font-family: tahoma,geneva,sans-serif;\"><span style=\"font-size: 12px;\"><strong>Edited by Melanie Linderman<\/strong><\/span><\/span><\/span><\/div>\n","protected":false},"excerpt":{"rendered":"<p>An encounter of orthodox youth from the Balkan countries of which there were five representatives from Albania &nbsp; &nbsp;&nbsp;&nbsp; They came from different cultures and took part in the worship of God, together. It was apparent they were united in each Divine Liturgy. &nbsp; &nbsp;&nbsp;&nbsp; A group of the our orthodox youth participated in the activities organized by the Balkan Orthodox Youth Association (BOYA) that<\/p>\n","protected":false},"author":7,"featured_media":0,"comment_status":"open","ping_status":"open","sticky":false,"template":"","format":"standard","meta":{"_acf_changed":false,"pagelayer_contact_templates":[],"_pagelayer_content":"","inline_featured_image":false,"fifu_image_url":"","fifu_image_alt":"","footnotes":""},"categories":[1455,311],"tags":[1117,1794],"class_list":["post-1552","post","type-post","status-publish","format-standard","hentry","category-news-en","category-news-d25","tag-2007-en","tag-rinia-orthodhokse-en"],"acf":[],"yoast_head":"<!-- This site is optimized with the Yoast SEO plugin v27.2 - https:\/\/yoast.com\/product\/yoast-seo-wordpress\/ -->\n<title>Youth and the liturgical life of the Church. (November 2007) - Kisha Orthodh\u03bfkse Autoqefale e Shqip\u00ebris\u00eb<\/title>\n<meta name=\"robots\" content=\"index, follow, max-snippet:-1, max-image-preview:large, max-video-preview:-1\" \/>\n<link rel=\"canonical\" href=\"https:\/\/orthodoxalbania.org\/2020\/en\/2007\/02\/26\/youth-and-the-liturgical-life-of-the-church-november-2007\/\" \/>\n<meta property=\"og:locale\" content=\"en_US\" \/>\n<meta property=\"og:type\" content=\"article\" \/>\n<meta property=\"og:title\" content=\"Youth and the liturgical life of the Church. (November 2007) - Kisha Orthodh\u03bfkse Autoqefale e Shqip\u00ebris\u00eb\" \/>\n<meta property=\"og:description\" content=\"An encounter of orthodox youth from the Balkan countries of which there were five representatives from Albania &nbsp; &nbsp;&nbsp;&nbsp; They came from different cultures and took part in the worship of God, together. It was apparent they were united in each Divine Liturgy. &nbsp; &nbsp;&nbsp;&nbsp; A group of the our orthodox youth participated in the activities organized by the Balkan Orthodox Youth Association (BOYA) that\" \/>\n<meta property=\"og:url\" content=\"https:\/\/orthodoxalbania.org\/2020\/en\/2007\/02\/26\/youth-and-the-liturgical-life-of-the-church-november-2007\/\" \/>\n<meta property=\"og:site_name\" content=\"Kisha Orthodh\u03bfkse Autoqefale e Shqip\u00ebris\u00eb\" \/>\n<meta property=\"article:publisher\" content=\"https:\/\/www.facebook.com\/koash1991\" \/>\n<meta property=\"article:published_time\" content=\"2007-02-26T00:00:22+00:00\" \/>\n<meta property=\"article:modified_time\" content=\"2020-04-12T22:31:25+00:00\" \/>\n<meta property=\"og:image\" content=\"https:\/\/lh5.googleusercontent.com\/-pKS9704LQ5c\/VIrSs0FFYYI\/AAAAAAAAHCw\/s0ouuRT31z8\/w400-h300-no\/1-1.jpg\" \/>\n<meta name=\"author\" content=\"Kisha Orthodhokse\" \/>\n<meta name=\"twitter:card\" content=\"summary_large_image\" \/>\n<meta name=\"twitter:label1\" content=\"Written by\" \/>\n\t<meta name=\"twitter:data1\" content=\"Kisha Orthodhokse\" \/>\n\t<meta name=\"twitter:label2\" content=\"Est. reading time\" \/>\n\t<meta name=\"twitter:data2\" content=\"5 minutes\" \/>\n<script type=\"application\/ld+json\" class=\"yoast-schema-graph\">{\"@context\":\"https:\/\/schema.org\",\"@graph\":[{\"@type\":\"Article\",\"@id\":\"https:\/\/orthodoxalbania.org\/2020\/en\/2007\/02\/26\/youth-and-the-liturgical-life-of-the-church-november-2007\/#article\",\"isPartOf\":{\"@id\":\"https:\/\/orthodoxalbania.org\/2020\/en\/2007\/02\/26\/youth-and-the-liturgical-life-of-the-church-november-2007\/\"},\"author\":{\"name\":\"Kisha Orthodhokse\",\"@id\":\"https:\/\/orthodoxalbania.org\/2020\/#\/schema\/person\/df745f942b70e045b3dc05a30211f0de\"},\"headline\":\"Youth and the liturgical life of the Church. (November 2007)\",\"datePublished\":\"2007-02-26T00:00:22+00:00\",\"dateModified\":\"2020-04-12T22:31:25+00:00\",\"mainEntityOfPage\":{\"@id\":\"https:\/\/orthodoxalbania.org\/2020\/en\/2007\/02\/26\/youth-and-the-liturgical-life-of-the-church-november-2007\/\"},\"wordCount\":953,\"commentCount\":0,\"publisher\":{\"@id\":\"https:\/\/orthodoxalbania.org\/2020\/#organization\"},\"image\":{\"@id\":\"https:\/\/orthodoxalbania.org\/2020\/en\/2007\/02\/26\/youth-and-the-liturgical-life-of-the-church-november-2007\/#primaryimage\"},\"thumbnailUrl\":\"https:\/\/lh5.googleusercontent.com\/-pKS9704LQ5c\/VIrSs0FFYYI\/AAAAAAAAHCw\/s0ouuRT31z8\/w400-h300-no\/1-1.jpg\",\"keywords\":[\"2007\",\"Rinia Orthodhokse\"],\"articleSection\":[\"News - \u0395\u039d\",\"News old page\"],\"inLanguage\":\"en-US\"},{\"@type\":\"WebPage\",\"@id\":\"https:\/\/orthodoxalbania.org\/2020\/en\/2007\/02\/26\/youth-and-the-liturgical-life-of-the-church-november-2007\/\",\"url\":\"https:\/\/orthodoxalbania.org\/2020\/en\/2007\/02\/26\/youth-and-the-liturgical-life-of-the-church-november-2007\/\",\"name\":\"Youth and the liturgical life of the Church. (November 2007) - Kisha Orthodh\u03bfkse Autoqefale e Shqip\u00ebris\u00eb\",\"isPartOf\":{\"@id\":\"https:\/\/orthodoxalbania.org\/2020\/#website\"},\"primaryImageOfPage\":{\"@id\":\"https:\/\/orthodoxalbania.org\/2020\/en\/2007\/02\/26\/youth-and-the-liturgical-life-of-the-church-november-2007\/#primaryimage\"},\"image\":{\"@id\":\"https:\/\/orthodoxalbania.org\/2020\/en\/2007\/02\/26\/youth-and-the-liturgical-life-of-the-church-november-2007\/#primaryimage\"},\"thumbnailUrl\":\"https:\/\/lh5.googleusercontent.com\/-pKS9704LQ5c\/VIrSs0FFYYI\/AAAAAAAAHCw\/s0ouuRT31z8\/w400-h300-no\/1-1.jpg\",\"datePublished\":\"2007-02-26T00:00:22+00:00\",\"dateModified\":\"2020-04-12T22:31:25+00:00\",\"breadcrumb\":{\"@id\":\"https:\/\/orthodoxalbania.org\/2020\/en\/2007\/02\/26\/youth-and-the-liturgical-life-of-the-church-november-2007\/#breadcrumb\"},\"inLanguage\":\"en-US\",\"potentialAction\":[{\"@type\":\"ReadAction\",\"target\":[\"https:\/\/orthodoxalbania.org\/2020\/en\/2007\/02\/26\/youth-and-the-liturgical-life-of-the-church-november-2007\/\"]}]},{\"@type\":\"ImageObject\",\"inLanguage\":\"en-US\",\"@id\":\"https:\/\/orthodoxalbania.org\/2020\/en\/2007\/02\/26\/youth-and-the-liturgical-life-of-the-church-november-2007\/#primaryimage\",\"url\":\"https:\/\/lh5.googleusercontent.com\/-pKS9704LQ5c\/VIrSs0FFYYI\/AAAAAAAAHCw\/s0ouuRT31z8\/w400-h300-no\/1-1.jpg\",\"contentUrl\":\"https:\/\/lh5.googleusercontent.com\/-pKS9704LQ5c\/VIrSs0FFYYI\/AAAAAAAAHCw\/s0ouuRT31z8\/w400-h300-no\/1-1.jpg\"},{\"@type\":\"BreadcrumbList\",\"@id\":\"https:\/\/orthodoxalbania.org\/2020\/en\/2007\/02\/26\/youth-and-the-liturgical-life-of-the-church-november-2007\/#breadcrumb\",\"itemListElement\":[{\"@type\":\"ListItem\",\"position\":1,\"name\":\"Home\",\"item\":\"https:\/\/orthodoxalbania.org\/2020\/\"},{\"@type\":\"ListItem\",\"position\":2,\"name\":\"Youth and the liturgical life of the Church. (November 2007)\"}]},{\"@type\":\"WebSite\",\"@id\":\"https:\/\/orthodoxalbania.org\/2020\/#website\",\"url\":\"https:\/\/orthodoxalbania.org\/2020\/\",\"name\":\"Kisha Orthodh\u03bfkse Autoqefale e Shqip\u00ebris\u00eb\",\"description\":\"Fqja Zyrtare e Kish\u00ebs Orthodhokse Autoqefale e Shqip\u00ebris\u00eb me lajmet edhe informacionet zyrtare p\u00ebr struktur\u00ebn edhe veprimtarin e saj.\",\"publisher\":{\"@id\":\"https:\/\/orthodoxalbania.org\/2020\/#organization\"},\"potentialAction\":[{\"@type\":\"SearchAction\",\"target\":{\"@type\":\"EntryPoint\",\"urlTemplate\":\"https:\/\/orthodoxalbania.org\/2020\/?s={search_term_string}\"},\"query-input\":{\"@type\":\"PropertyValueSpecification\",\"valueRequired\":true,\"valueName\":\"search_term_string\"}}],\"inLanguage\":\"en-US\"},{\"@type\":\"Organization\",\"@id\":\"https:\/\/orthodoxalbania.org\/2020\/#organization\",\"name\":\"Kisha Orthodhokse Autoqefale e Shqip\u00ebris\u00eb\",\"url\":\"https:\/\/orthodoxalbania.org\/2020\/\",\"logo\":{\"@type\":\"ImageObject\",\"inLanguage\":\"en-US\",\"@id\":\"https:\/\/orthodoxalbania.org\/2020\/#\/schema\/logo\/image\/\",\"url\":\"https:\/\/orthodoxalbania.org\/2020\/wp-content\/uploads\/2020\/05\/albania.jpeg\",\"contentUrl\":\"https:\/\/orthodoxalbania.org\/2020\/wp-content\/uploads\/2020\/05\/albania.jpeg\",\"width\":540,\"height\":540,\"caption\":\"Kisha Orthodhokse Autoqefale e Shqip\u00ebris\u00eb\"},\"image\":{\"@id\":\"https:\/\/orthodoxalbania.org\/2020\/#\/schema\/logo\/image\/\"},\"sameAs\":[\"https:\/\/www.facebook.com\/koash1991\"]},{\"@type\":\"Person\",\"@id\":\"https:\/\/orthodoxalbania.org\/2020\/#\/schema\/person\/df745f942b70e045b3dc05a30211f0de\",\"name\":\"Kisha Orthodhokse\",\"image\":{\"@type\":\"ImageObject\",\"inLanguage\":\"en-US\",\"@id\":\"https:\/\/secure.gravatar.com\/avatar\/2676eb8d97178435c9f691a7871595a1da6c33542dec218bce40885573150e28?s=96&d=mm&r=g\",\"url\":\"https:\/\/secure.gravatar.com\/avatar\/2676eb8d97178435c9f691a7871595a1da6c33542dec218bce40885573150e28?s=96&d=mm&r=g\",\"contentUrl\":\"https:\/\/secure.gravatar.com\/avatar\/2676eb8d97178435c9f691a7871595a1da6c33542dec218bce40885573150e28?s=96&d=mm&r=g\",\"caption\":\"Kisha Orthodhokse\"}}]}<\/script>\n<!-- \/ Yoast SEO plugin. -->","yoast_head_json":{"title":"Youth and the liturgical life of the Church. (November 2007) - Kisha Orthodh\u03bfkse Autoqefale e Shqip\u00ebris\u00eb","robots":{"index":"index","follow":"follow","max-snippet":"max-snippet:-1","max-image-preview":"max-image-preview:large","max-video-preview":"max-video-preview:-1"},"canonical":"https:\/\/orthodoxalbania.org\/2020\/en\/2007\/02\/26\/youth-and-the-liturgical-life-of-the-church-november-2007\/","og_locale":"en_US","og_type":"article","og_title":"Youth and the liturgical life of the Church. (November 2007) - Kisha Orthodh\u03bfkse Autoqefale e Shqip\u00ebris\u00eb","og_description":"An encounter of orthodox youth from the Balkan countries of which there were five representatives from Albania &nbsp; &nbsp;&nbsp;&nbsp; They came from different cultures and took part in the worship of God, together. It was apparent they were united in each Divine Liturgy. &nbsp; &nbsp;&nbsp;&nbsp; A group of the our orthodox youth participated in the activities organized by the Balkan Orthodox Youth Association (BOYA) that","og_url":"https:\/\/orthodoxalbania.org\/2020\/en\/2007\/02\/26\/youth-and-the-liturgical-life-of-the-church-november-2007\/","og_site_name":"Kisha Orthodh\u03bfkse Autoqefale e Shqip\u00ebris\u00eb","article_publisher":"https:\/\/www.facebook.com\/koash1991","article_published_time":"2007-02-26T00:00:22+00:00","article_modified_time":"2020-04-12T22:31:25+00:00","og_image":[{"url":"https:\/\/lh5.googleusercontent.com\/-pKS9704LQ5c\/VIrSs0FFYYI\/AAAAAAAAHCw\/s0ouuRT31z8\/w400-h300-no\/1-1.jpg","type":"","width":"","height":""}],"author":"Kisha Orthodhokse","twitter_card":"summary_large_image","twitter_misc":{"Written by":"Kisha Orthodhokse","Est. reading time":"5 minutes"},"schema":{"@context":"https:\/\/schema.org","@graph":[{"@type":"Article","@id":"https:\/\/orthodoxalbania.org\/2020\/en\/2007\/02\/26\/youth-and-the-liturgical-life-of-the-church-november-2007\/#article","isPartOf":{"@id":"https:\/\/orthodoxalbania.org\/2020\/en\/2007\/02\/26\/youth-and-the-liturgical-life-of-the-church-november-2007\/"},"author":{"name":"Kisha Orthodhokse","@id":"https:\/\/orthodoxalbania.org\/2020\/#\/schema\/person\/df745f942b70e045b3dc05a30211f0de"},"headline":"Youth and the liturgical life of the Church. (November 2007)","datePublished":"2007-02-26T00:00:22+00:00","dateModified":"2020-04-12T22:31:25+00:00","mainEntityOfPage":{"@id":"https:\/\/orthodoxalbania.org\/2020\/en\/2007\/02\/26\/youth-and-the-liturgical-life-of-the-church-november-2007\/"},"wordCount":953,"commentCount":0,"publisher":{"@id":"https:\/\/orthodoxalbania.org\/2020\/#organization"},"image":{"@id":"https:\/\/orthodoxalbania.org\/2020\/en\/2007\/02\/26\/youth-and-the-liturgical-life-of-the-church-november-2007\/#primaryimage"},"thumbnailUrl":"https:\/\/lh5.googleusercontent.com\/-pKS9704LQ5c\/VIrSs0FFYYI\/AAAAAAAAHCw\/s0ouuRT31z8\/w400-h300-no\/1-1.jpg","keywords":["2007","Rinia Orthodhokse"],"articleSection":["News - \u0395\u039d","News old page"],"inLanguage":"en-US"},{"@type":"WebPage","@id":"https:\/\/orthodoxalbania.org\/2020\/en\/2007\/02\/26\/youth-and-the-liturgical-life-of-the-church-november-2007\/","url":"https:\/\/orthodoxalbania.org\/2020\/en\/2007\/02\/26\/youth-and-the-liturgical-life-of-the-church-november-2007\/","name":"Youth and the liturgical life of the Church. (November 2007) - Kisha Orthodh\u03bfkse Autoqefale e Shqip\u00ebris\u00eb","isPartOf":{"@id":"https:\/\/orthodoxalbania.org\/2020\/#website"},"primaryImageOfPage":{"@id":"https:\/\/orthodoxalbania.org\/2020\/en\/2007\/02\/26\/youth-and-the-liturgical-life-of-the-church-november-2007\/#primaryimage"},"image":{"@id":"https:\/\/orthodoxalbania.org\/2020\/en\/2007\/02\/26\/youth-and-the-liturgical-life-of-the-church-november-2007\/#primaryimage"},"thumbnailUrl":"https:\/\/lh5.googleusercontent.com\/-pKS9704LQ5c\/VIrSs0FFYYI\/AAAAAAAAHCw\/s0ouuRT31z8\/w400-h300-no\/1-1.jpg","datePublished":"2007-02-26T00:00:22+00:00","dateModified":"2020-04-12T22:31:25+00:00","breadcrumb":{"@id":"https:\/\/orthodoxalbania.org\/2020\/en\/2007\/02\/26\/youth-and-the-liturgical-life-of-the-church-november-2007\/#breadcrumb"},"inLanguage":"en-US","potentialAction":[{"@type":"ReadAction","target":["https:\/\/orthodoxalbania.org\/2020\/en\/2007\/02\/26\/youth-and-the-liturgical-life-of-the-church-november-2007\/"]}]},{"@type":"ImageObject","inLanguage":"en-US","@id":"https:\/\/orthodoxalbania.org\/2020\/en\/2007\/02\/26\/youth-and-the-liturgical-life-of-the-church-november-2007\/#primaryimage","url":"https:\/\/lh5.googleusercontent.com\/-pKS9704LQ5c\/VIrSs0FFYYI\/AAAAAAAAHCw\/s0ouuRT31z8\/w400-h300-no\/1-1.jpg","contentUrl":"https:\/\/lh5.googleusercontent.com\/-pKS9704LQ5c\/VIrSs0FFYYI\/AAAAAAAAHCw\/s0ouuRT31z8\/w400-h300-no\/1-1.jpg"},{"@type":"BreadcrumbList","@id":"https:\/\/orthodoxalbania.org\/2020\/en\/2007\/02\/26\/youth-and-the-liturgical-life-of-the-church-november-2007\/#breadcrumb","itemListElement":[{"@type":"ListItem","position":1,"name":"Home","item":"https:\/\/orthodoxalbania.org\/2020\/"},{"@type":"ListItem","position":2,"name":"Youth and the liturgical life of the Church. (November 2007)"}]},{"@type":"WebSite","@id":"https:\/\/orthodoxalbania.org\/2020\/#website","url":"https:\/\/orthodoxalbania.org\/2020\/","name":"Kisha Orthodh\u03bfkse Autoqefale e Shqip\u00ebris\u00eb","description":"Fqja Zyrtare e Kish\u00ebs Orthodhokse Autoqefale e Shqip\u00ebris\u00eb me lajmet edhe informacionet zyrtare p\u00ebr struktur\u00ebn edhe veprimtarin e saj.","publisher":{"@id":"https:\/\/orthodoxalbania.org\/2020\/#organization"},"potentialAction":[{"@type":"SearchAction","target":{"@type":"EntryPoint","urlTemplate":"https:\/\/orthodoxalbania.org\/2020\/?s={search_term_string}"},"query-input":{"@type":"PropertyValueSpecification","valueRequired":true,"valueName":"search_term_string"}}],"inLanguage":"en-US"},{"@type":"Organization","@id":"https:\/\/orthodoxalbania.org\/2020\/#organization","name":"Kisha Orthodhokse Autoqefale e Shqip\u00ebris\u00eb","url":"https:\/\/orthodoxalbania.org\/2020\/","logo":{"@type":"ImageObject","inLanguage":"en-US","@id":"https:\/\/orthodoxalbania.org\/2020\/#\/schema\/logo\/image\/","url":"https:\/\/orthodoxalbania.org\/2020\/wp-content\/uploads\/2020\/05\/albania.jpeg","contentUrl":"https:\/\/orthodoxalbania.org\/2020\/wp-content\/uploads\/2020\/05\/albania.jpeg","width":540,"height":540,"caption":"Kisha Orthodhokse Autoqefale e Shqip\u00ebris\u00eb"},"image":{"@id":"https:\/\/orthodoxalbania.org\/2020\/#\/schema\/logo\/image\/"},"sameAs":["https:\/\/www.facebook.com\/koash1991"]},{"@type":"Person","@id":"https:\/\/orthodoxalbania.org\/2020\/#\/schema\/person\/df745f942b70e045b3dc05a30211f0de","name":"Kisha Orthodhokse","image":{"@type":"ImageObject","inLanguage":"en-US","@id":"https:\/\/secure.gravatar.com\/avatar\/2676eb8d97178435c9f691a7871595a1da6c33542dec218bce40885573150e28?s=96&d=mm&r=g","url":"https:\/\/secure.gravatar.com\/avatar\/2676eb8d97178435c9f691a7871595a1da6c33542dec218bce40885573150e28?s=96&d=mm&r=g","contentUrl":"https:\/\/secure.gravatar.com\/avatar\/2676eb8d97178435c9f691a7871595a1da6c33542dec218bce40885573150e28?s=96&d=mm&r=g","caption":"Kisha Orthodhokse"}}]}},"_links":{"self":[{"href":"https:\/\/orthodoxalbania.org\/2020\/wp-json\/wp\/v2\/posts\/1552","targetHints":{"allow":["GET"]}}],"collection":[{"href":"https:\/\/orthodoxalbania.org\/2020\/wp-json\/wp\/v2\/posts"}],"about":[{"href":"https:\/\/orthodoxalbania.org\/2020\/wp-json\/wp\/v2\/types\/post"}],"author":[{"embeddable":true,"href":"https:\/\/orthodoxalbania.org\/2020\/wp-json\/wp\/v2\/users\/7"}],"replies":[{"embeddable":true,"href":"https:\/\/orthodoxalbania.org\/2020\/wp-json\/wp\/v2\/comments?post=1552"}],"version-history":[{"count":1,"href":"https:\/\/orthodoxalbania.org\/2020\/wp-json\/wp\/v2\/posts\/1552\/revisions"}],"predecessor-version":[{"id":18041,"href":"https:\/\/orthodoxalbania.org\/2020\/wp-json\/wp\/v2\/posts\/1552\/revisions\/18041"}],"wp:attachment":[{"href":"https:\/\/orthodoxalbania.org\/2020\/wp-json\/wp\/v2\/media?parent=1552"}],"wp:term":[{"taxonomy":"category","embeddable":true,"href":"https:\/\/orthodoxalbania.org\/2020\/wp-json\/wp\/v2\/categories?post=1552"},{"taxonomy":"post_tag","embeddable":true,"href":"https:\/\/orthodoxalbania.org\/2020\/wp-json\/wp\/v2\/tags?post=1552"}],"curies":[{"name":"wp","href":"https:\/\/api.w.org\/{rel}","templated":true}]}}