{"id":1545,"date":"2013-03-21T12:32:51","date_gmt":"2013-03-21T12:32:51","guid":{"rendered":""},"modified":"2020-04-06T22:05:54","modified_gmt":"2020-04-06T20:05:54","slug":"vlore-liturgji-hyjnore-ne-bestrove","status":"publish","type":"post","link":"https:\/\/orthodoxalbania.org\/2020\/2013\/03\/21\/vlore-liturgji-hyjnore-ne-bestrove\/","title":{"rendered":"Vlor\u00eb, Liturgji Hyjnore n\u00eb Bestrov\u00eb. (13 Dhjetor 2012)"},"content":{"rendered":"<p style=\"text-align: justify;\">\n\t<span style=\"color:#000000;\"><span style=\"font-family: tahoma,geneva,sans-serif;\"><span style=\"font-size: 12px;\"><img class=\"lazyload\" decoding=\"async\" src=\"data:image\/gif;base64,R0lGODlhAQABAAAAACH5BAEKAAEALAAAAAABAAEAAAICTAEAOw==\" data-orig-src=\"https:\/\/lh3.googleusercontent.com\/-7sMRQqHchS0\/UMsf3eH6qrI\/AAAAAAAABbI\/jeoVq-gXsCc\/s640\/PB230046.JPG\" style=\"width: 200px; height: 150px; border-width: 1px; border-style: solid; margin: 10px; float: left;\" \/>&nbsp;&nbsp;&nbsp; M\u00eb 13 Dhjetor Kisha jon\u00eb kremton Pes\u00eb Martir\u00ebt, Eustratin, Auksendin, Eugjenin, Mardharin dhe Orestin. N\u00eb Z\u00ebvend\u00ebsin\u00eb e Vlor\u00ebs dhe pik\u00ebrisht n\u00eb fshatin Bestrov\u00eb ndodhet Kisha q\u00eb mban emrin e Pes\u00eb Martir\u00ebve. P\u00ebr t\u00eb kremtuar me besimtar\u00ebt&nbsp; k\u00ebt\u00eb dit\u00eb t\u00eb shenjt\u00eb erdhi edhe Mitropoliti i Beratit, Vlor\u00ebs dhe Kanin\u00ebs Imzot Ignati i cili drejtoi edhe Liturgjin\u00eb Hyjnore t\u00eb celebruar me k\u00ebt\u00eb rast i ndihmuar edhe nga klerik\u00ebt e Z\u00ebvend\u00ebsis\u00eb At\u00eb Kostandin Prifti, At\u00eb Ilia Qirjo, At\u00eb Lluka Gjergji, At\u00eb Spiro Bulika dhe Dhjakon Anastas Vrapi. N\u00eb p\u00ebrfundim t\u00eb Liturgjis\u00eb Mitropoliti ju foli besimtar\u00ebve p\u00ebr jet\u00ebn e Pes\u00eb Martir\u00ebve. Ai ju drejtua besimtar\u00ebve me fjal\u00ebt:&nbsp; \u201dV\u00ebllez\u00ebrit e mi t\u00eb dashur m\u00eb Krishtin, shenjtor\u00ebt na ndihmojn\u00eb me prezenc\u00ebn e tyre t\u00eb gjall\u00eb n\u00eb jet\u00ebn ton\u00eb. Nd\u00ebrhyjn\u00eb n\u00eb m\u00ebnyr\u00eb t\u00eb mrekullueshme dhe na shp\u00ebtojn\u00eb nga rreziqe t\u00eb ndryshme. Adhurojn\u00eb bashk\u00eb me ne Per\u00ebndin\u00eb n\u00eb sh\u00ebrbesat kishtare me prezenc\u00ebn e tyre t\u00eb padukshme. Gjenden bashk\u00eb me ne, n\u00eb diskun e shenjt\u00eb, n\u00eb or\u00ebn m\u00eb t\u00eb shenjt\u00eb t\u00eb Liturgjis\u00eb Hyjnore. Na ndihmojn\u00eb dhe me fjal\u00ebn e tyre t\u00eb fort\u00eb, t\u00eb sakt\u00eb, t\u00eb past\u00ebr, aktuale dhe t\u00eb gjall\u00eb. Shenjtor\u00ebt na predikojn\u00eb mbi gjith\u00e7ka dhe na frym\u00ebzojn\u00eb me jet\u00ebn e tyre t\u00eb shenjt\u00eb. Jet\u00ebt e tyre t\u00eb lavd\u00ebrueshme jan\u00eb statuja t\u00eb gjalla, monumente reale t\u00eb virtytit q\u00eb na m\u00ebsojn\u00eb dhe na ftojn\u00eb q\u00eb t\u2019i imitojm\u00eb. Shenjtor\u00ebt tan\u00eb! Bota i ndjek dhe i p\u00ebrbuz. Kisha i nderon dhe u falet. Martirizohen dhe lavd\u00ebrohen. Luftojn\u00eb dhe shk\u00eblqejn\u00eb. Vdesin dhe ngjallen. Dhe ne i pasojm\u00eb. N\u00eb nj\u00eb marrshim t\u00eb lar\u00eb brenda n\u00eb gjak dhe n\u00eb drit\u00eb!\u201d<\/span><\/span><\/span><\/p>\n<p style=\"text-align: justify;\">\n\t<br \/>\n\t<span style=\"color:#000000;\"><span style=\"font-family: tahoma,geneva,sans-serif;\"><span style=\"font-size: 12px;\">&nbsp;&nbsp;&nbsp; N\u00eb Kish\u00ebn \u201cPes\u00eb Martir\u00ebt\u201d prehet edhe lipsani i Episkopit t\u00eb Apollonis\u00eb, Imzot Kozmai. Klerik\u00ebt dhe besimtar\u00ebt shkuan tek vendi i prehjes dhe psal\u00ebn s\u00eb bashku sh\u00ebrbes\u00ebn e p\u00ebrshpirtjes.<br \/>\n\t<\/span><\/span><\/span><\/p>\n<p style=\"text-align: right;\">\n\t<span style=\"color:#000000;\"><span style=\"font-family: tahoma,geneva,sans-serif;\"><span style=\"font-size: 12px;\"><strong>At\u00eb Spiro Bulika<\/strong><\/span><\/span><\/span><br \/>\n\t&nbsp;<\/p>\n<p style=\"text-align: justify;\">\n\t<span style=\"color:#000000;\"><span style=\"font-family: tahoma,geneva,sans-serif;\"><span style=\"font-size: 12px;\"><img class=\"lazyload\" decoding=\"async\" src=\"data:image\/gif;base64,R0lGODlhAQABAAAAACH5BAEKAAEALAAAAAABAAEAAAICTAEAOw==\" data-orig-src=\"https:\/\/lh6.googleusercontent.com\/-EvPpKjqoRU4\/UMsf3vfMThI\/AAAAAAAABbM\/ONvkz6zdhas\/s640\/PB230058.JPG\" style=\"width: 600px; height: 450px; border-width: 1px; border-style: solid; margin: 10px; float: left;\" \/><\/span><\/span><\/span><\/p>\n<p>\t&nbsp;<\/p>\n","protected":false},"excerpt":{"rendered":"<p>&nbsp;&nbsp;&nbsp; M\u00eb 13 Dhjetor Kisha jon\u00eb kremton Pes\u00eb Martir\u00ebt, Eustratin, Auksendin, Eugjenin, Mardharin dhe Orestin. N\u00eb Z\u00ebvend\u00ebsin\u00eb e Vlor\u00ebs dhe pik\u00ebrisht n\u00eb fshatin Bestrov\u00eb ndodhet Kisha q\u00eb mban emrin e Pes\u00eb Martir\u00ebve. P\u00ebr t\u00eb kremtuar me besimtar\u00ebt&nbsp; k\u00ebt\u00eb dit\u00eb t\u00eb shenjt\u00eb erdhi edhe Mitropoliti i Beratit, Vlor\u00ebs dhe Kanin\u00ebs Imzot Ignati i cili drejtoi edhe Liturgjin\u00eb Hyjnore t\u00eb celebruar me k\u00ebt\u00eb rast i ndihmuar edhe<\/p>\n","protected":false},"author":1,"featured_media":0,"comment_status":"open","ping_status":"open","sticky":false,"template":"","format":"standard","meta":{"_acf_changed":false,"pagelayer_contact_templates":[],"_pagelayer_content":"","inline_featured_image":false,"fifu_image_url":"","fifu_image_alt":"","footnotes":""},"categories":[108],"tags":[142,157,212,197],"class_list":["post-1545","post","type-post","status-publish","format-standard","hentry","category-lajme","tag-142","tag-kremtime","tag-lajme-d27","tag-berat"],"acf":[],"yoast_head":"<!-- This site is optimized with the Yoast SEO plugin v27.2 - https:\/\/yoast.com\/product\/yoast-seo-wordpress\/ -->\n<title>Vlor\u00eb, Liturgji Hyjnore n\u00eb Bestrov\u00eb. (13 Dhjetor 2012) - Kisha Orthodh\u03bfkse Autoqefale e Shqip\u00ebris\u00eb<\/title>\n<meta name=\"robots\" content=\"index, follow, max-snippet:-1, max-image-preview:large, max-video-preview:-1\" \/>\n<link rel=\"canonical\" href=\"https:\/\/orthodoxalbania.org\/2020\/2013\/03\/21\/vlore-liturgji-hyjnore-ne-bestrove\/\" \/>\n<meta property=\"og:locale\" content=\"en_US\" \/>\n<meta property=\"og:type\" content=\"article\" \/>\n<meta property=\"og:title\" content=\"Vlor\u00eb, Liturgji Hyjnore n\u00eb Bestrov\u00eb. (13 Dhjetor 2012) - Kisha Orthodh\u03bfkse Autoqefale e Shqip\u00ebris\u00eb\" \/>\n<meta property=\"og:description\" content=\"&nbsp;&nbsp;&nbsp; M\u00eb 13 Dhjetor Kisha jon\u00eb kremton Pes\u00eb Martir\u00ebt, Eustratin, Auksendin, Eugjenin, Mardharin dhe Orestin. N\u00eb Z\u00ebvend\u00ebsin\u00eb e Vlor\u00ebs dhe pik\u00ebrisht n\u00eb fshatin Bestrov\u00eb ndodhet Kisha q\u00eb mban emrin e Pes\u00eb Martir\u00ebve. P\u00ebr t\u00eb kremtuar me besimtar\u00ebt&nbsp; k\u00ebt\u00eb dit\u00eb t\u00eb shenjt\u00eb erdhi edhe Mitropoliti i Beratit, Vlor\u00ebs dhe Kanin\u00ebs Imzot Ignati i cili drejtoi edhe Liturgjin\u00eb Hyjnore t\u00eb celebruar me k\u00ebt\u00eb rast i ndihmuar edhe\" \/>\n<meta property=\"og:url\" content=\"https:\/\/orthodoxalbania.org\/2020\/2013\/03\/21\/vlore-liturgji-hyjnore-ne-bestrove\/\" \/>\n<meta property=\"og:site_name\" content=\"Kisha Orthodh\u03bfkse Autoqefale e Shqip\u00ebris\u00eb\" \/>\n<meta property=\"article:publisher\" content=\"https:\/\/www.facebook.com\/koash1991\" \/>\n<meta property=\"article:published_time\" content=\"2013-03-21T12:32:51+00:00\" \/>\n<meta property=\"article:modified_time\" content=\"2020-04-06T20:05:54+00:00\" \/>\n<meta property=\"og:image\" content=\"https:\/\/lh3.googleusercontent.com\/-7sMRQqHchS0\/UMsf3eH6qrI\/AAAAAAAABbI\/jeoVq-gXsCc\/s640\/PB230046.JPG\" \/>\n<meta name=\"author\" content=\"Kisha Orthodhokse\" \/>\n<meta name=\"twitter:card\" content=\"summary_large_image\" \/>\n<meta name=\"twitter:label1\" content=\"Written by\" \/>\n\t<meta name=\"twitter:data1\" content=\"Kisha Orthodhokse\" \/>\n\t<meta name=\"twitter:label2\" content=\"Est. reading time\" \/>\n\t<meta name=\"twitter:data2\" content=\"2 minutes\" \/>\n<script type=\"application\/ld+json\" class=\"yoast-schema-graph\">{\"@context\":\"https:\/\/schema.org\",\"@graph\":[{\"@type\":\"Article\",\"@id\":\"https:\/\/orthodoxalbania.org\/2020\/2013\/03\/21\/vlore-liturgji-hyjnore-ne-bestrove\/#article\",\"isPartOf\":{\"@id\":\"https:\/\/orthodoxalbania.org\/2020\/2013\/03\/21\/vlore-liturgji-hyjnore-ne-bestrove\/\"},\"author\":{\"name\":\"Kisha Orthodhokse\",\"@id\":\"https:\/\/orthodoxalbania.org\/2020\/#\/schema\/person\/0c387634a7063ac612d7ed9ce71c7e86\"},\"headline\":\"Vlor\u00eb, Liturgji Hyjnore n\u00eb Bestrov\u00eb. (13 Dhjetor 2012)\",\"datePublished\":\"2013-03-21T12:32:51+00:00\",\"dateModified\":\"2020-04-06T20:05:54+00:00\",\"mainEntityOfPage\":{\"@id\":\"https:\/\/orthodoxalbania.org\/2020\/2013\/03\/21\/vlore-liturgji-hyjnore-ne-bestrove\/\"},\"wordCount\":357,\"commentCount\":0,\"publisher\":{\"@id\":\"https:\/\/orthodoxalbania.org\/2020\/#organization\"},\"image\":{\"@id\":\"https:\/\/orthodoxalbania.org\/2020\/2013\/03\/21\/vlore-liturgji-hyjnore-ne-bestrove\/#primaryimage\"},\"thumbnailUrl\":\"https:\/\/lh3.googleusercontent.com\/-7sMRQqHchS0\/UMsf3eH6qrI\/AAAAAAAABbI\/jeoVq-gXsCc\/s640\/PB230046.JPG\",\"keywords\":[\"2012\",\"Kremtime\",\"lajme\",\"Mitropolia Berat\"],\"articleSection\":[\"Lajme\"],\"inLanguage\":\"en-US\"},{\"@type\":\"WebPage\",\"@id\":\"https:\/\/orthodoxalbania.org\/2020\/2013\/03\/21\/vlore-liturgji-hyjnore-ne-bestrove\/\",\"url\":\"https:\/\/orthodoxalbania.org\/2020\/2013\/03\/21\/vlore-liturgji-hyjnore-ne-bestrove\/\",\"name\":\"Vlor\u00eb, Liturgji Hyjnore n\u00eb Bestrov\u00eb. (13 Dhjetor 2012) - Kisha Orthodh\u03bfkse Autoqefale e Shqip\u00ebris\u00eb\",\"isPartOf\":{\"@id\":\"https:\/\/orthodoxalbania.org\/2020\/#website\"},\"primaryImageOfPage\":{\"@id\":\"https:\/\/orthodoxalbania.org\/2020\/2013\/03\/21\/vlore-liturgji-hyjnore-ne-bestrove\/#primaryimage\"},\"image\":{\"@id\":\"https:\/\/orthodoxalbania.org\/2020\/2013\/03\/21\/vlore-liturgji-hyjnore-ne-bestrove\/#primaryimage\"},\"thumbnailUrl\":\"https:\/\/lh3.googleusercontent.com\/-7sMRQqHchS0\/UMsf3eH6qrI\/AAAAAAAABbI\/jeoVq-gXsCc\/s640\/PB230046.JPG\",\"datePublished\":\"2013-03-21T12:32:51+00:00\",\"dateModified\":\"2020-04-06T20:05:54+00:00\",\"breadcrumb\":{\"@id\":\"https:\/\/orthodoxalbania.org\/2020\/2013\/03\/21\/vlore-liturgji-hyjnore-ne-bestrove\/#breadcrumb\"},\"inLanguage\":\"en-US\",\"potentialAction\":[{\"@type\":\"ReadAction\",\"target\":[\"https:\/\/orthodoxalbania.org\/2020\/2013\/03\/21\/vlore-liturgji-hyjnore-ne-bestrove\/\"]}]},{\"@type\":\"ImageObject\",\"inLanguage\":\"en-US\",\"@id\":\"https:\/\/orthodoxalbania.org\/2020\/2013\/03\/21\/vlore-liturgji-hyjnore-ne-bestrove\/#primaryimage\",\"url\":\"https:\/\/lh3.googleusercontent.com\/-7sMRQqHchS0\/UMsf3eH6qrI\/AAAAAAAABbI\/jeoVq-gXsCc\/s640\/PB230046.JPG\",\"contentUrl\":\"https:\/\/lh3.googleusercontent.com\/-7sMRQqHchS0\/UMsf3eH6qrI\/AAAAAAAABbI\/jeoVq-gXsCc\/s640\/PB230046.JPG\"},{\"@type\":\"BreadcrumbList\",\"@id\":\"https:\/\/orthodoxalbania.org\/2020\/2013\/03\/21\/vlore-liturgji-hyjnore-ne-bestrove\/#breadcrumb\",\"itemListElement\":[{\"@type\":\"ListItem\",\"position\":1,\"name\":\"Home\",\"item\":\"https:\/\/orthodoxalbania.org\/2020\/\"},{\"@type\":\"ListItem\",\"position\":2,\"name\":\"Vlor\u00eb, Liturgji Hyjnore n\u00eb Bestrov\u00eb. (13 Dhjetor 2012)\"}]},{\"@type\":\"WebSite\",\"@id\":\"https:\/\/orthodoxalbania.org\/2020\/#website\",\"url\":\"https:\/\/orthodoxalbania.org\/2020\/\",\"name\":\"Kisha Orthodh\u03bfkse Autoqefale e Shqip\u00ebris\u00eb\",\"description\":\"Fqja Zyrtare e Kish\u00ebs Orthodhokse Autoqefale e Shqip\u00ebris\u00eb me lajmet edhe informacionet zyrtare p\u00ebr struktur\u00ebn edhe veprimtarin e saj.\",\"publisher\":{\"@id\":\"https:\/\/orthodoxalbania.org\/2020\/#organization\"},\"potentialAction\":[{\"@type\":\"SearchAction\",\"target\":{\"@type\":\"EntryPoint\",\"urlTemplate\":\"https:\/\/orthodoxalbania.org\/2020\/?s={search_term_string}\"},\"query-input\":{\"@type\":\"PropertyValueSpecification\",\"valueRequired\":true,\"valueName\":\"search_term_string\"}}],\"inLanguage\":\"en-US\"},{\"@type\":\"Organization\",\"@id\":\"https:\/\/orthodoxalbania.org\/2020\/#organization\",\"name\":\"Kisha Orthodhokse Autoqefale e Shqip\u00ebris\u00eb\",\"url\":\"https:\/\/orthodoxalbania.org\/2020\/\",\"logo\":{\"@type\":\"ImageObject\",\"inLanguage\":\"en-US\",\"@id\":\"https:\/\/orthodoxalbania.org\/2020\/#\/schema\/logo\/image\/\",\"url\":\"https:\/\/orthodoxalbania.org\/2020\/wp-content\/uploads\/2020\/05\/albania.jpeg\",\"contentUrl\":\"https:\/\/orthodoxalbania.org\/2020\/wp-content\/uploads\/2020\/05\/albania.jpeg\",\"width\":540,\"height\":540,\"caption\":\"Kisha Orthodhokse Autoqefale e Shqip\u00ebris\u00eb\"},\"image\":{\"@id\":\"https:\/\/orthodoxalbania.org\/2020\/#\/schema\/logo\/image\/\"},\"sameAs\":[\"https:\/\/www.facebook.com\/koash1991\"]},{\"@type\":\"Person\",\"@id\":\"https:\/\/orthodoxalbania.org\/2020\/#\/schema\/person\/0c387634a7063ac612d7ed9ce71c7e86\",\"name\":\"Kisha Orthodhokse\",\"image\":{\"@type\":\"ImageObject\",\"inLanguage\":\"en-US\",\"@id\":\"https:\/\/secure.gravatar.com\/avatar\/596e7c417251e30f2fbb9c00e026fce61a695a00e51c889caded71c96cbbdde5?s=96&d=mm&r=g\",\"url\":\"https:\/\/secure.gravatar.com\/avatar\/596e7c417251e30f2fbb9c00e026fce61a695a00e51c889caded71c96cbbdde5?s=96&d=mm&r=g\",\"contentUrl\":\"https:\/\/secure.gravatar.com\/avatar\/596e7c417251e30f2fbb9c00e026fce61a695a00e51c889caded71c96cbbdde5?s=96&d=mm&r=g\",\"caption\":\"Kisha Orthodhokse\"}}]}<\/script>\n<!-- \/ Yoast SEO plugin. -->","yoast_head_json":{"title":"Vlor\u00eb, Liturgji Hyjnore n\u00eb Bestrov\u00eb. (13 Dhjetor 2012) - Kisha Orthodh\u03bfkse Autoqefale e Shqip\u00ebris\u00eb","robots":{"index":"index","follow":"follow","max-snippet":"max-snippet:-1","max-image-preview":"max-image-preview:large","max-video-preview":"max-video-preview:-1"},"canonical":"https:\/\/orthodoxalbania.org\/2020\/2013\/03\/21\/vlore-liturgji-hyjnore-ne-bestrove\/","og_locale":"en_US","og_type":"article","og_title":"Vlor\u00eb, Liturgji Hyjnore n\u00eb Bestrov\u00eb. (13 Dhjetor 2012) - Kisha Orthodh\u03bfkse Autoqefale e Shqip\u00ebris\u00eb","og_description":"&nbsp;&nbsp;&nbsp; M\u00eb 13 Dhjetor Kisha jon\u00eb kremton Pes\u00eb Martir\u00ebt, Eustratin, Auksendin, Eugjenin, Mardharin dhe Orestin. N\u00eb Z\u00ebvend\u00ebsin\u00eb e Vlor\u00ebs dhe pik\u00ebrisht n\u00eb fshatin Bestrov\u00eb ndodhet Kisha q\u00eb mban emrin e Pes\u00eb Martir\u00ebve. P\u00ebr t\u00eb kremtuar me besimtar\u00ebt&nbsp; k\u00ebt\u00eb dit\u00eb t\u00eb shenjt\u00eb erdhi edhe Mitropoliti i Beratit, Vlor\u00ebs dhe Kanin\u00ebs Imzot Ignati i cili drejtoi edhe Liturgjin\u00eb Hyjnore t\u00eb celebruar me k\u00ebt\u00eb rast i ndihmuar edhe","og_url":"https:\/\/orthodoxalbania.org\/2020\/2013\/03\/21\/vlore-liturgji-hyjnore-ne-bestrove\/","og_site_name":"Kisha Orthodh\u03bfkse Autoqefale e Shqip\u00ebris\u00eb","article_publisher":"https:\/\/www.facebook.com\/koash1991","article_published_time":"2013-03-21T12:32:51+00:00","article_modified_time":"2020-04-06T20:05:54+00:00","og_image":[{"url":"https:\/\/lh3.googleusercontent.com\/-7sMRQqHchS0\/UMsf3eH6qrI\/AAAAAAAABbI\/jeoVq-gXsCc\/s640\/PB230046.JPG","type":"","width":"","height":""}],"author":"Kisha Orthodhokse","twitter_card":"summary_large_image","twitter_misc":{"Written by":"Kisha Orthodhokse","Est. reading time":"2 minutes"},"schema":{"@context":"https:\/\/schema.org","@graph":[{"@type":"Article","@id":"https:\/\/orthodoxalbania.org\/2020\/2013\/03\/21\/vlore-liturgji-hyjnore-ne-bestrove\/#article","isPartOf":{"@id":"https:\/\/orthodoxalbania.org\/2020\/2013\/03\/21\/vlore-liturgji-hyjnore-ne-bestrove\/"},"author":{"name":"Kisha Orthodhokse","@id":"https:\/\/orthodoxalbania.org\/2020\/#\/schema\/person\/0c387634a7063ac612d7ed9ce71c7e86"},"headline":"Vlor\u00eb, Liturgji Hyjnore n\u00eb Bestrov\u00eb. (13 Dhjetor 2012)","datePublished":"2013-03-21T12:32:51+00:00","dateModified":"2020-04-06T20:05:54+00:00","mainEntityOfPage":{"@id":"https:\/\/orthodoxalbania.org\/2020\/2013\/03\/21\/vlore-liturgji-hyjnore-ne-bestrove\/"},"wordCount":357,"commentCount":0,"publisher":{"@id":"https:\/\/orthodoxalbania.org\/2020\/#organization"},"image":{"@id":"https:\/\/orthodoxalbania.org\/2020\/2013\/03\/21\/vlore-liturgji-hyjnore-ne-bestrove\/#primaryimage"},"thumbnailUrl":"https:\/\/lh3.googleusercontent.com\/-7sMRQqHchS0\/UMsf3eH6qrI\/AAAAAAAABbI\/jeoVq-gXsCc\/s640\/PB230046.JPG","keywords":["2012","Kremtime","lajme","Mitropolia Berat"],"articleSection":["Lajme"],"inLanguage":"en-US"},{"@type":"WebPage","@id":"https:\/\/orthodoxalbania.org\/2020\/2013\/03\/21\/vlore-liturgji-hyjnore-ne-bestrove\/","url":"https:\/\/orthodoxalbania.org\/2020\/2013\/03\/21\/vlore-liturgji-hyjnore-ne-bestrove\/","name":"Vlor\u00eb, Liturgji Hyjnore n\u00eb Bestrov\u00eb. (13 Dhjetor 2012) - Kisha Orthodh\u03bfkse Autoqefale e Shqip\u00ebris\u00eb","isPartOf":{"@id":"https:\/\/orthodoxalbania.org\/2020\/#website"},"primaryImageOfPage":{"@id":"https:\/\/orthodoxalbania.org\/2020\/2013\/03\/21\/vlore-liturgji-hyjnore-ne-bestrove\/#primaryimage"},"image":{"@id":"https:\/\/orthodoxalbania.org\/2020\/2013\/03\/21\/vlore-liturgji-hyjnore-ne-bestrove\/#primaryimage"},"thumbnailUrl":"https:\/\/lh3.googleusercontent.com\/-7sMRQqHchS0\/UMsf3eH6qrI\/AAAAAAAABbI\/jeoVq-gXsCc\/s640\/PB230046.JPG","datePublished":"2013-03-21T12:32:51+00:00","dateModified":"2020-04-06T20:05:54+00:00","breadcrumb":{"@id":"https:\/\/orthodoxalbania.org\/2020\/2013\/03\/21\/vlore-liturgji-hyjnore-ne-bestrove\/#breadcrumb"},"inLanguage":"en-US","potentialAction":[{"@type":"ReadAction","target":["https:\/\/orthodoxalbania.org\/2020\/2013\/03\/21\/vlore-liturgji-hyjnore-ne-bestrove\/"]}]},{"@type":"ImageObject","inLanguage":"en-US","@id":"https:\/\/orthodoxalbania.org\/2020\/2013\/03\/21\/vlore-liturgji-hyjnore-ne-bestrove\/#primaryimage","url":"https:\/\/lh3.googleusercontent.com\/-7sMRQqHchS0\/UMsf3eH6qrI\/AAAAAAAABbI\/jeoVq-gXsCc\/s640\/PB230046.JPG","contentUrl":"https:\/\/lh3.googleusercontent.com\/-7sMRQqHchS0\/UMsf3eH6qrI\/AAAAAAAABbI\/jeoVq-gXsCc\/s640\/PB230046.JPG"},{"@type":"BreadcrumbList","@id":"https:\/\/orthodoxalbania.org\/2020\/2013\/03\/21\/vlore-liturgji-hyjnore-ne-bestrove\/#breadcrumb","itemListElement":[{"@type":"ListItem","position":1,"name":"Home","item":"https:\/\/orthodoxalbania.org\/2020\/"},{"@type":"ListItem","position":2,"name":"Vlor\u00eb, Liturgji Hyjnore n\u00eb Bestrov\u00eb. (13 Dhjetor 2012)"}]},{"@type":"WebSite","@id":"https:\/\/orthodoxalbania.org\/2020\/#website","url":"https:\/\/orthodoxalbania.org\/2020\/","name":"Kisha Orthodh\u03bfkse Autoqefale e Shqip\u00ebris\u00eb","description":"Fqja Zyrtare e Kish\u00ebs Orthodhokse Autoqefale e Shqip\u00ebris\u00eb me lajmet edhe informacionet zyrtare p\u00ebr struktur\u00ebn edhe veprimtarin e saj.","publisher":{"@id":"https:\/\/orthodoxalbania.org\/2020\/#organization"},"potentialAction":[{"@type":"SearchAction","target":{"@type":"EntryPoint","urlTemplate":"https:\/\/orthodoxalbania.org\/2020\/?s={search_term_string}"},"query-input":{"@type":"PropertyValueSpecification","valueRequired":true,"valueName":"search_term_string"}}],"inLanguage":"en-US"},{"@type":"Organization","@id":"https:\/\/orthodoxalbania.org\/2020\/#organization","name":"Kisha Orthodhokse Autoqefale e Shqip\u00ebris\u00eb","url":"https:\/\/orthodoxalbania.org\/2020\/","logo":{"@type":"ImageObject","inLanguage":"en-US","@id":"https:\/\/orthodoxalbania.org\/2020\/#\/schema\/logo\/image\/","url":"https:\/\/orthodoxalbania.org\/2020\/wp-content\/uploads\/2020\/05\/albania.jpeg","contentUrl":"https:\/\/orthodoxalbania.org\/2020\/wp-content\/uploads\/2020\/05\/albania.jpeg","width":540,"height":540,"caption":"Kisha Orthodhokse Autoqefale e Shqip\u00ebris\u00eb"},"image":{"@id":"https:\/\/orthodoxalbania.org\/2020\/#\/schema\/logo\/image\/"},"sameAs":["https:\/\/www.facebook.com\/koash1991"]},{"@type":"Person","@id":"https:\/\/orthodoxalbania.org\/2020\/#\/schema\/person\/0c387634a7063ac612d7ed9ce71c7e86","name":"Kisha Orthodhokse","image":{"@type":"ImageObject","inLanguage":"en-US","@id":"https:\/\/secure.gravatar.com\/avatar\/596e7c417251e30f2fbb9c00e026fce61a695a00e51c889caded71c96cbbdde5?s=96&d=mm&r=g","url":"https:\/\/secure.gravatar.com\/avatar\/596e7c417251e30f2fbb9c00e026fce61a695a00e51c889caded71c96cbbdde5?s=96&d=mm&r=g","contentUrl":"https:\/\/secure.gravatar.com\/avatar\/596e7c417251e30f2fbb9c00e026fce61a695a00e51c889caded71c96cbbdde5?s=96&d=mm&r=g","caption":"Kisha Orthodhokse"}}]}},"_links":{"self":[{"href":"https:\/\/orthodoxalbania.org\/2020\/wp-json\/wp\/v2\/posts\/1545","targetHints":{"allow":["GET"]}}],"collection":[{"href":"https:\/\/orthodoxalbania.org\/2020\/wp-json\/wp\/v2\/posts"}],"about":[{"href":"https:\/\/orthodoxalbania.org\/2020\/wp-json\/wp\/v2\/types\/post"}],"author":[{"embeddable":true,"href":"https:\/\/orthodoxalbania.org\/2020\/wp-json\/wp\/v2\/users\/1"}],"replies":[{"embeddable":true,"href":"https:\/\/orthodoxalbania.org\/2020\/wp-json\/wp\/v2\/comments?post=1545"}],"version-history":[{"count":1,"href":"https:\/\/orthodoxalbania.org\/2020\/wp-json\/wp\/v2\/posts\/1545\/revisions"}],"predecessor-version":[{"id":15274,"href":"https:\/\/orthodoxalbania.org\/2020\/wp-json\/wp\/v2\/posts\/1545\/revisions\/15274"}],"wp:attachment":[{"href":"https:\/\/orthodoxalbania.org\/2020\/wp-json\/wp\/v2\/media?parent=1545"}],"wp:term":[{"taxonomy":"category","embeddable":true,"href":"https:\/\/orthodoxalbania.org\/2020\/wp-json\/wp\/v2\/categories?post=1545"},{"taxonomy":"post_tag","embeddable":true,"href":"https:\/\/orthodoxalbania.org\/2020\/wp-json\/wp\/v2\/tags?post=1545"}],"curies":[{"name":"wp","href":"https:\/\/api.w.org\/{rel}","templated":true}]}}