{"id":1544,"date":"2013-03-21T12:32:15","date_gmt":"2013-03-21T12:32:15","guid":{"rendered":""},"modified":"2020-04-06T22:05:54","modified_gmt":"2020-04-06T20:05:54","slug":"vlore-koncert-me-muzike-bizantine","status":"publish","type":"post","link":"https:\/\/orthodoxalbania.org\/2020\/2013\/03\/21\/vlore-koncert-me-muzike-bizantine\/","title":{"rendered":"Vlor\u00eb, koncert me Muzik\u00eb Bizantine. (9 Dhjetor 2012)"},"content":{"rendered":"<div style=\"text-align: justify;\">\n\t<span style=\"color:#000000;\"><span style=\"font-size: 12px;\"><span style=\"font-family: tahoma,geneva,sans-serif;\"><img class=\"lazyload\" decoding=\"async\" alt=\"\" src=\"data:image\/gif;base64,R0lGODlhAQABAAAAACH5BAEKAAEALAAAAAABAAEAAAICTAEAOw==\" data-orig-src=\"https:\/\/lh4.googleusercontent.com\/-IdCsxLYhZjk\/UMdeN8_B60I\/AAAAAAAABZg\/Op1cw-uHvug\/s640\/45093_302979619814127_769721815_n.jpg\" style=\"width: 200px; height: 133px; border-width: 1px; border-style: solid; margin: 10px; float: left;\" \/>&nbsp;&nbsp;&nbsp; N\u00eb vazhdim t\u00eb atmosfer\u00ebs s\u00eb 100 vjetorit t\u00eb shpalljes s\u00eb pavar\u00ebsis\u00eb&nbsp; dhe n\u00eb vigjilje t\u00eb Krishtlindjeve dhe vitit t\u00eb Ri 2013, besimtar\u00ebt e Vlor\u00ebs, pasditen e dat\u00ebs 9 dhjetor pat\u00ebn bekimin q\u00eb t\u00eb ken\u00eb mes tyre djemt\u00eb z\u00eb \u00ebngj\u00ebllor t\u00eb Korit Bizantin \u201cSh\u00ebn Joan Kukuzeli\u201d t\u00eb Kish\u00ebs Orthodhokse Autoqefale t\u00eb Shqip\u00ebris\u00eb. Ka vite q\u00eb ky kor \u00ebsht\u00eb ngritur dhe jep ndihmes\u00ebn e tij n\u00eb ruajtjen dhe p\u00ebrcjelljen nd\u00ebr breza t\u00eb muzik\u00ebs bizantine. I krijuar nga At\u00eb Justini e tashm\u00eb i drejtuar nga Theodhor Peci, kori ka n\u00eb tradit\u00ebn e vet dh\u00ebnien e koncerteve jo vet\u00ebm n\u00eb Tiran\u00eb por edhe n\u00eb Mitropolit\u00eb e tjera.<\/span><\/span><\/span><\/div>\n<div style=\"text-align: justify;\">\n\t<br \/>\n\t<span style=\"color:#000000;\"><span style=\"font-size: 12px;\"><span style=\"font-family: tahoma,geneva,sans-serif;\">&nbsp;&nbsp;&nbsp; Me inisiativ\u00ebn dhe p\u00ebrkujdesjen e Mitropolitit t\u00eb Beratit , Vlor\u00ebs dhe Kanin\u00ebs Imzot Ignatit t\u00eb diel\u00ebn m\u00eb 9 dhjetor djemt\u00eb e korit erdh\u00ebn n\u00eb Z\u00ebvend\u00ebsin\u00eb e Vlor\u00ebs. N\u00eb or\u00ebn kat\u00ebr pasdite filloi koncerti&nbsp; \u201cI psalim lindjes T\u00ebnde\u201d. Aktivitetin e hapi prezantuesja Sevastiani Qako e cila b\u00ebri nj\u00eb prezantim t\u00eb korit dhe aktiviteteve t\u00eb tij nd\u00ebr vite. M\u00eb pas z\u00ebrat e mrekulluesh\u00ebm t\u00eb djemve t\u00eb talentuar, n\u00ebn drejtimin e Theodhor Pecit, mbush\u00ebn kish\u00ebn e rr\u00ebmbyen zemrat e besimtar\u00ebve. U krijua nj\u00eb atmosfer\u00eb meditimi te t\u00eb gjith\u00eb e dukej sikur n\u00eb kish\u00eb kishin hyr\u00eb e po psalnin engjejt. \u201cDo ti psal Per\u00ebndis\u00eb tim\u201d, \u201dLavd\u00ebrimet e Krishtlindjes\u201d, \u201dLinde o Krisht\u201d, \u201dJa Krishti Lind lavd\u00ebrojeni\u201d e \u201cLavd\u00ebroni Zotin\u201d ishin disa nga pjes\u00ebt&nbsp; q\u00eb u interpretuan.<\/span><\/span><\/span><\/div>\n<div style=\"text-align: justify;\">\n\t<br \/>\n\t<span style=\"color:#000000;\"><span style=\"font-size: 12px;\"><span style=\"font-family: tahoma,geneva,sans-serif;\">&nbsp;&nbsp;&nbsp; Gjat\u00eb koncertit besimtar\u00ebve ju b\u00eb e ditur se k\u00ebt\u00eb vit Kisha Orthodhokse&nbsp; ka hapur p\u00ebr her\u00eb t\u00eb par\u00eb shkoll\u00ebn e muzik\u00ebs bizantine, ku marin pjes\u00eb student\u00eb nga e gjith\u00eb Shqip\u00ebria, t\u00eb cil\u00ebt trajtohen me burs\u00eb t\u00eb ve\u00e7ant\u00eb nga Kryepiskopi Anastas, me bekimin e t\u00eb cilit u b\u00eb i mundur funksionimi i k\u00ebsaj shkolle. P\u00ebrve\u00e7 besimtar\u00ebve t\u00eb shumt\u00eb p\u00ebr t\u00eb ndjekur koncertin erdhi edhe Peshkopi Katolik i Jugut, Hil Kabashi.<\/span><\/span><\/span><\/div>\n<div style=\"text-align: justify;\">\n\t<br \/>\n\t<span style=\"color:#000000;\"><span style=\"font-size: 12px;\"><span style=\"font-family: tahoma,geneva,sans-serif;\">&nbsp;&nbsp;&nbsp; Mitropoliti i Beratit , Vlor\u00ebs dhe Kanin\u00ebs Imzot Ignati i falenderoi djemt\u00eb e korit p\u00ebr emocionet q\u00eb krijuan tek t\u00eb pranishmit duke th\u00ebn\u00eb: \u201cSigurisht,t\u00eb gjith\u00eb ne e dim\u00eb se, kur afrohet nj\u00eb ngjarje shum\u00eb e madhe fetare, kisha jon\u00eb k\u00ebrkon nga t\u00eb gjith\u00eb t\u00eb p\u00ebrgatitemi me mjete t\u00eb ndryshme shpirt\u00ebrore. Midis tyre dallohet lufta shpirt\u00ebrore m\u00eb e fuqishme, kthimi tek vetvetja me lutje dhe adhurim. Pastrimi i vetes son\u00eb me kreshm\u00eb, p\u00ebrmbajtje dhe pjes\u00ebmarrje n\u00eb misteret e shenjta. Le t\u00eb mos mungoj\u00eb asnj\u00eb nga ne brenda gjith\u00eb k\u00ebsaj p\u00ebrgatitje t\u00eb ve\u00e7ant\u00eb. T\u00eb pastrojm\u00eb shpirtin ton\u00eb p\u00ebr t\u00eb pritur Zotin. \u201d M\u00eb pas Mitropoliti vazhdoi: \u201dSepse,at\u00eb q\u00eb nuk mund ta arrijn\u00eb njer\u00ebzit me mendjen e tyre dhe nuk mund ta shprehin me fjal\u00eb, e b\u00ebjn\u00eb himn\u00eb dhe k\u00ebng\u00eb, g\u00ebzimin e tyre t\u00eb madh si dhe hidh\u00ebrimin e tyre t\u00eb madh, mbrekullit\u00eb e bot\u00ebs dhe zbulesat e Per\u00ebndis\u00eb. Himni dhe k\u00ebnga, q\u00eb burojn\u00eb nga thell\u00ebsit\u00eb e qenies son\u00eb, \u00ebsht\u00eb krijimi jon\u00eb m\u00eb i sinqert\u00eb dhe m\u00eb shpirt\u00ebror. Nj\u00eb njeri i urt\u00eb dhe besnik tha se: \u201dMuzika ka t\u00ebr\u00eb fuqin\u00eb q\u00eb t\u00eb shpreh\u00eb misterin hyjnor m\u00eb thell\u00eb nga \u00e7do formulim teologjik. Madje kur lidhja e notave me fjal\u00ebt melodioze zbatohet shk\u00eblqyesh\u00ebm dhe shoq\u00ebrohet nga z\u00ebra karizmatik t\u00eb rinjsh, t\u00eb p\u00ebrgatitur n\u00eb m\u00ebnyr\u00eb t\u00eb shk\u00eblqyer, krijon nj\u00eb melodi t\u00eb shk\u00eblqyer, krijon nj\u00eb melodi t\u00eb mrekullueshme, me t\u00eb cil\u00ebn k\u00ebnaqet veshi i d\u00ebgjuesit, nd\u00ebrsa shpirti i mbushet me ngaz\u00ebllim.\u201d<\/span><\/span><\/span><\/div>\n<div style=\"text-align: justify;\">\n\t<br \/>\n\t<span style=\"color:#000000;\"><span style=\"font-size: 12px;\"><span style=\"font-family: tahoma,geneva,sans-serif;\">&nbsp;&nbsp;&nbsp; N\u00eb p\u00ebrfundim Mitropoliti ju drejtua t\u00eb pranishm\u00ebve me fjal\u00ebt: \u201dT\u00eb lavd\u00ebrojm\u00eb,pra, Zotin dhe me shpirt t\u00eb past\u00ebr ta presim, por nj\u00ebkoh\u00ebsisht t\u00eb p\u00ebrpiqemi t\u00eb kap\u00ebrcejm\u00eb, sa mundemi, dob\u00ebsit\u00eb dhe t\u00eb metat tona. T\u2019u shmangemi gj\u00ebrave t\u00eb k\u00ebqia dhe t\u00eb liga, t\u00eb nd\u00ebrpresim lidhjen ton\u00eb me m\u00ebkatin dhe t\u00eb ecim vendosm\u00ebrisht n\u00eb rrug\u00ebn e Per\u00ebndis\u00eb. G\u00ebzimi q\u00eb vjen si pasoj\u00eb tek t\u00eb gjith\u00eb sa shijojn\u00eb \u00e7lirimin e tyre, nuk do t\u00eb jet\u00eb at\u00ebher\u00eb di\u00e7ka e habitshme dhe as do t\u00eb p\u00ebrb\u00ebje nj\u00eb d\u00ebshir\u00eb t\u00eb paarritshme. P\u00ebr cilindo na ne do t\u00eb jet\u00eb nj\u00eb realitet i preksh\u00ebm, nj\u00eb p\u00ebrjetim personal. \u201dPas koncertit p\u00ebr pjesmar\u00ebsit u shtrua nj\u00eb koktej n\u00eb ambientet e Z\u00ebvend\u00ebsis\u00eb.<\/span><\/span><\/span><\/div>\n<div style=\"text-align: right;\">\n\t<br \/>\n\t<span style=\"color:#000000;\"><span style=\"font-size: 12px;\"><span style=\"font-family: tahoma,geneva,sans-serif;\"><strong>At\u00eb Spiro Bulika&nbsp; &nbsp;<\/strong><\/span><\/span><\/span><br \/>\n\t&nbsp;<\/div>\n<div>\n\t&nbsp;<\/div>\n<div>\n\t&nbsp;<\/div>\n<div>\n\t<span style=\"color:#000000;\"><span style=\"font-size: 12px;\"><span style=\"font-family: tahoma,geneva,sans-serif;\"><img class=\"lazyload\" decoding=\"async\" alt=\"\" src=\"data:image\/gif;base64,R0lGODlhAQABAAAAACH5BAEKAAEALAAAAAABAAEAAAICTAEAOw==\" data-orig-src=\"https:\/\/lh6.googleusercontent.com\/-VKzRCsxSvSM\/UMdeN8tDLAI\/AAAAAAAABZk\/Etf5vr8djmc\/s640\/154681_302979349814154_76669120_n.jpg\" style=\"width: 600px; height: 398px; border-width: 1px; border-style: solid; margin: 10px; float: left;\" \/><br \/>\n\t<img class=\"lazyload\" decoding=\"async\" alt=\"\" src=\"data:image\/gif;base64,R0lGODlhAQABAAAAACH5BAEKAAEALAAAAAABAAEAAAICTAEAOw==\" data-orig-src=\"https:\/\/lh5.googleusercontent.com\/-wyXaSoZ-xUo\/UMdeNwDSbRI\/AAAAAAAABZo\/h57tdNQGUYM\/s640\/380196_302979539814135_1736952124_n.jpg\" style=\"width: 600px; height: 390px; border-width: 1px; border-style: solid; margin: 10px; float: left;\" \/><\/span><\/span><\/span><br \/>\n\t&nbsp;<\/div>\n","protected":false},"excerpt":{"rendered":"<p>&nbsp;&nbsp;&nbsp; N\u00eb vazhdim t\u00eb atmosfer\u00ebs s\u00eb 100 vjetorit t\u00eb shpalljes s\u00eb pavar\u00ebsis\u00eb&nbsp; dhe n\u00eb vigjilje t\u00eb Krishtlindjeve dhe vitit t\u00eb Ri 2013, besimtar\u00ebt e Vlor\u00ebs, pasditen e dat\u00ebs 9 dhjetor pat\u00ebn bekimin q\u00eb t\u00eb ken\u00eb mes tyre djemt\u00eb z\u00eb \u00ebngj\u00ebllor t\u00eb Korit Bizantin \u201cSh\u00ebn Joan Kukuzeli\u201d t\u00eb Kish\u00ebs Orthodhokse Autoqefale t\u00eb Shqip\u00ebris\u00eb. Ka vite q\u00eb ky kor \u00ebsht\u00eb ngritur dhe jep ndihmes\u00ebn e tij n\u00eb<\/p>\n","protected":false},"author":1,"featured_media":0,"comment_status":"open","ping_status":"open","sticky":false,"template":"","format":"standard","meta":{"_acf_changed":false,"pagelayer_contact_templates":[],"_pagelayer_content":"","inline_featured_image":false,"fifu_image_url":"","fifu_image_alt":"","footnotes":""},"categories":[108],"tags":[142,154,212,197],"class_list":["post-1544","post","type-post","status-publish","format-standard","hentry","category-lajme","tag-142","tag-aktivitete","tag-lajme-d27","tag-berat"],"acf":[],"yoast_head":"<!-- This site is optimized with the Yoast SEO plugin v27.2 - https:\/\/yoast.com\/product\/yoast-seo-wordpress\/ -->\n<title>Vlor\u00eb, koncert me Muzik\u00eb Bizantine. (9 Dhjetor 2012) - Kisha Orthodh\u03bfkse Autoqefale e Shqip\u00ebris\u00eb<\/title>\n<meta name=\"robots\" content=\"index, follow, max-snippet:-1, max-image-preview:large, max-video-preview:-1\" \/>\n<link rel=\"canonical\" href=\"https:\/\/orthodoxalbania.org\/2020\/2013\/03\/21\/vlore-koncert-me-muzike-bizantine\/\" \/>\n<meta property=\"og:locale\" content=\"en_US\" \/>\n<meta property=\"og:type\" content=\"article\" \/>\n<meta property=\"og:title\" content=\"Vlor\u00eb, koncert me Muzik\u00eb Bizantine. (9 Dhjetor 2012) - Kisha Orthodh\u03bfkse Autoqefale e Shqip\u00ebris\u00eb\" \/>\n<meta property=\"og:description\" content=\"&nbsp;&nbsp;&nbsp; N\u00eb vazhdim t\u00eb atmosfer\u00ebs s\u00eb 100 vjetorit t\u00eb shpalljes s\u00eb pavar\u00ebsis\u00eb&nbsp; dhe n\u00eb vigjilje t\u00eb Krishtlindjeve dhe vitit t\u00eb Ri 2013, besimtar\u00ebt e Vlor\u00ebs, pasditen e dat\u00ebs 9 dhjetor pat\u00ebn bekimin q\u00eb t\u00eb ken\u00eb mes tyre djemt\u00eb z\u00eb \u00ebngj\u00ebllor t\u00eb Korit Bizantin \u201cSh\u00ebn Joan Kukuzeli\u201d t\u00eb Kish\u00ebs Orthodhokse Autoqefale t\u00eb Shqip\u00ebris\u00eb. Ka vite q\u00eb ky kor \u00ebsht\u00eb ngritur dhe jep ndihmes\u00ebn e tij n\u00eb\" \/>\n<meta property=\"og:url\" content=\"https:\/\/orthodoxalbania.org\/2020\/2013\/03\/21\/vlore-koncert-me-muzike-bizantine\/\" \/>\n<meta property=\"og:site_name\" content=\"Kisha Orthodh\u03bfkse Autoqefale e Shqip\u00ebris\u00eb\" \/>\n<meta property=\"article:publisher\" content=\"https:\/\/www.facebook.com\/koash1991\" \/>\n<meta property=\"article:published_time\" content=\"2013-03-21T12:32:15+00:00\" \/>\n<meta property=\"article:modified_time\" content=\"2020-04-06T20:05:54+00:00\" \/>\n<meta property=\"og:image\" content=\"https:\/\/lh4.googleusercontent.com\/-IdCsxLYhZjk\/UMdeN8_B60I\/AAAAAAAABZg\/Op1cw-uHvug\/s640\/45093_302979619814127_769721815_n.jpg\" \/>\n<meta name=\"author\" content=\"Kisha Orthodhokse\" \/>\n<meta name=\"twitter:card\" content=\"summary_large_image\" \/>\n<meta name=\"twitter:label1\" content=\"Written by\" \/>\n\t<meta name=\"twitter:data1\" content=\"Kisha Orthodhokse\" \/>\n\t<meta name=\"twitter:label2\" content=\"Est. reading time\" \/>\n\t<meta name=\"twitter:data2\" content=\"4 minutes\" \/>\n<script type=\"application\/ld+json\" class=\"yoast-schema-graph\">{\"@context\":\"https:\/\/schema.org\",\"@graph\":[{\"@type\":\"Article\",\"@id\":\"https:\/\/orthodoxalbania.org\/2020\/2013\/03\/21\/vlore-koncert-me-muzike-bizantine\/#article\",\"isPartOf\":{\"@id\":\"https:\/\/orthodoxalbania.org\/2020\/2013\/03\/21\/vlore-koncert-me-muzike-bizantine\/\"},\"author\":{\"name\":\"Kisha Orthodhokse\",\"@id\":\"https:\/\/orthodoxalbania.org\/2020\/#\/schema\/person\/0c387634a7063ac612d7ed9ce71c7e86\"},\"headline\":\"Vlor\u00eb, koncert me Muzik\u00eb Bizantine. (9 Dhjetor 2012)\",\"datePublished\":\"2013-03-21T12:32:15+00:00\",\"dateModified\":\"2020-04-06T20:05:54+00:00\",\"mainEntityOfPage\":{\"@id\":\"https:\/\/orthodoxalbania.org\/2020\/2013\/03\/21\/vlore-koncert-me-muzike-bizantine\/\"},\"wordCount\":792,\"commentCount\":0,\"publisher\":{\"@id\":\"https:\/\/orthodoxalbania.org\/2020\/#organization\"},\"image\":{\"@id\":\"https:\/\/orthodoxalbania.org\/2020\/2013\/03\/21\/vlore-koncert-me-muzike-bizantine\/#primaryimage\"},\"thumbnailUrl\":\"https:\/\/lh4.googleusercontent.com\/-IdCsxLYhZjk\/UMdeN8_B60I\/AAAAAAAABZg\/Op1cw-uHvug\/s640\/45093_302979619814127_769721815_n.jpg\",\"keywords\":[\"2012\",\"Aktivitete\",\"lajme\",\"Mitropolia Berat\"],\"articleSection\":[\"Lajme\"],\"inLanguage\":\"en-US\"},{\"@type\":\"WebPage\",\"@id\":\"https:\/\/orthodoxalbania.org\/2020\/2013\/03\/21\/vlore-koncert-me-muzike-bizantine\/\",\"url\":\"https:\/\/orthodoxalbania.org\/2020\/2013\/03\/21\/vlore-koncert-me-muzike-bizantine\/\",\"name\":\"Vlor\u00eb, koncert me Muzik\u00eb Bizantine. (9 Dhjetor 2012) - Kisha Orthodh\u03bfkse Autoqefale e Shqip\u00ebris\u00eb\",\"isPartOf\":{\"@id\":\"https:\/\/orthodoxalbania.org\/2020\/#website\"},\"primaryImageOfPage\":{\"@id\":\"https:\/\/orthodoxalbania.org\/2020\/2013\/03\/21\/vlore-koncert-me-muzike-bizantine\/#primaryimage\"},\"image\":{\"@id\":\"https:\/\/orthodoxalbania.org\/2020\/2013\/03\/21\/vlore-koncert-me-muzike-bizantine\/#primaryimage\"},\"thumbnailUrl\":\"https:\/\/lh4.googleusercontent.com\/-IdCsxLYhZjk\/UMdeN8_B60I\/AAAAAAAABZg\/Op1cw-uHvug\/s640\/45093_302979619814127_769721815_n.jpg\",\"datePublished\":\"2013-03-21T12:32:15+00:00\",\"dateModified\":\"2020-04-06T20:05:54+00:00\",\"breadcrumb\":{\"@id\":\"https:\/\/orthodoxalbania.org\/2020\/2013\/03\/21\/vlore-koncert-me-muzike-bizantine\/#breadcrumb\"},\"inLanguage\":\"en-US\",\"potentialAction\":[{\"@type\":\"ReadAction\",\"target\":[\"https:\/\/orthodoxalbania.org\/2020\/2013\/03\/21\/vlore-koncert-me-muzike-bizantine\/\"]}]},{\"@type\":\"ImageObject\",\"inLanguage\":\"en-US\",\"@id\":\"https:\/\/orthodoxalbania.org\/2020\/2013\/03\/21\/vlore-koncert-me-muzike-bizantine\/#primaryimage\",\"url\":\"https:\/\/lh4.googleusercontent.com\/-IdCsxLYhZjk\/UMdeN8_B60I\/AAAAAAAABZg\/Op1cw-uHvug\/s640\/45093_302979619814127_769721815_n.jpg\",\"contentUrl\":\"https:\/\/lh4.googleusercontent.com\/-IdCsxLYhZjk\/UMdeN8_B60I\/AAAAAAAABZg\/Op1cw-uHvug\/s640\/45093_302979619814127_769721815_n.jpg\"},{\"@type\":\"BreadcrumbList\",\"@id\":\"https:\/\/orthodoxalbania.org\/2020\/2013\/03\/21\/vlore-koncert-me-muzike-bizantine\/#breadcrumb\",\"itemListElement\":[{\"@type\":\"ListItem\",\"position\":1,\"name\":\"Home\",\"item\":\"https:\/\/orthodoxalbania.org\/2020\/\"},{\"@type\":\"ListItem\",\"position\":2,\"name\":\"Vlor\u00eb, koncert me Muzik\u00eb Bizantine. (9 Dhjetor 2012)\"}]},{\"@type\":\"WebSite\",\"@id\":\"https:\/\/orthodoxalbania.org\/2020\/#website\",\"url\":\"https:\/\/orthodoxalbania.org\/2020\/\",\"name\":\"Kisha Orthodh\u03bfkse Autoqefale e Shqip\u00ebris\u00eb\",\"description\":\"Fqja Zyrtare e Kish\u00ebs Orthodhokse Autoqefale e Shqip\u00ebris\u00eb me lajmet edhe informacionet zyrtare p\u00ebr struktur\u00ebn edhe veprimtarin e saj.\",\"publisher\":{\"@id\":\"https:\/\/orthodoxalbania.org\/2020\/#organization\"},\"potentialAction\":[{\"@type\":\"SearchAction\",\"target\":{\"@type\":\"EntryPoint\",\"urlTemplate\":\"https:\/\/orthodoxalbania.org\/2020\/?s={search_term_string}\"},\"query-input\":{\"@type\":\"PropertyValueSpecification\",\"valueRequired\":true,\"valueName\":\"search_term_string\"}}],\"inLanguage\":\"en-US\"},{\"@type\":\"Organization\",\"@id\":\"https:\/\/orthodoxalbania.org\/2020\/#organization\",\"name\":\"Kisha Orthodhokse Autoqefale e Shqip\u00ebris\u00eb\",\"url\":\"https:\/\/orthodoxalbania.org\/2020\/\",\"logo\":{\"@type\":\"ImageObject\",\"inLanguage\":\"en-US\",\"@id\":\"https:\/\/orthodoxalbania.org\/2020\/#\/schema\/logo\/image\/\",\"url\":\"https:\/\/orthodoxalbania.org\/2020\/wp-content\/uploads\/2020\/05\/albania.jpeg\",\"contentUrl\":\"https:\/\/orthodoxalbania.org\/2020\/wp-content\/uploads\/2020\/05\/albania.jpeg\",\"width\":540,\"height\":540,\"caption\":\"Kisha Orthodhokse Autoqefale e Shqip\u00ebris\u00eb\"},\"image\":{\"@id\":\"https:\/\/orthodoxalbania.org\/2020\/#\/schema\/logo\/image\/\"},\"sameAs\":[\"https:\/\/www.facebook.com\/koash1991\"]},{\"@type\":\"Person\",\"@id\":\"https:\/\/orthodoxalbania.org\/2020\/#\/schema\/person\/0c387634a7063ac612d7ed9ce71c7e86\",\"name\":\"Kisha Orthodhokse\",\"image\":{\"@type\":\"ImageObject\",\"inLanguage\":\"en-US\",\"@id\":\"https:\/\/secure.gravatar.com\/avatar\/596e7c417251e30f2fbb9c00e026fce61a695a00e51c889caded71c96cbbdde5?s=96&d=mm&r=g\",\"url\":\"https:\/\/secure.gravatar.com\/avatar\/596e7c417251e30f2fbb9c00e026fce61a695a00e51c889caded71c96cbbdde5?s=96&d=mm&r=g\",\"contentUrl\":\"https:\/\/secure.gravatar.com\/avatar\/596e7c417251e30f2fbb9c00e026fce61a695a00e51c889caded71c96cbbdde5?s=96&d=mm&r=g\",\"caption\":\"Kisha Orthodhokse\"}}]}<\/script>\n<!-- \/ Yoast SEO plugin. -->","yoast_head_json":{"title":"Vlor\u00eb, koncert me Muzik\u00eb Bizantine. (9 Dhjetor 2012) - Kisha Orthodh\u03bfkse Autoqefale e Shqip\u00ebris\u00eb","robots":{"index":"index","follow":"follow","max-snippet":"max-snippet:-1","max-image-preview":"max-image-preview:large","max-video-preview":"max-video-preview:-1"},"canonical":"https:\/\/orthodoxalbania.org\/2020\/2013\/03\/21\/vlore-koncert-me-muzike-bizantine\/","og_locale":"en_US","og_type":"article","og_title":"Vlor\u00eb, koncert me Muzik\u00eb Bizantine. (9 Dhjetor 2012) - Kisha Orthodh\u03bfkse Autoqefale e Shqip\u00ebris\u00eb","og_description":"&nbsp;&nbsp;&nbsp; N\u00eb vazhdim t\u00eb atmosfer\u00ebs s\u00eb 100 vjetorit t\u00eb shpalljes s\u00eb pavar\u00ebsis\u00eb&nbsp; dhe n\u00eb vigjilje t\u00eb Krishtlindjeve dhe vitit t\u00eb Ri 2013, besimtar\u00ebt e Vlor\u00ebs, pasditen e dat\u00ebs 9 dhjetor pat\u00ebn bekimin q\u00eb t\u00eb ken\u00eb mes tyre djemt\u00eb z\u00eb \u00ebngj\u00ebllor t\u00eb Korit Bizantin \u201cSh\u00ebn Joan Kukuzeli\u201d t\u00eb Kish\u00ebs Orthodhokse Autoqefale t\u00eb Shqip\u00ebris\u00eb. Ka vite q\u00eb ky kor \u00ebsht\u00eb ngritur dhe jep ndihmes\u00ebn e tij n\u00eb","og_url":"https:\/\/orthodoxalbania.org\/2020\/2013\/03\/21\/vlore-koncert-me-muzike-bizantine\/","og_site_name":"Kisha Orthodh\u03bfkse Autoqefale e Shqip\u00ebris\u00eb","article_publisher":"https:\/\/www.facebook.com\/koash1991","article_published_time":"2013-03-21T12:32:15+00:00","article_modified_time":"2020-04-06T20:05:54+00:00","og_image":[{"url":"https:\/\/lh4.googleusercontent.com\/-IdCsxLYhZjk\/UMdeN8_B60I\/AAAAAAAABZg\/Op1cw-uHvug\/s640\/45093_302979619814127_769721815_n.jpg","type":"","width":"","height":""}],"author":"Kisha Orthodhokse","twitter_card":"summary_large_image","twitter_misc":{"Written by":"Kisha Orthodhokse","Est. reading time":"4 minutes"},"schema":{"@context":"https:\/\/schema.org","@graph":[{"@type":"Article","@id":"https:\/\/orthodoxalbania.org\/2020\/2013\/03\/21\/vlore-koncert-me-muzike-bizantine\/#article","isPartOf":{"@id":"https:\/\/orthodoxalbania.org\/2020\/2013\/03\/21\/vlore-koncert-me-muzike-bizantine\/"},"author":{"name":"Kisha Orthodhokse","@id":"https:\/\/orthodoxalbania.org\/2020\/#\/schema\/person\/0c387634a7063ac612d7ed9ce71c7e86"},"headline":"Vlor\u00eb, koncert me Muzik\u00eb Bizantine. (9 Dhjetor 2012)","datePublished":"2013-03-21T12:32:15+00:00","dateModified":"2020-04-06T20:05:54+00:00","mainEntityOfPage":{"@id":"https:\/\/orthodoxalbania.org\/2020\/2013\/03\/21\/vlore-koncert-me-muzike-bizantine\/"},"wordCount":792,"commentCount":0,"publisher":{"@id":"https:\/\/orthodoxalbania.org\/2020\/#organization"},"image":{"@id":"https:\/\/orthodoxalbania.org\/2020\/2013\/03\/21\/vlore-koncert-me-muzike-bizantine\/#primaryimage"},"thumbnailUrl":"https:\/\/lh4.googleusercontent.com\/-IdCsxLYhZjk\/UMdeN8_B60I\/AAAAAAAABZg\/Op1cw-uHvug\/s640\/45093_302979619814127_769721815_n.jpg","keywords":["2012","Aktivitete","lajme","Mitropolia Berat"],"articleSection":["Lajme"],"inLanguage":"en-US"},{"@type":"WebPage","@id":"https:\/\/orthodoxalbania.org\/2020\/2013\/03\/21\/vlore-koncert-me-muzike-bizantine\/","url":"https:\/\/orthodoxalbania.org\/2020\/2013\/03\/21\/vlore-koncert-me-muzike-bizantine\/","name":"Vlor\u00eb, koncert me Muzik\u00eb Bizantine. (9 Dhjetor 2012) - Kisha Orthodh\u03bfkse Autoqefale e Shqip\u00ebris\u00eb","isPartOf":{"@id":"https:\/\/orthodoxalbania.org\/2020\/#website"},"primaryImageOfPage":{"@id":"https:\/\/orthodoxalbania.org\/2020\/2013\/03\/21\/vlore-koncert-me-muzike-bizantine\/#primaryimage"},"image":{"@id":"https:\/\/orthodoxalbania.org\/2020\/2013\/03\/21\/vlore-koncert-me-muzike-bizantine\/#primaryimage"},"thumbnailUrl":"https:\/\/lh4.googleusercontent.com\/-IdCsxLYhZjk\/UMdeN8_B60I\/AAAAAAAABZg\/Op1cw-uHvug\/s640\/45093_302979619814127_769721815_n.jpg","datePublished":"2013-03-21T12:32:15+00:00","dateModified":"2020-04-06T20:05:54+00:00","breadcrumb":{"@id":"https:\/\/orthodoxalbania.org\/2020\/2013\/03\/21\/vlore-koncert-me-muzike-bizantine\/#breadcrumb"},"inLanguage":"en-US","potentialAction":[{"@type":"ReadAction","target":["https:\/\/orthodoxalbania.org\/2020\/2013\/03\/21\/vlore-koncert-me-muzike-bizantine\/"]}]},{"@type":"ImageObject","inLanguage":"en-US","@id":"https:\/\/orthodoxalbania.org\/2020\/2013\/03\/21\/vlore-koncert-me-muzike-bizantine\/#primaryimage","url":"https:\/\/lh4.googleusercontent.com\/-IdCsxLYhZjk\/UMdeN8_B60I\/AAAAAAAABZg\/Op1cw-uHvug\/s640\/45093_302979619814127_769721815_n.jpg","contentUrl":"https:\/\/lh4.googleusercontent.com\/-IdCsxLYhZjk\/UMdeN8_B60I\/AAAAAAAABZg\/Op1cw-uHvug\/s640\/45093_302979619814127_769721815_n.jpg"},{"@type":"BreadcrumbList","@id":"https:\/\/orthodoxalbania.org\/2020\/2013\/03\/21\/vlore-koncert-me-muzike-bizantine\/#breadcrumb","itemListElement":[{"@type":"ListItem","position":1,"name":"Home","item":"https:\/\/orthodoxalbania.org\/2020\/"},{"@type":"ListItem","position":2,"name":"Vlor\u00eb, koncert me Muzik\u00eb Bizantine. (9 Dhjetor 2012)"}]},{"@type":"WebSite","@id":"https:\/\/orthodoxalbania.org\/2020\/#website","url":"https:\/\/orthodoxalbania.org\/2020\/","name":"Kisha Orthodh\u03bfkse Autoqefale e Shqip\u00ebris\u00eb","description":"Fqja Zyrtare e Kish\u00ebs Orthodhokse Autoqefale e Shqip\u00ebris\u00eb me lajmet edhe informacionet zyrtare p\u00ebr struktur\u00ebn edhe veprimtarin e saj.","publisher":{"@id":"https:\/\/orthodoxalbania.org\/2020\/#organization"},"potentialAction":[{"@type":"SearchAction","target":{"@type":"EntryPoint","urlTemplate":"https:\/\/orthodoxalbania.org\/2020\/?s={search_term_string}"},"query-input":{"@type":"PropertyValueSpecification","valueRequired":true,"valueName":"search_term_string"}}],"inLanguage":"en-US"},{"@type":"Organization","@id":"https:\/\/orthodoxalbania.org\/2020\/#organization","name":"Kisha Orthodhokse Autoqefale e Shqip\u00ebris\u00eb","url":"https:\/\/orthodoxalbania.org\/2020\/","logo":{"@type":"ImageObject","inLanguage":"en-US","@id":"https:\/\/orthodoxalbania.org\/2020\/#\/schema\/logo\/image\/","url":"https:\/\/orthodoxalbania.org\/2020\/wp-content\/uploads\/2020\/05\/albania.jpeg","contentUrl":"https:\/\/orthodoxalbania.org\/2020\/wp-content\/uploads\/2020\/05\/albania.jpeg","width":540,"height":540,"caption":"Kisha Orthodhokse Autoqefale e Shqip\u00ebris\u00eb"},"image":{"@id":"https:\/\/orthodoxalbania.org\/2020\/#\/schema\/logo\/image\/"},"sameAs":["https:\/\/www.facebook.com\/koash1991"]},{"@type":"Person","@id":"https:\/\/orthodoxalbania.org\/2020\/#\/schema\/person\/0c387634a7063ac612d7ed9ce71c7e86","name":"Kisha Orthodhokse","image":{"@type":"ImageObject","inLanguage":"en-US","@id":"https:\/\/secure.gravatar.com\/avatar\/596e7c417251e30f2fbb9c00e026fce61a695a00e51c889caded71c96cbbdde5?s=96&d=mm&r=g","url":"https:\/\/secure.gravatar.com\/avatar\/596e7c417251e30f2fbb9c00e026fce61a695a00e51c889caded71c96cbbdde5?s=96&d=mm&r=g","contentUrl":"https:\/\/secure.gravatar.com\/avatar\/596e7c417251e30f2fbb9c00e026fce61a695a00e51c889caded71c96cbbdde5?s=96&d=mm&r=g","caption":"Kisha Orthodhokse"}}]}},"_links":{"self":[{"href":"https:\/\/orthodoxalbania.org\/2020\/wp-json\/wp\/v2\/posts\/1544","targetHints":{"allow":["GET"]}}],"collection":[{"href":"https:\/\/orthodoxalbania.org\/2020\/wp-json\/wp\/v2\/posts"}],"about":[{"href":"https:\/\/orthodoxalbania.org\/2020\/wp-json\/wp\/v2\/types\/post"}],"author":[{"embeddable":true,"href":"https:\/\/orthodoxalbania.org\/2020\/wp-json\/wp\/v2\/users\/1"}],"replies":[{"embeddable":true,"href":"https:\/\/orthodoxalbania.org\/2020\/wp-json\/wp\/v2\/comments?post=1544"}],"version-history":[{"count":1,"href":"https:\/\/orthodoxalbania.org\/2020\/wp-json\/wp\/v2\/posts\/1544\/revisions"}],"predecessor-version":[{"id":15275,"href":"https:\/\/orthodoxalbania.org\/2020\/wp-json\/wp\/v2\/posts\/1544\/revisions\/15275"}],"wp:attachment":[{"href":"https:\/\/orthodoxalbania.org\/2020\/wp-json\/wp\/v2\/media?parent=1544"}],"wp:term":[{"taxonomy":"category","embeddable":true,"href":"https:\/\/orthodoxalbania.org\/2020\/wp-json\/wp\/v2\/categories?post=1544"},{"taxonomy":"post_tag","embeddable":true,"href":"https:\/\/orthodoxalbania.org\/2020\/wp-json\/wp\/v2\/tags?post=1544"}],"curies":[{"name":"wp","href":"https:\/\/api.w.org\/{rel}","templated":true}]}}