{"id":1543,"date":"2013-03-21T12:37:42","date_gmt":"2013-03-21T12:37:42","guid":{"rendered":""},"modified":"2020-04-06T22:05:53","modified_gmt":"2020-04-06T20:05:53","slug":"vlore-festohet-me-madheshti-krishtlindja","status":"publish","type":"post","link":"https:\/\/orthodoxalbania.org\/2020\/2013\/03\/21\/vlore-festohet-me-madheshti-krishtlindja\/","title":{"rendered":"Vlor\u00eb, festohet me madh\u00ebshti Krishtlindja. (25 Dhjetor 2012)"},"content":{"rendered":"<div style=\"text-align: justify;\">\n\t<span style=\"color:#000000;\"><span style=\"font-family: tahoma,geneva,sans-serif;\"><span style=\"font-size: 12px;\"><img class=\"lazyload\" decoding=\"async\" src=\"data:image\/gif;base64,R0lGODlhAQABAAAAACH5BAEKAAEALAAAAAABAAEAAAICTAEAOw==\" data-orig-src=\"https:\/\/lh3.googleusercontent.com\/-ynfhX7QAqOE\/UNxIdrDACOI\/AAAAAAAABqw\/_orffZYP758\/s576\/483205_524504704241034_20415884_n.jpg\" style=\"width: 200px; height: 164px; border-width: 1px; border-style: solid; margin: 10px; float: left;\" \/>&nbsp;&nbsp;&nbsp; Si n\u00eb t\u00eb gjith\u00eb bot\u00ebn e krishter\u00eb edhe n\u00eb Z\u00ebvend\u00ebsin\u00eb e Vlor\u00ebs Krishtlindjet u prit\u00ebn dhe u festuan me g\u00ebzim nga t\u00eb gjith\u00eb besimtar\u00ebt. N\u00eb Kish\u00ebn e Sh\u00ebn Theodhor\u00ebve n\u00eb Vlor\u00eb festimet p\u00ebr k\u00ebt\u00eb t\u00eb kremte filluan n\u00eb mbr\u00ebmjen e dat\u00ebs 24. Besimtar\u00eb t\u00eb shumt\u00eb mor\u00ebn pjes\u00eb n\u00eb lutjen q\u00eb u organizua nga ora 11:30 deri n\u00eb or\u00ebn 12:00 t\u00eb mbr\u00ebmjes. Prej disa vitesh Kisha e Sh\u00ebn Theodhor\u00ebve n\u00eb mbr\u00ebmjen e dat\u00ebs 24 organizon veprimtari t\u00eb ndryshme t\u00eb cilat mbyllen me lutjen e mesnat\u00ebs. Q\u00eb n\u00eb or\u00ebt e para t\u00eb m\u00ebngjesit Kisha u mbush p\u00ebrs\u00ebri nga besimtar\u00ebt t\u00eb cil\u00ebt mor\u00ebn pjes\u00eb n\u00eb Liturgjin\u00eb Hyjnore q\u00eb u celebrua p\u00ebr nder t\u00eb Lindjes s\u00eb Zotit ton\u00eb Jisu Krisht.<\/span><\/span><\/span><\/div>\n<div style=\"text-align: justify;\">\n\t<br \/>\n\t<span style=\"color:#000000;\"><span style=\"font-family: tahoma,geneva,sans-serif;\"><span style=\"font-size: 12px;\">&nbsp;&nbsp;&nbsp; Pas liturgjis\u00eb besimtar\u00eb t\u00eb shumt\u00eb,p\u00ebrfaq\u00ebsues t\u00eb pushtetit lokal,t\u00eb shoqatavedhe partive politike,mor\u00ebn pjes\u00eb n\u00eb pritjen e organizuar nga Kisha. P\u00ebr t\u00eb uruar Krishtlindjet erdh\u00ebn edhe p\u00ebrfaq\u00ebsuesit e komuniteteve fetare t\u00eb qytetit t\u00eb Vlor\u00ebs. P\u00ebr komunitetin Katolik urimet i p\u00ebrcolli vet\u00eb Peshkopi Katolik i Jugut Hill Kabashi. N\u00eb em\u00ebr t\u00eb Komunitetit Mysliman uroi Myftiu i Vlor\u00ebs Hito Shahaj dhe p\u00ebr Komunitetin Bektashian Sekretari i k\u00ebtij Komuniteti.<\/span><\/span><\/span><\/div>\n<div style=\"text-align: justify;\">\n\t<br \/>\n\t<span style=\"color:#000000;\"><span style=\"font-family: tahoma,geneva,sans-serif;\"><span style=\"font-size: 12px;\">&nbsp;&nbsp;&nbsp; Edhe n\u00eb qytetin e Selenic\u00ebs festimet p\u00ebr Lindjen e Zotit ton\u00eb Jisu Krisht filluan sa po akrepat e or\u00ebs&nbsp; trokit\u00ebn p\u00ebr llogari t\u00eb dat\u00ebs 25 Dhjetor. Z\u00ebrat e f\u00ebmij\u00ebve&nbsp; nis\u00ebn t\u00eb \u00e7onin n\u00eb \u00e7do sht\u00ebpi t\u00eb qytetit lajmin se n\u00eb nj\u00eb shpell\u00eb n\u00eb Betlehem ka lindur Zoti Krisht. \u00cbsht\u00eb tradit\u00eb n\u00eb k\u00ebt\u00eb qytet q\u00eb k\u00ebt\u00eb nat\u00eb portat e sht\u00ebpive q\u00ebndrojn\u00eb t\u00eb hapura dhe presin f\u00ebmij\u00ebt t\u00eb cil\u00ebt lajm\u00ebrojn\u00eb p\u00ebr Lindjen e Zotit.&nbsp; Duke k\u00ebnduar nj\u00eb k\u00ebng\u00eb tradicionale ata shkojn\u00eb n\u00eb \u00e7do sht\u00ebpi duke mbajtur n\u00eb duar Ikon\u00ebn e Lindjes s\u00eb Zotit, dhe nga besimtar\u00ebt atyre ju jepen edhe dhurata t\u00eb ndryshme. Kjo nat\u00eb ishte shum\u00eb&nbsp; e vecant\u00eb p\u00ebr t\u00eb gjith\u00eb besimtar\u00ebt. Z\u00ebrat e f\u00ebmij\u00ebve, si z\u00ebra \u00ebngj\u00ebllor\u00eb, \u00e7an\u00eb terrin e nat\u00ebs&nbsp; dhe lajm\u00ebruan p\u00ebr nj\u00eb dit\u00eb t\u00eb re, p\u00ebr nj\u00eb dit\u00eb plot me drit\u00eb, me drit\u00eb q\u00eb buron nga shpella ku&nbsp; lindi Zoti Krisht. Dhe sa po rezet e drit\u00ebs nis\u00ebn t\u00eb ndri\u00e7ojn\u00eb, besimtar\u00eb t\u00eb shumt\u00eb u ngjit\u00ebn p\u00ebr n\u00eb kodr\u00ebn mbi qytet, ku ndodhet Kisha e Sh\u00ebn Athanasit, ku dhe mor\u00ebn pjes\u00eb n\u00eb Liturgjin\u00eb Hyjnore q\u00eb u celebrua me k\u00ebt\u00eb rast. Gjat\u00eb Liturgjis\u00eb&nbsp; u lexua edhe mesazhi i Mitropolitit t\u00eb Beratit Vlor\u00ebs Kanin\u00ebs dhe gjith\u00eb Myzeqes\u00eb Imzot Ignatit,&nbsp; p\u00ebr Klerik\u00ebt dhe besimtar\u00ebt shpres\u00ebtar\u00eb t\u00eb Mitropolis\u00eb.<\/span><\/span><\/span><\/div>\n<div style=\"text-align: justify;\">\n\t<br \/>\n\t<span style=\"color:#000000;\"><span style=\"font-family: tahoma,geneva,sans-serif;\"><span style=\"font-size: 12px;\">&nbsp;&nbsp;&nbsp; \u201dBijt\u00eb e mi t\u00eb dashur m\u00eb Zotin! tha Mitropliti.<\/span><\/span><\/span><\/div>\n<div style=\"text-align: justify;\">\n\t<br \/>\n\t<span style=\"color:#000000;\"><span style=\"font-family: tahoma,geneva,sans-serif;\"><span style=\"font-size: 12px;\">&nbsp;&nbsp;&nbsp; Erdh\u00ebn edhe sivjet Krishtlindjet dhe Sh\u00ebn Joan Gojarti na fton t\u00eb festojm\u00eb s\u00eb bashku, duke th\u00ebn\u00eb: \u201dEjani t\u00eb kremtojm\u00eb!Ejani t\u00eb festojm\u00eb! Rendin pran\u00eb Tij Mag\u00ebt. Rendim edhe ne.Rend edhe ylli, q\u00eb t\u00eb shfaq\u00eb Zotin e qiejve. Krijuesin dhe grazhdin shikoj\u2026Foshnj\u00ebn dhe shp\u00ebrgenjt\u00eb,lehon\u00ebn e virgj\u00ebr, t\u00eb p\u00ebrbuzur.Varf\u00ebri e madhe\u2026I pasuri u b\u00eb i varf\u00ebr p\u00ebr hirin ton\u00eb\u201d.<\/span><\/span><\/span><\/div>\n<div style=\"text-align: justify;\">\n\t<br \/>\n\t<span style=\"color:#000000;\"><span style=\"font-family: tahoma,geneva,sans-serif;\"><span style=\"font-size: 12px;\">&nbsp;&nbsp;&nbsp; N\u00eb p\u00ebrfundim Mitropoliti ju drejtohet besimtar\u00ebve me fjal\u00ebt: \u201dK\u00ebt\u00eb priste njer\u00ebzimi i t\u00ebr\u00eb,q\u00eb t\u2019i zgjidh\u00eb prangat me t\u00eb cilat,si nj\u00eb tjet\u00ebr \u201cPromete i lidhur\u201d, ishte i lidhur me zinxhir\u00eb dhe priste \u201ct\u00eb Priturin\u201d e Madh,p\u00ebr ta \u00e7liruar nga m\u00ebkati. Dhe i cili prej shekujsh,tashm\u00eb,ofron fuqin\u00eb tek t\u00eb pafuqishmit;tek t\u00eb s\u00ebmur\u00ebt, sh\u00ebndetin;tek t\u00eb vdekurit nga m\u00ebkati, jet\u00ebn e re t\u00eb qiellit dhe ngaz\u00ebllimin e p\u00ebrjet\u00ebsis\u00eb s\u00eb pambaruar\u201d.<\/span><\/span><\/span><\/div>\n<div style=\"text-align: justify;\">\n\t<br \/>\n\t<span style=\"color:#000000;\"><span style=\"font-family: tahoma,geneva,sans-serif;\"><span style=\"font-size: 12px;\">&nbsp;&nbsp;&nbsp; Pas Liturgjis\u00eb, p\u00ebr t\u00eb uruar Krishtlindjet, n\u00eb pritjen e organizuar nga Kisha erdh\u00ebn p\u00ebrfaq\u00ebsuesit e Pushtetit Lokal,drejtues t\u00eb institucioneve dhe besimtar\u00eb t\u00eb shumt\u00eb.<\/span><\/span><\/span><\/div>\n<div style=\"text-align: justify;\">\n\t<br \/>\n\t<span style=\"color:#000000;\"><span style=\"font-family: tahoma,geneva,sans-serif;\"><span style=\"font-size: 12px;\">&nbsp;&nbsp;&nbsp; Edhe n\u00eb Kishat e tjera t\u00eb Z\u00ebvend\u00ebsis\u00eb u organizuan ceremoni t\u00eb ndryshme dhe u celebrua Liturgjia Hyjnore, n\u00eb Kish\u00ebn Sh\u00ebn e Diela n\u00eb Nart\u00eb nga At\u00eb Dhimit\u00ebr Kushi, n\u00eb Kish\u00ebn Sh\u00ebn Spiridhoni n\u00eb Orikum nga At\u00eb Jani Konomi, n\u00eb Kish\u00ebn Sh\u00ebn Spiridhoni n\u00eb Mifol nga At\u00eb Ilia Qirjo, n\u00eb Kish\u00ebn Pes\u00eb Martir\u00ebt n\u00eb Bestrov\u00eb nga At\u00eb Lluka Gjergji, n\u00eb Kish\u00ebn Ngjallja n\u00eb Novosel\u00eb nga At\u00eb Sotiraq Prifti dhe n\u00eb Kish\u00ebn Sh\u00ebn Nikolla n\u00eb Poro nga At\u00eb Sotir Prifti.<\/span><\/span><\/span><\/div>\n<div style=\"text-align: right;\">\n\t<br \/>\n\t<span style=\"color:#000000;\"><span style=\"font-family: tahoma,geneva,sans-serif;\"><span style=\"font-size: 12px;\"><strong>At\u00eb Spiro Bulika<\/strong><\/span><\/span><\/span><\/div>\n<div style=\"text-align: right;\">\n\t&nbsp;<\/div>\n<div style=\"text-align: justify;\">\n\t<span style=\"color:#000000;\"><span style=\"font-family: tahoma,geneva,sans-serif;\"><span style=\"font-size: 12px;\"><img class=\"lazyload\" decoding=\"async\" src=\"data:image\/gif;base64,R0lGODlhAQABAAAAACH5BAEKAAEALAAAAAABAAEAAAICTAEAOw==\" data-orig-src=\"https:\/\/lh3.googleusercontent.com\/-Q74rcnaYBbU\/UNxIZlagj3I\/AAAAAAAABqg\/CTS36mBBIcM\/s640\/382066_524503204241184_1460394530_n.jpg\" style=\"width: 600px; height: 400px; border-width: 1px; border-style: solid; margin: 10px; float: left;\" \/><\/span><\/span><\/span><\/div>\n<div style=\"text-align: justify;\">\n\t<span style=\"color:#000000;\"><span style=\"font-family: tahoma,geneva,sans-serif;\"><span style=\"font-size: 12px;\"><img class=\"lazyload\" decoding=\"async\" src=\"data:image\/gif;base64,R0lGODlhAQABAAAAACH5BAEKAAEALAAAAAABAAEAAAICTAEAOw==\" data-orig-src=\"https:\/\/lh3.googleusercontent.com\/-Jzt8Nz99v_M\/UNxIbps0ItI\/AAAAAAAABqo\/7-lYvw3kAPY\/s640\/481414_524708800887291_1763064757_n.jpg\" style=\"width: 600px; height: 400px; border-width: 1px; border-style: solid; margin: 10px; float: left;\" \/><\/span><\/span><\/span><\/div>\n<div>\n\t<span style=\"color:#000000;\"><span style=\"font-family: tahoma,geneva,sans-serif;\"><span style=\"font-size: 12px;\"><img class=\"lazyload\" decoding=\"async\" src=\"data:image\/gif;base64,R0lGODlhAQABAAAAACH5BAEKAAEALAAAAAABAAEAAAICTAEAOw==\" data-orig-src=\"https:\/\/lh4.googleusercontent.com\/-0v9AoK2mLOk\/UNr4tvjHXTI\/AAAAAAAABpg\/yQSWxiQeaj8\/s640\/553436_524851974206307_1621715950_n.jpg\" style=\"width: 600px; height: 400px; border-width: 1px; border-style: solid; margin: 10px; float: left;\" \/><\/span><\/span><\/span><\/div>\n<div>\n\t<br \/>\n\t<span style=\"color:#000000;\"><span style=\"font-family: tahoma,geneva,sans-serif;\"><span style=\"font-size: 12px;\">&nbsp;<br \/>\n\t&nbsp;<\/span><\/span><\/span><\/p>\n<p>\t&nbsp;<\/p><\/div>\n","protected":false},"excerpt":{"rendered":"<p>&nbsp;&nbsp;&nbsp; Si n\u00eb t\u00eb gjith\u00eb bot\u00ebn e krishter\u00eb edhe n\u00eb Z\u00ebvend\u00ebsin\u00eb e Vlor\u00ebs Krishtlindjet u prit\u00ebn dhe u festuan me g\u00ebzim nga t\u00eb gjith\u00eb besimtar\u00ebt. N\u00eb Kish\u00ebn e Sh\u00ebn Theodhor\u00ebve n\u00eb Vlor\u00eb festimet p\u00ebr k\u00ebt\u00eb t\u00eb kremte filluan n\u00eb mbr\u00ebmjen e dat\u00ebs 24. Besimtar\u00eb t\u00eb shumt\u00eb mor\u00ebn pjes\u00eb n\u00eb lutjen q\u00eb u organizua nga ora 11:30 deri n\u00eb or\u00ebn 12:00 t\u00eb mbr\u00ebmjes. Prej disa vitesh<\/p>\n","protected":false},"author":1,"featured_media":0,"comment_status":"open","ping_status":"open","sticky":false,"template":"","format":"standard","meta":{"_acf_changed":false,"pagelayer_contact_templates":[],"_pagelayer_content":"","inline_featured_image":false,"fifu_image_url":"","fifu_image_alt":"","footnotes":""},"categories":[108],"tags":[142,192,212,197],"class_list":["post-1543","post","type-post","status-publish","format-standard","hentry","category-lajme","tag-142","tag-krishtlindje","tag-lajme-d27","tag-berat"],"acf":[],"yoast_head":"<!-- This site is optimized with the Yoast SEO plugin v27.2 - https:\/\/yoast.com\/product\/yoast-seo-wordpress\/ -->\n<title>Vlor\u00eb, festohet me madh\u00ebshti Krishtlindja. (25 Dhjetor 2012) - Kisha Orthodh\u03bfkse Autoqefale e Shqip\u00ebris\u00eb<\/title>\n<meta name=\"robots\" content=\"index, follow, max-snippet:-1, max-image-preview:large, max-video-preview:-1\" \/>\n<link rel=\"canonical\" href=\"https:\/\/orthodoxalbania.org\/2020\/2013\/03\/21\/vlore-festohet-me-madheshti-krishtlindja\/\" \/>\n<meta property=\"og:locale\" content=\"en_US\" \/>\n<meta property=\"og:type\" content=\"article\" \/>\n<meta property=\"og:title\" content=\"Vlor\u00eb, festohet me madh\u00ebshti Krishtlindja. (25 Dhjetor 2012) - Kisha Orthodh\u03bfkse Autoqefale e Shqip\u00ebris\u00eb\" \/>\n<meta property=\"og:description\" content=\"&nbsp;&nbsp;&nbsp; Si n\u00eb t\u00eb gjith\u00eb bot\u00ebn e krishter\u00eb edhe n\u00eb Z\u00ebvend\u00ebsin\u00eb e Vlor\u00ebs Krishtlindjet u prit\u00ebn dhe u festuan me g\u00ebzim nga t\u00eb gjith\u00eb besimtar\u00ebt. N\u00eb Kish\u00ebn e Sh\u00ebn Theodhor\u00ebve n\u00eb Vlor\u00eb festimet p\u00ebr k\u00ebt\u00eb t\u00eb kremte filluan n\u00eb mbr\u00ebmjen e dat\u00ebs 24. Besimtar\u00eb t\u00eb shumt\u00eb mor\u00ebn pjes\u00eb n\u00eb lutjen q\u00eb u organizua nga ora 11:30 deri n\u00eb or\u00ebn 12:00 t\u00eb mbr\u00ebmjes. Prej disa vitesh\" \/>\n<meta property=\"og:url\" content=\"https:\/\/orthodoxalbania.org\/2020\/2013\/03\/21\/vlore-festohet-me-madheshti-krishtlindja\/\" \/>\n<meta property=\"og:site_name\" content=\"Kisha Orthodh\u03bfkse Autoqefale e Shqip\u00ebris\u00eb\" \/>\n<meta property=\"article:publisher\" content=\"https:\/\/www.facebook.com\/koash1991\" \/>\n<meta property=\"article:published_time\" content=\"2013-03-21T12:37:42+00:00\" \/>\n<meta property=\"article:modified_time\" content=\"2020-04-06T20:05:53+00:00\" \/>\n<meta property=\"og:image\" content=\"https:\/\/lh3.googleusercontent.com\/-ynfhX7QAqOE\/UNxIdrDACOI\/AAAAAAAABqw\/_orffZYP758\/s576\/483205_524504704241034_20415884_n.jpg\" \/>\n<meta name=\"author\" content=\"Kisha Orthodhokse\" \/>\n<meta name=\"twitter:card\" content=\"summary_large_image\" \/>\n<meta name=\"twitter:label1\" content=\"Written by\" \/>\n\t<meta name=\"twitter:data1\" content=\"Kisha Orthodhokse\" \/>\n\t<meta name=\"twitter:label2\" content=\"Est. reading time\" \/>\n\t<meta name=\"twitter:data2\" content=\"4 minutes\" \/>\n<script type=\"application\/ld+json\" class=\"yoast-schema-graph\">{\"@context\":\"https:\/\/schema.org\",\"@graph\":[{\"@type\":\"Article\",\"@id\":\"https:\/\/orthodoxalbania.org\/2020\/2013\/03\/21\/vlore-festohet-me-madheshti-krishtlindja\/#article\",\"isPartOf\":{\"@id\":\"https:\/\/orthodoxalbania.org\/2020\/2013\/03\/21\/vlore-festohet-me-madheshti-krishtlindja\/\"},\"author\":{\"name\":\"Kisha Orthodhokse\",\"@id\":\"https:\/\/orthodoxalbania.org\/2020\/#\/schema\/person\/0c387634a7063ac612d7ed9ce71c7e86\"},\"headline\":\"Vlor\u00eb, festohet me madh\u00ebshti Krishtlindja. (25 Dhjetor 2012)\",\"datePublished\":\"2013-03-21T12:37:42+00:00\",\"dateModified\":\"2020-04-06T20:05:53+00:00\",\"mainEntityOfPage\":{\"@id\":\"https:\/\/orthodoxalbania.org\/2020\/2013\/03\/21\/vlore-festohet-me-madheshti-krishtlindja\/\"},\"wordCount\":819,\"commentCount\":0,\"publisher\":{\"@id\":\"https:\/\/orthodoxalbania.org\/2020\/#organization\"},\"image\":{\"@id\":\"https:\/\/orthodoxalbania.org\/2020\/2013\/03\/21\/vlore-festohet-me-madheshti-krishtlindja\/#primaryimage\"},\"thumbnailUrl\":\"https:\/\/lh3.googleusercontent.com\/-ynfhX7QAqOE\/UNxIdrDACOI\/AAAAAAAABqw\/_orffZYP758\/s576\/483205_524504704241034_20415884_n.jpg\",\"keywords\":[\"2012\",\"Krishtlindje\",\"lajme\",\"Mitropolia Berat\"],\"articleSection\":[\"Lajme\"],\"inLanguage\":\"en-US\"},{\"@type\":\"WebPage\",\"@id\":\"https:\/\/orthodoxalbania.org\/2020\/2013\/03\/21\/vlore-festohet-me-madheshti-krishtlindja\/\",\"url\":\"https:\/\/orthodoxalbania.org\/2020\/2013\/03\/21\/vlore-festohet-me-madheshti-krishtlindja\/\",\"name\":\"Vlor\u00eb, festohet me madh\u00ebshti Krishtlindja. (25 Dhjetor 2012) - Kisha Orthodh\u03bfkse Autoqefale e Shqip\u00ebris\u00eb\",\"isPartOf\":{\"@id\":\"https:\/\/orthodoxalbania.org\/2020\/#website\"},\"primaryImageOfPage\":{\"@id\":\"https:\/\/orthodoxalbania.org\/2020\/2013\/03\/21\/vlore-festohet-me-madheshti-krishtlindja\/#primaryimage\"},\"image\":{\"@id\":\"https:\/\/orthodoxalbania.org\/2020\/2013\/03\/21\/vlore-festohet-me-madheshti-krishtlindja\/#primaryimage\"},\"thumbnailUrl\":\"https:\/\/lh3.googleusercontent.com\/-ynfhX7QAqOE\/UNxIdrDACOI\/AAAAAAAABqw\/_orffZYP758\/s576\/483205_524504704241034_20415884_n.jpg\",\"datePublished\":\"2013-03-21T12:37:42+00:00\",\"dateModified\":\"2020-04-06T20:05:53+00:00\",\"breadcrumb\":{\"@id\":\"https:\/\/orthodoxalbania.org\/2020\/2013\/03\/21\/vlore-festohet-me-madheshti-krishtlindja\/#breadcrumb\"},\"inLanguage\":\"en-US\",\"potentialAction\":[{\"@type\":\"ReadAction\",\"target\":[\"https:\/\/orthodoxalbania.org\/2020\/2013\/03\/21\/vlore-festohet-me-madheshti-krishtlindja\/\"]}]},{\"@type\":\"ImageObject\",\"inLanguage\":\"en-US\",\"@id\":\"https:\/\/orthodoxalbania.org\/2020\/2013\/03\/21\/vlore-festohet-me-madheshti-krishtlindja\/#primaryimage\",\"url\":\"https:\/\/lh3.googleusercontent.com\/-ynfhX7QAqOE\/UNxIdrDACOI\/AAAAAAAABqw\/_orffZYP758\/s576\/483205_524504704241034_20415884_n.jpg\",\"contentUrl\":\"https:\/\/lh3.googleusercontent.com\/-ynfhX7QAqOE\/UNxIdrDACOI\/AAAAAAAABqw\/_orffZYP758\/s576\/483205_524504704241034_20415884_n.jpg\"},{\"@type\":\"BreadcrumbList\",\"@id\":\"https:\/\/orthodoxalbania.org\/2020\/2013\/03\/21\/vlore-festohet-me-madheshti-krishtlindja\/#breadcrumb\",\"itemListElement\":[{\"@type\":\"ListItem\",\"position\":1,\"name\":\"Home\",\"item\":\"https:\/\/orthodoxalbania.org\/2020\/\"},{\"@type\":\"ListItem\",\"position\":2,\"name\":\"Vlor\u00eb, festohet me madh\u00ebshti Krishtlindja. (25 Dhjetor 2012)\"}]},{\"@type\":\"WebSite\",\"@id\":\"https:\/\/orthodoxalbania.org\/2020\/#website\",\"url\":\"https:\/\/orthodoxalbania.org\/2020\/\",\"name\":\"Kisha Orthodh\u03bfkse Autoqefale e Shqip\u00ebris\u00eb\",\"description\":\"Fqja Zyrtare e Kish\u00ebs Orthodhokse Autoqefale e Shqip\u00ebris\u00eb me lajmet edhe informacionet zyrtare p\u00ebr struktur\u00ebn edhe veprimtarin e saj.\",\"publisher\":{\"@id\":\"https:\/\/orthodoxalbania.org\/2020\/#organization\"},\"potentialAction\":[{\"@type\":\"SearchAction\",\"target\":{\"@type\":\"EntryPoint\",\"urlTemplate\":\"https:\/\/orthodoxalbania.org\/2020\/?s={search_term_string}\"},\"query-input\":{\"@type\":\"PropertyValueSpecification\",\"valueRequired\":true,\"valueName\":\"search_term_string\"}}],\"inLanguage\":\"en-US\"},{\"@type\":\"Organization\",\"@id\":\"https:\/\/orthodoxalbania.org\/2020\/#organization\",\"name\":\"Kisha Orthodhokse Autoqefale e Shqip\u00ebris\u00eb\",\"url\":\"https:\/\/orthodoxalbania.org\/2020\/\",\"logo\":{\"@type\":\"ImageObject\",\"inLanguage\":\"en-US\",\"@id\":\"https:\/\/orthodoxalbania.org\/2020\/#\/schema\/logo\/image\/\",\"url\":\"https:\/\/orthodoxalbania.org\/2020\/wp-content\/uploads\/2020\/05\/albania.jpeg\",\"contentUrl\":\"https:\/\/orthodoxalbania.org\/2020\/wp-content\/uploads\/2020\/05\/albania.jpeg\",\"width\":540,\"height\":540,\"caption\":\"Kisha Orthodhokse Autoqefale e Shqip\u00ebris\u00eb\"},\"image\":{\"@id\":\"https:\/\/orthodoxalbania.org\/2020\/#\/schema\/logo\/image\/\"},\"sameAs\":[\"https:\/\/www.facebook.com\/koash1991\"]},{\"@type\":\"Person\",\"@id\":\"https:\/\/orthodoxalbania.org\/2020\/#\/schema\/person\/0c387634a7063ac612d7ed9ce71c7e86\",\"name\":\"Kisha Orthodhokse\",\"image\":{\"@type\":\"ImageObject\",\"inLanguage\":\"en-US\",\"@id\":\"https:\/\/secure.gravatar.com\/avatar\/596e7c417251e30f2fbb9c00e026fce61a695a00e51c889caded71c96cbbdde5?s=96&d=mm&r=g\",\"url\":\"https:\/\/secure.gravatar.com\/avatar\/596e7c417251e30f2fbb9c00e026fce61a695a00e51c889caded71c96cbbdde5?s=96&d=mm&r=g\",\"contentUrl\":\"https:\/\/secure.gravatar.com\/avatar\/596e7c417251e30f2fbb9c00e026fce61a695a00e51c889caded71c96cbbdde5?s=96&d=mm&r=g\",\"caption\":\"Kisha Orthodhokse\"}}]}<\/script>\n<!-- \/ Yoast SEO plugin. -->","yoast_head_json":{"title":"Vlor\u00eb, festohet me madh\u00ebshti Krishtlindja. (25 Dhjetor 2012) - Kisha Orthodh\u03bfkse Autoqefale e Shqip\u00ebris\u00eb","robots":{"index":"index","follow":"follow","max-snippet":"max-snippet:-1","max-image-preview":"max-image-preview:large","max-video-preview":"max-video-preview:-1"},"canonical":"https:\/\/orthodoxalbania.org\/2020\/2013\/03\/21\/vlore-festohet-me-madheshti-krishtlindja\/","og_locale":"en_US","og_type":"article","og_title":"Vlor\u00eb, festohet me madh\u00ebshti Krishtlindja. (25 Dhjetor 2012) - Kisha Orthodh\u03bfkse Autoqefale e Shqip\u00ebris\u00eb","og_description":"&nbsp;&nbsp;&nbsp; Si n\u00eb t\u00eb gjith\u00eb bot\u00ebn e krishter\u00eb edhe n\u00eb Z\u00ebvend\u00ebsin\u00eb e Vlor\u00ebs Krishtlindjet u prit\u00ebn dhe u festuan me g\u00ebzim nga t\u00eb gjith\u00eb besimtar\u00ebt. N\u00eb Kish\u00ebn e Sh\u00ebn Theodhor\u00ebve n\u00eb Vlor\u00eb festimet p\u00ebr k\u00ebt\u00eb t\u00eb kremte filluan n\u00eb mbr\u00ebmjen e dat\u00ebs 24. Besimtar\u00eb t\u00eb shumt\u00eb mor\u00ebn pjes\u00eb n\u00eb lutjen q\u00eb u organizua nga ora 11:30 deri n\u00eb or\u00ebn 12:00 t\u00eb mbr\u00ebmjes. Prej disa vitesh","og_url":"https:\/\/orthodoxalbania.org\/2020\/2013\/03\/21\/vlore-festohet-me-madheshti-krishtlindja\/","og_site_name":"Kisha Orthodh\u03bfkse Autoqefale e Shqip\u00ebris\u00eb","article_publisher":"https:\/\/www.facebook.com\/koash1991","article_published_time":"2013-03-21T12:37:42+00:00","article_modified_time":"2020-04-06T20:05:53+00:00","og_image":[{"url":"https:\/\/lh3.googleusercontent.com\/-ynfhX7QAqOE\/UNxIdrDACOI\/AAAAAAAABqw\/_orffZYP758\/s576\/483205_524504704241034_20415884_n.jpg","type":"","width":"","height":""}],"author":"Kisha Orthodhokse","twitter_card":"summary_large_image","twitter_misc":{"Written by":"Kisha Orthodhokse","Est. reading time":"4 minutes"},"schema":{"@context":"https:\/\/schema.org","@graph":[{"@type":"Article","@id":"https:\/\/orthodoxalbania.org\/2020\/2013\/03\/21\/vlore-festohet-me-madheshti-krishtlindja\/#article","isPartOf":{"@id":"https:\/\/orthodoxalbania.org\/2020\/2013\/03\/21\/vlore-festohet-me-madheshti-krishtlindja\/"},"author":{"name":"Kisha Orthodhokse","@id":"https:\/\/orthodoxalbania.org\/2020\/#\/schema\/person\/0c387634a7063ac612d7ed9ce71c7e86"},"headline":"Vlor\u00eb, festohet me madh\u00ebshti Krishtlindja. (25 Dhjetor 2012)","datePublished":"2013-03-21T12:37:42+00:00","dateModified":"2020-04-06T20:05:53+00:00","mainEntityOfPage":{"@id":"https:\/\/orthodoxalbania.org\/2020\/2013\/03\/21\/vlore-festohet-me-madheshti-krishtlindja\/"},"wordCount":819,"commentCount":0,"publisher":{"@id":"https:\/\/orthodoxalbania.org\/2020\/#organization"},"image":{"@id":"https:\/\/orthodoxalbania.org\/2020\/2013\/03\/21\/vlore-festohet-me-madheshti-krishtlindja\/#primaryimage"},"thumbnailUrl":"https:\/\/lh3.googleusercontent.com\/-ynfhX7QAqOE\/UNxIdrDACOI\/AAAAAAAABqw\/_orffZYP758\/s576\/483205_524504704241034_20415884_n.jpg","keywords":["2012","Krishtlindje","lajme","Mitropolia Berat"],"articleSection":["Lajme"],"inLanguage":"en-US"},{"@type":"WebPage","@id":"https:\/\/orthodoxalbania.org\/2020\/2013\/03\/21\/vlore-festohet-me-madheshti-krishtlindja\/","url":"https:\/\/orthodoxalbania.org\/2020\/2013\/03\/21\/vlore-festohet-me-madheshti-krishtlindja\/","name":"Vlor\u00eb, festohet me madh\u00ebshti Krishtlindja. (25 Dhjetor 2012) - Kisha Orthodh\u03bfkse Autoqefale e Shqip\u00ebris\u00eb","isPartOf":{"@id":"https:\/\/orthodoxalbania.org\/2020\/#website"},"primaryImageOfPage":{"@id":"https:\/\/orthodoxalbania.org\/2020\/2013\/03\/21\/vlore-festohet-me-madheshti-krishtlindja\/#primaryimage"},"image":{"@id":"https:\/\/orthodoxalbania.org\/2020\/2013\/03\/21\/vlore-festohet-me-madheshti-krishtlindja\/#primaryimage"},"thumbnailUrl":"https:\/\/lh3.googleusercontent.com\/-ynfhX7QAqOE\/UNxIdrDACOI\/AAAAAAAABqw\/_orffZYP758\/s576\/483205_524504704241034_20415884_n.jpg","datePublished":"2013-03-21T12:37:42+00:00","dateModified":"2020-04-06T20:05:53+00:00","breadcrumb":{"@id":"https:\/\/orthodoxalbania.org\/2020\/2013\/03\/21\/vlore-festohet-me-madheshti-krishtlindja\/#breadcrumb"},"inLanguage":"en-US","potentialAction":[{"@type":"ReadAction","target":["https:\/\/orthodoxalbania.org\/2020\/2013\/03\/21\/vlore-festohet-me-madheshti-krishtlindja\/"]}]},{"@type":"ImageObject","inLanguage":"en-US","@id":"https:\/\/orthodoxalbania.org\/2020\/2013\/03\/21\/vlore-festohet-me-madheshti-krishtlindja\/#primaryimage","url":"https:\/\/lh3.googleusercontent.com\/-ynfhX7QAqOE\/UNxIdrDACOI\/AAAAAAAABqw\/_orffZYP758\/s576\/483205_524504704241034_20415884_n.jpg","contentUrl":"https:\/\/lh3.googleusercontent.com\/-ynfhX7QAqOE\/UNxIdrDACOI\/AAAAAAAABqw\/_orffZYP758\/s576\/483205_524504704241034_20415884_n.jpg"},{"@type":"BreadcrumbList","@id":"https:\/\/orthodoxalbania.org\/2020\/2013\/03\/21\/vlore-festohet-me-madheshti-krishtlindja\/#breadcrumb","itemListElement":[{"@type":"ListItem","position":1,"name":"Home","item":"https:\/\/orthodoxalbania.org\/2020\/"},{"@type":"ListItem","position":2,"name":"Vlor\u00eb, festohet me madh\u00ebshti Krishtlindja. (25 Dhjetor 2012)"}]},{"@type":"WebSite","@id":"https:\/\/orthodoxalbania.org\/2020\/#website","url":"https:\/\/orthodoxalbania.org\/2020\/","name":"Kisha Orthodh\u03bfkse Autoqefale e Shqip\u00ebris\u00eb","description":"Fqja Zyrtare e Kish\u00ebs Orthodhokse Autoqefale e Shqip\u00ebris\u00eb me lajmet edhe informacionet zyrtare p\u00ebr struktur\u00ebn edhe veprimtarin e saj.","publisher":{"@id":"https:\/\/orthodoxalbania.org\/2020\/#organization"},"potentialAction":[{"@type":"SearchAction","target":{"@type":"EntryPoint","urlTemplate":"https:\/\/orthodoxalbania.org\/2020\/?s={search_term_string}"},"query-input":{"@type":"PropertyValueSpecification","valueRequired":true,"valueName":"search_term_string"}}],"inLanguage":"en-US"},{"@type":"Organization","@id":"https:\/\/orthodoxalbania.org\/2020\/#organization","name":"Kisha Orthodhokse Autoqefale e Shqip\u00ebris\u00eb","url":"https:\/\/orthodoxalbania.org\/2020\/","logo":{"@type":"ImageObject","inLanguage":"en-US","@id":"https:\/\/orthodoxalbania.org\/2020\/#\/schema\/logo\/image\/","url":"https:\/\/orthodoxalbania.org\/2020\/wp-content\/uploads\/2020\/05\/albania.jpeg","contentUrl":"https:\/\/orthodoxalbania.org\/2020\/wp-content\/uploads\/2020\/05\/albania.jpeg","width":540,"height":540,"caption":"Kisha Orthodhokse Autoqefale e Shqip\u00ebris\u00eb"},"image":{"@id":"https:\/\/orthodoxalbania.org\/2020\/#\/schema\/logo\/image\/"},"sameAs":["https:\/\/www.facebook.com\/koash1991"]},{"@type":"Person","@id":"https:\/\/orthodoxalbania.org\/2020\/#\/schema\/person\/0c387634a7063ac612d7ed9ce71c7e86","name":"Kisha Orthodhokse","image":{"@type":"ImageObject","inLanguage":"en-US","@id":"https:\/\/secure.gravatar.com\/avatar\/596e7c417251e30f2fbb9c00e026fce61a695a00e51c889caded71c96cbbdde5?s=96&d=mm&r=g","url":"https:\/\/secure.gravatar.com\/avatar\/596e7c417251e30f2fbb9c00e026fce61a695a00e51c889caded71c96cbbdde5?s=96&d=mm&r=g","contentUrl":"https:\/\/secure.gravatar.com\/avatar\/596e7c417251e30f2fbb9c00e026fce61a695a00e51c889caded71c96cbbdde5?s=96&d=mm&r=g","caption":"Kisha Orthodhokse"}}]}},"_links":{"self":[{"href":"https:\/\/orthodoxalbania.org\/2020\/wp-json\/wp\/v2\/posts\/1543","targetHints":{"allow":["GET"]}}],"collection":[{"href":"https:\/\/orthodoxalbania.org\/2020\/wp-json\/wp\/v2\/posts"}],"about":[{"href":"https:\/\/orthodoxalbania.org\/2020\/wp-json\/wp\/v2\/types\/post"}],"author":[{"embeddable":true,"href":"https:\/\/orthodoxalbania.org\/2020\/wp-json\/wp\/v2\/users\/1"}],"replies":[{"embeddable":true,"href":"https:\/\/orthodoxalbania.org\/2020\/wp-json\/wp\/v2\/comments?post=1543"}],"version-history":[{"count":1,"href":"https:\/\/orthodoxalbania.org\/2020\/wp-json\/wp\/v2\/posts\/1543\/revisions"}],"predecessor-version":[{"id":15268,"href":"https:\/\/orthodoxalbania.org\/2020\/wp-json\/wp\/v2\/posts\/1543\/revisions\/15268"}],"wp:attachment":[{"href":"https:\/\/orthodoxalbania.org\/2020\/wp-json\/wp\/v2\/media?parent=1543"}],"wp:term":[{"taxonomy":"category","embeddable":true,"href":"https:\/\/orthodoxalbania.org\/2020\/wp-json\/wp\/v2\/categories?post=1543"},{"taxonomy":"post_tag","embeddable":true,"href":"https:\/\/orthodoxalbania.org\/2020\/wp-json\/wp\/v2\/tags?post=1543"}],"curies":[{"name":"wp","href":"https:\/\/api.w.org\/{rel}","templated":true}]}}