{"id":1542,"date":"2013-03-21T12:29:21","date_gmt":"2013-03-21T12:29:21","guid":{"rendered":""},"modified":"2020-04-06T22:05:55","modified_gmt":"2020-04-06T20:05:55","slug":"vlore-celebrohet-sherbesa-e-dhoksologjise-se-flamurit","status":"publish","type":"post","link":"https:\/\/orthodoxalbania.org\/2020\/2013\/03\/21\/vlore-celebrohet-sherbesa-e-dhoksologjise-se-flamurit\/","title":{"rendered":"Vlor\u00eb, celebrohet sh\u00ebrbesa e Dhoksologjis\u00eb s\u00eb Flamurit. (25 N\u00ebntor 2012)"},"content":{"rendered":"<div style=\"text-align: justify;\">\n\t<span style=\"color:#000000;\"><span style=\"font-size: 12px;\"><span style=\"font-family: tahoma,geneva,sans-serif;\"><img class=\"lazyload\" decoding=\"async\" src=\"data:image\/gif;base64,R0lGODlhAQABAAAAACH5BAEKAAEALAAAAAABAAEAAAICTAEAOw==\" data-orig-src=\"https:\/\/lh6.googleusercontent.com\/-tl7UkpbOc3U\/ULSI3k2jSGI\/AAAAAAAABPA\/8bsx64iJ8ss\/s640\/546899_511255495565955_1242358945_n.jpg\" style=\"width: 200px; height: 200px; border-width: 1px; border-style: solid; margin: 10px; float: left;\" \/>&nbsp;&nbsp;&nbsp; M\u00eb dat\u00ebn 25 N\u00ebntor t\u00eb diel\u00ebn e 13-t\u00eb Llukait Kisha jon\u00eb kremtoi D\u00ebshmoren e Madhe Ekaterina. P\u00ebr t\u00eb festuar me besimtar\u00ebt e Vlor\u00ebs erdhi edhe Mitropoliti i Beratit,Vlor\u00ebs dhe Kanin\u00ebs, Imzot Ignati. Pas sh\u00ebrbes\u00ebs s\u00eb M\u00ebngjezores u celebrua&nbsp; Liturgjia Hyjnore e cila u drejtua nga Mitropoliti i ndihmuar nga at\u00eb Kostandin Prifti dhe dhjakon Anastas Vrapi. N\u00eb predikim e dit\u00ebs Mitropoliti ju foli besimtar\u00ebve p\u00ebr jet\u00ebn e D\u00ebshmores Ekaterina. N\u00eb fund Ai ju drejtua besimtar\u00ebve me fjal\u00ebt:- \u201dV\u00ebllez\u00ebrit e mi t\u00eb dashur m\u00eb Krishtin! N\u00eb epok\u00ebn e nj\u00eb idhujtarie t\u00eb re, si epoka jon\u00eb, ku njer\u00ebzit adhurojn\u00eb idhujt bashk\u00ebkohor dhe admirojn\u00eb njer\u00ebz t\u00eb vegj\u00ebl, n\u00eb nj\u00eb epok\u00eb t\u00eb till\u00eb kemi ve\u00e7an\u00ebrisht nevoj\u00eb p\u00ebr flak\u00ebn e bes\u00ebs dhe dashuris\u00eb ndaj Krishtit. Kjo flak\u00eb flak\u00ebroi zemr\u00ebn e Sh\u00ebn Ekaterin\u00ebs. Le ti lutemi Per\u00ebndis\u00eb q\u00eb t\u00eb b\u00ebj\u00eb mrekullin\u00eb e Tij. T\u00eb ndez\u00eb zemrat tona me flak\u00ebn e dashuris\u00eb hyjnore.<\/span><\/span><\/span><\/div>\n<div style=\"text-align: justify;\">\n\t<br \/>\n\t<span style=\"color:#000000;\"><span style=\"font-size: 12px;\"><span style=\"font-family: tahoma,geneva,sans-serif;\">&nbsp;&nbsp;&nbsp; Ve\u00e7an\u00ebrisht t\u00eb ndez\u00eb zemrat e t\u00eb rinjve tan\u00eb. T\u00eb vijn\u00eb shenjtor\u00eb t\u00eb rinj, shenjtor\u00eb bashk\u00ebkohor\u00eb, n\u00eb m\u00ebnyr\u00eb q\u00eb dhe n\u00eb epok\u00ebn ton\u00eb t\u00eb lavd\u00ebrohet emri i Per\u00ebndis\u00eb.\u201d Jemi n\u00eb atmosfer\u00ebn e g\u00ebzueshme t\u00eb festimit t\u00eb p\u00ebrvjetorit t\u00eb 100 t\u00eb shpalljes s\u00eb Pavarsis\u00eb dhe Ngritjes s\u00eb Flamurit nga Ismail Qemal Bej Vlora. Kisha Orthodhokse ka nj\u00eb sh\u00ebrbes\u00eb t\u00eb ve\u00e7ant\u00eb e cila i dedikohet flamurit komb\u00ebtar, Dhoksologjin\u00eb e Flamurit dhe q\u00eb kryhet n\u00eb t\u00eb gjitha kishat tona. Pas Liturgjis\u00eb Hyjnore, n\u00eb prani t\u00eb p\u00ebrfaq\u00ebsuesve t\u00eb komuniteteve fetare, t\u00eb pushtetit lokal, partive politike, intelektual\u00ebve dhe shum\u00eb besimtar\u00ebve u celebrua Sh\u00ebrbesa e Dhoksologjis\u00eb s\u00eb Flamurit. Sh\u00ebrbesa u drejtua nga Imzot Ignati me pjes\u00ebmarrjen e klerik\u00ebve t\u00eb Z\u00ebvend\u00ebsis\u00eb at\u00eb Kostandin Prifti, at\u00eb Ilia Qirjo, at\u00eb Sotiraq Prifti, at\u00eb Dhimit\u00ebr Kushi,&nbsp; at\u00eb Luka Gjergji, at\u00eb Spiro Bulika dhe dhjakon Anastas Vrapi. N\u00eb p\u00ebrfundim t\u00eb sh\u00ebrbes\u00ebs t\u00eb pranishmit i p\u00ebrsh\u00ebndeti at\u00eb Kostandin Prifti. Emocion t\u00eb ve\u00e7ant\u00eb p\u00ebrcolli tek t\u00eb pranishmit improvizimi i ngritjes s\u00eb flamurit nga f\u00ebmij\u00ebt e kop\u00ebshtit t\u00eb Kish\u00ebs. Ata k\u00ebnduan himnin e flamurit dhe disa k\u00ebng\u00eb patriotike. Me veshjet e tyre karakteristike, me z\u00ebrin e tyre \u00ebngj\u00ebllor dhe m\u00ebnyr\u00ebn e interpretimit, b\u00ebn\u00eb q\u00eb pjes\u00ebmarr\u00ebsit ti duartrokisnin e ti p\u00ebrqafonin.<\/span><\/span><\/span><\/div>\n<div style=\"text-align: justify;\">\n\t<br \/>\n\t<span style=\"color:#000000;\"><span style=\"font-size: 12px;\"><span style=\"font-family: tahoma,geneva,sans-serif;\">&nbsp;&nbsp;&nbsp; P\u00ebr t\u00eb pranishmit u shtrua nj\u00eb koktejl gjat\u00eb t\u00eb cilit pjes\u00ebmar\u00ebsve ju uroi mir\u00ebseardhjen Imzot Ignati. Shum\u00eb nga t\u00eb ftuarit e kishin p\u00ebr her\u00eb t\u00eb par\u00eb q\u00eb asistonin n\u00eb nj\u00eb sh\u00ebrbes\u00eb t\u00eb till\u00eb, madje as nuk e dinin q\u00eb kjo ekzistonte, por n\u00eb p\u00ebrfundim ata falenderuan Mitropolitin dhe ishin t\u00eb g\u00ebzuar q\u00eb kisha orthodhokse ka sh\u00ebrbes\u00eb p\u00ebr Flamurin Komb\u00ebtar.<\/span><\/span><\/span><\/div>\n<div style=\"text-align: justify;\">\n\t&nbsp;<\/div>\n<div style=\"text-align: right;\">\n\t<span style=\"color:#000000;\"><span style=\"font-size: 12px;\"><span style=\"font-family: tahoma,geneva,sans-serif;\"><strong>At\u00eb Spiro Bulika<\/p>\n<p>\t<\/strong><\/span><\/span><\/span><\/div>\n<div style=\"text-align: justify;\">\n\t<span style=\"color:#000000;\"><span style=\"font-size: 12px;\"><span style=\"font-family: tahoma,geneva,sans-serif;\"><img class=\"lazyload\" decoding=\"async\" src=\"data:image\/gif;base64,R0lGODlhAQABAAAAACH5BAEKAAEALAAAAAABAAEAAAICTAEAOw==\" data-orig-src=\"https:\/\/lh5.googleusercontent.com\/-Iv8iZNGzJsg\/ULSIySSLoRI\/AAAAAAAABOo\/L3Tl3_Dlxek\/s512\/255164_511248462233325_1093627035_n.jpg\" style=\"width: 600px; height: 901px; border-width: 1px; border-style: solid; margin: 10px; float: left;\" \/><\/span><\/span><\/span><\/div>\n<div style=\"text-align: justify;\">\n\t<span style=\"color:#000000;\"><span style=\"font-size: 12px;\"><span style=\"font-family: tahoma,geneva,sans-serif;\"><img class=\"lazyload\" decoding=\"async\" src=\"data:image\/gif;base64,R0lGODlhAQABAAAAACH5BAEKAAEALAAAAAABAAEAAAICTAEAOw==\" data-orig-src=\"https:\/\/lh4.googleusercontent.com\/-ovNTJ1V2lhc\/ULSIyf-euRI\/AAAAAAAABOk\/IzRsaykPf-I\/s640\/73246_511252725566232_728714713_n.jpg\" style=\"width: 600px; height: 400px; border-width: 1px; border-style: solid; margin: 10px; float: left;\" \/><\/span><\/span><\/span><\/div>\n<div style=\"text-align: justify;\">\n\t<span style=\"color:#000000;\"><span style=\"font-size: 12px;\"><span style=\"font-family: tahoma,geneva,sans-serif;\"><img class=\"lazyload\" decoding=\"async\" src=\"data:image\/gif;base64,R0lGODlhAQABAAAAACH5BAEKAAEALAAAAAABAAEAAAICTAEAOw==\" data-orig-src=\"https:\/\/lh6.googleusercontent.com\/-j8rVEAM0GvY\/ULSIyMZdBzI\/AAAAAAAABOg\/hYQ_8k1ZSD4\/s640\/378884_511268038898034_1331127976_n.jpg\" style=\"width: 600px; height: 400px; border-width: 1px; border-style: solid; margin: 10px; float: left;\" \/><\/span><\/span><\/span><\/div>\n<div style=\"text-align: justify;\">\n\t<span style=\"color:#000000;\"><span style=\"font-size: 12px;\"><span style=\"font-family: tahoma,geneva,sans-serif;\"><img class=\"lazyload\" decoding=\"async\" src=\"data:image\/gif;base64,R0lGODlhAQABAAAAACH5BAEKAAEALAAAAAABAAEAAAICTAEAOw==\" data-orig-src=\"https:\/\/lh6.googleusercontent.com\/-3j32CQdhaHc\/ULSI21NiFrI\/AAAAAAAABO4\/wwagL99PQo0\/s640\/423099_511266288898209_301411266_n.jpg\" style=\"width: 600px; height: 400px; border-width: 1px; border-style: solid; margin: 10px; float: left;\" \/><\/span><\/span><\/span><\/p>\n<p>\t&nbsp;<\/p><\/div>\n","protected":false},"excerpt":{"rendered":"<p>&nbsp;&nbsp;&nbsp; M\u00eb dat\u00ebn 25 N\u00ebntor t\u00eb diel\u00ebn e 13-t\u00eb Llukait Kisha jon\u00eb kremtoi D\u00ebshmoren e Madhe Ekaterina. P\u00ebr t\u00eb festuar me besimtar\u00ebt e Vlor\u00ebs erdhi edhe Mitropoliti i Beratit,Vlor\u00ebs dhe Kanin\u00ebs, Imzot Ignati. Pas sh\u00ebrbes\u00ebs s\u00eb M\u00ebngjezores u celebrua&nbsp; Liturgjia Hyjnore e cila u drejtua nga Mitropoliti i ndihmuar nga at\u00eb Kostandin Prifti dhe dhjakon Anastas Vrapi. N\u00eb predikim e dit\u00ebs Mitropoliti ju foli besimtar\u00ebve<\/p>\n","protected":false},"author":1,"featured_media":0,"comment_status":"open","ping_status":"open","sticky":false,"template":"","format":"standard","meta":{"_acf_changed":false,"pagelayer_contact_templates":[],"_pagelayer_content":"","inline_featured_image":false,"fifu_image_url":"","fifu_image_alt":"","footnotes":""},"categories":[108],"tags":[142,157,212,197],"class_list":["post-1542","post","type-post","status-publish","format-standard","hentry","category-lajme","tag-142","tag-kremtime","tag-lajme-d27","tag-berat"],"acf":[],"yoast_head":"<!-- This site is optimized with the Yoast SEO plugin v27.2 - https:\/\/yoast.com\/product\/yoast-seo-wordpress\/ -->\n<title>Vlor\u00eb, celebrohet sh\u00ebrbesa e Dhoksologjis\u00eb s\u00eb Flamurit. (25 N\u00ebntor 2012) - Kisha Orthodh\u03bfkse Autoqefale e Shqip\u00ebris\u00eb<\/title>\n<meta name=\"robots\" content=\"index, follow, max-snippet:-1, max-image-preview:large, max-video-preview:-1\" \/>\n<link rel=\"canonical\" href=\"https:\/\/orthodoxalbania.org\/2020\/2013\/03\/21\/vlore-celebrohet-sherbesa-e-dhoksologjise-se-flamurit\/\" \/>\n<meta property=\"og:locale\" content=\"en_US\" \/>\n<meta property=\"og:type\" content=\"article\" \/>\n<meta property=\"og:title\" content=\"Vlor\u00eb, celebrohet sh\u00ebrbesa e Dhoksologjis\u00eb s\u00eb Flamurit. (25 N\u00ebntor 2012) - Kisha Orthodh\u03bfkse Autoqefale e Shqip\u00ebris\u00eb\" \/>\n<meta property=\"og:description\" content=\"&nbsp;&nbsp;&nbsp; M\u00eb dat\u00ebn 25 N\u00ebntor t\u00eb diel\u00ebn e 13-t\u00eb Llukait Kisha jon\u00eb kremtoi D\u00ebshmoren e Madhe Ekaterina. P\u00ebr t\u00eb festuar me besimtar\u00ebt e Vlor\u00ebs erdhi edhe Mitropoliti i Beratit,Vlor\u00ebs dhe Kanin\u00ebs, Imzot Ignati. Pas sh\u00ebrbes\u00ebs s\u00eb M\u00ebngjezores u celebrua&nbsp; Liturgjia Hyjnore e cila u drejtua nga Mitropoliti i ndihmuar nga at\u00eb Kostandin Prifti dhe dhjakon Anastas Vrapi. N\u00eb predikim e dit\u00ebs Mitropoliti ju foli besimtar\u00ebve\" \/>\n<meta property=\"og:url\" content=\"https:\/\/orthodoxalbania.org\/2020\/2013\/03\/21\/vlore-celebrohet-sherbesa-e-dhoksologjise-se-flamurit\/\" \/>\n<meta property=\"og:site_name\" content=\"Kisha Orthodh\u03bfkse Autoqefale e Shqip\u00ebris\u00eb\" \/>\n<meta property=\"article:publisher\" content=\"https:\/\/www.facebook.com\/koash1991\" \/>\n<meta property=\"article:published_time\" content=\"2013-03-21T12:29:21+00:00\" \/>\n<meta property=\"article:modified_time\" content=\"2020-04-06T20:05:55+00:00\" \/>\n<meta property=\"og:image\" content=\"https:\/\/lh6.googleusercontent.com\/-tl7UkpbOc3U\/ULSI3k2jSGI\/AAAAAAAABPA\/8bsx64iJ8ss\/s640\/546899_511255495565955_1242358945_n.jpg\" \/>\n<meta name=\"author\" content=\"Kisha Orthodhokse\" \/>\n<meta name=\"twitter:card\" content=\"summary_large_image\" \/>\n<meta name=\"twitter:label1\" content=\"Written by\" \/>\n\t<meta name=\"twitter:data1\" content=\"Kisha Orthodhokse\" \/>\n\t<meta name=\"twitter:label2\" content=\"Est. reading time\" \/>\n\t<meta name=\"twitter:data2\" content=\"3 minutes\" \/>\n<script type=\"application\/ld+json\" class=\"yoast-schema-graph\">{\"@context\":\"https:\/\/schema.org\",\"@graph\":[{\"@type\":\"Article\",\"@id\":\"https:\/\/orthodoxalbania.org\/2020\/2013\/03\/21\/vlore-celebrohet-sherbesa-e-dhoksologjise-se-flamurit\/#article\",\"isPartOf\":{\"@id\":\"https:\/\/orthodoxalbania.org\/2020\/2013\/03\/21\/vlore-celebrohet-sherbesa-e-dhoksologjise-se-flamurit\/\"},\"author\":{\"name\":\"Kisha Orthodhokse\",\"@id\":\"https:\/\/orthodoxalbania.org\/2020\/#\/schema\/person\/0c387634a7063ac612d7ed9ce71c7e86\"},\"headline\":\"Vlor\u00eb, celebrohet sh\u00ebrbesa e Dhoksologjis\u00eb s\u00eb Flamurit. (25 N\u00ebntor 2012)\",\"datePublished\":\"2013-03-21T12:29:21+00:00\",\"dateModified\":\"2020-04-06T20:05:55+00:00\",\"mainEntityOfPage\":{\"@id\":\"https:\/\/orthodoxalbania.org\/2020\/2013\/03\/21\/vlore-celebrohet-sherbesa-e-dhoksologjise-se-flamurit\/\"},\"wordCount\":520,\"commentCount\":0,\"publisher\":{\"@id\":\"https:\/\/orthodoxalbania.org\/2020\/#organization\"},\"image\":{\"@id\":\"https:\/\/orthodoxalbania.org\/2020\/2013\/03\/21\/vlore-celebrohet-sherbesa-e-dhoksologjise-se-flamurit\/#primaryimage\"},\"thumbnailUrl\":\"https:\/\/lh6.googleusercontent.com\/-tl7UkpbOc3U\/ULSI3k2jSGI\/AAAAAAAABPA\/8bsx64iJ8ss\/s640\/546899_511255495565955_1242358945_n.jpg\",\"keywords\":[\"2012\",\"Kremtime\",\"lajme\",\"Mitropolia Berat\"],\"articleSection\":[\"Lajme\"],\"inLanguage\":\"en-US\"},{\"@type\":\"WebPage\",\"@id\":\"https:\/\/orthodoxalbania.org\/2020\/2013\/03\/21\/vlore-celebrohet-sherbesa-e-dhoksologjise-se-flamurit\/\",\"url\":\"https:\/\/orthodoxalbania.org\/2020\/2013\/03\/21\/vlore-celebrohet-sherbesa-e-dhoksologjise-se-flamurit\/\",\"name\":\"Vlor\u00eb, celebrohet sh\u00ebrbesa e Dhoksologjis\u00eb s\u00eb Flamurit. (25 N\u00ebntor 2012) - Kisha Orthodh\u03bfkse Autoqefale e Shqip\u00ebris\u00eb\",\"isPartOf\":{\"@id\":\"https:\/\/orthodoxalbania.org\/2020\/#website\"},\"primaryImageOfPage\":{\"@id\":\"https:\/\/orthodoxalbania.org\/2020\/2013\/03\/21\/vlore-celebrohet-sherbesa-e-dhoksologjise-se-flamurit\/#primaryimage\"},\"image\":{\"@id\":\"https:\/\/orthodoxalbania.org\/2020\/2013\/03\/21\/vlore-celebrohet-sherbesa-e-dhoksologjise-se-flamurit\/#primaryimage\"},\"thumbnailUrl\":\"https:\/\/lh6.googleusercontent.com\/-tl7UkpbOc3U\/ULSI3k2jSGI\/AAAAAAAABPA\/8bsx64iJ8ss\/s640\/546899_511255495565955_1242358945_n.jpg\",\"datePublished\":\"2013-03-21T12:29:21+00:00\",\"dateModified\":\"2020-04-06T20:05:55+00:00\",\"breadcrumb\":{\"@id\":\"https:\/\/orthodoxalbania.org\/2020\/2013\/03\/21\/vlore-celebrohet-sherbesa-e-dhoksologjise-se-flamurit\/#breadcrumb\"},\"inLanguage\":\"en-US\",\"potentialAction\":[{\"@type\":\"ReadAction\",\"target\":[\"https:\/\/orthodoxalbania.org\/2020\/2013\/03\/21\/vlore-celebrohet-sherbesa-e-dhoksologjise-se-flamurit\/\"]}]},{\"@type\":\"ImageObject\",\"inLanguage\":\"en-US\",\"@id\":\"https:\/\/orthodoxalbania.org\/2020\/2013\/03\/21\/vlore-celebrohet-sherbesa-e-dhoksologjise-se-flamurit\/#primaryimage\",\"url\":\"https:\/\/lh6.googleusercontent.com\/-tl7UkpbOc3U\/ULSI3k2jSGI\/AAAAAAAABPA\/8bsx64iJ8ss\/s640\/546899_511255495565955_1242358945_n.jpg\",\"contentUrl\":\"https:\/\/lh6.googleusercontent.com\/-tl7UkpbOc3U\/ULSI3k2jSGI\/AAAAAAAABPA\/8bsx64iJ8ss\/s640\/546899_511255495565955_1242358945_n.jpg\"},{\"@type\":\"BreadcrumbList\",\"@id\":\"https:\/\/orthodoxalbania.org\/2020\/2013\/03\/21\/vlore-celebrohet-sherbesa-e-dhoksologjise-se-flamurit\/#breadcrumb\",\"itemListElement\":[{\"@type\":\"ListItem\",\"position\":1,\"name\":\"Home\",\"item\":\"https:\/\/orthodoxalbania.org\/2020\/\"},{\"@type\":\"ListItem\",\"position\":2,\"name\":\"Vlor\u00eb, celebrohet sh\u00ebrbesa e Dhoksologjis\u00eb s\u00eb Flamurit. (25 N\u00ebntor 2012)\"}]},{\"@type\":\"WebSite\",\"@id\":\"https:\/\/orthodoxalbania.org\/2020\/#website\",\"url\":\"https:\/\/orthodoxalbania.org\/2020\/\",\"name\":\"Kisha Orthodh\u03bfkse Autoqefale e Shqip\u00ebris\u00eb\",\"description\":\"Fqja Zyrtare e Kish\u00ebs Orthodhokse Autoqefale e Shqip\u00ebris\u00eb me lajmet edhe informacionet zyrtare p\u00ebr struktur\u00ebn edhe veprimtarin e saj.\",\"publisher\":{\"@id\":\"https:\/\/orthodoxalbania.org\/2020\/#organization\"},\"potentialAction\":[{\"@type\":\"SearchAction\",\"target\":{\"@type\":\"EntryPoint\",\"urlTemplate\":\"https:\/\/orthodoxalbania.org\/2020\/?s={search_term_string}\"},\"query-input\":{\"@type\":\"PropertyValueSpecification\",\"valueRequired\":true,\"valueName\":\"search_term_string\"}}],\"inLanguage\":\"en-US\"},{\"@type\":\"Organization\",\"@id\":\"https:\/\/orthodoxalbania.org\/2020\/#organization\",\"name\":\"Kisha Orthodhokse Autoqefale e Shqip\u00ebris\u00eb\",\"url\":\"https:\/\/orthodoxalbania.org\/2020\/\",\"logo\":{\"@type\":\"ImageObject\",\"inLanguage\":\"en-US\",\"@id\":\"https:\/\/orthodoxalbania.org\/2020\/#\/schema\/logo\/image\/\",\"url\":\"https:\/\/orthodoxalbania.org\/2020\/wp-content\/uploads\/2020\/05\/albania.jpeg\",\"contentUrl\":\"https:\/\/orthodoxalbania.org\/2020\/wp-content\/uploads\/2020\/05\/albania.jpeg\",\"width\":540,\"height\":540,\"caption\":\"Kisha Orthodhokse Autoqefale e Shqip\u00ebris\u00eb\"},\"image\":{\"@id\":\"https:\/\/orthodoxalbania.org\/2020\/#\/schema\/logo\/image\/\"},\"sameAs\":[\"https:\/\/www.facebook.com\/koash1991\"]},{\"@type\":\"Person\",\"@id\":\"https:\/\/orthodoxalbania.org\/2020\/#\/schema\/person\/0c387634a7063ac612d7ed9ce71c7e86\",\"name\":\"Kisha Orthodhokse\",\"image\":{\"@type\":\"ImageObject\",\"inLanguage\":\"en-US\",\"@id\":\"https:\/\/secure.gravatar.com\/avatar\/596e7c417251e30f2fbb9c00e026fce61a695a00e51c889caded71c96cbbdde5?s=96&d=mm&r=g\",\"url\":\"https:\/\/secure.gravatar.com\/avatar\/596e7c417251e30f2fbb9c00e026fce61a695a00e51c889caded71c96cbbdde5?s=96&d=mm&r=g\",\"contentUrl\":\"https:\/\/secure.gravatar.com\/avatar\/596e7c417251e30f2fbb9c00e026fce61a695a00e51c889caded71c96cbbdde5?s=96&d=mm&r=g\",\"caption\":\"Kisha Orthodhokse\"}}]}<\/script>\n<!-- \/ Yoast SEO plugin. -->","yoast_head_json":{"title":"Vlor\u00eb, celebrohet sh\u00ebrbesa e Dhoksologjis\u00eb s\u00eb Flamurit. (25 N\u00ebntor 2012) - Kisha Orthodh\u03bfkse Autoqefale e Shqip\u00ebris\u00eb","robots":{"index":"index","follow":"follow","max-snippet":"max-snippet:-1","max-image-preview":"max-image-preview:large","max-video-preview":"max-video-preview:-1"},"canonical":"https:\/\/orthodoxalbania.org\/2020\/2013\/03\/21\/vlore-celebrohet-sherbesa-e-dhoksologjise-se-flamurit\/","og_locale":"en_US","og_type":"article","og_title":"Vlor\u00eb, celebrohet sh\u00ebrbesa e Dhoksologjis\u00eb s\u00eb Flamurit. (25 N\u00ebntor 2012) - Kisha Orthodh\u03bfkse Autoqefale e Shqip\u00ebris\u00eb","og_description":"&nbsp;&nbsp;&nbsp; M\u00eb dat\u00ebn 25 N\u00ebntor t\u00eb diel\u00ebn e 13-t\u00eb Llukait Kisha jon\u00eb kremtoi D\u00ebshmoren e Madhe Ekaterina. P\u00ebr t\u00eb festuar me besimtar\u00ebt e Vlor\u00ebs erdhi edhe Mitropoliti i Beratit,Vlor\u00ebs dhe Kanin\u00ebs, Imzot Ignati. Pas sh\u00ebrbes\u00ebs s\u00eb M\u00ebngjezores u celebrua&nbsp; Liturgjia Hyjnore e cila u drejtua nga Mitropoliti i ndihmuar nga at\u00eb Kostandin Prifti dhe dhjakon Anastas Vrapi. N\u00eb predikim e dit\u00ebs Mitropoliti ju foli besimtar\u00ebve","og_url":"https:\/\/orthodoxalbania.org\/2020\/2013\/03\/21\/vlore-celebrohet-sherbesa-e-dhoksologjise-se-flamurit\/","og_site_name":"Kisha Orthodh\u03bfkse Autoqefale e Shqip\u00ebris\u00eb","article_publisher":"https:\/\/www.facebook.com\/koash1991","article_published_time":"2013-03-21T12:29:21+00:00","article_modified_time":"2020-04-06T20:05:55+00:00","og_image":[{"url":"https:\/\/lh6.googleusercontent.com\/-tl7UkpbOc3U\/ULSI3k2jSGI\/AAAAAAAABPA\/8bsx64iJ8ss\/s640\/546899_511255495565955_1242358945_n.jpg","type":"","width":"","height":""}],"author":"Kisha Orthodhokse","twitter_card":"summary_large_image","twitter_misc":{"Written by":"Kisha Orthodhokse","Est. reading time":"3 minutes"},"schema":{"@context":"https:\/\/schema.org","@graph":[{"@type":"Article","@id":"https:\/\/orthodoxalbania.org\/2020\/2013\/03\/21\/vlore-celebrohet-sherbesa-e-dhoksologjise-se-flamurit\/#article","isPartOf":{"@id":"https:\/\/orthodoxalbania.org\/2020\/2013\/03\/21\/vlore-celebrohet-sherbesa-e-dhoksologjise-se-flamurit\/"},"author":{"name":"Kisha Orthodhokse","@id":"https:\/\/orthodoxalbania.org\/2020\/#\/schema\/person\/0c387634a7063ac612d7ed9ce71c7e86"},"headline":"Vlor\u00eb, celebrohet sh\u00ebrbesa e Dhoksologjis\u00eb s\u00eb Flamurit. (25 N\u00ebntor 2012)","datePublished":"2013-03-21T12:29:21+00:00","dateModified":"2020-04-06T20:05:55+00:00","mainEntityOfPage":{"@id":"https:\/\/orthodoxalbania.org\/2020\/2013\/03\/21\/vlore-celebrohet-sherbesa-e-dhoksologjise-se-flamurit\/"},"wordCount":520,"commentCount":0,"publisher":{"@id":"https:\/\/orthodoxalbania.org\/2020\/#organization"},"image":{"@id":"https:\/\/orthodoxalbania.org\/2020\/2013\/03\/21\/vlore-celebrohet-sherbesa-e-dhoksologjise-se-flamurit\/#primaryimage"},"thumbnailUrl":"https:\/\/lh6.googleusercontent.com\/-tl7UkpbOc3U\/ULSI3k2jSGI\/AAAAAAAABPA\/8bsx64iJ8ss\/s640\/546899_511255495565955_1242358945_n.jpg","keywords":["2012","Kremtime","lajme","Mitropolia Berat"],"articleSection":["Lajme"],"inLanguage":"en-US"},{"@type":"WebPage","@id":"https:\/\/orthodoxalbania.org\/2020\/2013\/03\/21\/vlore-celebrohet-sherbesa-e-dhoksologjise-se-flamurit\/","url":"https:\/\/orthodoxalbania.org\/2020\/2013\/03\/21\/vlore-celebrohet-sherbesa-e-dhoksologjise-se-flamurit\/","name":"Vlor\u00eb, celebrohet sh\u00ebrbesa e Dhoksologjis\u00eb s\u00eb Flamurit. (25 N\u00ebntor 2012) - Kisha Orthodh\u03bfkse Autoqefale e Shqip\u00ebris\u00eb","isPartOf":{"@id":"https:\/\/orthodoxalbania.org\/2020\/#website"},"primaryImageOfPage":{"@id":"https:\/\/orthodoxalbania.org\/2020\/2013\/03\/21\/vlore-celebrohet-sherbesa-e-dhoksologjise-se-flamurit\/#primaryimage"},"image":{"@id":"https:\/\/orthodoxalbania.org\/2020\/2013\/03\/21\/vlore-celebrohet-sherbesa-e-dhoksologjise-se-flamurit\/#primaryimage"},"thumbnailUrl":"https:\/\/lh6.googleusercontent.com\/-tl7UkpbOc3U\/ULSI3k2jSGI\/AAAAAAAABPA\/8bsx64iJ8ss\/s640\/546899_511255495565955_1242358945_n.jpg","datePublished":"2013-03-21T12:29:21+00:00","dateModified":"2020-04-06T20:05:55+00:00","breadcrumb":{"@id":"https:\/\/orthodoxalbania.org\/2020\/2013\/03\/21\/vlore-celebrohet-sherbesa-e-dhoksologjise-se-flamurit\/#breadcrumb"},"inLanguage":"en-US","potentialAction":[{"@type":"ReadAction","target":["https:\/\/orthodoxalbania.org\/2020\/2013\/03\/21\/vlore-celebrohet-sherbesa-e-dhoksologjise-se-flamurit\/"]}]},{"@type":"ImageObject","inLanguage":"en-US","@id":"https:\/\/orthodoxalbania.org\/2020\/2013\/03\/21\/vlore-celebrohet-sherbesa-e-dhoksologjise-se-flamurit\/#primaryimage","url":"https:\/\/lh6.googleusercontent.com\/-tl7UkpbOc3U\/ULSI3k2jSGI\/AAAAAAAABPA\/8bsx64iJ8ss\/s640\/546899_511255495565955_1242358945_n.jpg","contentUrl":"https:\/\/lh6.googleusercontent.com\/-tl7UkpbOc3U\/ULSI3k2jSGI\/AAAAAAAABPA\/8bsx64iJ8ss\/s640\/546899_511255495565955_1242358945_n.jpg"},{"@type":"BreadcrumbList","@id":"https:\/\/orthodoxalbania.org\/2020\/2013\/03\/21\/vlore-celebrohet-sherbesa-e-dhoksologjise-se-flamurit\/#breadcrumb","itemListElement":[{"@type":"ListItem","position":1,"name":"Home","item":"https:\/\/orthodoxalbania.org\/2020\/"},{"@type":"ListItem","position":2,"name":"Vlor\u00eb, celebrohet sh\u00ebrbesa e Dhoksologjis\u00eb s\u00eb Flamurit. (25 N\u00ebntor 2012)"}]},{"@type":"WebSite","@id":"https:\/\/orthodoxalbania.org\/2020\/#website","url":"https:\/\/orthodoxalbania.org\/2020\/","name":"Kisha Orthodh\u03bfkse Autoqefale e Shqip\u00ebris\u00eb","description":"Fqja Zyrtare e Kish\u00ebs Orthodhokse Autoqefale e Shqip\u00ebris\u00eb me lajmet edhe informacionet zyrtare p\u00ebr struktur\u00ebn edhe veprimtarin e saj.","publisher":{"@id":"https:\/\/orthodoxalbania.org\/2020\/#organization"},"potentialAction":[{"@type":"SearchAction","target":{"@type":"EntryPoint","urlTemplate":"https:\/\/orthodoxalbania.org\/2020\/?s={search_term_string}"},"query-input":{"@type":"PropertyValueSpecification","valueRequired":true,"valueName":"search_term_string"}}],"inLanguage":"en-US"},{"@type":"Organization","@id":"https:\/\/orthodoxalbania.org\/2020\/#organization","name":"Kisha Orthodhokse Autoqefale e Shqip\u00ebris\u00eb","url":"https:\/\/orthodoxalbania.org\/2020\/","logo":{"@type":"ImageObject","inLanguage":"en-US","@id":"https:\/\/orthodoxalbania.org\/2020\/#\/schema\/logo\/image\/","url":"https:\/\/orthodoxalbania.org\/2020\/wp-content\/uploads\/2020\/05\/albania.jpeg","contentUrl":"https:\/\/orthodoxalbania.org\/2020\/wp-content\/uploads\/2020\/05\/albania.jpeg","width":540,"height":540,"caption":"Kisha Orthodhokse Autoqefale e Shqip\u00ebris\u00eb"},"image":{"@id":"https:\/\/orthodoxalbania.org\/2020\/#\/schema\/logo\/image\/"},"sameAs":["https:\/\/www.facebook.com\/koash1991"]},{"@type":"Person","@id":"https:\/\/orthodoxalbania.org\/2020\/#\/schema\/person\/0c387634a7063ac612d7ed9ce71c7e86","name":"Kisha Orthodhokse","image":{"@type":"ImageObject","inLanguage":"en-US","@id":"https:\/\/secure.gravatar.com\/avatar\/596e7c417251e30f2fbb9c00e026fce61a695a00e51c889caded71c96cbbdde5?s=96&d=mm&r=g","url":"https:\/\/secure.gravatar.com\/avatar\/596e7c417251e30f2fbb9c00e026fce61a695a00e51c889caded71c96cbbdde5?s=96&d=mm&r=g","contentUrl":"https:\/\/secure.gravatar.com\/avatar\/596e7c417251e30f2fbb9c00e026fce61a695a00e51c889caded71c96cbbdde5?s=96&d=mm&r=g","caption":"Kisha Orthodhokse"}}]}},"_links":{"self":[{"href":"https:\/\/orthodoxalbania.org\/2020\/wp-json\/wp\/v2\/posts\/1542","targetHints":{"allow":["GET"]}}],"collection":[{"href":"https:\/\/orthodoxalbania.org\/2020\/wp-json\/wp\/v2\/posts"}],"about":[{"href":"https:\/\/orthodoxalbania.org\/2020\/wp-json\/wp\/v2\/types\/post"}],"author":[{"embeddable":true,"href":"https:\/\/orthodoxalbania.org\/2020\/wp-json\/wp\/v2\/users\/1"}],"replies":[{"embeddable":true,"href":"https:\/\/orthodoxalbania.org\/2020\/wp-json\/wp\/v2\/comments?post=1542"}],"version-history":[{"count":1,"href":"https:\/\/orthodoxalbania.org\/2020\/wp-json\/wp\/v2\/posts\/1542\/revisions"}],"predecessor-version":[{"id":15281,"href":"https:\/\/orthodoxalbania.org\/2020\/wp-json\/wp\/v2\/posts\/1542\/revisions\/15281"}],"wp:attachment":[{"href":"https:\/\/orthodoxalbania.org\/2020\/wp-json\/wp\/v2\/media?parent=1542"}],"wp:term":[{"taxonomy":"category","embeddable":true,"href":"https:\/\/orthodoxalbania.org\/2020\/wp-json\/wp\/v2\/categories?post=1542"},{"taxonomy":"post_tag","embeddable":true,"href":"https:\/\/orthodoxalbania.org\/2020\/wp-json\/wp\/v2\/tags?post=1542"}],"curies":[{"name":"wp","href":"https:\/\/api.w.org\/{rel}","templated":true}]}}