{"id":1540,"date":"2013-11-20T11:36:35","date_gmt":"2013-11-20T11:36:35","guid":{"rendered":""},"modified":"2020-04-06T22:05:28","modified_gmt":"2020-04-06T20:05:28","slug":"vjene-filloi-punimet-asambleja-e-9-te-boterore-e-fete-per-paqen","status":"publish","type":"post","link":"https:\/\/orthodoxalbania.org\/2020\/2013\/11\/20\/vjene-filloi-punimet-asambleja-e-9-te-boterore-e-fete-per-paqen\/","title":{"rendered":"Vjen\u00eb \u2013 Filloi punimet Asambleja e 9-t\u00eb Bot\u00ebror\u00eb e \u201cFet\u00eb p\u00ebr paqen\u201d. (20 &#8211; 22 N\u00ebntor 2013)"},"content":{"rendered":"<p style=\"text-align: center;\">\n\t<img class=\"lazyload\" decoding=\"async\" alt=\"\" border=\"0\" height=\"62\" src=\"data:image\/svg+xml,%3Csvg%20xmlns%3D%27http%3A%2F%2Fwww.w3.org%2F2000%2Fsvg%27%20width%3D%2762%27%20height%3D%2762%27%20viewBox%3D%270%200%2062%2062%27%3E%3Crect%20width%3D%2762%27%20height%3D%2762%27%20fill-opacity%3D%220%22%2F%3E%3C%2Fsvg%3E\" data-orig-src=\"https:\/\/orthodoxalbania.org\/2020\/wp-content\/uploads\/2020\/04\/logomini.png\" width=\"62\" \/><\/p>\n<p style=\"text-align: center;\">\n\t<img decoding=\"async\" class=\"lazyload HAa Eha\" height=\"58\" src=\"data:image\/svg+xml,%3Csvg%20xmlns%3D%27http%3A%2F%2Fwww.w3.org%2F2000%2Fsvg%27%20width%3D%2758%27%20height%3D%2758%27%20viewBox%3D%270%200%2058%2058%27%3E%3Crect%20width%3D%2758%27%20height%3D%2758%27%20fill-opacity%3D%220%22%2F%3E%3C%2Fsvg%3E\" data-orig-src=\"https:\/\/lh3.googleusercontent.com\/-0XaSr7tg_9w\/U_NB8PwotlI\/AAAAAAAAA2g\/QXaauIV8bCc\/s577-no\/logo.png\" width=\"58\" \/><\/p>\n<div style=\"text-align: center;\">\n\t<span style=\"font-family:tahoma,geneva,sans-serif;\"><span style=\"font-size: 12px;\"><span style=\"color: rgb(0, 0, 0);\"><strong>Kisha Orthodhokse Autoqefale e Shqip\u00ebris\u00eb<\/p>\n<p>\tZyra e shtypit<\/strong><\/span><\/span><\/span><\/div>\n<div style=\"text-align: center;\">\n\t&nbsp;<\/div>\n<div style=\"text-align: center;\">\n\t<span style=\"font-family:tahoma,geneva,sans-serif;\"><span style=\"font-size: 12px;\"><span style=\"color: rgb(0, 0, 0);\"><strong><span style=\"text-decoration: underline;\">Vjen\u00eb \u2013 Filloi punimet Asambleja e 9-t\u00eb Bot\u00ebror\u00eb e \u201cFet\u00eb p\u00ebr paqen\u201d <\/span><\/strong><\/span><\/span><\/span><\/div>\n<div>\n\t&nbsp;<\/div>\n<div style=\"text-align: center;\">\n\t<span style=\"font-family:tahoma,geneva,sans-serif;\"><span style=\"font-size: 12px;\"><span style=\"color: rgb(0, 0, 0);\"><strong style=\"font-family: tahoma, geneva, sans-serif; line-height: 1.3em;\">Lider\u00ebt fetar\u00eb bot\u00ebror\u00eb \u201cMir\u00ebpresin tjetrin\u201d<\/strong><\/span><\/span><\/span><\/div>\n<div>\n\t&nbsp;<\/div>\n<div align=\"center\">\n\t<span style=\"font-family:tahoma,geneva,sans-serif;\"><span style=\"font-size: 12px;\"><span style=\"color: rgb(0, 0, 0);\"><strong>&#8211; \u201cFet\u00eb p\u00ebr Paqen\u201d \u00ebsht\u00eb organizata m\u00eb e madhe nd\u00ebrfetare e bot\u00ebs, ku marrin pjes\u00eb t\u00eb gjitha komunitetet m\u00eb t\u00eb m\u00ebdha fetare dhe ka si synim promovimin dhe arritjen e paqes &#8211;<\/strong><\/span><\/span><\/span><\/div>\n<p style=\"text-align: center;\">\n\t<span style=\"font-family: tahoma,geneva,sans-serif;\"><span style=\"font-size: 12px;\"><img decoding=\"async\" border=\"0\" class=\"lazyload HAa Eha\" src=\"data:image\/gif;base64,R0lGODlhAQABAAAAACH5BAEKAAEALAAAAAABAAEAAAICTAEAOw==\" data-orig-src=\"https:\/\/lh5.googleusercontent.com\/-vrJu_3w6vMQ\/UoydQkjF7GI\/AAAAAAAAG4I\/2Cinglntqxw\/w701-h189-no\/1474606_10202705306340414_885879031_n.jpg\" style=\"height: 81px; width: 300px; margin: 1px;\" \/><\/span><\/span><\/p>\n<p style=\"text-align: justify;\">\n\t<span style=\"color:#000000;\"><span style=\"font-family: tahoma,geneva,sans-serif;\"><span style=\"font-size: 12px;\">&nbsp;&nbsp;&nbsp; Nga 20-22 n\u00ebntor, n\u00eb Vjen\u00eb, Austri \u00ebsht\u00eb mbledhur Asambleja e 9-t\u00eb bot\u00ebrore e organizat\u00ebs Fet\u00eb p\u00ebr Paqen. Aty marrin pjes\u00eb 600 lider\u00eb fetar\u00eb, n\u00eb p\u00ebrfaq\u00ebsim t\u00eb traditave fetare tradicionale nga \u00e7do rajon i bot\u00ebs, p\u00ebr t\u00eb folur mbi armiq\u00ebsin\u00eb n\u00eb rritje p\u00ebr \u201ctjetrin\u201d n\u00eb t\u00eb gjith\u00eb globin. \u201cFet\u00eb p\u00ebr Paqen\u201d \u00ebsht\u00eb organizata m\u00eb e madhe nd\u00ebrfetare e bot\u00ebs, ku marrin pjes\u00eb t\u00eb gjitha komunitetet m\u00eb t\u00eb m\u00ebdha fetare dhe ka si synim promovimin dhe arritjen e paqes.<\/span><\/span><\/span><\/p>\n<p style=\"text-align: justify;\">\n\t<span style=\"color:#000000;\"><span style=\"font-family: tahoma,geneva,sans-serif;\"><span style=\"font-size: 12px;\">&nbsp;&nbsp;&nbsp; Delegat\u00ebt e Asambles\u00eb vijn\u00eb nga rrjeti i k\u00ebshillave dhe grupeve nd\u00ebrfetare t\u00eb \u201cFet\u00eb p\u00ebr paqen\u201d, n\u00eb 90 vende t\u00eb ndryshme, nga 5 k\u00ebshilla nd\u00ebrajonal\u00eb, rrjetet nd\u00ebrfetare t\u00eb grave dhe t\u00eb t\u00eb rinjve etj. Asambleja p\u00ebrfshin udh\u00ebheq\u00ebs fetar\u00eb t\u00eb Krishter\u00eb, Mysliman\u00eb, Budist\u00eb, Induist\u00eb, Hebrej, Sikh, Shinto, Bahai, Jain, Zoroastrian\u00eb etj.<\/span><\/span><\/span><\/p>\n<p style=\"text-align: justify;\">\n\t<span style=\"color:#000000;\"><span style=\"font-family: tahoma,geneva,sans-serif;\"><span style=\"font-size: 12px;\">&nbsp;&nbsp;&nbsp; N\u00eb deklarat\u00ebn e&nbsp; tij Dr. William Vendley, Sekretar i P\u00ebrgjithsh\u00ebm i \u201cFet\u00eb p\u00ebr Paqen\u201d, theksoi se: \u201cSecila nga fet\u00eb tona t\u00eb ndryshme i b\u00ebn thirrje besimtar\u00ebve t\u00eb \u201cMir\u00ebpresin tjetrin\u201d, t\u00eb ndryshmin. Kjo Asamble \u00ebsht\u00eb nj\u00eb mund\u00ebsi p\u00ebr shum\u00eb komunitete t\u00eb ndryshme fetare q\u00eb t\u00eb punojn\u00eb s\u00eb bashku p\u00ebr t\u00eb trajtuar problemin e rritjes s\u00eb mospranimit ndaj \u201ct\u00eb tjer\u00ebve\u201d, q\u00eb merr form\u00ebn e intoleranc\u00ebs dhe mjaft shpesh edhe t\u00eb dhun\u00ebs.\u201d<\/span><\/span><\/span><\/p>\n<p style=\"text-align: justify;\">\n\t<span style=\"color:#000000;\"><span style=\"font-family: tahoma,geneva,sans-serif;\"><span style=\"font-size: 12px;\">&nbsp;&nbsp;&nbsp; Q\u00eb nga viti 1970, asamblet\u00eb e \u201cFet\u00eb p\u00ebr Paqen\u201d, kan\u00eb trajtuar k\u00ebrc\u00ebnime t\u00eb p\u00ebrbashk\u00ebta kund\u00ebr Paqes dhe p\u00ebr p\u00ebrparimin e bashk\u00ebpunimit nd\u00ebrfetar. Edhe n\u00eb k\u00ebt\u00eb Asamble u k\u00ebrkuan rrug\u00ebt n\u00ebp\u00ebrmjet t\u00eb cilave komunitet fetare do t\u00eb \u201cmir\u00ebpresin tjetrin\u201d, duke punuar p\u00ebr ngritjen e dinjitetit njer\u00ebzor, p\u00ebr nj\u00eb mir\u00ebqenie p\u00ebr t\u00eb gjith\u00eb dhe nj\u00eb nocion m\u00eb t\u00eb fuqish\u00ebm t\u00eb qytetaris\u00eb.<\/span><\/span><\/span><\/p>\n<p style=\"text-align: justify;\">\n\t<span style=\"color:#000000;\"><span style=\"font-family: tahoma,geneva,sans-serif;\"><span style=\"font-size: 12px;\">&nbsp;&nbsp;&nbsp; Kisha Orthodhokse Autoqefale e Shqip\u00ebris\u00eb \u00ebsht\u00eb an\u00ebtare e \u201cFet\u00eb p\u00ebr Paqen\u201d dhe q\u00eb nga asambleja e kaluar, Kryepiskopi Anastas \u00ebsht\u00eb President Nderi i saj. Shprehje e bashk\u00ebpunimit n\u00eb kuadrin e k\u00ebsaj organizate \u00ebsht\u00eb edhe krijimi dhe funksionimi i K\u00ebshillit Nd\u00ebrfetar t\u00eb Shqip\u00ebris\u00eb.<\/span><\/span><\/span><\/p>\n<div>\n\t&nbsp;<\/div>\n<div style=\"text-align: center;\">\n\t<span style=\"color:#000000;\"><span style=\"font-family: tahoma,geneva,sans-serif;\"><span style=\"font-size: 12px;\"><strong>20.11.2013<\/strong><\/span><\/span><\/span><\/div>\n<div style=\"text-align: center;\">\n\t&nbsp;<\/div>\n<div style=\"text-align: center;\">\n\t<span style=\"color:#000000;\"><span style=\"font-family: tahoma,geneva,sans-serif;\"><span style=\"font-size: 12px;\"><strong>Zyra e Shtypit E Kish\u00ebs Orthodhokse Autoqefale t\u00eb Shqip\u00ebris\u00eb<\/strong><\/span><\/span><\/span><\/div>\n<p style=\"text-align: center;\">\n\t<span style=\"font-family: tahoma,geneva,sans-serif;\"><span style=\"font-size: 12px;\"><strong><img decoding=\"async\" class=\"lazyload HAa Eha\" src=\"data:image\/gif;base64,R0lGODlhAQABAAAAACH5BAEKAAEALAAAAAABAAEAAAICTAEAOw==\" data-orig-src=\"https:\/\/lh4.googleusercontent.com\/-fYkbz3-SVTg\/UoydUCXlWZI\/AAAAAAAAG4I\/XbTfVxl34Vc\/w702-h468-no\/1424461_10202705306660422_327920910_n.jpg\" style=\"height: 400px; width: 600px; margin: 10px; border-width: 1px; border-style: solid;\" \/><\/strong><\/span><\/span><\/p>\n","protected":false},"excerpt":{"rendered":"<p>Kisha Orthodhokse Autoqefale e Shqip\u00ebris\u00eb Zyra e shtypit &nbsp; Vjen\u00eb \u2013 Filloi punimet Asambleja e 9-t\u00eb Bot\u00ebror\u00eb e \u201cFet\u00eb p\u00ebr paqen\u201d &nbsp; Lider\u00ebt fetar\u00eb bot\u00ebror\u00eb \u201cMir\u00ebpresin tjetrin\u201d &nbsp; &#8211; \u201cFet\u00eb p\u00ebr Paqen\u201d \u00ebsht\u00eb organizata m\u00eb e madhe nd\u00ebrfetare e bot\u00ebs, ku marrin pjes\u00eb t\u00eb gjitha komunitetet m\u00eb t\u00eb m\u00ebdha fetare dhe ka si synim promovimin dhe arritjen e paqes &#8211; &nbsp;&nbsp;&nbsp; Nga 20-22 n\u00ebntor, n\u00eb<\/p>\n","protected":false},"author":1,"featured_media":1541,"comment_status":"open","ping_status":"open","sticky":false,"template":"","format":"standard","meta":{"_acf_changed":false,"pagelayer_contact_templates":[],"_pagelayer_content":"","inline_featured_image":false,"fifu_image_url":"","fifu_image_alt":"","footnotes":""},"categories":[108],"tags":[141,162,153,196,212],"class_list":["post-1540","post","type-post","status-publish","format-standard","has-post-thumbnail","hentry","category-lajme","tag-141","tag-aktivitete-nderfetare","tag-deklarata-njoftime-zyrtare-d75","tag-tirane","tag-lajme-d27"],"acf":[],"yoast_head":"<!-- This site is optimized with the Yoast SEO plugin v27.2 - https:\/\/yoast.com\/product\/yoast-seo-wordpress\/ -->\n<title>Vjen\u00eb \u2013 Filloi punimet Asambleja e 9-t\u00eb Bot\u00ebror\u00eb e \u201cFet\u00eb p\u00ebr paqen\u201d. (20 - 22 N\u00ebntor 2013) - Kisha Orthodh\u03bfkse Autoqefale e Shqip\u00ebris\u00eb<\/title>\n<meta name=\"robots\" content=\"index, follow, max-snippet:-1, max-image-preview:large, max-video-preview:-1\" \/>\n<link rel=\"canonical\" href=\"https:\/\/orthodoxalbania.org\/2020\/2013\/11\/20\/vjene-filloi-punimet-asambleja-e-9-te-boterore-e-fete-per-paqen\/\" \/>\n<meta property=\"og:locale\" content=\"en_US\" \/>\n<meta property=\"og:type\" content=\"article\" \/>\n<meta property=\"og:title\" content=\"Vjen\u00eb \u2013 Filloi punimet Asambleja e 9-t\u00eb Bot\u00ebror\u00eb e \u201cFet\u00eb p\u00ebr paqen\u201d. (20 - 22 N\u00ebntor 2013) - Kisha Orthodh\u03bfkse Autoqefale e Shqip\u00ebris\u00eb\" \/>\n<meta property=\"og:description\" content=\"Kisha Orthodhokse Autoqefale e Shqip\u00ebris\u00eb Zyra e shtypit &nbsp; Vjen\u00eb \u2013 Filloi punimet Asambleja e 9-t\u00eb Bot\u00ebror\u00eb e \u201cFet\u00eb p\u00ebr paqen\u201d &nbsp; Lider\u00ebt fetar\u00eb bot\u00ebror\u00eb \u201cMir\u00ebpresin tjetrin\u201d &nbsp; &#8211; \u201cFet\u00eb p\u00ebr Paqen\u201d \u00ebsht\u00eb organizata m\u00eb e madhe nd\u00ebrfetare e bot\u00ebs, ku marrin pjes\u00eb t\u00eb gjitha komunitetet m\u00eb t\u00eb m\u00ebdha fetare dhe ka si synim promovimin dhe arritjen e paqes &#8211; &nbsp;&nbsp;&nbsp; Nga 20-22 n\u00ebntor, n\u00eb\" \/>\n<meta property=\"og:url\" content=\"https:\/\/orthodoxalbania.org\/2020\/2013\/11\/20\/vjene-filloi-punimet-asambleja-e-9-te-boterore-e-fete-per-paqen\/\" \/>\n<meta property=\"og:site_name\" content=\"Kisha Orthodh\u03bfkse Autoqefale e Shqip\u00ebris\u00eb\" \/>\n<meta property=\"article:publisher\" content=\"https:\/\/www.facebook.com\/koash1991\" \/>\n<meta property=\"article:published_time\" content=\"2013-11-20T11:36:35+00:00\" \/>\n<meta property=\"article:modified_time\" content=\"2020-04-06T20:05:28+00:00\" \/>\n<meta property=\"og:image\" content=\"https:\/\/orthodoxalbania.org\/2020\/wp-content\/uploads\/2020\/04\/logomini.png\" \/>\n\t<meta property=\"og:image:width\" content=\"150\" \/>\n\t<meta property=\"og:image:height\" content=\"150\" \/>\n\t<meta property=\"og:image:type\" content=\"image\/png\" \/>\n<meta name=\"author\" content=\"Kisha Orthodhokse\" \/>\n<meta name=\"twitter:card\" content=\"summary_large_image\" \/>\n<meta name=\"twitter:label1\" content=\"Written by\" \/>\n\t<meta name=\"twitter:data1\" content=\"Kisha Orthodhokse\" \/>\n\t<meta name=\"twitter:label2\" content=\"Est. reading time\" \/>\n\t<meta name=\"twitter:data2\" content=\"2 minutes\" \/>\n<script type=\"application\/ld+json\" class=\"yoast-schema-graph\">{\"@context\":\"https:\/\/schema.org\",\"@graph\":[{\"@type\":\"Article\",\"@id\":\"https:\/\/orthodoxalbania.org\/2020\/2013\/11\/20\/vjene-filloi-punimet-asambleja-e-9-te-boterore-e-fete-per-paqen\/#article\",\"isPartOf\":{\"@id\":\"https:\/\/orthodoxalbania.org\/2020\/2013\/11\/20\/vjene-filloi-punimet-asambleja-e-9-te-boterore-e-fete-per-paqen\/\"},\"author\":{\"name\":\"Kisha Orthodhokse\",\"@id\":\"https:\/\/orthodoxalbania.org\/2020\/#\/schema\/person\/0c387634a7063ac612d7ed9ce71c7e86\"},\"headline\":\"Vjen\u00eb \u2013 Filloi punimet Asambleja e 9-t\u00eb Bot\u00ebror\u00eb e \u201cFet\u00eb p\u00ebr paqen\u201d. (20 &#8211; 22 N\u00ebntor 2013)\",\"datePublished\":\"2013-11-20T11:36:35+00:00\",\"dateModified\":\"2020-04-06T20:05:28+00:00\",\"mainEntityOfPage\":{\"@id\":\"https:\/\/orthodoxalbania.org\/2020\/2013\/11\/20\/vjene-filloi-punimet-asambleja-e-9-te-boterore-e-fete-per-paqen\/\"},\"wordCount\":474,\"commentCount\":0,\"publisher\":{\"@id\":\"https:\/\/orthodoxalbania.org\/2020\/#organization\"},\"image\":{\"@id\":\"https:\/\/orthodoxalbania.org\/2020\/2013\/11\/20\/vjene-filloi-punimet-asambleja-e-9-te-boterore-e-fete-per-paqen\/#primaryimage\"},\"thumbnailUrl\":\"https:\/\/orthodoxalbania.org\/2020\/wp-content\/uploads\/2020\/04\/logomini.png\",\"keywords\":[\"2013\",\"Aktivitete Nd\u00ebrfetare\",\"Deklarata - Njoftime Zyrtare\",\"Kryepiskopata Tiran\u00eb\",\"lajme\"],\"articleSection\":[\"Lajme\"],\"inLanguage\":\"en-US\"},{\"@type\":\"WebPage\",\"@id\":\"https:\/\/orthodoxalbania.org\/2020\/2013\/11\/20\/vjene-filloi-punimet-asambleja-e-9-te-boterore-e-fete-per-paqen\/\",\"url\":\"https:\/\/orthodoxalbania.org\/2020\/2013\/11\/20\/vjene-filloi-punimet-asambleja-e-9-te-boterore-e-fete-per-paqen\/\",\"name\":\"Vjen\u00eb \u2013 Filloi punimet Asambleja e 9-t\u00eb Bot\u00ebror\u00eb e \u201cFet\u00eb p\u00ebr paqen\u201d. (20 - 22 N\u00ebntor 2013) - Kisha Orthodh\u03bfkse Autoqefale e Shqip\u00ebris\u00eb\",\"isPartOf\":{\"@id\":\"https:\/\/orthodoxalbania.org\/2020\/#website\"},\"primaryImageOfPage\":{\"@id\":\"https:\/\/orthodoxalbania.org\/2020\/2013\/11\/20\/vjene-filloi-punimet-asambleja-e-9-te-boterore-e-fete-per-paqen\/#primaryimage\"},\"image\":{\"@id\":\"https:\/\/orthodoxalbania.org\/2020\/2013\/11\/20\/vjene-filloi-punimet-asambleja-e-9-te-boterore-e-fete-per-paqen\/#primaryimage\"},\"thumbnailUrl\":\"https:\/\/orthodoxalbania.org\/2020\/wp-content\/uploads\/2020\/04\/logomini.png\",\"datePublished\":\"2013-11-20T11:36:35+00:00\",\"dateModified\":\"2020-04-06T20:05:28+00:00\",\"breadcrumb\":{\"@id\":\"https:\/\/orthodoxalbania.org\/2020\/2013\/11\/20\/vjene-filloi-punimet-asambleja-e-9-te-boterore-e-fete-per-paqen\/#breadcrumb\"},\"inLanguage\":\"en-US\",\"potentialAction\":[{\"@type\":\"ReadAction\",\"target\":[\"https:\/\/orthodoxalbania.org\/2020\/2013\/11\/20\/vjene-filloi-punimet-asambleja-e-9-te-boterore-e-fete-per-paqen\/\"]}]},{\"@type\":\"ImageObject\",\"inLanguage\":\"en-US\",\"@id\":\"https:\/\/orthodoxalbania.org\/2020\/2013\/11\/20\/vjene-filloi-punimet-asambleja-e-9-te-boterore-e-fete-per-paqen\/#primaryimage\",\"url\":\"https:\/\/orthodoxalbania.org\/2020\/wp-content\/uploads\/2020\/04\/logomini.png\",\"contentUrl\":\"https:\/\/orthodoxalbania.org\/2020\/wp-content\/uploads\/2020\/04\/logomini.png\",\"width\":150,\"height\":150},{\"@type\":\"BreadcrumbList\",\"@id\":\"https:\/\/orthodoxalbania.org\/2020\/2013\/11\/20\/vjene-filloi-punimet-asambleja-e-9-te-boterore-e-fete-per-paqen\/#breadcrumb\",\"itemListElement\":[{\"@type\":\"ListItem\",\"position\":1,\"name\":\"Home\",\"item\":\"https:\/\/orthodoxalbania.org\/2020\/\"},{\"@type\":\"ListItem\",\"position\":2,\"name\":\"Vjen\u00eb \u2013 Filloi punimet Asambleja e 9-t\u00eb Bot\u00ebror\u00eb e \u201cFet\u00eb p\u00ebr paqen\u201d. (20 &#8211; 22 N\u00ebntor 2013)\"}]},{\"@type\":\"WebSite\",\"@id\":\"https:\/\/orthodoxalbania.org\/2020\/#website\",\"url\":\"https:\/\/orthodoxalbania.org\/2020\/\",\"name\":\"Kisha Orthodh\u03bfkse Autoqefale e Shqip\u00ebris\u00eb\",\"description\":\"Fqja Zyrtare e Kish\u00ebs Orthodhokse Autoqefale e Shqip\u00ebris\u00eb me lajmet edhe informacionet zyrtare p\u00ebr struktur\u00ebn edhe veprimtarin e saj.\",\"publisher\":{\"@id\":\"https:\/\/orthodoxalbania.org\/2020\/#organization\"},\"potentialAction\":[{\"@type\":\"SearchAction\",\"target\":{\"@type\":\"EntryPoint\",\"urlTemplate\":\"https:\/\/orthodoxalbania.org\/2020\/?s={search_term_string}\"},\"query-input\":{\"@type\":\"PropertyValueSpecification\",\"valueRequired\":true,\"valueName\":\"search_term_string\"}}],\"inLanguage\":\"en-US\"},{\"@type\":\"Organization\",\"@id\":\"https:\/\/orthodoxalbania.org\/2020\/#organization\",\"name\":\"Kisha Orthodhokse Autoqefale e Shqip\u00ebris\u00eb\",\"url\":\"https:\/\/orthodoxalbania.org\/2020\/\",\"logo\":{\"@type\":\"ImageObject\",\"inLanguage\":\"en-US\",\"@id\":\"https:\/\/orthodoxalbania.org\/2020\/#\/schema\/logo\/image\/\",\"url\":\"https:\/\/orthodoxalbania.org\/2020\/wp-content\/uploads\/2020\/05\/albania.jpeg\",\"contentUrl\":\"https:\/\/orthodoxalbania.org\/2020\/wp-content\/uploads\/2020\/05\/albania.jpeg\",\"width\":540,\"height\":540,\"caption\":\"Kisha Orthodhokse Autoqefale e Shqip\u00ebris\u00eb\"},\"image\":{\"@id\":\"https:\/\/orthodoxalbania.org\/2020\/#\/schema\/logo\/image\/\"},\"sameAs\":[\"https:\/\/www.facebook.com\/koash1991\"]},{\"@type\":\"Person\",\"@id\":\"https:\/\/orthodoxalbania.org\/2020\/#\/schema\/person\/0c387634a7063ac612d7ed9ce71c7e86\",\"name\":\"Kisha Orthodhokse\",\"image\":{\"@type\":\"ImageObject\",\"inLanguage\":\"en-US\",\"@id\":\"https:\/\/secure.gravatar.com\/avatar\/596e7c417251e30f2fbb9c00e026fce61a695a00e51c889caded71c96cbbdde5?s=96&d=mm&r=g\",\"url\":\"https:\/\/secure.gravatar.com\/avatar\/596e7c417251e30f2fbb9c00e026fce61a695a00e51c889caded71c96cbbdde5?s=96&d=mm&r=g\",\"contentUrl\":\"https:\/\/secure.gravatar.com\/avatar\/596e7c417251e30f2fbb9c00e026fce61a695a00e51c889caded71c96cbbdde5?s=96&d=mm&r=g\",\"caption\":\"Kisha Orthodhokse\"}}]}<\/script>\n<!-- \/ Yoast SEO plugin. -->","yoast_head_json":{"title":"Vjen\u00eb \u2013 Filloi punimet Asambleja e 9-t\u00eb Bot\u00ebror\u00eb e \u201cFet\u00eb p\u00ebr paqen\u201d. (20 - 22 N\u00ebntor 2013) - Kisha Orthodh\u03bfkse Autoqefale e Shqip\u00ebris\u00eb","robots":{"index":"index","follow":"follow","max-snippet":"max-snippet:-1","max-image-preview":"max-image-preview:large","max-video-preview":"max-video-preview:-1"},"canonical":"https:\/\/orthodoxalbania.org\/2020\/2013\/11\/20\/vjene-filloi-punimet-asambleja-e-9-te-boterore-e-fete-per-paqen\/","og_locale":"en_US","og_type":"article","og_title":"Vjen\u00eb \u2013 Filloi punimet Asambleja e 9-t\u00eb Bot\u00ebror\u00eb e \u201cFet\u00eb p\u00ebr paqen\u201d. (20 - 22 N\u00ebntor 2013) - Kisha Orthodh\u03bfkse Autoqefale e Shqip\u00ebris\u00eb","og_description":"Kisha Orthodhokse Autoqefale e Shqip\u00ebris\u00eb Zyra e shtypit &nbsp; Vjen\u00eb \u2013 Filloi punimet Asambleja e 9-t\u00eb Bot\u00ebror\u00eb e \u201cFet\u00eb p\u00ebr paqen\u201d &nbsp; Lider\u00ebt fetar\u00eb bot\u00ebror\u00eb \u201cMir\u00ebpresin tjetrin\u201d &nbsp; &#8211; \u201cFet\u00eb p\u00ebr Paqen\u201d \u00ebsht\u00eb organizata m\u00eb e madhe nd\u00ebrfetare e bot\u00ebs, ku marrin pjes\u00eb t\u00eb gjitha komunitetet m\u00eb t\u00eb m\u00ebdha fetare dhe ka si synim promovimin dhe arritjen e paqes &#8211; &nbsp;&nbsp;&nbsp; Nga 20-22 n\u00ebntor, n\u00eb","og_url":"https:\/\/orthodoxalbania.org\/2020\/2013\/11\/20\/vjene-filloi-punimet-asambleja-e-9-te-boterore-e-fete-per-paqen\/","og_site_name":"Kisha Orthodh\u03bfkse Autoqefale e Shqip\u00ebris\u00eb","article_publisher":"https:\/\/www.facebook.com\/koash1991","article_published_time":"2013-11-20T11:36:35+00:00","article_modified_time":"2020-04-06T20:05:28+00:00","og_image":[{"width":150,"height":150,"url":"https:\/\/orthodoxalbania.org\/2020\/wp-content\/uploads\/2020\/04\/logomini.png","type":"image\/png"}],"author":"Kisha Orthodhokse","twitter_card":"summary_large_image","twitter_misc":{"Written by":"Kisha Orthodhokse","Est. reading time":"2 minutes"},"schema":{"@context":"https:\/\/schema.org","@graph":[{"@type":"Article","@id":"https:\/\/orthodoxalbania.org\/2020\/2013\/11\/20\/vjene-filloi-punimet-asambleja-e-9-te-boterore-e-fete-per-paqen\/#article","isPartOf":{"@id":"https:\/\/orthodoxalbania.org\/2020\/2013\/11\/20\/vjene-filloi-punimet-asambleja-e-9-te-boterore-e-fete-per-paqen\/"},"author":{"name":"Kisha Orthodhokse","@id":"https:\/\/orthodoxalbania.org\/2020\/#\/schema\/person\/0c387634a7063ac612d7ed9ce71c7e86"},"headline":"Vjen\u00eb \u2013 Filloi punimet Asambleja e 9-t\u00eb Bot\u00ebror\u00eb e \u201cFet\u00eb p\u00ebr paqen\u201d. (20 &#8211; 22 N\u00ebntor 2013)","datePublished":"2013-11-20T11:36:35+00:00","dateModified":"2020-04-06T20:05:28+00:00","mainEntityOfPage":{"@id":"https:\/\/orthodoxalbania.org\/2020\/2013\/11\/20\/vjene-filloi-punimet-asambleja-e-9-te-boterore-e-fete-per-paqen\/"},"wordCount":474,"commentCount":0,"publisher":{"@id":"https:\/\/orthodoxalbania.org\/2020\/#organization"},"image":{"@id":"https:\/\/orthodoxalbania.org\/2020\/2013\/11\/20\/vjene-filloi-punimet-asambleja-e-9-te-boterore-e-fete-per-paqen\/#primaryimage"},"thumbnailUrl":"https:\/\/orthodoxalbania.org\/2020\/wp-content\/uploads\/2020\/04\/logomini.png","keywords":["2013","Aktivitete Nd\u00ebrfetare","Deklarata - Njoftime Zyrtare","Kryepiskopata Tiran\u00eb","lajme"],"articleSection":["Lajme"],"inLanguage":"en-US"},{"@type":"WebPage","@id":"https:\/\/orthodoxalbania.org\/2020\/2013\/11\/20\/vjene-filloi-punimet-asambleja-e-9-te-boterore-e-fete-per-paqen\/","url":"https:\/\/orthodoxalbania.org\/2020\/2013\/11\/20\/vjene-filloi-punimet-asambleja-e-9-te-boterore-e-fete-per-paqen\/","name":"Vjen\u00eb \u2013 Filloi punimet Asambleja e 9-t\u00eb Bot\u00ebror\u00eb e \u201cFet\u00eb p\u00ebr paqen\u201d. (20 - 22 N\u00ebntor 2013) - Kisha Orthodh\u03bfkse Autoqefale e Shqip\u00ebris\u00eb","isPartOf":{"@id":"https:\/\/orthodoxalbania.org\/2020\/#website"},"primaryImageOfPage":{"@id":"https:\/\/orthodoxalbania.org\/2020\/2013\/11\/20\/vjene-filloi-punimet-asambleja-e-9-te-boterore-e-fete-per-paqen\/#primaryimage"},"image":{"@id":"https:\/\/orthodoxalbania.org\/2020\/2013\/11\/20\/vjene-filloi-punimet-asambleja-e-9-te-boterore-e-fete-per-paqen\/#primaryimage"},"thumbnailUrl":"https:\/\/orthodoxalbania.org\/2020\/wp-content\/uploads\/2020\/04\/logomini.png","datePublished":"2013-11-20T11:36:35+00:00","dateModified":"2020-04-06T20:05:28+00:00","breadcrumb":{"@id":"https:\/\/orthodoxalbania.org\/2020\/2013\/11\/20\/vjene-filloi-punimet-asambleja-e-9-te-boterore-e-fete-per-paqen\/#breadcrumb"},"inLanguage":"en-US","potentialAction":[{"@type":"ReadAction","target":["https:\/\/orthodoxalbania.org\/2020\/2013\/11\/20\/vjene-filloi-punimet-asambleja-e-9-te-boterore-e-fete-per-paqen\/"]}]},{"@type":"ImageObject","inLanguage":"en-US","@id":"https:\/\/orthodoxalbania.org\/2020\/2013\/11\/20\/vjene-filloi-punimet-asambleja-e-9-te-boterore-e-fete-per-paqen\/#primaryimage","url":"https:\/\/orthodoxalbania.org\/2020\/wp-content\/uploads\/2020\/04\/logomini.png","contentUrl":"https:\/\/orthodoxalbania.org\/2020\/wp-content\/uploads\/2020\/04\/logomini.png","width":150,"height":150},{"@type":"BreadcrumbList","@id":"https:\/\/orthodoxalbania.org\/2020\/2013\/11\/20\/vjene-filloi-punimet-asambleja-e-9-te-boterore-e-fete-per-paqen\/#breadcrumb","itemListElement":[{"@type":"ListItem","position":1,"name":"Home","item":"https:\/\/orthodoxalbania.org\/2020\/"},{"@type":"ListItem","position":2,"name":"Vjen\u00eb \u2013 Filloi punimet Asambleja e 9-t\u00eb Bot\u00ebror\u00eb e \u201cFet\u00eb p\u00ebr paqen\u201d. (20 &#8211; 22 N\u00ebntor 2013)"}]},{"@type":"WebSite","@id":"https:\/\/orthodoxalbania.org\/2020\/#website","url":"https:\/\/orthodoxalbania.org\/2020\/","name":"Kisha Orthodh\u03bfkse Autoqefale e Shqip\u00ebris\u00eb","description":"Fqja Zyrtare e Kish\u00ebs Orthodhokse Autoqefale e Shqip\u00ebris\u00eb me lajmet edhe informacionet zyrtare p\u00ebr struktur\u00ebn edhe veprimtarin e saj.","publisher":{"@id":"https:\/\/orthodoxalbania.org\/2020\/#organization"},"potentialAction":[{"@type":"SearchAction","target":{"@type":"EntryPoint","urlTemplate":"https:\/\/orthodoxalbania.org\/2020\/?s={search_term_string}"},"query-input":{"@type":"PropertyValueSpecification","valueRequired":true,"valueName":"search_term_string"}}],"inLanguage":"en-US"},{"@type":"Organization","@id":"https:\/\/orthodoxalbania.org\/2020\/#organization","name":"Kisha Orthodhokse Autoqefale e Shqip\u00ebris\u00eb","url":"https:\/\/orthodoxalbania.org\/2020\/","logo":{"@type":"ImageObject","inLanguage":"en-US","@id":"https:\/\/orthodoxalbania.org\/2020\/#\/schema\/logo\/image\/","url":"https:\/\/orthodoxalbania.org\/2020\/wp-content\/uploads\/2020\/05\/albania.jpeg","contentUrl":"https:\/\/orthodoxalbania.org\/2020\/wp-content\/uploads\/2020\/05\/albania.jpeg","width":540,"height":540,"caption":"Kisha Orthodhokse Autoqefale e Shqip\u00ebris\u00eb"},"image":{"@id":"https:\/\/orthodoxalbania.org\/2020\/#\/schema\/logo\/image\/"},"sameAs":["https:\/\/www.facebook.com\/koash1991"]},{"@type":"Person","@id":"https:\/\/orthodoxalbania.org\/2020\/#\/schema\/person\/0c387634a7063ac612d7ed9ce71c7e86","name":"Kisha Orthodhokse","image":{"@type":"ImageObject","inLanguage":"en-US","@id":"https:\/\/secure.gravatar.com\/avatar\/596e7c417251e30f2fbb9c00e026fce61a695a00e51c889caded71c96cbbdde5?s=96&d=mm&r=g","url":"https:\/\/secure.gravatar.com\/avatar\/596e7c417251e30f2fbb9c00e026fce61a695a00e51c889caded71c96cbbdde5?s=96&d=mm&r=g","contentUrl":"https:\/\/secure.gravatar.com\/avatar\/596e7c417251e30f2fbb9c00e026fce61a695a00e51c889caded71c96cbbdde5?s=96&d=mm&r=g","caption":"Kisha Orthodhokse"}}]}},"_links":{"self":[{"href":"https:\/\/orthodoxalbania.org\/2020\/wp-json\/wp\/v2\/posts\/1540","targetHints":{"allow":["GET"]}}],"collection":[{"href":"https:\/\/orthodoxalbania.org\/2020\/wp-json\/wp\/v2\/posts"}],"about":[{"href":"https:\/\/orthodoxalbania.org\/2020\/wp-json\/wp\/v2\/types\/post"}],"author":[{"embeddable":true,"href":"https:\/\/orthodoxalbania.org\/2020\/wp-json\/wp\/v2\/users\/1"}],"replies":[{"embeddable":true,"href":"https:\/\/orthodoxalbania.org\/2020\/wp-json\/wp\/v2\/comments?post=1540"}],"version-history":[{"count":1,"href":"https:\/\/orthodoxalbania.org\/2020\/wp-json\/wp\/v2\/posts\/1540\/revisions"}],"predecessor-version":[{"id":15155,"href":"https:\/\/orthodoxalbania.org\/2020\/wp-json\/wp\/v2\/posts\/1540\/revisions\/15155"}],"wp:featuredmedia":[{"embeddable":true,"href":"https:\/\/orthodoxalbania.org\/2020\/wp-json\/wp\/v2\/media\/1541"}],"wp:attachment":[{"href":"https:\/\/orthodoxalbania.org\/2020\/wp-json\/wp\/v2\/media?parent=1540"}],"wp:term":[{"taxonomy":"category","embeddable":true,"href":"https:\/\/orthodoxalbania.org\/2020\/wp-json\/wp\/v2\/categories?post=1540"},{"taxonomy":"post_tag","embeddable":true,"href":"https:\/\/orthodoxalbania.org\/2020\/wp-json\/wp\/v2\/tags?post=1540"}],"curies":[{"name":"wp","href":"https:\/\/api.w.org\/{rel}","templated":true}]}}