{"id":154,"date":"2013-03-21T12:07:59","date_gmt":"2013-03-21T12:07:59","guid":{"rendered":""},"modified":"2020-04-06T22:06:02","modified_gmt":"2020-04-06T20:06:02","slug":"darke-per-punonjesit-qe-ngriten-katedralen","status":"publish","type":"post","link":"https:\/\/orthodoxalbania.org\/2020\/2013\/03\/21\/darke-per-punonjesit-qe-ngriten-katedralen\/","title":{"rendered":"Darke p\u00ebr punonj\u00ebsit q\u00eb ngrit\u00ebn katedralen. (2 korrik 2012)"},"content":{"rendered":"<p><span style=\"font-family: helvetica;\"><img class=\"lazyload\" decoding=\"async\" style=\"text-align: justify; border-width: 1px; border-style: solid; margin: 10px; float: left; width: 300px; height: 225px;\" alt=\"\" src=\"data:image\/gif;base64,R0lGODlhAQABAAAAACH5BAEKAAEALAAAAAABAAEAAAICTAEAOw==\" data-orig-src=\"https:\/\/lh6.googleusercontent.com\/-IWt0_59H2qk\/T_MaoiDAKbI\/AAAAAAAAAhM\/oMzLn5qtODE\/s720\/P7020184.JPG\" \/><\/span><\/p>\n<div style=\"text-align: center;\"><span style=\"color: #b22222; font-family: helvetica; font-size: 12pt;\"><strong><em>Nderim p\u00ebr ata q\u00eb derdh\u00ebn djers\u00ebn dhe talentin&nbsp;p\u00ebr nj\u00eb vep\u00ebr q\u00eb zbukuron kryeqytetin.<\/em><\/strong><\/span><\/div>\n<div style=\"text-align: justify;\">\n<p><span style=\"font-family: helvetica; font-size: 12pt;\"> <span style=\"color: #000000;\">&nbsp;&nbsp; T\u00eb h\u00ebn\u00ebn, 2 korrik, n\u00eb mjediset e qendr\u00ebs \u201cThavor\u201d, Kryepiskopi Anastas shtroi nj\u00eb dark\u00eb p\u00ebr t\u00eb nderuar dhe fal\u00ebnderuar t\u00eb gjith\u00eb ata q\u00eb punuan p\u00ebr nd\u00ebrtimin e Katedrales \u201cNgjallja e Krishtit\u201d.<\/span><\/span><\/div>\n<div style=\"text-align: justify;\"><span style=\"font-family: helvetica; font-size: 12pt;\"><span style=\"color: #000000;\">&nbsp; &nbsp;&nbsp;<br \/> &nbsp; &nbsp; Ishin t\u00eb ftuar t\u00eb gjith\u00eb punonj\u00ebsit qe kontribuuan ne k\u00ebt\u00eb vep\u00ebr madh\u00ebshtore, rreth 90 vet\u00eb, qe nga inxhinieret e arkitekt\u00ebt, teknik\u00ebt e nd\u00ebrtimit, t\u00eb instalimeve, t\u00eb punimeve n\u00eb mermer a dru e deri te pun\u00ebtoret e thjesht\u00eb hekurkthyes apo murator\u00eb.<\/span><\/span><\/div>\n<div style=\"text-align: justify;\"><span style=\"font-family: helvetica; font-size: 12pt;\"> <span style=\"color: #000000;\">&nbsp; &nbsp; Kryepiskopi Anastas i fal\u00ebnderoi t\u00eb gjith\u00eb ngroht\u00ebsisht p\u00ebr kontributin e madh q\u00eb dhan\u00eb n\u00eb ngritjen e nj\u00eb vepre kaq t\u00eb madhe e t\u00eb v\u00ebshtir\u00eb, por edhe madh\u00ebshtore, e cila i takon jo vet\u00ebm ortodoks\u00ebve, por gjith\u00eb vendit dhe e ka hijeshuar kryeqytetin.<\/span><\/span><\/div>\n<div style=\"text-align: justify;\"><span style=\"font-family: helvetica; font-size: 12pt;\"> <span style=\"color: #000000;\">&nbsp; &nbsp; Edhe shum\u00eb nga ata q\u00eb punuan p\u00ebr Katedralen mor\u00ebn fjal\u00ebn p\u00ebr t\u00eb fal\u00ebnderuar Kryepiskopin Anastas p\u00ebr mund\u00ebsin\u00eb q\u00eb iu dha p\u00ebr t\u00eb punuar, por edhe p\u00ebr t\u00eb kontribuuar n\u00eb nj\u00eb vep\u00ebr kaq t\u00eb r\u00ebnd\u00ebsishme. Madje, p\u00ebr mjaft prej tyre kjo ishte nj\u00eb shkoll\u00eb e v\u00ebrtet\u00eb, ku m\u00ebsuan teknika e teknologji bashk\u00ebkohore.<\/span><\/span><\/div>\n<div style=\"text-align: justify;\"><span style=\"font-family: helvetica; font-size: 12pt;\"> <span style=\"color: #000000;\">&nbsp; &nbsp; N\u00eb fund t\u00eb dark\u00ebs u shfaq edhe filmi dokumentar kushtuar vepr\u00ebs Hierapostolike t\u00eb Fortlumturis\u00eb s\u00eb Tij, Anastasit, jo vet\u00ebm n\u00eb vendin ton\u00eb, por edhe n\u00eb Afrik\u00eb, n\u00eb l\u00ebvizjen ekumenike etj. Pastaj Kryepiskopi i dhuroi secilit broshur\u00ebn me ilustrime nga katedralja e re dhe &nbsp;librin me mesazhet e Pashk\u00ebs \u201cTani t\u00eb gjitha u mbush\u00ebn me drit\u00eb\u201d.<\/span><\/span><\/div>\n<p style=\"text-align: justify;\"><span style=\"font-family: helvetica; font-size: 12pt;\"><\/span><\/p>\n<div style=\"text-align: center;\"><span style=\"font-family: helvetica; font-size: 12pt;\"><img class=\"lazyload\" decoding=\"async\" style=\"border-width: 1px; border-style: solid; margin: 10px; width: 650px; height: 487px;\" alt=\"\" src=\"data:image\/gif;base64,R0lGODlhAQABAAAAACH5BAEKAAEALAAAAAABAAEAAAICTAEAOw==\" data-orig-src=\"https:\/\/lh4.googleusercontent.com\/-Kb8s0jtH7Ho\/T_MbBwEtcYI\/AAAAAAAAAik\/4bOxUvxAvCQ\/s720\/P7020194.JPG\" \/><\/span><\/div>\n","protected":false},"excerpt":{"rendered":"<p>Nderim p\u00ebr ata q\u00eb derdh\u00ebn djers\u00ebn dhe talentin&nbsp;p\u00ebr nj\u00eb vep\u00ebr q\u00eb zbukuron kryeqytetin. &nbsp;&nbsp; T\u00eb h\u00ebn\u00ebn, 2 korrik, n\u00eb mjediset e qendr\u00ebs \u201cThavor\u201d, Kryepiskopi Anastas shtroi nj\u00eb dark\u00eb p\u00ebr t\u00eb nderuar dhe fal\u00ebnderuar t\u00eb gjith\u00eb ata q\u00eb punuan p\u00ebr nd\u00ebrtimin e Katedrales \u201cNgjallja e Krishtit\u201d. &nbsp; &nbsp;&nbsp; &nbsp; &nbsp; Ishin t\u00eb ftuar t\u00eb gjith\u00eb punonj\u00ebsit qe kontribuuan ne k\u00ebt\u00eb vep\u00ebr madh\u00ebshtore, rreth 90 vet\u00eb, qe<\/p>\n","protected":false},"author":1,"featured_media":0,"comment_status":"open","ping_status":"open","sticky":false,"template":"","format":"standard","meta":{"_acf_changed":false,"pagelayer_contact_templates":[],"_pagelayer_content":"","inline_featured_image":false,"fifu_image_url":"","fifu_image_alt":"","footnotes":""},"categories":[108],"tags":[142,196,201,212],"class_list":["post-154","post","type-post","status-publish","format-standard","hentry","category-lajme","tag-142","tag-tirane","tag-kryepiskopi-anastas","tag-lajme-d27"],"acf":[],"yoast_head":"<!-- This site is optimized with the Yoast SEO plugin v27.2 - https:\/\/yoast.com\/product\/yoast-seo-wordpress\/ -->\n<title>Darke p\u00ebr punonj\u00ebsit q\u00eb ngrit\u00ebn katedralen. (2 korrik 2012) - Kisha Orthodh\u03bfkse Autoqefale e Shqip\u00ebris\u00eb<\/title>\n<meta name=\"robots\" content=\"index, follow, max-snippet:-1, max-image-preview:large, max-video-preview:-1\" \/>\n<link rel=\"canonical\" href=\"https:\/\/orthodoxalbania.org\/2020\/2013\/03\/21\/darke-per-punonjesit-qe-ngriten-katedralen\/\" \/>\n<meta property=\"og:locale\" content=\"en_US\" \/>\n<meta property=\"og:type\" content=\"article\" \/>\n<meta property=\"og:title\" content=\"Darke p\u00ebr punonj\u00ebsit q\u00eb ngrit\u00ebn katedralen. (2 korrik 2012) - Kisha Orthodh\u03bfkse Autoqefale e Shqip\u00ebris\u00eb\" \/>\n<meta property=\"og:description\" content=\"Nderim p\u00ebr ata q\u00eb derdh\u00ebn djers\u00ebn dhe talentin&nbsp;p\u00ebr nj\u00eb vep\u00ebr q\u00eb zbukuron kryeqytetin. &nbsp;&nbsp; T\u00eb h\u00ebn\u00ebn, 2 korrik, n\u00eb mjediset e qendr\u00ebs \u201cThavor\u201d, Kryepiskopi Anastas shtroi nj\u00eb dark\u00eb p\u00ebr t\u00eb nderuar dhe fal\u00ebnderuar t\u00eb gjith\u00eb ata q\u00eb punuan p\u00ebr nd\u00ebrtimin e Katedrales \u201cNgjallja e Krishtit\u201d. &nbsp; &nbsp;&nbsp; &nbsp; &nbsp; Ishin t\u00eb ftuar t\u00eb gjith\u00eb punonj\u00ebsit qe kontribuuan ne k\u00ebt\u00eb vep\u00ebr madh\u00ebshtore, rreth 90 vet\u00eb, qe\" \/>\n<meta property=\"og:url\" content=\"https:\/\/orthodoxalbania.org\/2020\/2013\/03\/21\/darke-per-punonjesit-qe-ngriten-katedralen\/\" \/>\n<meta property=\"og:site_name\" content=\"Kisha Orthodh\u03bfkse Autoqefale e Shqip\u00ebris\u00eb\" \/>\n<meta property=\"article:publisher\" content=\"https:\/\/www.facebook.com\/koash1991\" \/>\n<meta property=\"article:published_time\" content=\"2013-03-21T12:07:59+00:00\" \/>\n<meta property=\"article:modified_time\" content=\"2020-04-06T20:06:02+00:00\" \/>\n<meta property=\"og:image\" content=\"https:\/\/lh6.googleusercontent.com\/-IWt0_59H2qk\/T_MaoiDAKbI\/AAAAAAAAAhM\/oMzLn5qtODE\/s720\/P7020184.JPG\" \/>\n<meta name=\"author\" content=\"Kisha Orthodhokse\" \/>\n<meta name=\"twitter:card\" content=\"summary_large_image\" \/>\n<meta name=\"twitter:label1\" content=\"Written by\" \/>\n\t<meta name=\"twitter:data1\" content=\"Kisha Orthodhokse\" \/>\n\t<meta name=\"twitter:label2\" content=\"Est. reading time\" \/>\n\t<meta name=\"twitter:data2\" content=\"1 minute\" \/>\n<script type=\"application\/ld+json\" class=\"yoast-schema-graph\">{\"@context\":\"https:\/\/schema.org\",\"@graph\":[{\"@type\":\"Article\",\"@id\":\"https:\/\/orthodoxalbania.org\/2020\/2013\/03\/21\/darke-per-punonjesit-qe-ngriten-katedralen\/#article\",\"isPartOf\":{\"@id\":\"https:\/\/orthodoxalbania.org\/2020\/2013\/03\/21\/darke-per-punonjesit-qe-ngriten-katedralen\/\"},\"author\":{\"name\":\"Kisha Orthodhokse\",\"@id\":\"https:\/\/orthodoxalbania.org\/2020\/#\/schema\/person\/0c387634a7063ac612d7ed9ce71c7e86\"},\"headline\":\"Darke p\u00ebr punonj\u00ebsit q\u00eb ngrit\u00ebn katedralen. (2 korrik 2012)\",\"datePublished\":\"2013-03-21T12:07:59+00:00\",\"dateModified\":\"2020-04-06T20:06:02+00:00\",\"mainEntityOfPage\":{\"@id\":\"https:\/\/orthodoxalbania.org\/2020\/2013\/03\/21\/darke-per-punonjesit-qe-ngriten-katedralen\/\"},\"wordCount\":306,\"commentCount\":0,\"publisher\":{\"@id\":\"https:\/\/orthodoxalbania.org\/2020\/#organization\"},\"image\":{\"@id\":\"https:\/\/orthodoxalbania.org\/2020\/2013\/03\/21\/darke-per-punonjesit-qe-ngriten-katedralen\/#primaryimage\"},\"thumbnailUrl\":\"https:\/\/lh6.googleusercontent.com\/-IWt0_59H2qk\/T_MaoiDAKbI\/AAAAAAAAAhM\/oMzLn5qtODE\/s720\/P7020184.JPG\",\"keywords\":[\"2012\",\"Kryepiskopata Tiran\u00eb\",\"Kryepiskopi Anastas\",\"lajme\"],\"articleSection\":[\"Lajme\"],\"inLanguage\":\"en-US\"},{\"@type\":\"WebPage\",\"@id\":\"https:\/\/orthodoxalbania.org\/2020\/2013\/03\/21\/darke-per-punonjesit-qe-ngriten-katedralen\/\",\"url\":\"https:\/\/orthodoxalbania.org\/2020\/2013\/03\/21\/darke-per-punonjesit-qe-ngriten-katedralen\/\",\"name\":\"Darke p\u00ebr punonj\u00ebsit q\u00eb ngrit\u00ebn katedralen. (2 korrik 2012) - Kisha Orthodh\u03bfkse Autoqefale e Shqip\u00ebris\u00eb\",\"isPartOf\":{\"@id\":\"https:\/\/orthodoxalbania.org\/2020\/#website\"},\"primaryImageOfPage\":{\"@id\":\"https:\/\/orthodoxalbania.org\/2020\/2013\/03\/21\/darke-per-punonjesit-qe-ngriten-katedralen\/#primaryimage\"},\"image\":{\"@id\":\"https:\/\/orthodoxalbania.org\/2020\/2013\/03\/21\/darke-per-punonjesit-qe-ngriten-katedralen\/#primaryimage\"},\"thumbnailUrl\":\"https:\/\/lh6.googleusercontent.com\/-IWt0_59H2qk\/T_MaoiDAKbI\/AAAAAAAAAhM\/oMzLn5qtODE\/s720\/P7020184.JPG\",\"datePublished\":\"2013-03-21T12:07:59+00:00\",\"dateModified\":\"2020-04-06T20:06:02+00:00\",\"breadcrumb\":{\"@id\":\"https:\/\/orthodoxalbania.org\/2020\/2013\/03\/21\/darke-per-punonjesit-qe-ngriten-katedralen\/#breadcrumb\"},\"inLanguage\":\"en-US\",\"potentialAction\":[{\"@type\":\"ReadAction\",\"target\":[\"https:\/\/orthodoxalbania.org\/2020\/2013\/03\/21\/darke-per-punonjesit-qe-ngriten-katedralen\/\"]}]},{\"@type\":\"ImageObject\",\"inLanguage\":\"en-US\",\"@id\":\"https:\/\/orthodoxalbania.org\/2020\/2013\/03\/21\/darke-per-punonjesit-qe-ngriten-katedralen\/#primaryimage\",\"url\":\"https:\/\/lh6.googleusercontent.com\/-IWt0_59H2qk\/T_MaoiDAKbI\/AAAAAAAAAhM\/oMzLn5qtODE\/s720\/P7020184.JPG\",\"contentUrl\":\"https:\/\/lh6.googleusercontent.com\/-IWt0_59H2qk\/T_MaoiDAKbI\/AAAAAAAAAhM\/oMzLn5qtODE\/s720\/P7020184.JPG\"},{\"@type\":\"BreadcrumbList\",\"@id\":\"https:\/\/orthodoxalbania.org\/2020\/2013\/03\/21\/darke-per-punonjesit-qe-ngriten-katedralen\/#breadcrumb\",\"itemListElement\":[{\"@type\":\"ListItem\",\"position\":1,\"name\":\"Home\",\"item\":\"https:\/\/orthodoxalbania.org\/2020\/\"},{\"@type\":\"ListItem\",\"position\":2,\"name\":\"Darke p\u00ebr punonj\u00ebsit q\u00eb ngrit\u00ebn katedralen. (2 korrik 2012)\"}]},{\"@type\":\"WebSite\",\"@id\":\"https:\/\/orthodoxalbania.org\/2020\/#website\",\"url\":\"https:\/\/orthodoxalbania.org\/2020\/\",\"name\":\"Kisha Orthodh\u03bfkse Autoqefale e Shqip\u00ebris\u00eb\",\"description\":\"Fqja Zyrtare e Kish\u00ebs Orthodhokse Autoqefale e Shqip\u00ebris\u00eb me lajmet edhe informacionet zyrtare p\u00ebr struktur\u00ebn edhe veprimtarin e saj.\",\"publisher\":{\"@id\":\"https:\/\/orthodoxalbania.org\/2020\/#organization\"},\"potentialAction\":[{\"@type\":\"SearchAction\",\"target\":{\"@type\":\"EntryPoint\",\"urlTemplate\":\"https:\/\/orthodoxalbania.org\/2020\/?s={search_term_string}\"},\"query-input\":{\"@type\":\"PropertyValueSpecification\",\"valueRequired\":true,\"valueName\":\"search_term_string\"}}],\"inLanguage\":\"en-US\"},{\"@type\":\"Organization\",\"@id\":\"https:\/\/orthodoxalbania.org\/2020\/#organization\",\"name\":\"Kisha Orthodhokse Autoqefale e Shqip\u00ebris\u00eb\",\"url\":\"https:\/\/orthodoxalbania.org\/2020\/\",\"logo\":{\"@type\":\"ImageObject\",\"inLanguage\":\"en-US\",\"@id\":\"https:\/\/orthodoxalbania.org\/2020\/#\/schema\/logo\/image\/\",\"url\":\"https:\/\/orthodoxalbania.org\/2020\/wp-content\/uploads\/2020\/05\/albania.jpeg\",\"contentUrl\":\"https:\/\/orthodoxalbania.org\/2020\/wp-content\/uploads\/2020\/05\/albania.jpeg\",\"width\":540,\"height\":540,\"caption\":\"Kisha Orthodhokse Autoqefale e Shqip\u00ebris\u00eb\"},\"image\":{\"@id\":\"https:\/\/orthodoxalbania.org\/2020\/#\/schema\/logo\/image\/\"},\"sameAs\":[\"https:\/\/www.facebook.com\/koash1991\"]},{\"@type\":\"Person\",\"@id\":\"https:\/\/orthodoxalbania.org\/2020\/#\/schema\/person\/0c387634a7063ac612d7ed9ce71c7e86\",\"name\":\"Kisha Orthodhokse\",\"image\":{\"@type\":\"ImageObject\",\"inLanguage\":\"en-US\",\"@id\":\"https:\/\/secure.gravatar.com\/avatar\/596e7c417251e30f2fbb9c00e026fce61a695a00e51c889caded71c96cbbdde5?s=96&d=mm&r=g\",\"url\":\"https:\/\/secure.gravatar.com\/avatar\/596e7c417251e30f2fbb9c00e026fce61a695a00e51c889caded71c96cbbdde5?s=96&d=mm&r=g\",\"contentUrl\":\"https:\/\/secure.gravatar.com\/avatar\/596e7c417251e30f2fbb9c00e026fce61a695a00e51c889caded71c96cbbdde5?s=96&d=mm&r=g\",\"caption\":\"Kisha Orthodhokse\"}}]}<\/script>\n<!-- \/ Yoast SEO plugin. -->","yoast_head_json":{"title":"Darke p\u00ebr punonj\u00ebsit q\u00eb ngrit\u00ebn katedralen. (2 korrik 2012) - Kisha Orthodh\u03bfkse Autoqefale e Shqip\u00ebris\u00eb","robots":{"index":"index","follow":"follow","max-snippet":"max-snippet:-1","max-image-preview":"max-image-preview:large","max-video-preview":"max-video-preview:-1"},"canonical":"https:\/\/orthodoxalbania.org\/2020\/2013\/03\/21\/darke-per-punonjesit-qe-ngriten-katedralen\/","og_locale":"en_US","og_type":"article","og_title":"Darke p\u00ebr punonj\u00ebsit q\u00eb ngrit\u00ebn katedralen. (2 korrik 2012) - Kisha Orthodh\u03bfkse Autoqefale e Shqip\u00ebris\u00eb","og_description":"Nderim p\u00ebr ata q\u00eb derdh\u00ebn djers\u00ebn dhe talentin&nbsp;p\u00ebr nj\u00eb vep\u00ebr q\u00eb zbukuron kryeqytetin. &nbsp;&nbsp; T\u00eb h\u00ebn\u00ebn, 2 korrik, n\u00eb mjediset e qendr\u00ebs \u201cThavor\u201d, Kryepiskopi Anastas shtroi nj\u00eb dark\u00eb p\u00ebr t\u00eb nderuar dhe fal\u00ebnderuar t\u00eb gjith\u00eb ata q\u00eb punuan p\u00ebr nd\u00ebrtimin e Katedrales \u201cNgjallja e Krishtit\u201d. &nbsp; &nbsp;&nbsp; &nbsp; &nbsp; Ishin t\u00eb ftuar t\u00eb gjith\u00eb punonj\u00ebsit qe kontribuuan ne k\u00ebt\u00eb vep\u00ebr madh\u00ebshtore, rreth 90 vet\u00eb, qe","og_url":"https:\/\/orthodoxalbania.org\/2020\/2013\/03\/21\/darke-per-punonjesit-qe-ngriten-katedralen\/","og_site_name":"Kisha Orthodh\u03bfkse Autoqefale e Shqip\u00ebris\u00eb","article_publisher":"https:\/\/www.facebook.com\/koash1991","article_published_time":"2013-03-21T12:07:59+00:00","article_modified_time":"2020-04-06T20:06:02+00:00","og_image":[{"url":"https:\/\/lh6.googleusercontent.com\/-IWt0_59H2qk\/T_MaoiDAKbI\/AAAAAAAAAhM\/oMzLn5qtODE\/s720\/P7020184.JPG","type":"","width":"","height":""}],"author":"Kisha Orthodhokse","twitter_card":"summary_large_image","twitter_misc":{"Written by":"Kisha Orthodhokse","Est. reading time":"1 minute"},"schema":{"@context":"https:\/\/schema.org","@graph":[{"@type":"Article","@id":"https:\/\/orthodoxalbania.org\/2020\/2013\/03\/21\/darke-per-punonjesit-qe-ngriten-katedralen\/#article","isPartOf":{"@id":"https:\/\/orthodoxalbania.org\/2020\/2013\/03\/21\/darke-per-punonjesit-qe-ngriten-katedralen\/"},"author":{"name":"Kisha Orthodhokse","@id":"https:\/\/orthodoxalbania.org\/2020\/#\/schema\/person\/0c387634a7063ac612d7ed9ce71c7e86"},"headline":"Darke p\u00ebr punonj\u00ebsit q\u00eb ngrit\u00ebn katedralen. (2 korrik 2012)","datePublished":"2013-03-21T12:07:59+00:00","dateModified":"2020-04-06T20:06:02+00:00","mainEntityOfPage":{"@id":"https:\/\/orthodoxalbania.org\/2020\/2013\/03\/21\/darke-per-punonjesit-qe-ngriten-katedralen\/"},"wordCount":306,"commentCount":0,"publisher":{"@id":"https:\/\/orthodoxalbania.org\/2020\/#organization"},"image":{"@id":"https:\/\/orthodoxalbania.org\/2020\/2013\/03\/21\/darke-per-punonjesit-qe-ngriten-katedralen\/#primaryimage"},"thumbnailUrl":"https:\/\/lh6.googleusercontent.com\/-IWt0_59H2qk\/T_MaoiDAKbI\/AAAAAAAAAhM\/oMzLn5qtODE\/s720\/P7020184.JPG","keywords":["2012","Kryepiskopata Tiran\u00eb","Kryepiskopi Anastas","lajme"],"articleSection":["Lajme"],"inLanguage":"en-US"},{"@type":"WebPage","@id":"https:\/\/orthodoxalbania.org\/2020\/2013\/03\/21\/darke-per-punonjesit-qe-ngriten-katedralen\/","url":"https:\/\/orthodoxalbania.org\/2020\/2013\/03\/21\/darke-per-punonjesit-qe-ngriten-katedralen\/","name":"Darke p\u00ebr punonj\u00ebsit q\u00eb ngrit\u00ebn katedralen. (2 korrik 2012) - Kisha Orthodh\u03bfkse Autoqefale e Shqip\u00ebris\u00eb","isPartOf":{"@id":"https:\/\/orthodoxalbania.org\/2020\/#website"},"primaryImageOfPage":{"@id":"https:\/\/orthodoxalbania.org\/2020\/2013\/03\/21\/darke-per-punonjesit-qe-ngriten-katedralen\/#primaryimage"},"image":{"@id":"https:\/\/orthodoxalbania.org\/2020\/2013\/03\/21\/darke-per-punonjesit-qe-ngriten-katedralen\/#primaryimage"},"thumbnailUrl":"https:\/\/lh6.googleusercontent.com\/-IWt0_59H2qk\/T_MaoiDAKbI\/AAAAAAAAAhM\/oMzLn5qtODE\/s720\/P7020184.JPG","datePublished":"2013-03-21T12:07:59+00:00","dateModified":"2020-04-06T20:06:02+00:00","breadcrumb":{"@id":"https:\/\/orthodoxalbania.org\/2020\/2013\/03\/21\/darke-per-punonjesit-qe-ngriten-katedralen\/#breadcrumb"},"inLanguage":"en-US","potentialAction":[{"@type":"ReadAction","target":["https:\/\/orthodoxalbania.org\/2020\/2013\/03\/21\/darke-per-punonjesit-qe-ngriten-katedralen\/"]}]},{"@type":"ImageObject","inLanguage":"en-US","@id":"https:\/\/orthodoxalbania.org\/2020\/2013\/03\/21\/darke-per-punonjesit-qe-ngriten-katedralen\/#primaryimage","url":"https:\/\/lh6.googleusercontent.com\/-IWt0_59H2qk\/T_MaoiDAKbI\/AAAAAAAAAhM\/oMzLn5qtODE\/s720\/P7020184.JPG","contentUrl":"https:\/\/lh6.googleusercontent.com\/-IWt0_59H2qk\/T_MaoiDAKbI\/AAAAAAAAAhM\/oMzLn5qtODE\/s720\/P7020184.JPG"},{"@type":"BreadcrumbList","@id":"https:\/\/orthodoxalbania.org\/2020\/2013\/03\/21\/darke-per-punonjesit-qe-ngriten-katedralen\/#breadcrumb","itemListElement":[{"@type":"ListItem","position":1,"name":"Home","item":"https:\/\/orthodoxalbania.org\/2020\/"},{"@type":"ListItem","position":2,"name":"Darke p\u00ebr punonj\u00ebsit q\u00eb ngrit\u00ebn katedralen. (2 korrik 2012)"}]},{"@type":"WebSite","@id":"https:\/\/orthodoxalbania.org\/2020\/#website","url":"https:\/\/orthodoxalbania.org\/2020\/","name":"Kisha Orthodh\u03bfkse Autoqefale e Shqip\u00ebris\u00eb","description":"Fqja Zyrtare e Kish\u00ebs Orthodhokse Autoqefale e Shqip\u00ebris\u00eb me lajmet edhe informacionet zyrtare p\u00ebr struktur\u00ebn edhe veprimtarin e saj.","publisher":{"@id":"https:\/\/orthodoxalbania.org\/2020\/#organization"},"potentialAction":[{"@type":"SearchAction","target":{"@type":"EntryPoint","urlTemplate":"https:\/\/orthodoxalbania.org\/2020\/?s={search_term_string}"},"query-input":{"@type":"PropertyValueSpecification","valueRequired":true,"valueName":"search_term_string"}}],"inLanguage":"en-US"},{"@type":"Organization","@id":"https:\/\/orthodoxalbania.org\/2020\/#organization","name":"Kisha Orthodhokse Autoqefale e Shqip\u00ebris\u00eb","url":"https:\/\/orthodoxalbania.org\/2020\/","logo":{"@type":"ImageObject","inLanguage":"en-US","@id":"https:\/\/orthodoxalbania.org\/2020\/#\/schema\/logo\/image\/","url":"https:\/\/orthodoxalbania.org\/2020\/wp-content\/uploads\/2020\/05\/albania.jpeg","contentUrl":"https:\/\/orthodoxalbania.org\/2020\/wp-content\/uploads\/2020\/05\/albania.jpeg","width":540,"height":540,"caption":"Kisha Orthodhokse Autoqefale e Shqip\u00ebris\u00eb"},"image":{"@id":"https:\/\/orthodoxalbania.org\/2020\/#\/schema\/logo\/image\/"},"sameAs":["https:\/\/www.facebook.com\/koash1991"]},{"@type":"Person","@id":"https:\/\/orthodoxalbania.org\/2020\/#\/schema\/person\/0c387634a7063ac612d7ed9ce71c7e86","name":"Kisha Orthodhokse","image":{"@type":"ImageObject","inLanguage":"en-US","@id":"https:\/\/secure.gravatar.com\/avatar\/596e7c417251e30f2fbb9c00e026fce61a695a00e51c889caded71c96cbbdde5?s=96&d=mm&r=g","url":"https:\/\/secure.gravatar.com\/avatar\/596e7c417251e30f2fbb9c00e026fce61a695a00e51c889caded71c96cbbdde5?s=96&d=mm&r=g","contentUrl":"https:\/\/secure.gravatar.com\/avatar\/596e7c417251e30f2fbb9c00e026fce61a695a00e51c889caded71c96cbbdde5?s=96&d=mm&r=g","caption":"Kisha Orthodhokse"}}]}},"_links":{"self":[{"href":"https:\/\/orthodoxalbania.org\/2020\/wp-json\/wp\/v2\/posts\/154","targetHints":{"allow":["GET"]}}],"collection":[{"href":"https:\/\/orthodoxalbania.org\/2020\/wp-json\/wp\/v2\/posts"}],"about":[{"href":"https:\/\/orthodoxalbania.org\/2020\/wp-json\/wp\/v2\/types\/post"}],"author":[{"embeddable":true,"href":"https:\/\/orthodoxalbania.org\/2020\/wp-json\/wp\/v2\/users\/1"}],"replies":[{"embeddable":true,"href":"https:\/\/orthodoxalbania.org\/2020\/wp-json\/wp\/v2\/comments?post=154"}],"version-history":[{"count":1,"href":"https:\/\/orthodoxalbania.org\/2020\/wp-json\/wp\/v2\/posts\/154\/revisions"}],"predecessor-version":[{"id":15311,"href":"https:\/\/orthodoxalbania.org\/2020\/wp-json\/wp\/v2\/posts\/154\/revisions\/15311"}],"wp:attachment":[{"href":"https:\/\/orthodoxalbania.org\/2020\/wp-json\/wp\/v2\/media?parent=154"}],"wp:term":[{"taxonomy":"category","embeddable":true,"href":"https:\/\/orthodoxalbania.org\/2020\/wp-json\/wp\/v2\/categories?post=154"},{"taxonomy":"post_tag","embeddable":true,"href":"https:\/\/orthodoxalbania.org\/2020\/wp-json\/wp\/v2\/tags?post=154"}],"curies":[{"name":"wp","href":"https:\/\/api.w.org\/{rel}","templated":true}]}}