{"id":1539,"date":"2013-03-21T09:59:36","date_gmt":"2013-03-21T09:59:36","guid":{"rendered":""},"modified":"2020-04-06T22:32:00","modified_gmt":"2020-04-06T20:32:00","slug":"vizite-me-mesazhe-te-shumefishta-optimizmi-u-krye-shenjterimi-i-dy-kishave-te-reja-ne-mitropoline-e-gjirokastres","status":"publish","type":"post","link":"https:\/\/orthodoxalbania.org\/2020\/2013\/03\/21\/vizite-me-mesazhe-te-shumefishta-optimizmi-u-krye-shenjterimi-i-dy-kishave-te-reja-ne-mitropoline-e-gjirokastres\/","title":{"rendered":"Vizit\u00eb me mesazhe t\u00eb shum\u00ebfishta optimizmi U krye shenjt\u00ebrimi i dy kishave t\u00eb reja n\u00eb mitropolin\u00eb e Gjirokastr\u00ebs. (14 Gusht 2011)"},"content":{"rendered":"<table border=\"0\">\n<tbody>\n<tr>\n<td>\n<div class=\"style7\">\n<div><span style=\"color: #000000;\"><span style=\"font-family: tahoma,geneva,sans-serif;\"><span style=\"font-size: 12px;\"><span class=\"style16\">&nbsp;&nbsp;&nbsp;&nbsp;&nbsp;&nbsp;&nbsp;&nbsp;&nbsp;&nbsp;&nbsp;&nbsp;&nbsp;&nbsp;&nbsp; &nbsp;<\/span> <\/span><\/span><\/span><\/div>\n<div style=\"text-align: justify;\"><span style=\"color: #000000;\"><span style=\"font-family: tahoma,geneva,sans-serif;\"><span style=\"font-size: 12px;\"><span class=\"style16\">&nbsp;&nbsp;&nbsp; <\/span>G\u00ebzim t\u00eb ve\u00e7ant\u00eb, por edhe tone optimizmi i dha gjith\u00eb grigj\u00ebs s\u00eb Mitropolis\u00eb s\u00eb Shenjt\u00eb t\u00eb Gjirokastr\u00ebs, por edhe gjith\u00eb Kish\u00ebs Orthodhokse, vizita e k\u00ebtyre dit\u00ebve n\u00eb k\u00ebto zona, t\u00eb Kryepiskopit t\u00eb Tiran\u00ebs, Durr\u00ebsit dhe gjith\u00eb Shqip\u00ebris\u00eb z. Anastas. N\u00eb kuadrin e gjith\u00eb atmosfer\u00ebs shpirt\u00ebrore q\u00eb krijohet me festimin e Fjetjes s\u00eb T\u00ebr\u00ebshenjt\u00ebs Mari (nuk \u00ebsht\u00eb madje aspak e rastit q\u00eb n\u00eb nd\u00ebrgjegjen e popullit konsiderohet kjo e kremte si Pashka e ver\u00ebs) Kryepiskopi kishte akoma di\u00e7ka p\u00ebr t\u00eb na e b\u00ebr\u00eb akoma m\u00eb konkret dhe m\u00eb t\u00eb kapsh\u00ebm k\u00ebt\u00eb mesazh. S\u00eb bashku me Mitropolitin p\u00ebrgjegj\u00ebs t\u00eb Gjirokastr\u00ebs z. Dhimit\u00ebr, Kryepiskopi Anastas p\u00ebruroi dy kisha. B\u00ebhet fjal\u00eb p\u00ebr kish\u00ebn e Sh\u00ebn Harallambit n\u00eb Sarand\u00eb dhe at\u00eb t\u00eb Sh\u00ebn Kozmait t\u00eb Etolis\u00eb (Kolkondasit) n\u00eb Livadhja, q\u00eb jan\u00eb nd\u00ebrtuar n\u00eb zon\u00ebn ton\u00eb me iniciativ\u00ebn, kujdesin e p\u00ebrditsh\u00ebm dhe fondet q\u00eb ai ka siguruar.<\/span><\/span><\/span><\/div>\n<div style=\"text-align: justify;\"> <span style=\"color: #000000;\"><span style=\"font-family: tahoma,geneva,sans-serif;\"><span style=\"font-size: 12px;\"><span class=\"style16\"><img decoding=\"async\" class=\"lazyload HAa Eha\" style=\"height: 212px; width: 283px; border-width: 1px; border-style: solid; margin: 10px; float: right;\" alt=\"\" src=\"data:image\/gif;base64,R0lGODlhAQABAAAAACH5BAEKAAEALAAAAAABAAEAAAICTAEAOw==\" data-orig-src=\"https:\/\/lh5.googleusercontent.com\/-w2rr8dUoYrc\/VAQyG6sVUTI\/AAAAAAAACeA\/5eXil2xvgBM\/w600-h450-no\/IMG_3477_600_450.JPG\" \/>&nbsp;&nbsp;<\/span><span class=\"style16\">&nbsp; <\/span>T\u00eb diel\u00ebn, 14 gusht, vigjilje e Fjetjes s\u00eb T\u00ebr\u00ebshenjt\u00ebs Mari atmosfera n\u00eb Livadhja, nd\u00ebr fshatrat kryesor\u00eb t\u00eb Vurgut, dhe qend\u00ebr administrative t\u00eb Komun\u00ebs me t\u00eb nj\u00ebjtin em\u00ebr ishte shum\u00eb festive. Dhjet\u00ebra besimtar\u00eb nga kjo enori, e cila u ngrit vitet e fundit dhe nga fshatrat p\u00ebrreth erdh\u00ebn t\u00eb marrin pjes\u00eb n\u00eb k\u00ebt\u00eb g\u00ebzim t\u00eb ve\u00e7ant\u00eb. Menj\u00ebher\u00eb pas sh\u00ebrbes\u00ebs s\u00eb M\u00ebngjesores vijoi ceremonia e p\u00ebrurimit t\u00eb kish\u00ebs. Kryepiskopi s\u00eb bashku me Mitropolitin Dhimit\u00ebr dhe Episkopin e Apollonis\u00eb, Nikolla, kreu shenjt\u00ebrimin e Tryez\u00ebs s\u00eb Shenjt\u00eb, n\u00eb k\u00ebt\u00eb kish\u00eb q\u00eb nderohet n\u00eb kujtimin e Sh\u00ebn Kozmait t\u00eb Etolis\u00eb (Kolkondasit), dhe n\u00eb vazhdim u krye Liturgjia Hyjnore. Lutja e p\u00ebrbashk\u00ebt e dhjet\u00ebra besimtar\u00ebve, t\u00eb moshave t\u00eb ndryshme, t\u00eb mbledhur n\u00eb nj\u00eb fshat kaq t\u00eb larg\u00ebt, solli pas kaq shum\u00eb kohe p\u00ebrjetimin e nj\u00eb g\u00ebzimi dhe madh\u00ebshtie t\u00eb k\u00ebtyre p\u00ebrmasave. Ky \u00ebsht\u00eb misteri dhe fuqia e Orthodhoksis\u00eb.<\/span><\/span><\/span><\/div>\n<div style=\"text-align: justify;\"> <span style=\"color: #000000;\"><span style=\"font-family: tahoma,geneva,sans-serif;\"><span style=\"font-size: 12px;\"><span class=\"style16\">&nbsp;&nbsp;<\/span><span class=\"style16\">&nbsp;&nbsp;<\/span>Kryepiskopi n\u00eb predikimin e tij ve\u00e7 t\u00eb tjerash iu referua nevoj\u00ebs p\u00ebr nj\u00eb pendes\u00eb reale, q\u00eb akoma nuk \u00ebsht\u00eb realizuar e plot\u00eb n\u00eb gjirin e besimtar\u00ebve orthodhoks\u00eb, duke theksuar se vet\u00ebm p\u00ebrmes saj dhe duke kuptuar m\u00eb thell\u00eb nevoj\u00ebn p\u00ebr k\u00ebt\u00eb pendes\u00eb secili prej besimtar\u00ebve jo thjesht do t\u00eb p\u00ebrmir\u00ebsohet shpirt\u00ebrisht, por at\u00ebher\u00eb do t\u00eb jen\u00eb realizuar kushtet p\u00ebr zhvillim m\u00eb t\u00eb mbar\u00eb t\u00eb gjith\u00eb komunitetit.<\/span><\/span><\/span><\/div>\n<div style=\"text-align: justify;\"> <span style=\"color: #000000;\"><span style=\"font-family: tahoma,geneva,sans-serif;\"><span style=\"font-size: 12px;\"><span class=\"style16\">&nbsp;&nbsp;<\/span><span class=\"style16\">&nbsp;&nbsp;<\/span>Kisha e Sh\u00ebn Kozmait t\u00eb Etolis\u00eb, q\u00eb u nd\u00ebrtua nga Kryepiskopi Anastas, u p\u00ebrfundua n\u00eb vitin 1999 dhe ndodhet n\u00eb qend\u00ebr t\u00eb fshatit t\u00eb Livadhjas\u00eb. B\u00ebhet fjal\u00eb p\u00ebr nj\u00eb kish\u00eb t\u00eb bukur me sip\u00ebrfaqe 240m2 q\u00eb \u00ebsht\u00eb nd\u00ebrtuar me gur\u00eb dhe sipas teknik\u00ebs tradicionale t\u00eb asaj zone. Q\u00eb me p\u00ebrfundimin e saj, me kujdesin e pand\u00ebrprer\u00eb t\u00eb Mitropolitit Dhimit\u00ebr, \u00ebsht\u00eb b\u00ebr\u00eb pajisja e saj me orendit\u00eb e nevojshme n\u00eb brend\u00ebsi, \u00ebsht\u00eb rregulluar ambienti i oborrit etj. Ajo p\u00ebrb\u00ebn n\u00eb qendr\u00ebn shpirt\u00ebrore dhe adhuruese t\u00eb enoris\u00eb, ku kryhen sh\u00ebrbesa n\u00eb m\u00ebnyr\u00eb t\u00eb rregullt.<\/span><\/span><\/span><\/div>\n<div style=\"text-align: justify;\"> <span style=\"color: #000000;\"><span style=\"font-family: tahoma,geneva,sans-serif;\"><span style=\"font-size: 12px;\"><span class=\"style16\">&nbsp;&nbsp;<\/span><span class=\"style16\">&nbsp;&nbsp;<\/span>N\u00eb sh\u00ebrbes\u00eb mor\u00ebn pjes\u00eb edhe autoritete t\u00eb pushtetit vendor t\u00eb zonave p\u00ebrreth. Merrte pjes\u00eb edhe sekretari i Komitetit Parlamentar Nd\u00ebrorthodhoks z. M. Pandoulas (n\u00eb k\u00ebt\u00eb organiz\u00ebm p\u00ebrfaq\u00ebsohen 24 parlamente vendesh orthodhokse ose ku ka prani t\u00eb konsiderueshme orthodhoks\u00ebsh, nga t\u00eb 5 kontinentet), si edhe deputeti z. V. Dule, q\u00eb p\u00ebrfaq\u00ebson Parlamentin e Shqip\u00ebris\u00eb n\u00eb k\u00ebt\u00eb organiz\u00ebm.<\/span><\/span><\/span><\/div>\n<div style=\"text-align: justify;\"> <span style=\"color: #000000;\"><span style=\"font-family: tahoma,geneva,sans-serif;\"><span style=\"font-size: 12px;\"><span class=\"style16\"><img decoding=\"async\" class=\"lazyload HAa Eha\" style=\"height: 198px; width: 353px; border-width: 1px; border-style: solid; margin: 10px; float: left;\" alt=\"\" src=\"data:image\/gif;base64,R0lGODlhAQABAAAAACH5BAEKAAEALAAAAAABAAEAAAICTAEAOw==\" data-orig-src=\"https:\/\/lh5.googleusercontent.com\/-kYW_DnyzBf0\/VAQyHYyLeiI\/AAAAAAAACeI\/bH0XzWlY1Ck\/w600-h337-no\/IMG_3639_600_337.JPG\" \/>&nbsp;&nbsp;<\/span><span class=\"style16\">&nbsp; <\/span>E kremtja e Fjetjes s\u00eb T\u00ebr\u00ebshenjt\u00ebs Mari, ishte nj\u00eb dit\u00eb krejt e ve\u00e7ant\u00eb p\u00ebr qytetin e Sarand\u00ebs. U krye edhe n\u00eb k\u00ebt\u00eb kish\u00eb ceremonia e p\u00ebrurimit. P\u00ebr t\u00eb qen\u00eb pjes\u00eb e k\u00ebtij g\u00ebzimi dhe d\u00ebshmitar\u00eb t\u00eb k\u00ebsaj madh\u00ebshtie u mblodh\u00ebn qindra besimtar\u00eb, duke forcuar not\u00ebn e optimizmit q\u00eb sjell lajmi i bukur i shenjt\u00ebrimit t\u00eb nj\u00eb Altari Hyjnor. Dhe pik\u00ebrisht k\u00ebt\u00eb theksoi edhe Kryepiskopi Anastas n\u00eb p\u00ebrsh\u00ebndetjen e tij. Ai tha, se tanim\u00eb kisha e Sh\u00ebn Harallambit nuk \u00ebsht\u00eb thjesht nj\u00eb godin\u00eb e bukur, por ajo do t\u00eb rrezatoj\u00eb, sepse prezenca e shenjtor\u00ebve, lipsanet e t\u00eb cil\u00ebve u vendos\u00ebn n\u00eb Tryez\u00ebn e Shenjt\u00eb do t\u00eb mb\u00ebshtes\u00eb besimtar\u00ebt, klerik\u00ebt dhe laik\u00ebt n\u00eb lutjen e tyre.<\/span><\/span><\/span><\/div>\n<div style=\"text-align: justify;\"> <span style=\"color: #000000;\"><span style=\"font-family: tahoma,geneva,sans-serif;\"><span style=\"font-size: 12px;\"><span class=\"style16\"><\/span><span class=\"style16\">&nbsp;&nbsp;<\/span> N\u00eb k\u00ebt\u00eb dit\u00eb t\u00eb ve\u00e7ant\u00eb p\u00ebr komunitetin orthodhoks t\u00eb qytetit ishte i pranish\u00ebm edhe Kryetari i Bashkis\u00eb z. S. \u00c7ipa, deputet\u00eb dhe p\u00ebrfaq\u00ebsues t\u00eb politik\u00ebs dhe shtetit, si edhe mjaft t\u00eb ftuar t\u00eb tjer\u00eb.<\/span><\/span><\/span><\/div>\n<div style=\"text-align: justify;\"> <span style=\"color: #000000;\"><span style=\"font-family: tahoma,geneva,sans-serif;\"><span style=\"font-size: 12px;\"><span class=\"style16\">&nbsp; &nbsp;<\/span> Kryepiskopi Anastas n\u00eb predikimin e tij iu drejtua besimtar\u00ebve duke v\u00ebn\u00eb theksin tek personi i t\u00eb T\u00ebr\u00ebshenjt\u00ebs Mari dhe pozicionit t\u00eb saj n\u00eb Kish\u00ebn Orthodhokse dhe n\u00eb tradit\u00ebn e Saj, duke iu referuar gjithashtu edhe historis\u00eb s\u00eb nd\u00ebrtimit t\u00eb k\u00ebsaj Kishe. Ai theksoi n\u00eb ve\u00e7anti p\u00ebrs\u00ebri, iden\u00eb se nj\u00eb kish\u00eb orthodhokse p\u00ebrb\u00ebn jo vet\u00ebm nj\u00eb qend\u00ebr lutjeje dhe adhurimi, por nj\u00ebher\u00ebsh rrezaton n\u00eb gjith\u00eb ambientin shoq\u00ebror dashurin\u00eb, solidaritetin, pajtimin, paqen dhe mir\u00ebkuptimin. N\u00eb Shqip\u00ebri kjo \u00ebsht\u00eb kthyer n\u00eb nj\u00eb realitet t\u00eb bukur dhe e p\u00ebrjetojn\u00eb ve\u00e7an\u00ebrisht komunitetet lokale ku ndajn\u00eb g\u00ebzimin e festave t\u00eb m\u00ebdha t\u00eb krishtera. P\u00ebr m\u00eb tep\u00ebr n\u00eb t\u00eb gjith\u00eb vendin nd\u00ebrtimi i kishave t\u00eb reja orthodhokse ka shtuar element\u00eb arkitektonik\u00eb hijeshie n\u00eb qytete dhe fshatra dhe jan\u00eb shnd\u00ebrruar n\u00eb pika referimi urbanistike, duke u dh\u00ebn\u00eb k\u00ebshtu n\u00eb shum\u00eb raste identitet qendrave t\u00eb banuara. Pas Liturgjis\u00eb Hyjnore pasoi nj\u00eb takim shpirt\u00ebror i shoq\u00ebruar me nj\u00eb koktej n\u00eb sall\u00ebn shpirt\u00ebrore t\u00eb kish\u00ebs.<\/span><\/span><\/span><\/div>\n<div style=\"text-align: justify;\"> <span style=\"color: #000000;\"><span style=\"font-family: tahoma,geneva,sans-serif;\"><span style=\"font-size: 12px;\">&nbsp;<span class=\"style16\">&nbsp;&nbsp;<\/span> Vlen t\u00eb theksohet se n\u00eb vitin 1991 kur Kryepiskopi erdhi n\u00eb Sarand\u00eb si Eksark Patriarkal, pik\u00ebrisht n\u00eb dit\u00eb t\u00eb tilla gushti, nuk gjeti asnj\u00eb gjurm\u00eb kishe orthodhokse. Filluan menj\u00ebher\u00eb p\u00ebrpjekjet p\u00ebr gjetjen dhe blerjen e truallit, realizimin e studimeve dhe projekteve, por n\u00eb ve\u00e7anti p\u00ebr gjetjen e burimeve financiare dhe donacione p\u00ebr nd\u00ebrtimin e kish\u00ebs s\u00eb re. Duke kap\u00ebrcyer v\u00ebshtir\u00ebsi t\u00eb shum\u00ebllojshme, t\u00eb njohura ose t\u00eb panjohura, n\u00eb vitin 2000 p\u00ebrfundoi nd\u00ebrtimi i kish\u00ebs. Q\u00eb at\u00ebher\u00eb vazhduan p\u00ebrpjekjet p\u00ebr pajisjen s\u00eb brendshmi t\u00eb kish\u00ebs dhe zbukurimin e saj, p\u00ebrfundim i t\u00eb cilave \u00ebsht\u00eb kjo kish\u00eb madh\u00ebshtore. N\u00eb t\u00eb meshohet pand\u00ebrprer\u00eb duke mbuluar n\u00eb k\u00ebt\u00eb m\u00ebnyr\u00eb nevojat shpirt\u00ebrore t\u00eb komunitetit t\u00eb shumt\u00eb n\u00eb num\u00ebr, t\u00eb k\u00ebtij qyteti. N\u00eb katin e par\u00eb t\u00eb saj funksionon kopshti i f\u00ebmij\u00ebve q\u00eb pret p\u00ebrdit\u00eb mbi 40 f\u00ebmij\u00eb. Nj\u00ebkoh\u00ebsisht \u00ebsht\u00eb punuar gjithashtu edhe me ambientin e oborrit i cili p\u00ebrb\u00ebn edhe parkun e vet\u00ebm p\u00ebr at\u00eb lagje t\u00eb Sarand\u00ebs. <\/span><\/span><\/span><\/div>\n<div style=\"text-align: justify;\">&nbsp;<\/div>\n<div style=\"text-align: justify;\"><span style=\"color: #b22222;\"><span style=\"font-family: tahoma,geneva,sans-serif;\"><span style=\"font-size: 12px;\"><strong>&nbsp;&nbsp;&nbsp; Vizita dhe mbresa t\u00eb shumta<\/strong><\/span><\/span><\/span><\/p>\n<p> <span style=\"color: #000000;\"><span style=\"font-family: tahoma,geneva,sans-serif;\"><span style=\"font-size: 12px;\"> &nbsp; <span class=\"style16\"><img decoding=\"async\" class=\"lazyload HAa Eha\" style=\"height: 260px; width: 347px; border-width: 1px; border-style: solid; margin: 10px; float: left;\" alt=\"\" src=\"data:image\/gif;base64,R0lGODlhAQABAAAAACH5BAEKAAEALAAAAAABAAEAAAICTAEAOw==\" data-orig-src=\"https:\/\/lh6.googleusercontent.com\/-ONWgtlDnzwI\/VAQyGgcH-mI\/AAAAAAAACeM\/x0jA2Mwb64U\/w600-h450-no\/IMG_3346_600_450.JPG\" \/>&nbsp;<\/span>N\u00eb kuadrin e k\u00ebsaj vizite t\u00eb bekuar n\u00eb Mitropolin\u00eb e Gjirokastr\u00ebs Kryepiskopi, sikund\u00ebr edhe n\u00eb t\u00eb kaluar\u00ebn pati nj\u00eb program t\u00eb ngjeshur edhe veprimtarish t\u00eb tjera.<\/span><\/span><\/span><\/div>\n<div style=\"text-align: justify;\"> <span style=\"color: #000000;\"><span style=\"font-family: tahoma,geneva,sans-serif;\"><span style=\"font-size: 12px;\"><span class=\"style16\"><\/span> <span class=\"style16\">&nbsp; <\/span>S\u00eb pari vizitoi Katedralen e re n\u00eb nd\u00ebrtim, t\u00eb Ngjalljes s\u00eb Zotit, n\u00eb Gjirokast\u00ebr. B\u00ebhet fjal\u00eb p\u00ebr plot\u00ebsimin e nj\u00eb veprimtarie nd\u00ebrtuese titanike n\u00eb t\u00eb gjith\u00eb trev\u00ebn e Mitropolis\u00eb s\u00eb Gjirokastr\u00ebs (theksojm\u00eb faktin q\u00eb jan\u00eb nd\u00ebrtuar mbi 60 kisha t\u00eb reja). Punimet p\u00ebr nd\u00ebrtimin e k\u00ebsaj Katedraleje kan\u00eb avancuar me ritme ve\u00e7an\u00ebrisht intensive. Guri i themelit ishte vendosur nga Kryepiskopi Anastas n\u00eb qershorin e vitit t\u00eb kaluar dhe tanim\u00eb kan\u00eb p\u00ebrfunduar punimet e betonit n\u00eb gjith\u00eb karabinan\u00eb e kish\u00ebs, nd\u00ebrsa n\u00eb nj\u00eb faz\u00eb shum\u00eb t\u00eb k\u00ebnaqshme jan\u00eb edhe ato p\u00ebr qendr\u00ebn arsimore (shkoll\u00eb 9-vje\u00e7are dhe kopsht p\u00ebr f\u00ebmij\u00eb) q\u00eb e plot\u00ebsojn\u00eb kompleksin. Kryepiskopi pati mund\u00ebsin\u00eb t\u00eb takohej edhe me inxhinier\u00ebt p\u00ebrgjegj\u00ebs dhe grupet e pun\u00ebs q\u00eb punojn\u00eb aty.<\/span><\/span><\/span><\/div>\n<div style=\"text-align: justify;\"> <span style=\"color: #000000;\"><span style=\"font-family: tahoma,geneva,sans-serif;\"><span style=\"font-size: 12px;\"><span class=\"style16\"><\/span> <span class=\"style16\">&nbsp; <\/span>N\u00eb vazhdim Kryepiskopi vizitoi Labov\u00ebn e Zhap\u00ebs p\u00ebr t\u00eb par\u00eb n\u00eb k\u00ebt\u00eb m\u00ebnyr\u00eb edhe kish\u00ebn e p\u00ebrfunduar t\u00eb Ipapandis\u00eb s\u00eb Zotit. N\u00eb nj\u00eb rrug\u00ebtim t\u00eb tij n\u00eb k\u00ebt\u00eb zon\u00eb, para disa vitesh kishte gjetur nj\u00eb grumbull g\u00ebrmadhash. K\u00ebshtu ishte katandisur at\u00ebher\u00eb kisha, e cila n\u00eb vitet e persekutimit ishte kasolle bari, nd\u00ebrsa n\u00eb vendin e p\u00ebrmendores s\u00eb bamir\u00ebsve Zhapa ishte nj\u00eb dyqan perimesh i kooperativ\u00ebs. Kur u pa nga af\u00ebr gjendja, u mor edhe vendimi p\u00ebr ngritjen e kish\u00ebs s\u00eb re dhe me p\u00ebrfundimin e saj, sot me t\u00eb v\u00ebrtet\u00eb kemi nj\u00eb rezultat t\u00eb shk\u00eblqyer. S\u00eb bashku me kish\u00ebn, e cila n\u00eb katin e saj t\u00eb posht\u00ebm ka edhe sall\u00eb shpirt\u00ebrore \u00ebsht\u00eb punuar shum\u00eb p\u00ebr rregullimin e jasht\u00ebm t\u00eb ambientit.<\/span><\/span><\/span><\/div>\n<div style=\"text-align: justify;\"> <span style=\"color: #000000;\"><span style=\"font-family: tahoma,geneva,sans-serif;\"><span style=\"font-size: 12px;\"><span class=\"style16\"><\/span> <span class=\"style16\">&nbsp; <\/span>Gjat\u00eb q\u00ebndrimit t\u00eb tij n\u00eb Sarand\u00eb, Fortlumturia <em>vizitoi<\/em> edhe gjetjet arkeologjike t\u00eb Manastirit t\u00eb 40 Shenjtor\u00ebve nd\u00ebrsa pati edhe nj\u00eb takim me Kryetarin e Bashkis\u00eb dhe autoritete t\u00eb tjera shtet\u00ebrore, p\u00ebr gjetjen e m\u00ebnyrave dhe mund\u00ebsive jo thjesht p\u00ebr promovimin e m\u00ebtejsh\u00ebm t\u00eb k\u00ebtij monumenti origjinal, por edhe p\u00ebr ringritjen e tij. B\u00ebhet fjal\u00eb p\u00ebr nj\u00eb \u00e7\u00ebshtje, q\u00eb prej vitesh ka preokupuar Kryepiskopin, i cili ka sensibilizuar n\u00eb m\u00ebnyr\u00eb t\u00eb vazhdueshme shum\u00eb autoritete kompetente p\u00ebr realizimin e g\u00ebrmimeve, zbulimin e g\u00ebrmadhave dhe p\u00ebr rrethimin e zon\u00ebs, e cila ishte rrezikuar nga nd\u00ebrtimet pa leje akoma edhe mbi ambientin arkeologjik.<\/span><\/span><\/span><\/div>\n<div style=\"text-align: justify;\"> <span style=\"color: #000000;\"><span style=\"font-family: tahoma,geneva,sans-serif;\"><span style=\"font-size: 12px;\"><span class=\"style16\"><img decoding=\"async\" class=\"lazyload HAa Eha\" style=\"height: 257px; width: 343px; border-width: 1px; border-style: solid; margin: 10px; float: right;\" alt=\"\" src=\"data:image\/gif;base64,R0lGODlhAQABAAAAACH5BAEKAAEALAAAAAABAAEAAAICTAEAOw==\" data-orig-src=\"https:\/\/lh5.googleusercontent.com\/-KIwddGlg7po\/VAQyGxd1HtI\/AAAAAAAACeE\/FhFYRu1K8so\/w600-h450-no\/IMG_3360_600_450.JPG\" \/>&nbsp;<\/span> <span class=\"style16\">&nbsp; <\/span>Ai inspektoi gjithashtu punimet e nd\u00ebrtimit t\u00eb kish\u00ebs n\u00eb Lukov\u00eb, ku n\u00eb qend\u00ebr t\u00eb fshatit vazhdojn\u00eb rregullisht punimet p\u00ebr ngritjen e kish\u00ebs s\u00eb Sh\u00ebn Nifonit dhe Sh\u00ebn Athanasit. Lukova q\u00eb \u00ebsht\u00eb edhe qend\u00ebr administrative e Komun\u00ebs me t\u00eb nj\u00ebjtin em\u00ebr, ve\u00e7 t\u00eb tjerash \u00ebsht\u00eb edhe vendlindja e Osh\u00ebnar Nifonit, i cili murg\u00ebroi n\u00eb Malin e Shenjt\u00eb. Kisha e tyre e vjet\u00ebr ishte rr\u00ebzuar t\u00ebr\u00ebsisht n\u00eb vitet e persekutimit dhe ishte nd\u00ebrtuar aty nj\u00eb qend\u00ebr e propagand\u00ebs komuniste. Para dy vjet\u00ebsh, Kryepiskopi vendosi gurin e themelit p\u00ebr kish\u00ebn e re, n\u00eb nj\u00eb ceremoni me pjes\u00ebmarrje t\u00eb shumt\u00eb t\u00eb besimtar\u00ebve dhe banor\u00ebve p\u00ebrreth.<\/span><\/span><\/span><\/div>\n<div style=\"text-align: justify;\"> <span style=\"color: #000000;\"><span style=\"font-family: tahoma,geneva,sans-serif;\"><span style=\"font-size: 12px;\"><span class=\"style16\"><\/span> <span class=\"style16\">&nbsp; <\/span>Gjithashtu, Kryepiskopi Anastas vizitoi edhe Manastirin e vjet\u00ebr t\u00eb Fjetjes s\u00eb T\u00ebr\u00ebshenjt\u00ebs Mari n\u00eb Gjirin e Kakomes\u00eb, ku vitet e fundit jan\u00eb realizuar punime restauruese t\u00eb iniciuara dhe financuara prej tij n\u00eb kish\u00ebn e manastirit, p\u00ebr p\u00ebrforcimin dhe konservimin e godinave t\u00eb tjera si edhe p\u00ebr pastrimin dhe forcimin e afreskeve t\u00eb kish\u00ebs. Trevat e Mitropolis\u00eb s\u00eb Gjirokastr\u00ebs jan\u00eb ve\u00e7an\u00ebrisht t\u00eb pasura me t\u00eb tilla monumente shpirt\u00ebrore dhe kulturore, p\u00ebr mir\u00ebmbajtjen dhe rikonstruksionin e t\u00eb cilave \u00ebsht\u00eb i pand\u00ebrprer\u00eb kujdesi i Kryepiskopit Anastas. Vet\u00ebm n\u00eb k\u00ebto zona jan\u00eb mbi 35 objekte kulti t\u00eb karakterizuara si monumente kulture, n\u00eb t\u00eb cilat jan\u00eb realizuar nd\u00ebrhyrje t\u00eb plota ose t\u00eb pjesshme restaurimi shkencor.<\/span><\/span><\/span><\/div>\n<div style=\"text-align: center;\"> <span style=\"color: #b22222;\"><span style=\"font-family: tahoma,geneva,sans-serif;\"><span style=\"font-size: 12px;\"><strong>*&nbsp;&nbsp; *&nbsp;&nbsp; *<\/strong><\/span><\/span><\/span><\/div>\n<div style=\"text-align: justify;\"> <span style=\"color: #000000;\"><span style=\"font-family: tahoma,geneva,sans-serif;\"><span style=\"font-size: 12px;\"><span class=\"style16\"><\/span> <span class=\"style16\">&nbsp; <\/span>E pasur me bekime t\u00eb ve\u00e7anta ishte dhe kjo vizit\u00eb e Kryepiskopit, t\u00eb cil\u00ebn grigja e Mitropolis\u00eb n\u00ebn udh\u00ebheqjen shpirt\u00ebrore t\u00eb Mitropolitit Dhimit\u00ebr do ta mbaj\u00eb mend gjat\u00eb. Kjo vizit\u00eb do t\u00eb p\u00ebrb\u00ebj\u00eb gjithashtu edhe nj\u00eb stacion n\u00eb p\u00ebrpjekjen e ringritjes s\u00eb kish\u00ebs son\u00eb. P\u00ebrurimi i nj\u00eb kishe orthodhokse \u00ebsht\u00eb natyrisht nj\u00eb lajm i r\u00ebnd\u00ebsish\u00ebm dhe shpres\u00ebdh\u00ebn\u00ebs, por n\u00eb kuadrin edhe t\u00eb nj\u00eb kremtimi t\u00eb nj\u00eb feste kaq t\u00eb madhe sa \u00ebsht\u00eb Fjetja e N\u00ebn\u00ebs son\u00eb t\u00eb T\u00ebr\u00ebshenjt\u00ebs Mari, merr nj\u00eb tjet\u00ebr dimension dhe tjet\u00ebr r\u00ebnd\u00ebsi.<\/span><\/span><\/span><\/div>\n<div>&nbsp;<\/div>\n<div style=\"text-align: right;\"><span style=\"color: #000000;\"><span style=\"font-family: tahoma,geneva,sans-serif;\"><span style=\"font-size: 12px;\"><strong>(Korresp. NGJALLJA) <\/strong><\/span><\/span><\/span><\/div>\n<div>&nbsp;<\/div>\n<\/div>\n<\/td>\n<\/tr>\n<\/tbody>\n<\/table>\n","protected":false},"excerpt":{"rendered":"<p>&nbsp;&nbsp;&nbsp;&nbsp;&nbsp;&nbsp;&nbsp;&nbsp;&nbsp;&nbsp;&nbsp;&nbsp;&nbsp;&nbsp;&nbsp; &nbsp; &nbsp;&nbsp;&nbsp; G\u00ebzim t\u00eb ve\u00e7ant\u00eb, por edhe tone optimizmi i dha gjith\u00eb grigj\u00ebs s\u00eb Mitropolis\u00eb s\u00eb Shenjt\u00eb t\u00eb Gjirokastr\u00ebs, por edhe gjith\u00eb Kish\u00ebs Orthodhokse, vizita e k\u00ebtyre dit\u00ebve n\u00eb k\u00ebto zona, t\u00eb Kryepiskopit t\u00eb Tiran\u00ebs, Durr\u00ebsit dhe gjith\u00eb Shqip\u00ebris\u00eb z. Anastas. N\u00eb kuadrin e gjith\u00eb atmosfer\u00ebs shpirt\u00ebrore q\u00eb krijohet me festimin e Fjetjes s\u00eb T\u00ebr\u00ebshenjt\u00ebs Mari (nuk \u00ebsht\u00eb madje aspak e rastit q\u00eb n\u00eb<\/p>\n","protected":false},"author":1,"featured_media":0,"comment_status":"open","ping_status":"open","sticky":false,"template":"","format":"standard","meta":{"_acf_changed":false,"pagelayer_contact_templates":[],"_pagelayer_content":"","inline_featured_image":false,"fifu_image_url":"","fifu_image_alt":"","footnotes":""},"categories":[108],"tags":[143,153,157,201,212,198,171],"class_list":["post-1539","post","type-post","status-publish","format-standard","hentry","category-lajme","tag-143","tag-deklarata-njoftime-zyrtare-d75","tag-kremtime","tag-kryepiskopi-anastas","tag-lajme-d27","tag-gjirokaster","tag-shenjterime"],"acf":[],"yoast_head":"<!-- This site is optimized with the Yoast SEO plugin v27.2 - https:\/\/yoast.com\/product\/yoast-seo-wordpress\/ -->\n<title>Vizit\u00eb me mesazhe t\u00eb shum\u00ebfishta optimizmi U krye shenjt\u00ebrimi i dy kishave t\u00eb reja n\u00eb mitropolin\u00eb e Gjirokastr\u00ebs. (14 Gusht 2011) - Kisha Orthodh\u03bfkse Autoqefale e Shqip\u00ebris\u00eb<\/title>\n<meta name=\"robots\" content=\"index, follow, max-snippet:-1, max-image-preview:large, max-video-preview:-1\" \/>\n<link rel=\"canonical\" href=\"https:\/\/orthodoxalbania.org\/2020\/2013\/03\/21\/vizite-me-mesazhe-te-shumefishta-optimizmi-u-krye-shenjterimi-i-dy-kishave-te-reja-ne-mitropoline-e-gjirokastres\/\" \/>\n<meta property=\"og:locale\" content=\"en_US\" \/>\n<meta property=\"og:type\" content=\"article\" \/>\n<meta property=\"og:title\" content=\"Vizit\u00eb me mesazhe t\u00eb shum\u00ebfishta optimizmi U krye shenjt\u00ebrimi i dy kishave t\u00eb reja n\u00eb mitropolin\u00eb e Gjirokastr\u00ebs. (14 Gusht 2011) - Kisha Orthodh\u03bfkse Autoqefale e Shqip\u00ebris\u00eb\" \/>\n<meta property=\"og:description\" content=\"&nbsp;&nbsp;&nbsp;&nbsp;&nbsp;&nbsp;&nbsp;&nbsp;&nbsp;&nbsp;&nbsp;&nbsp;&nbsp;&nbsp;&nbsp; &nbsp; &nbsp;&nbsp;&nbsp; G\u00ebzim t\u00eb ve\u00e7ant\u00eb, por edhe tone optimizmi i dha gjith\u00eb grigj\u00ebs s\u00eb Mitropolis\u00eb s\u00eb Shenjt\u00eb t\u00eb Gjirokastr\u00ebs, por edhe gjith\u00eb Kish\u00ebs Orthodhokse, vizita e k\u00ebtyre dit\u00ebve n\u00eb k\u00ebto zona, t\u00eb Kryepiskopit t\u00eb Tiran\u00ebs, Durr\u00ebsit dhe gjith\u00eb Shqip\u00ebris\u00eb z. Anastas. N\u00eb kuadrin e gjith\u00eb atmosfer\u00ebs shpirt\u00ebrore q\u00eb krijohet me festimin e Fjetjes s\u00eb T\u00ebr\u00ebshenjt\u00ebs Mari (nuk \u00ebsht\u00eb madje aspak e rastit q\u00eb n\u00eb\" \/>\n<meta property=\"og:url\" content=\"https:\/\/orthodoxalbania.org\/2020\/2013\/03\/21\/vizite-me-mesazhe-te-shumefishta-optimizmi-u-krye-shenjterimi-i-dy-kishave-te-reja-ne-mitropoline-e-gjirokastres\/\" \/>\n<meta property=\"og:site_name\" content=\"Kisha Orthodh\u03bfkse Autoqefale e Shqip\u00ebris\u00eb\" \/>\n<meta property=\"article:publisher\" content=\"https:\/\/www.facebook.com\/koash1991\" \/>\n<meta property=\"article:published_time\" content=\"2013-03-21T09:59:36+00:00\" \/>\n<meta property=\"article:modified_time\" content=\"2020-04-06T20:32:00+00:00\" \/>\n<meta property=\"og:image\" content=\"https:\/\/lh5.googleusercontent.com\/-w2rr8dUoYrc\/VAQyG6sVUTI\/AAAAAAAACeA\/5eXil2xvgBM\/w600-h450-no\/IMG_3477_600_450.JPG\" \/>\n<meta name=\"author\" content=\"Kisha Orthodhokse\" \/>\n<meta name=\"twitter:card\" content=\"summary_large_image\" \/>\n<meta name=\"twitter:label1\" content=\"Written by\" \/>\n\t<meta name=\"twitter:data1\" content=\"Kisha Orthodhokse\" \/>\n\t<meta name=\"twitter:label2\" content=\"Est. reading time\" \/>\n\t<meta name=\"twitter:data2\" content=\"10 minutes\" \/>\n<script type=\"application\/ld+json\" class=\"yoast-schema-graph\">{\"@context\":\"https:\/\/schema.org\",\"@graph\":[{\"@type\":\"Article\",\"@id\":\"https:\/\/orthodoxalbania.org\/2020\/2013\/03\/21\/vizite-me-mesazhe-te-shumefishta-optimizmi-u-krye-shenjterimi-i-dy-kishave-te-reja-ne-mitropoline-e-gjirokastres\/#article\",\"isPartOf\":{\"@id\":\"https:\/\/orthodoxalbania.org\/2020\/2013\/03\/21\/vizite-me-mesazhe-te-shumefishta-optimizmi-u-krye-shenjterimi-i-dy-kishave-te-reja-ne-mitropoline-e-gjirokastres\/\"},\"author\":{\"name\":\"Kisha Orthodhokse\",\"@id\":\"https:\/\/orthodoxalbania.org\/2020\/#\/schema\/person\/0c387634a7063ac612d7ed9ce71c7e86\"},\"headline\":\"Vizit\u00eb me mesazhe t\u00eb shum\u00ebfishta optimizmi U krye shenjt\u00ebrimi i dy kishave t\u00eb reja n\u00eb mitropolin\u00eb e Gjirokastr\u00ebs. (14 Gusht 2011)\",\"datePublished\":\"2013-03-21T09:59:36+00:00\",\"dateModified\":\"2020-04-06T20:32:00+00:00\",\"mainEntityOfPage\":{\"@id\":\"https:\/\/orthodoxalbania.org\/2020\/2013\/03\/21\/vizite-me-mesazhe-te-shumefishta-optimizmi-u-krye-shenjterimi-i-dy-kishave-te-reja-ne-mitropoline-e-gjirokastres\/\"},\"wordCount\":2082,\"commentCount\":0,\"publisher\":{\"@id\":\"https:\/\/orthodoxalbania.org\/2020\/#organization\"},\"image\":{\"@id\":\"https:\/\/orthodoxalbania.org\/2020\/2013\/03\/21\/vizite-me-mesazhe-te-shumefishta-optimizmi-u-krye-shenjterimi-i-dy-kishave-te-reja-ne-mitropoline-e-gjirokastres\/#primaryimage\"},\"thumbnailUrl\":\"https:\/\/lh5.googleusercontent.com\/-w2rr8dUoYrc\/VAQyG6sVUTI\/AAAAAAAACeA\/5eXil2xvgBM\/w600-h450-no\/IMG_3477_600_450.JPG\",\"keywords\":[\"2011\",\"Deklarata - Njoftime Zyrtare\",\"Kremtime\",\"Kryepiskopi Anastas\",\"lajme\",\"Mitropolia Gjirokast\u00ebr\",\"Shenjt\u00ebrime\"],\"articleSection\":[\"Lajme\"],\"inLanguage\":\"en-US\"},{\"@type\":\"WebPage\",\"@id\":\"https:\/\/orthodoxalbania.org\/2020\/2013\/03\/21\/vizite-me-mesazhe-te-shumefishta-optimizmi-u-krye-shenjterimi-i-dy-kishave-te-reja-ne-mitropoline-e-gjirokastres\/\",\"url\":\"https:\/\/orthodoxalbania.org\/2020\/2013\/03\/21\/vizite-me-mesazhe-te-shumefishta-optimizmi-u-krye-shenjterimi-i-dy-kishave-te-reja-ne-mitropoline-e-gjirokastres\/\",\"name\":\"Vizit\u00eb me mesazhe t\u00eb shum\u00ebfishta optimizmi U krye shenjt\u00ebrimi i dy kishave t\u00eb reja n\u00eb mitropolin\u00eb e Gjirokastr\u00ebs. (14 Gusht 2011) - Kisha Orthodh\u03bfkse Autoqefale e Shqip\u00ebris\u00eb\",\"isPartOf\":{\"@id\":\"https:\/\/orthodoxalbania.org\/2020\/#website\"},\"primaryImageOfPage\":{\"@id\":\"https:\/\/orthodoxalbania.org\/2020\/2013\/03\/21\/vizite-me-mesazhe-te-shumefishta-optimizmi-u-krye-shenjterimi-i-dy-kishave-te-reja-ne-mitropoline-e-gjirokastres\/#primaryimage\"},\"image\":{\"@id\":\"https:\/\/orthodoxalbania.org\/2020\/2013\/03\/21\/vizite-me-mesazhe-te-shumefishta-optimizmi-u-krye-shenjterimi-i-dy-kishave-te-reja-ne-mitropoline-e-gjirokastres\/#primaryimage\"},\"thumbnailUrl\":\"https:\/\/lh5.googleusercontent.com\/-w2rr8dUoYrc\/VAQyG6sVUTI\/AAAAAAAACeA\/5eXil2xvgBM\/w600-h450-no\/IMG_3477_600_450.JPG\",\"datePublished\":\"2013-03-21T09:59:36+00:00\",\"dateModified\":\"2020-04-06T20:32:00+00:00\",\"breadcrumb\":{\"@id\":\"https:\/\/orthodoxalbania.org\/2020\/2013\/03\/21\/vizite-me-mesazhe-te-shumefishta-optimizmi-u-krye-shenjterimi-i-dy-kishave-te-reja-ne-mitropoline-e-gjirokastres\/#breadcrumb\"},\"inLanguage\":\"en-US\",\"potentialAction\":[{\"@type\":\"ReadAction\",\"target\":[\"https:\/\/orthodoxalbania.org\/2020\/2013\/03\/21\/vizite-me-mesazhe-te-shumefishta-optimizmi-u-krye-shenjterimi-i-dy-kishave-te-reja-ne-mitropoline-e-gjirokastres\/\"]}]},{\"@type\":\"ImageObject\",\"inLanguage\":\"en-US\",\"@id\":\"https:\/\/orthodoxalbania.org\/2020\/2013\/03\/21\/vizite-me-mesazhe-te-shumefishta-optimizmi-u-krye-shenjterimi-i-dy-kishave-te-reja-ne-mitropoline-e-gjirokastres\/#primaryimage\",\"url\":\"https:\/\/lh5.googleusercontent.com\/-w2rr8dUoYrc\/VAQyG6sVUTI\/AAAAAAAACeA\/5eXil2xvgBM\/w600-h450-no\/IMG_3477_600_450.JPG\",\"contentUrl\":\"https:\/\/lh5.googleusercontent.com\/-w2rr8dUoYrc\/VAQyG6sVUTI\/AAAAAAAACeA\/5eXil2xvgBM\/w600-h450-no\/IMG_3477_600_450.JPG\"},{\"@type\":\"BreadcrumbList\",\"@id\":\"https:\/\/orthodoxalbania.org\/2020\/2013\/03\/21\/vizite-me-mesazhe-te-shumefishta-optimizmi-u-krye-shenjterimi-i-dy-kishave-te-reja-ne-mitropoline-e-gjirokastres\/#breadcrumb\",\"itemListElement\":[{\"@type\":\"ListItem\",\"position\":1,\"name\":\"Home\",\"item\":\"https:\/\/orthodoxalbania.org\/2020\/\"},{\"@type\":\"ListItem\",\"position\":2,\"name\":\"Vizit\u00eb me mesazhe t\u00eb shum\u00ebfishta optimizmi U krye shenjt\u00ebrimi i dy kishave t\u00eb reja n\u00eb mitropolin\u00eb e Gjirokastr\u00ebs. (14 Gusht 2011)\"}]},{\"@type\":\"WebSite\",\"@id\":\"https:\/\/orthodoxalbania.org\/2020\/#website\",\"url\":\"https:\/\/orthodoxalbania.org\/2020\/\",\"name\":\"Kisha Orthodh\u03bfkse Autoqefale e Shqip\u00ebris\u00eb\",\"description\":\"Fqja Zyrtare e Kish\u00ebs Orthodhokse Autoqefale e Shqip\u00ebris\u00eb me lajmet edhe informacionet zyrtare p\u00ebr struktur\u00ebn edhe veprimtarin e saj.\",\"publisher\":{\"@id\":\"https:\/\/orthodoxalbania.org\/2020\/#organization\"},\"potentialAction\":[{\"@type\":\"SearchAction\",\"target\":{\"@type\":\"EntryPoint\",\"urlTemplate\":\"https:\/\/orthodoxalbania.org\/2020\/?s={search_term_string}\"},\"query-input\":{\"@type\":\"PropertyValueSpecification\",\"valueRequired\":true,\"valueName\":\"search_term_string\"}}],\"inLanguage\":\"en-US\"},{\"@type\":\"Organization\",\"@id\":\"https:\/\/orthodoxalbania.org\/2020\/#organization\",\"name\":\"Kisha Orthodhokse Autoqefale e Shqip\u00ebris\u00eb\",\"url\":\"https:\/\/orthodoxalbania.org\/2020\/\",\"logo\":{\"@type\":\"ImageObject\",\"inLanguage\":\"en-US\",\"@id\":\"https:\/\/orthodoxalbania.org\/2020\/#\/schema\/logo\/image\/\",\"url\":\"https:\/\/orthodoxalbania.org\/2020\/wp-content\/uploads\/2020\/05\/albania.jpeg\",\"contentUrl\":\"https:\/\/orthodoxalbania.org\/2020\/wp-content\/uploads\/2020\/05\/albania.jpeg\",\"width\":540,\"height\":540,\"caption\":\"Kisha Orthodhokse Autoqefale e Shqip\u00ebris\u00eb\"},\"image\":{\"@id\":\"https:\/\/orthodoxalbania.org\/2020\/#\/schema\/logo\/image\/\"},\"sameAs\":[\"https:\/\/www.facebook.com\/koash1991\"]},{\"@type\":\"Person\",\"@id\":\"https:\/\/orthodoxalbania.org\/2020\/#\/schema\/person\/0c387634a7063ac612d7ed9ce71c7e86\",\"name\":\"Kisha Orthodhokse\",\"image\":{\"@type\":\"ImageObject\",\"inLanguage\":\"en-US\",\"@id\":\"https:\/\/secure.gravatar.com\/avatar\/596e7c417251e30f2fbb9c00e026fce61a695a00e51c889caded71c96cbbdde5?s=96&d=mm&r=g\",\"url\":\"https:\/\/secure.gravatar.com\/avatar\/596e7c417251e30f2fbb9c00e026fce61a695a00e51c889caded71c96cbbdde5?s=96&d=mm&r=g\",\"contentUrl\":\"https:\/\/secure.gravatar.com\/avatar\/596e7c417251e30f2fbb9c00e026fce61a695a00e51c889caded71c96cbbdde5?s=96&d=mm&r=g\",\"caption\":\"Kisha Orthodhokse\"}}]}<\/script>\n<!-- \/ Yoast SEO plugin. -->","yoast_head_json":{"title":"Vizit\u00eb me mesazhe t\u00eb shum\u00ebfishta optimizmi U krye shenjt\u00ebrimi i dy kishave t\u00eb reja n\u00eb mitropolin\u00eb e Gjirokastr\u00ebs. (14 Gusht 2011) - Kisha Orthodh\u03bfkse Autoqefale e Shqip\u00ebris\u00eb","robots":{"index":"index","follow":"follow","max-snippet":"max-snippet:-1","max-image-preview":"max-image-preview:large","max-video-preview":"max-video-preview:-1"},"canonical":"https:\/\/orthodoxalbania.org\/2020\/2013\/03\/21\/vizite-me-mesazhe-te-shumefishta-optimizmi-u-krye-shenjterimi-i-dy-kishave-te-reja-ne-mitropoline-e-gjirokastres\/","og_locale":"en_US","og_type":"article","og_title":"Vizit\u00eb me mesazhe t\u00eb shum\u00ebfishta optimizmi U krye shenjt\u00ebrimi i dy kishave t\u00eb reja n\u00eb mitropolin\u00eb e Gjirokastr\u00ebs. (14 Gusht 2011) - Kisha Orthodh\u03bfkse Autoqefale e Shqip\u00ebris\u00eb","og_description":"&nbsp;&nbsp;&nbsp;&nbsp;&nbsp;&nbsp;&nbsp;&nbsp;&nbsp;&nbsp;&nbsp;&nbsp;&nbsp;&nbsp;&nbsp; &nbsp; &nbsp;&nbsp;&nbsp; G\u00ebzim t\u00eb ve\u00e7ant\u00eb, por edhe tone optimizmi i dha gjith\u00eb grigj\u00ebs s\u00eb Mitropolis\u00eb s\u00eb Shenjt\u00eb t\u00eb Gjirokastr\u00ebs, por edhe gjith\u00eb Kish\u00ebs Orthodhokse, vizita e k\u00ebtyre dit\u00ebve n\u00eb k\u00ebto zona, t\u00eb Kryepiskopit t\u00eb Tiran\u00ebs, Durr\u00ebsit dhe gjith\u00eb Shqip\u00ebris\u00eb z. Anastas. N\u00eb kuadrin e gjith\u00eb atmosfer\u00ebs shpirt\u00ebrore q\u00eb krijohet me festimin e Fjetjes s\u00eb T\u00ebr\u00ebshenjt\u00ebs Mari (nuk \u00ebsht\u00eb madje aspak e rastit q\u00eb n\u00eb","og_url":"https:\/\/orthodoxalbania.org\/2020\/2013\/03\/21\/vizite-me-mesazhe-te-shumefishta-optimizmi-u-krye-shenjterimi-i-dy-kishave-te-reja-ne-mitropoline-e-gjirokastres\/","og_site_name":"Kisha Orthodh\u03bfkse Autoqefale e Shqip\u00ebris\u00eb","article_publisher":"https:\/\/www.facebook.com\/koash1991","article_published_time":"2013-03-21T09:59:36+00:00","article_modified_time":"2020-04-06T20:32:00+00:00","og_image":[{"url":"https:\/\/lh5.googleusercontent.com\/-w2rr8dUoYrc\/VAQyG6sVUTI\/AAAAAAAACeA\/5eXil2xvgBM\/w600-h450-no\/IMG_3477_600_450.JPG","type":"","width":"","height":""}],"author":"Kisha Orthodhokse","twitter_card":"summary_large_image","twitter_misc":{"Written by":"Kisha Orthodhokse","Est. reading time":"10 minutes"},"schema":{"@context":"https:\/\/schema.org","@graph":[{"@type":"Article","@id":"https:\/\/orthodoxalbania.org\/2020\/2013\/03\/21\/vizite-me-mesazhe-te-shumefishta-optimizmi-u-krye-shenjterimi-i-dy-kishave-te-reja-ne-mitropoline-e-gjirokastres\/#article","isPartOf":{"@id":"https:\/\/orthodoxalbania.org\/2020\/2013\/03\/21\/vizite-me-mesazhe-te-shumefishta-optimizmi-u-krye-shenjterimi-i-dy-kishave-te-reja-ne-mitropoline-e-gjirokastres\/"},"author":{"name":"Kisha Orthodhokse","@id":"https:\/\/orthodoxalbania.org\/2020\/#\/schema\/person\/0c387634a7063ac612d7ed9ce71c7e86"},"headline":"Vizit\u00eb me mesazhe t\u00eb shum\u00ebfishta optimizmi U krye shenjt\u00ebrimi i dy kishave t\u00eb reja n\u00eb mitropolin\u00eb e Gjirokastr\u00ebs. (14 Gusht 2011)","datePublished":"2013-03-21T09:59:36+00:00","dateModified":"2020-04-06T20:32:00+00:00","mainEntityOfPage":{"@id":"https:\/\/orthodoxalbania.org\/2020\/2013\/03\/21\/vizite-me-mesazhe-te-shumefishta-optimizmi-u-krye-shenjterimi-i-dy-kishave-te-reja-ne-mitropoline-e-gjirokastres\/"},"wordCount":2082,"commentCount":0,"publisher":{"@id":"https:\/\/orthodoxalbania.org\/2020\/#organization"},"image":{"@id":"https:\/\/orthodoxalbania.org\/2020\/2013\/03\/21\/vizite-me-mesazhe-te-shumefishta-optimizmi-u-krye-shenjterimi-i-dy-kishave-te-reja-ne-mitropoline-e-gjirokastres\/#primaryimage"},"thumbnailUrl":"https:\/\/lh5.googleusercontent.com\/-w2rr8dUoYrc\/VAQyG6sVUTI\/AAAAAAAACeA\/5eXil2xvgBM\/w600-h450-no\/IMG_3477_600_450.JPG","keywords":["2011","Deklarata - Njoftime Zyrtare","Kremtime","Kryepiskopi Anastas","lajme","Mitropolia Gjirokast\u00ebr","Shenjt\u00ebrime"],"articleSection":["Lajme"],"inLanguage":"en-US"},{"@type":"WebPage","@id":"https:\/\/orthodoxalbania.org\/2020\/2013\/03\/21\/vizite-me-mesazhe-te-shumefishta-optimizmi-u-krye-shenjterimi-i-dy-kishave-te-reja-ne-mitropoline-e-gjirokastres\/","url":"https:\/\/orthodoxalbania.org\/2020\/2013\/03\/21\/vizite-me-mesazhe-te-shumefishta-optimizmi-u-krye-shenjterimi-i-dy-kishave-te-reja-ne-mitropoline-e-gjirokastres\/","name":"Vizit\u00eb me mesazhe t\u00eb shum\u00ebfishta optimizmi U krye shenjt\u00ebrimi i dy kishave t\u00eb reja n\u00eb mitropolin\u00eb e Gjirokastr\u00ebs. (14 Gusht 2011) - Kisha Orthodh\u03bfkse Autoqefale e Shqip\u00ebris\u00eb","isPartOf":{"@id":"https:\/\/orthodoxalbania.org\/2020\/#website"},"primaryImageOfPage":{"@id":"https:\/\/orthodoxalbania.org\/2020\/2013\/03\/21\/vizite-me-mesazhe-te-shumefishta-optimizmi-u-krye-shenjterimi-i-dy-kishave-te-reja-ne-mitropoline-e-gjirokastres\/#primaryimage"},"image":{"@id":"https:\/\/orthodoxalbania.org\/2020\/2013\/03\/21\/vizite-me-mesazhe-te-shumefishta-optimizmi-u-krye-shenjterimi-i-dy-kishave-te-reja-ne-mitropoline-e-gjirokastres\/#primaryimage"},"thumbnailUrl":"https:\/\/lh5.googleusercontent.com\/-w2rr8dUoYrc\/VAQyG6sVUTI\/AAAAAAAACeA\/5eXil2xvgBM\/w600-h450-no\/IMG_3477_600_450.JPG","datePublished":"2013-03-21T09:59:36+00:00","dateModified":"2020-04-06T20:32:00+00:00","breadcrumb":{"@id":"https:\/\/orthodoxalbania.org\/2020\/2013\/03\/21\/vizite-me-mesazhe-te-shumefishta-optimizmi-u-krye-shenjterimi-i-dy-kishave-te-reja-ne-mitropoline-e-gjirokastres\/#breadcrumb"},"inLanguage":"en-US","potentialAction":[{"@type":"ReadAction","target":["https:\/\/orthodoxalbania.org\/2020\/2013\/03\/21\/vizite-me-mesazhe-te-shumefishta-optimizmi-u-krye-shenjterimi-i-dy-kishave-te-reja-ne-mitropoline-e-gjirokastres\/"]}]},{"@type":"ImageObject","inLanguage":"en-US","@id":"https:\/\/orthodoxalbania.org\/2020\/2013\/03\/21\/vizite-me-mesazhe-te-shumefishta-optimizmi-u-krye-shenjterimi-i-dy-kishave-te-reja-ne-mitropoline-e-gjirokastres\/#primaryimage","url":"https:\/\/lh5.googleusercontent.com\/-w2rr8dUoYrc\/VAQyG6sVUTI\/AAAAAAAACeA\/5eXil2xvgBM\/w600-h450-no\/IMG_3477_600_450.JPG","contentUrl":"https:\/\/lh5.googleusercontent.com\/-w2rr8dUoYrc\/VAQyG6sVUTI\/AAAAAAAACeA\/5eXil2xvgBM\/w600-h450-no\/IMG_3477_600_450.JPG"},{"@type":"BreadcrumbList","@id":"https:\/\/orthodoxalbania.org\/2020\/2013\/03\/21\/vizite-me-mesazhe-te-shumefishta-optimizmi-u-krye-shenjterimi-i-dy-kishave-te-reja-ne-mitropoline-e-gjirokastres\/#breadcrumb","itemListElement":[{"@type":"ListItem","position":1,"name":"Home","item":"https:\/\/orthodoxalbania.org\/2020\/"},{"@type":"ListItem","position":2,"name":"Vizit\u00eb me mesazhe t\u00eb shum\u00ebfishta optimizmi U krye shenjt\u00ebrimi i dy kishave t\u00eb reja n\u00eb mitropolin\u00eb e Gjirokastr\u00ebs. (14 Gusht 2011)"}]},{"@type":"WebSite","@id":"https:\/\/orthodoxalbania.org\/2020\/#website","url":"https:\/\/orthodoxalbania.org\/2020\/","name":"Kisha Orthodh\u03bfkse Autoqefale e Shqip\u00ebris\u00eb","description":"Fqja Zyrtare e Kish\u00ebs Orthodhokse Autoqefale e Shqip\u00ebris\u00eb me lajmet edhe informacionet zyrtare p\u00ebr struktur\u00ebn edhe veprimtarin e saj.","publisher":{"@id":"https:\/\/orthodoxalbania.org\/2020\/#organization"},"potentialAction":[{"@type":"SearchAction","target":{"@type":"EntryPoint","urlTemplate":"https:\/\/orthodoxalbania.org\/2020\/?s={search_term_string}"},"query-input":{"@type":"PropertyValueSpecification","valueRequired":true,"valueName":"search_term_string"}}],"inLanguage":"en-US"},{"@type":"Organization","@id":"https:\/\/orthodoxalbania.org\/2020\/#organization","name":"Kisha Orthodhokse Autoqefale e Shqip\u00ebris\u00eb","url":"https:\/\/orthodoxalbania.org\/2020\/","logo":{"@type":"ImageObject","inLanguage":"en-US","@id":"https:\/\/orthodoxalbania.org\/2020\/#\/schema\/logo\/image\/","url":"https:\/\/orthodoxalbania.org\/2020\/wp-content\/uploads\/2020\/05\/albania.jpeg","contentUrl":"https:\/\/orthodoxalbania.org\/2020\/wp-content\/uploads\/2020\/05\/albania.jpeg","width":540,"height":540,"caption":"Kisha Orthodhokse Autoqefale e Shqip\u00ebris\u00eb"},"image":{"@id":"https:\/\/orthodoxalbania.org\/2020\/#\/schema\/logo\/image\/"},"sameAs":["https:\/\/www.facebook.com\/koash1991"]},{"@type":"Person","@id":"https:\/\/orthodoxalbania.org\/2020\/#\/schema\/person\/0c387634a7063ac612d7ed9ce71c7e86","name":"Kisha Orthodhokse","image":{"@type":"ImageObject","inLanguage":"en-US","@id":"https:\/\/secure.gravatar.com\/avatar\/596e7c417251e30f2fbb9c00e026fce61a695a00e51c889caded71c96cbbdde5?s=96&d=mm&r=g","url":"https:\/\/secure.gravatar.com\/avatar\/596e7c417251e30f2fbb9c00e026fce61a695a00e51c889caded71c96cbbdde5?s=96&d=mm&r=g","contentUrl":"https:\/\/secure.gravatar.com\/avatar\/596e7c417251e30f2fbb9c00e026fce61a695a00e51c889caded71c96cbbdde5?s=96&d=mm&r=g","caption":"Kisha Orthodhokse"}}]}},"_links":{"self":[{"href":"https:\/\/orthodoxalbania.org\/2020\/wp-json\/wp\/v2\/posts\/1539","targetHints":{"allow":["GET"]}}],"collection":[{"href":"https:\/\/orthodoxalbania.org\/2020\/wp-json\/wp\/v2\/posts"}],"about":[{"href":"https:\/\/orthodoxalbania.org\/2020\/wp-json\/wp\/v2\/types\/post"}],"author":[{"embeddable":true,"href":"https:\/\/orthodoxalbania.org\/2020\/wp-json\/wp\/v2\/users\/1"}],"replies":[{"embeddable":true,"href":"https:\/\/orthodoxalbania.org\/2020\/wp-json\/wp\/v2\/comments?post=1539"}],"version-history":[{"count":1,"href":"https:\/\/orthodoxalbania.org\/2020\/wp-json\/wp\/v2\/posts\/1539\/revisions"}],"predecessor-version":[{"id":15371,"href":"https:\/\/orthodoxalbania.org\/2020\/wp-json\/wp\/v2\/posts\/1539\/revisions\/15371"}],"wp:attachment":[{"href":"https:\/\/orthodoxalbania.org\/2020\/wp-json\/wp\/v2\/media?parent=1539"}],"wp:term":[{"taxonomy":"category","embeddable":true,"href":"https:\/\/orthodoxalbania.org\/2020\/wp-json\/wp\/v2\/categories?post=1539"},{"taxonomy":"post_tag","embeddable":true,"href":"https:\/\/orthodoxalbania.org\/2020\/wp-json\/wp\/v2\/tags?post=1539"}],"curies":[{"name":"wp","href":"https:\/\/api.w.org\/{rel}","templated":true}]}}