{"id":1537,"date":"2013-03-20T12:48:09","date_gmt":"2013-03-20T12:48:09","guid":{"rendered":""},"modified":"2020-04-06T22:32:25","modified_gmt":"2020-04-06T20:32:25","slug":"vizite-e-kryepiskopit-anastas-ne-bashkine-e-gjirokastres","status":"publish","type":"post","link":"https:\/\/orthodoxalbania.org\/2020\/2013\/03\/20\/vizite-e-kryepiskopit-anastas-ne-bashkine-e-gjirokastres\/","title":{"rendered":"Vizit\u00eb e Kryepiskopit Anastas n\u00eb bashkin\u00eb e Gjirokastr\u00ebs. (Qershor 2010)"},"content":{"rendered":"<div style=\"text-align: -webkit-center;\">&nbsp;<\/div>\n<table border=\"0\">\n<tbody>\n<tr>\n<td>\n<div class=\"style7\">\n<div class=\"style8\" style=\"text-align: justify;\"><span style=\"color: #000000;\"><span style=\"font-family: tahoma,geneva,sans-serif;\"><span style=\"font-size: 12px;\"><img decoding=\"async\" class=\"lazyload HAa Eha\" style=\"border-width: 1px; border-style: solid; margin: 10px; float: left;\" alt=\"\" src=\"data:image\/svg+xml,%3Csvg%20xmlns%3D%27http%3A%2F%2Fwww.w3.org%2F2000%2Fsvg%27%20width%3D%27261%27%20height%3D%27199%27%20viewBox%3D%270%200%20261%20199%27%3E%3Crect%20width%3D%27261%27%20height%3D%27199%27%20fill-opacity%3D%220%22%2F%3E%3C%2Fsvg%3E\" data-orig-src=\"https:\/\/lh3.googleusercontent.com\/-quRY7MjgBp8\/U_7cA_hU5_I\/AAAAAAAABho\/HEHDi6Jfc6Q\/w600-h457-no\/m.jpg\" height=\"199\" width=\"261\" \/>&nbsp;&nbsp;&nbsp; Kryetari i Bashkis\u00eb s\u00eb Gjirokastr\u00ebs z. Flamur Bime e ftoi Kryepiskopin Anastas, pas &nbsp;t\u00eb vizitoj\u00eb selin\u00eb e bashkis\u00eb, vizit\u00eb q\u00eb u realizua t\u00eb h\u00ebn\u00ebn n\u00eb m\u00ebngjes. Kryetari i Bashkis\u00eb dhe dy n\u00ebnkryetar\u00ebt e prit\u00ebn p\u00ebrzem\u00ebrsisht Kryepiskopin dhe vijoi nj\u00eb bised\u00eb e ngroht\u00eb.<\/span><\/span><\/span><\/div>\n<div class=\"style8\" style=\"text-align: justify;\"> <span style=\"color: #000000;\"><span style=\"font-family: tahoma,geneva,sans-serif;\"><span style=\"font-size: 12px;\">&nbsp;&nbsp;&nbsp; Kryetari i Bashkis\u00eb u shpreh me fjal\u00ebt m\u00eb t\u00eb ngrohta p\u00ebr vepr\u00ebn e Kryepiskopit Anastas p\u00ebr ringritjen e Kish\u00ebs Orthodhokse n\u00eb vendin ton\u00eb, por edhe p\u00ebr veprimtarin\u00eb publike m\u00eb n\u00eb p\u00ebrgjith\u00ebsi dhe n\u00eb m\u00ebnyr\u00eb specifike n\u00eb promovimin dhe thellimin e vazhduesh\u00ebm t\u00eb p\u00ebrvoj\u00ebs s\u00eb vyer t\u00eb bashkekzistenc\u00ebs dhe bashk\u00ebpunimit t\u00eb komuniteteve fetare. Foli gjithashtu p\u00ebr perspektiv\u00ebn q\u00eb hapet edhe p\u00ebr komunitetin Orthodhoks n\u00eb Gjirokast\u00ebr me nd\u00ebrtimin e Kish\u00ebs s\u00eb re&nbsp; Katedrale t\u00eb Ngjalljes s\u00eb Zotit, si edhe kompleksin arsimor q\u00eb do ta shoq\u00ebroj\u00eb. <img decoding=\"async\" class=\"lazyload HAa Eha\" style=\"border-width: 1px; border-style: solid; margin: 10px; float: right;\" alt=\"\" src=\"data:image\/svg+xml,%3Csvg%20xmlns%3D%27http%3A%2F%2Fwww.w3.org%2F2000%2Fsvg%27%20width%3D%27269%27%20height%3D%27188%27%20viewBox%3D%270%200%20269%20188%27%3E%3Crect%20width%3D%27269%27%20height%3D%27188%27%20fill-opacity%3D%220%22%2F%3E%3C%2Fsvg%3E\" data-orig-src=\"https:\/\/lh4.googleusercontent.com\/-bFIpYK0WKic\/U_7cBAD8Y4I\/AAAAAAAABhw\/TRzamT9GEvg\/w600-h400-no\/t.jpg\" height=\"188\" width=\"269\" \/><\/span><\/span><\/span><\/div>\n<div class=\"style8\">&nbsp;<\/div>\n<div class=\"style8\" style=\"text-align: justify;\"><span style=\"color: #000000;\"><span style=\"font-family: tahoma,geneva,sans-serif;\"><span style=\"font-size: 12px;\">&nbsp;&nbsp;&nbsp; Kryepiskopi, n\u00eb p\u00ebrgjigje t\u00eb mir\u00ebseardhjes s\u00eb ngroht\u00eb, foli p\u00ebr interesimin me t\u00eb cilin ndjek vepr\u00ebn q\u00eb po realizohet n\u00eb qytet, si nj\u00eb port\u00eb hyr\u00ebse e r\u00ebnd\u00ebsishme e Shqip\u00ebris\u00eb. N\u00eb ve\u00e7anti, ai iu referua \u00e7\u00ebshtjes s\u00eb trash\u00ebgimis\u00eb kulturore q\u00eb Gjirokastra e ka t\u00eb pasur dhe se Kisha Orthodhokse e ka dh\u00ebn\u00eb e para shembullin, jo thjesht duke bler\u00eb nj\u00eb kompleks banesash tradicionale dhe duke e restauruar at\u00eb, por, kryesisht, duke i ridh\u00ebn\u00eb jet\u00eb, duke e p\u00ebrdorur at\u00eb si qend\u00ebr administrative e shkoll\u00eb.<\/span><\/span><\/span><\/div>\n<div class=\"style8\" style=\"text-align: justify;\"> <span style=\"color: #000000;\"><span style=\"font-family: tahoma,geneva,sans-serif;\"><span style=\"font-size: 12px;\">&nbsp;&nbsp;&nbsp; Kryepiskopi pati gjithashtu rastin t\u00eb theksoj\u00eb se si Kisha e re, si edhe nd\u00ebrtesat e tjera t\u00eb kompleksit q\u00eb do t\u00eb nd\u00ebrtohet jan\u00eb projektuar me kujdes dhe do t\u00eb zbatohen me ritme intensive, por sidomos me merak, n\u00eb m\u00ebnyr\u00eb q\u00eb t\u00eb zbukurojn\u00eb qytetin.<\/span><\/span><\/span><\/div>\n<div class=\"style8\" style=\"text-align: justify;\"><span style=\"color: #000000;\"><span style=\"font-family: tahoma,geneva,sans-serif;\"><span style=\"font-size: 12px;\"><br \/> <img decoding=\"async\" class=\"lazyload HAa Eha\" style=\"border-width: 1px; border-style: solid; margin: 10px; float: left;\" alt=\"\" src=\"data:image\/svg+xml,%3Csvg%20xmlns%3D%27http%3A%2F%2Fwww.w3.org%2F2000%2Fsvg%27%20width%3D%27288%27%20height%3D%27255%27%20viewBox%3D%270%200%20288%20255%27%3E%3Crect%20width%3D%27288%27%20height%3D%27255%27%20fill-opacity%3D%220%22%2F%3E%3C%2Fsvg%3E\" data-orig-src=\"https:\/\/lh5.googleusercontent.com\/--YZMxnJnxpI\/U_7cAybyPWI\/AAAAAAAABh0\/39W1r5gGBpc\/w600-h530-no\/q.jpg\" height=\"255\" width=\"288\" \/> &nbsp; &nbsp; U theksua se takime t\u00eb k\u00ebsaj natyre dhe n\u00eb ve\u00e7anti bashk\u00ebpunimi mes autoriteteve lokale dhe Kish\u00ebs jan\u00eb n\u00eb dobi t\u00eb komunitetit dhe t\u00eb qytetit, jan\u00eb n\u00eb mb\u00ebshtetje t\u00eb perspektiv\u00ebs p\u00ebr p\u00ebrmir\u00ebsimin e jet\u00ebs s\u00eb qytetar\u00ebve t\u00eb tij.<\/span><\/span><\/span><\/div>\n<div class=\"style8\" style=\"text-align: justify;\"> <span style=\"color: #000000;\"><span style=\"font-family: tahoma,geneva,sans-serif;\"><span style=\"font-size: 12px;\">&nbsp; &nbsp; N\u00eb k\u00ebt\u00eb kuad\u00ebr, z. Bime e fal\u00ebnderoi Kryepiskopin p\u00ebr dhurimin s\u00eb fundmi, p\u00ebr Bashkin\u00eb t\u00eb nj\u00eb numri koshash p\u00ebr mbeturinat urbane, n\u00eb kuad\u00ebr t\u00eb nj\u00eb programi mjedisor.<\/span><\/span><\/span><\/div>\n<div class=\"style8\" style=\"text-align: justify;\"> <span style=\"color: #000000;\"><span style=\"font-family: tahoma,geneva,sans-serif;\"><span style=\"font-size: 12px;\">&nbsp;&nbsp;&nbsp; Kryepiskopi shoq\u00ebrohej nga Mitropoliti i Gjirokastr\u00ebs Dhimitri.<\/span><\/span><\/span><\/div>\n<div class=\"style8\" style=\"text-align: justify;\"><span style=\"color: #000000;\"><span style=\"font-family: tahoma,geneva,sans-serif;\"><span style=\"font-size: 12px;\"><br \/>&nbsp;&nbsp;&nbsp; Kjo vizit\u00eb u pasqyrua n\u00eb m\u00ebnyr\u00eb t\u00eb zgjeruar n\u00eb median lokale me komentet m\u00eb t\u00eb mira p\u00ebr pun\u00ebn dhe gjith\u00e7ka q\u00eb ofron n\u00eb Gjirokast\u00ebr dhe komunitetin lokal t\u00eb saj Kisha Orthodhokse e personalisht Kryepiskopi.<\/span><\/span><\/span><\/div>\n<\/div>\n<\/td>\n<\/tr>\n<\/tbody>\n<\/table>\n","protected":false},"excerpt":{"rendered":"<p>&nbsp; &nbsp;&nbsp;&nbsp; Kryetari i Bashkis\u00eb s\u00eb Gjirokastr\u00ebs z. Flamur Bime e ftoi Kryepiskopin Anastas, pas &nbsp;t\u00eb vizitoj\u00eb selin\u00eb e bashkis\u00eb, vizit\u00eb q\u00eb u realizua t\u00eb h\u00ebn\u00ebn n\u00eb m\u00ebngjes. Kryetari i Bashkis\u00eb dhe dy n\u00ebnkryetar\u00ebt e prit\u00ebn p\u00ebrzem\u00ebrsisht Kryepiskopin dhe vijoi nj\u00eb bised\u00eb e ngroht\u00eb. &nbsp;&nbsp;&nbsp; Kryetari i Bashkis\u00eb u shpreh me fjal\u00ebt m\u00eb t\u00eb ngrohta p\u00ebr vepr\u00ebn e Kryepiskopit Anastas p\u00ebr ringritjen e Kish\u00ebs Orthodhokse<\/p>\n","protected":false},"author":1,"featured_media":0,"comment_status":"open","ping_status":"open","sticky":false,"template":"","format":"standard","meta":{"_acf_changed":false,"pagelayer_contact_templates":[],"_pagelayer_content":"","inline_featured_image":false,"fifu_image_url":"","fifu_image_alt":"","footnotes":""},"categories":[108],"tags":[144,196,201,212,198],"class_list":["post-1537","post","type-post","status-publish","format-standard","hentry","category-lajme","tag-144","tag-tirane","tag-kryepiskopi-anastas","tag-lajme-d27","tag-gjirokaster"],"acf":[],"yoast_head":"<!-- This site is optimized with the Yoast SEO plugin v27.2 - https:\/\/yoast.com\/product\/yoast-seo-wordpress\/ -->\n<title>Vizit\u00eb e Kryepiskopit Anastas n\u00eb bashkin\u00eb e Gjirokastr\u00ebs. (Qershor 2010) - Kisha Orthodh\u03bfkse Autoqefale e Shqip\u00ebris\u00eb<\/title>\n<meta name=\"robots\" content=\"index, follow, max-snippet:-1, max-image-preview:large, max-video-preview:-1\" \/>\n<link rel=\"canonical\" href=\"https:\/\/orthodoxalbania.org\/2020\/2013\/03\/20\/vizite-e-kryepiskopit-anastas-ne-bashkine-e-gjirokastres\/\" \/>\n<meta property=\"og:locale\" content=\"en_US\" \/>\n<meta property=\"og:type\" content=\"article\" \/>\n<meta property=\"og:title\" content=\"Vizit\u00eb e Kryepiskopit Anastas n\u00eb bashkin\u00eb e Gjirokastr\u00ebs. (Qershor 2010) - Kisha Orthodh\u03bfkse Autoqefale e Shqip\u00ebris\u00eb\" \/>\n<meta property=\"og:description\" content=\"&nbsp; &nbsp;&nbsp;&nbsp; Kryetari i Bashkis\u00eb s\u00eb Gjirokastr\u00ebs z. Flamur Bime e ftoi Kryepiskopin Anastas, pas &nbsp;t\u00eb vizitoj\u00eb selin\u00eb e bashkis\u00eb, vizit\u00eb q\u00eb u realizua t\u00eb h\u00ebn\u00ebn n\u00eb m\u00ebngjes. Kryetari i Bashkis\u00eb dhe dy n\u00ebnkryetar\u00ebt e prit\u00ebn p\u00ebrzem\u00ebrsisht Kryepiskopin dhe vijoi nj\u00eb bised\u00eb e ngroht\u00eb. &nbsp;&nbsp;&nbsp; Kryetari i Bashkis\u00eb u shpreh me fjal\u00ebt m\u00eb t\u00eb ngrohta p\u00ebr vepr\u00ebn e Kryepiskopit Anastas p\u00ebr ringritjen e Kish\u00ebs Orthodhokse\" \/>\n<meta property=\"og:url\" content=\"https:\/\/orthodoxalbania.org\/2020\/2013\/03\/20\/vizite-e-kryepiskopit-anastas-ne-bashkine-e-gjirokastres\/\" \/>\n<meta property=\"og:site_name\" content=\"Kisha Orthodh\u03bfkse Autoqefale e Shqip\u00ebris\u00eb\" \/>\n<meta property=\"article:publisher\" content=\"https:\/\/www.facebook.com\/koash1991\" \/>\n<meta property=\"article:published_time\" content=\"2013-03-20T12:48:09+00:00\" \/>\n<meta property=\"article:modified_time\" content=\"2020-04-06T20:32:25+00:00\" \/>\n<meta property=\"og:image\" content=\"https:\/\/lh3.googleusercontent.com\/-quRY7MjgBp8\/U_7cA_hU5_I\/AAAAAAAABho\/HEHDi6Jfc6Q\/w600-h457-no\/m.jpg\" \/>\n<meta name=\"author\" content=\"Kisha Orthodhokse\" \/>\n<meta name=\"twitter:card\" content=\"summary_large_image\" \/>\n<meta name=\"twitter:label1\" content=\"Written by\" \/>\n\t<meta name=\"twitter:data1\" content=\"Kisha Orthodhokse\" \/>\n\t<meta name=\"twitter:label2\" content=\"Est. reading time\" \/>\n\t<meta name=\"twitter:data2\" content=\"2 minutes\" \/>\n<script type=\"application\/ld+json\" class=\"yoast-schema-graph\">{\"@context\":\"https:\/\/schema.org\",\"@graph\":[{\"@type\":\"Article\",\"@id\":\"https:\/\/orthodoxalbania.org\/2020\/2013\/03\/20\/vizite-e-kryepiskopit-anastas-ne-bashkine-e-gjirokastres\/#article\",\"isPartOf\":{\"@id\":\"https:\/\/orthodoxalbania.org\/2020\/2013\/03\/20\/vizite-e-kryepiskopit-anastas-ne-bashkine-e-gjirokastres\/\"},\"author\":{\"name\":\"Kisha Orthodhokse\",\"@id\":\"https:\/\/orthodoxalbania.org\/2020\/#\/schema\/person\/0c387634a7063ac612d7ed9ce71c7e86\"},\"headline\":\"Vizit\u00eb e Kryepiskopit Anastas n\u00eb bashkin\u00eb e Gjirokastr\u00ebs. (Qershor 2010)\",\"datePublished\":\"2013-03-20T12:48:09+00:00\",\"dateModified\":\"2020-04-06T20:32:25+00:00\",\"mainEntityOfPage\":{\"@id\":\"https:\/\/orthodoxalbania.org\/2020\/2013\/03\/20\/vizite-e-kryepiskopit-anastas-ne-bashkine-e-gjirokastres\/\"},\"wordCount\":462,\"commentCount\":0,\"publisher\":{\"@id\":\"https:\/\/orthodoxalbania.org\/2020\/#organization\"},\"image\":{\"@id\":\"https:\/\/orthodoxalbania.org\/2020\/2013\/03\/20\/vizite-e-kryepiskopit-anastas-ne-bashkine-e-gjirokastres\/#primaryimage\"},\"thumbnailUrl\":\"https:\/\/lh3.googleusercontent.com\/-quRY7MjgBp8\/U_7cA_hU5_I\/AAAAAAAABho\/HEHDi6Jfc6Q\/w600-h457-no\/m.jpg\",\"keywords\":[\"2010\",\"Kryepiskopata Tiran\u00eb\",\"Kryepiskopi Anastas\",\"lajme\",\"Mitropolia Gjirokast\u00ebr\"],\"articleSection\":[\"Lajme\"],\"inLanguage\":\"en-US\"},{\"@type\":\"WebPage\",\"@id\":\"https:\/\/orthodoxalbania.org\/2020\/2013\/03\/20\/vizite-e-kryepiskopit-anastas-ne-bashkine-e-gjirokastres\/\",\"url\":\"https:\/\/orthodoxalbania.org\/2020\/2013\/03\/20\/vizite-e-kryepiskopit-anastas-ne-bashkine-e-gjirokastres\/\",\"name\":\"Vizit\u00eb e Kryepiskopit Anastas n\u00eb bashkin\u00eb e Gjirokastr\u00ebs. (Qershor 2010) - Kisha Orthodh\u03bfkse Autoqefale e Shqip\u00ebris\u00eb\",\"isPartOf\":{\"@id\":\"https:\/\/orthodoxalbania.org\/2020\/#website\"},\"primaryImageOfPage\":{\"@id\":\"https:\/\/orthodoxalbania.org\/2020\/2013\/03\/20\/vizite-e-kryepiskopit-anastas-ne-bashkine-e-gjirokastres\/#primaryimage\"},\"image\":{\"@id\":\"https:\/\/orthodoxalbania.org\/2020\/2013\/03\/20\/vizite-e-kryepiskopit-anastas-ne-bashkine-e-gjirokastres\/#primaryimage\"},\"thumbnailUrl\":\"https:\/\/lh3.googleusercontent.com\/-quRY7MjgBp8\/U_7cA_hU5_I\/AAAAAAAABho\/HEHDi6Jfc6Q\/w600-h457-no\/m.jpg\",\"datePublished\":\"2013-03-20T12:48:09+00:00\",\"dateModified\":\"2020-04-06T20:32:25+00:00\",\"breadcrumb\":{\"@id\":\"https:\/\/orthodoxalbania.org\/2020\/2013\/03\/20\/vizite-e-kryepiskopit-anastas-ne-bashkine-e-gjirokastres\/#breadcrumb\"},\"inLanguage\":\"en-US\",\"potentialAction\":[{\"@type\":\"ReadAction\",\"target\":[\"https:\/\/orthodoxalbania.org\/2020\/2013\/03\/20\/vizite-e-kryepiskopit-anastas-ne-bashkine-e-gjirokastres\/\"]}]},{\"@type\":\"ImageObject\",\"inLanguage\":\"en-US\",\"@id\":\"https:\/\/orthodoxalbania.org\/2020\/2013\/03\/20\/vizite-e-kryepiskopit-anastas-ne-bashkine-e-gjirokastres\/#primaryimage\",\"url\":\"https:\/\/lh3.googleusercontent.com\/-quRY7MjgBp8\/U_7cA_hU5_I\/AAAAAAAABho\/HEHDi6Jfc6Q\/w600-h457-no\/m.jpg\",\"contentUrl\":\"https:\/\/lh3.googleusercontent.com\/-quRY7MjgBp8\/U_7cA_hU5_I\/AAAAAAAABho\/HEHDi6Jfc6Q\/w600-h457-no\/m.jpg\"},{\"@type\":\"BreadcrumbList\",\"@id\":\"https:\/\/orthodoxalbania.org\/2020\/2013\/03\/20\/vizite-e-kryepiskopit-anastas-ne-bashkine-e-gjirokastres\/#breadcrumb\",\"itemListElement\":[{\"@type\":\"ListItem\",\"position\":1,\"name\":\"Home\",\"item\":\"https:\/\/orthodoxalbania.org\/2020\/\"},{\"@type\":\"ListItem\",\"position\":2,\"name\":\"Vizit\u00eb e Kryepiskopit Anastas n\u00eb bashkin\u00eb e Gjirokastr\u00ebs. (Qershor 2010)\"}]},{\"@type\":\"WebSite\",\"@id\":\"https:\/\/orthodoxalbania.org\/2020\/#website\",\"url\":\"https:\/\/orthodoxalbania.org\/2020\/\",\"name\":\"Kisha Orthodh\u03bfkse Autoqefale e Shqip\u00ebris\u00eb\",\"description\":\"Fqja Zyrtare e Kish\u00ebs Orthodhokse Autoqefale e Shqip\u00ebris\u00eb me lajmet edhe informacionet zyrtare p\u00ebr struktur\u00ebn edhe veprimtarin e saj.\",\"publisher\":{\"@id\":\"https:\/\/orthodoxalbania.org\/2020\/#organization\"},\"potentialAction\":[{\"@type\":\"SearchAction\",\"target\":{\"@type\":\"EntryPoint\",\"urlTemplate\":\"https:\/\/orthodoxalbania.org\/2020\/?s={search_term_string}\"},\"query-input\":{\"@type\":\"PropertyValueSpecification\",\"valueRequired\":true,\"valueName\":\"search_term_string\"}}],\"inLanguage\":\"en-US\"},{\"@type\":\"Organization\",\"@id\":\"https:\/\/orthodoxalbania.org\/2020\/#organization\",\"name\":\"Kisha Orthodhokse Autoqefale e Shqip\u00ebris\u00eb\",\"url\":\"https:\/\/orthodoxalbania.org\/2020\/\",\"logo\":{\"@type\":\"ImageObject\",\"inLanguage\":\"en-US\",\"@id\":\"https:\/\/orthodoxalbania.org\/2020\/#\/schema\/logo\/image\/\",\"url\":\"https:\/\/orthodoxalbania.org\/2020\/wp-content\/uploads\/2020\/05\/albania.jpeg\",\"contentUrl\":\"https:\/\/orthodoxalbania.org\/2020\/wp-content\/uploads\/2020\/05\/albania.jpeg\",\"width\":540,\"height\":540,\"caption\":\"Kisha Orthodhokse Autoqefale e Shqip\u00ebris\u00eb\"},\"image\":{\"@id\":\"https:\/\/orthodoxalbania.org\/2020\/#\/schema\/logo\/image\/\"},\"sameAs\":[\"https:\/\/www.facebook.com\/koash1991\"]},{\"@type\":\"Person\",\"@id\":\"https:\/\/orthodoxalbania.org\/2020\/#\/schema\/person\/0c387634a7063ac612d7ed9ce71c7e86\",\"name\":\"Kisha Orthodhokse\",\"image\":{\"@type\":\"ImageObject\",\"inLanguage\":\"en-US\",\"@id\":\"https:\/\/secure.gravatar.com\/avatar\/596e7c417251e30f2fbb9c00e026fce61a695a00e51c889caded71c96cbbdde5?s=96&d=mm&r=g\",\"url\":\"https:\/\/secure.gravatar.com\/avatar\/596e7c417251e30f2fbb9c00e026fce61a695a00e51c889caded71c96cbbdde5?s=96&d=mm&r=g\",\"contentUrl\":\"https:\/\/secure.gravatar.com\/avatar\/596e7c417251e30f2fbb9c00e026fce61a695a00e51c889caded71c96cbbdde5?s=96&d=mm&r=g\",\"caption\":\"Kisha Orthodhokse\"}}]}<\/script>\n<!-- \/ Yoast SEO plugin. -->","yoast_head_json":{"title":"Vizit\u00eb e Kryepiskopit Anastas n\u00eb bashkin\u00eb e Gjirokastr\u00ebs. (Qershor 2010) - Kisha Orthodh\u03bfkse Autoqefale e Shqip\u00ebris\u00eb","robots":{"index":"index","follow":"follow","max-snippet":"max-snippet:-1","max-image-preview":"max-image-preview:large","max-video-preview":"max-video-preview:-1"},"canonical":"https:\/\/orthodoxalbania.org\/2020\/2013\/03\/20\/vizite-e-kryepiskopit-anastas-ne-bashkine-e-gjirokastres\/","og_locale":"en_US","og_type":"article","og_title":"Vizit\u00eb e Kryepiskopit Anastas n\u00eb bashkin\u00eb e Gjirokastr\u00ebs. (Qershor 2010) - Kisha Orthodh\u03bfkse Autoqefale e Shqip\u00ebris\u00eb","og_description":"&nbsp; &nbsp;&nbsp;&nbsp; Kryetari i Bashkis\u00eb s\u00eb Gjirokastr\u00ebs z. Flamur Bime e ftoi Kryepiskopin Anastas, pas &nbsp;t\u00eb vizitoj\u00eb selin\u00eb e bashkis\u00eb, vizit\u00eb q\u00eb u realizua t\u00eb h\u00ebn\u00ebn n\u00eb m\u00ebngjes. Kryetari i Bashkis\u00eb dhe dy n\u00ebnkryetar\u00ebt e prit\u00ebn p\u00ebrzem\u00ebrsisht Kryepiskopin dhe vijoi nj\u00eb bised\u00eb e ngroht\u00eb. &nbsp;&nbsp;&nbsp; Kryetari i Bashkis\u00eb u shpreh me fjal\u00ebt m\u00eb t\u00eb ngrohta p\u00ebr vepr\u00ebn e Kryepiskopit Anastas p\u00ebr ringritjen e Kish\u00ebs Orthodhokse","og_url":"https:\/\/orthodoxalbania.org\/2020\/2013\/03\/20\/vizite-e-kryepiskopit-anastas-ne-bashkine-e-gjirokastres\/","og_site_name":"Kisha Orthodh\u03bfkse Autoqefale e Shqip\u00ebris\u00eb","article_publisher":"https:\/\/www.facebook.com\/koash1991","article_published_time":"2013-03-20T12:48:09+00:00","article_modified_time":"2020-04-06T20:32:25+00:00","og_image":[{"url":"https:\/\/lh3.googleusercontent.com\/-quRY7MjgBp8\/U_7cA_hU5_I\/AAAAAAAABho\/HEHDi6Jfc6Q\/w600-h457-no\/m.jpg","type":"","width":"","height":""}],"author":"Kisha Orthodhokse","twitter_card":"summary_large_image","twitter_misc":{"Written by":"Kisha Orthodhokse","Est. reading time":"2 minutes"},"schema":{"@context":"https:\/\/schema.org","@graph":[{"@type":"Article","@id":"https:\/\/orthodoxalbania.org\/2020\/2013\/03\/20\/vizite-e-kryepiskopit-anastas-ne-bashkine-e-gjirokastres\/#article","isPartOf":{"@id":"https:\/\/orthodoxalbania.org\/2020\/2013\/03\/20\/vizite-e-kryepiskopit-anastas-ne-bashkine-e-gjirokastres\/"},"author":{"name":"Kisha Orthodhokse","@id":"https:\/\/orthodoxalbania.org\/2020\/#\/schema\/person\/0c387634a7063ac612d7ed9ce71c7e86"},"headline":"Vizit\u00eb e Kryepiskopit Anastas n\u00eb bashkin\u00eb e Gjirokastr\u00ebs. (Qershor 2010)","datePublished":"2013-03-20T12:48:09+00:00","dateModified":"2020-04-06T20:32:25+00:00","mainEntityOfPage":{"@id":"https:\/\/orthodoxalbania.org\/2020\/2013\/03\/20\/vizite-e-kryepiskopit-anastas-ne-bashkine-e-gjirokastres\/"},"wordCount":462,"commentCount":0,"publisher":{"@id":"https:\/\/orthodoxalbania.org\/2020\/#organization"},"image":{"@id":"https:\/\/orthodoxalbania.org\/2020\/2013\/03\/20\/vizite-e-kryepiskopit-anastas-ne-bashkine-e-gjirokastres\/#primaryimage"},"thumbnailUrl":"https:\/\/lh3.googleusercontent.com\/-quRY7MjgBp8\/U_7cA_hU5_I\/AAAAAAAABho\/HEHDi6Jfc6Q\/w600-h457-no\/m.jpg","keywords":["2010","Kryepiskopata Tiran\u00eb","Kryepiskopi Anastas","lajme","Mitropolia Gjirokast\u00ebr"],"articleSection":["Lajme"],"inLanguage":"en-US"},{"@type":"WebPage","@id":"https:\/\/orthodoxalbania.org\/2020\/2013\/03\/20\/vizite-e-kryepiskopit-anastas-ne-bashkine-e-gjirokastres\/","url":"https:\/\/orthodoxalbania.org\/2020\/2013\/03\/20\/vizite-e-kryepiskopit-anastas-ne-bashkine-e-gjirokastres\/","name":"Vizit\u00eb e Kryepiskopit Anastas n\u00eb bashkin\u00eb e Gjirokastr\u00ebs. (Qershor 2010) - Kisha Orthodh\u03bfkse Autoqefale e Shqip\u00ebris\u00eb","isPartOf":{"@id":"https:\/\/orthodoxalbania.org\/2020\/#website"},"primaryImageOfPage":{"@id":"https:\/\/orthodoxalbania.org\/2020\/2013\/03\/20\/vizite-e-kryepiskopit-anastas-ne-bashkine-e-gjirokastres\/#primaryimage"},"image":{"@id":"https:\/\/orthodoxalbania.org\/2020\/2013\/03\/20\/vizite-e-kryepiskopit-anastas-ne-bashkine-e-gjirokastres\/#primaryimage"},"thumbnailUrl":"https:\/\/lh3.googleusercontent.com\/-quRY7MjgBp8\/U_7cA_hU5_I\/AAAAAAAABho\/HEHDi6Jfc6Q\/w600-h457-no\/m.jpg","datePublished":"2013-03-20T12:48:09+00:00","dateModified":"2020-04-06T20:32:25+00:00","breadcrumb":{"@id":"https:\/\/orthodoxalbania.org\/2020\/2013\/03\/20\/vizite-e-kryepiskopit-anastas-ne-bashkine-e-gjirokastres\/#breadcrumb"},"inLanguage":"en-US","potentialAction":[{"@type":"ReadAction","target":["https:\/\/orthodoxalbania.org\/2020\/2013\/03\/20\/vizite-e-kryepiskopit-anastas-ne-bashkine-e-gjirokastres\/"]}]},{"@type":"ImageObject","inLanguage":"en-US","@id":"https:\/\/orthodoxalbania.org\/2020\/2013\/03\/20\/vizite-e-kryepiskopit-anastas-ne-bashkine-e-gjirokastres\/#primaryimage","url":"https:\/\/lh3.googleusercontent.com\/-quRY7MjgBp8\/U_7cA_hU5_I\/AAAAAAAABho\/HEHDi6Jfc6Q\/w600-h457-no\/m.jpg","contentUrl":"https:\/\/lh3.googleusercontent.com\/-quRY7MjgBp8\/U_7cA_hU5_I\/AAAAAAAABho\/HEHDi6Jfc6Q\/w600-h457-no\/m.jpg"},{"@type":"BreadcrumbList","@id":"https:\/\/orthodoxalbania.org\/2020\/2013\/03\/20\/vizite-e-kryepiskopit-anastas-ne-bashkine-e-gjirokastres\/#breadcrumb","itemListElement":[{"@type":"ListItem","position":1,"name":"Home","item":"https:\/\/orthodoxalbania.org\/2020\/"},{"@type":"ListItem","position":2,"name":"Vizit\u00eb e Kryepiskopit Anastas n\u00eb bashkin\u00eb e Gjirokastr\u00ebs. (Qershor 2010)"}]},{"@type":"WebSite","@id":"https:\/\/orthodoxalbania.org\/2020\/#website","url":"https:\/\/orthodoxalbania.org\/2020\/","name":"Kisha Orthodh\u03bfkse Autoqefale e Shqip\u00ebris\u00eb","description":"Fqja Zyrtare e Kish\u00ebs Orthodhokse Autoqefale e Shqip\u00ebris\u00eb me lajmet edhe informacionet zyrtare p\u00ebr struktur\u00ebn edhe veprimtarin e saj.","publisher":{"@id":"https:\/\/orthodoxalbania.org\/2020\/#organization"},"potentialAction":[{"@type":"SearchAction","target":{"@type":"EntryPoint","urlTemplate":"https:\/\/orthodoxalbania.org\/2020\/?s={search_term_string}"},"query-input":{"@type":"PropertyValueSpecification","valueRequired":true,"valueName":"search_term_string"}}],"inLanguage":"en-US"},{"@type":"Organization","@id":"https:\/\/orthodoxalbania.org\/2020\/#organization","name":"Kisha Orthodhokse Autoqefale e Shqip\u00ebris\u00eb","url":"https:\/\/orthodoxalbania.org\/2020\/","logo":{"@type":"ImageObject","inLanguage":"en-US","@id":"https:\/\/orthodoxalbania.org\/2020\/#\/schema\/logo\/image\/","url":"https:\/\/orthodoxalbania.org\/2020\/wp-content\/uploads\/2020\/05\/albania.jpeg","contentUrl":"https:\/\/orthodoxalbania.org\/2020\/wp-content\/uploads\/2020\/05\/albania.jpeg","width":540,"height":540,"caption":"Kisha Orthodhokse Autoqefale e Shqip\u00ebris\u00eb"},"image":{"@id":"https:\/\/orthodoxalbania.org\/2020\/#\/schema\/logo\/image\/"},"sameAs":["https:\/\/www.facebook.com\/koash1991"]},{"@type":"Person","@id":"https:\/\/orthodoxalbania.org\/2020\/#\/schema\/person\/0c387634a7063ac612d7ed9ce71c7e86","name":"Kisha Orthodhokse","image":{"@type":"ImageObject","inLanguage":"en-US","@id":"https:\/\/secure.gravatar.com\/avatar\/596e7c417251e30f2fbb9c00e026fce61a695a00e51c889caded71c96cbbdde5?s=96&d=mm&r=g","url":"https:\/\/secure.gravatar.com\/avatar\/596e7c417251e30f2fbb9c00e026fce61a695a00e51c889caded71c96cbbdde5?s=96&d=mm&r=g","contentUrl":"https:\/\/secure.gravatar.com\/avatar\/596e7c417251e30f2fbb9c00e026fce61a695a00e51c889caded71c96cbbdde5?s=96&d=mm&r=g","caption":"Kisha Orthodhokse"}}]}},"_links":{"self":[{"href":"https:\/\/orthodoxalbania.org\/2020\/wp-json\/wp\/v2\/posts\/1537","targetHints":{"allow":["GET"]}}],"collection":[{"href":"https:\/\/orthodoxalbania.org\/2020\/wp-json\/wp\/v2\/posts"}],"about":[{"href":"https:\/\/orthodoxalbania.org\/2020\/wp-json\/wp\/v2\/types\/post"}],"author":[{"embeddable":true,"href":"https:\/\/orthodoxalbania.org\/2020\/wp-json\/wp\/v2\/users\/1"}],"replies":[{"embeddable":true,"href":"https:\/\/orthodoxalbania.org\/2020\/wp-json\/wp\/v2\/comments?post=1537"}],"version-history":[{"count":1,"href":"https:\/\/orthodoxalbania.org\/2020\/wp-json\/wp\/v2\/posts\/1537\/revisions"}],"predecessor-version":[{"id":15496,"href":"https:\/\/orthodoxalbania.org\/2020\/wp-json\/wp\/v2\/posts\/1537\/revisions\/15496"}],"wp:attachment":[{"href":"https:\/\/orthodoxalbania.org\/2020\/wp-json\/wp\/v2\/media?parent=1537"}],"wp:term":[{"taxonomy":"category","embeddable":true,"href":"https:\/\/orthodoxalbania.org\/2020\/wp-json\/wp\/v2\/categories?post=1537"},{"taxonomy":"post_tag","embeddable":true,"href":"https:\/\/orthodoxalbania.org\/2020\/wp-json\/wp\/v2\/tags?post=1537"}],"curies":[{"name":"wp","href":"https:\/\/api.w.org\/{rel}","templated":true}]}}