{"id":1535,"date":"2013-03-20T13:13:01","date_gmt":"2013-03-20T13:13:01","guid":{"rendered":""},"modified":"2020-04-06T22:32:15","modified_gmt":"2020-04-06T20:32:15","slug":"vizite-baritore-ne-azilin-e-qytetit-te-gjirokastres","status":"publish","type":"post","link":"https:\/\/orthodoxalbania.org\/2020\/2013\/03\/20\/vizite-baritore-ne-azilin-e-qytetit-te-gjirokastres\/","title":{"rendered":"Vizit\u00eb baritore n\u00eb azilin e qytetit t\u00eb Gjirokastr\u00ebs. (Dhjetor 2010)"},"content":{"rendered":"<div class=\"style10\" style=\"text-align: justify;\">\n\t<span style=\"color:#000000;\"><span style=\"font-family: tahoma,geneva,sans-serif;\"><span style=\"font-size: 12px;\"><img decoding=\"async\" class=\"lazyload HAa Eha\" src=\"data:image\/gif;base64,R0lGODlhAQABAAAAACH5BAEKAAEALAAAAAABAAEAAAICTAEAOw==\" data-orig-src=\"https:\/\/lh4.googleusercontent.com\/-9Wofp-PWXAg\/VAAf7Z2B74I\/AAAAAAAABtc\/qWU5L5vPxLg\/w448-h336-no\/gjirokas%2B1.jpg\" style=\"height: 146px; width: 194px; border-width: 1px; border-style: solid; margin: 10px; float: left;\" \/> &nbsp; &nbsp; Edhe sivjet, si \u00e7do prag Krishtlindje tjet\u00ebr, me bekimin e Mitropolitit t\u00eb Gjirokastr\u00ebs Imzot Dhimitrit, nx\u00ebn\u00ebsit e Liceut kishtar \u201cKryqi <img decoding=\"async\" class=\"lazyload HAa Eha\" src=\"data:image\/gif;base64,R0lGODlhAQABAAAAACH5BAEKAAEALAAAAAABAAEAAAICTAEAOw==\" data-orig-src=\"https:\/\/lh5.googleusercontent.com\/-Kk0Sapn0ZaQ\/VAAf7Tkq88I\/AAAAAAAABtY\/JIQkGzpY6iY\/w448-h336-no\/gjirokast%2B2.jpg\" style=\"height: 175px; width: 233px; border-width: 1px; border-style: solid; margin: 10px; float: right;\" \/>i Nderuar\u201d, s\u00eb bashku me stafin e tyre, vizituan azilin e pleqve t\u00eb k\u00ebtij qyteti. N\u00eb azil strehohen rreth 50 t\u00eb moshuar.<\/span><\/span><\/span><\/div>\n<div class=\"style10\" style=\"text-align: justify;\">\n\t<br \/>\n\t<span style=\"color:#000000;\"><span style=\"font-family: tahoma,geneva,sans-serif;\"><span style=\"font-size: 12px;\">&nbsp;&nbsp;&nbsp; Mitropolia e Gjirokastr\u00ebs me rastin e festave t\u00eb fundvitit ofroi disa dhurata simbolike p\u00ebr ta. Nd\u00ebrkoh\u00eb nx\u00ebn\u00ebsit e k\u00ebsaj shkolle p\u00ebrgatit\u00ebn nj\u00eb program t\u00eb ve\u00e7ant\u00eb gjat\u00eb k\u00ebsaj vizite baritore.&nbsp; Nd\u00ebr t\u00eb tjera, drejtori i konviktit t\u00eb shkoll\u00ebs \u201cKryqi i Nderuar\u201d, At\u00eb Joan M\u00ebrkuri tha: \u201cPavar\u00ebsisht se njer\u00ebzit n\u00eb k\u00ebt\u00eb bot\u00eb jan\u00eb t\u00eb rinj apo t\u00eb moshuar, t\u00eb varf\u00ebr apo t\u00eb pasur, p\u00ebrpara syve t\u00eb Per\u00ebndis\u00eb jemi t\u00eb gjith\u00eb t\u00eb barabart\u00eb, t\u00eb gjith\u00eb jemi Bij t\u00eb Zotit\u201d.<\/span><\/span><\/span><\/div>\n<div class=\"style10\" style=\"text-align: justify;\">\n\t<br \/>\n\t<span style=\"color:#000000;\"><span style=\"font-family: tahoma,geneva,sans-serif;\"><span style=\"font-size: 12px;\">&nbsp; &nbsp; Pak p\u00ebrpara se programi t\u00eb p\u00ebrfundonte, nj\u00ebri prej t\u00eb moshuarve u shpreh: \u201cJu fal\u00ebnderojm\u00eb nga zemra q\u00eb mor\u00ebt iniciativ\u00ebn t\u00eb vini tek k\u00ebta njer\u00ebz t\u00eb vetmuar q\u00eb kan\u00eb nevoj\u00eb p\u00ebr nj\u00eb fjal\u00eb t\u00eb ngroht\u00eb dhe mos harroni asnj\u00ebher\u00eb prind\u00ebrit tuaj q\u00eb ju kan\u00eb sjell\u00eb n\u00eb jet\u00eb\u201d.<\/span><\/span><\/span><\/div>\n<div align=\"justify\" class=\"style7\">\n<div class=\"style10\" style=\"text-align: right;\">\n\t\t&nbsp;<\/div>\n<div style=\"text-align: right;\">\n\t\t<span style=\"color:#000000;\"><span style=\"font-family: tahoma,geneva,sans-serif;\"><span style=\"font-size: 12px;\"><strong>Emiliano Lito<\/strong><\/span><\/span><\/span><\/div>\n<\/div>\n","protected":false},"excerpt":{"rendered":"<p>&nbsp; &nbsp; Edhe sivjet, si \u00e7do prag Krishtlindje tjet\u00ebr, me bekimin e Mitropolitit t\u00eb Gjirokastr\u00ebs Imzot Dhimitrit, nx\u00ebn\u00ebsit e Liceut kishtar \u201cKryqi i Nderuar\u201d, s\u00eb bashku me stafin e tyre, vizituan azilin e pleqve t\u00eb k\u00ebtij qyteti. N\u00eb azil strehohen rreth 50 t\u00eb moshuar. &nbsp;&nbsp;&nbsp; Mitropolia e Gjirokastr\u00ebs me rastin e festave t\u00eb fundvitit ofroi disa dhurata simbolike p\u00ebr ta. Nd\u00ebrkoh\u00eb nx\u00ebn\u00ebsit e k\u00ebsaj shkolle<\/p>\n","protected":false},"author":1,"featured_media":0,"comment_status":"open","ping_status":"open","sticky":false,"template":"","format":"standard","meta":{"_acf_changed":false,"pagelayer_contact_templates":[],"_pagelayer_content":"","inline_featured_image":false,"fifu_image_url":"","fifu_image_alt":"","footnotes":""},"categories":[108],"tags":[144,212,198],"class_list":["post-1535","post","type-post","status-publish","format-standard","hentry","category-lajme","tag-144","tag-lajme-d27","tag-gjirokaster"],"acf":[],"yoast_head":"<!-- This site is optimized with the Yoast SEO plugin v27.2 - https:\/\/yoast.com\/product\/yoast-seo-wordpress\/ -->\n<title>Vizit\u00eb baritore n\u00eb azilin e qytetit t\u00eb Gjirokastr\u00ebs. (Dhjetor 2010) - Kisha Orthodh\u03bfkse Autoqefale e Shqip\u00ebris\u00eb<\/title>\n<meta name=\"robots\" content=\"index, follow, max-snippet:-1, max-image-preview:large, max-video-preview:-1\" \/>\n<link rel=\"canonical\" href=\"https:\/\/orthodoxalbania.org\/2020\/2013\/03\/20\/vizite-baritore-ne-azilin-e-qytetit-te-gjirokastres\/\" \/>\n<meta property=\"og:locale\" content=\"en_US\" \/>\n<meta property=\"og:type\" content=\"article\" \/>\n<meta property=\"og:title\" content=\"Vizit\u00eb baritore n\u00eb azilin e qytetit t\u00eb Gjirokastr\u00ebs. (Dhjetor 2010) - Kisha Orthodh\u03bfkse Autoqefale e Shqip\u00ebris\u00eb\" \/>\n<meta property=\"og:description\" content=\"&nbsp; &nbsp; Edhe sivjet, si \u00e7do prag Krishtlindje tjet\u00ebr, me bekimin e Mitropolitit t\u00eb Gjirokastr\u00ebs Imzot Dhimitrit, nx\u00ebn\u00ebsit e Liceut kishtar \u201cKryqi i Nderuar\u201d, s\u00eb bashku me stafin e tyre, vizituan azilin e pleqve t\u00eb k\u00ebtij qyteti. N\u00eb azil strehohen rreth 50 t\u00eb moshuar. &nbsp;&nbsp;&nbsp; Mitropolia e Gjirokastr\u00ebs me rastin e festave t\u00eb fundvitit ofroi disa dhurata simbolike p\u00ebr ta. Nd\u00ebrkoh\u00eb nx\u00ebn\u00ebsit e k\u00ebsaj shkolle\" \/>\n<meta property=\"og:url\" content=\"https:\/\/orthodoxalbania.org\/2020\/2013\/03\/20\/vizite-baritore-ne-azilin-e-qytetit-te-gjirokastres\/\" \/>\n<meta property=\"og:site_name\" content=\"Kisha Orthodh\u03bfkse Autoqefale e Shqip\u00ebris\u00eb\" \/>\n<meta property=\"article:publisher\" content=\"https:\/\/www.facebook.com\/koash1991\" \/>\n<meta property=\"article:published_time\" content=\"2013-03-20T13:13:01+00:00\" \/>\n<meta property=\"article:modified_time\" content=\"2020-04-06T20:32:15+00:00\" \/>\n<meta property=\"og:image\" content=\"https:\/\/lh4.googleusercontent.com\/-9Wofp-PWXAg\/VAAf7Z2B74I\/AAAAAAAABtc\/qWU5L5vPxLg\/w448-h336-no\/gjirokas%2B1.jpg\" \/>\n<meta name=\"author\" content=\"Kisha Orthodhokse\" \/>\n<meta name=\"twitter:card\" content=\"summary_large_image\" \/>\n<meta name=\"twitter:label1\" content=\"Written by\" \/>\n\t<meta name=\"twitter:data1\" content=\"Kisha Orthodhokse\" \/>\n\t<meta name=\"twitter:label2\" content=\"Est. reading time\" \/>\n\t<meta name=\"twitter:data2\" content=\"1 minute\" \/>\n<script type=\"application\/ld+json\" class=\"yoast-schema-graph\">{\"@context\":\"https:\/\/schema.org\",\"@graph\":[{\"@type\":\"Article\",\"@id\":\"https:\/\/orthodoxalbania.org\/2020\/2013\/03\/20\/vizite-baritore-ne-azilin-e-qytetit-te-gjirokastres\/#article\",\"isPartOf\":{\"@id\":\"https:\/\/orthodoxalbania.org\/2020\/2013\/03\/20\/vizite-baritore-ne-azilin-e-qytetit-te-gjirokastres\/\"},\"author\":{\"name\":\"Kisha Orthodhokse\",\"@id\":\"https:\/\/orthodoxalbania.org\/2020\/#\/schema\/person\/0c387634a7063ac612d7ed9ce71c7e86\"},\"headline\":\"Vizit\u00eb baritore n\u00eb azilin e qytetit t\u00eb Gjirokastr\u00ebs. (Dhjetor 2010)\",\"datePublished\":\"2013-03-20T13:13:01+00:00\",\"dateModified\":\"2020-04-06T20:32:15+00:00\",\"mainEntityOfPage\":{\"@id\":\"https:\/\/orthodoxalbania.org\/2020\/2013\/03\/20\/vizite-baritore-ne-azilin-e-qytetit-te-gjirokastres\/\"},\"wordCount\":219,\"commentCount\":0,\"publisher\":{\"@id\":\"https:\/\/orthodoxalbania.org\/2020\/#organization\"},\"image\":{\"@id\":\"https:\/\/orthodoxalbania.org\/2020\/2013\/03\/20\/vizite-baritore-ne-azilin-e-qytetit-te-gjirokastres\/#primaryimage\"},\"thumbnailUrl\":\"https:\/\/lh4.googleusercontent.com\/-9Wofp-PWXAg\/VAAf7Z2B74I\/AAAAAAAABtc\/qWU5L5vPxLg\/w448-h336-no\/gjirokas%2B1.jpg\",\"keywords\":[\"2010\",\"lajme\",\"Mitropolia Gjirokast\u00ebr\"],\"articleSection\":[\"Lajme\"],\"inLanguage\":\"en-US\"},{\"@type\":\"WebPage\",\"@id\":\"https:\/\/orthodoxalbania.org\/2020\/2013\/03\/20\/vizite-baritore-ne-azilin-e-qytetit-te-gjirokastres\/\",\"url\":\"https:\/\/orthodoxalbania.org\/2020\/2013\/03\/20\/vizite-baritore-ne-azilin-e-qytetit-te-gjirokastres\/\",\"name\":\"Vizit\u00eb baritore n\u00eb azilin e qytetit t\u00eb Gjirokastr\u00ebs. (Dhjetor 2010) - Kisha Orthodh\u03bfkse Autoqefale e Shqip\u00ebris\u00eb\",\"isPartOf\":{\"@id\":\"https:\/\/orthodoxalbania.org\/2020\/#website\"},\"primaryImageOfPage\":{\"@id\":\"https:\/\/orthodoxalbania.org\/2020\/2013\/03\/20\/vizite-baritore-ne-azilin-e-qytetit-te-gjirokastres\/#primaryimage\"},\"image\":{\"@id\":\"https:\/\/orthodoxalbania.org\/2020\/2013\/03\/20\/vizite-baritore-ne-azilin-e-qytetit-te-gjirokastres\/#primaryimage\"},\"thumbnailUrl\":\"https:\/\/lh4.googleusercontent.com\/-9Wofp-PWXAg\/VAAf7Z2B74I\/AAAAAAAABtc\/qWU5L5vPxLg\/w448-h336-no\/gjirokas%2B1.jpg\",\"datePublished\":\"2013-03-20T13:13:01+00:00\",\"dateModified\":\"2020-04-06T20:32:15+00:00\",\"breadcrumb\":{\"@id\":\"https:\/\/orthodoxalbania.org\/2020\/2013\/03\/20\/vizite-baritore-ne-azilin-e-qytetit-te-gjirokastres\/#breadcrumb\"},\"inLanguage\":\"en-US\",\"potentialAction\":[{\"@type\":\"ReadAction\",\"target\":[\"https:\/\/orthodoxalbania.org\/2020\/2013\/03\/20\/vizite-baritore-ne-azilin-e-qytetit-te-gjirokastres\/\"]}]},{\"@type\":\"ImageObject\",\"inLanguage\":\"en-US\",\"@id\":\"https:\/\/orthodoxalbania.org\/2020\/2013\/03\/20\/vizite-baritore-ne-azilin-e-qytetit-te-gjirokastres\/#primaryimage\",\"url\":\"https:\/\/lh4.googleusercontent.com\/-9Wofp-PWXAg\/VAAf7Z2B74I\/AAAAAAAABtc\/qWU5L5vPxLg\/w448-h336-no\/gjirokas%2B1.jpg\",\"contentUrl\":\"https:\/\/lh4.googleusercontent.com\/-9Wofp-PWXAg\/VAAf7Z2B74I\/AAAAAAAABtc\/qWU5L5vPxLg\/w448-h336-no\/gjirokas%2B1.jpg\"},{\"@type\":\"BreadcrumbList\",\"@id\":\"https:\/\/orthodoxalbania.org\/2020\/2013\/03\/20\/vizite-baritore-ne-azilin-e-qytetit-te-gjirokastres\/#breadcrumb\",\"itemListElement\":[{\"@type\":\"ListItem\",\"position\":1,\"name\":\"Home\",\"item\":\"https:\/\/orthodoxalbania.org\/2020\/\"},{\"@type\":\"ListItem\",\"position\":2,\"name\":\"Vizit\u00eb baritore n\u00eb azilin e qytetit t\u00eb Gjirokastr\u00ebs. (Dhjetor 2010)\"}]},{\"@type\":\"WebSite\",\"@id\":\"https:\/\/orthodoxalbania.org\/2020\/#website\",\"url\":\"https:\/\/orthodoxalbania.org\/2020\/\",\"name\":\"Kisha Orthodh\u03bfkse Autoqefale e Shqip\u00ebris\u00eb\",\"description\":\"Fqja Zyrtare e Kish\u00ebs Orthodhokse Autoqefale e Shqip\u00ebris\u00eb me lajmet edhe informacionet zyrtare p\u00ebr struktur\u00ebn edhe veprimtarin e saj.\",\"publisher\":{\"@id\":\"https:\/\/orthodoxalbania.org\/2020\/#organization\"},\"potentialAction\":[{\"@type\":\"SearchAction\",\"target\":{\"@type\":\"EntryPoint\",\"urlTemplate\":\"https:\/\/orthodoxalbania.org\/2020\/?s={search_term_string}\"},\"query-input\":{\"@type\":\"PropertyValueSpecification\",\"valueRequired\":true,\"valueName\":\"search_term_string\"}}],\"inLanguage\":\"en-US\"},{\"@type\":\"Organization\",\"@id\":\"https:\/\/orthodoxalbania.org\/2020\/#organization\",\"name\":\"Kisha Orthodhokse Autoqefale e Shqip\u00ebris\u00eb\",\"url\":\"https:\/\/orthodoxalbania.org\/2020\/\",\"logo\":{\"@type\":\"ImageObject\",\"inLanguage\":\"en-US\",\"@id\":\"https:\/\/orthodoxalbania.org\/2020\/#\/schema\/logo\/image\/\",\"url\":\"https:\/\/orthodoxalbania.org\/2020\/wp-content\/uploads\/2020\/05\/albania.jpeg\",\"contentUrl\":\"https:\/\/orthodoxalbania.org\/2020\/wp-content\/uploads\/2020\/05\/albania.jpeg\",\"width\":540,\"height\":540,\"caption\":\"Kisha Orthodhokse Autoqefale e Shqip\u00ebris\u00eb\"},\"image\":{\"@id\":\"https:\/\/orthodoxalbania.org\/2020\/#\/schema\/logo\/image\/\"},\"sameAs\":[\"https:\/\/www.facebook.com\/koash1991\"]},{\"@type\":\"Person\",\"@id\":\"https:\/\/orthodoxalbania.org\/2020\/#\/schema\/person\/0c387634a7063ac612d7ed9ce71c7e86\",\"name\":\"Kisha Orthodhokse\",\"image\":{\"@type\":\"ImageObject\",\"inLanguage\":\"en-US\",\"@id\":\"https:\/\/secure.gravatar.com\/avatar\/596e7c417251e30f2fbb9c00e026fce61a695a00e51c889caded71c96cbbdde5?s=96&d=mm&r=g\",\"url\":\"https:\/\/secure.gravatar.com\/avatar\/596e7c417251e30f2fbb9c00e026fce61a695a00e51c889caded71c96cbbdde5?s=96&d=mm&r=g\",\"contentUrl\":\"https:\/\/secure.gravatar.com\/avatar\/596e7c417251e30f2fbb9c00e026fce61a695a00e51c889caded71c96cbbdde5?s=96&d=mm&r=g\",\"caption\":\"Kisha Orthodhokse\"}}]}<\/script>\n<!-- \/ Yoast SEO plugin. -->","yoast_head_json":{"title":"Vizit\u00eb baritore n\u00eb azilin e qytetit t\u00eb Gjirokastr\u00ebs. (Dhjetor 2010) - Kisha Orthodh\u03bfkse Autoqefale e Shqip\u00ebris\u00eb","robots":{"index":"index","follow":"follow","max-snippet":"max-snippet:-1","max-image-preview":"max-image-preview:large","max-video-preview":"max-video-preview:-1"},"canonical":"https:\/\/orthodoxalbania.org\/2020\/2013\/03\/20\/vizite-baritore-ne-azilin-e-qytetit-te-gjirokastres\/","og_locale":"en_US","og_type":"article","og_title":"Vizit\u00eb baritore n\u00eb azilin e qytetit t\u00eb Gjirokastr\u00ebs. (Dhjetor 2010) - Kisha Orthodh\u03bfkse Autoqefale e Shqip\u00ebris\u00eb","og_description":"&nbsp; &nbsp; Edhe sivjet, si \u00e7do prag Krishtlindje tjet\u00ebr, me bekimin e Mitropolitit t\u00eb Gjirokastr\u00ebs Imzot Dhimitrit, nx\u00ebn\u00ebsit e Liceut kishtar \u201cKryqi i Nderuar\u201d, s\u00eb bashku me stafin e tyre, vizituan azilin e pleqve t\u00eb k\u00ebtij qyteti. N\u00eb azil strehohen rreth 50 t\u00eb moshuar. &nbsp;&nbsp;&nbsp; Mitropolia e Gjirokastr\u00ebs me rastin e festave t\u00eb fundvitit ofroi disa dhurata simbolike p\u00ebr ta. Nd\u00ebrkoh\u00eb nx\u00ebn\u00ebsit e k\u00ebsaj shkolle","og_url":"https:\/\/orthodoxalbania.org\/2020\/2013\/03\/20\/vizite-baritore-ne-azilin-e-qytetit-te-gjirokastres\/","og_site_name":"Kisha Orthodh\u03bfkse Autoqefale e Shqip\u00ebris\u00eb","article_publisher":"https:\/\/www.facebook.com\/koash1991","article_published_time":"2013-03-20T13:13:01+00:00","article_modified_time":"2020-04-06T20:32:15+00:00","og_image":[{"url":"https:\/\/lh4.googleusercontent.com\/-9Wofp-PWXAg\/VAAf7Z2B74I\/AAAAAAAABtc\/qWU5L5vPxLg\/w448-h336-no\/gjirokas%2B1.jpg","type":"","width":"","height":""}],"author":"Kisha Orthodhokse","twitter_card":"summary_large_image","twitter_misc":{"Written by":"Kisha Orthodhokse","Est. reading time":"1 minute"},"schema":{"@context":"https:\/\/schema.org","@graph":[{"@type":"Article","@id":"https:\/\/orthodoxalbania.org\/2020\/2013\/03\/20\/vizite-baritore-ne-azilin-e-qytetit-te-gjirokastres\/#article","isPartOf":{"@id":"https:\/\/orthodoxalbania.org\/2020\/2013\/03\/20\/vizite-baritore-ne-azilin-e-qytetit-te-gjirokastres\/"},"author":{"name":"Kisha Orthodhokse","@id":"https:\/\/orthodoxalbania.org\/2020\/#\/schema\/person\/0c387634a7063ac612d7ed9ce71c7e86"},"headline":"Vizit\u00eb baritore n\u00eb azilin e qytetit t\u00eb Gjirokastr\u00ebs. (Dhjetor 2010)","datePublished":"2013-03-20T13:13:01+00:00","dateModified":"2020-04-06T20:32:15+00:00","mainEntityOfPage":{"@id":"https:\/\/orthodoxalbania.org\/2020\/2013\/03\/20\/vizite-baritore-ne-azilin-e-qytetit-te-gjirokastres\/"},"wordCount":219,"commentCount":0,"publisher":{"@id":"https:\/\/orthodoxalbania.org\/2020\/#organization"},"image":{"@id":"https:\/\/orthodoxalbania.org\/2020\/2013\/03\/20\/vizite-baritore-ne-azilin-e-qytetit-te-gjirokastres\/#primaryimage"},"thumbnailUrl":"https:\/\/lh4.googleusercontent.com\/-9Wofp-PWXAg\/VAAf7Z2B74I\/AAAAAAAABtc\/qWU5L5vPxLg\/w448-h336-no\/gjirokas%2B1.jpg","keywords":["2010","lajme","Mitropolia Gjirokast\u00ebr"],"articleSection":["Lajme"],"inLanguage":"en-US"},{"@type":"WebPage","@id":"https:\/\/orthodoxalbania.org\/2020\/2013\/03\/20\/vizite-baritore-ne-azilin-e-qytetit-te-gjirokastres\/","url":"https:\/\/orthodoxalbania.org\/2020\/2013\/03\/20\/vizite-baritore-ne-azilin-e-qytetit-te-gjirokastres\/","name":"Vizit\u00eb baritore n\u00eb azilin e qytetit t\u00eb Gjirokastr\u00ebs. (Dhjetor 2010) - Kisha Orthodh\u03bfkse Autoqefale e Shqip\u00ebris\u00eb","isPartOf":{"@id":"https:\/\/orthodoxalbania.org\/2020\/#website"},"primaryImageOfPage":{"@id":"https:\/\/orthodoxalbania.org\/2020\/2013\/03\/20\/vizite-baritore-ne-azilin-e-qytetit-te-gjirokastres\/#primaryimage"},"image":{"@id":"https:\/\/orthodoxalbania.org\/2020\/2013\/03\/20\/vizite-baritore-ne-azilin-e-qytetit-te-gjirokastres\/#primaryimage"},"thumbnailUrl":"https:\/\/lh4.googleusercontent.com\/-9Wofp-PWXAg\/VAAf7Z2B74I\/AAAAAAAABtc\/qWU5L5vPxLg\/w448-h336-no\/gjirokas%2B1.jpg","datePublished":"2013-03-20T13:13:01+00:00","dateModified":"2020-04-06T20:32:15+00:00","breadcrumb":{"@id":"https:\/\/orthodoxalbania.org\/2020\/2013\/03\/20\/vizite-baritore-ne-azilin-e-qytetit-te-gjirokastres\/#breadcrumb"},"inLanguage":"en-US","potentialAction":[{"@type":"ReadAction","target":["https:\/\/orthodoxalbania.org\/2020\/2013\/03\/20\/vizite-baritore-ne-azilin-e-qytetit-te-gjirokastres\/"]}]},{"@type":"ImageObject","inLanguage":"en-US","@id":"https:\/\/orthodoxalbania.org\/2020\/2013\/03\/20\/vizite-baritore-ne-azilin-e-qytetit-te-gjirokastres\/#primaryimage","url":"https:\/\/lh4.googleusercontent.com\/-9Wofp-PWXAg\/VAAf7Z2B74I\/AAAAAAAABtc\/qWU5L5vPxLg\/w448-h336-no\/gjirokas%2B1.jpg","contentUrl":"https:\/\/lh4.googleusercontent.com\/-9Wofp-PWXAg\/VAAf7Z2B74I\/AAAAAAAABtc\/qWU5L5vPxLg\/w448-h336-no\/gjirokas%2B1.jpg"},{"@type":"BreadcrumbList","@id":"https:\/\/orthodoxalbania.org\/2020\/2013\/03\/20\/vizite-baritore-ne-azilin-e-qytetit-te-gjirokastres\/#breadcrumb","itemListElement":[{"@type":"ListItem","position":1,"name":"Home","item":"https:\/\/orthodoxalbania.org\/2020\/"},{"@type":"ListItem","position":2,"name":"Vizit\u00eb baritore n\u00eb azilin e qytetit t\u00eb Gjirokastr\u00ebs. (Dhjetor 2010)"}]},{"@type":"WebSite","@id":"https:\/\/orthodoxalbania.org\/2020\/#website","url":"https:\/\/orthodoxalbania.org\/2020\/","name":"Kisha Orthodh\u03bfkse Autoqefale e Shqip\u00ebris\u00eb","description":"Fqja Zyrtare e Kish\u00ebs Orthodhokse Autoqefale e Shqip\u00ebris\u00eb me lajmet edhe informacionet zyrtare p\u00ebr struktur\u00ebn edhe veprimtarin e saj.","publisher":{"@id":"https:\/\/orthodoxalbania.org\/2020\/#organization"},"potentialAction":[{"@type":"SearchAction","target":{"@type":"EntryPoint","urlTemplate":"https:\/\/orthodoxalbania.org\/2020\/?s={search_term_string}"},"query-input":{"@type":"PropertyValueSpecification","valueRequired":true,"valueName":"search_term_string"}}],"inLanguage":"en-US"},{"@type":"Organization","@id":"https:\/\/orthodoxalbania.org\/2020\/#organization","name":"Kisha Orthodhokse Autoqefale e Shqip\u00ebris\u00eb","url":"https:\/\/orthodoxalbania.org\/2020\/","logo":{"@type":"ImageObject","inLanguage":"en-US","@id":"https:\/\/orthodoxalbania.org\/2020\/#\/schema\/logo\/image\/","url":"https:\/\/orthodoxalbania.org\/2020\/wp-content\/uploads\/2020\/05\/albania.jpeg","contentUrl":"https:\/\/orthodoxalbania.org\/2020\/wp-content\/uploads\/2020\/05\/albania.jpeg","width":540,"height":540,"caption":"Kisha Orthodhokse Autoqefale e Shqip\u00ebris\u00eb"},"image":{"@id":"https:\/\/orthodoxalbania.org\/2020\/#\/schema\/logo\/image\/"},"sameAs":["https:\/\/www.facebook.com\/koash1991"]},{"@type":"Person","@id":"https:\/\/orthodoxalbania.org\/2020\/#\/schema\/person\/0c387634a7063ac612d7ed9ce71c7e86","name":"Kisha Orthodhokse","image":{"@type":"ImageObject","inLanguage":"en-US","@id":"https:\/\/secure.gravatar.com\/avatar\/596e7c417251e30f2fbb9c00e026fce61a695a00e51c889caded71c96cbbdde5?s=96&d=mm&r=g","url":"https:\/\/secure.gravatar.com\/avatar\/596e7c417251e30f2fbb9c00e026fce61a695a00e51c889caded71c96cbbdde5?s=96&d=mm&r=g","contentUrl":"https:\/\/secure.gravatar.com\/avatar\/596e7c417251e30f2fbb9c00e026fce61a695a00e51c889caded71c96cbbdde5?s=96&d=mm&r=g","caption":"Kisha Orthodhokse"}}]}},"_links":{"self":[{"href":"https:\/\/orthodoxalbania.org\/2020\/wp-json\/wp\/v2\/posts\/1535","targetHints":{"allow":["GET"]}}],"collection":[{"href":"https:\/\/orthodoxalbania.org\/2020\/wp-json\/wp\/v2\/posts"}],"about":[{"href":"https:\/\/orthodoxalbania.org\/2020\/wp-json\/wp\/v2\/types\/post"}],"author":[{"embeddable":true,"href":"https:\/\/orthodoxalbania.org\/2020\/wp-json\/wp\/v2\/users\/1"}],"replies":[{"embeddable":true,"href":"https:\/\/orthodoxalbania.org\/2020\/wp-json\/wp\/v2\/comments?post=1535"}],"version-history":[{"count":1,"href":"https:\/\/orthodoxalbania.org\/2020\/wp-json\/wp\/v2\/posts\/1535\/revisions"}],"predecessor-version":[{"id":15443,"href":"https:\/\/orthodoxalbania.org\/2020\/wp-json\/wp\/v2\/posts\/1535\/revisions\/15443"}],"wp:attachment":[{"href":"https:\/\/orthodoxalbania.org\/2020\/wp-json\/wp\/v2\/media?parent=1535"}],"wp:term":[{"taxonomy":"category","embeddable":true,"href":"https:\/\/orthodoxalbania.org\/2020\/wp-json\/wp\/v2\/categories?post=1535"},{"taxonomy":"post_tag","embeddable":true,"href":"https:\/\/orthodoxalbania.org\/2020\/wp-json\/wp\/v2\/tags?post=1535"}],"curies":[{"name":"wp","href":"https:\/\/api.w.org\/{rel}","templated":true}]}}