{"id":1533,"date":"2013-03-20T13:05:33","date_gmt":"2013-03-20T13:05:33","guid":{"rendered":""},"modified":"2020-04-06T22:32:18","modified_gmt":"2020-04-06T20:32:18","slug":"vizita-zyrtare-e-kishes-orthodhokse-te-shqiperise-ne-kishen-orthodhokse-te-gjeorgjise","status":"publish","type":"post","link":"https:\/\/orthodoxalbania.org\/2020\/2013\/03\/20\/vizita-zyrtare-e-kishes-orthodhokse-te-shqiperise-ne-kishen-orthodhokse-te-gjeorgjise\/","title":{"rendered":"Vizita zyrtare e Kish\u00ebs Orthodhokse t\u00eb Shqip\u00ebris\u00eb  n\u00eb Kish\u00ebn Orthodhokse t\u00eb Gjeorgjis\u00eb. (11 &#8211; 15 Tetor 2010)"},"content":{"rendered":"<div style=\"text-align: justify;\">&nbsp;<\/div>\n<table style=\"font-family: 'Times New Roman'; font-size: medium;\" border=\"0\">\n<tbody>\n<tr>\n<td>\n<div class=\"style7\" style=\"font-family: 'Palatino Linotype'; line-height: 1.5; font-size: 18px;\">\n<div style=\"text-align: justify;\"><span style=\"font-family: tahoma,geneva,sans-serif;\"><span style=\"font-size: 12px;\"><span style=\"color: #000000;\"><img decoding=\"async\" class=\"lazyload HAa Eha\" style=\"height: 225px; width: 300px; border-width: 1px; border-style: solid; margin: 10px; float: left;\" alt=\"\" src=\"data:image\/gif;base64,R0lGODlhAQABAAAAACH5BAEKAAEALAAAAAABAAEAAAICTAEAOw==\" data-orig-src=\"https:\/\/lh3.googleusercontent.com\/-shNVIaErnO4\/VKqFRd4cBPI\/AAAAAAAAJ58\/ql_33OD-Vug\/w800-h600-no\/1_800x600.jpg\" \/>&nbsp;&nbsp; Nga data 11-15 tetor 2010 nj\u00eb delegacion i Kish\u00ebs Orthodhokse Autoqefale t\u00eb Shqip\u00ebris\u00eb i p\u00ebrb\u00ebr\u00eb nga Kryepiskopi i Tiran\u00ebs, Durr\u00ebsit dhe gjith\u00eb Shqip\u00ebris\u00eb Fortlumturia e Tij Anastasi, Mitropoliti i Gjirokastr\u00ebs H. Dhimitri, Episkopi i Apollonis\u00eb H. Nikolla dhe Arkimandrit Asti kreu vizit\u00ebn zyrtare t\u00eb Kish\u00ebs s\u00eb Shqip\u00ebris\u00eb n\u00eb Kish\u00ebn Orthodhokse t\u00eb Gjeorgjis\u00eb me ftes\u00eb t\u00eb Primatit t\u00eb saj, Fortlumturis\u00eb s\u00eb Tij, Ilia II, Kryepiskop i Mskhetas dhe Tbilisit dhe Patriark-Katholiku i gjith\u00eb Gjeorgjis\u00eb.<\/span><\/span><\/span><\/div>\n<div style=\"text-align: justify;\">&nbsp;<\/div>\n<div style=\"text-align: justify;\"><span style=\"font-family: tahoma,geneva,sans-serif;\"><span style=\"font-size: 12px;\"><span style=\"color: #000000;\">&nbsp;&nbsp; Vizitat e tilla zyrtare t\u00eb Kishave Orthodhokse lokale (Autoqefale dhe Patriarkanave) jan\u00eb respektive dhe t\u00eb nd\u00ebrsjella q\u00eb kan\u00eb si q\u00ebllim zhvillimin e marr\u00ebdh\u00ebnieve t\u00eb Kishave simotra: njohjen nga af\u00ebr t\u00eb jet\u00ebs, zhvillimit, spiritualitetit, ecuris\u00eb s\u00eb kishave t\u00eb krishtera orthodhokse n\u00eb shtetet ose rajonet p\u00ebrkat\u00ebse ku jetojn\u00eb dhe punojn\u00eb, duke zhvilluar m\u00eb ngusht\u00eb miq\u00ebsin\u00eb mes tyre dhe pasurimin e m\u00ebtejsh\u00ebm shpirt\u00ebror.<\/span><\/span><\/span><\/div>\n<div style=\"text-align: justify;\">&nbsp;<\/div>\n<div style=\"text-align: justify;\"><span style=\"font-family: tahoma,geneva,sans-serif;\"><span style=\"font-size: 12px;\"><span style=\"color: #000000;\">&nbsp;&nbsp;&nbsp; Kisha Orthodhokse Autoqefale e Shqip\u00ebris\u00eb e drejtuar nga Kryepiskopi Anastas planifikoi pra k\u00ebt\u00eb vit vizit\u00ebn e saj zyrtare n\u00eb Kish\u00ebn e Gjeorgjis\u00eb, q\u00eb njihet ndryshe Patriarkana e Gjeorgjis\u00eb dhe q\u00eb Kryepiskopi Anastas n\u00eb diptik\u00ebt liturgjik\u00eb t\u00eb \u00e7do liturgjie hyjnore, q\u00eb kryesohet prej tij, p\u00ebrmend publikisht dhe lutet edhe p\u00ebr k\u00ebt\u00eb Kish\u00eb dhe udh\u00ebheq\u00ebsin e saj aktual. Kjo tregon edhe lidhjen e brendshme t\u00eb Kishave kudo q\u00eb ndodhen, pavar\u00ebsisht shteteve, kombeve dhe rajoneve t\u00eb ndryshme ku jetojn\u00eb dhe veprojn\u00eb, si nj\u00eb Kish\u00eb e vetme, e nj\u00ebjt\u00eb, unike, q\u00eb jeton dhe punon nj\u00ebkoh\u00ebsisht, kudo, n\u00eb t\u00eb gjith\u00eb rruzullin. Kjo vizit\u00eb vjen pas vizit\u00ebs s\u00eb fundit zyrtare b\u00ebr\u00eb n\u00eb Kish\u00ebn e Qipros, n\u00eb tetor t\u00eb vitit 2008.<\/span><\/span><\/span><\/div>\n<div style=\"text-align: justify;\">&nbsp;<\/div>\n<div style=\"text-align: justify;\"><span style=\"font-family: tahoma,geneva,sans-serif;\"><span style=\"font-size: 12px;\"><span style=\"color: #000000;\">&nbsp;&nbsp;&nbsp; Kjo vizit\u00eb ishte e nd\u00ebrthurur edhe me dy ngjarje t\u00eb tjera: me dh\u00ebnien e titullit \u201cDoktor Nderi\u201d Kryepiskopit Anastas nga Universiteti i Patriarkan\u00ebs s\u00eb Gjeorgjis\u00eb\u201cApostull Andrea i Par\u00ebthirruri\u201d dhe 1000-vjetorin e katedrales historike t\u00eb Svetitskhovelit, n\u00eb Mskheta. N\u00eb festimet e p\u00ebrgatitura me rastin e 1000 vjetorit t\u00eb ngritjes s\u00eb k\u00ebtij tempulli t\u00eb krishter\u00eb (dhe 1700 vjetorit t\u00eb themelit t\u00eb saj), q\u00eb sot q\u00ebndron n\u00eb k\u00ebmb\u00eb i plot\u00eb dhe funksional mor\u00ebn pjes\u00eb edhe delegacione nga Kisha t\u00eb tjera Orthodhokse: Patriarkan\u00ebs Ekumenike, t\u00eb Aleksandris\u00eb, Jerusalemit, Rusis\u00eb, Serbis\u00eb, Rumanis\u00eb, Bullgaris\u00eb, Qipros, Greqis\u00eb, \u00c7ekis\u00eb e Sllovakis\u00eb, Amerik\u00ebs.<\/span><\/span><\/span><\/div>\n<div style=\"text-align: justify;\">&nbsp;<\/div>\n<div style=\"text-align: justify;\"> <span style=\"font-family: tahoma,geneva,sans-serif;\"><span style=\"font-size: 12px;\"><span style=\"color: #000000;\">&#8212;&#8212;&#8212;&#8212;&#8211;<br \/> <img decoding=\"async\" class=\"lazyload HAa Eha\" style=\"height: 216px; width: 300px; border-width: 1px; border-style: solid; margin: 10px; float: right;\" alt=\"\" src=\"data:image\/gif;base64,R0lGODlhAQABAAAAACH5BAEKAAEALAAAAAABAAEAAAICTAEAOw==\" data-orig-src=\"https:\/\/lh3.googleusercontent.com\/-s2T1JvxiotU\/VKqFSXdNGyI\/AAAAAAAAJ6M\/L1OMsWo52Ws\/w800-h577-no\/2_800x577.JPG\" \/>&nbsp;&nbsp;&nbsp;&nbsp; Gjeorgjia (Iviria, emri i vjet\u00ebr) ndodhet n\u00eb rajonin e maleve t\u00eb Kaukazit dhe i p\u00ebrket shteteve kufitare t\u00eb Evrop\u00ebs Lindore, e kufizuar me Rusin\u00eb, Detin e Zi, Azerbajxhanin, Turqin\u00eb dhe Armenin\u00eb, pra \u00ebsht\u00eb nj\u00eb ur\u00eb midis Evrop\u00ebs dhe Azis\u00eb. Ajo ka sot nj\u00eb popullsi rreth 5.5 milion\u00eb banor\u00eb. Krishterimi Orthodhoks i Gjeorgjis\u00eb, sipas tradit\u00ebs gjeorgjiane, i ka fillimet e tij q\u00eb n\u00eb shek. I, themeluar nga Apostull Andrea. Ai u b\u00eb fe zyrtare e Gjeorgjis\u00eb q\u00eb nga shek. IV, n\u00eb vitin 327, n\u00eb koh\u00ebn e mbretit Mirian III. Popullsia u krishterizua plot\u00ebsisht nga veprimtaris\u00eb ungjillore misionare e Sh\u00ebn Nin\u00ebs (n\u00eb gjeorgjianisht Nino), e ardhur nga krahina e Kapadoqis\u00eb (sot n\u00eb Turqi). Kjo shenjtore konsiderohet si ndri\u00e7uese e Gjeorgjis\u00eb, prandaj edhe quhet e barabart\u00eb me apostujt. Kisha e Gjeorgjis\u00eb varej dikur nga Patriarkana e Antiokis\u00eb dhe u njoh si autoqefale n\u00eb shek. V, n\u00eb vitin 466. N\u00eb 1811 perandori rus antikanonikisht i hoqi autoqefalin\u00eb e saj dhe n\u00eb 1917 e rifitoi p\u00ebrs\u00ebri dhe n\u00eb 1990 (pas regjimit komunist rus) Patriarkana Ekumenike i rijep p\u00ebrs\u00ebri autoqefalin\u00eb e saj.<\/span><\/span><\/span><\/div>\n<div style=\"text-align: justify;\">&nbsp;<\/div>\n<div style=\"text-align: justify;\"><span style=\"font-family: tahoma,geneva,sans-serif;\"><span style=\"font-size: 12px;\"><span style=\"color: #000000;\"><img decoding=\"async\" class=\"lazyload HAa Eha\" style=\"border-width: 1px; border-style: solid; margin: 10px; float: left;\" alt=\"\" src=\"data:image\/svg+xml,%3Csvg%20xmlns%3D%27http%3A%2F%2Fwww.w3.org%2F2000%2Fsvg%27%20width%3D%2794%27%20height%3D%27152%27%20viewBox%3D%270%200%2094%20152%27%3E%3Crect%20width%3D%2794%27%20height%3D%27152%27%20fill-opacity%3D%220%22%2F%3E%3C%2Fsvg%3E\" data-orig-src=\"https:\/\/lh6.googleusercontent.com\/-IsOg_dhQuqc\/VKqFS_VbozI\/AAAAAAAAJ6c\/c3viWieAP8o\/w369-h600-no\/3_369x600.JPG\" height=\"152\" width=\"94\" \/>&nbsp;&nbsp; &nbsp; Kisha dhe populli i Gjeorgjis\u00eb kaloi shum\u00eb v\u00ebshtir\u00ebsi nga pushtimet e ndryshme perse, osmane etj., nga konfliktet me fqinj\u00ebt si edhe ato t\u00eb shekullit t\u00eb kaluar t\u00eb revolucionit dhe regjimit komunist rus. Gjeorgjia ndodhet mes vendeve jo orthodhokse dhe i \u00ebsht\u00eb dashur q\u00eb ta mbroj\u00eb me shum\u00eb gjak besimin e saj t\u00eb krishter\u00eb orthodhoks, duke mbetur t\u00eb krishter\u00eb orthodhoks\u00eb. Populli gjeorgjian tregoi heroiz\u00ebm dhe e shkroi historin\u00eb e tij me martirizimet e shumta masive dhe shenjtor\u00ebt e saj lokal\u00eb q\u00eb u treguan modele dhe udh\u00ebheq\u00ebs shpirt\u00ebror dhe popullor t\u00eb tyre. N\u00eb Republik\u00ebn e Gjeorgjis\u00eb sot ka edhe pakic\u00eb t\u00eb vog\u00ebl t\u00eb krishter\u00ebsh kopt\u00eb armen\u00eb, t\u00eb besimit mysliman\u00eb si dhe ateist\u00eb. Sot \u00ebsht\u00eb mjaft e dukshme dhe mjaft karakteristike n\u00eb jet\u00ebn kishtare orthodhokse vendase edhe rinia, e cila \u00ebsht\u00eb shum\u00eb e lidhur me Kish\u00ebn dhe pjes\u00ebmarr\u00ebse aktive e energjike, gj\u00eb q\u00eb e konstatuam edhe ne vet\u00eb si delegacion.<\/span><\/span><\/span><\/div>\n<div style=\"text-align: justify;\">&nbsp;<\/div>\n<div style=\"text-align: justify;\"><span style=\"font-family: tahoma,geneva,sans-serif;\"><span style=\"font-size: 12px;\"><span style=\"color: #000000;\">&nbsp;&nbsp;&nbsp; Karakteristik\u00eb mjaft e dukshme e krishterimit orthodhoks n\u00eb jet\u00ebn dhe historin\u00eb e popullit gjeorgjian \u00ebsht\u00eb edhe flamuri i tyre komb\u00ebtar me 5 kryqe, ku dallohen nj\u00eb kryq i madh n\u00eb qend\u00ebr dhe 4 kryqe t\u00eb vegj\u00ebl (simbole t\u00eb 4 gozhdave t\u00eb kryq\u00ebzimit t\u00eb Krishtit dhuruar Kish\u00ebs s\u00eb Gjeorgjis\u00eb nga Sh\u00ebn Konstandini i Madh) midis hap\u00ebsirave t\u00eb kryqit t\u00eb madh.<\/span><\/span><\/span><\/div>\n<div style=\"text-align: justify;\">&nbsp;<\/div>\n<div style=\"text-align: justify;\"><span style=\"font-family: tahoma,geneva,sans-serif;\"><span style=\"font-size: 12px;\"><span style=\"color: #000000;\">&#8212;&#8212;&#8212;&#8212;&#8211;<\/span><\/span><\/span><\/div>\n<div style=\"text-align: justify;\"><span style=\"font-family: tahoma,geneva,sans-serif;\"><span style=\"font-size: 12px;\"><span style=\"color: #000000;\">&nbsp;&nbsp;&nbsp; Kisha katedrale e Svetitskovelit, u nd\u00ebrtua n\u00eb qytetin Mskheta (kryeqyteti i vjet\u00ebr i Gjeorgjis\u00eb) nga Patriarku Melkhisedek I, n\u00eb shek. XI, n\u00eb vitin 1010, nd\u00ebrtuar mbi themelet e nj\u00eb kishe t\u00eb vjet\u00ebr q\u00eb mbante emrin e Sh\u00ebn Nin\u00ebs, n\u00eb shek. V. Kjo katedrale \u00ebsht\u00eb historike dhe mjaft e r\u00ebnd\u00ebsishme p\u00ebr Kish\u00ebn dhe popullin e Gjeorgjis\u00eb, \u00ebsht\u00eb katedralja historike e fron\u00ebzimeve t\u00eb \u00e7do patriarku dhe krezmimi i mbret\u00ebrve, n\u00eb t\u00eb jan\u00eb varret e patriark\u00ebve dhe mbret\u00ebrve t\u00eb Gjeorgjis\u00eb. Ajo \u00ebsht\u00eb qend\u00ebr referimi i Krishterimit t\u00eb Gjeorgjis\u00eb. N\u00eb t\u00eb ndodhen edhe relike historike, ku kan\u00eb ndodhur mrekulli t\u00eb shumta, n\u00eb nj\u00ebr\u00ebn prej t\u00eb cilave \u00ebsht\u00eb shtylla q\u00eb nxjerr miro dhe n\u00ebn t\u00eb cil\u00ebn mendohet t\u00eb jet\u00eb varrosur Sh\u00ebn Sidonia me p\u00eblhur\u00ebn e Krishtit. Katedralja \u00ebsht\u00eb shum\u00eb e madhe, e lart\u00eb, dhe e pikturuar pjes\u00ebrisht me afreske t\u00eb stilit bizantin t\u00eb koh\u00ebs s\u00eb nd\u00ebrtimit. Kjo katedrale \u00ebsht\u00eb shpallur nga UNESKO Pasuri e njer\u00ebzimit.<\/span><\/span><\/span><\/div>\n<div style=\"text-align: justify;\">&nbsp;<\/div>\n<div style=\"text-align: justify;\"><span style=\"font-family: tahoma,geneva,sans-serif;\"><span style=\"font-size: 12px;\"><span style=\"color: #000000;\">&#8212;&#8212;&#8212;&#8212;&#8211;<\/span><\/span><\/span><\/div>\n<div style=\"text-align: justify;\"><span style=\"font-family: tahoma,geneva,sans-serif;\"><span style=\"font-size: 12px;\"><span style=\"color: #000000;\"><img decoding=\"async\" class=\"lazyload HAa Eha\" style=\"height: 220px; width: 300px; border-width: 1px; border-style: solid; margin: 10px; float: right;\" alt=\"\" src=\"data:image\/gif;base64,R0lGODlhAQABAAAAACH5BAEKAAEALAAAAAABAAEAAAICTAEAOw==\" data-orig-src=\"https:\/\/lh3.googleusercontent.com\/-8aIUM48_RJw\/VKqFThPb-rI\/AAAAAAAAJ68\/RFlH_JlSD9U\/w800-h587-no\/4_800x587.JPG\" \/>&nbsp;&nbsp;&nbsp; Primati i Kish\u00ebs s\u00eb Gjeorgjis\u00eb \u00ebsht\u00eb Kryepiskopi i Mskhetas dhe Tbilisit dhe Patriark-Katholiku i gjith\u00eb Gjeorgjis\u00eb, Fortlumturia e Tij, Ilia II. \u00cbsht\u00eb figur\u00eb karismatike dhe udh\u00ebheq\u00ebs shum\u00eb i dashur i popullit gjeorgjian, kjo e ka b\u00ebr\u00eb q\u00eb rreth tij t\u00eb mblidhen populli dhe udh\u00ebheq\u00ebsit e autoritetet shtet\u00ebrore n\u00eb \u00e7do koh\u00eb dhe \u00e7do situat\u00eb q\u00eb kalon vendi. Drejton Kish\u00ebn e Gjeorgjis\u00eb prej 33 vjet\u00ebsh. \u00cbsht\u00eb 77 vje\u00e7. N\u00eb historin\u00eb kishtare gjeorgjiane ai \u00ebsht\u00eb primati i 141-t\u00eb i Kish\u00ebs Orthodhokse t\u00eb Gjeorgjis\u00eb.<\/span><\/span><\/span><\/div>\n<div style=\"text-align: justify;\"> <span style=\"font-family: tahoma,geneva,sans-serif;\"><span style=\"font-size: 12px;\"><span style=\"color: #000000;\">&#8212;&#8212;&#8212;&#8212;-<\/span><\/span><\/span><\/div>\n<div style=\"text-align: justify;\"><span style=\"font-family: tahoma,geneva,sans-serif;\"><span style=\"font-size: 12px;\"><span style=\"color: #000000;\">&nbsp;&nbsp;&nbsp; &#8211; Dit\u00ebn e par\u00eb, 11 tetor, n\u00eb aeroportin e Tbilisit ose Tiflis (kryeqytetit t\u00eb Gjeorgjis\u00eb), delegacioni i Kish\u00ebs son\u00eb u prit nga vet\u00eb Patriarku Ilia me nj\u00eb grup mitropolit\u00ebsh dhe klerik\u00ebsh t\u00eb tjer\u00eb gjeorgjian\u00eb, t\u00eb shoq\u00ebruar edhe nga kanalet televizive ku edhe b\u00ebn\u00eb p\u00ebrsh\u00ebndetjet dhe intervistat e rastit.&nbsp;<\/span><\/span><\/span><\/div>\n<div style=\"text-align: justify;\"> <span style=\"font-family: tahoma,geneva,sans-serif;\"><span style=\"font-size: 12px;\"><span style=\"color: #000000;\"><img decoding=\"async\" class=\"lazyload HAa Eha\" style=\"height: 207px; width: 300px; border-width: 1px; border-style: solid; margin: 10px; float: left;\" alt=\"\" src=\"data:image\/gif;base64,R0lGODlhAQABAAAAACH5BAEKAAEALAAAAAABAAEAAAICTAEAOw==\" data-orig-src=\"https:\/\/lh6.googleusercontent.com\/-a9l2tii6NVw\/VKqFT4ngGXI\/AAAAAAAAJ6o\/tgfJmHTON6w\/w800-h551-no\/5_800x551.JPG\" \/>&nbsp;&nbsp;&nbsp; M\u00eb pas u b\u00eb pritja n\u00eb selin\u00eb e Patriarkan\u00ebs, n\u00eb prani t\u00eb delegacioneve t\u00eb Kishave Orthodhokse Autoqefale, ku t\u00eb dy primat\u00ebt shpreh\u00ebn g\u00ebzimin e madh p\u00ebr k\u00ebt\u00eb vizit\u00eb t\u00eb par\u00eb zyrtare t\u00eb Kish\u00ebs s\u00eb Shqip\u00ebris\u00eb n\u00eb Kish\u00ebn e Gjeorgjis\u00eb, p\u00ebr pjes\u00ebmarrjen n\u00eb k\u00ebt\u00eb p\u00ebrvjetor historik t\u00eb Kish\u00ebs s\u00eb Gjeorgjis\u00eb duke folur n\u00eb vazhdim p\u00ebr t\u00eb dy Kishat n\u00eb fjal\u00eb, duke prezantuar dhe vler\u00ebsuar jet\u00ebn, veprimtarin\u00eb, p\u00ebrpjekjet e pun\u00ebs dhe udh\u00ebheqjes s\u00eb primat\u00ebve p\u00ebrkat\u00ebs n\u00eb drejtimin e kishave p\u00ebrkat\u00ebse dhe fjal\u00ebt lavd\u00ebruese ndaj tyre etj. Patriarku theksoi nd\u00ebr t\u00eb tjera: \u201cSot p\u00ebr her\u00ebn e par\u00eb viziton Gjeorgjin\u00eb Kryepiskopi i Kish\u00ebs Orthodhokse Autoqefale t\u00eb Shqip\u00ebris\u00eb, Kryepiskopi Anastas, i cili \u00ebsht\u00eb figur\u00eb shum\u00eb e njohur kudo, at\u00eb e njohin n\u00eb Orthodhoksi e m\u00eb gjer\u00eb, e njohim si figur\u00eb shum\u00eb aktiviste dhe njeri me formim t\u00eb madh&#8230; dim\u00eb q\u00eb Kisha e Shqip\u00ebris\u00eb u sprovua eg\u00ebrsisht, dim\u00eb q\u00eb nuk gjet\u00ebt asgj\u00eb n\u00eb t\u00eb, por dim\u00eb q\u00eb keni b\u00ebr\u00eb vep\u00ebr t\u00eb madhe dhe keni ofruar shum\u00eb, si n\u00eb Kish\u00ebn tuaj lokale ashtu edhe bot\u00ebrisht n\u00eb Kish\u00ebn Orthodhokse&#8230; ju urojm\u00eb jet\u00eb t\u00eb gjat\u00eb sepse keni akoma p\u00ebr t\u00eb ofruar shum\u00eb&#8230; Per\u00ebndia t\u00eb bekoj\u00eb Kish\u00ebn e Shqip\u00ebris\u00eb dhe vendin tuaj Shqip\u00ebrin\u00eb\u201d. Kryepiskopi theksoi nd\u00ebr t\u00eb tjera \u201cMe shum\u00eb ngaz\u00ebllim dhe emocion ndodhemi sot n\u00eb Gjeorgjin\u00eb heroike q\u00eb p\u00ebr 2000 vjet jeton misterin e Ekonomis\u00eb Hyjnore n\u00eb Krishtin n\u00ebp\u00ebrmjet Shpirtit t\u00eb Shenjt\u00eb&#8230; ju fal\u00ebnderojm\u00eb p\u00ebr ndjesit\u00eb tuaja t\u00eb dashura e v\u00ebllaz\u00ebrore drejt nesh dhe Kish\u00ebs s\u00eb Shqip\u00ebris\u00eb&#8230; me shum\u00eb mburrje n\u00eb Zotin ndjekim p\u00ebrpjekjen, durimin dhe p\u00ebrparimin krijues t\u00eb popullit gjeorgjian dhe admirojm\u00eb gjall\u00ebrin\u00eb dhe mb\u00ebshtetjen q\u00eb jep Kisha e Shenjt\u00eb e Gjeorgjis\u00eb popullit t\u00eb saj edhe n\u00eb situatat e v\u00ebshtira t\u00eb tij&#8230; ashtu si edhe ju p\u00ebrmendet Kisha e Shqip\u00ebris\u00eb u persekutua totalisht nga regjimi komunist&#8230;por q\u00eb me ndihm\u00ebn e Per\u00ebndis\u00eb arriti t\u00eb ngrihet n\u00eb k\u00ebmb\u00eb krah Kishave t\u00eb tjera&#8230; g\u00ebzohemi Fortlumturi dhe v\u00eblla i shenjt\u00eb q\u00eb me ecurin\u00eb dhe vepr\u00ebn tuaj lutjesore i keni dh\u00ebn\u00eb nj\u00eb tjet\u00ebr ton jet\u00ebs s\u00eb popullit&#8230; jemi t\u00eb sigurt q\u00eb populli juaj shpres\u00ebtar me talandat e shumta q\u00eb i ka dh\u00ebn\u00eb Per\u00ebndia do t\u00eb vazhdoj\u00eb t\u00eb ecurin\u00eb tij krijuese n\u00eb t\u00eb gjith\u00eb fushat e jet\u00ebs dhe do kontribuoj\u00eb n\u00eb rrezatimin e Orthodhoksis\u00eb n\u00eb t\u00eb gjith\u00eb bot\u00ebn&#8230;\u201d<\/span><\/span><\/span><\/div>\n<div style=\"text-align: justify;\">&nbsp;<\/div>\n<div style=\"text-align: justify;\"><span style=\"font-family: tahoma,geneva,sans-serif;\"><span style=\"font-size: 12px;\"><span style=\"color: #000000;\">&nbsp;&nbsp;&nbsp; N\u00eb vazhdim u shtrua edhe nj\u00eb dark\u00eb p\u00ebr t\u00eb gjith\u00eb t\u00eb ftuarit.&nbsp;<\/span><\/span><\/span><\/div>\n<div style=\"text-align: justify;\"> <span style=\"font-family: tahoma,geneva,sans-serif;\"><span style=\"font-size: 12px;\"><span style=\"color: #000000;\">&nbsp;&nbsp;&nbsp; Dit\u00ebn e dyt\u00eb, 12 tetor, Kryepiskopi Anastas dhe hierark\u00ebt q\u00eb e shoq\u00ebronin mor\u00ebn pjes\u00eb n\u00eb Simpoziumin Shkencor Nd\u00ebrkomb\u00ebtar me rastin e 1000-vjetorit t\u00eb nd\u00ebrtimit t\u00eb katedrales historike t\u00eb Svetitskhovelit dhe 1700-vjetorit t\u00eb themelimit t\u00eb saj, n\u00eb Universitetin e Patriarkan\u00ebs \u201cApostull Andrea i Par\u00ebthirruri\u201d. N\u00eb k\u00ebt\u00eb universitet studionin 3000 student\u00eb. N\u00eb k\u00ebt\u00eb simpozium merrnin pjes\u00eb edhe delegacionet e Kishave Orthodhokse t\u00eb sip\u00ebrp\u00ebrmendura. Ky simpozium u nd\u00ebrthur me vler\u00ebsimin drejtuar Kryepiskopit t\u00eb Shqip\u00ebris\u00eb, Fortlumturis\u00eb Anastas, me dh\u00ebnien e titullit \u201cHonorary Doctor\u201d. Kjo dit\u00eb u mbyll me mbr\u00ebmjen festive q\u00eb u organizua p\u00ebr nder t\u00eb delegacioneve t\u00eb Kishave Orthodhokse nga Kryetari Parlamentit t\u00eb Gjeorgjis\u00eb z. David Bakradze n\u00eb Parlament, ku ishin t\u00eb ftuar deputet dhe trupi diplomatik n\u00eb vend. Edhe k\u00ebtu u prezantua vizita zyrtare e Kryepiskopit t\u00eb Shqip\u00ebris\u00eb z. Anastas, ringjallja e Kish\u00ebs s\u00eb Shqip\u00ebris\u00eb, e n\u00eb vazhdim edhe Kryepiskopi p\u00ebrsh\u00ebndeti t\u00eb gjith\u00eb t\u00eb pranishmit.<\/span><\/span><\/span><\/div>\n<div style=\"text-align: justify;\">&nbsp;<\/div>\n<div style=\"text-align: justify;\"><span style=\"font-family: tahoma,geneva,sans-serif;\"><span style=\"font-size: 12px;\"><span style=\"color: #000000;\">&nbsp;&nbsp;&nbsp; Dita e tret\u00eb, 13 tetor, delegacioni i kryesuar nga Kryepiskopi vizitoi Muzeun e Artit dhe Thesareve t\u00eb Gjeorgjis\u00eb si dhe n\u00eb Qendr\u00ebn Komb\u00ebtare t\u00eb Dor\u00ebshkrimeve. K\u00ebtu iu dhurua kryepiskopit edhe dy v\u00ebllime studimore (p\u00ebrgatitur nga nj\u00eb grup studiuesish) t\u00eb gjuh\u00ebs s\u00eb lasht\u00eb albane t\u00eb Kaukzait (me shkrim gjeorgjian), q\u00eb doli n\u00eb pah nga studimi i nj\u00eb kodiku t\u00eb plot\u00eb dor\u00ebshkrim, i gjetur n\u00eb Malin Sinai t\u00eb Egjiptit. M\u00eb pas vizituam dy kisha historike t\u00eb r\u00ebnd\u00ebsishme t\u00eb kryeqytetit, Sion dhe Metekhi, e n\u00eb vazhdim Akademin\u00eb Teologjike, n\u00eb t\u00eb cil\u00ebn studionin 600 student\u00eb, ku edhe u prit nga pedagog\u00ebt dhe student\u00ebt. N\u00eb to e ftuan Kryepiskopin t\u2019u fliste t\u00eb pranishm\u00ebve, ku mes t\u00eb tjerave prezantoi vitet e v\u00ebshtira ateiste q\u00eb kaloi Kisha e Shqip\u00ebris\u00eb dhe tani g\u00ebzimin e ushtrimit dhe p\u00ebrjetimit t\u00eb besimit, dhe duke i uruar t\u00eb pranishmit \u201c&#8230;t\u00eb ecin n\u00ebn gjurm\u00ebt e besimtar\u00ebve, shenjtor\u00ebve, udh\u00ebheq\u00ebsve shpirt\u00ebror\u00eb, et\u00ebrve e patriark\u00ebve, duke filluar nga shenjtoret gra si Sh\u00ebn Nina, Sh\u00ebn Thamara e duke vazhduar deri n\u00eb dit\u00ebt e sotme, q\u00eb e mbajt\u00ebn prej shekujsh k\u00ebt\u00eb shenjt\u00ebrim, duke shenjt\u00ebruar veten, duke ngritur me shum\u00eb durim dhe vet\u00ebsakrific\u00eb kryqin e tyre dhe jetuan e rrezatojn\u00eb ngjalljen&#8230;ne orthodhoks\u00ebt n\u00eb shek. XXI kemi detyr\u00eb t\u00eb d\u00ebshmojm\u00eb Orthodhoksin\u00eb ku t\u00eb mundemi, t\u00eb gjith\u00eb orthodhoks\u00ebt s\u00eb bashku, sepse jemi Nj\u00eb Kish\u00eb, e Shenjt\u00eb, Katholike dhe Apostolike si edhe t\u00eb p\u00ebr\u00e7ojm\u00eb g\u00ebzimin e Ungjillit dhe t\u00eb jet\u00ebs ku t\u00eb mundemi&#8230;\u201d. N\u00eb k\u00ebt\u00eb zon\u00eb ata ruanin mjaft qart\u00eb n\u00eb kujtes\u00ebn e tyre edhe martirizimin p\u00ebr hir t\u00eb besimit t\u00eb tyre t\u00eb krishter\u00eb orthodhoks\u00eb t\u00eb disa mij\u00eb besimtar\u00ebve n\u00eb koh\u00ebn e pushtimit osman n\u00eb lumin e madh Mtvari q\u00eb p\u00ebrshkon kryeqytetin. Pasdite programi kishte rezervuar nj\u00eb pritje madh\u00ebshtore t\u00eb t\u00eb gjith\u00eb delegacioneve t\u00eb Kishave Orthodhokse, t\u00eb shoq\u00ebruar nga Patriarku i Gjeorgjis\u00eb Ilia, n\u00eb Katedralen e re madh\u00ebshtore \u201cTrinia e Shenjt\u00eb\u201d t\u00eb sapo nd\u00ebrtuar n\u00eb qend\u00ebr t\u00eb kryeqytetit. Pa ekzagjeruar, mij\u00ebra besimtar\u00eb kishin mbushur rrug\u00ebt dhe sheshet hyr\u00ebse t\u00eb katedrales, jo nga kureshtja, por nga p\u00ebrkushtimi dhe shprestaria, nga shprehja e besimit dhe e dashuris\u00eb ndaj Patriarkut Ilia, ku shumica e t\u00eb cil\u00ebve ishin t\u00eb rinj. N\u00eb fakt \u00ebsht\u00eb mjaft karakteristike lidhja e ngusht\u00eb e t\u00eb rinjve me Kish\u00ebn e Gjeorgjis\u00eb dhe pjes\u00ebmarrja aktive n\u00eb T\u00eb, me shprehje shum\u00eb t\u00eb theksuar p\u00ebrkushtimi, besimi, p\u00ebrul\u00ebsie, dashurie dhe respekti p\u00ebr jet\u00ebn kishtare, pjes\u00ebmarrje dinamike n\u00eb vepr\u00ebn dhe sh\u00ebrbimet adhuruese.<\/span><\/span><\/span><\/div>\n<div style=\"text-align: justify;\">&nbsp;<\/div>\n<div style=\"text-align: justify;\"><span style=\"font-family: tahoma,geneva,sans-serif;\"><span style=\"font-size: 12px;\"><span style=\"color: #000000;\">&nbsp;&nbsp;&nbsp; Dita e kat\u00ebrt, 14 tetor, shtoi m\u00eb tep\u00ebr emocionet dhe g\u00ebzimin e t\u00eb gjith\u00ebve, duke kryer Liturgjin\u00eb hyjnore n\u00eb katedralen historike 1000-vje\u00e7are, katedralen simbol t\u00eb krishterimit gjeorgjian, katedralen e shum\u00eb e shum\u00eb mrekullive dhe fron\u00ebzimeve t\u00eb patriark\u00ebve dhe krezmimi i mbret\u00ebrve gjeorgjian\u00eb. Sot do t\u2019i shtohej edhe nj\u00eb tjet\u00ebr karakteristik\u00eb historike se do t\u00eb meshonin s\u00eb bashku t\u00eb gjith\u00eb delegacionet e Kishave Orthodhokse t\u00eb bot\u00ebs, n\u00eb gjuh\u00ebn e tyre, me p\u00ebrfaq\u00ebsit\u00eb e tyre. P\u00ebr her\u00eb t\u00eb par\u00eb edhe k\u00ebtu u d\u00ebgjuan n\u00eb shqip thirrjet liturgjike t\u00eb primatit t\u00eb Kish\u00ebs Orthodhokse t\u00eb Shqip\u00ebris\u00eb \u201cO Zot, o Zot, shtjer syrin t\u00ebnd prej qiellit, edhe shiko dhe vizito dhe rregullo k\u00ebt\u00eb vresht q\u00eb e ka mbjell dora jote e djatht\u00eb\u201d. Pjes\u00ebmarrja e besimtar\u00ebve ishte e jasht\u00ebzakonshme si brenda ashtu edhe jasht\u00eb katedrales, besimtar\u00eb t\u00eb ardhur nga t\u00eb gjitha krahinat e Gjeorgjis\u00eb, nj\u00eb panair komb\u00ebtar q\u00eb arriti kulmin e organizimeve festive t\u00eb disa dit\u00ebve rresht. Gjeorgjia festonte dhe g\u00ebzohej me historin\u00eb dhe me t\u00eb mikprit\u00ebsit e saj. Patriarku Ilia n\u00eb fund t\u00eb liturgjis\u00eb prezantoi Kryepiskopin Anastas, si primatin e Kish\u00ebs s\u00eb Shqip\u00ebris\u00eb, e nj\u00eb kishe mot\u00ebr orthodhokse, e cila ka ngjashm\u00ebri me at\u00eb gjeorgjiane, sepse vuajti p\u00ebr shum\u00eb koh\u00eb n\u00ebn regjimin komunist, duke u rr\u00ebnuar t\u00ebr\u00ebsisht dhe tashm\u00eb u ngrit nga g\u00ebrmadhat, duke u ngjallur. Kjo u arrit n\u00ebn drejtimin e udh\u00ebheq\u00ebsit t\u00eb tyre Kryepiskopit Anastas Janullatos, figur\u00eb e njohur n\u00eb bot\u00ebn kristiane e fetare, e jo vet\u00ebm, por edhe n\u00eb at\u00eb shkencore e universitare. Pas tij foli Kryepiskopi Anastas, i cili mbajti nj\u00eb fjalim ku shprehu \u201cg\u00ebzimin e ve\u00e7ant\u00eb q\u00eb ndjejm\u00eb ne t\u00eb gjith\u00eb an\u00ebtar\u00ebt e delegacionit t\u00eb Kish\u00ebs s\u00eb Shqip\u00ebris\u00eb, q\u00eb e vizitojm\u00eb p\u00ebr her\u00eb t\u00eb par\u00eb Kish\u00ebn e Gjeorgjis\u00eb me k\u00ebt\u00eb vizit\u00eb zyrtare&#8230;, nevoj\u00ebn e bashk\u00ebpunimit m\u00eb t\u00eb ngusht\u00eb t\u00eb Kishave Orthodhokse Autoqefale dhe mb\u00ebshtetjes esenciale t\u00eb tyre si edhe t\u00eb theksimit t\u00eb unitetit t\u00eb Orthodhoksis\u00eb dhe d\u00ebshmin\u00eb e p\u00ebrbashk\u00ebt n\u00eb bot\u00ebn e sotme&#8230;\u201d. N\u00eb vazhdim Kryepiskopi n\u00eb fjalimin e tij predikoi p\u00ebr rip\u00ebrt\u00ebritjen e shpres\u00ebs son\u00eb p\u00ebr t\u00eb tashmen dhe t\u00eb ardhmen si edhe p\u00ebr fuqizimin e siguris\u00eb s\u00eb prezenc\u00ebs s\u00eb Krishtit n\u00eb jet\u00ebn ton\u00eb t\u00eb p\u00ebrditshme. S\u00eb fundi ai uroi q\u00eb \u201cprezenca e vazhdueshme e Krishtit t\u00eb ngjallur n\u00eb jet\u00ebn dhe vepr\u00ebn ton\u00eb le t\u00eb mbaj\u00eb gjall\u00eb optimizmin ton\u00eb p\u00ebr ecurin\u00eb e Orthodhoksis\u00eb, p\u00ebr t\u00eb ardhmen e popujve tan\u00eb, p\u00ebr t\u00eb ardhmen e njer\u00ebzimit\u201d.<\/span><\/span><\/span><\/div>\n<div style=\"text-align: justify;\">&nbsp;<\/div>\n<div style=\"text-align: justify;\"><span style=\"font-family: tahoma,geneva,sans-serif;\"><span style=\"font-size: 12px;\"><span style=\"color: #000000;\">&nbsp;&nbsp;&nbsp; Pasdite u zhvillua nj\u00eb koncert festiv madh\u00ebshtor Gala ku merrnin pjes\u00eb t\u00eb gjith\u00eb personalitet e larta t\u00eb vendit midis tyre edhe presidenti Mikheil Saakashvili. M\u00eb von\u00eb u shtrua nj\u00eb dark\u00eb nga Patriarkana dhe Parlamenti p\u00ebr t\u00eb gjith\u00eb delegacionet kishtare, p\u00ebr trupin diplomatik dhe personalitete t\u00eb jet\u00ebs shoq\u00ebrore t\u00eb vendit.<\/span><\/span><\/span><\/div>\n<div style=\"text-align: justify;\">&nbsp;<\/div>\n<div style=\"text-align: justify;\"><span style=\"font-family: tahoma,geneva,sans-serif;\"><span style=\"font-size: 12px;\"><span style=\"color: #000000;\">&nbsp;&nbsp;&nbsp; Dita e pest\u00eb, 15 tetor, delegacioni shqiptar, vizitoi n\u00eb krahin\u00ebn Signa manastirin e Bodbes, ku ndodhet edhe varri dhe trupi i Sh\u00ebn Nin\u00ebs, e barabart\u00eb me apostujt, e cila \u00ebsht\u00eb ndri\u00e7uesja e Gjeorgjis\u00eb. Ky manastir motrash \u00ebsht\u00eb jo larg maleve t\u00eb Kaukazit. Gjat\u00eb gjith\u00eb k\u00ebtyre dit\u00ebve delegacioni shoq\u00ebrohej nga Mitropoliti i Zugdidit dhe Caishit, Hir\u00ebsia e tij, Gjerasimi, i cili \u00ebsht\u00eb edhe P\u00ebrgjegj\u00ebsi i Departamentit t\u00eb Marr\u00ebdh\u00ebnieve me jasht\u00eb t\u00eb Patriarkan\u00ebs s\u00eb Gjeorgjis\u00eb.<\/span><\/span><\/span><\/div>\n<div style=\"text-align: justify;\">&nbsp;<\/div>\n<div style=\"text-align: justify;\"><span style=\"font-family: tahoma,geneva,sans-serif;\"><span style=\"font-size: 12px;\"><span style=\"color: #000000;\">&nbsp;&nbsp;&nbsp; Nga t\u00eb gjith\u00eb vizitat tona n\u00ebp\u00ebr kisha konstatonim se gjeogjian\u00ebt jo vet\u00ebm q\u00eb merrnin pjes\u00eb vazhdimisht n\u00eb sh\u00ebrbesat kishtare, dhe q\u00eb kjo pjes\u00ebmarrje ishte e madhe, por edhe se ofronin shum\u00eb nga vetja e tyre (koh\u00eb, interesim, veprimtari, pun\u00eb dhe t\u00eb ardhura) megjith\u00ebse ekonomia e tyre si popullat\u00eb ishte e varf\u00ebr dhe m\u00eb kujtonte personalisht Shqip\u00ebrin\u00eb e viteve 1995-1996. Ata kishin dashuri, p\u00ebrkushtim dhe respekt t\u00eb theksuar p\u00ebr kishat dhe klerin.<\/span><\/span><\/span><\/div>\n<div style=\"text-align: justify;\">&nbsp;<\/div>\n<div style=\"text-align: justify;\"><span style=\"font-family: tahoma,geneva,sans-serif;\"><span style=\"font-size: 12px;\"><span style=\"color: #000000;\">&nbsp;&nbsp;&nbsp; Me mjaft g\u00ebzim, dashuri e miq\u00ebsi n\u00eb Krishtin u mbyll kjo vizit\u00eb e bukur dhe e pasur me emocione n\u00eb Kish\u00ebn Orthodhokse t\u00eb Gjeorgjis\u00eb, \u201ce cila vazhdon p\u00ebrmes gjith\u00eb k\u00ebtyre shekujve me frym\u00ebn dhe g\u00ebzimin e kryqit dhe t\u00eb ngjalljes&#8230; Kish\u00eb e cila ka shum\u00eb t\u00eb v\u00ebrtet\u00eb, shum\u00eb bukuri dhe shum\u00eb dashuri t\u00eb cilat do t\u00eb duhet t\u2019i rrezatoj\u00eb n\u00eb t\u00eb gjith\u00eb rruzullin\u201d si\u00e7 theksoi edhe Kryepiskopi n\u00eb nj\u00eb nga intervistat e fundit t\u00eb tij n\u00eb kanalin televiziv t\u00eb Patriarkan\u00ebs \u201cErtsulevneba TV\u201d.&nbsp;<\/span><\/span><\/span><\/div>\n<div> <span style=\"font-family: tahoma,geneva,sans-serif;\"><span style=\"font-size: 12px;\"><span style=\"color: #000000;\">&#8212;&#8212;&#8212;&#8212;-<br \/> &nbsp;&nbsp;&nbsp;&nbsp; K\u00ebtu m\u00eb posht\u00eb do t\u00eb shihni fragmente nga edicionet e lajmeve flash t\u00eb TV t\u00eb Patriarkan\u00ebs:<\/span><\/span><\/span><\/div>\n<div> <span style=\"font-family: tahoma,geneva,sans-serif;\"><span style=\"font-size: 12px;\"><span style=\"color: #000000;\"><a href=\"http:\/\/www.sstv.ge\/Video.php?VideoFile=..\/transmission\/39_2010-10-11.flv\">http:\/\/www.sstv.ge\/Video.php?VideoFile=..\/transmission\/39_2010-10-11.flv&nbsp;<\/a><br \/> <a href=\"http:\/\/www.sstv.ge\/Video.php?VideoFile=..\/transmission\/39_2010-10-12.flv\">http:\/\/www.sstv.ge\/Video.php?VideoFile=..\/transmission\/39_2010-10-12.flv&nbsp;<\/a><br \/> <a href=\"http:\/\/www.sstv.ge\/Video.php?VideoFile=..\/transmission\/39_2010-10-13.flv\">http:\/\/www.sstv.ge\/Video.php?VideoFile=..\/transmission\/39_2010-10-13.flv&nbsp;<\/a><br \/> <a href=\"http:\/\/www.sstv.ge\/Video.php?VideoFile=..\/transmission\/39_2010-10-14.flv\">http:\/\/www.sstv.ge\/Video.php?VideoFile=..\/transmission\/39_2010-10-14.flv&nbsp;<\/a><br \/> <a href=\"http:\/\/www.sstv.ge\/Video.php?VideoFile=..\/transmission\/27_2010-10-16.flv\">http:\/\/www.sstv.ge\/Video.php?VideoFile=..\/transmission\/27_2010-10-16.flv&nbsp;<\/a><br \/> <a href=\"http:\/\/www.sstv.ge\/Video.php?VideoFile=..\/transmission\/148_2010-10-14.flv\">http:\/\/www.sstv.ge\/Video.php?VideoFile=..\/transmission\/148_2010-10-14.flv&nbsp;<\/a><br \/> <\/span><\/span><\/span><\/div>\n<div>&nbsp;<\/div>\n<div style=\"text-align: right;\"><span style=\"font-family: tahoma,geneva,sans-serif;\"><span style=\"font-size: 12px;\"><span style=\"color: #000000;\"><strong>Arkimandrit Asti Bakallbashi<\/strong><\/span><\/span><\/span><\/div>\n<div style=\"text-align: left;\">&nbsp;<\/div>\n<table border=\"0\">\n<tbody>\n<tr>\n<td>\n<div style=\"text-align: center;\"><span style=\"font-family: tahoma,geneva,sans-serif;\"><span style=\"font-size: 12px;\"><span style=\"color: #000000;\"><img decoding=\"async\" class=\"lazyload HAa Eha\" style=\"height: 225px; width: 300px; border-width: 1px; border-style: solid; margin: 10px;\" alt=\"\" src=\"data:image\/gif;base64,R0lGODlhAQABAAAAACH5BAEKAAEALAAAAAABAAEAAAICTAEAOw==\" data-orig-src=\"https:\/\/lh4.googleusercontent.com\/-KedU_e48tPg\/VKqFUS3HiyI\/AAAAAAAAJ6s\/oln_puVc4HY\/w800-h600-no\/6_800x600.jpg\" \/><\/span><\/span><\/span><\/div>\n<\/td>\n<td>\n<div style=\"text-align: center;\"><span style=\"font-family: tahoma,geneva,sans-serif;\"><span style=\"font-size: 12px;\"><span style=\"color: #000000;\"><img decoding=\"async\" class=\"lazyload HAa Eha\" style=\"height: 225px; width: 300px; border-width: 1px; border-style: solid; margin: 10px;\" alt=\"\" src=\"data:image\/gif;base64,R0lGODlhAQABAAAAACH5BAEKAAEALAAAAAABAAEAAAICTAEAOw==\" data-orig-src=\"https:\/\/lh5.googleusercontent.com\/-ymg5MOBYCMo\/VKqFUT1yr0I\/AAAAAAAAJ6w\/5DIz1-wBDOA\/w800-h600-no\/7_800x600.jpg\" \/><\/span><\/span><\/span><\/div>\n<\/td>\n<\/tr>\n<tr>\n<td>\n<div style=\"text-align: center;\"><span style=\"font-family: tahoma,geneva,sans-serif;\"><span style=\"font-size: 12px;\"><span style=\"color: #000000;\"><img decoding=\"async\" class=\"lazyload HAa Eha\" style=\"height: 225px; width: 300px; border-width: 1px; border-style: solid; margin: 10px;\" alt=\"\" src=\"data:image\/gif;base64,R0lGODlhAQABAAAAACH5BAEKAAEALAAAAAABAAEAAAICTAEAOw==\" data-orig-src=\"https:\/\/lh3.googleusercontent.com\/-eVkRSuWaK3k\/VKqFVF7VT-I\/AAAAAAAAJ7E\/Dv8_OOt2pog\/w800-h600-no\/8_800x600.jpg\" \/><\/span><\/span><\/span><\/div>\n<\/td>\n<td>\n<div style=\"text-align: center;\"><span style=\"font-family: tahoma,geneva,sans-serif;\"><span style=\"font-size: 12px;\"><span style=\"color: #000000;\"><img decoding=\"async\" class=\"lazyload HAa Eha\" style=\"height: 218px; width: 300px; border-width: 1px; border-style: solid; margin: 10px;\" alt=\"\" src=\"data:image\/gif;base64,R0lGODlhAQABAAAAACH5BAEKAAEALAAAAAABAAEAAAICTAEAOw==\" data-orig-src=\"https:\/\/lh3.googleusercontent.com\/-n_SCzGjezKs\/VKqFVcNNHWI\/AAAAAAAAJ7A\/QEI2zQ2O_6A\/w800-h582-no\/9_800x582.JPG\" \/><\/span><\/span><\/span><\/div>\n<\/td>\n<\/tr>\n<tr>\n<td>\n<div style=\"text-align: center;\"><span style=\"font-family: tahoma,geneva,sans-serif;\"><span style=\"font-size: 12px;\"><span style=\"color: #000000;\"><img decoding=\"async\" class=\"lazyload HAa Eha\" style=\"height: 214px; width: 300px; border-width: 1px; border-style: solid; margin: 10px;\" alt=\"\" src=\"data:image\/gif;base64,R0lGODlhAQABAAAAACH5BAEKAAEALAAAAAABAAEAAAICTAEAOw==\" data-orig-src=\"https:\/\/lh5.googleusercontent.com\/-cdXeu-6S8bg\/VKqFOnrPJZI\/AAAAAAAAJ7I\/JWmpaRwXRiM\/w800-h570-no\/10_800x570.JPG\" \/><\/span><\/span><\/span><\/div>\n<\/td>\n<td>\n<div style=\"text-align: center;\"><span style=\"font-family: tahoma,geneva,sans-serif;\"><span style=\"font-size: 12px;\"><span style=\"color: #000000;\"><img decoding=\"async\" class=\"lazyload HAa Eha\" style=\"height: 225px; width: 300px; border-width: 1px; border-style: solid; margin: 10px;\" alt=\"\" src=\"data:image\/gif;base64,R0lGODlhAQABAAAAACH5BAEKAAEALAAAAAABAAEAAAICTAEAOw==\" data-orig-src=\"https:\/\/lh5.googleusercontent.com\/-x1_OV2T2XgA\/VKqFOth3mHI\/AAAAAAAAJ5U\/ARvbO9u83sE\/w800-h600-no\/11_800x600.jpg\" \/><\/span><\/span><\/span><\/div>\n<\/td>\n<\/tr>\n<tr>\n<td>\n<div style=\"text-align: center;\"><span style=\"font-family: tahoma,geneva,sans-serif;\"><span style=\"font-size: 12px;\"><span style=\"color: #000000;\"><img decoding=\"async\" class=\"lazyload HAa Eha\" style=\"height: 225px; width: 300px; border-width: 1px; border-style: solid; margin: 10px;\" alt=\"\" src=\"data:image\/gif;base64,R0lGODlhAQABAAAAACH5BAEKAAEALAAAAAABAAEAAAICTAEAOw==\" data-orig-src=\"https:\/\/lh5.googleusercontent.com\/-8KsDzVPzKeA\/VKqFOf80BgI\/AAAAAAAAJ7I\/CVPh1V9jjXE\/w800-h600-no\/13_800x600.jpg\" \/><\/span><\/span><\/span><\/div>\n<\/td>\n<td>\n<div style=\"text-align: center;\"><span style=\"font-family: tahoma,geneva,sans-serif;\"><span style=\"font-size: 12px;\"><span style=\"color: #000000;\"><img decoding=\"async\" class=\"lazyload HAa Eha\" style=\"height: 225px; width: 300px; border-width: 1px; border-style: solid; margin: 10px;\" alt=\"\" src=\"data:image\/gif;base64,R0lGODlhAQABAAAAACH5BAEKAAEALAAAAAABAAEAAAICTAEAOw==\" data-orig-src=\"https:\/\/lh5.googleusercontent.com\/-fVVWmVrx0pA\/VKqFPGcpllI\/AAAAAAAAJ6Q\/OBI2nrARtas\/w800-h600-no\/14_800x600.jpg\" \/><\/span><\/span><\/span><\/div>\n<\/td>\n<\/tr>\n<tr>\n<td>\n<div style=\"text-align: center;\"><span style=\"font-family: tahoma,geneva,sans-serif;\"><span style=\"font-size: 12px;\"><span style=\"color: #000000;\"><img decoding=\"async\" class=\"lazyload HAa Eha\" style=\"height: 200px; width: 300px; border-width: 1px; border-style: solid; margin: 10px;\" alt=\"\" src=\"data:image\/gif;base64,R0lGODlhAQABAAAAACH5BAEKAAEALAAAAAABAAEAAAICTAEAOw==\" data-orig-src=\"https:\/\/lh3.googleusercontent.com\/-AJpMgFoZFFQ\/VKqFPTirW0I\/AAAAAAAAJ5c\/W2nnj9Y6Vpg\/w800-h533-no\/15_800x533.jpg\" \/><\/span><\/span><\/span><\/div>\n<\/td>\n<td>\n<div style=\"text-align: center;\"><span style=\"font-family: tahoma,geneva,sans-serif;\"><span style=\"font-size: 12px;\"><span style=\"color: #000000;\"><img decoding=\"async\" class=\"lazyload HAa Eha\" style=\"height: 225px; width: 300px; border-width: 1px; border-style: solid; margin: 10px;\" alt=\"\" src=\"data:image\/gif;base64,R0lGODlhAQABAAAAACH5BAEKAAEALAAAAAABAAEAAAICTAEAOw==\" data-orig-src=\"https:\/\/lh5.googleusercontent.com\/-vRzcn_XeLi4\/VKqFP0yG-hI\/AAAAAAAAJ5k\/sGiMqgZ-8xU\/w800-h600-no\/16_800x600.jpg\" \/><\/span><\/span><\/span><\/div>\n<\/td>\n<\/tr>\n<tr>\n<td>\n<div style=\"text-align: center;\"><span style=\"font-family: tahoma,geneva,sans-serif;\"><span style=\"font-size: 12px;\"><span style=\"color: #000000;\"><img decoding=\"async\" class=\"lazyload HAa Eha\" style=\"height: 225px; width: 300px; border-width: 1px; border-style: solid; margin: 10px;\" alt=\"\" src=\"data:image\/gif;base64,R0lGODlhAQABAAAAACH5BAEKAAEALAAAAAABAAEAAAICTAEAOw==\" data-orig-src=\"https:\/\/lh5.googleusercontent.com\/-rLa0b7BiN9o\/VKqFQdxYlaI\/AAAAAAAAJ5w\/k7A1QOdG7vQ\/w800-h600-no\/17_800x600.jpg\" \/><\/span><\/span><\/span><\/div>\n<\/td>\n<td>\n<div style=\"text-align: center;\"><span style=\"font-family: tahoma,geneva,sans-serif;\"><span style=\"font-size: 12px;\"><span style=\"color: #000000;\"><img decoding=\"async\" class=\"lazyload HAa Eha\" style=\"height: 225px; width: 300px; border-width: 1px; border-style: solid; margin: 10px;\" alt=\"\" src=\"data:image\/gif;base64,R0lGODlhAQABAAAAACH5BAEKAAEALAAAAAABAAEAAAICTAEAOw==\" data-orig-src=\"https:\/\/lh4.googleusercontent.com\/-t5-rQ6_xZHc\/VKqFQr-iITI\/AAAAAAAAJ50\/COVae4nTDvI\/w800-h600-no\/19_800x600.jpg\" \/><\/span><\/span><\/span><\/div>\n<\/td>\n<\/tr>\n<tr>\n<td>\n<div style=\"text-align: center;\"><span style=\"font-family: tahoma,geneva,sans-serif;\"><span style=\"font-size: 12px;\"><span style=\"color: #000000;\"><img decoding=\"async\" class=\"lazyload HAa Eha\" style=\"height: 210px; width: 300px; border-width: 1px; border-style: solid; margin: 10px;\" alt=\"\" src=\"data:image\/gif;base64,R0lGODlhAQABAAAAACH5BAEKAAEALAAAAAABAAEAAAICTAEAOw==\" data-orig-src=\"https:\/\/lh3.googleusercontent.com\/-7-3Fk_d8JoI\/VKqFSFhQrGI\/AAAAAAAAJ6E\/fqpD9x3dvto\/w800-h559-no\/20_800x559.JPG\" \/><\/span><\/span><\/span><\/div>\n<\/td>\n<td>\n<div><span style=\"font-family: tahoma,geneva,sans-serif;\"><span style=\"font-size: 12px;\"><span style=\"color: #000000;\"><\/span><\/span><\/span><\/div>\n<\/td>\n<\/tr>\n<\/tbody>\n<\/table>\n<div>&nbsp;<\/div>\n<div>&nbsp;<\/div>\n<\/div>\n<\/td>\n<\/tr>\n<\/tbody>\n<\/table>\n","protected":false},"excerpt":{"rendered":"<p>&nbsp; &nbsp;&nbsp; Nga data 11-15 tetor 2010 nj\u00eb delegacion i Kish\u00ebs Orthodhokse Autoqefale t\u00eb Shqip\u00ebris\u00eb i p\u00ebrb\u00ebr\u00eb nga Kryepiskopi i Tiran\u00ebs, Durr\u00ebsit dhe gjith\u00eb Shqip\u00ebris\u00eb Fortlumturia e Tij Anastasi, Mitropoliti i Gjirokastr\u00ebs H. Dhimitri, Episkopi i Apollonis\u00eb H. Nikolla dhe Arkimandrit Asti kreu vizit\u00ebn zyrtare t\u00eb Kish\u00ebs s\u00eb Shqip\u00ebris\u00eb n\u00eb Kish\u00ebn Orthodhokse t\u00eb Gjeorgjis\u00eb me ftes\u00eb t\u00eb Primatit t\u00eb saj, Fortlumturis\u00eb s\u00eb Tij, Ilia II,<\/p>\n","protected":false},"author":1,"featured_media":0,"comment_status":"open","ping_status":"open","sticky":false,"template":"","format":"standard","meta":{"_acf_changed":false,"pagelayer_contact_templates":[],"_pagelayer_content":"","inline_featured_image":false,"fifu_image_url":"","fifu_image_alt":"","footnotes":""},"categories":[108],"tags":[144,153,196,201,212],"class_list":["post-1533","post","type-post","status-publish","format-standard","hentry","category-lajme","tag-144","tag-deklarata-njoftime-zyrtare-d75","tag-tirane","tag-kryepiskopi-anastas","tag-lajme-d27"],"acf":[],"yoast_head":"<!-- This site is optimized with the Yoast SEO plugin v27.2 - https:\/\/yoast.com\/product\/yoast-seo-wordpress\/ -->\n<title>Vizita zyrtare e Kish\u00ebs Orthodhokse t\u00eb Shqip\u00ebris\u00eb n\u00eb Kish\u00ebn Orthodhokse t\u00eb Gjeorgjis\u00eb. (11 - 15 Tetor 2010) - Kisha Orthodh\u03bfkse Autoqefale e Shqip\u00ebris\u00eb<\/title>\n<meta name=\"robots\" content=\"index, follow, max-snippet:-1, max-image-preview:large, max-video-preview:-1\" \/>\n<link rel=\"canonical\" href=\"https:\/\/orthodoxalbania.org\/2020\/2013\/03\/20\/vizita-zyrtare-e-kishes-orthodhokse-te-shqiperise-ne-kishen-orthodhokse-te-gjeorgjise\/\" \/>\n<meta property=\"og:locale\" content=\"en_US\" \/>\n<meta property=\"og:type\" content=\"article\" \/>\n<meta property=\"og:title\" content=\"Vizita zyrtare e Kish\u00ebs Orthodhokse t\u00eb Shqip\u00ebris\u00eb n\u00eb Kish\u00ebn Orthodhokse t\u00eb Gjeorgjis\u00eb. (11 - 15 Tetor 2010) - Kisha Orthodh\u03bfkse Autoqefale e Shqip\u00ebris\u00eb\" \/>\n<meta property=\"og:description\" content=\"&nbsp; &nbsp;&nbsp; Nga data 11-15 tetor 2010 nj\u00eb delegacion i Kish\u00ebs Orthodhokse Autoqefale t\u00eb Shqip\u00ebris\u00eb i p\u00ebrb\u00ebr\u00eb nga Kryepiskopi i Tiran\u00ebs, Durr\u00ebsit dhe gjith\u00eb Shqip\u00ebris\u00eb Fortlumturia e Tij Anastasi, Mitropoliti i Gjirokastr\u00ebs H. Dhimitri, Episkopi i Apollonis\u00eb H. Nikolla dhe Arkimandrit Asti kreu vizit\u00ebn zyrtare t\u00eb Kish\u00ebs s\u00eb Shqip\u00ebris\u00eb n\u00eb Kish\u00ebn Orthodhokse t\u00eb Gjeorgjis\u00eb me ftes\u00eb t\u00eb Primatit t\u00eb saj, Fortlumturis\u00eb s\u00eb Tij, Ilia II,\" \/>\n<meta property=\"og:url\" content=\"https:\/\/orthodoxalbania.org\/2020\/2013\/03\/20\/vizita-zyrtare-e-kishes-orthodhokse-te-shqiperise-ne-kishen-orthodhokse-te-gjeorgjise\/\" \/>\n<meta property=\"og:site_name\" content=\"Kisha Orthodh\u03bfkse Autoqefale e Shqip\u00ebris\u00eb\" \/>\n<meta property=\"article:publisher\" content=\"https:\/\/www.facebook.com\/koash1991\" \/>\n<meta property=\"article:published_time\" content=\"2013-03-20T13:05:33+00:00\" \/>\n<meta property=\"article:modified_time\" content=\"2020-04-06T20:32:18+00:00\" \/>\n<meta property=\"og:image\" content=\"https:\/\/lh3.googleusercontent.com\/-shNVIaErnO4\/VKqFRd4cBPI\/AAAAAAAAJ58\/ql_33OD-Vug\/w800-h600-no\/1_800x600.jpg\" \/>\n<meta name=\"author\" content=\"Kisha Orthodhokse\" \/>\n<meta name=\"twitter:card\" content=\"summary_large_image\" \/>\n<meta name=\"twitter:label1\" content=\"Written by\" \/>\n\t<meta name=\"twitter:data1\" content=\"Kisha Orthodhokse\" \/>\n\t<meta name=\"twitter:label2\" content=\"Est. reading time\" \/>\n\t<meta name=\"twitter:data2\" content=\"16 minutes\" \/>\n<script type=\"application\/ld+json\" class=\"yoast-schema-graph\">{\"@context\":\"https:\/\/schema.org\",\"@graph\":[{\"@type\":\"Article\",\"@id\":\"https:\/\/orthodoxalbania.org\/2020\/2013\/03\/20\/vizita-zyrtare-e-kishes-orthodhokse-te-shqiperise-ne-kishen-orthodhokse-te-gjeorgjise\/#article\",\"isPartOf\":{\"@id\":\"https:\/\/orthodoxalbania.org\/2020\/2013\/03\/20\/vizita-zyrtare-e-kishes-orthodhokse-te-shqiperise-ne-kishen-orthodhokse-te-gjeorgjise\/\"},\"author\":{\"name\":\"Kisha Orthodhokse\",\"@id\":\"https:\/\/orthodoxalbania.org\/2020\/#\/schema\/person\/0c387634a7063ac612d7ed9ce71c7e86\"},\"headline\":\"Vizita zyrtare e Kish\u00ebs Orthodhokse t\u00eb Shqip\u00ebris\u00eb n\u00eb Kish\u00ebn Orthodhokse t\u00eb Gjeorgjis\u00eb. (11 &#8211; 15 Tetor 2010)\",\"datePublished\":\"2013-03-20T13:05:33+00:00\",\"dateModified\":\"2020-04-06T20:32:18+00:00\",\"mainEntityOfPage\":{\"@id\":\"https:\/\/orthodoxalbania.org\/2020\/2013\/03\/20\/vizita-zyrtare-e-kishes-orthodhokse-te-shqiperise-ne-kishen-orthodhokse-te-gjeorgjise\/\"},\"wordCount\":3159,\"commentCount\":0,\"publisher\":{\"@id\":\"https:\/\/orthodoxalbania.org\/2020\/#organization\"},\"image\":{\"@id\":\"https:\/\/orthodoxalbania.org\/2020\/2013\/03\/20\/vizita-zyrtare-e-kishes-orthodhokse-te-shqiperise-ne-kishen-orthodhokse-te-gjeorgjise\/#primaryimage\"},\"thumbnailUrl\":\"https:\/\/lh3.googleusercontent.com\/-shNVIaErnO4\/VKqFRd4cBPI\/AAAAAAAAJ58\/ql_33OD-Vug\/w800-h600-no\/1_800x600.jpg\",\"keywords\":[\"2010\",\"Deklarata - Njoftime Zyrtare\",\"Kryepiskopata Tiran\u00eb\",\"Kryepiskopi Anastas\",\"lajme\"],\"articleSection\":[\"Lajme\"],\"inLanguage\":\"en-US\"},{\"@type\":\"WebPage\",\"@id\":\"https:\/\/orthodoxalbania.org\/2020\/2013\/03\/20\/vizita-zyrtare-e-kishes-orthodhokse-te-shqiperise-ne-kishen-orthodhokse-te-gjeorgjise\/\",\"url\":\"https:\/\/orthodoxalbania.org\/2020\/2013\/03\/20\/vizita-zyrtare-e-kishes-orthodhokse-te-shqiperise-ne-kishen-orthodhokse-te-gjeorgjise\/\",\"name\":\"Vizita zyrtare e Kish\u00ebs Orthodhokse t\u00eb Shqip\u00ebris\u00eb n\u00eb Kish\u00ebn Orthodhokse t\u00eb Gjeorgjis\u00eb. (11 - 15 Tetor 2010) - Kisha Orthodh\u03bfkse Autoqefale e Shqip\u00ebris\u00eb\",\"isPartOf\":{\"@id\":\"https:\/\/orthodoxalbania.org\/2020\/#website\"},\"primaryImageOfPage\":{\"@id\":\"https:\/\/orthodoxalbania.org\/2020\/2013\/03\/20\/vizita-zyrtare-e-kishes-orthodhokse-te-shqiperise-ne-kishen-orthodhokse-te-gjeorgjise\/#primaryimage\"},\"image\":{\"@id\":\"https:\/\/orthodoxalbania.org\/2020\/2013\/03\/20\/vizita-zyrtare-e-kishes-orthodhokse-te-shqiperise-ne-kishen-orthodhokse-te-gjeorgjise\/#primaryimage\"},\"thumbnailUrl\":\"https:\/\/lh3.googleusercontent.com\/-shNVIaErnO4\/VKqFRd4cBPI\/AAAAAAAAJ58\/ql_33OD-Vug\/w800-h600-no\/1_800x600.jpg\",\"datePublished\":\"2013-03-20T13:05:33+00:00\",\"dateModified\":\"2020-04-06T20:32:18+00:00\",\"breadcrumb\":{\"@id\":\"https:\/\/orthodoxalbania.org\/2020\/2013\/03\/20\/vizita-zyrtare-e-kishes-orthodhokse-te-shqiperise-ne-kishen-orthodhokse-te-gjeorgjise\/#breadcrumb\"},\"inLanguage\":\"en-US\",\"potentialAction\":[{\"@type\":\"ReadAction\",\"target\":[\"https:\/\/orthodoxalbania.org\/2020\/2013\/03\/20\/vizita-zyrtare-e-kishes-orthodhokse-te-shqiperise-ne-kishen-orthodhokse-te-gjeorgjise\/\"]}]},{\"@type\":\"ImageObject\",\"inLanguage\":\"en-US\",\"@id\":\"https:\/\/orthodoxalbania.org\/2020\/2013\/03\/20\/vizita-zyrtare-e-kishes-orthodhokse-te-shqiperise-ne-kishen-orthodhokse-te-gjeorgjise\/#primaryimage\",\"url\":\"https:\/\/lh3.googleusercontent.com\/-shNVIaErnO4\/VKqFRd4cBPI\/AAAAAAAAJ58\/ql_33OD-Vug\/w800-h600-no\/1_800x600.jpg\",\"contentUrl\":\"https:\/\/lh3.googleusercontent.com\/-shNVIaErnO4\/VKqFRd4cBPI\/AAAAAAAAJ58\/ql_33OD-Vug\/w800-h600-no\/1_800x600.jpg\"},{\"@type\":\"BreadcrumbList\",\"@id\":\"https:\/\/orthodoxalbania.org\/2020\/2013\/03\/20\/vizita-zyrtare-e-kishes-orthodhokse-te-shqiperise-ne-kishen-orthodhokse-te-gjeorgjise\/#breadcrumb\",\"itemListElement\":[{\"@type\":\"ListItem\",\"position\":1,\"name\":\"Home\",\"item\":\"https:\/\/orthodoxalbania.org\/2020\/\"},{\"@type\":\"ListItem\",\"position\":2,\"name\":\"Vizita zyrtare e Kish\u00ebs Orthodhokse t\u00eb Shqip\u00ebris\u00eb n\u00eb Kish\u00ebn Orthodhokse t\u00eb Gjeorgjis\u00eb. (11 &#8211; 15 Tetor 2010)\"}]},{\"@type\":\"WebSite\",\"@id\":\"https:\/\/orthodoxalbania.org\/2020\/#website\",\"url\":\"https:\/\/orthodoxalbania.org\/2020\/\",\"name\":\"Kisha Orthodh\u03bfkse Autoqefale e Shqip\u00ebris\u00eb\",\"description\":\"Fqja Zyrtare e Kish\u00ebs Orthodhokse Autoqefale e Shqip\u00ebris\u00eb me lajmet edhe informacionet zyrtare p\u00ebr struktur\u00ebn edhe veprimtarin e saj.\",\"publisher\":{\"@id\":\"https:\/\/orthodoxalbania.org\/2020\/#organization\"},\"potentialAction\":[{\"@type\":\"SearchAction\",\"target\":{\"@type\":\"EntryPoint\",\"urlTemplate\":\"https:\/\/orthodoxalbania.org\/2020\/?s={search_term_string}\"},\"query-input\":{\"@type\":\"PropertyValueSpecification\",\"valueRequired\":true,\"valueName\":\"search_term_string\"}}],\"inLanguage\":\"en-US\"},{\"@type\":\"Organization\",\"@id\":\"https:\/\/orthodoxalbania.org\/2020\/#organization\",\"name\":\"Kisha Orthodhokse Autoqefale e Shqip\u00ebris\u00eb\",\"url\":\"https:\/\/orthodoxalbania.org\/2020\/\",\"logo\":{\"@type\":\"ImageObject\",\"inLanguage\":\"en-US\",\"@id\":\"https:\/\/orthodoxalbania.org\/2020\/#\/schema\/logo\/image\/\",\"url\":\"https:\/\/orthodoxalbania.org\/2020\/wp-content\/uploads\/2020\/05\/albania.jpeg\",\"contentUrl\":\"https:\/\/orthodoxalbania.org\/2020\/wp-content\/uploads\/2020\/05\/albania.jpeg\",\"width\":540,\"height\":540,\"caption\":\"Kisha Orthodhokse Autoqefale e Shqip\u00ebris\u00eb\"},\"image\":{\"@id\":\"https:\/\/orthodoxalbania.org\/2020\/#\/schema\/logo\/image\/\"},\"sameAs\":[\"https:\/\/www.facebook.com\/koash1991\"]},{\"@type\":\"Person\",\"@id\":\"https:\/\/orthodoxalbania.org\/2020\/#\/schema\/person\/0c387634a7063ac612d7ed9ce71c7e86\",\"name\":\"Kisha Orthodhokse\",\"image\":{\"@type\":\"ImageObject\",\"inLanguage\":\"en-US\",\"@id\":\"https:\/\/secure.gravatar.com\/avatar\/596e7c417251e30f2fbb9c00e026fce61a695a00e51c889caded71c96cbbdde5?s=96&d=mm&r=g\",\"url\":\"https:\/\/secure.gravatar.com\/avatar\/596e7c417251e30f2fbb9c00e026fce61a695a00e51c889caded71c96cbbdde5?s=96&d=mm&r=g\",\"contentUrl\":\"https:\/\/secure.gravatar.com\/avatar\/596e7c417251e30f2fbb9c00e026fce61a695a00e51c889caded71c96cbbdde5?s=96&d=mm&r=g\",\"caption\":\"Kisha Orthodhokse\"}}]}<\/script>\n<!-- \/ Yoast SEO plugin. -->","yoast_head_json":{"title":"Vizita zyrtare e Kish\u00ebs Orthodhokse t\u00eb Shqip\u00ebris\u00eb n\u00eb Kish\u00ebn Orthodhokse t\u00eb Gjeorgjis\u00eb. (11 - 15 Tetor 2010) - Kisha Orthodh\u03bfkse Autoqefale e Shqip\u00ebris\u00eb","robots":{"index":"index","follow":"follow","max-snippet":"max-snippet:-1","max-image-preview":"max-image-preview:large","max-video-preview":"max-video-preview:-1"},"canonical":"https:\/\/orthodoxalbania.org\/2020\/2013\/03\/20\/vizita-zyrtare-e-kishes-orthodhokse-te-shqiperise-ne-kishen-orthodhokse-te-gjeorgjise\/","og_locale":"en_US","og_type":"article","og_title":"Vizita zyrtare e Kish\u00ebs Orthodhokse t\u00eb Shqip\u00ebris\u00eb n\u00eb Kish\u00ebn Orthodhokse t\u00eb Gjeorgjis\u00eb. (11 - 15 Tetor 2010) - Kisha Orthodh\u03bfkse Autoqefale e Shqip\u00ebris\u00eb","og_description":"&nbsp; &nbsp;&nbsp; Nga data 11-15 tetor 2010 nj\u00eb delegacion i Kish\u00ebs Orthodhokse Autoqefale t\u00eb Shqip\u00ebris\u00eb i p\u00ebrb\u00ebr\u00eb nga Kryepiskopi i Tiran\u00ebs, Durr\u00ebsit dhe gjith\u00eb Shqip\u00ebris\u00eb Fortlumturia e Tij Anastasi, Mitropoliti i Gjirokastr\u00ebs H. Dhimitri, Episkopi i Apollonis\u00eb H. Nikolla dhe Arkimandrit Asti kreu vizit\u00ebn zyrtare t\u00eb Kish\u00ebs s\u00eb Shqip\u00ebris\u00eb n\u00eb Kish\u00ebn Orthodhokse t\u00eb Gjeorgjis\u00eb me ftes\u00eb t\u00eb Primatit t\u00eb saj, Fortlumturis\u00eb s\u00eb Tij, Ilia II,","og_url":"https:\/\/orthodoxalbania.org\/2020\/2013\/03\/20\/vizita-zyrtare-e-kishes-orthodhokse-te-shqiperise-ne-kishen-orthodhokse-te-gjeorgjise\/","og_site_name":"Kisha Orthodh\u03bfkse Autoqefale e Shqip\u00ebris\u00eb","article_publisher":"https:\/\/www.facebook.com\/koash1991","article_published_time":"2013-03-20T13:05:33+00:00","article_modified_time":"2020-04-06T20:32:18+00:00","og_image":[{"url":"https:\/\/lh3.googleusercontent.com\/-shNVIaErnO4\/VKqFRd4cBPI\/AAAAAAAAJ58\/ql_33OD-Vug\/w800-h600-no\/1_800x600.jpg","type":"","width":"","height":""}],"author":"Kisha Orthodhokse","twitter_card":"summary_large_image","twitter_misc":{"Written by":"Kisha Orthodhokse","Est. reading time":"16 minutes"},"schema":{"@context":"https:\/\/schema.org","@graph":[{"@type":"Article","@id":"https:\/\/orthodoxalbania.org\/2020\/2013\/03\/20\/vizita-zyrtare-e-kishes-orthodhokse-te-shqiperise-ne-kishen-orthodhokse-te-gjeorgjise\/#article","isPartOf":{"@id":"https:\/\/orthodoxalbania.org\/2020\/2013\/03\/20\/vizita-zyrtare-e-kishes-orthodhokse-te-shqiperise-ne-kishen-orthodhokse-te-gjeorgjise\/"},"author":{"name":"Kisha Orthodhokse","@id":"https:\/\/orthodoxalbania.org\/2020\/#\/schema\/person\/0c387634a7063ac612d7ed9ce71c7e86"},"headline":"Vizita zyrtare e Kish\u00ebs Orthodhokse t\u00eb Shqip\u00ebris\u00eb n\u00eb Kish\u00ebn Orthodhokse t\u00eb Gjeorgjis\u00eb. (11 &#8211; 15 Tetor 2010)","datePublished":"2013-03-20T13:05:33+00:00","dateModified":"2020-04-06T20:32:18+00:00","mainEntityOfPage":{"@id":"https:\/\/orthodoxalbania.org\/2020\/2013\/03\/20\/vizita-zyrtare-e-kishes-orthodhokse-te-shqiperise-ne-kishen-orthodhokse-te-gjeorgjise\/"},"wordCount":3159,"commentCount":0,"publisher":{"@id":"https:\/\/orthodoxalbania.org\/2020\/#organization"},"image":{"@id":"https:\/\/orthodoxalbania.org\/2020\/2013\/03\/20\/vizita-zyrtare-e-kishes-orthodhokse-te-shqiperise-ne-kishen-orthodhokse-te-gjeorgjise\/#primaryimage"},"thumbnailUrl":"https:\/\/lh3.googleusercontent.com\/-shNVIaErnO4\/VKqFRd4cBPI\/AAAAAAAAJ58\/ql_33OD-Vug\/w800-h600-no\/1_800x600.jpg","keywords":["2010","Deklarata - Njoftime Zyrtare","Kryepiskopata Tiran\u00eb","Kryepiskopi Anastas","lajme"],"articleSection":["Lajme"],"inLanguage":"en-US"},{"@type":"WebPage","@id":"https:\/\/orthodoxalbania.org\/2020\/2013\/03\/20\/vizita-zyrtare-e-kishes-orthodhokse-te-shqiperise-ne-kishen-orthodhokse-te-gjeorgjise\/","url":"https:\/\/orthodoxalbania.org\/2020\/2013\/03\/20\/vizita-zyrtare-e-kishes-orthodhokse-te-shqiperise-ne-kishen-orthodhokse-te-gjeorgjise\/","name":"Vizita zyrtare e Kish\u00ebs Orthodhokse t\u00eb Shqip\u00ebris\u00eb n\u00eb Kish\u00ebn Orthodhokse t\u00eb Gjeorgjis\u00eb. (11 - 15 Tetor 2010) - Kisha Orthodh\u03bfkse Autoqefale e Shqip\u00ebris\u00eb","isPartOf":{"@id":"https:\/\/orthodoxalbania.org\/2020\/#website"},"primaryImageOfPage":{"@id":"https:\/\/orthodoxalbania.org\/2020\/2013\/03\/20\/vizita-zyrtare-e-kishes-orthodhokse-te-shqiperise-ne-kishen-orthodhokse-te-gjeorgjise\/#primaryimage"},"image":{"@id":"https:\/\/orthodoxalbania.org\/2020\/2013\/03\/20\/vizita-zyrtare-e-kishes-orthodhokse-te-shqiperise-ne-kishen-orthodhokse-te-gjeorgjise\/#primaryimage"},"thumbnailUrl":"https:\/\/lh3.googleusercontent.com\/-shNVIaErnO4\/VKqFRd4cBPI\/AAAAAAAAJ58\/ql_33OD-Vug\/w800-h600-no\/1_800x600.jpg","datePublished":"2013-03-20T13:05:33+00:00","dateModified":"2020-04-06T20:32:18+00:00","breadcrumb":{"@id":"https:\/\/orthodoxalbania.org\/2020\/2013\/03\/20\/vizita-zyrtare-e-kishes-orthodhokse-te-shqiperise-ne-kishen-orthodhokse-te-gjeorgjise\/#breadcrumb"},"inLanguage":"en-US","potentialAction":[{"@type":"ReadAction","target":["https:\/\/orthodoxalbania.org\/2020\/2013\/03\/20\/vizita-zyrtare-e-kishes-orthodhokse-te-shqiperise-ne-kishen-orthodhokse-te-gjeorgjise\/"]}]},{"@type":"ImageObject","inLanguage":"en-US","@id":"https:\/\/orthodoxalbania.org\/2020\/2013\/03\/20\/vizita-zyrtare-e-kishes-orthodhokse-te-shqiperise-ne-kishen-orthodhokse-te-gjeorgjise\/#primaryimage","url":"https:\/\/lh3.googleusercontent.com\/-shNVIaErnO4\/VKqFRd4cBPI\/AAAAAAAAJ58\/ql_33OD-Vug\/w800-h600-no\/1_800x600.jpg","contentUrl":"https:\/\/lh3.googleusercontent.com\/-shNVIaErnO4\/VKqFRd4cBPI\/AAAAAAAAJ58\/ql_33OD-Vug\/w800-h600-no\/1_800x600.jpg"},{"@type":"BreadcrumbList","@id":"https:\/\/orthodoxalbania.org\/2020\/2013\/03\/20\/vizita-zyrtare-e-kishes-orthodhokse-te-shqiperise-ne-kishen-orthodhokse-te-gjeorgjise\/#breadcrumb","itemListElement":[{"@type":"ListItem","position":1,"name":"Home","item":"https:\/\/orthodoxalbania.org\/2020\/"},{"@type":"ListItem","position":2,"name":"Vizita zyrtare e Kish\u00ebs Orthodhokse t\u00eb Shqip\u00ebris\u00eb n\u00eb Kish\u00ebn Orthodhokse t\u00eb Gjeorgjis\u00eb. (11 &#8211; 15 Tetor 2010)"}]},{"@type":"WebSite","@id":"https:\/\/orthodoxalbania.org\/2020\/#website","url":"https:\/\/orthodoxalbania.org\/2020\/","name":"Kisha Orthodh\u03bfkse Autoqefale e Shqip\u00ebris\u00eb","description":"Fqja Zyrtare e Kish\u00ebs Orthodhokse Autoqefale e Shqip\u00ebris\u00eb me lajmet edhe informacionet zyrtare p\u00ebr struktur\u00ebn edhe veprimtarin e saj.","publisher":{"@id":"https:\/\/orthodoxalbania.org\/2020\/#organization"},"potentialAction":[{"@type":"SearchAction","target":{"@type":"EntryPoint","urlTemplate":"https:\/\/orthodoxalbania.org\/2020\/?s={search_term_string}"},"query-input":{"@type":"PropertyValueSpecification","valueRequired":true,"valueName":"search_term_string"}}],"inLanguage":"en-US"},{"@type":"Organization","@id":"https:\/\/orthodoxalbania.org\/2020\/#organization","name":"Kisha Orthodhokse Autoqefale e Shqip\u00ebris\u00eb","url":"https:\/\/orthodoxalbania.org\/2020\/","logo":{"@type":"ImageObject","inLanguage":"en-US","@id":"https:\/\/orthodoxalbania.org\/2020\/#\/schema\/logo\/image\/","url":"https:\/\/orthodoxalbania.org\/2020\/wp-content\/uploads\/2020\/05\/albania.jpeg","contentUrl":"https:\/\/orthodoxalbania.org\/2020\/wp-content\/uploads\/2020\/05\/albania.jpeg","width":540,"height":540,"caption":"Kisha Orthodhokse Autoqefale e Shqip\u00ebris\u00eb"},"image":{"@id":"https:\/\/orthodoxalbania.org\/2020\/#\/schema\/logo\/image\/"},"sameAs":["https:\/\/www.facebook.com\/koash1991"]},{"@type":"Person","@id":"https:\/\/orthodoxalbania.org\/2020\/#\/schema\/person\/0c387634a7063ac612d7ed9ce71c7e86","name":"Kisha Orthodhokse","image":{"@type":"ImageObject","inLanguage":"en-US","@id":"https:\/\/secure.gravatar.com\/avatar\/596e7c417251e30f2fbb9c00e026fce61a695a00e51c889caded71c96cbbdde5?s=96&d=mm&r=g","url":"https:\/\/secure.gravatar.com\/avatar\/596e7c417251e30f2fbb9c00e026fce61a695a00e51c889caded71c96cbbdde5?s=96&d=mm&r=g","contentUrl":"https:\/\/secure.gravatar.com\/avatar\/596e7c417251e30f2fbb9c00e026fce61a695a00e51c889caded71c96cbbdde5?s=96&d=mm&r=g","caption":"Kisha Orthodhokse"}}]}},"_links":{"self":[{"href":"https:\/\/orthodoxalbania.org\/2020\/wp-json\/wp\/v2\/posts\/1533","targetHints":{"allow":["GET"]}}],"collection":[{"href":"https:\/\/orthodoxalbania.org\/2020\/wp-json\/wp\/v2\/posts"}],"about":[{"href":"https:\/\/orthodoxalbania.org\/2020\/wp-json\/wp\/v2\/types\/post"}],"author":[{"embeddable":true,"href":"https:\/\/orthodoxalbania.org\/2020\/wp-json\/wp\/v2\/users\/1"}],"replies":[{"embeddable":true,"href":"https:\/\/orthodoxalbania.org\/2020\/wp-json\/wp\/v2\/comments?post=1533"}],"version-history":[{"count":1,"href":"https:\/\/orthodoxalbania.org\/2020\/wp-json\/wp\/v2\/posts\/1533\/revisions"}],"predecessor-version":[{"id":15460,"href":"https:\/\/orthodoxalbania.org\/2020\/wp-json\/wp\/v2\/posts\/1533\/revisions\/15460"}],"wp:attachment":[{"href":"https:\/\/orthodoxalbania.org\/2020\/wp-json\/wp\/v2\/media?parent=1533"}],"wp:term":[{"taxonomy":"category","embeddable":true,"href":"https:\/\/orthodoxalbania.org\/2020\/wp-json\/wp\/v2\/categories?post=1533"},{"taxonomy":"post_tag","embeddable":true,"href":"https:\/\/orthodoxalbania.org\/2020\/wp-json\/wp\/v2\/tags?post=1533"}],"curies":[{"name":"wp","href":"https:\/\/api.w.org\/{rel}","templated":true}]}}