{"id":1532,"date":"2008-02-26T00:00:00","date_gmt":"2008-02-26T00:00:00","guid":{"rendered":""},"modified":"2020-04-06T22:35:15","modified_gmt":"2020-04-06T20:35:15","slug":"vizita-zyrtare-e-kishes-orthodhokse-autoqefale-te-shqiperise-ne-kishen-orthodhokse-autoqefale-te-qipros-2-8-tetor-2008-2008","status":"publish","type":"post","link":"https:\/\/orthodoxalbania.org\/2020\/2008\/02\/26\/vizita-zyrtare-e-kishes-orthodhokse-autoqefale-te-shqiperise-ne-kishen-orthodhokse-autoqefale-te-qipros-2-8-tetor-2008-2008\/","title":{"rendered":"Vizita zyrtare e Kish\u00ebs Orthodhokse Autoqefale t\u00eb Shqip\u00ebris\u00eb n\u00eb Kish\u00ebn Orthodhokse Autoqefale t\u00eb Qipros, 2-8 Tetor 2008."},"content":{"rendered":"<table style=\"width: 951px; height: 2578px; margin-right: auto; margin-left: auto;\">\n<tbody>\n<tr>\n<td>\n<div style=\"text-align: justify;\"><span style=\"font-family: tahoma,geneva,sans-serif;\"><span style=\"font-size: 12px;\"><span style=\"color: #000000;\">&nbsp;&nbsp; Vizita e par\u00eb zyrtare e Kryepiskopit t\u00eb Tiran\u00ebs dhe t\u00eb gjith\u00eb Shqip\u00ebris\u00eb, Fortlumturis\u00eb s\u00eb Tij Anastasit, n\u00eb krye t\u00eb nj\u00eb delegacioni t\u00eb Kish\u00ebs Orthodhokse Autoqefale t\u00eb Shqip\u00ebris\u00eb, n\u00eb Kish\u00ebn mot\u00ebr t\u00eb Qipros, p\u00ebrb\u00ebn nj\u00eb eveniment t\u00eb r\u00ebnd\u00ebsish\u00ebm. Jo se nuk ka pasur kontakte mes tyre, por pas k\u00ebsaj vizite zyrtare gjith\u00e7ka do t\u00eb intensifikohet n\u00eb dobi t\u00eb zhvillimit dhe mb\u00ebshtetjes s\u00eb Kish\u00ebs son\u00eb Orthodhokse.<\/span><\/span><\/span><\/div>\n<div style=\"text-align: justify;\"> <span style=\"font-family: tahoma,geneva,sans-serif;\"><span style=\"font-size: 12px;\"><span style=\"color: #000000;\">&nbsp;&nbsp;&nbsp; N\u00eb p\u00ebrb\u00ebrje t\u00eb delegacionit ishin edhe Mitropoliti i Kor\u00e7\u00ebs Imzot Joani, Mitropoliti i Gjirokastr\u00ebs Imzot Dhimitri, Protopresviter Joan Trebicka, Kryedhjakon Asti Bakallbashi dhe z. Orfea Beci. &nbsp;&nbsp;&nbsp;&nbsp;<\/span><\/span><\/span><\/div>\n<\/td>\n<td>\n<div class=\"style2\"><span style=\"font-family: tahoma,geneva,sans-serif;\"><span style=\"font-size: 12px;\"><span style=\"color: #000000;\"><img decoding=\"async\" class=\"lazyload HAa Eha\" style=\"border-width: 1px; border-style: solid; margin: 10px auto; display: block;\" alt=\"\" src=\"data:image\/gif;base64,R0lGODlhAQABAAAAACH5BAEKAAEALAAAAAABAAEAAAICTAEAOw==\" data-orig-src=\"https:\/\/lh4.googleusercontent.com\/-Nvg0f5rizlY\/VJKV6RvcsJI\/AAAAAAAAIbI\/s6UgZIFFaqU\/w448-h265-no\/5.jpg\" \/><\/span><\/span><\/span><\/div>\n<\/td>\n<\/tr>\n<tr>\n<td style=\"text-align: center;\">\n<div><span style=\"font-family: tahoma,geneva,sans-serif;\"><span style=\"font-size: 12px;\"><span style=\"color: #000000;\"><img decoding=\"async\" class=\"lazyload HAa Eha\" style=\"border-width: 1px; border-style: solid; margin: 10px;\" alt=\"\" src=\"data:image\/gif;base64,R0lGODlhAQABAAAAACH5BAEKAAEALAAAAAABAAEAAAICTAEAOw==\" data-orig-src=\"https:\/\/lh4.googleusercontent.com\/-VeV-B9OcgO4\/VJKV55_cPRI\/AAAAAAAAIao\/PfATdi3hhW8\/w430-h336-no\/3.jpg\" \/><\/span><\/span><\/span><\/div>\n<\/td>\n<td>\n<div style=\"text-align: justify;\"><span style=\"font-family: tahoma,geneva,sans-serif;\"><span style=\"font-size: 12px;\"><span style=\"color: #000000;\">&nbsp;&nbsp;&nbsp; Vizita pati momente emocionuese q\u00eb n\u00eb fillimin e saj, ku n\u00eb Aeroportin e Larnakas kishin dal\u00eb p\u00ebr t\u00eb pritur Kryepiskopin Anastas, Kryepiskopi i Qipros, Fortlumturia e Tij, Krisostomi II, s\u00eb bashku me tet\u00eb episkop\u00eb t\u00eb tjer\u00eb, an\u00ebtar\u00eb t\u00eb Sinodit t\u00eb Shenjt\u00eb t\u00eb Kish\u00ebs s\u00eb Qipros. Shumica e tyre e takonin me respekt t\u00eb ve\u00e7ant\u00eb Kryepiskopin ton\u00eb, t\u00eb cilin e kishin pasur profesor n\u00eb Fakultetin Teologjik t\u00eb Athin\u00ebs. N\u00eb em\u00ebr t\u00eb Presidentit t\u00eb Qipros dhe qeveris\u00eb, ishte Ministri i Drejt\u00ebsis\u00eb dhe i Rendit Publik.<br \/> <\/span><\/span><\/span><\/div>\n<div style=\"text-align: justify;\">&nbsp;<\/div>\n<div style=\"text-align: justify;\"><span style=\"font-family: tahoma,geneva,sans-serif;\"><span style=\"font-size: 12px;\"><span style=\"color: #000000;\">&nbsp; &nbsp; N\u00eb fjal\u00ebn e mir\u00ebseardhjes Kryepiskopi i Qipros p\u00ebrmblodhi dashurin\u00eb, respektin dhe n\u00eb ve\u00e7anti bekimin q\u00eb Kisha e Qipros merrte nga kjo vizit\u00eb e Kryepiskopit Anastas.<\/span><\/span><\/span><\/div>\n<\/td>\n<\/tr>\n<tr>\n<td>\n<div style=\"text-align: justify;\"><span style=\"font-family: tahoma,geneva,sans-serif;\"><span style=\"font-size: 12px;\"><span style=\"color: #000000;\">&nbsp;&nbsp;&nbsp; Theksoi sukseset q\u00eb ka arritur Kisha e Qipros dhe n\u00eb ve\u00e7anti zgjerimin vitet e fundit t\u00eb Sinodit t\u00eb Shenjt\u00eb me krijimin e Mitropolive t\u00eb reja, por edhe problemin e madh q\u00eb mundon ishullin: ndarjen e padrejt\u00eb dhe mbajtjen n\u00ebn pushtim t\u00eb veriut t\u00eb tij, gj\u00eb q\u00eb n\u00eb fakt i ka mohuar Kish\u00ebs Orthodhokse t\u00eb drejta elementare.<br \/> <\/span><\/span><\/span><\/div>\n<div style=\"text-align: justify;\">&nbsp;<\/div>\n<div style=\"text-align: justify;\"><span style=\"font-family: tahoma,geneva,sans-serif;\"><span style=\"font-size: 12px;\"><span style=\"color: #000000;\">&nbsp;&nbsp;&nbsp; Shum\u00eb kisha dhe manastire n\u00eb Veri jan\u00eb rr\u00ebnuar. Vepra t\u00eb r\u00ebnd\u00ebsishme t\u00eb artit mesjetar jan\u00eb shkat\u00ebrruar totalisht, vjedhur ose trafikuar. Besimtar\u00ebt nuk mund t\u00eb vizitojn\u00eb kishat dhe manastiret e tyre. Monumente t\u00eb r\u00ebnd\u00ebsishme t\u00eb trash\u00ebgimis\u00eb kulturore jan\u00eb l\u00ebn\u00eb n\u00eb m\u00ebshir\u00eb t\u00eb fatit dhe po d\u00ebmtohen p\u00ebrdit\u00eb.<\/span><\/span><\/span><\/div>\n<\/td>\n<td style=\"text-align: center;\">\n<div><span style=\"font-family: tahoma,geneva,sans-serif;\"><span style=\"font-size: 12px;\"><span style=\"color: #000000;\"><img decoding=\"async\" class=\"lazyload HAa Eha\" style=\"border-width: 1px; border-style: solid; margin: 10px;\" alt=\"\" src=\"data:image\/gif;base64,R0lGODlhAQABAAAAACH5BAEKAAEALAAAAAABAAEAAAICTAEAOw==\" data-orig-src=\"https:\/\/lh3.googleusercontent.com\/-8iFtKuxhU1A\/VJKV5-42hUI\/AAAAAAAAIbE\/6acKRDU3BGs\/w448-h336-no\/2.jpg\" \/><\/span><\/span><\/span><\/div>\n<\/td>\n<\/tr>\n<tr>\n<td style=\"text-align: center;\">\n<div><span style=\"font-family: tahoma,geneva,sans-serif;\"><span style=\"font-size: 12px;\"><span style=\"color: #000000;\"><img decoding=\"async\" class=\"lazyload HAa Eha\" style=\"border-width: 1px; border-style: solid; margin: 10px;\" alt=\"\" src=\"data:image\/gif;base64,R0lGODlhAQABAAAAACH5BAEKAAEALAAAAAABAAEAAAICTAEAOw==\" data-orig-src=\"https:\/\/lh3.googleusercontent.com\/-L-RcuYt93II\/VJKV67pTsNI\/AAAAAAAAIa0\/Ui_TPbQQIA0\/w448-h328-no\/8.jpg\" \/><\/span><\/span><\/span><\/div>\n<\/td>\n<td>\n<div style=\"text-align: justify;\"><span style=\"font-family: tahoma,geneva,sans-serif;\"><span style=\"font-size: 12px;\"><span style=\"color: #000000;\">&nbsp;&nbsp;&nbsp; N\u00eb ve\u00e7anti Varri i Apostullit Varnava, nx\u00ebn\u00ebs i Apostull Pavlit, p\u00ebrhap\u00ebs i krishterimit n\u00eb Qipro dhe mbrojt\u00ebs i Ishullit \u00ebsht\u00eb i braktisur dhe i pavizituesh\u00ebm. Po k\u00ebshtu edhe Manastiri i Apostull Andreas, Varri dhe Kisha e Sh\u00ebn Epifanit etj.<br \/> &nbsp;<\/span><\/span><\/span><\/div>\n<div style=\"text-align: justify;\"><span style=\"font-family: tahoma,geneva,sans-serif;\"><span style=\"font-size: 12px;\"><span style=\"color: #000000;\">&nbsp;&nbsp;&nbsp; Kryepiskopi Anastas gjente rastin q\u00eb t\u2019u rikujtonte orthodhoks\u00ebve t\u00eb Qipros q\u00eb pik\u00ebrisht ajo q\u00eb ndodh n\u00eb nj\u00eb pjes\u00eb t\u00eb ishulli t\u00eb tyre, n\u00eb nj\u00eb m\u00ebnyr\u00eb akoma m\u00eb totalitare, m\u00eb t\u00eb dhunshme, u b\u00eb n\u00eb Shqip\u00ebri nga regjimi ateist p\u00ebr 23 vjet me radh\u00eb, n\u00eb t\u00eb gjitha enorit\u00eb dhe madje edhe n\u00eb familjet orthodhokse.<br \/> &nbsp;&nbsp;&nbsp;&nbsp; <\/span><\/span><\/span><\/div>\n<div style=\"text-align: justify;\"><span style=\"font-family: tahoma,geneva,sans-serif;\"><span style=\"font-size: 12px;\"><span style=\"color: #000000;\">&nbsp;&nbsp;&nbsp; Dhe nuk \u00ebsht\u00eb kjo ngjashm\u00ebria e vetme: populli besimtar i Qipros, sikund\u00ebr ndodh n\u00eb vendin ton\u00eb, kishte p\u00ebrvoj\u00ebn prek\u00ebse t\u00eb bashk\u00ebjetes\u00ebs dhe harmonis\u00eb nd\u00ebrfetare me popullsin\u00eb myslimane t\u00eb minoritetit turk deri para ndarjes.<\/span><\/span><\/span><\/div>\n<\/td>\n<\/tr>\n<tr>\n<td>\n<div style=\"text-align: justify;\"><span style=\"font-family: tahoma,geneva,sans-serif;\"><span style=\"font-size: 12px;\"><span style=\"color: #000000;\">&nbsp;&nbsp;&nbsp; Prania e madhe e gazetar\u00ebve n\u00eb aeroport tregonte interesimin e ve\u00e7ant\u00eb t\u00eb mjeteve t\u00eb informimit dhe opinionit publik n\u00eb Qipro p\u00ebr personin e Kryepiskopit dhe sukseset q\u00eb arrin Kisha jon\u00eb n\u00eb rrug\u00ebn e ringritjes s\u00eb saj.<\/span><\/span><\/span><\/div>\n<div style=\"text-align: justify;\"> <span style=\"font-family: tahoma,geneva,sans-serif;\"><span style=\"font-size: 12px;\"><span style=\"color: #000000;\">&nbsp; &nbsp; Ceremonia e mir\u00ebseardhjes u krye n\u00eb Kish\u00ebn Katedrale, nj\u00eb monument i v\u00ebrtet\u00eb kulture te krishter\u00eb, t\u00eb Sh\u00ebn Joan Theologut, n\u00eb Lefkosia. Qindra besimtar\u00eb dhe sidomos rinia shkollore kishte mbushur rrug\u00ebt dhe oborrin e Selis\u00eb s\u00eb Kryepiskopat\u00ebs p\u00ebr t\u00eb uruar mir\u00ebseardhjen. Pas Dhoksologjis\u00eb dy Primat\u00ebt e Kishave k\u00ebmbyen fjalimet e rastit. Kryepiskopi Anastas n\u00eb ve\u00e7anti kujtoi nj\u00eb lidhje t\u00eb Ishullit me trevat e Shqip\u00ebris\u00eb s\u00eb sotme q\u00eb nuk e kishin parasysh aty, dhe pik\u00ebrisht veprimtarin\u00eb krijuese t\u00eb nj\u00eb artisti t\u00eb madh si Onuf\u00ebr Qiprioti.<\/span><\/span><\/span><\/div>\n<\/td>\n<td>\n<div><span style=\"font-family: tahoma,geneva,sans-serif;\"><span style=\"font-size: 12px;\"><span style=\"color: #000000;\">&nbsp;&nbsp; <img decoding=\"async\" class=\"lazyload HAa Eha\" style=\"border-width: 1px; border-style: solid; margin: 10px auto; display: block;\" alt=\"\" src=\"data:image\/gif;base64,R0lGODlhAQABAAAAACH5BAEKAAEALAAAAAABAAEAAAICTAEAOw==\" data-orig-src=\"https:\/\/lh4.googleusercontent.com\/-2SA9qv9BspQ\/VJKV62Fh2TI\/AAAAAAAAIa8\/1bug4hw9QOs\/w448-h336-no\/6.jpg\" \/><\/span><\/span><\/span><\/div>\n<\/td>\n<\/tr>\n<tr>\n<td style=\"text-align: center;\">\n<div><span style=\"font-family: tahoma,geneva,sans-serif;\"><span style=\"font-size: 12px;\"><span style=\"color: #000000;\"><img decoding=\"async\" class=\"lazyload HAa Eha\" style=\"border-width: 1px; border-style: solid; margin: 10px;\" alt=\"\" src=\"data:image\/gif;base64,R0lGODlhAQABAAAAACH5BAEKAAEALAAAAAABAAEAAAICTAEAOw==\" data-orig-src=\"https:\/\/lh4.googleusercontent.com\/-PUWxpBupQrQ\/VJKW81O3UvI\/AAAAAAAAIbc\/1CGRF5Optc8\/w448-h334-no\/4%2B-%2B.jpg\" \/><\/span><\/span><\/span><\/div>\n<\/td>\n<td>\n<div style=\"text-align: justify;\"><span style=\"font-family: tahoma,geneva,sans-serif;\"><span style=\"font-size: 12px;\"><span style=\"color: #000000;\">&nbsp;&nbsp;&nbsp; Pasditen e s\u00eb enjtes, Kryepiskopi, s\u00eb bashku me p\u00ebrfaq\u00ebsin\u00eb e Kish\u00ebs son\u00eb, vizitoi dhe kreu p\u00ebrshpirtje n\u00eb Varret e Burgosura (<em>u quajt\u00ebn k\u00ebshtu se kolonizator\u00ebt anglez\u00eb, varrosnin aty pa ua dor\u00ebzuar familjeve, trupat e t\u00eb rinjve t\u00eb ekzekutuar q\u00eb ishin ngritur p\u00ebr liri<\/em>), si edhe n\u00eb Varrezat e D\u00ebshmor\u00ebve n\u00eb Lefkosia.<br \/> <\/span><\/span><\/span><\/div>\n<div style=\"text-align: justify;\">&nbsp;<\/div>\n<div style=\"text-align: justify;\"><span style=\"font-family: tahoma,geneva,sans-serif;\"><span style=\"font-size: 12px;\"><span style=\"color: #000000;\">&nbsp;&nbsp;&nbsp; T\u00eb nes\u00ebrmen, Kryepiskopi u prit dhe pati bised\u00eb v\u00ebllaz\u00ebrore me Presidentin e Qipros, z. Dhimitrios Hristofias. Kryepiskopi p\u00ebrve\u00e7 sukseseve dhe v\u00ebshtir\u00ebsive q\u00eb p\u00ebrballon Kisha jon\u00eb, foli gjat\u00eb takimit edhe p\u00ebr p\u00ebrpjekjet e Shqip\u00ebris\u00eb dhe klas\u00ebs s\u00eb saj politike p\u00ebr avancimin drejt integrimit evropian. Presidenti Hristofias e informoi Kryepiskopin Anastas p\u00ebr ecurin\u00eb e bisedimeve mes dy komuniteteve t\u00eb Ishullit p\u00ebr t\u2019u krijuar mund\u00ebsia e unifikimit t\u00eb shtetit qipriot.<\/span><\/span><\/span><\/div>\n<\/td>\n<\/tr>\n<tr>\n<td>\n<div style=\"text-align: justify;\"><span style=\"font-family: tahoma,geneva,sans-serif;\"><span style=\"font-size: 12px;\"><span style=\"color: #000000;\">&nbsp;&nbsp;&nbsp; Zoti Hristofias u interesua gjithashtu p\u00ebr mund\u00ebsi t\u00eb reja n\u00eb shtimin e kontakteve dhe bashk\u00ebpunimit me vendin ton\u00eb. U k\u00ebmbyen dhe dhuratat e rastit. Urimi i Kryepiskopit Anastas edhe para mediave ishte p\u00ebr m\u00eb shum\u00eb maturi, durim dhe fuqi p\u00ebr nj\u00eb t\u00eb ardhme m\u00eb t\u00eb begat\u00eb p\u00ebr Qipron dhe popullin e saj.<\/p>\n<p> &nbsp;&nbsp;&nbsp;&nbsp;&nbsp; <strong> Liturgjia Arkieratike<\/strong><\/span><\/span><\/span><\/div>\n<div style=\"text-align: justify;\"> <span style=\"font-family: tahoma,geneva,sans-serif;\"><span style=\"font-size: 12px;\"><span style=\"color: #000000;\">&nbsp; &nbsp; Madh\u00ebshtore ishte Liturgjia Hyjnore e p\u00ebrbashk\u00ebt e dy Primat\u00ebve, Kryepiskopit Anastas dhe Kryepiskopit Krisostomos II, si dhe episkop\u00ebve t\u00eb dy Kishave motra. Ajo u krye t\u00eb diel\u00ebn, 5 tetor, n\u00eb Kish\u00ebn madh\u00ebshtore Fjetja e Per\u00ebndilind\u00ebses, n\u00eb Lefkosia, enoria m\u00eb e madhe e kryeqytetit.<br \/> &nbsp;&nbsp; <\/span><\/span><\/span><\/div>\n<div style=\"text-align: justify;\"><span style=\"font-family: tahoma,geneva,sans-serif;\"><span style=\"font-size: 12px;\"><span style=\"color: #000000;\">&nbsp;&nbsp;&nbsp; Kisha Orthodhokse e Qipros t\u00eb diel\u00ebn e par\u00eb t\u00eb tetorit kremton kujtimin e gjith\u00eb shenjtor\u00ebve q\u00eb jetuan, u flijuan ose nd\u00ebrruan jet\u00eb n\u00eb Ishullin e Qipros.<\/span><\/span><\/span><\/div>\n<\/td>\n<td>\n<div><span style=\"font-family: tahoma,geneva,sans-serif;\"><span style=\"font-size: 12px;\"><span style=\"color: #000000;\">&nbsp;&nbsp; <img decoding=\"async\" class=\"lazyload HAa Eha\" style=\"border-width: 1px; border-style: solid; margin: 10px auto; display: block;\" alt=\"\" src=\"data:image\/gif;base64,R0lGODlhAQABAAAAACH5BAEKAAEALAAAAAABAAEAAAICTAEAOw==\" data-orig-src=\"https:\/\/lh4.googleusercontent.com\/-MbYxGQ4yFjk\/VJKV57xJUfI\/AAAAAAAAIak\/OWGRV_5MnBo\/w325-h448-no\/5%2B-%2B.JPG\" \/><\/span><\/span><\/span><\/div>\n<\/td>\n<\/tr>\n<\/tbody>\n<\/table>\n<div style=\"text-align: justify;\"><span style=\"font-family: tahoma,geneva,sans-serif;\"><span style=\"font-size: 12px;\"><span style=\"color: #000000;\"><img decoding=\"async\" class=\"lazyload HAa Eha\" style=\"border-width: 1px; border-style: solid; margin: 10px; float: left;\" alt=\"\" src=\"data:image\/gif;base64,R0lGODlhAQABAAAAACH5BAEKAAEALAAAAAABAAEAAAICTAEAOw==\" data-orig-src=\"https:\/\/lh6.googleusercontent.com\/-dpu_I4sqgcg\/VJKV6dOwZrI\/AAAAAAAAIa4\/y5BtsABnOBo\/w336-h371-no\/6%2B-%2B.jpg\" \/>&nbsp;&nbsp;&nbsp;&nbsp;&nbsp; N\u00eb mbarim t\u00eb Liturgjis\u00eb u lexuan fjalimet e dy krer\u00ebve t\u00eb Kishave. Kryepiskopi i Qipros komunikoi vendimin unanim t\u00eb Sinodit t\u00eb Shenjt\u00eb t\u00eb Kish\u00ebs Orthodhokse t\u00eb Qipros dhe i akordoi Kryepiskopit Anastas Dekorat\u00ebn e Art\u00eb t\u00eb Apostullit Varnava, nderimin m\u00eb t\u00eb lart\u00eb q\u00eb jep kjo Kish\u00eb.<\/span><\/span><\/span><\/div>\n<div style=\"text-align: justify;\"> <span style=\"font-family: tahoma,geneva,sans-serif;\"><span style=\"font-size: 12px;\"><span style=\"color: #000000;\">&nbsp;&nbsp;&nbsp;&nbsp; Nga ana e tij, Kryepiskopi Anastas i dor\u00ebzoi Kryepiskopit t\u00eb Qipros nj\u00eb fragment nga lipsani i nderuar i Sh\u00ebn Kozmait t\u00eb Etolis\u00eb, me urimin q\u00eb t\u00eb p\u00ebrb\u00ebj\u00eb p\u00ebr t\u00eb gjith\u00eb shembull n\u00eb hierapostoli dhe n\u00eb zellin e p\u00ebrkushtimit.<\/span><\/span><\/span><\/div>\n<div style=\"text-align: justify;\"> <span style=\"font-family: tahoma,geneva,sans-serif;\"><span style=\"font-size: 12px;\"><span style=\"color: #000000;\">&nbsp;&nbsp;&nbsp;&nbsp; Kryepiskopi Anastas kreu n\u00eb vazhdim p\u00ebrshpirtje p\u00ebr Kryepsikopin Qipriano dhe klerik\u00ebt e tjer\u00eb t\u00eb lart\u00eb q\u00eb u martirizuan nga pushtuesi turk m\u00eb 8 korrik 1821, si hakmarrje p\u00ebr revolucionin, p\u00ebr \u00e7lirimin. N\u00eb p\u00ebrmendoren q\u00eb nderon k\u00ebt\u00eb ngjarje, n\u00eb oborrin e Kish\u00ebs, u vendos nj\u00eb kuror\u00eb n\u00eb em\u00ebr t\u00eb Kish\u00ebs Orthodhokse t\u00eb Shqip\u00ebris\u00eb.<\/span><\/span><\/span><\/div>\n<div style=\"text-align: justify;\"> <span style=\"font-family: tahoma,geneva,sans-serif;\"><span style=\"font-size: 12px;\"><span style=\"color: #000000;\">&nbsp;&nbsp;&nbsp;&nbsp; Liturgjia Hyjnore Arkieratike u transmetua drejtp\u00ebrs\u00ebdrejti nga stacioni komb\u00ebtar publik RIK (edhe n\u00eb programin satelitor), nga stacioni i asociuar me Kish\u00ebn MEGA si edhe Radio e Kish\u00ebs &#8220;LOGOS&#8221;.<\/span><\/span><\/span><\/div>\n<div style=\"text-align: justify;\"> <span style=\"font-family: tahoma,geneva,sans-serif;\"><span style=\"font-size: 12px;\"><span style=\"color: #000000;\">&nbsp;&nbsp;&nbsp;&nbsp; N\u00eb selin\u00eb madh\u00ebshtore t\u00eb Kryepiskopat\u00ebs s\u00eb Qipros u shtrua dreka zyrtare nga Kryepiskopi Krisostomos II, ku mor\u00ebn pjes\u00eb episkop\u00eb dhe klerik\u00eb t\u00eb dy kishave, si dhe p\u00ebrfaq\u00ebsues t\u00eb qeveris\u00eb, diplomat\u00eb, p\u00ebrfaq\u00ebsues t\u00eb forcave politike etj.<\/span><\/span><\/span><\/div>\n<div style=\"text-align: justify;\"> <span style=\"font-family: tahoma,geneva,sans-serif;\"><span style=\"font-size: 12px;\"><span style=\"color: #000000;\">&nbsp;&nbsp;&nbsp;&nbsp; Gjat\u00eb q\u00ebndrimit n\u00eb Qipro, Kryepiskopi Anastas vizitoi mitropolit\u00eb e Lemesos, Pafos, Konstandis\u00eb dhe Amohostos (me seli t\u00eb p\u00ebrkohshme n\u00eb Paralimni), Larnakas, si edhe manastiret e Qikut (nj\u00eb nga manastiret m\u00eb t\u00eb r\u00ebnd\u00ebsishme Orthodhokse n\u00eb mbar\u00eb bot\u00ebn), Maheras, Sh\u00ebn Neofitit, Sh\u00ebn Heraklitit etj.<\/span><\/span><\/span><\/div>\n<div style=\"text-align: justify;\">&nbsp;<\/div>\n<div style=\"text-align: justify;\"><span style=\"font-family: tahoma,geneva,sans-serif;\"><span style=\"font-size: 12px;\"><span style=\"color: #000000;\"><strong>&nbsp;&nbsp;&nbsp;&nbsp;&nbsp;&nbsp;&nbsp; Vizita n\u00eb t\u00eb gjith\u00eb Qipron<\/strong><\/span><\/span><\/span><\/div>\n<div style=\"text-align: justify;\"> <span style=\"font-family: tahoma,geneva,sans-serif;\"><span style=\"font-size: 12px;\"><span style=\"color: #000000;\">&nbsp;&nbsp;&nbsp;&nbsp; Ishte prek\u00ebse kudo atmosfera q\u00eb krijohej nga qindra besimtar\u00eb q\u00eb grumbulloheshin t\u00eb merrnin bekimin e Kryepiskopit Anastas, nga pjes\u00ebmarrja e t\u00eb rinjve t\u00eb shkollave (ndon\u00ebse ishin dit\u00eb pune), nga kujtimet q\u00eb sillnin ish-student\u00eb t\u00eb Kryepiskopit n\u00eb Universitetin e Athin\u00ebs, nga fjal\u00ebt e ngrohta q\u00eb i drejtoheshin nga autoritetet e pushtetit lokal. Interesimi p\u00ebr t\u00eb m\u00ebsuar p\u00ebr ecurin\u00eb e Kish\u00ebs son\u00eb ishte shum\u00eb i madh, por edhe gjestet e dashuris\u00eb gjithashtu. Shum\u00eb qipriot\u00eb anonimisht dhe kishat e tyre kan\u00eb kontribuar gjat\u00eb gjith\u00eb k\u00ebtyre viteve p\u00ebr p\u00ebrparimin e Kish\u00ebs son\u00eb. Gjithashtu Kryepiskopi i Qipros si\u00e7 deklaroi edhe para mediave dhe n\u00eb p\u00ebrcjellje, se Kisha e Qipros do t\u00eb jet\u00eb nj\u00eb nga mb\u00ebshtet\u00ebsit kryesor\u00eb n\u00eb p\u00ebrballimin e nevoj\u00ebs p\u00ebr rrogat e klerit Orthodhoks n\u00eb Shqip\u00ebri.<\/span><\/span><\/span><\/div>\n<div style=\"text-align: justify;\"> <span style=\"font-family: tahoma,geneva,sans-serif;\"><span style=\"font-size: 12px;\"><span style=\"color: #000000;\">&nbsp;&nbsp;&nbsp;&nbsp; Manastiri i Qikut i akordoi Kryepiskopit Anastas Medaljen e Art\u00eb t\u00eb \u201cT\u00ebr\u00ebshenjt\u00ebs Mari\u201d t\u00eb Qikut.<\/span><\/span><\/span><\/div>\n<div style=\"text-align: justify;\"> <span style=\"font-family: tahoma,geneva,sans-serif;\"><span style=\"font-size: 12px;\"><span style=\"color: #000000;\">&nbsp;&nbsp;&nbsp;&nbsp; Kryepiskopi kreu gjithashtu p\u00ebrshpirtje n\u00eb varrin e Kryepiskopit Makarios i Tret\u00eb, i cili n\u00eb ve\u00e7anti kontribuoi n\u00eb stabilizimin e nj\u00eb shteti t\u00eb pavarur qipriot dhe zhvilloi veprimtari t\u00eb jasht\u00ebzakonshme n\u00eb baritimin dhe administrimin e Kish\u00ebs s\u00eb Qipros.<\/span><\/span><\/span><\/div>\n<div style=\"text-align: justify;\"> <span style=\"font-family: tahoma,geneva,sans-serif;\"><span style=\"font-size: 12px;\"><span style=\"color: #000000;\">&nbsp;&nbsp;&nbsp; Kryepiskopi Anastas, ve\u00e7 t\u00eb tjerash, mori pjes\u00eb edhe n\u00eb punimet e Presidenc\u00ebs s\u00eb Konferenc\u00ebs s\u00eb Kishave Evropiane, n\u00eb cil\u00ebsin\u00eb e Z\u00ebvend\u00ebskryetarit t\u00eb saj, q\u00eb ishte duke zhvilluar punimet n\u00eb qytetin Paralimni t\u00eb Qipros.<\/span><\/span><\/span><\/div>\n<div style=\"text-align: justify;\"> <span style=\"font-family: tahoma,geneva,sans-serif;\"><span style=\"font-size: 12px;\"><span style=\"color: #000000;\">&nbsp;&nbsp;&nbsp;&nbsp; Nj\u00eb surpriz\u00eb t\u00eb k\u00ebndshme kishte p\u00ebr Kryepiskopin Anastas, n\u00eb cil\u00ebsin\u00eb e m\u00ebsuesit akademik. Universiteti i Qipros, Rektorati, i komunikoi Kryepiskopit vendimin unanim t\u00eb senatit t\u00eb institucionit p\u00ebr ta shpallur \u201cDoktor Nderi\u201d n\u00eb Fakultetin Filozofik t\u00eb tij. Pavar\u00ebsisht k\u00ebmb\u00ebnguljes s\u00eb Rektorit t\u00eb Universitetit ishte e pamundur q\u00eb ceremonia e dekorimit t\u00eb kryhej gjat\u00eb dit\u00ebve t\u00eb q\u00ebndrimit dhe u la p\u00ebr nj\u00eb periudh\u00eb tjet\u00ebr.<\/span><\/span><\/span><\/div>\n<div style=\"text-align: justify;\"> <span style=\"font-family: tahoma,geneva,sans-serif;\"><span style=\"font-size: 12px;\"><span style=\"color: #000000;\">&nbsp;&nbsp;&nbsp;&nbsp; Ishin t\u00eb shumta personalitetet e jet\u00ebs publike q\u00eb vizituan Kryepiskopin p\u00ebr t\u00eb diskutuar me t\u00eb \u00e7\u00ebshtje t\u00eb Kish\u00ebs Orthodhokse, probleme sociale bashk\u00ebkohore, dimensionin e ri t\u00eb hierapostolis\u00eb etj., \u00e7\u00ebshtje n\u00eb t\u00eb cilat Kryepiskopi Anastas \u00ebsht\u00eb nj\u00eb dijetar i spikatur dhe njeri shpirt\u00ebror me maturi t\u00eb rrall\u00eb.<\/span><\/span><\/span><\/div>\n<div style=\"text-align: justify;\"> <span style=\"font-family: tahoma,geneva,sans-serif;\"><span style=\"font-size: 12px;\"><span style=\"color: #000000;\">&nbsp;&nbsp;&nbsp;&nbsp; Mjaft i ve\u00e7ant\u00eb ishte fakti se kudo Kryepiskopin e takuan dhe bashk\u00ebbiseduan edhe qytetar\u00eb shqiptar\u00eb me banim t\u00eb p\u00ebrkohsh\u00ebm p\u00ebr pun\u00eb n\u00eb Qipro. Po k\u00ebshtu, edhe shum\u00eb student\u00eb shqiptar\u00eb n\u00eb universitetet e Qipros, t\u00eb cil\u00ebt vinin posa\u00e7\u00ebrisht dhe me nderim t\u00eb ve\u00e7ant\u00eb p\u00ebr ta takuar dhe marr\u00eb bekimin e tij.<\/span><\/span><\/span><\/div>\n<div style=\"text-align: justify;\"> <span style=\"font-family: tahoma,geneva,sans-serif;\"><span style=\"font-size: 12px;\"><span style=\"color: #000000;\">P\u00ebr t\u00eb gjitha k\u00ebto Kryepiskopi Anastas foli edhe n\u00eb nj\u00eb emision televiziv ekskluziv n\u00eb fash\u00ebn kohore m\u00eb t\u00eb ndjekur t\u00eb stacionit publik RIK.<\/span><\/span><\/span><\/div>\n<div style=\"text-align: justify;\"> <span style=\"font-family: tahoma,geneva,sans-serif;\"><span style=\"font-size: 12px;\"><span style=\"color: #000000;\">&nbsp;&nbsp;&nbsp;&nbsp; Kryepiskopi Anastas u p\u00ebrcoll me t\u00eb gjitha nderimet n\u00eb aeroportin nd\u00ebrkomb\u00ebtar t\u00eb Larnakas dhe me urimin p\u00ebr t&#8217;u rikthyer n\u00eb Ishull shum\u00eb shpejt. Ftesa e Kryepiskopit&nbsp; Anastas p\u00ebr Kryepiskopin e Qipros, Fortlumturin\u00eb e Tij z. Krisostomos II, p\u00ebr t\u00eb kryer vizit\u00ebn zyrtare n\u00eb Kish\u00ebn Orthodhokse Autoqefale t\u00eb Shqip\u00ebris\u00eb, mbetet e hapur.<\/span><\/span><\/span><\/div>\n<div>&nbsp;<\/div>\n<div><span style=\"font-family: tahoma,geneva,sans-serif;\"><span style=\"font-size: 12px;\"><span style=\"color: #000000;\">Korresp. i \u201c<strong>NGJALLJA<\/strong>\u201d<\/span><\/span><\/span><\/div>\n","protected":false},"excerpt":{"rendered":"<p>&nbsp;&nbsp; Vizita e par\u00eb zyrtare e Kryepiskopit t\u00eb Tiran\u00ebs dhe t\u00eb gjith\u00eb Shqip\u00ebris\u00eb, Fortlumturis\u00eb s\u00eb Tij Anastasit, n\u00eb krye t\u00eb nj\u00eb delegacioni t\u00eb Kish\u00ebs Orthodhokse Autoqefale t\u00eb Shqip\u00ebris\u00eb, n\u00eb Kish\u00ebn mot\u00ebr t\u00eb Qipros, p\u00ebrb\u00ebn nj\u00eb eveniment t\u00eb r\u00ebnd\u00ebsish\u00ebm. Jo se nuk ka pasur kontakte mes tyre, por pas k\u00ebsaj vizite zyrtare gjith\u00e7ka do t\u00eb intensifikohet n\u00eb dobi t\u00eb zhvillimit dhe mb\u00ebshtetjes s\u00eb Kish\u00ebs son\u00eb Orthodhokse.<\/p>\n","protected":false},"author":1,"featured_media":0,"comment_status":"open","ping_status":"open","sticky":false,"template":"","format":"standard","meta":{"_acf_changed":false,"pagelayer_contact_templates":[],"_pagelayer_content":"","inline_featured_image":false,"fifu_image_url":"","fifu_image_alt":"","footnotes":""},"categories":[108],"tags":[146,153,196,201,212],"class_list":["post-1532","post","type-post","status-publish","format-standard","hentry","category-lajme","tag-146","tag-deklarata-njoftime-zyrtare-d75","tag-tirane","tag-kryepiskopi-anastas","tag-lajme-d27"],"acf":[],"yoast_head":"<!-- This site is optimized with the Yoast SEO plugin v27.2 - https:\/\/yoast.com\/product\/yoast-seo-wordpress\/ -->\n<title>Vizita zyrtare e Kish\u00ebs Orthodhokse Autoqefale t\u00eb Shqip\u00ebris\u00eb n\u00eb Kish\u00ebn Orthodhokse Autoqefale t\u00eb Qipros, 2-8 Tetor 2008. - Kisha Orthodh\u03bfkse Autoqefale e Shqip\u00ebris\u00eb<\/title>\n<meta name=\"robots\" content=\"index, follow, max-snippet:-1, max-image-preview:large, max-video-preview:-1\" \/>\n<link rel=\"canonical\" href=\"https:\/\/orthodoxalbania.org\/2020\/2008\/02\/26\/vizita-zyrtare-e-kishes-orthodhokse-autoqefale-te-shqiperise-ne-kishen-orthodhokse-autoqefale-te-qipros-2-8-tetor-2008-2008\/\" \/>\n<meta property=\"og:locale\" content=\"en_US\" \/>\n<meta property=\"og:type\" content=\"article\" \/>\n<meta property=\"og:title\" content=\"Vizita zyrtare e Kish\u00ebs Orthodhokse Autoqefale t\u00eb Shqip\u00ebris\u00eb n\u00eb Kish\u00ebn Orthodhokse Autoqefale t\u00eb Qipros, 2-8 Tetor 2008. - Kisha Orthodh\u03bfkse Autoqefale e Shqip\u00ebris\u00eb\" \/>\n<meta property=\"og:description\" content=\"&nbsp;&nbsp; Vizita e par\u00eb zyrtare e Kryepiskopit t\u00eb Tiran\u00ebs dhe t\u00eb gjith\u00eb Shqip\u00ebris\u00eb, Fortlumturis\u00eb s\u00eb Tij Anastasit, n\u00eb krye t\u00eb nj\u00eb delegacioni t\u00eb Kish\u00ebs Orthodhokse Autoqefale t\u00eb Shqip\u00ebris\u00eb, n\u00eb Kish\u00ebn mot\u00ebr t\u00eb Qipros, p\u00ebrb\u00ebn nj\u00eb eveniment t\u00eb r\u00ebnd\u00ebsish\u00ebm. Jo se nuk ka pasur kontakte mes tyre, por pas k\u00ebsaj vizite zyrtare gjith\u00e7ka do t\u00eb intensifikohet n\u00eb dobi t\u00eb zhvillimit dhe mb\u00ebshtetjes s\u00eb Kish\u00ebs son\u00eb Orthodhokse.\" \/>\n<meta property=\"og:url\" content=\"https:\/\/orthodoxalbania.org\/2020\/2008\/02\/26\/vizita-zyrtare-e-kishes-orthodhokse-autoqefale-te-shqiperise-ne-kishen-orthodhokse-autoqefale-te-qipros-2-8-tetor-2008-2008\/\" \/>\n<meta property=\"og:site_name\" content=\"Kisha Orthodh\u03bfkse Autoqefale e Shqip\u00ebris\u00eb\" \/>\n<meta property=\"article:publisher\" content=\"https:\/\/www.facebook.com\/koash1991\" \/>\n<meta property=\"article:published_time\" content=\"2008-02-26T00:00:00+00:00\" \/>\n<meta property=\"article:modified_time\" content=\"2020-04-06T20:35:15+00:00\" \/>\n<meta property=\"og:image\" content=\"https:\/\/lh4.googleusercontent.com\/-Nvg0f5rizlY\/VJKV6RvcsJI\/AAAAAAAAIbI\/s6UgZIFFaqU\/w448-h265-no\/5.jpg\" \/>\n<meta name=\"author\" content=\"Kisha Orthodhokse\" \/>\n<meta name=\"twitter:card\" content=\"summary_large_image\" \/>\n<meta name=\"twitter:label1\" content=\"Written by\" \/>\n\t<meta name=\"twitter:data1\" content=\"Kisha Orthodhokse\" \/>\n\t<meta name=\"twitter:label2\" content=\"Est. reading time\" \/>\n\t<meta name=\"twitter:data2\" content=\"9 minutes\" \/>\n<script type=\"application\/ld+json\" class=\"yoast-schema-graph\">{\"@context\":\"https:\/\/schema.org\",\"@graph\":[{\"@type\":\"Article\",\"@id\":\"https:\/\/orthodoxalbania.org\/2020\/2008\/02\/26\/vizita-zyrtare-e-kishes-orthodhokse-autoqefale-te-shqiperise-ne-kishen-orthodhokse-autoqefale-te-qipros-2-8-tetor-2008-2008\/#article\",\"isPartOf\":{\"@id\":\"https:\/\/orthodoxalbania.org\/2020\/2008\/02\/26\/vizita-zyrtare-e-kishes-orthodhokse-autoqefale-te-shqiperise-ne-kishen-orthodhokse-autoqefale-te-qipros-2-8-tetor-2008-2008\/\"},\"author\":{\"name\":\"Kisha Orthodhokse\",\"@id\":\"https:\/\/orthodoxalbania.org\/2020\/#\/schema\/person\/0c387634a7063ac612d7ed9ce71c7e86\"},\"headline\":\"Vizita zyrtare e Kish\u00ebs Orthodhokse Autoqefale t\u00eb Shqip\u00ebris\u00eb n\u00eb Kish\u00ebn Orthodhokse Autoqefale t\u00eb Qipros, 2-8 Tetor 2008.\",\"datePublished\":\"2008-02-26T00:00:00+00:00\",\"dateModified\":\"2020-04-06T20:35:15+00:00\",\"mainEntityOfPage\":{\"@id\":\"https:\/\/orthodoxalbania.org\/2020\/2008\/02\/26\/vizita-zyrtare-e-kishes-orthodhokse-autoqefale-te-shqiperise-ne-kishen-orthodhokse-autoqefale-te-qipros-2-8-tetor-2008-2008\/\"},\"wordCount\":1864,\"commentCount\":0,\"publisher\":{\"@id\":\"https:\/\/orthodoxalbania.org\/2020\/#organization\"},\"image\":{\"@id\":\"https:\/\/orthodoxalbania.org\/2020\/2008\/02\/26\/vizita-zyrtare-e-kishes-orthodhokse-autoqefale-te-shqiperise-ne-kishen-orthodhokse-autoqefale-te-qipros-2-8-tetor-2008-2008\/#primaryimage\"},\"thumbnailUrl\":\"https:\/\/lh4.googleusercontent.com\/-Nvg0f5rizlY\/VJKV6RvcsJI\/AAAAAAAAIbI\/s6UgZIFFaqU\/w448-h265-no\/5.jpg\",\"keywords\":[\"2008\",\"Deklarata - Njoftime Zyrtare\",\"Kryepiskopata Tiran\u00eb\",\"Kryepiskopi Anastas\",\"lajme\"],\"articleSection\":[\"Lajme\"],\"inLanguage\":\"en-US\"},{\"@type\":\"WebPage\",\"@id\":\"https:\/\/orthodoxalbania.org\/2020\/2008\/02\/26\/vizita-zyrtare-e-kishes-orthodhokse-autoqefale-te-shqiperise-ne-kishen-orthodhokse-autoqefale-te-qipros-2-8-tetor-2008-2008\/\",\"url\":\"https:\/\/orthodoxalbania.org\/2020\/2008\/02\/26\/vizita-zyrtare-e-kishes-orthodhokse-autoqefale-te-shqiperise-ne-kishen-orthodhokse-autoqefale-te-qipros-2-8-tetor-2008-2008\/\",\"name\":\"Vizita zyrtare e Kish\u00ebs Orthodhokse Autoqefale t\u00eb Shqip\u00ebris\u00eb n\u00eb Kish\u00ebn Orthodhokse Autoqefale t\u00eb Qipros, 2-8 Tetor 2008. - Kisha Orthodh\u03bfkse Autoqefale e Shqip\u00ebris\u00eb\",\"isPartOf\":{\"@id\":\"https:\/\/orthodoxalbania.org\/2020\/#website\"},\"primaryImageOfPage\":{\"@id\":\"https:\/\/orthodoxalbania.org\/2020\/2008\/02\/26\/vizita-zyrtare-e-kishes-orthodhokse-autoqefale-te-shqiperise-ne-kishen-orthodhokse-autoqefale-te-qipros-2-8-tetor-2008-2008\/#primaryimage\"},\"image\":{\"@id\":\"https:\/\/orthodoxalbania.org\/2020\/2008\/02\/26\/vizita-zyrtare-e-kishes-orthodhokse-autoqefale-te-shqiperise-ne-kishen-orthodhokse-autoqefale-te-qipros-2-8-tetor-2008-2008\/#primaryimage\"},\"thumbnailUrl\":\"https:\/\/lh4.googleusercontent.com\/-Nvg0f5rizlY\/VJKV6RvcsJI\/AAAAAAAAIbI\/s6UgZIFFaqU\/w448-h265-no\/5.jpg\",\"datePublished\":\"2008-02-26T00:00:00+00:00\",\"dateModified\":\"2020-04-06T20:35:15+00:00\",\"breadcrumb\":{\"@id\":\"https:\/\/orthodoxalbania.org\/2020\/2008\/02\/26\/vizita-zyrtare-e-kishes-orthodhokse-autoqefale-te-shqiperise-ne-kishen-orthodhokse-autoqefale-te-qipros-2-8-tetor-2008-2008\/#breadcrumb\"},\"inLanguage\":\"en-US\",\"potentialAction\":[{\"@type\":\"ReadAction\",\"target\":[\"https:\/\/orthodoxalbania.org\/2020\/2008\/02\/26\/vizita-zyrtare-e-kishes-orthodhokse-autoqefale-te-shqiperise-ne-kishen-orthodhokse-autoqefale-te-qipros-2-8-tetor-2008-2008\/\"]}]},{\"@type\":\"ImageObject\",\"inLanguage\":\"en-US\",\"@id\":\"https:\/\/orthodoxalbania.org\/2020\/2008\/02\/26\/vizita-zyrtare-e-kishes-orthodhokse-autoqefale-te-shqiperise-ne-kishen-orthodhokse-autoqefale-te-qipros-2-8-tetor-2008-2008\/#primaryimage\",\"url\":\"https:\/\/lh4.googleusercontent.com\/-Nvg0f5rizlY\/VJKV6RvcsJI\/AAAAAAAAIbI\/s6UgZIFFaqU\/w448-h265-no\/5.jpg\",\"contentUrl\":\"https:\/\/lh4.googleusercontent.com\/-Nvg0f5rizlY\/VJKV6RvcsJI\/AAAAAAAAIbI\/s6UgZIFFaqU\/w448-h265-no\/5.jpg\"},{\"@type\":\"BreadcrumbList\",\"@id\":\"https:\/\/orthodoxalbania.org\/2020\/2008\/02\/26\/vizita-zyrtare-e-kishes-orthodhokse-autoqefale-te-shqiperise-ne-kishen-orthodhokse-autoqefale-te-qipros-2-8-tetor-2008-2008\/#breadcrumb\",\"itemListElement\":[{\"@type\":\"ListItem\",\"position\":1,\"name\":\"Home\",\"item\":\"https:\/\/orthodoxalbania.org\/2020\/\"},{\"@type\":\"ListItem\",\"position\":2,\"name\":\"Vizita zyrtare e Kish\u00ebs Orthodhokse Autoqefale t\u00eb Shqip\u00ebris\u00eb n\u00eb Kish\u00ebn Orthodhokse Autoqefale t\u00eb Qipros, 2-8 Tetor 2008.\"}]},{\"@type\":\"WebSite\",\"@id\":\"https:\/\/orthodoxalbania.org\/2020\/#website\",\"url\":\"https:\/\/orthodoxalbania.org\/2020\/\",\"name\":\"Kisha Orthodh\u03bfkse Autoqefale e Shqip\u00ebris\u00eb\",\"description\":\"Fqja Zyrtare e Kish\u00ebs Orthodhokse Autoqefale e Shqip\u00ebris\u00eb me lajmet edhe informacionet zyrtare p\u00ebr struktur\u00ebn edhe veprimtarin e saj.\",\"publisher\":{\"@id\":\"https:\/\/orthodoxalbania.org\/2020\/#organization\"},\"potentialAction\":[{\"@type\":\"SearchAction\",\"target\":{\"@type\":\"EntryPoint\",\"urlTemplate\":\"https:\/\/orthodoxalbania.org\/2020\/?s={search_term_string}\"},\"query-input\":{\"@type\":\"PropertyValueSpecification\",\"valueRequired\":true,\"valueName\":\"search_term_string\"}}],\"inLanguage\":\"en-US\"},{\"@type\":\"Organization\",\"@id\":\"https:\/\/orthodoxalbania.org\/2020\/#organization\",\"name\":\"Kisha Orthodhokse Autoqefale e Shqip\u00ebris\u00eb\",\"url\":\"https:\/\/orthodoxalbania.org\/2020\/\",\"logo\":{\"@type\":\"ImageObject\",\"inLanguage\":\"en-US\",\"@id\":\"https:\/\/orthodoxalbania.org\/2020\/#\/schema\/logo\/image\/\",\"url\":\"https:\/\/orthodoxalbania.org\/2020\/wp-content\/uploads\/2020\/05\/albania.jpeg\",\"contentUrl\":\"https:\/\/orthodoxalbania.org\/2020\/wp-content\/uploads\/2020\/05\/albania.jpeg\",\"width\":540,\"height\":540,\"caption\":\"Kisha Orthodhokse Autoqefale e Shqip\u00ebris\u00eb\"},\"image\":{\"@id\":\"https:\/\/orthodoxalbania.org\/2020\/#\/schema\/logo\/image\/\"},\"sameAs\":[\"https:\/\/www.facebook.com\/koash1991\"]},{\"@type\":\"Person\",\"@id\":\"https:\/\/orthodoxalbania.org\/2020\/#\/schema\/person\/0c387634a7063ac612d7ed9ce71c7e86\",\"name\":\"Kisha Orthodhokse\",\"image\":{\"@type\":\"ImageObject\",\"inLanguage\":\"en-US\",\"@id\":\"https:\/\/secure.gravatar.com\/avatar\/596e7c417251e30f2fbb9c00e026fce61a695a00e51c889caded71c96cbbdde5?s=96&d=mm&r=g\",\"url\":\"https:\/\/secure.gravatar.com\/avatar\/596e7c417251e30f2fbb9c00e026fce61a695a00e51c889caded71c96cbbdde5?s=96&d=mm&r=g\",\"contentUrl\":\"https:\/\/secure.gravatar.com\/avatar\/596e7c417251e30f2fbb9c00e026fce61a695a00e51c889caded71c96cbbdde5?s=96&d=mm&r=g\",\"caption\":\"Kisha Orthodhokse\"}}]}<\/script>\n<!-- \/ Yoast SEO plugin. -->","yoast_head_json":{"title":"Vizita zyrtare e Kish\u00ebs Orthodhokse Autoqefale t\u00eb Shqip\u00ebris\u00eb n\u00eb Kish\u00ebn Orthodhokse Autoqefale t\u00eb Qipros, 2-8 Tetor 2008. - Kisha Orthodh\u03bfkse Autoqefale e Shqip\u00ebris\u00eb","robots":{"index":"index","follow":"follow","max-snippet":"max-snippet:-1","max-image-preview":"max-image-preview:large","max-video-preview":"max-video-preview:-1"},"canonical":"https:\/\/orthodoxalbania.org\/2020\/2008\/02\/26\/vizita-zyrtare-e-kishes-orthodhokse-autoqefale-te-shqiperise-ne-kishen-orthodhokse-autoqefale-te-qipros-2-8-tetor-2008-2008\/","og_locale":"en_US","og_type":"article","og_title":"Vizita zyrtare e Kish\u00ebs Orthodhokse Autoqefale t\u00eb Shqip\u00ebris\u00eb n\u00eb Kish\u00ebn Orthodhokse Autoqefale t\u00eb Qipros, 2-8 Tetor 2008. - Kisha Orthodh\u03bfkse Autoqefale e Shqip\u00ebris\u00eb","og_description":"&nbsp;&nbsp; Vizita e par\u00eb zyrtare e Kryepiskopit t\u00eb Tiran\u00ebs dhe t\u00eb gjith\u00eb Shqip\u00ebris\u00eb, Fortlumturis\u00eb s\u00eb Tij Anastasit, n\u00eb krye t\u00eb nj\u00eb delegacioni t\u00eb Kish\u00ebs Orthodhokse Autoqefale t\u00eb Shqip\u00ebris\u00eb, n\u00eb Kish\u00ebn mot\u00ebr t\u00eb Qipros, p\u00ebrb\u00ebn nj\u00eb eveniment t\u00eb r\u00ebnd\u00ebsish\u00ebm. Jo se nuk ka pasur kontakte mes tyre, por pas k\u00ebsaj vizite zyrtare gjith\u00e7ka do t\u00eb intensifikohet n\u00eb dobi t\u00eb zhvillimit dhe mb\u00ebshtetjes s\u00eb Kish\u00ebs son\u00eb Orthodhokse.","og_url":"https:\/\/orthodoxalbania.org\/2020\/2008\/02\/26\/vizita-zyrtare-e-kishes-orthodhokse-autoqefale-te-shqiperise-ne-kishen-orthodhokse-autoqefale-te-qipros-2-8-tetor-2008-2008\/","og_site_name":"Kisha Orthodh\u03bfkse Autoqefale e Shqip\u00ebris\u00eb","article_publisher":"https:\/\/www.facebook.com\/koash1991","article_published_time":"2008-02-26T00:00:00+00:00","article_modified_time":"2020-04-06T20:35:15+00:00","og_image":[{"url":"https:\/\/lh4.googleusercontent.com\/-Nvg0f5rizlY\/VJKV6RvcsJI\/AAAAAAAAIbI\/s6UgZIFFaqU\/w448-h265-no\/5.jpg","type":"","width":"","height":""}],"author":"Kisha Orthodhokse","twitter_card":"summary_large_image","twitter_misc":{"Written by":"Kisha Orthodhokse","Est. reading time":"9 minutes"},"schema":{"@context":"https:\/\/schema.org","@graph":[{"@type":"Article","@id":"https:\/\/orthodoxalbania.org\/2020\/2008\/02\/26\/vizita-zyrtare-e-kishes-orthodhokse-autoqefale-te-shqiperise-ne-kishen-orthodhokse-autoqefale-te-qipros-2-8-tetor-2008-2008\/#article","isPartOf":{"@id":"https:\/\/orthodoxalbania.org\/2020\/2008\/02\/26\/vizita-zyrtare-e-kishes-orthodhokse-autoqefale-te-shqiperise-ne-kishen-orthodhokse-autoqefale-te-qipros-2-8-tetor-2008-2008\/"},"author":{"name":"Kisha Orthodhokse","@id":"https:\/\/orthodoxalbania.org\/2020\/#\/schema\/person\/0c387634a7063ac612d7ed9ce71c7e86"},"headline":"Vizita zyrtare e Kish\u00ebs Orthodhokse Autoqefale t\u00eb Shqip\u00ebris\u00eb n\u00eb Kish\u00ebn Orthodhokse Autoqefale t\u00eb Qipros, 2-8 Tetor 2008.","datePublished":"2008-02-26T00:00:00+00:00","dateModified":"2020-04-06T20:35:15+00:00","mainEntityOfPage":{"@id":"https:\/\/orthodoxalbania.org\/2020\/2008\/02\/26\/vizita-zyrtare-e-kishes-orthodhokse-autoqefale-te-shqiperise-ne-kishen-orthodhokse-autoqefale-te-qipros-2-8-tetor-2008-2008\/"},"wordCount":1864,"commentCount":0,"publisher":{"@id":"https:\/\/orthodoxalbania.org\/2020\/#organization"},"image":{"@id":"https:\/\/orthodoxalbania.org\/2020\/2008\/02\/26\/vizita-zyrtare-e-kishes-orthodhokse-autoqefale-te-shqiperise-ne-kishen-orthodhokse-autoqefale-te-qipros-2-8-tetor-2008-2008\/#primaryimage"},"thumbnailUrl":"https:\/\/lh4.googleusercontent.com\/-Nvg0f5rizlY\/VJKV6RvcsJI\/AAAAAAAAIbI\/s6UgZIFFaqU\/w448-h265-no\/5.jpg","keywords":["2008","Deklarata - Njoftime Zyrtare","Kryepiskopata Tiran\u00eb","Kryepiskopi Anastas","lajme"],"articleSection":["Lajme"],"inLanguage":"en-US"},{"@type":"WebPage","@id":"https:\/\/orthodoxalbania.org\/2020\/2008\/02\/26\/vizita-zyrtare-e-kishes-orthodhokse-autoqefale-te-shqiperise-ne-kishen-orthodhokse-autoqefale-te-qipros-2-8-tetor-2008-2008\/","url":"https:\/\/orthodoxalbania.org\/2020\/2008\/02\/26\/vizita-zyrtare-e-kishes-orthodhokse-autoqefale-te-shqiperise-ne-kishen-orthodhokse-autoqefale-te-qipros-2-8-tetor-2008-2008\/","name":"Vizita zyrtare e Kish\u00ebs Orthodhokse Autoqefale t\u00eb Shqip\u00ebris\u00eb n\u00eb Kish\u00ebn Orthodhokse Autoqefale t\u00eb Qipros, 2-8 Tetor 2008. - Kisha Orthodh\u03bfkse Autoqefale e Shqip\u00ebris\u00eb","isPartOf":{"@id":"https:\/\/orthodoxalbania.org\/2020\/#website"},"primaryImageOfPage":{"@id":"https:\/\/orthodoxalbania.org\/2020\/2008\/02\/26\/vizita-zyrtare-e-kishes-orthodhokse-autoqefale-te-shqiperise-ne-kishen-orthodhokse-autoqefale-te-qipros-2-8-tetor-2008-2008\/#primaryimage"},"image":{"@id":"https:\/\/orthodoxalbania.org\/2020\/2008\/02\/26\/vizita-zyrtare-e-kishes-orthodhokse-autoqefale-te-shqiperise-ne-kishen-orthodhokse-autoqefale-te-qipros-2-8-tetor-2008-2008\/#primaryimage"},"thumbnailUrl":"https:\/\/lh4.googleusercontent.com\/-Nvg0f5rizlY\/VJKV6RvcsJI\/AAAAAAAAIbI\/s6UgZIFFaqU\/w448-h265-no\/5.jpg","datePublished":"2008-02-26T00:00:00+00:00","dateModified":"2020-04-06T20:35:15+00:00","breadcrumb":{"@id":"https:\/\/orthodoxalbania.org\/2020\/2008\/02\/26\/vizita-zyrtare-e-kishes-orthodhokse-autoqefale-te-shqiperise-ne-kishen-orthodhokse-autoqefale-te-qipros-2-8-tetor-2008-2008\/#breadcrumb"},"inLanguage":"en-US","potentialAction":[{"@type":"ReadAction","target":["https:\/\/orthodoxalbania.org\/2020\/2008\/02\/26\/vizita-zyrtare-e-kishes-orthodhokse-autoqefale-te-shqiperise-ne-kishen-orthodhokse-autoqefale-te-qipros-2-8-tetor-2008-2008\/"]}]},{"@type":"ImageObject","inLanguage":"en-US","@id":"https:\/\/orthodoxalbania.org\/2020\/2008\/02\/26\/vizita-zyrtare-e-kishes-orthodhokse-autoqefale-te-shqiperise-ne-kishen-orthodhokse-autoqefale-te-qipros-2-8-tetor-2008-2008\/#primaryimage","url":"https:\/\/lh4.googleusercontent.com\/-Nvg0f5rizlY\/VJKV6RvcsJI\/AAAAAAAAIbI\/s6UgZIFFaqU\/w448-h265-no\/5.jpg","contentUrl":"https:\/\/lh4.googleusercontent.com\/-Nvg0f5rizlY\/VJKV6RvcsJI\/AAAAAAAAIbI\/s6UgZIFFaqU\/w448-h265-no\/5.jpg"},{"@type":"BreadcrumbList","@id":"https:\/\/orthodoxalbania.org\/2020\/2008\/02\/26\/vizita-zyrtare-e-kishes-orthodhokse-autoqefale-te-shqiperise-ne-kishen-orthodhokse-autoqefale-te-qipros-2-8-tetor-2008-2008\/#breadcrumb","itemListElement":[{"@type":"ListItem","position":1,"name":"Home","item":"https:\/\/orthodoxalbania.org\/2020\/"},{"@type":"ListItem","position":2,"name":"Vizita zyrtare e Kish\u00ebs Orthodhokse Autoqefale t\u00eb Shqip\u00ebris\u00eb n\u00eb Kish\u00ebn Orthodhokse Autoqefale t\u00eb Qipros, 2-8 Tetor 2008."}]},{"@type":"WebSite","@id":"https:\/\/orthodoxalbania.org\/2020\/#website","url":"https:\/\/orthodoxalbania.org\/2020\/","name":"Kisha Orthodh\u03bfkse Autoqefale e Shqip\u00ebris\u00eb","description":"Fqja Zyrtare e Kish\u00ebs Orthodhokse Autoqefale e Shqip\u00ebris\u00eb me lajmet edhe informacionet zyrtare p\u00ebr struktur\u00ebn edhe veprimtarin e saj.","publisher":{"@id":"https:\/\/orthodoxalbania.org\/2020\/#organization"},"potentialAction":[{"@type":"SearchAction","target":{"@type":"EntryPoint","urlTemplate":"https:\/\/orthodoxalbania.org\/2020\/?s={search_term_string}"},"query-input":{"@type":"PropertyValueSpecification","valueRequired":true,"valueName":"search_term_string"}}],"inLanguage":"en-US"},{"@type":"Organization","@id":"https:\/\/orthodoxalbania.org\/2020\/#organization","name":"Kisha Orthodhokse Autoqefale e Shqip\u00ebris\u00eb","url":"https:\/\/orthodoxalbania.org\/2020\/","logo":{"@type":"ImageObject","inLanguage":"en-US","@id":"https:\/\/orthodoxalbania.org\/2020\/#\/schema\/logo\/image\/","url":"https:\/\/orthodoxalbania.org\/2020\/wp-content\/uploads\/2020\/05\/albania.jpeg","contentUrl":"https:\/\/orthodoxalbania.org\/2020\/wp-content\/uploads\/2020\/05\/albania.jpeg","width":540,"height":540,"caption":"Kisha Orthodhokse Autoqefale e Shqip\u00ebris\u00eb"},"image":{"@id":"https:\/\/orthodoxalbania.org\/2020\/#\/schema\/logo\/image\/"},"sameAs":["https:\/\/www.facebook.com\/koash1991"]},{"@type":"Person","@id":"https:\/\/orthodoxalbania.org\/2020\/#\/schema\/person\/0c387634a7063ac612d7ed9ce71c7e86","name":"Kisha Orthodhokse","image":{"@type":"ImageObject","inLanguage":"en-US","@id":"https:\/\/secure.gravatar.com\/avatar\/596e7c417251e30f2fbb9c00e026fce61a695a00e51c889caded71c96cbbdde5?s=96&d=mm&r=g","url":"https:\/\/secure.gravatar.com\/avatar\/596e7c417251e30f2fbb9c00e026fce61a695a00e51c889caded71c96cbbdde5?s=96&d=mm&r=g","contentUrl":"https:\/\/secure.gravatar.com\/avatar\/596e7c417251e30f2fbb9c00e026fce61a695a00e51c889caded71c96cbbdde5?s=96&d=mm&r=g","caption":"Kisha Orthodhokse"}}]}},"_links":{"self":[{"href":"https:\/\/orthodoxalbania.org\/2020\/wp-json\/wp\/v2\/posts\/1532","targetHints":{"allow":["GET"]}}],"collection":[{"href":"https:\/\/orthodoxalbania.org\/2020\/wp-json\/wp\/v2\/posts"}],"about":[{"href":"https:\/\/orthodoxalbania.org\/2020\/wp-json\/wp\/v2\/types\/post"}],"author":[{"embeddable":true,"href":"https:\/\/orthodoxalbania.org\/2020\/wp-json\/wp\/v2\/users\/1"}],"replies":[{"embeddable":true,"href":"https:\/\/orthodoxalbania.org\/2020\/wp-json\/wp\/v2\/comments?post=1532"}],"version-history":[{"count":1,"href":"https:\/\/orthodoxalbania.org\/2020\/wp-json\/wp\/v2\/posts\/1532\/revisions"}],"predecessor-version":[{"id":15634,"href":"https:\/\/orthodoxalbania.org\/2020\/wp-json\/wp\/v2\/posts\/1532\/revisions\/15634"}],"wp:attachment":[{"href":"https:\/\/orthodoxalbania.org\/2020\/wp-json\/wp\/v2\/media?parent=1532"}],"wp:term":[{"taxonomy":"category","embeddable":true,"href":"https:\/\/orthodoxalbania.org\/2020\/wp-json\/wp\/v2\/categories?post=1532"},{"taxonomy":"post_tag","embeddable":true,"href":"https:\/\/orthodoxalbania.org\/2020\/wp-json\/wp\/v2\/tags?post=1532"}],"curies":[{"name":"wp","href":"https:\/\/api.w.org\/{rel}","templated":true}]}}