{"id":153,"date":"2007-02-26T00:00:00","date_gmt":"2007-02-26T00:00:00","guid":{"rendered":""},"modified":"2020-04-06T22:35:38","modified_gmt":"2020-04-06T20:35:38","slug":"asambleja-e-trete-ekumenike-evropiane-4-9-shtator-2007-sibiu-rumani-drita-e-krishtit-iu-ndritte-te-gjitheve-shprese-per-rilindje-dhe-bashkim-ne-evrope-shtator-2007","status":"publish","type":"post","link":"https:\/\/orthodoxalbania.org\/2020\/2007\/02\/26\/asambleja-e-trete-ekumenike-evropiane-4-9-shtator-2007-sibiu-rumani-drita-e-krishtit-iu-ndritte-te-gjitheve-shprese-per-rilindje-dhe-bashkim-ne-evrope-shtator-2007\/","title":{"rendered":"Asambleja e Tret\u00eb Ekumenike Evropiane 4-9 shtator 2007, Sibiu, Rumani \u201cDrita e Krishtit iu ndrit\u00eb t\u00eb gjith\u00ebve!\u201d Shpres\u00eb p\u00ebr rilindje dhe bashkim n\u00eb Evrop\u00eb. (Shtator 2007)"},"content":{"rendered":"<p><span style=\"font-family: helvetica;\"><span style=\"font-size: 12px;\"><img decoding=\"async\" class=\"lazyload HAa Eha\" style=\"border-width: 1px; border-style: solid; margin: 10px auto; display: block;\" alt=\"\" src=\"data:image\/gif;base64,R0lGODlhAQABAAAAACH5BAEKAAEALAAAAAABAAEAAAICTAEAOw==\" data-orig-src=\"https:\/\/lh4.googleusercontent.com\/-wJgma6lYPaw\/VIqy9WKtqzI\/AAAAAAAAG08\/flV6Rth3u24\/w600-h167-no\/1mbititull.jpg\" \/><\/span><\/span><\/p>\n<p><span style=\"font-family: helvetica; font-size: 12pt;\"><\/span><\/p>\n<p><span style=\"font-family: helvetica; font-size: 12pt;\"><\/span><\/p>\n<p style=\"text-align: justify;\"><span style=\"color: #000000; font-family: helvetica; font-size: 12pt;\"><em>&nbsp;&nbsp;&nbsp; \u201cDrita e Krishtit iu ndritt\u00eb t\u00eb gjith\u00ebve\u201d, mblodhi n\u00eb Sibiu t\u00eb Rumanis\u00eb, nga 4-9 shtator 2007, t\u00eb krishter\u00eb nga e gjith\u00eb Evropa. Kisha Orthodhokse Autoqefale e Shqip\u00ebris\u00eb u p\u00ebrfaq\u00ebsua me nj\u00eb delegacion prej 7 personash klerik\u00eb e laik\u00eb, i kryesuar nga Kryepiskopi Anastas, n\u00eb p\u00ebrb\u00ebrje t\u00eb t\u00eb cilit ishte edhe episkopi i Kruj\u00ebs, Andoni. Gjithashtu mori pjes\u00eb edhe nj\u00eb p\u00ebrfaq\u00ebsi e Konferenc\u00ebs Ipeshkvnore Romanokatolike t\u00eb Shqip\u00ebris\u00eb, e p\u00ebrb\u00ebr\u00eb nga klerik\u00eb dhe laik\u00eb.<\/em><\/span><\/p>\n<p style=\"text-align: justify;\"><span style=\"color: #000000; font-family: helvetica; font-size: 12pt;\">&nbsp;&nbsp;&nbsp; Asambleja ishte programuar t\u00eb zhvillohej n\u00eb seanca plenare t\u00eb paradites dhe diskutime n\u00eb grup t\u00eb pasdites p\u00ebr t\u00eb ndar\u00eb mendime e opinione mbi n\u00ebntemat \u201cDrita e Krishtit dhe Kisha\u201d, \u201cDrita e Krishtit dhe Evropa\u201d dhe \u201cDrita e Krishtit dhe bota\u201d.<\/span><\/p>\n<p style=\"text-align: justify;\"><span style=\"font-family: helvetica; font-size: 12pt;\"><span style=\"color: #000000;\">&nbsp;&nbsp;&nbsp; Ajo u p\u00ebrgatit nga dy organizma t\u00eb krishter\u00eb: Konferenca Evropiane e Kishave (CEC)<\/span> <strong><em><a target=\"_blank\" rel=\"noopener noreferrer\">http:\/\/www.cec-kek.org<\/a><\/em><\/strong> <span style=\"color: #000000;\">dhe K\u00ebshilli i Konferencave Ipeshkvnore Romanokatolike (CCEE)<\/span><strong><em><a href=\"http:\/\/www.ccee.eu\/ccee___en\/00002061_CCEE___EN.html\" target=\"_blank\" rel=\"noopener noreferrer\">http:\/\/www.ccee.ch <span id=\"cke_bm_741S\" style=\"display: none;\"><\/span><span style=\"display: none;\"><\/span><\/a><\/em><\/strong>Kjo Asamble ishte ndjek\u00ebse e tradit\u00ebs s\u00eb Asambleve Ekumenike Evropiane t\u00eb organizuara m\u00eb par\u00eb n\u00eb Bazel (viti 1989) dhe Grac (viti 1997).<span style=\"display: none;\"><\/span><span id=\"cke_bm_741E\" style=\"display: none;\"><\/span><\/span><\/p>\n<p style=\"text-align: justify;\"><span style=\"font-family: helvetica; font-size: 12pt;\"><\/span><\/p>\n<p style=\"text-align: justify;\"><span style=\"font-family: helvetica; font-size: 12pt;\"><strong><em><span style=\"color: #000000;\">Disa t\u00eb dh\u00ebna p\u00ebr Asamblen\u00eb &#8211;<\/span><a href=\"http:\/\/www.eea3.org\/\"><span style=\"color: #000000;\">&nbsp; <\/span><\/a><a href=\"http:\/\/www.eea3.org\/\" target=\"_blank\" rel=\"noopener noreferrer\">http:\/\/www.eea3.org<\/a><\/em><\/strong><\/span><\/p>\n<p style=\"text-align: justify;\"><span style=\"font-family: helvetica; font-size: 12pt;\"><span style=\"color: #000000;\"><em><a href=\"http:\/\/www.eea3.org\/\"><img decoding=\"async\" class=\"lazyload HAa Eha\" style=\"border-width: 1px; border-style: solid; margin: 10px; float: right;\" alt=\"\" src=\"data:image\/gif;base64,R0lGODlhAQABAAAAACH5BAEKAAEALAAAAAABAAEAAAICTAEAOw==\" data-orig-src=\"https:\/\/lh4.googleusercontent.com\/-HXMy5ZStxUo\/VIqy9yzXhFI\/AAAAAAAAG04\/_3eiWN8kXMY\/w232-h234-no\/2.1.jpg\" \/><\/a><\/em><\/span><span style=\"color: #000000;\"><em>&nbsp;&nbsp;&nbsp; &#8211; Rreth 2600 pjes\u00ebmarr\u00ebs (2100 p\u00ebrfaq\u00ebsues t\u00eb kishave pjes\u00ebmarr\u00ebse, si dhe stafi, shtypi, vullnetar\u00ebt lokal\u00eb etj.).<\/em><\/span><\/span><\/p>\n<p style=\"text-align: justify;\"><span style=\"color: #000000; font-family: helvetica; font-size: 12pt;\"><em>&nbsp;&nbsp;&nbsp; &#8211; 1542 delegat\u00eb zyrtar\u00eb.<\/em><\/span><\/p>\n<p style=\"text-align: justify;\"><span style=\"color: #000000; font-family: helvetica; font-size: 12pt;\"><em>&nbsp;&nbsp;&nbsp; &#8211; Gjysma e delegat\u00ebve ishte nga Kishat an\u00ebtare t\u00eb Konferenc\u00ebs Evropiane t\u00eb Kishave ose KEK) (CEC), dhe gjysma nga an\u00ebtar\u00ebt e K\u00ebshillit t\u00eb Konferencave Ipeshkvnore Romanokatolike (CCEE).<\/em><\/span><\/p>\n<p style=\"text-align: justify;\"><span style=\"color: #000000; font-family: helvetica; font-size: 12pt;\"><em>&nbsp;&nbsp;&nbsp; &#8211; P\u00ebrve\u00e7 seancave plenare ishin edhe 9 sesione pune, t\u00eb quajtura \u201cfora\u201d (uniteti, spiritualiteti, d\u00ebshmia e p\u00ebrbashk\u00ebt, integrimi evropian, dialogu nd\u00ebrfetar, emigracioni, ruajtja e krijimit (mjedisit), drejt\u00ebsia dhe paqja).<\/em><\/span><\/p>\n<p style=\"text-align: justify;\"><span style=\"color: #000000; font-family: helvetica; font-size: 12pt;\"><em>&nbsp;&nbsp;&nbsp; &#8211; Konferenca Evropiane e Kishave (KEK) \u00ebsht\u00eb nj\u00eb organizat\u00eb q\u00eb bashkon 120 kisha orthodhokse dhe protestante, si dhe 40 shoqata e organizata. Ajo \u00ebsht\u00eb themeluar n\u00eb vitin 1959. Kisha jon\u00eb \u00ebsht\u00eb an\u00ebtare me t\u00eb drejta t\u00eb plota dhe Kryepiskopi Anastas \u00ebsht\u00eb zgjedhur Z\u00ebvend\u00ebspresident i KEK.<\/em><\/span><\/p>\n<p style=\"text-align: justify;\"><span style=\"color: #000000; font-family: helvetica; font-size: 12pt;\"><em><img decoding=\"async\" class=\"lazyload HAa Eha\" style=\"border-width: 1px; border-style: solid; margin: 10px; float: left;\" alt=\"\" src=\"data:image\/svg+xml,%3Csvg%20xmlns%3D%27http%3A%2F%2Fwww.w3.org%2F2000%2Fsvg%27%20width%3D%27350%27%20height%3D%27263%27%20viewBox%3D%270%200%20350%20263%27%3E%3Crect%20width%3D%27350%27%20height%3D%27263%27%20fill-opacity%3D%220%22%2F%3E%3C%2Fsvg%3E\" data-orig-src=\"https:\/\/lh4.googleusercontent.com\/-uTFcVB4cJtQ\/VIqy-Ban30I\/AAAAAAAAGzI\/VsPVW16ntGA\/w400-h300-no\/2.2.jpg\" height=\"263\" width=\"350\" \/>&nbsp;&nbsp;&nbsp;&nbsp; &#8211; CCEE p\u00ebrb\u00ebhet nga 34 konferenca ipeshkvnore lokale.<\/em><\/span><\/p>\n<p style=\"text-align: justify;\"><span style=\"color: #000000; font-family: helvetica; font-size: 12pt;\"><em>&nbsp;&nbsp;&nbsp; &#8211; Dy asamblet\u00eb e m\u00ebparshme jan\u00eb mbajtur n\u00eb Bazel (Zvic\u00ebr), m\u00eb 1989, dhe n\u00eb Grac (Austri), m\u00eb 1997.<\/em><\/span><\/p>\n<p style=\"text-align: justify;\"><span style=\"color: #000000; font-family: helvetica; font-size: 12pt;\"><em>&nbsp;&nbsp;&nbsp; &#8211; Sibiu, s\u00eb bashku me Luksenburgun, jan\u00eb caktuar si Kryeqyteti Kulturor i Evrop\u00ebs p\u00ebr vitin 2007. Qyteti ndodhet n\u00eb rajonin e Transilvanis\u00eb dhe ka rreth 200 mij\u00eb banor\u00eb. Ai ka ve\u00e7orin\u00eb se banohet nga qytetar\u00eb t\u00eb disa etnive dhe besimeve, tempujt e t\u00eb cil\u00ebve i gjen pran\u00eb nj\u00ebri-tjetrit.<\/em><\/span><\/p>\n<p style=\"text-align: justify;\"><span style=\"font-family: helvetica; font-size: 12pt;\"><\/span><\/p>\n<p style=\"text-align: justify;\"><span style=\"font-family: helvetica; font-size: 12pt;\"> &nbsp;<\/span><\/p>\n<table id=\"AutoNumber2\" border=\"0\">\n<tbody>\n<tr>\n<td>\n<p style=\"text-align: justify;\"><span style=\"color: #000000; font-family: helvetica; font-size: 12pt;\"><strong><em>&nbsp;&nbsp;&nbsp;&nbsp; Data 4 shtator 2007<\/em><\/strong>, mblodhi t\u00eb gjith\u00eb delegat\u00ebt nga e gjith\u00eb Evropa n\u00eb Sheshin Mare, p\u00ebr t\u00eb b\u00ebr\u00eb hapjen e k\u00ebtij aktiviteti shum\u00eb t\u00eb r\u00ebnd\u00ebsish\u00ebm. Primat\u00eb t\u00eb kishave t\u00eb krishtera u bashkuan n\u00eb p\u00ebrsh\u00ebndetjet p\u00ebr nj\u00eb fillim t\u00eb mir\u00eb, harmoni dhe shpres\u00eb p\u00ebr bashkim n\u00eb Evrop\u00eb.<\/span><\/p>\n<\/td>\n<td style=\"text-align: center;\"><span style=\"color: #000000; font-family: helvetica; font-size: 12pt;\"><img decoding=\"async\" class=\"lazyload HAa Eha\" style=\"border-width: 1px; border-style: solid; margin: 10px;\" alt=\"\" src=\"data:image\/gif;base64,R0lGODlhAQABAAAAACH5BAEKAAEALAAAAAABAAEAAAICTAEAOw==\" data-orig-src=\"https:\/\/lh4.googleusercontent.com\/-wWjSC_HDkMY\/VIqy-ecPLJI\/AAAAAAAAG0w\/m10N4d_4T-Q\/w400-h266-no\/3tekdt4.jpg\" \/><\/span><\/td>\n<\/tr>\n<tr>\n<td>\n<p style=\"text-align: center;\"><span style=\"color: #000000; font-family: helvetica; font-size: 12pt;\"><img decoding=\"async\" class=\"lazyload HAa Eha\" style=\"border-width: 1px; border-style: solid; margin: 10px;\" alt=\"\" src=\"data:image\/gif;base64,R0lGODlhAQABAAAAACH5BAEKAAEALAAAAAABAAEAAAICTAEAOw==\" data-orig-src=\"https:\/\/lh5.googleusercontent.com\/-BPiNgi7jseQ\/VIqy-rqgUHI\/AAAAAAAAGzU\/bb96GOmhEd0\/w400-h300-no\/4.1.jpg\" \/><\/span><\/p>\n<\/td>\n<td>\n<p style=\"text-align: justify;\"><span style=\"color: #000000; font-family: helvetica; font-size: 12pt;\"><strong><em>&nbsp;&nbsp;&nbsp;&nbsp; N\u00eb dat\u00ebn 5 shtator<\/em><\/strong>, Patriarku i Konstandinopoj\u00ebs, Vartholomeu, hapi me meditimin e tij punimet e Asambles\u00eb, ku nd\u00ebr t\u00eb tjera do t\u00eb theksonte se \u201c\u2026<\/span><\/p>\n<\/td>\n<\/tr>\n<tr>\n<td>\n<p style=\"text-align: justify;\"><span style=\"color: #000000; font-family: helvetica; font-size: 12pt;\">&nbsp;&nbsp;&nbsp;&nbsp; Ne promovojm\u00eb pa rezerva dhe mb\u00ebshtesim \u00e7do dialog ekumenik, n\u00eb kushte t\u00eb barabarta, duke e quajtur k\u00ebt\u00eb si di\u00e7ka absolutisht t\u00eb nevojshme, edhe kur midis nesh ka marr\u00ebdh\u00ebnie t\u00eb v\u00ebshtira, sepse pa dialog \u00ebsht\u00eb e pamundur t\u00eb arrijm\u00eb q\u00ebllimin final t\u00eb pajtimit, komunionin dhe unitetin midis t\u00eb krishter\u00ebve&#8230;\u201d.<\/span><\/p>\n<\/td>\n<td>\n<p><span style=\"color: #000000; font-family: helvetica; font-size: 12pt;\"><img decoding=\"async\" class=\"lazyload HAa Eha\" style=\"border-width: 1px; border-style: solid; margin: 10px auto; display: block;\" alt=\"\" src=\"data:image\/gif;base64,R0lGODlhAQABAAAAACH5BAEKAAEALAAAAAABAAEAAAICTAEAOw==\" data-orig-src=\"https:\/\/lh5.googleusercontent.com\/-6Aajr_6nUe0\/VIqy-87HNKI\/AAAAAAAAG0s\/jQ7x70omcrI\/w276-h400-no\/4.2-dt5.jpg\" \/><\/span><\/p>\n<\/td>\n<\/tr>\n<tr>\n<td>\n<p style=\"text-align: center;\"><span style=\"color: #000000; font-family: helvetica; font-size: 12pt;\"><img decoding=\"async\" class=\"lazyload HAa Eha\" style=\"border-width: 1px; border-style: solid; margin: 10px;\" alt=\"\" src=\"data:image\/gif;base64,R0lGODlhAQABAAAAACH5BAEKAAEALAAAAAABAAEAAAICTAEAOw==\" data-orig-src=\"https:\/\/lh5.googleusercontent.com\/-d71scf8Kw44\/VIqy_Lzkl6I\/AAAAAAAAG0k\/DvbnxottAXo\/w400-h322-no\/5-dt5shtator.jpg\" \/><\/span><\/p>\n<\/td>\n<td>\n<p style=\"text-align: justify;\"><span style=\"color: #000000; font-family: helvetica; font-size: 12pt;\">&nbsp;&nbsp;&nbsp; Tema e diskutimit t\u00eb seanc\u00ebs s\u00eb k\u00ebsaj dite ishte \u201cDrita e Krishtit dhe Kisha\u201d. M\u00eb pas u vazhdua me p\u00ebrsh\u00ebndetje dhe prezantime t\u00eb n\u00ebntemave t\u00eb asaj dite, p\u00ebr diskutimet n\u00eb forume; Uniteti, Spiritualiteti dhe D\u00ebshmia.<\/span><\/p>\n<p style=\"text-align: justify;\"><span style=\"font-family: helvetica; font-size: 12pt;\"><\/span><\/p>\n<\/td>\n<\/tr>\n<tr>\n<td>\n<p style=\"text-align: justify;\"><span style=\"color: #000000; font-family: helvetica; font-size: 12pt;\">&nbsp;&nbsp;&nbsp;&nbsp; N\u00eb k\u00ebt\u00eb dit\u00eb t\u00eb par\u00eb t\u00eb punimeve, fol\u00ebn Kardinali Walter Kasper, President i K\u00ebshillit Pontifik p\u00ebr Promovimin e Unitetit t\u00eb Krishter\u00eb, Mitropoliti i Smolenskut Kirilli dhe Episkopi Wolfgang Huber, kryetar i K\u00ebshillit t\u00eb Kishave Evangjeliste n\u00eb Gjermani.<\/span><\/p>\n<\/td>\n<td>\n<p><span style=\"color: #000000; font-family: helvetica; font-size: 12pt;\"><img decoding=\"async\" class=\"lazyload HAa Eha\" style=\"border-width: 1px; border-style: solid; margin: 10px auto; display: block;\" alt=\"\" src=\"data:image\/gif;base64,R0lGODlhAQABAAAAACH5BAEKAAEALAAAAAABAAEAAAICTAEAOw==\" data-orig-src=\"https:\/\/lh3.googleusercontent.com\/-pJyYawG-Wtk\/VIqy_aolg2I\/AAAAAAAAG0g\/G0NDY5Od62M\/w317-h400-no\/6-dt5shtator.jpg\" \/><\/span><\/p>\n<\/td>\n<\/tr>\n<tr>\n<td>\n<p style=\"text-align: center;\"><span style=\"color: #000000; font-family: helvetica; font-size: 12pt;\"><img decoding=\"async\" class=\"lazyload HAa Eha\" style=\"border-width: 1px; border-style: solid; margin: 10px;\" alt=\"\" src=\"data:image\/gif;base64,R0lGODlhAQABAAAAACH5BAEKAAEALAAAAAABAAEAAAICTAEAOw==\" data-orig-src=\"https:\/\/lh6.googleusercontent.com\/-iTXOdDKNekA\/VIqy_wwI6_I\/AAAAAAAAGzs\/DT_tEQilx3k\/w400-h317-no\/7-dt5shtator.jpg\" \/><\/span><\/p>\n<\/td>\n<td>\n<p style=\"text-align: justify;\"><span style=\"color: #000000; font-family: helvetica; font-size: 12pt;\">&nbsp;&nbsp;&nbsp;&nbsp; N\u00eb forumin D\u00ebshmia, nj\u00eb nga leksionet ishte edhe prezantimi me power point i rilindjes s\u00eb Kish\u00ebs Orthodhokse Autoqefale t\u00eb Shqip\u00ebris\u00eb, m\u00ebnyra e dh\u00ebnies s\u00eb d\u00ebshmis\u00eb s\u00eb Krishtit n\u00eb Evrop\u00ebn post-komuniste. Ishte nj\u00eb d\u00ebshmi personale e nj\u00eb prej an\u00ebtar\u00ebve t\u00eb delegacionit t\u00eb Kish\u00ebs son\u00eb, dh\u00ebn\u00eb p\u00ebr gjith\u00eb pjes\u00ebmarr\u00ebsit.<\/span><\/p>\n<\/td>\n<\/tr>\n<tr>\n<td>\n<p style=\"text-align: justify;\"><span style=\"color: #000000; font-family: helvetica; font-size: 12pt;\"><strong><em>&nbsp;&nbsp;&nbsp;&nbsp; Seancat e dat\u00ebs 6 shtator<\/em><\/strong>, do t\u00eb p\u00ebrcillnin mesazhin \u201cDrita e Krishtit dhe Evropa\u201d. Fjalimin kryesor t\u00eb seanc\u00ebs s\u00eb paradites e kishte Presidenti i K\u00ebshillit Evropian, Manuel Barroso, i cili tha se \u201cPjes\u00ebmarrja ime n\u00eb k\u00ebt\u00eb takim, n\u00eb p\u00ebrgjigje t\u00eb ftes\u00ebs s\u00eb CEC dhe CCEE, z\u00eb vend n\u00eb procesin e gjat\u00eb t\u00eb d\u00ebgjimit dhe respektit reciprok midis Komisionit Evropian dhe besimeve kryesore t\u00eb Evrop\u00ebs&#8230;.\u201d<\/span><\/p>\n<\/td>\n<td>\n<p style=\"text-align: justify;\"><span style=\"font-family: helvetica; font-size: 12pt;\"><\/span><\/p>\n<p style=\"text-align: center;\"><span style=\"color: #000000; font-family: helvetica; font-size: 12pt;\"><img decoding=\"async\" class=\"lazyload HAa Eha\" style=\"border-width: 1px; border-style: solid; margin: 10px;\" alt=\"\" src=\"data:image\/gif;base64,R0lGODlhAQABAAAAACH5BAEKAAEALAAAAAABAAEAAAICTAEAOw==\" data-orig-src=\"https:\/\/lh5.googleusercontent.com\/-rMVCxeB47No\/VIqzANhFAXI\/AAAAAAAAG0I\/v2zIEf4KBLY\/w400-h284-no\/8-dt6shtator.jpg\" \/><\/span><\/p>\n<\/td>\n<\/tr>\n<tr>\n<td>\n<p style=\"text-align: justify;\"><span style=\"font-family: helvetica; font-size: 12pt;\"><\/span><\/p>\n<p style=\"text-align: center;\"><span style=\"color: #000000; font-family: helvetica; font-size: 12pt;\"><img decoding=\"async\" class=\"lazyload HAa Eha\" style=\"border-width: 1px; border-style: solid; margin: 10px;\" alt=\"\" src=\"data:image\/gif;base64,R0lGODlhAQABAAAAACH5BAEKAAEALAAAAAABAAEAAAICTAEAOw==\" data-orig-src=\"https:\/\/lh4.googleusercontent.com\/-7hwd_IjjnhU\/VIqzAclmejI\/AAAAAAAAGz0\/jUm9-FghlTs\/w400-h296-no\/9.1-dt6shtator.jpg\" \/><\/span><\/p>\n<\/td>\n<td>\n<p style=\"text-align: justify;\"><span style=\"color: #000000; font-family: helvetica; font-size: 12pt;\">&nbsp;&nbsp;&nbsp;&nbsp; N\u00eb vazhdim t\u00eb k\u00ebsaj seance Fortlumturia e Tij, Kryepiskopi Anastas, Z\u00ebvend\u00ebs-president i KEK (i cili do t\u00eb theksonte se: \u201c&#8230;Aspirata jon\u00eb e qart\u00eb duhet t\u00eb jet\u00eb mb\u00ebshtetja dhe forcimi i vlerave esenciale t\u00eb krishtera q\u00eb formuan qytet\u00ebrimin evropian&#8230;\u201d),<\/span><\/p>\n<\/td>\n<\/tr>\n<tr>\n<td>\n<p style=\"text-align: justify;\"><span style=\"color: #000000; font-family: helvetica; font-size: 12pt;\">&nbsp;&nbsp;&nbsp; &#8230;..dhe Episkopi i Londr\u00ebs Richard Chartres, dhan\u00eb mesazhin e tyre mbi tem\u00ebn. N\u00ebntemat e forumeve t\u00eb seanc\u00ebs s\u00eb pasdites ishin mbi Evrop\u00ebn, Fet\u00eb dhe Emigrimin. &nbsp;&nbsp;&nbsp;&nbsp;&nbsp;<\/span><\/p>\n<\/td>\n<td>\n<p><span style=\"color: #000000; font-family: helvetica; font-size: 12pt;\"><img decoding=\"async\" class=\"lazyload HAa Eha\" style=\"border-width: 1px; border-style: solid; margin: 10px auto; display: block;\" alt=\"\" src=\"data:image\/gif;base64,R0lGODlhAQABAAAAACH5BAEKAAEALAAAAAABAAEAAAICTAEAOw==\" data-orig-src=\"https:\/\/lh4.googleusercontent.com\/-CDHNeNZV1J0\/VIqzAoAErwI\/AAAAAAAAGz8\/2nrKEzRt5nY\/w336-h383-no\/9.jpg\" \/><\/span><\/p>\n<\/td>\n<\/tr>\n<tr>\n<td>\n<p style=\"text-align: center;\"><span style=\"color: #000000; font-family: helvetica; font-size: 12pt;\"><img decoding=\"async\" class=\"lazyload HAa Eha\" style=\"border-width: 1px; border-style: solid; margin: 10px;\" alt=\"\" src=\"data:image\/gif;base64,R0lGODlhAQABAAAAACH5BAEKAAEALAAAAAABAAEAAAICTAEAOw==\" data-orig-src=\"https:\/\/lh4.googleusercontent.com\/-ZdtatUV8HN8\/VIqzA_Fj5jI\/AAAAAAAAG0U\/153dwjTi8I0\/w400-h332-no\/dt6.jpg\" \/><\/span><\/p>\n<\/td>\n<td>\n<p style=\"text-align: justify;\"><span style=\"color: #000000; font-family: helvetica; font-size: 12pt;\">&nbsp;&nbsp;&nbsp; Gjithashtu, n\u00eb k\u00ebt\u00eb dit\u00eb foli dhe Presidenti i Asambles\u00eb Parlamentare t\u00eb K\u00ebshillit t\u00eb Evrop\u00ebs, Rene Van Der Linden.<\/span><\/p>\n<\/td>\n<\/tr>\n<tr>\n<td>\n<p style=\"text-align: justify;\"><span style=\"color: #000000; font-family: helvetica; font-size: 12pt;\">&nbsp;&nbsp;&nbsp; Tema \u201cDrita e Krishtit dhe bota\u201d ishte tema e fundit e diskutimeve t\u00eb seancave plenare, <strong><em>t\u00eb dat\u00ebs 7 shtator. <\/em><\/strong>Fjalimin kryesor e mbajti Andrea Ricardi, drejtues i Komunitetit t\u00eb St. Egidios, Itali. N\u00ebntemat e forumeve ishin mbi Krijimin, Drejt\u00ebsin\u00eb dhe Paqen.<\/span><\/p>\n<\/td>\n<td>\n<p style=\"text-align: center;\"><span style=\"color: #000000; font-family: helvetica; font-size: 12pt;\"><img decoding=\"async\" class=\"lazyload HAa Eha\" style=\"border-width: 1px; border-style: solid; margin: 10px;\" alt=\"\" src=\"data:image\/gif;base64,R0lGODlhAQABAAAAACH5BAEKAAEALAAAAAABAAEAAAICTAEAOw==\" data-orig-src=\"https:\/\/lh5.googleusercontent.com\/-NMRREVsCqig\/VIqy8NSirMI\/AAAAAAAAG1I\/FIjHZdrKfJ8\/w400-h328-no\/11dt7.jpg\" \/><\/span><\/p>\n<\/td>\n<\/tr>\n<tr>\n<td>\n<p style=\"text-align: center;\"><span style=\"color: #000000; font-family: helvetica; font-size: 12pt;\"><img decoding=\"async\" class=\"lazyload HAa Eha\" style=\"border-width: 1px; border-style: solid; margin: 10px;\" alt=\"\" src=\"data:image\/gif;base64,R0lGODlhAQABAAAAACH5BAEKAAEALAAAAAABAAEAAAICTAEAOw==\" data-orig-src=\"https:\/\/lh4.googleusercontent.com\/-bOiqeGbZnIk\/VIqzD2INu8I\/AAAAAAAAG00\/smeDXRFaiLA\/w400-h325-no\/12dt7.jpg\" \/><\/span><\/p>\n<p style=\"text-align: center;\"><span style=\"font-family: helvetica; font-size: 12pt;\"><\/span><\/p>\n<\/td>\n<td>\n<p style=\"text-align: justify;\"><span style=\"color: #000000; font-family: helvetica; font-size: 12pt;\">&nbsp;&nbsp;&nbsp; Mbr\u00ebm\u00ebsorja festive p\u00ebr Lindjen e Hyjlind\u00ebses Mari u krye n\u00eb Katedralen Orthodhokse t\u00eb Sibiu, duke mbledhur s\u00eb bashku komunitetet lokale.<\/span><\/p>\n<\/td>\n<\/tr>\n<tr>\n<td>\n<p style=\"text-align: justify;\"><span style=\"color: #000000; font-family: helvetica; font-size: 12pt;\">&nbsp;&nbsp;&nbsp; N\u00eb axhend\u00ebn e takimeve t\u00eb k\u00ebsaj Asambleje ishte programuar edhe nj\u00eb takim me t\u00eb gjith\u00eb t\u00eb krishter\u00ebt orthodhoks\u00eb, pjes\u00ebmarr\u00ebs n\u00eb aktivitet. Primat\u00eb t\u00eb Kishave Orthodhokse drejtuan dhe diskutuan n\u00eb t\u00eb, duke shprehur r\u00ebnd\u00ebsin\u00eb dhe mesazhin e krishter\u00eb t\u00eb k\u00ebsaj AsamblejeEkumenike, q\u00eb duhej t\u00eb p\u00ebrcillej tek t\u00eb gjith\u00eb njer\u00ebzit.<\/span><\/p>\n<\/td>\n<td>\n<p><span style=\"color: #000000; font-family: helvetica; font-size: 12pt;\"><img decoding=\"async\" class=\"lazyload HAa Eha\" style=\"border-width: 1px; border-style: solid; margin: 10px auto; display: block;\" alt=\"\" src=\"data:image\/gif;base64,R0lGODlhAQABAAAAACH5BAEKAAEALAAAAAABAAEAAAICTAEAOw==\" data-orig-src=\"https:\/\/lh4.googleusercontent.com\/-VXlEDYsNltE\/VIqy8cG7kXI\/AAAAAAAAG1I\/OL-SKLhYf7A\/w301-h400-no\/13.1dt7.jpg\" \/><\/span><\/p>\n<\/td>\n<\/tr>\n<tr>\n<td>\n<p style=\"text-align: center;\"><span style=\"color: #000000; font-family: helvetica; font-size: 12pt;\"><img decoding=\"async\" class=\"lazyload HAa Eha\" style=\"border-width: 1px; border-style: solid; margin: 10px;\" alt=\"\" src=\"data:image\/gif;base64,R0lGODlhAQABAAAAACH5BAEKAAEALAAAAAABAAEAAAICTAEAOw==\" data-orig-src=\"https:\/\/lh4.googleusercontent.com\/-z8vP71ZMTpU\/VIqy8lTRozI\/AAAAAAAAG1I\/HVoRaeSTT1Q\/w400-h300-no\/13.2dt8.jpg\" \/><\/span><\/p>\n<\/td>\n<td>\n<p style=\"text-align: justify;\"><span style=\"color: #000000; font-family: helvetica; font-size: 12pt;\">&nbsp;&nbsp;&nbsp; <strong><em>M\u00eb 8 shtator<\/em><\/strong>, n\u00eb t\u00eb kremten e Lindjes s\u00eb Hyjlind\u00ebses Mari t\u00eb gjith\u00eb t\u00eb krishter\u00ebt orthodhoks\u00eb, pjes\u00ebmarr\u00ebs n\u00eb Asamble u mblodh\u00ebn p\u00ebr t\u00eb celebruar s\u00eb bashku n\u00eb Liturgjin\u00eb Hyjnore, bashk\u00ebmeshues i s\u00eb cil\u00ebs ishte edhe Fortlumturia e Tij, Kryepiskopi Anastas.<\/span><\/p>\n<\/td>\n<\/tr>\n<tr>\n<td>\n<p style=\"text-align: justify;\"><span style=\"color: #000000; font-family: helvetica; font-size: 12pt;\">&nbsp;&nbsp;&nbsp; Seanca e paradites filloi me raportimin dhe prezantimin e rezultateve p\u00ebrfundimtare t\u00eb marra nga forumet gjat\u00eb dit\u00ebve t\u00eb Asambles\u00eb. Mesazhet dhe rezultatet e diskutimeve ishin pjes\u00eb e mesazhit final, me t\u00eb cilin do t\u00eb p\u00ebrfundonte kjo Asamble Ekumenike Evropiane.<\/span><\/p>\n<\/td>\n<td>\n<p><span style=\"color: #000000; font-family: helvetica; font-size: 12pt;\"><img decoding=\"async\" class=\"lazyload HAa Eha\" style=\"border-width: 1px; border-style: solid; margin: 10px auto; display: block;\" alt=\"\" src=\"data:image\/gif;base64,R0lGODlhAQABAAAAACH5BAEKAAEALAAAAAABAAEAAAICTAEAOw==\" data-orig-src=\"https:\/\/lh4.googleusercontent.com\/-tC2oQCdGF1g\/VIqy9EvZpFI\/AAAAAAAAG1I\/TlSPBrkIXSE\/w300-h400-no\/14dt8.jpg\" \/><\/span><\/p>\n<\/td>\n<\/tr>\n<tr>\n<td>\n<p style=\"text-align: center;\"><span style=\"color: #000000; font-family: helvetica; font-size: 12pt;\"><img decoding=\"async\" class=\"lazyload HAa Eha\" style=\"border-width: 1px; border-style: solid; margin: 10px;\" alt=\"\" src=\"data:image\/gif;base64,R0lGODlhAQABAAAAACH5BAEKAAEALAAAAAABAAEAAAICTAEAOw==\" data-orig-src=\"https:\/\/lh3.googleusercontent.com\/-_6YhqO_jnVw\/VIq1svsBKZI\/AAAAAAAAG1U\/ywhHLxnl1wE\/w400-h266-no\/15dt8.jpg\" \/><\/span><\/p>\n<p style=\"text-align: center;\"><span style=\"font-family: helvetica; font-size: 12pt;\"><\/span><\/p>\n<\/td>\n<td>\n<p style=\"text-align: justify;\"><span style=\"color: #000000; font-family: helvetica; font-size: 12pt;\">&nbsp;&nbsp;&nbsp; Gjat\u00eb p\u00ebrgatitjes s\u00eb mesazhit pati shum\u00eb diskutime dhe opinione t\u00eb ndryshme p\u00ebr p\u00ebrmir\u00ebsimin dhe p\u00ebrsosjen e tekstit, duke pasur parasysh r\u00ebnd\u00ebsin\u00eb e tij p\u00ebr gjith\u00eb kishat e krishtera n\u00eb t\u00eb gjith\u00eb Evrop\u00ebn.<\/span><\/p>\n<\/td>\n<\/tr>\n<tr>\n<td>\n<p style=\"text-align: justify;\"><span style=\"color: #000000; font-family: helvetica; font-size: 12pt;\">&nbsp;&nbsp;&nbsp; Gjat\u00eb q\u00ebndrimit n\u00eb Sibiu, duke qen\u00eb se ky qytet ishte shpallur nj\u00eb nga kryeqytetet e kultur\u00ebs n\u00eb Evrop\u00eb p\u00ebr vitin 2007, ishte b\u00ebr\u00eb e mundur edhe krijimi i nj\u00eb atmosfere mjaft festive, dhe marrja pjes\u00eb n\u00eb mjaft evenimente kulturore. Nj\u00eb prej k\u00ebtyre dhe mbyll\u00ebsi i k\u00ebtij aktiviteti ishte Procesioni i Drit\u00ebs, i kryer n\u00eb dark\u00ebn e dat\u00ebs 7 shtator, n\u00eb Sheshin Mare. Ky program kishte t\u00eb nd\u00ebrthurur aspektin shpirt\u00ebror me at\u00eb artistik.<\/span><\/p>\n<\/td>\n<td>\n<p style=\"text-align: center;\"><span style=\"color: #000000; font-family: helvetica; font-size: 12pt;\"><img decoding=\"async\" class=\"lazyload HAa Eha\" style=\"border-width: 1px; border-style: solid; margin: 10px;\" alt=\"\" src=\"data:image\/gif;base64,R0lGODlhAQABAAAAACH5BAEKAAEALAAAAAABAAEAAAICTAEAOw==\" data-orig-src=\"https:\/\/lh4.googleusercontent.com\/-6cQetfrF3dI\/VIq18HRZqvI\/AAAAAAAAG1k\/_f4E9iwsSR4\/w400-h300-no\/16dt8.jpg\" \/><\/span><\/p>\n<p style=\"text-align: center;\"><span style=\"font-family: helvetica; font-size: 12pt;\"><\/span><\/p>\n<\/td>\n<\/tr>\n<tr>\n<td>\n<p style=\"text-align: center;\"><span style=\"color: #000000; font-family: helvetica; font-size: 12pt;\"><img decoding=\"async\" class=\"lazyload HAa Eha\" style=\"border-width: 1px; border-style: solid; margin: 10px;\" alt=\"\" src=\"data:image\/gif;base64,R0lGODlhAQABAAAAACH5BAEKAAEALAAAAAABAAEAAAICTAEAOw==\" data-orig-src=\"https:\/\/lh5.googleusercontent.com\/-0CHJifFYB3c\/VIqzBbI2miI\/AAAAAAAAG0A\/ghboF78Uu3I\/w400-h192-no\/f1dt9.jpg\" \/><\/span><\/p>\n<\/td>\n<td>\n<p style=\"text-align: justify;\"><span style=\"color: #000000; font-family: helvetica; font-size: 12pt;\">&nbsp;&nbsp;&nbsp; Pjes\u00ebmarr\u00ebsit e Asambles\u00eb celebruan sh\u00ebrbesat fetare n\u00eb kishat lokale t\u00eb Sibiu, m\u00ebngjesin <strong><em>e dat\u00ebs 9 shtator<\/em><\/strong> dhe m\u00eb pas u mblodh\u00ebn n\u00eb Sheshin Mare p\u00ebr t\u00eb festuar mbylljen p\u00ebrfundimtare t\u00eb aktivitetit.<\/span><\/p>\n<\/td>\n<\/tr>\n<tr>\n<td>\n<p style=\"text-align: justify;\"><span style=\"color: #000000; font-family: helvetica; font-size: 12pt;\">&nbsp;&nbsp;&nbsp;&nbsp; Me k\u00ebt\u00eb rast p\u00ebrsh\u00ebndet\u00ebn dhe drejtuan lutjet e tyre organizator\u00ebt e Asambles\u00eb, t\u00eb rinj t\u00eb cil\u00ebt ndihmuan n\u00eb k\u00ebt\u00eb organizim, si edhe t\u00eb gjith\u00eb ata t\u00eb cil\u00ebt u kujdes\u00ebn q\u00eb ky aktivitet t\u00eb p\u00ebrfundonte punimet me sukses. P\u00ebrsh\u00ebndetja e fundit, e cila u shoq\u00ebrua edhe me p\u00ebrqafime dhe shtr\u00ebngim duarsh ishte <em>\u201cPaqe midis nesh!\u201d<\/em><\/span><\/p>\n<\/td>\n<td>\n<p style=\"text-align: center;\"><span style=\"color: #000000; font-family: helvetica; font-size: 12pt;\"><img decoding=\"async\" class=\"lazyload HAa Eha\" style=\"border-width: 1px; border-style: solid; margin: 10px;\" alt=\"\" src=\"data:image\/gif;base64,R0lGODlhAQABAAAAACH5BAEKAAEALAAAAAABAAEAAAICTAEAOw==\" data-orig-src=\"https:\/\/lh6.googleusercontent.com\/-nvDPGXSCGfE\/VIqzB1xYhsI\/AAAAAAAAG0c\/EN_f2OpMntU\/w400-h274-no\/f2dt9.jpg\" \/><\/span><\/p>\n<\/td>\n<\/tr>\n<tr>\n<td>\n<p style=\"text-align: center;\"><span style=\"color: #000000; font-family: helvetica; font-size: 12pt;\"><img decoding=\"async\" class=\"lazyload HAa Eha\" style=\"border-width: 1px; border-style: solid; margin: 10px;\" alt=\"\" src=\"data:image\/gif;base64,R0lGODlhAQABAAAAACH5BAEKAAEALAAAAAABAAEAAAICTAEAOw==\" data-orig-src=\"https:\/\/lh6.googleusercontent.com\/-5GVKr2tDzOs\/VIqzCYwp6BI\/AAAAAAAAG0Y\/sCNkm3Au1U0\/w400-h301-no\/f3dt9.jpg\" \/><\/span><\/p>\n<\/td>\n<td>\n<p style=\"text-align: justify;\"><span style=\"color: #000000; font-family: helvetica; font-size: 12pt;\">&nbsp;&nbsp;&nbsp; Ishte kjo lutje dhe ky urim q\u00eb p\u00ebrcolli Asambleja e Tret\u00eb Ekumenike Evropiane, me shpres\u00eb p\u00ebr rilindje dhe bashkim n\u00eb Evrop\u00eb!<\/span><\/p>\n<\/td>\n<\/tr>\n<\/tbody>\n<\/table>\n<p style=\"text-align: justify;\"><span style=\"color: #000000; font-family: helvetica; font-size: 12pt;\"><strong><em>P\u00ebrgatiti<\/em><\/strong><\/span><\/p>\n<p style=\"text-align: justify;\"><span style=\"color: #000000; font-family: helvetica; font-size: 12pt;\"><strong><em>Sonila Dedja<\/em><\/strong><\/span><\/p>\n<p style=\"text-align: justify;\"><span style=\"color: #000000; font-family: helvetica; font-size: 12pt;\"><em>Fotot nga grupi yn\u00eb orthodhoks shqiptar &amp; CCEE-KEK&nbsp; Ag. Siciliani<\/em><\/span><\/p>\n<p style=\"text-align: justify;\"><span style=\"font-family: helvetica; font-size: 12pt;\"><\/span><\/p>\n<p style=\"text-align: center;\"><span style=\"color: #b22222; font-family: helvetica; font-size: 12pt;\"><strong><em>* * *<\/em><\/strong><\/span><\/p>\n<p><span style=\"display: none; font-family: helvetica; font-size: 12pt;\"><\/span><\/p>\n<p style=\"text-align: center;\"><span style=\"color: #b22222; font-family: helvetica; font-size: 12pt;\"><strong><em><span style=\"background-color: #ffffff;\"><span id=\"cke_bm_726S\" style=\"display: none;\"><\/span>Mesazhi final i Asambles\u00eb s\u00eb Tret\u00eb Ekumenike Evropiane<\/span><\/em><\/strong><em><span style=\"background-color: #ffffff;\">, <\/span><\/em><\/span><\/p>\n<p style=\"text-align: center;\"><span style=\"color: #b22222; font-family: helvetica; font-size: 12pt;\"><em><span style=\"background-color: #ffffff;\">Sibiu, Rumani, 4-9 shtator 2007<\/span><\/em><\/span><\/p>\n<p style=\"text-align: center;\"><span style=\"color: #b22222; font-family: helvetica; font-size: 12pt;\"><em><span style=\"background-color: #ffffff;\">E shtun\u00eb, 8 shtator, e Kremtja e Lindjes s\u00eb t\u00eb T\u00ebr\u00ebshenjt\u00ebs Mari<\/span><\/em><\/span><\/p>\n<p style=\"text-align: center;\"><span style=\"color: #b22222; font-family: helvetica; font-size: 12pt;\"><span id=\"cke_bm_726E\" style=\"display: none;\"><\/span><\/span><\/p>\n<p><span style=\"display: none; font-family: helvetica; font-size: 12pt;\"><\/span><\/p>\n<p style=\"text-align: center;\"><span style=\"color: #b22222; font-family: helvetica; font-size: 12pt;\"><strong>\u201cDrita e Krishtit iu ndritt\u00eb t\u00eb gjith\u00ebve!\u201d<\/strong><\/span><\/p>\n<p style=\"text-align: justify;\"><span style=\"font-family: helvetica; font-size: 12pt;\"><\/span><\/p>\n<p style=\"text-align: justify;\"><span style=\"color: #000000; font-family: helvetica; font-size: 12pt;\">&nbsp;&nbsp;&nbsp; Ne, pelegrin\u00eb t\u00eb krishter\u00eb nga e gjith\u00eb Evropa dhe m\u00eb tej, d\u00ebshmojm\u00eb p\u00ebr fuqin\u00eb transformuese t\u00eb k\u00ebsaj drite, q\u00eb \u00ebsht\u00eb m\u00eb e fuqishme se terri, dhe e shpallim si shpres\u00eb q\u00eb p\u00ebrqafon t\u00eb gjitha aspektet p\u00ebr Kishat tona, p\u00ebr gjith\u00eb Evrop\u00ebn dhe p\u00ebr bot\u00ebn mbar\u00eb.<\/span><\/p>\n<p style=\"text-align: justify;\"><span style=\"color: #000000; font-family: helvetica; font-size: 12pt;\">&nbsp;&nbsp;&nbsp; N\u00eb em\u00ebr t\u00eb Per\u00ebndis\u00eb s\u00eb Trinish\u00ebm, At\u00eb, Bir dhe Shpirt i Shenjt\u00eb, jemi mbledhur n\u00eb qytetin e Sibiut, Rumani (4-9 shtator 2007). Kjo Asamble e Tret\u00eb Ekumenike Evropiane u karakterizua nga pasuria e spiritualitetit dhe tradit\u00ebs Orthodhokse. Ritheksojm\u00eb dhe rinovojm\u00eb impenjimet serioze q\u00eb kemi marr\u00eb n\u00eb Bazel dhe Grac dhe shprehim keqardhje q\u00eb deri m\u00eb sot nuk kemi arritur t\u00eb p\u00ebrmbushim disa nga ato. Megjithat\u00eb, besimi yn\u00eb n\u00eb fuqin\u00eb transformuese t\u00eb Drit\u00ebs s\u00eb Krishtit \u00ebsht\u00eb m\u00eb i fort\u00eb se err\u00ebsira dhe shkurajimi, se fatalizmi, se frika dhe indiferenca.<\/span><\/p>\n<p style=\"text-align: justify;\"><span style=\"color: #000000; font-family: helvetica; font-size: 12pt;\">&nbsp;&nbsp;&nbsp; Asambleja jon\u00eb e Tret\u00eb Ekumenike Evropiane nisi m\u00eb 2006 n\u00eb Rom\u00eb dhe vazhdoi m\u00eb 2007 n\u00eb Witemberg. N\u00eb kuadrin e k\u00ebtij pelegrinazhi ekumenik u organizuan takime t\u00eb shumta rajonale, ve\u00e7 atij t\u00eb Kishave Orthodhokse n\u00eb Rodos dhe atij t\u00eb t\u00eb rinjve n\u00eb St. Maurice. Presim me g\u00ebzim impenjimin&nbsp; e t\u00eb rinjve dhe kontributin q\u00eb ata kan\u00eb ofruar p\u00ebr Asamblen\u00eb. E mb\u00ebshtetur dhe e motivuar nga <em>Charta Oecumenica, <\/em>Asambleja jon\u00eb \u00e7oi p\u00ebrpara pun\u00ebn e nisur n\u00eb asamblet\u00eb e m\u00ebparshme dhe ishte nj\u00eb rast p\u00ebr shk\u00ebmbimin e dhuratave dhe pasurimin reciprok.<\/span><\/p>\n<p style=\"text-align: justify;\"><span style=\"color: #000000; font-family: helvetica; font-size: 12pt;\">&nbsp;&nbsp;&nbsp; Nuk jemi t\u00eb vet\u00ebm n\u00eb k\u00ebt\u00eb pelegrinazh. Krishti \u00ebsht\u00eb me ne dhe n\u00eb radh\u00ebn e d\u00ebshmitar\u00ebve (Hebrenjve 12:1), na shoq\u00ebrojn\u00eb martir\u00ebt bashk\u00ebkohor\u00eb: d\u00ebshmia e jet\u00ebs dhe e vdekjes s\u00eb tyre na frym\u00ebzon individualisht dhe si trup. N\u00eb kungim me ta, impenjohemi t\u00eb veprojm\u00eb n\u00eb m\u00ebnyr\u00eb q\u00eb Drita e Krishtit t\u00eb transfiguruar t\u00eb shk\u00eblqej\u00eb n\u00ebp\u00ebrmjet d\u00ebshmive tona, t\u00eb rr\u00ebnjosura thell\u00eb n\u00eb lutjen dhe dashurin\u00eb. Kjo \u00ebsht\u00eb p\u00ebrgjigjja jon\u00eb e p\u00ebrulur ndaj sakrific\u00ebs s\u00eb jet\u00ebve t\u00eb tyre.<\/span><\/p>\n<p style=\"text-align: justify;\"><span style=\"font-family: helvetica; font-size: 12pt;\"><\/span><\/p>\n<p style=\"text-align: justify;\"><span style=\"color: #b22222; font-family: helvetica; font-size: 12pt;\"><strong>&nbsp;&nbsp;&nbsp; DRITA E KRISHTIT N\u00cb KISH\u00cb<\/strong><\/span><\/p>\n<p style=\"text-align: justify;\"><span style=\"font-family: helvetica; font-size: 12pt;\"><\/span><\/p>\n<p style=\"text-align: justify;\"><span style=\"color: #000000; font-family: helvetica; font-size: 12pt;\">&nbsp;&nbsp;&nbsp; Drita e Krishtit na b\u00ebn q\u00eb t\u00eb rrojm\u00eb p\u00ebr t\u00eb tjer\u00ebt dhe n\u00eb kungim midis nesh. D\u00ebshmia jon\u00eb n\u00eb favor t\u00eb shpres\u00ebs dhe unitetit do t\u00eb jet\u00eb e besueshme p\u00ebr Evrop\u00ebn dhe p\u00ebr bot\u00ebn vet\u00ebm n\u00ebse vazhdojm\u00eb rrug\u00ebtimin drejt unitetit t\u00eb duksh\u00ebm. Unitet nuk do t\u00eb thot\u00eb uniformitet. Ka nj\u00eb vler\u00eb t\u00eb pamat\u00eb n\u00eb rikthimin tek eksperimentimi i <em>kinonias <\/em>dhe n\u00eb shk\u00ebmbimin e atyre dhuratave shpirt\u00ebrore, t\u00eb cilat q\u00eb nga fillimi i kan\u00eb dh\u00ebn\u00eb forc\u00eb l\u00ebvizjes ekumenike.<\/span><\/p>\n<p style=\"text-align: justify;\"><span style=\"color: #000000; font-family: helvetica; font-size: 12pt;\">&nbsp;&nbsp;&nbsp; N\u00eb Sibiu kemi ndjer\u00eb s\u00ebrish plag\u00ebn e dhimbshme t\u00eb ndarjes midis Kishave tona. Kjo ka t\u00eb b\u00ebj\u00eb edhe me kuptimin q\u00eb i japim unitetit t\u00eb saj. Zhvillimet e dukshme historike dhe kulturor\u00eb n\u00eb Krishterimin lindor dhe at\u00eb per\u00ebndimor kan\u00eb kontribuar n\u00eb k\u00ebto ndryshime, dhe kuptimi i tyre k\u00ebrkon v\u00ebmendjen ton\u00eb urgjente dhe nj\u00eb dialog t\u00eb vazhduesh\u00ebm.<\/span><\/p>\n<p style=\"text-align: justify;\"><span style=\"color: #000000; font-family: helvetica; font-size: 12pt;\">&nbsp;&nbsp;&nbsp; Jemi t\u00eb bindur se familja e gjer\u00eb kristiane duhet t\u2019i p\u00ebrballoj\u00eb \u00e7\u00ebshtjet doktrinore dhe duhet gjithashtu t\u00eb k\u00ebrkoj\u00eb nj\u00eb konsensus m\u00eb t\u00eb gjer\u00eb p\u00ebr sa ka t\u00eb b\u00ebj\u00eb me vlerat morale q\u00eb rrjedhin nga Ungjilli dhe&nbsp; nj\u00eb stil t\u00eb besuesh\u00ebm jetese, q\u00eb t\u00eb d\u00ebshmoj\u00eb n\u00eb g\u00ebzim Drit\u00ebn e Krishtit n\u00eb bot\u00ebn ton\u00eb laike ekzigjente dhe moderne, n\u00eb sfer\u00ebn private ashtu si edhe n\u00eb at\u00eb publike.<\/span><\/p>\n<p style=\"text-align: justify;\"><span style=\"color: #000000; font-family: helvetica; font-size: 12pt;\">&nbsp;&nbsp;&nbsp; Spiritualiteti yn\u00eb i krishter\u00eb p\u00ebrb\u00ebn nj\u00eb thesar t\u00eb vyer: pasi e ke hapur, t\u00eb tregon shum\u00ebllojshm\u00ebrin\u00eb e pasurive t\u00eb tij dhe i hap zemrat tona ndaj bukuris\u00eb t\u00eb fytyr\u00ebs s\u00eb Jisuit dhe fuqis\u00eb s\u00eb lutjes. Vet\u00ebm n\u00ebse i jemi m\u00eb af\u00ebr Zotit ton\u00eb Jisu Krisht mund t\u00eb afrohemi m\u00eb shum\u00eb midis nesh dhe t\u00eb provojm\u00eb <em>kinonian<\/em> e v\u00ebrtet\u00eb. Nuk mund t\u00eb mos i ndajm\u00eb k\u00ebto pasuri me t\u00eb gjith\u00eb burrat dhe grat\u00eb q\u00eb k\u00ebrkojn\u00eb drit\u00eb n\u00eb k\u00ebt\u00eb kontinent. Burrat dhe grat\u00eb shpirt\u00ebrore e fillojn\u00eb me shnd\u00ebrrimin e tyre dhe kjo \u00e7on n\u00eb transformimin e bot\u00ebs. D\u00ebshmia jon\u00eb ndaj drit\u00ebs s\u00eb Krishtit i korrespondon nj\u00eb impenjimi besnik p\u00ebr t\u00eb d\u00ebgjuar, jetuar dhe ndar\u00eb historit\u00eb tona t\u00eb jet\u00ebs dhe p\u00ebrvojat e jet\u00ebs dhe t\u00eb shpres\u00ebs q\u00eb na kan\u00eb modeluar si dishepuj t\u00eb Krishtit.<\/span><\/p>\n<p style=\"text-align: justify;\"><span style=\"font-family: helvetica; font-size: 12pt;\"><span style=\"color: #b22222;\"><strong>&nbsp;&nbsp;&nbsp; Rekomandimi i par\u00eb:<\/strong><\/span><span style=\"color: #000000;\">Rekomandojm\u00eb t\u00eb rinovojm\u00eb misionin ton\u00eb si besimtar\u00eb dhe si Kisha p\u00ebr t\u00eb shpallur Krishtin si Drit\u00eb dhe Shp\u00ebtimtar t\u00eb bot\u00ebs.<\/span><\/span><\/p>\n<p style=\"text-align: justify;\"><span style=\"font-family: helvetica; font-size: 12pt;\"><span style=\"color: #b22222;\"><strong>&nbsp;&nbsp; Rekomandimi i dyt\u00eb:<\/strong><\/span><span style=\"color: #000000;\">Rekomandojm\u00eb t\u00eb vazhdojm\u00eb debatin mbi njohjen reciproke t\u00eb pag\u00ebzimit, duke pasur parasysh rezultatet e r\u00ebnd\u00ebsishme mbi k\u00ebt\u00eb \u00e7\u00ebshtje n\u00eb vende t\u00eb ndryshme dhe duke qen\u00eb t\u00eb nd\u00ebrgjegjsh\u00ebm q\u00eb \u00e7\u00ebshtja \u00ebsht\u00eb e lidhur thell\u00eb me nj\u00eb kuptim t\u00eb Eukaristis\u00eb, t\u00eb sh\u00ebrbes\u00ebs dhe t\u00eb eklisiologjis\u00eb n\u00eb p\u00ebrgjith\u00ebsi.<\/span><\/span><\/p>\n<p style=\"text-align: justify;\"><span style=\"font-family: helvetica; font-size: 12pt;\"><span style=\"color: #b22222;\"><strong>&nbsp;&nbsp;&nbsp; Rekomandimi i tret\u00eb:<\/strong><\/span><span style=\"color: #000000;\">Rekomandojm\u00eb gjetjen e m\u00ebnyrave p\u00ebr t\u00eb eksperimentuar veprimtari q\u00eb na bashkojn\u00eb: lutjen p\u00ebr nj\u00ebri-tjetrin dhe p\u00ebr unitetin, pelegrinazhet ekumenike, formimin teologjik dhe studimin s\u00eb bashku, nisma sociale dhe sh\u00ebrbesa, projekte kulturore, mb\u00ebshtetjen e jet\u00ebs s\u00eb shoq\u00ebris\u00eb t\u00eb bazuar n\u00eb vlerat e krishtera.<\/span><\/span><\/p>\n<p style=\"text-align: justify;\"><span style=\"font-family: helvetica; font-size: 12pt;\"><span style=\"color: #b22222;\"><strong>&nbsp;&nbsp;&nbsp; Rekomandimi i kat\u00ebrt:<\/strong><\/span><span style=\"color: #000000;\">Rekomandojm\u00eb pjes\u00ebmarrjen e t\u00eb gjith\u00eb popullit t\u00eb Per\u00ebndis\u00eb, dhe ve\u00e7an\u00ebrisht n\u00eb k\u00ebt\u00eb Asamble, duke i kushtuar v\u00ebmendje thirrjes s\u00eb t\u00eb rinjve, t\u00eb t\u00eb moshuarve, t\u00eb minoriteteve etnike, t\u00eb personave me handikap.<\/span><\/span><\/p>\n<p style=\"text-align: justify;\"><span style=\"font-family: helvetica; font-size: 12pt;\"><\/span><\/p>\n<p style=\"text-align: justify;\"><span style=\"color: #b22222; font-family: helvetica; font-size: 12pt;\"><strong>&nbsp;&nbsp;&nbsp; DRITA E KRISHTIT P\u00cbR EVROP\u00cbN<\/strong><\/span><\/p>\n<p style=\"text-align: justify;\"><span style=\"color: #000000; font-family: helvetica; font-size: 12pt;\">&nbsp;&nbsp;&nbsp; Mendojm\u00eb se \u00e7do qenie njer\u00ebzore \u00ebsht\u00eb krijuar sipas imazhit dhe ngjashm\u00ebris\u00eb s\u00eb Per\u00ebndis\u00eb (Gjeneza1:27) dhe meriton t\u00eb nj\u00ebjtin respekt dhe dashuri pavar\u00ebsisht nga ndryshimet n\u00eb besim, kultur\u00eb, mosh\u00eb, gjini, origjin\u00eb etnike, q\u00eb nga nisja e jet\u00ebs deri n\u00eb vdekjen natyrale. Duke qen\u00eb t\u00eb nd\u00ebrgjegjsh\u00ebm p\u00ebr rr\u00ebnj\u00ebt tona t\u00eb p\u00ebrbashk\u00ebta jan\u00eb shum\u00eb m\u00eb t\u00eb thella se ndasit\u00eb tona, nd\u00ebrsa k\u00ebrkojm\u00eb rinovimin dhe unitetin dhe q\u00eb t\u00eb kuptojm\u00eb rolin e Kishave n\u00eb shoq\u00ebrin\u00eb e sotme evropiane, jemi p\u00ebrqendruar n\u00eb takimin me persona t\u00eb besimeve t\u00eb tjera. Ve\u00e7an\u00ebrisht t\u00eb nd\u00ebrgjegjsh\u00ebm, p\u00ebr raportin unik q\u00eb kemi me popullin hebre, si populli i Bes\u00eblidhjes, refuzojm\u00eb t\u00eb gjitha format bashk\u00ebkohore t\u00eb antisemitizmit dhe, s\u00eb bashku me ta, duam t\u00eb promovojm\u00eb Evrop\u00ebn si nj\u00eb kontinent t\u00eb lir\u00eb nga \u00e7do lloj dhune. N\u00eb historin\u00eb ton\u00eb evropiane ka pasur periudha t\u00eb ashpra konfliktesh, por edhe periudha bashk\u00ebjetese paq\u00ebsore midis personave t\u00eb t\u00eb gjitha besimeve. Sot nuk ka alternativ\u00eb tjet\u00ebr ve\u00e7 dialogut: jo nj\u00eb kompromis, por nj\u00eb dialog jete n\u00eb t\u00eb cilin mund t\u00eb themi t\u00eb v\u00ebrtet\u00ebn n\u00eb dashuri. T\u00eb gjith\u00eb kemi nevoj\u00eb t\u00eb m\u00ebsojm\u00eb m\u00eb shum\u00eb mbi t\u00eb gjitha besimet dhe rekomandimet e <em>Charta Oecumenica<\/em> duhet zhvilluar m\u00eb tej. I drejtojm\u00eb nj\u00eb apel bashk\u00ebv\u00ebllez\u00ebrve tan\u00eb t\u00eb krishter\u00eb dhe gjith\u00eb atyre q\u00eb besojn\u00eb n\u00eb Per\u00ebndin\u00eb, n\u00eb m\u00ebnyr\u00eb q\u00eb t\u00eb respektojn\u00eb t\u00eb drejt\u00ebn e personave t\u00eb tjer\u00eb p\u00ebr liri fetare, dhe shprehim solidaritetin ton\u00eb p\u00ebr komunitetet e krishtera q\u00eb jetojn\u00eb n\u00eb Lindjen e Mesme, n\u00eb Irak ose n\u00eb pjes\u00eb t\u00eb tjera t\u00eb globit si minoritete fetare dhe ndiejn\u00eb q\u00eb qenia e tyre k\u00ebrc\u00ebnohet.<\/span><\/p>\n<p style=\"text-align: justify;\"><span style=\"color: #000000; font-family: helvetica; font-size: 12pt;\">&nbsp;&nbsp;&nbsp; Duke takuar Krishtin n\u00eb v\u00ebllez\u00ebrit dhe motrat tona n\u00eb nevoj\u00eb (Mattheu 25:44-45), t\u00eb ndri\u00e7uar s\u00eb bashku nga Drita e Krishtit, ne t\u00eb krishter\u00ebt, n\u00eb p\u00ebrputhje me urdh\u00ebresat e Ungjillit p\u00ebr unitetin e njer\u00ebzimit (Gjeneza 1: 26-27), impenjohemi q\u00eb: t\u00eb pendohemi p\u00ebr m\u00ebkatin e p\u00ebrjashtimit, t\u00eb thellojm\u00eb kuptimin ton\u00eb t\u00eb t\u00eb \u201cndryshmes\u201d dhe t\u00eb mbrojm\u00eb dinjitetin e \u00e7do qenieje njer\u00ebzore, t\u00eb sigurojm\u00eb mbrojtjen e t\u00eb gjith\u00eb atyre q\u00eb kan\u00eb m\u00eb shum\u00eb nevoj\u00eb, q\u00eb t\u00eb ndajm\u00eb drit\u00ebn e Krishtit q\u00eb t\u00eb tjer\u00eb ia sjellin Evrop\u00ebs. I drejtojm\u00eb nj\u00eb apel shteteve evropiane q\u00eb t\u2019u japin fund burgimit ilegal administrativ t\u00eb emigrant\u00ebve, q\u00eb t\u00eb b\u00ebjn\u00eb p\u00ebrpjekje p\u00ebr t\u00eb siguruar emigracioni legal, integrim t\u00eb emigrant\u00ebve, t\u00eb refugjat\u00ebve dhe t\u00eb atyre q\u00eb k\u00ebrkojn\u00eb azil, q\u00eb t\u00eb mb\u00ebshtesin vler\u00ebn e unitetit t\u00eb familjes dhe t\u00eb luftojn\u00eb trafikun e qenieve njer\u00ebzore dhe shfryt\u00ebzimin e tyre. I drejtojm\u00eb nj\u00eb apel edhe Kishave q\u00eb t\u00eb intensifikojn\u00eb kujdesin e tyre baritor p\u00ebr emigrant\u00ebt vulnerab\u00ebl.<\/span><\/p>\n<p style=\"text-align: justify;\"><span style=\"font-family: helvetica; font-size: 12pt;\"><span style=\"color: #b22222;\"><strong>&nbsp;&nbsp;&nbsp; Rekomandimi i pest\u00eb:<\/strong><\/span><span style=\"color: #000000;\">Rekomandojm\u00eb q\u00eb Kishat tona t\u00eb njohin q\u00eb emigrant\u00ebt e krishter\u00eb nuk jan\u00eb vet\u00ebm objekt i thjesht\u00eb kujdesit fetar, por se mund t\u00eb luajn\u00eb nj\u00eb rol t\u00eb plot\u00eb dhe aktiv n\u00eb jet\u00ebn e Kishave dhe t\u00eb shoq\u00ebris\u00eb; q\u00eb t\u00eb ofrojn\u00eb nj\u00eb kujdes baritor m\u00eb t\u00eb mir\u00eb p\u00ebr emigrant\u00ebt, p\u00ebr ata q\u00eb k\u00ebrkojn\u00eb azil dhe p\u00ebr refugjat\u00ebt; q\u00eb t\u00eb promovojn\u00eb t\u00eb drejtat e minoriteteve etnike n\u00eb Evrop\u00eb, sidomos t\u00eb popullit rom.<\/span><\/span><\/p>\n<p style=\"text-align: justify;\"><span style=\"color: #000000; font-family: helvetica; font-size: 12pt;\">&nbsp;&nbsp;&nbsp; Shum\u00eb nga ne jan\u00eb mir\u00ebnjoh\u00ebs q\u00eb kan\u00eb mundur t\u00eb provojn\u00eb ndryshimet e thella n\u00eb Evrop\u00eb n\u00eb dhjet\u00ebvje\u00e7ar\u00ebt e fundit. Evropa \u00ebsht\u00eb m\u00eb shum\u00eb se Bashkimi Evropian. Si t\u00eb krishter\u00eb, ndajm\u00eb p\u00ebrgjegj\u00ebsin\u00eb p\u00ebr t\u00eb plazmuar Evrop\u00ebn si nj\u00eb kontinent paqeje, solidariteti, pjes\u00ebmarrjeje dhe zhvillimi t\u00eb mundsh\u00ebm. Vler\u00ebsojm\u00eb impenjimin e institucioneve evropiane: t\u00eb BE, K\u00ebshillit t\u00eb Evrop\u00ebs dhe OSBE p\u00ebr nj\u00eb dialog t\u00eb hapur, transparent dhe t\u00eb rregullt me Kishat e Evrop\u00ebs. P\u00ebrfaq\u00ebsuesit m\u00eb t\u00eb lart\u00eb na kan\u00eb nderuar me pranin\u00eb e tyre dhe kan\u00eb shprehur k\u00ebshtu nj\u00eb interes t\u00eb fort\u00eb p\u00ebr pun\u00ebn ton\u00eb. Duhet t\u00eb p\u00ebrballojm\u00eb sfid\u00ebn p\u00ebr t\u00eb harxhuar m\u00eb shum\u00eb energji shpirt\u00ebrore n\u00eb k\u00ebt\u00eb dialog. Evropa lindi si nj\u00eb projekt politik p\u00ebr t\u00eb garantuar paqen dhe tani duhet t\u00eb kthehet n\u00eb Evrop\u00ebn e popujve, m\u00eb shum\u00eb se nj\u00eb hap\u00ebsir\u00eb ekonomike.<\/span><\/p>\n<p style=\"text-align: justify;\"><span style=\"font-family: helvetica; font-size: 12pt;\"><span style=\"color: #b22222;\"><strong>&nbsp;&nbsp;&nbsp; Rekomandimi i gjasht\u00eb:<\/strong><\/span><span style=\"color: #000000;\">Rekomandojm\u00eb zhvillimin e <em>Charta Oecumenica <\/em>si linj\u00eb drejtuese e aft\u00eb p\u00ebr t\u00eb stimuluar ecjen ton\u00eb ekumenike n\u00eb Evrop\u00eb.<\/span><\/span><\/p>\n<p style=\"text-align: justify;\"><span style=\"font-family: helvetica; font-size: 12pt;\"><\/span><\/p>\n<p style=\"text-align: justify;\"><span style=\"color: #b22222; font-family: helvetica; font-size: 12pt;\"><strong>&nbsp;&nbsp;&nbsp; DRITA E KRISHTIT P\u00cbR GJITH\u00cb BOT\u00cbN<\/strong><\/span><\/p>\n<p style=\"text-align: justify;\"><span style=\"color: #000000; font-family: helvetica; font-size: 12pt;\">&nbsp;&nbsp;&nbsp; Fjala e Per\u00ebndis\u00eb v\u00eb n\u00eb v\u00ebshtir\u00ebsi ne vet\u00eb dhe kultur\u00ebn evropiane: nuk duhet t\u00eb jetojn\u00eb m\u00eb vet\u00ebm p\u00ebr vetveten, por p\u00ebr At\u00eb q\u00eb vdiq p\u00ebr ta dhe u ringjall. T\u00eb krishter\u00ebt duhet t\u00eb \u00e7lirohen nga frika dhe koprac\u00ebria e pangopshme q\u00eb na shtyn t\u00eb jetojm\u00eb vet\u00ebm p\u00ebr veten, t\u00eb pafuqish\u00ebm, me paragjykim dhe t\u00eb mbyllur. Nd\u00ebrsa Fjala e Per\u00ebndis\u00eb na fton t\u00eb mos shp\u00ebrdorojm\u00eb pasurin\u00eb e \u00e7muar t\u00eb atyre q\u00eb n\u00eb 60 vitet e fundit kan\u00eb punuar p\u00ebr paqen dhe unitetin n\u00eb Evrop\u00eb. Paqja \u00ebsht\u00eb nj\u00eb dhurat\u00eb e jasht\u00ebzakonshme dhe e vyer. Shum\u00eb vende aspirojn\u00eb p\u00ebr paqe. Popuj t\u00eb t\u00ebr\u00eb presin q\u00eb t\u00eb \u00e7lirohen nga dhuna dhe terrori. Impenjohemi me urgjenc\u00eb p\u00ebr t\u00eb rinovuar p\u00ebrpjekjet tona p\u00ebr k\u00ebto objektiva. Refuzojm\u00eb luft\u00ebn si mjet p\u00ebr zgjidhjen e konflikteve, dhe p\u00ebr zgjidhjen e tyre promovojm\u00eb mjetet jo t\u00eb dhunshme, dhe shprehim shqet\u00ebsimin ton\u00eb p\u00ebr gar\u00ebn e riarmatimit. Dhuna dhe terrorizmi n\u00eb em\u00ebr t\u00eb besimit jan\u00eb nj\u00eb mohim i fes\u00eb.<\/span><\/p>\n<p style=\"text-align: justify;\"><span style=\"color: #000000; font-family: helvetica; font-size: 12pt;\">&nbsp;&nbsp;&nbsp; Drita e Krishtit shk\u00eblqen mbi termin \u201cdrejt\u00ebsi\u201d, duke e lidhur me m\u00ebshir\u00ebn hyjnore. E ndri\u00e7uar k\u00ebshtu ajo i shp\u00ebton \u00e7do pretendimi t\u00eb dykuptimt\u00eb. N\u00eb gjith\u00eb bot\u00ebn \u2013 edhe n\u00eb Evrop\u00eb \u2013 procesi aktual i globalizimit radikal t\u00eb tregut po thellon ndarjen e shoq\u00ebris\u00eb njer\u00ebzore n\u00eb fitimtar\u00eb dhe t\u00eb humbur, zvog\u00eblon vler\u00ebn e personave t\u00eb panum\u00ebrt, ka implikime katastrofike p\u00ebr mjedisin dhe, n\u00eb m\u00ebnyr\u00eb t\u00eb ve\u00e7ant\u00eb, p\u00ebr ndryshimet klimatike, dhe nuk rezulton i p\u00ebrputhsh\u00ebm me nj\u00eb t\u00eb ardhme t\u00eb mundshme p\u00ebr planetin ton\u00eb.<\/span><\/p>\n<p style=\"text-align: justify;\"><span style=\"font-family: helvetica; font-size: 12pt;\"><span style=\"color: #b22222;\"><strong>&nbsp;&nbsp;&nbsp; Rekomandimi i shtat\u00eb:<\/strong><\/span><span style=\"color: #000000;\">I b\u00ebjm\u00eb thirrje t\u00eb gjith\u00eb t\u00eb krishter\u00ebve evropian\u00eb q\u00eb t\u00eb mb\u00ebshtesin me forc\u00eb <em>Objektivat e Zhvillimit t\u00eb Mij\u00ebvje\u00e7arit<\/em> t\u00eb Kombeve t\u00eb Bashkuara, si vendim praktik dhe urgjent p\u00ebr t\u00eb zbutur varf\u00ebrin\u00eb.<\/span><\/span><\/p>\n<p style=\"text-align: justify;\"><span style=\"font-family: helvetica; font-size: 12pt;\"><span style=\"color: #b22222;\"><strong>&nbsp;&nbsp;&nbsp; Rekomandimi i tet\u00eb:<\/strong><\/span><span style=\"color: #000000;\">Rekomandojm\u00eb q\u00eb, nga ana e CCEE dhe KEK, s\u00eb bashku me Kishat e Evrop\u00ebs dhe Kishat e kontinenteve t\u00eb tjera t\u00eb nis\u00eb nj\u00eb projekt konsultativ q\u00eb t\u00eb p\u00ebrball\u00eb problematikat dhe p\u00ebrgjegj\u00ebsit\u00eb evropiane ndaj drejt\u00ebsis\u00eb ekologjike, p\u00ebrpara k\u00ebrc\u00ebnimit t\u00eb ndryshimeve klimatike; ashtu si dhe ndaj popullit rom dhe minoriteteve t\u00eb tjera evropiane.<\/span><\/span><\/p>\n<p style=\"text-align: justify;\"><span style=\"color: #000000; font-family: helvetica; font-size: 12pt;\">&nbsp;&nbsp;&nbsp; Sot m\u00eb shum\u00eb se kurr\u00eb, njohim faktin se Afrika, nj\u00eb kontinent i nd\u00ebrthurur ngusht\u00eb me historin\u00eb ton\u00eb dhe t\u00eb ardhmen, ka arritur nivele varf\u00ebrie ndaj t\u00eb cilave nuk mund t\u00eb q\u00ebndrojm\u00eb indiferent\u00eb dhe joaktiv\u00eb. Plag\u00ebt e Afrik\u00ebs kan\u00eb prekur zemr\u00ebn e Asambles\u00eb son\u00eb.<\/span><\/p>\n<p style=\"text-align: justify;\"><span style=\"font-family: helvetica; font-size: 12pt;\"><span style=\"color: #b22222;\"><strong>&nbsp;&nbsp;&nbsp; Rekomandimi i n\u00ebnt\u00eb:<\/strong><\/span><span style=\"color: #000000;\">Rekomandojm\u00eb q\u00eb t\u00eb mb\u00ebshtetin nisma p\u00ebr t\u00eb eliminuar borxhin dhe p\u00ebr t\u00eb promovuar nj\u00eb tregti t\u00eb barabart\u00eb dhe solidare.<\/span><\/span><\/p>\n<p style=\"text-align: justify;\"><span style=\"color: #000000; font-family: helvetica; font-size: 12pt;\">&nbsp;&nbsp;&nbsp; P\u00ebrmes nj\u00eb dialogu t\u00eb sinqert\u00eb dhe objektiv, kontribuojm\u00eb dhe promovojm\u00eb krijimin e nj\u00eb Evrope t\u00eb rinovuar, parimet e pandryshuara t\u00eb s\u00eb cil\u00ebs dhe vlerat e moralit t\u00eb krishter\u00eb, t\u00eb marra drejtp\u00ebrdrejt nga Ungjilli, ngrihen si d\u00ebshmi dhe na shtyjn\u00eb p\u00ebr nj\u00eb impenjim aktiv n\u00eb shoq\u00ebrin\u00eb evropiane. Detyra jon\u00eb konsiston n\u00eb promovimin e k\u00ebtyre principeve dhe vlerave jo vet\u00ebm n\u00eb jet\u00ebn private, por edhe n\u00eb sfer\u00ebn publike. Duam t\u00eb bashk\u00ebpunojm\u00eb me personat e besimeve t\u00eb tjera dhe t\u00eb ndajm\u00eb me ta shqet\u00ebsimin p\u00ebr t\u00eb krijuar nj\u00eb Evrop\u00eb vlerash, q\u00eb t\u00eb prosperoj\u00eb edhe politikisht, dhe ekonomikisht.<\/span><\/p>\n<p style=\"text-align: justify;\"><span style=\"color: #000000; font-family: helvetica; font-size: 12pt;\">&nbsp;&nbsp;&nbsp; T\u00eb shqet\u00ebsuar p\u00ebr krijes\u00ebn e Per\u00ebndis\u00eb, lutemi p\u00ebr nj\u00eb ndjeshm\u00ebri m\u00eb t\u00eb madhe ndaj diversitetit t\u00eb saj t\u00eb mrekulluesh\u00ebm. Punojm\u00eb p\u00ebr t\u00eb t\u2019iu kund\u00ebrv\u00ebn\u00eb shfryt\u00ebzimit t\u00eb turpsh\u00ebm, p\u00ebr shkak t\u00eb t\u00eb cilit gjith\u00eb krijimi r\u00ebnkon duke pritur ringritjen (Romak\u00ebve 8: 22-23) dhe impenjohemi q\u00eb t\u00eb punojm\u00eb p\u00ebr ripajtimin midis njeriut dhe natyr\u00ebs.<\/span><\/p>\n<p style=\"text-align: justify;\"><span style=\"font-family: helvetica; font-size: 12pt;\"><span style=\"color: #b22222;\"><strong>&nbsp;&nbsp;&nbsp; Rekomandimi i dhjet\u00eb:<\/strong><\/span><span style=\"color: #000000;\">Rekomandojm\u00eb q\u00eb periudha nga 1shtatori deri m\u00eb 4 tetor t\u2019i kushtohet lutjes p\u00ebr mbrojtjen e krijimit dhe promovimit t\u00eb stileve t\u00eb jet\u00ebs t\u00eb p\u00ebrshtatsh\u00ebm, p\u00ebr t\u00eb kontribuar n\u00eb ndryshimin e prirjes p\u00ebr ndryshime klimatike.<\/span><\/span><\/p>\n<p style=\"text-align: justify;\"><span style=\"color: #000000; font-family: helvetica; font-size: 12pt;\">&nbsp;&nbsp;&nbsp; Duke u b\u00ebr\u00eb homazh gjith\u00eb atyre q\u00eb kan\u00eb kontribuar n\u00eb k\u00ebt\u00eb rrug\u00eb, n\u00eb ve\u00e7anti t\u00eb rinjve t\u00eb <em>Young Oikumene<\/em>, q\u00eb i nxit\u00ebn pjes\u00ebmarr\u00ebsit e Asambles\u00eb p\u00ebr t\u00eb qen\u00eb kurajoz\u00eb n\u00eb jetimin e Ungjillit, bashkohemi n\u00eb lutje:<\/span><\/p>\n<p style=\"text-align: justify;\"><span style=\"color: #000000; font-family: helvetica; font-size: 12pt;\">&nbsp;&nbsp;&nbsp; O Krisht, Drita e v\u00ebrtet\u00eb, q\u00eb ndri\u00e7on dhe shenjt\u00ebron \u00e7do qenie njer\u00ebzore q\u00eb vjen n\u00eb k\u00ebt\u00eb bot\u00eb, b\u00ebj q\u00eb t\u00eb shk\u00eblqej\u00eb mbi ne drita e pranis\u00eb sate, q\u00eb p\u00ebrmes saj t\u00eb mund t\u00eb sodisim drit\u00ebn e paafrueshme dhe drejto shtigjet tona p\u00ebr t\u00eb v\u00ebn\u00eb n\u00eb jet\u00eb urdh\u00ebresat e tua. Na jep shp\u00ebtimin dhe na drejto n\u00eb Mbret\u00ebrin\u00eb T\u00ebnde t\u00eb p\u00ebrjetshme, sepse Ti je Krijuesi yn\u00eb dhe Dh\u00ebn\u00ebsi i gjith\u00e7kaje q\u00eb \u00ebsht\u00eb e mir\u00eb. Shpresa jon\u00eb mbetet tek Ty dhe Ty t\u00eb thurim lavde, tani e p\u00ebrher\u00eb. Amin!<\/span><\/p>\n<p style=\"text-align: justify;\"><span style=\"font-family: helvetica; font-size: 12pt;\"><\/span><\/p>\n","protected":false},"excerpt":{"rendered":"<p>&nbsp;&nbsp;&nbsp; \u201cDrita e Krishtit iu ndritt\u00eb t\u00eb gjith\u00ebve\u201d, mblodhi n\u00eb Sibiu t\u00eb Rumanis\u00eb, nga 4-9 shtator 2007, t\u00eb krishter\u00eb nga e gjith\u00eb Evropa. Kisha Orthodhokse Autoqefale e Shqip\u00ebris\u00eb u p\u00ebrfaq\u00ebsua me nj\u00eb delegacion prej 7 personash klerik\u00eb e laik\u00eb, i kryesuar nga Kryepiskopi Anastas, n\u00eb p\u00ebrb\u00ebrje t\u00eb t\u00eb cilit ishte edhe episkopi i Kruj\u00ebs, Andoni. Gjithashtu mori pjes\u00eb edhe nj\u00eb p\u00ebrfaq\u00ebsi e Konferenc\u00ebs Ipeshkvnore Romanokatolike<\/p>\n","protected":false},"author":1,"featured_media":0,"comment_status":"open","ping_status":"open","sticky":false,"template":"","format":"standard","meta":{"_acf_changed":false,"pagelayer_contact_templates":[],"_pagelayer_content":"","inline_featured_image":false,"fifu_image_url":"","fifu_image_alt":"","footnotes":""},"categories":[108],"tags":[147,153,196,201,212],"class_list":["post-153","post","type-post","status-publish","format-standard","hentry","category-lajme","tag-147","tag-deklarata-njoftime-zyrtare-d75","tag-tirane","tag-kryepiskopi-anastas","tag-lajme-d27"],"acf":[],"yoast_head":"<!-- This site is optimized with the Yoast SEO plugin v27.2 - https:\/\/yoast.com\/product\/yoast-seo-wordpress\/ -->\n<title>Asambleja e Tret\u00eb Ekumenike Evropiane 4-9 shtator 2007, Sibiu, Rumani \u201cDrita e Krishtit iu ndrit\u00eb t\u00eb gjith\u00ebve!\u201d Shpres\u00eb p\u00ebr rilindje dhe bashkim n\u00eb Evrop\u00eb. (Shtator 2007) - Kisha Orthodh\u03bfkse Autoqefale e Shqip\u00ebris\u00eb<\/title>\n<meta name=\"robots\" content=\"index, follow, max-snippet:-1, max-image-preview:large, max-video-preview:-1\" \/>\n<link rel=\"canonical\" href=\"https:\/\/orthodoxalbania.org\/2020\/2007\/02\/26\/asambleja-e-trete-ekumenike-evropiane-4-9-shtator-2007-sibiu-rumani-drita-e-krishtit-iu-ndritte-te-gjitheve-shprese-per-rilindje-dhe-bashkim-ne-evrope-shtator-2007\/\" \/>\n<meta property=\"og:locale\" content=\"en_US\" \/>\n<meta property=\"og:type\" content=\"article\" \/>\n<meta property=\"og:title\" content=\"Asambleja e Tret\u00eb Ekumenike Evropiane 4-9 shtator 2007, Sibiu, Rumani \u201cDrita e Krishtit iu ndrit\u00eb t\u00eb gjith\u00ebve!\u201d Shpres\u00eb p\u00ebr rilindje dhe bashkim n\u00eb Evrop\u00eb. (Shtator 2007) - Kisha Orthodh\u03bfkse Autoqefale e Shqip\u00ebris\u00eb\" \/>\n<meta property=\"og:description\" content=\"&nbsp;&nbsp;&nbsp; \u201cDrita e Krishtit iu ndritt\u00eb t\u00eb gjith\u00ebve\u201d, mblodhi n\u00eb Sibiu t\u00eb Rumanis\u00eb, nga 4-9 shtator 2007, t\u00eb krishter\u00eb nga e gjith\u00eb Evropa. Kisha Orthodhokse Autoqefale e Shqip\u00ebris\u00eb u p\u00ebrfaq\u00ebsua me nj\u00eb delegacion prej 7 personash klerik\u00eb e laik\u00eb, i kryesuar nga Kryepiskopi Anastas, n\u00eb p\u00ebrb\u00ebrje t\u00eb t\u00eb cilit ishte edhe episkopi i Kruj\u00ebs, Andoni. Gjithashtu mori pjes\u00eb edhe nj\u00eb p\u00ebrfaq\u00ebsi e Konferenc\u00ebs Ipeshkvnore Romanokatolike\" \/>\n<meta property=\"og:url\" content=\"https:\/\/orthodoxalbania.org\/2020\/2007\/02\/26\/asambleja-e-trete-ekumenike-evropiane-4-9-shtator-2007-sibiu-rumani-drita-e-krishtit-iu-ndritte-te-gjitheve-shprese-per-rilindje-dhe-bashkim-ne-evrope-shtator-2007\/\" \/>\n<meta property=\"og:site_name\" content=\"Kisha Orthodh\u03bfkse Autoqefale e Shqip\u00ebris\u00eb\" \/>\n<meta property=\"article:publisher\" content=\"https:\/\/www.facebook.com\/koash1991\" \/>\n<meta property=\"article:published_time\" content=\"2007-02-26T00:00:00+00:00\" \/>\n<meta property=\"article:modified_time\" content=\"2020-04-06T20:35:38+00:00\" \/>\n<meta property=\"og:image\" content=\"https:\/\/lh4.googleusercontent.com\/-wJgma6lYPaw\/VIqy9WKtqzI\/AAAAAAAAG08\/flV6Rth3u24\/w600-h167-no\/1mbititull.jpg\" \/>\n<meta name=\"author\" content=\"Kisha Orthodhokse\" \/>\n<meta name=\"twitter:card\" content=\"summary_large_image\" \/>\n<meta name=\"twitter:label1\" content=\"Written by\" \/>\n\t<meta name=\"twitter:data1\" content=\"Kisha Orthodhokse\" \/>\n\t<meta name=\"twitter:label2\" content=\"Est. reading time\" \/>\n\t<meta name=\"twitter:data2\" content=\"20 minutes\" \/>\n<script type=\"application\/ld+json\" class=\"yoast-schema-graph\">{\"@context\":\"https:\/\/schema.org\",\"@graph\":[{\"@type\":\"Article\",\"@id\":\"https:\/\/orthodoxalbania.org\/2020\/2007\/02\/26\/asambleja-e-trete-ekumenike-evropiane-4-9-shtator-2007-sibiu-rumani-drita-e-krishtit-iu-ndritte-te-gjitheve-shprese-per-rilindje-dhe-bashkim-ne-evrope-shtator-2007\/#article\",\"isPartOf\":{\"@id\":\"https:\/\/orthodoxalbania.org\/2020\/2007\/02\/26\/asambleja-e-trete-ekumenike-evropiane-4-9-shtator-2007-sibiu-rumani-drita-e-krishtit-iu-ndritte-te-gjitheve-shprese-per-rilindje-dhe-bashkim-ne-evrope-shtator-2007\/\"},\"author\":{\"name\":\"Kisha Orthodhokse\",\"@id\":\"https:\/\/orthodoxalbania.org\/2020\/#\/schema\/person\/0c387634a7063ac612d7ed9ce71c7e86\"},\"headline\":\"Asambleja e Tret\u00eb Ekumenike Evropiane 4-9 shtator 2007, Sibiu, Rumani \u201cDrita e Krishtit iu ndrit\u00eb t\u00eb gjith\u00ebve!\u201d Shpres\u00eb p\u00ebr rilindje dhe bashkim n\u00eb Evrop\u00eb. (Shtator 2007)\",\"datePublished\":\"2007-02-26T00:00:00+00:00\",\"dateModified\":\"2020-04-06T20:35:38+00:00\",\"mainEntityOfPage\":{\"@id\":\"https:\/\/orthodoxalbania.org\/2020\/2007\/02\/26\/asambleja-e-trete-ekumenike-evropiane-4-9-shtator-2007-sibiu-rumani-drita-e-krishtit-iu-ndritte-te-gjitheve-shprese-per-rilindje-dhe-bashkim-ne-evrope-shtator-2007\/\"},\"wordCount\":4096,\"commentCount\":0,\"publisher\":{\"@id\":\"https:\/\/orthodoxalbania.org\/2020\/#organization\"},\"image\":{\"@id\":\"https:\/\/orthodoxalbania.org\/2020\/2007\/02\/26\/asambleja-e-trete-ekumenike-evropiane-4-9-shtator-2007-sibiu-rumani-drita-e-krishtit-iu-ndritte-te-gjitheve-shprese-per-rilindje-dhe-bashkim-ne-evrope-shtator-2007\/#primaryimage\"},\"thumbnailUrl\":\"https:\/\/lh4.googleusercontent.com\/-wJgma6lYPaw\/VIqy9WKtqzI\/AAAAAAAAG08\/flV6Rth3u24\/w600-h167-no\/1mbititull.jpg\",\"keywords\":[\"2007\",\"Deklarata - Njoftime Zyrtare\",\"Kryepiskopata Tiran\u00eb\",\"Kryepiskopi Anastas\",\"lajme\"],\"articleSection\":[\"Lajme\"],\"inLanguage\":\"en-US\"},{\"@type\":\"WebPage\",\"@id\":\"https:\/\/orthodoxalbania.org\/2020\/2007\/02\/26\/asambleja-e-trete-ekumenike-evropiane-4-9-shtator-2007-sibiu-rumani-drita-e-krishtit-iu-ndritte-te-gjitheve-shprese-per-rilindje-dhe-bashkim-ne-evrope-shtator-2007\/\",\"url\":\"https:\/\/orthodoxalbania.org\/2020\/2007\/02\/26\/asambleja-e-trete-ekumenike-evropiane-4-9-shtator-2007-sibiu-rumani-drita-e-krishtit-iu-ndritte-te-gjitheve-shprese-per-rilindje-dhe-bashkim-ne-evrope-shtator-2007\/\",\"name\":\"Asambleja e Tret\u00eb Ekumenike Evropiane 4-9 shtator 2007, Sibiu, Rumani \u201cDrita e Krishtit iu ndrit\u00eb t\u00eb gjith\u00ebve!\u201d Shpres\u00eb p\u00ebr rilindje dhe bashkim n\u00eb Evrop\u00eb. (Shtator 2007) - Kisha Orthodh\u03bfkse Autoqefale e Shqip\u00ebris\u00eb\",\"isPartOf\":{\"@id\":\"https:\/\/orthodoxalbania.org\/2020\/#website\"},\"primaryImageOfPage\":{\"@id\":\"https:\/\/orthodoxalbania.org\/2020\/2007\/02\/26\/asambleja-e-trete-ekumenike-evropiane-4-9-shtator-2007-sibiu-rumani-drita-e-krishtit-iu-ndritte-te-gjitheve-shprese-per-rilindje-dhe-bashkim-ne-evrope-shtator-2007\/#primaryimage\"},\"image\":{\"@id\":\"https:\/\/orthodoxalbania.org\/2020\/2007\/02\/26\/asambleja-e-trete-ekumenike-evropiane-4-9-shtator-2007-sibiu-rumani-drita-e-krishtit-iu-ndritte-te-gjitheve-shprese-per-rilindje-dhe-bashkim-ne-evrope-shtator-2007\/#primaryimage\"},\"thumbnailUrl\":\"https:\/\/lh4.googleusercontent.com\/-wJgma6lYPaw\/VIqy9WKtqzI\/AAAAAAAAG08\/flV6Rth3u24\/w600-h167-no\/1mbititull.jpg\",\"datePublished\":\"2007-02-26T00:00:00+00:00\",\"dateModified\":\"2020-04-06T20:35:38+00:00\",\"breadcrumb\":{\"@id\":\"https:\/\/orthodoxalbania.org\/2020\/2007\/02\/26\/asambleja-e-trete-ekumenike-evropiane-4-9-shtator-2007-sibiu-rumani-drita-e-krishtit-iu-ndritte-te-gjitheve-shprese-per-rilindje-dhe-bashkim-ne-evrope-shtator-2007\/#breadcrumb\"},\"inLanguage\":\"en-US\",\"potentialAction\":[{\"@type\":\"ReadAction\",\"target\":[\"https:\/\/orthodoxalbania.org\/2020\/2007\/02\/26\/asambleja-e-trete-ekumenike-evropiane-4-9-shtator-2007-sibiu-rumani-drita-e-krishtit-iu-ndritte-te-gjitheve-shprese-per-rilindje-dhe-bashkim-ne-evrope-shtator-2007\/\"]}]},{\"@type\":\"ImageObject\",\"inLanguage\":\"en-US\",\"@id\":\"https:\/\/orthodoxalbania.org\/2020\/2007\/02\/26\/asambleja-e-trete-ekumenike-evropiane-4-9-shtator-2007-sibiu-rumani-drita-e-krishtit-iu-ndritte-te-gjitheve-shprese-per-rilindje-dhe-bashkim-ne-evrope-shtator-2007\/#primaryimage\",\"url\":\"https:\/\/lh4.googleusercontent.com\/-wJgma6lYPaw\/VIqy9WKtqzI\/AAAAAAAAG08\/flV6Rth3u24\/w600-h167-no\/1mbititull.jpg\",\"contentUrl\":\"https:\/\/lh4.googleusercontent.com\/-wJgma6lYPaw\/VIqy9WKtqzI\/AAAAAAAAG08\/flV6Rth3u24\/w600-h167-no\/1mbititull.jpg\"},{\"@type\":\"BreadcrumbList\",\"@id\":\"https:\/\/orthodoxalbania.org\/2020\/2007\/02\/26\/asambleja-e-trete-ekumenike-evropiane-4-9-shtator-2007-sibiu-rumani-drita-e-krishtit-iu-ndritte-te-gjitheve-shprese-per-rilindje-dhe-bashkim-ne-evrope-shtator-2007\/#breadcrumb\",\"itemListElement\":[{\"@type\":\"ListItem\",\"position\":1,\"name\":\"Home\",\"item\":\"https:\/\/orthodoxalbania.org\/2020\/\"},{\"@type\":\"ListItem\",\"position\":2,\"name\":\"Asambleja e Tret\u00eb Ekumenike Evropiane 4-9 shtator 2007, Sibiu, Rumani \u201cDrita e Krishtit iu ndrit\u00eb t\u00eb gjith\u00ebve!\u201d Shpres\u00eb p\u00ebr rilindje dhe bashkim n\u00eb Evrop\u00eb. (Shtator 2007)\"}]},{\"@type\":\"WebSite\",\"@id\":\"https:\/\/orthodoxalbania.org\/2020\/#website\",\"url\":\"https:\/\/orthodoxalbania.org\/2020\/\",\"name\":\"Kisha Orthodh\u03bfkse Autoqefale e Shqip\u00ebris\u00eb\",\"description\":\"Fqja Zyrtare e Kish\u00ebs Orthodhokse Autoqefale e Shqip\u00ebris\u00eb me lajmet edhe informacionet zyrtare p\u00ebr struktur\u00ebn edhe veprimtarin e saj.\",\"publisher\":{\"@id\":\"https:\/\/orthodoxalbania.org\/2020\/#organization\"},\"potentialAction\":[{\"@type\":\"SearchAction\",\"target\":{\"@type\":\"EntryPoint\",\"urlTemplate\":\"https:\/\/orthodoxalbania.org\/2020\/?s={search_term_string}\"},\"query-input\":{\"@type\":\"PropertyValueSpecification\",\"valueRequired\":true,\"valueName\":\"search_term_string\"}}],\"inLanguage\":\"en-US\"},{\"@type\":\"Organization\",\"@id\":\"https:\/\/orthodoxalbania.org\/2020\/#organization\",\"name\":\"Kisha Orthodhokse Autoqefale e Shqip\u00ebris\u00eb\",\"url\":\"https:\/\/orthodoxalbania.org\/2020\/\",\"logo\":{\"@type\":\"ImageObject\",\"inLanguage\":\"en-US\",\"@id\":\"https:\/\/orthodoxalbania.org\/2020\/#\/schema\/logo\/image\/\",\"url\":\"https:\/\/orthodoxalbania.org\/2020\/wp-content\/uploads\/2020\/05\/albania.jpeg\",\"contentUrl\":\"https:\/\/orthodoxalbania.org\/2020\/wp-content\/uploads\/2020\/05\/albania.jpeg\",\"width\":540,\"height\":540,\"caption\":\"Kisha Orthodhokse Autoqefale e Shqip\u00ebris\u00eb\"},\"image\":{\"@id\":\"https:\/\/orthodoxalbania.org\/2020\/#\/schema\/logo\/image\/\"},\"sameAs\":[\"https:\/\/www.facebook.com\/koash1991\"]},{\"@type\":\"Person\",\"@id\":\"https:\/\/orthodoxalbania.org\/2020\/#\/schema\/person\/0c387634a7063ac612d7ed9ce71c7e86\",\"name\":\"Kisha Orthodhokse\",\"image\":{\"@type\":\"ImageObject\",\"inLanguage\":\"en-US\",\"@id\":\"https:\/\/secure.gravatar.com\/avatar\/596e7c417251e30f2fbb9c00e026fce61a695a00e51c889caded71c96cbbdde5?s=96&d=mm&r=g\",\"url\":\"https:\/\/secure.gravatar.com\/avatar\/596e7c417251e30f2fbb9c00e026fce61a695a00e51c889caded71c96cbbdde5?s=96&d=mm&r=g\",\"contentUrl\":\"https:\/\/secure.gravatar.com\/avatar\/596e7c417251e30f2fbb9c00e026fce61a695a00e51c889caded71c96cbbdde5?s=96&d=mm&r=g\",\"caption\":\"Kisha Orthodhokse\"}}]}<\/script>\n<!-- \/ Yoast SEO plugin. -->","yoast_head_json":{"title":"Asambleja e Tret\u00eb Ekumenike Evropiane 4-9 shtator 2007, Sibiu, Rumani \u201cDrita e Krishtit iu ndrit\u00eb t\u00eb gjith\u00ebve!\u201d Shpres\u00eb p\u00ebr rilindje dhe bashkim n\u00eb Evrop\u00eb. (Shtator 2007) - Kisha Orthodh\u03bfkse Autoqefale e Shqip\u00ebris\u00eb","robots":{"index":"index","follow":"follow","max-snippet":"max-snippet:-1","max-image-preview":"max-image-preview:large","max-video-preview":"max-video-preview:-1"},"canonical":"https:\/\/orthodoxalbania.org\/2020\/2007\/02\/26\/asambleja-e-trete-ekumenike-evropiane-4-9-shtator-2007-sibiu-rumani-drita-e-krishtit-iu-ndritte-te-gjitheve-shprese-per-rilindje-dhe-bashkim-ne-evrope-shtator-2007\/","og_locale":"en_US","og_type":"article","og_title":"Asambleja e Tret\u00eb Ekumenike Evropiane 4-9 shtator 2007, Sibiu, Rumani \u201cDrita e Krishtit iu ndrit\u00eb t\u00eb gjith\u00ebve!\u201d Shpres\u00eb p\u00ebr rilindje dhe bashkim n\u00eb Evrop\u00eb. (Shtator 2007) - Kisha Orthodh\u03bfkse Autoqefale e Shqip\u00ebris\u00eb","og_description":"&nbsp;&nbsp;&nbsp; \u201cDrita e Krishtit iu ndritt\u00eb t\u00eb gjith\u00ebve\u201d, mblodhi n\u00eb Sibiu t\u00eb Rumanis\u00eb, nga 4-9 shtator 2007, t\u00eb krishter\u00eb nga e gjith\u00eb Evropa. Kisha Orthodhokse Autoqefale e Shqip\u00ebris\u00eb u p\u00ebrfaq\u00ebsua me nj\u00eb delegacion prej 7 personash klerik\u00eb e laik\u00eb, i kryesuar nga Kryepiskopi Anastas, n\u00eb p\u00ebrb\u00ebrje t\u00eb t\u00eb cilit ishte edhe episkopi i Kruj\u00ebs, Andoni. Gjithashtu mori pjes\u00eb edhe nj\u00eb p\u00ebrfaq\u00ebsi e Konferenc\u00ebs Ipeshkvnore Romanokatolike","og_url":"https:\/\/orthodoxalbania.org\/2020\/2007\/02\/26\/asambleja-e-trete-ekumenike-evropiane-4-9-shtator-2007-sibiu-rumani-drita-e-krishtit-iu-ndritte-te-gjitheve-shprese-per-rilindje-dhe-bashkim-ne-evrope-shtator-2007\/","og_site_name":"Kisha Orthodh\u03bfkse Autoqefale e Shqip\u00ebris\u00eb","article_publisher":"https:\/\/www.facebook.com\/koash1991","article_published_time":"2007-02-26T00:00:00+00:00","article_modified_time":"2020-04-06T20:35:38+00:00","og_image":[{"url":"https:\/\/lh4.googleusercontent.com\/-wJgma6lYPaw\/VIqy9WKtqzI\/AAAAAAAAG08\/flV6Rth3u24\/w600-h167-no\/1mbititull.jpg","type":"","width":"","height":""}],"author":"Kisha Orthodhokse","twitter_card":"summary_large_image","twitter_misc":{"Written by":"Kisha Orthodhokse","Est. reading time":"20 minutes"},"schema":{"@context":"https:\/\/schema.org","@graph":[{"@type":"Article","@id":"https:\/\/orthodoxalbania.org\/2020\/2007\/02\/26\/asambleja-e-trete-ekumenike-evropiane-4-9-shtator-2007-sibiu-rumani-drita-e-krishtit-iu-ndritte-te-gjitheve-shprese-per-rilindje-dhe-bashkim-ne-evrope-shtator-2007\/#article","isPartOf":{"@id":"https:\/\/orthodoxalbania.org\/2020\/2007\/02\/26\/asambleja-e-trete-ekumenike-evropiane-4-9-shtator-2007-sibiu-rumani-drita-e-krishtit-iu-ndritte-te-gjitheve-shprese-per-rilindje-dhe-bashkim-ne-evrope-shtator-2007\/"},"author":{"name":"Kisha Orthodhokse","@id":"https:\/\/orthodoxalbania.org\/2020\/#\/schema\/person\/0c387634a7063ac612d7ed9ce71c7e86"},"headline":"Asambleja e Tret\u00eb Ekumenike Evropiane 4-9 shtator 2007, Sibiu, Rumani \u201cDrita e Krishtit iu ndrit\u00eb t\u00eb gjith\u00ebve!\u201d Shpres\u00eb p\u00ebr rilindje dhe bashkim n\u00eb Evrop\u00eb. (Shtator 2007)","datePublished":"2007-02-26T00:00:00+00:00","dateModified":"2020-04-06T20:35:38+00:00","mainEntityOfPage":{"@id":"https:\/\/orthodoxalbania.org\/2020\/2007\/02\/26\/asambleja-e-trete-ekumenike-evropiane-4-9-shtator-2007-sibiu-rumani-drita-e-krishtit-iu-ndritte-te-gjitheve-shprese-per-rilindje-dhe-bashkim-ne-evrope-shtator-2007\/"},"wordCount":4096,"commentCount":0,"publisher":{"@id":"https:\/\/orthodoxalbania.org\/2020\/#organization"},"image":{"@id":"https:\/\/orthodoxalbania.org\/2020\/2007\/02\/26\/asambleja-e-trete-ekumenike-evropiane-4-9-shtator-2007-sibiu-rumani-drita-e-krishtit-iu-ndritte-te-gjitheve-shprese-per-rilindje-dhe-bashkim-ne-evrope-shtator-2007\/#primaryimage"},"thumbnailUrl":"https:\/\/lh4.googleusercontent.com\/-wJgma6lYPaw\/VIqy9WKtqzI\/AAAAAAAAG08\/flV6Rth3u24\/w600-h167-no\/1mbititull.jpg","keywords":["2007","Deklarata - Njoftime Zyrtare","Kryepiskopata Tiran\u00eb","Kryepiskopi Anastas","lajme"],"articleSection":["Lajme"],"inLanguage":"en-US"},{"@type":"WebPage","@id":"https:\/\/orthodoxalbania.org\/2020\/2007\/02\/26\/asambleja-e-trete-ekumenike-evropiane-4-9-shtator-2007-sibiu-rumani-drita-e-krishtit-iu-ndritte-te-gjitheve-shprese-per-rilindje-dhe-bashkim-ne-evrope-shtator-2007\/","url":"https:\/\/orthodoxalbania.org\/2020\/2007\/02\/26\/asambleja-e-trete-ekumenike-evropiane-4-9-shtator-2007-sibiu-rumani-drita-e-krishtit-iu-ndritte-te-gjitheve-shprese-per-rilindje-dhe-bashkim-ne-evrope-shtator-2007\/","name":"Asambleja e Tret\u00eb Ekumenike Evropiane 4-9 shtator 2007, Sibiu, Rumani \u201cDrita e Krishtit iu ndrit\u00eb t\u00eb gjith\u00ebve!\u201d Shpres\u00eb p\u00ebr rilindje dhe bashkim n\u00eb Evrop\u00eb. (Shtator 2007) - Kisha Orthodh\u03bfkse Autoqefale e Shqip\u00ebris\u00eb","isPartOf":{"@id":"https:\/\/orthodoxalbania.org\/2020\/#website"},"primaryImageOfPage":{"@id":"https:\/\/orthodoxalbania.org\/2020\/2007\/02\/26\/asambleja-e-trete-ekumenike-evropiane-4-9-shtator-2007-sibiu-rumani-drita-e-krishtit-iu-ndritte-te-gjitheve-shprese-per-rilindje-dhe-bashkim-ne-evrope-shtator-2007\/#primaryimage"},"image":{"@id":"https:\/\/orthodoxalbania.org\/2020\/2007\/02\/26\/asambleja-e-trete-ekumenike-evropiane-4-9-shtator-2007-sibiu-rumani-drita-e-krishtit-iu-ndritte-te-gjitheve-shprese-per-rilindje-dhe-bashkim-ne-evrope-shtator-2007\/#primaryimage"},"thumbnailUrl":"https:\/\/lh4.googleusercontent.com\/-wJgma6lYPaw\/VIqy9WKtqzI\/AAAAAAAAG08\/flV6Rth3u24\/w600-h167-no\/1mbititull.jpg","datePublished":"2007-02-26T00:00:00+00:00","dateModified":"2020-04-06T20:35:38+00:00","breadcrumb":{"@id":"https:\/\/orthodoxalbania.org\/2020\/2007\/02\/26\/asambleja-e-trete-ekumenike-evropiane-4-9-shtator-2007-sibiu-rumani-drita-e-krishtit-iu-ndritte-te-gjitheve-shprese-per-rilindje-dhe-bashkim-ne-evrope-shtator-2007\/#breadcrumb"},"inLanguage":"en-US","potentialAction":[{"@type":"ReadAction","target":["https:\/\/orthodoxalbania.org\/2020\/2007\/02\/26\/asambleja-e-trete-ekumenike-evropiane-4-9-shtator-2007-sibiu-rumani-drita-e-krishtit-iu-ndritte-te-gjitheve-shprese-per-rilindje-dhe-bashkim-ne-evrope-shtator-2007\/"]}]},{"@type":"ImageObject","inLanguage":"en-US","@id":"https:\/\/orthodoxalbania.org\/2020\/2007\/02\/26\/asambleja-e-trete-ekumenike-evropiane-4-9-shtator-2007-sibiu-rumani-drita-e-krishtit-iu-ndritte-te-gjitheve-shprese-per-rilindje-dhe-bashkim-ne-evrope-shtator-2007\/#primaryimage","url":"https:\/\/lh4.googleusercontent.com\/-wJgma6lYPaw\/VIqy9WKtqzI\/AAAAAAAAG08\/flV6Rth3u24\/w600-h167-no\/1mbititull.jpg","contentUrl":"https:\/\/lh4.googleusercontent.com\/-wJgma6lYPaw\/VIqy9WKtqzI\/AAAAAAAAG08\/flV6Rth3u24\/w600-h167-no\/1mbititull.jpg"},{"@type":"BreadcrumbList","@id":"https:\/\/orthodoxalbania.org\/2020\/2007\/02\/26\/asambleja-e-trete-ekumenike-evropiane-4-9-shtator-2007-sibiu-rumani-drita-e-krishtit-iu-ndritte-te-gjitheve-shprese-per-rilindje-dhe-bashkim-ne-evrope-shtator-2007\/#breadcrumb","itemListElement":[{"@type":"ListItem","position":1,"name":"Home","item":"https:\/\/orthodoxalbania.org\/2020\/"},{"@type":"ListItem","position":2,"name":"Asambleja e Tret\u00eb Ekumenike Evropiane 4-9 shtator 2007, Sibiu, Rumani \u201cDrita e Krishtit iu ndrit\u00eb t\u00eb gjith\u00ebve!\u201d Shpres\u00eb p\u00ebr rilindje dhe bashkim n\u00eb Evrop\u00eb. (Shtator 2007)"}]},{"@type":"WebSite","@id":"https:\/\/orthodoxalbania.org\/2020\/#website","url":"https:\/\/orthodoxalbania.org\/2020\/","name":"Kisha Orthodh\u03bfkse Autoqefale e Shqip\u00ebris\u00eb","description":"Fqja Zyrtare e Kish\u00ebs Orthodhokse Autoqefale e Shqip\u00ebris\u00eb me lajmet edhe informacionet zyrtare p\u00ebr struktur\u00ebn edhe veprimtarin e saj.","publisher":{"@id":"https:\/\/orthodoxalbania.org\/2020\/#organization"},"potentialAction":[{"@type":"SearchAction","target":{"@type":"EntryPoint","urlTemplate":"https:\/\/orthodoxalbania.org\/2020\/?s={search_term_string}"},"query-input":{"@type":"PropertyValueSpecification","valueRequired":true,"valueName":"search_term_string"}}],"inLanguage":"en-US"},{"@type":"Organization","@id":"https:\/\/orthodoxalbania.org\/2020\/#organization","name":"Kisha Orthodhokse Autoqefale e Shqip\u00ebris\u00eb","url":"https:\/\/orthodoxalbania.org\/2020\/","logo":{"@type":"ImageObject","inLanguage":"en-US","@id":"https:\/\/orthodoxalbania.org\/2020\/#\/schema\/logo\/image\/","url":"https:\/\/orthodoxalbania.org\/2020\/wp-content\/uploads\/2020\/05\/albania.jpeg","contentUrl":"https:\/\/orthodoxalbania.org\/2020\/wp-content\/uploads\/2020\/05\/albania.jpeg","width":540,"height":540,"caption":"Kisha Orthodhokse Autoqefale e Shqip\u00ebris\u00eb"},"image":{"@id":"https:\/\/orthodoxalbania.org\/2020\/#\/schema\/logo\/image\/"},"sameAs":["https:\/\/www.facebook.com\/koash1991"]},{"@type":"Person","@id":"https:\/\/orthodoxalbania.org\/2020\/#\/schema\/person\/0c387634a7063ac612d7ed9ce71c7e86","name":"Kisha Orthodhokse","image":{"@type":"ImageObject","inLanguage":"en-US","@id":"https:\/\/secure.gravatar.com\/avatar\/596e7c417251e30f2fbb9c00e026fce61a695a00e51c889caded71c96cbbdde5?s=96&d=mm&r=g","url":"https:\/\/secure.gravatar.com\/avatar\/596e7c417251e30f2fbb9c00e026fce61a695a00e51c889caded71c96cbbdde5?s=96&d=mm&r=g","contentUrl":"https:\/\/secure.gravatar.com\/avatar\/596e7c417251e30f2fbb9c00e026fce61a695a00e51c889caded71c96cbbdde5?s=96&d=mm&r=g","caption":"Kisha Orthodhokse"}}]}},"_links":{"self":[{"href":"https:\/\/orthodoxalbania.org\/2020\/wp-json\/wp\/v2\/posts\/153","targetHints":{"allow":["GET"]}}],"collection":[{"href":"https:\/\/orthodoxalbania.org\/2020\/wp-json\/wp\/v2\/posts"}],"about":[{"href":"https:\/\/orthodoxalbania.org\/2020\/wp-json\/wp\/v2\/types\/post"}],"author":[{"embeddable":true,"href":"https:\/\/orthodoxalbania.org\/2020\/wp-json\/wp\/v2\/users\/1"}],"replies":[{"embeddable":true,"href":"https:\/\/orthodoxalbania.org\/2020\/wp-json\/wp\/v2\/comments?post=153"}],"version-history":[{"count":1,"href":"https:\/\/orthodoxalbania.org\/2020\/wp-json\/wp\/v2\/posts\/153\/revisions"}],"predecessor-version":[{"id":15730,"href":"https:\/\/orthodoxalbania.org\/2020\/wp-json\/wp\/v2\/posts\/153\/revisions\/15730"}],"wp:attachment":[{"href":"https:\/\/orthodoxalbania.org\/2020\/wp-json\/wp\/v2\/media?parent=153"}],"wp:term":[{"taxonomy":"category","embeddable":true,"href":"https:\/\/orthodoxalbania.org\/2020\/wp-json\/wp\/v2\/categories?post=153"},{"taxonomy":"post_tag","embeddable":true,"href":"https:\/\/orthodoxalbania.org\/2020\/wp-json\/wp\/v2\/tags?post=153"}],"curies":[{"name":"wp","href":"https:\/\/api.w.org\/{rel}","templated":true}]}}