{"id":1528,"date":"2013-03-21T09:51:28","date_gmt":"2013-03-21T09:51:28","guid":{"rendered":""},"modified":"2020-04-06T22:32:03","modified_gmt":"2020-04-06T20:32:03","slug":"viti-arsimor-2010-2011-ne-institucionet-edukuese-te-kishes-sone","status":"publish","type":"post","link":"https:\/\/orthodoxalbania.org\/2020\/2013\/03\/21\/viti-arsimor-2010-2011-ne-institucionet-edukuese-te-kishes-sone\/","title":{"rendered":"Viti arsimor 2010-2011, n\u00eb institucionet edukuese t\u00eb Kish\u00ebs son\u00eb."},"content":{"rendered":"<div style=\"text-align: justify;\">\n\t<span style=\"font-family:tahoma,geneva,sans-serif;\"><span style=\"font-size: 12px;\"><span style=\"color: rgb(0, 0, 0);\"><span class=\"style10\">&nbsp;&nbsp;&nbsp; Viti shkollor 2010-2011 rezultoi me p\u00ebrparime t\u00eb ndjeshme formuese dhe edukuese n\u00eb institucionet arsimore t\u00eb Kish\u00ebs son\u00eb. G\u00ebzimi nuk fshihet nga askush, as nga nx\u00ebn\u00ebsit dhe as nga stafi pedagogjik. P\u00ebrparimi ka qen\u00eb i duksh\u00ebm, sidomos p\u00ebr nx\u00ebn\u00ebsit e klas\u00ebs s\u00eb par\u00eb t\u00eb fillores dhe t\u00eb vitit t\u00eb fundit t\u00eb gjimnazit, t\u00eb cil\u00ebt kan\u00eb dal\u00eb me nota dhe rezultate t\u00eb k\u00ebnaqshme. Megjithat\u00eb drejtuesit jan\u00eb t\u00eb kujdessh\u00ebm. Gjat\u00eb bisedave q\u00eb zhvilluam, ata pretendojn\u00eb se ka ende shum\u00eb pun\u00eb p\u00ebrpara.<\/span><\/span><\/span><\/span><\/div>\n<div style=\"text-align: justify;\">\n\t<br \/>\n\t<span style=\"font-family:tahoma,geneva,sans-serif;\"><span style=\"font-size: 12px;\"><span style=\"color: rgb(0, 0, 0);\"><span class=\"style10\">&nbsp; &nbsp; Shkollat 9-vje\u00e7are dhe t\u00eb mesme s\u00eb bashku me Universitetin e ri dhe shkollat profesionale t\u00eb Kish\u00ebs sh\u00ebrbejn\u00eb si laborator\u00eb t\u00eb ringjalljes shpirt\u00ebrore dhe morale t\u00eb shoq\u00ebris\u00eb son\u00eb dhe p\u00ebrgatitjes cil\u00ebsore n\u00eb profesionet e jet\u00ebs. Organizimi shum\u00eb i mir\u00eb p\u00ebr mbylljen me sukses t\u00eb vitit t\u00eb ri shkollor, me bekimin dhe mund\u00ebsit\u00eb e krijuara nga Fortlumturia e Tij, Kryepiskopi Anastas, tregon vler\u00ebsimin e madh q\u00eb i jepet formimit t\u00eb nj\u00eb brezi t\u00eb ri me dije e kultur\u00eb p\u00ebr t\u00eb ardhmen e Kish\u00ebs dhe vendit.<\/span><\/span><\/span><\/span><\/div>\n<div style=\"text-align: center;\">\n\t<br \/>\n\t<span style=\"color:#b22222;\"><span style=\"font-family: tahoma,geneva,sans-serif;\"><span style=\"font-size: 12px;\"><span class=\"style10\">* * *<\/span><\/span><\/span><\/span><\/div>\n<div style=\"text-align: justify;\">\n\t<br \/>\n\t<span style=\"font-family:tahoma,geneva,sans-serif;\"><span style=\"font-size: 12px;\"><span style=\"color: rgb(0, 0, 0);\"><span class=\"style10\">&nbsp; &nbsp; Nx\u00ebn\u00ebsit e Liceut Kishtar \u201cKryqi i Nderuar\u201d n\u00eb Gjirokast\u00ebr, me p\u00ebrvoj\u00eb disa vje\u00e7are mbyll\u00ebn ciklin e studimeve me arritje t\u00eb spikatura p\u00ebr t\u00eb p\u00ebrgatitur kuadrot e rinj t\u00eb Kish\u00ebs dhe t\u00eb shoq\u00ebris\u00eb. Nx\u00ebn\u00ebsit e vitit t\u00eb fundit i kaluan me sukses \u201cethet\u201d e provimeve t\u00eb Matur\u00ebs Shtet\u00ebrore dhe tani presin tetorin p\u00ebr t\u00eb ndjekur studimet n\u00eb Akademin\u00eb Teologjike \u201cNgjallja e Krishtit\u201d, n\u00eb Sh\u00ebn Vlash t\u00eb Durr\u00ebsit, ose studimet n\u00eb universitetet brenda dhe jasht\u00eb vendit. Vitin e kaluar, t\u00eb gjith\u00eb maturant\u00ebt vazhduan ciklin e lart\u00eb t\u00eb studimeve dhe me shum\u00eb gjasa edhe k\u00ebt\u00eb vit maturant\u00ebt e porsadiplomuar do t\u00eb ndjekin k\u00ebt\u00eb rrug\u00eb.<\/span><\/span><\/span><\/span><\/div>\n<div style=\"text-align: justify;\">\n\t<br \/>\n\t<span style=\"font-family:tahoma,geneva,sans-serif;\"><span style=\"font-size: 12px;\"><span style=\"color: rgb(0, 0, 0);\"><span class=\"style10\">&nbsp; &nbsp; Gjithashtu mbylli vitin m\u00ebsimor edhe shkolla profesionale n\u00eb Mesopotam t\u00eb Sarand\u00ebs, duke p\u00ebrgatitur n\u00eb m\u00ebnyr\u00eb dinjitoze nx\u00ebn\u00ebs n\u00eb deg\u00ebt: Teknologji informimi dhe komunikimi, Elektronik\u00eb, Termohidraulik\u00eb, Sh\u00ebrbime sociale dhe sh\u00ebndet\u00ebsore, duke sh\u00ebrbyer si nj\u00eb fidanishte e t\u00eb ardhmes s\u00eb Kish\u00ebs dhe t\u00eb shoq\u00ebris\u00eb shqiptare. M\u00ebsuesit shqiptar\u00eb dhe t\u00eb huaj dhan\u00eb eksperienc\u00ebn e tyre n\u00eb dijet shkencore, duke i njohur nx\u00ebn\u00ebsit edhe me element\u00ebt m\u00eb bashk\u00ebkohor\u00eb t\u00eb deg\u00ebve p\u00ebrkat\u00ebse.<\/span><\/span><\/span><\/span><\/div>\n<div style=\"text-align: justify;\">\n\t<br \/>\n\t<span style=\"font-family:tahoma,geneva,sans-serif;\"><span style=\"font-size: 12px;\"><span style=\"color: rgb(0, 0, 0);\"><span class=\"style10\">&nbsp; &nbsp; Shkolla 9 &#8211; vje\u00e7are shqiptaro-amerikane \u201cProtagonist\u00ebt\u201d, vijoi edhe k\u00ebt\u00eb vit suksesin e paraqitjes s\u00eb shk\u00eblqyer me metodat m\u00eb bashk\u00ebkohore t\u00eb m\u00ebsimarrjes. Edhe n\u00eb p\u00ebrgatitjen e aktiviteteve brenda dhe jasht\u00eb shkoll\u00ebs, nx\u00ebn\u00ebsit ishin protagonist\u00ebt e v\u00ebrtet\u00eb. N\u00eb dy veprimtarit\u00eb e fundit, fest\u00ebn e Abetares dhe mbylljen e vitit shkollor, ata mahnit\u00ebn prind\u00ebrit dhe m\u00ebsuesit e tyre me nivelin e formimit dhe krijueshm\u00ebris\u00eb.<\/span><\/span><\/span><\/span><\/div>\n<div style=\"text-align: justify;\">\n\t<br \/>\n\t<span style=\"font-family:tahoma,geneva,sans-serif;\"><span style=\"font-size: 12px;\"><span style=\"color: rgb(0, 0, 0);\"><span class=\"style10\">&nbsp; &nbsp; Edhe shkolla 9-vje\u00e7are shqiptaro-greke \u201cFrym\u00eb Dashurie\u201d, n\u00eb Durr\u00ebs, p\u00ebrfundoi vitin shkollor me p\u00ebrparime n\u00eb fush\u00ebn e dijes p\u00ebr nx\u00ebn\u00ebsit e gjasht\u00eb klasave t\u00eb para t\u00eb saj. Sipas drejtorit t\u00eb shkoll\u00ebs, z. Kristaq Mile, pati nj\u00eb nivel t\u00eb lart\u00eb n\u00eb rezultate nga ana e nx\u00ebn\u00ebsve, duke u dalluar si nj\u00eb nd\u00ebr shkollat m\u00eb t\u00eb mira n\u00eb Durr\u00ebs, bashk\u00eb edhe me ambientet komode dhe baz\u00ebn materiale e didaktike moderne.<\/span><\/span><\/span><\/span><\/div>\n<div style=\"text-align: justify;\">\n\t<br \/>\n\t<span style=\"font-family:tahoma,geneva,sans-serif;\"><span style=\"font-size: 12px;\"><span style=\"color: rgb(0, 0, 0);\"><span class=\"style10\">&nbsp;&nbsp; Universiteti \u201cLogos\u201d me qend\u00ebr n\u00eb Tiran\u00eb si dhe Instituti Profesional \u201cFrym\u00eb Dashurie\u201d, n\u00eb Gjirokast\u00ebr, p\u00ebrfunduan vitin akademik me standarde t\u00eb larta kualifikuese, duke p\u00ebrvet\u00ebsuar me sukses programin m\u00ebsimor. P\u00ebrve\u00e7 l\u00ebnd\u00ebve teorike, student\u00ebt ndoq\u00ebn edhe praktikat m\u00ebsimore, p\u00ebr t\u00eb qen\u00eb t\u00eb aft\u00eb dhe konkurrues n\u00eb tregun e pun\u00ebs.<\/span><\/span><\/span><\/span><\/div>\n<div style=\"text-align: justify;\">\n\t&nbsp;<\/div>\n<div class=\"style10\" style=\"text-align: right;\">\n\t<span style=\"font-family:tahoma,geneva,sans-serif;\"><span style=\"font-size: 12px;\"><span style=\"color: rgb(0, 0, 0);\"><strong>Isidor Koti<\/strong><\/span><\/span><\/span><\/div>\n","protected":false},"excerpt":{"rendered":"<p>&nbsp;&nbsp;&nbsp; Viti shkollor 2010-2011 rezultoi me p\u00ebrparime t\u00eb ndjeshme formuese dhe edukuese n\u00eb institucionet arsimore t\u00eb Kish\u00ebs son\u00eb. G\u00ebzimi nuk fshihet nga askush, as nga nx\u00ebn\u00ebsit dhe as nga stafi pedagogjik. P\u00ebrparimi ka qen\u00eb i duksh\u00ebm, sidomos p\u00ebr nx\u00ebn\u00ebsit e klas\u00ebs s\u00eb par\u00eb t\u00eb fillores dhe t\u00eb vitit t\u00eb fundit t\u00eb gjimnazit, t\u00eb cil\u00ebt kan\u00eb dal\u00eb me nota dhe rezultate t\u00eb k\u00ebnaqshme. Megjithat\u00eb drejtuesit jan\u00eb<\/p>\n","protected":false},"author":1,"featured_media":0,"comment_status":"open","ping_status":"open","sticky":false,"template":"","format":"standard","meta":{"_acf_changed":false,"pagelayer_contact_templates":[],"_pagelayer_content":"","inline_featured_image":false,"fifu_image_url":"","fifu_image_alt":"","footnotes":""},"categories":[108],"tags":[143,196,212],"class_list":["post-1528","post","type-post","status-publish","format-standard","hentry","category-lajme","tag-143","tag-tirane","tag-lajme-d27"],"acf":[],"yoast_head":"<!-- This site is optimized with the Yoast SEO plugin v27.2 - https:\/\/yoast.com\/product\/yoast-seo-wordpress\/ -->\n<title>Viti arsimor 2010-2011, n\u00eb institucionet edukuese t\u00eb Kish\u00ebs son\u00eb. - Kisha Orthodh\u03bfkse Autoqefale e Shqip\u00ebris\u00eb<\/title>\n<meta name=\"robots\" content=\"index, follow, max-snippet:-1, max-image-preview:large, max-video-preview:-1\" \/>\n<link rel=\"canonical\" href=\"https:\/\/orthodoxalbania.org\/2020\/2013\/03\/21\/viti-arsimor-2010-2011-ne-institucionet-edukuese-te-kishes-sone\/\" \/>\n<meta property=\"og:locale\" content=\"en_US\" \/>\n<meta property=\"og:type\" content=\"article\" \/>\n<meta property=\"og:title\" content=\"Viti arsimor 2010-2011, n\u00eb institucionet edukuese t\u00eb Kish\u00ebs son\u00eb. - Kisha Orthodh\u03bfkse Autoqefale e Shqip\u00ebris\u00eb\" \/>\n<meta property=\"og:description\" content=\"&nbsp;&nbsp;&nbsp; Viti shkollor 2010-2011 rezultoi me p\u00ebrparime t\u00eb ndjeshme formuese dhe edukuese n\u00eb institucionet arsimore t\u00eb Kish\u00ebs son\u00eb. G\u00ebzimi nuk fshihet nga askush, as nga nx\u00ebn\u00ebsit dhe as nga stafi pedagogjik. P\u00ebrparimi ka qen\u00eb i duksh\u00ebm, sidomos p\u00ebr nx\u00ebn\u00ebsit e klas\u00ebs s\u00eb par\u00eb t\u00eb fillores dhe t\u00eb vitit t\u00eb fundit t\u00eb gjimnazit, t\u00eb cil\u00ebt kan\u00eb dal\u00eb me nota dhe rezultate t\u00eb k\u00ebnaqshme. Megjithat\u00eb drejtuesit jan\u00eb\" \/>\n<meta property=\"og:url\" content=\"https:\/\/orthodoxalbania.org\/2020\/2013\/03\/21\/viti-arsimor-2010-2011-ne-institucionet-edukuese-te-kishes-sone\/\" \/>\n<meta property=\"og:site_name\" content=\"Kisha Orthodh\u03bfkse Autoqefale e Shqip\u00ebris\u00eb\" \/>\n<meta property=\"article:publisher\" content=\"https:\/\/www.facebook.com\/koash1991\" \/>\n<meta property=\"article:published_time\" content=\"2013-03-21T09:51:28+00:00\" \/>\n<meta property=\"article:modified_time\" content=\"2020-04-06T20:32:03+00:00\" \/>\n<meta property=\"og:image\" content=\"https:\/\/orthodoxalbania.org\/2020\/wp-content\/uploads\/2021\/02\/LogoLastALb-200.png\" \/>\n\t<meta property=\"og:image:width\" content=\"200\" \/>\n\t<meta property=\"og:image:height\" content=\"172\" \/>\n\t<meta property=\"og:image:type\" content=\"image\/png\" \/>\n<meta name=\"author\" content=\"Kisha Orthodhokse\" \/>\n<meta name=\"twitter:card\" content=\"summary_large_image\" \/>\n<meta name=\"twitter:label1\" content=\"Written by\" \/>\n\t<meta name=\"twitter:data1\" content=\"Kisha Orthodhokse\" \/>\n\t<meta name=\"twitter:label2\" content=\"Est. reading time\" \/>\n\t<meta name=\"twitter:data2\" content=\"3 minutes\" \/>\n<script type=\"application\/ld+json\" class=\"yoast-schema-graph\">{\"@context\":\"https:\/\/schema.org\",\"@graph\":[{\"@type\":\"Article\",\"@id\":\"https:\/\/orthodoxalbania.org\/2020\/2013\/03\/21\/viti-arsimor-2010-2011-ne-institucionet-edukuese-te-kishes-sone\/#article\",\"isPartOf\":{\"@id\":\"https:\/\/orthodoxalbania.org\/2020\/2013\/03\/21\/viti-arsimor-2010-2011-ne-institucionet-edukuese-te-kishes-sone\/\"},\"author\":{\"name\":\"Kisha Orthodhokse\",\"@id\":\"https:\/\/orthodoxalbania.org\/2020\/#\/schema\/person\/0c387634a7063ac612d7ed9ce71c7e86\"},\"headline\":\"Viti arsimor 2010-2011, n\u00eb institucionet edukuese t\u00eb Kish\u00ebs son\u00eb.\",\"datePublished\":\"2013-03-21T09:51:28+00:00\",\"dateModified\":\"2020-04-06T20:32:03+00:00\",\"mainEntityOfPage\":{\"@id\":\"https:\/\/orthodoxalbania.org\/2020\/2013\/03\/21\/viti-arsimor-2010-2011-ne-institucionet-edukuese-te-kishes-sone\/\"},\"wordCount\":647,\"commentCount\":0,\"publisher\":{\"@id\":\"https:\/\/orthodoxalbania.org\/2020\/#organization\"},\"keywords\":[\"2011\",\"Kryepiskopata Tiran\u00eb\",\"lajme\"],\"articleSection\":[\"Lajme\"],\"inLanguage\":\"en-US\"},{\"@type\":\"WebPage\",\"@id\":\"https:\/\/orthodoxalbania.org\/2020\/2013\/03\/21\/viti-arsimor-2010-2011-ne-institucionet-edukuese-te-kishes-sone\/\",\"url\":\"https:\/\/orthodoxalbania.org\/2020\/2013\/03\/21\/viti-arsimor-2010-2011-ne-institucionet-edukuese-te-kishes-sone\/\",\"name\":\"Viti arsimor 2010-2011, n\u00eb institucionet edukuese t\u00eb Kish\u00ebs son\u00eb. - Kisha Orthodh\u03bfkse Autoqefale e Shqip\u00ebris\u00eb\",\"isPartOf\":{\"@id\":\"https:\/\/orthodoxalbania.org\/2020\/#website\"},\"datePublished\":\"2013-03-21T09:51:28+00:00\",\"dateModified\":\"2020-04-06T20:32:03+00:00\",\"breadcrumb\":{\"@id\":\"https:\/\/orthodoxalbania.org\/2020\/2013\/03\/21\/viti-arsimor-2010-2011-ne-institucionet-edukuese-te-kishes-sone\/#breadcrumb\"},\"inLanguage\":\"en-US\",\"potentialAction\":[{\"@type\":\"ReadAction\",\"target\":[\"https:\/\/orthodoxalbania.org\/2020\/2013\/03\/21\/viti-arsimor-2010-2011-ne-institucionet-edukuese-te-kishes-sone\/\"]}]},{\"@type\":\"BreadcrumbList\",\"@id\":\"https:\/\/orthodoxalbania.org\/2020\/2013\/03\/21\/viti-arsimor-2010-2011-ne-institucionet-edukuese-te-kishes-sone\/#breadcrumb\",\"itemListElement\":[{\"@type\":\"ListItem\",\"position\":1,\"name\":\"Home\",\"item\":\"https:\/\/orthodoxalbania.org\/2020\/\"},{\"@type\":\"ListItem\",\"position\":2,\"name\":\"Viti arsimor 2010-2011, n\u00eb institucionet edukuese t\u00eb Kish\u00ebs son\u00eb.\"}]},{\"@type\":\"WebSite\",\"@id\":\"https:\/\/orthodoxalbania.org\/2020\/#website\",\"url\":\"https:\/\/orthodoxalbania.org\/2020\/\",\"name\":\"Kisha Orthodh\u03bfkse Autoqefale e Shqip\u00ebris\u00eb\",\"description\":\"Fqja Zyrtare e Kish\u00ebs Orthodhokse Autoqefale e Shqip\u00ebris\u00eb me lajmet edhe informacionet zyrtare p\u00ebr struktur\u00ebn edhe veprimtarin e saj.\",\"publisher\":{\"@id\":\"https:\/\/orthodoxalbania.org\/2020\/#organization\"},\"potentialAction\":[{\"@type\":\"SearchAction\",\"target\":{\"@type\":\"EntryPoint\",\"urlTemplate\":\"https:\/\/orthodoxalbania.org\/2020\/?s={search_term_string}\"},\"query-input\":{\"@type\":\"PropertyValueSpecification\",\"valueRequired\":true,\"valueName\":\"search_term_string\"}}],\"inLanguage\":\"en-US\"},{\"@type\":\"Organization\",\"@id\":\"https:\/\/orthodoxalbania.org\/2020\/#organization\",\"name\":\"Kisha Orthodhokse Autoqefale e Shqip\u00ebris\u00eb\",\"url\":\"https:\/\/orthodoxalbania.org\/2020\/\",\"logo\":{\"@type\":\"ImageObject\",\"inLanguage\":\"en-US\",\"@id\":\"https:\/\/orthodoxalbania.org\/2020\/#\/schema\/logo\/image\/\",\"url\":\"https:\/\/orthodoxalbania.org\/2020\/wp-content\/uploads\/2020\/05\/albania.jpeg\",\"contentUrl\":\"https:\/\/orthodoxalbania.org\/2020\/wp-content\/uploads\/2020\/05\/albania.jpeg\",\"width\":540,\"height\":540,\"caption\":\"Kisha Orthodhokse Autoqefale e Shqip\u00ebris\u00eb\"},\"image\":{\"@id\":\"https:\/\/orthodoxalbania.org\/2020\/#\/schema\/logo\/image\/\"},\"sameAs\":[\"https:\/\/www.facebook.com\/koash1991\"]},{\"@type\":\"Person\",\"@id\":\"https:\/\/orthodoxalbania.org\/2020\/#\/schema\/person\/0c387634a7063ac612d7ed9ce71c7e86\",\"name\":\"Kisha Orthodhokse\",\"image\":{\"@type\":\"ImageObject\",\"inLanguage\":\"en-US\",\"@id\":\"https:\/\/secure.gravatar.com\/avatar\/596e7c417251e30f2fbb9c00e026fce61a695a00e51c889caded71c96cbbdde5?s=96&d=mm&r=g\",\"url\":\"https:\/\/secure.gravatar.com\/avatar\/596e7c417251e30f2fbb9c00e026fce61a695a00e51c889caded71c96cbbdde5?s=96&d=mm&r=g\",\"contentUrl\":\"https:\/\/secure.gravatar.com\/avatar\/596e7c417251e30f2fbb9c00e026fce61a695a00e51c889caded71c96cbbdde5?s=96&d=mm&r=g\",\"caption\":\"Kisha Orthodhokse\"}}]}<\/script>\n<!-- \/ Yoast SEO plugin. -->","yoast_head_json":{"title":"Viti arsimor 2010-2011, n\u00eb institucionet edukuese t\u00eb Kish\u00ebs son\u00eb. - Kisha Orthodh\u03bfkse Autoqefale e Shqip\u00ebris\u00eb","robots":{"index":"index","follow":"follow","max-snippet":"max-snippet:-1","max-image-preview":"max-image-preview:large","max-video-preview":"max-video-preview:-1"},"canonical":"https:\/\/orthodoxalbania.org\/2020\/2013\/03\/21\/viti-arsimor-2010-2011-ne-institucionet-edukuese-te-kishes-sone\/","og_locale":"en_US","og_type":"article","og_title":"Viti arsimor 2010-2011, n\u00eb institucionet edukuese t\u00eb Kish\u00ebs son\u00eb. - Kisha Orthodh\u03bfkse Autoqefale e Shqip\u00ebris\u00eb","og_description":"&nbsp;&nbsp;&nbsp; Viti shkollor 2010-2011 rezultoi me p\u00ebrparime t\u00eb ndjeshme formuese dhe edukuese n\u00eb institucionet arsimore t\u00eb Kish\u00ebs son\u00eb. G\u00ebzimi nuk fshihet nga askush, as nga nx\u00ebn\u00ebsit dhe as nga stafi pedagogjik. P\u00ebrparimi ka qen\u00eb i duksh\u00ebm, sidomos p\u00ebr nx\u00ebn\u00ebsit e klas\u00ebs s\u00eb par\u00eb t\u00eb fillores dhe t\u00eb vitit t\u00eb fundit t\u00eb gjimnazit, t\u00eb cil\u00ebt kan\u00eb dal\u00eb me nota dhe rezultate t\u00eb k\u00ebnaqshme. Megjithat\u00eb drejtuesit jan\u00eb","og_url":"https:\/\/orthodoxalbania.org\/2020\/2013\/03\/21\/viti-arsimor-2010-2011-ne-institucionet-edukuese-te-kishes-sone\/","og_site_name":"Kisha Orthodh\u03bfkse Autoqefale e Shqip\u00ebris\u00eb","article_publisher":"https:\/\/www.facebook.com\/koash1991","article_published_time":"2013-03-21T09:51:28+00:00","article_modified_time":"2020-04-06T20:32:03+00:00","og_image":[{"width":200,"height":172,"url":"https:\/\/orthodoxalbania.org\/2020\/wp-content\/uploads\/2021\/02\/LogoLastALb-200.png","type":"image\/png"}],"author":"Kisha Orthodhokse","twitter_card":"summary_large_image","twitter_misc":{"Written by":"Kisha Orthodhokse","Est. reading time":"3 minutes"},"schema":{"@context":"https:\/\/schema.org","@graph":[{"@type":"Article","@id":"https:\/\/orthodoxalbania.org\/2020\/2013\/03\/21\/viti-arsimor-2010-2011-ne-institucionet-edukuese-te-kishes-sone\/#article","isPartOf":{"@id":"https:\/\/orthodoxalbania.org\/2020\/2013\/03\/21\/viti-arsimor-2010-2011-ne-institucionet-edukuese-te-kishes-sone\/"},"author":{"name":"Kisha Orthodhokse","@id":"https:\/\/orthodoxalbania.org\/2020\/#\/schema\/person\/0c387634a7063ac612d7ed9ce71c7e86"},"headline":"Viti arsimor 2010-2011, n\u00eb institucionet edukuese t\u00eb Kish\u00ebs son\u00eb.","datePublished":"2013-03-21T09:51:28+00:00","dateModified":"2020-04-06T20:32:03+00:00","mainEntityOfPage":{"@id":"https:\/\/orthodoxalbania.org\/2020\/2013\/03\/21\/viti-arsimor-2010-2011-ne-institucionet-edukuese-te-kishes-sone\/"},"wordCount":647,"commentCount":0,"publisher":{"@id":"https:\/\/orthodoxalbania.org\/2020\/#organization"},"keywords":["2011","Kryepiskopata Tiran\u00eb","lajme"],"articleSection":["Lajme"],"inLanguage":"en-US"},{"@type":"WebPage","@id":"https:\/\/orthodoxalbania.org\/2020\/2013\/03\/21\/viti-arsimor-2010-2011-ne-institucionet-edukuese-te-kishes-sone\/","url":"https:\/\/orthodoxalbania.org\/2020\/2013\/03\/21\/viti-arsimor-2010-2011-ne-institucionet-edukuese-te-kishes-sone\/","name":"Viti arsimor 2010-2011, n\u00eb institucionet edukuese t\u00eb Kish\u00ebs son\u00eb. - Kisha Orthodh\u03bfkse Autoqefale e Shqip\u00ebris\u00eb","isPartOf":{"@id":"https:\/\/orthodoxalbania.org\/2020\/#website"},"datePublished":"2013-03-21T09:51:28+00:00","dateModified":"2020-04-06T20:32:03+00:00","breadcrumb":{"@id":"https:\/\/orthodoxalbania.org\/2020\/2013\/03\/21\/viti-arsimor-2010-2011-ne-institucionet-edukuese-te-kishes-sone\/#breadcrumb"},"inLanguage":"en-US","potentialAction":[{"@type":"ReadAction","target":["https:\/\/orthodoxalbania.org\/2020\/2013\/03\/21\/viti-arsimor-2010-2011-ne-institucionet-edukuese-te-kishes-sone\/"]}]},{"@type":"BreadcrumbList","@id":"https:\/\/orthodoxalbania.org\/2020\/2013\/03\/21\/viti-arsimor-2010-2011-ne-institucionet-edukuese-te-kishes-sone\/#breadcrumb","itemListElement":[{"@type":"ListItem","position":1,"name":"Home","item":"https:\/\/orthodoxalbania.org\/2020\/"},{"@type":"ListItem","position":2,"name":"Viti arsimor 2010-2011, n\u00eb institucionet edukuese t\u00eb Kish\u00ebs son\u00eb."}]},{"@type":"WebSite","@id":"https:\/\/orthodoxalbania.org\/2020\/#website","url":"https:\/\/orthodoxalbania.org\/2020\/","name":"Kisha Orthodh\u03bfkse Autoqefale e Shqip\u00ebris\u00eb","description":"Fqja Zyrtare e Kish\u00ebs Orthodhokse Autoqefale e Shqip\u00ebris\u00eb me lajmet edhe informacionet zyrtare p\u00ebr struktur\u00ebn edhe veprimtarin e saj.","publisher":{"@id":"https:\/\/orthodoxalbania.org\/2020\/#organization"},"potentialAction":[{"@type":"SearchAction","target":{"@type":"EntryPoint","urlTemplate":"https:\/\/orthodoxalbania.org\/2020\/?s={search_term_string}"},"query-input":{"@type":"PropertyValueSpecification","valueRequired":true,"valueName":"search_term_string"}}],"inLanguage":"en-US"},{"@type":"Organization","@id":"https:\/\/orthodoxalbania.org\/2020\/#organization","name":"Kisha Orthodhokse Autoqefale e Shqip\u00ebris\u00eb","url":"https:\/\/orthodoxalbania.org\/2020\/","logo":{"@type":"ImageObject","inLanguage":"en-US","@id":"https:\/\/orthodoxalbania.org\/2020\/#\/schema\/logo\/image\/","url":"https:\/\/orthodoxalbania.org\/2020\/wp-content\/uploads\/2020\/05\/albania.jpeg","contentUrl":"https:\/\/orthodoxalbania.org\/2020\/wp-content\/uploads\/2020\/05\/albania.jpeg","width":540,"height":540,"caption":"Kisha Orthodhokse Autoqefale e Shqip\u00ebris\u00eb"},"image":{"@id":"https:\/\/orthodoxalbania.org\/2020\/#\/schema\/logo\/image\/"},"sameAs":["https:\/\/www.facebook.com\/koash1991"]},{"@type":"Person","@id":"https:\/\/orthodoxalbania.org\/2020\/#\/schema\/person\/0c387634a7063ac612d7ed9ce71c7e86","name":"Kisha Orthodhokse","image":{"@type":"ImageObject","inLanguage":"en-US","@id":"https:\/\/secure.gravatar.com\/avatar\/596e7c417251e30f2fbb9c00e026fce61a695a00e51c889caded71c96cbbdde5?s=96&d=mm&r=g","url":"https:\/\/secure.gravatar.com\/avatar\/596e7c417251e30f2fbb9c00e026fce61a695a00e51c889caded71c96cbbdde5?s=96&d=mm&r=g","contentUrl":"https:\/\/secure.gravatar.com\/avatar\/596e7c417251e30f2fbb9c00e026fce61a695a00e51c889caded71c96cbbdde5?s=96&d=mm&r=g","caption":"Kisha Orthodhokse"}}]}},"_links":{"self":[{"href":"https:\/\/orthodoxalbania.org\/2020\/wp-json\/wp\/v2\/posts\/1528","targetHints":{"allow":["GET"]}}],"collection":[{"href":"https:\/\/orthodoxalbania.org\/2020\/wp-json\/wp\/v2\/posts"}],"about":[{"href":"https:\/\/orthodoxalbania.org\/2020\/wp-json\/wp\/v2\/types\/post"}],"author":[{"embeddable":true,"href":"https:\/\/orthodoxalbania.org\/2020\/wp-json\/wp\/v2\/users\/1"}],"replies":[{"embeddable":true,"href":"https:\/\/orthodoxalbania.org\/2020\/wp-json\/wp\/v2\/comments?post=1528"}],"version-history":[{"count":1,"href":"https:\/\/orthodoxalbania.org\/2020\/wp-json\/wp\/v2\/posts\/1528\/revisions"}],"predecessor-version":[{"id":15381,"href":"https:\/\/orthodoxalbania.org\/2020\/wp-json\/wp\/v2\/posts\/1528\/revisions\/15381"}],"wp:attachment":[{"href":"https:\/\/orthodoxalbania.org\/2020\/wp-json\/wp\/v2\/media?parent=1528"}],"wp:term":[{"taxonomy":"category","embeddable":true,"href":"https:\/\/orthodoxalbania.org\/2020\/wp-json\/wp\/v2\/categories?post=1528"},{"taxonomy":"post_tag","embeddable":true,"href":"https:\/\/orthodoxalbania.org\/2020\/wp-json\/wp\/v2\/tags?post=1528"}],"curies":[{"name":"wp","href":"https:\/\/api.w.org\/{rel}","templated":true}]}}