{"id":1524,"date":"2009-03-13T10:13:27","date_gmt":"2009-03-13T10:13:27","guid":{"rendered":""},"modified":"2020-04-06T22:35:11","modified_gmt":"2020-04-06T20:35:11","slug":"vidhet-ikonostasi-i-kishes-fjetja-e-hyjlindeses-mari-ne-leuse-permet","status":"publish","type":"post","link":"https:\/\/orthodoxalbania.org\/2020\/2009\/03\/13\/vidhet-ikonostasi-i-kishes-fjetja-e-hyjlindeses-mari-ne-leuse-permet\/","title":{"rendered":"Vidhet ikonostasi i kish\u00ebs Fjetja e Hyjlind\u00ebses Mari, n\u00eb Leus\u00eb, P\u00ebrmet. (N\u00ebntor 2009)"},"content":{"rendered":"<div style=\"text-align: justify;\">&nbsp;<\/div>\n<div style=\"text-align: justify;\"><span style=\"color: #000000;\"><span style=\"font-family: tahoma,geneva,sans-serif;\"><span style=\"font-size: 12px;\">&nbsp;&nbsp;&nbsp; Nat\u00ebn midis 18 dhe 19 n\u00ebntorit, \u00ebsht\u00eb vjedhur kisha monument Fjetja e Hyjlind\u00ebses Mari, n\u00eb Leus\u00eb, P\u00ebrmet, Mitropolia e Gjirokastr\u00ebs. Grabit\u00ebsit kan\u00eb shp\u00ebrthyer der\u00ebn dhe m\u00eb pas kan\u00eb zhveshur ikonostasin e saj me fam\u00eb p\u00ebr vlerat e rralla nga pjes\u00ebt e gdhendura.<\/span><\/span><\/span><\/div>\n<div style=\"text-align: justify;\">&nbsp;<\/div>\n<div class=\"style2\" style=\"text-align: justify;\"><span style=\"color: #000000;\"><span style=\"font-family: tahoma,geneva,sans-serif;\"><span style=\"font-size: 12px;\"><span>&nbsp;&nbsp;&nbsp; Pas konstatimit t\u00eb vjedhjes, n\u00eb vendngjarje kan\u00eb shkuar forcat e specializuara t\u00eb policis\u00eb, q\u00eb po kryejn\u00eb hetimet e rastit. Por shqet\u00ebsimi p\u00ebr c\u00ebnimin e k\u00ebtyre veprave t\u00eb pap\u00ebrs\u00ebritshme dhe mosgjetjen e autor\u00ebve \u00ebsht\u00eb mjaft i madh, duke par\u00eb se autor\u00ebt e grabitjeve t\u00eb m\u00ebparsh\u00ebm n\u00eb k\u00ebto zona nuk jan\u00eb gjetur (kujtojm\u00eb se vet\u00ebm kisha e B\u00ebnj\u00ebs \u00ebsht\u00eb vjedhur tri her\u00eb gjat\u00eb vitit 2009).<\/span><\/span><\/span><\/span><\/div>\n<div class=\"style2\" style=\"text-align: justify;\">&nbsp;<\/div>\n<div class=\"style2\" style=\"text-align: justify;\"><span style=\"color: #000000;\"><span style=\"font-family: tahoma,geneva,sans-serif;\"><span style=\"font-size: 12px;\"><span>&nbsp;&nbsp;&nbsp; Ky ikonostas konsiderohej si nj\u00eb kryevep\u00ebr e arteve t\u00eb aplikuara n\u00eb objektet e kultit t\u00eb vendit ton\u00eb dhe datonte vitin 1817. Nd\u00ebrsa afreskimi i kish\u00ebs \u00ebsht\u00eb b\u00ebr\u00eb n\u00eb vitin 1812, nd\u00ebrsa besohet se nd\u00ebrtimi fillestar i saj \u00ebsht\u00eb m\u00eb i hersh\u00ebm dhe se ka p\u00ebsuar rikonstruksione n\u00eb vite.<\/span><\/span><\/span><\/span><\/div>\n<div class=\"style2\" style=\"text-align: justify;\">&nbsp;<\/div>\n<div class=\"style2\" style=\"text-align: justify;\"><span style=\"color: #000000;\"><span style=\"font-family: tahoma,geneva,sans-serif;\"><span style=\"font-size: 12px;\"><span>&nbsp;&nbsp;&nbsp; N\u00eb vitet 1999-2000, kjo kish\u00eb ishte konsoliduar, pasi paraqiste rrezik rr\u00ebshqitjeje dhe \u00ebsht\u00eb rikonstruktuar t\u00ebr\u00ebsisht, si struktur\u00eb dhe afresket, me fondet e siguruara nga Kryepiskopi Anastas.<\/span><\/span><\/span><\/span><\/div>\n<div class=\"style2\" style=\"text-align: justify;\">&nbsp;<\/div>\n<div class=\"style2\" style=\"text-align: justify;\">&nbsp;<\/div>\n<div class=\"style2\" style=\"text-align: center;\"><span style=\"color: #000000;\"><span style=\"font-family: tahoma,geneva,sans-serif;\"><span style=\"font-size: 12px;\"><span>&nbsp;<\/span><\/span><\/span><\/span><\/div>\n<div class=\"style2\" style=\"text-align: center;\"><span style=\"color: #000000;\"><span style=\"font-family: tahoma,geneva,sans-serif;\"><span style=\"font-size: 12px;\"><strong><span>Zyra e Shtypit<\/span><\/strong><\/span><\/span><\/span><\/div>\n<div class=\"style2\" style=\"text-align: center;\"><span style=\"color: #000000;\"><span style=\"font-family: tahoma,geneva,sans-serif;\"><span style=\"font-size: 12px;\"><strong><span>e Kish\u00ebs Orthodhokse Autoqefale t\u00eb Shqip\u00ebris\u00eb<\/span><\/strong><\/span><\/span><\/span><\/div>\n","protected":false},"excerpt":{"rendered":"<p>&nbsp; &nbsp;&nbsp;&nbsp; Nat\u00ebn midis 18 dhe 19 n\u00ebntorit, \u00ebsht\u00eb vjedhur kisha monument Fjetja e Hyjlind\u00ebses Mari, n\u00eb Leus\u00eb, P\u00ebrmet, Mitropolia e Gjirokastr\u00ebs. Grabit\u00ebsit kan\u00eb shp\u00ebrthyer der\u00ebn dhe m\u00eb pas kan\u00eb zhveshur ikonostasin e saj me fam\u00eb p\u00ebr vlerat e rralla nga pjes\u00ebt e gdhendura. &nbsp; &nbsp;&nbsp;&nbsp; Pas konstatimit t\u00eb vjedhjes, n\u00eb vendngjarje kan\u00eb shkuar forcat e specializuara t\u00eb policis\u00eb, q\u00eb po kryejn\u00eb hetimet e rastit.<\/p>\n","protected":false},"author":1,"featured_media":0,"comment_status":"open","ping_status":"open","sticky":false,"template":"","format":"standard","meta":{"_acf_changed":false,"pagelayer_contact_templates":[],"_pagelayer_content":"","inline_featured_image":false,"fifu_image_url":"","fifu_image_alt":"","footnotes":""},"categories":[108],"tags":[145,153,196,212,198],"class_list":["post-1524","post","type-post","status-publish","format-standard","hentry","category-lajme","tag-145","tag-deklarata-njoftime-zyrtare-d75","tag-tirane","tag-lajme-d27","tag-gjirokaster"],"acf":[],"yoast_head":"<!-- This site is optimized with the Yoast SEO plugin v27.2 - https:\/\/yoast.com\/product\/yoast-seo-wordpress\/ -->\n<title>Vidhet ikonostasi i kish\u00ebs Fjetja e Hyjlind\u00ebses Mari, n\u00eb Leus\u00eb, P\u00ebrmet. (N\u00ebntor 2009) - Kisha Orthodh\u03bfkse Autoqefale e Shqip\u00ebris\u00eb<\/title>\n<meta name=\"robots\" content=\"index, follow, max-snippet:-1, max-image-preview:large, max-video-preview:-1\" \/>\n<link rel=\"canonical\" href=\"https:\/\/orthodoxalbania.org\/2020\/2009\/03\/13\/vidhet-ikonostasi-i-kishes-fjetja-e-hyjlindeses-mari-ne-leuse-permet\/\" \/>\n<meta property=\"og:locale\" content=\"en_US\" \/>\n<meta property=\"og:type\" content=\"article\" \/>\n<meta property=\"og:title\" content=\"Vidhet ikonostasi i kish\u00ebs Fjetja e Hyjlind\u00ebses Mari, n\u00eb Leus\u00eb, P\u00ebrmet. (N\u00ebntor 2009) - Kisha Orthodh\u03bfkse Autoqefale e Shqip\u00ebris\u00eb\" \/>\n<meta property=\"og:description\" content=\"&nbsp; &nbsp;&nbsp;&nbsp; Nat\u00ebn midis 18 dhe 19 n\u00ebntorit, \u00ebsht\u00eb vjedhur kisha monument Fjetja e Hyjlind\u00ebses Mari, n\u00eb Leus\u00eb, P\u00ebrmet, Mitropolia e Gjirokastr\u00ebs. Grabit\u00ebsit kan\u00eb shp\u00ebrthyer der\u00ebn dhe m\u00eb pas kan\u00eb zhveshur ikonostasin e saj me fam\u00eb p\u00ebr vlerat e rralla nga pjes\u00ebt e gdhendura. &nbsp; &nbsp;&nbsp;&nbsp; Pas konstatimit t\u00eb vjedhjes, n\u00eb vendngjarje kan\u00eb shkuar forcat e specializuara t\u00eb policis\u00eb, q\u00eb po kryejn\u00eb hetimet e rastit.\" \/>\n<meta property=\"og:url\" content=\"https:\/\/orthodoxalbania.org\/2020\/2009\/03\/13\/vidhet-ikonostasi-i-kishes-fjetja-e-hyjlindeses-mari-ne-leuse-permet\/\" \/>\n<meta property=\"og:site_name\" content=\"Kisha Orthodh\u03bfkse Autoqefale e Shqip\u00ebris\u00eb\" \/>\n<meta property=\"article:publisher\" content=\"https:\/\/www.facebook.com\/koash1991\" \/>\n<meta property=\"article:published_time\" content=\"2009-03-13T10:13:27+00:00\" \/>\n<meta property=\"article:modified_time\" content=\"2020-04-06T20:35:11+00:00\" \/>\n<meta property=\"og:image\" content=\"https:\/\/orthodoxalbania.org\/2020\/wp-content\/uploads\/2021\/02\/LogoLastALb-200.png\" \/>\n\t<meta property=\"og:image:width\" content=\"200\" \/>\n\t<meta property=\"og:image:height\" content=\"172\" \/>\n\t<meta property=\"og:image:type\" content=\"image\/png\" \/>\n<meta name=\"author\" content=\"Kisha Orthodhokse\" \/>\n<meta name=\"twitter:card\" content=\"summary_large_image\" \/>\n<meta name=\"twitter:label1\" content=\"Written by\" \/>\n\t<meta name=\"twitter:data1\" content=\"Kisha Orthodhokse\" \/>\n\t<meta name=\"twitter:label2\" content=\"Est. reading time\" \/>\n\t<meta name=\"twitter:data2\" content=\"1 minute\" \/>\n<script type=\"application\/ld+json\" class=\"yoast-schema-graph\">{\"@context\":\"https:\/\/schema.org\",\"@graph\":[{\"@type\":\"Article\",\"@id\":\"https:\/\/orthodoxalbania.org\/2020\/2009\/03\/13\/vidhet-ikonostasi-i-kishes-fjetja-e-hyjlindeses-mari-ne-leuse-permet\/#article\",\"isPartOf\":{\"@id\":\"https:\/\/orthodoxalbania.org\/2020\/2009\/03\/13\/vidhet-ikonostasi-i-kishes-fjetja-e-hyjlindeses-mari-ne-leuse-permet\/\"},\"author\":{\"name\":\"Kisha Orthodhokse\",\"@id\":\"https:\/\/orthodoxalbania.org\/2020\/#\/schema\/person\/0c387634a7063ac612d7ed9ce71c7e86\"},\"headline\":\"Vidhet ikonostasi i kish\u00ebs Fjetja e Hyjlind\u00ebses Mari, n\u00eb Leus\u00eb, P\u00ebrmet. (N\u00ebntor 2009)\",\"datePublished\":\"2009-03-13T10:13:27+00:00\",\"dateModified\":\"2020-04-06T20:35:11+00:00\",\"mainEntityOfPage\":{\"@id\":\"https:\/\/orthodoxalbania.org\/2020\/2009\/03\/13\/vidhet-ikonostasi-i-kishes-fjetja-e-hyjlindeses-mari-ne-leuse-permet\/\"},\"wordCount\":255,\"commentCount\":0,\"publisher\":{\"@id\":\"https:\/\/orthodoxalbania.org\/2020\/#organization\"},\"keywords\":[\"2009\",\"Deklarata - Njoftime Zyrtare\",\"Kryepiskopata Tiran\u00eb\",\"lajme\",\"Mitropolia Gjirokast\u00ebr\"],\"articleSection\":[\"Lajme\"],\"inLanguage\":\"en-US\"},{\"@type\":\"WebPage\",\"@id\":\"https:\/\/orthodoxalbania.org\/2020\/2009\/03\/13\/vidhet-ikonostasi-i-kishes-fjetja-e-hyjlindeses-mari-ne-leuse-permet\/\",\"url\":\"https:\/\/orthodoxalbania.org\/2020\/2009\/03\/13\/vidhet-ikonostasi-i-kishes-fjetja-e-hyjlindeses-mari-ne-leuse-permet\/\",\"name\":\"Vidhet ikonostasi i kish\u00ebs Fjetja e Hyjlind\u00ebses Mari, n\u00eb Leus\u00eb, P\u00ebrmet. (N\u00ebntor 2009) - Kisha Orthodh\u03bfkse Autoqefale e Shqip\u00ebris\u00eb\",\"isPartOf\":{\"@id\":\"https:\/\/orthodoxalbania.org\/2020\/#website\"},\"datePublished\":\"2009-03-13T10:13:27+00:00\",\"dateModified\":\"2020-04-06T20:35:11+00:00\",\"breadcrumb\":{\"@id\":\"https:\/\/orthodoxalbania.org\/2020\/2009\/03\/13\/vidhet-ikonostasi-i-kishes-fjetja-e-hyjlindeses-mari-ne-leuse-permet\/#breadcrumb\"},\"inLanguage\":\"en-US\",\"potentialAction\":[{\"@type\":\"ReadAction\",\"target\":[\"https:\/\/orthodoxalbania.org\/2020\/2009\/03\/13\/vidhet-ikonostasi-i-kishes-fjetja-e-hyjlindeses-mari-ne-leuse-permet\/\"]}]},{\"@type\":\"BreadcrumbList\",\"@id\":\"https:\/\/orthodoxalbania.org\/2020\/2009\/03\/13\/vidhet-ikonostasi-i-kishes-fjetja-e-hyjlindeses-mari-ne-leuse-permet\/#breadcrumb\",\"itemListElement\":[{\"@type\":\"ListItem\",\"position\":1,\"name\":\"Home\",\"item\":\"https:\/\/orthodoxalbania.org\/2020\/\"},{\"@type\":\"ListItem\",\"position\":2,\"name\":\"Vidhet ikonostasi i kish\u00ebs Fjetja e Hyjlind\u00ebses Mari, n\u00eb Leus\u00eb, P\u00ebrmet. (N\u00ebntor 2009)\"}]},{\"@type\":\"WebSite\",\"@id\":\"https:\/\/orthodoxalbania.org\/2020\/#website\",\"url\":\"https:\/\/orthodoxalbania.org\/2020\/\",\"name\":\"Kisha Orthodh\u03bfkse Autoqefale e Shqip\u00ebris\u00eb\",\"description\":\"Fqja Zyrtare e Kish\u00ebs Orthodhokse Autoqefale e Shqip\u00ebris\u00eb me lajmet edhe informacionet zyrtare p\u00ebr struktur\u00ebn edhe veprimtarin e saj.\",\"publisher\":{\"@id\":\"https:\/\/orthodoxalbania.org\/2020\/#organization\"},\"potentialAction\":[{\"@type\":\"SearchAction\",\"target\":{\"@type\":\"EntryPoint\",\"urlTemplate\":\"https:\/\/orthodoxalbania.org\/2020\/?s={search_term_string}\"},\"query-input\":{\"@type\":\"PropertyValueSpecification\",\"valueRequired\":true,\"valueName\":\"search_term_string\"}}],\"inLanguage\":\"en-US\"},{\"@type\":\"Organization\",\"@id\":\"https:\/\/orthodoxalbania.org\/2020\/#organization\",\"name\":\"Kisha Orthodhokse Autoqefale e Shqip\u00ebris\u00eb\",\"url\":\"https:\/\/orthodoxalbania.org\/2020\/\",\"logo\":{\"@type\":\"ImageObject\",\"inLanguage\":\"en-US\",\"@id\":\"https:\/\/orthodoxalbania.org\/2020\/#\/schema\/logo\/image\/\",\"url\":\"https:\/\/orthodoxalbania.org\/2020\/wp-content\/uploads\/2020\/05\/albania.jpeg\",\"contentUrl\":\"https:\/\/orthodoxalbania.org\/2020\/wp-content\/uploads\/2020\/05\/albania.jpeg\",\"width\":540,\"height\":540,\"caption\":\"Kisha Orthodhokse Autoqefale e Shqip\u00ebris\u00eb\"},\"image\":{\"@id\":\"https:\/\/orthodoxalbania.org\/2020\/#\/schema\/logo\/image\/\"},\"sameAs\":[\"https:\/\/www.facebook.com\/koash1991\"]},{\"@type\":\"Person\",\"@id\":\"https:\/\/orthodoxalbania.org\/2020\/#\/schema\/person\/0c387634a7063ac612d7ed9ce71c7e86\",\"name\":\"Kisha Orthodhokse\",\"image\":{\"@type\":\"ImageObject\",\"inLanguage\":\"en-US\",\"@id\":\"https:\/\/secure.gravatar.com\/avatar\/596e7c417251e30f2fbb9c00e026fce61a695a00e51c889caded71c96cbbdde5?s=96&d=mm&r=g\",\"url\":\"https:\/\/secure.gravatar.com\/avatar\/596e7c417251e30f2fbb9c00e026fce61a695a00e51c889caded71c96cbbdde5?s=96&d=mm&r=g\",\"contentUrl\":\"https:\/\/secure.gravatar.com\/avatar\/596e7c417251e30f2fbb9c00e026fce61a695a00e51c889caded71c96cbbdde5?s=96&d=mm&r=g\",\"caption\":\"Kisha Orthodhokse\"}}]}<\/script>\n<!-- \/ Yoast SEO plugin. -->","yoast_head_json":{"title":"Vidhet ikonostasi i kish\u00ebs Fjetja e Hyjlind\u00ebses Mari, n\u00eb Leus\u00eb, P\u00ebrmet. (N\u00ebntor 2009) - Kisha Orthodh\u03bfkse Autoqefale e Shqip\u00ebris\u00eb","robots":{"index":"index","follow":"follow","max-snippet":"max-snippet:-1","max-image-preview":"max-image-preview:large","max-video-preview":"max-video-preview:-1"},"canonical":"https:\/\/orthodoxalbania.org\/2020\/2009\/03\/13\/vidhet-ikonostasi-i-kishes-fjetja-e-hyjlindeses-mari-ne-leuse-permet\/","og_locale":"en_US","og_type":"article","og_title":"Vidhet ikonostasi i kish\u00ebs Fjetja e Hyjlind\u00ebses Mari, n\u00eb Leus\u00eb, P\u00ebrmet. (N\u00ebntor 2009) - Kisha Orthodh\u03bfkse Autoqefale e Shqip\u00ebris\u00eb","og_description":"&nbsp; &nbsp;&nbsp;&nbsp; Nat\u00ebn midis 18 dhe 19 n\u00ebntorit, \u00ebsht\u00eb vjedhur kisha monument Fjetja e Hyjlind\u00ebses Mari, n\u00eb Leus\u00eb, P\u00ebrmet, Mitropolia e Gjirokastr\u00ebs. Grabit\u00ebsit kan\u00eb shp\u00ebrthyer der\u00ebn dhe m\u00eb pas kan\u00eb zhveshur ikonostasin e saj me fam\u00eb p\u00ebr vlerat e rralla nga pjes\u00ebt e gdhendura. &nbsp; &nbsp;&nbsp;&nbsp; Pas konstatimit t\u00eb vjedhjes, n\u00eb vendngjarje kan\u00eb shkuar forcat e specializuara t\u00eb policis\u00eb, q\u00eb po kryejn\u00eb hetimet e rastit.","og_url":"https:\/\/orthodoxalbania.org\/2020\/2009\/03\/13\/vidhet-ikonostasi-i-kishes-fjetja-e-hyjlindeses-mari-ne-leuse-permet\/","og_site_name":"Kisha Orthodh\u03bfkse Autoqefale e Shqip\u00ebris\u00eb","article_publisher":"https:\/\/www.facebook.com\/koash1991","article_published_time":"2009-03-13T10:13:27+00:00","article_modified_time":"2020-04-06T20:35:11+00:00","og_image":[{"width":200,"height":172,"url":"https:\/\/orthodoxalbania.org\/2020\/wp-content\/uploads\/2021\/02\/LogoLastALb-200.png","type":"image\/png"}],"author":"Kisha Orthodhokse","twitter_card":"summary_large_image","twitter_misc":{"Written by":"Kisha Orthodhokse","Est. reading time":"1 minute"},"schema":{"@context":"https:\/\/schema.org","@graph":[{"@type":"Article","@id":"https:\/\/orthodoxalbania.org\/2020\/2009\/03\/13\/vidhet-ikonostasi-i-kishes-fjetja-e-hyjlindeses-mari-ne-leuse-permet\/#article","isPartOf":{"@id":"https:\/\/orthodoxalbania.org\/2020\/2009\/03\/13\/vidhet-ikonostasi-i-kishes-fjetja-e-hyjlindeses-mari-ne-leuse-permet\/"},"author":{"name":"Kisha Orthodhokse","@id":"https:\/\/orthodoxalbania.org\/2020\/#\/schema\/person\/0c387634a7063ac612d7ed9ce71c7e86"},"headline":"Vidhet ikonostasi i kish\u00ebs Fjetja e Hyjlind\u00ebses Mari, n\u00eb Leus\u00eb, P\u00ebrmet. (N\u00ebntor 2009)","datePublished":"2009-03-13T10:13:27+00:00","dateModified":"2020-04-06T20:35:11+00:00","mainEntityOfPage":{"@id":"https:\/\/orthodoxalbania.org\/2020\/2009\/03\/13\/vidhet-ikonostasi-i-kishes-fjetja-e-hyjlindeses-mari-ne-leuse-permet\/"},"wordCount":255,"commentCount":0,"publisher":{"@id":"https:\/\/orthodoxalbania.org\/2020\/#organization"},"keywords":["2009","Deklarata - Njoftime Zyrtare","Kryepiskopata Tiran\u00eb","lajme","Mitropolia Gjirokast\u00ebr"],"articleSection":["Lajme"],"inLanguage":"en-US"},{"@type":"WebPage","@id":"https:\/\/orthodoxalbania.org\/2020\/2009\/03\/13\/vidhet-ikonostasi-i-kishes-fjetja-e-hyjlindeses-mari-ne-leuse-permet\/","url":"https:\/\/orthodoxalbania.org\/2020\/2009\/03\/13\/vidhet-ikonostasi-i-kishes-fjetja-e-hyjlindeses-mari-ne-leuse-permet\/","name":"Vidhet ikonostasi i kish\u00ebs Fjetja e Hyjlind\u00ebses Mari, n\u00eb Leus\u00eb, P\u00ebrmet. (N\u00ebntor 2009) - Kisha Orthodh\u03bfkse Autoqefale e Shqip\u00ebris\u00eb","isPartOf":{"@id":"https:\/\/orthodoxalbania.org\/2020\/#website"},"datePublished":"2009-03-13T10:13:27+00:00","dateModified":"2020-04-06T20:35:11+00:00","breadcrumb":{"@id":"https:\/\/orthodoxalbania.org\/2020\/2009\/03\/13\/vidhet-ikonostasi-i-kishes-fjetja-e-hyjlindeses-mari-ne-leuse-permet\/#breadcrumb"},"inLanguage":"en-US","potentialAction":[{"@type":"ReadAction","target":["https:\/\/orthodoxalbania.org\/2020\/2009\/03\/13\/vidhet-ikonostasi-i-kishes-fjetja-e-hyjlindeses-mari-ne-leuse-permet\/"]}]},{"@type":"BreadcrumbList","@id":"https:\/\/orthodoxalbania.org\/2020\/2009\/03\/13\/vidhet-ikonostasi-i-kishes-fjetja-e-hyjlindeses-mari-ne-leuse-permet\/#breadcrumb","itemListElement":[{"@type":"ListItem","position":1,"name":"Home","item":"https:\/\/orthodoxalbania.org\/2020\/"},{"@type":"ListItem","position":2,"name":"Vidhet ikonostasi i kish\u00ebs Fjetja e Hyjlind\u00ebses Mari, n\u00eb Leus\u00eb, P\u00ebrmet. (N\u00ebntor 2009)"}]},{"@type":"WebSite","@id":"https:\/\/orthodoxalbania.org\/2020\/#website","url":"https:\/\/orthodoxalbania.org\/2020\/","name":"Kisha Orthodh\u03bfkse Autoqefale e Shqip\u00ebris\u00eb","description":"Fqja Zyrtare e Kish\u00ebs Orthodhokse Autoqefale e Shqip\u00ebris\u00eb me lajmet edhe informacionet zyrtare p\u00ebr struktur\u00ebn edhe veprimtarin e saj.","publisher":{"@id":"https:\/\/orthodoxalbania.org\/2020\/#organization"},"potentialAction":[{"@type":"SearchAction","target":{"@type":"EntryPoint","urlTemplate":"https:\/\/orthodoxalbania.org\/2020\/?s={search_term_string}"},"query-input":{"@type":"PropertyValueSpecification","valueRequired":true,"valueName":"search_term_string"}}],"inLanguage":"en-US"},{"@type":"Organization","@id":"https:\/\/orthodoxalbania.org\/2020\/#organization","name":"Kisha Orthodhokse Autoqefale e Shqip\u00ebris\u00eb","url":"https:\/\/orthodoxalbania.org\/2020\/","logo":{"@type":"ImageObject","inLanguage":"en-US","@id":"https:\/\/orthodoxalbania.org\/2020\/#\/schema\/logo\/image\/","url":"https:\/\/orthodoxalbania.org\/2020\/wp-content\/uploads\/2020\/05\/albania.jpeg","contentUrl":"https:\/\/orthodoxalbania.org\/2020\/wp-content\/uploads\/2020\/05\/albania.jpeg","width":540,"height":540,"caption":"Kisha Orthodhokse Autoqefale e Shqip\u00ebris\u00eb"},"image":{"@id":"https:\/\/orthodoxalbania.org\/2020\/#\/schema\/logo\/image\/"},"sameAs":["https:\/\/www.facebook.com\/koash1991"]},{"@type":"Person","@id":"https:\/\/orthodoxalbania.org\/2020\/#\/schema\/person\/0c387634a7063ac612d7ed9ce71c7e86","name":"Kisha Orthodhokse","image":{"@type":"ImageObject","inLanguage":"en-US","@id":"https:\/\/secure.gravatar.com\/avatar\/596e7c417251e30f2fbb9c00e026fce61a695a00e51c889caded71c96cbbdde5?s=96&d=mm&r=g","url":"https:\/\/secure.gravatar.com\/avatar\/596e7c417251e30f2fbb9c00e026fce61a695a00e51c889caded71c96cbbdde5?s=96&d=mm&r=g","contentUrl":"https:\/\/secure.gravatar.com\/avatar\/596e7c417251e30f2fbb9c00e026fce61a695a00e51c889caded71c96cbbdde5?s=96&d=mm&r=g","caption":"Kisha Orthodhokse"}}]}},"_links":{"self":[{"href":"https:\/\/orthodoxalbania.org\/2020\/wp-json\/wp\/v2\/posts\/1524","targetHints":{"allow":["GET"]}}],"collection":[{"href":"https:\/\/orthodoxalbania.org\/2020\/wp-json\/wp\/v2\/posts"}],"about":[{"href":"https:\/\/orthodoxalbania.org\/2020\/wp-json\/wp\/v2\/types\/post"}],"author":[{"embeddable":true,"href":"https:\/\/orthodoxalbania.org\/2020\/wp-json\/wp\/v2\/users\/1"}],"replies":[{"embeddable":true,"href":"https:\/\/orthodoxalbania.org\/2020\/wp-json\/wp\/v2\/comments?post=1524"}],"version-history":[{"count":1,"href":"https:\/\/orthodoxalbania.org\/2020\/wp-json\/wp\/v2\/posts\/1524\/revisions"}],"predecessor-version":[{"id":15614,"href":"https:\/\/orthodoxalbania.org\/2020\/wp-json\/wp\/v2\/posts\/1524\/revisions\/15614"}],"wp:attachment":[{"href":"https:\/\/orthodoxalbania.org\/2020\/wp-json\/wp\/v2\/media?parent=1524"}],"wp:term":[{"taxonomy":"category","embeddable":true,"href":"https:\/\/orthodoxalbania.org\/2020\/wp-json\/wp\/v2\/categories?post=1524"},{"taxonomy":"post_tag","embeddable":true,"href":"https:\/\/orthodoxalbania.org\/2020\/wp-json\/wp\/v2\/tags?post=1524"}],"curies":[{"name":"wp","href":"https:\/\/api.w.org\/{rel}","templated":true}]}}